{"id":2344,"date":"2025-01-17T06:23:20","date_gmt":"2025-01-17T12:23:20","guid":{"rendered":"https:\/\/stacatarina.mx\/consejos\/recuerdas-las-medallas-de-los-juegos-olimpicos-de-paris-muchos-ya-se-han-deteriorado-y-necesitaran-ser-reemplazados\/"},"modified":"2025-01-17T06:23:21","modified_gmt":"2025-01-17T12:23:21","slug":"recuerdas-las-medallas-de-los-juegos-olimpicos-de-paris-muchos-ya-se-han-deteriorado-y-necesitaran-ser-reemplazados","status":"publish","type":"post","link":"https:\/\/stacatarina.mx\/consejos\/recuerdas-las-medallas-de-los-juegos-olimpicos-de-paris-muchos-ya-se-han-deteriorado-y-necesitaran-ser-reemplazados\/","title":{"rendered":"\u00bfRecuerdas las medallas de los Juegos Ol\u00edmpicos de Par\u00eds? Muchos ya se han deteriorado (y necesitar\u00e1n ser reemplazados)"},"content":{"rendered":"<p class=\"single-abstract\">\n<p>\t\t\t\t\t\t\t\t\t\t\t\t\t\t\t\t\tDeterioradas, descoloridas y ahora imposibles de ver: qu\u00e9 mal final les pas\u00f3 a las medallas de los Juegos Ol\u00edmpicos de Par\u00eds 2024: el caso se vuelve viral\t\t\t\t\t\t\t\t\t\t\t\t\t\t\t<\/p>\n<div class=\"daily-video\" style=\"display: none;\"><\/div>\n<div class=\"wrapper-player\" style=\"display: none; margin-bottom: 15px;\">\n<div id=\"daily-player\" style=\"position: relative; max-width: 100%;\" class=\"video-content\"><\/div>\n<\/p><\/div>\n<div class=\"image-wrapper featured-image no-lazy\" id=\"featured-image\"><\/div>\n<p>Varios deportistas que subieron al podio <strong>Juegos Ol\u00edmpicos de Par\u00eds 2024<\/strong> Est\u00e1n reportando problemas con los suyos. <strong>medallas<\/strong> que est\u00e1n mostrando signos de <strong>deterioro prematuro<\/strong>. Las quejas, compartidas en las redes sociales, se refer\u00edan principalmente a la<strong> medallas de bronce<\/strong>que se han oscurecido o han mostrado signos de descamaci\u00f3n.<\/p>\n<p>La Monnaie de Paris, la instituci\u00f3n responsable de producir las medallas, ha confirmado que algunas de estas <strong>ser\u00e1n reemplazados<\/strong>aunque no precis\u00f3 el n\u00famero exacto. Seg\u00fan algunas fuentes, <strong>podr\u00edan ser m\u00e1s de 100<\/strong>. El problema parece estar relacionado con <strong>defectos en el proceso de pintura<\/strong>afectado por restricciones al uso de tri\u00f3xido de cromo, un componente t\u00f3xico pero eficaz, prohibido en la Uni\u00f3n Europea desde 2019.<\/p>\n<p>Esto llev\u00f3 a <strong>dificultad para proteger las medallas de la oxidaci\u00f3n<\/strong>. Las medallas de bronce, compuestas por una aleaci\u00f3n de cobre, zinc y esta\u00f1o, son particularmente susceptibles a la oxidaci\u00f3n, especialmente si se exponen a la humedad o al sudor, elementos t\u00edpicos de las competiciones deportivas.<\/p>\n<aside style=\"margin: 8px auto; text-align: center; display: block; clear: both;\">\n<div id=\"gpt-passback\">\n<\/div>\n<\/aside>\n<h2>El hex\u00e1gono central de hierro de la Torre Eiffel<\/h2>\n<p>Atletas de diferentes disciplinas han expresado su frustraci\u00f3n por el deterioro de las medallas. Entre ellos se encontraban el skater estadounidense Nyjah Huston y la saltadora brit\u00e1nica Yasmin Harper, quienes notaron una evidente <strong>cambio de color y superficie<\/strong> de sus medallas al cabo de unos d\u00edas. Algunos atletas italianos, como la nadadora Ginevra Taddeucci y la esgrimista Gigi Samele, tambi\u00e9n han encontrado problemas similares.<\/p>\n<p>La Monnaie de Paris garantiz\u00f3 que todas las solicitudes de sustituci\u00f3n <strong>ser\u00e1n aceptados para los primeros meses de 2025<\/strong>. Mientras tanto, ha estado trabajando para mejorar el proceso de pintura para evitar problemas similares en el futuro. La f\u00e1brica ya hab\u00eda enfrentado dificultades durante la producci\u00f3n de las medallas, y los trabajadores convocaron a huelgas. <strong>mejores condiciones salariales<\/strong>debido a la complejidad t\u00e9cnica que requiere realizar medallas de tal calidad.<\/p>\n<p>Las medallas ol\u00edmpicas de Par\u00eds, dise\u00f1adas por el fabricante de joyas parisino Chaumet, presentan un dise\u00f1o \u00fanico con un <strong>hex\u00e1gono central de hierro de la Torre Eiffel<\/strong> y rayos que se extienden hacia afuera. A pesar de los problemas encontrados, la Casa de la Moneda francesa sigue confiando en que las nuevas medallas satisfar\u00e1n a los atletas.<\/p><\/p>\n","protected":false},"excerpt":{"rendered":"<p>Deterioradas, descoloridas y ahora imposibles de ver: qu\u00e9 mal final les pas\u00f3 a las medallas de los Juegos Ol\u00edmpicos de Par\u00eds 2024: el caso se<\/p>\n","protected":false},"author":1,"featured_media":2345,"comment_status":"closed","ping_status":"","sticky":false,"template":"","format":"standard","meta":{"footnotes":""},"categories":[762],"tags":[3266,288,3264,34,62,3263,613,3267,3265,2115,3262,3268,562],"class_list":["post-2344","post","type-post","status-publish","format-standard","has-post-thumbnail","hentry","category-salud","tag-deteriorado","tag-han","tag-juegos","tag-las","tag-los","tag-medallas","tag-muchos","tag-necesitaran","tag-olimpicos","tag-paris","tag-recuerdas","tag-reemplazados","tag-ser","generate-columns","tablet-grid-50","mobile-grid-100","grid-parent","grid-50"],"yoast_head":"<!-- This site is optimized with the Yoast SEO plugin v23.4 - https:\/\/yoast.com\/wordpress\/plugins\/seo\/ -->\n<title>\u00bfRecuerdas las medallas de los Juegos Ol\u00edmpicos de Par\u00eds? Muchos ya se han deteriorado (y necesitar\u00e1n ser reemplazados) - Consejos - Santa Catarina<\/title>\n<meta name=\"robots\" content=\"index, follow, max-snippet:-1, max-image-preview:large, max-video-preview:-1\" \/>\n<link rel=\"canonical\" href=\"https:\/\/stacatarina.mx\/consejos\/recuerdas-las-medallas-de-los-juegos-olimpicos-de-paris-muchos-ya-se-han-deteriorado-y-necesitaran-ser-reemplazados\/\" \/>\n<meta property=\"og:locale\" content=\"es_MX\" \/>\n<meta property=\"og:type\" content=\"article\" \/>\n<meta property=\"og:title\" content=\"\u00bfRecuerdas las medallas de los Juegos Ol\u00edmpicos de Par\u00eds? Muchos ya se han deteriorado (y necesitar\u00e1n ser reemplazados) - Consejos - Santa Catarina\" \/>\n<meta property=\"og:description\" content=\"Deterioradas, descoloridas y ahora imposibles de ver: qu\u00e9 mal final les pas\u00f3 a las medallas de los Juegos Ol\u00edmpicos de Par\u00eds 2024: el caso se\" \/>\n<meta property=\"og:url\" content=\"https:\/\/stacatarina.mx\/consejos\/recuerdas-las-medallas-de-los-juegos-olimpicos-de-paris-muchos-ya-se-han-deteriorado-y-necesitaran-ser-reemplazados\/\" \/>\n<meta property=\"og:site_name\" content=\"Santa Catarina\" \/>\n<meta property=\"article:publisher\" content=\"https:\/\/www.facebook.com\/stacatarinagob\/\" \/>\n<meta property=\"article:published_time\" content=\"2025-01-17T12:23:20+00:00\" \/>\n<meta property=\"article:modified_time\" content=\"2025-01-17T12:23:21+00:00\" \/>\n<meta property=\"og:image\" content=\"https:\/\/stacatarina.mx\/consejos\/wp-content\/uploads\/2025\/01\/\u00bfRecuerdas-las-medallas-de-los-Juegos-Olimpicos-de-Paris-Muchos.jpg\" \/>\n\t<meta property=\"og:image:width\" content=\"1500\" \/>\n\t<meta property=\"og:image:height\" content=\"1000\" \/>\n\t<meta property=\"og:image:type\" content=\"image\/jpeg\" \/>\n<meta name=\"author\" content=\"Pedro Mart\u00ednez\" \/>\n<meta name=\"twitter:card\" content=\"summary_large_image\" \/>\n<meta name=\"twitter:creator\" content=\"@stacatarinagob\" \/>\n<meta name=\"twitter:site\" content=\"@stacatarinagob\" \/>\n<meta name=\"twitter:label1\" content=\"Escrito por\" \/>\n\t<meta name=\"twitter:data1\" content=\"Pedro Mart\u00ednez\" \/>\n\t<meta name=\"twitter:label2\" content=\"Tiempo de lectura\" \/>\n\t<meta name=\"twitter:data2\" content=\"2 minutos\" \/>\n<script type=\"application\/ld+json\" class=\"yoast-schema-graph\">{\"@context\":\"https:\/\/schema.org\",\"@graph\":[{\"@type\":\"Article\",\"@id\":\"https:\/\/stacatarina.mx\/consejos\/recuerdas-las-medallas-de-los-juegos-olimpicos-de-paris-muchos-ya-se-han-deteriorado-y-necesitaran-ser-reemplazados\/#article\",\"isPartOf\":{\"@id\":\"https:\/\/stacatarina.mx\/consejos\/recuerdas-las-medallas-de-los-juegos-olimpicos-de-paris-muchos-ya-se-han-deteriorado-y-necesitaran-ser-reemplazados\/\"},\"author\":{\"name\":\"Pedro Mart\u00ednez\",\"@id\":\"https:\/\/stacatarina.mx\/consejos\/#\/schema\/person\/0be60adffa8e4c4d0828fdf021450e8a\"},\"headline\":\"\u00bfRecuerdas las medallas de los Juegos Ol\u00edmpicos de Par\u00eds? Muchos ya se han deteriorado (y necesitar\u00e1n ser reemplazados)\",\"datePublished\":\"2025-01-17T12:23:20+00:00\",\"dateModified\":\"2025-01-17T12:23:21+00:00\",\"mainEntityOfPage\":{\"@id\":\"https:\/\/stacatarina.mx\/consejos\/recuerdas-las-medallas-de-los-juegos-olimpicos-de-paris-muchos-ya-se-han-deteriorado-y-necesitaran-ser-reemplazados\/\"},\"wordCount\":440,\"publisher\":{\"@id\":\"https:\/\/stacatarina.mx\/consejos\/#organization\"},\"image\":{\"@id\":\"https:\/\/stacatarina.mx\/consejos\/recuerdas-las-medallas-de-los-juegos-olimpicos-de-paris-muchos-ya-se-han-deteriorado-y-necesitaran-ser-reemplazados\/#primaryimage\"},\"thumbnailUrl\":\"https:\/\/stacatarina.mx\/consejos\/wp-content\/uploads\/2025\/01\/\u00bfRecuerdas-las-medallas-de-los-Juegos-Olimpicos-de-Paris-Muchos.jpg\",\"keywords\":[\"deteriorado\",\"han\",\"Juegos\",\"Las\",\"los\",\"medallas\",\"muchos\",\"necesitar\u00e1n\",\"Ol\u00edmpicos\",\"Par\u00eds\",\"Recuerdas\",\"reemplazados\",\"ser\"],\"articleSection\":[\"Salud\"],\"inLanguage\":\"es\"},{\"@type\":\"WebPage\",\"@id\":\"https:\/\/stacatarina.mx\/consejos\/recuerdas-las-medallas-de-los-juegos-olimpicos-de-paris-muchos-ya-se-han-deteriorado-y-necesitaran-ser-reemplazados\/\",\"url\":\"https:\/\/stacatarina.mx\/consejos\/recuerdas-las-medallas-de-los-juegos-olimpicos-de-paris-muchos-ya-se-han-deteriorado-y-necesitaran-ser-reemplazados\/\",\"name\":\"\u00bfRecuerdas las medallas de los Juegos Ol\u00edmpicos de Par\u00eds? Muchos ya se han deteriorado (y necesitar\u00e1n ser reemplazados) - Consejos - Santa Catarina\",\"isPartOf\":{\"@id\":\"https:\/\/stacatarina.mx\/consejos\/#website\"},\"primaryImageOfPage\":{\"@id\":\"https:\/\/stacatarina.mx\/consejos\/recuerdas-las-medallas-de-los-juegos-olimpicos-de-paris-muchos-ya-se-han-deteriorado-y-necesitaran-ser-reemplazados\/#primaryimage\"},\"image\":{\"@id\":\"https:\/\/stacatarina.mx\/consejos\/recuerdas-las-medallas-de-los-juegos-olimpicos-de-paris-muchos-ya-se-han-deteriorado-y-necesitaran-ser-reemplazados\/#primaryimage\"},\"thumbnailUrl\":\"https:\/\/stacatarina.mx\/consejos\/wp-content\/uploads\/2025\/01\/\u00bfRecuerdas-las-medallas-de-los-Juegos-Olimpicos-de-Paris-Muchos.jpg\",\"datePublished\":\"2025-01-17T12:23:20+00:00\",\"dateModified\":\"2025-01-17T12:23:21+00:00\",\"breadcrumb\":{\"@id\":\"https:\/\/stacatarina.mx\/consejos\/recuerdas-las-medallas-de-los-juegos-olimpicos-de-paris-muchos-ya-se-han-deteriorado-y-necesitaran-ser-reemplazados\/#breadcrumb\"},\"inLanguage\":\"es\",\"potentialAction\":[{\"@type\":\"ReadAction\",\"target\":[\"https:\/\/stacatarina.mx\/consejos\/recuerdas-las-medallas-de-los-juegos-olimpicos-de-paris-muchos-ya-se-han-deteriorado-y-necesitaran-ser-reemplazados\/\"]}]},{\"@type\":\"ImageObject\",\"inLanguage\":\"es\",\"@id\":\"https:\/\/stacatarina.mx\/consejos\/recuerdas-las-medallas-de-los-juegos-olimpicos-de-paris-muchos-ya-se-han-deteriorado-y-necesitaran-ser-reemplazados\/#primaryimage\",\"url\":\"https:\/\/stacatarina.mx\/consejos\/wp-content\/uploads\/2025\/01\/\u00bfRecuerdas-las-medallas-de-los-Juegos-Olimpicos-de-Paris-Muchos.jpg\",\"contentUrl\":\"https:\/\/stacatarina.mx\/consejos\/wp-content\/uploads\/2025\/01\/\u00bfRecuerdas-las-medallas-de-los-Juegos-Olimpicos-de-Paris-Muchos.jpg\",\"width\":1500,\"height\":1000,\"caption\":\"Medaglie olimpiche\"},{\"@type\":\"BreadcrumbList\",\"@id\":\"https:\/\/stacatarina.mx\/consejos\/recuerdas-las-medallas-de-los-juegos-olimpicos-de-paris-muchos-ya-se-han-deteriorado-y-necesitaran-ser-reemplazados\/#breadcrumb\",\"itemListElement\":[{\"@type\":\"ListItem\",\"position\":1,\"name\":\"Inicio\",\"item\":\"https:\/\/stacatarina.mx\/consejos\/\"},{\"@type\":\"ListItem\",\"position\":2,\"name\":\"\u00bfRecuerdas las medallas de los Juegos Ol\u00edmpicos de Par\u00eds? Muchos ya se han deteriorado (y necesitar\u00e1n ser reemplazados)\"}]},{\"@type\":\"WebSite\",\"@id\":\"https:\/\/stacatarina.mx\/consejos\/#website\",\"url\":\"https:\/\/stacatarina.mx\/consejos\/\",\"name\":\"Santa Catarina\",\"description\":\"\",\"publisher\":{\"@id\":\"https:\/\/stacatarina.mx\/consejos\/#organization\"},\"potentialAction\":[{\"@type\":\"SearchAction\",\"target\":{\"@type\":\"EntryPoint\",\"urlTemplate\":\"https:\/\/stacatarina.mx\/consejos\/?s={search_term_string}\"},\"query-input\":{\"@type\":\"PropertyValueSpecification\",\"valueRequired\":true,\"valueName\":\"search_term_string\"}}],\"inLanguage\":\"es\"},{\"@type\":\"Organization\",\"@id\":\"https:\/\/stacatarina.mx\/consejos\/#organization\",\"name\":\"Santa Catarina\",\"url\":\"https:\/\/stacatarina.mx\/consejos\/\",\"logo\":{\"@type\":\"ImageObject\",\"inLanguage\":\"es\",\"@id\":\"https:\/\/stacatarina.mx\/consejos\/#\/schema\/logo\/image\/\",\"url\":\"https:\/\/stacatarina.mx\/consejos\/wp-content\/uploads\/2024\/09\/cropped-favicon-1-1.png\",\"contentUrl\":\"https:\/\/stacatarina.mx\/consejos\/wp-content\/uploads\/2024\/09\/cropped-favicon-1-1.png\",\"width\":512,\"height\":512,\"caption\":\"Santa Catarina\"},\"image\":{\"@id\":\"https:\/\/stacatarina.mx\/consejos\/#\/schema\/logo\/image\/\"},\"sameAs\":[\"https:\/\/www.facebook.com\/stacatarinagob\/\",\"https:\/\/x.com\/stacatarinagob\",\"https:\/\/www.instagram.com\/stacatarinagob\/\",\"https:\/\/www.youtube.com\/channel\/UCK-6cQJL_904665N1_nLTWw\"]},{\"@type\":\"Person\",\"@id\":\"https:\/\/stacatarina.mx\/consejos\/#\/schema\/person\/0be60adffa8e4c4d0828fdf021450e8a\",\"name\":\"Pedro Mart\u00ednez\",\"image\":{\"@type\":\"ImageObject\",\"inLanguage\":\"es\",\"@id\":\"https:\/\/stacatarina.mx\/consejos\/#\/schema\/person\/image\/\",\"url\":\"https:\/\/stacatarina.mx\/consejos\/wp-content\/uploads\/2024\/09\/stacatarina.jpg\",\"contentUrl\":\"https:\/\/stacatarina.mx\/consejos\/wp-content\/uploads\/2024\/09\/stacatarina.jpg\",\"caption\":\"Pedro Mart\u00ednez\"},\"description\":\"Hola, soy Pedro Mart\u00ednez, redactor jefe del sitio oficial del ayuntamiento de Santa Catarina, en M\u00e9xico. Con m\u00e1s de diez a\u00f1os de experiencia en el periodismo local, tengo una pasi\u00f3n por la investigaci\u00f3n y la difusi\u00f3n de informaci\u00f3n que valoriza nuestra hermosa comunidad. Mi compromiso es hacer de Santa Catarina una referencia en materia de transparencia y comunicaci\u00f3n municipal.\",\"sameAs\":[\"https:\/\/stacatarina.mx\/\"]}]}<\/script>\n<!-- \/ Yoast SEO plugin. -->","yoast_head_json":{"title":"\u00bfRecuerdas las medallas de los Juegos Ol\u00edmpicos de Par\u00eds? Muchos ya se han deteriorado (y necesitar\u00e1n ser reemplazados) - Consejos - Santa Catarina","robots":{"index":"index","follow":"follow","max-snippet":"max-snippet:-1","max-image-preview":"max-image-preview:large","max-video-preview":"max-video-preview:-1"},"canonical":"https:\/\/stacatarina.mx\/consejos\/recuerdas-las-medallas-de-los-juegos-olimpicos-de-paris-muchos-ya-se-han-deteriorado-y-necesitaran-ser-reemplazados\/","og_locale":"es_MX","og_type":"article","og_title":"\u00bfRecuerdas las medallas de los Juegos Ol\u00edmpicos de Par\u00eds? Muchos ya se han deteriorado (y necesitar\u00e1n ser reemplazados) - Consejos - Santa Catarina","og_description":"Deterioradas, descoloridas y ahora imposibles de ver: qu\u00e9 mal final les pas\u00f3 a las medallas de los Juegos Ol\u00edmpicos de Par\u00eds 2024: el caso se","og_url":"https:\/\/stacatarina.mx\/consejos\/recuerdas-las-medallas-de-los-juegos-olimpicos-de-paris-muchos-ya-se-han-deteriorado-y-necesitaran-ser-reemplazados\/","og_site_name":"Santa Catarina","article_publisher":"https:\/\/www.facebook.com\/stacatarinagob\/","article_published_time":"2025-01-17T12:23:20+00:00","article_modified_time":"2025-01-17T12:23:21+00:00","og_image":[{"width":1500,"height":1000,"url":"https:\/\/stacatarina.mx\/consejos\/wp-content\/uploads\/2025\/01\/\u00bfRecuerdas-las-medallas-de-los-Juegos-Olimpicos-de-Paris-Muchos.jpg","type":"image\/jpeg"}],"author":"Pedro Mart\u00ednez","twitter_card":"summary_large_image","twitter_creator":"@stacatarinagob","twitter_site":"@stacatarinagob","twitter_misc":{"Escrito por":"Pedro Mart\u00ednez","Tiempo de lectura":"2 minutos"},"schema":{"@context":"https:\/\/schema.org","@graph":[{"@type":"Article","@id":"https:\/\/stacatarina.mx\/consejos\/recuerdas-las-medallas-de-los-juegos-olimpicos-de-paris-muchos-ya-se-han-deteriorado-y-necesitaran-ser-reemplazados\/#article","isPartOf":{"@id":"https:\/\/stacatarina.mx\/consejos\/recuerdas-las-medallas-de-los-juegos-olimpicos-de-paris-muchos-ya-se-han-deteriorado-y-necesitaran-ser-reemplazados\/"},"author":{"name":"Pedro Mart\u00ednez","@id":"https:\/\/stacatarina.mx\/consejos\/#\/schema\/person\/0be60adffa8e4c4d0828fdf021450e8a"},"headline":"\u00bfRecuerdas las medallas de los Juegos Ol\u00edmpicos de Par\u00eds? Muchos ya se han deteriorado (y necesitar\u00e1n ser reemplazados)","datePublished":"2025-01-17T12:23:20+00:00","dateModified":"2025-01-17T12:23:21+00:00","mainEntityOfPage":{"@id":"https:\/\/stacatarina.mx\/consejos\/recuerdas-las-medallas-de-los-juegos-olimpicos-de-paris-muchos-ya-se-han-deteriorado-y-necesitaran-ser-reemplazados\/"},"wordCount":440,"publisher":{"@id":"https:\/\/stacatarina.mx\/consejos\/#organization"},"image":{"@id":"https:\/\/stacatarina.mx\/consejos\/recuerdas-las-medallas-de-los-juegos-olimpicos-de-paris-muchos-ya-se-han-deteriorado-y-necesitaran-ser-reemplazados\/#primaryimage"},"thumbnailUrl":"https:\/\/stacatarina.mx\/consejos\/wp-content\/uploads\/2025\/01\/\u00bfRecuerdas-las-medallas-de-los-Juegos-Olimpicos-de-Paris-Muchos.jpg","keywords":["deteriorado","han","Juegos","Las","los","medallas","muchos","necesitar\u00e1n","Ol\u00edmpicos","Par\u00eds","Recuerdas","reemplazados","ser"],"articleSection":["Salud"],"inLanguage":"es"},{"@type":"WebPage","@id":"https:\/\/stacatarina.mx\/consejos\/recuerdas-las-medallas-de-los-juegos-olimpicos-de-paris-muchos-ya-se-han-deteriorado-y-necesitaran-ser-reemplazados\/","url":"https:\/\/stacatarina.mx\/consejos\/recuerdas-las-medallas-de-los-juegos-olimpicos-de-paris-muchos-ya-se-han-deteriorado-y-necesitaran-ser-reemplazados\/","name":"\u00bfRecuerdas las medallas de los Juegos Ol\u00edmpicos de Par\u00eds? Muchos ya se han deteriorado (y necesitar\u00e1n ser reemplazados) - Consejos - Santa Catarina","isPartOf":{"@id":"https:\/\/stacatarina.mx\/consejos\/#website"},"primaryImageOfPage":{"@id":"https:\/\/stacatarina.mx\/consejos\/recuerdas-las-medallas-de-los-juegos-olimpicos-de-paris-muchos-ya-se-han-deteriorado-y-necesitaran-ser-reemplazados\/#primaryimage"},"image":{"@id":"https:\/\/stacatarina.mx\/consejos\/recuerdas-las-medallas-de-los-juegos-olimpicos-de-paris-muchos-ya-se-han-deteriorado-y-necesitaran-ser-reemplazados\/#primaryimage"},"thumbnailUrl":"https:\/\/stacatarina.mx\/consejos\/wp-content\/uploads\/2025\/01\/\u00bfRecuerdas-las-medallas-de-los-Juegos-Olimpicos-de-Paris-Muchos.jpg","datePublished":"2025-01-17T12:23:20+00:00","dateModified":"2025-01-17T12:23:21+00:00","breadcrumb":{"@id":"https:\/\/stacatarina.mx\/consejos\/recuerdas-las-medallas-de-los-juegos-olimpicos-de-paris-muchos-ya-se-han-deteriorado-y-necesitaran-ser-reemplazados\/#breadcrumb"},"inLanguage":"es","potentialAction":[{"@type":"ReadAction","target":["https:\/\/stacatarina.mx\/consejos\/recuerdas-las-medallas-de-los-juegos-olimpicos-de-paris-muchos-ya-se-han-deteriorado-y-necesitaran-ser-reemplazados\/"]}]},{"@type":"ImageObject","inLanguage":"es","@id":"https:\/\/stacatarina.mx\/consejos\/recuerdas-las-medallas-de-los-juegos-olimpicos-de-paris-muchos-ya-se-han-deteriorado-y-necesitaran-ser-reemplazados\/#primaryimage","url":"https:\/\/stacatarina.mx\/consejos\/wp-content\/uploads\/2025\/01\/\u00bfRecuerdas-las-medallas-de-los-Juegos-Olimpicos-de-Paris-Muchos.jpg","contentUrl":"https:\/\/stacatarina.mx\/consejos\/wp-content\/uploads\/2025\/01\/\u00bfRecuerdas-las-medallas-de-los-Juegos-Olimpicos-de-Paris-Muchos.jpg","width":1500,"height":1000,"caption":"Medaglie olimpiche"},{"@type":"BreadcrumbList","@id":"https:\/\/stacatarina.mx\/consejos\/recuerdas-las-medallas-de-los-juegos-olimpicos-de-paris-muchos-ya-se-han-deteriorado-y-necesitaran-ser-reemplazados\/#breadcrumb","itemListElement":[{"@type":"ListItem","position":1,"name":"Inicio","item":"https:\/\/stacatarina.mx\/consejos\/"},{"@type":"ListItem","position":2,"name":"\u00bfRecuerdas las medallas de los Juegos Ol\u00edmpicos de Par\u00eds? Muchos ya se han deteriorado (y necesitar\u00e1n ser reemplazados)"}]},{"@type":"WebSite","@id":"https:\/\/stacatarina.mx\/consejos\/#website","url":"https:\/\/stacatarina.mx\/consejos\/","name":"Santa Catarina","description":"","publisher":{"@id":"https:\/\/stacatarina.mx\/consejos\/#organization"},"potentialAction":[{"@type":"SearchAction","target":{"@type":"EntryPoint","urlTemplate":"https:\/\/stacatarina.mx\/consejos\/?s={search_term_string}"},"query-input":{"@type":"PropertyValueSpecification","valueRequired":true,"valueName":"search_term_string"}}],"inLanguage":"es"},{"@type":"Organization","@id":"https:\/\/stacatarina.mx\/consejos\/#organization","name":"Santa Catarina","url":"https:\/\/stacatarina.mx\/consejos\/","logo":{"@type":"ImageObject","inLanguage":"es","@id":"https:\/\/stacatarina.mx\/consejos\/#\/schema\/logo\/image\/","url":"https:\/\/stacatarina.mx\/consejos\/wp-content\/uploads\/2024\/09\/cropped-favicon-1-1.png","contentUrl":"https:\/\/stacatarina.mx\/consejos\/wp-content\/uploads\/2024\/09\/cropped-favicon-1-1.png","width":512,"height":512,"caption":"Santa Catarina"},"image":{"@id":"https:\/\/stacatarina.mx\/consejos\/#\/schema\/logo\/image\/"},"sameAs":["https:\/\/www.facebook.com\/stacatarinagob\/","https:\/\/x.com\/stacatarinagob","https:\/\/www.instagram.com\/stacatarinagob\/","https:\/\/www.youtube.com\/channel\/UCK-6cQJL_904665N1_nLTWw"]},{"@type":"Person","@id":"https:\/\/stacatarina.mx\/consejos\/#\/schema\/person\/0be60adffa8e4c4d0828fdf021450e8a","name":"Pedro Mart\u00ednez","image":{"@type":"ImageObject","inLanguage":"es","@id":"https:\/\/stacatarina.mx\/consejos\/#\/schema\/person\/image\/","url":"https:\/\/stacatarina.mx\/consejos\/wp-content\/uploads\/2024\/09\/stacatarina.jpg","contentUrl":"https:\/\/stacatarina.mx\/consejos\/wp-content\/uploads\/2024\/09\/stacatarina.jpg","caption":"Pedro Mart\u00ednez"},"description":"Hola, soy Pedro Mart\u00ednez, redactor jefe del sitio oficial del ayuntamiento de Santa Catarina, en M\u00e9xico. Con m\u00e1s de diez a\u00f1os de experiencia en el periodismo local, tengo una pasi\u00f3n por la investigaci\u00f3n y la difusi\u00f3n de informaci\u00f3n que valoriza nuestra hermosa comunidad. Mi compromiso es hacer de Santa Catarina una referencia en materia de transparencia y comunicaci\u00f3n municipal.","sameAs":["https:\/\/stacatarina.mx\/"]}]}},"_links":{"self":[{"href":"https:\/\/stacatarina.mx\/consejos\/wp-json\/wp\/v2\/posts\/2344"}],"collection":[{"href":"https:\/\/stacatarina.mx\/consejos\/wp-json\/wp\/v2\/posts"}],"about":[{"href":"https:\/\/stacatarina.mx\/consejos\/wp-json\/wp\/v2\/types\/post"}],"author":[{"embeddable":true,"href":"https:\/\/stacatarina.mx\/consejos\/wp-json\/wp\/v2\/users\/1"}],"replies":[{"embeddable":true,"href":"https:\/\/stacatarina.mx\/consejos\/wp-json\/wp\/v2\/comments?post=2344"}],"version-history":[{"count":1,"href":"https:\/\/stacatarina.mx\/consejos\/wp-json\/wp\/v2\/posts\/2344\/revisions"}],"predecessor-version":[{"id":2346,"href":"https:\/\/stacatarina.mx\/consejos\/wp-json\/wp\/v2\/posts\/2344\/revisions\/2346"}],"wp:featuredmedia":[{"embeddable":true,"href":"https:\/\/stacatarina.mx\/consejos\/wp-json\/wp\/v2\/media\/2345"}],"wp:attachment":[{"href":"https:\/\/stacatarina.mx\/consejos\/wp-json\/wp\/v2\/media?parent=2344"}],"wp:term":[{"taxonomy":"category","embeddable":true,"href":"https:\/\/stacatarina.mx\/consejos\/wp-json\/wp\/v2\/categories?post=2344"},{"taxonomy":"post_tag","embeddable":true,"href":"https:\/\/stacatarina.mx\/consejos\/wp-json\/wp\/v2\/tags?post=2344"}],"curies":[{"name":"wp","href":"https:\/\/api.w.org\/{rel}","templated":true}]}}