{"id":2419,"date":"2025-01-22T10:23:56","date_gmt":"2025-01-22T16:23:56","guid":{"rendered":"https:\/\/stacatarina.mx\/consejos\/senales-de-que-su-caldera-es-peligrosamente-insegura\/"},"modified":"2025-01-22T10:23:57","modified_gmt":"2025-01-22T16:23:57","slug":"senales-de-que-su-caldera-es-peligrosamente-insegura","status":"publish","type":"post","link":"https:\/\/stacatarina.mx\/consejos\/senales-de-que-su-caldera-es-peligrosamente-insegura\/","title":{"rendered":"Se\u00f1ales de que su caldera es peligrosamente insegura"},"content":{"rendered":"<div><!--(--><\/p>\n<h2 class=\"wp-block-heading\">Se\u00f1ales de que su caldera es peligrosamente insegura<\/h2>\n<p><!----><!----><\/p>\n<div class=\"wordpress-image\">\n<figure class=\"wp-block-image size-full no-shadow\"><\/figure>\n<\/div>\n<p><!----><\/p>\n<div class=\"wordpress-paragraph\" style=\"--25ab227a:left;\" data-v-c0f9f52b=\"\">\n<p>El invierno es la estaci\u00f3n en la que nuestras calderas se ponen a prueba al m\u00e1ximo. Dependemos de ellos para mantenernos calientes durante las condiciones clim\u00e1ticas en las que las temperaturas caen regularmente por debajo de cero. Pero por mucho que nuestro sistema de caldera sea una parte importante del hogar, conlleva algunos peligros graves.<\/p>\n<\/div>\n<p><!----><\/p>\n<div class=\"wordpress-paragraph\" style=\"--25ab227a:left;\" data-v-c0f9f52b=\"\">\n<p>Se sabe que las calderas defectuosas provocan incendios y explosiones, adem\u00e1s de liberar mon\u00f3xido de carbono mortal en los hogares. Aunque esto no es com\u00fan, siempre es mejor prevenir que lamentar. Hay indicadores a los que puedes prestar atenci\u00f3n.<\/p>\n<\/div>\n<p><!----><\/p>\n<div class=\"wordpress-paragraph\" style=\"--25ab227a:left;\" data-v-c0f9f52b=\"\">\n<p>Por eso, nuestro experto en calderas, Joshua Houston, est\u00e1 aqu\u00ed para brindarle algunos consejos importantes. Ha identificado cinco se\u00f1ales de que su caldera es peligrosamente insegura. <\/p>\n<\/div>\n<p><!----><!----><\/p>\n<div class=\"wordpress-paragraph\" style=\"--25ab227a:left;\" data-v-c0f9f52b=\"\">\n<p>Las fugas en las calderas son relativamente comunes y pueden ser causadas por gas o agua. El gas se detecta por su fuerte olor y supone un gran riesgo porque una chispa puede provocar una explosi\u00f3n mortal. <\/p>\n<\/div>\n<p><!----><\/p>\n<div class=\"wordpress-paragraph\" style=\"--25ab227a:left;\" data-v-c0f9f52b=\"\">\n<p>El agua es otro problema sencillo de detectar. Las inspecciones peri\u00f3dicas de su caldera le permitir\u00e1n saber si tiene fugas de agua. Si hay aparatos el\u00e9ctricos cerca, puede haber peligro de incendio. Si detecta alguno de estos, debe llamar inmediatamente a un ingeniero registrado en seguridad de gas para que venga y eche un vistazo. No deber\u00edas intentar arreglarlo t\u00fa mismo.<\/p>\n<\/div>\n<p><!----><\/p>\n<div class=\"wordpress-paragraph\" style=\"--25ab227a:left;\" data-v-c0f9f52b=\"\">\n<p><strong>2: Detecci\u00f3n de mon\u00f3xido de carbono<\/strong><\/p>\n<\/div>\n<p><!----><\/p>\n<div class=\"wordpress-paragraph\" style=\"--25ab227a:left;\" data-v-c0f9f52b=\"\">\n<p>La intoxicaci\u00f3n por mon\u00f3xido de carbono es uno de los mayores peligros cuando se trata de una caldera defectuosa. Se le conoce como el asesino silencioso porque no se puede ver y es inodoro. La \u00fanica forma de identificar el mon\u00f3xido de carbono es mediante detectores. Por ley, estos detectores son obligatorios en todas las habitaciones con aparatos que queman combustible. Por lo tanto, la alerta de una de estas alarmas es una se\u00f1al para que evacue r\u00e1pidamente su casa, antes de llamar al n\u00famero de emergencia de gas (0800 111 999) para obtener m\u00e1s ayuda.<\/p>\n<\/div>\n<p><!----><!----><\/p>\n<div class=\"wordpress-paragraph\" style=\"--25ab227a:left;\" data-v-c0f9f52b=\"\">\n<p>Una se\u00f1al obvia de que su caldera no es segura son los sonidos extra\u00f1os que salen de ella. Los ruidos inusuales pueden incluir hervidores, silbidos, zumbidos y traqueteos. Estos son causados \u200b\u200bpor m\u00faltiples factores diferentes, como acumulaci\u00f3n de cal, una obstrucci\u00f3n en el filtro de aire, aire atrapado y componentes sueltos. Un filtro de aire bloqueado es especialmente peligroso, ya que puede provocar un sobrecalentamiento de la caldera y un incendio. Esto se puede evitar haciendo un mantenimiento peri\u00f3dico de la caldera. El ingeniero debe limpiarlo y verificar si hay componentes sueltos.<\/p>\n<\/div>\n<p><!----><!----><\/p>\n<div class=\"wordpress-paragraph\" style=\"--25ab227a:left;\" data-v-c0f9f52b=\"\">\n<p>Una luz de advertencia indica si hay un problema con su caldera o no. Si parpadea, puede deberse a varios motivos. Estos van desde un termostato defectuoso hasta un conducto de humos obstruido. Esto \u00faltimo es particularmente peligroso ya que la funci\u00f3n del sistema de combusti\u00f3n es sacar el gas CO de su casa de manera segura. Si est\u00e1 obstruido, podr\u00eda correr el riesgo de que se libere mon\u00f3xido de carbono en su propiedad.<\/p>\n<\/div>\n<p><!----><\/p>\n<div class=\"wordpress-paragraph\" style=\"--25ab227a:left;\" data-v-c0f9f52b=\"\">\n<p><strong>5: Agua tibia o parches fr\u00edos en el radiador<\/strong><\/p>\n<\/div>\n<p><!----><\/p>\n<div class=\"wordpress-paragraph\" style=\"--25ab227a:left;\" data-v-c0f9f52b=\"\">\n<p>Si nota que su radiador tiene zonas fr\u00edas o que el agua caliente est\u00e1 tibia, entonces esto es una se\u00f1al de baja presi\u00f3n de la caldera. Esto se debe a un da\u00f1o interno de la caldera o a una fuga. La raz\u00f3n por la que esto podr\u00eda ser peligroso es que puede provocar que la caldera se sobrecaliente, lo que supone un gran riesgo de incendio. Por lo tanto, aseg\u00farese de que un ingeniero capacitado realice un mantenimiento regular de su caldera.<\/p>\n<\/div>\n<p><!----><\/p>\n<div class=\"wordpress-paragraph\" style=\"--25ab227a:left;\" data-v-c0f9f52b=\"\">\n<p><strong>Joshua Houston, experto en calderas de GreenMatch:<\/strong><\/p>\n<\/div>\n<p><!----><\/p>\n<div class=\"wordpress-paragraph\" style=\"--25ab227a:left;\" data-v-c0f9f52b=\"\">\n<p>&#8221;Todos queremos estar seguros en nuestra propia casa. Pero a veces esta seguridad puede verse comprometida debido a equipos defectuosos, particularmente el sistema de caldera. <\/p>\n<\/div>\n<p><!----><\/p>\n<div class=\"wordpress-paragraph\" style=\"--25ab227a:left;\" data-v-c0f9f52b=\"\">\n<p>Aseg\u00farate de tomar nota de las se\u00f1ales que he revelado. Ignorar cualquier problema puede hacer que empeore y la situaci\u00f3n sea m\u00e1s peligrosa. Si no est\u00e1 seguro de la seguridad de su caldera, llame a un profesional para que lo revise. El billete de \u00a380 &#8211; \u00a3120 merece la tranquilidad y la evitaci\u00f3n de posibles riesgos para la salud\u201d.<\/p>\n<\/div>\n<p><!--)--><\/div>\n","protected":false},"excerpt":{"rendered":"<p>Se\u00f1ales de que su caldera es peligrosamente insegura El invierno es la estaci\u00f3n en la que nuestras calderas se ponen a prueba al m\u00e1ximo. Dependemos<\/p>\n","protected":false},"author":1,"featured_media":2420,"comment_status":"closed","ping_status":"","sticky":false,"template":"","format":"standard","meta":{"footnotes":""},"categories":[4],"tags":[28,3355,3354,149],"class_list":["post-2419","post","type-post","status-publish","format-standard","has-post-thumbnail","hentry","category-ambiente","tag-caldera","tag-insegura","tag-peligrosamente","tag-senales","generate-columns","tablet-grid-50","mobile-grid-100","grid-parent","grid-50"],"yoast_head":"<!-- This site is optimized with the Yoast SEO plugin v23.4 - https:\/\/yoast.com\/wordpress\/plugins\/seo\/ -->\n<title>Se\u00f1ales de que su caldera es peligrosamente insegura - Consejos - Santa Catarina<\/title>\n<meta name=\"robots\" content=\"index, follow, max-snippet:-1, max-image-preview:large, max-video-preview:-1\" \/>\n<link rel=\"canonical\" href=\"https:\/\/stacatarina.mx\/consejos\/senales-de-que-su-caldera-es-peligrosamente-insegura\/\" \/>\n<meta property=\"og:locale\" content=\"es_MX\" \/>\n<meta property=\"og:type\" content=\"article\" \/>\n<meta property=\"og:title\" content=\"Se\u00f1ales de que su caldera es peligrosamente insegura - Consejos - Santa Catarina\" \/>\n<meta property=\"og:description\" content=\"Se\u00f1ales de que su caldera es peligrosamente insegura El invierno es la estaci\u00f3n en la que nuestras calderas se ponen a prueba al m\u00e1ximo. Dependemos\" \/>\n<meta property=\"og:url\" content=\"https:\/\/stacatarina.mx\/consejos\/senales-de-que-su-caldera-es-peligrosamente-insegura\/\" \/>\n<meta property=\"og:site_name\" content=\"Santa Catarina\" \/>\n<meta property=\"article:publisher\" content=\"https:\/\/www.facebook.com\/stacatarinagob\/\" \/>\n<meta property=\"article:published_time\" content=\"2025-01-22T16:23:56+00:00\" \/>\n<meta property=\"article:modified_time\" content=\"2025-01-22T16:23:57+00:00\" \/>\n<meta property=\"og:image\" content=\"https:\/\/stacatarina.mx\/consejos\/wp-content\/uploads\/2025\/01\/Senales-de-que-su-caldera-es-peligrosamente-insegura.png\" \/>\n\t<meta property=\"og:image:width\" content=\"730\" \/>\n\t<meta property=\"og:image:height\" content=\"330\" \/>\n\t<meta property=\"og:image:type\" content=\"image\/png\" \/>\n<meta name=\"author\" content=\"Pedro Mart\u00ednez\" \/>\n<meta name=\"twitter:card\" content=\"summary_large_image\" \/>\n<meta name=\"twitter:creator\" content=\"@stacatarinagob\" \/>\n<meta name=\"twitter:site\" content=\"@stacatarinagob\" \/>\n<meta name=\"twitter:label1\" content=\"Escrito por\" \/>\n\t<meta name=\"twitter:data1\" content=\"Pedro Mart\u00ednez\" \/>\n\t<meta name=\"twitter:label2\" content=\"Tiempo de lectura\" \/>\n\t<meta name=\"twitter:data2\" content=\"4 minutos\" \/>\n<script type=\"application\/ld+json\" class=\"yoast-schema-graph\">{\"@context\":\"https:\/\/schema.org\",\"@graph\":[{\"@type\":\"Article\",\"@id\":\"https:\/\/stacatarina.mx\/consejos\/senales-de-que-su-caldera-es-peligrosamente-insegura\/#article\",\"isPartOf\":{\"@id\":\"https:\/\/stacatarina.mx\/consejos\/senales-de-que-su-caldera-es-peligrosamente-insegura\/\"},\"author\":{\"name\":\"Pedro Mart\u00ednez\",\"@id\":\"https:\/\/stacatarina.mx\/consejos\/#\/schema\/person\/0be60adffa8e4c4d0828fdf021450e8a\"},\"headline\":\"Se\u00f1ales de que su caldera es peligrosamente insegura\",\"datePublished\":\"2025-01-22T16:23:56+00:00\",\"dateModified\":\"2025-01-22T16:23:57+00:00\",\"mainEntityOfPage\":{\"@id\":\"https:\/\/stacatarina.mx\/consejos\/senales-de-que-su-caldera-es-peligrosamente-insegura\/\"},\"wordCount\":724,\"publisher\":{\"@id\":\"https:\/\/stacatarina.mx\/consejos\/#organization\"},\"image\":{\"@id\":\"https:\/\/stacatarina.mx\/consejos\/senales-de-que-su-caldera-es-peligrosamente-insegura\/#primaryimage\"},\"thumbnailUrl\":\"https:\/\/stacatarina.mx\/consejos\/wp-content\/uploads\/2025\/01\/Senales-de-que-su-caldera-es-peligrosamente-insegura.png\",\"keywords\":[\"caldera\",\"insegura\",\"peligrosamente\",\"se\u00f1ales\"],\"articleSection\":[\"Ambiente\"],\"inLanguage\":\"es\"},{\"@type\":\"WebPage\",\"@id\":\"https:\/\/stacatarina.mx\/consejos\/senales-de-que-su-caldera-es-peligrosamente-insegura\/\",\"url\":\"https:\/\/stacatarina.mx\/consejos\/senales-de-que-su-caldera-es-peligrosamente-insegura\/\",\"name\":\"Se\u00f1ales de que su caldera es peligrosamente insegura - Consejos - Santa Catarina\",\"isPartOf\":{\"@id\":\"https:\/\/stacatarina.mx\/consejos\/#website\"},\"primaryImageOfPage\":{\"@id\":\"https:\/\/stacatarina.mx\/consejos\/senales-de-que-su-caldera-es-peligrosamente-insegura\/#primaryimage\"},\"image\":{\"@id\":\"https:\/\/stacatarina.mx\/consejos\/senales-de-que-su-caldera-es-peligrosamente-insegura\/#primaryimage\"},\"thumbnailUrl\":\"https:\/\/stacatarina.mx\/consejos\/wp-content\/uploads\/2025\/01\/Senales-de-que-su-caldera-es-peligrosamente-insegura.png\",\"datePublished\":\"2025-01-22T16:23:56+00:00\",\"dateModified\":\"2025-01-22T16:23:57+00:00\",\"breadcrumb\":{\"@id\":\"https:\/\/stacatarina.mx\/consejos\/senales-de-que-su-caldera-es-peligrosamente-insegura\/#breadcrumb\"},\"inLanguage\":\"es\",\"potentialAction\":[{\"@type\":\"ReadAction\",\"target\":[\"https:\/\/stacatarina.mx\/consejos\/senales-de-que-su-caldera-es-peligrosamente-insegura\/\"]}]},{\"@type\":\"ImageObject\",\"inLanguage\":\"es\",\"@id\":\"https:\/\/stacatarina.mx\/consejos\/senales-de-que-su-caldera-es-peligrosamente-insegura\/#primaryimage\",\"url\":\"https:\/\/stacatarina.mx\/consejos\/wp-content\/uploads\/2025\/01\/Senales-de-que-su-caldera-es-peligrosamente-insegura.png\",\"contentUrl\":\"https:\/\/stacatarina.mx\/consejos\/wp-content\/uploads\/2025\/01\/Senales-de-que-su-caldera-es-peligrosamente-insegura.png\",\"width\":730,\"height\":330,\"caption\":\"Se\u00f1ales de que su caldera es peligrosamente insegura\"},{\"@type\":\"BreadcrumbList\",\"@id\":\"https:\/\/stacatarina.mx\/consejos\/senales-de-que-su-caldera-es-peligrosamente-insegura\/#breadcrumb\",\"itemListElement\":[{\"@type\":\"ListItem\",\"position\":1,\"name\":\"Inicio\",\"item\":\"https:\/\/stacatarina.mx\/consejos\/\"},{\"@type\":\"ListItem\",\"position\":2,\"name\":\"Se\u00f1ales de que su caldera es peligrosamente insegura\"}]},{\"@type\":\"WebSite\",\"@id\":\"https:\/\/stacatarina.mx\/consejos\/#website\",\"url\":\"https:\/\/stacatarina.mx\/consejos\/\",\"name\":\"Santa Catarina\",\"description\":\"\",\"publisher\":{\"@id\":\"https:\/\/stacatarina.mx\/consejos\/#organization\"},\"potentialAction\":[{\"@type\":\"SearchAction\",\"target\":{\"@type\":\"EntryPoint\",\"urlTemplate\":\"https:\/\/stacatarina.mx\/consejos\/?s={search_term_string}\"},\"query-input\":{\"@type\":\"PropertyValueSpecification\",\"valueRequired\":true,\"valueName\":\"search_term_string\"}}],\"inLanguage\":\"es\"},{\"@type\":\"Organization\",\"@id\":\"https:\/\/stacatarina.mx\/consejos\/#organization\",\"name\":\"Santa Catarina\",\"url\":\"https:\/\/stacatarina.mx\/consejos\/\",\"logo\":{\"@type\":\"ImageObject\",\"inLanguage\":\"es\",\"@id\":\"https:\/\/stacatarina.mx\/consejos\/#\/schema\/logo\/image\/\",\"url\":\"https:\/\/stacatarina.mx\/consejos\/wp-content\/uploads\/2024\/09\/cropped-favicon-1-1.png\",\"contentUrl\":\"https:\/\/stacatarina.mx\/consejos\/wp-content\/uploads\/2024\/09\/cropped-favicon-1-1.png\",\"width\":512,\"height\":512,\"caption\":\"Santa Catarina\"},\"image\":{\"@id\":\"https:\/\/stacatarina.mx\/consejos\/#\/schema\/logo\/image\/\"},\"sameAs\":[\"https:\/\/www.facebook.com\/stacatarinagob\/\",\"https:\/\/x.com\/stacatarinagob\",\"https:\/\/www.instagram.com\/stacatarinagob\/\",\"https:\/\/www.youtube.com\/channel\/UCK-6cQJL_904665N1_nLTWw\"]},{\"@type\":\"Person\",\"@id\":\"https:\/\/stacatarina.mx\/consejos\/#\/schema\/person\/0be60adffa8e4c4d0828fdf021450e8a\",\"name\":\"Pedro Mart\u00ednez\",\"image\":{\"@type\":\"ImageObject\",\"inLanguage\":\"es\",\"@id\":\"https:\/\/stacatarina.mx\/consejos\/#\/schema\/person\/image\/\",\"url\":\"https:\/\/stacatarina.mx\/consejos\/wp-content\/uploads\/2024\/09\/stacatarina.jpg\",\"contentUrl\":\"https:\/\/stacatarina.mx\/consejos\/wp-content\/uploads\/2024\/09\/stacatarina.jpg\",\"caption\":\"Pedro Mart\u00ednez\"},\"description\":\"Hola, soy Pedro Mart\u00ednez, redactor jefe del sitio oficial del ayuntamiento de Santa Catarina, en M\u00e9xico. Con m\u00e1s de diez a\u00f1os de experiencia en el periodismo local, tengo una pasi\u00f3n por la investigaci\u00f3n y la difusi\u00f3n de informaci\u00f3n que valoriza nuestra hermosa comunidad. Mi compromiso es hacer de Santa Catarina una referencia en materia de transparencia y comunicaci\u00f3n municipal.\",\"sameAs\":[\"https:\/\/stacatarina.mx\/\"]}]}<\/script>\n<!-- \/ Yoast SEO plugin. -->","yoast_head_json":{"title":"Se\u00f1ales de que su caldera es peligrosamente insegura - Consejos - Santa Catarina","robots":{"index":"index","follow":"follow","max-snippet":"max-snippet:-1","max-image-preview":"max-image-preview:large","max-video-preview":"max-video-preview:-1"},"canonical":"https:\/\/stacatarina.mx\/consejos\/senales-de-que-su-caldera-es-peligrosamente-insegura\/","og_locale":"es_MX","og_type":"article","og_title":"Se\u00f1ales de que su caldera es peligrosamente insegura - Consejos - Santa Catarina","og_description":"Se\u00f1ales de que su caldera es peligrosamente insegura El invierno es la estaci\u00f3n en la que nuestras calderas se ponen a prueba al m\u00e1ximo. Dependemos","og_url":"https:\/\/stacatarina.mx\/consejos\/senales-de-que-su-caldera-es-peligrosamente-insegura\/","og_site_name":"Santa Catarina","article_publisher":"https:\/\/www.facebook.com\/stacatarinagob\/","article_published_time":"2025-01-22T16:23:56+00:00","article_modified_time":"2025-01-22T16:23:57+00:00","og_image":[{"width":730,"height":330,"url":"https:\/\/stacatarina.mx\/consejos\/wp-content\/uploads\/2025\/01\/Senales-de-que-su-caldera-es-peligrosamente-insegura.png","type":"image\/png"}],"author":"Pedro Mart\u00ednez","twitter_card":"summary_large_image","twitter_creator":"@stacatarinagob","twitter_site":"@stacatarinagob","twitter_misc":{"Escrito por":"Pedro Mart\u00ednez","Tiempo de lectura":"4 minutos"},"schema":{"@context":"https:\/\/schema.org","@graph":[{"@type":"Article","@id":"https:\/\/stacatarina.mx\/consejos\/senales-de-que-su-caldera-es-peligrosamente-insegura\/#article","isPartOf":{"@id":"https:\/\/stacatarina.mx\/consejos\/senales-de-que-su-caldera-es-peligrosamente-insegura\/"},"author":{"name":"Pedro Mart\u00ednez","@id":"https:\/\/stacatarina.mx\/consejos\/#\/schema\/person\/0be60adffa8e4c4d0828fdf021450e8a"},"headline":"Se\u00f1ales de que su caldera es peligrosamente insegura","datePublished":"2025-01-22T16:23:56+00:00","dateModified":"2025-01-22T16:23:57+00:00","mainEntityOfPage":{"@id":"https:\/\/stacatarina.mx\/consejos\/senales-de-que-su-caldera-es-peligrosamente-insegura\/"},"wordCount":724,"publisher":{"@id":"https:\/\/stacatarina.mx\/consejos\/#organization"},"image":{"@id":"https:\/\/stacatarina.mx\/consejos\/senales-de-que-su-caldera-es-peligrosamente-insegura\/#primaryimage"},"thumbnailUrl":"https:\/\/stacatarina.mx\/consejos\/wp-content\/uploads\/2025\/01\/Senales-de-que-su-caldera-es-peligrosamente-insegura.png","keywords":["caldera","insegura","peligrosamente","se\u00f1ales"],"articleSection":["Ambiente"],"inLanguage":"es"},{"@type":"WebPage","@id":"https:\/\/stacatarina.mx\/consejos\/senales-de-que-su-caldera-es-peligrosamente-insegura\/","url":"https:\/\/stacatarina.mx\/consejos\/senales-de-que-su-caldera-es-peligrosamente-insegura\/","name":"Se\u00f1ales de que su caldera es peligrosamente insegura - Consejos - Santa Catarina","isPartOf":{"@id":"https:\/\/stacatarina.mx\/consejos\/#website"},"primaryImageOfPage":{"@id":"https:\/\/stacatarina.mx\/consejos\/senales-de-que-su-caldera-es-peligrosamente-insegura\/#primaryimage"},"image":{"@id":"https:\/\/stacatarina.mx\/consejos\/senales-de-que-su-caldera-es-peligrosamente-insegura\/#primaryimage"},"thumbnailUrl":"https:\/\/stacatarina.mx\/consejos\/wp-content\/uploads\/2025\/01\/Senales-de-que-su-caldera-es-peligrosamente-insegura.png","datePublished":"2025-01-22T16:23:56+00:00","dateModified":"2025-01-22T16:23:57+00:00","breadcrumb":{"@id":"https:\/\/stacatarina.mx\/consejos\/senales-de-que-su-caldera-es-peligrosamente-insegura\/#breadcrumb"},"inLanguage":"es","potentialAction":[{"@type":"ReadAction","target":["https:\/\/stacatarina.mx\/consejos\/senales-de-que-su-caldera-es-peligrosamente-insegura\/"]}]},{"@type":"ImageObject","inLanguage":"es","@id":"https:\/\/stacatarina.mx\/consejos\/senales-de-que-su-caldera-es-peligrosamente-insegura\/#primaryimage","url":"https:\/\/stacatarina.mx\/consejos\/wp-content\/uploads\/2025\/01\/Senales-de-que-su-caldera-es-peligrosamente-insegura.png","contentUrl":"https:\/\/stacatarina.mx\/consejos\/wp-content\/uploads\/2025\/01\/Senales-de-que-su-caldera-es-peligrosamente-insegura.png","width":730,"height":330,"caption":"Se\u00f1ales de que su caldera es peligrosamente insegura"},{"@type":"BreadcrumbList","@id":"https:\/\/stacatarina.mx\/consejos\/senales-de-que-su-caldera-es-peligrosamente-insegura\/#breadcrumb","itemListElement":[{"@type":"ListItem","position":1,"name":"Inicio","item":"https:\/\/stacatarina.mx\/consejos\/"},{"@type":"ListItem","position":2,"name":"Se\u00f1ales de que su caldera es peligrosamente insegura"}]},{"@type":"WebSite","@id":"https:\/\/stacatarina.mx\/consejos\/#website","url":"https:\/\/stacatarina.mx\/consejos\/","name":"Santa Catarina","description":"","publisher":{"@id":"https:\/\/stacatarina.mx\/consejos\/#organization"},"potentialAction":[{"@type":"SearchAction","target":{"@type":"EntryPoint","urlTemplate":"https:\/\/stacatarina.mx\/consejos\/?s={search_term_string}"},"query-input":{"@type":"PropertyValueSpecification","valueRequired":true,"valueName":"search_term_string"}}],"inLanguage":"es"},{"@type":"Organization","@id":"https:\/\/stacatarina.mx\/consejos\/#organization","name":"Santa Catarina","url":"https:\/\/stacatarina.mx\/consejos\/","logo":{"@type":"ImageObject","inLanguage":"es","@id":"https:\/\/stacatarina.mx\/consejos\/#\/schema\/logo\/image\/","url":"https:\/\/stacatarina.mx\/consejos\/wp-content\/uploads\/2024\/09\/cropped-favicon-1-1.png","contentUrl":"https:\/\/stacatarina.mx\/consejos\/wp-content\/uploads\/2024\/09\/cropped-favicon-1-1.png","width":512,"height":512,"caption":"Santa Catarina"},"image":{"@id":"https:\/\/stacatarina.mx\/consejos\/#\/schema\/logo\/image\/"},"sameAs":["https:\/\/www.facebook.com\/stacatarinagob\/","https:\/\/x.com\/stacatarinagob","https:\/\/www.instagram.com\/stacatarinagob\/","https:\/\/www.youtube.com\/channel\/UCK-6cQJL_904665N1_nLTWw"]},{"@type":"Person","@id":"https:\/\/stacatarina.mx\/consejos\/#\/schema\/person\/0be60adffa8e4c4d0828fdf021450e8a","name":"Pedro Mart\u00ednez","image":{"@type":"ImageObject","inLanguage":"es","@id":"https:\/\/stacatarina.mx\/consejos\/#\/schema\/person\/image\/","url":"https:\/\/stacatarina.mx\/consejos\/wp-content\/uploads\/2024\/09\/stacatarina.jpg","contentUrl":"https:\/\/stacatarina.mx\/consejos\/wp-content\/uploads\/2024\/09\/stacatarina.jpg","caption":"Pedro Mart\u00ednez"},"description":"Hola, soy Pedro Mart\u00ednez, redactor jefe del sitio oficial del ayuntamiento de Santa Catarina, en M\u00e9xico. Con m\u00e1s de diez a\u00f1os de experiencia en el periodismo local, tengo una pasi\u00f3n por la investigaci\u00f3n y la difusi\u00f3n de informaci\u00f3n que valoriza nuestra hermosa comunidad. Mi compromiso es hacer de Santa Catarina una referencia en materia de transparencia y comunicaci\u00f3n municipal.","sameAs":["https:\/\/stacatarina.mx\/"]}]}},"_links":{"self":[{"href":"https:\/\/stacatarina.mx\/consejos\/wp-json\/wp\/v2\/posts\/2419"}],"collection":[{"href":"https:\/\/stacatarina.mx\/consejos\/wp-json\/wp\/v2\/posts"}],"about":[{"href":"https:\/\/stacatarina.mx\/consejos\/wp-json\/wp\/v2\/types\/post"}],"author":[{"embeddable":true,"href":"https:\/\/stacatarina.mx\/consejos\/wp-json\/wp\/v2\/users\/1"}],"replies":[{"embeddable":true,"href":"https:\/\/stacatarina.mx\/consejos\/wp-json\/wp\/v2\/comments?post=2419"}],"version-history":[{"count":1,"href":"https:\/\/stacatarina.mx\/consejos\/wp-json\/wp\/v2\/posts\/2419\/revisions"}],"predecessor-version":[{"id":2421,"href":"https:\/\/stacatarina.mx\/consejos\/wp-json\/wp\/v2\/posts\/2419\/revisions\/2421"}],"wp:featuredmedia":[{"embeddable":true,"href":"https:\/\/stacatarina.mx\/consejos\/wp-json\/wp\/v2\/media\/2420"}],"wp:attachment":[{"href":"https:\/\/stacatarina.mx\/consejos\/wp-json\/wp\/v2\/media?parent=2419"}],"wp:term":[{"taxonomy":"category","embeddable":true,"href":"https:\/\/stacatarina.mx\/consejos\/wp-json\/wp\/v2\/categories?post=2419"},{"taxonomy":"post_tag","embeddable":true,"href":"https:\/\/stacatarina.mx\/consejos\/wp-json\/wp\/v2\/tags?post=2419"}],"curies":[{"name":"wp","href":"https:\/\/api.w.org\/{rel}","templated":true}]}}