{"id":2579,"date":"2025-02-03T13:23:50","date_gmt":"2025-02-03T19:23:50","guid":{"rendered":"https:\/\/stacatarina.mx\/consejos\/la-arena-que-proviene-del-sahara-es-radiactiva-y-las-pruebas-nucleares-tienen-que-ver-con-ella-que-te-arriesgas-a-correr\/"},"modified":"2025-02-03T13:23:51","modified_gmt":"2025-02-03T19:23:51","slug":"la-arena-que-proviene-del-sahara-es-radiactiva-y-las-pruebas-nucleares-tienen-que-ver-con-ella-que-te-arriesgas-a-correr","status":"publish","type":"post","link":"https:\/\/stacatarina.mx\/consejos\/la-arena-que-proviene-del-sahara-es-radiactiva-y-las-pruebas-nucleares-tienen-que-ver-con-ella-que-te-arriesgas-a-correr\/","title":{"rendered":"La arena que proviene del Sahara es radiactiva (y las pruebas nucleares tienen que ver con ella): \u00bfQu\u00e9 te arriesgas a correr?"},"content":{"rendered":"<p class=\"single-abstract\">\n<p>\t\t\t\t\t\t\t\t\t\t\t\t\t\t\t\t\tUn equipo de cient\u00edficos recolect\u00f3 110 muestras de dep\u00f3sitos saharianos en varios pa\u00edses europeos despu\u00e9s de la excepcional tormenta de arena de marzo de 2022. Los investigadores detectaron is\u00f3topos radiactivos atribuibles a las pruebas nucleares estadounidenses y sovi\u00e9ticas de los a\u00f1os 60, explicando cu\u00e1les son los efectos en nuestros saludos en nuestro salud.\t\t\t\t\t\t\t\t\t\t\t\t\t\t\t<\/p>\n<div class=\"daily-video\" style=\"display: none;\"><\/div>\n<div class=\"wrapper-player\" style=\"display: none; margin-bottom: 15px;\">\n<div id=\"daily-player\" style=\"position: relative; max-width: 100%;\" class=\"video-content\"><\/div>\n<\/p><\/div>\n<div class=\"image-wrapper featured-image no-lazy\" id=\"featured-image\"><\/div>\n<p>Trints of Orange, autos cubiertos por una capa delgada de polvo, miedo a la salud y debates sobre la contaminaci\u00f3n nuclear: <strong>El evento de transporte de arena Saharan que afect\u00f3 a Europa occidental en marzo de 2022 no pas\u00f3 desapercibido<\/strong>. Despu\u00e9s de un tiempo, un equipo de investigadores de <strong>Laboratoire des Sciences du Climat et de l&#8217;Ervironnement<\/strong>dirigido por <strong>Yangjunjie xu-yang<\/strong>ha publicado un estudio sobre <strong>Avances cient\u00edficos<\/strong> Qu\u00e9 enciende un aspecto tan fascinante como controvertido: <strong>La presencia de is\u00f3topos radiactivos en las part\u00edculas del desierto del Sahara<\/strong>.<\/p>\n<h2><span class=\"ez-toc-section\" id=\"Lorigine_dei_depositi\"><\/span>El origen de los dep\u00f3sitos<span class=\"ez-toc-section-end\"><\/span><\/h2>\n<p>Durante la primavera de 2022, los fuertes vientos elevaron enormes cantidades de arena del Sahara, <strong>En particular de la Argelia del Sur<\/strong>. Durante unos d\u00edas, el polvo cruz\u00f3 el Mediterr\u00e1neo, llegando a pa\u00edses como <strong>Espa\u00f1a, Francia, Alemania, B\u00e9lgica, Luxemburgo y Austria<\/strong>. Con la intenci\u00f3n de investigar la composici\u00f3n y la posible radiactividad de la arena, los investigadores han comenzado una campa\u00f1a de recolecci\u00f3n participativa que involucra a ciudadanos voluntarios. Por lo tanto, hab\u00eda 110 muestras,<strong> luego se redujo a 53 &#8220;representantes cient\u00edficos&#8221;<\/strong> Basado en an\u00e1lisis qu\u00edmicos, granulom\u00e9tricos y mineral\u00f3gicos.<\/p>\n<p>La atenci\u00f3n se ha centrado principalmente en el \u00e1rea de<strong> Reggane<\/strong> (en el sur de Alger), <strong>Donde Francia lider\u00f3<\/strong>a principios de la d\u00e9cada de 1960, <strong>Cuatro pruebas nucleares atmosf\u00e9ricas<\/strong> conocido como &#8220;serie de reggane&#8221;. Esta regi\u00f3n, junto con porciones de Mal\u00ed y Libia, <strong>Durante mucho tiempo ha sido reconocido como una de las \u00e1reas m\u00e1s polvorientas del Sahara<\/strong>.<\/p>\n<h2><span class=\"ez-toc-section\" id=\"La_firma_radioattiva_USA_e_URSS_principali_responsabili\"><\/span>La firma radiactiva: EE. UU. Y la principal URSS responsable<span class=\"ez-toc-section-end\"><\/span><\/h2>\n<p>Al contrario de las hip\u00f3tesis propagadas en el pasado, los resultados publicados muestran que el polvo radiactivo lleg\u00f3 a Europa en marzo de 2022 <strong>Principalmente lleva la &#8220;firma&#8221; isot\u00f3pica de las pruebas nucleares realizadas por los Estados Unidos y la ex Uni\u00f3n Sovi\u00e9tica durante la Guerra Fr\u00eda.<\/strong>. Para comprender este aspecto, los investigadores midieron la relaci\u00f3n entre Plutonio-239 y Plutonio-240. Estos valores, en l\u00ednea con la &#8220;reca\u00edda global&#8221; llamada SO dominado por las consecuencias de los experimentos estadounidenses y sovi\u00e9ticos, <strong>distinguen claramente de los lanzados en las pruebas francesas en el Sahara.<\/strong>.<\/p>\n<div class=\"code-block code-block-10\" style=\"margin: 8px auto; display: flex; justify-content: center; min-height: 252px;\">\n<div id=\"div-gpt-ad-MPU_Bottom_2\" style=\"min-width: 300px; min-height: 253px;\">\n<\/div>\n<div id=\"taboola-widget_non_consent_300x250-4\"><\/div>\n<\/div>\n<p>En confirmaci\u00f3n de este origen, el estudio tambi\u00e9n analiz\u00f3 la relaci\u00f3n entre Cesio-137 y Plutonio: los datos que surgieron coinciden con lo que ya se conoc\u00eda para los residuos nucleares a gran escala, mientras que si hubieran sido atribuibles principalmente a dispositivos franceses, <strong>Los valores isot\u00f3picos habr\u00edan sido resultados diferentes y m\u00e1s bajos<\/strong>. En resumen, las explosiones llevadas a cabo en Reggane permanecen en el contexto de esta historia de contaminaci\u00f3n, pero no parecen la verdadera causa de los dep\u00f3sitos radiactivos rastreados en campeones europeos.<\/p>\n<h2><span class=\"ez-toc-section\" id=\"Nessun_rischio_radioattivo_per_la_salute_umana\"><\/span>Sin riesgo radiactivo para la salud humana<span class=\"ez-toc-section-end\"><\/span><\/h2>\n<p>Tormentas de arena de Sahara, especialmente cuando llevan part\u00edculas de dimensiones muy finas, <strong>plantear dudas sobre la calidad del aire<\/strong> y en da\u00f1os potenciales al sistema respiratorio. El estudio, sin embargo, tranquiliza: yo<strong> Los niveles de radiactividad medidos en dep\u00f3sitos de arena no alcanzan umbrales peligrosos para nuestra salud<\/strong>. En particular, tanto Cesio-137 como Plutonio-239\/240 est\u00e1n presentes en cantidades tan reducidas que no implican riesgos de acuerdo con los est\u00e1ndares de seguridad radiol\u00f3gica vigentes en la Uni\u00f3n Europea.<\/p>\n<p>Para evaluar el impacto en el cuerpo, se consider\u00f3 tanto la posible ingesti\u00f3n de part\u00edculas (por ejemplo, si el polvo terminaba en los cultivos agr\u00edcolas) como la inhalaci\u00f3n directa. En ambos casos, <strong>Los valores que surgieron de los an\u00e1lisis est\u00e1n ampliamente por debajo de los l\u00edmites de tolerabilidad establecidos a nivel comunitario<\/strong>. Desde un punto de vista radiol\u00f3gico, por lo tanto, el polvo es casi inofensivo para la poblaci\u00f3n.<\/p>\n<aside style=\"margin: 8px auto; display: flex; justify-content: center; min-height: 251px;\">\n<div id=\"div-gpt-ad-MPU_Middle\" style=\"min-width: 300px; min-height: 252px;\">\n<\/div>\n<div id=\"taboola-widget_non_consent_300x250-2\"><\/div>\n<\/aside>\n<h2><span class=\"ez-toc-section\" id=\"Limportanza_di_vigilare_su_polveri_e_qualita_dellaria\"><\/span>La importancia de supervisar el polvo y la calidad del aire<span class=\"ez-toc-section-end\"><\/span><\/h2>\n<p>Si los radionucleidos no representan un peligro, a\u00fan debe recordarse que <strong>La llegada de la arena saharana puede aumentar los valores de las part\u00edculas atmosf\u00e9ricas<\/strong>. Algunos estudios recuerdan que, en presencia de fen\u00f3menos intensos y frecuentes, la concentraci\u00f3n de polvo de suspensi\u00f3n, aunque de origen natural, <strong>puede agravar los problemas respiratorios<\/strong> de individuos sensibles, como el asma o aquellos que padecen otras patolog\u00edas cr\u00f3nicas. Adem\u00e1s de irritar los ojos y la piel, <strong>Las mejores part\u00edculas (PM10 y PM2.5) logran penetrar las v\u00edas respiratorias<\/strong>.<\/p>\n<h2><span class=\"ez-toc-section\" id=\"Un_invito_al_monitoraggio_partecipato\"><\/span>Una invitaci\u00f3n a la monitorizaci\u00f3n participada<span class=\"ez-toc-section-end\"><\/span><\/h2>\n<p>La misma investigaci\u00f3n, gracias a la colaboraci\u00f3n de ciudadanos simples que han recogido y enviado campeones a los laboratorios, muestra c\u00f3mo <strong>La ciencia participativa (o la ciencia ciudadana) puede acelerar y expandir la recopilaci\u00f3n de datos que es dif\u00edcil de encontrar<\/strong>. La participaci\u00f3n directa de la poblaci\u00f3n, de hecho, le permite tener un n\u00famero mucho mayor de muestras de lo que hubiera sido posible con el \u00fanico medio de los investigadores, <strong>Asegurar una cobertura geogr\u00e1fica capilar<\/strong>.<\/p>\n<p>Explotaci\u00f3n de canales de comunicaci\u00f3n r\u00e1pida y capilar, <strong>La gente puede contribuir<\/strong> Significativamente para recopilar informaci\u00f3n esencial para evaluar la calidad del aire, la composici\u00f3n qu\u00edmica de los dep\u00f3sitos y otros par\u00e1metros \u00fatiles para rastrear la evoluci\u00f3n de los fen\u00f3menos clim\u00e1ticos extremos.<\/p><\/p>\n","protected":false},"excerpt":{"rendered":"<p>Un equipo de cient\u00edficos recolect\u00f3 110 muestras de dep\u00f3sitos saharianos en varios pa\u00edses europeos despu\u00e9s de la excepcional tormenta de arena de marzo de 2022.<\/p>\n","protected":false},"author":1,"featured_media":2580,"comment_status":"closed","ping_status":"","sticky":false,"template":"","format":"standard","meta":{"footnotes":""},"categories":[762],"tags":[3529,3534,42,3535,23,3215,34,3533,3530,1926,247,3532,3531,837,1319],"class_list":["post-2579","post","type-post","status-publish","format-standard","has-post-thumbnail","hentry","category-salud","tag-arena","tag-arriesgas","tag-con","tag-correr","tag-del","tag-ella","tag-las","tag-nucleares","tag-proviene","tag-pruebas","tag-que","tag-radiactiva","tag-sahara","tag-tienen","tag-ver","generate-columns","tablet-grid-50","mobile-grid-100","grid-parent","grid-50"],"yoast_head":"<!-- This site is optimized with the Yoast SEO plugin v23.4 - https:\/\/yoast.com\/wordpress\/plugins\/seo\/ -->\n<title>La arena que proviene del Sahara es radiactiva (y las pruebas nucleares tienen que ver con ella): \u00bfQu\u00e9 te arriesgas a correr? - Consejos - Santa Catarina<\/title>\n<meta name=\"robots\" content=\"index, follow, max-snippet:-1, max-image-preview:large, max-video-preview:-1\" \/>\n<link rel=\"canonical\" href=\"https:\/\/stacatarina.mx\/consejos\/la-arena-que-proviene-del-sahara-es-radiactiva-y-las-pruebas-nucleares-tienen-que-ver-con-ella-que-te-arriesgas-a-correr\/\" \/>\n<meta property=\"og:locale\" content=\"es_MX\" \/>\n<meta property=\"og:type\" content=\"article\" \/>\n<meta property=\"og:title\" content=\"La arena que proviene del Sahara es radiactiva (y las pruebas nucleares tienen que ver con ella): \u00bfQu\u00e9 te arriesgas a correr? - Consejos - Santa Catarina\" \/>\n<meta property=\"og:description\" content=\"Un equipo de cient\u00edficos recolect\u00f3 110 muestras de dep\u00f3sitos saharianos en varios pa\u00edses europeos despu\u00e9s de la excepcional tormenta de arena de marzo de 2022.\" \/>\n<meta property=\"og:url\" content=\"https:\/\/stacatarina.mx\/consejos\/la-arena-que-proviene-del-sahara-es-radiactiva-y-las-pruebas-nucleares-tienen-que-ver-con-ella-que-te-arriesgas-a-correr\/\" \/>\n<meta property=\"og:site_name\" content=\"Santa Catarina\" \/>\n<meta property=\"article:publisher\" content=\"https:\/\/www.facebook.com\/stacatarinagob\/\" \/>\n<meta property=\"article:published_time\" content=\"2025-02-03T19:23:50+00:00\" \/>\n<meta property=\"article:modified_time\" content=\"2025-02-03T19:23:51+00:00\" \/>\n<meta property=\"og:image\" content=\"https:\/\/stacatarina.mx\/consejos\/wp-content\/uploads\/2025\/02\/La-arena-que-proviene-del-Sahara-es-radiactiva-y-las.jpg\" \/>\n\t<meta property=\"og:image:width\" content=\"1500\" \/>\n\t<meta property=\"og:image:height\" content=\"1000\" \/>\n\t<meta property=\"og:image:type\" content=\"image\/jpeg\" \/>\n<meta name=\"author\" content=\"Pedro Mart\u00ednez\" \/>\n<meta name=\"twitter:card\" content=\"summary_large_image\" \/>\n<meta name=\"twitter:creator\" content=\"@stacatarinagob\" \/>\n<meta name=\"twitter:site\" content=\"@stacatarinagob\" \/>\n<meta name=\"twitter:label1\" content=\"Escrito por\" \/>\n\t<meta name=\"twitter:data1\" content=\"Pedro Mart\u00ednez\" \/>\n\t<meta name=\"twitter:label2\" content=\"Tiempo de lectura\" \/>\n\t<meta name=\"twitter:data2\" content=\"5 minutos\" \/>\n<script type=\"application\/ld+json\" class=\"yoast-schema-graph\">{\"@context\":\"https:\/\/schema.org\",\"@graph\":[{\"@type\":\"Article\",\"@id\":\"https:\/\/stacatarina.mx\/consejos\/la-arena-que-proviene-del-sahara-es-radiactiva-y-las-pruebas-nucleares-tienen-que-ver-con-ella-que-te-arriesgas-a-correr\/#article\",\"isPartOf\":{\"@id\":\"https:\/\/stacatarina.mx\/consejos\/la-arena-que-proviene-del-sahara-es-radiactiva-y-las-pruebas-nucleares-tienen-que-ver-con-ella-que-te-arriesgas-a-correr\/\"},\"author\":{\"name\":\"Pedro Mart\u00ednez\",\"@id\":\"https:\/\/stacatarina.mx\/consejos\/#\/schema\/person\/0be60adffa8e4c4d0828fdf021450e8a\"},\"headline\":\"La arena que proviene del Sahara es radiactiva (y las pruebas nucleares tienen que ver con ella): \u00bfQu\u00e9 te arriesgas a correr?\",\"datePublished\":\"2025-02-03T19:23:50+00:00\",\"dateModified\":\"2025-02-03T19:23:51+00:00\",\"mainEntityOfPage\":{\"@id\":\"https:\/\/stacatarina.mx\/consejos\/la-arena-que-proviene-del-sahara-es-radiactiva-y-las-pruebas-nucleares-tienen-que-ver-con-ella-que-te-arriesgas-a-correr\/\"},\"wordCount\":966,\"publisher\":{\"@id\":\"https:\/\/stacatarina.mx\/consejos\/#organization\"},\"image\":{\"@id\":\"https:\/\/stacatarina.mx\/consejos\/la-arena-que-proviene-del-sahara-es-radiactiva-y-las-pruebas-nucleares-tienen-que-ver-con-ella-que-te-arriesgas-a-correr\/#primaryimage\"},\"thumbnailUrl\":\"https:\/\/stacatarina.mx\/consejos\/wp-content\/uploads\/2025\/02\/La-arena-que-proviene-del-Sahara-es-radiactiva-y-las.jpg\",\"keywords\":[\"arena\",\"arriesgas\",\"con\",\"correr\",\"del\",\"ella\",\"Las\",\"nucleares\",\"proviene\",\"pruebas\",\"qu\u00e9\",\"radiactiva\",\"Sahara\",\"tienen\",\"ver\"],\"articleSection\":[\"Salud\"],\"inLanguage\":\"es\"},{\"@type\":\"WebPage\",\"@id\":\"https:\/\/stacatarina.mx\/consejos\/la-arena-que-proviene-del-sahara-es-radiactiva-y-las-pruebas-nucleares-tienen-que-ver-con-ella-que-te-arriesgas-a-correr\/\",\"url\":\"https:\/\/stacatarina.mx\/consejos\/la-arena-que-proviene-del-sahara-es-radiactiva-y-las-pruebas-nucleares-tienen-que-ver-con-ella-que-te-arriesgas-a-correr\/\",\"name\":\"La arena que proviene del Sahara es radiactiva (y las pruebas nucleares tienen que ver con ella): \u00bfQu\u00e9 te arriesgas a correr? - Consejos - Santa Catarina\",\"isPartOf\":{\"@id\":\"https:\/\/stacatarina.mx\/consejos\/#website\"},\"primaryImageOfPage\":{\"@id\":\"https:\/\/stacatarina.mx\/consejos\/la-arena-que-proviene-del-sahara-es-radiactiva-y-las-pruebas-nucleares-tienen-que-ver-con-ella-que-te-arriesgas-a-correr\/#primaryimage\"},\"image\":{\"@id\":\"https:\/\/stacatarina.mx\/consejos\/la-arena-que-proviene-del-sahara-es-radiactiva-y-las-pruebas-nucleares-tienen-que-ver-con-ella-que-te-arriesgas-a-correr\/#primaryimage\"},\"thumbnailUrl\":\"https:\/\/stacatarina.mx\/consejos\/wp-content\/uploads\/2025\/02\/La-arena-que-proviene-del-Sahara-es-radiactiva-y-las.jpg\",\"datePublished\":\"2025-02-03T19:23:50+00:00\",\"dateModified\":\"2025-02-03T19:23:51+00:00\",\"breadcrumb\":{\"@id\":\"https:\/\/stacatarina.mx\/consejos\/la-arena-que-proviene-del-sahara-es-radiactiva-y-las-pruebas-nucleares-tienen-que-ver-con-ella-que-te-arriesgas-a-correr\/#breadcrumb\"},\"inLanguage\":\"es\",\"potentialAction\":[{\"@type\":\"ReadAction\",\"target\":[\"https:\/\/stacatarina.mx\/consejos\/la-arena-que-proviene-del-sahara-es-radiactiva-y-las-pruebas-nucleares-tienen-que-ver-con-ella-que-te-arriesgas-a-correr\/\"]}]},{\"@type\":\"ImageObject\",\"inLanguage\":\"es\",\"@id\":\"https:\/\/stacatarina.mx\/consejos\/la-arena-que-proviene-del-sahara-es-radiactiva-y-las-pruebas-nucleares-tienen-que-ver-con-ella-que-te-arriesgas-a-correr\/#primaryimage\",\"url\":\"https:\/\/stacatarina.mx\/consejos\/wp-content\/uploads\/2025\/02\/La-arena-que-proviene-del-Sahara-es-radiactiva-y-las.jpg\",\"contentUrl\":\"https:\/\/stacatarina.mx\/consejos\/wp-content\/uploads\/2025\/02\/La-arena-que-proviene-del-Sahara-es-radiactiva-y-las.jpg\",\"width\":1500,\"height\":1000,\"caption\":\"Sahara\"},{\"@type\":\"BreadcrumbList\",\"@id\":\"https:\/\/stacatarina.mx\/consejos\/la-arena-que-proviene-del-sahara-es-radiactiva-y-las-pruebas-nucleares-tienen-que-ver-con-ella-que-te-arriesgas-a-correr\/#breadcrumb\",\"itemListElement\":[{\"@type\":\"ListItem\",\"position\":1,\"name\":\"Inicio\",\"item\":\"https:\/\/stacatarina.mx\/consejos\/\"},{\"@type\":\"ListItem\",\"position\":2,\"name\":\"La arena que proviene del Sahara es radiactiva (y las pruebas nucleares tienen que ver con ella): \u00bfQu\u00e9 te arriesgas a correr?\"}]},{\"@type\":\"WebSite\",\"@id\":\"https:\/\/stacatarina.mx\/consejos\/#website\",\"url\":\"https:\/\/stacatarina.mx\/consejos\/\",\"name\":\"Santa Catarina\",\"description\":\"\",\"publisher\":{\"@id\":\"https:\/\/stacatarina.mx\/consejos\/#organization\"},\"potentialAction\":[{\"@type\":\"SearchAction\",\"target\":{\"@type\":\"EntryPoint\",\"urlTemplate\":\"https:\/\/stacatarina.mx\/consejos\/?s={search_term_string}\"},\"query-input\":{\"@type\":\"PropertyValueSpecification\",\"valueRequired\":true,\"valueName\":\"search_term_string\"}}],\"inLanguage\":\"es\"},{\"@type\":\"Organization\",\"@id\":\"https:\/\/stacatarina.mx\/consejos\/#organization\",\"name\":\"Santa Catarina\",\"url\":\"https:\/\/stacatarina.mx\/consejos\/\",\"logo\":{\"@type\":\"ImageObject\",\"inLanguage\":\"es\",\"@id\":\"https:\/\/stacatarina.mx\/consejos\/#\/schema\/logo\/image\/\",\"url\":\"https:\/\/stacatarina.mx\/consejos\/wp-content\/uploads\/2024\/09\/cropped-favicon-1-1.png\",\"contentUrl\":\"https:\/\/stacatarina.mx\/consejos\/wp-content\/uploads\/2024\/09\/cropped-favicon-1-1.png\",\"width\":512,\"height\":512,\"caption\":\"Santa Catarina\"},\"image\":{\"@id\":\"https:\/\/stacatarina.mx\/consejos\/#\/schema\/logo\/image\/\"},\"sameAs\":[\"https:\/\/www.facebook.com\/stacatarinagob\/\",\"https:\/\/x.com\/stacatarinagob\",\"https:\/\/www.instagram.com\/stacatarinagob\/\",\"https:\/\/www.youtube.com\/channel\/UCK-6cQJL_904665N1_nLTWw\"]},{\"@type\":\"Person\",\"@id\":\"https:\/\/stacatarina.mx\/consejos\/#\/schema\/person\/0be60adffa8e4c4d0828fdf021450e8a\",\"name\":\"Pedro Mart\u00ednez\",\"image\":{\"@type\":\"ImageObject\",\"inLanguage\":\"es\",\"@id\":\"https:\/\/stacatarina.mx\/consejos\/#\/schema\/person\/image\/\",\"url\":\"https:\/\/stacatarina.mx\/consejos\/wp-content\/uploads\/2024\/09\/stacatarina.jpg\",\"contentUrl\":\"https:\/\/stacatarina.mx\/consejos\/wp-content\/uploads\/2024\/09\/stacatarina.jpg\",\"caption\":\"Pedro Mart\u00ednez\"},\"description\":\"Hola, soy Pedro Mart\u00ednez, redactor jefe del sitio oficial del ayuntamiento de Santa Catarina, en M\u00e9xico. Con m\u00e1s de diez a\u00f1os de experiencia en el periodismo local, tengo una pasi\u00f3n por la investigaci\u00f3n y la difusi\u00f3n de informaci\u00f3n que valoriza nuestra hermosa comunidad. Mi compromiso es hacer de Santa Catarina una referencia en materia de transparencia y comunicaci\u00f3n municipal.\",\"sameAs\":[\"https:\/\/stacatarina.mx\/\"]}]}<\/script>\n<!-- \/ Yoast SEO plugin. -->","yoast_head_json":{"title":"La arena que proviene del Sahara es radiactiva (y las pruebas nucleares tienen que ver con ella): \u00bfQu\u00e9 te arriesgas a correr? - Consejos - Santa Catarina","robots":{"index":"index","follow":"follow","max-snippet":"max-snippet:-1","max-image-preview":"max-image-preview:large","max-video-preview":"max-video-preview:-1"},"canonical":"https:\/\/stacatarina.mx\/consejos\/la-arena-que-proviene-del-sahara-es-radiactiva-y-las-pruebas-nucleares-tienen-que-ver-con-ella-que-te-arriesgas-a-correr\/","og_locale":"es_MX","og_type":"article","og_title":"La arena que proviene del Sahara es radiactiva (y las pruebas nucleares tienen que ver con ella): \u00bfQu\u00e9 te arriesgas a correr? - Consejos - Santa Catarina","og_description":"Un equipo de cient\u00edficos recolect\u00f3 110 muestras de dep\u00f3sitos saharianos en varios pa\u00edses europeos despu\u00e9s de la excepcional tormenta de arena de marzo de 2022.","og_url":"https:\/\/stacatarina.mx\/consejos\/la-arena-que-proviene-del-sahara-es-radiactiva-y-las-pruebas-nucleares-tienen-que-ver-con-ella-que-te-arriesgas-a-correr\/","og_site_name":"Santa Catarina","article_publisher":"https:\/\/www.facebook.com\/stacatarinagob\/","article_published_time":"2025-02-03T19:23:50+00:00","article_modified_time":"2025-02-03T19:23:51+00:00","og_image":[{"width":1500,"height":1000,"url":"https:\/\/stacatarina.mx\/consejos\/wp-content\/uploads\/2025\/02\/La-arena-que-proviene-del-Sahara-es-radiactiva-y-las.jpg","type":"image\/jpeg"}],"author":"Pedro Mart\u00ednez","twitter_card":"summary_large_image","twitter_creator":"@stacatarinagob","twitter_site":"@stacatarinagob","twitter_misc":{"Escrito por":"Pedro Mart\u00ednez","Tiempo de lectura":"5 minutos"},"schema":{"@context":"https:\/\/schema.org","@graph":[{"@type":"Article","@id":"https:\/\/stacatarina.mx\/consejos\/la-arena-que-proviene-del-sahara-es-radiactiva-y-las-pruebas-nucleares-tienen-que-ver-con-ella-que-te-arriesgas-a-correr\/#article","isPartOf":{"@id":"https:\/\/stacatarina.mx\/consejos\/la-arena-que-proviene-del-sahara-es-radiactiva-y-las-pruebas-nucleares-tienen-que-ver-con-ella-que-te-arriesgas-a-correr\/"},"author":{"name":"Pedro Mart\u00ednez","@id":"https:\/\/stacatarina.mx\/consejos\/#\/schema\/person\/0be60adffa8e4c4d0828fdf021450e8a"},"headline":"La arena que proviene del Sahara es radiactiva (y las pruebas nucleares tienen que ver con ella): \u00bfQu\u00e9 te arriesgas a correr?","datePublished":"2025-02-03T19:23:50+00:00","dateModified":"2025-02-03T19:23:51+00:00","mainEntityOfPage":{"@id":"https:\/\/stacatarina.mx\/consejos\/la-arena-que-proviene-del-sahara-es-radiactiva-y-las-pruebas-nucleares-tienen-que-ver-con-ella-que-te-arriesgas-a-correr\/"},"wordCount":966,"publisher":{"@id":"https:\/\/stacatarina.mx\/consejos\/#organization"},"image":{"@id":"https:\/\/stacatarina.mx\/consejos\/la-arena-que-proviene-del-sahara-es-radiactiva-y-las-pruebas-nucleares-tienen-que-ver-con-ella-que-te-arriesgas-a-correr\/#primaryimage"},"thumbnailUrl":"https:\/\/stacatarina.mx\/consejos\/wp-content\/uploads\/2025\/02\/La-arena-que-proviene-del-Sahara-es-radiactiva-y-las.jpg","keywords":["arena","arriesgas","con","correr","del","ella","Las","nucleares","proviene","pruebas","qu\u00e9","radiactiva","Sahara","tienen","ver"],"articleSection":["Salud"],"inLanguage":"es"},{"@type":"WebPage","@id":"https:\/\/stacatarina.mx\/consejos\/la-arena-que-proviene-del-sahara-es-radiactiva-y-las-pruebas-nucleares-tienen-que-ver-con-ella-que-te-arriesgas-a-correr\/","url":"https:\/\/stacatarina.mx\/consejos\/la-arena-que-proviene-del-sahara-es-radiactiva-y-las-pruebas-nucleares-tienen-que-ver-con-ella-que-te-arriesgas-a-correr\/","name":"La arena que proviene del Sahara es radiactiva (y las pruebas nucleares tienen que ver con ella): \u00bfQu\u00e9 te arriesgas a correr? - Consejos - Santa Catarina","isPartOf":{"@id":"https:\/\/stacatarina.mx\/consejos\/#website"},"primaryImageOfPage":{"@id":"https:\/\/stacatarina.mx\/consejos\/la-arena-que-proviene-del-sahara-es-radiactiva-y-las-pruebas-nucleares-tienen-que-ver-con-ella-que-te-arriesgas-a-correr\/#primaryimage"},"image":{"@id":"https:\/\/stacatarina.mx\/consejos\/la-arena-que-proviene-del-sahara-es-radiactiva-y-las-pruebas-nucleares-tienen-que-ver-con-ella-que-te-arriesgas-a-correr\/#primaryimage"},"thumbnailUrl":"https:\/\/stacatarina.mx\/consejos\/wp-content\/uploads\/2025\/02\/La-arena-que-proviene-del-Sahara-es-radiactiva-y-las.jpg","datePublished":"2025-02-03T19:23:50+00:00","dateModified":"2025-02-03T19:23:51+00:00","breadcrumb":{"@id":"https:\/\/stacatarina.mx\/consejos\/la-arena-que-proviene-del-sahara-es-radiactiva-y-las-pruebas-nucleares-tienen-que-ver-con-ella-que-te-arriesgas-a-correr\/#breadcrumb"},"inLanguage":"es","potentialAction":[{"@type":"ReadAction","target":["https:\/\/stacatarina.mx\/consejos\/la-arena-que-proviene-del-sahara-es-radiactiva-y-las-pruebas-nucleares-tienen-que-ver-con-ella-que-te-arriesgas-a-correr\/"]}]},{"@type":"ImageObject","inLanguage":"es","@id":"https:\/\/stacatarina.mx\/consejos\/la-arena-que-proviene-del-sahara-es-radiactiva-y-las-pruebas-nucleares-tienen-que-ver-con-ella-que-te-arriesgas-a-correr\/#primaryimage","url":"https:\/\/stacatarina.mx\/consejos\/wp-content\/uploads\/2025\/02\/La-arena-que-proviene-del-Sahara-es-radiactiva-y-las.jpg","contentUrl":"https:\/\/stacatarina.mx\/consejos\/wp-content\/uploads\/2025\/02\/La-arena-que-proviene-del-Sahara-es-radiactiva-y-las.jpg","width":1500,"height":1000,"caption":"Sahara"},{"@type":"BreadcrumbList","@id":"https:\/\/stacatarina.mx\/consejos\/la-arena-que-proviene-del-sahara-es-radiactiva-y-las-pruebas-nucleares-tienen-que-ver-con-ella-que-te-arriesgas-a-correr\/#breadcrumb","itemListElement":[{"@type":"ListItem","position":1,"name":"Inicio","item":"https:\/\/stacatarina.mx\/consejos\/"},{"@type":"ListItem","position":2,"name":"La arena que proviene del Sahara es radiactiva (y las pruebas nucleares tienen que ver con ella): \u00bfQu\u00e9 te arriesgas a correr?"}]},{"@type":"WebSite","@id":"https:\/\/stacatarina.mx\/consejos\/#website","url":"https:\/\/stacatarina.mx\/consejos\/","name":"Santa Catarina","description":"","publisher":{"@id":"https:\/\/stacatarina.mx\/consejos\/#organization"},"potentialAction":[{"@type":"SearchAction","target":{"@type":"EntryPoint","urlTemplate":"https:\/\/stacatarina.mx\/consejos\/?s={search_term_string}"},"query-input":{"@type":"PropertyValueSpecification","valueRequired":true,"valueName":"search_term_string"}}],"inLanguage":"es"},{"@type":"Organization","@id":"https:\/\/stacatarina.mx\/consejos\/#organization","name":"Santa Catarina","url":"https:\/\/stacatarina.mx\/consejos\/","logo":{"@type":"ImageObject","inLanguage":"es","@id":"https:\/\/stacatarina.mx\/consejos\/#\/schema\/logo\/image\/","url":"https:\/\/stacatarina.mx\/consejos\/wp-content\/uploads\/2024\/09\/cropped-favicon-1-1.png","contentUrl":"https:\/\/stacatarina.mx\/consejos\/wp-content\/uploads\/2024\/09\/cropped-favicon-1-1.png","width":512,"height":512,"caption":"Santa Catarina"},"image":{"@id":"https:\/\/stacatarina.mx\/consejos\/#\/schema\/logo\/image\/"},"sameAs":["https:\/\/www.facebook.com\/stacatarinagob\/","https:\/\/x.com\/stacatarinagob","https:\/\/www.instagram.com\/stacatarinagob\/","https:\/\/www.youtube.com\/channel\/UCK-6cQJL_904665N1_nLTWw"]},{"@type":"Person","@id":"https:\/\/stacatarina.mx\/consejos\/#\/schema\/person\/0be60adffa8e4c4d0828fdf021450e8a","name":"Pedro Mart\u00ednez","image":{"@type":"ImageObject","inLanguage":"es","@id":"https:\/\/stacatarina.mx\/consejos\/#\/schema\/person\/image\/","url":"https:\/\/stacatarina.mx\/consejos\/wp-content\/uploads\/2024\/09\/stacatarina.jpg","contentUrl":"https:\/\/stacatarina.mx\/consejos\/wp-content\/uploads\/2024\/09\/stacatarina.jpg","caption":"Pedro Mart\u00ednez"},"description":"Hola, soy Pedro Mart\u00ednez, redactor jefe del sitio oficial del ayuntamiento de Santa Catarina, en M\u00e9xico. Con m\u00e1s de diez a\u00f1os de experiencia en el periodismo local, tengo una pasi\u00f3n por la investigaci\u00f3n y la difusi\u00f3n de informaci\u00f3n que valoriza nuestra hermosa comunidad. Mi compromiso es hacer de Santa Catarina una referencia en materia de transparencia y comunicaci\u00f3n municipal.","sameAs":["https:\/\/stacatarina.mx\/"]}]}},"_links":{"self":[{"href":"https:\/\/stacatarina.mx\/consejos\/wp-json\/wp\/v2\/posts\/2579"}],"collection":[{"href":"https:\/\/stacatarina.mx\/consejos\/wp-json\/wp\/v2\/posts"}],"about":[{"href":"https:\/\/stacatarina.mx\/consejos\/wp-json\/wp\/v2\/types\/post"}],"author":[{"embeddable":true,"href":"https:\/\/stacatarina.mx\/consejos\/wp-json\/wp\/v2\/users\/1"}],"replies":[{"embeddable":true,"href":"https:\/\/stacatarina.mx\/consejos\/wp-json\/wp\/v2\/comments?post=2579"}],"version-history":[{"count":1,"href":"https:\/\/stacatarina.mx\/consejos\/wp-json\/wp\/v2\/posts\/2579\/revisions"}],"predecessor-version":[{"id":2581,"href":"https:\/\/stacatarina.mx\/consejos\/wp-json\/wp\/v2\/posts\/2579\/revisions\/2581"}],"wp:featuredmedia":[{"embeddable":true,"href":"https:\/\/stacatarina.mx\/consejos\/wp-json\/wp\/v2\/media\/2580"}],"wp:attachment":[{"href":"https:\/\/stacatarina.mx\/consejos\/wp-json\/wp\/v2\/media?parent=2579"}],"wp:term":[{"taxonomy":"category","embeddable":true,"href":"https:\/\/stacatarina.mx\/consejos\/wp-json\/wp\/v2\/categories?post=2579"},{"taxonomy":"post_tag","embeddable":true,"href":"https:\/\/stacatarina.mx\/consejos\/wp-json\/wp\/v2\/tags?post=2579"}],"curies":[{"name":"wp","href":"https:\/\/api.w.org\/{rel}","templated":true}]}}