{"id":259,"date":"2024-09-12T07:41:08","date_gmt":"2024-09-12T13:41:08","guid":{"rendered":"https:\/\/stacatarina.mx\/consejos\/el-gobierno-del-reino-unido-vuelve-a-comparecer-ante-la-convencion-de-berna-esta-semana-por-su-politica-de-sacrificio-de-tejones\/"},"modified":"2024-09-12T07:41:08","modified_gmt":"2024-09-12T13:41:08","slug":"el-gobierno-del-reino-unido-vuelve-a-comparecer-ante-la-convencion-de-berna-esta-semana-por-su-politica-de-sacrificio-de-tejones","status":"publish","type":"post","link":"https:\/\/stacatarina.mx\/consejos\/el-gobierno-del-reino-unido-vuelve-a-comparecer-ante-la-convencion-de-berna-esta-semana-por-su-politica-de-sacrificio-de-tejones\/","title":{"rendered":"El Gobierno del Reino Unido vuelve a comparecer ante la Convenci\u00f3n de Berna esta semana por su pol\u00edtica de sacrificio de tejones"},"content":{"rendered":"<div class=\"entry-content\">\n<p><strong>Nuevas evidencias resaltan las preocupaciones sobre la extinci\u00f3n local a partir de un censo de poblaci\u00f3n inadecuado y la decisi\u00f3n de Natural England de sacrificar animales en 2024 en contra del consejo.<\/strong><\/p>\n<p>El Gobierno del Reino Unido vuelve a enfrentarse a la Convenci\u00f3n de Berna esta semana debido a su continua y pol\u00e9mica pol\u00edtica de sacrificio de tejones que ya ha matado a m\u00e1s de 230.000 tejones y tiene como objetivo matar a otros 50.000 en 2024.  <\/p>\n<p>El Convenio de Berna es un tratado internacional para conservar y proteger la naturaleza y la vida silvestre. El Reino Unido es signatario y se espera que respete sus principios.<\/p>\n<p>La Convenci\u00f3n tiene ante s\u00ed m\u00e1s pruebas de Badger Trust, Born Free y Eurogroup for Animals. Estas pruebas llaman especialmente la atenci\u00f3n sobre el continuo e inadecuado censo de la poblaci\u00f3n de tejones. Es necesario un censo de la poblaci\u00f3n para evitar casos de extinci\u00f3n local. <\/p>\n<p>La evidencia tambi\u00e9n pone de relieve la controversia en torno al sacrificio de tejones de 2024 que comenz\u00f3 en junio, que se lleva a cabo en contra del consejo del Director de Ciencias de Natural England y a pesar de que el manifiesto laborista califica el sacrificio de &#8220;ineficaz&#8221;.<\/p>\n<p>Peter Hambly Badger Trust dijo:<\/p>\n<p>\u201cEl hecho de que la Convenci\u00f3n de Berna haya abierto un expediente sobre las acciones del gobierno del Reino Unido demuestra lo perjudicial que es para nuestro mundo natural la matanza de tejones. La tuberculosis bovina es una enfermedad que se transmite principalmente de ganado vacuno a ganado vacuno, por lo que la matanza masiva de tejones es injustificada, ineficaz y poco \u00e9tica.  <\/p>\n<p>Cuando los cient\u00edficos dicen basta y con eventos de extinci\u00f3n local de tejones en riesgo de ocurrir en todo el suroeste, debemos pedir un alto a este ataque a la naturaleza y a esta tragedia de la vida silvestre inglesa\u201d.<\/p>\n<p>Mark Jones, de Born Free, afirm\u00f3:<\/p>\n<p>\u201cLos tejones son una especie protegida por la Convenci\u00f3n de Berna del Consejo de Europa. El gobierno del Reino Unido es signatario de la Convenci\u00f3n y, por lo tanto, est\u00e1 obligado a aplicarla. <\/p>\n<p>La raz\u00f3n para permitir el sacrificio de tejones en virtud de los t\u00e9rminos de la Convenci\u00f3n es evitar da\u00f1os graves al ganado. El hecho de que el gobierno del Reino Unido admita en su manifiesto que los sacrificios son ineficaces significa que no tiene motivos para continuar con esa pol\u00edtica. <\/p>\n<p>\u201cUn tej\u00f3n muerto m\u00e1s es demasiado. Imploramos a la Convenci\u00f3n que inste al gobierno a implementar una moratoria inmediata sobre la matanza de tejones y a sentarse a la mesa para discutir estrategias alternativas para controlar la tuberculosis bovina\u201d.<\/p>\n<\/p><\/div>\n","protected":false},"excerpt":{"rendered":"<p>Nuevas evidencias resaltan las preocupaciones sobre la extinci\u00f3n local a partir de un censo de poblaci\u00f3n inadecuado y la decisi\u00f3n de Natural England de sacrificar<\/p>\n","protected":false},"author":1,"featured_media":248,"comment_status":"closed","ping_status":"","sticky":false,"template":"","format":"standard","meta":{"footnotes":""},"categories":[68],"tags":[107,109,106,108,23,110,104,113,112,9,114,111,115,10,105],"class_list":["post-259","post","type-post","status-publish","format-standard","has-post-thumbnail","hentry","category-fauna-y-flora","tag-ante","tag-berna","tag-comparecer","tag-convencion","tag-del","tag-esta","tag-gobierno","tag-politica","tag-por","tag-reino","tag-sacrificio","tag-semana","tag-tejones","tag-unido","tag-vuelve","generate-columns","tablet-grid-50","mobile-grid-100","grid-parent","grid-50"],"yoast_head":"<!-- This site is optimized with the Yoast SEO plugin v23.4 - https:\/\/yoast.com\/wordpress\/plugins\/seo\/ -->\n<title>El Gobierno del Reino Unido vuelve a comparecer ante la Convenci\u00f3n de Berna esta semana por su pol\u00edtica de sacrificio de tejones - Consejos - Santa Catarina<\/title>\n<meta name=\"robots\" content=\"index, follow, max-snippet:-1, max-image-preview:large, max-video-preview:-1\" \/>\n<link rel=\"canonical\" href=\"https:\/\/stacatarina.mx\/consejos\/el-gobierno-del-reino-unido-vuelve-a-comparecer-ante-la-convencion-de-berna-esta-semana-por-su-politica-de-sacrificio-de-tejones\/\" \/>\n<meta property=\"og:locale\" content=\"es_MX\" \/>\n<meta property=\"og:type\" content=\"article\" \/>\n<meta property=\"og:title\" content=\"El Gobierno del Reino Unido vuelve a comparecer ante la Convenci\u00f3n de Berna esta semana por su pol\u00edtica de sacrificio de tejones - Consejos - Santa Catarina\" \/>\n<meta property=\"og:description\" content=\"Nuevas evidencias resaltan las preocupaciones sobre la extinci\u00f3n local a partir de un censo de poblaci\u00f3n inadecuado y la decisi\u00f3n de Natural England de sacrificar\" \/>\n<meta property=\"og:url\" content=\"https:\/\/stacatarina.mx\/consejos\/el-gobierno-del-reino-unido-vuelve-a-comparecer-ante-la-convencion-de-berna-esta-semana-por-su-politica-de-sacrificio-de-tejones\/\" \/>\n<meta property=\"og:site_name\" content=\"Santa Catarina\" \/>\n<meta property=\"article:publisher\" content=\"https:\/\/www.facebook.com\/stacatarinagob\/\" \/>\n<meta property=\"article:published_time\" content=\"2024-09-12T13:41:08+00:00\" \/>\n<meta property=\"og:image\" content=\"https:\/\/stacatarina.mx\/consejos\/wp-content\/uploads\/2024\/09\/El-Gobierno-del-Reino-Unido-vuelve-a-comparecer-ante-la.jpg\" \/>\n\t<meta property=\"og:image:width\" content=\"900\" \/>\n\t<meta property=\"og:image:height\" content=\"600\" \/>\n\t<meta property=\"og:image:type\" content=\"image\/jpeg\" \/>\n<meta name=\"author\" content=\"Pedro Mart\u00ednez\" \/>\n<meta name=\"twitter:card\" content=\"summary_large_image\" \/>\n<meta name=\"twitter:creator\" content=\"@stacatarinagob\" \/>\n<meta name=\"twitter:site\" content=\"@stacatarinagob\" \/>\n<meta name=\"twitter:label1\" content=\"Escrito por\" \/>\n\t<meta name=\"twitter:data1\" content=\"Pedro Mart\u00ednez\" \/>\n\t<meta name=\"twitter:label2\" content=\"Tiempo de lectura\" \/>\n\t<meta name=\"twitter:data2\" content=\"2 minutos\" \/>\n<script type=\"application\/ld+json\" class=\"yoast-schema-graph\">{\"@context\":\"https:\/\/schema.org\",\"@graph\":[{\"@type\":\"Article\",\"@id\":\"https:\/\/stacatarina.mx\/consejos\/el-gobierno-del-reino-unido-vuelve-a-comparecer-ante-la-convencion-de-berna-esta-semana-por-su-politica-de-sacrificio-de-tejones\/#article\",\"isPartOf\":{\"@id\":\"https:\/\/stacatarina.mx\/consejos\/el-gobierno-del-reino-unido-vuelve-a-comparecer-ante-la-convencion-de-berna-esta-semana-por-su-politica-de-sacrificio-de-tejones\/\"},\"author\":{\"name\":\"Pedro Mart\u00ednez\",\"@id\":\"https:\/\/stacatarina.mx\/consejos\/#\/schema\/person\/0be60adffa8e4c4d0828fdf021450e8a\"},\"headline\":\"El Gobierno del Reino Unido vuelve a comparecer ante la Convenci\u00f3n de Berna esta semana por su pol\u00edtica de sacrificio de tejones\",\"datePublished\":\"2024-09-12T13:41:08+00:00\",\"dateModified\":\"2024-09-12T13:41:08+00:00\",\"mainEntityOfPage\":{\"@id\":\"https:\/\/stacatarina.mx\/consejos\/el-gobierno-del-reino-unido-vuelve-a-comparecer-ante-la-convencion-de-berna-esta-semana-por-su-politica-de-sacrificio-de-tejones\/\"},\"wordCount\":484,\"publisher\":{\"@id\":\"https:\/\/stacatarina.mx\/consejos\/#organization\"},\"image\":{\"@id\":\"https:\/\/stacatarina.mx\/consejos\/el-gobierno-del-reino-unido-vuelve-a-comparecer-ante-la-convencion-de-berna-esta-semana-por-su-politica-de-sacrificio-de-tejones\/#primaryimage\"},\"thumbnailUrl\":\"https:\/\/stacatarina.mx\/consejos\/wp-content\/uploads\/2024\/09\/El-Gobierno-del-Reino-Unido-vuelve-a-comparecer-ante-la.jpg\",\"keywords\":[\"ante\",\"Berna\",\"comparecer\",\"Convenci\u00f3n\",\"del\",\"esta\",\"Gobierno\",\"pol\u00edtica\",\"por\",\"Reino\",\"sacrificio\",\"semana\",\"tejones\",\"Unido\",\"vuelve\"],\"articleSection\":[\"Fauna y Flora\"],\"inLanguage\":\"es\"},{\"@type\":\"WebPage\",\"@id\":\"https:\/\/stacatarina.mx\/consejos\/el-gobierno-del-reino-unido-vuelve-a-comparecer-ante-la-convencion-de-berna-esta-semana-por-su-politica-de-sacrificio-de-tejones\/\",\"url\":\"https:\/\/stacatarina.mx\/consejos\/el-gobierno-del-reino-unido-vuelve-a-comparecer-ante-la-convencion-de-berna-esta-semana-por-su-politica-de-sacrificio-de-tejones\/\",\"name\":\"El Gobierno del Reino Unido vuelve a comparecer ante la Convenci\u00f3n de Berna esta semana por su pol\u00edtica de sacrificio de tejones - Consejos - Santa Catarina\",\"isPartOf\":{\"@id\":\"https:\/\/stacatarina.mx\/consejos\/#website\"},\"primaryImageOfPage\":{\"@id\":\"https:\/\/stacatarina.mx\/consejos\/el-gobierno-del-reino-unido-vuelve-a-comparecer-ante-la-convencion-de-berna-esta-semana-por-su-politica-de-sacrificio-de-tejones\/#primaryimage\"},\"image\":{\"@id\":\"https:\/\/stacatarina.mx\/consejos\/el-gobierno-del-reino-unido-vuelve-a-comparecer-ante-la-convencion-de-berna-esta-semana-por-su-politica-de-sacrificio-de-tejones\/#primaryimage\"},\"thumbnailUrl\":\"https:\/\/stacatarina.mx\/consejos\/wp-content\/uploads\/2024\/09\/El-Gobierno-del-Reino-Unido-vuelve-a-comparecer-ante-la.jpg\",\"datePublished\":\"2024-09-12T13:41:08+00:00\",\"dateModified\":\"2024-09-12T13:41:08+00:00\",\"breadcrumb\":{\"@id\":\"https:\/\/stacatarina.mx\/consejos\/el-gobierno-del-reino-unido-vuelve-a-comparecer-ante-la-convencion-de-berna-esta-semana-por-su-politica-de-sacrificio-de-tejones\/#breadcrumb\"},\"inLanguage\":\"es\",\"potentialAction\":[{\"@type\":\"ReadAction\",\"target\":[\"https:\/\/stacatarina.mx\/consejos\/el-gobierno-del-reino-unido-vuelve-a-comparecer-ante-la-convencion-de-berna-esta-semana-por-su-politica-de-sacrificio-de-tejones\/\"]}]},{\"@type\":\"ImageObject\",\"inLanguage\":\"es\",\"@id\":\"https:\/\/stacatarina.mx\/consejos\/el-gobierno-del-reino-unido-vuelve-a-comparecer-ante-la-convencion-de-berna-esta-semana-por-su-politica-de-sacrificio-de-tejones\/#primaryimage\",\"url\":\"https:\/\/stacatarina.mx\/consejos\/wp-content\/uploads\/2024\/09\/El-Gobierno-del-Reino-Unido-vuelve-a-comparecer-ante-la.jpg\",\"contentUrl\":\"https:\/\/stacatarina.mx\/consejos\/wp-content\/uploads\/2024\/09\/El-Gobierno-del-Reino-Unido-vuelve-a-comparecer-ante-la.jpg\",\"width\":900,\"height\":600,\"caption\":\"The UK Government is back in front of the Bern Convention this week about its badger cull policy\"},{\"@type\":\"BreadcrumbList\",\"@id\":\"https:\/\/stacatarina.mx\/consejos\/el-gobierno-del-reino-unido-vuelve-a-comparecer-ante-la-convencion-de-berna-esta-semana-por-su-politica-de-sacrificio-de-tejones\/#breadcrumb\",\"itemListElement\":[{\"@type\":\"ListItem\",\"position\":1,\"name\":\"Inicio\",\"item\":\"https:\/\/stacatarina.mx\/consejos\/\"},{\"@type\":\"ListItem\",\"position\":2,\"name\":\"El Gobierno del Reino Unido vuelve a comparecer ante la Convenci\u00f3n de Berna esta semana por su pol\u00edtica de sacrificio de tejones\"}]},{\"@type\":\"WebSite\",\"@id\":\"https:\/\/stacatarina.mx\/consejos\/#website\",\"url\":\"https:\/\/stacatarina.mx\/consejos\/\",\"name\":\"Santa Catarina\",\"description\":\"\",\"publisher\":{\"@id\":\"https:\/\/stacatarina.mx\/consejos\/#organization\"},\"potentialAction\":[{\"@type\":\"SearchAction\",\"target\":{\"@type\":\"EntryPoint\",\"urlTemplate\":\"https:\/\/stacatarina.mx\/consejos\/?s={search_term_string}\"},\"query-input\":{\"@type\":\"PropertyValueSpecification\",\"valueRequired\":true,\"valueName\":\"search_term_string\"}}],\"inLanguage\":\"es\"},{\"@type\":\"Organization\",\"@id\":\"https:\/\/stacatarina.mx\/consejos\/#organization\",\"name\":\"Santa Catarina\",\"url\":\"https:\/\/stacatarina.mx\/consejos\/\",\"logo\":{\"@type\":\"ImageObject\",\"inLanguage\":\"es\",\"@id\":\"https:\/\/stacatarina.mx\/consejos\/#\/schema\/logo\/image\/\",\"url\":\"https:\/\/stacatarina.mx\/consejos\/wp-content\/uploads\/2024\/09\/cropped-favicon-1-1.png\",\"contentUrl\":\"https:\/\/stacatarina.mx\/consejos\/wp-content\/uploads\/2024\/09\/cropped-favicon-1-1.png\",\"width\":512,\"height\":512,\"caption\":\"Santa Catarina\"},\"image\":{\"@id\":\"https:\/\/stacatarina.mx\/consejos\/#\/schema\/logo\/image\/\"},\"sameAs\":[\"https:\/\/www.facebook.com\/stacatarinagob\/\",\"https:\/\/x.com\/stacatarinagob\",\"https:\/\/www.instagram.com\/stacatarinagob\/\",\"https:\/\/www.youtube.com\/channel\/UCK-6cQJL_904665N1_nLTWw\"]},{\"@type\":\"Person\",\"@id\":\"https:\/\/stacatarina.mx\/consejos\/#\/schema\/person\/0be60adffa8e4c4d0828fdf021450e8a\",\"name\":\"Pedro Mart\u00ednez\",\"image\":{\"@type\":\"ImageObject\",\"inLanguage\":\"es\",\"@id\":\"https:\/\/stacatarina.mx\/consejos\/#\/schema\/person\/image\/\",\"url\":\"https:\/\/stacatarina.mx\/consejos\/wp-content\/uploads\/2024\/09\/stacatarina.jpg\",\"contentUrl\":\"https:\/\/stacatarina.mx\/consejos\/wp-content\/uploads\/2024\/09\/stacatarina.jpg\",\"caption\":\"Pedro Mart\u00ednez\"},\"description\":\"Hola, soy Pedro Mart\u00ednez, redactor jefe del sitio oficial del ayuntamiento de Santa Catarina, en M\u00e9xico. Con m\u00e1s de diez a\u00f1os de experiencia en el periodismo local, tengo una pasi\u00f3n por la investigaci\u00f3n y la difusi\u00f3n de informaci\u00f3n que valoriza nuestra hermosa comunidad. Mi compromiso es hacer de Santa Catarina una referencia en materia de transparencia y comunicaci\u00f3n municipal.\",\"sameAs\":[\"https:\/\/stacatarina.mx\/\"]}]}<\/script>\n<!-- \/ Yoast SEO plugin. -->","yoast_head_json":{"title":"El Gobierno del Reino Unido vuelve a comparecer ante la Convenci\u00f3n de Berna esta semana por su pol\u00edtica de sacrificio de tejones - Consejos - Santa Catarina","robots":{"index":"index","follow":"follow","max-snippet":"max-snippet:-1","max-image-preview":"max-image-preview:large","max-video-preview":"max-video-preview:-1"},"canonical":"https:\/\/stacatarina.mx\/consejos\/el-gobierno-del-reino-unido-vuelve-a-comparecer-ante-la-convencion-de-berna-esta-semana-por-su-politica-de-sacrificio-de-tejones\/","og_locale":"es_MX","og_type":"article","og_title":"El Gobierno del Reino Unido vuelve a comparecer ante la Convenci\u00f3n de Berna esta semana por su pol\u00edtica de sacrificio de tejones - Consejos - Santa Catarina","og_description":"Nuevas evidencias resaltan las preocupaciones sobre la extinci\u00f3n local a partir de un censo de poblaci\u00f3n inadecuado y la decisi\u00f3n de Natural England de sacrificar","og_url":"https:\/\/stacatarina.mx\/consejos\/el-gobierno-del-reino-unido-vuelve-a-comparecer-ante-la-convencion-de-berna-esta-semana-por-su-politica-de-sacrificio-de-tejones\/","og_site_name":"Santa Catarina","article_publisher":"https:\/\/www.facebook.com\/stacatarinagob\/","article_published_time":"2024-09-12T13:41:08+00:00","og_image":[{"width":900,"height":600,"url":"https:\/\/stacatarina.mx\/consejos\/wp-content\/uploads\/2024\/09\/El-Gobierno-del-Reino-Unido-vuelve-a-comparecer-ante-la.jpg","type":"image\/jpeg"}],"author":"Pedro Mart\u00ednez","twitter_card":"summary_large_image","twitter_creator":"@stacatarinagob","twitter_site":"@stacatarinagob","twitter_misc":{"Escrito por":"Pedro Mart\u00ednez","Tiempo de lectura":"2 minutos"},"schema":{"@context":"https:\/\/schema.org","@graph":[{"@type":"Article","@id":"https:\/\/stacatarina.mx\/consejos\/el-gobierno-del-reino-unido-vuelve-a-comparecer-ante-la-convencion-de-berna-esta-semana-por-su-politica-de-sacrificio-de-tejones\/#article","isPartOf":{"@id":"https:\/\/stacatarina.mx\/consejos\/el-gobierno-del-reino-unido-vuelve-a-comparecer-ante-la-convencion-de-berna-esta-semana-por-su-politica-de-sacrificio-de-tejones\/"},"author":{"name":"Pedro Mart\u00ednez","@id":"https:\/\/stacatarina.mx\/consejos\/#\/schema\/person\/0be60adffa8e4c4d0828fdf021450e8a"},"headline":"El Gobierno del Reino Unido vuelve a comparecer ante la Convenci\u00f3n de Berna esta semana por su pol\u00edtica de sacrificio de tejones","datePublished":"2024-09-12T13:41:08+00:00","dateModified":"2024-09-12T13:41:08+00:00","mainEntityOfPage":{"@id":"https:\/\/stacatarina.mx\/consejos\/el-gobierno-del-reino-unido-vuelve-a-comparecer-ante-la-convencion-de-berna-esta-semana-por-su-politica-de-sacrificio-de-tejones\/"},"wordCount":484,"publisher":{"@id":"https:\/\/stacatarina.mx\/consejos\/#organization"},"image":{"@id":"https:\/\/stacatarina.mx\/consejos\/el-gobierno-del-reino-unido-vuelve-a-comparecer-ante-la-convencion-de-berna-esta-semana-por-su-politica-de-sacrificio-de-tejones\/#primaryimage"},"thumbnailUrl":"https:\/\/stacatarina.mx\/consejos\/wp-content\/uploads\/2024\/09\/El-Gobierno-del-Reino-Unido-vuelve-a-comparecer-ante-la.jpg","keywords":["ante","Berna","comparecer","Convenci\u00f3n","del","esta","Gobierno","pol\u00edtica","por","Reino","sacrificio","semana","tejones","Unido","vuelve"],"articleSection":["Fauna y Flora"],"inLanguage":"es"},{"@type":"WebPage","@id":"https:\/\/stacatarina.mx\/consejos\/el-gobierno-del-reino-unido-vuelve-a-comparecer-ante-la-convencion-de-berna-esta-semana-por-su-politica-de-sacrificio-de-tejones\/","url":"https:\/\/stacatarina.mx\/consejos\/el-gobierno-del-reino-unido-vuelve-a-comparecer-ante-la-convencion-de-berna-esta-semana-por-su-politica-de-sacrificio-de-tejones\/","name":"El Gobierno del Reino Unido vuelve a comparecer ante la Convenci\u00f3n de Berna esta semana por su pol\u00edtica de sacrificio de tejones - Consejos - Santa Catarina","isPartOf":{"@id":"https:\/\/stacatarina.mx\/consejos\/#website"},"primaryImageOfPage":{"@id":"https:\/\/stacatarina.mx\/consejos\/el-gobierno-del-reino-unido-vuelve-a-comparecer-ante-la-convencion-de-berna-esta-semana-por-su-politica-de-sacrificio-de-tejones\/#primaryimage"},"image":{"@id":"https:\/\/stacatarina.mx\/consejos\/el-gobierno-del-reino-unido-vuelve-a-comparecer-ante-la-convencion-de-berna-esta-semana-por-su-politica-de-sacrificio-de-tejones\/#primaryimage"},"thumbnailUrl":"https:\/\/stacatarina.mx\/consejos\/wp-content\/uploads\/2024\/09\/El-Gobierno-del-Reino-Unido-vuelve-a-comparecer-ante-la.jpg","datePublished":"2024-09-12T13:41:08+00:00","dateModified":"2024-09-12T13:41:08+00:00","breadcrumb":{"@id":"https:\/\/stacatarina.mx\/consejos\/el-gobierno-del-reino-unido-vuelve-a-comparecer-ante-la-convencion-de-berna-esta-semana-por-su-politica-de-sacrificio-de-tejones\/#breadcrumb"},"inLanguage":"es","potentialAction":[{"@type":"ReadAction","target":["https:\/\/stacatarina.mx\/consejos\/el-gobierno-del-reino-unido-vuelve-a-comparecer-ante-la-convencion-de-berna-esta-semana-por-su-politica-de-sacrificio-de-tejones\/"]}]},{"@type":"ImageObject","inLanguage":"es","@id":"https:\/\/stacatarina.mx\/consejos\/el-gobierno-del-reino-unido-vuelve-a-comparecer-ante-la-convencion-de-berna-esta-semana-por-su-politica-de-sacrificio-de-tejones\/#primaryimage","url":"https:\/\/stacatarina.mx\/consejos\/wp-content\/uploads\/2024\/09\/El-Gobierno-del-Reino-Unido-vuelve-a-comparecer-ante-la.jpg","contentUrl":"https:\/\/stacatarina.mx\/consejos\/wp-content\/uploads\/2024\/09\/El-Gobierno-del-Reino-Unido-vuelve-a-comparecer-ante-la.jpg","width":900,"height":600,"caption":"The UK Government is back in front of the Bern Convention this week about its badger cull policy"},{"@type":"BreadcrumbList","@id":"https:\/\/stacatarina.mx\/consejos\/el-gobierno-del-reino-unido-vuelve-a-comparecer-ante-la-convencion-de-berna-esta-semana-por-su-politica-de-sacrificio-de-tejones\/#breadcrumb","itemListElement":[{"@type":"ListItem","position":1,"name":"Inicio","item":"https:\/\/stacatarina.mx\/consejos\/"},{"@type":"ListItem","position":2,"name":"El Gobierno del Reino Unido vuelve a comparecer ante la Convenci\u00f3n de Berna esta semana por su pol\u00edtica de sacrificio de tejones"}]},{"@type":"WebSite","@id":"https:\/\/stacatarina.mx\/consejos\/#website","url":"https:\/\/stacatarina.mx\/consejos\/","name":"Santa Catarina","description":"","publisher":{"@id":"https:\/\/stacatarina.mx\/consejos\/#organization"},"potentialAction":[{"@type":"SearchAction","target":{"@type":"EntryPoint","urlTemplate":"https:\/\/stacatarina.mx\/consejos\/?s={search_term_string}"},"query-input":{"@type":"PropertyValueSpecification","valueRequired":true,"valueName":"search_term_string"}}],"inLanguage":"es"},{"@type":"Organization","@id":"https:\/\/stacatarina.mx\/consejos\/#organization","name":"Santa Catarina","url":"https:\/\/stacatarina.mx\/consejos\/","logo":{"@type":"ImageObject","inLanguage":"es","@id":"https:\/\/stacatarina.mx\/consejos\/#\/schema\/logo\/image\/","url":"https:\/\/stacatarina.mx\/consejos\/wp-content\/uploads\/2024\/09\/cropped-favicon-1-1.png","contentUrl":"https:\/\/stacatarina.mx\/consejos\/wp-content\/uploads\/2024\/09\/cropped-favicon-1-1.png","width":512,"height":512,"caption":"Santa Catarina"},"image":{"@id":"https:\/\/stacatarina.mx\/consejos\/#\/schema\/logo\/image\/"},"sameAs":["https:\/\/www.facebook.com\/stacatarinagob\/","https:\/\/x.com\/stacatarinagob","https:\/\/www.instagram.com\/stacatarinagob\/","https:\/\/www.youtube.com\/channel\/UCK-6cQJL_904665N1_nLTWw"]},{"@type":"Person","@id":"https:\/\/stacatarina.mx\/consejos\/#\/schema\/person\/0be60adffa8e4c4d0828fdf021450e8a","name":"Pedro Mart\u00ednez","image":{"@type":"ImageObject","inLanguage":"es","@id":"https:\/\/stacatarina.mx\/consejos\/#\/schema\/person\/image\/","url":"https:\/\/stacatarina.mx\/consejos\/wp-content\/uploads\/2024\/09\/stacatarina.jpg","contentUrl":"https:\/\/stacatarina.mx\/consejos\/wp-content\/uploads\/2024\/09\/stacatarina.jpg","caption":"Pedro Mart\u00ednez"},"description":"Hola, soy Pedro Mart\u00ednez, redactor jefe del sitio oficial del ayuntamiento de Santa Catarina, en M\u00e9xico. Con m\u00e1s de diez a\u00f1os de experiencia en el periodismo local, tengo una pasi\u00f3n por la investigaci\u00f3n y la difusi\u00f3n de informaci\u00f3n que valoriza nuestra hermosa comunidad. Mi compromiso es hacer de Santa Catarina una referencia en materia de transparencia y comunicaci\u00f3n municipal.","sameAs":["https:\/\/stacatarina.mx\/"]}]}},"_links":{"self":[{"href":"https:\/\/stacatarina.mx\/consejos\/wp-json\/wp\/v2\/posts\/259"}],"collection":[{"href":"https:\/\/stacatarina.mx\/consejos\/wp-json\/wp\/v2\/posts"}],"about":[{"href":"https:\/\/stacatarina.mx\/consejos\/wp-json\/wp\/v2\/types\/post"}],"author":[{"embeddable":true,"href":"https:\/\/stacatarina.mx\/consejos\/wp-json\/wp\/v2\/users\/1"}],"replies":[{"embeddable":true,"href":"https:\/\/stacatarina.mx\/consejos\/wp-json\/wp\/v2\/comments?post=259"}],"version-history":[{"count":1,"href":"https:\/\/stacatarina.mx\/consejos\/wp-json\/wp\/v2\/posts\/259\/revisions"}],"predecessor-version":[{"id":260,"href":"https:\/\/stacatarina.mx\/consejos\/wp-json\/wp\/v2\/posts\/259\/revisions\/260"}],"wp:featuredmedia":[{"embeddable":true,"href":"https:\/\/stacatarina.mx\/consejos\/wp-json\/wp\/v2\/media\/248"}],"wp:attachment":[{"href":"https:\/\/stacatarina.mx\/consejos\/wp-json\/wp\/v2\/media?parent=259"}],"wp:term":[{"taxonomy":"category","embeddable":true,"href":"https:\/\/stacatarina.mx\/consejos\/wp-json\/wp\/v2\/categories?post=259"},{"taxonomy":"post_tag","embeddable":true,"href":"https:\/\/stacatarina.mx\/consejos\/wp-json\/wp\/v2\/tags?post=259"}],"curies":[{"name":"wp","href":"https:\/\/api.w.org\/{rel}","templated":true}]}}