{"id":2594,"date":"2025-02-04T04:24:12","date_gmt":"2025-02-04T10:24:12","guid":{"rendered":"https:\/\/stacatarina.mx\/consejos\/hoy-es-el-dia-mundial-del-cancer-porque-el-nuevo-unitedbyunique-eslogan-es-tan-importante\/"},"modified":"2025-02-04T04:24:13","modified_gmt":"2025-02-04T10:24:13","slug":"hoy-es-el-dia-mundial-del-cancer-porque-el-nuevo-unitedbyunique-eslogan-es-tan-importante","status":"publish","type":"post","link":"https:\/\/stacatarina.mx\/consejos\/hoy-es-el-dia-mundial-del-cancer-porque-el-nuevo-unitedbyunique-eslogan-es-tan-importante\/","title":{"rendered":"Hoy es el D\u00eda Mundial del C\u00e1ncer: porque el nuevo #UnitedByUnique eslogan es tan importante"},"content":{"rendered":"<p class=\"single-abstract\">\n<p>\t\t\t\t\t\t\t\t\t\t\t\t\t\t\t\t\tUn enfoque que mira a la persona antes del paciente: este es el significado del lema #UnitedByUnique elegido para la campa\u00f1a global de la Uni\u00f3n para el Control Internacional del C\u00e1ncer\t\t\t\t\t\t\t\t\t\t\t\t\t\t\t<\/p>\n<div class=\"daily-video\" style=\"display: none;\"><\/div>\n<div class=\"wrapper-player\" style=\"display: none; margin-bottom: 15px;\">\n<div id=\"daily-player\" style=\"position: relative; max-width: 100%;\" class=\"video-content\"><\/div>\n<\/p><\/div>\n<div class=\"image-wrapper featured-image no-lazy\" id=\"featured-image\"><\/div>\n<p>Hoy, 4 de febrero, el <strong>D\u00eda Mundial del C\u00e1ncer<\/strong>una oportunidad para reflexionar sobre la prevenci\u00f3n, la atenci\u00f3n y el apoyo a los pacientes con c\u00e1ncer. Para el per\u00edodo de tres a\u00f1os 2025-2027, la campa\u00f1a global promovida por la Uni\u00f3n para el Control Internacional del C\u00e1ncer eligi\u00f3 el <strong>eslogan<\/strong> <strong>#UnitedByUnique<\/strong>que subraya la importancia de <strong>unir<\/strong> en la lucha contra el c\u00e1ncer, mientras reconoce <strong>la singularidad de cada individuo<\/strong> golpeado por la enfermedad.<\/p>\n<p>El c\u00e1ncer, de hecho, no es solo una condici\u00f3n m\u00e9dica, sino una experiencia que involucra toda la vida de los afectados. Detr\u00e1s de cada diagn\u00f3stico hay <strong>Historias de sufrimiento, fuerza, esperanza<\/strong>. Precisamente por esta raz\u00f3n, la nueva visi\u00f3n del tratamiento oncol\u00f3gico se basa en <strong>&#8220;Cuidado centrado en la gente&#8221;<\/strong>un modelo que no se limita a los aspectos cl\u00ednicos, pero tambi\u00e9n tiene en cuenta <strong>Necesidades psicol\u00f3gicas, emocionales y sociales de los pacientes<\/strong>. Involucrar a miembros de la familia, trabajadores de la salud y comunidades en el camino de la atenci\u00f3n puede mejorar tanto la efectividad de las terapias como la calidad de vida de quienes enfrentan la enfermedad.<\/p>\n<h2>\u00a1La prevenci\u00f3n es fundamental!<\/h2>\n<p>Uno de los objetivos clave de la campa\u00f1a es crear conciencia p\u00fablica sobre la importancia de <strong>prevenci\u00f3n<\/strong>. Se estima que sobre <strong>Se podr\u00eda evitar un tercio de los tumores adoptando estilos de vida saludables.<\/strong>. Sin embargo, en Italia, el consumo de alcohol, el tabaquismo, el estilo de vida sedentario y el sobrepeso siguen siendo problemas generalizados. La obesidad, por ejemplo, est\u00e1 vinculada a 12 tipos de c\u00e1ncer, mientras que fumar es responsable de <strong>25% de las muertes por c\u00e1ncer en el mundo<\/strong>.<\/p>\n<aside style=\"margin: 8px auto; text-align: center; display: block; clear: both;\">\n<div id=\"gpt-passback\">\n<\/div>\n<\/aside>\n<p>A pesar de la evidencia cient\u00edfica, muchos m\u00e9dicos sobre c\u00f3mo reducir los factores de riesgo. <strong>Solo el 43% de las personas con sobrepeso reciben consejos <\/strong>Perder peso, y menos de la mitad de los fumadores se alienta a detenerse. Adem\u00e1s <strong>Solo el 30% de los sedentarios<\/strong> recibe recomendaciones para hacer actividad f\u00edsica. Es esencial llenar este vac\u00edo de informaci\u00f3n, para que la prevenci\u00f3n se convierta en una prioridad concreta para todos.<\/p>\n<p>Adem\u00e1s de los aspectos m\u00e9dicos, el c\u00e1ncer tambi\u00e9n tiene un <strong>Impacto econ\u00f3mico significativo<\/strong>. En Italia, <strong>26% de los pacientes con c\u00e1ncer<\/strong> experimento <strong>dificultades financieras relacionadas con los gastos de atenci\u00f3n, drogas y movimientos <\/strong>Hacia centros especializados. Adem\u00e1s, las personas con recursos econ\u00f3micos m\u00e1s peque\u00f1os y un bajo nivel de educaci\u00f3n tienen un <strong>mayor riesgo de desarrollar la enfermedad<\/strong> Es una menor probabilidad de curaci\u00f3n.<\/p>\n<p>Otro desaf\u00edo importante es garantizar que el <strong>calidad de vida<\/strong> Los pacientes son monitoreados adecuadamente. Actualmente, menos del 70% de los estudios cl\u00ednicos incluyen este aspecto entre los par\u00e1metros de evaluaci\u00f3n, y solo se publica la mitad de los datos recopilados. Para mejorar el manejo de la enfermedad, es esencial escuchar a los pacientes directamente e integrar sus experiencias en investigaci\u00f3n y pr\u00e1ctica cl\u00ednica.<\/p>\n<p>Por lo tanto, el D\u00eda Mundial del C\u00e1ncer 2025 debe invitarnos a mirar m\u00e1s all\u00e1 de la enfermedad y <strong>Pon a la persona en el centro<\/strong>. Al combinar habilidades m\u00e9dicas, compromiso social y apoyo mutuo, podemos construir un futuro en el que cada paciente se ve en primer lugar como un individuo, con su historia, sus necesidades y su dignidad.<\/p>\n<div class=\"wordpress responsive-container\">\n<blockquote class=\"instagram-media\" data-instgrm-captioned data-instgrm-permalink=\"https:\/\/www.instagram.com\/reel\/DFo4-MaNXmi\/?utm_source=ig_embed&amp;utm_campaign=loading\" data-instgrm-version=\"14\" style=\" background:#FFF; border:0; border-radius:3px; box-shadow:0 0 1px 0 rgba(0,0,0,0.5),0 1px 10px 0 rgba(0,0,0,0.15); margin: 1px; max-width:500px; min-width:326px; padding:0; width:99.375%; width:-webkit-calc(100% - 2px); width:calc(100% - 2px);\">\n<div style=\"padding:16px;\">\n<div style=\" display: flex; flex-direction: row; align-items: center;\">\n<div style=\"background-color: #F4F4F4; border-radius: 50%; flex-grow: 0; height: 40px; margin-right: 14px; width: 40px;\"><\/div>\n<div style=\"display: flex; flex-direction: column; flex-grow: 1; justify-content: center;\">\n<div style=\" background-color: #F4F4F4; border-radius: 4px; flex-grow: 0; height: 14px; margin-bottom: 6px; width: 100px;\"><\/div>\n<div style=\" background-color: #F4F4F4; border-radius: 4px; flex-grow: 0; height: 14px; width: 60px;\"><\/div>\n<\/div>\n<\/div>\n<div style=\"padding: 19% 0;\"><\/div>\n<div style=\"display:block; height:50px; margin:0 auto 12px; width:50px;\"><svg width=\"50px\" height=\"50px\" viewbox=\"0 0 60 60\" version=\"1.1\" xmlns=\"https:\/\/www.w3.org\/2000\/svg\" xmlns:xlink=\"https:\/\/www.w3.org\/1999\/xlink\"><g stroke=\"none\" stroke-width=\"1\" fill=\"none\" fill-rule=\"evenodd\"><g transform=\"translate(-511.000000, -20.000000)\" fill=\"#000000\"><g><path d=\"M556.869,30.41 C554.814,30.41 553.148,32.076 553.148,34.131 C553.148,36.186 554.814,37.852 556.869,37.852 C558.924,37.852 560.59,36.186 560.59,34.131 C560.59,32.076 558.924,30.41 556.869,30.41 M541,60.657 C535.114,60.657 530.342,55.887 530.342,50 C530.342,44.114 535.114,39.342 541,39.342 C546.887,39.342 551.658,44.114 551.658,50 C551.658,55.887 546.887,60.657 541,60.657 M541,33.886 C532.1,33.886 524.886,41.1 524.886,50 C524.886,58.899 532.1,66.113 541,66.113 C549.9,66.113 557.115,58.899 557.115,50 C557.115,41.1 549.9,33.886 541,33.886 M565.378,62.101 C565.244,65.022 564.756,66.606 564.346,67.663 C563.803,69.06 563.154,70.057 562.106,71.106 C561.058,72.155 560.06,72.803 558.662,73.347 C557.607,73.757 556.021,74.244 553.102,74.378 C549.944,74.521 548.997,74.552 541,74.552 C533.003,74.552 532.056,74.521 528.898,74.378 C525.979,74.244 524.393,73.757 523.338,73.347 C521.94,72.803 520.942,72.155 519.894,71.106 C518.846,70.057 518.197,69.06 517.654,67.663 C517.244,66.606 516.755,65.022 516.623,62.101 C516.479,58.943 516.448,57.996 516.448,50 C516.448,42.003 516.479,41.056 516.623,37.899 C516.755,34.978 517.244,33.391 517.654,32.338 C518.197,30.938 518.846,29.942 519.894,28.894 C520.942,27.846 521.94,27.196 523.338,26.654 C524.393,26.244 525.979,25.756 528.898,25.623 C532.057,25.479 533.004,25.448 541,25.448 C548.997,25.448 549.943,25.479 553.102,25.623 C556.021,25.756 557.607,26.244 558.662,26.654 C560.06,27.196 561.058,27.846 562.106,28.894 C563.154,29.942 563.803,30.938 564.346,32.338 C564.756,33.391 565.244,34.978 565.378,37.899 C565.522,41.056 565.552,42.003 565.552,50 C565.552,57.996 565.522,58.943 565.378,62.101 M570.82,37.631 C570.674,34.438 570.167,32.258 569.425,30.349 C568.659,28.377 567.633,26.702 565.965,25.035 C564.297,23.368 562.623,22.342 560.652,21.575 C558.743,20.834 556.562,20.326 553.369,20.18 C550.169,20.033 549.148,20 541,20 C532.853,20 531.831,20.033 528.631,20.18 C525.438,20.326 523.257,20.834 521.349,21.575 C519.376,22.342 517.703,23.368 516.035,25.035 C514.368,26.702 513.342,28.377 512.574,30.349 C511.834,32.258 511.326,34.438 511.181,37.631 C511.035,40.831 511,41.851 511,50 C511,58.147 511.035,59.17 511.181,62.369 C511.326,65.562 511.834,67.743 512.574,69.651 C513.342,71.625 514.368,73.296 516.035,74.965 C517.703,76.634 519.376,77.658 521.349,78.425 C523.257,79.167 525.438,79.673 528.631,79.82 C531.831,79.965 532.853,80.001 541,80.001 C549.148,80.001 550.169,79.965 553.369,79.82 C556.562,79.673 558.743,79.167 560.652,78.425 C562.623,77.658 564.297,76.634 565.965,74.965 C567.633,73.296 568.659,71.625 569.425,69.651 C570.167,67.743 570.674,65.562 570.82,62.369 C570.966,59.17 571,58.147 571,50 C571,41.851 570.966,40.831 570.82,37.631\"><\/path><\/g><\/g><\/g><\/svg><\/div>\n<div style=\"padding-top: 8px;\">\n<div style=\" color:#3897f0; font-family:Arial,sans-serif; font-size:14px; font-style:normal; font-weight:550; line-height:18px;\">Ver esta publicaci\u00f3n en Instagram<\/div>\n<\/div>\n<div style=\"padding: 12.5% 0;\"><\/div>\n<div style=\"display: flex; flex-direction: row; margin-bottom: 14px; align-items: center;\">\n<div>\n<div style=\"background-color: #F4F4F4; border-radius: 50%; height: 12.5px; width: 12.5px; transform: translateX(0px) translateY(7px);\"><\/div>\n<div style=\"background-color: #F4F4F4; height: 12.5px; transform: rotate(-45deg) translateX(3px) translateY(1px); width: 12.5px; flex-grow: 0; margin-right: 14px; margin-left: 2px;\"><\/div>\n<div style=\"background-color: #F4F4F4; border-radius: 50%; height: 12.5px; width: 12.5px; transform: translateX(9px) translateY(-18px);\"><\/div>\n<\/div>\n<div style=\"margin-left: 8px;\">\n<div style=\" background-color: #F4F4F4; border-radius: 50%; flex-grow: 0; height: 20px; width: 20px;\"><\/div>\n<div style=\" width: 0; height: 0; border-top: 2px solid transparent; border-left: 6px solid #f4f4f4; border-bottom: 2px solid transparent; transform: translateX(16px) translateY(-4px) rotate(30deg)\"><\/div>\n<\/div>\n<div style=\"margin-left: auto;\">\n<div style=\" width: 0px; border-top: 8px solid #F4F4F4; border-right: 8px solid transparent; transform: translateY(16px);\"><\/div>\n<div style=\" background-color: #F4F4F4; flex-grow: 0; height: 12px; width: 16px; transform: translateY(-4px);\"><\/div>\n<div style=\" width: 0; height: 0; border-top: 8px solid #F4F4F4; border-left: 8px solid transparent; transform: translateY(-4px) translateX(8px);\"><\/div>\n<\/div>\n<\/div>\n<div style=\"display: flex; flex-direction: column; flex-grow: 1; justify-content: center; margin-bottom: 24px;\">\n<div style=\" background-color: #F4F4F4; border-radius: 4px; flex-grow: 0; height: 14px; margin-bottom: 6px; width: 224px;\"><\/div>\n<div style=\" background-color: #F4F4F4; border-radius: 4px; flex-grow: 0; height: 14px; width: 144px;\"><\/div>\n<\/div>\n<p style=\" color:#c9c8cd; font-family:Arial,sans-serif; font-size:14px; line-height:17px; margin-bottom:0; margin-top:8px; overflow:hidden; padding:8px 0 7px; text-align:center; text-overflow:ellipsis; white-space:nowrap;\">Una publicaci\u00f3n compartida por el patr\u00f3n (@motherbirdstudio)<\/p>\n<\/div>\n<\/blockquote>\n<\/div>\n<\/p>\n<p><script async src=\"\/\/www.instagram.com\/embed.js\"><\/script><\/p>\n","protected":false},"excerpt":{"rendered":"<p>Un enfoque que mira a la persona antes del paciente: este es el significado del lema #UnitedByUnique elegido para la campa\u00f1a global de la Uni\u00f3n<\/p>\n","protected":false},"author":1,"featured_media":2595,"comment_status":"closed","ping_status":"","sticky":false,"template":"","format":"standard","meta":{"footnotes":""},"categories":[762],"tags":[917,23,157,3553,3551,533,548,218,1863,370,3552],"class_list":["post-2594","post","type-post","status-publish","format-standard","has-post-thumbnail","hentry","category-salud","tag-cancer","tag-del","tag-dia","tag-eslogan","tag-hoy","tag-importante","tag-mundial","tag-nuevo","tag-porque","tag-tan","tag-unitedbyunique","generate-columns","tablet-grid-50","mobile-grid-100","grid-parent","grid-50"],"yoast_head":"<!-- This site is optimized with the Yoast SEO plugin v23.4 - https:\/\/yoast.com\/wordpress\/plugins\/seo\/ -->\n<title>Hoy es el D\u00eda Mundial del C\u00e1ncer: porque el nuevo #UnitedByUnique eslogan es tan importante - Consejos - Santa Catarina<\/title>\n<meta name=\"robots\" content=\"index, follow, max-snippet:-1, max-image-preview:large, max-video-preview:-1\" \/>\n<link rel=\"canonical\" href=\"https:\/\/stacatarina.mx\/consejos\/hoy-es-el-dia-mundial-del-cancer-porque-el-nuevo-unitedbyunique-eslogan-es-tan-importante\/\" \/>\n<meta property=\"og:locale\" content=\"es_MX\" \/>\n<meta property=\"og:type\" content=\"article\" \/>\n<meta property=\"og:title\" content=\"Hoy es el D\u00eda Mundial del C\u00e1ncer: porque el nuevo #UnitedByUnique eslogan es tan importante - Consejos - Santa Catarina\" \/>\n<meta property=\"og:description\" content=\"Un enfoque que mira a la persona antes del paciente: este es el significado del lema #UnitedByUnique elegido para la campa\u00f1a global de la Uni\u00f3n\" \/>\n<meta property=\"og:url\" content=\"https:\/\/stacatarina.mx\/consejos\/hoy-es-el-dia-mundial-del-cancer-porque-el-nuevo-unitedbyunique-eslogan-es-tan-importante\/\" \/>\n<meta property=\"og:site_name\" content=\"Santa Catarina\" \/>\n<meta property=\"article:publisher\" content=\"https:\/\/www.facebook.com\/stacatarinagob\/\" \/>\n<meta property=\"article:published_time\" content=\"2025-02-04T10:24:12+00:00\" \/>\n<meta property=\"article:modified_time\" content=\"2025-02-04T10:24:13+00:00\" \/>\n<meta property=\"og:image\" content=\"https:\/\/stacatarina.mx\/consejos\/wp-content\/uploads\/2025\/02\/Hoy-es-el-Dia-Mundial-del-Cancer-porque-el-nuevo.jpg\" \/>\n\t<meta property=\"og:image:width\" content=\"1500\" \/>\n\t<meta property=\"og:image:height\" content=\"1000\" \/>\n\t<meta property=\"og:image:type\" content=\"image\/jpeg\" \/>\n<meta name=\"author\" content=\"Pedro Mart\u00ednez\" \/>\n<meta name=\"twitter:card\" content=\"summary_large_image\" \/>\n<meta name=\"twitter:creator\" content=\"@stacatarinagob\" \/>\n<meta name=\"twitter:site\" content=\"@stacatarinagob\" \/>\n<meta name=\"twitter:label1\" content=\"Escrito por\" \/>\n\t<meta name=\"twitter:data1\" content=\"Pedro Mart\u00ednez\" \/>\n\t<meta name=\"twitter:label2\" content=\"Tiempo de lectura\" \/>\n\t<meta name=\"twitter:data2\" content=\"3 minutos\" \/>\n<script type=\"application\/ld+json\" class=\"yoast-schema-graph\">{\"@context\":\"https:\/\/schema.org\",\"@graph\":[{\"@type\":\"Article\",\"@id\":\"https:\/\/stacatarina.mx\/consejos\/hoy-es-el-dia-mundial-del-cancer-porque-el-nuevo-unitedbyunique-eslogan-es-tan-importante\/#article\",\"isPartOf\":{\"@id\":\"https:\/\/stacatarina.mx\/consejos\/hoy-es-el-dia-mundial-del-cancer-porque-el-nuevo-unitedbyunique-eslogan-es-tan-importante\/\"},\"author\":{\"name\":\"Pedro Mart\u00ednez\",\"@id\":\"https:\/\/stacatarina.mx\/consejos\/#\/schema\/person\/0be60adffa8e4c4d0828fdf021450e8a\"},\"headline\":\"Hoy es el D\u00eda Mundial del C\u00e1ncer: porque el nuevo #UnitedByUnique eslogan es tan importante\",\"datePublished\":\"2025-02-04T10:24:12+00:00\",\"dateModified\":\"2025-02-04T10:24:13+00:00\",\"mainEntityOfPage\":{\"@id\":\"https:\/\/stacatarina.mx\/consejos\/hoy-es-el-dia-mundial-del-cancer-porque-el-nuevo-unitedbyunique-eslogan-es-tan-importante\/\"},\"wordCount\":644,\"publisher\":{\"@id\":\"https:\/\/stacatarina.mx\/consejos\/#organization\"},\"image\":{\"@id\":\"https:\/\/stacatarina.mx\/consejos\/hoy-es-el-dia-mundial-del-cancer-porque-el-nuevo-unitedbyunique-eslogan-es-tan-importante\/#primaryimage\"},\"thumbnailUrl\":\"https:\/\/stacatarina.mx\/consejos\/wp-content\/uploads\/2025\/02\/Hoy-es-el-Dia-Mundial-del-Cancer-porque-el-nuevo.jpg\",\"keywords\":[\"C\u00e1ncer\",\"del\",\"d\u00eda\",\"eslogan\",\"Hoy\",\"importante\",\"mundial\",\"nuevo\",\"porque\",\"tan\",\"UnitedByUnique\"],\"articleSection\":[\"Salud\"],\"inLanguage\":\"es\"},{\"@type\":\"WebPage\",\"@id\":\"https:\/\/stacatarina.mx\/consejos\/hoy-es-el-dia-mundial-del-cancer-porque-el-nuevo-unitedbyunique-eslogan-es-tan-importante\/\",\"url\":\"https:\/\/stacatarina.mx\/consejos\/hoy-es-el-dia-mundial-del-cancer-porque-el-nuevo-unitedbyunique-eslogan-es-tan-importante\/\",\"name\":\"Hoy es el D\u00eda Mundial del C\u00e1ncer: porque el nuevo #UnitedByUnique eslogan es tan importante - Consejos - Santa Catarina\",\"isPartOf\":{\"@id\":\"https:\/\/stacatarina.mx\/consejos\/#website\"},\"primaryImageOfPage\":{\"@id\":\"https:\/\/stacatarina.mx\/consejos\/hoy-es-el-dia-mundial-del-cancer-porque-el-nuevo-unitedbyunique-eslogan-es-tan-importante\/#primaryimage\"},\"image\":{\"@id\":\"https:\/\/stacatarina.mx\/consejos\/hoy-es-el-dia-mundial-del-cancer-porque-el-nuevo-unitedbyunique-eslogan-es-tan-importante\/#primaryimage\"},\"thumbnailUrl\":\"https:\/\/stacatarina.mx\/consejos\/wp-content\/uploads\/2025\/02\/Hoy-es-el-Dia-Mundial-del-Cancer-porque-el-nuevo.jpg\",\"datePublished\":\"2025-02-04T10:24:12+00:00\",\"dateModified\":\"2025-02-04T10:24:13+00:00\",\"breadcrumb\":{\"@id\":\"https:\/\/stacatarina.mx\/consejos\/hoy-es-el-dia-mundial-del-cancer-porque-el-nuevo-unitedbyunique-eslogan-es-tan-importante\/#breadcrumb\"},\"inLanguage\":\"es\",\"potentialAction\":[{\"@type\":\"ReadAction\",\"target\":[\"https:\/\/stacatarina.mx\/consejos\/hoy-es-el-dia-mundial-del-cancer-porque-el-nuevo-unitedbyunique-eslogan-es-tan-importante\/\"]}]},{\"@type\":\"ImageObject\",\"inLanguage\":\"es\",\"@id\":\"https:\/\/stacatarina.mx\/consejos\/hoy-es-el-dia-mundial-del-cancer-porque-el-nuevo-unitedbyunique-eslogan-es-tan-importante\/#primaryimage\",\"url\":\"https:\/\/stacatarina.mx\/consejos\/wp-content\/uploads\/2025\/02\/Hoy-es-el-Dia-Mundial-del-Cancer-porque-el-nuevo.jpg\",\"contentUrl\":\"https:\/\/stacatarina.mx\/consejos\/wp-content\/uploads\/2025\/02\/Hoy-es-el-Dia-Mundial-del-Cancer-porque-el-nuevo.jpg\",\"width\":1500,\"height\":1000,\"caption\":\"Cancro slogan\"},{\"@type\":\"BreadcrumbList\",\"@id\":\"https:\/\/stacatarina.mx\/consejos\/hoy-es-el-dia-mundial-del-cancer-porque-el-nuevo-unitedbyunique-eslogan-es-tan-importante\/#breadcrumb\",\"itemListElement\":[{\"@type\":\"ListItem\",\"position\":1,\"name\":\"Inicio\",\"item\":\"https:\/\/stacatarina.mx\/consejos\/\"},{\"@type\":\"ListItem\",\"position\":2,\"name\":\"Hoy es el D\u00eda Mundial del C\u00e1ncer: porque el nuevo #UnitedByUnique eslogan es tan importante\"}]},{\"@type\":\"WebSite\",\"@id\":\"https:\/\/stacatarina.mx\/consejos\/#website\",\"url\":\"https:\/\/stacatarina.mx\/consejos\/\",\"name\":\"Santa Catarina\",\"description\":\"\",\"publisher\":{\"@id\":\"https:\/\/stacatarina.mx\/consejos\/#organization\"},\"potentialAction\":[{\"@type\":\"SearchAction\",\"target\":{\"@type\":\"EntryPoint\",\"urlTemplate\":\"https:\/\/stacatarina.mx\/consejos\/?s={search_term_string}\"},\"query-input\":{\"@type\":\"PropertyValueSpecification\",\"valueRequired\":true,\"valueName\":\"search_term_string\"}}],\"inLanguage\":\"es\"},{\"@type\":\"Organization\",\"@id\":\"https:\/\/stacatarina.mx\/consejos\/#organization\",\"name\":\"Santa Catarina\",\"url\":\"https:\/\/stacatarina.mx\/consejos\/\",\"logo\":{\"@type\":\"ImageObject\",\"inLanguage\":\"es\",\"@id\":\"https:\/\/stacatarina.mx\/consejos\/#\/schema\/logo\/image\/\",\"url\":\"https:\/\/stacatarina.mx\/consejos\/wp-content\/uploads\/2024\/09\/cropped-favicon-1-1.png\",\"contentUrl\":\"https:\/\/stacatarina.mx\/consejos\/wp-content\/uploads\/2024\/09\/cropped-favicon-1-1.png\",\"width\":512,\"height\":512,\"caption\":\"Santa Catarina\"},\"image\":{\"@id\":\"https:\/\/stacatarina.mx\/consejos\/#\/schema\/logo\/image\/\"},\"sameAs\":[\"https:\/\/www.facebook.com\/stacatarinagob\/\",\"https:\/\/x.com\/stacatarinagob\",\"https:\/\/www.instagram.com\/stacatarinagob\/\",\"https:\/\/www.youtube.com\/channel\/UCK-6cQJL_904665N1_nLTWw\"]},{\"@type\":\"Person\",\"@id\":\"https:\/\/stacatarina.mx\/consejos\/#\/schema\/person\/0be60adffa8e4c4d0828fdf021450e8a\",\"name\":\"Pedro Mart\u00ednez\",\"image\":{\"@type\":\"ImageObject\",\"inLanguage\":\"es\",\"@id\":\"https:\/\/stacatarina.mx\/consejos\/#\/schema\/person\/image\/\",\"url\":\"https:\/\/stacatarina.mx\/consejos\/wp-content\/uploads\/2024\/09\/stacatarina.jpg\",\"contentUrl\":\"https:\/\/stacatarina.mx\/consejos\/wp-content\/uploads\/2024\/09\/stacatarina.jpg\",\"caption\":\"Pedro Mart\u00ednez\"},\"description\":\"Hola, soy Pedro Mart\u00ednez, redactor jefe del sitio oficial del ayuntamiento de Santa Catarina, en M\u00e9xico. Con m\u00e1s de diez a\u00f1os de experiencia en el periodismo local, tengo una pasi\u00f3n por la investigaci\u00f3n y la difusi\u00f3n de informaci\u00f3n que valoriza nuestra hermosa comunidad. Mi compromiso es hacer de Santa Catarina una referencia en materia de transparencia y comunicaci\u00f3n municipal.\",\"sameAs\":[\"https:\/\/stacatarina.mx\/\"]}]}<\/script>\n<!-- \/ Yoast SEO plugin. -->","yoast_head_json":{"title":"Hoy es el D\u00eda Mundial del C\u00e1ncer: porque el nuevo #UnitedByUnique eslogan es tan importante - Consejos - Santa Catarina","robots":{"index":"index","follow":"follow","max-snippet":"max-snippet:-1","max-image-preview":"max-image-preview:large","max-video-preview":"max-video-preview:-1"},"canonical":"https:\/\/stacatarina.mx\/consejos\/hoy-es-el-dia-mundial-del-cancer-porque-el-nuevo-unitedbyunique-eslogan-es-tan-importante\/","og_locale":"es_MX","og_type":"article","og_title":"Hoy es el D\u00eda Mundial del C\u00e1ncer: porque el nuevo #UnitedByUnique eslogan es tan importante - Consejos - Santa Catarina","og_description":"Un enfoque que mira a la persona antes del paciente: este es el significado del lema #UnitedByUnique elegido para la campa\u00f1a global de la Uni\u00f3n","og_url":"https:\/\/stacatarina.mx\/consejos\/hoy-es-el-dia-mundial-del-cancer-porque-el-nuevo-unitedbyunique-eslogan-es-tan-importante\/","og_site_name":"Santa Catarina","article_publisher":"https:\/\/www.facebook.com\/stacatarinagob\/","article_published_time":"2025-02-04T10:24:12+00:00","article_modified_time":"2025-02-04T10:24:13+00:00","og_image":[{"width":1500,"height":1000,"url":"https:\/\/stacatarina.mx\/consejos\/wp-content\/uploads\/2025\/02\/Hoy-es-el-Dia-Mundial-del-Cancer-porque-el-nuevo.jpg","type":"image\/jpeg"}],"author":"Pedro Mart\u00ednez","twitter_card":"summary_large_image","twitter_creator":"@stacatarinagob","twitter_site":"@stacatarinagob","twitter_misc":{"Escrito por":"Pedro Mart\u00ednez","Tiempo de lectura":"3 minutos"},"schema":{"@context":"https:\/\/schema.org","@graph":[{"@type":"Article","@id":"https:\/\/stacatarina.mx\/consejos\/hoy-es-el-dia-mundial-del-cancer-porque-el-nuevo-unitedbyunique-eslogan-es-tan-importante\/#article","isPartOf":{"@id":"https:\/\/stacatarina.mx\/consejos\/hoy-es-el-dia-mundial-del-cancer-porque-el-nuevo-unitedbyunique-eslogan-es-tan-importante\/"},"author":{"name":"Pedro Mart\u00ednez","@id":"https:\/\/stacatarina.mx\/consejos\/#\/schema\/person\/0be60adffa8e4c4d0828fdf021450e8a"},"headline":"Hoy es el D\u00eda Mundial del C\u00e1ncer: porque el nuevo #UnitedByUnique eslogan es tan importante","datePublished":"2025-02-04T10:24:12+00:00","dateModified":"2025-02-04T10:24:13+00:00","mainEntityOfPage":{"@id":"https:\/\/stacatarina.mx\/consejos\/hoy-es-el-dia-mundial-del-cancer-porque-el-nuevo-unitedbyunique-eslogan-es-tan-importante\/"},"wordCount":644,"publisher":{"@id":"https:\/\/stacatarina.mx\/consejos\/#organization"},"image":{"@id":"https:\/\/stacatarina.mx\/consejos\/hoy-es-el-dia-mundial-del-cancer-porque-el-nuevo-unitedbyunique-eslogan-es-tan-importante\/#primaryimage"},"thumbnailUrl":"https:\/\/stacatarina.mx\/consejos\/wp-content\/uploads\/2025\/02\/Hoy-es-el-Dia-Mundial-del-Cancer-porque-el-nuevo.jpg","keywords":["C\u00e1ncer","del","d\u00eda","eslogan","Hoy","importante","mundial","nuevo","porque","tan","UnitedByUnique"],"articleSection":["Salud"],"inLanguage":"es"},{"@type":"WebPage","@id":"https:\/\/stacatarina.mx\/consejos\/hoy-es-el-dia-mundial-del-cancer-porque-el-nuevo-unitedbyunique-eslogan-es-tan-importante\/","url":"https:\/\/stacatarina.mx\/consejos\/hoy-es-el-dia-mundial-del-cancer-porque-el-nuevo-unitedbyunique-eslogan-es-tan-importante\/","name":"Hoy es el D\u00eda Mundial del C\u00e1ncer: porque el nuevo #UnitedByUnique eslogan es tan importante - Consejos - Santa Catarina","isPartOf":{"@id":"https:\/\/stacatarina.mx\/consejos\/#website"},"primaryImageOfPage":{"@id":"https:\/\/stacatarina.mx\/consejos\/hoy-es-el-dia-mundial-del-cancer-porque-el-nuevo-unitedbyunique-eslogan-es-tan-importante\/#primaryimage"},"image":{"@id":"https:\/\/stacatarina.mx\/consejos\/hoy-es-el-dia-mundial-del-cancer-porque-el-nuevo-unitedbyunique-eslogan-es-tan-importante\/#primaryimage"},"thumbnailUrl":"https:\/\/stacatarina.mx\/consejos\/wp-content\/uploads\/2025\/02\/Hoy-es-el-Dia-Mundial-del-Cancer-porque-el-nuevo.jpg","datePublished":"2025-02-04T10:24:12+00:00","dateModified":"2025-02-04T10:24:13+00:00","breadcrumb":{"@id":"https:\/\/stacatarina.mx\/consejos\/hoy-es-el-dia-mundial-del-cancer-porque-el-nuevo-unitedbyunique-eslogan-es-tan-importante\/#breadcrumb"},"inLanguage":"es","potentialAction":[{"@type":"ReadAction","target":["https:\/\/stacatarina.mx\/consejos\/hoy-es-el-dia-mundial-del-cancer-porque-el-nuevo-unitedbyunique-eslogan-es-tan-importante\/"]}]},{"@type":"ImageObject","inLanguage":"es","@id":"https:\/\/stacatarina.mx\/consejos\/hoy-es-el-dia-mundial-del-cancer-porque-el-nuevo-unitedbyunique-eslogan-es-tan-importante\/#primaryimage","url":"https:\/\/stacatarina.mx\/consejos\/wp-content\/uploads\/2025\/02\/Hoy-es-el-Dia-Mundial-del-Cancer-porque-el-nuevo.jpg","contentUrl":"https:\/\/stacatarina.mx\/consejos\/wp-content\/uploads\/2025\/02\/Hoy-es-el-Dia-Mundial-del-Cancer-porque-el-nuevo.jpg","width":1500,"height":1000,"caption":"Cancro slogan"},{"@type":"BreadcrumbList","@id":"https:\/\/stacatarina.mx\/consejos\/hoy-es-el-dia-mundial-del-cancer-porque-el-nuevo-unitedbyunique-eslogan-es-tan-importante\/#breadcrumb","itemListElement":[{"@type":"ListItem","position":1,"name":"Inicio","item":"https:\/\/stacatarina.mx\/consejos\/"},{"@type":"ListItem","position":2,"name":"Hoy es el D\u00eda Mundial del C\u00e1ncer: porque el nuevo #UnitedByUnique eslogan es tan importante"}]},{"@type":"WebSite","@id":"https:\/\/stacatarina.mx\/consejos\/#website","url":"https:\/\/stacatarina.mx\/consejos\/","name":"Santa Catarina","description":"","publisher":{"@id":"https:\/\/stacatarina.mx\/consejos\/#organization"},"potentialAction":[{"@type":"SearchAction","target":{"@type":"EntryPoint","urlTemplate":"https:\/\/stacatarina.mx\/consejos\/?s={search_term_string}"},"query-input":{"@type":"PropertyValueSpecification","valueRequired":true,"valueName":"search_term_string"}}],"inLanguage":"es"},{"@type":"Organization","@id":"https:\/\/stacatarina.mx\/consejos\/#organization","name":"Santa Catarina","url":"https:\/\/stacatarina.mx\/consejos\/","logo":{"@type":"ImageObject","inLanguage":"es","@id":"https:\/\/stacatarina.mx\/consejos\/#\/schema\/logo\/image\/","url":"https:\/\/stacatarina.mx\/consejos\/wp-content\/uploads\/2024\/09\/cropped-favicon-1-1.png","contentUrl":"https:\/\/stacatarina.mx\/consejos\/wp-content\/uploads\/2024\/09\/cropped-favicon-1-1.png","width":512,"height":512,"caption":"Santa Catarina"},"image":{"@id":"https:\/\/stacatarina.mx\/consejos\/#\/schema\/logo\/image\/"},"sameAs":["https:\/\/www.facebook.com\/stacatarinagob\/","https:\/\/x.com\/stacatarinagob","https:\/\/www.instagram.com\/stacatarinagob\/","https:\/\/www.youtube.com\/channel\/UCK-6cQJL_904665N1_nLTWw"]},{"@type":"Person","@id":"https:\/\/stacatarina.mx\/consejos\/#\/schema\/person\/0be60adffa8e4c4d0828fdf021450e8a","name":"Pedro Mart\u00ednez","image":{"@type":"ImageObject","inLanguage":"es","@id":"https:\/\/stacatarina.mx\/consejos\/#\/schema\/person\/image\/","url":"https:\/\/stacatarina.mx\/consejos\/wp-content\/uploads\/2024\/09\/stacatarina.jpg","contentUrl":"https:\/\/stacatarina.mx\/consejos\/wp-content\/uploads\/2024\/09\/stacatarina.jpg","caption":"Pedro Mart\u00ednez"},"description":"Hola, soy Pedro Mart\u00ednez, redactor jefe del sitio oficial del ayuntamiento de Santa Catarina, en M\u00e9xico. Con m\u00e1s de diez a\u00f1os de experiencia en el periodismo local, tengo una pasi\u00f3n por la investigaci\u00f3n y la difusi\u00f3n de informaci\u00f3n que valoriza nuestra hermosa comunidad. Mi compromiso es hacer de Santa Catarina una referencia en materia de transparencia y comunicaci\u00f3n municipal.","sameAs":["https:\/\/stacatarina.mx\/"]}]}},"_links":{"self":[{"href":"https:\/\/stacatarina.mx\/consejos\/wp-json\/wp\/v2\/posts\/2594"}],"collection":[{"href":"https:\/\/stacatarina.mx\/consejos\/wp-json\/wp\/v2\/posts"}],"about":[{"href":"https:\/\/stacatarina.mx\/consejos\/wp-json\/wp\/v2\/types\/post"}],"author":[{"embeddable":true,"href":"https:\/\/stacatarina.mx\/consejos\/wp-json\/wp\/v2\/users\/1"}],"replies":[{"embeddable":true,"href":"https:\/\/stacatarina.mx\/consejos\/wp-json\/wp\/v2\/comments?post=2594"}],"version-history":[{"count":1,"href":"https:\/\/stacatarina.mx\/consejos\/wp-json\/wp\/v2\/posts\/2594\/revisions"}],"predecessor-version":[{"id":2596,"href":"https:\/\/stacatarina.mx\/consejos\/wp-json\/wp\/v2\/posts\/2594\/revisions\/2596"}],"wp:featuredmedia":[{"embeddable":true,"href":"https:\/\/stacatarina.mx\/consejos\/wp-json\/wp\/v2\/media\/2595"}],"wp:attachment":[{"href":"https:\/\/stacatarina.mx\/consejos\/wp-json\/wp\/v2\/media?parent=2594"}],"wp:term":[{"taxonomy":"category","embeddable":true,"href":"https:\/\/stacatarina.mx\/consejos\/wp-json\/wp\/v2\/categories?post=2594"},{"taxonomy":"post_tag","embeddable":true,"href":"https:\/\/stacatarina.mx\/consejos\/wp-json\/wp\/v2\/tags?post=2594"}],"curies":[{"name":"wp","href":"https:\/\/api.w.org\/{rel}","templated":true}]}}