{"id":2678,"date":"2025-02-10T11:23:17","date_gmt":"2025-02-10T17:23:17","guid":{"rendered":"https:\/\/stacatarina.mx\/consejos\/los-frijoles-y-las-lentejas-nos-salvaran-debemos-cultivar-mas-legumbres-para-reducir-el-uso-de-pesticidas-y-nutrir-la-tierra\/"},"modified":"2025-02-10T11:23:18","modified_gmt":"2025-02-10T17:23:18","slug":"los-frijoles-y-las-lentejas-nos-salvaran-debemos-cultivar-mas-legumbres-para-reducir-el-uso-de-pesticidas-y-nutrir-la-tierra","status":"publish","type":"post","link":"https:\/\/stacatarina.mx\/consejos\/los-frijoles-y-las-lentejas-nos-salvaran-debemos-cultivar-mas-legumbres-para-reducir-el-uso-de-pesticidas-y-nutrir-la-tierra\/","title":{"rendered":"\u00a1Los frijoles y las lentejas nos salvar\u00e1n! Debemos cultivar m\u00e1s legumbres para reducir el uso de pesticidas y nutrir la tierra"},"content":{"rendered":"<p class=\"single-abstract\">\n<p>\t\t\t\t\t\t\t\t\t\t\t\t\t\t\t\t\t\u00a1Cultivar y comer m\u00e1s legumbres nos salvar\u00e1! Los cient\u00edficos solicitan una mayor producci\u00f3n de lentejas y frijoles en Europa para reducir el impacto ambiental de los cultivos intensivos\t\t\t\t\t\t\t\t\t\t\t\t\t\t\t<\/p>\n<div class=\"daily-video\" style=\"display: none;\"><\/div>\n<div class=\"wrapper-player\" style=\"display: none; margin-bottom: 15px;\">\n<div id=\"daily-player\" style=\"position: relative; max-width: 100%;\" class=\"video-content\"><\/div>\n<\/p><\/div>\n<div class=\"image-wrapper featured-image no-lazy\" id=\"featured-image\"><\/div>\n<p>Para salvar el planeta? Debemos cultivar m\u00e1s legumbres y reducir el consumidor de carne. Esto representa un enfoque m\u00e1s sostenible y m\u00e1s nutritivo para la agricultura en Europa. Esto se confirma por un estudio publicado por Frontiers in sostenible de alimentos. Agregarlos a la rotaci\u00f3n tradicional de cultivos (que generalmente incluye cebada, trigo y colza) ofrece beneficios significativos tanto para el medio ambiente como para el hombre y el ganado, que obtienen alimentos con un valor nutricional m\u00e1s alto.<\/p>\n<blockquote>\n<p>&#8220;Esta estrategia puede contribuir significativamente a los objetivos espec\u00edficos de la Granja de Deal de la Uni\u00f3n Europea a la bifurcaci\u00f3n para reducir las emisiones de gases de efecto invernadero, el uso de pesticidas qu\u00edmicos y los fertilizantes sint\u00e9ticos&#8221;, dice Marcela Porto Costa de la Universidad de Bangor, autor del estudio. &#8220;Por ejemplo, en Escocia hemos demostrado que la introducci\u00f3n de legumbres en la rotaci\u00f3n de cultivos ha reducido las necesidades de nitr\u00f3geno desde el exterior casi la mitad, mientras mantiene la producci\u00f3n de alimentos destinados a nutrici\u00f3n humana sin cambios&#8221;.<\/p>\n<\/blockquote>\n<p>A diferencia de otros tipos de cultivos, <strong>De hecho, las legumbres son las \u00fanicas en grados para encontrar el nitr\u00f3geno del aire que necesitan para crecer.<\/strong> Desde una perspectiva nutricional, tambi\u00e9n son los cultivos m\u00e1s nutritivos porque proporcionan fibras, prote\u00ednas, hierro, potasio, magnesio y vitaminas. Desafortunadamente, sin embargo, a pesar de todos los beneficios obvios, las legumbres todav\u00eda est\u00e1n mal cultivadas en nuestro continente: solo el 1.5% de las tierras cultivables europeas est\u00e1n destinadas a su cultivo, contra el 14.5% a nivel mundial.<\/p>\n<blockquote>\n<p>El Dr. David Styles, quien coordin\u00f3 el estudio, confirma: &#8220;<em>Nuestros resultados fortalecen la evidencia del papel positivo que la transici\u00f3n a una dieta saludable, tambi\u00e9n hecha de legumbres, puede jugar para la sostenibilidad ambiental. Las legumbres ofrecen una ingesta m\u00e1s equilibrada de carbohidratos, fibras y prote\u00ednas que los cereales, y por lo tanto pueden mejorar la calidad nutricional de los alimentos que comemos.<\/em>&#8220;.&#8221;<\/p>\n<\/blockquote>\n<p>Estos resultados importantes muestran la necesidad de pensar en todo el sistema (multiculturas, desde el fabricante hasta el consumidor) al dise\u00f1ar intervenciones destinadas a crear un sistema alimentario m\u00e1s sostenible, para alimentarnos mejor y al mismo tiempo reducir nuestro medio ambiente. impacto.<\/p>\n<aside style=\"margin: 8px auto; text-align: center; display: block; clear: both;\">\n<div id=\"gpt-passback\">\n<\/div>\n<\/aside>\n<h2>Los beneficios para la salud<\/h2>\n<p>Las propiedades nutricionales de las legumbres son excepcionales. En primer lugar, son una excelente fuente de prote\u00ednas vegetales, que proporciona una alternativa sostenible a las prote\u00ednas animales. Un plato de legumbres contiene en promedio 20-25% de las prote\u00ednas, lo que las hace particularmente preciosas para los vegetarianos y veganos, pero no solo.<\/p>\n<p>La riqueza de las fibras en las legumbres contribuye a diferentes efectos beneficiosos:<strong> Promueve la sensaci\u00f3n de saciedad, ayuda a mantener estable el az\u00facar en la sangre y promueve la salud del intestino.<\/strong> Las fibras solubles, en particular, ayudan a reducir el colesterol en la sangre, contribuyendo a la prevenci\u00f3n de enfermedades cardiovasculares.<br \/>\nLas legumbres tambi\u00e9n son una fuente importante de minerales esenciales como hierro, potasio, magnesio y zinc. Su bajo \u00edndice gluc\u00e9mico los hace particularmente adecuados para aquellos que tienen que controlar los niveles de az\u00facar en la sangre, incluidos los diab\u00e9ticos.<\/p>\n<\/p>\n<p>Tambi\u00e9n te recomendamos:<\/p>\n","protected":false},"excerpt":{"rendered":"<p>\u00a1Cultivar y comer m\u00e1s legumbres nos salvar\u00e1! Los cient\u00edficos solicitan una mayor producci\u00f3n de lentejas y frijoles en Europa para reducir el impacto ambiental de<\/p>\n","protected":false},"author":1,"featured_media":2679,"comment_status":"closed","ping_status":"","sticky":false,"template":"","format":"standard","meta":{"footnotes":""},"categories":[762],"tags":[3630,3629,1792,34,3628,3015,62,137,297,3631,29,2087,1121,560,1498,375],"class_list":["post-2678","post","type-post","status-publish","format-standard","has-post-thumbnail","hentry","category-salud","tag-cultivar","tag-debemos","tag-frijoles","tag-las","tag-legumbres","tag-lentejas","tag-los","tag-mas","tag-nos","tag-nutrir","tag-para","tag-pesticidas","tag-reducir","tag-salvaran","tag-tierra","tag-uso","generate-columns","tablet-grid-50","mobile-grid-100","grid-parent","grid-50"],"yoast_head":"<!-- This site is optimized with the Yoast SEO plugin v23.4 - https:\/\/yoast.com\/wordpress\/plugins\/seo\/ -->\n<title>\u00a1Los frijoles y las lentejas nos salvar\u00e1n! Debemos cultivar m\u00e1s legumbres para reducir el uso de pesticidas y nutrir la tierra - Consejos - Santa Catarina<\/title>\n<meta name=\"robots\" content=\"index, follow, max-snippet:-1, max-image-preview:large, max-video-preview:-1\" \/>\n<link rel=\"canonical\" href=\"https:\/\/stacatarina.mx\/consejos\/los-frijoles-y-las-lentejas-nos-salvaran-debemos-cultivar-mas-legumbres-para-reducir-el-uso-de-pesticidas-y-nutrir-la-tierra\/\" \/>\n<meta property=\"og:locale\" content=\"es_MX\" \/>\n<meta property=\"og:type\" content=\"article\" \/>\n<meta property=\"og:title\" content=\"\u00a1Los frijoles y las lentejas nos salvar\u00e1n! Debemos cultivar m\u00e1s legumbres para reducir el uso de pesticidas y nutrir la tierra - Consejos - Santa Catarina\" \/>\n<meta property=\"og:description\" content=\"\u00a1Cultivar y comer m\u00e1s legumbres nos salvar\u00e1! Los cient\u00edficos solicitan una mayor producci\u00f3n de lentejas y frijoles en Europa para reducir el impacto ambiental de\" \/>\n<meta property=\"og:url\" content=\"https:\/\/stacatarina.mx\/consejos\/los-frijoles-y-las-lentejas-nos-salvaran-debemos-cultivar-mas-legumbres-para-reducir-el-uso-de-pesticidas-y-nutrir-la-tierra\/\" \/>\n<meta property=\"og:site_name\" content=\"Santa Catarina\" \/>\n<meta property=\"article:publisher\" content=\"https:\/\/www.facebook.com\/stacatarinagob\/\" \/>\n<meta property=\"article:published_time\" content=\"2025-02-10T17:23:17+00:00\" \/>\n<meta property=\"article:modified_time\" content=\"2025-02-10T17:23:18+00:00\" \/>\n<meta property=\"og:image\" content=\"https:\/\/stacatarina.mx\/consejos\/wp-content\/uploads\/2025\/02\/\u00a1Los-frijoles-y-las-lentejas-nos-salvaran-Debemos-cultivar-mas.jpg\" \/>\n\t<meta property=\"og:image:width\" content=\"1500\" \/>\n\t<meta property=\"og:image:height\" content=\"1000\" \/>\n\t<meta property=\"og:image:type\" content=\"image\/jpeg\" \/>\n<meta name=\"author\" content=\"Pedro Mart\u00ednez\" \/>\n<meta name=\"twitter:card\" content=\"summary_large_image\" \/>\n<meta name=\"twitter:creator\" content=\"@stacatarinagob\" \/>\n<meta name=\"twitter:site\" content=\"@stacatarinagob\" \/>\n<meta name=\"twitter:label1\" content=\"Escrito por\" \/>\n\t<meta name=\"twitter:data1\" content=\"Pedro Mart\u00ednez\" \/>\n\t<meta name=\"twitter:label2\" content=\"Tiempo de lectura\" \/>\n\t<meta name=\"twitter:data2\" content=\"3 minutos\" \/>\n<script type=\"application\/ld+json\" class=\"yoast-schema-graph\">{\"@context\":\"https:\/\/schema.org\",\"@graph\":[{\"@type\":\"Article\",\"@id\":\"https:\/\/stacatarina.mx\/consejos\/los-frijoles-y-las-lentejas-nos-salvaran-debemos-cultivar-mas-legumbres-para-reducir-el-uso-de-pesticidas-y-nutrir-la-tierra\/#article\",\"isPartOf\":{\"@id\":\"https:\/\/stacatarina.mx\/consejos\/los-frijoles-y-las-lentejas-nos-salvaran-debemos-cultivar-mas-legumbres-para-reducir-el-uso-de-pesticidas-y-nutrir-la-tierra\/\"},\"author\":{\"name\":\"Pedro Mart\u00ednez\",\"@id\":\"https:\/\/stacatarina.mx\/consejos\/#\/schema\/person\/0be60adffa8e4c4d0828fdf021450e8a\"},\"headline\":\"\u00a1Los frijoles y las lentejas nos salvar\u00e1n! Debemos cultivar m\u00e1s legumbres para reducir el uso de pesticidas y nutrir la tierra\",\"datePublished\":\"2025-02-10T17:23:17+00:00\",\"dateModified\":\"2025-02-10T17:23:18+00:00\",\"mainEntityOfPage\":{\"@id\":\"https:\/\/stacatarina.mx\/consejos\/los-frijoles-y-las-lentejas-nos-salvaran-debemos-cultivar-mas-legumbres-para-reducir-el-uso-de-pesticidas-y-nutrir-la-tierra\/\"},\"wordCount\":602,\"publisher\":{\"@id\":\"https:\/\/stacatarina.mx\/consejos\/#organization\"},\"image\":{\"@id\":\"https:\/\/stacatarina.mx\/consejos\/los-frijoles-y-las-lentejas-nos-salvaran-debemos-cultivar-mas-legumbres-para-reducir-el-uso-de-pesticidas-y-nutrir-la-tierra\/#primaryimage\"},\"thumbnailUrl\":\"https:\/\/stacatarina.mx\/consejos\/wp-content\/uploads\/2025\/02\/\u00a1Los-frijoles-y-las-lentejas-nos-salvaran-Debemos-cultivar-mas.jpg\",\"keywords\":[\"cultivar\",\"Debemos\",\"frijoles\",\"Las\",\"legumbres\",\"Lentejas\",\"los\",\"m\u00e1s\",\"nos\",\"nutrir\",\"para\",\"pesticidas\",\"reducir\",\"salvar\u00e1n\",\"Tierra\",\"uso\"],\"articleSection\":[\"Salud\"],\"inLanguage\":\"es\"},{\"@type\":\"WebPage\",\"@id\":\"https:\/\/stacatarina.mx\/consejos\/los-frijoles-y-las-lentejas-nos-salvaran-debemos-cultivar-mas-legumbres-para-reducir-el-uso-de-pesticidas-y-nutrir-la-tierra\/\",\"url\":\"https:\/\/stacatarina.mx\/consejos\/los-frijoles-y-las-lentejas-nos-salvaran-debemos-cultivar-mas-legumbres-para-reducir-el-uso-de-pesticidas-y-nutrir-la-tierra\/\",\"name\":\"\u00a1Los frijoles y las lentejas nos salvar\u00e1n! Debemos cultivar m\u00e1s legumbres para reducir el uso de pesticidas y nutrir la tierra - Consejos - Santa Catarina\",\"isPartOf\":{\"@id\":\"https:\/\/stacatarina.mx\/consejos\/#website\"},\"primaryImageOfPage\":{\"@id\":\"https:\/\/stacatarina.mx\/consejos\/los-frijoles-y-las-lentejas-nos-salvaran-debemos-cultivar-mas-legumbres-para-reducir-el-uso-de-pesticidas-y-nutrir-la-tierra\/#primaryimage\"},\"image\":{\"@id\":\"https:\/\/stacatarina.mx\/consejos\/los-frijoles-y-las-lentejas-nos-salvaran-debemos-cultivar-mas-legumbres-para-reducir-el-uso-de-pesticidas-y-nutrir-la-tierra\/#primaryimage\"},\"thumbnailUrl\":\"https:\/\/stacatarina.mx\/consejos\/wp-content\/uploads\/2025\/02\/\u00a1Los-frijoles-y-las-lentejas-nos-salvaran-Debemos-cultivar-mas.jpg\",\"datePublished\":\"2025-02-10T17:23:17+00:00\",\"dateModified\":\"2025-02-10T17:23:18+00:00\",\"breadcrumb\":{\"@id\":\"https:\/\/stacatarina.mx\/consejos\/los-frijoles-y-las-lentejas-nos-salvaran-debemos-cultivar-mas-legumbres-para-reducir-el-uso-de-pesticidas-y-nutrir-la-tierra\/#breadcrumb\"},\"inLanguage\":\"es\",\"potentialAction\":[{\"@type\":\"ReadAction\",\"target\":[\"https:\/\/stacatarina.mx\/consejos\/los-frijoles-y-las-lentejas-nos-salvaran-debemos-cultivar-mas-legumbres-para-reducir-el-uso-de-pesticidas-y-nutrir-la-tierra\/\"]}]},{\"@type\":\"ImageObject\",\"inLanguage\":\"es\",\"@id\":\"https:\/\/stacatarina.mx\/consejos\/los-frijoles-y-las-lentejas-nos-salvaran-debemos-cultivar-mas-legumbres-para-reducir-el-uso-de-pesticidas-y-nutrir-la-tierra\/#primaryimage\",\"url\":\"https:\/\/stacatarina.mx\/consejos\/wp-content\/uploads\/2025\/02\/\u00a1Los-frijoles-y-las-lentejas-nos-salvaran-Debemos-cultivar-mas.jpg\",\"contentUrl\":\"https:\/\/stacatarina.mx\/consejos\/wp-content\/uploads\/2025\/02\/\u00a1Los-frijoles-y-las-lentejas-nos-salvaran-Debemos-cultivar-mas.jpg\",\"width\":1500,\"height\":1000,\"caption\":\"legumi\"},{\"@type\":\"BreadcrumbList\",\"@id\":\"https:\/\/stacatarina.mx\/consejos\/los-frijoles-y-las-lentejas-nos-salvaran-debemos-cultivar-mas-legumbres-para-reducir-el-uso-de-pesticidas-y-nutrir-la-tierra\/#breadcrumb\",\"itemListElement\":[{\"@type\":\"ListItem\",\"position\":1,\"name\":\"Inicio\",\"item\":\"https:\/\/stacatarina.mx\/consejos\/\"},{\"@type\":\"ListItem\",\"position\":2,\"name\":\"\u00a1Los frijoles y las lentejas nos salvar\u00e1n! Debemos cultivar m\u00e1s legumbres para reducir el uso de pesticidas y nutrir la tierra\"}]},{\"@type\":\"WebSite\",\"@id\":\"https:\/\/stacatarina.mx\/consejos\/#website\",\"url\":\"https:\/\/stacatarina.mx\/consejos\/\",\"name\":\"Santa Catarina\",\"description\":\"\",\"publisher\":{\"@id\":\"https:\/\/stacatarina.mx\/consejos\/#organization\"},\"potentialAction\":[{\"@type\":\"SearchAction\",\"target\":{\"@type\":\"EntryPoint\",\"urlTemplate\":\"https:\/\/stacatarina.mx\/consejos\/?s={search_term_string}\"},\"query-input\":{\"@type\":\"PropertyValueSpecification\",\"valueRequired\":true,\"valueName\":\"search_term_string\"}}],\"inLanguage\":\"es\"},{\"@type\":\"Organization\",\"@id\":\"https:\/\/stacatarina.mx\/consejos\/#organization\",\"name\":\"Santa Catarina\",\"url\":\"https:\/\/stacatarina.mx\/consejos\/\",\"logo\":{\"@type\":\"ImageObject\",\"inLanguage\":\"es\",\"@id\":\"https:\/\/stacatarina.mx\/consejos\/#\/schema\/logo\/image\/\",\"url\":\"https:\/\/stacatarina.mx\/consejos\/wp-content\/uploads\/2024\/09\/cropped-favicon-1-1.png\",\"contentUrl\":\"https:\/\/stacatarina.mx\/consejos\/wp-content\/uploads\/2024\/09\/cropped-favicon-1-1.png\",\"width\":512,\"height\":512,\"caption\":\"Santa Catarina\"},\"image\":{\"@id\":\"https:\/\/stacatarina.mx\/consejos\/#\/schema\/logo\/image\/\"},\"sameAs\":[\"https:\/\/www.facebook.com\/stacatarinagob\/\",\"https:\/\/x.com\/stacatarinagob\",\"https:\/\/www.instagram.com\/stacatarinagob\/\",\"https:\/\/www.youtube.com\/channel\/UCK-6cQJL_904665N1_nLTWw\"]},{\"@type\":\"Person\",\"@id\":\"https:\/\/stacatarina.mx\/consejos\/#\/schema\/person\/0be60adffa8e4c4d0828fdf021450e8a\",\"name\":\"Pedro Mart\u00ednez\",\"image\":{\"@type\":\"ImageObject\",\"inLanguage\":\"es\",\"@id\":\"https:\/\/stacatarina.mx\/consejos\/#\/schema\/person\/image\/\",\"url\":\"https:\/\/stacatarina.mx\/consejos\/wp-content\/uploads\/2024\/09\/stacatarina.jpg\",\"contentUrl\":\"https:\/\/stacatarina.mx\/consejos\/wp-content\/uploads\/2024\/09\/stacatarina.jpg\",\"caption\":\"Pedro Mart\u00ednez\"},\"description\":\"Hola, soy Pedro Mart\u00ednez, redactor jefe del sitio oficial del ayuntamiento de Santa Catarina, en M\u00e9xico. Con m\u00e1s de diez a\u00f1os de experiencia en el periodismo local, tengo una pasi\u00f3n por la investigaci\u00f3n y la difusi\u00f3n de informaci\u00f3n que valoriza nuestra hermosa comunidad. Mi compromiso es hacer de Santa Catarina una referencia en materia de transparencia y comunicaci\u00f3n municipal.\",\"sameAs\":[\"https:\/\/stacatarina.mx\/\"]}]}<\/script>\n<!-- \/ Yoast SEO plugin. -->","yoast_head_json":{"title":"\u00a1Los frijoles y las lentejas nos salvar\u00e1n! Debemos cultivar m\u00e1s legumbres para reducir el uso de pesticidas y nutrir la tierra - Consejos - Santa Catarina","robots":{"index":"index","follow":"follow","max-snippet":"max-snippet:-1","max-image-preview":"max-image-preview:large","max-video-preview":"max-video-preview:-1"},"canonical":"https:\/\/stacatarina.mx\/consejos\/los-frijoles-y-las-lentejas-nos-salvaran-debemos-cultivar-mas-legumbres-para-reducir-el-uso-de-pesticidas-y-nutrir-la-tierra\/","og_locale":"es_MX","og_type":"article","og_title":"\u00a1Los frijoles y las lentejas nos salvar\u00e1n! Debemos cultivar m\u00e1s legumbres para reducir el uso de pesticidas y nutrir la tierra - Consejos - Santa Catarina","og_description":"\u00a1Cultivar y comer m\u00e1s legumbres nos salvar\u00e1! Los cient\u00edficos solicitan una mayor producci\u00f3n de lentejas y frijoles en Europa para reducir el impacto ambiental de","og_url":"https:\/\/stacatarina.mx\/consejos\/los-frijoles-y-las-lentejas-nos-salvaran-debemos-cultivar-mas-legumbres-para-reducir-el-uso-de-pesticidas-y-nutrir-la-tierra\/","og_site_name":"Santa Catarina","article_publisher":"https:\/\/www.facebook.com\/stacatarinagob\/","article_published_time":"2025-02-10T17:23:17+00:00","article_modified_time":"2025-02-10T17:23:18+00:00","og_image":[{"width":1500,"height":1000,"url":"https:\/\/stacatarina.mx\/consejos\/wp-content\/uploads\/2025\/02\/\u00a1Los-frijoles-y-las-lentejas-nos-salvaran-Debemos-cultivar-mas.jpg","type":"image\/jpeg"}],"author":"Pedro Mart\u00ednez","twitter_card":"summary_large_image","twitter_creator":"@stacatarinagob","twitter_site":"@stacatarinagob","twitter_misc":{"Escrito por":"Pedro Mart\u00ednez","Tiempo de lectura":"3 minutos"},"schema":{"@context":"https:\/\/schema.org","@graph":[{"@type":"Article","@id":"https:\/\/stacatarina.mx\/consejos\/los-frijoles-y-las-lentejas-nos-salvaran-debemos-cultivar-mas-legumbres-para-reducir-el-uso-de-pesticidas-y-nutrir-la-tierra\/#article","isPartOf":{"@id":"https:\/\/stacatarina.mx\/consejos\/los-frijoles-y-las-lentejas-nos-salvaran-debemos-cultivar-mas-legumbres-para-reducir-el-uso-de-pesticidas-y-nutrir-la-tierra\/"},"author":{"name":"Pedro Mart\u00ednez","@id":"https:\/\/stacatarina.mx\/consejos\/#\/schema\/person\/0be60adffa8e4c4d0828fdf021450e8a"},"headline":"\u00a1Los frijoles y las lentejas nos salvar\u00e1n! Debemos cultivar m\u00e1s legumbres para reducir el uso de pesticidas y nutrir la tierra","datePublished":"2025-02-10T17:23:17+00:00","dateModified":"2025-02-10T17:23:18+00:00","mainEntityOfPage":{"@id":"https:\/\/stacatarina.mx\/consejos\/los-frijoles-y-las-lentejas-nos-salvaran-debemos-cultivar-mas-legumbres-para-reducir-el-uso-de-pesticidas-y-nutrir-la-tierra\/"},"wordCount":602,"publisher":{"@id":"https:\/\/stacatarina.mx\/consejos\/#organization"},"image":{"@id":"https:\/\/stacatarina.mx\/consejos\/los-frijoles-y-las-lentejas-nos-salvaran-debemos-cultivar-mas-legumbres-para-reducir-el-uso-de-pesticidas-y-nutrir-la-tierra\/#primaryimage"},"thumbnailUrl":"https:\/\/stacatarina.mx\/consejos\/wp-content\/uploads\/2025\/02\/\u00a1Los-frijoles-y-las-lentejas-nos-salvaran-Debemos-cultivar-mas.jpg","keywords":["cultivar","Debemos","frijoles","Las","legumbres","Lentejas","los","m\u00e1s","nos","nutrir","para","pesticidas","reducir","salvar\u00e1n","Tierra","uso"],"articleSection":["Salud"],"inLanguage":"es"},{"@type":"WebPage","@id":"https:\/\/stacatarina.mx\/consejos\/los-frijoles-y-las-lentejas-nos-salvaran-debemos-cultivar-mas-legumbres-para-reducir-el-uso-de-pesticidas-y-nutrir-la-tierra\/","url":"https:\/\/stacatarina.mx\/consejos\/los-frijoles-y-las-lentejas-nos-salvaran-debemos-cultivar-mas-legumbres-para-reducir-el-uso-de-pesticidas-y-nutrir-la-tierra\/","name":"\u00a1Los frijoles y las lentejas nos salvar\u00e1n! Debemos cultivar m\u00e1s legumbres para reducir el uso de pesticidas y nutrir la tierra - Consejos - Santa Catarina","isPartOf":{"@id":"https:\/\/stacatarina.mx\/consejos\/#website"},"primaryImageOfPage":{"@id":"https:\/\/stacatarina.mx\/consejos\/los-frijoles-y-las-lentejas-nos-salvaran-debemos-cultivar-mas-legumbres-para-reducir-el-uso-de-pesticidas-y-nutrir-la-tierra\/#primaryimage"},"image":{"@id":"https:\/\/stacatarina.mx\/consejos\/los-frijoles-y-las-lentejas-nos-salvaran-debemos-cultivar-mas-legumbres-para-reducir-el-uso-de-pesticidas-y-nutrir-la-tierra\/#primaryimage"},"thumbnailUrl":"https:\/\/stacatarina.mx\/consejos\/wp-content\/uploads\/2025\/02\/\u00a1Los-frijoles-y-las-lentejas-nos-salvaran-Debemos-cultivar-mas.jpg","datePublished":"2025-02-10T17:23:17+00:00","dateModified":"2025-02-10T17:23:18+00:00","breadcrumb":{"@id":"https:\/\/stacatarina.mx\/consejos\/los-frijoles-y-las-lentejas-nos-salvaran-debemos-cultivar-mas-legumbres-para-reducir-el-uso-de-pesticidas-y-nutrir-la-tierra\/#breadcrumb"},"inLanguage":"es","potentialAction":[{"@type":"ReadAction","target":["https:\/\/stacatarina.mx\/consejos\/los-frijoles-y-las-lentejas-nos-salvaran-debemos-cultivar-mas-legumbres-para-reducir-el-uso-de-pesticidas-y-nutrir-la-tierra\/"]}]},{"@type":"ImageObject","inLanguage":"es","@id":"https:\/\/stacatarina.mx\/consejos\/los-frijoles-y-las-lentejas-nos-salvaran-debemos-cultivar-mas-legumbres-para-reducir-el-uso-de-pesticidas-y-nutrir-la-tierra\/#primaryimage","url":"https:\/\/stacatarina.mx\/consejos\/wp-content\/uploads\/2025\/02\/\u00a1Los-frijoles-y-las-lentejas-nos-salvaran-Debemos-cultivar-mas.jpg","contentUrl":"https:\/\/stacatarina.mx\/consejos\/wp-content\/uploads\/2025\/02\/\u00a1Los-frijoles-y-las-lentejas-nos-salvaran-Debemos-cultivar-mas.jpg","width":1500,"height":1000,"caption":"legumi"},{"@type":"BreadcrumbList","@id":"https:\/\/stacatarina.mx\/consejos\/los-frijoles-y-las-lentejas-nos-salvaran-debemos-cultivar-mas-legumbres-para-reducir-el-uso-de-pesticidas-y-nutrir-la-tierra\/#breadcrumb","itemListElement":[{"@type":"ListItem","position":1,"name":"Inicio","item":"https:\/\/stacatarina.mx\/consejos\/"},{"@type":"ListItem","position":2,"name":"\u00a1Los frijoles y las lentejas nos salvar\u00e1n! Debemos cultivar m\u00e1s legumbres para reducir el uso de pesticidas y nutrir la tierra"}]},{"@type":"WebSite","@id":"https:\/\/stacatarina.mx\/consejos\/#website","url":"https:\/\/stacatarina.mx\/consejos\/","name":"Santa Catarina","description":"","publisher":{"@id":"https:\/\/stacatarina.mx\/consejos\/#organization"},"potentialAction":[{"@type":"SearchAction","target":{"@type":"EntryPoint","urlTemplate":"https:\/\/stacatarina.mx\/consejos\/?s={search_term_string}"},"query-input":{"@type":"PropertyValueSpecification","valueRequired":true,"valueName":"search_term_string"}}],"inLanguage":"es"},{"@type":"Organization","@id":"https:\/\/stacatarina.mx\/consejos\/#organization","name":"Santa Catarina","url":"https:\/\/stacatarina.mx\/consejos\/","logo":{"@type":"ImageObject","inLanguage":"es","@id":"https:\/\/stacatarina.mx\/consejos\/#\/schema\/logo\/image\/","url":"https:\/\/stacatarina.mx\/consejos\/wp-content\/uploads\/2024\/09\/cropped-favicon-1-1.png","contentUrl":"https:\/\/stacatarina.mx\/consejos\/wp-content\/uploads\/2024\/09\/cropped-favicon-1-1.png","width":512,"height":512,"caption":"Santa Catarina"},"image":{"@id":"https:\/\/stacatarina.mx\/consejos\/#\/schema\/logo\/image\/"},"sameAs":["https:\/\/www.facebook.com\/stacatarinagob\/","https:\/\/x.com\/stacatarinagob","https:\/\/www.instagram.com\/stacatarinagob\/","https:\/\/www.youtube.com\/channel\/UCK-6cQJL_904665N1_nLTWw"]},{"@type":"Person","@id":"https:\/\/stacatarina.mx\/consejos\/#\/schema\/person\/0be60adffa8e4c4d0828fdf021450e8a","name":"Pedro Mart\u00ednez","image":{"@type":"ImageObject","inLanguage":"es","@id":"https:\/\/stacatarina.mx\/consejos\/#\/schema\/person\/image\/","url":"https:\/\/stacatarina.mx\/consejos\/wp-content\/uploads\/2024\/09\/stacatarina.jpg","contentUrl":"https:\/\/stacatarina.mx\/consejos\/wp-content\/uploads\/2024\/09\/stacatarina.jpg","caption":"Pedro Mart\u00ednez"},"description":"Hola, soy Pedro Mart\u00ednez, redactor jefe del sitio oficial del ayuntamiento de Santa Catarina, en M\u00e9xico. Con m\u00e1s de diez a\u00f1os de experiencia en el periodismo local, tengo una pasi\u00f3n por la investigaci\u00f3n y la difusi\u00f3n de informaci\u00f3n que valoriza nuestra hermosa comunidad. Mi compromiso es hacer de Santa Catarina una referencia en materia de transparencia y comunicaci\u00f3n municipal.","sameAs":["https:\/\/stacatarina.mx\/"]}]}},"_links":{"self":[{"href":"https:\/\/stacatarina.mx\/consejos\/wp-json\/wp\/v2\/posts\/2678"}],"collection":[{"href":"https:\/\/stacatarina.mx\/consejos\/wp-json\/wp\/v2\/posts"}],"about":[{"href":"https:\/\/stacatarina.mx\/consejos\/wp-json\/wp\/v2\/types\/post"}],"author":[{"embeddable":true,"href":"https:\/\/stacatarina.mx\/consejos\/wp-json\/wp\/v2\/users\/1"}],"replies":[{"embeddable":true,"href":"https:\/\/stacatarina.mx\/consejos\/wp-json\/wp\/v2\/comments?post=2678"}],"version-history":[{"count":1,"href":"https:\/\/stacatarina.mx\/consejos\/wp-json\/wp\/v2\/posts\/2678\/revisions"}],"predecessor-version":[{"id":2680,"href":"https:\/\/stacatarina.mx\/consejos\/wp-json\/wp\/v2\/posts\/2678\/revisions\/2680"}],"wp:featuredmedia":[{"embeddable":true,"href":"https:\/\/stacatarina.mx\/consejos\/wp-json\/wp\/v2\/media\/2679"}],"wp:attachment":[{"href":"https:\/\/stacatarina.mx\/consejos\/wp-json\/wp\/v2\/media?parent=2678"}],"wp:term":[{"taxonomy":"category","embeddable":true,"href":"https:\/\/stacatarina.mx\/consejos\/wp-json\/wp\/v2\/categories?post=2678"},{"taxonomy":"post_tag","embeddable":true,"href":"https:\/\/stacatarina.mx\/consejos\/wp-json\/wp\/v2\/tags?post=2678"}],"curies":[{"name":"wp","href":"https:\/\/api.w.org\/{rel}","templated":true}]}}