{"id":2681,"date":"2025-02-10T14:23:11","date_gmt":"2025-02-10T20:23:11","guid":{"rendered":"https:\/\/stacatarina.mx\/consejos\/los-hogares-pidieron-mostrar-amor-por-los-pajaros-este-dia-de-san-valentin\/"},"modified":"2025-02-10T14:23:12","modified_gmt":"2025-02-10T20:23:12","slug":"los-hogares-pidieron-mostrar-amor-por-los-pajaros-este-dia-de-san-valentin","status":"publish","type":"post","link":"https:\/\/stacatarina.mx\/consejos\/los-hogares-pidieron-mostrar-amor-por-los-pajaros-este-dia-de-san-valentin\/","title":{"rendered":"Los hogares pidieron mostrar amor por los p\u00e1jaros este d\u00eda de San Valent\u00edn"},"content":{"rendered":"<div class=\"entry-content\">\n<p><strong>A medida que nos acercamos al D\u00eda de San Valent\u00edn y las aves de amor de las naciones est\u00e1n ocupadas haciendo planes amorosos, el c\u00e9lebre d\u00eda de Saint tambi\u00e9n marca el comienzo de la Semana Nacional de Nest Box.<\/strong><\/p>\n<p><strong>A mediados de febrero tambi\u00e9n es cuando muchas aves silvestres comienzan a emparejarse y buscar sitios adecuados para la inminente temporada de reproducci\u00f3n, por lo que ahora es un buen momento para colocar nuevas cajas de nidos, o arreglar sus viejos, dice el British Trust for Ornithology (BTO).<\/strong><\/p>\n<p>Nuestros jardines y espacios verdes proporcionan un hogar perfecto para muchas de nuestras aves m\u00e1s familiares y muy queridas, como <strong>Alion\u00edn<\/strong>, <strong>Gorri\u00f3n de la casa<\/strong>, <strong>Estornino<\/strong> y <strong>Petirrojo<\/strong>. Y si bien algunas personas pueden encontrar un lugar seguro para anidar en \u00e1reas plantadas, o alrededor de edificios, todav\u00eda hay una gran escasez de puntos de anidaci\u00f3n deseables, particularmente en \u00e1reas urbanas y suburbanas.<\/p>\n<p>La p\u00e9rdida del h\u00e1bitat apropiado, los cambios en el uso de la tierra, los jardines &#8216;m\u00e1s ordenados&#8217; y otros factores han impactado negativamente en muchas de las aves reproductoras del Reino Unido y es cada vez m\u00e1s importante que ayudemos a proporcionar un refugio donde nuestros vecinos emplumados puedan criar sus cr\u00edas. Al proporcionar cajas de nidos, podemos ayudar a muchos de los visitantes de nuestros jardines a prosperar.<\/p>\n<p>Hay una variedad asombrosamente amplia de cajas. De las tetas azules a <strong>B\u00fahos de granero<\/strong>hay cajas dise\u00f1adas para adaptarse a una gama de especies diferentes. Ya sea que construya su caja de nido o compre una lista, considere qu\u00e9 aves espera atraer. Tome nota de las aves que ve en su jard\u00edn para ayudarlo a determinar qu\u00e9 especies tienen m\u00e1s probabilidades de anidar all\u00ed. Los jardines m\u00e1s grandes deben atraer una gama m\u00e1s amplia de aves, mientras que los espacios m\u00e1s peque\u00f1os pueden proporcionar oportunidades limitadas, pero igualmente valiosas.<\/p>\n<p>Al igual que con nuestras propias casas, la ubicaci\u00f3n tambi\u00e9n es una caracter\u00edstica tan importante. Las cajas para las aves de jard\u00edn m\u00e1s comunes deben ubicarse entre 1 y 3 metros del suelo, lejos de los comederos de aves, y donde la entrada est\u00e1 protegida por el viento, la lluvia y la luz solar prevalecientes.<\/p>\n<p>Otro p\u00e1jaro que tambi\u00e9n lleva f\u00e1cilmente a los sitios de anidaci\u00f3n artificial, pero en realidad no es un p\u00e1jaro de jard\u00edn, es el <strong>R\u00e1pido<\/strong>. Estos asombrosos acr\u00f3batas a\u00e9reos han sufrido una ca\u00edda de la poblaci\u00f3n importantes en las \u00faltimas d\u00e9cadas y muchos propietarios ahora est\u00e1n proporcionando cajas especiales para estos viajeros din\u00e1micos, cuyas llamadas distintivas de gritos fueron una vez un sonido familiar de verano en nuestras ciudades y pueblos. Swifts generalmente favorece los edificios m\u00e1s antiguos para la anidaci\u00f3n, donde cr\u00edan a sus polluelos bajo los aleros, pero las mejoras modernas para el hogar y los restauraciones han reducido los sitios de anidaci\u00f3n adecuados.<\/p>\n<p>Adem\u00e1s de proporcionar un hogar invaluable para nuestras aves de jard\u00edn y brindar a los hogares una visi\u00f3n rara de sus vidas privadas, las cajas de nidos tambi\u00e9n pueden ayudar a proporcionar datos cient\u00edficos importantes. Los esquemas de monitoreo de Nest BTO ofrecen una forma fabulosa para que las personas controlen la salud de nuestras poblaciones de aves anidantes enviando sus registros, contribuyendo con informaci\u00f3n vital a nuestra comprensi\u00f3n del \u00e9xito de la cr\u00eda de aves.<br \/>Para obtener m\u00e1s informaci\u00f3n, vaya a: www.bto.org\/nest-monitoring<\/p>\n<p>El sitio web de BTO tambi\u00e9n tiene una p\u00e1gina de Nest Box dedicada que proporciona informaci\u00f3n y asesoramiento sobre el edificio, la compra y el posicionamiento de las cajas de nidos y las diferentes aves que pueden ser atra\u00eddas.<br \/>Para m\u00e1s detalles, visite: www.bto.org\/nest-boxes<\/p>\n<p><strong>El organizador de la encuesta de vecinos de anidaci\u00f3n de BTO, Hazel McCambridge, dice<\/strong> \u201cAl colocar una caja de nido en su jard\u00edn, no solo est\u00e1 proporcionando un lugar para que las aves cr\u00eden a su familia, es una oportunidad para profundizar su relaci\u00f3n con la vida silvestre en su puerta. Si puede mirar dentro de su caja de nido o tener una c\u00e1mara en la caja, tendr\u00e1 la oportunidad de aprender sobre las aves que lo rodean y al enviar los detalles del nido, puede ayudarnos a comprender c\u00f3mo los h\u00e1bitats y el cambio clim\u00e1tico est\u00e1n afectando a las aves. &#8220;<\/p>\n<\/p><\/div>\n","protected":false},"excerpt":{"rendered":"<p>A medida que nos acercamos al D\u00eda de San Valent\u00edn y las aves de amor de las naciones est\u00e1n ocupadas haciendo planes amorosos, el c\u00e9lebre<\/p>\n","protected":false},"author":1,"featured_media":2682,"comment_status":"closed","ping_status":"","sticky":false,"template":"","format":"standard","meta":{"footnotes":""},"categories":[68],"tags":[2064,157,339,925,62,3633,2505,3632,112,3448,3449],"class_list":["post-2681","post","type-post","status-publish","format-standard","has-post-thumbnail","hentry","category-fauna-y-flora","tag-amor","tag-dia","tag-este","tag-hogares","tag-los","tag-mostrar","tag-pajaros","tag-pidieron","tag-por","tag-san","tag-valentin","generate-columns","tablet-grid-50","mobile-grid-100","grid-parent","grid-50"],"yoast_head":"<!-- This site is optimized with the Yoast SEO plugin v23.4 - https:\/\/yoast.com\/wordpress\/plugins\/seo\/ -->\n<title>Los hogares pidieron mostrar amor por los p\u00e1jaros este d\u00eda de San Valent\u00edn - Consejos - Santa Catarina<\/title>\n<meta name=\"robots\" content=\"index, follow, max-snippet:-1, max-image-preview:large, max-video-preview:-1\" \/>\n<link rel=\"canonical\" href=\"https:\/\/stacatarina.mx\/consejos\/los-hogares-pidieron-mostrar-amor-por-los-pajaros-este-dia-de-san-valentin\/\" \/>\n<meta property=\"og:locale\" content=\"es_MX\" \/>\n<meta property=\"og:type\" content=\"article\" \/>\n<meta property=\"og:title\" content=\"Los hogares pidieron mostrar amor por los p\u00e1jaros este d\u00eda de San Valent\u00edn - Consejos - Santa Catarina\" \/>\n<meta property=\"og:description\" content=\"A medida que nos acercamos al D\u00eda de San Valent\u00edn y las aves de amor de las naciones est\u00e1n ocupadas haciendo planes amorosos, el c\u00e9lebre\" \/>\n<meta property=\"og:url\" content=\"https:\/\/stacatarina.mx\/consejos\/los-hogares-pidieron-mostrar-amor-por-los-pajaros-este-dia-de-san-valentin\/\" \/>\n<meta property=\"og:site_name\" content=\"Santa Catarina\" \/>\n<meta property=\"article:publisher\" content=\"https:\/\/www.facebook.com\/stacatarinagob\/\" \/>\n<meta property=\"article:published_time\" content=\"2025-02-10T20:23:11+00:00\" \/>\n<meta property=\"article:modified_time\" content=\"2025-02-10T20:23:12+00:00\" \/>\n<meta property=\"og:image\" content=\"https:\/\/stacatarina.mx\/consejos\/wp-content\/uploads\/2025\/02\/Los-hogares-pidieron-mostrar-amor-por-los-pajaros-este-dia.jpg\" \/>\n\t<meta property=\"og:image:width\" content=\"900\" \/>\n\t<meta property=\"og:image:height\" content=\"695\" \/>\n\t<meta property=\"og:image:type\" content=\"image\/jpeg\" \/>\n<meta name=\"author\" content=\"Pedro Mart\u00ednez\" \/>\n<meta name=\"twitter:card\" content=\"summary_large_image\" \/>\n<meta name=\"twitter:creator\" content=\"@stacatarinagob\" \/>\n<meta name=\"twitter:site\" content=\"@stacatarinagob\" \/>\n<meta name=\"twitter:label1\" content=\"Escrito por\" \/>\n\t<meta name=\"twitter:data1\" content=\"Pedro Mart\u00ednez\" \/>\n\t<meta name=\"twitter:label2\" content=\"Tiempo de lectura\" \/>\n\t<meta name=\"twitter:data2\" content=\"4 minutos\" \/>\n<script type=\"application\/ld+json\" class=\"yoast-schema-graph\">{\"@context\":\"https:\/\/schema.org\",\"@graph\":[{\"@type\":\"Article\",\"@id\":\"https:\/\/stacatarina.mx\/consejos\/los-hogares-pidieron-mostrar-amor-por-los-pajaros-este-dia-de-san-valentin\/#article\",\"isPartOf\":{\"@id\":\"https:\/\/stacatarina.mx\/consejos\/los-hogares-pidieron-mostrar-amor-por-los-pajaros-este-dia-de-san-valentin\/\"},\"author\":{\"name\":\"Pedro Mart\u00ednez\",\"@id\":\"https:\/\/stacatarina.mx\/consejos\/#\/schema\/person\/0be60adffa8e4c4d0828fdf021450e8a\"},\"headline\":\"Los hogares pidieron mostrar amor por los p\u00e1jaros este d\u00eda de San Valent\u00edn\",\"datePublished\":\"2025-02-10T20:23:11+00:00\",\"dateModified\":\"2025-02-10T20:23:12+00:00\",\"mainEntityOfPage\":{\"@id\":\"https:\/\/stacatarina.mx\/consejos\/los-hogares-pidieron-mostrar-amor-por-los-pajaros-este-dia-de-san-valentin\/\"},\"wordCount\":789,\"publisher\":{\"@id\":\"https:\/\/stacatarina.mx\/consejos\/#organization\"},\"image\":{\"@id\":\"https:\/\/stacatarina.mx\/consejos\/los-hogares-pidieron-mostrar-amor-por-los-pajaros-este-dia-de-san-valentin\/#primaryimage\"},\"thumbnailUrl\":\"https:\/\/stacatarina.mx\/consejos\/wp-content\/uploads\/2025\/02\/Los-hogares-pidieron-mostrar-amor-por-los-pajaros-este-dia.jpg\",\"keywords\":[\"amor\",\"d\u00eda\",\"este\",\"hogares\",\"los\",\"mostrar\",\"p\u00e1jaros\",\"pidieron\",\"por\",\"San\",\"Valent\u00edn\"],\"articleSection\":[\"Fauna y Flora\"],\"inLanguage\":\"es\"},{\"@type\":\"WebPage\",\"@id\":\"https:\/\/stacatarina.mx\/consejos\/los-hogares-pidieron-mostrar-amor-por-los-pajaros-este-dia-de-san-valentin\/\",\"url\":\"https:\/\/stacatarina.mx\/consejos\/los-hogares-pidieron-mostrar-amor-por-los-pajaros-este-dia-de-san-valentin\/\",\"name\":\"Los hogares pidieron mostrar amor por los p\u00e1jaros este d\u00eda de San Valent\u00edn - Consejos - Santa Catarina\",\"isPartOf\":{\"@id\":\"https:\/\/stacatarina.mx\/consejos\/#website\"},\"primaryImageOfPage\":{\"@id\":\"https:\/\/stacatarina.mx\/consejos\/los-hogares-pidieron-mostrar-amor-por-los-pajaros-este-dia-de-san-valentin\/#primaryimage\"},\"image\":{\"@id\":\"https:\/\/stacatarina.mx\/consejos\/los-hogares-pidieron-mostrar-amor-por-los-pajaros-este-dia-de-san-valentin\/#primaryimage\"},\"thumbnailUrl\":\"https:\/\/stacatarina.mx\/consejos\/wp-content\/uploads\/2025\/02\/Los-hogares-pidieron-mostrar-amor-por-los-pajaros-este-dia.jpg\",\"datePublished\":\"2025-02-10T20:23:11+00:00\",\"dateModified\":\"2025-02-10T20:23:12+00:00\",\"breadcrumb\":{\"@id\":\"https:\/\/stacatarina.mx\/consejos\/los-hogares-pidieron-mostrar-amor-por-los-pajaros-este-dia-de-san-valentin\/#breadcrumb\"},\"inLanguage\":\"es\",\"potentialAction\":[{\"@type\":\"ReadAction\",\"target\":[\"https:\/\/stacatarina.mx\/consejos\/los-hogares-pidieron-mostrar-amor-por-los-pajaros-este-dia-de-san-valentin\/\"]}]},{\"@type\":\"ImageObject\",\"inLanguage\":\"es\",\"@id\":\"https:\/\/stacatarina.mx\/consejos\/los-hogares-pidieron-mostrar-amor-por-los-pajaros-este-dia-de-san-valentin\/#primaryimage\",\"url\":\"https:\/\/stacatarina.mx\/consejos\/wp-content\/uploads\/2025\/02\/Los-hogares-pidieron-mostrar-amor-por-los-pajaros-este-dia.jpg\",\"contentUrl\":\"https:\/\/stacatarina.mx\/consejos\/wp-content\/uploads\/2025\/02\/Los-hogares-pidieron-mostrar-amor-por-los-pajaros-este-dia.jpg\",\"width\":900,\"height\":695,\"caption\":\"Householders asked to show love for the birds this Valentine\u2019s Day\"},{\"@type\":\"BreadcrumbList\",\"@id\":\"https:\/\/stacatarina.mx\/consejos\/los-hogares-pidieron-mostrar-amor-por-los-pajaros-este-dia-de-san-valentin\/#breadcrumb\",\"itemListElement\":[{\"@type\":\"ListItem\",\"position\":1,\"name\":\"Inicio\",\"item\":\"https:\/\/stacatarina.mx\/consejos\/\"},{\"@type\":\"ListItem\",\"position\":2,\"name\":\"Los hogares pidieron mostrar amor por los p\u00e1jaros este d\u00eda de San Valent\u00edn\"}]},{\"@type\":\"WebSite\",\"@id\":\"https:\/\/stacatarina.mx\/consejos\/#website\",\"url\":\"https:\/\/stacatarina.mx\/consejos\/\",\"name\":\"Santa Catarina\",\"description\":\"\",\"publisher\":{\"@id\":\"https:\/\/stacatarina.mx\/consejos\/#organization\"},\"potentialAction\":[{\"@type\":\"SearchAction\",\"target\":{\"@type\":\"EntryPoint\",\"urlTemplate\":\"https:\/\/stacatarina.mx\/consejos\/?s={search_term_string}\"},\"query-input\":{\"@type\":\"PropertyValueSpecification\",\"valueRequired\":true,\"valueName\":\"search_term_string\"}}],\"inLanguage\":\"es\"},{\"@type\":\"Organization\",\"@id\":\"https:\/\/stacatarina.mx\/consejos\/#organization\",\"name\":\"Santa Catarina\",\"url\":\"https:\/\/stacatarina.mx\/consejos\/\",\"logo\":{\"@type\":\"ImageObject\",\"inLanguage\":\"es\",\"@id\":\"https:\/\/stacatarina.mx\/consejos\/#\/schema\/logo\/image\/\",\"url\":\"https:\/\/stacatarina.mx\/consejos\/wp-content\/uploads\/2024\/09\/cropped-favicon-1-1.png\",\"contentUrl\":\"https:\/\/stacatarina.mx\/consejos\/wp-content\/uploads\/2024\/09\/cropped-favicon-1-1.png\",\"width\":512,\"height\":512,\"caption\":\"Santa Catarina\"},\"image\":{\"@id\":\"https:\/\/stacatarina.mx\/consejos\/#\/schema\/logo\/image\/\"},\"sameAs\":[\"https:\/\/www.facebook.com\/stacatarinagob\/\",\"https:\/\/x.com\/stacatarinagob\",\"https:\/\/www.instagram.com\/stacatarinagob\/\",\"https:\/\/www.youtube.com\/channel\/UCK-6cQJL_904665N1_nLTWw\"]},{\"@type\":\"Person\",\"@id\":\"https:\/\/stacatarina.mx\/consejos\/#\/schema\/person\/0be60adffa8e4c4d0828fdf021450e8a\",\"name\":\"Pedro Mart\u00ednez\",\"image\":{\"@type\":\"ImageObject\",\"inLanguage\":\"es\",\"@id\":\"https:\/\/stacatarina.mx\/consejos\/#\/schema\/person\/image\/\",\"url\":\"https:\/\/stacatarina.mx\/consejos\/wp-content\/uploads\/2024\/09\/stacatarina.jpg\",\"contentUrl\":\"https:\/\/stacatarina.mx\/consejos\/wp-content\/uploads\/2024\/09\/stacatarina.jpg\",\"caption\":\"Pedro Mart\u00ednez\"},\"description\":\"Hola, soy Pedro Mart\u00ednez, redactor jefe del sitio oficial del ayuntamiento de Santa Catarina, en M\u00e9xico. Con m\u00e1s de diez a\u00f1os de experiencia en el periodismo local, tengo una pasi\u00f3n por la investigaci\u00f3n y la difusi\u00f3n de informaci\u00f3n que valoriza nuestra hermosa comunidad. Mi compromiso es hacer de Santa Catarina una referencia en materia de transparencia y comunicaci\u00f3n municipal.\",\"sameAs\":[\"https:\/\/stacatarina.mx\/\"]}]}<\/script>\n<!-- \/ Yoast SEO plugin. -->","yoast_head_json":{"title":"Los hogares pidieron mostrar amor por los p\u00e1jaros este d\u00eda de San Valent\u00edn - Consejos - Santa Catarina","robots":{"index":"index","follow":"follow","max-snippet":"max-snippet:-1","max-image-preview":"max-image-preview:large","max-video-preview":"max-video-preview:-1"},"canonical":"https:\/\/stacatarina.mx\/consejos\/los-hogares-pidieron-mostrar-amor-por-los-pajaros-este-dia-de-san-valentin\/","og_locale":"es_MX","og_type":"article","og_title":"Los hogares pidieron mostrar amor por los p\u00e1jaros este d\u00eda de San Valent\u00edn - Consejos - Santa Catarina","og_description":"A medida que nos acercamos al D\u00eda de San Valent\u00edn y las aves de amor de las naciones est\u00e1n ocupadas haciendo planes amorosos, el c\u00e9lebre","og_url":"https:\/\/stacatarina.mx\/consejos\/los-hogares-pidieron-mostrar-amor-por-los-pajaros-este-dia-de-san-valentin\/","og_site_name":"Santa Catarina","article_publisher":"https:\/\/www.facebook.com\/stacatarinagob\/","article_published_time":"2025-02-10T20:23:11+00:00","article_modified_time":"2025-02-10T20:23:12+00:00","og_image":[{"width":900,"height":695,"url":"https:\/\/stacatarina.mx\/consejos\/wp-content\/uploads\/2025\/02\/Los-hogares-pidieron-mostrar-amor-por-los-pajaros-este-dia.jpg","type":"image\/jpeg"}],"author":"Pedro Mart\u00ednez","twitter_card":"summary_large_image","twitter_creator":"@stacatarinagob","twitter_site":"@stacatarinagob","twitter_misc":{"Escrito por":"Pedro Mart\u00ednez","Tiempo de lectura":"4 minutos"},"schema":{"@context":"https:\/\/schema.org","@graph":[{"@type":"Article","@id":"https:\/\/stacatarina.mx\/consejos\/los-hogares-pidieron-mostrar-amor-por-los-pajaros-este-dia-de-san-valentin\/#article","isPartOf":{"@id":"https:\/\/stacatarina.mx\/consejos\/los-hogares-pidieron-mostrar-amor-por-los-pajaros-este-dia-de-san-valentin\/"},"author":{"name":"Pedro Mart\u00ednez","@id":"https:\/\/stacatarina.mx\/consejos\/#\/schema\/person\/0be60adffa8e4c4d0828fdf021450e8a"},"headline":"Los hogares pidieron mostrar amor por los p\u00e1jaros este d\u00eda de San Valent\u00edn","datePublished":"2025-02-10T20:23:11+00:00","dateModified":"2025-02-10T20:23:12+00:00","mainEntityOfPage":{"@id":"https:\/\/stacatarina.mx\/consejos\/los-hogares-pidieron-mostrar-amor-por-los-pajaros-este-dia-de-san-valentin\/"},"wordCount":789,"publisher":{"@id":"https:\/\/stacatarina.mx\/consejos\/#organization"},"image":{"@id":"https:\/\/stacatarina.mx\/consejos\/los-hogares-pidieron-mostrar-amor-por-los-pajaros-este-dia-de-san-valentin\/#primaryimage"},"thumbnailUrl":"https:\/\/stacatarina.mx\/consejos\/wp-content\/uploads\/2025\/02\/Los-hogares-pidieron-mostrar-amor-por-los-pajaros-este-dia.jpg","keywords":["amor","d\u00eda","este","hogares","los","mostrar","p\u00e1jaros","pidieron","por","San","Valent\u00edn"],"articleSection":["Fauna y Flora"],"inLanguage":"es"},{"@type":"WebPage","@id":"https:\/\/stacatarina.mx\/consejos\/los-hogares-pidieron-mostrar-amor-por-los-pajaros-este-dia-de-san-valentin\/","url":"https:\/\/stacatarina.mx\/consejos\/los-hogares-pidieron-mostrar-amor-por-los-pajaros-este-dia-de-san-valentin\/","name":"Los hogares pidieron mostrar amor por los p\u00e1jaros este d\u00eda de San Valent\u00edn - Consejos - Santa Catarina","isPartOf":{"@id":"https:\/\/stacatarina.mx\/consejos\/#website"},"primaryImageOfPage":{"@id":"https:\/\/stacatarina.mx\/consejos\/los-hogares-pidieron-mostrar-amor-por-los-pajaros-este-dia-de-san-valentin\/#primaryimage"},"image":{"@id":"https:\/\/stacatarina.mx\/consejos\/los-hogares-pidieron-mostrar-amor-por-los-pajaros-este-dia-de-san-valentin\/#primaryimage"},"thumbnailUrl":"https:\/\/stacatarina.mx\/consejos\/wp-content\/uploads\/2025\/02\/Los-hogares-pidieron-mostrar-amor-por-los-pajaros-este-dia.jpg","datePublished":"2025-02-10T20:23:11+00:00","dateModified":"2025-02-10T20:23:12+00:00","breadcrumb":{"@id":"https:\/\/stacatarina.mx\/consejos\/los-hogares-pidieron-mostrar-amor-por-los-pajaros-este-dia-de-san-valentin\/#breadcrumb"},"inLanguage":"es","potentialAction":[{"@type":"ReadAction","target":["https:\/\/stacatarina.mx\/consejos\/los-hogares-pidieron-mostrar-amor-por-los-pajaros-este-dia-de-san-valentin\/"]}]},{"@type":"ImageObject","inLanguage":"es","@id":"https:\/\/stacatarina.mx\/consejos\/los-hogares-pidieron-mostrar-amor-por-los-pajaros-este-dia-de-san-valentin\/#primaryimage","url":"https:\/\/stacatarina.mx\/consejos\/wp-content\/uploads\/2025\/02\/Los-hogares-pidieron-mostrar-amor-por-los-pajaros-este-dia.jpg","contentUrl":"https:\/\/stacatarina.mx\/consejos\/wp-content\/uploads\/2025\/02\/Los-hogares-pidieron-mostrar-amor-por-los-pajaros-este-dia.jpg","width":900,"height":695,"caption":"Householders asked to show love for the birds this Valentine\u2019s Day"},{"@type":"BreadcrumbList","@id":"https:\/\/stacatarina.mx\/consejos\/los-hogares-pidieron-mostrar-amor-por-los-pajaros-este-dia-de-san-valentin\/#breadcrumb","itemListElement":[{"@type":"ListItem","position":1,"name":"Inicio","item":"https:\/\/stacatarina.mx\/consejos\/"},{"@type":"ListItem","position":2,"name":"Los hogares pidieron mostrar amor por los p\u00e1jaros este d\u00eda de San Valent\u00edn"}]},{"@type":"WebSite","@id":"https:\/\/stacatarina.mx\/consejos\/#website","url":"https:\/\/stacatarina.mx\/consejos\/","name":"Santa Catarina","description":"","publisher":{"@id":"https:\/\/stacatarina.mx\/consejos\/#organization"},"potentialAction":[{"@type":"SearchAction","target":{"@type":"EntryPoint","urlTemplate":"https:\/\/stacatarina.mx\/consejos\/?s={search_term_string}"},"query-input":{"@type":"PropertyValueSpecification","valueRequired":true,"valueName":"search_term_string"}}],"inLanguage":"es"},{"@type":"Organization","@id":"https:\/\/stacatarina.mx\/consejos\/#organization","name":"Santa Catarina","url":"https:\/\/stacatarina.mx\/consejos\/","logo":{"@type":"ImageObject","inLanguage":"es","@id":"https:\/\/stacatarina.mx\/consejos\/#\/schema\/logo\/image\/","url":"https:\/\/stacatarina.mx\/consejos\/wp-content\/uploads\/2024\/09\/cropped-favicon-1-1.png","contentUrl":"https:\/\/stacatarina.mx\/consejos\/wp-content\/uploads\/2024\/09\/cropped-favicon-1-1.png","width":512,"height":512,"caption":"Santa Catarina"},"image":{"@id":"https:\/\/stacatarina.mx\/consejos\/#\/schema\/logo\/image\/"},"sameAs":["https:\/\/www.facebook.com\/stacatarinagob\/","https:\/\/x.com\/stacatarinagob","https:\/\/www.instagram.com\/stacatarinagob\/","https:\/\/www.youtube.com\/channel\/UCK-6cQJL_904665N1_nLTWw"]},{"@type":"Person","@id":"https:\/\/stacatarina.mx\/consejos\/#\/schema\/person\/0be60adffa8e4c4d0828fdf021450e8a","name":"Pedro Mart\u00ednez","image":{"@type":"ImageObject","inLanguage":"es","@id":"https:\/\/stacatarina.mx\/consejos\/#\/schema\/person\/image\/","url":"https:\/\/stacatarina.mx\/consejos\/wp-content\/uploads\/2024\/09\/stacatarina.jpg","contentUrl":"https:\/\/stacatarina.mx\/consejos\/wp-content\/uploads\/2024\/09\/stacatarina.jpg","caption":"Pedro Mart\u00ednez"},"description":"Hola, soy Pedro Mart\u00ednez, redactor jefe del sitio oficial del ayuntamiento de Santa Catarina, en M\u00e9xico. Con m\u00e1s de diez a\u00f1os de experiencia en el periodismo local, tengo una pasi\u00f3n por la investigaci\u00f3n y la difusi\u00f3n de informaci\u00f3n que valoriza nuestra hermosa comunidad. Mi compromiso es hacer de Santa Catarina una referencia en materia de transparencia y comunicaci\u00f3n municipal.","sameAs":["https:\/\/stacatarina.mx\/"]}]}},"_links":{"self":[{"href":"https:\/\/stacatarina.mx\/consejos\/wp-json\/wp\/v2\/posts\/2681"}],"collection":[{"href":"https:\/\/stacatarina.mx\/consejos\/wp-json\/wp\/v2\/posts"}],"about":[{"href":"https:\/\/stacatarina.mx\/consejos\/wp-json\/wp\/v2\/types\/post"}],"author":[{"embeddable":true,"href":"https:\/\/stacatarina.mx\/consejos\/wp-json\/wp\/v2\/users\/1"}],"replies":[{"embeddable":true,"href":"https:\/\/stacatarina.mx\/consejos\/wp-json\/wp\/v2\/comments?post=2681"}],"version-history":[{"count":1,"href":"https:\/\/stacatarina.mx\/consejos\/wp-json\/wp\/v2\/posts\/2681\/revisions"}],"predecessor-version":[{"id":2683,"href":"https:\/\/stacatarina.mx\/consejos\/wp-json\/wp\/v2\/posts\/2681\/revisions\/2683"}],"wp:featuredmedia":[{"embeddable":true,"href":"https:\/\/stacatarina.mx\/consejos\/wp-json\/wp\/v2\/media\/2682"}],"wp:attachment":[{"href":"https:\/\/stacatarina.mx\/consejos\/wp-json\/wp\/v2\/media?parent=2681"}],"wp:term":[{"taxonomy":"category","embeddable":true,"href":"https:\/\/stacatarina.mx\/consejos\/wp-json\/wp\/v2\/categories?post=2681"},{"taxonomy":"post_tag","embeddable":true,"href":"https:\/\/stacatarina.mx\/consejos\/wp-json\/wp\/v2\/tags?post=2681"}],"curies":[{"name":"wp","href":"https:\/\/api.w.org\/{rel}","templated":true}]}}