{"id":2690,"date":"2025-02-11T00:23:34","date_gmt":"2025-02-11T06:23:34","guid":{"rendered":"https:\/\/stacatarina.mx\/consejos\/save-the-seagrasses-una-campana-global-para-proteger-a-marine-meadows\/"},"modified":"2025-02-11T00:23:36","modified_gmt":"2025-02-11T06:23:36","slug":"save-the-seagrasses-una-campana-global-para-proteger-a-marine-meadows","status":"publish","type":"post","link":"https:\/\/stacatarina.mx\/consejos\/save-the-seagrasses-una-campana-global-para-proteger-a-marine-meadows\/","title":{"rendered":"Save the SeaGrasses: una campa\u00f1a global para proteger a Marine Meadows"},"content":{"rendered":"<div class=\"entry-content\">\n<p>La Fundaci\u00f3n Mundial de Sostenibilidad lanza una iniciativa significativa para salvaguardar uno de los ecosistemas m\u00e1s preciados del planeta.<\/p>\n<p>Los prados de pastos marinos, los pulmones reales del mar, est\u00e1n desapareciendo a un ritmo alarmante. Desde el siglo XIX, hemos perdido el 30% del \u00e1rea total de estos h\u00e1bitats vitales, con el 14% de las especies en riesgo de extinci\u00f3n. Para contrarrestar esta tendencia, la Fundaci\u00f3n Mundial de Sostenibilidad ha iniciado la campa\u00f1a &#8220;Save the Seagrasses&#8221;, un ambicioso proyecto para preservar estos ecosistemas cruciales, una piedra angular de la biodiversidad marina.<\/p>\n<p>Un ecosistema \u00fanico e insustituible<\/p>\n<p>Las pastas marinas son las \u00fanicas plantas con flores capaces de prosperar completamente en ambientes marinos, con 72 especies encontradas en todo el mundo. Estas plantas extraordinarias han evolucionado de sus parientes terrestres para colonizar las zonas marinas iluminadas por el sol, desarrollando caracter\u00edsticas \u00fanicas, incluida la notable capacidad de ser polinizado bajo el agua.<\/p>\n<p>Los prados de pastos marinos se ubican entre los ecosistemas m\u00e1s productivos de la Tierra y realizan funciones esenciales para el entorno marino. Su papel en la protecci\u00f3n costera es cr\u00edtico:<\/p>\n<p>Reducen la erosi\u00f3n estabilizando los sedimentos, mitigan el impacto de las olas en las costas y estabilizando los mares marinos.<\/p>\n<p>Proporcionan h\u00e1bitats esenciales para numerosas especies marinas, que act\u00faan como viveros para peces juveniles y ofrecen fuentes de alimentos primarias para especies protegidas como manat\u00edes y tortugas verdes.<\/p>\n<p>Mejoran la calidad del agua filtrando, oxigenando el ambiente marino y secuestrando carbono de la atm\u00f3sfera.<\/p>\n<p>Amenazas y desaf\u00edos<\/p>\n<p>Los prados de pastos marinos se enfrentan actualmente a numerosas amenazas que ponen en peligro su supervivencia:<\/p>\n<p>El desarrollo costero, las actividades recreativas de navegaci\u00f3n y arrastre destruyen prados de pastos marinos o aumentan la turbidez del agua, obstaculizando la fotos\u00edntesis.<\/p>\n<p>El aumento de las temperaturas, el aumento del nivel del mar y la intensificaci\u00f3n de eventos meteorol\u00f3gicos como los huracanes y las tormentas causadas por el calentamiento global perjudican el crecimiento y la reproducci\u00f3n de las plantas.<\/p>\n<p>La contaminaci\u00f3n de las descargas de aguas residuales no tratadas conduce a la eutrofizaci\u00f3n y al aumento de los niveles de nitr\u00f3geno y f\u00f3sforo, causando un crecimiento excesivo de algas que bloquea la fotos\u00edntesis.<\/p>\n<p>Impacto socioecon\u00f3mico<\/p>\n<p>La p\u00e9rdida de prados de pastos marinos da como resultado consecuencias mucho m\u00e1s all\u00e1 del entorno natural:<\/p>\n<p>En el sector pesquero, existe una reducci\u00f3n significativa en las calas de reproducci\u00f3n para especies comercialmente importantes, que afecta directamente a la pesca artesanal e industrial y a la seguridad alimentaria para las comunidades costeras.<\/p>\n<p>La reducci\u00f3n de las oportunidades de ecoturismo y la degradaci\u00f3n de la calidad del agua costera afecta negativamente al turismo.<\/p>\n<p>La protecci\u00f3n costera se ve comprometida, aumentando los costos de las defensas costeras y la vulnerabilidad a los eventos clim\u00e1ticos extremos.<\/p>\n<p>Asociaci\u00f3n estrat\u00e9gica: el servicio Sea Ranger<\/p>\n<p>Como parte de la campa\u00f1a &#8220;Save the Seagrasses&#8221;, la Fundaci\u00f3n Mundial de Sostenibilidad apoya al Sea Ranger Service, una organizaci\u00f3n innovadora que opera en los Pa\u00edses Bajos. Proporciona capacitaci\u00f3n mar\u00edtima, empleo y oportunidades de entrenamiento a los j\u00f3venes en las zonas costeras. Simult\u00e1neamente, brindan servicios offshore para ayudar a los gobiernos a administrar, conservar y restaurar los oc\u00e9anos.<\/p>\n<p>Actualmente, el proyecto est\u00e1 activo en seis pa\u00edses europeos (Dinamarca, Alemania, Francia, los Pa\u00edses Bajos, Espa\u00f1a y el Reino Unido) con importantes iniciativas de restauraci\u00f3n, como:<\/p>\n<p>Arcachon Bay (Francia) y el este de Scheldt (Pa\u00edses Bajos): las parcelas de pastos marinos plantados se extienden actualmente a trav\u00e9s de 18,3 hect\u00e1reas. Esto se divide entre 16 hect\u00e1reas en el este de Scheldt y 2,3 hect\u00e1reas en Arcachon en colaboraci\u00f3n con la Universidad de Groningen y la oficina Fran\u00e7ais de la Biodiversit\u00e9, respectivamente.<\/p>\n<p>\u00c9tang de Berre (Francia): plant\u00f3 alrededor de 1500 n\u00facleos de pastos marinos en una portada de 1 ha en asociaci\u00f3n con Gipreb y la Universidad de Groningen. Aqu\u00ed la superficie real de los pastos marinos se ha expandido a 430 m2 en septiembre desde 7.8m2 en mayo.<\/p>\n<p>Un llamado a la acci\u00f3n<\/p>\n<p>La campa\u00f1a &#8220;Save the Seagrasses&#8221; requiere una acci\u00f3n colectiva de todos los sectores de la sociedad:<\/p>\n<p>Los ciudadanos pueden contribuir educ\u00e1ndose a s\u00ed mismos y creando conciencia sobre la importancia de los prados de pastos marinos, apoyando iniciativas de conservaci\u00f3n y eligiendo productos de mariscos sostenibles.<\/p>\n<p>Las instituciones deben implementar regulaciones m\u00e1s estrictas para proteger los h\u00e1bitats marinos y mejorar los sistemas de tratamiento de aguas residuales.<\/p>\n<p>El sector privado puede desempe\u00f1ar su papel adoptando pr\u00e1cticas sostenibles en actividades marinas e invirtiendo en tecnolog\u00edas que reducen el impacto ambiental.<\/p>\n<p>&#8220;Los prados de pastos marinos son mucho m\u00e1s que un h\u00e1bitat natural: son el coraz\u00f3n lateral de nuestros ecosistemas costeros y juegan un papel crucial en la lucha contra el cambio clim\u00e1tico&#8221;, dice Paolo Bray, fundador y director de la Fundaci\u00f3n Mundial de Sostenibilidad. \u201cCon la campa\u00f1a &#8216;Save the Seagrasses&#8217;, no solo estamos protegiendo las plantas marinas; Estamos salvaguardando el futuro de nuestras costas, las comunidades que dependen de ellas e innumerables especies marinas. Cada hect\u00e1rea de pastos marinos que ahorramos es una inversi\u00f3n en las generaciones futuras &#8220;.<\/p>\n<\/p><\/div>\n","protected":false},"excerpt":{"rendered":"<p>La Fundaci\u00f3n Mundial de Sostenibilidad lanza una iniciativa significativa para salvaguardar uno de los ecosistemas m\u00e1s preciados del planeta. Los prados de pastos marinos, los<\/p>\n","protected":false},"author":1,"featured_media":2691,"comment_status":"closed","ping_status":"","sticky":false,"template":"","format":"standard","meta":{"footnotes":""},"categories":[68],"tags":[1068,2239,3642,3643,29,1657,3640,3641,37],"class_list":["post-2690","post","type-post","status-publish","format-standard","has-post-thumbnail","hentry","category-fauna-y-flora","tag-campana","tag-global","tag-marine","tag-meadows","tag-para","tag-proteger","tag-save","tag-seagrasses","tag-una","generate-columns","tablet-grid-50","mobile-grid-100","grid-parent","grid-50"],"yoast_head":"<!-- This site is optimized with the Yoast SEO plugin v23.4 - https:\/\/yoast.com\/wordpress\/plugins\/seo\/ -->\n<title>Save the SeaGrasses: una campa\u00f1a global para proteger a Marine Meadows - Consejos - Santa Catarina<\/title>\n<meta name=\"robots\" content=\"index, follow, max-snippet:-1, max-image-preview:large, max-video-preview:-1\" \/>\n<link rel=\"canonical\" href=\"https:\/\/stacatarina.mx\/consejos\/save-the-seagrasses-una-campana-global-para-proteger-a-marine-meadows\/\" \/>\n<meta property=\"og:locale\" content=\"es_MX\" \/>\n<meta property=\"og:type\" content=\"article\" \/>\n<meta property=\"og:title\" content=\"Save the SeaGrasses: una campa\u00f1a global para proteger a Marine Meadows - Consejos - Santa Catarina\" \/>\n<meta property=\"og:description\" content=\"La Fundaci\u00f3n Mundial de Sostenibilidad lanza una iniciativa significativa para salvaguardar uno de los ecosistemas m\u00e1s preciados del planeta. Los prados de pastos marinos, los\" \/>\n<meta property=\"og:url\" content=\"https:\/\/stacatarina.mx\/consejos\/save-the-seagrasses-una-campana-global-para-proteger-a-marine-meadows\/\" \/>\n<meta property=\"og:site_name\" content=\"Santa Catarina\" \/>\n<meta property=\"article:publisher\" content=\"https:\/\/www.facebook.com\/stacatarinagob\/\" \/>\n<meta property=\"article:published_time\" content=\"2025-02-11T06:23:34+00:00\" \/>\n<meta property=\"article:modified_time\" content=\"2025-02-11T06:23:36+00:00\" \/>\n<meta property=\"og:image\" content=\"https:\/\/stacatarina.mx\/consejos\/wp-content\/uploads\/2025\/02\/Save-the-SeaGrasses-una-campana-global-para-proteger-a-Marine.jpg\" \/>\n\t<meta property=\"og:image:width\" content=\"900\" \/>\n\t<meta property=\"og:image:height\" content=\"675\" \/>\n\t<meta property=\"og:image:type\" content=\"image\/jpeg\" \/>\n<meta name=\"author\" content=\"Pedro Mart\u00ednez\" \/>\n<meta name=\"twitter:card\" content=\"summary_large_image\" \/>\n<meta name=\"twitter:creator\" content=\"@stacatarinagob\" \/>\n<meta name=\"twitter:site\" content=\"@stacatarinagob\" \/>\n<meta name=\"twitter:label1\" content=\"Escrito por\" \/>\n\t<meta name=\"twitter:data1\" content=\"Pedro Mart\u00ednez\" \/>\n\t<meta name=\"twitter:label2\" content=\"Tiempo de lectura\" \/>\n\t<meta name=\"twitter:data2\" content=\"4 minutos\" \/>\n<script type=\"application\/ld+json\" class=\"yoast-schema-graph\">{\"@context\":\"https:\/\/schema.org\",\"@graph\":[{\"@type\":\"Article\",\"@id\":\"https:\/\/stacatarina.mx\/consejos\/save-the-seagrasses-una-campana-global-para-proteger-a-marine-meadows\/#article\",\"isPartOf\":{\"@id\":\"https:\/\/stacatarina.mx\/consejos\/save-the-seagrasses-una-campana-global-para-proteger-a-marine-meadows\/\"},\"author\":{\"name\":\"Pedro Mart\u00ednez\",\"@id\":\"https:\/\/stacatarina.mx\/consejos\/#\/schema\/person\/0be60adffa8e4c4d0828fdf021450e8a\"},\"headline\":\"Save the SeaGrasses: una campa\u00f1a global para proteger a Marine Meadows\",\"datePublished\":\"2025-02-11T06:23:34+00:00\",\"dateModified\":\"2025-02-11T06:23:36+00:00\",\"mainEntityOfPage\":{\"@id\":\"https:\/\/stacatarina.mx\/consejos\/save-the-seagrasses-una-campana-global-para-proteger-a-marine-meadows\/\"},\"wordCount\":911,\"publisher\":{\"@id\":\"https:\/\/stacatarina.mx\/consejos\/#organization\"},\"image\":{\"@id\":\"https:\/\/stacatarina.mx\/consejos\/save-the-seagrasses-una-campana-global-para-proteger-a-marine-meadows\/#primaryimage\"},\"thumbnailUrl\":\"https:\/\/stacatarina.mx\/consejos\/wp-content\/uploads\/2025\/02\/Save-the-SeaGrasses-una-campana-global-para-proteger-a-Marine.jpg\",\"keywords\":[\"campa\u00f1a\",\"global\",\"Marine\",\"Meadows\",\"para\",\"proteger..\",\"Save\",\"SeaGrasses\",\"una\"],\"articleSection\":[\"Fauna y Flora\"],\"inLanguage\":\"es\"},{\"@type\":\"WebPage\",\"@id\":\"https:\/\/stacatarina.mx\/consejos\/save-the-seagrasses-una-campana-global-para-proteger-a-marine-meadows\/\",\"url\":\"https:\/\/stacatarina.mx\/consejos\/save-the-seagrasses-una-campana-global-para-proteger-a-marine-meadows\/\",\"name\":\"Save the SeaGrasses: una campa\u00f1a global para proteger a Marine Meadows - Consejos - Santa Catarina\",\"isPartOf\":{\"@id\":\"https:\/\/stacatarina.mx\/consejos\/#website\"},\"primaryImageOfPage\":{\"@id\":\"https:\/\/stacatarina.mx\/consejos\/save-the-seagrasses-una-campana-global-para-proteger-a-marine-meadows\/#primaryimage\"},\"image\":{\"@id\":\"https:\/\/stacatarina.mx\/consejos\/save-the-seagrasses-una-campana-global-para-proteger-a-marine-meadows\/#primaryimage\"},\"thumbnailUrl\":\"https:\/\/stacatarina.mx\/consejos\/wp-content\/uploads\/2025\/02\/Save-the-SeaGrasses-una-campana-global-para-proteger-a-Marine.jpg\",\"datePublished\":\"2025-02-11T06:23:34+00:00\",\"dateModified\":\"2025-02-11T06:23:36+00:00\",\"breadcrumb\":{\"@id\":\"https:\/\/stacatarina.mx\/consejos\/save-the-seagrasses-una-campana-global-para-proteger-a-marine-meadows\/#breadcrumb\"},\"inLanguage\":\"es\",\"potentialAction\":[{\"@type\":\"ReadAction\",\"target\":[\"https:\/\/stacatarina.mx\/consejos\/save-the-seagrasses-una-campana-global-para-proteger-a-marine-meadows\/\"]}]},{\"@type\":\"ImageObject\",\"inLanguage\":\"es\",\"@id\":\"https:\/\/stacatarina.mx\/consejos\/save-the-seagrasses-una-campana-global-para-proteger-a-marine-meadows\/#primaryimage\",\"url\":\"https:\/\/stacatarina.mx\/consejos\/wp-content\/uploads\/2025\/02\/Save-the-SeaGrasses-una-campana-global-para-proteger-a-Marine.jpg\",\"contentUrl\":\"https:\/\/stacatarina.mx\/consejos\/wp-content\/uploads\/2025\/02\/Save-the-SeaGrasses-una-campana-global-para-proteger-a-Marine.jpg\",\"width\":900,\"height\":675,\"caption\":\"Save the Seagrasses: A Global Campaign to Protect Marine Meadows\"},{\"@type\":\"BreadcrumbList\",\"@id\":\"https:\/\/stacatarina.mx\/consejos\/save-the-seagrasses-una-campana-global-para-proteger-a-marine-meadows\/#breadcrumb\",\"itemListElement\":[{\"@type\":\"ListItem\",\"position\":1,\"name\":\"Inicio\",\"item\":\"https:\/\/stacatarina.mx\/consejos\/\"},{\"@type\":\"ListItem\",\"position\":2,\"name\":\"Save the SeaGrasses: una campa\u00f1a global para proteger a Marine Meadows\"}]},{\"@type\":\"WebSite\",\"@id\":\"https:\/\/stacatarina.mx\/consejos\/#website\",\"url\":\"https:\/\/stacatarina.mx\/consejos\/\",\"name\":\"Santa Catarina\",\"description\":\"\",\"publisher\":{\"@id\":\"https:\/\/stacatarina.mx\/consejos\/#organization\"},\"potentialAction\":[{\"@type\":\"SearchAction\",\"target\":{\"@type\":\"EntryPoint\",\"urlTemplate\":\"https:\/\/stacatarina.mx\/consejos\/?s={search_term_string}\"},\"query-input\":{\"@type\":\"PropertyValueSpecification\",\"valueRequired\":true,\"valueName\":\"search_term_string\"}}],\"inLanguage\":\"es\"},{\"@type\":\"Organization\",\"@id\":\"https:\/\/stacatarina.mx\/consejos\/#organization\",\"name\":\"Santa Catarina\",\"url\":\"https:\/\/stacatarina.mx\/consejos\/\",\"logo\":{\"@type\":\"ImageObject\",\"inLanguage\":\"es\",\"@id\":\"https:\/\/stacatarina.mx\/consejos\/#\/schema\/logo\/image\/\",\"url\":\"https:\/\/stacatarina.mx\/consejos\/wp-content\/uploads\/2024\/09\/cropped-favicon-1-1.png\",\"contentUrl\":\"https:\/\/stacatarina.mx\/consejos\/wp-content\/uploads\/2024\/09\/cropped-favicon-1-1.png\",\"width\":512,\"height\":512,\"caption\":\"Santa Catarina\"},\"image\":{\"@id\":\"https:\/\/stacatarina.mx\/consejos\/#\/schema\/logo\/image\/\"},\"sameAs\":[\"https:\/\/www.facebook.com\/stacatarinagob\/\",\"https:\/\/x.com\/stacatarinagob\",\"https:\/\/www.instagram.com\/stacatarinagob\/\",\"https:\/\/www.youtube.com\/channel\/UCK-6cQJL_904665N1_nLTWw\"]},{\"@type\":\"Person\",\"@id\":\"https:\/\/stacatarina.mx\/consejos\/#\/schema\/person\/0be60adffa8e4c4d0828fdf021450e8a\",\"name\":\"Pedro Mart\u00ednez\",\"image\":{\"@type\":\"ImageObject\",\"inLanguage\":\"es\",\"@id\":\"https:\/\/stacatarina.mx\/consejos\/#\/schema\/person\/image\/\",\"url\":\"https:\/\/stacatarina.mx\/consejos\/wp-content\/uploads\/2024\/09\/stacatarina.jpg\",\"contentUrl\":\"https:\/\/stacatarina.mx\/consejos\/wp-content\/uploads\/2024\/09\/stacatarina.jpg\",\"caption\":\"Pedro Mart\u00ednez\"},\"description\":\"Hola, soy Pedro Mart\u00ednez, redactor jefe del sitio oficial del ayuntamiento de Santa Catarina, en M\u00e9xico. Con m\u00e1s de diez a\u00f1os de experiencia en el periodismo local, tengo una pasi\u00f3n por la investigaci\u00f3n y la difusi\u00f3n de informaci\u00f3n que valoriza nuestra hermosa comunidad. Mi compromiso es hacer de Santa Catarina una referencia en materia de transparencia y comunicaci\u00f3n municipal.\",\"sameAs\":[\"https:\/\/stacatarina.mx\/\"]}]}<\/script>\n<!-- \/ Yoast SEO plugin. -->","yoast_head_json":{"title":"Save the SeaGrasses: una campa\u00f1a global para proteger a Marine Meadows - Consejos - Santa Catarina","robots":{"index":"index","follow":"follow","max-snippet":"max-snippet:-1","max-image-preview":"max-image-preview:large","max-video-preview":"max-video-preview:-1"},"canonical":"https:\/\/stacatarina.mx\/consejos\/save-the-seagrasses-una-campana-global-para-proteger-a-marine-meadows\/","og_locale":"es_MX","og_type":"article","og_title":"Save the SeaGrasses: una campa\u00f1a global para proteger a Marine Meadows - Consejos - Santa Catarina","og_description":"La Fundaci\u00f3n Mundial de Sostenibilidad lanza una iniciativa significativa para salvaguardar uno de los ecosistemas m\u00e1s preciados del planeta. Los prados de pastos marinos, los","og_url":"https:\/\/stacatarina.mx\/consejos\/save-the-seagrasses-una-campana-global-para-proteger-a-marine-meadows\/","og_site_name":"Santa Catarina","article_publisher":"https:\/\/www.facebook.com\/stacatarinagob\/","article_published_time":"2025-02-11T06:23:34+00:00","article_modified_time":"2025-02-11T06:23:36+00:00","og_image":[{"width":900,"height":675,"url":"https:\/\/stacatarina.mx\/consejos\/wp-content\/uploads\/2025\/02\/Save-the-SeaGrasses-una-campana-global-para-proteger-a-Marine.jpg","type":"image\/jpeg"}],"author":"Pedro Mart\u00ednez","twitter_card":"summary_large_image","twitter_creator":"@stacatarinagob","twitter_site":"@stacatarinagob","twitter_misc":{"Escrito por":"Pedro Mart\u00ednez","Tiempo de lectura":"4 minutos"},"schema":{"@context":"https:\/\/schema.org","@graph":[{"@type":"Article","@id":"https:\/\/stacatarina.mx\/consejos\/save-the-seagrasses-una-campana-global-para-proteger-a-marine-meadows\/#article","isPartOf":{"@id":"https:\/\/stacatarina.mx\/consejos\/save-the-seagrasses-una-campana-global-para-proteger-a-marine-meadows\/"},"author":{"name":"Pedro Mart\u00ednez","@id":"https:\/\/stacatarina.mx\/consejos\/#\/schema\/person\/0be60adffa8e4c4d0828fdf021450e8a"},"headline":"Save the SeaGrasses: una campa\u00f1a global para proteger a Marine Meadows","datePublished":"2025-02-11T06:23:34+00:00","dateModified":"2025-02-11T06:23:36+00:00","mainEntityOfPage":{"@id":"https:\/\/stacatarina.mx\/consejos\/save-the-seagrasses-una-campana-global-para-proteger-a-marine-meadows\/"},"wordCount":911,"publisher":{"@id":"https:\/\/stacatarina.mx\/consejos\/#organization"},"image":{"@id":"https:\/\/stacatarina.mx\/consejos\/save-the-seagrasses-una-campana-global-para-proteger-a-marine-meadows\/#primaryimage"},"thumbnailUrl":"https:\/\/stacatarina.mx\/consejos\/wp-content\/uploads\/2025\/02\/Save-the-SeaGrasses-una-campana-global-para-proteger-a-Marine.jpg","keywords":["campa\u00f1a","global","Marine","Meadows","para","proteger..","Save","SeaGrasses","una"],"articleSection":["Fauna y Flora"],"inLanguage":"es"},{"@type":"WebPage","@id":"https:\/\/stacatarina.mx\/consejos\/save-the-seagrasses-una-campana-global-para-proteger-a-marine-meadows\/","url":"https:\/\/stacatarina.mx\/consejos\/save-the-seagrasses-una-campana-global-para-proteger-a-marine-meadows\/","name":"Save the SeaGrasses: una campa\u00f1a global para proteger a Marine Meadows - Consejos - Santa Catarina","isPartOf":{"@id":"https:\/\/stacatarina.mx\/consejos\/#website"},"primaryImageOfPage":{"@id":"https:\/\/stacatarina.mx\/consejos\/save-the-seagrasses-una-campana-global-para-proteger-a-marine-meadows\/#primaryimage"},"image":{"@id":"https:\/\/stacatarina.mx\/consejos\/save-the-seagrasses-una-campana-global-para-proteger-a-marine-meadows\/#primaryimage"},"thumbnailUrl":"https:\/\/stacatarina.mx\/consejos\/wp-content\/uploads\/2025\/02\/Save-the-SeaGrasses-una-campana-global-para-proteger-a-Marine.jpg","datePublished":"2025-02-11T06:23:34+00:00","dateModified":"2025-02-11T06:23:36+00:00","breadcrumb":{"@id":"https:\/\/stacatarina.mx\/consejos\/save-the-seagrasses-una-campana-global-para-proteger-a-marine-meadows\/#breadcrumb"},"inLanguage":"es","potentialAction":[{"@type":"ReadAction","target":["https:\/\/stacatarina.mx\/consejos\/save-the-seagrasses-una-campana-global-para-proteger-a-marine-meadows\/"]}]},{"@type":"ImageObject","inLanguage":"es","@id":"https:\/\/stacatarina.mx\/consejos\/save-the-seagrasses-una-campana-global-para-proteger-a-marine-meadows\/#primaryimage","url":"https:\/\/stacatarina.mx\/consejos\/wp-content\/uploads\/2025\/02\/Save-the-SeaGrasses-una-campana-global-para-proteger-a-Marine.jpg","contentUrl":"https:\/\/stacatarina.mx\/consejos\/wp-content\/uploads\/2025\/02\/Save-the-SeaGrasses-una-campana-global-para-proteger-a-Marine.jpg","width":900,"height":675,"caption":"Save the Seagrasses: A Global Campaign to Protect Marine Meadows"},{"@type":"BreadcrumbList","@id":"https:\/\/stacatarina.mx\/consejos\/save-the-seagrasses-una-campana-global-para-proteger-a-marine-meadows\/#breadcrumb","itemListElement":[{"@type":"ListItem","position":1,"name":"Inicio","item":"https:\/\/stacatarina.mx\/consejos\/"},{"@type":"ListItem","position":2,"name":"Save the SeaGrasses: una campa\u00f1a global para proteger a Marine Meadows"}]},{"@type":"WebSite","@id":"https:\/\/stacatarina.mx\/consejos\/#website","url":"https:\/\/stacatarina.mx\/consejos\/","name":"Santa Catarina","description":"","publisher":{"@id":"https:\/\/stacatarina.mx\/consejos\/#organization"},"potentialAction":[{"@type":"SearchAction","target":{"@type":"EntryPoint","urlTemplate":"https:\/\/stacatarina.mx\/consejos\/?s={search_term_string}"},"query-input":{"@type":"PropertyValueSpecification","valueRequired":true,"valueName":"search_term_string"}}],"inLanguage":"es"},{"@type":"Organization","@id":"https:\/\/stacatarina.mx\/consejos\/#organization","name":"Santa Catarina","url":"https:\/\/stacatarina.mx\/consejos\/","logo":{"@type":"ImageObject","inLanguage":"es","@id":"https:\/\/stacatarina.mx\/consejos\/#\/schema\/logo\/image\/","url":"https:\/\/stacatarina.mx\/consejos\/wp-content\/uploads\/2024\/09\/cropped-favicon-1-1.png","contentUrl":"https:\/\/stacatarina.mx\/consejos\/wp-content\/uploads\/2024\/09\/cropped-favicon-1-1.png","width":512,"height":512,"caption":"Santa Catarina"},"image":{"@id":"https:\/\/stacatarina.mx\/consejos\/#\/schema\/logo\/image\/"},"sameAs":["https:\/\/www.facebook.com\/stacatarinagob\/","https:\/\/x.com\/stacatarinagob","https:\/\/www.instagram.com\/stacatarinagob\/","https:\/\/www.youtube.com\/channel\/UCK-6cQJL_904665N1_nLTWw"]},{"@type":"Person","@id":"https:\/\/stacatarina.mx\/consejos\/#\/schema\/person\/0be60adffa8e4c4d0828fdf021450e8a","name":"Pedro Mart\u00ednez","image":{"@type":"ImageObject","inLanguage":"es","@id":"https:\/\/stacatarina.mx\/consejos\/#\/schema\/person\/image\/","url":"https:\/\/stacatarina.mx\/consejos\/wp-content\/uploads\/2024\/09\/stacatarina.jpg","contentUrl":"https:\/\/stacatarina.mx\/consejos\/wp-content\/uploads\/2024\/09\/stacatarina.jpg","caption":"Pedro Mart\u00ednez"},"description":"Hola, soy Pedro Mart\u00ednez, redactor jefe del sitio oficial del ayuntamiento de Santa Catarina, en M\u00e9xico. Con m\u00e1s de diez a\u00f1os de experiencia en el periodismo local, tengo una pasi\u00f3n por la investigaci\u00f3n y la difusi\u00f3n de informaci\u00f3n que valoriza nuestra hermosa comunidad. Mi compromiso es hacer de Santa Catarina una referencia en materia de transparencia y comunicaci\u00f3n municipal.","sameAs":["https:\/\/stacatarina.mx\/"]}]}},"_links":{"self":[{"href":"https:\/\/stacatarina.mx\/consejos\/wp-json\/wp\/v2\/posts\/2690"}],"collection":[{"href":"https:\/\/stacatarina.mx\/consejos\/wp-json\/wp\/v2\/posts"}],"about":[{"href":"https:\/\/stacatarina.mx\/consejos\/wp-json\/wp\/v2\/types\/post"}],"author":[{"embeddable":true,"href":"https:\/\/stacatarina.mx\/consejos\/wp-json\/wp\/v2\/users\/1"}],"replies":[{"embeddable":true,"href":"https:\/\/stacatarina.mx\/consejos\/wp-json\/wp\/v2\/comments?post=2690"}],"version-history":[{"count":1,"href":"https:\/\/stacatarina.mx\/consejos\/wp-json\/wp\/v2\/posts\/2690\/revisions"}],"predecessor-version":[{"id":2692,"href":"https:\/\/stacatarina.mx\/consejos\/wp-json\/wp\/v2\/posts\/2690\/revisions\/2692"}],"wp:featuredmedia":[{"embeddable":true,"href":"https:\/\/stacatarina.mx\/consejos\/wp-json\/wp\/v2\/media\/2691"}],"wp:attachment":[{"href":"https:\/\/stacatarina.mx\/consejos\/wp-json\/wp\/v2\/media?parent=2690"}],"wp:term":[{"taxonomy":"category","embeddable":true,"href":"https:\/\/stacatarina.mx\/consejos\/wp-json\/wp\/v2\/categories?post=2690"},{"taxonomy":"post_tag","embeddable":true,"href":"https:\/\/stacatarina.mx\/consejos\/wp-json\/wp\/v2\/tags?post=2690"}],"curies":[{"name":"wp","href":"https:\/\/api.w.org\/{rel}","templated":true}]}}