{"id":2702,"date":"2025-02-11T22:24:37","date_gmt":"2025-02-12T04:24:37","guid":{"rendered":"https:\/\/stacatarina.mx\/consejos\/lenteja-de-agua-vaya-ase-de-la-efsa-en-el-superalimento-que-podria-transformar-la-nutricion-en-europa\/"},"modified":"2025-02-11T22:24:38","modified_gmt":"2025-02-12T04:24:38","slug":"lenteja-de-agua-vaya-ase-de-la-efsa-en-el-superalimento-que-podria-transformar-la-nutricion-en-europa","status":"publish","type":"post","link":"https:\/\/stacatarina.mx\/consejos\/lenteja-de-agua-vaya-ase-de-la-efsa-en-el-superalimento-que-podria-transformar-la-nutricion-en-europa\/","title":{"rendered":"Lenteja de agua: Vaya -Ase de la EFSA en el superalimento que podr\u00eda transformar la nutrici\u00f3n en Europa"},"content":{"rendered":"<p class=\"single-abstract\">\n<p>\t\t\t\t\t\t\t\t\t\t\t\t\t\t\t\t\tLa Autoridad Europea de Seguridad Alimentaria (EFSA) ha aprobado la lenteja del agua como un nuevo alimento para el consumo humano en la Uni\u00f3n Europea. Gracias al alto contenido de prote\u00ednas y su sostenibilidad, esta planta acu\u00e1tica podr\u00eda revolucionar el sector alimentario. \u00bfSer\u00e1 realmente el superalimento del futuro?\t\t\t\t\t\t\t\t\t\t\t\t\t\t\t<\/p>\n<div class=\"daily-video\" style=\"display: none;\"><\/div>\n<div class=\"wrapper-player\" style=\"display: none; margin-bottom: 15px;\">\n<div id=\"daily-player\" style=\"position: relative; max-width: 100%;\" class=\"video-content\"><\/div>\n<\/p><\/div>\n<div class=\"image-wrapper featured-image no-lazy\" id=\"featured-image\"><\/div>\n<p>Con la poblaci\u00f3n mundial que contin\u00faa creciendo y la urgencia de reducir el impacto ambiental de la producci\u00f3n de alimentos, se vuelve cada vez m\u00e1s necesario encontrar<strong> Fuentes de prote\u00ednas alternativas y sostenibles.<\/strong> Como se sabe ahora, la reproducci\u00f3n intensiva y los cultivos tradicionales consumen enormes cantidades de recursos y contribuyen significativamente a las emisiones de gases de efecto invernadero, la deforestaci\u00f3n y la contaminaci\u00f3n del agua.<\/p>\n<p>Por esta raz\u00f3n, los cient\u00edficos y las empresas buscan soluciones innovadoras que no solo sean nutrientes y accesibles, sino tambi\u00e9n con un bajo impacto ambiental. En este escenario, el <strong>lenteja de agua<\/strong> Se afirma a s\u00ed mismo como una de las opciones m\u00e1s prometedoras para el futuro de la comida y recientemente esta comida, ya considerada una <strong>Superalimento,<\/strong> El ten\u00eda el<strong>Aprobaci\u00f3n de la Autoridad Europea de Seguridad Alimentaria (EFSA).<\/strong><\/p>\n<h2><span class=\"ez-toc-section\" id=\"Cose_la_lenticchia_dacqua\"><\/span>\u00bfCu\u00e1l es la lenteja del agua?<span class=\"ez-toc-section-end\"><\/span><\/h2>\n<p>La lenteja del agua (tambi\u00e9n conocida como lenteja de pato), es una de las plantas acu\u00e1ticas m\u00e1s peque\u00f1as del mundo. Lo que lo hace especial es su <strong>contenido de prote\u00edna extraordinario,<\/strong> que puede alcanzar el 40% del peso seco, con un perfil completo de amino\u00e1cidos esenciales. Por lo tanto, es una fuente de prote\u00edna vegetal altamente nutricional y f\u00e1cilmente asimilable.<\/p>\n<aside style=\"margin: 8px auto; text-align: center; display: block; clear: both;\">\n<div id=\"gpt-passback\">\n<\/div>\n<\/aside>\n<p>Adem\u00e1s del alto contenido de prote\u00ednas, la lenteja del agua <strong>es rico en vitaminas<\/strong>en particular y B12, as\u00ed como minerales esenciales como el hierro, el zinc y el calcio. Crece r\u00e1pidamente, duplic\u00f3 su biomasa en solo 48 horas en condiciones \u00f3ptimas, y es altamente adaptable a diferentes condiciones ambientales.<\/p>\n<p>Otro aspecto clave es su sostenibilidad: el cultivo de la lenteja del agua<strong> requiere menos recursos que los cultivos de prote\u00ednas tradicionales como la soya<\/strong>. No necesita suelos o pesticidas cultivables, utiliza hasta un 90% menos de agua por kilogramo de prote\u00edna que los cultivos terrestres y contribuye a la reducci\u00f3n del impacto ambiental que absorbe nitratos y la producci\u00f3n de ox\u00edgeno.<\/p>\n<h2><span class=\"ez-toc-section\" id=\"Lapprovazione_dellEFSA\"><\/span>La aprobaci\u00f3n de la EFSA<span class=\"ez-toc-section-end\"><\/span><\/h2>\n<p>Despu\u00e9s de a\u00f1os de estudios e investigaciones, la Autoridad Europea de Seguridad Alimentaria <strong>(EFSA) aprob\u00f3 recientemente la lenteja del agua<\/strong> Como un nuevo alimento para el consumo humano en la Uni\u00f3n Europea.<\/p>\n<p>Este paso fue posible gracias a <strong>Estudios realizados por la Universidad de Wageningen e investigaci\u00f3n en los Pa\u00edses Bajos<\/strong>Eso <strong>Demostraron los beneficios de seguridad y nutricionales de la planta.<\/strong><\/p>\n<p>Antes de esta aprobaci\u00f3n, la lenteja del agua ya era parte de la dieta en varios pa\u00edses del sudeste asi\u00e1tico, como Tailandia, Laos y Myanmar. Ahora que ha obtenido la luz verde de la UE, puede integrarse en varios productos alimenticios destinados al mercado europeo.<\/p>\n<p>Sin embargo, el proceso de aprobaci\u00f3n no estuvo exento de obst\u00e1culos. Uno de los principales problemas se refer\u00eda al alto contenido de manganeso de la lenteja del agua. Este mineral, si est\u00e1 presente en cantidades excesivas, puede ser perjudicial para la salud, especialmente en los ni\u00f1os. Sin embargo, los investigadores encontraron m\u00e9todos para reducir los niveles de manganeso a valores comparables a los de las espinacas, lo que hace que el producto sea seguro para el consumo.<\/p>\n<h2><span class=\"ez-toc-section\" id=\"Il_futuro_della_lenticchia_dacqua\"><\/span>El futuro de la lenteja del agua<span class=\"ez-toc-section-end\"><\/span><\/h2>\n<p>Ahora que la lenteja del agua ha obtenido la aprobaci\u00f3n de la EFSA, <strong>Se espera que en unos pocos a\u00f1os comience a aparecer en los estantes de los supermercados europeos <\/strong>En diferentes variaciones, por ejemplo, fresco, congelado, listo para su uso, etc.<\/p>\n<p>Estas lentejas podr\u00edan empaquetarse en bolsas perforadas, similares a las utilizadas para ensalada o en cubos congelados. Adem\u00e1s, las industrias alimentarias podr\u00edan usarlas como ingrediente en pastas, quesos, pasteles o batidos, o usarlas como una alternativa a la carne en hamburguesas vegetales, sopas u otros productos.<\/p>\n<p>El doctor <strong>Ingrid van der Meer, de la Universidad e investigaci\u00f3n de Wageningen<\/strong>a los que se deben los estudios a esta planta, dijo:<\/p>\n<aside style=\"margin: 8px auto; display: flex; justify-content: center; min-height: 251px;\">\n<div id=\"div-gpt-ad-MPU_Bottom_1\" style=\"min-width: 300px; min-height: 252px;\">\n<\/div>\n<\/aside>\n<blockquote>\n<p>Estamos estudiando c\u00f3mo empacar y mantener lentejas de agua. Una posibilidad es trabajarlos como cubos congelados, pero tambi\u00e9n es posible dibujarlos como productos frescos. En una bolsa se mantienen mucho m\u00e1s largas que la lechuga cortada fresca, por ejemplo. Es posible incorporar lentejas de agua tambi\u00e9n en otros productos, como pesto, ravioli y pakora. Por lo tanto, hay muchas posibilidades. Ahora es sobre todo tenerlos aceptados por la industria alimentaria, pero espero que las cosas vayan bien. Ser\u00eda fant\u00e1stico si las lentejas de agua estuvieran presentes en los estantes de los supermercados en unos tres a\u00f1os.<\/p>\n<\/blockquote>\n<p>Varios inversores y nuevas empresas ya est\u00e1n apostando por su potencial. Por ejemplo, la startup de california Plantible Foods recientemente ha recolectado $ 30 millones para desarrollar la prote\u00edna Rubi, una prote\u00edna derivada de la lenteja de agua con un contenido de prote\u00edna de 70%, incluso m\u00e1s alto que la carne de res. Tambi\u00e9n en Europa, el planeta sostenible brit\u00e1nico est\u00e1 experimentando nuevas tecnolog\u00edas para cultivar lentejas de agua en ambientes des\u00e9rticos.<\/p>\n<p>Por lo tanto, el uso de lentejas de agua podr\u00eda representar un punto de inflexi\u00f3n en la producci\u00f3n sostenible de prote\u00ednas, reduciendo la dependencia de las fuentes animales y ofreciendo una alternativa al mismo tiempo nutritiva y respetuosa del medio ambiente. \u00bfRealmente se convertir\u00e1 en el superalimento del futuro?<\/p><\/p>\n","protected":false},"excerpt":{"rendered":"<p>La Autoridad Europea de Seguridad Alimentaria (EFSA) ha aprobado la lenteja del agua como un nuevo alimento para el consumo humano en la Uni\u00f3n Europea.<\/p>\n","protected":false},"author":1,"featured_media":2703,"comment_status":"closed","ping_status":"","sticky":false,"template":"","format":"standard","meta":{"footnotes":""},"categories":[762],"tags":[1009,3654,3655,1015,3652,3595,125,3656,984,3653],"class_list":["post-2702","post","type-post","status-publish","format-standard","has-post-thumbnail","hentry","category-salud","tag-agua","tag-ase","tag-efsa","tag-europa","tag-lenteja","tag-nutricion","tag-podria","tag-superalimento","tag-transformar","tag-vaya","generate-columns","tablet-grid-50","mobile-grid-100","grid-parent","grid-50"],"yoast_head":"<!-- This site is optimized with the Yoast SEO plugin v23.4 - https:\/\/yoast.com\/wordpress\/plugins\/seo\/ -->\n<title>Lenteja de agua: Vaya -Ase de la EFSA en el superalimento que podr\u00eda transformar la nutrici\u00f3n en Europa - Consejos - Santa Catarina<\/title>\n<meta name=\"robots\" content=\"index, follow, max-snippet:-1, max-image-preview:large, max-video-preview:-1\" \/>\n<link rel=\"canonical\" href=\"https:\/\/stacatarina.mx\/consejos\/lenteja-de-agua-vaya-ase-de-la-efsa-en-el-superalimento-que-podria-transformar-la-nutricion-en-europa\/\" \/>\n<meta property=\"og:locale\" content=\"es_MX\" \/>\n<meta property=\"og:type\" content=\"article\" \/>\n<meta property=\"og:title\" content=\"Lenteja de agua: Vaya -Ase de la EFSA en el superalimento que podr\u00eda transformar la nutrici\u00f3n en Europa - Consejos - Santa Catarina\" \/>\n<meta property=\"og:description\" content=\"La Autoridad Europea de Seguridad Alimentaria (EFSA) ha aprobado la lenteja del agua como un nuevo alimento para el consumo humano en la Uni\u00f3n Europea.\" \/>\n<meta property=\"og:url\" content=\"https:\/\/stacatarina.mx\/consejos\/lenteja-de-agua-vaya-ase-de-la-efsa-en-el-superalimento-que-podria-transformar-la-nutricion-en-europa\/\" \/>\n<meta property=\"og:site_name\" content=\"Santa Catarina\" \/>\n<meta property=\"article:publisher\" content=\"https:\/\/www.facebook.com\/stacatarinagob\/\" \/>\n<meta property=\"article:published_time\" content=\"2025-02-12T04:24:37+00:00\" \/>\n<meta property=\"article:modified_time\" content=\"2025-02-12T04:24:38+00:00\" \/>\n<meta property=\"og:image\" content=\"https:\/\/stacatarina.mx\/consejos\/wp-content\/uploads\/2025\/02\/Lenteja-de-agua-Vaya-Ase-de-la-EFSA-en-el.jpg\" \/>\n\t<meta property=\"og:image:width\" content=\"1500\" \/>\n\t<meta property=\"og:image:height\" content=\"1000\" \/>\n\t<meta property=\"og:image:type\" content=\"image\/jpeg\" \/>\n<meta name=\"author\" content=\"Pedro Mart\u00ednez\" \/>\n<meta name=\"twitter:card\" content=\"summary_large_image\" \/>\n<meta name=\"twitter:creator\" content=\"@stacatarinagob\" \/>\n<meta name=\"twitter:site\" content=\"@stacatarinagob\" \/>\n<meta name=\"twitter:label1\" content=\"Escrito por\" \/>\n\t<meta name=\"twitter:data1\" content=\"Pedro Mart\u00ednez\" \/>\n\t<meta name=\"twitter:label2\" content=\"Tiempo de lectura\" \/>\n\t<meta name=\"twitter:data2\" content=\"5 minutos\" \/>\n<script type=\"application\/ld+json\" class=\"yoast-schema-graph\">{\"@context\":\"https:\/\/schema.org\",\"@graph\":[{\"@type\":\"Article\",\"@id\":\"https:\/\/stacatarina.mx\/consejos\/lenteja-de-agua-vaya-ase-de-la-efsa-en-el-superalimento-que-podria-transformar-la-nutricion-en-europa\/#article\",\"isPartOf\":{\"@id\":\"https:\/\/stacatarina.mx\/consejos\/lenteja-de-agua-vaya-ase-de-la-efsa-en-el-superalimento-que-podria-transformar-la-nutricion-en-europa\/\"},\"author\":{\"name\":\"Pedro Mart\u00ednez\",\"@id\":\"https:\/\/stacatarina.mx\/consejos\/#\/schema\/person\/0be60adffa8e4c4d0828fdf021450e8a\"},\"headline\":\"Lenteja de agua: Vaya -Ase de la EFSA en el superalimento que podr\u00eda transformar la nutrici\u00f3n en Europa\",\"datePublished\":\"2025-02-12T04:24:37+00:00\",\"dateModified\":\"2025-02-12T04:24:38+00:00\",\"mainEntityOfPage\":{\"@id\":\"https:\/\/stacatarina.mx\/consejos\/lenteja-de-agua-vaya-ase-de-la-efsa-en-el-superalimento-que-podria-transformar-la-nutricion-en-europa\/\"},\"wordCount\":973,\"publisher\":{\"@id\":\"https:\/\/stacatarina.mx\/consejos\/#organization\"},\"image\":{\"@id\":\"https:\/\/stacatarina.mx\/consejos\/lenteja-de-agua-vaya-ase-de-la-efsa-en-el-superalimento-que-podria-transformar-la-nutricion-en-europa\/#primaryimage\"},\"thumbnailUrl\":\"https:\/\/stacatarina.mx\/consejos\/wp-content\/uploads\/2025\/02\/Lenteja-de-agua-Vaya-Ase-de-la-EFSA-en-el.jpg\",\"keywords\":[\"Agua\",\"Ase\",\"EFSA\",\"Europa\",\"Lenteja\",\"nutrici\u00f3n\",\"podr\u00eda\",\"superalimento\",\"transformar\",\"Vaya\"],\"articleSection\":[\"Salud\"],\"inLanguage\":\"es\"},{\"@type\":\"WebPage\",\"@id\":\"https:\/\/stacatarina.mx\/consejos\/lenteja-de-agua-vaya-ase-de-la-efsa-en-el-superalimento-que-podria-transformar-la-nutricion-en-europa\/\",\"url\":\"https:\/\/stacatarina.mx\/consejos\/lenteja-de-agua-vaya-ase-de-la-efsa-en-el-superalimento-que-podria-transformar-la-nutricion-en-europa\/\",\"name\":\"Lenteja de agua: Vaya -Ase de la EFSA en el superalimento que podr\u00eda transformar la nutrici\u00f3n en Europa - Consejos - Santa Catarina\",\"isPartOf\":{\"@id\":\"https:\/\/stacatarina.mx\/consejos\/#website\"},\"primaryImageOfPage\":{\"@id\":\"https:\/\/stacatarina.mx\/consejos\/lenteja-de-agua-vaya-ase-de-la-efsa-en-el-superalimento-que-podria-transformar-la-nutricion-en-europa\/#primaryimage\"},\"image\":{\"@id\":\"https:\/\/stacatarina.mx\/consejos\/lenteja-de-agua-vaya-ase-de-la-efsa-en-el-superalimento-que-podria-transformar-la-nutricion-en-europa\/#primaryimage\"},\"thumbnailUrl\":\"https:\/\/stacatarina.mx\/consejos\/wp-content\/uploads\/2025\/02\/Lenteja-de-agua-Vaya-Ase-de-la-EFSA-en-el.jpg\",\"datePublished\":\"2025-02-12T04:24:37+00:00\",\"dateModified\":\"2025-02-12T04:24:38+00:00\",\"breadcrumb\":{\"@id\":\"https:\/\/stacatarina.mx\/consejos\/lenteja-de-agua-vaya-ase-de-la-efsa-en-el-superalimento-que-podria-transformar-la-nutricion-en-europa\/#breadcrumb\"},\"inLanguage\":\"es\",\"potentialAction\":[{\"@type\":\"ReadAction\",\"target\":[\"https:\/\/stacatarina.mx\/consejos\/lenteja-de-agua-vaya-ase-de-la-efsa-en-el-superalimento-que-podria-transformar-la-nutricion-en-europa\/\"]}]},{\"@type\":\"ImageObject\",\"inLanguage\":\"es\",\"@id\":\"https:\/\/stacatarina.mx\/consejos\/lenteja-de-agua-vaya-ase-de-la-efsa-en-el-superalimento-que-podria-transformar-la-nutricion-en-europa\/#primaryimage\",\"url\":\"https:\/\/stacatarina.mx\/consejos\/wp-content\/uploads\/2025\/02\/Lenteja-de-agua-Vaya-Ase-de-la-EFSA-en-el.jpg\",\"contentUrl\":\"https:\/\/stacatarina.mx\/consejos\/wp-content\/uploads\/2025\/02\/Lenteja-de-agua-Vaya-Ase-de-la-EFSA-en-el.jpg\",\"width\":1500,\"height\":1000,\"caption\":\"duckweed\"},{\"@type\":\"BreadcrumbList\",\"@id\":\"https:\/\/stacatarina.mx\/consejos\/lenteja-de-agua-vaya-ase-de-la-efsa-en-el-superalimento-que-podria-transformar-la-nutricion-en-europa\/#breadcrumb\",\"itemListElement\":[{\"@type\":\"ListItem\",\"position\":1,\"name\":\"Inicio\",\"item\":\"https:\/\/stacatarina.mx\/consejos\/\"},{\"@type\":\"ListItem\",\"position\":2,\"name\":\"Lenteja de agua: Vaya -Ase de la EFSA en el superalimento que podr\u00eda transformar la nutrici\u00f3n en Europa\"}]},{\"@type\":\"WebSite\",\"@id\":\"https:\/\/stacatarina.mx\/consejos\/#website\",\"url\":\"https:\/\/stacatarina.mx\/consejos\/\",\"name\":\"Santa Catarina\",\"description\":\"\",\"publisher\":{\"@id\":\"https:\/\/stacatarina.mx\/consejos\/#organization\"},\"potentialAction\":[{\"@type\":\"SearchAction\",\"target\":{\"@type\":\"EntryPoint\",\"urlTemplate\":\"https:\/\/stacatarina.mx\/consejos\/?s={search_term_string}\"},\"query-input\":{\"@type\":\"PropertyValueSpecification\",\"valueRequired\":true,\"valueName\":\"search_term_string\"}}],\"inLanguage\":\"es\"},{\"@type\":\"Organization\",\"@id\":\"https:\/\/stacatarina.mx\/consejos\/#organization\",\"name\":\"Santa Catarina\",\"url\":\"https:\/\/stacatarina.mx\/consejos\/\",\"logo\":{\"@type\":\"ImageObject\",\"inLanguage\":\"es\",\"@id\":\"https:\/\/stacatarina.mx\/consejos\/#\/schema\/logo\/image\/\",\"url\":\"https:\/\/stacatarina.mx\/consejos\/wp-content\/uploads\/2024\/09\/cropped-favicon-1-1.png\",\"contentUrl\":\"https:\/\/stacatarina.mx\/consejos\/wp-content\/uploads\/2024\/09\/cropped-favicon-1-1.png\",\"width\":512,\"height\":512,\"caption\":\"Santa Catarina\"},\"image\":{\"@id\":\"https:\/\/stacatarina.mx\/consejos\/#\/schema\/logo\/image\/\"},\"sameAs\":[\"https:\/\/www.facebook.com\/stacatarinagob\/\",\"https:\/\/x.com\/stacatarinagob\",\"https:\/\/www.instagram.com\/stacatarinagob\/\",\"https:\/\/www.youtube.com\/channel\/UCK-6cQJL_904665N1_nLTWw\"]},{\"@type\":\"Person\",\"@id\":\"https:\/\/stacatarina.mx\/consejos\/#\/schema\/person\/0be60adffa8e4c4d0828fdf021450e8a\",\"name\":\"Pedro Mart\u00ednez\",\"image\":{\"@type\":\"ImageObject\",\"inLanguage\":\"es\",\"@id\":\"https:\/\/stacatarina.mx\/consejos\/#\/schema\/person\/image\/\",\"url\":\"https:\/\/stacatarina.mx\/consejos\/wp-content\/uploads\/2024\/09\/stacatarina.jpg\",\"contentUrl\":\"https:\/\/stacatarina.mx\/consejos\/wp-content\/uploads\/2024\/09\/stacatarina.jpg\",\"caption\":\"Pedro Mart\u00ednez\"},\"description\":\"Hola, soy Pedro Mart\u00ednez, redactor jefe del sitio oficial del ayuntamiento de Santa Catarina, en M\u00e9xico. Con m\u00e1s de diez a\u00f1os de experiencia en el periodismo local, tengo una pasi\u00f3n por la investigaci\u00f3n y la difusi\u00f3n de informaci\u00f3n que valoriza nuestra hermosa comunidad. Mi compromiso es hacer de Santa Catarina una referencia en materia de transparencia y comunicaci\u00f3n municipal.\",\"sameAs\":[\"https:\/\/stacatarina.mx\/\"]}]}<\/script>\n<!-- \/ Yoast SEO plugin. -->","yoast_head_json":{"title":"Lenteja de agua: Vaya -Ase de la EFSA en el superalimento que podr\u00eda transformar la nutrici\u00f3n en Europa - Consejos - Santa Catarina","robots":{"index":"index","follow":"follow","max-snippet":"max-snippet:-1","max-image-preview":"max-image-preview:large","max-video-preview":"max-video-preview:-1"},"canonical":"https:\/\/stacatarina.mx\/consejos\/lenteja-de-agua-vaya-ase-de-la-efsa-en-el-superalimento-que-podria-transformar-la-nutricion-en-europa\/","og_locale":"es_MX","og_type":"article","og_title":"Lenteja de agua: Vaya -Ase de la EFSA en el superalimento que podr\u00eda transformar la nutrici\u00f3n en Europa - Consejos - Santa Catarina","og_description":"La Autoridad Europea de Seguridad Alimentaria (EFSA) ha aprobado la lenteja del agua como un nuevo alimento para el consumo humano en la Uni\u00f3n Europea.","og_url":"https:\/\/stacatarina.mx\/consejos\/lenteja-de-agua-vaya-ase-de-la-efsa-en-el-superalimento-que-podria-transformar-la-nutricion-en-europa\/","og_site_name":"Santa Catarina","article_publisher":"https:\/\/www.facebook.com\/stacatarinagob\/","article_published_time":"2025-02-12T04:24:37+00:00","article_modified_time":"2025-02-12T04:24:38+00:00","og_image":[{"width":1500,"height":1000,"url":"https:\/\/stacatarina.mx\/consejos\/wp-content\/uploads\/2025\/02\/Lenteja-de-agua-Vaya-Ase-de-la-EFSA-en-el.jpg","type":"image\/jpeg"}],"author":"Pedro Mart\u00ednez","twitter_card":"summary_large_image","twitter_creator":"@stacatarinagob","twitter_site":"@stacatarinagob","twitter_misc":{"Escrito por":"Pedro Mart\u00ednez","Tiempo de lectura":"5 minutos"},"schema":{"@context":"https:\/\/schema.org","@graph":[{"@type":"Article","@id":"https:\/\/stacatarina.mx\/consejos\/lenteja-de-agua-vaya-ase-de-la-efsa-en-el-superalimento-que-podria-transformar-la-nutricion-en-europa\/#article","isPartOf":{"@id":"https:\/\/stacatarina.mx\/consejos\/lenteja-de-agua-vaya-ase-de-la-efsa-en-el-superalimento-que-podria-transformar-la-nutricion-en-europa\/"},"author":{"name":"Pedro Mart\u00ednez","@id":"https:\/\/stacatarina.mx\/consejos\/#\/schema\/person\/0be60adffa8e4c4d0828fdf021450e8a"},"headline":"Lenteja de agua: Vaya -Ase de la EFSA en el superalimento que podr\u00eda transformar la nutrici\u00f3n en Europa","datePublished":"2025-02-12T04:24:37+00:00","dateModified":"2025-02-12T04:24:38+00:00","mainEntityOfPage":{"@id":"https:\/\/stacatarina.mx\/consejos\/lenteja-de-agua-vaya-ase-de-la-efsa-en-el-superalimento-que-podria-transformar-la-nutricion-en-europa\/"},"wordCount":973,"publisher":{"@id":"https:\/\/stacatarina.mx\/consejos\/#organization"},"image":{"@id":"https:\/\/stacatarina.mx\/consejos\/lenteja-de-agua-vaya-ase-de-la-efsa-en-el-superalimento-que-podria-transformar-la-nutricion-en-europa\/#primaryimage"},"thumbnailUrl":"https:\/\/stacatarina.mx\/consejos\/wp-content\/uploads\/2025\/02\/Lenteja-de-agua-Vaya-Ase-de-la-EFSA-en-el.jpg","keywords":["Agua","Ase","EFSA","Europa","Lenteja","nutrici\u00f3n","podr\u00eda","superalimento","transformar","Vaya"],"articleSection":["Salud"],"inLanguage":"es"},{"@type":"WebPage","@id":"https:\/\/stacatarina.mx\/consejos\/lenteja-de-agua-vaya-ase-de-la-efsa-en-el-superalimento-que-podria-transformar-la-nutricion-en-europa\/","url":"https:\/\/stacatarina.mx\/consejos\/lenteja-de-agua-vaya-ase-de-la-efsa-en-el-superalimento-que-podria-transformar-la-nutricion-en-europa\/","name":"Lenteja de agua: Vaya -Ase de la EFSA en el superalimento que podr\u00eda transformar la nutrici\u00f3n en Europa - Consejos - Santa Catarina","isPartOf":{"@id":"https:\/\/stacatarina.mx\/consejos\/#website"},"primaryImageOfPage":{"@id":"https:\/\/stacatarina.mx\/consejos\/lenteja-de-agua-vaya-ase-de-la-efsa-en-el-superalimento-que-podria-transformar-la-nutricion-en-europa\/#primaryimage"},"image":{"@id":"https:\/\/stacatarina.mx\/consejos\/lenteja-de-agua-vaya-ase-de-la-efsa-en-el-superalimento-que-podria-transformar-la-nutricion-en-europa\/#primaryimage"},"thumbnailUrl":"https:\/\/stacatarina.mx\/consejos\/wp-content\/uploads\/2025\/02\/Lenteja-de-agua-Vaya-Ase-de-la-EFSA-en-el.jpg","datePublished":"2025-02-12T04:24:37+00:00","dateModified":"2025-02-12T04:24:38+00:00","breadcrumb":{"@id":"https:\/\/stacatarina.mx\/consejos\/lenteja-de-agua-vaya-ase-de-la-efsa-en-el-superalimento-que-podria-transformar-la-nutricion-en-europa\/#breadcrumb"},"inLanguage":"es","potentialAction":[{"@type":"ReadAction","target":["https:\/\/stacatarina.mx\/consejos\/lenteja-de-agua-vaya-ase-de-la-efsa-en-el-superalimento-que-podria-transformar-la-nutricion-en-europa\/"]}]},{"@type":"ImageObject","inLanguage":"es","@id":"https:\/\/stacatarina.mx\/consejos\/lenteja-de-agua-vaya-ase-de-la-efsa-en-el-superalimento-que-podria-transformar-la-nutricion-en-europa\/#primaryimage","url":"https:\/\/stacatarina.mx\/consejos\/wp-content\/uploads\/2025\/02\/Lenteja-de-agua-Vaya-Ase-de-la-EFSA-en-el.jpg","contentUrl":"https:\/\/stacatarina.mx\/consejos\/wp-content\/uploads\/2025\/02\/Lenteja-de-agua-Vaya-Ase-de-la-EFSA-en-el.jpg","width":1500,"height":1000,"caption":"duckweed"},{"@type":"BreadcrumbList","@id":"https:\/\/stacatarina.mx\/consejos\/lenteja-de-agua-vaya-ase-de-la-efsa-en-el-superalimento-que-podria-transformar-la-nutricion-en-europa\/#breadcrumb","itemListElement":[{"@type":"ListItem","position":1,"name":"Inicio","item":"https:\/\/stacatarina.mx\/consejos\/"},{"@type":"ListItem","position":2,"name":"Lenteja de agua: Vaya -Ase de la EFSA en el superalimento que podr\u00eda transformar la nutrici\u00f3n en Europa"}]},{"@type":"WebSite","@id":"https:\/\/stacatarina.mx\/consejos\/#website","url":"https:\/\/stacatarina.mx\/consejos\/","name":"Santa Catarina","description":"","publisher":{"@id":"https:\/\/stacatarina.mx\/consejos\/#organization"},"potentialAction":[{"@type":"SearchAction","target":{"@type":"EntryPoint","urlTemplate":"https:\/\/stacatarina.mx\/consejos\/?s={search_term_string}"},"query-input":{"@type":"PropertyValueSpecification","valueRequired":true,"valueName":"search_term_string"}}],"inLanguage":"es"},{"@type":"Organization","@id":"https:\/\/stacatarina.mx\/consejos\/#organization","name":"Santa Catarina","url":"https:\/\/stacatarina.mx\/consejos\/","logo":{"@type":"ImageObject","inLanguage":"es","@id":"https:\/\/stacatarina.mx\/consejos\/#\/schema\/logo\/image\/","url":"https:\/\/stacatarina.mx\/consejos\/wp-content\/uploads\/2024\/09\/cropped-favicon-1-1.png","contentUrl":"https:\/\/stacatarina.mx\/consejos\/wp-content\/uploads\/2024\/09\/cropped-favicon-1-1.png","width":512,"height":512,"caption":"Santa Catarina"},"image":{"@id":"https:\/\/stacatarina.mx\/consejos\/#\/schema\/logo\/image\/"},"sameAs":["https:\/\/www.facebook.com\/stacatarinagob\/","https:\/\/x.com\/stacatarinagob","https:\/\/www.instagram.com\/stacatarinagob\/","https:\/\/www.youtube.com\/channel\/UCK-6cQJL_904665N1_nLTWw"]},{"@type":"Person","@id":"https:\/\/stacatarina.mx\/consejos\/#\/schema\/person\/0be60adffa8e4c4d0828fdf021450e8a","name":"Pedro Mart\u00ednez","image":{"@type":"ImageObject","inLanguage":"es","@id":"https:\/\/stacatarina.mx\/consejos\/#\/schema\/person\/image\/","url":"https:\/\/stacatarina.mx\/consejos\/wp-content\/uploads\/2024\/09\/stacatarina.jpg","contentUrl":"https:\/\/stacatarina.mx\/consejos\/wp-content\/uploads\/2024\/09\/stacatarina.jpg","caption":"Pedro Mart\u00ednez"},"description":"Hola, soy Pedro Mart\u00ednez, redactor jefe del sitio oficial del ayuntamiento de Santa Catarina, en M\u00e9xico. Con m\u00e1s de diez a\u00f1os de experiencia en el periodismo local, tengo una pasi\u00f3n por la investigaci\u00f3n y la difusi\u00f3n de informaci\u00f3n que valoriza nuestra hermosa comunidad. Mi compromiso es hacer de Santa Catarina una referencia en materia de transparencia y comunicaci\u00f3n municipal.","sameAs":["https:\/\/stacatarina.mx\/"]}]}},"_links":{"self":[{"href":"https:\/\/stacatarina.mx\/consejos\/wp-json\/wp\/v2\/posts\/2702"}],"collection":[{"href":"https:\/\/stacatarina.mx\/consejos\/wp-json\/wp\/v2\/posts"}],"about":[{"href":"https:\/\/stacatarina.mx\/consejos\/wp-json\/wp\/v2\/types\/post"}],"author":[{"embeddable":true,"href":"https:\/\/stacatarina.mx\/consejos\/wp-json\/wp\/v2\/users\/1"}],"replies":[{"embeddable":true,"href":"https:\/\/stacatarina.mx\/consejos\/wp-json\/wp\/v2\/comments?post=2702"}],"version-history":[{"count":1,"href":"https:\/\/stacatarina.mx\/consejos\/wp-json\/wp\/v2\/posts\/2702\/revisions"}],"predecessor-version":[{"id":2704,"href":"https:\/\/stacatarina.mx\/consejos\/wp-json\/wp\/v2\/posts\/2702\/revisions\/2704"}],"wp:featuredmedia":[{"embeddable":true,"href":"https:\/\/stacatarina.mx\/consejos\/wp-json\/wp\/v2\/media\/2703"}],"wp:attachment":[{"href":"https:\/\/stacatarina.mx\/consejos\/wp-json\/wp\/v2\/media?parent=2702"}],"wp:term":[{"taxonomy":"category","embeddable":true,"href":"https:\/\/stacatarina.mx\/consejos\/wp-json\/wp\/v2\/categories?post=2702"},{"taxonomy":"post_tag","embeddable":true,"href":"https:\/\/stacatarina.mx\/consejos\/wp-json\/wp\/v2\/tags?post=2702"}],"curies":[{"name":"wp","href":"https:\/\/api.w.org\/{rel}","templated":true}]}}