{"id":2705,"date":"2025-02-12T08:23:44","date_gmt":"2025-02-12T14:23:44","guid":{"rendered":"https:\/\/stacatarina.mx\/consejos\/biofach-2025-italia-en-el-escaparate-con-262-expositores\/"},"modified":"2025-02-12T08:23:45","modified_gmt":"2025-02-12T14:23:45","slug":"biofach-2025-italia-en-el-escaparate-con-262-expositores","status":"publish","type":"post","link":"https:\/\/stacatarina.mx\/consejos\/biofach-2025-italia-en-el-escaparate-con-262-expositores\/","title":{"rendered":"Biofach 2025: Italia en el escaparate con 262 expositores"},"content":{"rendered":"<p class=\"single-abstract\">\n<p>\t\t\t\t\t\t\t\t\t\t\t\t\t\t\t\t\tBiofach 2025, el l\u00edder mundial de l\u00edder org\u00e1nico, comenz\u00f3 el 11 de febrero en Nuremberg y contin\u00faa hasta 14, con m\u00e1s de 2.300 expositores de 94 pa\u00edses. Entre estas, 262 marcas italianas, como Girolomoni, Alce Nero, Probios, Demeter y Nature Nuova, enriquecen el evento de contenido y excelentes productos.\t\t\t\t\t\t\t\t\t\t\t\t\t\t\t<\/p>\n<div class=\"daily-video\" style=\"display: none;\"><\/div>\n<div class=\"wrapper-player\" style=\"display: none; margin-bottom: 15px;\">\n<div id=\"daily-player\" style=\"position: relative; max-width: 100%;\" class=\"video-content\"><\/div>\n<\/p><\/div>\n<div class=\"image-wrapper featured-image no-lazy\" id=\"featured-image\"><\/div>\n<p>El nombramiento con Biofach, el l\u00edder mundial de nutrici\u00f3n biol\u00f3gica, que hasta el 14 de febrero hace de Nuremberg la capital de Org\u00e1nica, comenz\u00f3 ayer el 11 de febrero de 2025. Con m\u00e1s de 2.300 empresas exhibidas de 94 pa\u00edses, el evento se confirma como una cita imperdible para todos los operadores en el sector y m\u00e1s all\u00e1. Junto a la amplia oferta de productos y soluciones innovadoras, un rico Congreso y un programa experimental muestra c\u00f3mo los org\u00e1nicos pueden guiar el cambio en un momento hist\u00f3rico marcado por m\u00faltiples desaf\u00edos.<\/p>\n<h2><span class=\"ez-toc-section\" id=\"Un_settore_in_movimento\"><\/span>Un sector en movimiento<span class=\"ez-toc-section-end\"><\/span><\/h2>\n<p>El tema principal de esta edici\u00f3n es &#8220;<strong>\u00a1S\u00ed, lo hacemos! C\u00f3mo efectuar el cambio en el segmento de alimentos org\u00e1nicos<\/strong>&#8220;: Una invitaci\u00f3n concreta para dar forma a un futuro m\u00e1s sostenible. &#8220;Biofach 2025 es una oportunidad \u00fanica para comprender c\u00f3mo el bio sector est\u00e1 ayudando a dar forma activamente al cambio&#8221;, explica Dominik Dietz, director de Biofach. \u201cEn un contexto de m\u00faltiples crisis, la transformaci\u00f3n ecol\u00f3gica se convierte en una prioridad esencial. De ah\u00ed la misi\u00f3n de la feria: proporcionar gesti\u00f3n, estimular el di\u00e1logo y ofrecer inspiraciones de alto nivel &#8220;.<\/p>\n<p>En lo anterior <strong>nueve pabellones<\/strong> Del evento, los compradores, distribuidores, productores y partes interesadas podr\u00e1n descubrir toda la gama de la oferta biol\u00f3gica, con una presencia particularmente fuerte de pa\u00edses como Italia, Espa\u00f1a, Pa\u00edses Bajos, Francia y Austria.<\/p>\n<aside style=\"margin: 8px auto; text-align: center; display: block; clear: both;\">\n<div id=\"gpt-passback\">\n<\/div>\n<\/aside>\n<p>Entre estos, se destaca <strong>La importante participaci\u00f3n italiana<\/strong>con Ben <strong>262 expositores<\/strong>incluidas marcas de referencia como <strong>Girolomoni<\/strong>, <strong>Alce negro<\/strong>, <strong>Probios<\/strong>, <strong>Dem\u00e9ter<\/strong> Y <strong>Nueva naturaleza<\/strong>adem\u00e1s de representantes institucionales de varias regiones, como <strong>Sicilia<\/strong> Y <strong>Marcas<\/strong>Asociaciones del sector y organismos de certificaci\u00f3n.<\/p>\n<h2><span class=\"ez-toc-section\" id=\"BIOFACH_Trends_2025_%E2%80%9CNext-level_Plant-based%E2%80%9D_e_%E2%80%9CWe_Myself_and_I%E2%80%9D\"><\/span>Biofach Trends 2025: &#8220;Next-Lavel basado en plantas&#8221; y &#8220;Nosotros, yo y yo&#8221;<span class=\"ez-toc-section-end\"><\/span><\/h2>\n<p>El jurado de expertos identific\u00f3 los dos manifestantes de la edici\u00f3n 2025:<\/p>\n<ol>\n<li><strong>A base de plantas en el siguiente nivel<\/strong>\n<p>La evoluci\u00f3n continua de las alternativas de verduras est\u00e1 en el centro de atenci\u00f3n. Productos innovadores, sabrosos y atentos al impacto ambiental establecen nuevos est\u00e1ndares, ofreciendo soluciones que combinan el sabor y la sostenibilidad.<\/li>\n<li><strong>Nosotros, yo y yo<\/strong>\n<p>Es el reflejo de una cierta tensi\u00f3n entre el idealismo y el placer individual. S\u00ed, el precio y la variedad gu\u00edan muchas decisiones de compra, y parece que la sostenibilidad a veces pasa en segundo plano. Sin embargo, la solicitud de transparencia y responsabilidad ambiental por parte de los consumidores sigue siendo s\u00f3lida, invitando a los productores a equilibrar la innovaci\u00f3n, la conveniencia y los valores.<\/li>\n<\/ol>\n<p>La traducci\u00f3n de estas tendencias en t\u00e9rminos de productos conduce a cinco &#8220;hilos de consumo&#8221;:<\/p>\n<h2><span class=\"ez-toc-section\" id=\"Un_ricco_programma_congressi_e_spazi_tematici\"><\/span>Un programa rico: conferencias y espacios tem\u00e1ticos<span class=\"ez-toc-section-end\"><\/span><\/h2>\n<p>Biofach 2025 no es solo exposici\u00f3n. Con un pozo <strong>171 sesiones<\/strong>El <strong>Congreso de biofach<\/strong> Ofrece una etapa al &#8220;pensador&#8221; y a los pioneros de la industria, abordando temas clave como el desarrollo de mercados, pol\u00edticas del sector, la presentaci\u00f3n de casos ejemplares y perspectivas innovadoras. El \u00e1rea interactiva es particularmente interesante <strong>SosteniblefutureLab<\/strong>donde los participantes podr\u00e1n enfrentar problemas cr\u00edticos e intentar cambiar la perspectiva.<\/p>\n<p>Muchos contenidos del Congreso se transmitir\u00e1n en transmisi\u00f3n en vivo en la plataforma digital de Biofach y permanecer\u00e1n disponibles incluso despu\u00e9s del evento, facilitando el acceso y el intercambio de ideas entre los expertos.<\/p>\n<h2><span class=\"ez-toc-section\" id=\"Start-up_Planetary_Health_e_OOH\"><\/span>Start-up, Planetary Health y Ooh<span class=\"ez-toc-section-end\"><\/span><\/h2>\n<p>Entre las citas que no deben perderse:<\/p>\n<h2><span class=\"ez-toc-section\" id=\"Novita_e_riconoscimenti\"><\/span>Noticias y premios<span class=\"ez-toc-section-end\"><\/span><\/h2>\n<p>El \u00e1rea <strong>Soporte de novedad biofach<\/strong> y el espacio <strong>Reci\u00e9n llegados y nuevas empresas internacionales<\/strong> En el Hall 4A, junto con el pabell\u00f3n &#8220;J\u00f3venes innovadores&#8221; financiado por el BMWK (Ministerio Federal Alem\u00e1n para la Econom\u00eda y la Protecci\u00f3n del Clima), son el lugar perfecto para descubrir negocios j\u00f3venes e ideas disruptivas. Los visitantes podr\u00e1n votar por su producto favorito (en l\u00ednea o directamente al stand) para asignar el <strong>Premio al mejor producto nuevo<\/strong>que se otorgar\u00e1 en <strong>12 categor\u00edas diferentes<\/strong> El \u00faltimo d\u00eda de la feria.<\/p>\n","protected":false},"excerpt":{"rendered":"<p>Biofach 2025, el l\u00edder mundial de l\u00edder org\u00e1nico, comenz\u00f3 el 11 de febrero en Nuremberg y contin\u00faa hasta 14, con m\u00e1s de 2.300 expositores de<\/p>\n","protected":false},"author":1,"featured_media":2706,"comment_status":"closed","ping_status":"","sticky":false,"template":"","format":"standard","meta":{"footnotes":""},"categories":[762],"tags":[3657,42,3658,3659,1062],"class_list":["post-2705","post","type-post","status-publish","format-standard","has-post-thumbnail","hentry","category-salud","tag-biofach","tag-con","tag-escaparate","tag-expositores","tag-italia","generate-columns","tablet-grid-50","mobile-grid-100","grid-parent","grid-50"],"yoast_head":"<!-- This site is optimized with the Yoast SEO plugin v23.4 - https:\/\/yoast.com\/wordpress\/plugins\/seo\/ -->\n<title>Biofach 2025: Italia en el escaparate con 262 expositores - Consejos - Santa Catarina<\/title>\n<meta name=\"robots\" content=\"index, follow, max-snippet:-1, max-image-preview:large, max-video-preview:-1\" \/>\n<link rel=\"canonical\" href=\"https:\/\/stacatarina.mx\/consejos\/biofach-2025-italia-en-el-escaparate-con-262-expositores\/\" \/>\n<meta property=\"og:locale\" content=\"es_MX\" \/>\n<meta property=\"og:type\" content=\"article\" \/>\n<meta property=\"og:title\" content=\"Biofach 2025: Italia en el escaparate con 262 expositores - Consejos - Santa Catarina\" \/>\n<meta property=\"og:description\" content=\"Biofach 2025, el l\u00edder mundial de l\u00edder org\u00e1nico, comenz\u00f3 el 11 de febrero en Nuremberg y contin\u00faa hasta 14, con m\u00e1s de 2.300 expositores de\" \/>\n<meta property=\"og:url\" content=\"https:\/\/stacatarina.mx\/consejos\/biofach-2025-italia-en-el-escaparate-con-262-expositores\/\" \/>\n<meta property=\"og:site_name\" content=\"Santa Catarina\" \/>\n<meta property=\"article:publisher\" content=\"https:\/\/www.facebook.com\/stacatarinagob\/\" \/>\n<meta property=\"article:published_time\" content=\"2025-02-12T14:23:44+00:00\" \/>\n<meta property=\"article:modified_time\" content=\"2025-02-12T14:23:45+00:00\" \/>\n<meta property=\"og:image\" content=\"https:\/\/stacatarina.mx\/consejos\/wp-content\/uploads\/2025\/02\/Biofach-2025-Italia-en-el-escaparate-con-262-expositores.jpg\" \/>\n\t<meta property=\"og:image:width\" content=\"1500\" \/>\n\t<meta property=\"og:image:height\" content=\"1000\" \/>\n\t<meta property=\"og:image:type\" content=\"image\/jpeg\" \/>\n<meta name=\"author\" content=\"Pedro Mart\u00ednez\" \/>\n<meta name=\"twitter:card\" content=\"summary_large_image\" \/>\n<meta name=\"twitter:creator\" content=\"@stacatarinagob\" \/>\n<meta name=\"twitter:site\" content=\"@stacatarinagob\" \/>\n<meta name=\"twitter:label1\" content=\"Escrito por\" \/>\n\t<meta name=\"twitter:data1\" content=\"Pedro Mart\u00ednez\" \/>\n\t<meta name=\"twitter:label2\" content=\"Tiempo de lectura\" \/>\n\t<meta name=\"twitter:data2\" content=\"4 minutos\" \/>\n<script type=\"application\/ld+json\" class=\"yoast-schema-graph\">{\"@context\":\"https:\/\/schema.org\",\"@graph\":[{\"@type\":\"Article\",\"@id\":\"https:\/\/stacatarina.mx\/consejos\/biofach-2025-italia-en-el-escaparate-con-262-expositores\/#article\",\"isPartOf\":{\"@id\":\"https:\/\/stacatarina.mx\/consejos\/biofach-2025-italia-en-el-escaparate-con-262-expositores\/\"},\"author\":{\"name\":\"Pedro Mart\u00ednez\",\"@id\":\"https:\/\/stacatarina.mx\/consejos\/#\/schema\/person\/0be60adffa8e4c4d0828fdf021450e8a\"},\"headline\":\"Biofach 2025: Italia en el escaparate con 262 expositores\",\"datePublished\":\"2025-02-12T14:23:44+00:00\",\"dateModified\":\"2025-02-12T14:23:45+00:00\",\"mainEntityOfPage\":{\"@id\":\"https:\/\/stacatarina.mx\/consejos\/biofach-2025-italia-en-el-escaparate-con-262-expositores\/\"},\"wordCount\":725,\"publisher\":{\"@id\":\"https:\/\/stacatarina.mx\/consejos\/#organization\"},\"image\":{\"@id\":\"https:\/\/stacatarina.mx\/consejos\/biofach-2025-italia-en-el-escaparate-con-262-expositores\/#primaryimage\"},\"thumbnailUrl\":\"https:\/\/stacatarina.mx\/consejos\/wp-content\/uploads\/2025\/02\/Biofach-2025-Italia-en-el-escaparate-con-262-expositores.jpg\",\"keywords\":[\"Biofach\",\"con\",\"escaparate\",\"expositores\",\"Italia\"],\"articleSection\":[\"Salud\"],\"inLanguage\":\"es\"},{\"@type\":\"WebPage\",\"@id\":\"https:\/\/stacatarina.mx\/consejos\/biofach-2025-italia-en-el-escaparate-con-262-expositores\/\",\"url\":\"https:\/\/stacatarina.mx\/consejos\/biofach-2025-italia-en-el-escaparate-con-262-expositores\/\",\"name\":\"Biofach 2025: Italia en el escaparate con 262 expositores - Consejos - Santa Catarina\",\"isPartOf\":{\"@id\":\"https:\/\/stacatarina.mx\/consejos\/#website\"},\"primaryImageOfPage\":{\"@id\":\"https:\/\/stacatarina.mx\/consejos\/biofach-2025-italia-en-el-escaparate-con-262-expositores\/#primaryimage\"},\"image\":{\"@id\":\"https:\/\/stacatarina.mx\/consejos\/biofach-2025-italia-en-el-escaparate-con-262-expositores\/#primaryimage\"},\"thumbnailUrl\":\"https:\/\/stacatarina.mx\/consejos\/wp-content\/uploads\/2025\/02\/Biofach-2025-Italia-en-el-escaparate-con-262-expositores.jpg\",\"datePublished\":\"2025-02-12T14:23:44+00:00\",\"dateModified\":\"2025-02-12T14:23:45+00:00\",\"breadcrumb\":{\"@id\":\"https:\/\/stacatarina.mx\/consejos\/biofach-2025-italia-en-el-escaparate-con-262-expositores\/#breadcrumb\"},\"inLanguage\":\"es\",\"potentialAction\":[{\"@type\":\"ReadAction\",\"target\":[\"https:\/\/stacatarina.mx\/consejos\/biofach-2025-italia-en-el-escaparate-con-262-expositores\/\"]}]},{\"@type\":\"ImageObject\",\"inLanguage\":\"es\",\"@id\":\"https:\/\/stacatarina.mx\/consejos\/biofach-2025-italia-en-el-escaparate-con-262-expositores\/#primaryimage\",\"url\":\"https:\/\/stacatarina.mx\/consejos\/wp-content\/uploads\/2025\/02\/Biofach-2025-Italia-en-el-escaparate-con-262-expositores.jpg\",\"contentUrl\":\"https:\/\/stacatarina.mx\/consejos\/wp-content\/uploads\/2025\/02\/Biofach-2025-Italia-en-el-escaparate-con-262-expositores.jpg\",\"width\":1500,\"height\":1000,\"caption\":\"Biofach 2025\"},{\"@type\":\"BreadcrumbList\",\"@id\":\"https:\/\/stacatarina.mx\/consejos\/biofach-2025-italia-en-el-escaparate-con-262-expositores\/#breadcrumb\",\"itemListElement\":[{\"@type\":\"ListItem\",\"position\":1,\"name\":\"Inicio\",\"item\":\"https:\/\/stacatarina.mx\/consejos\/\"},{\"@type\":\"ListItem\",\"position\":2,\"name\":\"Biofach 2025: Italia en el escaparate con 262 expositores\"}]},{\"@type\":\"WebSite\",\"@id\":\"https:\/\/stacatarina.mx\/consejos\/#website\",\"url\":\"https:\/\/stacatarina.mx\/consejos\/\",\"name\":\"Santa Catarina\",\"description\":\"\",\"publisher\":{\"@id\":\"https:\/\/stacatarina.mx\/consejos\/#organization\"},\"potentialAction\":[{\"@type\":\"SearchAction\",\"target\":{\"@type\":\"EntryPoint\",\"urlTemplate\":\"https:\/\/stacatarina.mx\/consejos\/?s={search_term_string}\"},\"query-input\":{\"@type\":\"PropertyValueSpecification\",\"valueRequired\":true,\"valueName\":\"search_term_string\"}}],\"inLanguage\":\"es\"},{\"@type\":\"Organization\",\"@id\":\"https:\/\/stacatarina.mx\/consejos\/#organization\",\"name\":\"Santa Catarina\",\"url\":\"https:\/\/stacatarina.mx\/consejos\/\",\"logo\":{\"@type\":\"ImageObject\",\"inLanguage\":\"es\",\"@id\":\"https:\/\/stacatarina.mx\/consejos\/#\/schema\/logo\/image\/\",\"url\":\"https:\/\/stacatarina.mx\/consejos\/wp-content\/uploads\/2024\/09\/cropped-favicon-1-1.png\",\"contentUrl\":\"https:\/\/stacatarina.mx\/consejos\/wp-content\/uploads\/2024\/09\/cropped-favicon-1-1.png\",\"width\":512,\"height\":512,\"caption\":\"Santa Catarina\"},\"image\":{\"@id\":\"https:\/\/stacatarina.mx\/consejos\/#\/schema\/logo\/image\/\"},\"sameAs\":[\"https:\/\/www.facebook.com\/stacatarinagob\/\",\"https:\/\/x.com\/stacatarinagob\",\"https:\/\/www.instagram.com\/stacatarinagob\/\",\"https:\/\/www.youtube.com\/channel\/UCK-6cQJL_904665N1_nLTWw\"]},{\"@type\":\"Person\",\"@id\":\"https:\/\/stacatarina.mx\/consejos\/#\/schema\/person\/0be60adffa8e4c4d0828fdf021450e8a\",\"name\":\"Pedro Mart\u00ednez\",\"image\":{\"@type\":\"ImageObject\",\"inLanguage\":\"es\",\"@id\":\"https:\/\/stacatarina.mx\/consejos\/#\/schema\/person\/image\/\",\"url\":\"https:\/\/stacatarina.mx\/consejos\/wp-content\/uploads\/2024\/09\/stacatarina.jpg\",\"contentUrl\":\"https:\/\/stacatarina.mx\/consejos\/wp-content\/uploads\/2024\/09\/stacatarina.jpg\",\"caption\":\"Pedro Mart\u00ednez\"},\"description\":\"Hola, soy Pedro Mart\u00ednez, redactor jefe del sitio oficial del ayuntamiento de Santa Catarina, en M\u00e9xico. Con m\u00e1s de diez a\u00f1os de experiencia en el periodismo local, tengo una pasi\u00f3n por la investigaci\u00f3n y la difusi\u00f3n de informaci\u00f3n que valoriza nuestra hermosa comunidad. Mi compromiso es hacer de Santa Catarina una referencia en materia de transparencia y comunicaci\u00f3n municipal.\",\"sameAs\":[\"https:\/\/stacatarina.mx\/\"]}]}<\/script>\n<!-- \/ Yoast SEO plugin. -->","yoast_head_json":{"title":"Biofach 2025: Italia en el escaparate con 262 expositores - Consejos - Santa Catarina","robots":{"index":"index","follow":"follow","max-snippet":"max-snippet:-1","max-image-preview":"max-image-preview:large","max-video-preview":"max-video-preview:-1"},"canonical":"https:\/\/stacatarina.mx\/consejos\/biofach-2025-italia-en-el-escaparate-con-262-expositores\/","og_locale":"es_MX","og_type":"article","og_title":"Biofach 2025: Italia en el escaparate con 262 expositores - Consejos - Santa Catarina","og_description":"Biofach 2025, el l\u00edder mundial de l\u00edder org\u00e1nico, comenz\u00f3 el 11 de febrero en Nuremberg y contin\u00faa hasta 14, con m\u00e1s de 2.300 expositores de","og_url":"https:\/\/stacatarina.mx\/consejos\/biofach-2025-italia-en-el-escaparate-con-262-expositores\/","og_site_name":"Santa Catarina","article_publisher":"https:\/\/www.facebook.com\/stacatarinagob\/","article_published_time":"2025-02-12T14:23:44+00:00","article_modified_time":"2025-02-12T14:23:45+00:00","og_image":[{"width":1500,"height":1000,"url":"https:\/\/stacatarina.mx\/consejos\/wp-content\/uploads\/2025\/02\/Biofach-2025-Italia-en-el-escaparate-con-262-expositores.jpg","type":"image\/jpeg"}],"author":"Pedro Mart\u00ednez","twitter_card":"summary_large_image","twitter_creator":"@stacatarinagob","twitter_site":"@stacatarinagob","twitter_misc":{"Escrito por":"Pedro Mart\u00ednez","Tiempo de lectura":"4 minutos"},"schema":{"@context":"https:\/\/schema.org","@graph":[{"@type":"Article","@id":"https:\/\/stacatarina.mx\/consejos\/biofach-2025-italia-en-el-escaparate-con-262-expositores\/#article","isPartOf":{"@id":"https:\/\/stacatarina.mx\/consejos\/biofach-2025-italia-en-el-escaparate-con-262-expositores\/"},"author":{"name":"Pedro Mart\u00ednez","@id":"https:\/\/stacatarina.mx\/consejos\/#\/schema\/person\/0be60adffa8e4c4d0828fdf021450e8a"},"headline":"Biofach 2025: Italia en el escaparate con 262 expositores","datePublished":"2025-02-12T14:23:44+00:00","dateModified":"2025-02-12T14:23:45+00:00","mainEntityOfPage":{"@id":"https:\/\/stacatarina.mx\/consejos\/biofach-2025-italia-en-el-escaparate-con-262-expositores\/"},"wordCount":725,"publisher":{"@id":"https:\/\/stacatarina.mx\/consejos\/#organization"},"image":{"@id":"https:\/\/stacatarina.mx\/consejos\/biofach-2025-italia-en-el-escaparate-con-262-expositores\/#primaryimage"},"thumbnailUrl":"https:\/\/stacatarina.mx\/consejos\/wp-content\/uploads\/2025\/02\/Biofach-2025-Italia-en-el-escaparate-con-262-expositores.jpg","keywords":["Biofach","con","escaparate","expositores","Italia"],"articleSection":["Salud"],"inLanguage":"es"},{"@type":"WebPage","@id":"https:\/\/stacatarina.mx\/consejos\/biofach-2025-italia-en-el-escaparate-con-262-expositores\/","url":"https:\/\/stacatarina.mx\/consejos\/biofach-2025-italia-en-el-escaparate-con-262-expositores\/","name":"Biofach 2025: Italia en el escaparate con 262 expositores - Consejos - Santa Catarina","isPartOf":{"@id":"https:\/\/stacatarina.mx\/consejos\/#website"},"primaryImageOfPage":{"@id":"https:\/\/stacatarina.mx\/consejos\/biofach-2025-italia-en-el-escaparate-con-262-expositores\/#primaryimage"},"image":{"@id":"https:\/\/stacatarina.mx\/consejos\/biofach-2025-italia-en-el-escaparate-con-262-expositores\/#primaryimage"},"thumbnailUrl":"https:\/\/stacatarina.mx\/consejos\/wp-content\/uploads\/2025\/02\/Biofach-2025-Italia-en-el-escaparate-con-262-expositores.jpg","datePublished":"2025-02-12T14:23:44+00:00","dateModified":"2025-02-12T14:23:45+00:00","breadcrumb":{"@id":"https:\/\/stacatarina.mx\/consejos\/biofach-2025-italia-en-el-escaparate-con-262-expositores\/#breadcrumb"},"inLanguage":"es","potentialAction":[{"@type":"ReadAction","target":["https:\/\/stacatarina.mx\/consejos\/biofach-2025-italia-en-el-escaparate-con-262-expositores\/"]}]},{"@type":"ImageObject","inLanguage":"es","@id":"https:\/\/stacatarina.mx\/consejos\/biofach-2025-italia-en-el-escaparate-con-262-expositores\/#primaryimage","url":"https:\/\/stacatarina.mx\/consejos\/wp-content\/uploads\/2025\/02\/Biofach-2025-Italia-en-el-escaparate-con-262-expositores.jpg","contentUrl":"https:\/\/stacatarina.mx\/consejos\/wp-content\/uploads\/2025\/02\/Biofach-2025-Italia-en-el-escaparate-con-262-expositores.jpg","width":1500,"height":1000,"caption":"Biofach 2025"},{"@type":"BreadcrumbList","@id":"https:\/\/stacatarina.mx\/consejos\/biofach-2025-italia-en-el-escaparate-con-262-expositores\/#breadcrumb","itemListElement":[{"@type":"ListItem","position":1,"name":"Inicio","item":"https:\/\/stacatarina.mx\/consejos\/"},{"@type":"ListItem","position":2,"name":"Biofach 2025: Italia en el escaparate con 262 expositores"}]},{"@type":"WebSite","@id":"https:\/\/stacatarina.mx\/consejos\/#website","url":"https:\/\/stacatarina.mx\/consejos\/","name":"Santa Catarina","description":"","publisher":{"@id":"https:\/\/stacatarina.mx\/consejos\/#organization"},"potentialAction":[{"@type":"SearchAction","target":{"@type":"EntryPoint","urlTemplate":"https:\/\/stacatarina.mx\/consejos\/?s={search_term_string}"},"query-input":{"@type":"PropertyValueSpecification","valueRequired":true,"valueName":"search_term_string"}}],"inLanguage":"es"},{"@type":"Organization","@id":"https:\/\/stacatarina.mx\/consejos\/#organization","name":"Santa Catarina","url":"https:\/\/stacatarina.mx\/consejos\/","logo":{"@type":"ImageObject","inLanguage":"es","@id":"https:\/\/stacatarina.mx\/consejos\/#\/schema\/logo\/image\/","url":"https:\/\/stacatarina.mx\/consejos\/wp-content\/uploads\/2024\/09\/cropped-favicon-1-1.png","contentUrl":"https:\/\/stacatarina.mx\/consejos\/wp-content\/uploads\/2024\/09\/cropped-favicon-1-1.png","width":512,"height":512,"caption":"Santa Catarina"},"image":{"@id":"https:\/\/stacatarina.mx\/consejos\/#\/schema\/logo\/image\/"},"sameAs":["https:\/\/www.facebook.com\/stacatarinagob\/","https:\/\/x.com\/stacatarinagob","https:\/\/www.instagram.com\/stacatarinagob\/","https:\/\/www.youtube.com\/channel\/UCK-6cQJL_904665N1_nLTWw"]},{"@type":"Person","@id":"https:\/\/stacatarina.mx\/consejos\/#\/schema\/person\/0be60adffa8e4c4d0828fdf021450e8a","name":"Pedro Mart\u00ednez","image":{"@type":"ImageObject","inLanguage":"es","@id":"https:\/\/stacatarina.mx\/consejos\/#\/schema\/person\/image\/","url":"https:\/\/stacatarina.mx\/consejos\/wp-content\/uploads\/2024\/09\/stacatarina.jpg","contentUrl":"https:\/\/stacatarina.mx\/consejos\/wp-content\/uploads\/2024\/09\/stacatarina.jpg","caption":"Pedro Mart\u00ednez"},"description":"Hola, soy Pedro Mart\u00ednez, redactor jefe del sitio oficial del ayuntamiento de Santa Catarina, en M\u00e9xico. Con m\u00e1s de diez a\u00f1os de experiencia en el periodismo local, tengo una pasi\u00f3n por la investigaci\u00f3n y la difusi\u00f3n de informaci\u00f3n que valoriza nuestra hermosa comunidad. Mi compromiso es hacer de Santa Catarina una referencia en materia de transparencia y comunicaci\u00f3n municipal.","sameAs":["https:\/\/stacatarina.mx\/"]}]}},"_links":{"self":[{"href":"https:\/\/stacatarina.mx\/consejos\/wp-json\/wp\/v2\/posts\/2705"}],"collection":[{"href":"https:\/\/stacatarina.mx\/consejos\/wp-json\/wp\/v2\/posts"}],"about":[{"href":"https:\/\/stacatarina.mx\/consejos\/wp-json\/wp\/v2\/types\/post"}],"author":[{"embeddable":true,"href":"https:\/\/stacatarina.mx\/consejos\/wp-json\/wp\/v2\/users\/1"}],"replies":[{"embeddable":true,"href":"https:\/\/stacatarina.mx\/consejos\/wp-json\/wp\/v2\/comments?post=2705"}],"version-history":[{"count":1,"href":"https:\/\/stacatarina.mx\/consejos\/wp-json\/wp\/v2\/posts\/2705\/revisions"}],"predecessor-version":[{"id":2707,"href":"https:\/\/stacatarina.mx\/consejos\/wp-json\/wp\/v2\/posts\/2705\/revisions\/2707"}],"wp:featuredmedia":[{"embeddable":true,"href":"https:\/\/stacatarina.mx\/consejos\/wp-json\/wp\/v2\/media\/2706"}],"wp:attachment":[{"href":"https:\/\/stacatarina.mx\/consejos\/wp-json\/wp\/v2\/media?parent=2705"}],"wp:term":[{"taxonomy":"category","embeddable":true,"href":"https:\/\/stacatarina.mx\/consejos\/wp-json\/wp\/v2\/categories?post=2705"},{"taxonomy":"post_tag","embeddable":true,"href":"https:\/\/stacatarina.mx\/consejos\/wp-json\/wp\/v2\/tags?post=2705"}],"curies":[{"name":"wp","href":"https:\/\/api.w.org\/{rel}","templated":true}]}}