{"id":2729,"date":"2025-02-14T10:26:00","date_gmt":"2025-02-14T16:26:00","guid":{"rendered":"https:\/\/stacatarina.mx\/consejos\/brote-de-shigella-en-europa-38-casos-reportados-en-cinco-paises-que-es-y-como-se-transmite\/"},"modified":"2025-02-14T10:26:01","modified_gmt":"2025-02-14T16:26:01","slug":"brote-de-shigella-en-europa-38-casos-reportados-en-cinco-paises-que-es-y-como-se-transmite","status":"publish","type":"post","link":"https:\/\/stacatarina.mx\/consejos\/brote-de-shigella-en-europa-38-casos-reportados-en-cinco-paises-que-es-y-como-se-transmite\/","title":{"rendered":"Brote de shigella en Europa: 38 casos reportados en cinco pa\u00edses, qu\u00e9 es y c\u00f3mo se transmite"},"content":{"rendered":"<p class=\"single-abstract\">\n<p>\t\t\t\t\t\t\t\t\t\t\t\t\t\t\t\t\t38 personas fueron afectadas por Shigella Sonnei en el Reino Unido, Austria, Francia, Irlanda y los Pa\u00edses Bajos, probablemente debido a vuelos internacionales de largo rango\t\t\t\t\t\t\t\t\t\t\t\t\t\t\t<\/p>\n<div class=\"daily-video\" style=\"display: none;\"><\/div>\n<div class=\"wrapper-player\" style=\"display: none; margin-bottom: 15px;\">\n<div id=\"daily-player\" style=\"position: relative; max-width: 100%;\" class=\"video-content\"><\/div>\n<\/p><\/div>\n<div class=\"image-wrapper featured-image no-lazy\" id=\"featured-image\"><\/div>\n<p>Las autoridades de salud europeas est\u00e1n investigando un <strong>Shigella Sonnenai Focola<\/strong>que golpe\u00f3 <strong>38 personas<\/strong> en <strong>Reino Unido, Austria, Francia, Irlanda y los Pa\u00edses Bajos<\/strong>. Parece estar conectado a <strong>Viajes internacionales de rayos largos<\/strong>con un posible punto de exposici\u00f3n com\u00fan durante el tr\u00e1nsito del aeropuerto o en el borde de los vuelos desde la misma aerol\u00ednea.<\/p>\n<h2><span class=\"ez-toc-section\" id=\"La_diffusione_del_contagio\"><\/span>La difusi\u00f3n del contagio<span class=\"ez-toc-section-end\"><\/span><\/h2>\n<p>El Reino Unido registr\u00f3 el mayor n\u00famero de casos, con <strong>20 personas infectadas<\/strong>. Austria y Francia informaron <strong>Siete casos cada uno<\/strong>mientras que Irlanda ha informado <strong>Tres infecciones<\/strong> y los Pa\u00edses Bajos <strong>s\u00f3lo uno<\/strong>. Las investigaciones epidemiol\u00f3gicas indican que 29 de los 38 pacientes hab\u00edan viajado recientemente al extranjero, con 22 dirigidos hacia<strong> Pa\u00edses asi\u00e1ticos<\/strong> Como Singapur, Tailandia, India, Sri Lanka, Emiratos \u00c1rabes Unidos y Arabia Saudita. <strong>Cuatro personas viajaron a \u00c1frica<\/strong>Mientras <strong>Tres corr\u00edan hacia Australasia<\/strong>.<\/p>\n<p>La edad de los pacientes var\u00eda entre <strong>15 y 70 a\u00f1os<\/strong>y la mayor\u00eda de las personas afectadas son <strong>Mujeres (23 de 38 casos)<\/strong>. Los s\u00edntomas de la enfermedad aparecieron entre el<strong>8 y 17 de enero de 2025<\/strong>sugiriendo una exposici\u00f3n que tuvo lugar justo antes de estas fechas.<\/p>\n<aside style=\"margin: 8px auto; text-align: center; display: block; clear: both;\">\n<div id=\"gpt-passback\">\n<\/div>\n<\/aside>\n<h2><span class=\"ez-toc-section\" id=\"Le_possibili_cause\"><\/span>Las posibles causas<span class=\"ez-toc-section-end\"><\/span><\/h2>\n<p>Seg\u00fan el Centro Europeo para la Prevenci\u00f3n y el Control de Enfermedades (ECDC), la infecci\u00f3n puede haber ocurrido:<\/p>\n<p>Hasta que se identifique y aislen la fuente del contagio, existe la posibilidad de <strong>Casos nuevos<\/strong> en los pr\u00f3ximos d\u00edas o semanas. El ECDC est\u00e1 monitoreando la situaci\u00f3n a trav\u00e9s del sistema de vigilancia <strong>Epipulse<\/strong> Y comenz\u00f3 a coordinar con los Estados miembros de la UE.<\/p>\n<h2><span class=\"ez-toc-section\" id=\"Cose_la_Shigella_sintomi_e_come_si_trasmette\"><\/span>\u00bfQu\u00e9 es Shigella, s\u00edntomas y c\u00f3mo transmitir?<span class=\"ez-toc-section-end\"><\/span><\/h2>\n<p>Shigella sonnei es una bacteria que se extiende a trav\u00e9s del <strong>Consumo de alimentos o agua contaminada con heces infectadas<\/strong> o para <strong>contacto directo<\/strong> con objetos contaminados. La transmisi\u00f3n se facilita por <strong>dosis infecciosa baja<\/strong>haciendo posible el contagio con una cantidad m\u00ednima de bacterias.<\/p>\n<p>El <strong>per\u00edodo de incubaci\u00f3n<\/strong> es corto, entre <strong>uno y dos d\u00edas<\/strong>y los principales s\u00edntomas son:<\/p>\n<p>En 2022, en Europa fueron reportados <strong>M\u00e1s de 4.100 casos de shigelosis<\/strong>con <strong>394 infecciones relacionadas con el consumo de alimentos contaminados<\/strong>.<\/p><\/p>\n","protected":false},"excerpt":{"rendered":"<p>38 personas fueron afectadas por Shigella Sonnei en el Reino Unido, Austria, Francia, Irlanda y los Pa\u00edses Bajos, probablemente debido a vuelos internacionales de largo<\/p>\n","protected":false},"author":1,"featured_media":2730,"comment_status":"closed","ping_status":"","sticky":false,"template":"","format":"standard","meta":{"footnotes":""},"categories":[762],"tags":[1257,2549,174,15,1015,175,247,3684,3683,3685],"class_list":["post-2729","post","type-post","status-publish","format-standard","has-post-thumbnail","hentry","category-salud","tag-brote","tag-casos","tag-cinco","tag-como","tag-europa","tag-paises","tag-que","tag-reportados","tag-shigella","tag-transmite","generate-columns","tablet-grid-50","mobile-grid-100","grid-parent","grid-50"],"yoast_head":"<!-- This site is optimized with the Yoast SEO plugin v23.4 - https:\/\/yoast.com\/wordpress\/plugins\/seo\/ -->\n<title>Brote de shigella en Europa: 38 casos reportados en cinco pa\u00edses, qu\u00e9 es y c\u00f3mo se transmite - Consejos - Santa Catarina<\/title>\n<meta name=\"robots\" content=\"index, follow, max-snippet:-1, max-image-preview:large, max-video-preview:-1\" \/>\n<link rel=\"canonical\" href=\"https:\/\/stacatarina.mx\/consejos\/brote-de-shigella-en-europa-38-casos-reportados-en-cinco-paises-que-es-y-como-se-transmite\/\" \/>\n<meta property=\"og:locale\" content=\"es_MX\" \/>\n<meta property=\"og:type\" content=\"article\" \/>\n<meta property=\"og:title\" content=\"Brote de shigella en Europa: 38 casos reportados en cinco pa\u00edses, qu\u00e9 es y c\u00f3mo se transmite - Consejos - Santa Catarina\" \/>\n<meta property=\"og:description\" content=\"38 personas fueron afectadas por Shigella Sonnei en el Reino Unido, Austria, Francia, Irlanda y los Pa\u00edses Bajos, probablemente debido a vuelos internacionales de largo\" \/>\n<meta property=\"og:url\" content=\"https:\/\/stacatarina.mx\/consejos\/brote-de-shigella-en-europa-38-casos-reportados-en-cinco-paises-que-es-y-como-se-transmite\/\" \/>\n<meta property=\"og:site_name\" content=\"Santa Catarina\" \/>\n<meta property=\"article:publisher\" content=\"https:\/\/www.facebook.com\/stacatarinagob\/\" \/>\n<meta property=\"article:published_time\" content=\"2025-02-14T16:26:00+00:00\" \/>\n<meta property=\"article:modified_time\" content=\"2025-02-14T16:26:01+00:00\" \/>\n<meta property=\"og:image\" content=\"https:\/\/stacatarina.mx\/consejos\/wp-content\/uploads\/2025\/02\/Brote-de-shigella-en-Europa-38-casos-reportados-en-cinco.jpg\" \/>\n\t<meta property=\"og:image:width\" content=\"1500\" \/>\n\t<meta property=\"og:image:height\" content=\"1000\" \/>\n\t<meta property=\"og:image:type\" content=\"image\/jpeg\" \/>\n<meta name=\"author\" content=\"Pedro Mart\u00ednez\" \/>\n<meta name=\"twitter:card\" content=\"summary_large_image\" \/>\n<meta name=\"twitter:creator\" content=\"@stacatarinagob\" \/>\n<meta name=\"twitter:site\" content=\"@stacatarinagob\" \/>\n<meta name=\"twitter:label1\" content=\"Escrito por\" \/>\n\t<meta name=\"twitter:data1\" content=\"Pedro Mart\u00ednez\" \/>\n\t<meta name=\"twitter:label2\" content=\"Tiempo de lectura\" \/>\n\t<meta name=\"twitter:data2\" content=\"2 minutos\" \/>\n<script type=\"application\/ld+json\" class=\"yoast-schema-graph\">{\"@context\":\"https:\/\/schema.org\",\"@graph\":[{\"@type\":\"Article\",\"@id\":\"https:\/\/stacatarina.mx\/consejos\/brote-de-shigella-en-europa-38-casos-reportados-en-cinco-paises-que-es-y-como-se-transmite\/#article\",\"isPartOf\":{\"@id\":\"https:\/\/stacatarina.mx\/consejos\/brote-de-shigella-en-europa-38-casos-reportados-en-cinco-paises-que-es-y-como-se-transmite\/\"},\"author\":{\"name\":\"Pedro Mart\u00ednez\",\"@id\":\"https:\/\/stacatarina.mx\/consejos\/#\/schema\/person\/0be60adffa8e4c4d0828fdf021450e8a\"},\"headline\":\"Brote de shigella en Europa: 38 casos reportados en cinco pa\u00edses, qu\u00e9 es y c\u00f3mo se transmite\",\"datePublished\":\"2025-02-14T16:26:00+00:00\",\"dateModified\":\"2025-02-14T16:26:01+00:00\",\"mainEntityOfPage\":{\"@id\":\"https:\/\/stacatarina.mx\/consejos\/brote-de-shigella-en-europa-38-casos-reportados-en-cinco-paises-que-es-y-como-se-transmite\/\"},\"wordCount\":403,\"publisher\":{\"@id\":\"https:\/\/stacatarina.mx\/consejos\/#organization\"},\"image\":{\"@id\":\"https:\/\/stacatarina.mx\/consejos\/brote-de-shigella-en-europa-38-casos-reportados-en-cinco-paises-que-es-y-como-se-transmite\/#primaryimage\"},\"thumbnailUrl\":\"https:\/\/stacatarina.mx\/consejos\/wp-content\/uploads\/2025\/02\/Brote-de-shigella-en-Europa-38-casos-reportados-en-cinco.jpg\",\"keywords\":[\"Brote\",\"casos\",\"cinco\",\"c\u00f3mo\",\"Europa\",\"pa\u00edses\",\"qu\u00e9\",\"reportados\",\"shigella\",\"transmite\"],\"articleSection\":[\"Salud\"],\"inLanguage\":\"es\"},{\"@type\":\"WebPage\",\"@id\":\"https:\/\/stacatarina.mx\/consejos\/brote-de-shigella-en-europa-38-casos-reportados-en-cinco-paises-que-es-y-como-se-transmite\/\",\"url\":\"https:\/\/stacatarina.mx\/consejos\/brote-de-shigella-en-europa-38-casos-reportados-en-cinco-paises-que-es-y-como-se-transmite\/\",\"name\":\"Brote de shigella en Europa: 38 casos reportados en cinco pa\u00edses, qu\u00e9 es y c\u00f3mo se transmite - Consejos - Santa Catarina\",\"isPartOf\":{\"@id\":\"https:\/\/stacatarina.mx\/consejos\/#website\"},\"primaryImageOfPage\":{\"@id\":\"https:\/\/stacatarina.mx\/consejos\/brote-de-shigella-en-europa-38-casos-reportados-en-cinco-paises-que-es-y-como-se-transmite\/#primaryimage\"},\"image\":{\"@id\":\"https:\/\/stacatarina.mx\/consejos\/brote-de-shigella-en-europa-38-casos-reportados-en-cinco-paises-que-es-y-como-se-transmite\/#primaryimage\"},\"thumbnailUrl\":\"https:\/\/stacatarina.mx\/consejos\/wp-content\/uploads\/2025\/02\/Brote-de-shigella-en-Europa-38-casos-reportados-en-cinco.jpg\",\"datePublished\":\"2025-02-14T16:26:00+00:00\",\"dateModified\":\"2025-02-14T16:26:01+00:00\",\"breadcrumb\":{\"@id\":\"https:\/\/stacatarina.mx\/consejos\/brote-de-shigella-en-europa-38-casos-reportados-en-cinco-paises-que-es-y-como-se-transmite\/#breadcrumb\"},\"inLanguage\":\"es\",\"potentialAction\":[{\"@type\":\"ReadAction\",\"target\":[\"https:\/\/stacatarina.mx\/consejos\/brote-de-shigella-en-europa-38-casos-reportados-en-cinco-paises-que-es-y-como-se-transmite\/\"]}]},{\"@type\":\"ImageObject\",\"inLanguage\":\"es\",\"@id\":\"https:\/\/stacatarina.mx\/consejos\/brote-de-shigella-en-europa-38-casos-reportados-en-cinco-paises-que-es-y-como-se-transmite\/#primaryimage\",\"url\":\"https:\/\/stacatarina.mx\/consejos\/wp-content\/uploads\/2025\/02\/Brote-de-shigella-en-Europa-38-casos-reportados-en-cinco.jpg\",\"contentUrl\":\"https:\/\/stacatarina.mx\/consejos\/wp-content\/uploads\/2025\/02\/Brote-de-shigella-en-Europa-38-casos-reportados-en-cinco.jpg\",\"width\":1500,\"height\":1000,\"caption\":\"Shigella\"},{\"@type\":\"BreadcrumbList\",\"@id\":\"https:\/\/stacatarina.mx\/consejos\/brote-de-shigella-en-europa-38-casos-reportados-en-cinco-paises-que-es-y-como-se-transmite\/#breadcrumb\",\"itemListElement\":[{\"@type\":\"ListItem\",\"position\":1,\"name\":\"Inicio\",\"item\":\"https:\/\/stacatarina.mx\/consejos\/\"},{\"@type\":\"ListItem\",\"position\":2,\"name\":\"Brote de shigella en Europa: 38 casos reportados en cinco pa\u00edses, qu\u00e9 es y c\u00f3mo se transmite\"}]},{\"@type\":\"WebSite\",\"@id\":\"https:\/\/stacatarina.mx\/consejos\/#website\",\"url\":\"https:\/\/stacatarina.mx\/consejos\/\",\"name\":\"Santa Catarina\",\"description\":\"\",\"publisher\":{\"@id\":\"https:\/\/stacatarina.mx\/consejos\/#organization\"},\"potentialAction\":[{\"@type\":\"SearchAction\",\"target\":{\"@type\":\"EntryPoint\",\"urlTemplate\":\"https:\/\/stacatarina.mx\/consejos\/?s={search_term_string}\"},\"query-input\":{\"@type\":\"PropertyValueSpecification\",\"valueRequired\":true,\"valueName\":\"search_term_string\"}}],\"inLanguage\":\"es\"},{\"@type\":\"Organization\",\"@id\":\"https:\/\/stacatarina.mx\/consejos\/#organization\",\"name\":\"Santa Catarina\",\"url\":\"https:\/\/stacatarina.mx\/consejos\/\",\"logo\":{\"@type\":\"ImageObject\",\"inLanguage\":\"es\",\"@id\":\"https:\/\/stacatarina.mx\/consejos\/#\/schema\/logo\/image\/\",\"url\":\"https:\/\/stacatarina.mx\/consejos\/wp-content\/uploads\/2024\/09\/cropped-favicon-1-1.png\",\"contentUrl\":\"https:\/\/stacatarina.mx\/consejos\/wp-content\/uploads\/2024\/09\/cropped-favicon-1-1.png\",\"width\":512,\"height\":512,\"caption\":\"Santa Catarina\"},\"image\":{\"@id\":\"https:\/\/stacatarina.mx\/consejos\/#\/schema\/logo\/image\/\"},\"sameAs\":[\"https:\/\/www.facebook.com\/stacatarinagob\/\",\"https:\/\/x.com\/stacatarinagob\",\"https:\/\/www.instagram.com\/stacatarinagob\/\",\"https:\/\/www.youtube.com\/channel\/UCK-6cQJL_904665N1_nLTWw\"]},{\"@type\":\"Person\",\"@id\":\"https:\/\/stacatarina.mx\/consejos\/#\/schema\/person\/0be60adffa8e4c4d0828fdf021450e8a\",\"name\":\"Pedro Mart\u00ednez\",\"image\":{\"@type\":\"ImageObject\",\"inLanguage\":\"es\",\"@id\":\"https:\/\/stacatarina.mx\/consejos\/#\/schema\/person\/image\/\",\"url\":\"https:\/\/stacatarina.mx\/consejos\/wp-content\/uploads\/2024\/09\/stacatarina.jpg\",\"contentUrl\":\"https:\/\/stacatarina.mx\/consejos\/wp-content\/uploads\/2024\/09\/stacatarina.jpg\",\"caption\":\"Pedro Mart\u00ednez\"},\"description\":\"Hola, soy Pedro Mart\u00ednez, redactor jefe del sitio oficial del ayuntamiento de Santa Catarina, en M\u00e9xico. Con m\u00e1s de diez a\u00f1os de experiencia en el periodismo local, tengo una pasi\u00f3n por la investigaci\u00f3n y la difusi\u00f3n de informaci\u00f3n que valoriza nuestra hermosa comunidad. Mi compromiso es hacer de Santa Catarina una referencia en materia de transparencia y comunicaci\u00f3n municipal.\",\"sameAs\":[\"https:\/\/stacatarina.mx\/\"]}]}<\/script>\n<!-- \/ Yoast SEO plugin. -->","yoast_head_json":{"title":"Brote de shigella en Europa: 38 casos reportados en cinco pa\u00edses, qu\u00e9 es y c\u00f3mo se transmite - Consejos - Santa Catarina","robots":{"index":"index","follow":"follow","max-snippet":"max-snippet:-1","max-image-preview":"max-image-preview:large","max-video-preview":"max-video-preview:-1"},"canonical":"https:\/\/stacatarina.mx\/consejos\/brote-de-shigella-en-europa-38-casos-reportados-en-cinco-paises-que-es-y-como-se-transmite\/","og_locale":"es_MX","og_type":"article","og_title":"Brote de shigella en Europa: 38 casos reportados en cinco pa\u00edses, qu\u00e9 es y c\u00f3mo se transmite - Consejos - Santa Catarina","og_description":"38 personas fueron afectadas por Shigella Sonnei en el Reino Unido, Austria, Francia, Irlanda y los Pa\u00edses Bajos, probablemente debido a vuelos internacionales de largo","og_url":"https:\/\/stacatarina.mx\/consejos\/brote-de-shigella-en-europa-38-casos-reportados-en-cinco-paises-que-es-y-como-se-transmite\/","og_site_name":"Santa Catarina","article_publisher":"https:\/\/www.facebook.com\/stacatarinagob\/","article_published_time":"2025-02-14T16:26:00+00:00","article_modified_time":"2025-02-14T16:26:01+00:00","og_image":[{"width":1500,"height":1000,"url":"https:\/\/stacatarina.mx\/consejos\/wp-content\/uploads\/2025\/02\/Brote-de-shigella-en-Europa-38-casos-reportados-en-cinco.jpg","type":"image\/jpeg"}],"author":"Pedro Mart\u00ednez","twitter_card":"summary_large_image","twitter_creator":"@stacatarinagob","twitter_site":"@stacatarinagob","twitter_misc":{"Escrito por":"Pedro Mart\u00ednez","Tiempo de lectura":"2 minutos"},"schema":{"@context":"https:\/\/schema.org","@graph":[{"@type":"Article","@id":"https:\/\/stacatarina.mx\/consejos\/brote-de-shigella-en-europa-38-casos-reportados-en-cinco-paises-que-es-y-como-se-transmite\/#article","isPartOf":{"@id":"https:\/\/stacatarina.mx\/consejos\/brote-de-shigella-en-europa-38-casos-reportados-en-cinco-paises-que-es-y-como-se-transmite\/"},"author":{"name":"Pedro Mart\u00ednez","@id":"https:\/\/stacatarina.mx\/consejos\/#\/schema\/person\/0be60adffa8e4c4d0828fdf021450e8a"},"headline":"Brote de shigella en Europa: 38 casos reportados en cinco pa\u00edses, qu\u00e9 es y c\u00f3mo se transmite","datePublished":"2025-02-14T16:26:00+00:00","dateModified":"2025-02-14T16:26:01+00:00","mainEntityOfPage":{"@id":"https:\/\/stacatarina.mx\/consejos\/brote-de-shigella-en-europa-38-casos-reportados-en-cinco-paises-que-es-y-como-se-transmite\/"},"wordCount":403,"publisher":{"@id":"https:\/\/stacatarina.mx\/consejos\/#organization"},"image":{"@id":"https:\/\/stacatarina.mx\/consejos\/brote-de-shigella-en-europa-38-casos-reportados-en-cinco-paises-que-es-y-como-se-transmite\/#primaryimage"},"thumbnailUrl":"https:\/\/stacatarina.mx\/consejos\/wp-content\/uploads\/2025\/02\/Brote-de-shigella-en-Europa-38-casos-reportados-en-cinco.jpg","keywords":["Brote","casos","cinco","c\u00f3mo","Europa","pa\u00edses","qu\u00e9","reportados","shigella","transmite"],"articleSection":["Salud"],"inLanguage":"es"},{"@type":"WebPage","@id":"https:\/\/stacatarina.mx\/consejos\/brote-de-shigella-en-europa-38-casos-reportados-en-cinco-paises-que-es-y-como-se-transmite\/","url":"https:\/\/stacatarina.mx\/consejos\/brote-de-shigella-en-europa-38-casos-reportados-en-cinco-paises-que-es-y-como-se-transmite\/","name":"Brote de shigella en Europa: 38 casos reportados en cinco pa\u00edses, qu\u00e9 es y c\u00f3mo se transmite - Consejos - Santa Catarina","isPartOf":{"@id":"https:\/\/stacatarina.mx\/consejos\/#website"},"primaryImageOfPage":{"@id":"https:\/\/stacatarina.mx\/consejos\/brote-de-shigella-en-europa-38-casos-reportados-en-cinco-paises-que-es-y-como-se-transmite\/#primaryimage"},"image":{"@id":"https:\/\/stacatarina.mx\/consejos\/brote-de-shigella-en-europa-38-casos-reportados-en-cinco-paises-que-es-y-como-se-transmite\/#primaryimage"},"thumbnailUrl":"https:\/\/stacatarina.mx\/consejos\/wp-content\/uploads\/2025\/02\/Brote-de-shigella-en-Europa-38-casos-reportados-en-cinco.jpg","datePublished":"2025-02-14T16:26:00+00:00","dateModified":"2025-02-14T16:26:01+00:00","breadcrumb":{"@id":"https:\/\/stacatarina.mx\/consejos\/brote-de-shigella-en-europa-38-casos-reportados-en-cinco-paises-que-es-y-como-se-transmite\/#breadcrumb"},"inLanguage":"es","potentialAction":[{"@type":"ReadAction","target":["https:\/\/stacatarina.mx\/consejos\/brote-de-shigella-en-europa-38-casos-reportados-en-cinco-paises-que-es-y-como-se-transmite\/"]}]},{"@type":"ImageObject","inLanguage":"es","@id":"https:\/\/stacatarina.mx\/consejos\/brote-de-shigella-en-europa-38-casos-reportados-en-cinco-paises-que-es-y-como-se-transmite\/#primaryimage","url":"https:\/\/stacatarina.mx\/consejos\/wp-content\/uploads\/2025\/02\/Brote-de-shigella-en-Europa-38-casos-reportados-en-cinco.jpg","contentUrl":"https:\/\/stacatarina.mx\/consejos\/wp-content\/uploads\/2025\/02\/Brote-de-shigella-en-Europa-38-casos-reportados-en-cinco.jpg","width":1500,"height":1000,"caption":"Shigella"},{"@type":"BreadcrumbList","@id":"https:\/\/stacatarina.mx\/consejos\/brote-de-shigella-en-europa-38-casos-reportados-en-cinco-paises-que-es-y-como-se-transmite\/#breadcrumb","itemListElement":[{"@type":"ListItem","position":1,"name":"Inicio","item":"https:\/\/stacatarina.mx\/consejos\/"},{"@type":"ListItem","position":2,"name":"Brote de shigella en Europa: 38 casos reportados en cinco pa\u00edses, qu\u00e9 es y c\u00f3mo se transmite"}]},{"@type":"WebSite","@id":"https:\/\/stacatarina.mx\/consejos\/#website","url":"https:\/\/stacatarina.mx\/consejos\/","name":"Santa Catarina","description":"","publisher":{"@id":"https:\/\/stacatarina.mx\/consejos\/#organization"},"potentialAction":[{"@type":"SearchAction","target":{"@type":"EntryPoint","urlTemplate":"https:\/\/stacatarina.mx\/consejos\/?s={search_term_string}"},"query-input":{"@type":"PropertyValueSpecification","valueRequired":true,"valueName":"search_term_string"}}],"inLanguage":"es"},{"@type":"Organization","@id":"https:\/\/stacatarina.mx\/consejos\/#organization","name":"Santa Catarina","url":"https:\/\/stacatarina.mx\/consejos\/","logo":{"@type":"ImageObject","inLanguage":"es","@id":"https:\/\/stacatarina.mx\/consejos\/#\/schema\/logo\/image\/","url":"https:\/\/stacatarina.mx\/consejos\/wp-content\/uploads\/2024\/09\/cropped-favicon-1-1.png","contentUrl":"https:\/\/stacatarina.mx\/consejos\/wp-content\/uploads\/2024\/09\/cropped-favicon-1-1.png","width":512,"height":512,"caption":"Santa Catarina"},"image":{"@id":"https:\/\/stacatarina.mx\/consejos\/#\/schema\/logo\/image\/"},"sameAs":["https:\/\/www.facebook.com\/stacatarinagob\/","https:\/\/x.com\/stacatarinagob","https:\/\/www.instagram.com\/stacatarinagob\/","https:\/\/www.youtube.com\/channel\/UCK-6cQJL_904665N1_nLTWw"]},{"@type":"Person","@id":"https:\/\/stacatarina.mx\/consejos\/#\/schema\/person\/0be60adffa8e4c4d0828fdf021450e8a","name":"Pedro Mart\u00ednez","image":{"@type":"ImageObject","inLanguage":"es","@id":"https:\/\/stacatarina.mx\/consejos\/#\/schema\/person\/image\/","url":"https:\/\/stacatarina.mx\/consejos\/wp-content\/uploads\/2024\/09\/stacatarina.jpg","contentUrl":"https:\/\/stacatarina.mx\/consejos\/wp-content\/uploads\/2024\/09\/stacatarina.jpg","caption":"Pedro Mart\u00ednez"},"description":"Hola, soy Pedro Mart\u00ednez, redactor jefe del sitio oficial del ayuntamiento de Santa Catarina, en M\u00e9xico. Con m\u00e1s de diez a\u00f1os de experiencia en el periodismo local, tengo una pasi\u00f3n por la investigaci\u00f3n y la difusi\u00f3n de informaci\u00f3n que valoriza nuestra hermosa comunidad. Mi compromiso es hacer de Santa Catarina una referencia en materia de transparencia y comunicaci\u00f3n municipal.","sameAs":["https:\/\/stacatarina.mx\/"]}]}},"_links":{"self":[{"href":"https:\/\/stacatarina.mx\/consejos\/wp-json\/wp\/v2\/posts\/2729"}],"collection":[{"href":"https:\/\/stacatarina.mx\/consejos\/wp-json\/wp\/v2\/posts"}],"about":[{"href":"https:\/\/stacatarina.mx\/consejos\/wp-json\/wp\/v2\/types\/post"}],"author":[{"embeddable":true,"href":"https:\/\/stacatarina.mx\/consejos\/wp-json\/wp\/v2\/users\/1"}],"replies":[{"embeddable":true,"href":"https:\/\/stacatarina.mx\/consejos\/wp-json\/wp\/v2\/comments?post=2729"}],"version-history":[{"count":1,"href":"https:\/\/stacatarina.mx\/consejos\/wp-json\/wp\/v2\/posts\/2729\/revisions"}],"predecessor-version":[{"id":2731,"href":"https:\/\/stacatarina.mx\/consejos\/wp-json\/wp\/v2\/posts\/2729\/revisions\/2731"}],"wp:featuredmedia":[{"embeddable":true,"href":"https:\/\/stacatarina.mx\/consejos\/wp-json\/wp\/v2\/media\/2730"}],"wp:attachment":[{"href":"https:\/\/stacatarina.mx\/consejos\/wp-json\/wp\/v2\/media?parent=2729"}],"wp:term":[{"taxonomy":"category","embeddable":true,"href":"https:\/\/stacatarina.mx\/consejos\/wp-json\/wp\/v2\/categories?post=2729"},{"taxonomy":"post_tag","embeddable":true,"href":"https:\/\/stacatarina.mx\/consejos\/wp-json\/wp\/v2\/tags?post=2729"}],"curies":[{"name":"wp","href":"https:\/\/api.w.org\/{rel}","templated":true}]}}