{"id":2753,"date":"2025-02-15T05:25:43","date_gmt":"2025-02-15T11:25:43","guid":{"rendered":"https:\/\/stacatarina.mx\/consejos\/caldera-de-gas-vs-caldera-electrica-cual-es-mejor\/"},"modified":"2025-02-15T05:25:44","modified_gmt":"2025-02-15T11:25:44","slug":"caldera-de-gas-vs-caldera-electrica-cual-es-mejor","status":"publish","type":"post","link":"https:\/\/stacatarina.mx\/consejos\/caldera-de-gas-vs-caldera-electrica-cual-es-mejor\/","title":{"rendered":"Caldera de gas vs caldera el\u00e9ctrica: \u00bfcu\u00e1l es mejor?"},"content":{"rendered":"<div id=\"headlessui-disclosure-panel-v-0-100\" hidden=\"\" style=\"display:none;\" data-headlessui-state=\"\" data-v-8f8c32f4=\"\">\n<p>Las calderas el\u00e9ctricas tienen muchas ventajas que hacen que valga la pena obtener una para su hogar. Primero, no queman combustibles f\u00f3siles, por lo que no existe riesgo de una fuga de mon\u00f3xido de carbono. Adem\u00e1s, pueden reducir la huella de carbono de su hogar.<\/p>\n<p>La mayor\u00eda de las calderas el\u00e9ctricas son compatibles con paneles solares. Esto los convierte en una buena alternativa para las casas desconectadas de la red de gas y tambi\u00e9n para calentar su casa utilizando fuentes de energ\u00eda 100% renovables. Adem\u00e1s, su eficiencia es muy alta, generalmente del 99% o incluso el 100%, lo que significa que los desechos de energ\u00eda permanecer\u00e1n en lo m\u00e1s bajo posible.<\/p>\n<p>Tambi\u00e9n son f\u00e1ciles de mantener y no requieren un servicio anual, lo que le ahorra alrededor de \u00a3 150 por a\u00f1o o mucho m\u00e1s en caso de reparaci\u00f3n de emergencia. En una l\u00ednea similar, es probable que las calderas el\u00e9ctricas sean baratas de instalar, ya que son m\u00e1s peque\u00f1as, compactas y se pueden colocar en casi cualquier lugar de la casa.<\/p>\n<\/div>\n","protected":false},"excerpt":{"rendered":"<p>Las calderas el\u00e9ctricas tienen muchas ventajas que hacen que valga la pena obtener una para su hogar. Primero, no queman combustibles f\u00f3siles, por lo que<\/p>\n","protected":false},"author":1,"featured_media":2754,"comment_status":"closed","ping_status":"","sticky":false,"template":"","format":"standard","meta":{"footnotes":""},"categories":[4],"tags":[28,895,3706,2697,27],"class_list":["post-2753","post","type-post","status-publish","format-standard","has-post-thumbnail","hentry","category-ambiente","tag-caldera","tag-cual","tag-electrica","tag-gas","tag-mejor","generate-columns","tablet-grid-50","mobile-grid-100","grid-parent","grid-50"],"yoast_head":"<!-- This site is optimized with the Yoast SEO plugin v23.4 - https:\/\/yoast.com\/wordpress\/plugins\/seo\/ -->\n<title>Caldera de gas vs caldera el\u00e9ctrica: \u00bfcu\u00e1l es mejor? - Consejos - Santa Catarina<\/title>\n<meta name=\"robots\" content=\"index, follow, max-snippet:-1, max-image-preview:large, max-video-preview:-1\" \/>\n<link rel=\"canonical\" href=\"https:\/\/stacatarina.mx\/consejos\/caldera-de-gas-vs-caldera-electrica-cual-es-mejor\/\" \/>\n<meta property=\"og:locale\" content=\"es_MX\" \/>\n<meta property=\"og:type\" content=\"article\" \/>\n<meta property=\"og:title\" content=\"Caldera de gas vs caldera el\u00e9ctrica: \u00bfcu\u00e1l es mejor? - Consejos - Santa Catarina\" \/>\n<meta property=\"og:description\" content=\"Las calderas el\u00e9ctricas tienen muchas ventajas que hacen que valga la pena obtener una para su hogar. Primero, no queman combustibles f\u00f3siles, por lo que\" \/>\n<meta property=\"og:url\" content=\"https:\/\/stacatarina.mx\/consejos\/caldera-de-gas-vs-caldera-electrica-cual-es-mejor\/\" \/>\n<meta property=\"og:site_name\" content=\"Santa Catarina\" \/>\n<meta property=\"article:publisher\" content=\"https:\/\/www.facebook.com\/stacatarinagob\/\" \/>\n<meta property=\"article:published_time\" content=\"2025-02-15T11:25:43+00:00\" \/>\n<meta property=\"article:modified_time\" content=\"2025-02-15T11:25:44+00:00\" \/>\n<meta property=\"og:image\" content=\"https:\/\/stacatarina.mx\/consejos\/wp-content\/uploads\/2025\/02\/Caldera-de-gas-vs-caldera-electrica-\u00bfcual-es-mejor.png\" \/>\n\t<meta property=\"og:image:width\" content=\"730\" \/>\n\t<meta property=\"og:image:height\" content=\"624\" \/>\n\t<meta property=\"og:image:type\" content=\"image\/png\" \/>\n<meta name=\"author\" content=\"Pedro Mart\u00ednez\" \/>\n<meta name=\"twitter:card\" content=\"summary_large_image\" \/>\n<meta name=\"twitter:creator\" content=\"@stacatarinagob\" \/>\n<meta name=\"twitter:site\" content=\"@stacatarinagob\" \/>\n<meta name=\"twitter:label1\" content=\"Escrito por\" \/>\n\t<meta name=\"twitter:data1\" content=\"Pedro Mart\u00ednez\" \/>\n\t<meta name=\"twitter:label2\" content=\"Tiempo de lectura\" \/>\n\t<meta name=\"twitter:data2\" content=\"1 minuto\" \/>\n<script type=\"application\/ld+json\" class=\"yoast-schema-graph\">{\"@context\":\"https:\/\/schema.org\",\"@graph\":[{\"@type\":\"Article\",\"@id\":\"https:\/\/stacatarina.mx\/consejos\/caldera-de-gas-vs-caldera-electrica-cual-es-mejor\/#article\",\"isPartOf\":{\"@id\":\"https:\/\/stacatarina.mx\/consejos\/caldera-de-gas-vs-caldera-electrica-cual-es-mejor\/\"},\"author\":{\"name\":\"Pedro Mart\u00ednez\",\"@id\":\"https:\/\/stacatarina.mx\/consejos\/#\/schema\/person\/0be60adffa8e4c4d0828fdf021450e8a\"},\"headline\":\"Caldera de gas vs caldera el\u00e9ctrica: \u00bfcu\u00e1l es mejor?\",\"datePublished\":\"2025-02-15T11:25:43+00:00\",\"dateModified\":\"2025-02-15T11:25:44+00:00\",\"mainEntityOfPage\":{\"@id\":\"https:\/\/stacatarina.mx\/consejos\/caldera-de-gas-vs-caldera-electrica-cual-es-mejor\/\"},\"wordCount\":199,\"publisher\":{\"@id\":\"https:\/\/stacatarina.mx\/consejos\/#organization\"},\"image\":{\"@id\":\"https:\/\/stacatarina.mx\/consejos\/caldera-de-gas-vs-caldera-electrica-cual-es-mejor\/#primaryimage\"},\"thumbnailUrl\":\"https:\/\/stacatarina.mx\/consejos\/wp-content\/uploads\/2025\/02\/Caldera-de-gas-vs-caldera-electrica-\u00bfcual-es-mejor.png\",\"keywords\":[\"caldera\",\"cu\u00e1l\",\"el\u00e9ctrica\",\"gas\",\"mejor\"],\"articleSection\":[\"Ambiente\"],\"inLanguage\":\"es\"},{\"@type\":\"WebPage\",\"@id\":\"https:\/\/stacatarina.mx\/consejos\/caldera-de-gas-vs-caldera-electrica-cual-es-mejor\/\",\"url\":\"https:\/\/stacatarina.mx\/consejos\/caldera-de-gas-vs-caldera-electrica-cual-es-mejor\/\",\"name\":\"Caldera de gas vs caldera el\u00e9ctrica: \u00bfcu\u00e1l es mejor? - Consejos - Santa Catarina\",\"isPartOf\":{\"@id\":\"https:\/\/stacatarina.mx\/consejos\/#website\"},\"primaryImageOfPage\":{\"@id\":\"https:\/\/stacatarina.mx\/consejos\/caldera-de-gas-vs-caldera-electrica-cual-es-mejor\/#primaryimage\"},\"image\":{\"@id\":\"https:\/\/stacatarina.mx\/consejos\/caldera-de-gas-vs-caldera-electrica-cual-es-mejor\/#primaryimage\"},\"thumbnailUrl\":\"https:\/\/stacatarina.mx\/consejos\/wp-content\/uploads\/2025\/02\/Caldera-de-gas-vs-caldera-electrica-\u00bfcual-es-mejor.png\",\"datePublished\":\"2025-02-15T11:25:43+00:00\",\"dateModified\":\"2025-02-15T11:25:44+00:00\",\"breadcrumb\":{\"@id\":\"https:\/\/stacatarina.mx\/consejos\/caldera-de-gas-vs-caldera-electrica-cual-es-mejor\/#breadcrumb\"},\"inLanguage\":\"es\",\"potentialAction\":[{\"@type\":\"ReadAction\",\"target\":[\"https:\/\/stacatarina.mx\/consejos\/caldera-de-gas-vs-caldera-electrica-cual-es-mejor\/\"]}]},{\"@type\":\"ImageObject\",\"inLanguage\":\"es\",\"@id\":\"https:\/\/stacatarina.mx\/consejos\/caldera-de-gas-vs-caldera-electrica-cual-es-mejor\/#primaryimage\",\"url\":\"https:\/\/stacatarina.mx\/consejos\/wp-content\/uploads\/2025\/02\/Caldera-de-gas-vs-caldera-electrica-\u00bfcual-es-mejor.png\",\"contentUrl\":\"https:\/\/stacatarina.mx\/consejos\/wp-content\/uploads\/2025\/02\/Caldera-de-gas-vs-caldera-electrica-\u00bfcual-es-mejor.png\",\"width\":730,\"height\":624,\"caption\":\"Caldera de gas vs caldera el\u00e9ctrica: \u00bfcu\u00e1l es mejor?\"},{\"@type\":\"BreadcrumbList\",\"@id\":\"https:\/\/stacatarina.mx\/consejos\/caldera-de-gas-vs-caldera-electrica-cual-es-mejor\/#breadcrumb\",\"itemListElement\":[{\"@type\":\"ListItem\",\"position\":1,\"name\":\"Inicio\",\"item\":\"https:\/\/stacatarina.mx\/consejos\/\"},{\"@type\":\"ListItem\",\"position\":2,\"name\":\"Caldera de gas vs caldera el\u00e9ctrica: \u00bfcu\u00e1l es mejor?\"}]},{\"@type\":\"WebSite\",\"@id\":\"https:\/\/stacatarina.mx\/consejos\/#website\",\"url\":\"https:\/\/stacatarina.mx\/consejos\/\",\"name\":\"Santa Catarina\",\"description\":\"\",\"publisher\":{\"@id\":\"https:\/\/stacatarina.mx\/consejos\/#organization\"},\"potentialAction\":[{\"@type\":\"SearchAction\",\"target\":{\"@type\":\"EntryPoint\",\"urlTemplate\":\"https:\/\/stacatarina.mx\/consejos\/?s={search_term_string}\"},\"query-input\":{\"@type\":\"PropertyValueSpecification\",\"valueRequired\":true,\"valueName\":\"search_term_string\"}}],\"inLanguage\":\"es\"},{\"@type\":\"Organization\",\"@id\":\"https:\/\/stacatarina.mx\/consejos\/#organization\",\"name\":\"Santa Catarina\",\"url\":\"https:\/\/stacatarina.mx\/consejos\/\",\"logo\":{\"@type\":\"ImageObject\",\"inLanguage\":\"es\",\"@id\":\"https:\/\/stacatarina.mx\/consejos\/#\/schema\/logo\/image\/\",\"url\":\"https:\/\/stacatarina.mx\/consejos\/wp-content\/uploads\/2024\/09\/cropped-favicon-1-1.png\",\"contentUrl\":\"https:\/\/stacatarina.mx\/consejos\/wp-content\/uploads\/2024\/09\/cropped-favicon-1-1.png\",\"width\":512,\"height\":512,\"caption\":\"Santa Catarina\"},\"image\":{\"@id\":\"https:\/\/stacatarina.mx\/consejos\/#\/schema\/logo\/image\/\"},\"sameAs\":[\"https:\/\/www.facebook.com\/stacatarinagob\/\",\"https:\/\/x.com\/stacatarinagob\",\"https:\/\/www.instagram.com\/stacatarinagob\/\",\"https:\/\/www.youtube.com\/channel\/UCK-6cQJL_904665N1_nLTWw\"]},{\"@type\":\"Person\",\"@id\":\"https:\/\/stacatarina.mx\/consejos\/#\/schema\/person\/0be60adffa8e4c4d0828fdf021450e8a\",\"name\":\"Pedro Mart\u00ednez\",\"image\":{\"@type\":\"ImageObject\",\"inLanguage\":\"es\",\"@id\":\"https:\/\/stacatarina.mx\/consejos\/#\/schema\/person\/image\/\",\"url\":\"https:\/\/stacatarina.mx\/consejos\/wp-content\/uploads\/2024\/09\/stacatarina.jpg\",\"contentUrl\":\"https:\/\/stacatarina.mx\/consejos\/wp-content\/uploads\/2024\/09\/stacatarina.jpg\",\"caption\":\"Pedro Mart\u00ednez\"},\"description\":\"Hola, soy Pedro Mart\u00ednez, redactor jefe del sitio oficial del ayuntamiento de Santa Catarina, en M\u00e9xico. Con m\u00e1s de diez a\u00f1os de experiencia en el periodismo local, tengo una pasi\u00f3n por la investigaci\u00f3n y la difusi\u00f3n de informaci\u00f3n que valoriza nuestra hermosa comunidad. Mi compromiso es hacer de Santa Catarina una referencia en materia de transparencia y comunicaci\u00f3n municipal.\",\"sameAs\":[\"https:\/\/stacatarina.mx\/\"]}]}<\/script>\n<!-- \/ Yoast SEO plugin. -->","yoast_head_json":{"title":"Caldera de gas vs caldera el\u00e9ctrica: \u00bfcu\u00e1l es mejor? - Consejos - Santa Catarina","robots":{"index":"index","follow":"follow","max-snippet":"max-snippet:-1","max-image-preview":"max-image-preview:large","max-video-preview":"max-video-preview:-1"},"canonical":"https:\/\/stacatarina.mx\/consejos\/caldera-de-gas-vs-caldera-electrica-cual-es-mejor\/","og_locale":"es_MX","og_type":"article","og_title":"Caldera de gas vs caldera el\u00e9ctrica: \u00bfcu\u00e1l es mejor? - Consejos - Santa Catarina","og_description":"Las calderas el\u00e9ctricas tienen muchas ventajas que hacen que valga la pena obtener una para su hogar. Primero, no queman combustibles f\u00f3siles, por lo que","og_url":"https:\/\/stacatarina.mx\/consejos\/caldera-de-gas-vs-caldera-electrica-cual-es-mejor\/","og_site_name":"Santa Catarina","article_publisher":"https:\/\/www.facebook.com\/stacatarinagob\/","article_published_time":"2025-02-15T11:25:43+00:00","article_modified_time":"2025-02-15T11:25:44+00:00","og_image":[{"width":730,"height":624,"url":"https:\/\/stacatarina.mx\/consejos\/wp-content\/uploads\/2025\/02\/Caldera-de-gas-vs-caldera-electrica-\u00bfcual-es-mejor.png","type":"image\/png"}],"author":"Pedro Mart\u00ednez","twitter_card":"summary_large_image","twitter_creator":"@stacatarinagob","twitter_site":"@stacatarinagob","twitter_misc":{"Escrito por":"Pedro Mart\u00ednez","Tiempo de lectura":"1 minuto"},"schema":{"@context":"https:\/\/schema.org","@graph":[{"@type":"Article","@id":"https:\/\/stacatarina.mx\/consejos\/caldera-de-gas-vs-caldera-electrica-cual-es-mejor\/#article","isPartOf":{"@id":"https:\/\/stacatarina.mx\/consejos\/caldera-de-gas-vs-caldera-electrica-cual-es-mejor\/"},"author":{"name":"Pedro Mart\u00ednez","@id":"https:\/\/stacatarina.mx\/consejos\/#\/schema\/person\/0be60adffa8e4c4d0828fdf021450e8a"},"headline":"Caldera de gas vs caldera el\u00e9ctrica: \u00bfcu\u00e1l es mejor?","datePublished":"2025-02-15T11:25:43+00:00","dateModified":"2025-02-15T11:25:44+00:00","mainEntityOfPage":{"@id":"https:\/\/stacatarina.mx\/consejos\/caldera-de-gas-vs-caldera-electrica-cual-es-mejor\/"},"wordCount":199,"publisher":{"@id":"https:\/\/stacatarina.mx\/consejos\/#organization"},"image":{"@id":"https:\/\/stacatarina.mx\/consejos\/caldera-de-gas-vs-caldera-electrica-cual-es-mejor\/#primaryimage"},"thumbnailUrl":"https:\/\/stacatarina.mx\/consejos\/wp-content\/uploads\/2025\/02\/Caldera-de-gas-vs-caldera-electrica-\u00bfcual-es-mejor.png","keywords":["caldera","cu\u00e1l","el\u00e9ctrica","gas","mejor"],"articleSection":["Ambiente"],"inLanguage":"es"},{"@type":"WebPage","@id":"https:\/\/stacatarina.mx\/consejos\/caldera-de-gas-vs-caldera-electrica-cual-es-mejor\/","url":"https:\/\/stacatarina.mx\/consejos\/caldera-de-gas-vs-caldera-electrica-cual-es-mejor\/","name":"Caldera de gas vs caldera el\u00e9ctrica: \u00bfcu\u00e1l es mejor? - Consejos - Santa Catarina","isPartOf":{"@id":"https:\/\/stacatarina.mx\/consejos\/#website"},"primaryImageOfPage":{"@id":"https:\/\/stacatarina.mx\/consejos\/caldera-de-gas-vs-caldera-electrica-cual-es-mejor\/#primaryimage"},"image":{"@id":"https:\/\/stacatarina.mx\/consejos\/caldera-de-gas-vs-caldera-electrica-cual-es-mejor\/#primaryimage"},"thumbnailUrl":"https:\/\/stacatarina.mx\/consejos\/wp-content\/uploads\/2025\/02\/Caldera-de-gas-vs-caldera-electrica-\u00bfcual-es-mejor.png","datePublished":"2025-02-15T11:25:43+00:00","dateModified":"2025-02-15T11:25:44+00:00","breadcrumb":{"@id":"https:\/\/stacatarina.mx\/consejos\/caldera-de-gas-vs-caldera-electrica-cual-es-mejor\/#breadcrumb"},"inLanguage":"es","potentialAction":[{"@type":"ReadAction","target":["https:\/\/stacatarina.mx\/consejos\/caldera-de-gas-vs-caldera-electrica-cual-es-mejor\/"]}]},{"@type":"ImageObject","inLanguage":"es","@id":"https:\/\/stacatarina.mx\/consejos\/caldera-de-gas-vs-caldera-electrica-cual-es-mejor\/#primaryimage","url":"https:\/\/stacatarina.mx\/consejos\/wp-content\/uploads\/2025\/02\/Caldera-de-gas-vs-caldera-electrica-\u00bfcual-es-mejor.png","contentUrl":"https:\/\/stacatarina.mx\/consejos\/wp-content\/uploads\/2025\/02\/Caldera-de-gas-vs-caldera-electrica-\u00bfcual-es-mejor.png","width":730,"height":624,"caption":"Caldera de gas vs caldera el\u00e9ctrica: \u00bfcu\u00e1l es mejor?"},{"@type":"BreadcrumbList","@id":"https:\/\/stacatarina.mx\/consejos\/caldera-de-gas-vs-caldera-electrica-cual-es-mejor\/#breadcrumb","itemListElement":[{"@type":"ListItem","position":1,"name":"Inicio","item":"https:\/\/stacatarina.mx\/consejos\/"},{"@type":"ListItem","position":2,"name":"Caldera de gas vs caldera el\u00e9ctrica: \u00bfcu\u00e1l es mejor?"}]},{"@type":"WebSite","@id":"https:\/\/stacatarina.mx\/consejos\/#website","url":"https:\/\/stacatarina.mx\/consejos\/","name":"Santa Catarina","description":"","publisher":{"@id":"https:\/\/stacatarina.mx\/consejos\/#organization"},"potentialAction":[{"@type":"SearchAction","target":{"@type":"EntryPoint","urlTemplate":"https:\/\/stacatarina.mx\/consejos\/?s={search_term_string}"},"query-input":{"@type":"PropertyValueSpecification","valueRequired":true,"valueName":"search_term_string"}}],"inLanguage":"es"},{"@type":"Organization","@id":"https:\/\/stacatarina.mx\/consejos\/#organization","name":"Santa Catarina","url":"https:\/\/stacatarina.mx\/consejos\/","logo":{"@type":"ImageObject","inLanguage":"es","@id":"https:\/\/stacatarina.mx\/consejos\/#\/schema\/logo\/image\/","url":"https:\/\/stacatarina.mx\/consejos\/wp-content\/uploads\/2024\/09\/cropped-favicon-1-1.png","contentUrl":"https:\/\/stacatarina.mx\/consejos\/wp-content\/uploads\/2024\/09\/cropped-favicon-1-1.png","width":512,"height":512,"caption":"Santa Catarina"},"image":{"@id":"https:\/\/stacatarina.mx\/consejos\/#\/schema\/logo\/image\/"},"sameAs":["https:\/\/www.facebook.com\/stacatarinagob\/","https:\/\/x.com\/stacatarinagob","https:\/\/www.instagram.com\/stacatarinagob\/","https:\/\/www.youtube.com\/channel\/UCK-6cQJL_904665N1_nLTWw"]},{"@type":"Person","@id":"https:\/\/stacatarina.mx\/consejos\/#\/schema\/person\/0be60adffa8e4c4d0828fdf021450e8a","name":"Pedro Mart\u00ednez","image":{"@type":"ImageObject","inLanguage":"es","@id":"https:\/\/stacatarina.mx\/consejos\/#\/schema\/person\/image\/","url":"https:\/\/stacatarina.mx\/consejos\/wp-content\/uploads\/2024\/09\/stacatarina.jpg","contentUrl":"https:\/\/stacatarina.mx\/consejos\/wp-content\/uploads\/2024\/09\/stacatarina.jpg","caption":"Pedro Mart\u00ednez"},"description":"Hola, soy Pedro Mart\u00ednez, redactor jefe del sitio oficial del ayuntamiento de Santa Catarina, en M\u00e9xico. Con m\u00e1s de diez a\u00f1os de experiencia en el periodismo local, tengo una pasi\u00f3n por la investigaci\u00f3n y la difusi\u00f3n de informaci\u00f3n que valoriza nuestra hermosa comunidad. Mi compromiso es hacer de Santa Catarina una referencia en materia de transparencia y comunicaci\u00f3n municipal.","sameAs":["https:\/\/stacatarina.mx\/"]}]}},"_links":{"self":[{"href":"https:\/\/stacatarina.mx\/consejos\/wp-json\/wp\/v2\/posts\/2753"}],"collection":[{"href":"https:\/\/stacatarina.mx\/consejos\/wp-json\/wp\/v2\/posts"}],"about":[{"href":"https:\/\/stacatarina.mx\/consejos\/wp-json\/wp\/v2\/types\/post"}],"author":[{"embeddable":true,"href":"https:\/\/stacatarina.mx\/consejos\/wp-json\/wp\/v2\/users\/1"}],"replies":[{"embeddable":true,"href":"https:\/\/stacatarina.mx\/consejos\/wp-json\/wp\/v2\/comments?post=2753"}],"version-history":[{"count":1,"href":"https:\/\/stacatarina.mx\/consejos\/wp-json\/wp\/v2\/posts\/2753\/revisions"}],"predecessor-version":[{"id":2755,"href":"https:\/\/stacatarina.mx\/consejos\/wp-json\/wp\/v2\/posts\/2753\/revisions\/2755"}],"wp:featuredmedia":[{"embeddable":true,"href":"https:\/\/stacatarina.mx\/consejos\/wp-json\/wp\/v2\/media\/2754"}],"wp:attachment":[{"href":"https:\/\/stacatarina.mx\/consejos\/wp-json\/wp\/v2\/media?parent=2753"}],"wp:term":[{"taxonomy":"category","embeddable":true,"href":"https:\/\/stacatarina.mx\/consejos\/wp-json\/wp\/v2\/categories?post=2753"},{"taxonomy":"post_tag","embeddable":true,"href":"https:\/\/stacatarina.mx\/consejos\/wp-json\/wp\/v2\/tags?post=2753"}],"curies":[{"name":"wp","href":"https:\/\/api.w.org\/{rel}","templated":true}]}}