{"id":2825,"date":"2025-02-20T06:23:23","date_gmt":"2025-02-20T12:23:23","guid":{"rendered":"https:\/\/stacatarina.mx\/consejos\/abre-un-paquete-de-espinacas-congeladas-y-nos-encuentra-dentro-de-la-cabeza-de-un-mouse\/"},"modified":"2025-02-20T06:23:24","modified_gmt":"2025-02-20T12:23:24","slug":"abre-un-paquete-de-espinacas-congeladas-y-nos-encuentra-dentro-de-la-cabeza-de-un-mouse","status":"publish","type":"post","link":"https:\/\/stacatarina.mx\/consejos\/abre-un-paquete-de-espinacas-congeladas-y-nos-encuentra-dentro-de-la-cabeza-de-un-mouse\/","title":{"rendered":"Abre un paquete de espinacas congeladas y nos encuentra dentro de la cabeza de un mouse"},"content":{"rendered":"<p class=\"single-abstract\">\n<p>\t\t\t\t\t\t\t\t\t\t\t\t\t\t\t\t\tEn Budoia (Pordenone), una mujer encontr\u00f3 la cabeza de un rat\u00f3n en un paquete de espinacas congeladas. La queja de lo que sucedi\u00f3 y la investigaci\u00f3n que tendr\u00e1 que entender c\u00f3mo ha ocurrido tal contaminaci\u00f3n\t\t\t\t\t\t\t\t\t\t\t\t\t\t\t<\/p>\n<div class=\"daily-video\" style=\"display: none;\"><\/div>\n<div class=\"wrapper-player\" style=\"display: none; margin-bottom: 15px;\">\n<div id=\"daily-player\" style=\"position: relative; max-width: 100%;\" class=\"video-content\"><\/div>\n<\/p><\/div>\n<div class=\"image-wrapper featured-image no-lazy\" id=\"featured-image\"><\/div>\n<p>Hace unos d\u00edas, un <strong>Budoia, en la provincia de Pordenone,<\/strong> Mientras preparaba el almuerzo, una mujer abri\u00f3 un paquete de <strong>espinacas congeladas<\/strong> que hab\u00eda comprado en un supermercado local. En el interior, sin embargo, encontr\u00f3 algo realmente impactante: el<strong> Cabeza de un mouse!<\/strong><\/p>\n<p>Un episodio que obviamente provoc\u00f3 no solo asco sino tambi\u00e9n indignaci\u00f3n, lo que llev\u00f3 a la mujer a denunciar el hecho a las autoridades competentes.<\/p>\n<h2>El descubrimiento de choque<\/h2>\n<p>La mujer estaba preparando una comida con espinacas congeladas cuando not\u00f3 un objeto oscuro entre las verduras. Al principio, pens\u00f3 que era una pieza de espinacas mal conservada o un cubo en ruinas, pero cuando levant\u00f3 la tapa de la olla para quitar la &#8220;pieza sospechosa&#8221;, vio que flotar entre las espinacas hirviendo estaba la cabeza de un mouse .<\/p>\n<aside style=\"margin: 8px auto; text-align: center; display: block; clear: both;\">\n<div id=\"gpt-passback\">\n<\/div>\n<\/aside>\n<p>Al d\u00eda siguiente, la mujer fue al supermercado donde hab\u00eda comprado el paquete para <strong>informar el incidente<\/strong>. El gerente de la tienda, que muestra la m\u00e1xima disponibilidad, tom\u00f3 nota del n\u00famero de lote del producto y se comprometi\u00f3 a informarlo a las autoridades competentes. No completamente satisfecha, la se\u00f1ora contact\u00f3 a los Carabinieri, quien se dirigi\u00f3 a las autoridades de la salud para abrir una investigaci\u00f3n formal.<\/p>\n<p>Mientras tanto, la cadena de supermercados <strong>(de los cuales el nombre no se ha emitido, por lo tanto, no conocemos la marca de espinacas involucradas en este terrible caso) <\/strong>Ofreci\u00f3 dos nuevos paquetes de espinacas como compensaci\u00f3n, sin la necesidad de presentar el recibo (pero realmente nos parece demasiado poco, dada la gravedad de los inconvenientes).<\/p>\n<p>Entre otras cosas, la mujer dijo que ten\u00eda diferentes dificultades para comunicarse con el servicio al cliente de la cadena de supermercados. Entre los correos electr\u00f3nicos rechazados y las largas expectativas telef\u00f3nicas, tuvo que insistir en recibir una respuesta.<\/p>\n<p>Luego estaba la idea de que el resto del rat\u00f3n podr\u00eda estar en otro paquete, que ha funcionado a\u00fan m\u00e1s la dama, quien dijo:<\/p>\n<blockquote>\n<p><strong>Encontr\u00e9 mi cabeza, pero qui\u00e9n sabe d\u00f3nde termin\u00f3 el resto del cuerpo del mouse<\/strong>.<\/p>\n<\/blockquote>\n<h2>La investigaci\u00f3n<\/h2>\n<p><strong>Una serie de pruebas de lo que sucedi\u00f3 fueron las cosas en la oficina de Higiene de Alimentos. <\/strong>referencia, que se encargar\u00e1 de investigar oficialmente. Las autoridades sugirieron la intervenci\u00f3n del NAS (n\u00facleo antisofisticaci\u00f3n), competente por los delitos alimentarios, para verificar la calidad y la seguridad de los productos vendidos.<\/p>\n<p>Mientras tanto, la noticia ha despertado, como era de esperar, un gran clamor y muchos consumidores se preguntaron cu\u00e1l era la cadena de supermercados.<\/p>\n<p>Entre otras cosas, este caso no est\u00e1 aislado, no hace mucho, le hab\u00edamos contado lo que le sucedi\u00f3 a Francavilla Fontana, en la provincia de Brindisi: compre Waph en el supermercado y nos encuentra en un mouse muerto<\/p>\n<\/p>\n<aside style=\"margin: 8px auto; display: flex; justify-content: center; min-height: 251px;\">\n<div id=\"div-gpt-ad-MPU_Bottom_1\" style=\"min-width: 300px; min-height: 252px;\">\n<\/div>\n<\/aside>\n","protected":false},"excerpt":{"rendered":"<p>En Budoia (Pordenone), una mujer encontr\u00f3 la cabeza de un rat\u00f3n en un paquete de espinacas congeladas. La queja de lo que sucedi\u00f3 y la<\/p>\n","protected":false},"author":1,"featured_media":2826,"comment_status":"closed","ping_status":"","sticky":false,"template":"","format":"standard","meta":{"footnotes":""},"categories":[762],"tags":[3770,2220,1904,3368,1343,3772,3773,297,3771],"class_list":["post-2825","post","type-post","status-publish","format-standard","has-post-thumbnail","hentry","category-salud","tag-abre","tag-cabeza","tag-congeladas","tag-dentro","tag-encuentra","tag-espinacas","tag-mouse","tag-nos","tag-paquete","generate-columns","tablet-grid-50","mobile-grid-100","grid-parent","grid-50"],"yoast_head":"<!-- This site is optimized with the Yoast SEO plugin v23.4 - https:\/\/yoast.com\/wordpress\/plugins\/seo\/ -->\n<title>Abre un paquete de espinacas congeladas y nos encuentra dentro de la cabeza de un mouse - Consejos - Santa Catarina<\/title>\n<meta name=\"robots\" content=\"index, follow, max-snippet:-1, max-image-preview:large, max-video-preview:-1\" \/>\n<link rel=\"canonical\" href=\"https:\/\/stacatarina.mx\/consejos\/abre-un-paquete-de-espinacas-congeladas-y-nos-encuentra-dentro-de-la-cabeza-de-un-mouse\/\" \/>\n<meta property=\"og:locale\" content=\"es_MX\" \/>\n<meta property=\"og:type\" content=\"article\" \/>\n<meta property=\"og:title\" content=\"Abre un paquete de espinacas congeladas y nos encuentra dentro de la cabeza de un mouse - Consejos - Santa Catarina\" \/>\n<meta property=\"og:description\" content=\"En Budoia (Pordenone), una mujer encontr\u00f3 la cabeza de un rat\u00f3n en un paquete de espinacas congeladas. La queja de lo que sucedi\u00f3 y la\" \/>\n<meta property=\"og:url\" content=\"https:\/\/stacatarina.mx\/consejos\/abre-un-paquete-de-espinacas-congeladas-y-nos-encuentra-dentro-de-la-cabeza-de-un-mouse\/\" \/>\n<meta property=\"og:site_name\" content=\"Santa Catarina\" \/>\n<meta property=\"article:publisher\" content=\"https:\/\/www.facebook.com\/stacatarinagob\/\" \/>\n<meta property=\"article:published_time\" content=\"2025-02-20T12:23:23+00:00\" \/>\n<meta property=\"article:modified_time\" content=\"2025-02-20T12:23:24+00:00\" \/>\n<meta property=\"og:image\" content=\"https:\/\/stacatarina.mx\/consejos\/wp-content\/uploads\/2025\/02\/Abre-un-paquete-de-espinacas-congeladas-y-nos-encuentra-dentro.jpg\" \/>\n\t<meta property=\"og:image:width\" content=\"1500\" \/>\n\t<meta property=\"og:image:height\" content=\"1000\" \/>\n\t<meta property=\"og:image:type\" content=\"image\/jpeg\" \/>\n<meta name=\"author\" content=\"Pedro Mart\u00ednez\" \/>\n<meta name=\"twitter:card\" content=\"summary_large_image\" \/>\n<meta name=\"twitter:creator\" content=\"@stacatarinagob\" \/>\n<meta name=\"twitter:site\" content=\"@stacatarinagob\" \/>\n<meta name=\"twitter:label1\" content=\"Escrito por\" \/>\n\t<meta name=\"twitter:data1\" content=\"Pedro Mart\u00ednez\" \/>\n\t<meta name=\"twitter:label2\" content=\"Tiempo de lectura\" \/>\n\t<meta name=\"twitter:data2\" content=\"3 minutos\" \/>\n<script type=\"application\/ld+json\" class=\"yoast-schema-graph\">{\"@context\":\"https:\/\/schema.org\",\"@graph\":[{\"@type\":\"Article\",\"@id\":\"https:\/\/stacatarina.mx\/consejos\/abre-un-paquete-de-espinacas-congeladas-y-nos-encuentra-dentro-de-la-cabeza-de-un-mouse\/#article\",\"isPartOf\":{\"@id\":\"https:\/\/stacatarina.mx\/consejos\/abre-un-paquete-de-espinacas-congeladas-y-nos-encuentra-dentro-de-la-cabeza-de-un-mouse\/\"},\"author\":{\"name\":\"Pedro Mart\u00ednez\",\"@id\":\"https:\/\/stacatarina.mx\/consejos\/#\/schema\/person\/0be60adffa8e4c4d0828fdf021450e8a\"},\"headline\":\"Abre un paquete de espinacas congeladas y nos encuentra dentro de la cabeza de un mouse\",\"datePublished\":\"2025-02-20T12:23:23+00:00\",\"dateModified\":\"2025-02-20T12:23:24+00:00\",\"mainEntityOfPage\":{\"@id\":\"https:\/\/stacatarina.mx\/consejos\/abre-un-paquete-de-espinacas-congeladas-y-nos-encuentra-dentro-de-la-cabeza-de-un-mouse\/\"},\"wordCount\":526,\"publisher\":{\"@id\":\"https:\/\/stacatarina.mx\/consejos\/#organization\"},\"image\":{\"@id\":\"https:\/\/stacatarina.mx\/consejos\/abre-un-paquete-de-espinacas-congeladas-y-nos-encuentra-dentro-de-la-cabeza-de-un-mouse\/#primaryimage\"},\"thumbnailUrl\":\"https:\/\/stacatarina.mx\/consejos\/wp-content\/uploads\/2025\/02\/Abre-un-paquete-de-espinacas-congeladas-y-nos-encuentra-dentro.jpg\",\"keywords\":[\"Abre\",\"cabeza\",\"congeladas\",\"dentro\",\"encuentra\",\"espinacas\",\"mouse\",\"nos\",\"paquete\"],\"articleSection\":[\"Salud\"],\"inLanguage\":\"es\"},{\"@type\":\"WebPage\",\"@id\":\"https:\/\/stacatarina.mx\/consejos\/abre-un-paquete-de-espinacas-congeladas-y-nos-encuentra-dentro-de-la-cabeza-de-un-mouse\/\",\"url\":\"https:\/\/stacatarina.mx\/consejos\/abre-un-paquete-de-espinacas-congeladas-y-nos-encuentra-dentro-de-la-cabeza-de-un-mouse\/\",\"name\":\"Abre un paquete de espinacas congeladas y nos encuentra dentro de la cabeza de un mouse - Consejos - Santa Catarina\",\"isPartOf\":{\"@id\":\"https:\/\/stacatarina.mx\/consejos\/#website\"},\"primaryImageOfPage\":{\"@id\":\"https:\/\/stacatarina.mx\/consejos\/abre-un-paquete-de-espinacas-congeladas-y-nos-encuentra-dentro-de-la-cabeza-de-un-mouse\/#primaryimage\"},\"image\":{\"@id\":\"https:\/\/stacatarina.mx\/consejos\/abre-un-paquete-de-espinacas-congeladas-y-nos-encuentra-dentro-de-la-cabeza-de-un-mouse\/#primaryimage\"},\"thumbnailUrl\":\"https:\/\/stacatarina.mx\/consejos\/wp-content\/uploads\/2025\/02\/Abre-un-paquete-de-espinacas-congeladas-y-nos-encuentra-dentro.jpg\",\"datePublished\":\"2025-02-20T12:23:23+00:00\",\"dateModified\":\"2025-02-20T12:23:24+00:00\",\"breadcrumb\":{\"@id\":\"https:\/\/stacatarina.mx\/consejos\/abre-un-paquete-de-espinacas-congeladas-y-nos-encuentra-dentro-de-la-cabeza-de-un-mouse\/#breadcrumb\"},\"inLanguage\":\"es\",\"potentialAction\":[{\"@type\":\"ReadAction\",\"target\":[\"https:\/\/stacatarina.mx\/consejos\/abre-un-paquete-de-espinacas-congeladas-y-nos-encuentra-dentro-de-la-cabeza-de-un-mouse\/\"]}]},{\"@type\":\"ImageObject\",\"inLanguage\":\"es\",\"@id\":\"https:\/\/stacatarina.mx\/consejos\/abre-un-paquete-de-espinacas-congeladas-y-nos-encuentra-dentro-de-la-cabeza-de-un-mouse\/#primaryimage\",\"url\":\"https:\/\/stacatarina.mx\/consejos\/wp-content\/uploads\/2025\/02\/Abre-un-paquete-de-espinacas-congeladas-y-nos-encuentra-dentro.jpg\",\"contentUrl\":\"https:\/\/stacatarina.mx\/consejos\/wp-content\/uploads\/2025\/02\/Abre-un-paquete-de-espinacas-congeladas-y-nos-encuentra-dentro.jpg\",\"width\":1500,\"height\":1000,\"caption\":\"topo spinaci surgelati\"},{\"@type\":\"BreadcrumbList\",\"@id\":\"https:\/\/stacatarina.mx\/consejos\/abre-un-paquete-de-espinacas-congeladas-y-nos-encuentra-dentro-de-la-cabeza-de-un-mouse\/#breadcrumb\",\"itemListElement\":[{\"@type\":\"ListItem\",\"position\":1,\"name\":\"Inicio\",\"item\":\"https:\/\/stacatarina.mx\/consejos\/\"},{\"@type\":\"ListItem\",\"position\":2,\"name\":\"Abre un paquete de espinacas congeladas y nos encuentra dentro de la cabeza de un mouse\"}]},{\"@type\":\"WebSite\",\"@id\":\"https:\/\/stacatarina.mx\/consejos\/#website\",\"url\":\"https:\/\/stacatarina.mx\/consejos\/\",\"name\":\"Santa Catarina\",\"description\":\"\",\"publisher\":{\"@id\":\"https:\/\/stacatarina.mx\/consejos\/#organization\"},\"potentialAction\":[{\"@type\":\"SearchAction\",\"target\":{\"@type\":\"EntryPoint\",\"urlTemplate\":\"https:\/\/stacatarina.mx\/consejos\/?s={search_term_string}\"},\"query-input\":{\"@type\":\"PropertyValueSpecification\",\"valueRequired\":true,\"valueName\":\"search_term_string\"}}],\"inLanguage\":\"es\"},{\"@type\":\"Organization\",\"@id\":\"https:\/\/stacatarina.mx\/consejos\/#organization\",\"name\":\"Santa Catarina\",\"url\":\"https:\/\/stacatarina.mx\/consejos\/\",\"logo\":{\"@type\":\"ImageObject\",\"inLanguage\":\"es\",\"@id\":\"https:\/\/stacatarina.mx\/consejos\/#\/schema\/logo\/image\/\",\"url\":\"https:\/\/stacatarina.mx\/consejos\/wp-content\/uploads\/2024\/09\/cropped-favicon-1-1.png\",\"contentUrl\":\"https:\/\/stacatarina.mx\/consejos\/wp-content\/uploads\/2024\/09\/cropped-favicon-1-1.png\",\"width\":512,\"height\":512,\"caption\":\"Santa Catarina\"},\"image\":{\"@id\":\"https:\/\/stacatarina.mx\/consejos\/#\/schema\/logo\/image\/\"},\"sameAs\":[\"https:\/\/www.facebook.com\/stacatarinagob\/\",\"https:\/\/x.com\/stacatarinagob\",\"https:\/\/www.instagram.com\/stacatarinagob\/\",\"https:\/\/www.youtube.com\/channel\/UCK-6cQJL_904665N1_nLTWw\"]},{\"@type\":\"Person\",\"@id\":\"https:\/\/stacatarina.mx\/consejos\/#\/schema\/person\/0be60adffa8e4c4d0828fdf021450e8a\",\"name\":\"Pedro Mart\u00ednez\",\"image\":{\"@type\":\"ImageObject\",\"inLanguage\":\"es\",\"@id\":\"https:\/\/stacatarina.mx\/consejos\/#\/schema\/person\/image\/\",\"url\":\"https:\/\/stacatarina.mx\/consejos\/wp-content\/uploads\/2024\/09\/stacatarina.jpg\",\"contentUrl\":\"https:\/\/stacatarina.mx\/consejos\/wp-content\/uploads\/2024\/09\/stacatarina.jpg\",\"caption\":\"Pedro Mart\u00ednez\"},\"description\":\"Hola, soy Pedro Mart\u00ednez, redactor jefe del sitio oficial del ayuntamiento de Santa Catarina, en M\u00e9xico. Con m\u00e1s de diez a\u00f1os de experiencia en el periodismo local, tengo una pasi\u00f3n por la investigaci\u00f3n y la difusi\u00f3n de informaci\u00f3n que valoriza nuestra hermosa comunidad. Mi compromiso es hacer de Santa Catarina una referencia en materia de transparencia y comunicaci\u00f3n municipal.\",\"sameAs\":[\"https:\/\/stacatarina.mx\/\"]}]}<\/script>\n<!-- \/ Yoast SEO plugin. -->","yoast_head_json":{"title":"Abre un paquete de espinacas congeladas y nos encuentra dentro de la cabeza de un mouse - Consejos - Santa Catarina","robots":{"index":"index","follow":"follow","max-snippet":"max-snippet:-1","max-image-preview":"max-image-preview:large","max-video-preview":"max-video-preview:-1"},"canonical":"https:\/\/stacatarina.mx\/consejos\/abre-un-paquete-de-espinacas-congeladas-y-nos-encuentra-dentro-de-la-cabeza-de-un-mouse\/","og_locale":"es_MX","og_type":"article","og_title":"Abre un paquete de espinacas congeladas y nos encuentra dentro de la cabeza de un mouse - Consejos - Santa Catarina","og_description":"En Budoia (Pordenone), una mujer encontr\u00f3 la cabeza de un rat\u00f3n en un paquete de espinacas congeladas. La queja de lo que sucedi\u00f3 y la","og_url":"https:\/\/stacatarina.mx\/consejos\/abre-un-paquete-de-espinacas-congeladas-y-nos-encuentra-dentro-de-la-cabeza-de-un-mouse\/","og_site_name":"Santa Catarina","article_publisher":"https:\/\/www.facebook.com\/stacatarinagob\/","article_published_time":"2025-02-20T12:23:23+00:00","article_modified_time":"2025-02-20T12:23:24+00:00","og_image":[{"width":1500,"height":1000,"url":"https:\/\/stacatarina.mx\/consejos\/wp-content\/uploads\/2025\/02\/Abre-un-paquete-de-espinacas-congeladas-y-nos-encuentra-dentro.jpg","type":"image\/jpeg"}],"author":"Pedro Mart\u00ednez","twitter_card":"summary_large_image","twitter_creator":"@stacatarinagob","twitter_site":"@stacatarinagob","twitter_misc":{"Escrito por":"Pedro Mart\u00ednez","Tiempo de lectura":"3 minutos"},"schema":{"@context":"https:\/\/schema.org","@graph":[{"@type":"Article","@id":"https:\/\/stacatarina.mx\/consejos\/abre-un-paquete-de-espinacas-congeladas-y-nos-encuentra-dentro-de-la-cabeza-de-un-mouse\/#article","isPartOf":{"@id":"https:\/\/stacatarina.mx\/consejos\/abre-un-paquete-de-espinacas-congeladas-y-nos-encuentra-dentro-de-la-cabeza-de-un-mouse\/"},"author":{"name":"Pedro Mart\u00ednez","@id":"https:\/\/stacatarina.mx\/consejos\/#\/schema\/person\/0be60adffa8e4c4d0828fdf021450e8a"},"headline":"Abre un paquete de espinacas congeladas y nos encuentra dentro de la cabeza de un mouse","datePublished":"2025-02-20T12:23:23+00:00","dateModified":"2025-02-20T12:23:24+00:00","mainEntityOfPage":{"@id":"https:\/\/stacatarina.mx\/consejos\/abre-un-paquete-de-espinacas-congeladas-y-nos-encuentra-dentro-de-la-cabeza-de-un-mouse\/"},"wordCount":526,"publisher":{"@id":"https:\/\/stacatarina.mx\/consejos\/#organization"},"image":{"@id":"https:\/\/stacatarina.mx\/consejos\/abre-un-paquete-de-espinacas-congeladas-y-nos-encuentra-dentro-de-la-cabeza-de-un-mouse\/#primaryimage"},"thumbnailUrl":"https:\/\/stacatarina.mx\/consejos\/wp-content\/uploads\/2025\/02\/Abre-un-paquete-de-espinacas-congeladas-y-nos-encuentra-dentro.jpg","keywords":["Abre","cabeza","congeladas","dentro","encuentra","espinacas","mouse","nos","paquete"],"articleSection":["Salud"],"inLanguage":"es"},{"@type":"WebPage","@id":"https:\/\/stacatarina.mx\/consejos\/abre-un-paquete-de-espinacas-congeladas-y-nos-encuentra-dentro-de-la-cabeza-de-un-mouse\/","url":"https:\/\/stacatarina.mx\/consejos\/abre-un-paquete-de-espinacas-congeladas-y-nos-encuentra-dentro-de-la-cabeza-de-un-mouse\/","name":"Abre un paquete de espinacas congeladas y nos encuentra dentro de la cabeza de un mouse - Consejos - Santa Catarina","isPartOf":{"@id":"https:\/\/stacatarina.mx\/consejos\/#website"},"primaryImageOfPage":{"@id":"https:\/\/stacatarina.mx\/consejos\/abre-un-paquete-de-espinacas-congeladas-y-nos-encuentra-dentro-de-la-cabeza-de-un-mouse\/#primaryimage"},"image":{"@id":"https:\/\/stacatarina.mx\/consejos\/abre-un-paquete-de-espinacas-congeladas-y-nos-encuentra-dentro-de-la-cabeza-de-un-mouse\/#primaryimage"},"thumbnailUrl":"https:\/\/stacatarina.mx\/consejos\/wp-content\/uploads\/2025\/02\/Abre-un-paquete-de-espinacas-congeladas-y-nos-encuentra-dentro.jpg","datePublished":"2025-02-20T12:23:23+00:00","dateModified":"2025-02-20T12:23:24+00:00","breadcrumb":{"@id":"https:\/\/stacatarina.mx\/consejos\/abre-un-paquete-de-espinacas-congeladas-y-nos-encuentra-dentro-de-la-cabeza-de-un-mouse\/#breadcrumb"},"inLanguage":"es","potentialAction":[{"@type":"ReadAction","target":["https:\/\/stacatarina.mx\/consejos\/abre-un-paquete-de-espinacas-congeladas-y-nos-encuentra-dentro-de-la-cabeza-de-un-mouse\/"]}]},{"@type":"ImageObject","inLanguage":"es","@id":"https:\/\/stacatarina.mx\/consejos\/abre-un-paquete-de-espinacas-congeladas-y-nos-encuentra-dentro-de-la-cabeza-de-un-mouse\/#primaryimage","url":"https:\/\/stacatarina.mx\/consejos\/wp-content\/uploads\/2025\/02\/Abre-un-paquete-de-espinacas-congeladas-y-nos-encuentra-dentro.jpg","contentUrl":"https:\/\/stacatarina.mx\/consejos\/wp-content\/uploads\/2025\/02\/Abre-un-paquete-de-espinacas-congeladas-y-nos-encuentra-dentro.jpg","width":1500,"height":1000,"caption":"topo spinaci surgelati"},{"@type":"BreadcrumbList","@id":"https:\/\/stacatarina.mx\/consejos\/abre-un-paquete-de-espinacas-congeladas-y-nos-encuentra-dentro-de-la-cabeza-de-un-mouse\/#breadcrumb","itemListElement":[{"@type":"ListItem","position":1,"name":"Inicio","item":"https:\/\/stacatarina.mx\/consejos\/"},{"@type":"ListItem","position":2,"name":"Abre un paquete de espinacas congeladas y nos encuentra dentro de la cabeza de un mouse"}]},{"@type":"WebSite","@id":"https:\/\/stacatarina.mx\/consejos\/#website","url":"https:\/\/stacatarina.mx\/consejos\/","name":"Santa Catarina","description":"","publisher":{"@id":"https:\/\/stacatarina.mx\/consejos\/#organization"},"potentialAction":[{"@type":"SearchAction","target":{"@type":"EntryPoint","urlTemplate":"https:\/\/stacatarina.mx\/consejos\/?s={search_term_string}"},"query-input":{"@type":"PropertyValueSpecification","valueRequired":true,"valueName":"search_term_string"}}],"inLanguage":"es"},{"@type":"Organization","@id":"https:\/\/stacatarina.mx\/consejos\/#organization","name":"Santa Catarina","url":"https:\/\/stacatarina.mx\/consejos\/","logo":{"@type":"ImageObject","inLanguage":"es","@id":"https:\/\/stacatarina.mx\/consejos\/#\/schema\/logo\/image\/","url":"https:\/\/stacatarina.mx\/consejos\/wp-content\/uploads\/2024\/09\/cropped-favicon-1-1.png","contentUrl":"https:\/\/stacatarina.mx\/consejos\/wp-content\/uploads\/2024\/09\/cropped-favicon-1-1.png","width":512,"height":512,"caption":"Santa Catarina"},"image":{"@id":"https:\/\/stacatarina.mx\/consejos\/#\/schema\/logo\/image\/"},"sameAs":["https:\/\/www.facebook.com\/stacatarinagob\/","https:\/\/x.com\/stacatarinagob","https:\/\/www.instagram.com\/stacatarinagob\/","https:\/\/www.youtube.com\/channel\/UCK-6cQJL_904665N1_nLTWw"]},{"@type":"Person","@id":"https:\/\/stacatarina.mx\/consejos\/#\/schema\/person\/0be60adffa8e4c4d0828fdf021450e8a","name":"Pedro Mart\u00ednez","image":{"@type":"ImageObject","inLanguage":"es","@id":"https:\/\/stacatarina.mx\/consejos\/#\/schema\/person\/image\/","url":"https:\/\/stacatarina.mx\/consejos\/wp-content\/uploads\/2024\/09\/stacatarina.jpg","contentUrl":"https:\/\/stacatarina.mx\/consejos\/wp-content\/uploads\/2024\/09\/stacatarina.jpg","caption":"Pedro Mart\u00ednez"},"description":"Hola, soy Pedro Mart\u00ednez, redactor jefe del sitio oficial del ayuntamiento de Santa Catarina, en M\u00e9xico. Con m\u00e1s de diez a\u00f1os de experiencia en el periodismo local, tengo una pasi\u00f3n por la investigaci\u00f3n y la difusi\u00f3n de informaci\u00f3n que valoriza nuestra hermosa comunidad. Mi compromiso es hacer de Santa Catarina una referencia en materia de transparencia y comunicaci\u00f3n municipal.","sameAs":["https:\/\/stacatarina.mx\/"]}]}},"_links":{"self":[{"href":"https:\/\/stacatarina.mx\/consejos\/wp-json\/wp\/v2\/posts\/2825"}],"collection":[{"href":"https:\/\/stacatarina.mx\/consejos\/wp-json\/wp\/v2\/posts"}],"about":[{"href":"https:\/\/stacatarina.mx\/consejos\/wp-json\/wp\/v2\/types\/post"}],"author":[{"embeddable":true,"href":"https:\/\/stacatarina.mx\/consejos\/wp-json\/wp\/v2\/users\/1"}],"replies":[{"embeddable":true,"href":"https:\/\/stacatarina.mx\/consejos\/wp-json\/wp\/v2\/comments?post=2825"}],"version-history":[{"count":1,"href":"https:\/\/stacatarina.mx\/consejos\/wp-json\/wp\/v2\/posts\/2825\/revisions"}],"predecessor-version":[{"id":2827,"href":"https:\/\/stacatarina.mx\/consejos\/wp-json\/wp\/v2\/posts\/2825\/revisions\/2827"}],"wp:featuredmedia":[{"embeddable":true,"href":"https:\/\/stacatarina.mx\/consejos\/wp-json\/wp\/v2\/media\/2826"}],"wp:attachment":[{"href":"https:\/\/stacatarina.mx\/consejos\/wp-json\/wp\/v2\/media?parent=2825"}],"wp:term":[{"taxonomy":"category","embeddable":true,"href":"https:\/\/stacatarina.mx\/consejos\/wp-json\/wp\/v2\/categories?post=2825"},{"taxonomy":"post_tag","embeddable":true,"href":"https:\/\/stacatarina.mx\/consejos\/wp-json\/wp\/v2\/tags?post=2825"}],"curies":[{"name":"wp","href":"https:\/\/api.w.org\/{rel}","templated":true}]}}