{"id":2828,"date":"2025-02-20T10:23:04","date_gmt":"2025-02-20T16:23:04","guid":{"rendered":"https:\/\/stacatarina.mx\/consejos\/el-futuro-de-la-energia-geotermica\/"},"modified":"2025-02-20T10:23:05","modified_gmt":"2025-02-20T16:23:05","slug":"el-futuro-de-la-energia-geotermica","status":"publish","type":"post","link":"https:\/\/stacatarina.mx\/consejos\/el-futuro-de-la-energia-geotermica\/","title":{"rendered":"El futuro de la energ\u00eda geot\u00e9rmica"},"content":{"rendered":"<div style=\"\" data-v-30804b50=\"\"><!--(--><\/p>\n<h2>Energ\u00eda geot\u00e9rmica hoy<\/h2>\n<div class=\"wordpress-paragraph\" style=\"--25ab227a:left;\" data-v-c0f9f52b=\"\">\n<p>Energ\u00eda geot\u00e9rmica: a veces nombra una de las fuentes m\u00e1s democr\u00e1ticas de energ\u00eda renovable, ya que est\u00e1 presente en todo el mundo justo debajo de la superficie de la tierra. El calor desde adentro se crea parcialmente por el calor del n\u00facleo de la Tierra, pero principalmente a trav\u00e9s de la descomposici\u00f3n de los materiales radiactivos en el suelo.<\/p>\n<\/div>\n<div class=\"wordpress-paragraph\" style=\"--25ab227a:left;\" data-v-c0f9f52b=\"\">\n<p>Las bombas y sistemas de calor geot\u00e9rmico actuales generalmente alcanzan una profundidad de alrededor de 120 metros, donde las temperaturas son constantes y no se ven afectadas por las condiciones clim\u00e1ticas arriba. Se bombea agua fr\u00eda, sale agua tibia. Al final, tiene la energ\u00eda para calentar en casas y complejos industriales, electricidad, agua calentada.<\/p>\n<\/div>\n<h2>Pero, \u00bfy si vas m\u00e1s profundo?<\/h2>\n<div class=\"wordpress-paragraph\" style=\"--25ab227a:left;\" data-v-c0f9f52b=\"\">\n<p>Un equipo de investigaci\u00f3n que combina cient\u00edficos de diferentes universidades y laboratorios de investigaci\u00f3n en Noruega tiene la intenci\u00f3n de ir mucho m\u00e1s all\u00e1 de esos 120 metros. Planean 5,000 metros, 10,000 metros e incluso m\u00e1s profundos.<\/p>\n<\/div>\n<div class=\"wordpress-paragraph\" style=\"--25ab227a:left;\" data-v-c0f9f52b=\"\">\n<p>La raz\u00f3n de esto es que las temperaturas a esas profundidades son mucho m\u00e1s altas, por lo tanto, m\u00e1s \u00fatiles para un sistema de energ\u00eda geot\u00e9rmica. A 5,000 metros, uno puede esperar 90 \u00b0 C (194 \u00b0 F). Estas temperaturas podr\u00edan usarse para calentar el agua en un ciclo para la producci\u00f3n de energ\u00eda, calefacci\u00f3n directa, etc.<\/p>\n<\/div>\n<h2>\u00a1Incluso m\u00e1s caliente!<\/h2>\n<div class=\"wordpress-paragraph\" style=\"--25ab227a:left;\" data-v-c0f9f52b=\"\">\n<p>Tambi\u00e9n es posible profundizar a\u00fan m\u00e1s, pero aqu\u00ed es donde comienzan los problemas. Al alcanzar profundidades de hasta 10,000 metros, la combinaci\u00f3n de calor y presi\u00f3n se vuelve cada vez m\u00e1s intensa. Por lo menos, se alcanzar\u00e1n 370 \u00b0 C (698 \u00b0 F), convirtiendo la roca en formas m\u00e1s suaves, aplastando grietas y grietas naturales. Los metales, la electr\u00f3nica y otros dispositivos tambi\u00e9n sufren mucho o simplemente dejan de trabajar cuando se llevan a estas temperaturas extremas.<\/p>\n<\/div>\n<div class=\"wordpress-paragraph\" style=\"--25ab227a:left;\" data-v-c0f9f52b=\"\">\n<p>Aunque estos problemas hacen que parezca dif\u00edcil, los cient\u00edficos noruegos creen tener la soluci\u00f3n correcta. Su ventaja es el conocimiento y la experiencia recolectados a lo largo de los a\u00f1os por la industria petrolera noruega. Como la geolog\u00eda debajo de Noruega es bastante dif\u00edcil, el progreso t\u00e9cnico en los \u00faltimos 10 a\u00f1os ha sido muy grande.<br \/>Las compa\u00f1\u00edas petroleras ya est\u00e1n probando m\u00e9todos para perforar y trabajar a profundidades de 10,000 a 12,000 metros y los cient\u00edficos esperan obtener nuevas ideas y m\u00e9todos para sus bombas de calor geot\u00e9rmica a trav\u00e9s de estas exploraciones. Hasta el momento, ha favorecido un sistema de circuito cerrado (que incorpora un refrigerante que se env\u00eda a trav\u00e9s de una tuber\u00eda a la tierra, que luego volver\u00e1 a ser calentada).<\/p>\n<\/div>\n<h2>\u00bfNos alcanzar\u00e1 esta energ\u00eda en nuestra vida?<\/h2>\n<div class=\"wordpress-paragraph\" style=\"--25ab227a:left;\" data-v-c0f9f52b=\"\">\n<p>Aunque alcanzar tales profundidades de perforaci\u00f3n puede sonar como algo lejos en el futuro, est\u00e1n recibiendo un inter\u00e9s creciente, ya que se cree que brindan a los pa\u00edses la oportunidad de ser en\u00e9rgicamente independientes y limpios. Adem\u00e1s, teniendo en cuenta que la industria petrolera va a profundidades similares para extraer cada gota de combustible f\u00f3sil, no deber\u00eda ser una gran molestia para obtener la misma profundidad para recibir energ\u00eda de forma gratuita. Con suerte, solo ser\u00e1 cuesti\u00f3n de tiempo hasta que todos recibamos nuestra energ\u00eda de alguna fuente renovable, posiblemente calefacci\u00f3n geot\u00e9rmica.<\/p>\n<\/div>\n<p><!--)--><\/div>\n","protected":false},"excerpt":{"rendered":"<p>Energ\u00eda geot\u00e9rmica hoy Energ\u00eda geot\u00e9rmica: a veces nombra una de las fuentes m\u00e1s democr\u00e1ticas de energ\u00eda renovable, ya que est\u00e1 presente en todo el mundo<\/p>\n","protected":false},"author":1,"featured_media":2829,"comment_status":"closed","ping_status":"","sticky":false,"template":"","format":"standard","meta":{"footnotes":""},"categories":[4],"tags":[457,1133,467],"class_list":["post-2828","post","type-post","status-publish","format-standard","has-post-thumbnail","hentry","category-ambiente","tag-energia","tag-futuro","tag-geotermica","generate-columns","tablet-grid-50","mobile-grid-100","grid-parent","grid-50"],"yoast_head":"<!-- This site is optimized with the Yoast SEO plugin v23.4 - https:\/\/yoast.com\/wordpress\/plugins\/seo\/ -->\n<title>El futuro de la energ\u00eda geot\u00e9rmica - Consejos - Santa Catarina<\/title>\n<meta name=\"robots\" content=\"index, follow, max-snippet:-1, max-image-preview:large, max-video-preview:-1\" \/>\n<link rel=\"canonical\" href=\"https:\/\/stacatarina.mx\/consejos\/el-futuro-de-la-energia-geotermica\/\" \/>\n<meta property=\"og:locale\" content=\"es_MX\" \/>\n<meta property=\"og:type\" content=\"article\" \/>\n<meta property=\"og:title\" content=\"El futuro de la energ\u00eda geot\u00e9rmica - Consejos - Santa Catarina\" \/>\n<meta property=\"og:description\" content=\"Energ\u00eda geot\u00e9rmica hoy Energ\u00eda geot\u00e9rmica: a veces nombra una de las fuentes m\u00e1s democr\u00e1ticas de energ\u00eda renovable, ya que est\u00e1 presente en todo el mundo\" \/>\n<meta property=\"og:url\" content=\"https:\/\/stacatarina.mx\/consejos\/el-futuro-de-la-energia-geotermica\/\" \/>\n<meta property=\"og:site_name\" content=\"Santa Catarina\" \/>\n<meta property=\"article:publisher\" content=\"https:\/\/www.facebook.com\/stacatarinagob\/\" \/>\n<meta property=\"article:published_time\" content=\"2025-02-20T16:23:04+00:00\" \/>\n<meta property=\"article:modified_time\" content=\"2025-02-20T16:23:05+00:00\" \/>\n<meta property=\"og:image\" content=\"https:\/\/stacatarina.mx\/consejos\/wp-content\/uploads\/2025\/02\/El-futuro-de-la-energia-geotermica.jpg\" \/>\n\t<meta property=\"og:image:width\" content=\"1000\" \/>\n\t<meta property=\"og:image:height\" content=\"750\" \/>\n\t<meta property=\"og:image:type\" content=\"image\/jpeg\" \/>\n<meta name=\"author\" content=\"Pedro Mart\u00ednez\" \/>\n<meta name=\"twitter:card\" content=\"summary_large_image\" \/>\n<meta name=\"twitter:creator\" content=\"@stacatarinagob\" \/>\n<meta name=\"twitter:site\" content=\"@stacatarinagob\" \/>\n<meta name=\"twitter:label1\" content=\"Escrito por\" \/>\n\t<meta name=\"twitter:data1\" content=\"Pedro Mart\u00ednez\" \/>\n\t<meta name=\"twitter:label2\" content=\"Tiempo de lectura\" \/>\n\t<meta name=\"twitter:data2\" content=\"3 minutos\" \/>\n<script type=\"application\/ld+json\" class=\"yoast-schema-graph\">{\"@context\":\"https:\/\/schema.org\",\"@graph\":[{\"@type\":\"Article\",\"@id\":\"https:\/\/stacatarina.mx\/consejos\/el-futuro-de-la-energia-geotermica\/#article\",\"isPartOf\":{\"@id\":\"https:\/\/stacatarina.mx\/consejos\/el-futuro-de-la-energia-geotermica\/\"},\"author\":{\"name\":\"Pedro Mart\u00ednez\",\"@id\":\"https:\/\/stacatarina.mx\/consejos\/#\/schema\/person\/0be60adffa8e4c4d0828fdf021450e8a\"},\"headline\":\"El futuro de la energ\u00eda geot\u00e9rmica\",\"datePublished\":\"2025-02-20T16:23:04+00:00\",\"dateModified\":\"2025-02-20T16:23:05+00:00\",\"mainEntityOfPage\":{\"@id\":\"https:\/\/stacatarina.mx\/consejos\/el-futuro-de-la-energia-geotermica\/\"},\"wordCount\":584,\"publisher\":{\"@id\":\"https:\/\/stacatarina.mx\/consejos\/#organization\"},\"image\":{\"@id\":\"https:\/\/stacatarina.mx\/consejos\/el-futuro-de-la-energia-geotermica\/#primaryimage\"},\"thumbnailUrl\":\"https:\/\/stacatarina.mx\/consejos\/wp-content\/uploads\/2025\/02\/El-futuro-de-la-energia-geotermica.jpg\",\"keywords\":[\"Energ\u00eda\",\"futuro\",\"geot\u00e9rmica\"],\"articleSection\":[\"Ambiente\"],\"inLanguage\":\"es\"},{\"@type\":\"WebPage\",\"@id\":\"https:\/\/stacatarina.mx\/consejos\/el-futuro-de-la-energia-geotermica\/\",\"url\":\"https:\/\/stacatarina.mx\/consejos\/el-futuro-de-la-energia-geotermica\/\",\"name\":\"El futuro de la energ\u00eda geot\u00e9rmica - Consejos - Santa Catarina\",\"isPartOf\":{\"@id\":\"https:\/\/stacatarina.mx\/consejos\/#website\"},\"primaryImageOfPage\":{\"@id\":\"https:\/\/stacatarina.mx\/consejos\/el-futuro-de-la-energia-geotermica\/#primaryimage\"},\"image\":{\"@id\":\"https:\/\/stacatarina.mx\/consejos\/el-futuro-de-la-energia-geotermica\/#primaryimage\"},\"thumbnailUrl\":\"https:\/\/stacatarina.mx\/consejos\/wp-content\/uploads\/2025\/02\/El-futuro-de-la-energia-geotermica.jpg\",\"datePublished\":\"2025-02-20T16:23:04+00:00\",\"dateModified\":\"2025-02-20T16:23:05+00:00\",\"breadcrumb\":{\"@id\":\"https:\/\/stacatarina.mx\/consejos\/el-futuro-de-la-energia-geotermica\/#breadcrumb\"},\"inLanguage\":\"es\",\"potentialAction\":[{\"@type\":\"ReadAction\",\"target\":[\"https:\/\/stacatarina.mx\/consejos\/el-futuro-de-la-energia-geotermica\/\"]}]},{\"@type\":\"ImageObject\",\"inLanguage\":\"es\",\"@id\":\"https:\/\/stacatarina.mx\/consejos\/el-futuro-de-la-energia-geotermica\/#primaryimage\",\"url\":\"https:\/\/stacatarina.mx\/consejos\/wp-content\/uploads\/2025\/02\/El-futuro-de-la-energia-geotermica.jpg\",\"contentUrl\":\"https:\/\/stacatarina.mx\/consejos\/wp-content\/uploads\/2025\/02\/El-futuro-de-la-energia-geotermica.jpg\",\"width\":1000,\"height\":750,\"caption\":\"El futuro de la energ\u00eda geot\u00e9rmica\"},{\"@type\":\"BreadcrumbList\",\"@id\":\"https:\/\/stacatarina.mx\/consejos\/el-futuro-de-la-energia-geotermica\/#breadcrumb\",\"itemListElement\":[{\"@type\":\"ListItem\",\"position\":1,\"name\":\"Inicio\",\"item\":\"https:\/\/stacatarina.mx\/consejos\/\"},{\"@type\":\"ListItem\",\"position\":2,\"name\":\"El futuro de la energ\u00eda geot\u00e9rmica\"}]},{\"@type\":\"WebSite\",\"@id\":\"https:\/\/stacatarina.mx\/consejos\/#website\",\"url\":\"https:\/\/stacatarina.mx\/consejos\/\",\"name\":\"Santa Catarina\",\"description\":\"\",\"publisher\":{\"@id\":\"https:\/\/stacatarina.mx\/consejos\/#organization\"},\"potentialAction\":[{\"@type\":\"SearchAction\",\"target\":{\"@type\":\"EntryPoint\",\"urlTemplate\":\"https:\/\/stacatarina.mx\/consejos\/?s={search_term_string}\"},\"query-input\":{\"@type\":\"PropertyValueSpecification\",\"valueRequired\":true,\"valueName\":\"search_term_string\"}}],\"inLanguage\":\"es\"},{\"@type\":\"Organization\",\"@id\":\"https:\/\/stacatarina.mx\/consejos\/#organization\",\"name\":\"Santa Catarina\",\"url\":\"https:\/\/stacatarina.mx\/consejos\/\",\"logo\":{\"@type\":\"ImageObject\",\"inLanguage\":\"es\",\"@id\":\"https:\/\/stacatarina.mx\/consejos\/#\/schema\/logo\/image\/\",\"url\":\"https:\/\/stacatarina.mx\/consejos\/wp-content\/uploads\/2024\/09\/cropped-favicon-1-1.png\",\"contentUrl\":\"https:\/\/stacatarina.mx\/consejos\/wp-content\/uploads\/2024\/09\/cropped-favicon-1-1.png\",\"width\":512,\"height\":512,\"caption\":\"Santa Catarina\"},\"image\":{\"@id\":\"https:\/\/stacatarina.mx\/consejos\/#\/schema\/logo\/image\/\"},\"sameAs\":[\"https:\/\/www.facebook.com\/stacatarinagob\/\",\"https:\/\/x.com\/stacatarinagob\",\"https:\/\/www.instagram.com\/stacatarinagob\/\",\"https:\/\/www.youtube.com\/channel\/UCK-6cQJL_904665N1_nLTWw\"]},{\"@type\":\"Person\",\"@id\":\"https:\/\/stacatarina.mx\/consejos\/#\/schema\/person\/0be60adffa8e4c4d0828fdf021450e8a\",\"name\":\"Pedro Mart\u00ednez\",\"image\":{\"@type\":\"ImageObject\",\"inLanguage\":\"es\",\"@id\":\"https:\/\/stacatarina.mx\/consejos\/#\/schema\/person\/image\/\",\"url\":\"https:\/\/stacatarina.mx\/consejos\/wp-content\/uploads\/2024\/09\/stacatarina.jpg\",\"contentUrl\":\"https:\/\/stacatarina.mx\/consejos\/wp-content\/uploads\/2024\/09\/stacatarina.jpg\",\"caption\":\"Pedro Mart\u00ednez\"},\"description\":\"Hola, soy Pedro Mart\u00ednez, redactor jefe del sitio oficial del ayuntamiento de Santa Catarina, en M\u00e9xico. Con m\u00e1s de diez a\u00f1os de experiencia en el periodismo local, tengo una pasi\u00f3n por la investigaci\u00f3n y la difusi\u00f3n de informaci\u00f3n que valoriza nuestra hermosa comunidad. Mi compromiso es hacer de Santa Catarina una referencia en materia de transparencia y comunicaci\u00f3n municipal.\",\"sameAs\":[\"https:\/\/stacatarina.mx\/\"]}]}<\/script>\n<!-- \/ Yoast SEO plugin. -->","yoast_head_json":{"title":"El futuro de la energ\u00eda geot\u00e9rmica - Consejos - Santa Catarina","robots":{"index":"index","follow":"follow","max-snippet":"max-snippet:-1","max-image-preview":"max-image-preview:large","max-video-preview":"max-video-preview:-1"},"canonical":"https:\/\/stacatarina.mx\/consejos\/el-futuro-de-la-energia-geotermica\/","og_locale":"es_MX","og_type":"article","og_title":"El futuro de la energ\u00eda geot\u00e9rmica - Consejos - Santa Catarina","og_description":"Energ\u00eda geot\u00e9rmica hoy Energ\u00eda geot\u00e9rmica: a veces nombra una de las fuentes m\u00e1s democr\u00e1ticas de energ\u00eda renovable, ya que est\u00e1 presente en todo el mundo","og_url":"https:\/\/stacatarina.mx\/consejos\/el-futuro-de-la-energia-geotermica\/","og_site_name":"Santa Catarina","article_publisher":"https:\/\/www.facebook.com\/stacatarinagob\/","article_published_time":"2025-02-20T16:23:04+00:00","article_modified_time":"2025-02-20T16:23:05+00:00","og_image":[{"width":1000,"height":750,"url":"https:\/\/stacatarina.mx\/consejos\/wp-content\/uploads\/2025\/02\/El-futuro-de-la-energia-geotermica.jpg","type":"image\/jpeg"}],"author":"Pedro Mart\u00ednez","twitter_card":"summary_large_image","twitter_creator":"@stacatarinagob","twitter_site":"@stacatarinagob","twitter_misc":{"Escrito por":"Pedro Mart\u00ednez","Tiempo de lectura":"3 minutos"},"schema":{"@context":"https:\/\/schema.org","@graph":[{"@type":"Article","@id":"https:\/\/stacatarina.mx\/consejos\/el-futuro-de-la-energia-geotermica\/#article","isPartOf":{"@id":"https:\/\/stacatarina.mx\/consejos\/el-futuro-de-la-energia-geotermica\/"},"author":{"name":"Pedro Mart\u00ednez","@id":"https:\/\/stacatarina.mx\/consejos\/#\/schema\/person\/0be60adffa8e4c4d0828fdf021450e8a"},"headline":"El futuro de la energ\u00eda geot\u00e9rmica","datePublished":"2025-02-20T16:23:04+00:00","dateModified":"2025-02-20T16:23:05+00:00","mainEntityOfPage":{"@id":"https:\/\/stacatarina.mx\/consejos\/el-futuro-de-la-energia-geotermica\/"},"wordCount":584,"publisher":{"@id":"https:\/\/stacatarina.mx\/consejos\/#organization"},"image":{"@id":"https:\/\/stacatarina.mx\/consejos\/el-futuro-de-la-energia-geotermica\/#primaryimage"},"thumbnailUrl":"https:\/\/stacatarina.mx\/consejos\/wp-content\/uploads\/2025\/02\/El-futuro-de-la-energia-geotermica.jpg","keywords":["Energ\u00eda","futuro","geot\u00e9rmica"],"articleSection":["Ambiente"],"inLanguage":"es"},{"@type":"WebPage","@id":"https:\/\/stacatarina.mx\/consejos\/el-futuro-de-la-energia-geotermica\/","url":"https:\/\/stacatarina.mx\/consejos\/el-futuro-de-la-energia-geotermica\/","name":"El futuro de la energ\u00eda geot\u00e9rmica - Consejos - Santa Catarina","isPartOf":{"@id":"https:\/\/stacatarina.mx\/consejos\/#website"},"primaryImageOfPage":{"@id":"https:\/\/stacatarina.mx\/consejos\/el-futuro-de-la-energia-geotermica\/#primaryimage"},"image":{"@id":"https:\/\/stacatarina.mx\/consejos\/el-futuro-de-la-energia-geotermica\/#primaryimage"},"thumbnailUrl":"https:\/\/stacatarina.mx\/consejos\/wp-content\/uploads\/2025\/02\/El-futuro-de-la-energia-geotermica.jpg","datePublished":"2025-02-20T16:23:04+00:00","dateModified":"2025-02-20T16:23:05+00:00","breadcrumb":{"@id":"https:\/\/stacatarina.mx\/consejos\/el-futuro-de-la-energia-geotermica\/#breadcrumb"},"inLanguage":"es","potentialAction":[{"@type":"ReadAction","target":["https:\/\/stacatarina.mx\/consejos\/el-futuro-de-la-energia-geotermica\/"]}]},{"@type":"ImageObject","inLanguage":"es","@id":"https:\/\/stacatarina.mx\/consejos\/el-futuro-de-la-energia-geotermica\/#primaryimage","url":"https:\/\/stacatarina.mx\/consejos\/wp-content\/uploads\/2025\/02\/El-futuro-de-la-energia-geotermica.jpg","contentUrl":"https:\/\/stacatarina.mx\/consejos\/wp-content\/uploads\/2025\/02\/El-futuro-de-la-energia-geotermica.jpg","width":1000,"height":750,"caption":"El futuro de la energ\u00eda geot\u00e9rmica"},{"@type":"BreadcrumbList","@id":"https:\/\/stacatarina.mx\/consejos\/el-futuro-de-la-energia-geotermica\/#breadcrumb","itemListElement":[{"@type":"ListItem","position":1,"name":"Inicio","item":"https:\/\/stacatarina.mx\/consejos\/"},{"@type":"ListItem","position":2,"name":"El futuro de la energ\u00eda geot\u00e9rmica"}]},{"@type":"WebSite","@id":"https:\/\/stacatarina.mx\/consejos\/#website","url":"https:\/\/stacatarina.mx\/consejos\/","name":"Santa Catarina","description":"","publisher":{"@id":"https:\/\/stacatarina.mx\/consejos\/#organization"},"potentialAction":[{"@type":"SearchAction","target":{"@type":"EntryPoint","urlTemplate":"https:\/\/stacatarina.mx\/consejos\/?s={search_term_string}"},"query-input":{"@type":"PropertyValueSpecification","valueRequired":true,"valueName":"search_term_string"}}],"inLanguage":"es"},{"@type":"Organization","@id":"https:\/\/stacatarina.mx\/consejos\/#organization","name":"Santa Catarina","url":"https:\/\/stacatarina.mx\/consejos\/","logo":{"@type":"ImageObject","inLanguage":"es","@id":"https:\/\/stacatarina.mx\/consejos\/#\/schema\/logo\/image\/","url":"https:\/\/stacatarina.mx\/consejos\/wp-content\/uploads\/2024\/09\/cropped-favicon-1-1.png","contentUrl":"https:\/\/stacatarina.mx\/consejos\/wp-content\/uploads\/2024\/09\/cropped-favicon-1-1.png","width":512,"height":512,"caption":"Santa Catarina"},"image":{"@id":"https:\/\/stacatarina.mx\/consejos\/#\/schema\/logo\/image\/"},"sameAs":["https:\/\/www.facebook.com\/stacatarinagob\/","https:\/\/x.com\/stacatarinagob","https:\/\/www.instagram.com\/stacatarinagob\/","https:\/\/www.youtube.com\/channel\/UCK-6cQJL_904665N1_nLTWw"]},{"@type":"Person","@id":"https:\/\/stacatarina.mx\/consejos\/#\/schema\/person\/0be60adffa8e4c4d0828fdf021450e8a","name":"Pedro Mart\u00ednez","image":{"@type":"ImageObject","inLanguage":"es","@id":"https:\/\/stacatarina.mx\/consejos\/#\/schema\/person\/image\/","url":"https:\/\/stacatarina.mx\/consejos\/wp-content\/uploads\/2024\/09\/stacatarina.jpg","contentUrl":"https:\/\/stacatarina.mx\/consejos\/wp-content\/uploads\/2024\/09\/stacatarina.jpg","caption":"Pedro Mart\u00ednez"},"description":"Hola, soy Pedro Mart\u00ednez, redactor jefe del sitio oficial del ayuntamiento de Santa Catarina, en M\u00e9xico. Con m\u00e1s de diez a\u00f1os de experiencia en el periodismo local, tengo una pasi\u00f3n por la investigaci\u00f3n y la difusi\u00f3n de informaci\u00f3n que valoriza nuestra hermosa comunidad. Mi compromiso es hacer de Santa Catarina una referencia en materia de transparencia y comunicaci\u00f3n municipal.","sameAs":["https:\/\/stacatarina.mx\/"]}]}},"_links":{"self":[{"href":"https:\/\/stacatarina.mx\/consejos\/wp-json\/wp\/v2\/posts\/2828"}],"collection":[{"href":"https:\/\/stacatarina.mx\/consejos\/wp-json\/wp\/v2\/posts"}],"about":[{"href":"https:\/\/stacatarina.mx\/consejos\/wp-json\/wp\/v2\/types\/post"}],"author":[{"embeddable":true,"href":"https:\/\/stacatarina.mx\/consejos\/wp-json\/wp\/v2\/users\/1"}],"replies":[{"embeddable":true,"href":"https:\/\/stacatarina.mx\/consejos\/wp-json\/wp\/v2\/comments?post=2828"}],"version-history":[{"count":1,"href":"https:\/\/stacatarina.mx\/consejos\/wp-json\/wp\/v2\/posts\/2828\/revisions"}],"predecessor-version":[{"id":2830,"href":"https:\/\/stacatarina.mx\/consejos\/wp-json\/wp\/v2\/posts\/2828\/revisions\/2830"}],"wp:featuredmedia":[{"embeddable":true,"href":"https:\/\/stacatarina.mx\/consejos\/wp-json\/wp\/v2\/media\/2829"}],"wp:attachment":[{"href":"https:\/\/stacatarina.mx\/consejos\/wp-json\/wp\/v2\/media?parent=2828"}],"wp:term":[{"taxonomy":"category","embeddable":true,"href":"https:\/\/stacatarina.mx\/consejos\/wp-json\/wp\/v2\/categories?post=2828"},{"taxonomy":"post_tag","embeddable":true,"href":"https:\/\/stacatarina.mx\/consejos\/wp-json\/wp\/v2\/tags?post=2828"}],"curies":[{"name":"wp","href":"https:\/\/api.w.org\/{rel}","templated":true}]}}