{"id":2834,"date":"2025-02-20T16:24:11","date_gmt":"2025-02-20T22:24:11","guid":{"rendered":"https:\/\/stacatarina.mx\/consejos\/10-errores-para-no-desayunar-que-muchos-de-nosotros-cometimos-incluso-sin-saberlo\/"},"modified":"2025-02-20T16:24:12","modified_gmt":"2025-02-20T22:24:12","slug":"10-errores-para-no-desayunar-que-muchos-de-nosotros-cometimos-incluso-sin-saberlo","status":"publish","type":"post","link":"https:\/\/stacatarina.mx\/consejos\/10-errores-para-no-desayunar-que-muchos-de-nosotros-cometimos-incluso-sin-saberlo\/","title":{"rendered":"10 errores para no desayunar que muchos de nosotros cometimos (incluso sin saberlo)"},"content":{"rendered":"<p class=\"single-abstract\">\n<p>\t\t\t\t\t\t\t\t\t\t\t\t\t\t\t\t\tHay muchas personas que saltan el desayuno, pero tambi\u00e9n aquellos que lo hacen todas las ma\u00f1anas corren el riesgo de cometer algunos errores, sin darse cuenta. Veamos cu\u00e1l\t\t\t\t\t\t\t\t\t\t\t\t\t\t\t<\/p>\n<div class=\"daily-video\" style=\"display: none;\"><\/div>\n<div class=\"wrapper-player\" style=\"display: none; margin-bottom: 15px;\">\n<div id=\"daily-player\" style=\"position: relative; max-width: 100%;\" class=\"video-content\"><\/div>\n<\/p><\/div>\n<div class=\"image-wrapper featured-image no-lazy\" id=\"featured-image\"><\/div>\n<p>El desayuno es probablemente la comida m\u00e1s olvidada y subestimada del d\u00eda. A menudo tienes prisa, no tienes tiempo para dedicarte a preparar algo saludable y sabroso y, por lo tanto, usamos alimentos empaquetados, una simple taza de caf\u00e9 o, lo que es peor, olvidas que ser\u00eda necesario comer algo nutritivo Comience el d\u00eda con la energ\u00eda correcta.<\/p>\n<p>Pero incluso aquellos que desayunan todas las ma\u00f1anas probablemente se comprometan <strong>Algunos errores<\/strong>sin saberlo. Veamos cu\u00e1les son los m\u00e1s comunes &#8230;<\/p>\n<h2><span class=\"ez-toc-section\" id=\"Mangiare_cibi_pieni_di_zucchero\"><\/span>Comer alimentos llenos de az\u00facar<span class=\"ez-toc-section-end\"><\/span><\/h2>\n<p><img loading=\"lazy\" decoding=\"async\" class=\"lazy lazy-hidden alignnone size-full wp-image-644553\" data-lazy-type=\"image\" src=\"https:\/\/stacatarina.mx\/consejos\/wp-content\/uploads\/2025\/02\/1740090251_339_10-errores-para-no-desayunar-que-muchos-de-nosotros-cometimos.jpg\" alt=\"Impuesto sobre bocadillos\" width=\"1200\" height=\"800\"  ><\/p>\n<p><noscript><img loading=\"lazy\" decoding=\"async\" class=\"alignnone size-full wp-image-644553\" src=\"https:\/\/stacatarina.mx\/consejos\/wp-content\/uploads\/2025\/02\/1740090251_339_10-errores-para-no-desayunar-que-muchos-de-nosotros-cometimos.jpg\" alt=\"Impuesto sobre bocadillos\" width=\"1200\" height=\"800\"  ><\/noscript><\/p>\n<aside style=\"margin: 8px auto; text-align: center; display: block; clear: both;\">\n<div id=\"gpt-passback\">\n<\/div>\n<\/aside>\n<p>En Italia, el desayuno por excelencia es dulce, dif\u00edcil de renunciar a los cruasanes, pasteles, galletas, cereales de chocolate, donas, pan con mermelada, etc. Pero siempre y solo comer estos alimentos al comienzo del d\u00eda no es exactamente aconsejable ya que, ricos, ya que son az\u00facares, hacen que el hambre sea saciado en este momento, pero luego siente el metabolismo general. Estos alimentos, de hecho, <strong>implica un pico de az\u00facar en la sangre<\/strong> Que entonces, inevitablemente y de repente, se derrumba. Es por eso que despu\u00e9s de un dulce desayuno, en un par de horas tienes hambre nuevamente.<\/p>\n<h2><span class=\"ez-toc-section\" id=\"Attenzione_a_succhi_di_frutta_e_yogurt\"><\/span>Tenga cuidado con los jugos de frutas y el yogurt<span class=\"ez-toc-section-end\"><\/span><\/h2>\n<p>Cuando para el desayuno o como un refrigerio durante el d\u00eda, pensamos en jugos de frutas y yogurt est\u00e1 convencido de que siempre son y en cualquier caso saludables. No es as\u00ed, <strong>Los jugos de frutas envasadas son ricos en az\u00facar<\/strong> Y lo mismo tambi\u00e9n se aplica al yogurt. Por lo tanto, es mejor reemplazar los jugos empaquetados con jugos, centrifugadoras u batidos caseros en el momento o, si no tiene tiempo, es mejor comer directamente una fruta entera que, entre otras cosas, mantiene todas sus propiedades sin cambios (vitaminas , minerales, etc.). El yogurt tambi\u00e9n se puede preparar en casa y, como alternativa a los de la leche de vaca, puede optar por la soja.<\/p>\n<p>Yogurt casero: bueno, ecol\u00f3gico y diet\u00e9tico<\/p>\n<h2><span class=\"ez-toc-section\" id=\"Non_bere_acqua\"><\/span>No bebas agua<span class=\"ez-toc-section-end\"><\/span><\/h2>\n<div id=\"attachment_1202709\" style=\"width: 1510px\" class=\"wp-caption alignnone\"><img loading=\"lazy\" decoding=\"async\" aria-describedby=\"caption-attachment-1202709\" class=\"lazy lazy-hidden size-full wp-image-1202709\" data-lazy-type=\"image\" src=\"https:\/\/stacatarina.mx\/consejos\/wp-content\/uploads\/2025\/02\/1740090251_380_10-errores-para-no-desayunar-que-muchos-de-nosotros-cometimos.jpg\" alt=\"Water_mineral_pfas\" width=\"1500\" height=\"1000\"  ><noscript><img loading=\"lazy\" decoding=\"async\" aria-describedby=\"caption-attachment-1202709\" class=\"size-full wp-image-1202709\" src=\"https:\/\/stacatarina.mx\/consejos\/wp-content\/uploads\/2025\/02\/1740090251_380_10-errores-para-no-desayunar-que-muchos-de-nosotros-cometimos.jpg\" alt=\"Water_mineral_pfas\" width=\"1500\" height=\"1000\"  ><\/noscript><\/p>\n<aside style=\"margin: 8px auto; display: flex; justify-content: center; min-height: 251px;\">\n<div id=\"div-gpt-ad-MPU_Middle\" style=\"min-width: 300px; min-height: 252px;\">\n<\/div>\n<div id=\"taboola-widget_non_consent_300x250-2\"><\/div>\n<\/aside>\n<\/div>\n<p>A menudo nos olvidamos de uno de los mejores recursos que tenemos, tambi\u00e9n fundamentales para nuestro pozo de la ma\u00f1ana: el agua. Lo primero que debe hacer cuando te despiertes ser\u00eda precisamente el de <strong>Bebe un vaso de agua tibia<\/strong> Para limpiar a fondo el cuerpo despu\u00e9s del d\u00eda del ayuno, mant\u00e9ngalo hidratado y listo para reanudar todas sus actividades. En algunos per\u00edodos, puede agregar al simple vaso de agua del jugo de lim\u00f3n reci\u00e9n exprimido, un h\u00e1bito simple que puede brindarle muchos beneficios.<\/p>\n<h2><span class=\"ez-toc-section\" id=\"Mangiare_troppo_tardi_la_mattina\"><\/span>Comer demasiado tarde en la ma\u00f1ana<span class=\"ez-toc-section-end\"><\/span><\/h2>\n<p>No solo no deber\u00edas comer r\u00e1pidamente ,. De hecho, los expertos le aconsejan que desayune dentro de una hora desde el momento en que se levante, porque cuanto m\u00e1s contin\u00fae durante el d\u00eda, m\u00e1s existe el riesgo de ver la sensaci\u00f3n de aumento del hambre y, por lo tanto, a atracones, comprometiendo incluso incluso La segunda comida del d\u00eda, a saber, el almuerzo. Adem\u00e1s, el desayuno sirve precisamente para dar el primer combustible \u00fatil para nuestro cuerpo, si la comida se hace demasiado tarde, se quema peor y no realiza completamente su funci\u00f3n.<\/p>\n<h2><span class=\"ez-toc-section\" id=\"Non_mangiare_sufficienti_fibre\"><\/span>No coma fibras suficientes<span class=\"ez-toc-section-end\"><\/span><\/h2>\n<p>La fibra para el desayuno es excelente porque <strong>aumentar la sensaci\u00f3n de saciedad<\/strong> Y contribuyen a reducir la absorci\u00f3n de grasas y az\u00facares. Adem\u00e1s, como todos saben, ayudan a las funciones intestinales y, por lo tanto, son imprescindibles para insertarse en una dieta saludable de la ma\u00f1ana. La mejor manera de obtener fibra es preferir <strong>granos enteros<\/strong> Comer, por ejemplo, componiendo un sabroso muesli combinando frutas secas, semillas grasosas y, por qu\u00e9 no, un poco de chocolate negro.<\/p>\n<h2><span class=\"ez-toc-section\" id=\"Dimenticarsi_delle_proteine\"><\/span>Olvidar prote\u00ednas<span class=\"ez-toc-section-end\"><\/span><\/h2>\n<p><img loading=\"lazy\" decoding=\"async\" class=\"lazy lazy-hidden alignnone size-full wp-image-1058136\" data-lazy-type=\"image\" src=\"https:\/\/stacatarina.mx\/consejos\/wp-content\/uploads\/2025\/02\/1740090251_367_10-errores-para-no-desayunar-que-muchos-de-nosotros-cometimos.jpg\" alt=\"Toast tofu cohete y tomates\" width=\"1200\" height=\"800\"  ><\/p>\n<p><noscript><img loading=\"lazy\" decoding=\"async\" class=\"alignnone size-full wp-image-1058136\" src=\"https:\/\/stacatarina.mx\/consejos\/wp-content\/uploads\/2025\/02\/1740090251_367_10-errores-para-no-desayunar-que-muchos-de-nosotros-cometimos.jpg\" alt=\"Toast tofu cohete y tomates\" width=\"1200\" height=\"800\"  ><\/noscript><\/p>\n<p>Las prote\u00ednas, a diferencia de los carbohidratos, tardan mucho en ser digeridas. Entonces para el desayuno <strong>Pueden ayudar a sentirse satisfechos por m\u00e1s tiempo<\/strong> evitando hacer demasiados bocadillos durante la ma\u00f1ana. Esto no significa que tenga que comer huevos, queso o jam\u00f3n todas las ma\u00f1anas (pesadas y cal\u00f3ricas), las prote\u00ednas tambi\u00e9n se encuentran en pan y legumbres integrales, una alternativa a los desayunos habituales, por lo tanto, puede ser una buena parte de pan enriquecido con humus ceci .<\/p>\n<p>Panqueques de prote\u00ednas: los trucos para prepararlos sin prote\u00edna en polvo<\/p>\n<h2><span class=\"ez-toc-section\" id=\"Mangiare_troppo_in_fretta\"><\/span>Comer demasiado r\u00e1pido<span class=\"ez-toc-section-end\"><\/span><\/h2>\n<p>En un mundo donde todos corren, a menudo <strong>Tambi\u00e9n tienes prisa en desayunar:<\/strong> Hay quienes toman una taza de caf\u00e9 antes de salir de la casa y aquellos que incluso comen frente a la computadora o llegan al trabajo cuando todas las preocupaciones del d\u00eda se han espesado en el cerebro. \u00a1No hay nada m\u00e1s malo! El desayuno debe tener su propio espacio: al menos 15 minutos de calma en los que puede sentarse y saborear la comida concentrando lo m\u00e1s posible en \u00e9l y masticando con tranquilidad de tal manera que el cerebro tenga tiempo de &#8220;registrar&#8221; L &#8216;inform\u00f3 comida.<\/p>\n<h2><span class=\"ez-toc-section\" id=\"Non_mangiare_mangiare_poco_o_bere_solo_caffe\"><\/span>No comas, comas poco o bebe solo caf\u00e9<span class=\"ez-toc-section-end\"><\/span><\/h2>\n<p><img loading=\"lazy\" decoding=\"async\" class=\"lazy lazy-hidden alignnone size-full wp-image-1215744\" data-lazy-type=\"image\" src=\"https:\/\/stacatarina.mx\/consejos\/wp-content\/uploads\/2025\/02\/1740090251_188_10-errores-para-no-desayunar-que-muchos-de-nosotros-cometimos.jpg\" alt=\"desayuno r\u00e1pido\" width=\"1500\" height=\"1000\"  ><\/p>\n<p><noscript><img loading=\"lazy\" decoding=\"async\" class=\"alignnone size-full wp-image-1215744\" src=\"https:\/\/stacatarina.mx\/consejos\/wp-content\/uploads\/2025\/02\/1740090251_188_10-errores-para-no-desayunar-que-muchos-de-nosotros-cometimos.jpg\" alt=\"desayuno r\u00e1pido\" width=\"1500\" height=\"1000\"  ><\/noscript><\/p>\n<p>Saltar el desayuno no es algo bueno, as\u00ed como creer que una fruta peque\u00f1a o peor, solo un caf\u00e9 puede ser suficiente hasta la hora del almuerzo. Hay muchas desventajas de aquellos que no desayunan, incluida la posibilidad de <strong>Reduzca la velocidad del metabolismo<\/strong> del cuerpo y, en consecuencia, aumenta la tendencia a aumentar de peso. Debe decirse que beber caf\u00e9 con el est\u00f3mago vac\u00edo provoca una hipersecreaci\u00f3n g\u00e1strica que, a largo plazo, puede conducir a la aparici\u00f3n de problemas para el sistema digestivo como la gastritis y el reflujo esof\u00e1gico.<\/p>\n<h2><span class=\"ez-toc-section\" id=\"Fare_colazione_a_buffet\"><\/span>Desayunar buffet<span class=\"ez-toc-section-end\"><\/span><\/h2>\n<p><img loading=\"lazy\" decoding=\"async\" class=\"lazy lazy-hidden alignnone size-full wp-image-1215745\" data-lazy-type=\"image\" src=\"https:\/\/stacatarina.mx\/consejos\/wp-content\/uploads\/2025\/02\/1740090251_363_10-errores-para-no-desayunar-que-muchos-de-nosotros-cometimos.jpg\" alt=\"desayuno buffet\" width=\"1500\" height=\"1000\"  ><\/p>\n<p><noscript><img loading=\"lazy\" decoding=\"async\" class=\"alignnone size-full wp-image-1215745\" src=\"https:\/\/stacatarina.mx\/consejos\/wp-content\/uploads\/2025\/02\/1740090251_363_10-errores-para-no-desayunar-que-muchos-de-nosotros-cometimos.jpg\" alt=\"desayuno buffet\" width=\"1500\" height=\"1000\"  ><\/noscript><\/p>\n<p>Cuando te enfrentas a un buffet, la tentaci\u00f3n es realmente demasiado y es dif\u00edcil resistir muchas delicias todas juntas y bien arregladas frente a nuestros ojos. El riesgo, por supuesto, debe ser tomado de la garganta, <strong>Coma m\u00e1s de lo necesario y mezcle demasiados alimentos juntos<\/strong> Con la posibilidad de levantarse de la mesa no cargada de energ\u00eda pero, por el contrario, \u00a1definitivamente ponderada!<\/p>\n<h2><span class=\"ez-toc-section\" id=\"Pensare_che_la_colazione_non_sia_importante\"><\/span>Piensa que el desayuno no es importante<span class=\"ez-toc-section-end\"><\/span><\/h2>\n<p>Recuerda el viejo dicho que dice &#8220;<strong>Desayune como un rey, almorzando como un pr\u00edncipe y una cena como un pobre hombre<\/strong>&#8220;? Bueno, siempre tenga en cuenta: \u00a1todav\u00eda es v\u00e1lido!<\/p><\/p>\n","protected":false},"excerpt":{"rendered":"<p>Hay muchas personas que saltan el desayuno, pero tambi\u00e9n aquellos que lo hacen todas las ma\u00f1anas corren el riesgo de cometer algunos errores, sin darse<\/p>\n","protected":false},"author":1,"featured_media":2835,"comment_status":"closed","ping_status":"","sticky":false,"template":"","format":"standard","meta":{"footnotes":""},"categories":[762],"tags":[3777,3776,160,910,613,3218,29,2530,441],"class_list":["post-2834","post","type-post","status-publish","format-standard","has-post-thumbnail","hentry","category-salud","tag-cometimos","tag-desayunar","tag-errores","tag-incluso","tag-muchos","tag-nosotros","tag-para","tag-saberlo","tag-sin","generate-columns","tablet-grid-50","mobile-grid-100","grid-parent","grid-50"],"yoast_head":"<!-- This site is optimized with the Yoast SEO plugin v23.4 - https:\/\/yoast.com\/wordpress\/plugins\/seo\/ -->\n<title>10 errores para no desayunar que muchos de nosotros cometimos (incluso sin saberlo) - Consejos - Santa Catarina<\/title>\n<meta name=\"robots\" content=\"index, follow, max-snippet:-1, max-image-preview:large, max-video-preview:-1\" \/>\n<link rel=\"canonical\" href=\"https:\/\/stacatarina.mx\/consejos\/10-errores-para-no-desayunar-que-muchos-de-nosotros-cometimos-incluso-sin-saberlo\/\" \/>\n<meta property=\"og:locale\" content=\"es_MX\" \/>\n<meta property=\"og:type\" content=\"article\" \/>\n<meta property=\"og:title\" content=\"10 errores para no desayunar que muchos de nosotros cometimos (incluso sin saberlo) - Consejos - Santa Catarina\" \/>\n<meta property=\"og:description\" content=\"Hay muchas personas que saltan el desayuno, pero tambi\u00e9n aquellos que lo hacen todas las ma\u00f1anas corren el riesgo de cometer algunos errores, sin darse\" \/>\n<meta property=\"og:url\" content=\"https:\/\/stacatarina.mx\/consejos\/10-errores-para-no-desayunar-que-muchos-de-nosotros-cometimos-incluso-sin-saberlo\/\" \/>\n<meta property=\"og:site_name\" content=\"Santa Catarina\" \/>\n<meta property=\"article:publisher\" content=\"https:\/\/www.facebook.com\/stacatarinagob\/\" \/>\n<meta property=\"article:published_time\" content=\"2025-02-20T22:24:11+00:00\" \/>\n<meta property=\"article:modified_time\" content=\"2025-02-20T22:24:12+00:00\" \/>\n<meta property=\"og:image\" content=\"https:\/\/stacatarina.mx\/consejos\/wp-content\/uploads\/2025\/02\/10-errores-para-no-desayunar-que-muchos-de-nosotros-cometimos.jpg\" \/>\n\t<meta property=\"og:image:width\" content=\"1500\" \/>\n\t<meta property=\"og:image:height\" content=\"1000\" \/>\n\t<meta property=\"og:image:type\" content=\"image\/jpeg\" \/>\n<meta name=\"author\" content=\"Pedro Mart\u00ednez\" \/>\n<meta name=\"twitter:card\" content=\"summary_large_image\" \/>\n<meta name=\"twitter:creator\" content=\"@stacatarinagob\" \/>\n<meta name=\"twitter:site\" content=\"@stacatarinagob\" \/>\n<meta name=\"twitter:label1\" content=\"Escrito por\" \/>\n\t<meta name=\"twitter:data1\" content=\"Pedro Mart\u00ednez\" \/>\n\t<meta name=\"twitter:label2\" content=\"Tiempo de lectura\" \/>\n\t<meta name=\"twitter:data2\" content=\"5 minutos\" \/>\n<script type=\"application\/ld+json\" class=\"yoast-schema-graph\">{\"@context\":\"https:\/\/schema.org\",\"@graph\":[{\"@type\":\"Article\",\"@id\":\"https:\/\/stacatarina.mx\/consejos\/10-errores-para-no-desayunar-que-muchos-de-nosotros-cometimos-incluso-sin-saberlo\/#article\",\"isPartOf\":{\"@id\":\"https:\/\/stacatarina.mx\/consejos\/10-errores-para-no-desayunar-que-muchos-de-nosotros-cometimos-incluso-sin-saberlo\/\"},\"author\":{\"name\":\"Pedro Mart\u00ednez\",\"@id\":\"https:\/\/stacatarina.mx\/consejos\/#\/schema\/person\/0be60adffa8e4c4d0828fdf021450e8a\"},\"headline\":\"10 errores para no desayunar que muchos de nosotros cometimos (incluso sin saberlo)\",\"datePublished\":\"2025-02-20T22:24:11+00:00\",\"dateModified\":\"2025-02-20T22:24:12+00:00\",\"mainEntityOfPage\":{\"@id\":\"https:\/\/stacatarina.mx\/consejos\/10-errores-para-no-desayunar-que-muchos-de-nosotros-cometimos-incluso-sin-saberlo\/\"},\"wordCount\":1093,\"publisher\":{\"@id\":\"https:\/\/stacatarina.mx\/consejos\/#organization\"},\"image\":{\"@id\":\"https:\/\/stacatarina.mx\/consejos\/10-errores-para-no-desayunar-que-muchos-de-nosotros-cometimos-incluso-sin-saberlo\/#primaryimage\"},\"thumbnailUrl\":\"https:\/\/stacatarina.mx\/consejos\/wp-content\/uploads\/2025\/02\/10-errores-para-no-desayunar-que-muchos-de-nosotros-cometimos.jpg\",\"keywords\":[\"cometimos\",\"desayunar\",\"errores\",\"incluso\",\"muchos\",\"nosotros\",\"para\",\"saberlo\",\"sin\"],\"articleSection\":[\"Salud\"],\"inLanguage\":\"es\"},{\"@type\":\"WebPage\",\"@id\":\"https:\/\/stacatarina.mx\/consejos\/10-errores-para-no-desayunar-que-muchos-de-nosotros-cometimos-incluso-sin-saberlo\/\",\"url\":\"https:\/\/stacatarina.mx\/consejos\/10-errores-para-no-desayunar-que-muchos-de-nosotros-cometimos-incluso-sin-saberlo\/\",\"name\":\"10 errores para no desayunar que muchos de nosotros cometimos (incluso sin saberlo) - Consejos - Santa Catarina\",\"isPartOf\":{\"@id\":\"https:\/\/stacatarina.mx\/consejos\/#website\"},\"primaryImageOfPage\":{\"@id\":\"https:\/\/stacatarina.mx\/consejos\/10-errores-para-no-desayunar-que-muchos-de-nosotros-cometimos-incluso-sin-saberlo\/#primaryimage\"},\"image\":{\"@id\":\"https:\/\/stacatarina.mx\/consejos\/10-errores-para-no-desayunar-que-muchos-de-nosotros-cometimos-incluso-sin-saberlo\/#primaryimage\"},\"thumbnailUrl\":\"https:\/\/stacatarina.mx\/consejos\/wp-content\/uploads\/2025\/02\/10-errores-para-no-desayunar-que-muchos-de-nosotros-cometimos.jpg\",\"datePublished\":\"2025-02-20T22:24:11+00:00\",\"dateModified\":\"2025-02-20T22:24:12+00:00\",\"breadcrumb\":{\"@id\":\"https:\/\/stacatarina.mx\/consejos\/10-errores-para-no-desayunar-que-muchos-de-nosotros-cometimos-incluso-sin-saberlo\/#breadcrumb\"},\"inLanguage\":\"es\",\"potentialAction\":[{\"@type\":\"ReadAction\",\"target\":[\"https:\/\/stacatarina.mx\/consejos\/10-errores-para-no-desayunar-que-muchos-de-nosotros-cometimos-incluso-sin-saberlo\/\"]}]},{\"@type\":\"ImageObject\",\"inLanguage\":\"es\",\"@id\":\"https:\/\/stacatarina.mx\/consejos\/10-errores-para-no-desayunar-que-muchos-de-nosotros-cometimos-incluso-sin-saberlo\/#primaryimage\",\"url\":\"https:\/\/stacatarina.mx\/consejos\/wp-content\/uploads\/2025\/02\/10-errores-para-no-desayunar-que-muchos-de-nosotros-cometimos.jpg\",\"contentUrl\":\"https:\/\/stacatarina.mx\/consejos\/wp-content\/uploads\/2025\/02\/10-errores-para-no-desayunar-que-muchos-de-nosotros-cometimos.jpg\",\"width\":1500,\"height\":1000,\"caption\":\"10 errores para no desayunar que muchos de nosotros cometimos (incluso sin saberlo)\"},{\"@type\":\"BreadcrumbList\",\"@id\":\"https:\/\/stacatarina.mx\/consejos\/10-errores-para-no-desayunar-que-muchos-de-nosotros-cometimos-incluso-sin-saberlo\/#breadcrumb\",\"itemListElement\":[{\"@type\":\"ListItem\",\"position\":1,\"name\":\"Inicio\",\"item\":\"https:\/\/stacatarina.mx\/consejos\/\"},{\"@type\":\"ListItem\",\"position\":2,\"name\":\"10 errores para no desayunar que muchos de nosotros cometimos (incluso sin saberlo)\"}]},{\"@type\":\"WebSite\",\"@id\":\"https:\/\/stacatarina.mx\/consejos\/#website\",\"url\":\"https:\/\/stacatarina.mx\/consejos\/\",\"name\":\"Santa Catarina\",\"description\":\"\",\"publisher\":{\"@id\":\"https:\/\/stacatarina.mx\/consejos\/#organization\"},\"potentialAction\":[{\"@type\":\"SearchAction\",\"target\":{\"@type\":\"EntryPoint\",\"urlTemplate\":\"https:\/\/stacatarina.mx\/consejos\/?s={search_term_string}\"},\"query-input\":{\"@type\":\"PropertyValueSpecification\",\"valueRequired\":true,\"valueName\":\"search_term_string\"}}],\"inLanguage\":\"es\"},{\"@type\":\"Organization\",\"@id\":\"https:\/\/stacatarina.mx\/consejos\/#organization\",\"name\":\"Santa Catarina\",\"url\":\"https:\/\/stacatarina.mx\/consejos\/\",\"logo\":{\"@type\":\"ImageObject\",\"inLanguage\":\"es\",\"@id\":\"https:\/\/stacatarina.mx\/consejos\/#\/schema\/logo\/image\/\",\"url\":\"https:\/\/stacatarina.mx\/consejos\/wp-content\/uploads\/2024\/09\/cropped-favicon-1-1.png\",\"contentUrl\":\"https:\/\/stacatarina.mx\/consejos\/wp-content\/uploads\/2024\/09\/cropped-favicon-1-1.png\",\"width\":512,\"height\":512,\"caption\":\"Santa Catarina\"},\"image\":{\"@id\":\"https:\/\/stacatarina.mx\/consejos\/#\/schema\/logo\/image\/\"},\"sameAs\":[\"https:\/\/www.facebook.com\/stacatarinagob\/\",\"https:\/\/x.com\/stacatarinagob\",\"https:\/\/www.instagram.com\/stacatarinagob\/\",\"https:\/\/www.youtube.com\/channel\/UCK-6cQJL_904665N1_nLTWw\"]},{\"@type\":\"Person\",\"@id\":\"https:\/\/stacatarina.mx\/consejos\/#\/schema\/person\/0be60adffa8e4c4d0828fdf021450e8a\",\"name\":\"Pedro Mart\u00ednez\",\"image\":{\"@type\":\"ImageObject\",\"inLanguage\":\"es\",\"@id\":\"https:\/\/stacatarina.mx\/consejos\/#\/schema\/person\/image\/\",\"url\":\"https:\/\/stacatarina.mx\/consejos\/wp-content\/uploads\/2024\/09\/stacatarina.jpg\",\"contentUrl\":\"https:\/\/stacatarina.mx\/consejos\/wp-content\/uploads\/2024\/09\/stacatarina.jpg\",\"caption\":\"Pedro Mart\u00ednez\"},\"description\":\"Hola, soy Pedro Mart\u00ednez, redactor jefe del sitio oficial del ayuntamiento de Santa Catarina, en M\u00e9xico. Con m\u00e1s de diez a\u00f1os de experiencia en el periodismo local, tengo una pasi\u00f3n por la investigaci\u00f3n y la difusi\u00f3n de informaci\u00f3n que valoriza nuestra hermosa comunidad. Mi compromiso es hacer de Santa Catarina una referencia en materia de transparencia y comunicaci\u00f3n municipal.\",\"sameAs\":[\"https:\/\/stacatarina.mx\/\"]}]}<\/script>\n<!-- \/ Yoast SEO plugin. -->","yoast_head_json":{"title":"10 errores para no desayunar que muchos de nosotros cometimos (incluso sin saberlo) - Consejos - Santa Catarina","robots":{"index":"index","follow":"follow","max-snippet":"max-snippet:-1","max-image-preview":"max-image-preview:large","max-video-preview":"max-video-preview:-1"},"canonical":"https:\/\/stacatarina.mx\/consejos\/10-errores-para-no-desayunar-que-muchos-de-nosotros-cometimos-incluso-sin-saberlo\/","og_locale":"es_MX","og_type":"article","og_title":"10 errores para no desayunar que muchos de nosotros cometimos (incluso sin saberlo) - Consejos - Santa Catarina","og_description":"Hay muchas personas que saltan el desayuno, pero tambi\u00e9n aquellos que lo hacen todas las ma\u00f1anas corren el riesgo de cometer algunos errores, sin darse","og_url":"https:\/\/stacatarina.mx\/consejos\/10-errores-para-no-desayunar-que-muchos-de-nosotros-cometimos-incluso-sin-saberlo\/","og_site_name":"Santa Catarina","article_publisher":"https:\/\/www.facebook.com\/stacatarinagob\/","article_published_time":"2025-02-20T22:24:11+00:00","article_modified_time":"2025-02-20T22:24:12+00:00","og_image":[{"width":1500,"height":1000,"url":"https:\/\/stacatarina.mx\/consejos\/wp-content\/uploads\/2025\/02\/10-errores-para-no-desayunar-que-muchos-de-nosotros-cometimos.jpg","type":"image\/jpeg"}],"author":"Pedro Mart\u00ednez","twitter_card":"summary_large_image","twitter_creator":"@stacatarinagob","twitter_site":"@stacatarinagob","twitter_misc":{"Escrito por":"Pedro Mart\u00ednez","Tiempo de lectura":"5 minutos"},"schema":{"@context":"https:\/\/schema.org","@graph":[{"@type":"Article","@id":"https:\/\/stacatarina.mx\/consejos\/10-errores-para-no-desayunar-que-muchos-de-nosotros-cometimos-incluso-sin-saberlo\/#article","isPartOf":{"@id":"https:\/\/stacatarina.mx\/consejos\/10-errores-para-no-desayunar-que-muchos-de-nosotros-cometimos-incluso-sin-saberlo\/"},"author":{"name":"Pedro Mart\u00ednez","@id":"https:\/\/stacatarina.mx\/consejos\/#\/schema\/person\/0be60adffa8e4c4d0828fdf021450e8a"},"headline":"10 errores para no desayunar que muchos de nosotros cometimos (incluso sin saberlo)","datePublished":"2025-02-20T22:24:11+00:00","dateModified":"2025-02-20T22:24:12+00:00","mainEntityOfPage":{"@id":"https:\/\/stacatarina.mx\/consejos\/10-errores-para-no-desayunar-que-muchos-de-nosotros-cometimos-incluso-sin-saberlo\/"},"wordCount":1093,"publisher":{"@id":"https:\/\/stacatarina.mx\/consejos\/#organization"},"image":{"@id":"https:\/\/stacatarina.mx\/consejos\/10-errores-para-no-desayunar-que-muchos-de-nosotros-cometimos-incluso-sin-saberlo\/#primaryimage"},"thumbnailUrl":"https:\/\/stacatarina.mx\/consejos\/wp-content\/uploads\/2025\/02\/10-errores-para-no-desayunar-que-muchos-de-nosotros-cometimos.jpg","keywords":["cometimos","desayunar","errores","incluso","muchos","nosotros","para","saberlo","sin"],"articleSection":["Salud"],"inLanguage":"es"},{"@type":"WebPage","@id":"https:\/\/stacatarina.mx\/consejos\/10-errores-para-no-desayunar-que-muchos-de-nosotros-cometimos-incluso-sin-saberlo\/","url":"https:\/\/stacatarina.mx\/consejos\/10-errores-para-no-desayunar-que-muchos-de-nosotros-cometimos-incluso-sin-saberlo\/","name":"10 errores para no desayunar que muchos de nosotros cometimos (incluso sin saberlo) - Consejos - Santa Catarina","isPartOf":{"@id":"https:\/\/stacatarina.mx\/consejos\/#website"},"primaryImageOfPage":{"@id":"https:\/\/stacatarina.mx\/consejos\/10-errores-para-no-desayunar-que-muchos-de-nosotros-cometimos-incluso-sin-saberlo\/#primaryimage"},"image":{"@id":"https:\/\/stacatarina.mx\/consejos\/10-errores-para-no-desayunar-que-muchos-de-nosotros-cometimos-incluso-sin-saberlo\/#primaryimage"},"thumbnailUrl":"https:\/\/stacatarina.mx\/consejos\/wp-content\/uploads\/2025\/02\/10-errores-para-no-desayunar-que-muchos-de-nosotros-cometimos.jpg","datePublished":"2025-02-20T22:24:11+00:00","dateModified":"2025-02-20T22:24:12+00:00","breadcrumb":{"@id":"https:\/\/stacatarina.mx\/consejos\/10-errores-para-no-desayunar-que-muchos-de-nosotros-cometimos-incluso-sin-saberlo\/#breadcrumb"},"inLanguage":"es","potentialAction":[{"@type":"ReadAction","target":["https:\/\/stacatarina.mx\/consejos\/10-errores-para-no-desayunar-que-muchos-de-nosotros-cometimos-incluso-sin-saberlo\/"]}]},{"@type":"ImageObject","inLanguage":"es","@id":"https:\/\/stacatarina.mx\/consejos\/10-errores-para-no-desayunar-que-muchos-de-nosotros-cometimos-incluso-sin-saberlo\/#primaryimage","url":"https:\/\/stacatarina.mx\/consejos\/wp-content\/uploads\/2025\/02\/10-errores-para-no-desayunar-que-muchos-de-nosotros-cometimos.jpg","contentUrl":"https:\/\/stacatarina.mx\/consejos\/wp-content\/uploads\/2025\/02\/10-errores-para-no-desayunar-que-muchos-de-nosotros-cometimos.jpg","width":1500,"height":1000,"caption":"10 errores para no desayunar que muchos de nosotros cometimos (incluso sin saberlo)"},{"@type":"BreadcrumbList","@id":"https:\/\/stacatarina.mx\/consejos\/10-errores-para-no-desayunar-que-muchos-de-nosotros-cometimos-incluso-sin-saberlo\/#breadcrumb","itemListElement":[{"@type":"ListItem","position":1,"name":"Inicio","item":"https:\/\/stacatarina.mx\/consejos\/"},{"@type":"ListItem","position":2,"name":"10 errores para no desayunar que muchos de nosotros cometimos (incluso sin saberlo)"}]},{"@type":"WebSite","@id":"https:\/\/stacatarina.mx\/consejos\/#website","url":"https:\/\/stacatarina.mx\/consejos\/","name":"Santa Catarina","description":"","publisher":{"@id":"https:\/\/stacatarina.mx\/consejos\/#organization"},"potentialAction":[{"@type":"SearchAction","target":{"@type":"EntryPoint","urlTemplate":"https:\/\/stacatarina.mx\/consejos\/?s={search_term_string}"},"query-input":{"@type":"PropertyValueSpecification","valueRequired":true,"valueName":"search_term_string"}}],"inLanguage":"es"},{"@type":"Organization","@id":"https:\/\/stacatarina.mx\/consejos\/#organization","name":"Santa Catarina","url":"https:\/\/stacatarina.mx\/consejos\/","logo":{"@type":"ImageObject","inLanguage":"es","@id":"https:\/\/stacatarina.mx\/consejos\/#\/schema\/logo\/image\/","url":"https:\/\/stacatarina.mx\/consejos\/wp-content\/uploads\/2024\/09\/cropped-favicon-1-1.png","contentUrl":"https:\/\/stacatarina.mx\/consejos\/wp-content\/uploads\/2024\/09\/cropped-favicon-1-1.png","width":512,"height":512,"caption":"Santa Catarina"},"image":{"@id":"https:\/\/stacatarina.mx\/consejos\/#\/schema\/logo\/image\/"},"sameAs":["https:\/\/www.facebook.com\/stacatarinagob\/","https:\/\/x.com\/stacatarinagob","https:\/\/www.instagram.com\/stacatarinagob\/","https:\/\/www.youtube.com\/channel\/UCK-6cQJL_904665N1_nLTWw"]},{"@type":"Person","@id":"https:\/\/stacatarina.mx\/consejos\/#\/schema\/person\/0be60adffa8e4c4d0828fdf021450e8a","name":"Pedro Mart\u00ednez","image":{"@type":"ImageObject","inLanguage":"es","@id":"https:\/\/stacatarina.mx\/consejos\/#\/schema\/person\/image\/","url":"https:\/\/stacatarina.mx\/consejos\/wp-content\/uploads\/2024\/09\/stacatarina.jpg","contentUrl":"https:\/\/stacatarina.mx\/consejos\/wp-content\/uploads\/2024\/09\/stacatarina.jpg","caption":"Pedro Mart\u00ednez"},"description":"Hola, soy Pedro Mart\u00ednez, redactor jefe del sitio oficial del ayuntamiento de Santa Catarina, en M\u00e9xico. Con m\u00e1s de diez a\u00f1os de experiencia en el periodismo local, tengo una pasi\u00f3n por la investigaci\u00f3n y la difusi\u00f3n de informaci\u00f3n que valoriza nuestra hermosa comunidad. Mi compromiso es hacer de Santa Catarina una referencia en materia de transparencia y comunicaci\u00f3n municipal.","sameAs":["https:\/\/stacatarina.mx\/"]}]}},"_links":{"self":[{"href":"https:\/\/stacatarina.mx\/consejos\/wp-json\/wp\/v2\/posts\/2834"}],"collection":[{"href":"https:\/\/stacatarina.mx\/consejos\/wp-json\/wp\/v2\/posts"}],"about":[{"href":"https:\/\/stacatarina.mx\/consejos\/wp-json\/wp\/v2\/types\/post"}],"author":[{"embeddable":true,"href":"https:\/\/stacatarina.mx\/consejos\/wp-json\/wp\/v2\/users\/1"}],"replies":[{"embeddable":true,"href":"https:\/\/stacatarina.mx\/consejos\/wp-json\/wp\/v2\/comments?post=2834"}],"version-history":[{"count":1,"href":"https:\/\/stacatarina.mx\/consejos\/wp-json\/wp\/v2\/posts\/2834\/revisions"}],"predecessor-version":[{"id":2836,"href":"https:\/\/stacatarina.mx\/consejos\/wp-json\/wp\/v2\/posts\/2834\/revisions\/2836"}],"wp:featuredmedia":[{"embeddable":true,"href":"https:\/\/stacatarina.mx\/consejos\/wp-json\/wp\/v2\/media\/2835"}],"wp:attachment":[{"href":"https:\/\/stacatarina.mx\/consejos\/wp-json\/wp\/v2\/media?parent=2834"}],"wp:term":[{"taxonomy":"category","embeddable":true,"href":"https:\/\/stacatarina.mx\/consejos\/wp-json\/wp\/v2\/categories?post=2834"},{"taxonomy":"post_tag","embeddable":true,"href":"https:\/\/stacatarina.mx\/consejos\/wp-json\/wp\/v2\/tags?post=2834"}],"curies":[{"name":"wp","href":"https:\/\/api.w.org\/{rel}","templated":true}]}}