{"id":3121,"date":"2025-03-12T05:26:21","date_gmt":"2025-03-12T11:26:21","guid":{"rendered":"https:\/\/stacatarina.mx\/consejos\/como-comprar-una-caldera-durante-los-meses-mas-calidos-puede-ser-mas-barato\/"},"modified":"2025-03-12T05:26:22","modified_gmt":"2025-03-12T11:26:22","slug":"como-comprar-una-caldera-durante-los-meses-mas-calidos-puede-ser-mas-barato","status":"publish","type":"post","link":"https:\/\/stacatarina.mx\/consejos\/como-comprar-una-caldera-durante-los-meses-mas-calidos-puede-ser-mas-barato\/","title":{"rendered":"C\u00f3mo comprar una caldera durante los meses m\u00e1s c\u00e1lidos puede ser m\u00e1s barato"},"content":{"rendered":"<div><!--(--><!----><!----><\/p>\n<div class=\"wordpress-image\">\n<figure class=\"wp-block-image size-full is-resized no-shadow\"><\/figure>\n<\/div>\n<p><!----><\/p>\n<div class=\"wordpress-paragraph\" style=\"--25ab227a:left;\" data-v-c0f9f52b=\"\">\n<p>La temporada de invierno finalmente ha terminado, y el p\u00fablico en general se sentir\u00e1 aliviado de que pronto puedan olvidarse de su calefacci\u00f3n durante al menos otros seis meses. Pero lo que muchos no se dan cuenta es que hacer esto puede hacer que se pierdan algunas grandes ofertas.<\/p>\n<\/div>\n<p><!----><\/p>\n<div class=\"wordpress-paragraph\" style=\"--25ab227a:left;\" data-v-c0f9f52b=\"\">\n<p>Debido a varios factores, a menudo es m\u00e1s barato que se le repare su caldera o una nueva instalada en los meses m\u00e1s c\u00e1lidos del a\u00f1o. Esto puede ahorrarle cientos de libras, que puede usar para comprar golosinas de primavera y verano para usted y su familia.<\/p>\n<\/div>\n<p><!----><\/p>\n<div class=\"wordpress-paragraph\" style=\"--25ab227a:left;\" data-v-c0f9f52b=\"\">\n<p>Para explicar por qu\u00e9 este es el caso, el experto en calderas Joshua Houston ha revelado tres razones a continuaci\u00f3n.<\/p>\n<\/div>\n<p><!----><\/p>\n<div class=\"wordpress-paragraph\" style=\"--25ab227a:left;\" data-v-c0f9f52b=\"\">\n<p><strong>1: menor demanda de calefacci\u00f3n<\/strong><\/p>\n<\/div>\n<p><!----><\/p>\n<div class=\"wordpress-paragraph\" style=\"--25ab227a:left;\" data-v-c0f9f52b=\"\">\n<p>Durante los meses m\u00e1s c\u00e1lidos del a\u00f1o, generalmente hay menos demanda de servicios de calefacci\u00f3n. Esto significa que hay menos trabajo disponible para instaladores e ingenieros de calderas. Debido a esto, es m\u00e1s probable que le ofrezcan un mejor trato. Se sabe que las empresas eliminan hasta \u00a3 200 en una nueva caldera y \u00a3 50 en un servicio. No solo esto, sino que el tiempo de espera tambi\u00e9n ser\u00e1 considerablemente m\u00e1s corto, ya que los ingenieros tendr\u00e1n menos trabajos sobre la marcha que en invierno. <\/p>\n<\/div>\n<p><!----><\/p>\n<div class=\"wordpress-paragraph\" style=\"--25ab227a:left;\" data-v-c0f9f52b=\"\">\n<p><strong>2: mejores condiciones de trabajo<\/strong><\/p>\n<\/div>\n<p><!----><\/p>\n<div class=\"wordpress-paragraph\" style=\"--25ab227a:left;\" data-v-c0f9f52b=\"\">\n<p>El clima fr\u00edo puede dificultar que los instaladores de calderas funcionen de manera eficiente. Esto se debe a que las tuber\u00edas pueden congelarse, lo que causa retrasos. Estos retrasos llevan tiempo, lo que agrega m\u00e1s costos laborales cuando se trata de su factura final. Las temperaturas m\u00e1s c\u00e1lidas permiten a los ingenieros trabajar m\u00e1s r\u00e1pido, lo que significa que su trabajo est\u00e1 tomando menos tiempo. Tambi\u00e9n es conveniente para usted, ya que estar\u00e1n entrando y saliendo m\u00e1s r\u00e1pido. Las mejores condiciones pueden llevar a que los instaladores eliminen hasta \u00a3 100, lo que ayudar\u00e1 m\u00e1s que su presupuesto de primavera.<\/p>\n<\/div>\n<p><!----><\/p>\n<div class=\"wordpress-paragraph\" style=\"--25ab227a:left;\" data-v-c0f9f52b=\"\">\n<p><strong>3: per\u00edodos de garant\u00eda m\u00e1s largos<\/strong><\/p>\n<\/div>\n<p><!----><\/p>\n<div class=\"wordpress-paragraph\" style=\"--25ab227a:left;\" data-v-c0f9f52b=\"\">\n<p>Debido a que los ingenieros tienen menos trabajo en la &#8216;fuera de temporada&#8217;, es posible que pueda negociar mejores t\u00e9rminos cuando se trata de factores como una garant\u00eda. Si, por ejemplo, la garant\u00eda habitual es de un a\u00f1o, es posible que pueda aumentar eso a dos. Entonces, en caso de que su caldera se rompa despu\u00e9s de 18 meses, la reparar\u00e1n de forma gratuita. Esto tiene el potencial de ahorrarle cientos de libras y definitivamente vale la pena preguntar durante per\u00edodos menos ocupados.<\/p>\n<\/div>\n<p><!----><\/p>\n<div class=\"wordpress-paragraph\" style=\"--25ab227a:left;\" data-v-c0f9f52b=\"\">\n<p><strong>Joshua Houston, experto en calderas en GreenMatch:<\/strong><\/p>\n<\/div>\n<p><!----><\/p>\n<div class=\"wordpress-paragraph\" style=\"--25ab227a:left;\" data-v-c0f9f52b=\"\">\n<p>&#8221; Las palabras &#8216;calefacci\u00f3n&#8217; o &#8216;caldera&#8217; son probablemente lo \u00faltimo que la gente quiere escuchar en este momento. Sin embargo, a medida que los costos de energ\u00eda aumentar\u00e1n en alrededor de \u00a3 100 al a\u00f1o en abril, obtener su caldera ordenada ahora podr\u00eda ser una buena manera de compensar esto.<\/p>\n<\/div>\n<p><!----><\/p>\n<div class=\"wordpress-paragraph\" style=\"--25ab227a:left;\" data-v-c0f9f52b=\"\">\n<p>Tambi\u00e9n ahorrar\u00e1 una espera potencialmente larga el pr\u00f3ximo oto\u00f1o, ya que habr\u00eda preparado su caldera y sistema de calefacci\u00f3n por adelantado &#8221;.<\/p>\n<\/div>\n<p><!--)--><\/div>\n","protected":false},"excerpt":{"rendered":"<p>La temporada de invierno finalmente ha terminado, y el p\u00fablico en general se sentir\u00e1 aliviado de que pronto puedan olvidarse de su calefacci\u00f3n durante al<\/p>\n","protected":false},"author":1,"featured_media":3122,"comment_status":"closed","ping_status":"","sticky":false,"template":"","format":"standard","meta":{"footnotes":""},"categories":[4],"tags":[729,28,4048,15,2066,2324,62,137,4047,406,562,37],"class_list":["post-3121","post","type-post","status-publish","format-standard","has-post-thumbnail","hentry","category-ambiente","tag-barato","tag-caldera","tag-calidos","tag-como","tag-comprar","tag-durante","tag-los","tag-mas","tag-meses","tag-puede","tag-ser","tag-una","generate-columns","tablet-grid-50","mobile-grid-100","grid-parent","grid-50"],"yoast_head":"<!-- This site is optimized with the Yoast SEO plugin v23.4 - https:\/\/yoast.com\/wordpress\/plugins\/seo\/ -->\n<title>C\u00f3mo comprar una caldera durante los meses m\u00e1s c\u00e1lidos puede ser m\u00e1s barato - Consejos - Santa Catarina<\/title>\n<meta name=\"robots\" content=\"index, follow, max-snippet:-1, max-image-preview:large, max-video-preview:-1\" \/>\n<link rel=\"canonical\" href=\"https:\/\/stacatarina.mx\/consejos\/como-comprar-una-caldera-durante-los-meses-mas-calidos-puede-ser-mas-barato\/\" \/>\n<meta property=\"og:locale\" content=\"es_MX\" \/>\n<meta property=\"og:type\" content=\"article\" \/>\n<meta property=\"og:title\" content=\"C\u00f3mo comprar una caldera durante los meses m\u00e1s c\u00e1lidos puede ser m\u00e1s barato - Consejos - Santa Catarina\" \/>\n<meta property=\"og:description\" content=\"La temporada de invierno finalmente ha terminado, y el p\u00fablico en general se sentir\u00e1 aliviado de que pronto puedan olvidarse de su calefacci\u00f3n durante al\" \/>\n<meta property=\"og:url\" content=\"https:\/\/stacatarina.mx\/consejos\/como-comprar-una-caldera-durante-los-meses-mas-calidos-puede-ser-mas-barato\/\" \/>\n<meta property=\"og:site_name\" content=\"Santa Catarina\" \/>\n<meta property=\"article:publisher\" content=\"https:\/\/www.facebook.com\/stacatarinagob\/\" \/>\n<meta property=\"article:published_time\" content=\"2025-03-12T11:26:21+00:00\" \/>\n<meta property=\"article:modified_time\" content=\"2025-03-12T11:26:22+00:00\" \/>\n<meta property=\"og:image\" content=\"https:\/\/stacatarina.mx\/consejos\/wp-content\/uploads\/2025\/03\/Como-comprar-una-caldera-durante-los-meses-mas-calidos-puede.png\" \/>\n\t<meta property=\"og:image:width\" content=\"730\" \/>\n\t<meta property=\"og:image:height\" content=\"330\" \/>\n\t<meta property=\"og:image:type\" content=\"image\/png\" \/>\n<meta name=\"author\" content=\"Pedro Mart\u00ednez\" \/>\n<meta name=\"twitter:card\" content=\"summary_large_image\" \/>\n<meta name=\"twitter:creator\" content=\"@stacatarinagob\" \/>\n<meta name=\"twitter:site\" content=\"@stacatarinagob\" \/>\n<meta name=\"twitter:label1\" content=\"Escrito por\" \/>\n\t<meta name=\"twitter:data1\" content=\"Pedro Mart\u00ednez\" \/>\n\t<meta name=\"twitter:label2\" content=\"Tiempo de lectura\" \/>\n\t<meta name=\"twitter:data2\" content=\"3 minutos\" \/>\n<script type=\"application\/ld+json\" class=\"yoast-schema-graph\">{\"@context\":\"https:\/\/schema.org\",\"@graph\":[{\"@type\":\"Article\",\"@id\":\"https:\/\/stacatarina.mx\/consejos\/como-comprar-una-caldera-durante-los-meses-mas-calidos-puede-ser-mas-barato\/#article\",\"isPartOf\":{\"@id\":\"https:\/\/stacatarina.mx\/consejos\/como-comprar-una-caldera-durante-los-meses-mas-calidos-puede-ser-mas-barato\/\"},\"author\":{\"name\":\"Pedro Mart\u00ednez\",\"@id\":\"https:\/\/stacatarina.mx\/consejos\/#\/schema\/person\/0be60adffa8e4c4d0828fdf021450e8a\"},\"headline\":\"C\u00f3mo comprar una caldera durante los meses m\u00e1s c\u00e1lidos puede ser m\u00e1s barato\",\"datePublished\":\"2025-03-12T11:26:21+00:00\",\"dateModified\":\"2025-03-12T11:26:22+00:00\",\"mainEntityOfPage\":{\"@id\":\"https:\/\/stacatarina.mx\/consejos\/como-comprar-una-caldera-durante-los-meses-mas-calidos-puede-ser-mas-barato\/\"},\"wordCount\":531,\"publisher\":{\"@id\":\"https:\/\/stacatarina.mx\/consejos\/#organization\"},\"image\":{\"@id\":\"https:\/\/stacatarina.mx\/consejos\/como-comprar-una-caldera-durante-los-meses-mas-calidos-puede-ser-mas-barato\/#primaryimage\"},\"thumbnailUrl\":\"https:\/\/stacatarina.mx\/consejos\/wp-content\/uploads\/2025\/03\/Como-comprar-una-caldera-durante-los-meses-mas-calidos-puede.png\",\"keywords\":[\"barato\",\"caldera\",\"c\u00e1lidos\",\"c\u00f3mo\",\"comprar\",\"Durante\",\"los\",\"m\u00e1s\",\"meses\",\"puede\",\"ser\",\"una\"],\"articleSection\":[\"Ambiente\"],\"inLanguage\":\"es\"},{\"@type\":\"WebPage\",\"@id\":\"https:\/\/stacatarina.mx\/consejos\/como-comprar-una-caldera-durante-los-meses-mas-calidos-puede-ser-mas-barato\/\",\"url\":\"https:\/\/stacatarina.mx\/consejos\/como-comprar-una-caldera-durante-los-meses-mas-calidos-puede-ser-mas-barato\/\",\"name\":\"C\u00f3mo comprar una caldera durante los meses m\u00e1s c\u00e1lidos puede ser m\u00e1s barato - Consejos - Santa Catarina\",\"isPartOf\":{\"@id\":\"https:\/\/stacatarina.mx\/consejos\/#website\"},\"primaryImageOfPage\":{\"@id\":\"https:\/\/stacatarina.mx\/consejos\/como-comprar-una-caldera-durante-los-meses-mas-calidos-puede-ser-mas-barato\/#primaryimage\"},\"image\":{\"@id\":\"https:\/\/stacatarina.mx\/consejos\/como-comprar-una-caldera-durante-los-meses-mas-calidos-puede-ser-mas-barato\/#primaryimage\"},\"thumbnailUrl\":\"https:\/\/stacatarina.mx\/consejos\/wp-content\/uploads\/2025\/03\/Como-comprar-una-caldera-durante-los-meses-mas-calidos-puede.png\",\"datePublished\":\"2025-03-12T11:26:21+00:00\",\"dateModified\":\"2025-03-12T11:26:22+00:00\",\"breadcrumb\":{\"@id\":\"https:\/\/stacatarina.mx\/consejos\/como-comprar-una-caldera-durante-los-meses-mas-calidos-puede-ser-mas-barato\/#breadcrumb\"},\"inLanguage\":\"es\",\"potentialAction\":[{\"@type\":\"ReadAction\",\"target\":[\"https:\/\/stacatarina.mx\/consejos\/como-comprar-una-caldera-durante-los-meses-mas-calidos-puede-ser-mas-barato\/\"]}]},{\"@type\":\"ImageObject\",\"inLanguage\":\"es\",\"@id\":\"https:\/\/stacatarina.mx\/consejos\/como-comprar-una-caldera-durante-los-meses-mas-calidos-puede-ser-mas-barato\/#primaryimage\",\"url\":\"https:\/\/stacatarina.mx\/consejos\/wp-content\/uploads\/2025\/03\/Como-comprar-una-caldera-durante-los-meses-mas-calidos-puede.png\",\"contentUrl\":\"https:\/\/stacatarina.mx\/consejos\/wp-content\/uploads\/2025\/03\/Como-comprar-una-caldera-durante-los-meses-mas-calidos-puede.png\",\"width\":730,\"height\":330,\"caption\":\"C\u00f3mo comprar una caldera durante los meses m\u00e1s c\u00e1lidos puede ser m\u00e1s barato\"},{\"@type\":\"BreadcrumbList\",\"@id\":\"https:\/\/stacatarina.mx\/consejos\/como-comprar-una-caldera-durante-los-meses-mas-calidos-puede-ser-mas-barato\/#breadcrumb\",\"itemListElement\":[{\"@type\":\"ListItem\",\"position\":1,\"name\":\"Inicio\",\"item\":\"https:\/\/stacatarina.mx\/consejos\/\"},{\"@type\":\"ListItem\",\"position\":2,\"name\":\"C\u00f3mo comprar una caldera durante los meses m\u00e1s c\u00e1lidos puede ser m\u00e1s barato\"}]},{\"@type\":\"WebSite\",\"@id\":\"https:\/\/stacatarina.mx\/consejos\/#website\",\"url\":\"https:\/\/stacatarina.mx\/consejos\/\",\"name\":\"Santa Catarina\",\"description\":\"\",\"publisher\":{\"@id\":\"https:\/\/stacatarina.mx\/consejos\/#organization\"},\"potentialAction\":[{\"@type\":\"SearchAction\",\"target\":{\"@type\":\"EntryPoint\",\"urlTemplate\":\"https:\/\/stacatarina.mx\/consejos\/?s={search_term_string}\"},\"query-input\":{\"@type\":\"PropertyValueSpecification\",\"valueRequired\":true,\"valueName\":\"search_term_string\"}}],\"inLanguage\":\"es\"},{\"@type\":\"Organization\",\"@id\":\"https:\/\/stacatarina.mx\/consejos\/#organization\",\"name\":\"Santa Catarina\",\"url\":\"https:\/\/stacatarina.mx\/consejos\/\",\"logo\":{\"@type\":\"ImageObject\",\"inLanguage\":\"es\",\"@id\":\"https:\/\/stacatarina.mx\/consejos\/#\/schema\/logo\/image\/\",\"url\":\"https:\/\/stacatarina.mx\/consejos\/wp-content\/uploads\/2024\/09\/cropped-favicon-1-1.png\",\"contentUrl\":\"https:\/\/stacatarina.mx\/consejos\/wp-content\/uploads\/2024\/09\/cropped-favicon-1-1.png\",\"width\":512,\"height\":512,\"caption\":\"Santa Catarina\"},\"image\":{\"@id\":\"https:\/\/stacatarina.mx\/consejos\/#\/schema\/logo\/image\/\"},\"sameAs\":[\"https:\/\/www.facebook.com\/stacatarinagob\/\",\"https:\/\/x.com\/stacatarinagob\",\"https:\/\/www.instagram.com\/stacatarinagob\/\",\"https:\/\/www.youtube.com\/channel\/UCK-6cQJL_904665N1_nLTWw\"]},{\"@type\":\"Person\",\"@id\":\"https:\/\/stacatarina.mx\/consejos\/#\/schema\/person\/0be60adffa8e4c4d0828fdf021450e8a\",\"name\":\"Pedro Mart\u00ednez\",\"image\":{\"@type\":\"ImageObject\",\"inLanguage\":\"es\",\"@id\":\"https:\/\/stacatarina.mx\/consejos\/#\/schema\/person\/image\/\",\"url\":\"https:\/\/stacatarina.mx\/consejos\/wp-content\/uploads\/2024\/09\/stacatarina.jpg\",\"contentUrl\":\"https:\/\/stacatarina.mx\/consejos\/wp-content\/uploads\/2024\/09\/stacatarina.jpg\",\"caption\":\"Pedro Mart\u00ednez\"},\"description\":\"Hola, soy Pedro Mart\u00ednez, redactor jefe del sitio oficial del ayuntamiento de Santa Catarina, en M\u00e9xico. Con m\u00e1s de diez a\u00f1os de experiencia en el periodismo local, tengo una pasi\u00f3n por la investigaci\u00f3n y la difusi\u00f3n de informaci\u00f3n que valoriza nuestra hermosa comunidad. Mi compromiso es hacer de Santa Catarina una referencia en materia de transparencia y comunicaci\u00f3n municipal.\",\"sameAs\":[\"https:\/\/stacatarina.mx\/\"]}]}<\/script>\n<!-- \/ Yoast SEO plugin. -->","yoast_head_json":{"title":"C\u00f3mo comprar una caldera durante los meses m\u00e1s c\u00e1lidos puede ser m\u00e1s barato - Consejos - Santa Catarina","robots":{"index":"index","follow":"follow","max-snippet":"max-snippet:-1","max-image-preview":"max-image-preview:large","max-video-preview":"max-video-preview:-1"},"canonical":"https:\/\/stacatarina.mx\/consejos\/como-comprar-una-caldera-durante-los-meses-mas-calidos-puede-ser-mas-barato\/","og_locale":"es_MX","og_type":"article","og_title":"C\u00f3mo comprar una caldera durante los meses m\u00e1s c\u00e1lidos puede ser m\u00e1s barato - Consejos - Santa Catarina","og_description":"La temporada de invierno finalmente ha terminado, y el p\u00fablico en general se sentir\u00e1 aliviado de que pronto puedan olvidarse de su calefacci\u00f3n durante al","og_url":"https:\/\/stacatarina.mx\/consejos\/como-comprar-una-caldera-durante-los-meses-mas-calidos-puede-ser-mas-barato\/","og_site_name":"Santa Catarina","article_publisher":"https:\/\/www.facebook.com\/stacatarinagob\/","article_published_time":"2025-03-12T11:26:21+00:00","article_modified_time":"2025-03-12T11:26:22+00:00","og_image":[{"width":730,"height":330,"url":"https:\/\/stacatarina.mx\/consejos\/wp-content\/uploads\/2025\/03\/Como-comprar-una-caldera-durante-los-meses-mas-calidos-puede.png","type":"image\/png"}],"author":"Pedro Mart\u00ednez","twitter_card":"summary_large_image","twitter_creator":"@stacatarinagob","twitter_site":"@stacatarinagob","twitter_misc":{"Escrito por":"Pedro Mart\u00ednez","Tiempo de lectura":"3 minutos"},"schema":{"@context":"https:\/\/schema.org","@graph":[{"@type":"Article","@id":"https:\/\/stacatarina.mx\/consejos\/como-comprar-una-caldera-durante-los-meses-mas-calidos-puede-ser-mas-barato\/#article","isPartOf":{"@id":"https:\/\/stacatarina.mx\/consejos\/como-comprar-una-caldera-durante-los-meses-mas-calidos-puede-ser-mas-barato\/"},"author":{"name":"Pedro Mart\u00ednez","@id":"https:\/\/stacatarina.mx\/consejos\/#\/schema\/person\/0be60adffa8e4c4d0828fdf021450e8a"},"headline":"C\u00f3mo comprar una caldera durante los meses m\u00e1s c\u00e1lidos puede ser m\u00e1s barato","datePublished":"2025-03-12T11:26:21+00:00","dateModified":"2025-03-12T11:26:22+00:00","mainEntityOfPage":{"@id":"https:\/\/stacatarina.mx\/consejos\/como-comprar-una-caldera-durante-los-meses-mas-calidos-puede-ser-mas-barato\/"},"wordCount":531,"publisher":{"@id":"https:\/\/stacatarina.mx\/consejos\/#organization"},"image":{"@id":"https:\/\/stacatarina.mx\/consejos\/como-comprar-una-caldera-durante-los-meses-mas-calidos-puede-ser-mas-barato\/#primaryimage"},"thumbnailUrl":"https:\/\/stacatarina.mx\/consejos\/wp-content\/uploads\/2025\/03\/Como-comprar-una-caldera-durante-los-meses-mas-calidos-puede.png","keywords":["barato","caldera","c\u00e1lidos","c\u00f3mo","comprar","Durante","los","m\u00e1s","meses","puede","ser","una"],"articleSection":["Ambiente"],"inLanguage":"es"},{"@type":"WebPage","@id":"https:\/\/stacatarina.mx\/consejos\/como-comprar-una-caldera-durante-los-meses-mas-calidos-puede-ser-mas-barato\/","url":"https:\/\/stacatarina.mx\/consejos\/como-comprar-una-caldera-durante-los-meses-mas-calidos-puede-ser-mas-barato\/","name":"C\u00f3mo comprar una caldera durante los meses m\u00e1s c\u00e1lidos puede ser m\u00e1s barato - Consejos - Santa Catarina","isPartOf":{"@id":"https:\/\/stacatarina.mx\/consejos\/#website"},"primaryImageOfPage":{"@id":"https:\/\/stacatarina.mx\/consejos\/como-comprar-una-caldera-durante-los-meses-mas-calidos-puede-ser-mas-barato\/#primaryimage"},"image":{"@id":"https:\/\/stacatarina.mx\/consejos\/como-comprar-una-caldera-durante-los-meses-mas-calidos-puede-ser-mas-barato\/#primaryimage"},"thumbnailUrl":"https:\/\/stacatarina.mx\/consejos\/wp-content\/uploads\/2025\/03\/Como-comprar-una-caldera-durante-los-meses-mas-calidos-puede.png","datePublished":"2025-03-12T11:26:21+00:00","dateModified":"2025-03-12T11:26:22+00:00","breadcrumb":{"@id":"https:\/\/stacatarina.mx\/consejos\/como-comprar-una-caldera-durante-los-meses-mas-calidos-puede-ser-mas-barato\/#breadcrumb"},"inLanguage":"es","potentialAction":[{"@type":"ReadAction","target":["https:\/\/stacatarina.mx\/consejos\/como-comprar-una-caldera-durante-los-meses-mas-calidos-puede-ser-mas-barato\/"]}]},{"@type":"ImageObject","inLanguage":"es","@id":"https:\/\/stacatarina.mx\/consejos\/como-comprar-una-caldera-durante-los-meses-mas-calidos-puede-ser-mas-barato\/#primaryimage","url":"https:\/\/stacatarina.mx\/consejos\/wp-content\/uploads\/2025\/03\/Como-comprar-una-caldera-durante-los-meses-mas-calidos-puede.png","contentUrl":"https:\/\/stacatarina.mx\/consejos\/wp-content\/uploads\/2025\/03\/Como-comprar-una-caldera-durante-los-meses-mas-calidos-puede.png","width":730,"height":330,"caption":"C\u00f3mo comprar una caldera durante los meses m\u00e1s c\u00e1lidos puede ser m\u00e1s barato"},{"@type":"BreadcrumbList","@id":"https:\/\/stacatarina.mx\/consejos\/como-comprar-una-caldera-durante-los-meses-mas-calidos-puede-ser-mas-barato\/#breadcrumb","itemListElement":[{"@type":"ListItem","position":1,"name":"Inicio","item":"https:\/\/stacatarina.mx\/consejos\/"},{"@type":"ListItem","position":2,"name":"C\u00f3mo comprar una caldera durante los meses m\u00e1s c\u00e1lidos puede ser m\u00e1s barato"}]},{"@type":"WebSite","@id":"https:\/\/stacatarina.mx\/consejos\/#website","url":"https:\/\/stacatarina.mx\/consejos\/","name":"Santa Catarina","description":"","publisher":{"@id":"https:\/\/stacatarina.mx\/consejos\/#organization"},"potentialAction":[{"@type":"SearchAction","target":{"@type":"EntryPoint","urlTemplate":"https:\/\/stacatarina.mx\/consejos\/?s={search_term_string}"},"query-input":{"@type":"PropertyValueSpecification","valueRequired":true,"valueName":"search_term_string"}}],"inLanguage":"es"},{"@type":"Organization","@id":"https:\/\/stacatarina.mx\/consejos\/#organization","name":"Santa Catarina","url":"https:\/\/stacatarina.mx\/consejos\/","logo":{"@type":"ImageObject","inLanguage":"es","@id":"https:\/\/stacatarina.mx\/consejos\/#\/schema\/logo\/image\/","url":"https:\/\/stacatarina.mx\/consejos\/wp-content\/uploads\/2024\/09\/cropped-favicon-1-1.png","contentUrl":"https:\/\/stacatarina.mx\/consejos\/wp-content\/uploads\/2024\/09\/cropped-favicon-1-1.png","width":512,"height":512,"caption":"Santa Catarina"},"image":{"@id":"https:\/\/stacatarina.mx\/consejos\/#\/schema\/logo\/image\/"},"sameAs":["https:\/\/www.facebook.com\/stacatarinagob\/","https:\/\/x.com\/stacatarinagob","https:\/\/www.instagram.com\/stacatarinagob\/","https:\/\/www.youtube.com\/channel\/UCK-6cQJL_904665N1_nLTWw"]},{"@type":"Person","@id":"https:\/\/stacatarina.mx\/consejos\/#\/schema\/person\/0be60adffa8e4c4d0828fdf021450e8a","name":"Pedro Mart\u00ednez","image":{"@type":"ImageObject","inLanguage":"es","@id":"https:\/\/stacatarina.mx\/consejos\/#\/schema\/person\/image\/","url":"https:\/\/stacatarina.mx\/consejos\/wp-content\/uploads\/2024\/09\/stacatarina.jpg","contentUrl":"https:\/\/stacatarina.mx\/consejos\/wp-content\/uploads\/2024\/09\/stacatarina.jpg","caption":"Pedro Mart\u00ednez"},"description":"Hola, soy Pedro Mart\u00ednez, redactor jefe del sitio oficial del ayuntamiento de Santa Catarina, en M\u00e9xico. Con m\u00e1s de diez a\u00f1os de experiencia en el periodismo local, tengo una pasi\u00f3n por la investigaci\u00f3n y la difusi\u00f3n de informaci\u00f3n que valoriza nuestra hermosa comunidad. Mi compromiso es hacer de Santa Catarina una referencia en materia de transparencia y comunicaci\u00f3n municipal.","sameAs":["https:\/\/stacatarina.mx\/"]}]}},"_links":{"self":[{"href":"https:\/\/stacatarina.mx\/consejos\/wp-json\/wp\/v2\/posts\/3121"}],"collection":[{"href":"https:\/\/stacatarina.mx\/consejos\/wp-json\/wp\/v2\/posts"}],"about":[{"href":"https:\/\/stacatarina.mx\/consejos\/wp-json\/wp\/v2\/types\/post"}],"author":[{"embeddable":true,"href":"https:\/\/stacatarina.mx\/consejos\/wp-json\/wp\/v2\/users\/1"}],"replies":[{"embeddable":true,"href":"https:\/\/stacatarina.mx\/consejos\/wp-json\/wp\/v2\/comments?post=3121"}],"version-history":[{"count":1,"href":"https:\/\/stacatarina.mx\/consejos\/wp-json\/wp\/v2\/posts\/3121\/revisions"}],"predecessor-version":[{"id":3123,"href":"https:\/\/stacatarina.mx\/consejos\/wp-json\/wp\/v2\/posts\/3121\/revisions\/3123"}],"wp:featuredmedia":[{"embeddable":true,"href":"https:\/\/stacatarina.mx\/consejos\/wp-json\/wp\/v2\/media\/3122"}],"wp:attachment":[{"href":"https:\/\/stacatarina.mx\/consejos\/wp-json\/wp\/v2\/media?parent=3121"}],"wp:term":[{"taxonomy":"category","embeddable":true,"href":"https:\/\/stacatarina.mx\/consejos\/wp-json\/wp\/v2\/categories?post=3121"},{"taxonomy":"post_tag","embeddable":true,"href":"https:\/\/stacatarina.mx\/consejos\/wp-json\/wp\/v2\/tags?post=3121"}],"curies":[{"name":"wp","href":"https:\/\/api.w.org\/{rel}","templated":true}]}}