{"id":3179,"date":"2025-03-15T19:24:22","date_gmt":"2025-03-16T01:24:22","guid":{"rendered":"https:\/\/stacatarina.mx\/consejos\/descubrio-un-vinculo-sorprendente-entre-sus-alumnos-y-la-forma-en-que-almacena-recuerdos-durante-la-noche\/"},"modified":"2025-03-15T19:24:24","modified_gmt":"2025-03-16T01:24:24","slug":"descubrio-un-vinculo-sorprendente-entre-sus-alumnos-y-la-forma-en-que-almacena-recuerdos-durante-la-noche","status":"publish","type":"post","link":"https:\/\/stacatarina.mx\/consejos\/descubrio-un-vinculo-sorprendente-entre-sus-alumnos-y-la-forma-en-que-almacena-recuerdos-durante-la-noche\/","title":{"rendered":"Descubri\u00f3 un v\u00ednculo sorprendente entre sus alumnos y la forma en que almacena recuerdos durante la noche"},"content":{"rendered":"<p class=\"single-abstract\">\n<p>\t\t\t\t\t\t\t\t\t\t\t\t\t\t\t\t\tEn la tranquilidad del sue\u00f1o, los peque\u00f1os movimientos de los alumnos revelan un secreto extraordinario: el delicado acto del cerebro para preservar los recuerdos mientras forja otros nuevos.\n\t\t\t\t\t\t\t\t\t\t\t\t\t\t\t<\/p>\n<div class=\"daily-video\" style=\"display: none;\"><\/div>\n<div class=\"wrapper-player\" style=\"display: none; margin-bottom: 15px;\">\n<div id=\"daily-player\" style=\"position: relative; max-width: 100%;\" class=\"video-content\"><\/div>\n<\/p><\/div>\n<div class=\"image-wrapper featured-image no-lazy\" id=\"featured-image\"><\/div>\n<p><span style=\"font-weight: 400;\">Los ojos nunca mienten (ni siquiera cuando duermes) y la memoria es una cosa fr\u00e1gil y fugaz. Nos permite retener las caras de nuestros seres queridos, viajar en carreteras familiares y dominar nuevas habilidades. <strong>Pero, \u00bfc\u00f3mo mantiene intactos el cerebro los viejos recuerdos y deja espacio para otros nuevos?<\/strong> Los cient\u00edficos se preguntaron sobre esto durante d\u00e9cadas, en particular sobre el fen\u00f3meno conocido como &#8220;<strong>olvido catastr\u00f3fico<\/strong>&#8220;, En el que la nueva informaci\u00f3n sobrescribe al viejo conocido.<\/span><\/p>\n<p><span style=\"font-weight: 400;\">Los investigadores tienen <\/span><span style=\"font-weight: 400;\">descubrimiento<\/span><span style=\"font-weight: 400;\">  un v\u00ednculo sorprendente entre el <strong>Tama\u00f1o de pupilla durante el sue\u00f1o<\/strong> y la forma en que se desarrollan los recuerdos. Sus descubrimientos podr\u00edan ofrecer pistas para mejorar la memoria en los humanos e incluso inspirar el progreso en la inteligencia artificial.<\/span><\/p>\n<h2><strong>El estudio<\/strong><\/h2>\n<p><span style=\"font-weight: 400;\">El sue\u00f1o se divide en dos fases principales: <strong>Movimiento r\u00e1pido del ojo<\/strong> (movimiento de ojo r\u00e1pido) y. El sue\u00f1o no REM es el taller de reparaci\u00f3n del cuerpo, donde la respiraci\u00f3n se ralentiza, los m\u00fasculos se relajan y los recuerdos se consolidan silenciosamente en las fases m\u00e1s profundas. Es un momento de recuperaci\u00f3n, tanto f\u00edsico como mental. Luego viene REM Sleep, una fase m\u00e1s misteriosa caracterizada por ojos parpadeantes bajo p\u00e1rpados cerrados, actividades cerebrales intensificadas y sue\u00f1os v\u00edvidos.<\/span><\/p>\n<aside style=\"margin: 8px auto; text-align: center; display: block; clear: both;\">\n<div id=\"gpt-passback\">\n<\/div>\n<\/aside>\n<p><span style=\"font-weight: 400;\">Los acad\u00e9micos monitorearon el cerebro y las pupilas mientras los sujetos dorm\u00edan. Notaron un esquema: <strong>Durante una especificaci\u00f3n de sue\u00f1o no REM, los alumnos contrataron, informando la consolidaci\u00f3n de las tareas que acaban de aprender<\/strong>. Posteriormente, a medida que los alumnos se dilataron, los recuerdos m\u00e1s antiguos fueron revisados \u200b\u200by fortalecidos.<\/span><\/p>\n<p><span style=\"font-weight: 400;\">La investigaci\u00f3n revel\u00f3 una microestructura previamente desconocida de sue\u00f1o no reheciente, en la que el cerebro alterna la elaboraci\u00f3n de recuerdos nuevos y viejos. <strong>Al interrumpir el sue\u00f1o en momentos cr\u00edticos, los investigadores descubrieron que era dif\u00edcil recordar tareas recientes o anteriores<\/strong>dependiendo del momento de la interrupci\u00f3n.<\/span><\/p>\n<p><span style=\"font-weight: 400;\">Este estudio es prometedor para la inteligencia artificial. Las redes neuronales, la columna vertebral de los sistemas de inteligencia artificial, a menudo enfrentan desaf\u00edos similares al olvido catastr\u00f3fico. Las ideas sobre c\u00f3mo el cerebro protege y consolida los recuerdos podr\u00eda inspirar algoritmos de aprendizaje autom\u00e1tico m\u00e1s robustos.<\/span><\/p>\n<p><span style=\"font-weight: 400;\">Fuente: <\/span><i><span style=\"font-weight: 400;\">Naturaleza<\/span><\/i><\/p>\n<p><span style=\"font-weight: 400;\">Puede que le interese:<\/span><\/p>\n","protected":false},"excerpt":{"rendered":"<p>En la tranquilidad del sue\u00f1o, los peque\u00f1os movimientos de los alumnos revelan un secreto extraordinario: el delicado acto del cerebro para preservar los recuerdos mientras<\/p>\n","protected":false},"author":1,"featured_media":3180,"comment_status":"closed","ping_status":"","sticky":false,"template":"","format":"standard","meta":{"footnotes":""},"categories":[762],"tags":[4112,303,3188,2324,1425,1942,2532,2401,3136,119,1424],"class_list":["post-3179","post","type-post","status-publish","format-standard","has-post-thumbnail","hentry","category-salud","tag-almacena","tag-alumnos","tag-descubrio","tag-durante","tag-entre","tag-forma","tag-noche","tag-recuerdos","tag-sorprendente","tag-sus","tag-vinculo","generate-columns","tablet-grid-50","mobile-grid-100","grid-parent","grid-50"],"yoast_head":"<!-- This site is optimized with the Yoast SEO plugin v23.4 - https:\/\/yoast.com\/wordpress\/plugins\/seo\/ -->\n<title>Descubri\u00f3 un v\u00ednculo sorprendente entre sus alumnos y la forma en que almacena recuerdos durante la noche - Consejos - Santa Catarina<\/title>\n<meta name=\"robots\" content=\"index, follow, max-snippet:-1, max-image-preview:large, max-video-preview:-1\" \/>\n<link rel=\"canonical\" href=\"https:\/\/stacatarina.mx\/consejos\/descubrio-un-vinculo-sorprendente-entre-sus-alumnos-y-la-forma-en-que-almacena-recuerdos-durante-la-noche\/\" \/>\n<meta property=\"og:locale\" content=\"es_MX\" \/>\n<meta property=\"og:type\" content=\"article\" \/>\n<meta property=\"og:title\" content=\"Descubri\u00f3 un v\u00ednculo sorprendente entre sus alumnos y la forma en que almacena recuerdos durante la noche - Consejos - Santa Catarina\" \/>\n<meta property=\"og:description\" content=\"En la tranquilidad del sue\u00f1o, los peque\u00f1os movimientos de los alumnos revelan un secreto extraordinario: el delicado acto del cerebro para preservar los recuerdos mientras\" \/>\n<meta property=\"og:url\" content=\"https:\/\/stacatarina.mx\/consejos\/descubrio-un-vinculo-sorprendente-entre-sus-alumnos-y-la-forma-en-que-almacena-recuerdos-durante-la-noche\/\" \/>\n<meta property=\"og:site_name\" content=\"Santa Catarina\" \/>\n<meta property=\"article:publisher\" content=\"https:\/\/www.facebook.com\/stacatarinagob\/\" \/>\n<meta property=\"article:published_time\" content=\"2025-03-16T01:24:22+00:00\" \/>\n<meta property=\"article:modified_time\" content=\"2025-03-16T01:24:24+00:00\" \/>\n<meta property=\"og:image\" content=\"https:\/\/stacatarina.mx\/consejos\/wp-content\/uploads\/2025\/03\/Descubrio-un-vinculo-sorprendente-entre-sus-alumnos-y-la-forma.webp.webp\" \/>\n\t<meta property=\"og:image:width\" content=\"1500\" \/>\n\t<meta property=\"og:image:height\" content=\"1000\" \/>\n\t<meta property=\"og:image:type\" content=\"image\/webp\" \/>\n<meta name=\"author\" content=\"Pedro Mart\u00ednez\" \/>\n<meta name=\"twitter:card\" content=\"summary_large_image\" \/>\n<meta name=\"twitter:creator\" content=\"@stacatarinagob\" \/>\n<meta name=\"twitter:site\" content=\"@stacatarinagob\" \/>\n<meta name=\"twitter:label1\" content=\"Escrito por\" \/>\n\t<meta name=\"twitter:data1\" content=\"Pedro Mart\u00ednez\" \/>\n\t<meta name=\"twitter:label2\" content=\"Tiempo de lectura\" \/>\n\t<meta name=\"twitter:data2\" content=\"2 minutos\" \/>\n<script type=\"application\/ld+json\" class=\"yoast-schema-graph\">{\"@context\":\"https:\/\/schema.org\",\"@graph\":[{\"@type\":\"Article\",\"@id\":\"https:\/\/stacatarina.mx\/consejos\/descubrio-un-vinculo-sorprendente-entre-sus-alumnos-y-la-forma-en-que-almacena-recuerdos-durante-la-noche\/#article\",\"isPartOf\":{\"@id\":\"https:\/\/stacatarina.mx\/consejos\/descubrio-un-vinculo-sorprendente-entre-sus-alumnos-y-la-forma-en-que-almacena-recuerdos-durante-la-noche\/\"},\"author\":{\"name\":\"Pedro Mart\u00ednez\",\"@id\":\"https:\/\/stacatarina.mx\/consejos\/#\/schema\/person\/0be60adffa8e4c4d0828fdf021450e8a\"},\"headline\":\"Descubri\u00f3 un v\u00ednculo sorprendente entre sus alumnos y la forma en que almacena recuerdos durante la noche\",\"datePublished\":\"2025-03-16T01:24:22+00:00\",\"dateModified\":\"2025-03-16T01:24:24+00:00\",\"mainEntityOfPage\":{\"@id\":\"https:\/\/stacatarina.mx\/consejos\/descubrio-un-vinculo-sorprendente-entre-sus-alumnos-y-la-forma-en-que-almacena-recuerdos-durante-la-noche\/\"},\"wordCount\":444,\"publisher\":{\"@id\":\"https:\/\/stacatarina.mx\/consejos\/#organization\"},\"image\":{\"@id\":\"https:\/\/stacatarina.mx\/consejos\/descubrio-un-vinculo-sorprendente-entre-sus-alumnos-y-la-forma-en-que-almacena-recuerdos-durante-la-noche\/#primaryimage\"},\"thumbnailUrl\":\"https:\/\/stacatarina.mx\/consejos\/wp-content\/uploads\/2025\/03\/Descubrio-un-vinculo-sorprendente-entre-sus-alumnos-y-la-forma.webp.webp\",\"keywords\":[\"almacena\",\"alumnos\",\"descubri\u00f3\",\"Durante\",\"entre\",\"forma\",\"noche\",\"recuerdos\",\"sorprendente\",\"sus\",\"v\u00ednculo\"],\"articleSection\":[\"Salud\"],\"inLanguage\":\"es\"},{\"@type\":\"WebPage\",\"@id\":\"https:\/\/stacatarina.mx\/consejos\/descubrio-un-vinculo-sorprendente-entre-sus-alumnos-y-la-forma-en-que-almacena-recuerdos-durante-la-noche\/\",\"url\":\"https:\/\/stacatarina.mx\/consejos\/descubrio-un-vinculo-sorprendente-entre-sus-alumnos-y-la-forma-en-que-almacena-recuerdos-durante-la-noche\/\",\"name\":\"Descubri\u00f3 un v\u00ednculo sorprendente entre sus alumnos y la forma en que almacena recuerdos durante la noche - Consejos - Santa Catarina\",\"isPartOf\":{\"@id\":\"https:\/\/stacatarina.mx\/consejos\/#website\"},\"primaryImageOfPage\":{\"@id\":\"https:\/\/stacatarina.mx\/consejos\/descubrio-un-vinculo-sorprendente-entre-sus-alumnos-y-la-forma-en-que-almacena-recuerdos-durante-la-noche\/#primaryimage\"},\"image\":{\"@id\":\"https:\/\/stacatarina.mx\/consejos\/descubrio-un-vinculo-sorprendente-entre-sus-alumnos-y-la-forma-en-que-almacena-recuerdos-durante-la-noche\/#primaryimage\"},\"thumbnailUrl\":\"https:\/\/stacatarina.mx\/consejos\/wp-content\/uploads\/2025\/03\/Descubrio-un-vinculo-sorprendente-entre-sus-alumnos-y-la-forma.webp.webp\",\"datePublished\":\"2025-03-16T01:24:22+00:00\",\"dateModified\":\"2025-03-16T01:24:24+00:00\",\"breadcrumb\":{\"@id\":\"https:\/\/stacatarina.mx\/consejos\/descubrio-un-vinculo-sorprendente-entre-sus-alumnos-y-la-forma-en-que-almacena-recuerdos-durante-la-noche\/#breadcrumb\"},\"inLanguage\":\"es\",\"potentialAction\":[{\"@type\":\"ReadAction\",\"target\":[\"https:\/\/stacatarina.mx\/consejos\/descubrio-un-vinculo-sorprendente-entre-sus-alumnos-y-la-forma-en-que-almacena-recuerdos-durante-la-noche\/\"]}]},{\"@type\":\"ImageObject\",\"inLanguage\":\"es\",\"@id\":\"https:\/\/stacatarina.mx\/consejos\/descubrio-un-vinculo-sorprendente-entre-sus-alumnos-y-la-forma-en-que-almacena-recuerdos-durante-la-noche\/#primaryimage\",\"url\":\"https:\/\/stacatarina.mx\/consejos\/wp-content\/uploads\/2025\/03\/Descubrio-un-vinculo-sorprendente-entre-sus-alumnos-y-la-forma.webp.webp\",\"contentUrl\":\"https:\/\/stacatarina.mx\/consejos\/wp-content\/uploads\/2025\/03\/Descubrio-un-vinculo-sorprendente-entre-sus-alumnos-y-la-forma.webp.webp\",\"width\":1500,\"height\":1000,\"caption\":\"pupilla ricordi\"},{\"@type\":\"BreadcrumbList\",\"@id\":\"https:\/\/stacatarina.mx\/consejos\/descubrio-un-vinculo-sorprendente-entre-sus-alumnos-y-la-forma-en-que-almacena-recuerdos-durante-la-noche\/#breadcrumb\",\"itemListElement\":[{\"@type\":\"ListItem\",\"position\":1,\"name\":\"Inicio\",\"item\":\"https:\/\/stacatarina.mx\/consejos\/\"},{\"@type\":\"ListItem\",\"position\":2,\"name\":\"Descubri\u00f3 un v\u00ednculo sorprendente entre sus alumnos y la forma en que almacena recuerdos durante la noche\"}]},{\"@type\":\"WebSite\",\"@id\":\"https:\/\/stacatarina.mx\/consejos\/#website\",\"url\":\"https:\/\/stacatarina.mx\/consejos\/\",\"name\":\"Santa Catarina\",\"description\":\"\",\"publisher\":{\"@id\":\"https:\/\/stacatarina.mx\/consejos\/#organization\"},\"potentialAction\":[{\"@type\":\"SearchAction\",\"target\":{\"@type\":\"EntryPoint\",\"urlTemplate\":\"https:\/\/stacatarina.mx\/consejos\/?s={search_term_string}\"},\"query-input\":{\"@type\":\"PropertyValueSpecification\",\"valueRequired\":true,\"valueName\":\"search_term_string\"}}],\"inLanguage\":\"es\"},{\"@type\":\"Organization\",\"@id\":\"https:\/\/stacatarina.mx\/consejos\/#organization\",\"name\":\"Santa Catarina\",\"url\":\"https:\/\/stacatarina.mx\/consejos\/\",\"logo\":{\"@type\":\"ImageObject\",\"inLanguage\":\"es\",\"@id\":\"https:\/\/stacatarina.mx\/consejos\/#\/schema\/logo\/image\/\",\"url\":\"https:\/\/stacatarina.mx\/consejos\/wp-content\/uploads\/2024\/09\/cropped-favicon-1-1.png\",\"contentUrl\":\"https:\/\/stacatarina.mx\/consejos\/wp-content\/uploads\/2024\/09\/cropped-favicon-1-1.png\",\"width\":512,\"height\":512,\"caption\":\"Santa Catarina\"},\"image\":{\"@id\":\"https:\/\/stacatarina.mx\/consejos\/#\/schema\/logo\/image\/\"},\"sameAs\":[\"https:\/\/www.facebook.com\/stacatarinagob\/\",\"https:\/\/x.com\/stacatarinagob\",\"https:\/\/www.instagram.com\/stacatarinagob\/\",\"https:\/\/www.youtube.com\/channel\/UCK-6cQJL_904665N1_nLTWw\"]},{\"@type\":\"Person\",\"@id\":\"https:\/\/stacatarina.mx\/consejos\/#\/schema\/person\/0be60adffa8e4c4d0828fdf021450e8a\",\"name\":\"Pedro Mart\u00ednez\",\"image\":{\"@type\":\"ImageObject\",\"inLanguage\":\"es\",\"@id\":\"https:\/\/stacatarina.mx\/consejos\/#\/schema\/person\/image\/\",\"url\":\"https:\/\/stacatarina.mx\/consejos\/wp-content\/uploads\/2024\/09\/stacatarina.jpg\",\"contentUrl\":\"https:\/\/stacatarina.mx\/consejos\/wp-content\/uploads\/2024\/09\/stacatarina.jpg\",\"caption\":\"Pedro Mart\u00ednez\"},\"description\":\"Hola, soy Pedro Mart\u00ednez, redactor jefe del sitio oficial del ayuntamiento de Santa Catarina, en M\u00e9xico. Con m\u00e1s de diez a\u00f1os de experiencia en el periodismo local, tengo una pasi\u00f3n por la investigaci\u00f3n y la difusi\u00f3n de informaci\u00f3n que valoriza nuestra hermosa comunidad. Mi compromiso es hacer de Santa Catarina una referencia en materia de transparencia y comunicaci\u00f3n municipal.\",\"sameAs\":[\"https:\/\/stacatarina.mx\/\"]}]}<\/script>\n<!-- \/ Yoast SEO plugin. -->","yoast_head_json":{"title":"Descubri\u00f3 un v\u00ednculo sorprendente entre sus alumnos y la forma en que almacena recuerdos durante la noche - Consejos - Santa Catarina","robots":{"index":"index","follow":"follow","max-snippet":"max-snippet:-1","max-image-preview":"max-image-preview:large","max-video-preview":"max-video-preview:-1"},"canonical":"https:\/\/stacatarina.mx\/consejos\/descubrio-un-vinculo-sorprendente-entre-sus-alumnos-y-la-forma-en-que-almacena-recuerdos-durante-la-noche\/","og_locale":"es_MX","og_type":"article","og_title":"Descubri\u00f3 un v\u00ednculo sorprendente entre sus alumnos y la forma en que almacena recuerdos durante la noche - Consejos - Santa Catarina","og_description":"En la tranquilidad del sue\u00f1o, los peque\u00f1os movimientos de los alumnos revelan un secreto extraordinario: el delicado acto del cerebro para preservar los recuerdos mientras","og_url":"https:\/\/stacatarina.mx\/consejos\/descubrio-un-vinculo-sorprendente-entre-sus-alumnos-y-la-forma-en-que-almacena-recuerdos-durante-la-noche\/","og_site_name":"Santa Catarina","article_publisher":"https:\/\/www.facebook.com\/stacatarinagob\/","article_published_time":"2025-03-16T01:24:22+00:00","article_modified_time":"2025-03-16T01:24:24+00:00","og_image":[{"width":1500,"height":1000,"url":"https:\/\/stacatarina.mx\/consejos\/wp-content\/uploads\/2025\/03\/Descubrio-un-vinculo-sorprendente-entre-sus-alumnos-y-la-forma.webp.webp","type":"image\/webp"}],"author":"Pedro Mart\u00ednez","twitter_card":"summary_large_image","twitter_creator":"@stacatarinagob","twitter_site":"@stacatarinagob","twitter_misc":{"Escrito por":"Pedro Mart\u00ednez","Tiempo de lectura":"2 minutos"},"schema":{"@context":"https:\/\/schema.org","@graph":[{"@type":"Article","@id":"https:\/\/stacatarina.mx\/consejos\/descubrio-un-vinculo-sorprendente-entre-sus-alumnos-y-la-forma-en-que-almacena-recuerdos-durante-la-noche\/#article","isPartOf":{"@id":"https:\/\/stacatarina.mx\/consejos\/descubrio-un-vinculo-sorprendente-entre-sus-alumnos-y-la-forma-en-que-almacena-recuerdos-durante-la-noche\/"},"author":{"name":"Pedro Mart\u00ednez","@id":"https:\/\/stacatarina.mx\/consejos\/#\/schema\/person\/0be60adffa8e4c4d0828fdf021450e8a"},"headline":"Descubri\u00f3 un v\u00ednculo sorprendente entre sus alumnos y la forma en que almacena recuerdos durante la noche","datePublished":"2025-03-16T01:24:22+00:00","dateModified":"2025-03-16T01:24:24+00:00","mainEntityOfPage":{"@id":"https:\/\/stacatarina.mx\/consejos\/descubrio-un-vinculo-sorprendente-entre-sus-alumnos-y-la-forma-en-que-almacena-recuerdos-durante-la-noche\/"},"wordCount":444,"publisher":{"@id":"https:\/\/stacatarina.mx\/consejos\/#organization"},"image":{"@id":"https:\/\/stacatarina.mx\/consejos\/descubrio-un-vinculo-sorprendente-entre-sus-alumnos-y-la-forma-en-que-almacena-recuerdos-durante-la-noche\/#primaryimage"},"thumbnailUrl":"https:\/\/stacatarina.mx\/consejos\/wp-content\/uploads\/2025\/03\/Descubrio-un-vinculo-sorprendente-entre-sus-alumnos-y-la-forma.webp.webp","keywords":["almacena","alumnos","descubri\u00f3","Durante","entre","forma","noche","recuerdos","sorprendente","sus","v\u00ednculo"],"articleSection":["Salud"],"inLanguage":"es"},{"@type":"WebPage","@id":"https:\/\/stacatarina.mx\/consejos\/descubrio-un-vinculo-sorprendente-entre-sus-alumnos-y-la-forma-en-que-almacena-recuerdos-durante-la-noche\/","url":"https:\/\/stacatarina.mx\/consejos\/descubrio-un-vinculo-sorprendente-entre-sus-alumnos-y-la-forma-en-que-almacena-recuerdos-durante-la-noche\/","name":"Descubri\u00f3 un v\u00ednculo sorprendente entre sus alumnos y la forma en que almacena recuerdos durante la noche - Consejos - Santa Catarina","isPartOf":{"@id":"https:\/\/stacatarina.mx\/consejos\/#website"},"primaryImageOfPage":{"@id":"https:\/\/stacatarina.mx\/consejos\/descubrio-un-vinculo-sorprendente-entre-sus-alumnos-y-la-forma-en-que-almacena-recuerdos-durante-la-noche\/#primaryimage"},"image":{"@id":"https:\/\/stacatarina.mx\/consejos\/descubrio-un-vinculo-sorprendente-entre-sus-alumnos-y-la-forma-en-que-almacena-recuerdos-durante-la-noche\/#primaryimage"},"thumbnailUrl":"https:\/\/stacatarina.mx\/consejos\/wp-content\/uploads\/2025\/03\/Descubrio-un-vinculo-sorprendente-entre-sus-alumnos-y-la-forma.webp.webp","datePublished":"2025-03-16T01:24:22+00:00","dateModified":"2025-03-16T01:24:24+00:00","breadcrumb":{"@id":"https:\/\/stacatarina.mx\/consejos\/descubrio-un-vinculo-sorprendente-entre-sus-alumnos-y-la-forma-en-que-almacena-recuerdos-durante-la-noche\/#breadcrumb"},"inLanguage":"es","potentialAction":[{"@type":"ReadAction","target":["https:\/\/stacatarina.mx\/consejos\/descubrio-un-vinculo-sorprendente-entre-sus-alumnos-y-la-forma-en-que-almacena-recuerdos-durante-la-noche\/"]}]},{"@type":"ImageObject","inLanguage":"es","@id":"https:\/\/stacatarina.mx\/consejos\/descubrio-un-vinculo-sorprendente-entre-sus-alumnos-y-la-forma-en-que-almacena-recuerdos-durante-la-noche\/#primaryimage","url":"https:\/\/stacatarina.mx\/consejos\/wp-content\/uploads\/2025\/03\/Descubrio-un-vinculo-sorprendente-entre-sus-alumnos-y-la-forma.webp.webp","contentUrl":"https:\/\/stacatarina.mx\/consejos\/wp-content\/uploads\/2025\/03\/Descubrio-un-vinculo-sorprendente-entre-sus-alumnos-y-la-forma.webp.webp","width":1500,"height":1000,"caption":"pupilla ricordi"},{"@type":"BreadcrumbList","@id":"https:\/\/stacatarina.mx\/consejos\/descubrio-un-vinculo-sorprendente-entre-sus-alumnos-y-la-forma-en-que-almacena-recuerdos-durante-la-noche\/#breadcrumb","itemListElement":[{"@type":"ListItem","position":1,"name":"Inicio","item":"https:\/\/stacatarina.mx\/consejos\/"},{"@type":"ListItem","position":2,"name":"Descubri\u00f3 un v\u00ednculo sorprendente entre sus alumnos y la forma en que almacena recuerdos durante la noche"}]},{"@type":"WebSite","@id":"https:\/\/stacatarina.mx\/consejos\/#website","url":"https:\/\/stacatarina.mx\/consejos\/","name":"Santa Catarina","description":"","publisher":{"@id":"https:\/\/stacatarina.mx\/consejos\/#organization"},"potentialAction":[{"@type":"SearchAction","target":{"@type":"EntryPoint","urlTemplate":"https:\/\/stacatarina.mx\/consejos\/?s={search_term_string}"},"query-input":{"@type":"PropertyValueSpecification","valueRequired":true,"valueName":"search_term_string"}}],"inLanguage":"es"},{"@type":"Organization","@id":"https:\/\/stacatarina.mx\/consejos\/#organization","name":"Santa Catarina","url":"https:\/\/stacatarina.mx\/consejos\/","logo":{"@type":"ImageObject","inLanguage":"es","@id":"https:\/\/stacatarina.mx\/consejos\/#\/schema\/logo\/image\/","url":"https:\/\/stacatarina.mx\/consejos\/wp-content\/uploads\/2024\/09\/cropped-favicon-1-1.png","contentUrl":"https:\/\/stacatarina.mx\/consejos\/wp-content\/uploads\/2024\/09\/cropped-favicon-1-1.png","width":512,"height":512,"caption":"Santa Catarina"},"image":{"@id":"https:\/\/stacatarina.mx\/consejos\/#\/schema\/logo\/image\/"},"sameAs":["https:\/\/www.facebook.com\/stacatarinagob\/","https:\/\/x.com\/stacatarinagob","https:\/\/www.instagram.com\/stacatarinagob\/","https:\/\/www.youtube.com\/channel\/UCK-6cQJL_904665N1_nLTWw"]},{"@type":"Person","@id":"https:\/\/stacatarina.mx\/consejos\/#\/schema\/person\/0be60adffa8e4c4d0828fdf021450e8a","name":"Pedro Mart\u00ednez","image":{"@type":"ImageObject","inLanguage":"es","@id":"https:\/\/stacatarina.mx\/consejos\/#\/schema\/person\/image\/","url":"https:\/\/stacatarina.mx\/consejos\/wp-content\/uploads\/2024\/09\/stacatarina.jpg","contentUrl":"https:\/\/stacatarina.mx\/consejos\/wp-content\/uploads\/2024\/09\/stacatarina.jpg","caption":"Pedro Mart\u00ednez"},"description":"Hola, soy Pedro Mart\u00ednez, redactor jefe del sitio oficial del ayuntamiento de Santa Catarina, en M\u00e9xico. Con m\u00e1s de diez a\u00f1os de experiencia en el periodismo local, tengo una pasi\u00f3n por la investigaci\u00f3n y la difusi\u00f3n de informaci\u00f3n que valoriza nuestra hermosa comunidad. Mi compromiso es hacer de Santa Catarina una referencia en materia de transparencia y comunicaci\u00f3n municipal.","sameAs":["https:\/\/stacatarina.mx\/"]}]}},"_links":{"self":[{"href":"https:\/\/stacatarina.mx\/consejos\/wp-json\/wp\/v2\/posts\/3179"}],"collection":[{"href":"https:\/\/stacatarina.mx\/consejos\/wp-json\/wp\/v2\/posts"}],"about":[{"href":"https:\/\/stacatarina.mx\/consejos\/wp-json\/wp\/v2\/types\/post"}],"author":[{"embeddable":true,"href":"https:\/\/stacatarina.mx\/consejos\/wp-json\/wp\/v2\/users\/1"}],"replies":[{"embeddable":true,"href":"https:\/\/stacatarina.mx\/consejos\/wp-json\/wp\/v2\/comments?post=3179"}],"version-history":[{"count":1,"href":"https:\/\/stacatarina.mx\/consejos\/wp-json\/wp\/v2\/posts\/3179\/revisions"}],"predecessor-version":[{"id":3181,"href":"https:\/\/stacatarina.mx\/consejos\/wp-json\/wp\/v2\/posts\/3179\/revisions\/3181"}],"wp:featuredmedia":[{"embeddable":true,"href":"https:\/\/stacatarina.mx\/consejos\/wp-json\/wp\/v2\/media\/3180"}],"wp:attachment":[{"href":"https:\/\/stacatarina.mx\/consejos\/wp-json\/wp\/v2\/media?parent=3179"}],"wp:term":[{"taxonomy":"category","embeddable":true,"href":"https:\/\/stacatarina.mx\/consejos\/wp-json\/wp\/v2\/categories?post=3179"},{"taxonomy":"post_tag","embeddable":true,"href":"https:\/\/stacatarina.mx\/consejos\/wp-json\/wp\/v2\/tags?post=3179"}],"curies":[{"name":"wp","href":"https:\/\/api.w.org\/{rel}","templated":true}]}}