{"id":3212,"date":"2025-03-18T06:23:31","date_gmt":"2025-03-18T12:23:31","guid":{"rendered":"https:\/\/stacatarina.mx\/consejos\/cinco-senales-de-que-su-caldera-no-esta-en-funcionamiento\/"},"modified":"2025-03-18T06:23:31","modified_gmt":"2025-03-18T12:23:31","slug":"cinco-senales-de-que-su-caldera-no-esta-en-funcionamiento","status":"publish","type":"post","link":"https:\/\/stacatarina.mx\/consejos\/cinco-senales-de-que-su-caldera-no-esta-en-funcionamiento\/","title":{"rendered":"Cinco se\u00f1ales de que su caldera no est\u00e1 en funcionamiento"},"content":{"rendered":"<div><!--(--><!----><!----><\/p>\n<div class=\"wordpress-image\">\n<figure class=\"wp-block-image size-full no-shadow\"><img decoding=\"async\" src=\"https:\/\/stacatarina.mx\/consejos\/wp-content\/uploads\/2025\/03\/Cinco-senales-de-que-su-caldera-no-esta-en-funcionamiento.png\" alt=\"Cinco se\u00f1ales de que su caldera no est\u00e1 en funcionamiento\n\" class=\"wp-image-135723\"><\/figure>\n<\/div>\n<p><!----><\/p>\n<div class=\"wordpress-paragraph\" style=\"--25ab227a:left;\" data-v-c0f9f52b=\"\">\n<p>Durante todo el a\u00f1o, millones de casas dependen de calderas para calidez y duchas calientes. Sin embargo, cuanto m\u00e1s se usan, m\u00e1s a menudo resultan en mal funcionamiento y reparaciones de alto precio, lo cual no solo es una situaci\u00f3n complicada, dada la crisis actual del costo de vida, sino tambi\u00e9n peligrosa.<\/p>\n<\/div>\n<p><!----><\/p>\n<div class=\"wordpress-paragraph\" style=\"--25ab227a:left;\" data-v-c0f9f52b=\"\">\n<p>A medida que los precios de la energ\u00eda contin\u00faan aumentando, es m\u00e1s importante ser proactivo sobre el mantenimiento de la caldera. La detecci\u00f3n temprana de los problemas de la caldera probablemente puede ayudarlo a evitar gastar dinero en reparaciones y garantizar que su sistema de calefacci\u00f3n funcione correctamente, asegurando que disminuya las facturas de energ\u00eda a largo plazo. <\/p>\n<\/div>\n<p><!----><\/p>\n<div class=\"wordpress-paragraph\" style=\"--25ab227a:left;\" data-v-c0f9f52b=\"\">\n<p>Por esa raz\u00f3n, nuestra experta en calderas, Carmen Mata Castillo, ha revelado cinco se\u00f1ales de que su caldera no est\u00e1 en funcionamiento. <\/p>\n<\/div>\n<p><!----><!----><\/p>\n<div class=\"wordpress-paragraph\" style=\"--25ab227a:left;\" data-v-c0f9f52b=\"\">\n<p>Las fugas de la caldera son un problema importante que puede resultar en da\u00f1os significativos y reparaciones de alto costo (entre \u00a3 100 a \u00a3 500). Pueden surgir como consecuencia de la falla del componente, la alta presi\u00f3n del agua o los componentes interiores da\u00f1ados. Incluso las fugas m\u00e1s peque\u00f1as pueden consumir cantidades notables de agua, agregando un aumento a sus gastos y provocando posibles da\u00f1os. <\/p>\n<\/div>\n<p><!----><\/p>\n<div class=\"wordpress-paragraph\" style=\"--25ab227a:left;\" data-v-c0f9f52b=\"\">\n<p>Por ejemplo, el costo para reemplazar tuber\u00edas deterioradas se encuentra entre \u00a3 200 y \u00a3 300 (por tuber\u00eda). En casos extremos, puede costar hasta \u00a3 1000 a \u00a3 3000. Para detener m\u00e1s da\u00f1os, consultar a un ingeniero experimentado es esencial. <\/p>\n<\/div>\n<p><!----><!----><\/p>\n<div class=\"wordpress-paragraph\" style=\"--25ab227a:left;\" data-v-c0f9f52b=\"\">\n<p>La falta de agua caliente es un signo claro de preocupaciones subyacentes, como la baja presi\u00f3n de la caldera, los termostatos no funcionales o la falla de la v\u00e1lvula del desviador. Por ejemplo, podr\u00eda ser necesario reemplazar o restaurar una v\u00e1lvula del desviador de mal funcionamiento que env\u00eda agua caliente a sus grifos o radiadores. Por lo general, esta es una reparaci\u00f3n m\u00e1s costosa y compleja, que var\u00eda de \u00a3 80 a \u00a3 350. Por lo tanto, es necesario restaurar su suministro de agua caliente para resolver estos problemas. <\/p>\n<\/div>\n<p><!----><\/p>\n<div class=\"wordpress-paragraph\" style=\"--25ab227a:left;\" data-v-c0f9f52b=\"\">\n<p>Adem\u00e1s, sus facturas de energ\u00eda pueden aumentar f\u00e1cilmente debido a la ausencia de agua caliente. En situaciones en las que su caldera no produce agua caliente de manera efectiva, su caldera puede tener que correr m\u00e1s tiempo, lo que podr\u00eda elevar su consumo de energ\u00eda. En este caso, tome acciones r\u00e1pidas que restauren la eficiencia de su caldera y reduzcan los gastos de energ\u00eda derrochadores. <\/p>\n<\/div>\n<p><!----><!----><\/p>\n<div class=\"wordpress-paragraph\" style=\"--25ab227a:left;\" data-v-c0f9f52b=\"\">\n<p>Los ruidosos ruidosos o los ruidos de silbidos en su hogar pueden ayudarlo a notar que su caldera es muy probable que tenga fugas. Normalmente, tales ruidos indican problemas subyacentes, como aire atrapado o piezas sueltas. Esto puede requerir operaciones tales como el enjuague de potencia (con un precio entre \u00a3 350 y \u00a3 800) o el servicio de caldera est\u00e1ndar (con un precio entre \u00a3 55 a \u00a3 100), los cuales son vitales cuando intentan resolver estas preocupaciones. Si opta por ignorar estos problemas, puede resultar en un da\u00f1o m\u00e1s costoso y grave. <\/p>\n<\/div>\n<p><!----><!----><\/p>\n<div class=\"wordpress-paragraph\" style=\"--25ab227a:left;\" data-v-c0f9f52b=\"\">\n<p>Los olores at\u00edpicos de metal o huevos podridos indican que posiblemente tenga una fuga de gas. Si se distingue, debe abandonar su hogar y obtener un ingeniero seguro para gas. Dependiendo de la gravedad de la fuga, las reparaciones podr\u00edan costar entre \u00a3 300 y \u00a3 500. El mantenimiento regular y la instalaci\u00f3n de detectores de mon\u00f3xido de carbono juegan un papel importante para detectar estos problemas lo antes posible.  <\/p>\n<\/div>\n<p><!----><\/p>\n<div class=\"wordpress-paragraph\" style=\"--25ab227a:left;\" data-v-c0f9f52b=\"\">\n<p><strong>5: P\u00e9rdida persistente de la presi\u00f3n de la caldera <\/strong><\/p>\n<\/div>\n<p><!----><\/p>\n<div class=\"wordpress-paragraph\" style=\"--25ab227a:left;\" data-v-c0f9f52b=\"\">\n<p>La p\u00e9rdida de presi\u00f3n persistente es un signo de complicaciones, como fugas, recipientes de expansi\u00f3n o v\u00e1lvulas de alivio de presi\u00f3n que funcionan mal. Esto puede resultar en calentamiento ineficiente y da\u00f1os potenciales en componentes de la caldera. La represurizaci\u00f3n puede ser una soluci\u00f3n a corto plazo, generalmente que cuesta entre \u00a3 75 a \u00a3 100. Sin embargo, para identificar y abordar la raz\u00f3n ra\u00edz de la p\u00e9rdida de presi\u00f3n persistente, un examen profesional es crucial. <\/p>\n<\/div>\n<p><!----><\/p>\n<div class=\"wordpress-paragraph\" style=\"--25ab227a:left;\" data-v-c0f9f52b=\"\">\n<p><strong>Carmen Mata Castillo, experta en calderas en GreenMatch:<\/strong><\/p>\n<\/div>\n<p><!----><\/p>\n<div class=\"wordpress-paragraph\" style=\"--25ab227a:left;\" data-v-c0f9f52b=\"\">\n<p>\u201cHoy en d\u00eda, en el clima econ\u00f3mico de hoy, cada libra cuenta. <\/p>\n<\/div>\n<p><!----><\/p>\n<div class=\"wordpress-paragraph\" style=\"--25ab227a:left;\" data-v-c0f9f52b=\"\">\n<p>El mantenimiento constante de su caldera extiende su vida \u00fatil, ahorr\u00e1ndole costos ya que no hay necesidad de reemplazos o reparaciones. Por lo tanto, abordar las preocupaciones menores de antemano es esencial para que usted ahorre dinero y mantenga la tranquilidad &#8220;.<\/p>\n<\/div>\n<p><!--)--><\/div>\n","protected":false},"excerpt":{"rendered":"<p>Durante todo el a\u00f1o, millones de casas dependen de calderas para calidez y duchas calientes. Sin embargo, cuanto m\u00e1s se usan, m\u00e1s a menudo resultan<\/p>\n","protected":false},"author":1,"featured_media":3213,"comment_status":"closed","ping_status":"","sticky":false,"template":"","format":"standard","meta":{"footnotes":""},"categories":[4],"tags":[28,174,110,4141,149],"class_list":["post-3212","post","type-post","status-publish","format-standard","has-post-thumbnail","hentry","category-ambiente","tag-caldera","tag-cinco","tag-esta","tag-funcionamiento","tag-senales","generate-columns","tablet-grid-50","mobile-grid-100","grid-parent","grid-50"],"yoast_head":"<!-- This site is optimized with the Yoast SEO plugin v23.4 - https:\/\/yoast.com\/wordpress\/plugins\/seo\/ -->\n<title>Cinco se\u00f1ales de que su caldera no est\u00e1 en funcionamiento - Consejos - Santa Catarina<\/title>\n<meta name=\"robots\" content=\"index, follow, max-snippet:-1, max-image-preview:large, max-video-preview:-1\" \/>\n<link rel=\"canonical\" href=\"https:\/\/stacatarina.mx\/consejos\/cinco-senales-de-que-su-caldera-no-esta-en-funcionamiento\/\" \/>\n<meta property=\"og:locale\" content=\"es_MX\" \/>\n<meta property=\"og:type\" content=\"article\" \/>\n<meta property=\"og:title\" content=\"Cinco se\u00f1ales de que su caldera no est\u00e1 en funcionamiento - Consejos - Santa Catarina\" \/>\n<meta property=\"og:description\" content=\"Durante todo el a\u00f1o, millones de casas dependen de calderas para calidez y duchas calientes. Sin embargo, cuanto m\u00e1s se usan, m\u00e1s a menudo resultan\" \/>\n<meta property=\"og:url\" content=\"https:\/\/stacatarina.mx\/consejos\/cinco-senales-de-que-su-caldera-no-esta-en-funcionamiento\/\" \/>\n<meta property=\"og:site_name\" content=\"Santa Catarina\" \/>\n<meta property=\"article:publisher\" content=\"https:\/\/www.facebook.com\/stacatarinagob\/\" \/>\n<meta property=\"article:published_time\" content=\"2025-03-18T12:23:31+00:00\" \/>\n<meta property=\"og:image\" content=\"https:\/\/stacatarina.mx\/consejos\/wp-content\/uploads\/2025\/03\/Cinco-senales-de-que-su-caldera-no-esta-en-funcionamiento.png\" \/>\n\t<meta property=\"og:image:width\" content=\"730\" \/>\n\t<meta property=\"og:image:height\" content=\"330\" \/>\n\t<meta property=\"og:image:type\" content=\"image\/png\" \/>\n<meta name=\"author\" content=\"Pedro Mart\u00ednez\" \/>\n<meta name=\"twitter:card\" content=\"summary_large_image\" \/>\n<meta name=\"twitter:creator\" content=\"@stacatarinagob\" \/>\n<meta name=\"twitter:site\" content=\"@stacatarinagob\" \/>\n<meta name=\"twitter:label1\" content=\"Escrito por\" \/>\n\t<meta name=\"twitter:data1\" content=\"Pedro Mart\u00ednez\" \/>\n\t<meta name=\"twitter:label2\" content=\"Tiempo de lectura\" \/>\n\t<meta name=\"twitter:data2\" content=\"4 minutos\" \/>\n<script type=\"application\/ld+json\" class=\"yoast-schema-graph\">{\"@context\":\"https:\/\/schema.org\",\"@graph\":[{\"@type\":\"Article\",\"@id\":\"https:\/\/stacatarina.mx\/consejos\/cinco-senales-de-que-su-caldera-no-esta-en-funcionamiento\/#article\",\"isPartOf\":{\"@id\":\"https:\/\/stacatarina.mx\/consejos\/cinco-senales-de-que-su-caldera-no-esta-en-funcionamiento\/\"},\"author\":{\"name\":\"Pedro Mart\u00ednez\",\"@id\":\"https:\/\/stacatarina.mx\/consejos\/#\/schema\/person\/0be60adffa8e4c4d0828fdf021450e8a\"},\"headline\":\"Cinco se\u00f1ales de que su caldera no est\u00e1 en funcionamiento\",\"datePublished\":\"2025-03-18T12:23:31+00:00\",\"dateModified\":\"2025-03-18T12:23:31+00:00\",\"mainEntityOfPage\":{\"@id\":\"https:\/\/stacatarina.mx\/consejos\/cinco-senales-de-que-su-caldera-no-esta-en-funcionamiento\/\"},\"wordCount\":743,\"publisher\":{\"@id\":\"https:\/\/stacatarina.mx\/consejos\/#organization\"},\"image\":{\"@id\":\"https:\/\/stacatarina.mx\/consejos\/cinco-senales-de-que-su-caldera-no-esta-en-funcionamiento\/#primaryimage\"},\"thumbnailUrl\":\"https:\/\/stacatarina.mx\/consejos\/wp-content\/uploads\/2025\/03\/Cinco-senales-de-que-su-caldera-no-esta-en-funcionamiento.png\",\"keywords\":[\"caldera\",\"cinco\",\"esta\",\"funcionamiento\",\"se\u00f1ales\"],\"articleSection\":[\"Ambiente\"],\"inLanguage\":\"es\"},{\"@type\":\"WebPage\",\"@id\":\"https:\/\/stacatarina.mx\/consejos\/cinco-senales-de-que-su-caldera-no-esta-en-funcionamiento\/\",\"url\":\"https:\/\/stacatarina.mx\/consejos\/cinco-senales-de-que-su-caldera-no-esta-en-funcionamiento\/\",\"name\":\"Cinco se\u00f1ales de que su caldera no est\u00e1 en funcionamiento - Consejos - Santa Catarina\",\"isPartOf\":{\"@id\":\"https:\/\/stacatarina.mx\/consejos\/#website\"},\"primaryImageOfPage\":{\"@id\":\"https:\/\/stacatarina.mx\/consejos\/cinco-senales-de-que-su-caldera-no-esta-en-funcionamiento\/#primaryimage\"},\"image\":{\"@id\":\"https:\/\/stacatarina.mx\/consejos\/cinco-senales-de-que-su-caldera-no-esta-en-funcionamiento\/#primaryimage\"},\"thumbnailUrl\":\"https:\/\/stacatarina.mx\/consejos\/wp-content\/uploads\/2025\/03\/Cinco-senales-de-que-su-caldera-no-esta-en-funcionamiento.png\",\"datePublished\":\"2025-03-18T12:23:31+00:00\",\"dateModified\":\"2025-03-18T12:23:31+00:00\",\"breadcrumb\":{\"@id\":\"https:\/\/stacatarina.mx\/consejos\/cinco-senales-de-que-su-caldera-no-esta-en-funcionamiento\/#breadcrumb\"},\"inLanguage\":\"es\",\"potentialAction\":[{\"@type\":\"ReadAction\",\"target\":[\"https:\/\/stacatarina.mx\/consejos\/cinco-senales-de-que-su-caldera-no-esta-en-funcionamiento\/\"]}]},{\"@type\":\"ImageObject\",\"inLanguage\":\"es\",\"@id\":\"https:\/\/stacatarina.mx\/consejos\/cinco-senales-de-que-su-caldera-no-esta-en-funcionamiento\/#primaryimage\",\"url\":\"https:\/\/stacatarina.mx\/consejos\/wp-content\/uploads\/2025\/03\/Cinco-senales-de-que-su-caldera-no-esta-en-funcionamiento.png\",\"contentUrl\":\"https:\/\/stacatarina.mx\/consejos\/wp-content\/uploads\/2025\/03\/Cinco-senales-de-que-su-caldera-no-esta-en-funcionamiento.png\",\"width\":730,\"height\":330,\"caption\":\"Cinco se\u00f1ales de que su caldera no est\u00e1 en funcionamiento\"},{\"@type\":\"BreadcrumbList\",\"@id\":\"https:\/\/stacatarina.mx\/consejos\/cinco-senales-de-que-su-caldera-no-esta-en-funcionamiento\/#breadcrumb\",\"itemListElement\":[{\"@type\":\"ListItem\",\"position\":1,\"name\":\"Inicio\",\"item\":\"https:\/\/stacatarina.mx\/consejos\/\"},{\"@type\":\"ListItem\",\"position\":2,\"name\":\"Cinco se\u00f1ales de que su caldera no est\u00e1 en funcionamiento\"}]},{\"@type\":\"WebSite\",\"@id\":\"https:\/\/stacatarina.mx\/consejos\/#website\",\"url\":\"https:\/\/stacatarina.mx\/consejos\/\",\"name\":\"Santa Catarina\",\"description\":\"\",\"publisher\":{\"@id\":\"https:\/\/stacatarina.mx\/consejos\/#organization\"},\"potentialAction\":[{\"@type\":\"SearchAction\",\"target\":{\"@type\":\"EntryPoint\",\"urlTemplate\":\"https:\/\/stacatarina.mx\/consejos\/?s={search_term_string}\"},\"query-input\":{\"@type\":\"PropertyValueSpecification\",\"valueRequired\":true,\"valueName\":\"search_term_string\"}}],\"inLanguage\":\"es\"},{\"@type\":\"Organization\",\"@id\":\"https:\/\/stacatarina.mx\/consejos\/#organization\",\"name\":\"Santa Catarina\",\"url\":\"https:\/\/stacatarina.mx\/consejos\/\",\"logo\":{\"@type\":\"ImageObject\",\"inLanguage\":\"es\",\"@id\":\"https:\/\/stacatarina.mx\/consejos\/#\/schema\/logo\/image\/\",\"url\":\"https:\/\/stacatarina.mx\/consejos\/wp-content\/uploads\/2024\/09\/cropped-favicon-1-1.png\",\"contentUrl\":\"https:\/\/stacatarina.mx\/consejos\/wp-content\/uploads\/2024\/09\/cropped-favicon-1-1.png\",\"width\":512,\"height\":512,\"caption\":\"Santa Catarina\"},\"image\":{\"@id\":\"https:\/\/stacatarina.mx\/consejos\/#\/schema\/logo\/image\/\"},\"sameAs\":[\"https:\/\/www.facebook.com\/stacatarinagob\/\",\"https:\/\/x.com\/stacatarinagob\",\"https:\/\/www.instagram.com\/stacatarinagob\/\",\"https:\/\/www.youtube.com\/channel\/UCK-6cQJL_904665N1_nLTWw\"]},{\"@type\":\"Person\",\"@id\":\"https:\/\/stacatarina.mx\/consejos\/#\/schema\/person\/0be60adffa8e4c4d0828fdf021450e8a\",\"name\":\"Pedro Mart\u00ednez\",\"image\":{\"@type\":\"ImageObject\",\"inLanguage\":\"es\",\"@id\":\"https:\/\/stacatarina.mx\/consejos\/#\/schema\/person\/image\/\",\"url\":\"https:\/\/stacatarina.mx\/consejos\/wp-content\/uploads\/2024\/09\/stacatarina.jpg\",\"contentUrl\":\"https:\/\/stacatarina.mx\/consejos\/wp-content\/uploads\/2024\/09\/stacatarina.jpg\",\"caption\":\"Pedro Mart\u00ednez\"},\"description\":\"Hola, soy Pedro Mart\u00ednez, redactor jefe del sitio oficial del ayuntamiento de Santa Catarina, en M\u00e9xico. Con m\u00e1s de diez a\u00f1os de experiencia en el periodismo local, tengo una pasi\u00f3n por la investigaci\u00f3n y la difusi\u00f3n de informaci\u00f3n que valoriza nuestra hermosa comunidad. Mi compromiso es hacer de Santa Catarina una referencia en materia de transparencia y comunicaci\u00f3n municipal.\",\"sameAs\":[\"https:\/\/stacatarina.mx\/\"]}]}<\/script>\n<!-- \/ Yoast SEO plugin. -->","yoast_head_json":{"title":"Cinco se\u00f1ales de que su caldera no est\u00e1 en funcionamiento - Consejos - Santa Catarina","robots":{"index":"index","follow":"follow","max-snippet":"max-snippet:-1","max-image-preview":"max-image-preview:large","max-video-preview":"max-video-preview:-1"},"canonical":"https:\/\/stacatarina.mx\/consejos\/cinco-senales-de-que-su-caldera-no-esta-en-funcionamiento\/","og_locale":"es_MX","og_type":"article","og_title":"Cinco se\u00f1ales de que su caldera no est\u00e1 en funcionamiento - Consejos - Santa Catarina","og_description":"Durante todo el a\u00f1o, millones de casas dependen de calderas para calidez y duchas calientes. Sin embargo, cuanto m\u00e1s se usan, m\u00e1s a menudo resultan","og_url":"https:\/\/stacatarina.mx\/consejos\/cinco-senales-de-que-su-caldera-no-esta-en-funcionamiento\/","og_site_name":"Santa Catarina","article_publisher":"https:\/\/www.facebook.com\/stacatarinagob\/","article_published_time":"2025-03-18T12:23:31+00:00","og_image":[{"width":730,"height":330,"url":"https:\/\/stacatarina.mx\/consejos\/wp-content\/uploads\/2025\/03\/Cinco-senales-de-que-su-caldera-no-esta-en-funcionamiento.png","type":"image\/png"}],"author":"Pedro Mart\u00ednez","twitter_card":"summary_large_image","twitter_creator":"@stacatarinagob","twitter_site":"@stacatarinagob","twitter_misc":{"Escrito por":"Pedro Mart\u00ednez","Tiempo de lectura":"4 minutos"},"schema":{"@context":"https:\/\/schema.org","@graph":[{"@type":"Article","@id":"https:\/\/stacatarina.mx\/consejos\/cinco-senales-de-que-su-caldera-no-esta-en-funcionamiento\/#article","isPartOf":{"@id":"https:\/\/stacatarina.mx\/consejos\/cinco-senales-de-que-su-caldera-no-esta-en-funcionamiento\/"},"author":{"name":"Pedro Mart\u00ednez","@id":"https:\/\/stacatarina.mx\/consejos\/#\/schema\/person\/0be60adffa8e4c4d0828fdf021450e8a"},"headline":"Cinco se\u00f1ales de que su caldera no est\u00e1 en funcionamiento","datePublished":"2025-03-18T12:23:31+00:00","dateModified":"2025-03-18T12:23:31+00:00","mainEntityOfPage":{"@id":"https:\/\/stacatarina.mx\/consejos\/cinco-senales-de-que-su-caldera-no-esta-en-funcionamiento\/"},"wordCount":743,"publisher":{"@id":"https:\/\/stacatarina.mx\/consejos\/#organization"},"image":{"@id":"https:\/\/stacatarina.mx\/consejos\/cinco-senales-de-que-su-caldera-no-esta-en-funcionamiento\/#primaryimage"},"thumbnailUrl":"https:\/\/stacatarina.mx\/consejos\/wp-content\/uploads\/2025\/03\/Cinco-senales-de-que-su-caldera-no-esta-en-funcionamiento.png","keywords":["caldera","cinco","esta","funcionamiento","se\u00f1ales"],"articleSection":["Ambiente"],"inLanguage":"es"},{"@type":"WebPage","@id":"https:\/\/stacatarina.mx\/consejos\/cinco-senales-de-que-su-caldera-no-esta-en-funcionamiento\/","url":"https:\/\/stacatarina.mx\/consejos\/cinco-senales-de-que-su-caldera-no-esta-en-funcionamiento\/","name":"Cinco se\u00f1ales de que su caldera no est\u00e1 en funcionamiento - Consejos - Santa Catarina","isPartOf":{"@id":"https:\/\/stacatarina.mx\/consejos\/#website"},"primaryImageOfPage":{"@id":"https:\/\/stacatarina.mx\/consejos\/cinco-senales-de-que-su-caldera-no-esta-en-funcionamiento\/#primaryimage"},"image":{"@id":"https:\/\/stacatarina.mx\/consejos\/cinco-senales-de-que-su-caldera-no-esta-en-funcionamiento\/#primaryimage"},"thumbnailUrl":"https:\/\/stacatarina.mx\/consejos\/wp-content\/uploads\/2025\/03\/Cinco-senales-de-que-su-caldera-no-esta-en-funcionamiento.png","datePublished":"2025-03-18T12:23:31+00:00","dateModified":"2025-03-18T12:23:31+00:00","breadcrumb":{"@id":"https:\/\/stacatarina.mx\/consejos\/cinco-senales-de-que-su-caldera-no-esta-en-funcionamiento\/#breadcrumb"},"inLanguage":"es","potentialAction":[{"@type":"ReadAction","target":["https:\/\/stacatarina.mx\/consejos\/cinco-senales-de-que-su-caldera-no-esta-en-funcionamiento\/"]}]},{"@type":"ImageObject","inLanguage":"es","@id":"https:\/\/stacatarina.mx\/consejos\/cinco-senales-de-que-su-caldera-no-esta-en-funcionamiento\/#primaryimage","url":"https:\/\/stacatarina.mx\/consejos\/wp-content\/uploads\/2025\/03\/Cinco-senales-de-que-su-caldera-no-esta-en-funcionamiento.png","contentUrl":"https:\/\/stacatarina.mx\/consejos\/wp-content\/uploads\/2025\/03\/Cinco-senales-de-que-su-caldera-no-esta-en-funcionamiento.png","width":730,"height":330,"caption":"Cinco se\u00f1ales de que su caldera no est\u00e1 en funcionamiento"},{"@type":"BreadcrumbList","@id":"https:\/\/stacatarina.mx\/consejos\/cinco-senales-de-que-su-caldera-no-esta-en-funcionamiento\/#breadcrumb","itemListElement":[{"@type":"ListItem","position":1,"name":"Inicio","item":"https:\/\/stacatarina.mx\/consejos\/"},{"@type":"ListItem","position":2,"name":"Cinco se\u00f1ales de que su caldera no est\u00e1 en funcionamiento"}]},{"@type":"WebSite","@id":"https:\/\/stacatarina.mx\/consejos\/#website","url":"https:\/\/stacatarina.mx\/consejos\/","name":"Santa Catarina","description":"","publisher":{"@id":"https:\/\/stacatarina.mx\/consejos\/#organization"},"potentialAction":[{"@type":"SearchAction","target":{"@type":"EntryPoint","urlTemplate":"https:\/\/stacatarina.mx\/consejos\/?s={search_term_string}"},"query-input":{"@type":"PropertyValueSpecification","valueRequired":true,"valueName":"search_term_string"}}],"inLanguage":"es"},{"@type":"Organization","@id":"https:\/\/stacatarina.mx\/consejos\/#organization","name":"Santa Catarina","url":"https:\/\/stacatarina.mx\/consejos\/","logo":{"@type":"ImageObject","inLanguage":"es","@id":"https:\/\/stacatarina.mx\/consejos\/#\/schema\/logo\/image\/","url":"https:\/\/stacatarina.mx\/consejos\/wp-content\/uploads\/2024\/09\/cropped-favicon-1-1.png","contentUrl":"https:\/\/stacatarina.mx\/consejos\/wp-content\/uploads\/2024\/09\/cropped-favicon-1-1.png","width":512,"height":512,"caption":"Santa Catarina"},"image":{"@id":"https:\/\/stacatarina.mx\/consejos\/#\/schema\/logo\/image\/"},"sameAs":["https:\/\/www.facebook.com\/stacatarinagob\/","https:\/\/x.com\/stacatarinagob","https:\/\/www.instagram.com\/stacatarinagob\/","https:\/\/www.youtube.com\/channel\/UCK-6cQJL_904665N1_nLTWw"]},{"@type":"Person","@id":"https:\/\/stacatarina.mx\/consejos\/#\/schema\/person\/0be60adffa8e4c4d0828fdf021450e8a","name":"Pedro Mart\u00ednez","image":{"@type":"ImageObject","inLanguage":"es","@id":"https:\/\/stacatarina.mx\/consejos\/#\/schema\/person\/image\/","url":"https:\/\/stacatarina.mx\/consejos\/wp-content\/uploads\/2024\/09\/stacatarina.jpg","contentUrl":"https:\/\/stacatarina.mx\/consejos\/wp-content\/uploads\/2024\/09\/stacatarina.jpg","caption":"Pedro Mart\u00ednez"},"description":"Hola, soy Pedro Mart\u00ednez, redactor jefe del sitio oficial del ayuntamiento de Santa Catarina, en M\u00e9xico. Con m\u00e1s de diez a\u00f1os de experiencia en el periodismo local, tengo una pasi\u00f3n por la investigaci\u00f3n y la difusi\u00f3n de informaci\u00f3n que valoriza nuestra hermosa comunidad. Mi compromiso es hacer de Santa Catarina una referencia en materia de transparencia y comunicaci\u00f3n municipal.","sameAs":["https:\/\/stacatarina.mx\/"]}]}},"_links":{"self":[{"href":"https:\/\/stacatarina.mx\/consejos\/wp-json\/wp\/v2\/posts\/3212"}],"collection":[{"href":"https:\/\/stacatarina.mx\/consejos\/wp-json\/wp\/v2\/posts"}],"about":[{"href":"https:\/\/stacatarina.mx\/consejos\/wp-json\/wp\/v2\/types\/post"}],"author":[{"embeddable":true,"href":"https:\/\/stacatarina.mx\/consejos\/wp-json\/wp\/v2\/users\/1"}],"replies":[{"embeddable":true,"href":"https:\/\/stacatarina.mx\/consejos\/wp-json\/wp\/v2\/comments?post=3212"}],"version-history":[{"count":1,"href":"https:\/\/stacatarina.mx\/consejos\/wp-json\/wp\/v2\/posts\/3212\/revisions"}],"predecessor-version":[{"id":3214,"href":"https:\/\/stacatarina.mx\/consejos\/wp-json\/wp\/v2\/posts\/3212\/revisions\/3214"}],"wp:featuredmedia":[{"embeddable":true,"href":"https:\/\/stacatarina.mx\/consejos\/wp-json\/wp\/v2\/media\/3213"}],"wp:attachment":[{"href":"https:\/\/stacatarina.mx\/consejos\/wp-json\/wp\/v2\/media?parent=3212"}],"wp:term":[{"taxonomy":"category","embeddable":true,"href":"https:\/\/stacatarina.mx\/consejos\/wp-json\/wp\/v2\/categories?post=3212"},{"taxonomy":"post_tag","embeddable":true,"href":"https:\/\/stacatarina.mx\/consejos\/wp-json\/wp\/v2\/tags?post=3212"}],"curies":[{"name":"wp","href":"https:\/\/api.w.org\/{rel}","templated":true}]}}