{"id":3272,"date":"2025-03-23T12:23:45","date_gmt":"2025-03-23T18:23:45","guid":{"rendered":"https:\/\/stacatarina.mx\/consejos\/italia-en-el-techo-del-mundo-en-esqui-y-atletismo-todas-las-victorias-azules\/"},"modified":"2025-03-23T12:23:46","modified_gmt":"2025-03-23T18:23:46","slug":"italia-en-el-techo-del-mundo-en-esqui-y-atletismo-todas-las-victorias-azules","status":"publish","type":"post","link":"https:\/\/stacatarina.mx\/consejos\/italia-en-el-techo-del-mundo-en-esqui-y-atletismo-todas-las-victorias-azules\/","title":{"rendered":"Italia en el techo del mundo en esqu\u00ed y atletismo, todas las victorias azules"},"content":{"rendered":"<p class=\"single-abstract\">\n<p>\t\t\t\t\t\t\t\t\t\t\t\t\t\t\t\t\tWeekend to frame for the Azzurri in ski and athletics, with Mattia Furlani world champion in the long jump, Federica Brignone raising the general world cup in skiing (in addition to that of the free descent) and gold medal to Maurizio Bormolini\/Elisa Caffont and silver to Gabriel Messner\/Jasmin Corati in the snowboard, Team Parallel specialty\t\t\t\t\t\t\t\t\t\t\t\t\t\t\t<\/p>\n<div class=\"daily-video\" style=\"display: none;\"><\/div>\n<div class=\"wrapper-player\" style=\"display: none; margin-bottom: 15px;\">\n<div id=\"daily-player\" style=\"position: relative; max-width: 100%;\" class=\"video-content\"><\/div>\n<\/p><\/div>\n<div class=\"image-wrapper featured-image no-lazy\" id=\"featured-image\"><\/div>\n<p>Nuestro pa\u00eds aumenta <strong>Las tazas m\u00e1s prestigiosas<\/strong> y pone el cuello <strong>Las medallas m\u00e1s importantes<\/strong> en <strong>esqu\u00ed y atletismo<\/strong>en un fin de semana para enmarcar: <em>Mattia Furlani<\/em> es campe\u00f3n mundial en el salto de longitud, <em>Federica brignona<\/em> gana el <strong>Copa General del Mundo<\/strong> en esqu\u00ed (adem\u00e1s de la descendencia libre) y <em>Maurizio Bormolini\/Elisa Caffont<\/em> Medalla de oro y plata a <em>Gabriel Messner\/Jasmin Coratti<\/em> en <em>tabla de snowboard<\/em>especialidad <em>Equipo paralelo<\/em>.<\/p>\n<h2><strong>Los triunfos en el atletismo<\/strong><\/h2>\n<p>Despu\u00e9s de plata a <em>Europeo interior<\/em>, <strong>Andrea Furlani realiza el salto m\u00e1s largo al campeonato mundial de interior atl\u00e9tico<\/strong> a <em>Nanchino<\/em> con 8.60 metros.<\/p>\n<p>La espl\u00e9ndida noticia se produce inmediatamente despu\u00e9s del oro de <em>Andy D\u00edaz Hern\u00e1ndez<\/em>ex medalla de bronce ol\u00edmpica, que en el mismo campeonato mundial se eleva a la <strong>El paso m\u00e1s alto del podio en el triple salto<\/strong>.<\/p>\n<aside style=\"margin: 8px auto; text-align: center; display: block; clear: both;\">\n<div id=\"gpt-passback\">\n<\/div>\n<\/aside>\n<p>Sin olvidar el<strong>Oro incre\u00edble en los campeonatos europeos de interior<\/strong> por Larissa Ipichino, que excedi\u00f3 a la madre por 3 cent\u00edmetros <em>Fiona May<\/em>ganador del mismo t\u00edtulo hace 27 a\u00f1os.<\/p>\n<p><iframe class=\"lazy lazy-hidden\" style=\"border: none; overflow: hidden;\" data-lazy-type=\"iframe\" data-src=\"https:\/\/www.facebook.com\/plugins\/post.php?href=https%3A%2F%2Fwww.facebook.com%2Fgreenme.it%2Fposts%2Fpfbid0WPeUywMXCBX91xob4CYPFoR1AMXZ6PKnjgmKor2pE9FxYimqG3g1ktkYDUKMuw6Jl&amp;show_text=true&amp;width=500\" width=\"500\" height=\"717\" frameborder=\"0\" scrolling=\"no\" allowfullscreen=\"allowfullscreen\"><\/iframe><\/p>\n<p><noscript><iframe loading=\"lazy\" style=\"border: none; overflow: hidden;\" src=\"https:\/\/www.facebook.com\/plugins\/post.php?href=https%3A%2F%2Fwww.facebook.com%2Fgreenme.it%2Fposts%2Fpfbid0WPeUywMXCBX91xob4CYPFoR1AMXZ6PKnjgmKor2pE9FxYimqG3g1ktkYDUKMuw6Jl&amp;show_text=true&amp;width=500\" width=\"500\" height=\"717\" frameborder=\"0\" scrolling=\"no\" allowfullscreen=\"allowfullscreen\"><\/iframe><\/noscript><\/p>\n<p>Y no termina aqu\u00ed, porque <em>Dosso Zaynab<\/em> Tambi\u00e9n trae a casa una espl\u00e9ndida medalla de plata en los 60 metros.<\/p>\n<h2><strong>Los triunfos en el esqu\u00ed<\/strong><\/h2>\n<p><strong>Federica Brignone Show en la Copa Mundial de esqu\u00ed alpino femenino<\/strong>: El esquiador azul conquista tanto el descenso libre como la Copa General del Mundo (el segundo en su carrera).<\/p>\n<div class=\"wordpress responsive-container\">\n<blockquote class=\"twitter-tweet\" data-width=\"500\" data-dnt=\"true\">\n<p lang=\"it\" dir=\"ltr\">Historia azul en nieves \ud83c\uddee\ud83c\uddf9\ud83c\udf10\u2728<\/p>\n<p>Despu\u00e9s del descenso cancelado de Sun Valley, Federica Brignone gana el \ud835\udc2c\ud835\udc1e\ud835\udc1c\ud835\udc28\ud835\udc27\ud835\udc1d\ud835\udc1a \ud835\udc02\ud835\udc28\ud835\udc29\ud835\udc29\ud835\udc1a \ud835\udc20\ud835\udc1e\ud835\udc27\ud835\udc1e\ud835\udc2b\ud835\udc1a\ud835\udc25\ud835\udc1e \ud835\udc20\ud835\udc1e\ud835\udc27\ud835\udc1e\ud835\udc2b\ud835\udc1a\ud835\udc25\ud835\udc1e \ud835\udc20\ud835\udc1e\ud835\udc27\ud835\udc1e\ud835\udc2b\ud835\udc1a\ud835\udc25\ud835\udc1e \ud835\udc20\ud835\udc1e\ud835\udc27\ud835\udc1e\ud835\udc2b\ud835\udc1a\ud835\udc25\ud835\udc1e \ud835\udc20\ud835\udc1e\ud835\udc27\ud835\udc1e\ud835\udc2b\ud835\udc1a\ud835\udc25\ud835\udc1e \ud835\udc20\ud835\udc1e\ud835\udc27\ud835\udc1e\ud835\udc2b\ud835\udc1a\ud835\udc25\ud835\udc1e \ud835\udc20\ud835\udc1e\ud835\udc27\ud835\udc1e\ud835\udc2b\ud835\udc1a\ud835\udc25\ud835\udc1e \ud835\udc20\ud835\udc1e\ud835\udc27\ud835\udc1e\ud835\udc2b\ud835\udc1a\ud835\udc25\ud835\udc1e \ud835\udc20\ud835\udc1e\ud835\udc27\ud835\udc1e\ud835\udc2b\ud835\udc1a\ud835\udc25\ud835\udc1e \ud835\udc20\ud835\udc1e\ud835\udc27\ud835\udc1e\ud835\udc2b\ud835\udc1a\ud835\udc25\ud835\udc1e \ud835\udc20\ud835\udc1e\ud835\udc27\ud835\udc1e\ud835\udc2b\ud835\udc1a\ud835\udc25\ud835\udc1e \ud835\udc20\ud835\udc1e\ud835\udc27\ud835\udc1e\ud835\udc2b\ud835\udc1a\ud835\udc25\ud835\udc1e \ud835\udc20\ud835\udc1e\ud835\udc27\ud835\udc1e\ud835\udc2b\ud835\udc1a\ud835\udc25\ud835\udc1e \ud835\udc20\ud835\udc1e\ud835\udc27\ud835\udc1e\ud835\udc2b\ud835\udc1a\ud835\udc25\ud835\udc1e \ud835\udc20\ud835\udc1e\ud835\udc27\ud835\udc1e\ud835\udc2b\ud835\udc1a\ud835\udc25\ud835\udc1e \ud835\udc20\ud835\udc1e\ud835\udc27\ud835\udc1e\ud835\udc2b\ud835\udc1a\ud835\udc25\ud835\udc1e \ud835\udc20\ud835\udc1e\ud835\udc27\ud835\udc1e\ud835\udc2b\ud835\udc1a\ud835\udc25\ud835\udc1e \ud835\udc20\ud835\udc1e\ud835\udc27\ud835\udc1e\ud835\udc2b\ud835\udc1a\ud835\udc25\ud835\udc1e \ud835\udc20\ud835\udc1e\ud835\udc27\ud835\udc1e\ud835\udc2b\ud835\udc1a\ud835\udc25\ud835\udc1e \ud835\udc20\ud835\udc1e\ud835\udc27\ud835\udc1e\ud835\udc2b\ud835\udc1a\ud835\udc25\ud835\udc1e \ud835\udc20\ud835\udc1e\ud835\udc27\ud835\udc1e\ud835\udc2b\ud835\udc1a\ud835\udc25\ud835\udc1e \ud835\udc20\ud835\udc1e\ud835\udc27\ud835\udc1e\ud835\udc2b\ud835\udc1a\ud835\udc25\ud835\udc1e \ud835\udc20\ud835\udc1e\ud835\udc27\ud835\udc1e\ud835\udc2b\ud835\udc1a\ud835\udc25\ud835\udc1e \ud835\udc20\ud835\udc1e\ud835\udc27\ud835\udc1e\ud835\udc2b\ud835\udc1a\ud835\udc25\ud835\udc1e \ud835\udc20\ud835\udc1e\ud835\udc27\ud835\udc1e\ud835\udc2b\ud835\udc1a\ud835\udc25\ud835\udc1e \ud835\udc20\ud835\udc1e\ud835\udc27\ud835\udc1e\ud835\udc2b\ud835\udc1a\ud835\udc25\ud835\udc1e \ud835\udc20\ud835\udc1e\ud835\udc27\ud835\udc1e\ud835\udc2b\ud835\udc1a\ud835\udc25\ud835\udc1e \ud835\udc20\ud835\udc1e\ud835\udc27\ud835\udc1e\ud835\udc2b\ud835\udc1a\ud835\udc25\ud835\udc1e \ud835\udc20\ud835\udc1e\ud835\udc27\ud835\udc1e\ud835\udc2b\ud835\udc1a\ud835\udc25\ud835\udc1e \ud835\udc20\ud835\udc1e\ud835\udc27\ud835\udc1e\ud835\udc2b\ud835\udc1a\ud835\udc25\ud835\udc1e \ud835\udc20\ud835\udc1e\ud835\udc27\ud835\udc1e\ud835\udc2b\ud835\udc1a\ud835\udc25\ud835\udc1e \ud835\udc20\ud835\udc1e\ud835\udc27\ud835\udc1e\ud835\udc2b\ud835\udc1a\ud835\udc25\ud835\udc1e \ud835\udc20\ud835\udc1e\ud835\udc27\ud835\udc1e\ud835\udc2b\ud835\udc1a\ud835\udc25\ud835\udc1e \ud835\udc20\ud835\udc1e\ud835\udc27\ud835\udc1e\ud835\udc2b\ud835\udc1a\ud835\udc25\ud835\udc1e \ud835\udc20\ud835\udc1e\ud835\udc27\ud835\udc1e\ud835\udc2b\ud835\udc1a\ud835\udc25\ud835\udc1e \ud835\udc20\ud835\udc1e\ud835\udc27\ud835\udc1e\ud835\udc2b\ud835\udc1a\ud835\udc25\ud835\udc1e \ud835\udc20\ud835\udc1e\ud835\udc27\ud835\udc1e\ud835\udc2b\ud835\udc1a\ud835\udc25\ud835\udc1e \ud835\udc20\ud835\udc1e\ud835\udc27\ud835\udc1e\ud835\udc2b\ud835\udc1a\ud835\udc25\ud835\udc1e \ud835\udc20\ud835\udc1e\ud835\udc27\ud835\udc1e\ud835\udc2b\ud835\udc1a\ud835\udc25\ud835\udc1e \ud835\udc20\ud835\udc1e\ud835\udc27\ud835\udc1e\ud835\udc2b\ud835\udc1a\ud835\udc25\ud835\udc1e \ud835\udc20\ud835\udc1e\ud835\udc27\ud835\udc1e\ud835\udc2b\ud835\udc1a\ud835\udc25\ud835\udc1e \ud835\udc20\ud835\udc1e\ud835\udc27\ud835\udc1e\ud835\udc2b\ud835\udc1a\ud835\udc25\ud835\udc1e \ud835\udc20\ud835\udc1e\ud835\udc27\ud835\udc1e\ud835\udc2b\ud835\udc1a\ud835\udc25\ud835\udc1e \ud835\udc20\ud835\udc1e\ud835\udc27\ud835\udc1e\ud835\udc2b\ud835\udc1a\ud835\udc25\ud835\udc1e \ud835\udc20\ud835\udc1e\ud835\udc27\ud835\udc1e\ud835\udc2b\ud835\udc1a\ud835\udc25\ud835\udc1e \ud835\udc20\ud835\udc1e\ud835\udc27\ud835\udc1e\ud835\udc2b\ud835\udc1a\ud835\udc25\ud835\udc1e \ud835\udc20\ud835\udc1e\ud835\udc27\ud835\udc1e\ud835\udc2b\ud835\udc1a\ud835\udc25\ud835\udc1e \ud835\udc20\ud835\udc1e\ud835\udc27\ud835\udc1e\ud835\udc2b\ud835\udc1a\ud835\udc25\ud835\udc1e \ud835\udc20\ud835\udc1e\ud835\udc27\ud835\udc1e\ud835\udc2b\ud835\udc1a\ud835\udc25\ud835\udc1e \ud835\udc20\ud835\udc1e\ud835\udc27\ud835\udc1e\ud835\udc2b\ud835\udc1a\ud835\udc25\ud835\udc1e \ud835\udc20\ud835\udc1e\ud835\udc27\ud835\udc1e\ud835\udc2b\ud835\udc1a\ud835\udc25\ud835\udc1e \ud835\udc20\ud835\udc1e\ud835\udc27\ud835\udc1e\ud835\udc2b\ud835\udc1a\ud835\udc25\ud835\udc1e \ud835\udc20\ud835\udc1e\ud835\udc27\ud835\udc1e\ud835\udc2b\ud835\udc1a\ud835\udc25\ud835\udc1e \ud835\udc20\ud835\udc1e\ud835\udc27\ud835\udc1e\ud835\udc2b\ud835\udc1a\ud835\udc25\ud835\udc1e \ud835\udc20\ud835\udc1e\ud835\udc27\ud835\udc1e\ud835\udc2b\ud835\udc1a\ud835\udc25\ud835\udc1e \ud835\udc20\ud835\udc1e\ud835\udc27\ud835\udc1e\ud835\udc2b\ud835\udc1a\ud835\udc25\ud835\udc1e \ud835\udc20\ud835\udc1e\ud835\udc27\ud835\udc1e\ud835\udc2b\ud835\udc1a\ud835\udc25\ud835\udc1e \ud835\udc20\ud835\udc1e\ud835\udc27\ud835\udc1e\ud835\udc2b\ud835\udc1a\ud835\udc25\ud835\udc1e \ud835\udc20\ud835\udc1e\ud835\udc27\ud835\udc1e\ud835\udc2b\ud835\udc1a\ud835\udc25\ud835\udc1e \ud835\udc20\ud835\udc1e\ud835\udc27\ud835\udc1e\ud835\udc2b\ud835\udc1a\ud835\udc25\ud835\udc1e \ud835\udc20\ud835\udc1e\ud835\udc27\ud835\udc1e\ud835\udc2b\ud835\udc1a\ud835\udc25\ud835\udc1e \ud835\udc20\ud835\udc1e\ud835\udc27\ud835\udc1e\ud835\udc2b\ud835\udc1a\ud835\udc25\ud835\udc1e \ud835\udc20\ud835\udc1e\ud835\udc27\ud835\udc1e\ud835\udc2b\ud835\udc1a\ud835\udc25\ud835\udc1e \ud835\udc20\ud835\udc1e\ud835\udc27\ud835\udc1e\ud835\udc2b\ud835\udc1a\ud835\udc25\ud835\udc1e \ud835\udc20\ud835\udc1e\ud835\udc27\ud835\udc1e\ud835\udc2b\ud835\udc1a\ud835\udc25\ud835\udc1e \ud835\udc20\ud835\udc1e\ud835\udc27\ud835\udc1e\ud835\udc2b\ud835\udc1a\ud835\udc25\ud835\udc1e \ud835\udc20\ud835\udc1e\ud835\udc27\ud835\udc1e\ud835\udc2b\ud835\udc1a\ud835\udc25\ud835\udc1e \ud835\udc20\ud835\udc1e\ud835\udc27\ud835\udc1e\ud835\udc2b\ud835\udc1a\ud835\udc25\ud835\udc1e \ud835\udc20\ud835\udc1e\ud835\udc27\ud835\udc1e\ud835\udc2b\ud835\udc1a\ud835\udc25\ud835\udc1e \ud835\udc20\ud835\udc1e\ud835\udc27\ud835\udc1e\ud835\udc2b\ud835\udc1a\ud835\udc25\ud835\udc1e \ud835\udc20\ud835\udc1e\ud835\udc27\ud835\udc1e\ud835\udc2b\ud835\udc1a\ud835\udc25\ud835\udc1e \ud835\udc20\ud835\udc1e\ud835\udc27\ud835\udc1e\ud835\udc2b\ud835\udc1a\ud835\udc25\ud835\udc1e \ud835\udc20\ud835\udc1e\ud835\udc27\ud835\udc1e\ud835\udc2b\ud835\udc1a\ud835\udc25\ud835\udc1e \ud835\udc20\ud835\udc1e\ud835\udc27\ud835\udc1e\ud835\udc2b\ud835\udc1a\ud835\udc25\ud835\udc1e \ud835\udc20\ud835\udc1e\ud835\udc27\ud835\udc1e\ud835\udc2b\ud835\udc1a\ud835\udc25\ud835\udc1e \ud835\udc20\ud835\udc1e\ud835\udc27\ud835\udc1e\ud835\udc2b\ud835\udc1a\ud835\udc25\ud835\udc1e \ud835\udc20\ud835\udc1e\ud835\udc27\ud835\udc1e\ud835\udc2b\ud835\udc1a\ud835\udc25\ud835\udc1e<\/p>\n<p>Un trofeo arqueado despu\u00e9s de una temporada loca \ud83c\udfc6\ud83c\udfc6<a rel=\"nofollow noopener\" href=\"https:\/\/twitter.com\/hashtag\/EurosportSCI?src=hash&amp;ref_src=twsrc%5Etfw\" data-wpel-link=\"external\" target=\"_blank\">#Eurosportsci<\/a> <a rel=\"nofollow noopener\" href=\"https:\/\/t.co\/LfS8bHqfGu\" data-wpel-link=\"external\" target=\"_blank\">pic.twitter.com\/lfs8bhqfgu<\/a><\/p>\n<p>&#8211; EuroSport IT (@eurosport_it) <a rel=\"nofollow noopener\" href=\"https:\/\/twitter.com\/Eurosport_IT\/status\/1903541975048991078?ref_src=twsrc%5Etfw\" data-wpel-link=\"external\" target=\"_blank\">22 de marzo de 2025<\/a><\/p>\n<\/blockquote>\n<\/div>\n<aside style=\"margin: 8px auto; display: flex; justify-content: center; min-height: 251px;\">\n<div id=\"div-gpt-ad-MPU_Bottom_1\" style=\"min-width: 300px; min-height: 252px;\">\n<\/div>\n<\/aside>\n<p>Y aqu\u00ed tampoco termina ah\u00ed, porque nuestro pa\u00eds se encuentra <strong>Tanto en el primer y segundo lugar en el equipo de snowboard paralelo<\/strong>en la misma Copa Mundial, con oro a la pareja <em>Maurizio Bormolini\/Elisa Caffont <\/em>y plata a<em> Gabriel Messner\/Jasmin Corati.<\/em><\/p>\n<div class=\"wordpress responsive-container\">\n<blockquote class=\"twitter-tweet\" data-width=\"500\" data-dnt=\"true\">\n<p lang=\"it\" dir=\"ltr\">Oro y plata mundial para Italia en el equipo paralelo \ud83c\udfc2\ud83e\udd47\ud83e\udd48<\/p>\n<p>Hermoso cierre de este Campeonato Mundial de St.Moritz para Italia: oro a Maurizio Bormolini\/Elisa Caffont, plata a Gabriel Messner\/Jasmin Corati \ud83c\uddee\ud83c\uddf9\ud83d\udc99 <a rel=\"nofollow noopener\" href=\"https:\/\/twitter.com\/hashtag\/EurosportSCI?src=hash&amp;ref_src=twsrc%5Etfw\" data-wpel-link=\"external\" target=\"_blank\">#Eurosportsci<\/a> <a rel=\"nofollow noopener\" href=\"https:\/\/twitter.com\/hashtag\/Snowboard?src=hash&amp;ref_src=twsrc%5Etfw\" data-wpel-link=\"external\" target=\"_blank\">#Snowboard<\/a> <a rel=\"nofollow noopener\" href=\"https:\/\/twitter.com\/hashtag\/FISSnowboard?src=hash&amp;ref_src=twsrc%5Etfw\" data-wpel-link=\"external\" target=\"_blank\">#Fissnowboard<\/a> <a rel=\"nofollow noopener\" href=\"https:\/\/t.co\/VgZS4AXyQN\" data-wpel-link=\"external\" target=\"_blank\">pic.twitter.com\/vgzs4axyqn<\/a><\/p>\n<p>&#8211; EuroSport IT (@eurosport_it) <a rel=\"nofollow noopener\" href=\"https:\/\/twitter.com\/Eurosport_IT\/status\/1903810094208602124?ref_src=twsrc%5Etfw\" data-wpel-link=\"external\" target=\"_blank\">23 de marzo de 2025<\/a><\/p>\n<\/blockquote>\n<\/div>\n<p><strong>\u00a1Felicitaciones a todos!<\/strong><\/p>\n<\/p>\n<p><strong>Fuentes: EuroSport IT\/X<\/strong><\/p>\n<div class=\"code-block code-block-10\" style=\"margin: 8px auto; display: flex; justify-content: center; min-height: 252px;\">\n<div id=\"div-gpt-ad-MPU_Bottom_2\" style=\"min-width: 300px; min-height: 253px;\">\n<\/div>\n<div id=\"taboola-widget_non_consent_300x250-4\"><\/div>\n<\/div>\n<p><script async src=\"https:\/\/platform.twitter.com\/widgets.js\" charset=\"utf-8\"><\/script><\/p>\n","protected":false},"excerpt":{"rendered":"<p>Weekend to frame for the Azzurri in ski and athletics, with Mattia Furlani world champion in the long jump, Federica Brignone raising the general world<\/p>\n","protected":false},"author":1,"featured_media":3273,"comment_status":"closed","ping_status":"","sticky":false,"template":"","format":"standard","meta":{"footnotes":""},"categories":[762],"tags":[4196,4198,23,1581,1062,34,501,374,996,4197],"class_list":["post-3272","post","type-post","status-publish","format-standard","has-post-thumbnail","hentry","category-salud","tag-atletismo","tag-azules","tag-del","tag-esqui","tag-italia","tag-las","tag-mundo","tag-techo","tag-todas","tag-victorias","generate-columns","tablet-grid-50","mobile-grid-100","grid-parent","grid-50"],"yoast_head":"<!-- This site is optimized with the Yoast SEO plugin v23.4 - https:\/\/yoast.com\/wordpress\/plugins\/seo\/ -->\n<title>Italia en el techo del mundo en esqu\u00ed y atletismo, todas las victorias azules - Consejos - Santa Catarina<\/title>\n<meta name=\"robots\" content=\"index, follow, max-snippet:-1, max-image-preview:large, max-video-preview:-1\" \/>\n<link rel=\"canonical\" href=\"https:\/\/stacatarina.mx\/consejos\/italia-en-el-techo-del-mundo-en-esqui-y-atletismo-todas-las-victorias-azules\/\" \/>\n<meta property=\"og:locale\" content=\"es_MX\" \/>\n<meta property=\"og:type\" content=\"article\" \/>\n<meta property=\"og:title\" content=\"Italia en el techo del mundo en esqu\u00ed y atletismo, todas las victorias azules - Consejos - Santa Catarina\" \/>\n<meta property=\"og:description\" content=\"Weekend to frame for the Azzurri in ski and athletics, with Mattia Furlani world champion in the long jump, Federica Brignone raising the general world\" \/>\n<meta property=\"og:url\" content=\"https:\/\/stacatarina.mx\/consejos\/italia-en-el-techo-del-mundo-en-esqui-y-atletismo-todas-las-victorias-azules\/\" \/>\n<meta property=\"og:site_name\" content=\"Santa Catarina\" \/>\n<meta property=\"article:publisher\" content=\"https:\/\/www.facebook.com\/stacatarinagob\/\" \/>\n<meta property=\"article:published_time\" content=\"2025-03-23T18:23:45+00:00\" \/>\n<meta property=\"article:modified_time\" content=\"2025-03-23T18:23:46+00:00\" \/>\n<meta property=\"og:image\" content=\"https:\/\/stacatarina.mx\/consejos\/wp-content\/uploads\/2025\/03\/Italia-en-el-techo-del-mundo-en-esqui-y-atletismo.jpg\" \/>\n\t<meta property=\"og:image:width\" content=\"1500\" \/>\n\t<meta property=\"og:image:height\" content=\"1000\" \/>\n\t<meta property=\"og:image:type\" content=\"image\/jpeg\" \/>\n<meta name=\"author\" content=\"Pedro Mart\u00ednez\" \/>\n<meta name=\"twitter:card\" content=\"summary_large_image\" \/>\n<meta name=\"twitter:creator\" content=\"@stacatarinagob\" \/>\n<meta name=\"twitter:site\" content=\"@stacatarinagob\" \/>\n<meta name=\"twitter:label1\" content=\"Escrito por\" \/>\n\t<meta name=\"twitter:data1\" content=\"Pedro Mart\u00ednez\" \/>\n\t<meta name=\"twitter:label2\" content=\"Tiempo de lectura\" \/>\n\t<meta name=\"twitter:data2\" content=\"2 minutos\" \/>\n<script type=\"application\/ld+json\" class=\"yoast-schema-graph\">{\"@context\":\"https:\/\/schema.org\",\"@graph\":[{\"@type\":\"Article\",\"@id\":\"https:\/\/stacatarina.mx\/consejos\/italia-en-el-techo-del-mundo-en-esqui-y-atletismo-todas-las-victorias-azules\/#article\",\"isPartOf\":{\"@id\":\"https:\/\/stacatarina.mx\/consejos\/italia-en-el-techo-del-mundo-en-esqui-y-atletismo-todas-las-victorias-azules\/\"},\"author\":{\"name\":\"Pedro Mart\u00ednez\",\"@id\":\"https:\/\/stacatarina.mx\/consejos\/#\/schema\/person\/0be60adffa8e4c4d0828fdf021450e8a\"},\"headline\":\"Italia en el techo del mundo en esqu\u00ed y atletismo, todas las victorias azules\",\"datePublished\":\"2025-03-23T18:23:45+00:00\",\"dateModified\":\"2025-03-23T18:23:46+00:00\",\"mainEntityOfPage\":{\"@id\":\"https:\/\/stacatarina.mx\/consejos\/italia-en-el-techo-del-mundo-en-esqui-y-atletismo-todas-las-victorias-azules\/\"},\"wordCount\":447,\"publisher\":{\"@id\":\"https:\/\/stacatarina.mx\/consejos\/#organization\"},\"image\":{\"@id\":\"https:\/\/stacatarina.mx\/consejos\/italia-en-el-techo-del-mundo-en-esqui-y-atletismo-todas-las-victorias-azules\/#primaryimage\"},\"thumbnailUrl\":\"https:\/\/stacatarina.mx\/consejos\/wp-content\/uploads\/2025\/03\/Italia-en-el-techo-del-mundo-en-esqui-y-atletismo.jpg\",\"keywords\":[\"atletismo\",\"azules\",\"del\",\"esqu\u00ed\",\"Italia\",\"Las\",\"mundo\",\"techo\",\"todas\",\"victorias\"],\"articleSection\":[\"Salud\"],\"inLanguage\":\"es\"},{\"@type\":\"WebPage\",\"@id\":\"https:\/\/stacatarina.mx\/consejos\/italia-en-el-techo-del-mundo-en-esqui-y-atletismo-todas-las-victorias-azules\/\",\"url\":\"https:\/\/stacatarina.mx\/consejos\/italia-en-el-techo-del-mundo-en-esqui-y-atletismo-todas-las-victorias-azules\/\",\"name\":\"Italia en el techo del mundo en esqu\u00ed y atletismo, todas las victorias azules - Consejos - Santa Catarina\",\"isPartOf\":{\"@id\":\"https:\/\/stacatarina.mx\/consejos\/#website\"},\"primaryImageOfPage\":{\"@id\":\"https:\/\/stacatarina.mx\/consejos\/italia-en-el-techo-del-mundo-en-esqui-y-atletismo-todas-las-victorias-azules\/#primaryimage\"},\"image\":{\"@id\":\"https:\/\/stacatarina.mx\/consejos\/italia-en-el-techo-del-mundo-en-esqui-y-atletismo-todas-las-victorias-azules\/#primaryimage\"},\"thumbnailUrl\":\"https:\/\/stacatarina.mx\/consejos\/wp-content\/uploads\/2025\/03\/Italia-en-el-techo-del-mundo-en-esqui-y-atletismo.jpg\",\"datePublished\":\"2025-03-23T18:23:45+00:00\",\"dateModified\":\"2025-03-23T18:23:46+00:00\",\"breadcrumb\":{\"@id\":\"https:\/\/stacatarina.mx\/consejos\/italia-en-el-techo-del-mundo-en-esqui-y-atletismo-todas-las-victorias-azules\/#breadcrumb\"},\"inLanguage\":\"es\",\"potentialAction\":[{\"@type\":\"ReadAction\",\"target\":[\"https:\/\/stacatarina.mx\/consejos\/italia-en-el-techo-del-mundo-en-esqui-y-atletismo-todas-las-victorias-azules\/\"]}]},{\"@type\":\"ImageObject\",\"inLanguage\":\"es\",\"@id\":\"https:\/\/stacatarina.mx\/consejos\/italia-en-el-techo-del-mundo-en-esqui-y-atletismo-todas-las-victorias-azules\/#primaryimage\",\"url\":\"https:\/\/stacatarina.mx\/consejos\/wp-content\/uploads\/2025\/03\/Italia-en-el-techo-del-mundo-en-esqui-y-atletismo.jpg\",\"contentUrl\":\"https:\/\/stacatarina.mx\/consejos\/wp-content\/uploads\/2025\/03\/Italia-en-el-techo-del-mundo-en-esqui-y-atletismo.jpg\",\"width\":1500,\"height\":1000,\"caption\":\"mondiali sci e atletica medaglie azzurre\"},{\"@type\":\"BreadcrumbList\",\"@id\":\"https:\/\/stacatarina.mx\/consejos\/italia-en-el-techo-del-mundo-en-esqui-y-atletismo-todas-las-victorias-azules\/#breadcrumb\",\"itemListElement\":[{\"@type\":\"ListItem\",\"position\":1,\"name\":\"Inicio\",\"item\":\"https:\/\/stacatarina.mx\/consejos\/\"},{\"@type\":\"ListItem\",\"position\":2,\"name\":\"Italia en el techo del mundo en esqu\u00ed y atletismo, todas las victorias azules\"}]},{\"@type\":\"WebSite\",\"@id\":\"https:\/\/stacatarina.mx\/consejos\/#website\",\"url\":\"https:\/\/stacatarina.mx\/consejos\/\",\"name\":\"Santa Catarina\",\"description\":\"\",\"publisher\":{\"@id\":\"https:\/\/stacatarina.mx\/consejos\/#organization\"},\"potentialAction\":[{\"@type\":\"SearchAction\",\"target\":{\"@type\":\"EntryPoint\",\"urlTemplate\":\"https:\/\/stacatarina.mx\/consejos\/?s={search_term_string}\"},\"query-input\":{\"@type\":\"PropertyValueSpecification\",\"valueRequired\":true,\"valueName\":\"search_term_string\"}}],\"inLanguage\":\"es\"},{\"@type\":\"Organization\",\"@id\":\"https:\/\/stacatarina.mx\/consejos\/#organization\",\"name\":\"Santa Catarina\",\"url\":\"https:\/\/stacatarina.mx\/consejos\/\",\"logo\":{\"@type\":\"ImageObject\",\"inLanguage\":\"es\",\"@id\":\"https:\/\/stacatarina.mx\/consejos\/#\/schema\/logo\/image\/\",\"url\":\"https:\/\/stacatarina.mx\/consejos\/wp-content\/uploads\/2024\/09\/cropped-favicon-1-1.png\",\"contentUrl\":\"https:\/\/stacatarina.mx\/consejos\/wp-content\/uploads\/2024\/09\/cropped-favicon-1-1.png\",\"width\":512,\"height\":512,\"caption\":\"Santa Catarina\"},\"image\":{\"@id\":\"https:\/\/stacatarina.mx\/consejos\/#\/schema\/logo\/image\/\"},\"sameAs\":[\"https:\/\/www.facebook.com\/stacatarinagob\/\",\"https:\/\/x.com\/stacatarinagob\",\"https:\/\/www.instagram.com\/stacatarinagob\/\",\"https:\/\/www.youtube.com\/channel\/UCK-6cQJL_904665N1_nLTWw\"]},{\"@type\":\"Person\",\"@id\":\"https:\/\/stacatarina.mx\/consejos\/#\/schema\/person\/0be60adffa8e4c4d0828fdf021450e8a\",\"name\":\"Pedro Mart\u00ednez\",\"image\":{\"@type\":\"ImageObject\",\"inLanguage\":\"es\",\"@id\":\"https:\/\/stacatarina.mx\/consejos\/#\/schema\/person\/image\/\",\"url\":\"https:\/\/stacatarina.mx\/consejos\/wp-content\/uploads\/2024\/09\/stacatarina.jpg\",\"contentUrl\":\"https:\/\/stacatarina.mx\/consejos\/wp-content\/uploads\/2024\/09\/stacatarina.jpg\",\"caption\":\"Pedro Mart\u00ednez\"},\"description\":\"Hola, soy Pedro Mart\u00ednez, redactor jefe del sitio oficial del ayuntamiento de Santa Catarina, en M\u00e9xico. Con m\u00e1s de diez a\u00f1os de experiencia en el periodismo local, tengo una pasi\u00f3n por la investigaci\u00f3n y la difusi\u00f3n de informaci\u00f3n que valoriza nuestra hermosa comunidad. Mi compromiso es hacer de Santa Catarina una referencia en materia de transparencia y comunicaci\u00f3n municipal.\",\"sameAs\":[\"https:\/\/stacatarina.mx\/\"]}]}<\/script>\n<!-- \/ Yoast SEO plugin. -->","yoast_head_json":{"title":"Italia en el techo del mundo en esqu\u00ed y atletismo, todas las victorias azules - Consejos - Santa Catarina","robots":{"index":"index","follow":"follow","max-snippet":"max-snippet:-1","max-image-preview":"max-image-preview:large","max-video-preview":"max-video-preview:-1"},"canonical":"https:\/\/stacatarina.mx\/consejos\/italia-en-el-techo-del-mundo-en-esqui-y-atletismo-todas-las-victorias-azules\/","og_locale":"es_MX","og_type":"article","og_title":"Italia en el techo del mundo en esqu\u00ed y atletismo, todas las victorias azules - Consejos - Santa Catarina","og_description":"Weekend to frame for the Azzurri in ski and athletics, with Mattia Furlani world champion in the long jump, Federica Brignone raising the general world","og_url":"https:\/\/stacatarina.mx\/consejos\/italia-en-el-techo-del-mundo-en-esqui-y-atletismo-todas-las-victorias-azules\/","og_site_name":"Santa Catarina","article_publisher":"https:\/\/www.facebook.com\/stacatarinagob\/","article_published_time":"2025-03-23T18:23:45+00:00","article_modified_time":"2025-03-23T18:23:46+00:00","og_image":[{"width":1500,"height":1000,"url":"https:\/\/stacatarina.mx\/consejos\/wp-content\/uploads\/2025\/03\/Italia-en-el-techo-del-mundo-en-esqui-y-atletismo.jpg","type":"image\/jpeg"}],"author":"Pedro Mart\u00ednez","twitter_card":"summary_large_image","twitter_creator":"@stacatarinagob","twitter_site":"@stacatarinagob","twitter_misc":{"Escrito por":"Pedro Mart\u00ednez","Tiempo de lectura":"2 minutos"},"schema":{"@context":"https:\/\/schema.org","@graph":[{"@type":"Article","@id":"https:\/\/stacatarina.mx\/consejos\/italia-en-el-techo-del-mundo-en-esqui-y-atletismo-todas-las-victorias-azules\/#article","isPartOf":{"@id":"https:\/\/stacatarina.mx\/consejos\/italia-en-el-techo-del-mundo-en-esqui-y-atletismo-todas-las-victorias-azules\/"},"author":{"name":"Pedro Mart\u00ednez","@id":"https:\/\/stacatarina.mx\/consejos\/#\/schema\/person\/0be60adffa8e4c4d0828fdf021450e8a"},"headline":"Italia en el techo del mundo en esqu\u00ed y atletismo, todas las victorias azules","datePublished":"2025-03-23T18:23:45+00:00","dateModified":"2025-03-23T18:23:46+00:00","mainEntityOfPage":{"@id":"https:\/\/stacatarina.mx\/consejos\/italia-en-el-techo-del-mundo-en-esqui-y-atletismo-todas-las-victorias-azules\/"},"wordCount":447,"publisher":{"@id":"https:\/\/stacatarina.mx\/consejos\/#organization"},"image":{"@id":"https:\/\/stacatarina.mx\/consejos\/italia-en-el-techo-del-mundo-en-esqui-y-atletismo-todas-las-victorias-azules\/#primaryimage"},"thumbnailUrl":"https:\/\/stacatarina.mx\/consejos\/wp-content\/uploads\/2025\/03\/Italia-en-el-techo-del-mundo-en-esqui-y-atletismo.jpg","keywords":["atletismo","azules","del","esqu\u00ed","Italia","Las","mundo","techo","todas","victorias"],"articleSection":["Salud"],"inLanguage":"es"},{"@type":"WebPage","@id":"https:\/\/stacatarina.mx\/consejos\/italia-en-el-techo-del-mundo-en-esqui-y-atletismo-todas-las-victorias-azules\/","url":"https:\/\/stacatarina.mx\/consejos\/italia-en-el-techo-del-mundo-en-esqui-y-atletismo-todas-las-victorias-azules\/","name":"Italia en el techo del mundo en esqu\u00ed y atletismo, todas las victorias azules - Consejos - Santa Catarina","isPartOf":{"@id":"https:\/\/stacatarina.mx\/consejos\/#website"},"primaryImageOfPage":{"@id":"https:\/\/stacatarina.mx\/consejos\/italia-en-el-techo-del-mundo-en-esqui-y-atletismo-todas-las-victorias-azules\/#primaryimage"},"image":{"@id":"https:\/\/stacatarina.mx\/consejos\/italia-en-el-techo-del-mundo-en-esqui-y-atletismo-todas-las-victorias-azules\/#primaryimage"},"thumbnailUrl":"https:\/\/stacatarina.mx\/consejos\/wp-content\/uploads\/2025\/03\/Italia-en-el-techo-del-mundo-en-esqui-y-atletismo.jpg","datePublished":"2025-03-23T18:23:45+00:00","dateModified":"2025-03-23T18:23:46+00:00","breadcrumb":{"@id":"https:\/\/stacatarina.mx\/consejos\/italia-en-el-techo-del-mundo-en-esqui-y-atletismo-todas-las-victorias-azules\/#breadcrumb"},"inLanguage":"es","potentialAction":[{"@type":"ReadAction","target":["https:\/\/stacatarina.mx\/consejos\/italia-en-el-techo-del-mundo-en-esqui-y-atletismo-todas-las-victorias-azules\/"]}]},{"@type":"ImageObject","inLanguage":"es","@id":"https:\/\/stacatarina.mx\/consejos\/italia-en-el-techo-del-mundo-en-esqui-y-atletismo-todas-las-victorias-azules\/#primaryimage","url":"https:\/\/stacatarina.mx\/consejos\/wp-content\/uploads\/2025\/03\/Italia-en-el-techo-del-mundo-en-esqui-y-atletismo.jpg","contentUrl":"https:\/\/stacatarina.mx\/consejos\/wp-content\/uploads\/2025\/03\/Italia-en-el-techo-del-mundo-en-esqui-y-atletismo.jpg","width":1500,"height":1000,"caption":"mondiali sci e atletica medaglie azzurre"},{"@type":"BreadcrumbList","@id":"https:\/\/stacatarina.mx\/consejos\/italia-en-el-techo-del-mundo-en-esqui-y-atletismo-todas-las-victorias-azules\/#breadcrumb","itemListElement":[{"@type":"ListItem","position":1,"name":"Inicio","item":"https:\/\/stacatarina.mx\/consejos\/"},{"@type":"ListItem","position":2,"name":"Italia en el techo del mundo en esqu\u00ed y atletismo, todas las victorias azules"}]},{"@type":"WebSite","@id":"https:\/\/stacatarina.mx\/consejos\/#website","url":"https:\/\/stacatarina.mx\/consejos\/","name":"Santa Catarina","description":"","publisher":{"@id":"https:\/\/stacatarina.mx\/consejos\/#organization"},"potentialAction":[{"@type":"SearchAction","target":{"@type":"EntryPoint","urlTemplate":"https:\/\/stacatarina.mx\/consejos\/?s={search_term_string}"},"query-input":{"@type":"PropertyValueSpecification","valueRequired":true,"valueName":"search_term_string"}}],"inLanguage":"es"},{"@type":"Organization","@id":"https:\/\/stacatarina.mx\/consejos\/#organization","name":"Santa Catarina","url":"https:\/\/stacatarina.mx\/consejos\/","logo":{"@type":"ImageObject","inLanguage":"es","@id":"https:\/\/stacatarina.mx\/consejos\/#\/schema\/logo\/image\/","url":"https:\/\/stacatarina.mx\/consejos\/wp-content\/uploads\/2024\/09\/cropped-favicon-1-1.png","contentUrl":"https:\/\/stacatarina.mx\/consejos\/wp-content\/uploads\/2024\/09\/cropped-favicon-1-1.png","width":512,"height":512,"caption":"Santa Catarina"},"image":{"@id":"https:\/\/stacatarina.mx\/consejos\/#\/schema\/logo\/image\/"},"sameAs":["https:\/\/www.facebook.com\/stacatarinagob\/","https:\/\/x.com\/stacatarinagob","https:\/\/www.instagram.com\/stacatarinagob\/","https:\/\/www.youtube.com\/channel\/UCK-6cQJL_904665N1_nLTWw"]},{"@type":"Person","@id":"https:\/\/stacatarina.mx\/consejos\/#\/schema\/person\/0be60adffa8e4c4d0828fdf021450e8a","name":"Pedro Mart\u00ednez","image":{"@type":"ImageObject","inLanguage":"es","@id":"https:\/\/stacatarina.mx\/consejos\/#\/schema\/person\/image\/","url":"https:\/\/stacatarina.mx\/consejos\/wp-content\/uploads\/2024\/09\/stacatarina.jpg","contentUrl":"https:\/\/stacatarina.mx\/consejos\/wp-content\/uploads\/2024\/09\/stacatarina.jpg","caption":"Pedro Mart\u00ednez"},"description":"Hola, soy Pedro Mart\u00ednez, redactor jefe del sitio oficial del ayuntamiento de Santa Catarina, en M\u00e9xico. Con m\u00e1s de diez a\u00f1os de experiencia en el periodismo local, tengo una pasi\u00f3n por la investigaci\u00f3n y la difusi\u00f3n de informaci\u00f3n que valoriza nuestra hermosa comunidad. Mi compromiso es hacer de Santa Catarina una referencia en materia de transparencia y comunicaci\u00f3n municipal.","sameAs":["https:\/\/stacatarina.mx\/"]}]}},"_links":{"self":[{"href":"https:\/\/stacatarina.mx\/consejos\/wp-json\/wp\/v2\/posts\/3272"}],"collection":[{"href":"https:\/\/stacatarina.mx\/consejos\/wp-json\/wp\/v2\/posts"}],"about":[{"href":"https:\/\/stacatarina.mx\/consejos\/wp-json\/wp\/v2\/types\/post"}],"author":[{"embeddable":true,"href":"https:\/\/stacatarina.mx\/consejos\/wp-json\/wp\/v2\/users\/1"}],"replies":[{"embeddable":true,"href":"https:\/\/stacatarina.mx\/consejos\/wp-json\/wp\/v2\/comments?post=3272"}],"version-history":[{"count":1,"href":"https:\/\/stacatarina.mx\/consejos\/wp-json\/wp\/v2\/posts\/3272\/revisions"}],"predecessor-version":[{"id":3274,"href":"https:\/\/stacatarina.mx\/consejos\/wp-json\/wp\/v2\/posts\/3272\/revisions\/3274"}],"wp:featuredmedia":[{"embeddable":true,"href":"https:\/\/stacatarina.mx\/consejos\/wp-json\/wp\/v2\/media\/3273"}],"wp:attachment":[{"href":"https:\/\/stacatarina.mx\/consejos\/wp-json\/wp\/v2\/media?parent=3272"}],"wp:term":[{"taxonomy":"category","embeddable":true,"href":"https:\/\/stacatarina.mx\/consejos\/wp-json\/wp\/v2\/categories?post=3272"},{"taxonomy":"post_tag","embeddable":true,"href":"https:\/\/stacatarina.mx\/consejos\/wp-json\/wp\/v2\/tags?post=3272"}],"curies":[{"name":"wp","href":"https:\/\/api.w.org\/{rel}","templated":true}]}}