{"id":3278,"date":"2025-03-23T22:24:24","date_gmt":"2025-03-24T04:24:24","guid":{"rendered":"https:\/\/stacatarina.mx\/consejos\/dia-del-helado-el-sabor-del-ano-es-el-aleluya-aqui-es-donde-saborear-el-helado-que-te-lleva-al-paraiso\/"},"modified":"2025-03-23T22:24:25","modified_gmt":"2025-03-24T04:24:25","slug":"dia-del-helado-el-sabor-del-ano-es-el-aleluya-aqui-es-donde-saborear-el-helado-que-te-lleva-al-paraiso","status":"publish","type":"post","link":"https:\/\/stacatarina.mx\/consejos\/dia-del-helado-el-sabor-del-ano-es-el-aleluya-aqui-es-donde-saborear-el-helado-que-te-lleva-al-paraiso\/","title":{"rendered":"D\u00eda del helado: el sabor del a\u00f1o es el &#8220;aleluya&#8221;, aqu\u00ed es donde saborear el helado que te lleva al para\u00edso"},"content":{"rendered":"<p class=\"single-abstract\">\n<p>\t\t\t\t\t\t\t\t\t\t\t\t\t\t\t\t\tD\u00eda del helado europeo. Taste elegido para esta edici\u00f3n: aleluya \t\t\t\t\t\t\t\t\t\t\t\t\t\t\t<\/p>\n<div class=\"daily-video\" style=\"display: none;\"><\/div>\n<div class=\"wrapper-player\" style=\"display: none; margin-bottom: 15px;\">\n<div id=\"daily-player\" style=\"position: relative; max-width: 100%;\" class=\"video-content\"><\/div>\n<\/p><\/div>\n<div class=\"image-wrapper featured-image no-lazy\" id=\"featured-image\"><\/div>\n<p>Entre los muchos d\u00edas que se celebran, ciertamente no podr\u00eda perderse el <strong>D\u00eda del helado artesanal, <\/strong>que se celebra el 24 de marzo en toda Europa y que hace uso del hashtag oficial: <a rel=\"nofollow noopener\" href=\"https:\/\/twitter.com\/GelatoDayEurope\" target=\"_blank\" data-wpel-link=\"external\">#gelatoday<\/a>.<\/p>\n<p>Este a\u00f1o, el sabor que triunf\u00f3 en la prestigiosa competencia organizada durante la \u00faltima Feria Mundial de Sigep, ganar el t\u00edtulo de helado del a\u00f1o es el &#8220;sabor aleluya&#8221;, una creaci\u00f3n celestial que est\u00e1 a punto de deleitar a los paladares de los fieles visitantes de Roma.<\/p>\n<p>Este extraordinario helado es el trabajo del maestro de helados siciliano Vincenzo Squatrito de los salones de helados de Olivieri (Messina).<\/p>\n<aside style=\"margin: 8px auto; text-align: center; display: block; clear: both;\">\n<div id=\"gpt-passback\">\n<\/div>\n<\/aside>\n<p>La deliciosa combinaci\u00f3n de Gianduia con avellanas tostadas y chocolate puro variado ha conquistado el jurado entre treinta propuestas en la carrera. Una experiencia de sabor real que promete ser tan divina como su nombre lo indica.<\/p>\n<h2>Una sabor santa para el Jubileo<\/h2>\n<p>Los peregrinos que llegaron a Roma para el Jubileo tendr\u00e1n la oportunidad de probar este manjar el 24 de marzo, junto con el &#8220;D\u00eda de los helados&#8221;. El evento, patrocinado por el dicasterio para la evangelizaci\u00f3n y el Ministerio de Agricultura, Soberan\u00eda de Alimentos y Bosques, ver\u00e1 la instalaci\u00f3n de varios quioscos en la Piazza Risorgimento, a pocos pasos de la Plaza de San Pedro.<\/p>\n<h2>Helado con una doble vocaci\u00f3n<\/h2>\n<p>&#8220;Hallelujah&#8221; no es solo un helado con un nombre evocador y un sabor celestial, sino que tambi\u00e9n tiene un fuerte componente de solidaridad: los ingresos de las departamento ser\u00e1n donados a caridad para apoyar el proyecto &#8220;13 casas&#8221; a favor de Siria.<\/p>\n<p>El viaje de este helado sagrado no se detendr\u00e1 en Roma. Despu\u00e9s del debut en la Ciudad Eternal, el sabor de Aleluya continuar\u00e1 su gira por Europa, donde se propusir\u00e1 en los salones de helados pertenecientes al D\u00eda del Helado, tanto en su versi\u00f3n original como en reinterpretaciones creativas.<\/p>\n<\/p>\n<aside style=\"margin: 8px auto; display: flex; justify-content: center; min-height: 251px;\">\n<div id=\"div-gpt-ad-MPU_Bottom_1\" style=\"min-width: 300px; min-height: 252px;\">\n<\/div>\n<\/aside>\n<p><script async src=\"https:\/\/platform.twitter.com\/widgets.js\" charset=\"utf-8\"><\/script><\/p>\n","protected":false},"excerpt":{"rendered":"<p>D\u00eda del helado europeo. Taste elegido para esta edici\u00f3n: aleluya Entre los muchos d\u00edas que se celebran, ciertamente no podr\u00eda perderse el D\u00eda del helado<\/p>\n","protected":false},"author":1,"featured_media":3279,"comment_status":"closed","ping_status":"","sticky":false,"template":"","format":"standard","meta":{"footnotes":""},"categories":[762],"tags":[4203,421,172,23,157,287,2300,1467,4205,3597,4204],"class_list":["post-3278","post","type-post","status-publish","format-standard","has-post-thumbnail","hentry","category-salud","tag-aleluya","tag-ano","tag-aqui","tag-del","tag-dia","tag-donde","tag-helado","tag-lleva","tag-paraiso","tag-sabor","tag-saborear","generate-columns","tablet-grid-50","mobile-grid-100","grid-parent","grid-50"],"yoast_head":"<!-- This site is optimized with the Yoast SEO plugin v23.4 - https:\/\/yoast.com\/wordpress\/plugins\/seo\/ -->\n<title>D\u00eda del helado: el sabor del a\u00f1o es el &quot;aleluya&quot;, aqu\u00ed es donde saborear el helado que te lleva al para\u00edso - Consejos - Santa Catarina<\/title>\n<meta name=\"robots\" content=\"index, follow, max-snippet:-1, max-image-preview:large, max-video-preview:-1\" \/>\n<link rel=\"canonical\" href=\"https:\/\/stacatarina.mx\/consejos\/dia-del-helado-el-sabor-del-ano-es-el-aleluya-aqui-es-donde-saborear-el-helado-que-te-lleva-al-paraiso\/\" \/>\n<meta property=\"og:locale\" content=\"es_MX\" \/>\n<meta property=\"og:type\" content=\"article\" \/>\n<meta property=\"og:title\" content=\"D\u00eda del helado: el sabor del a\u00f1o es el &quot;aleluya&quot;, aqu\u00ed es donde saborear el helado que te lleva al para\u00edso - Consejos - Santa Catarina\" \/>\n<meta property=\"og:description\" content=\"D\u00eda del helado europeo. Taste elegido para esta edici\u00f3n: aleluya Entre los muchos d\u00edas que se celebran, ciertamente no podr\u00eda perderse el D\u00eda del helado\" \/>\n<meta property=\"og:url\" content=\"https:\/\/stacatarina.mx\/consejos\/dia-del-helado-el-sabor-del-ano-es-el-aleluya-aqui-es-donde-saborear-el-helado-que-te-lleva-al-paraiso\/\" \/>\n<meta property=\"og:site_name\" content=\"Santa Catarina\" \/>\n<meta property=\"article:publisher\" content=\"https:\/\/www.facebook.com\/stacatarinagob\/\" \/>\n<meta property=\"article:published_time\" content=\"2025-03-24T04:24:24+00:00\" \/>\n<meta property=\"article:modified_time\" content=\"2025-03-24T04:24:25+00:00\" \/>\n<meta property=\"og:image\" content=\"https:\/\/stacatarina.mx\/consejos\/wp-content\/uploads\/2025\/03\/Dia-del-helado-el-sabor-del-ano-es-el-aleluya.jpg\" \/>\n\t<meta property=\"og:image:width\" content=\"1500\" \/>\n\t<meta property=\"og:image:height\" content=\"1000\" \/>\n\t<meta property=\"og:image:type\" content=\"image\/jpeg\" \/>\n<meta name=\"author\" content=\"Pedro Mart\u00ednez\" \/>\n<meta name=\"twitter:card\" content=\"summary_large_image\" \/>\n<meta name=\"twitter:creator\" content=\"@stacatarinagob\" \/>\n<meta name=\"twitter:site\" content=\"@stacatarinagob\" \/>\n<meta name=\"twitter:label1\" content=\"Escrito por\" \/>\n\t<meta name=\"twitter:data1\" content=\"Pedro Mart\u00ednez\" \/>\n\t<meta name=\"twitter:label2\" content=\"Tiempo de lectura\" \/>\n\t<meta name=\"twitter:data2\" content=\"2 minutos\" \/>\n<script type=\"application\/ld+json\" class=\"yoast-schema-graph\">{\"@context\":\"https:\/\/schema.org\",\"@graph\":[{\"@type\":\"Article\",\"@id\":\"https:\/\/stacatarina.mx\/consejos\/dia-del-helado-el-sabor-del-ano-es-el-aleluya-aqui-es-donde-saborear-el-helado-que-te-lleva-al-paraiso\/#article\",\"isPartOf\":{\"@id\":\"https:\/\/stacatarina.mx\/consejos\/dia-del-helado-el-sabor-del-ano-es-el-aleluya-aqui-es-donde-saborear-el-helado-que-te-lleva-al-paraiso\/\"},\"author\":{\"name\":\"Pedro Mart\u00ednez\",\"@id\":\"https:\/\/stacatarina.mx\/consejos\/#\/schema\/person\/0be60adffa8e4c4d0828fdf021450e8a\"},\"headline\":\"D\u00eda del helado: el sabor del a\u00f1o es el &#8220;aleluya&#8221;, aqu\u00ed es donde saborear el helado que te lleva al para\u00edso\",\"datePublished\":\"2025-03-24T04:24:24+00:00\",\"dateModified\":\"2025-03-24T04:24:25+00:00\",\"mainEntityOfPage\":{\"@id\":\"https:\/\/stacatarina.mx\/consejos\/dia-del-helado-el-sabor-del-ano-es-el-aleluya-aqui-es-donde-saborear-el-helado-que-te-lleva-al-paraiso\/\"},\"wordCount\":358,\"publisher\":{\"@id\":\"https:\/\/stacatarina.mx\/consejos\/#organization\"},\"image\":{\"@id\":\"https:\/\/stacatarina.mx\/consejos\/dia-del-helado-el-sabor-del-ano-es-el-aleluya-aqui-es-donde-saborear-el-helado-que-te-lleva-al-paraiso\/#primaryimage\"},\"thumbnailUrl\":\"https:\/\/stacatarina.mx\/consejos\/wp-content\/uploads\/2025\/03\/Dia-del-helado-el-sabor-del-ano-es-el-aleluya.jpg\",\"keywords\":[\"aleluya\",\"a\u00f1o\",\"aqu\u00ed\",\"del\",\"d\u00eda\",\"D\u00f3nde\",\"Helado\",\"lleva\",\"para\u00edso\",\"sabor\",\"saborear\"],\"articleSection\":[\"Salud\"],\"inLanguage\":\"es\"},{\"@type\":\"WebPage\",\"@id\":\"https:\/\/stacatarina.mx\/consejos\/dia-del-helado-el-sabor-del-ano-es-el-aleluya-aqui-es-donde-saborear-el-helado-que-te-lleva-al-paraiso\/\",\"url\":\"https:\/\/stacatarina.mx\/consejos\/dia-del-helado-el-sabor-del-ano-es-el-aleluya-aqui-es-donde-saborear-el-helado-que-te-lleva-al-paraiso\/\",\"name\":\"D\u00eda del helado: el sabor del a\u00f1o es el \\\"aleluya\\\", aqu\u00ed es donde saborear el helado que te lleva al para\u00edso - Consejos - Santa Catarina\",\"isPartOf\":{\"@id\":\"https:\/\/stacatarina.mx\/consejos\/#website\"},\"primaryImageOfPage\":{\"@id\":\"https:\/\/stacatarina.mx\/consejos\/dia-del-helado-el-sabor-del-ano-es-el-aleluya-aqui-es-donde-saborear-el-helado-que-te-lleva-al-paraiso\/#primaryimage\"},\"image\":{\"@id\":\"https:\/\/stacatarina.mx\/consejos\/dia-del-helado-el-sabor-del-ano-es-el-aleluya-aqui-es-donde-saborear-el-helado-que-te-lleva-al-paraiso\/#primaryimage\"},\"thumbnailUrl\":\"https:\/\/stacatarina.mx\/consejos\/wp-content\/uploads\/2025\/03\/Dia-del-helado-el-sabor-del-ano-es-el-aleluya.jpg\",\"datePublished\":\"2025-03-24T04:24:24+00:00\",\"dateModified\":\"2025-03-24T04:24:25+00:00\",\"breadcrumb\":{\"@id\":\"https:\/\/stacatarina.mx\/consejos\/dia-del-helado-el-sabor-del-ano-es-el-aleluya-aqui-es-donde-saborear-el-helado-que-te-lleva-al-paraiso\/#breadcrumb\"},\"inLanguage\":\"es\",\"potentialAction\":[{\"@type\":\"ReadAction\",\"target\":[\"https:\/\/stacatarina.mx\/consejos\/dia-del-helado-el-sabor-del-ano-es-el-aleluya-aqui-es-donde-saborear-el-helado-que-te-lleva-al-paraiso\/\"]}]},{\"@type\":\"ImageObject\",\"inLanguage\":\"es\",\"@id\":\"https:\/\/stacatarina.mx\/consejos\/dia-del-helado-el-sabor-del-ano-es-el-aleluya-aqui-es-donde-saborear-el-helado-que-te-lleva-al-paraiso\/#primaryimage\",\"url\":\"https:\/\/stacatarina.mx\/consejos\/wp-content\/uploads\/2025\/03\/Dia-del-helado-el-sabor-del-ano-es-el-aleluya.jpg\",\"contentUrl\":\"https:\/\/stacatarina.mx\/consejos\/wp-content\/uploads\/2025\/03\/Dia-del-helado-el-sabor-del-ano-es-el-aleluya.jpg\",\"width\":1500,\"height\":1000,\"caption\":\"hallelujah. gelato day\"},{\"@type\":\"BreadcrumbList\",\"@id\":\"https:\/\/stacatarina.mx\/consejos\/dia-del-helado-el-sabor-del-ano-es-el-aleluya-aqui-es-donde-saborear-el-helado-que-te-lleva-al-paraiso\/#breadcrumb\",\"itemListElement\":[{\"@type\":\"ListItem\",\"position\":1,\"name\":\"Inicio\",\"item\":\"https:\/\/stacatarina.mx\/consejos\/\"},{\"@type\":\"ListItem\",\"position\":2,\"name\":\"D\u00eda del helado: el sabor del a\u00f1o es el &#8220;aleluya&#8221;, aqu\u00ed es donde saborear el helado que te lleva al para\u00edso\"}]},{\"@type\":\"WebSite\",\"@id\":\"https:\/\/stacatarina.mx\/consejos\/#website\",\"url\":\"https:\/\/stacatarina.mx\/consejos\/\",\"name\":\"Santa Catarina\",\"description\":\"\",\"publisher\":{\"@id\":\"https:\/\/stacatarina.mx\/consejos\/#organization\"},\"potentialAction\":[{\"@type\":\"SearchAction\",\"target\":{\"@type\":\"EntryPoint\",\"urlTemplate\":\"https:\/\/stacatarina.mx\/consejos\/?s={search_term_string}\"},\"query-input\":{\"@type\":\"PropertyValueSpecification\",\"valueRequired\":true,\"valueName\":\"search_term_string\"}}],\"inLanguage\":\"es\"},{\"@type\":\"Organization\",\"@id\":\"https:\/\/stacatarina.mx\/consejos\/#organization\",\"name\":\"Santa Catarina\",\"url\":\"https:\/\/stacatarina.mx\/consejos\/\",\"logo\":{\"@type\":\"ImageObject\",\"inLanguage\":\"es\",\"@id\":\"https:\/\/stacatarina.mx\/consejos\/#\/schema\/logo\/image\/\",\"url\":\"https:\/\/stacatarina.mx\/consejos\/wp-content\/uploads\/2024\/09\/cropped-favicon-1-1.png\",\"contentUrl\":\"https:\/\/stacatarina.mx\/consejos\/wp-content\/uploads\/2024\/09\/cropped-favicon-1-1.png\",\"width\":512,\"height\":512,\"caption\":\"Santa Catarina\"},\"image\":{\"@id\":\"https:\/\/stacatarina.mx\/consejos\/#\/schema\/logo\/image\/\"},\"sameAs\":[\"https:\/\/www.facebook.com\/stacatarinagob\/\",\"https:\/\/x.com\/stacatarinagob\",\"https:\/\/www.instagram.com\/stacatarinagob\/\",\"https:\/\/www.youtube.com\/channel\/UCK-6cQJL_904665N1_nLTWw\"]},{\"@type\":\"Person\",\"@id\":\"https:\/\/stacatarina.mx\/consejos\/#\/schema\/person\/0be60adffa8e4c4d0828fdf021450e8a\",\"name\":\"Pedro Mart\u00ednez\",\"image\":{\"@type\":\"ImageObject\",\"inLanguage\":\"es\",\"@id\":\"https:\/\/stacatarina.mx\/consejos\/#\/schema\/person\/image\/\",\"url\":\"https:\/\/stacatarina.mx\/consejos\/wp-content\/uploads\/2024\/09\/stacatarina.jpg\",\"contentUrl\":\"https:\/\/stacatarina.mx\/consejos\/wp-content\/uploads\/2024\/09\/stacatarina.jpg\",\"caption\":\"Pedro Mart\u00ednez\"},\"description\":\"Hola, soy Pedro Mart\u00ednez, redactor jefe del sitio oficial del ayuntamiento de Santa Catarina, en M\u00e9xico. Con m\u00e1s de diez a\u00f1os de experiencia en el periodismo local, tengo una pasi\u00f3n por la investigaci\u00f3n y la difusi\u00f3n de informaci\u00f3n que valoriza nuestra hermosa comunidad. Mi compromiso es hacer de Santa Catarina una referencia en materia de transparencia y comunicaci\u00f3n municipal.\",\"sameAs\":[\"https:\/\/stacatarina.mx\/\"]}]}<\/script>\n<!-- \/ Yoast SEO plugin. -->","yoast_head_json":{"title":"D\u00eda del helado: el sabor del a\u00f1o es el \"aleluya\", aqu\u00ed es donde saborear el helado que te lleva al para\u00edso - Consejos - Santa Catarina","robots":{"index":"index","follow":"follow","max-snippet":"max-snippet:-1","max-image-preview":"max-image-preview:large","max-video-preview":"max-video-preview:-1"},"canonical":"https:\/\/stacatarina.mx\/consejos\/dia-del-helado-el-sabor-del-ano-es-el-aleluya-aqui-es-donde-saborear-el-helado-que-te-lleva-al-paraiso\/","og_locale":"es_MX","og_type":"article","og_title":"D\u00eda del helado: el sabor del a\u00f1o es el \"aleluya\", aqu\u00ed es donde saborear el helado que te lleva al para\u00edso - Consejos - Santa Catarina","og_description":"D\u00eda del helado europeo. Taste elegido para esta edici\u00f3n: aleluya Entre los muchos d\u00edas que se celebran, ciertamente no podr\u00eda perderse el D\u00eda del helado","og_url":"https:\/\/stacatarina.mx\/consejos\/dia-del-helado-el-sabor-del-ano-es-el-aleluya-aqui-es-donde-saborear-el-helado-que-te-lleva-al-paraiso\/","og_site_name":"Santa Catarina","article_publisher":"https:\/\/www.facebook.com\/stacatarinagob\/","article_published_time":"2025-03-24T04:24:24+00:00","article_modified_time":"2025-03-24T04:24:25+00:00","og_image":[{"width":1500,"height":1000,"url":"https:\/\/stacatarina.mx\/consejos\/wp-content\/uploads\/2025\/03\/Dia-del-helado-el-sabor-del-ano-es-el-aleluya.jpg","type":"image\/jpeg"}],"author":"Pedro Mart\u00ednez","twitter_card":"summary_large_image","twitter_creator":"@stacatarinagob","twitter_site":"@stacatarinagob","twitter_misc":{"Escrito por":"Pedro Mart\u00ednez","Tiempo de lectura":"2 minutos"},"schema":{"@context":"https:\/\/schema.org","@graph":[{"@type":"Article","@id":"https:\/\/stacatarina.mx\/consejos\/dia-del-helado-el-sabor-del-ano-es-el-aleluya-aqui-es-donde-saborear-el-helado-que-te-lleva-al-paraiso\/#article","isPartOf":{"@id":"https:\/\/stacatarina.mx\/consejos\/dia-del-helado-el-sabor-del-ano-es-el-aleluya-aqui-es-donde-saborear-el-helado-que-te-lleva-al-paraiso\/"},"author":{"name":"Pedro Mart\u00ednez","@id":"https:\/\/stacatarina.mx\/consejos\/#\/schema\/person\/0be60adffa8e4c4d0828fdf021450e8a"},"headline":"D\u00eda del helado: el sabor del a\u00f1o es el &#8220;aleluya&#8221;, aqu\u00ed es donde saborear el helado que te lleva al para\u00edso","datePublished":"2025-03-24T04:24:24+00:00","dateModified":"2025-03-24T04:24:25+00:00","mainEntityOfPage":{"@id":"https:\/\/stacatarina.mx\/consejos\/dia-del-helado-el-sabor-del-ano-es-el-aleluya-aqui-es-donde-saborear-el-helado-que-te-lleva-al-paraiso\/"},"wordCount":358,"publisher":{"@id":"https:\/\/stacatarina.mx\/consejos\/#organization"},"image":{"@id":"https:\/\/stacatarina.mx\/consejos\/dia-del-helado-el-sabor-del-ano-es-el-aleluya-aqui-es-donde-saborear-el-helado-que-te-lleva-al-paraiso\/#primaryimage"},"thumbnailUrl":"https:\/\/stacatarina.mx\/consejos\/wp-content\/uploads\/2025\/03\/Dia-del-helado-el-sabor-del-ano-es-el-aleluya.jpg","keywords":["aleluya","a\u00f1o","aqu\u00ed","del","d\u00eda","D\u00f3nde","Helado","lleva","para\u00edso","sabor","saborear"],"articleSection":["Salud"],"inLanguage":"es"},{"@type":"WebPage","@id":"https:\/\/stacatarina.mx\/consejos\/dia-del-helado-el-sabor-del-ano-es-el-aleluya-aqui-es-donde-saborear-el-helado-que-te-lleva-al-paraiso\/","url":"https:\/\/stacatarina.mx\/consejos\/dia-del-helado-el-sabor-del-ano-es-el-aleluya-aqui-es-donde-saborear-el-helado-que-te-lleva-al-paraiso\/","name":"D\u00eda del helado: el sabor del a\u00f1o es el \"aleluya\", aqu\u00ed es donde saborear el helado que te lleva al para\u00edso - Consejos - Santa Catarina","isPartOf":{"@id":"https:\/\/stacatarina.mx\/consejos\/#website"},"primaryImageOfPage":{"@id":"https:\/\/stacatarina.mx\/consejos\/dia-del-helado-el-sabor-del-ano-es-el-aleluya-aqui-es-donde-saborear-el-helado-que-te-lleva-al-paraiso\/#primaryimage"},"image":{"@id":"https:\/\/stacatarina.mx\/consejos\/dia-del-helado-el-sabor-del-ano-es-el-aleluya-aqui-es-donde-saborear-el-helado-que-te-lleva-al-paraiso\/#primaryimage"},"thumbnailUrl":"https:\/\/stacatarina.mx\/consejos\/wp-content\/uploads\/2025\/03\/Dia-del-helado-el-sabor-del-ano-es-el-aleluya.jpg","datePublished":"2025-03-24T04:24:24+00:00","dateModified":"2025-03-24T04:24:25+00:00","breadcrumb":{"@id":"https:\/\/stacatarina.mx\/consejos\/dia-del-helado-el-sabor-del-ano-es-el-aleluya-aqui-es-donde-saborear-el-helado-que-te-lleva-al-paraiso\/#breadcrumb"},"inLanguage":"es","potentialAction":[{"@type":"ReadAction","target":["https:\/\/stacatarina.mx\/consejos\/dia-del-helado-el-sabor-del-ano-es-el-aleluya-aqui-es-donde-saborear-el-helado-que-te-lleva-al-paraiso\/"]}]},{"@type":"ImageObject","inLanguage":"es","@id":"https:\/\/stacatarina.mx\/consejos\/dia-del-helado-el-sabor-del-ano-es-el-aleluya-aqui-es-donde-saborear-el-helado-que-te-lleva-al-paraiso\/#primaryimage","url":"https:\/\/stacatarina.mx\/consejos\/wp-content\/uploads\/2025\/03\/Dia-del-helado-el-sabor-del-ano-es-el-aleluya.jpg","contentUrl":"https:\/\/stacatarina.mx\/consejos\/wp-content\/uploads\/2025\/03\/Dia-del-helado-el-sabor-del-ano-es-el-aleluya.jpg","width":1500,"height":1000,"caption":"hallelujah. gelato day"},{"@type":"BreadcrumbList","@id":"https:\/\/stacatarina.mx\/consejos\/dia-del-helado-el-sabor-del-ano-es-el-aleluya-aqui-es-donde-saborear-el-helado-que-te-lleva-al-paraiso\/#breadcrumb","itemListElement":[{"@type":"ListItem","position":1,"name":"Inicio","item":"https:\/\/stacatarina.mx\/consejos\/"},{"@type":"ListItem","position":2,"name":"D\u00eda del helado: el sabor del a\u00f1o es el &#8220;aleluya&#8221;, aqu\u00ed es donde saborear el helado que te lleva al para\u00edso"}]},{"@type":"WebSite","@id":"https:\/\/stacatarina.mx\/consejos\/#website","url":"https:\/\/stacatarina.mx\/consejos\/","name":"Santa Catarina","description":"","publisher":{"@id":"https:\/\/stacatarina.mx\/consejos\/#organization"},"potentialAction":[{"@type":"SearchAction","target":{"@type":"EntryPoint","urlTemplate":"https:\/\/stacatarina.mx\/consejos\/?s={search_term_string}"},"query-input":{"@type":"PropertyValueSpecification","valueRequired":true,"valueName":"search_term_string"}}],"inLanguage":"es"},{"@type":"Organization","@id":"https:\/\/stacatarina.mx\/consejos\/#organization","name":"Santa Catarina","url":"https:\/\/stacatarina.mx\/consejos\/","logo":{"@type":"ImageObject","inLanguage":"es","@id":"https:\/\/stacatarina.mx\/consejos\/#\/schema\/logo\/image\/","url":"https:\/\/stacatarina.mx\/consejos\/wp-content\/uploads\/2024\/09\/cropped-favicon-1-1.png","contentUrl":"https:\/\/stacatarina.mx\/consejos\/wp-content\/uploads\/2024\/09\/cropped-favicon-1-1.png","width":512,"height":512,"caption":"Santa Catarina"},"image":{"@id":"https:\/\/stacatarina.mx\/consejos\/#\/schema\/logo\/image\/"},"sameAs":["https:\/\/www.facebook.com\/stacatarinagob\/","https:\/\/x.com\/stacatarinagob","https:\/\/www.instagram.com\/stacatarinagob\/","https:\/\/www.youtube.com\/channel\/UCK-6cQJL_904665N1_nLTWw"]},{"@type":"Person","@id":"https:\/\/stacatarina.mx\/consejos\/#\/schema\/person\/0be60adffa8e4c4d0828fdf021450e8a","name":"Pedro Mart\u00ednez","image":{"@type":"ImageObject","inLanguage":"es","@id":"https:\/\/stacatarina.mx\/consejos\/#\/schema\/person\/image\/","url":"https:\/\/stacatarina.mx\/consejos\/wp-content\/uploads\/2024\/09\/stacatarina.jpg","contentUrl":"https:\/\/stacatarina.mx\/consejos\/wp-content\/uploads\/2024\/09\/stacatarina.jpg","caption":"Pedro Mart\u00ednez"},"description":"Hola, soy Pedro Mart\u00ednez, redactor jefe del sitio oficial del ayuntamiento de Santa Catarina, en M\u00e9xico. Con m\u00e1s de diez a\u00f1os de experiencia en el periodismo local, tengo una pasi\u00f3n por la investigaci\u00f3n y la difusi\u00f3n de informaci\u00f3n que valoriza nuestra hermosa comunidad. Mi compromiso es hacer de Santa Catarina una referencia en materia de transparencia y comunicaci\u00f3n municipal.","sameAs":["https:\/\/stacatarina.mx\/"]}]}},"_links":{"self":[{"href":"https:\/\/stacatarina.mx\/consejos\/wp-json\/wp\/v2\/posts\/3278"}],"collection":[{"href":"https:\/\/stacatarina.mx\/consejos\/wp-json\/wp\/v2\/posts"}],"about":[{"href":"https:\/\/stacatarina.mx\/consejos\/wp-json\/wp\/v2\/types\/post"}],"author":[{"embeddable":true,"href":"https:\/\/stacatarina.mx\/consejos\/wp-json\/wp\/v2\/users\/1"}],"replies":[{"embeddable":true,"href":"https:\/\/stacatarina.mx\/consejos\/wp-json\/wp\/v2\/comments?post=3278"}],"version-history":[{"count":1,"href":"https:\/\/stacatarina.mx\/consejos\/wp-json\/wp\/v2\/posts\/3278\/revisions"}],"predecessor-version":[{"id":3280,"href":"https:\/\/stacatarina.mx\/consejos\/wp-json\/wp\/v2\/posts\/3278\/revisions\/3280"}],"wp:featuredmedia":[{"embeddable":true,"href":"https:\/\/stacatarina.mx\/consejos\/wp-json\/wp\/v2\/media\/3279"}],"wp:attachment":[{"href":"https:\/\/stacatarina.mx\/consejos\/wp-json\/wp\/v2\/media?parent=3278"}],"wp:term":[{"taxonomy":"category","embeddable":true,"href":"https:\/\/stacatarina.mx\/consejos\/wp-json\/wp\/v2\/categories?post=3278"},{"taxonomy":"post_tag","embeddable":true,"href":"https:\/\/stacatarina.mx\/consejos\/wp-json\/wp\/v2\/tags?post=3278"}],"curies":[{"name":"wp","href":"https:\/\/api.w.org\/{rel}","templated":true}]}}