{"id":3313,"date":"2025-03-26T08:23:05","date_gmt":"2025-03-26T14:23:05","guid":{"rendered":"https:\/\/stacatarina.mx\/consejos\/covestro-publica-el-objetivo-de-eficiencia-energetica\/"},"modified":"2025-03-26T08:23:05","modified_gmt":"2025-03-26T14:23:05","slug":"covestro-publica-el-objetivo-de-eficiencia-energetica","status":"publish","type":"post","link":"https:\/\/stacatarina.mx\/consejos\/covestro-publica-el-objetivo-de-eficiencia-energetica\/","title":{"rendered":"Covestro publica el objetivo de eficiencia energ\u00e9tica"},"content":{"rendered":"<div class=\"entry-content\">\n<ul class=\"wp-block-list\">\n<li><strong>Para 2030, el consumo de energ\u00eda por tonelada de producto ser\u00e1 un 20 por ciento m\u00e1s bajo que en 2020<\/strong><\/li>\n<li><strong>Esto corresponde a un ahorro de alrededor de 550,000 toneladas de CO<sub>2<\/sub> emisiones<\/strong><\/li>\n<li><strong>El uso de procesos m\u00e1s eficientes y tecnolog\u00edas innovadoras lo hace posible<\/strong><\/li>\n<\/ul>\n<p>Con un objetivo ambicioso para la eficiencia energ\u00e9tica, Covestro est\u00e1 avanzando con su enfoque en la neutralidad clim\u00e1tica y la econom\u00eda circular: para 2030, la compa\u00f1\u00eda quiere usar un 20 por ciento menos de energ\u00eda para producir una tonelada de producto que en 2020. Esto corresponde a alrededor de 550,000 toneladas de emisiones de CO2, m\u00e1s o menos tanto como las emisiones anuales de CO2 de una ciudad con alrededor de 70,000 habitantes o las emisiones de CO220.<\/p>\n<p>El objetivo de eficiencia energ\u00e9tica contribuye al ambicioso plan de Covestro para lograr la producci\u00f3n clim\u00e1tica neutral en 2035. Debe lograrse principalmente gracias a procesos m\u00e1s eficientes y tecnolog\u00edas innovadoras. Por ejemplo, Covestro ahora ha encargado un reactor moderno en su sitio de dormitorios que utiliza calor residual de los procesos de producci\u00f3n para generar vapor para futuros pasos de fabricaci\u00f3n. Por lo tanto, las emisiones de CO2 pueden reducirse hasta 22,000 toneladas por a\u00f1o.<\/p>\n<p>Al evento para anunciar el objetivo de eficiencia energ\u00e9tica y la puesta en marcha del reactor asistieron invitados de la pol\u00edtica, los negocios y el sector energ\u00e9tico, incluido Oliver Krischer, Ministro de Medio Ambiente, Conservaci\u00f3n de la Naturaleza y Transporte del Estado de North Rhine-Westfalia y la Dra. Julia Metz, Directora de Agora Industrie.<\/p>\n<p>La eficiencia energ\u00e9tica es un pilar importante de la estrategia corporativa de Covestro: &#8220;La producci\u00f3n clim\u00e1tica neutral solo se puede lograr si reducimos significativamente nuestros requisitos de energ\u00eda para la fabricaci\u00f3n de nuestros productos. Esto se debe a que actualmente no hay suficiente energ\u00eda renovable disponible a precios asequibles para comenzar a cubrir la demanda&#8221;, dice la Dra. Thorsten Dreier, director de tecnolog\u00eda principal de Covestro. &#8220;Adem\u00e1s, como proveedor de productos est\u00e1ndar, siempre debemos mantener nuestros costos de fabricaci\u00f3n lo m\u00e1s bajos posible para ser competitivos en el mercado global&#8221;. En vista de los costos de energ\u00eda persistentemente altos, especialmente en Alemania y Europa, la reducci\u00f3n de la energ\u00eda es, por lo tanto, un factor decisivo para el \u00e9xito empresarial.<\/p>\n<p>En el anuncio del objetivo de eficiencia energ\u00e9tica y la inauguraci\u00f3n del reactor de ahorro de energ\u00eda en el dormitorio, Oliver Krischer tambi\u00e9n enfatiz\u00f3 en el panel de conversaci\u00f3n con la Dra. Julia Metz y la Dra. Thorsten Dreier cu\u00e1n importante es el ahorro de energ\u00eda para un futuro sostenible del estado, y qu\u00e9 papel es la modernizaci\u00f3n de la producci\u00f3n industrial en esto.<\/p>\n<p>Paralelamente a su gesti\u00f3n de eficiencia energ\u00e9tica, Covestro se basa en fuentes de energ\u00eda renovables para lograr sus objetivos de neutralidad clim\u00e1tica. En 2024, por ejemplo, la compa\u00f1\u00eda firm\u00f3 un contrato con BP para la electricidad de la energ\u00eda solar para el sitio en Tarragona, Espa\u00f1a, lo que elev\u00f3 la parte de la electricidad de las fuentes de energ\u00eda renovable en el sitio al 30 por ciento. Gracias a un PPA con RWE, el sitio de Amberes recibir\u00e1 un 60 por ciento de electricidad renovable a partir de 2026. Y cuatro sitios covestro en los EE. UU. Han sido alimentados por completo por la electricidad renovable desde el comienzo de 2025. &#8220;Estamos en la pista correcta y estoy seguro de que lograremos nuestros objetivos de sostenibilidad&#8221;, dice Thorsten Dreier. &#8220;Las medidas de eficiencia energ\u00e9tica har\u00e1n una contribuci\u00f3n importante a esto&#8221;.<\/p>\n<hr class=\"wp-block-separator has-alpha-channel-opacity\"><\/div>\n","protected":false},"excerpt":{"rendered":"<p>Para 2030, el consumo de energ\u00eda por tonelada de producto ser\u00e1 un 20 por ciento m\u00e1s bajo que en 2020 Esto corresponde a un ahorro<\/p>\n","protected":false},"author":1,"featured_media":3314,"comment_status":"closed","ping_status":"","sticky":false,"template":"","format":"standard","meta":{"footnotes":""},"categories":[68],"tags":[3872,4235,520,4234,408],"class_list":["post-3313","post","type-post","status-publish","format-standard","has-post-thumbnail","hentry","category-fauna-y-flora","tag-covestro","tag-eficiencia","tag-energetica","tag-objetivo","tag-publica","generate-columns","tablet-grid-50","mobile-grid-100","grid-parent","grid-50"],"yoast_head":"<!-- This site is optimized with the Yoast SEO plugin v23.4 - https:\/\/yoast.com\/wordpress\/plugins\/seo\/ -->\n<title>Covestro publica el objetivo de eficiencia energ\u00e9tica - Consejos - Santa Catarina<\/title>\n<meta name=\"robots\" content=\"index, follow, max-snippet:-1, max-image-preview:large, max-video-preview:-1\" \/>\n<link rel=\"canonical\" href=\"https:\/\/stacatarina.mx\/consejos\/covestro-publica-el-objetivo-de-eficiencia-energetica\/\" \/>\n<meta property=\"og:locale\" content=\"es_MX\" \/>\n<meta property=\"og:type\" content=\"article\" \/>\n<meta property=\"og:title\" content=\"Covestro publica el objetivo de eficiencia energ\u00e9tica - Consejos - Santa Catarina\" \/>\n<meta property=\"og:description\" content=\"Para 2030, el consumo de energ\u00eda por tonelada de producto ser\u00e1 un 20 por ciento m\u00e1s bajo que en 2020 Esto corresponde a un ahorro\" \/>\n<meta property=\"og:url\" content=\"https:\/\/stacatarina.mx\/consejos\/covestro-publica-el-objetivo-de-eficiencia-energetica\/\" \/>\n<meta property=\"og:site_name\" content=\"Santa Catarina\" \/>\n<meta property=\"article:publisher\" content=\"https:\/\/www.facebook.com\/stacatarinagob\/\" \/>\n<meta property=\"article:published_time\" content=\"2025-03-26T14:23:05+00:00\" \/>\n<meta property=\"og:image\" content=\"https:\/\/stacatarina.mx\/consejos\/wp-content\/uploads\/2025\/03\/Covestro-publica-el-objetivo-de-eficiencia-energetica.jpg\" \/>\n\t<meta property=\"og:image:width\" content=\"900\" \/>\n\t<meta property=\"og:image:height\" content=\"559\" \/>\n\t<meta property=\"og:image:type\" content=\"image\/jpeg\" \/>\n<meta name=\"author\" content=\"Pedro Mart\u00ednez\" \/>\n<meta name=\"twitter:card\" content=\"summary_large_image\" \/>\n<meta name=\"twitter:creator\" content=\"@stacatarinagob\" \/>\n<meta name=\"twitter:site\" content=\"@stacatarinagob\" \/>\n<meta name=\"twitter:label1\" content=\"Escrito por\" \/>\n\t<meta name=\"twitter:data1\" content=\"Pedro Mart\u00ednez\" \/>\n\t<meta name=\"twitter:label2\" content=\"Tiempo de lectura\" \/>\n\t<meta name=\"twitter:data2\" content=\"3 minutos\" \/>\n<script type=\"application\/ld+json\" class=\"yoast-schema-graph\">{\"@context\":\"https:\/\/schema.org\",\"@graph\":[{\"@type\":\"Article\",\"@id\":\"https:\/\/stacatarina.mx\/consejos\/covestro-publica-el-objetivo-de-eficiencia-energetica\/#article\",\"isPartOf\":{\"@id\":\"https:\/\/stacatarina.mx\/consejos\/covestro-publica-el-objetivo-de-eficiencia-energetica\/\"},\"author\":{\"name\":\"Pedro Mart\u00ednez\",\"@id\":\"https:\/\/stacatarina.mx\/consejos\/#\/schema\/person\/0be60adffa8e4c4d0828fdf021450e8a\"},\"headline\":\"Covestro publica el objetivo de eficiencia energ\u00e9tica\",\"datePublished\":\"2025-03-26T14:23:05+00:00\",\"dateModified\":\"2025-03-26T14:23:05+00:00\",\"mainEntityOfPage\":{\"@id\":\"https:\/\/stacatarina.mx\/consejos\/covestro-publica-el-objetivo-de-eficiencia-energetica\/\"},\"wordCount\":624,\"publisher\":{\"@id\":\"https:\/\/stacatarina.mx\/consejos\/#organization\"},\"image\":{\"@id\":\"https:\/\/stacatarina.mx\/consejos\/covestro-publica-el-objetivo-de-eficiencia-energetica\/#primaryimage\"},\"thumbnailUrl\":\"https:\/\/stacatarina.mx\/consejos\/wp-content\/uploads\/2025\/03\/Covestro-publica-el-objetivo-de-eficiencia-energetica.jpg\",\"keywords\":[\"Covestro\",\"eficiencia\",\"energ\u00e9tica\",\"objetivo\",\"publica\"],\"articleSection\":[\"Fauna y Flora\"],\"inLanguage\":\"es\"},{\"@type\":\"WebPage\",\"@id\":\"https:\/\/stacatarina.mx\/consejos\/covestro-publica-el-objetivo-de-eficiencia-energetica\/\",\"url\":\"https:\/\/stacatarina.mx\/consejos\/covestro-publica-el-objetivo-de-eficiencia-energetica\/\",\"name\":\"Covestro publica el objetivo de eficiencia energ\u00e9tica - Consejos - Santa Catarina\",\"isPartOf\":{\"@id\":\"https:\/\/stacatarina.mx\/consejos\/#website\"},\"primaryImageOfPage\":{\"@id\":\"https:\/\/stacatarina.mx\/consejos\/covestro-publica-el-objetivo-de-eficiencia-energetica\/#primaryimage\"},\"image\":{\"@id\":\"https:\/\/stacatarina.mx\/consejos\/covestro-publica-el-objetivo-de-eficiencia-energetica\/#primaryimage\"},\"thumbnailUrl\":\"https:\/\/stacatarina.mx\/consejos\/wp-content\/uploads\/2025\/03\/Covestro-publica-el-objetivo-de-eficiencia-energetica.jpg\",\"datePublished\":\"2025-03-26T14:23:05+00:00\",\"dateModified\":\"2025-03-26T14:23:05+00:00\",\"breadcrumb\":{\"@id\":\"https:\/\/stacatarina.mx\/consejos\/covestro-publica-el-objetivo-de-eficiencia-energetica\/#breadcrumb\"},\"inLanguage\":\"es\",\"potentialAction\":[{\"@type\":\"ReadAction\",\"target\":[\"https:\/\/stacatarina.mx\/consejos\/covestro-publica-el-objetivo-de-eficiencia-energetica\/\"]}]},{\"@type\":\"ImageObject\",\"inLanguage\":\"es\",\"@id\":\"https:\/\/stacatarina.mx\/consejos\/covestro-publica-el-objetivo-de-eficiencia-energetica\/#primaryimage\",\"url\":\"https:\/\/stacatarina.mx\/consejos\/wp-content\/uploads\/2025\/03\/Covestro-publica-el-objetivo-de-eficiencia-energetica.jpg\",\"contentUrl\":\"https:\/\/stacatarina.mx\/consejos\/wp-content\/uploads\/2025\/03\/Covestro-publica-el-objetivo-de-eficiencia-energetica.jpg\",\"width\":900,\"height\":559,\"caption\":\"Covestro publishes energy efficiency target\"},{\"@type\":\"BreadcrumbList\",\"@id\":\"https:\/\/stacatarina.mx\/consejos\/covestro-publica-el-objetivo-de-eficiencia-energetica\/#breadcrumb\",\"itemListElement\":[{\"@type\":\"ListItem\",\"position\":1,\"name\":\"Inicio\",\"item\":\"https:\/\/stacatarina.mx\/consejos\/\"},{\"@type\":\"ListItem\",\"position\":2,\"name\":\"Covestro publica el objetivo de eficiencia energ\u00e9tica\"}]},{\"@type\":\"WebSite\",\"@id\":\"https:\/\/stacatarina.mx\/consejos\/#website\",\"url\":\"https:\/\/stacatarina.mx\/consejos\/\",\"name\":\"Santa Catarina\",\"description\":\"\",\"publisher\":{\"@id\":\"https:\/\/stacatarina.mx\/consejos\/#organization\"},\"potentialAction\":[{\"@type\":\"SearchAction\",\"target\":{\"@type\":\"EntryPoint\",\"urlTemplate\":\"https:\/\/stacatarina.mx\/consejos\/?s={search_term_string}\"},\"query-input\":{\"@type\":\"PropertyValueSpecification\",\"valueRequired\":true,\"valueName\":\"search_term_string\"}}],\"inLanguage\":\"es\"},{\"@type\":\"Organization\",\"@id\":\"https:\/\/stacatarina.mx\/consejos\/#organization\",\"name\":\"Santa Catarina\",\"url\":\"https:\/\/stacatarina.mx\/consejos\/\",\"logo\":{\"@type\":\"ImageObject\",\"inLanguage\":\"es\",\"@id\":\"https:\/\/stacatarina.mx\/consejos\/#\/schema\/logo\/image\/\",\"url\":\"https:\/\/stacatarina.mx\/consejos\/wp-content\/uploads\/2024\/09\/cropped-favicon-1-1.png\",\"contentUrl\":\"https:\/\/stacatarina.mx\/consejos\/wp-content\/uploads\/2024\/09\/cropped-favicon-1-1.png\",\"width\":512,\"height\":512,\"caption\":\"Santa Catarina\"},\"image\":{\"@id\":\"https:\/\/stacatarina.mx\/consejos\/#\/schema\/logo\/image\/\"},\"sameAs\":[\"https:\/\/www.facebook.com\/stacatarinagob\/\",\"https:\/\/x.com\/stacatarinagob\",\"https:\/\/www.instagram.com\/stacatarinagob\/\",\"https:\/\/www.youtube.com\/channel\/UCK-6cQJL_904665N1_nLTWw\"]},{\"@type\":\"Person\",\"@id\":\"https:\/\/stacatarina.mx\/consejos\/#\/schema\/person\/0be60adffa8e4c4d0828fdf021450e8a\",\"name\":\"Pedro Mart\u00ednez\",\"image\":{\"@type\":\"ImageObject\",\"inLanguage\":\"es\",\"@id\":\"https:\/\/stacatarina.mx\/consejos\/#\/schema\/person\/image\/\",\"url\":\"https:\/\/stacatarina.mx\/consejos\/wp-content\/uploads\/2024\/09\/stacatarina.jpg\",\"contentUrl\":\"https:\/\/stacatarina.mx\/consejos\/wp-content\/uploads\/2024\/09\/stacatarina.jpg\",\"caption\":\"Pedro Mart\u00ednez\"},\"description\":\"Hola, soy Pedro Mart\u00ednez, redactor jefe del sitio oficial del ayuntamiento de Santa Catarina, en M\u00e9xico. Con m\u00e1s de diez a\u00f1os de experiencia en el periodismo local, tengo una pasi\u00f3n por la investigaci\u00f3n y la difusi\u00f3n de informaci\u00f3n que valoriza nuestra hermosa comunidad. Mi compromiso es hacer de Santa Catarina una referencia en materia de transparencia y comunicaci\u00f3n municipal.\",\"sameAs\":[\"https:\/\/stacatarina.mx\/\"]}]}<\/script>\n<!-- \/ Yoast SEO plugin. -->","yoast_head_json":{"title":"Covestro publica el objetivo de eficiencia energ\u00e9tica - Consejos - Santa Catarina","robots":{"index":"index","follow":"follow","max-snippet":"max-snippet:-1","max-image-preview":"max-image-preview:large","max-video-preview":"max-video-preview:-1"},"canonical":"https:\/\/stacatarina.mx\/consejos\/covestro-publica-el-objetivo-de-eficiencia-energetica\/","og_locale":"es_MX","og_type":"article","og_title":"Covestro publica el objetivo de eficiencia energ\u00e9tica - Consejos - Santa Catarina","og_description":"Para 2030, el consumo de energ\u00eda por tonelada de producto ser\u00e1 un 20 por ciento m\u00e1s bajo que en 2020 Esto corresponde a un ahorro","og_url":"https:\/\/stacatarina.mx\/consejos\/covestro-publica-el-objetivo-de-eficiencia-energetica\/","og_site_name":"Santa Catarina","article_publisher":"https:\/\/www.facebook.com\/stacatarinagob\/","article_published_time":"2025-03-26T14:23:05+00:00","og_image":[{"width":900,"height":559,"url":"https:\/\/stacatarina.mx\/consejos\/wp-content\/uploads\/2025\/03\/Covestro-publica-el-objetivo-de-eficiencia-energetica.jpg","type":"image\/jpeg"}],"author":"Pedro Mart\u00ednez","twitter_card":"summary_large_image","twitter_creator":"@stacatarinagob","twitter_site":"@stacatarinagob","twitter_misc":{"Escrito por":"Pedro Mart\u00ednez","Tiempo de lectura":"3 minutos"},"schema":{"@context":"https:\/\/schema.org","@graph":[{"@type":"Article","@id":"https:\/\/stacatarina.mx\/consejos\/covestro-publica-el-objetivo-de-eficiencia-energetica\/#article","isPartOf":{"@id":"https:\/\/stacatarina.mx\/consejos\/covestro-publica-el-objetivo-de-eficiencia-energetica\/"},"author":{"name":"Pedro Mart\u00ednez","@id":"https:\/\/stacatarina.mx\/consejos\/#\/schema\/person\/0be60adffa8e4c4d0828fdf021450e8a"},"headline":"Covestro publica el objetivo de eficiencia energ\u00e9tica","datePublished":"2025-03-26T14:23:05+00:00","dateModified":"2025-03-26T14:23:05+00:00","mainEntityOfPage":{"@id":"https:\/\/stacatarina.mx\/consejos\/covestro-publica-el-objetivo-de-eficiencia-energetica\/"},"wordCount":624,"publisher":{"@id":"https:\/\/stacatarina.mx\/consejos\/#organization"},"image":{"@id":"https:\/\/stacatarina.mx\/consejos\/covestro-publica-el-objetivo-de-eficiencia-energetica\/#primaryimage"},"thumbnailUrl":"https:\/\/stacatarina.mx\/consejos\/wp-content\/uploads\/2025\/03\/Covestro-publica-el-objetivo-de-eficiencia-energetica.jpg","keywords":["Covestro","eficiencia","energ\u00e9tica","objetivo","publica"],"articleSection":["Fauna y Flora"],"inLanguage":"es"},{"@type":"WebPage","@id":"https:\/\/stacatarina.mx\/consejos\/covestro-publica-el-objetivo-de-eficiencia-energetica\/","url":"https:\/\/stacatarina.mx\/consejos\/covestro-publica-el-objetivo-de-eficiencia-energetica\/","name":"Covestro publica el objetivo de eficiencia energ\u00e9tica - Consejos - Santa Catarina","isPartOf":{"@id":"https:\/\/stacatarina.mx\/consejos\/#website"},"primaryImageOfPage":{"@id":"https:\/\/stacatarina.mx\/consejos\/covestro-publica-el-objetivo-de-eficiencia-energetica\/#primaryimage"},"image":{"@id":"https:\/\/stacatarina.mx\/consejos\/covestro-publica-el-objetivo-de-eficiencia-energetica\/#primaryimage"},"thumbnailUrl":"https:\/\/stacatarina.mx\/consejos\/wp-content\/uploads\/2025\/03\/Covestro-publica-el-objetivo-de-eficiencia-energetica.jpg","datePublished":"2025-03-26T14:23:05+00:00","dateModified":"2025-03-26T14:23:05+00:00","breadcrumb":{"@id":"https:\/\/stacatarina.mx\/consejos\/covestro-publica-el-objetivo-de-eficiencia-energetica\/#breadcrumb"},"inLanguage":"es","potentialAction":[{"@type":"ReadAction","target":["https:\/\/stacatarina.mx\/consejos\/covestro-publica-el-objetivo-de-eficiencia-energetica\/"]}]},{"@type":"ImageObject","inLanguage":"es","@id":"https:\/\/stacatarina.mx\/consejos\/covestro-publica-el-objetivo-de-eficiencia-energetica\/#primaryimage","url":"https:\/\/stacatarina.mx\/consejos\/wp-content\/uploads\/2025\/03\/Covestro-publica-el-objetivo-de-eficiencia-energetica.jpg","contentUrl":"https:\/\/stacatarina.mx\/consejos\/wp-content\/uploads\/2025\/03\/Covestro-publica-el-objetivo-de-eficiencia-energetica.jpg","width":900,"height":559,"caption":"Covestro publishes energy efficiency target"},{"@type":"BreadcrumbList","@id":"https:\/\/stacatarina.mx\/consejos\/covestro-publica-el-objetivo-de-eficiencia-energetica\/#breadcrumb","itemListElement":[{"@type":"ListItem","position":1,"name":"Inicio","item":"https:\/\/stacatarina.mx\/consejos\/"},{"@type":"ListItem","position":2,"name":"Covestro publica el objetivo de eficiencia energ\u00e9tica"}]},{"@type":"WebSite","@id":"https:\/\/stacatarina.mx\/consejos\/#website","url":"https:\/\/stacatarina.mx\/consejos\/","name":"Santa Catarina","description":"","publisher":{"@id":"https:\/\/stacatarina.mx\/consejos\/#organization"},"potentialAction":[{"@type":"SearchAction","target":{"@type":"EntryPoint","urlTemplate":"https:\/\/stacatarina.mx\/consejos\/?s={search_term_string}"},"query-input":{"@type":"PropertyValueSpecification","valueRequired":true,"valueName":"search_term_string"}}],"inLanguage":"es"},{"@type":"Organization","@id":"https:\/\/stacatarina.mx\/consejos\/#organization","name":"Santa Catarina","url":"https:\/\/stacatarina.mx\/consejos\/","logo":{"@type":"ImageObject","inLanguage":"es","@id":"https:\/\/stacatarina.mx\/consejos\/#\/schema\/logo\/image\/","url":"https:\/\/stacatarina.mx\/consejos\/wp-content\/uploads\/2024\/09\/cropped-favicon-1-1.png","contentUrl":"https:\/\/stacatarina.mx\/consejos\/wp-content\/uploads\/2024\/09\/cropped-favicon-1-1.png","width":512,"height":512,"caption":"Santa Catarina"},"image":{"@id":"https:\/\/stacatarina.mx\/consejos\/#\/schema\/logo\/image\/"},"sameAs":["https:\/\/www.facebook.com\/stacatarinagob\/","https:\/\/x.com\/stacatarinagob","https:\/\/www.instagram.com\/stacatarinagob\/","https:\/\/www.youtube.com\/channel\/UCK-6cQJL_904665N1_nLTWw"]},{"@type":"Person","@id":"https:\/\/stacatarina.mx\/consejos\/#\/schema\/person\/0be60adffa8e4c4d0828fdf021450e8a","name":"Pedro Mart\u00ednez","image":{"@type":"ImageObject","inLanguage":"es","@id":"https:\/\/stacatarina.mx\/consejos\/#\/schema\/person\/image\/","url":"https:\/\/stacatarina.mx\/consejos\/wp-content\/uploads\/2024\/09\/stacatarina.jpg","contentUrl":"https:\/\/stacatarina.mx\/consejos\/wp-content\/uploads\/2024\/09\/stacatarina.jpg","caption":"Pedro Mart\u00ednez"},"description":"Hola, soy Pedro Mart\u00ednez, redactor jefe del sitio oficial del ayuntamiento de Santa Catarina, en M\u00e9xico. Con m\u00e1s de diez a\u00f1os de experiencia en el periodismo local, tengo una pasi\u00f3n por la investigaci\u00f3n y la difusi\u00f3n de informaci\u00f3n que valoriza nuestra hermosa comunidad. Mi compromiso es hacer de Santa Catarina una referencia en materia de transparencia y comunicaci\u00f3n municipal.","sameAs":["https:\/\/stacatarina.mx\/"]}]}},"_links":{"self":[{"href":"https:\/\/stacatarina.mx\/consejos\/wp-json\/wp\/v2\/posts\/3313"}],"collection":[{"href":"https:\/\/stacatarina.mx\/consejos\/wp-json\/wp\/v2\/posts"}],"about":[{"href":"https:\/\/stacatarina.mx\/consejos\/wp-json\/wp\/v2\/types\/post"}],"author":[{"embeddable":true,"href":"https:\/\/stacatarina.mx\/consejos\/wp-json\/wp\/v2\/users\/1"}],"replies":[{"embeddable":true,"href":"https:\/\/stacatarina.mx\/consejos\/wp-json\/wp\/v2\/comments?post=3313"}],"version-history":[{"count":1,"href":"https:\/\/stacatarina.mx\/consejos\/wp-json\/wp\/v2\/posts\/3313\/revisions"}],"predecessor-version":[{"id":3315,"href":"https:\/\/stacatarina.mx\/consejos\/wp-json\/wp\/v2\/posts\/3313\/revisions\/3315"}],"wp:featuredmedia":[{"embeddable":true,"href":"https:\/\/stacatarina.mx\/consejos\/wp-json\/wp\/v2\/media\/3314"}],"wp:attachment":[{"href":"https:\/\/stacatarina.mx\/consejos\/wp-json\/wp\/v2\/media?parent=3313"}],"wp:term":[{"taxonomy":"category","embeddable":true,"href":"https:\/\/stacatarina.mx\/consejos\/wp-json\/wp\/v2\/categories?post=3313"},{"taxonomy":"post_tag","embeddable":true,"href":"https:\/\/stacatarina.mx\/consejos\/wp-json\/wp\/v2\/tags?post=3313"}],"curies":[{"name":"wp","href":"https:\/\/api.w.org\/{rel}","templated":true}]}}