{"id":3316,"date":"2025-03-26T13:24:35","date_gmt":"2025-03-26T19:24:35","guid":{"rendered":"https:\/\/stacatarina.mx\/consejos\/los-ganadores-del-fotografo-de-mamiferos-e-ilustrador-del-ano-2025-revelan-perspectivas-extraordinarias\/"},"modified":"2025-03-26T13:24:36","modified_gmt":"2025-03-26T19:24:36","slug":"los-ganadores-del-fotografo-de-mamiferos-e-ilustrador-del-ano-2025-revelan-perspectivas-extraordinarias","status":"publish","type":"post","link":"https:\/\/stacatarina.mx\/consejos\/los-ganadores-del-fotografo-de-mamiferos-e-ilustrador-del-ano-2025-revelan-perspectivas-extraordinarias\/","title":{"rendered":"Los ganadores del fot\u00f3grafo de mam\u00edferos e ilustrador del a\u00f1o 2025 revelan &#8216;perspectivas extraordinarias&#8217; &#8230;"},"content":{"rendered":"<div class=\"entry-content\">\n<p>La aleta de un sello, una vista entre ojo de una musara\u00f1a y un retrato \u00edntimo de un zorro han sido el primer, segundo y tercer lugar en el fot\u00f3grafo de mam\u00edferos del a\u00f1o 2025. Adem\u00e1s, una pieza de arte de un mouse de cosecha contra una luna llena gan\u00f3 el primer lugar en nuestro primer ilustrador de mam\u00edferos del a\u00f1o, junto a los corredores de runas que describen una espiral de las canciones de los mam\u00edferos detallados y una evidencia de un fox de fox de foxes. Los ganadores ganaron premios de generosos patrocinadores, incluidos NHBS, Naturetrek, Wildcare, British Wildlife Center y Bromley&#8217;s Art Supplies. <\/p>\n<p>El tema de las competiciones, &#8216;Mam\u00edferos brit\u00e1nicos: perspectivas extraordinarias&#8217;, invitadas representaciones inusuales o sorprendentes de nuestros esquivos y carism\u00e1ticos mam\u00edferos salvajes. Para seguir a las competiciones, del 21 al 27 de abril, los retornos de la Semana Nacional de los Mam\u00edferos, dedicados a crear conciencia y promover la conservaci\u00f3n de los mam\u00edferos brit\u00e1nicos. Este a\u00f1o, estamos explorando el tema <strong>Donde las cosas salvajes <\/strong><strong><em>Deber\u00eda <\/em><\/strong><strong>Ser<\/strong>destacando cu\u00e1nto m\u00e1s salvajes deber\u00edan ser nuestros paisajes contequeros de la naturaleza, y c\u00f3mo todos pueden desempe\u00f1ar un papel en la restauraci\u00f3n. <\/p>\n<figure class=\"wp-block-image\"><\/figure>\n<p>La fotograf\u00eda ganadora, &#8216;Estudio de una aleta de sello&#8217;, por Paul Alistair Collins, fue tomada en Norfolk. &#8220;Cada invierno, regreso a las playas azotadas por el viento de Norfolk &#8230; para presenciar la colonia m\u00e1s grande del Reino Unido de focas grises. Ning\u00fan dos d\u00edas es el mismo: cada amanecer, cada marea cambiante, y cada momento de actividad de focas ofrece nuevas posibilidades creativas. Como la primera luz del amanecer entr\u00f3 desde el lado, not\u00e9 esta arena de sello sobre s\u00ed misma, revelando una rica jugada de textura y luz,&#8221;, dijo la luz &#8220;, dijo el amanecer, dijeron este sello. <\/p>\n<figure class=\"wp-block-image\"><img decoding=\"async\" src=\"https:\/\/mail.google.com\/mail\/u\/0?ui=2&amp;ik=045cf3bf37&amp;attid=0.5&amp;permmsgid=msg-f:1827113932108487176&amp;th=195b3670d77e5a08&amp;view=fimg&amp;fur=ip&amp;permmsgid=msg-f:1827113932108487176&amp;sz=s0-l75-ft&amp;attbid=ANGjdJ8euqD6fGtX2OppFapXtdfeHH_SCyT8eRpL9UUHoRFrEYiz5u1wezyHk7DNwolz-XCYELsC6aFXdeifv8jnfRx65Nufp35L3icGM6LObcd9JXz7RwJrf34NazE&amp;disp=emb&amp;realattid=ii_m8h9rh6x1&amp;zw\" alt=\"Un contenido generado por el agua potable de animales peque\u00f1os puede ser incorrecto.\"><\/figure>\n<p>La fotograf\u00eda ganadora del segundo lugar de Jason Hornblow, &#8216;Common Shrew&#8217;, le da al espectador una nueva perspectiva cara a vista de uno de nuestros mam\u00edferos m\u00e1s peque\u00f1os y subrepresentados, la musara\u00f1a, capturada mientras se detiene por un momento en un charco congelado.  <\/p>\n<figure class=\"wp-block-image\"><img decoding=\"async\" src=\"https:\/\/mail.google.com\/mail\/u\/0?ui=2&amp;ik=045cf3bf37&amp;attid=0.3&amp;permmsgid=msg-f:1827113932108487176&amp;th=195b3670d77e5a08&amp;view=fimg&amp;fur=ip&amp;permmsgid=msg-f:1827113932108487176&amp;sz=s0-l75-ft&amp;attbid=ANGjdJ-EoVQ2m-YP7Dx7fKDJLvtpKupHM073tI9JTaD3SVHRTc5v0BDnn8561RpBNE-6UFehzlIC0LDMsdBt9uWAVSpInnHNRr0gz5HB76Cr6fL11qWHEdWdelCrgIc&amp;disp=emb&amp;realattid=ii_m8h9rh7m2&amp;zw\" alt=\"Un primer plano del contenido generado por la cara de un zorro puede ser incorrecto.\"><\/figure>\n<p>La fotograf\u00eda ganadora del tercer lugar de Bethan Milner, &#8216;Un momento de descanso&#8217;, ofrece una idea de un momento \u00edntimo y de cerca con un zorro. <\/p>\n<figure class=\"wp-block-image\"><img decoding=\"async\" src=\"https:\/\/mail.google.com\/mail\/u\/0?ui=2&amp;ik=045cf3bf37&amp;attid=0.2&amp;permmsgid=msg-f:1827113932108487176&amp;th=195b3670d77e5a08&amp;view=fimg&amp;fur=ip&amp;permmsgid=msg-f:1827113932108487176&amp;sz=s0-l75-ft&amp;attbid=ANGjdJ9ZrctGxChMp4NR-JRHsrmjRtu6p2FP3bKZMfEv1Z9eX0impnR4tj4D087pd5xWqwqFjAt04PKlOyp22Xe6lDRuUdTYw0yT3nHn1kCSRplUGvop6-1rbCd30Fo&amp;disp=emb&amp;realattid=ii_m8h9rh823&amp;zw\" alt=\"Un primer plano de un contenido generado por AI de pintura puede ser incorrecto.\"><\/figure>\n<p>Mientras tanto, la obra de arte ganadora de Jade Taylor, &#8216;The Harvest Moon&#8217;, busc\u00f3 resaltar el roedor m\u00e1s peque\u00f1o de Gran Breta\u00f1a, el rat\u00f3n de cosecha. &#8220;Finales de septiembre marca el comienzo del final de la temporada de reproducci\u00f3n principal para el roedor m\u00e1s peque\u00f1o de Gran Breta\u00f1a y la luna de la cosecha marca el cambio en el oto\u00f1o &#8230; los ratones de la cosecha no hibernan, pero duermen m\u00e1s a trav\u00e9s de los meses m\u00e1s fr\u00edos delante de su nido en forma de pelota. Cuando se aventuran, son los escaladores \u00e1vidos, haciendo un uso completo de su incre\u00edble cola prehensil, (y) principalmente nocturnal, por lo que hacen la lunar, lo que hacen las lunares, lo que hacen la lunar, los lunares, por lo que hacen la lunar, lo que dan la lunares, lo que dan la lunares, por lo que hacen la lunar, lo que hacen las lunares. Jade. <\/p>\n<figure class=\"wp-block-image\"><img decoding=\"async\" src=\"https:\/\/mail.google.com\/mail\/u\/0?ui=2&amp;ik=045cf3bf37&amp;attid=0.1&amp;permmsgid=msg-f:1827113932108487176&amp;th=195b3670d77e5a08&amp;view=fimg&amp;fur=ip&amp;permmsgid=msg-f:1827113932108487176&amp;sz=s0-l75-ft&amp;attbid=ANGjdJ9vYaxIbLJnAllYHpwRITqy2enXJf6RdHUb6-B2MifaREK1ev27ywJUn3c8voABe8WLq3qqPfV5623OpPIYkdGvS0lCkEnQ-Qm9OiszJ8BY7nMVlPsZjjjBOCo&amp;disp=emb&amp;realattid=ii_m8h9rh884&amp;zw\" alt=\"Una espiral de pistas animales de contenido generado por IA puede ser incorrecta.\"><\/figure>\n<p>La obra de arte del segundo lugar de David Wege, &#8220;El camino de todos los seres&#8221;, se hizo como un recordatorio de que todos los seres est\u00e1n conectados y en el mismo camino, as\u00ed como que leer pistas animales es parte de la condici\u00f3n humana. <\/p>\n<figure class=\"wp-block-image\"><img decoding=\"async\" src=\"https:\/\/mail.google.com\/mail\/u\/0?ui=2&amp;ik=045cf3bf37&amp;attid=0.4&amp;permmsgid=msg-f:1827113932108487176&amp;th=195b3670d77e5a08&amp;view=fimg&amp;fur=ip&amp;permmsgid=msg-f:1827113932108487176&amp;sz=s0-l75-ft&amp;attbid=ANGjdJ9Ewdv6ocHXMrqT7rjxlQNbL4RrGNv_I6yZpiBuoZoM1IOPzOPrdhVYGJkadNbt0eSj1VZGjffhE57ncPZtTDXp8s1ohsGfXRTebPbYTf-Htj5pfkDw-X3mqK8&amp;disp=emb&amp;realattid=ii_m8h9rh8l5&amp;zw\" alt=\"Un zorro blanco en un contenido ligero generado por IA puede ser incorrecto.\"><\/figure>\n<p>La pieza del tercer lugar de Emma Carpendale, &#8216;The Spirit Fox&#8217;, reflej\u00f3 la belleza y la dignidad que Emma vio en su tema, el zorro. <\/p>\n<figure class=\"wp-block-image\"><img decoding=\"async\" src=\"https:\/\/mail.google.com\/mail\/u\/0?ui=2&amp;ik=045cf3bf37&amp;attid=0.7&amp;permmsgid=msg-f:1827113932108487176&amp;th=195b3670d77e5a08&amp;view=fimg&amp;fur=ip&amp;permmsgid=msg-f:1827113932108487176&amp;sz=s0-l75-ft&amp;attbid=ANGjdJ_Fx07m1pdO6aAvk0P9FAPygVusrUWLyWBnbOKQ8mZF33c-cL0G1aFninpO4MLuVWt9mI1VRgZ51Ixuh4RyLaQNHHdWN9XZFriNLfLxAqJKBh6uoVMPNCkaPHk&amp;disp=emb&amp;realattid=ii_m8h9rh8r6&amp;zw\" alt=\"Un esqueleto del contenido generado por AI de una mano de p\u00e1jaro puede ser incorrecto.\"><\/figure>\n<figure class=\"wp-block-image\"><img decoding=\"async\" src=\"https:\/\/mail.google.com\/mail\/u\/0?ui=2&amp;ik=045cf3bf37&amp;attid=0.10&amp;permmsgid=msg-f:1827113932108487176&amp;th=195b3670d77e5a08&amp;view=fimg&amp;fur=ip&amp;permmsgid=msg-f:1827113932108487176&amp;sz=s0-l75-ft&amp;attbid=ANGjdJ-f1-IR4ewT3OoeMiH-JzbIfXi8SnAX8XDgotXBm3py0UD0X4TeECq0DV3yExRXQ4oNVcW4HWRDOXp71Bd6TmnxzfPEbyS9Jdy5FUhGWbXq7sHGw8rjX0rgBVI&amp;disp=emb&amp;realattid=ii_m8h9rh927&amp;zw\" alt=\"Un p\u00e1jaro sentado en un contenido generado por la cabeza de ciervo puede ser incorrecto.\"><\/figure>\n<p>Los premios de cartera se otorgaron a Susanna Ramsey, por su serie de fotograf\u00edas macro de huesos de mam\u00edferos, y Naomi Joy Fox, por sus ricas obras de arte con una variedad de mam\u00edferos brit\u00e1nicos.  <\/p>\n<figure class=\"wp-block-image\"><img decoding=\"async\" src=\"https:\/\/mail.google.com\/mail\/u\/0?ui=2&amp;ik=045cf3bf37&amp;attid=0.8&amp;permmsgid=msg-f:1827113932108487176&amp;th=195b3670d77e5a08&amp;view=fimg&amp;fur=ip&amp;permmsgid=msg-f:1827113932108487176&amp;sz=s0-l75-ft&amp;attbid=ANGjdJ8ttivAvZRPX06wlO9dT-6nfHbsBLivBq9g8UNnV9PqnEBxEIt2MGmtBy7H_UiTMoki76mvlK_6bSTuYeYqtM6TStP--gd62lXsMilxJsDUK1ljNCD9j7glluw&amp;disp=emb&amp;realattid=ii_m8h9rh9p8&amp;zw\" alt=\"Un ciervo con astas en un contenido generado por IA de campo puede ser incorrecto.\"><\/figure>\n<p>El joven fot\u00f3grafo de mam\u00edferos del a\u00f1o 2025 fue ganado por Katrina Vidasva (16), por su fotograf\u00eda &#8216;Stag de respiraci\u00f3n de fuego&#8217;, que hab\u00eda imaginado durante mucho tiempo, queriendo capturar el aliento de un cierre rugiente iluminado por la luz dorada.  <\/p>\n<figure class=\"wp-block-image\"><img decoding=\"async\" src=\"https:\/\/mail.google.com\/mail\/u\/0?ui=2&amp;ik=045cf3bf37&amp;attid=0.9&amp;permmsgid=msg-f:1827113932108487176&amp;th=195b3670d77e5a08&amp;view=fimg&amp;fur=ip&amp;permmsgid=msg-f:1827113932108487176&amp;sz=s0-l75-ft&amp;attbid=ANGjdJ-MqTAhIYOcDMYQ9PFy0NxFuv9CJ8GLr4tGJu-hpBhG067B3XkEk0pRaRrfSEGe3meZvz5zpskXjSP0MKFRSHcMQdOqALDndflm8XpQPgEBAEuwZD7twJ8azJY&amp;disp=emb&amp;realattid=ii_m8h9rha39&amp;zw\" alt=\"Un ciervo con astas en un contenido generado por IA de campo puede ser incorrecto.\"><\/figure>\n<p>Por \u00faltimo, se abri\u00f3 la votaci\u00f3n p\u00fablica para las piezas de fotograf\u00eda y arte; Mientras que la ilustraci\u00f3n de David Wege &#8216;El camino de todos los seres&#8217; tambi\u00e9n fue seleccionado como &#8216;People&#8217;s Choice&#8217; para Mammal Illustrator of the Year, la fotograf\u00eda de Paul Meek &#8216;Comando Stag&#8217; fue seleccionada como &#8216;People&#8217;s Choice&#8217; para el fot\u00f3grafo de mam\u00edferos del a\u00f1o. Varias otras fotograf\u00edas y piezas de arte tambi\u00e9n recibieron un premio &#8216;altamente elogiado&#8217;. <\/p>\n<p>&#8220;Un gran agradecimiento a todos los que ingresaron, as\u00ed como a nuestros jueces Karen Miller, Dani Connor, Emerson Mayes, Rachel Brooks, Tim Flach, Roxy Furman y Yuval Zommer por ayudarnos a decidir sobre las piezas ganadoras&#8221;, dijo Alana Scott de la Sociedad Mammal. &#8220;La selecci\u00f3n de im\u00e1genes que recibimos realmente muestra cu\u00e1ntas perspectivas \u00fanicas hay del mundo natural de Gran Breta\u00f1a, gracias a las conexiones de las personas con nuestros mam\u00edferos brit\u00e1nicos salvajes. Espero que estas perspectivas y conexiones puedan ayudarnos a construir un futuro mejor para nuestros mam\u00edferos, comenzando con nuestra campa\u00f1a para resaltar los paisajes de los que los hemos perdido, y c\u00f3mo podemos traerlas de regreso, durante la Semana Nacional de los Mammales 202 5.&#8221; &#8220;.&#8221;<\/p>\n<\/p><\/div>\n","protected":false},"excerpt":{"rendered":"<p>La aleta de un sello, una vista entre ojo de una musara\u00f1a y un retrato \u00edntimo de un zorro han sido el primer, segundo y<\/p>\n","protected":false},"author":1,"featured_media":3317,"comment_status":"closed","ping_status":"","sticky":false,"template":"","format":"standard","meta":{"footnotes":""},"categories":[68],"tags":[421,23,4240,4237,4236,4238,62,1598,4239,3115],"class_list":["post-3316","post","type-post","status-publish","format-standard","has-post-thumbnail","hentry","category-fauna-y-flora","tag-ano","tag-del","tag-extraordinarias","tag-fotografo","tag-ganadores","tag-ilustrador","tag-los","tag-mamiferos","tag-perspectivas","tag-revelan","generate-columns","tablet-grid-50","mobile-grid-100","grid-parent","grid-50"],"yoast_head":"<!-- This site is optimized with the Yoast SEO plugin v23.4 - https:\/\/yoast.com\/wordpress\/plugins\/seo\/ -->\n<title>Los ganadores del fot\u00f3grafo de mam\u00edferos e ilustrador del a\u00f1o 2025 revelan &#039;perspectivas extraordinarias&#039; ... - Consejos - Santa Catarina<\/title>\n<meta name=\"robots\" content=\"index, follow, max-snippet:-1, max-image-preview:large, max-video-preview:-1\" \/>\n<link rel=\"canonical\" href=\"https:\/\/stacatarina.mx\/consejos\/los-ganadores-del-fotografo-de-mamiferos-e-ilustrador-del-ano-2025-revelan-perspectivas-extraordinarias\/\" \/>\n<meta property=\"og:locale\" content=\"es_MX\" \/>\n<meta property=\"og:type\" content=\"article\" \/>\n<meta property=\"og:title\" content=\"Los ganadores del fot\u00f3grafo de mam\u00edferos e ilustrador del a\u00f1o 2025 revelan &#039;perspectivas extraordinarias&#039; ... - Consejos - Santa Catarina\" \/>\n<meta property=\"og:description\" content=\"La aleta de un sello, una vista entre ojo de una musara\u00f1a y un retrato \u00edntimo de un zorro han sido el primer, segundo y\" \/>\n<meta property=\"og:url\" content=\"https:\/\/stacatarina.mx\/consejos\/los-ganadores-del-fotografo-de-mamiferos-e-ilustrador-del-ano-2025-revelan-perspectivas-extraordinarias\/\" \/>\n<meta property=\"og:site_name\" content=\"Santa Catarina\" \/>\n<meta property=\"article:publisher\" content=\"https:\/\/www.facebook.com\/stacatarinagob\/\" \/>\n<meta property=\"article:published_time\" content=\"2025-03-26T19:24:35+00:00\" \/>\n<meta property=\"article:modified_time\" content=\"2025-03-26T19:24:36+00:00\" \/>\n<meta property=\"og:image\" content=\"https:\/\/stacatarina.mx\/consejos\/wp-content\/uploads\/2025\/03\/Los-ganadores-del-fotografo-de-mamiferos-e-ilustrador-del-ano.jpeg\" \/>\n\t<meta property=\"og:image:width\" content=\"898\" \/>\n\t<meta property=\"og:image:height\" content=\"646\" \/>\n\t<meta property=\"og:image:type\" content=\"image\/jpeg\" \/>\n<meta name=\"author\" content=\"Pedro Mart\u00ednez\" \/>\n<meta name=\"twitter:card\" content=\"summary_large_image\" \/>\n<meta name=\"twitter:creator\" content=\"@stacatarinagob\" \/>\n<meta name=\"twitter:site\" content=\"@stacatarinagob\" \/>\n<meta name=\"twitter:label1\" content=\"Escrito por\" \/>\n\t<meta name=\"twitter:data1\" content=\"Pedro Mart\u00ednez\" \/>\n\t<meta name=\"twitter:label2\" content=\"Tiempo de lectura\" \/>\n\t<meta name=\"twitter:data2\" content=\"5 minutos\" \/>\n<script type=\"application\/ld+json\" class=\"yoast-schema-graph\">{\"@context\":\"https:\/\/schema.org\",\"@graph\":[{\"@type\":\"Article\",\"@id\":\"https:\/\/stacatarina.mx\/consejos\/los-ganadores-del-fotografo-de-mamiferos-e-ilustrador-del-ano-2025-revelan-perspectivas-extraordinarias\/#article\",\"isPartOf\":{\"@id\":\"https:\/\/stacatarina.mx\/consejos\/los-ganadores-del-fotografo-de-mamiferos-e-ilustrador-del-ano-2025-revelan-perspectivas-extraordinarias\/\"},\"author\":{\"name\":\"Pedro Mart\u00ednez\",\"@id\":\"https:\/\/stacatarina.mx\/consejos\/#\/schema\/person\/0be60adffa8e4c4d0828fdf021450e8a\"},\"headline\":\"Los ganadores del fot\u00f3grafo de mam\u00edferos e ilustrador del a\u00f1o 2025 revelan &#8216;perspectivas extraordinarias&#8217; &#8230;\",\"datePublished\":\"2025-03-26T19:24:35+00:00\",\"dateModified\":\"2025-03-26T19:24:36+00:00\",\"mainEntityOfPage\":{\"@id\":\"https:\/\/stacatarina.mx\/consejos\/los-ganadores-del-fotografo-de-mamiferos-e-ilustrador-del-ano-2025-revelan-perspectivas-extraordinarias\/\"},\"wordCount\":936,\"publisher\":{\"@id\":\"https:\/\/stacatarina.mx\/consejos\/#organization\"},\"image\":{\"@id\":\"https:\/\/stacatarina.mx\/consejos\/los-ganadores-del-fotografo-de-mamiferos-e-ilustrador-del-ano-2025-revelan-perspectivas-extraordinarias\/#primaryimage\"},\"thumbnailUrl\":\"https:\/\/stacatarina.mx\/consejos\/wp-content\/uploads\/2025\/03\/Los-ganadores-del-fotografo-de-mamiferos-e-ilustrador-del-ano.jpeg\",\"keywords\":[\"a\u00f1o\",\"del\",\"extraordinarias\",\"fot\u00f3grafo\",\"ganadores\",\"ilustrador\",\"los\",\"mam\u00edferos\",\"perspectivas\",\"revelan\"],\"articleSection\":[\"Fauna y Flora\"],\"inLanguage\":\"es\"},{\"@type\":\"WebPage\",\"@id\":\"https:\/\/stacatarina.mx\/consejos\/los-ganadores-del-fotografo-de-mamiferos-e-ilustrador-del-ano-2025-revelan-perspectivas-extraordinarias\/\",\"url\":\"https:\/\/stacatarina.mx\/consejos\/los-ganadores-del-fotografo-de-mamiferos-e-ilustrador-del-ano-2025-revelan-perspectivas-extraordinarias\/\",\"name\":\"Los ganadores del fot\u00f3grafo de mam\u00edferos e ilustrador del a\u00f1o 2025 revelan 'perspectivas extraordinarias' ... - Consejos - Santa Catarina\",\"isPartOf\":{\"@id\":\"https:\/\/stacatarina.mx\/consejos\/#website\"},\"primaryImageOfPage\":{\"@id\":\"https:\/\/stacatarina.mx\/consejos\/los-ganadores-del-fotografo-de-mamiferos-e-ilustrador-del-ano-2025-revelan-perspectivas-extraordinarias\/#primaryimage\"},\"image\":{\"@id\":\"https:\/\/stacatarina.mx\/consejos\/los-ganadores-del-fotografo-de-mamiferos-e-ilustrador-del-ano-2025-revelan-perspectivas-extraordinarias\/#primaryimage\"},\"thumbnailUrl\":\"https:\/\/stacatarina.mx\/consejos\/wp-content\/uploads\/2025\/03\/Los-ganadores-del-fotografo-de-mamiferos-e-ilustrador-del-ano.jpeg\",\"datePublished\":\"2025-03-26T19:24:35+00:00\",\"dateModified\":\"2025-03-26T19:24:36+00:00\",\"breadcrumb\":{\"@id\":\"https:\/\/stacatarina.mx\/consejos\/los-ganadores-del-fotografo-de-mamiferos-e-ilustrador-del-ano-2025-revelan-perspectivas-extraordinarias\/#breadcrumb\"},\"inLanguage\":\"es\",\"potentialAction\":[{\"@type\":\"ReadAction\",\"target\":[\"https:\/\/stacatarina.mx\/consejos\/los-ganadores-del-fotografo-de-mamiferos-e-ilustrador-del-ano-2025-revelan-perspectivas-extraordinarias\/\"]}]},{\"@type\":\"ImageObject\",\"inLanguage\":\"es\",\"@id\":\"https:\/\/stacatarina.mx\/consejos\/los-ganadores-del-fotografo-de-mamiferos-e-ilustrador-del-ano-2025-revelan-perspectivas-extraordinarias\/#primaryimage\",\"url\":\"https:\/\/stacatarina.mx\/consejos\/wp-content\/uploads\/2025\/03\/Los-ganadores-del-fotografo-de-mamiferos-e-ilustrador-del-ano.jpeg\",\"contentUrl\":\"https:\/\/stacatarina.mx\/consejos\/wp-content\/uploads\/2025\/03\/Los-ganadores-del-fotografo-de-mamiferos-e-ilustrador-del-ano.jpeg\",\"width\":898,\"height\":646,\"caption\":\"Winners of Mammal Photographer and Illustrator of the Year 2025 Reveal \u2018Extraordinary Perspectives\u2019 on British Mammals\"},{\"@type\":\"BreadcrumbList\",\"@id\":\"https:\/\/stacatarina.mx\/consejos\/los-ganadores-del-fotografo-de-mamiferos-e-ilustrador-del-ano-2025-revelan-perspectivas-extraordinarias\/#breadcrumb\",\"itemListElement\":[{\"@type\":\"ListItem\",\"position\":1,\"name\":\"Inicio\",\"item\":\"https:\/\/stacatarina.mx\/consejos\/\"},{\"@type\":\"ListItem\",\"position\":2,\"name\":\"Los ganadores del fot\u00f3grafo de mam\u00edferos e ilustrador del a\u00f1o 2025 revelan &#8216;perspectivas extraordinarias&#8217; &#8230;\"}]},{\"@type\":\"WebSite\",\"@id\":\"https:\/\/stacatarina.mx\/consejos\/#website\",\"url\":\"https:\/\/stacatarina.mx\/consejos\/\",\"name\":\"Santa Catarina\",\"description\":\"\",\"publisher\":{\"@id\":\"https:\/\/stacatarina.mx\/consejos\/#organization\"},\"potentialAction\":[{\"@type\":\"SearchAction\",\"target\":{\"@type\":\"EntryPoint\",\"urlTemplate\":\"https:\/\/stacatarina.mx\/consejos\/?s={search_term_string}\"},\"query-input\":{\"@type\":\"PropertyValueSpecification\",\"valueRequired\":true,\"valueName\":\"search_term_string\"}}],\"inLanguage\":\"es\"},{\"@type\":\"Organization\",\"@id\":\"https:\/\/stacatarina.mx\/consejos\/#organization\",\"name\":\"Santa Catarina\",\"url\":\"https:\/\/stacatarina.mx\/consejos\/\",\"logo\":{\"@type\":\"ImageObject\",\"inLanguage\":\"es\",\"@id\":\"https:\/\/stacatarina.mx\/consejos\/#\/schema\/logo\/image\/\",\"url\":\"https:\/\/stacatarina.mx\/consejos\/wp-content\/uploads\/2024\/09\/cropped-favicon-1-1.png\",\"contentUrl\":\"https:\/\/stacatarina.mx\/consejos\/wp-content\/uploads\/2024\/09\/cropped-favicon-1-1.png\",\"width\":512,\"height\":512,\"caption\":\"Santa Catarina\"},\"image\":{\"@id\":\"https:\/\/stacatarina.mx\/consejos\/#\/schema\/logo\/image\/\"},\"sameAs\":[\"https:\/\/www.facebook.com\/stacatarinagob\/\",\"https:\/\/x.com\/stacatarinagob\",\"https:\/\/www.instagram.com\/stacatarinagob\/\",\"https:\/\/www.youtube.com\/channel\/UCK-6cQJL_904665N1_nLTWw\"]},{\"@type\":\"Person\",\"@id\":\"https:\/\/stacatarina.mx\/consejos\/#\/schema\/person\/0be60adffa8e4c4d0828fdf021450e8a\",\"name\":\"Pedro Mart\u00ednez\",\"image\":{\"@type\":\"ImageObject\",\"inLanguage\":\"es\",\"@id\":\"https:\/\/stacatarina.mx\/consejos\/#\/schema\/person\/image\/\",\"url\":\"https:\/\/stacatarina.mx\/consejos\/wp-content\/uploads\/2024\/09\/stacatarina.jpg\",\"contentUrl\":\"https:\/\/stacatarina.mx\/consejos\/wp-content\/uploads\/2024\/09\/stacatarina.jpg\",\"caption\":\"Pedro Mart\u00ednez\"},\"description\":\"Hola, soy Pedro Mart\u00ednez, redactor jefe del sitio oficial del ayuntamiento de Santa Catarina, en M\u00e9xico. Con m\u00e1s de diez a\u00f1os de experiencia en el periodismo local, tengo una pasi\u00f3n por la investigaci\u00f3n y la difusi\u00f3n de informaci\u00f3n que valoriza nuestra hermosa comunidad. Mi compromiso es hacer de Santa Catarina una referencia en materia de transparencia y comunicaci\u00f3n municipal.\",\"sameAs\":[\"https:\/\/stacatarina.mx\/\"]}]}<\/script>\n<!-- \/ Yoast SEO plugin. -->","yoast_head_json":{"title":"Los ganadores del fot\u00f3grafo de mam\u00edferos e ilustrador del a\u00f1o 2025 revelan 'perspectivas extraordinarias' ... - Consejos - Santa Catarina","robots":{"index":"index","follow":"follow","max-snippet":"max-snippet:-1","max-image-preview":"max-image-preview:large","max-video-preview":"max-video-preview:-1"},"canonical":"https:\/\/stacatarina.mx\/consejos\/los-ganadores-del-fotografo-de-mamiferos-e-ilustrador-del-ano-2025-revelan-perspectivas-extraordinarias\/","og_locale":"es_MX","og_type":"article","og_title":"Los ganadores del fot\u00f3grafo de mam\u00edferos e ilustrador del a\u00f1o 2025 revelan 'perspectivas extraordinarias' ... - Consejos - Santa Catarina","og_description":"La aleta de un sello, una vista entre ojo de una musara\u00f1a y un retrato \u00edntimo de un zorro han sido el primer, segundo y","og_url":"https:\/\/stacatarina.mx\/consejos\/los-ganadores-del-fotografo-de-mamiferos-e-ilustrador-del-ano-2025-revelan-perspectivas-extraordinarias\/","og_site_name":"Santa Catarina","article_publisher":"https:\/\/www.facebook.com\/stacatarinagob\/","article_published_time":"2025-03-26T19:24:35+00:00","article_modified_time":"2025-03-26T19:24:36+00:00","og_image":[{"width":898,"height":646,"url":"https:\/\/stacatarina.mx\/consejos\/wp-content\/uploads\/2025\/03\/Los-ganadores-del-fotografo-de-mamiferos-e-ilustrador-del-ano.jpeg","type":"image\/jpeg"}],"author":"Pedro Mart\u00ednez","twitter_card":"summary_large_image","twitter_creator":"@stacatarinagob","twitter_site":"@stacatarinagob","twitter_misc":{"Escrito por":"Pedro Mart\u00ednez","Tiempo de lectura":"5 minutos"},"schema":{"@context":"https:\/\/schema.org","@graph":[{"@type":"Article","@id":"https:\/\/stacatarina.mx\/consejos\/los-ganadores-del-fotografo-de-mamiferos-e-ilustrador-del-ano-2025-revelan-perspectivas-extraordinarias\/#article","isPartOf":{"@id":"https:\/\/stacatarina.mx\/consejos\/los-ganadores-del-fotografo-de-mamiferos-e-ilustrador-del-ano-2025-revelan-perspectivas-extraordinarias\/"},"author":{"name":"Pedro Mart\u00ednez","@id":"https:\/\/stacatarina.mx\/consejos\/#\/schema\/person\/0be60adffa8e4c4d0828fdf021450e8a"},"headline":"Los ganadores del fot\u00f3grafo de mam\u00edferos e ilustrador del a\u00f1o 2025 revelan &#8216;perspectivas extraordinarias&#8217; &#8230;","datePublished":"2025-03-26T19:24:35+00:00","dateModified":"2025-03-26T19:24:36+00:00","mainEntityOfPage":{"@id":"https:\/\/stacatarina.mx\/consejos\/los-ganadores-del-fotografo-de-mamiferos-e-ilustrador-del-ano-2025-revelan-perspectivas-extraordinarias\/"},"wordCount":936,"publisher":{"@id":"https:\/\/stacatarina.mx\/consejos\/#organization"},"image":{"@id":"https:\/\/stacatarina.mx\/consejos\/los-ganadores-del-fotografo-de-mamiferos-e-ilustrador-del-ano-2025-revelan-perspectivas-extraordinarias\/#primaryimage"},"thumbnailUrl":"https:\/\/stacatarina.mx\/consejos\/wp-content\/uploads\/2025\/03\/Los-ganadores-del-fotografo-de-mamiferos-e-ilustrador-del-ano.jpeg","keywords":["a\u00f1o","del","extraordinarias","fot\u00f3grafo","ganadores","ilustrador","los","mam\u00edferos","perspectivas","revelan"],"articleSection":["Fauna y Flora"],"inLanguage":"es"},{"@type":"WebPage","@id":"https:\/\/stacatarina.mx\/consejos\/los-ganadores-del-fotografo-de-mamiferos-e-ilustrador-del-ano-2025-revelan-perspectivas-extraordinarias\/","url":"https:\/\/stacatarina.mx\/consejos\/los-ganadores-del-fotografo-de-mamiferos-e-ilustrador-del-ano-2025-revelan-perspectivas-extraordinarias\/","name":"Los ganadores del fot\u00f3grafo de mam\u00edferos e ilustrador del a\u00f1o 2025 revelan 'perspectivas extraordinarias' ... - Consejos - Santa Catarina","isPartOf":{"@id":"https:\/\/stacatarina.mx\/consejos\/#website"},"primaryImageOfPage":{"@id":"https:\/\/stacatarina.mx\/consejos\/los-ganadores-del-fotografo-de-mamiferos-e-ilustrador-del-ano-2025-revelan-perspectivas-extraordinarias\/#primaryimage"},"image":{"@id":"https:\/\/stacatarina.mx\/consejos\/los-ganadores-del-fotografo-de-mamiferos-e-ilustrador-del-ano-2025-revelan-perspectivas-extraordinarias\/#primaryimage"},"thumbnailUrl":"https:\/\/stacatarina.mx\/consejos\/wp-content\/uploads\/2025\/03\/Los-ganadores-del-fotografo-de-mamiferos-e-ilustrador-del-ano.jpeg","datePublished":"2025-03-26T19:24:35+00:00","dateModified":"2025-03-26T19:24:36+00:00","breadcrumb":{"@id":"https:\/\/stacatarina.mx\/consejos\/los-ganadores-del-fotografo-de-mamiferos-e-ilustrador-del-ano-2025-revelan-perspectivas-extraordinarias\/#breadcrumb"},"inLanguage":"es","potentialAction":[{"@type":"ReadAction","target":["https:\/\/stacatarina.mx\/consejos\/los-ganadores-del-fotografo-de-mamiferos-e-ilustrador-del-ano-2025-revelan-perspectivas-extraordinarias\/"]}]},{"@type":"ImageObject","inLanguage":"es","@id":"https:\/\/stacatarina.mx\/consejos\/los-ganadores-del-fotografo-de-mamiferos-e-ilustrador-del-ano-2025-revelan-perspectivas-extraordinarias\/#primaryimage","url":"https:\/\/stacatarina.mx\/consejos\/wp-content\/uploads\/2025\/03\/Los-ganadores-del-fotografo-de-mamiferos-e-ilustrador-del-ano.jpeg","contentUrl":"https:\/\/stacatarina.mx\/consejos\/wp-content\/uploads\/2025\/03\/Los-ganadores-del-fotografo-de-mamiferos-e-ilustrador-del-ano.jpeg","width":898,"height":646,"caption":"Winners of Mammal Photographer and Illustrator of the Year 2025 Reveal \u2018Extraordinary Perspectives\u2019 on British Mammals"},{"@type":"BreadcrumbList","@id":"https:\/\/stacatarina.mx\/consejos\/los-ganadores-del-fotografo-de-mamiferos-e-ilustrador-del-ano-2025-revelan-perspectivas-extraordinarias\/#breadcrumb","itemListElement":[{"@type":"ListItem","position":1,"name":"Inicio","item":"https:\/\/stacatarina.mx\/consejos\/"},{"@type":"ListItem","position":2,"name":"Los ganadores del fot\u00f3grafo de mam\u00edferos e ilustrador del a\u00f1o 2025 revelan &#8216;perspectivas extraordinarias&#8217; &#8230;"}]},{"@type":"WebSite","@id":"https:\/\/stacatarina.mx\/consejos\/#website","url":"https:\/\/stacatarina.mx\/consejos\/","name":"Santa Catarina","description":"","publisher":{"@id":"https:\/\/stacatarina.mx\/consejos\/#organization"},"potentialAction":[{"@type":"SearchAction","target":{"@type":"EntryPoint","urlTemplate":"https:\/\/stacatarina.mx\/consejos\/?s={search_term_string}"},"query-input":{"@type":"PropertyValueSpecification","valueRequired":true,"valueName":"search_term_string"}}],"inLanguage":"es"},{"@type":"Organization","@id":"https:\/\/stacatarina.mx\/consejos\/#organization","name":"Santa Catarina","url":"https:\/\/stacatarina.mx\/consejos\/","logo":{"@type":"ImageObject","inLanguage":"es","@id":"https:\/\/stacatarina.mx\/consejos\/#\/schema\/logo\/image\/","url":"https:\/\/stacatarina.mx\/consejos\/wp-content\/uploads\/2024\/09\/cropped-favicon-1-1.png","contentUrl":"https:\/\/stacatarina.mx\/consejos\/wp-content\/uploads\/2024\/09\/cropped-favicon-1-1.png","width":512,"height":512,"caption":"Santa Catarina"},"image":{"@id":"https:\/\/stacatarina.mx\/consejos\/#\/schema\/logo\/image\/"},"sameAs":["https:\/\/www.facebook.com\/stacatarinagob\/","https:\/\/x.com\/stacatarinagob","https:\/\/www.instagram.com\/stacatarinagob\/","https:\/\/www.youtube.com\/channel\/UCK-6cQJL_904665N1_nLTWw"]},{"@type":"Person","@id":"https:\/\/stacatarina.mx\/consejos\/#\/schema\/person\/0be60adffa8e4c4d0828fdf021450e8a","name":"Pedro Mart\u00ednez","image":{"@type":"ImageObject","inLanguage":"es","@id":"https:\/\/stacatarina.mx\/consejos\/#\/schema\/person\/image\/","url":"https:\/\/stacatarina.mx\/consejos\/wp-content\/uploads\/2024\/09\/stacatarina.jpg","contentUrl":"https:\/\/stacatarina.mx\/consejos\/wp-content\/uploads\/2024\/09\/stacatarina.jpg","caption":"Pedro Mart\u00ednez"},"description":"Hola, soy Pedro Mart\u00ednez, redactor jefe del sitio oficial del ayuntamiento de Santa Catarina, en M\u00e9xico. Con m\u00e1s de diez a\u00f1os de experiencia en el periodismo local, tengo una pasi\u00f3n por la investigaci\u00f3n y la difusi\u00f3n de informaci\u00f3n que valoriza nuestra hermosa comunidad. Mi compromiso es hacer de Santa Catarina una referencia en materia de transparencia y comunicaci\u00f3n municipal.","sameAs":["https:\/\/stacatarina.mx\/"]}]}},"_links":{"self":[{"href":"https:\/\/stacatarina.mx\/consejos\/wp-json\/wp\/v2\/posts\/3316"}],"collection":[{"href":"https:\/\/stacatarina.mx\/consejos\/wp-json\/wp\/v2\/posts"}],"about":[{"href":"https:\/\/stacatarina.mx\/consejos\/wp-json\/wp\/v2\/types\/post"}],"author":[{"embeddable":true,"href":"https:\/\/stacatarina.mx\/consejos\/wp-json\/wp\/v2\/users\/1"}],"replies":[{"embeddable":true,"href":"https:\/\/stacatarina.mx\/consejos\/wp-json\/wp\/v2\/comments?post=3316"}],"version-history":[{"count":1,"href":"https:\/\/stacatarina.mx\/consejos\/wp-json\/wp\/v2\/posts\/3316\/revisions"}],"predecessor-version":[{"id":3318,"href":"https:\/\/stacatarina.mx\/consejos\/wp-json\/wp\/v2\/posts\/3316\/revisions\/3318"}],"wp:featuredmedia":[{"embeddable":true,"href":"https:\/\/stacatarina.mx\/consejos\/wp-json\/wp\/v2\/media\/3317"}],"wp:attachment":[{"href":"https:\/\/stacatarina.mx\/consejos\/wp-json\/wp\/v2\/media?parent=3316"}],"wp:term":[{"taxonomy":"category","embeddable":true,"href":"https:\/\/stacatarina.mx\/consejos\/wp-json\/wp\/v2\/categories?post=3316"},{"taxonomy":"post_tag","embeddable":true,"href":"https:\/\/stacatarina.mx\/consejos\/wp-json\/wp\/v2\/tags?post=3316"}],"curies":[{"name":"wp","href":"https:\/\/api.w.org\/{rel}","templated":true}]}}