{"id":3327,"date":"2025-03-28T12:24:04","date_gmt":"2025-03-28T18:24:04","guid":{"rendered":"https:\/\/stacatarina.mx\/consejos\/es-la-freidora-de-aire-mas-saludable-todo-lo-que-no-sabe-sobre-posibles-riesgos\/"},"modified":"2025-03-28T12:24:05","modified_gmt":"2025-03-28T18:24:05","slug":"es-la-freidora-de-aire-mas-saludable-todo-lo-que-no-sabe-sobre-posibles-riesgos","status":"publish","type":"post","link":"https:\/\/stacatarina.mx\/consejos\/es-la-freidora-de-aire-mas-saludable-todo-lo-que-no-sabe-sobre-posibles-riesgos\/","title":{"rendered":"\u00bfEs la freidora de aire m\u00e1s saludable? Todo lo que no sabe sobre posibles riesgos"},"content":{"rendered":"<p class=\"single-abstract\">\n<p>\t\t\t\t\t\t\t\t\t\t\t\t\t\t\t\t\tLos freyers de aire traen consigo varios riesgos para la salud debido a la forma en que cocinan alimentos y debido a las cubiertas usadas\t\t\t\t\t\t\t\t\t\t\t\t\t\t\t<\/p>\n<div class=\"daily-video\" style=\"display: none;\"><\/div>\n<div class=\"wrapper-player\" style=\"display: none; margin-bottom: 15px;\">\n<div id=\"daily-player\" style=\"position: relative; max-width: 100%;\" class=\"video-content\"><\/div>\n<\/p><\/div>\n<div class=\"image-wrapper featured-image no-lazy\" id=\"featured-image\"><\/div>\n<p>El <strong>Air fryers<\/strong> a menudo se presentan como <strong>una alternativa m\u00e1s saludable a la fre\u00edr tradicional<\/strong>gracias a la capacidad de cocinar con poco o nada de aceite. Sin embargo, algunos estudios sugieren que pueden, como parecen. El <strong>forma en que se cocinan los alimentos <\/strong>\u00c9l desempe\u00f1a un papel crucial en su seguridad e impacto en la salud, como lo explica la Dra. Alexandra Daccache.<\/p>\n<h2>Posibles riesgos de freyers de aire<\/h2>\n<p>Uno de los principales problemas relacionados con la cocci\u00f3n con aire caliente es el <strong>capacitaci\u00f3n de<\/strong> <strong>acrilamida<\/strong>un compuesto qu\u00edmico que se desarrolla cuando los alimentos ricos en almid\u00f3n (como las papas y el pan) est\u00e1n expuestos a altas temperaturas. Este compuesto se asoci\u00f3 con posible <strong>riesgos cancer\u00edgenos<\/strong> y da\u00f1o neurol\u00f3gico en algunos estudios sobre animales.<\/p>\n<p>Otro aspecto a considerar es <strong>El uso de aceites vegetales ricos en \u00e1cidos grasos omega-6<\/strong>. Cuando estos aceites est\u00e1n expuestos a altas temperaturas, pueden oxidar y producir sustancias inflamatorias, que a largo plazo pueden tener efectos negativos para la salud.<\/p>\n<aside style=\"margin: 8px auto; text-align: center; display: block; clear: both;\">\n<div id=\"gpt-passback\">\n<\/div>\n<\/aside>\n<p>Incluso los materiales con los que se fabrican los freyers de aire pueden influir en la seguridad alimentaria. Algunos modelos usan recubrimientos que no <strong>Tefl\u00f3n u otros compuestos qu\u00edmicos<\/strong> que puede <strong>liberar humos t\u00f3xicos<\/strong> Si te sobrecalientas. La exposici\u00f3n prolongada a estas sustancias podr\u00eda tener impactos negativos en la salud respiratoria.<\/p>\n<h2>C\u00f3mo reducir los riesgos potenciales<\/h2>\n<p>A pesar de ser una soluci\u00f3n c\u00f3moda y pr\u00e1ctica, el uso de la freidora de aire debe seguir algunas precauciones para minimizar los riesgos:<\/p>\n<p>Por lo tanto, la freidora de aire puede ser una mejor alternativa al fre\u00edr en el aceite, pero la forma en que se usa es esencial para garantizar su seguridad. La atenci\u00f3n a la calidad de los alimentos, los materiales y los m\u00e9todos de cocci\u00f3n puede marcar la diferencia entre una comida verdaderamente saludable y un <strong>riesgo para la salud<\/strong>.<\/p>\n<\/p>\n<aside style=\"margin: 8px auto; display: flex; justify-content: center; min-height: 251px;\">\n<div id=\"div-gpt-ad-MPU_Bottom_1\" style=\"min-width: 300px; min-height: 252px;\">\n<\/div>\n<\/aside>\n","protected":false},"excerpt":{"rendered":"<p>Los freyers de aire traen consigo varios riesgos para la salud debido a la forma en que cocinan alimentos y debido a las cubiertas usadas<\/p>\n","protected":false},"author":1,"featured_media":3328,"comment_status":"closed","ping_status":"","sticky":false,"template":"","format":"standard","meta":{"footnotes":""},"categories":[762],"tags":[1665,3824,137,4177,1208,4250,2886,279,586],"class_list":["post-3327","post","type-post","status-publish","format-standard","has-post-thumbnail","hentry","category-salud","tag-aire","tag-freidora","tag-mas","tag-posibles","tag-riesgos","tag-sabe","tag-saludable","tag-sobre","tag-todo","generate-columns","tablet-grid-50","mobile-grid-100","grid-parent","grid-50"],"yoast_head":"<!-- This site is optimized with the Yoast SEO plugin v23.4 - https:\/\/yoast.com\/wordpress\/plugins\/seo\/ -->\n<title>\u00bfEs la freidora de aire m\u00e1s saludable? Todo lo que no sabe sobre posibles riesgos - Consejos - Santa Catarina<\/title>\n<meta name=\"robots\" content=\"index, follow, max-snippet:-1, max-image-preview:large, max-video-preview:-1\" \/>\n<link rel=\"canonical\" href=\"https:\/\/stacatarina.mx\/consejos\/es-la-freidora-de-aire-mas-saludable-todo-lo-que-no-sabe-sobre-posibles-riesgos\/\" \/>\n<meta property=\"og:locale\" content=\"es_MX\" \/>\n<meta property=\"og:type\" content=\"article\" \/>\n<meta property=\"og:title\" content=\"\u00bfEs la freidora de aire m\u00e1s saludable? Todo lo que no sabe sobre posibles riesgos - Consejos - Santa Catarina\" \/>\n<meta property=\"og:description\" content=\"Los freyers de aire traen consigo varios riesgos para la salud debido a la forma en que cocinan alimentos y debido a las cubiertas usadas\" \/>\n<meta property=\"og:url\" content=\"https:\/\/stacatarina.mx\/consejos\/es-la-freidora-de-aire-mas-saludable-todo-lo-que-no-sabe-sobre-posibles-riesgos\/\" \/>\n<meta property=\"og:site_name\" content=\"Santa Catarina\" \/>\n<meta property=\"article:publisher\" content=\"https:\/\/www.facebook.com\/stacatarinagob\/\" \/>\n<meta property=\"article:published_time\" content=\"2025-03-28T18:24:04+00:00\" \/>\n<meta property=\"article:modified_time\" content=\"2025-03-28T18:24:05+00:00\" \/>\n<meta property=\"og:image\" content=\"https:\/\/stacatarina.mx\/consejos\/wp-content\/uploads\/2025\/03\/\u00bfEs-la-freidora-de-aire-mas-saludable-Todo-lo-que.jpg\" \/>\n\t<meta property=\"og:image:width\" content=\"1500\" \/>\n\t<meta property=\"og:image:height\" content=\"1000\" \/>\n\t<meta property=\"og:image:type\" content=\"image\/jpeg\" \/>\n<meta name=\"author\" content=\"Pedro Mart\u00ednez\" \/>\n<meta name=\"twitter:card\" content=\"summary_large_image\" \/>\n<meta name=\"twitter:creator\" content=\"@stacatarinagob\" \/>\n<meta name=\"twitter:site\" content=\"@stacatarinagob\" \/>\n<meta name=\"twitter:label1\" content=\"Escrito por\" \/>\n\t<meta name=\"twitter:data1\" content=\"Pedro Mart\u00ednez\" \/>\n\t<meta name=\"twitter:label2\" content=\"Tiempo de lectura\" \/>\n\t<meta name=\"twitter:data2\" content=\"2 minutos\" \/>\n<script type=\"application\/ld+json\" class=\"yoast-schema-graph\">{\"@context\":\"https:\/\/schema.org\",\"@graph\":[{\"@type\":\"Article\",\"@id\":\"https:\/\/stacatarina.mx\/consejos\/es-la-freidora-de-aire-mas-saludable-todo-lo-que-no-sabe-sobre-posibles-riesgos\/#article\",\"isPartOf\":{\"@id\":\"https:\/\/stacatarina.mx\/consejos\/es-la-freidora-de-aire-mas-saludable-todo-lo-que-no-sabe-sobre-posibles-riesgos\/\"},\"author\":{\"name\":\"Pedro Mart\u00ednez\",\"@id\":\"https:\/\/stacatarina.mx\/consejos\/#\/schema\/person\/0be60adffa8e4c4d0828fdf021450e8a\"},\"headline\":\"\u00bfEs la freidora de aire m\u00e1s saludable? Todo lo que no sabe sobre posibles riesgos\",\"datePublished\":\"2025-03-28T18:24:04+00:00\",\"dateModified\":\"2025-03-28T18:24:05+00:00\",\"mainEntityOfPage\":{\"@id\":\"https:\/\/stacatarina.mx\/consejos\/es-la-freidora-de-aire-mas-saludable-todo-lo-que-no-sabe-sobre-posibles-riesgos\/\"},\"wordCount\":371,\"publisher\":{\"@id\":\"https:\/\/stacatarina.mx\/consejos\/#organization\"},\"image\":{\"@id\":\"https:\/\/stacatarina.mx\/consejos\/es-la-freidora-de-aire-mas-saludable-todo-lo-que-no-sabe-sobre-posibles-riesgos\/#primaryimage\"},\"thumbnailUrl\":\"https:\/\/stacatarina.mx\/consejos\/wp-content\/uploads\/2025\/03\/\u00bfEs-la-freidora-de-aire-mas-saludable-Todo-lo-que.jpg\",\"keywords\":[\"aire\",\"freidora\",\"m\u00e1s\",\"posibles\",\"riesgos\",\"sabe\",\"saludable\",\"sobre\",\"todo\"],\"articleSection\":[\"Salud\"],\"inLanguage\":\"es\"},{\"@type\":\"WebPage\",\"@id\":\"https:\/\/stacatarina.mx\/consejos\/es-la-freidora-de-aire-mas-saludable-todo-lo-que-no-sabe-sobre-posibles-riesgos\/\",\"url\":\"https:\/\/stacatarina.mx\/consejos\/es-la-freidora-de-aire-mas-saludable-todo-lo-que-no-sabe-sobre-posibles-riesgos\/\",\"name\":\"\u00bfEs la freidora de aire m\u00e1s saludable? Todo lo que no sabe sobre posibles riesgos - Consejos - Santa Catarina\",\"isPartOf\":{\"@id\":\"https:\/\/stacatarina.mx\/consejos\/#website\"},\"primaryImageOfPage\":{\"@id\":\"https:\/\/stacatarina.mx\/consejos\/es-la-freidora-de-aire-mas-saludable-todo-lo-que-no-sabe-sobre-posibles-riesgos\/#primaryimage\"},\"image\":{\"@id\":\"https:\/\/stacatarina.mx\/consejos\/es-la-freidora-de-aire-mas-saludable-todo-lo-que-no-sabe-sobre-posibles-riesgos\/#primaryimage\"},\"thumbnailUrl\":\"https:\/\/stacatarina.mx\/consejos\/wp-content\/uploads\/2025\/03\/\u00bfEs-la-freidora-de-aire-mas-saludable-Todo-lo-que.jpg\",\"datePublished\":\"2025-03-28T18:24:04+00:00\",\"dateModified\":\"2025-03-28T18:24:05+00:00\",\"breadcrumb\":{\"@id\":\"https:\/\/stacatarina.mx\/consejos\/es-la-freidora-de-aire-mas-saludable-todo-lo-que-no-sabe-sobre-posibles-riesgos\/#breadcrumb\"},\"inLanguage\":\"es\",\"potentialAction\":[{\"@type\":\"ReadAction\",\"target\":[\"https:\/\/stacatarina.mx\/consejos\/es-la-freidora-de-aire-mas-saludable-todo-lo-que-no-sabe-sobre-posibles-riesgos\/\"]}]},{\"@type\":\"ImageObject\",\"inLanguage\":\"es\",\"@id\":\"https:\/\/stacatarina.mx\/consejos\/es-la-freidora-de-aire-mas-saludable-todo-lo-que-no-sabe-sobre-posibles-riesgos\/#primaryimage\",\"url\":\"https:\/\/stacatarina.mx\/consejos\/wp-content\/uploads\/2025\/03\/\u00bfEs-la-freidora-de-aire-mas-saludable-Todo-lo-que.jpg\",\"contentUrl\":\"https:\/\/stacatarina.mx\/consejos\/wp-content\/uploads\/2025\/03\/\u00bfEs-la-freidora-de-aire-mas-saludable-Todo-lo-que.jpg\",\"width\":1500,\"height\":1000,\"caption\":\"friggitrice ad aria\"},{\"@type\":\"BreadcrumbList\",\"@id\":\"https:\/\/stacatarina.mx\/consejos\/es-la-freidora-de-aire-mas-saludable-todo-lo-que-no-sabe-sobre-posibles-riesgos\/#breadcrumb\",\"itemListElement\":[{\"@type\":\"ListItem\",\"position\":1,\"name\":\"Inicio\",\"item\":\"https:\/\/stacatarina.mx\/consejos\/\"},{\"@type\":\"ListItem\",\"position\":2,\"name\":\"\u00bfEs la freidora de aire m\u00e1s saludable? Todo lo que no sabe sobre posibles riesgos\"}]},{\"@type\":\"WebSite\",\"@id\":\"https:\/\/stacatarina.mx\/consejos\/#website\",\"url\":\"https:\/\/stacatarina.mx\/consejos\/\",\"name\":\"Santa Catarina\",\"description\":\"\",\"publisher\":{\"@id\":\"https:\/\/stacatarina.mx\/consejos\/#organization\"},\"potentialAction\":[{\"@type\":\"SearchAction\",\"target\":{\"@type\":\"EntryPoint\",\"urlTemplate\":\"https:\/\/stacatarina.mx\/consejos\/?s={search_term_string}\"},\"query-input\":{\"@type\":\"PropertyValueSpecification\",\"valueRequired\":true,\"valueName\":\"search_term_string\"}}],\"inLanguage\":\"es\"},{\"@type\":\"Organization\",\"@id\":\"https:\/\/stacatarina.mx\/consejos\/#organization\",\"name\":\"Santa Catarina\",\"url\":\"https:\/\/stacatarina.mx\/consejos\/\",\"logo\":{\"@type\":\"ImageObject\",\"inLanguage\":\"es\",\"@id\":\"https:\/\/stacatarina.mx\/consejos\/#\/schema\/logo\/image\/\",\"url\":\"https:\/\/stacatarina.mx\/consejos\/wp-content\/uploads\/2024\/09\/cropped-favicon-1-1.png\",\"contentUrl\":\"https:\/\/stacatarina.mx\/consejos\/wp-content\/uploads\/2024\/09\/cropped-favicon-1-1.png\",\"width\":512,\"height\":512,\"caption\":\"Santa Catarina\"},\"image\":{\"@id\":\"https:\/\/stacatarina.mx\/consejos\/#\/schema\/logo\/image\/\"},\"sameAs\":[\"https:\/\/www.facebook.com\/stacatarinagob\/\",\"https:\/\/x.com\/stacatarinagob\",\"https:\/\/www.instagram.com\/stacatarinagob\/\",\"https:\/\/www.youtube.com\/channel\/UCK-6cQJL_904665N1_nLTWw\"]},{\"@type\":\"Person\",\"@id\":\"https:\/\/stacatarina.mx\/consejos\/#\/schema\/person\/0be60adffa8e4c4d0828fdf021450e8a\",\"name\":\"Pedro Mart\u00ednez\",\"image\":{\"@type\":\"ImageObject\",\"inLanguage\":\"es\",\"@id\":\"https:\/\/stacatarina.mx\/consejos\/#\/schema\/person\/image\/\",\"url\":\"https:\/\/stacatarina.mx\/consejos\/wp-content\/uploads\/2024\/09\/stacatarina.jpg\",\"contentUrl\":\"https:\/\/stacatarina.mx\/consejos\/wp-content\/uploads\/2024\/09\/stacatarina.jpg\",\"caption\":\"Pedro Mart\u00ednez\"},\"description\":\"Hola, soy Pedro Mart\u00ednez, redactor jefe del sitio oficial del ayuntamiento de Santa Catarina, en M\u00e9xico. Con m\u00e1s de diez a\u00f1os de experiencia en el periodismo local, tengo una pasi\u00f3n por la investigaci\u00f3n y la difusi\u00f3n de informaci\u00f3n que valoriza nuestra hermosa comunidad. Mi compromiso es hacer de Santa Catarina una referencia en materia de transparencia y comunicaci\u00f3n municipal.\",\"sameAs\":[\"https:\/\/stacatarina.mx\/\"]}]}<\/script>\n<!-- \/ Yoast SEO plugin. -->","yoast_head_json":{"title":"\u00bfEs la freidora de aire m\u00e1s saludable? Todo lo que no sabe sobre posibles riesgos - Consejos - Santa Catarina","robots":{"index":"index","follow":"follow","max-snippet":"max-snippet:-1","max-image-preview":"max-image-preview:large","max-video-preview":"max-video-preview:-1"},"canonical":"https:\/\/stacatarina.mx\/consejos\/es-la-freidora-de-aire-mas-saludable-todo-lo-que-no-sabe-sobre-posibles-riesgos\/","og_locale":"es_MX","og_type":"article","og_title":"\u00bfEs la freidora de aire m\u00e1s saludable? Todo lo que no sabe sobre posibles riesgos - Consejos - Santa Catarina","og_description":"Los freyers de aire traen consigo varios riesgos para la salud debido a la forma en que cocinan alimentos y debido a las cubiertas usadas","og_url":"https:\/\/stacatarina.mx\/consejos\/es-la-freidora-de-aire-mas-saludable-todo-lo-que-no-sabe-sobre-posibles-riesgos\/","og_site_name":"Santa Catarina","article_publisher":"https:\/\/www.facebook.com\/stacatarinagob\/","article_published_time":"2025-03-28T18:24:04+00:00","article_modified_time":"2025-03-28T18:24:05+00:00","og_image":[{"width":1500,"height":1000,"url":"https:\/\/stacatarina.mx\/consejos\/wp-content\/uploads\/2025\/03\/\u00bfEs-la-freidora-de-aire-mas-saludable-Todo-lo-que.jpg","type":"image\/jpeg"}],"author":"Pedro Mart\u00ednez","twitter_card":"summary_large_image","twitter_creator":"@stacatarinagob","twitter_site":"@stacatarinagob","twitter_misc":{"Escrito por":"Pedro Mart\u00ednez","Tiempo de lectura":"2 minutos"},"schema":{"@context":"https:\/\/schema.org","@graph":[{"@type":"Article","@id":"https:\/\/stacatarina.mx\/consejos\/es-la-freidora-de-aire-mas-saludable-todo-lo-que-no-sabe-sobre-posibles-riesgos\/#article","isPartOf":{"@id":"https:\/\/stacatarina.mx\/consejos\/es-la-freidora-de-aire-mas-saludable-todo-lo-que-no-sabe-sobre-posibles-riesgos\/"},"author":{"name":"Pedro Mart\u00ednez","@id":"https:\/\/stacatarina.mx\/consejos\/#\/schema\/person\/0be60adffa8e4c4d0828fdf021450e8a"},"headline":"\u00bfEs la freidora de aire m\u00e1s saludable? Todo lo que no sabe sobre posibles riesgos","datePublished":"2025-03-28T18:24:04+00:00","dateModified":"2025-03-28T18:24:05+00:00","mainEntityOfPage":{"@id":"https:\/\/stacatarina.mx\/consejos\/es-la-freidora-de-aire-mas-saludable-todo-lo-que-no-sabe-sobre-posibles-riesgos\/"},"wordCount":371,"publisher":{"@id":"https:\/\/stacatarina.mx\/consejos\/#organization"},"image":{"@id":"https:\/\/stacatarina.mx\/consejos\/es-la-freidora-de-aire-mas-saludable-todo-lo-que-no-sabe-sobre-posibles-riesgos\/#primaryimage"},"thumbnailUrl":"https:\/\/stacatarina.mx\/consejos\/wp-content\/uploads\/2025\/03\/\u00bfEs-la-freidora-de-aire-mas-saludable-Todo-lo-que.jpg","keywords":["aire","freidora","m\u00e1s","posibles","riesgos","sabe","saludable","sobre","todo"],"articleSection":["Salud"],"inLanguage":"es"},{"@type":"WebPage","@id":"https:\/\/stacatarina.mx\/consejos\/es-la-freidora-de-aire-mas-saludable-todo-lo-que-no-sabe-sobre-posibles-riesgos\/","url":"https:\/\/stacatarina.mx\/consejos\/es-la-freidora-de-aire-mas-saludable-todo-lo-que-no-sabe-sobre-posibles-riesgos\/","name":"\u00bfEs la freidora de aire m\u00e1s saludable? Todo lo que no sabe sobre posibles riesgos - Consejos - Santa Catarina","isPartOf":{"@id":"https:\/\/stacatarina.mx\/consejos\/#website"},"primaryImageOfPage":{"@id":"https:\/\/stacatarina.mx\/consejos\/es-la-freidora-de-aire-mas-saludable-todo-lo-que-no-sabe-sobre-posibles-riesgos\/#primaryimage"},"image":{"@id":"https:\/\/stacatarina.mx\/consejos\/es-la-freidora-de-aire-mas-saludable-todo-lo-que-no-sabe-sobre-posibles-riesgos\/#primaryimage"},"thumbnailUrl":"https:\/\/stacatarina.mx\/consejos\/wp-content\/uploads\/2025\/03\/\u00bfEs-la-freidora-de-aire-mas-saludable-Todo-lo-que.jpg","datePublished":"2025-03-28T18:24:04+00:00","dateModified":"2025-03-28T18:24:05+00:00","breadcrumb":{"@id":"https:\/\/stacatarina.mx\/consejos\/es-la-freidora-de-aire-mas-saludable-todo-lo-que-no-sabe-sobre-posibles-riesgos\/#breadcrumb"},"inLanguage":"es","potentialAction":[{"@type":"ReadAction","target":["https:\/\/stacatarina.mx\/consejos\/es-la-freidora-de-aire-mas-saludable-todo-lo-que-no-sabe-sobre-posibles-riesgos\/"]}]},{"@type":"ImageObject","inLanguage":"es","@id":"https:\/\/stacatarina.mx\/consejos\/es-la-freidora-de-aire-mas-saludable-todo-lo-que-no-sabe-sobre-posibles-riesgos\/#primaryimage","url":"https:\/\/stacatarina.mx\/consejos\/wp-content\/uploads\/2025\/03\/\u00bfEs-la-freidora-de-aire-mas-saludable-Todo-lo-que.jpg","contentUrl":"https:\/\/stacatarina.mx\/consejos\/wp-content\/uploads\/2025\/03\/\u00bfEs-la-freidora-de-aire-mas-saludable-Todo-lo-que.jpg","width":1500,"height":1000,"caption":"friggitrice ad aria"},{"@type":"BreadcrumbList","@id":"https:\/\/stacatarina.mx\/consejos\/es-la-freidora-de-aire-mas-saludable-todo-lo-que-no-sabe-sobre-posibles-riesgos\/#breadcrumb","itemListElement":[{"@type":"ListItem","position":1,"name":"Inicio","item":"https:\/\/stacatarina.mx\/consejos\/"},{"@type":"ListItem","position":2,"name":"\u00bfEs la freidora de aire m\u00e1s saludable? Todo lo que no sabe sobre posibles riesgos"}]},{"@type":"WebSite","@id":"https:\/\/stacatarina.mx\/consejos\/#website","url":"https:\/\/stacatarina.mx\/consejos\/","name":"Santa Catarina","description":"","publisher":{"@id":"https:\/\/stacatarina.mx\/consejos\/#organization"},"potentialAction":[{"@type":"SearchAction","target":{"@type":"EntryPoint","urlTemplate":"https:\/\/stacatarina.mx\/consejos\/?s={search_term_string}"},"query-input":{"@type":"PropertyValueSpecification","valueRequired":true,"valueName":"search_term_string"}}],"inLanguage":"es"},{"@type":"Organization","@id":"https:\/\/stacatarina.mx\/consejos\/#organization","name":"Santa Catarina","url":"https:\/\/stacatarina.mx\/consejos\/","logo":{"@type":"ImageObject","inLanguage":"es","@id":"https:\/\/stacatarina.mx\/consejos\/#\/schema\/logo\/image\/","url":"https:\/\/stacatarina.mx\/consejos\/wp-content\/uploads\/2024\/09\/cropped-favicon-1-1.png","contentUrl":"https:\/\/stacatarina.mx\/consejos\/wp-content\/uploads\/2024\/09\/cropped-favicon-1-1.png","width":512,"height":512,"caption":"Santa Catarina"},"image":{"@id":"https:\/\/stacatarina.mx\/consejos\/#\/schema\/logo\/image\/"},"sameAs":["https:\/\/www.facebook.com\/stacatarinagob\/","https:\/\/x.com\/stacatarinagob","https:\/\/www.instagram.com\/stacatarinagob\/","https:\/\/www.youtube.com\/channel\/UCK-6cQJL_904665N1_nLTWw"]},{"@type":"Person","@id":"https:\/\/stacatarina.mx\/consejos\/#\/schema\/person\/0be60adffa8e4c4d0828fdf021450e8a","name":"Pedro Mart\u00ednez","image":{"@type":"ImageObject","inLanguage":"es","@id":"https:\/\/stacatarina.mx\/consejos\/#\/schema\/person\/image\/","url":"https:\/\/stacatarina.mx\/consejos\/wp-content\/uploads\/2024\/09\/stacatarina.jpg","contentUrl":"https:\/\/stacatarina.mx\/consejos\/wp-content\/uploads\/2024\/09\/stacatarina.jpg","caption":"Pedro Mart\u00ednez"},"description":"Hola, soy Pedro Mart\u00ednez, redactor jefe del sitio oficial del ayuntamiento de Santa Catarina, en M\u00e9xico. Con m\u00e1s de diez a\u00f1os de experiencia en el periodismo local, tengo una pasi\u00f3n por la investigaci\u00f3n y la difusi\u00f3n de informaci\u00f3n que valoriza nuestra hermosa comunidad. Mi compromiso es hacer de Santa Catarina una referencia en materia de transparencia y comunicaci\u00f3n municipal.","sameAs":["https:\/\/stacatarina.mx\/"]}]}},"_links":{"self":[{"href":"https:\/\/stacatarina.mx\/consejos\/wp-json\/wp\/v2\/posts\/3327"}],"collection":[{"href":"https:\/\/stacatarina.mx\/consejos\/wp-json\/wp\/v2\/posts"}],"about":[{"href":"https:\/\/stacatarina.mx\/consejos\/wp-json\/wp\/v2\/types\/post"}],"author":[{"embeddable":true,"href":"https:\/\/stacatarina.mx\/consejos\/wp-json\/wp\/v2\/users\/1"}],"replies":[{"embeddable":true,"href":"https:\/\/stacatarina.mx\/consejos\/wp-json\/wp\/v2\/comments?post=3327"}],"version-history":[{"count":1,"href":"https:\/\/stacatarina.mx\/consejos\/wp-json\/wp\/v2\/posts\/3327\/revisions"}],"predecessor-version":[{"id":3329,"href":"https:\/\/stacatarina.mx\/consejos\/wp-json\/wp\/v2\/posts\/3327\/revisions\/3329"}],"wp:featuredmedia":[{"embeddable":true,"href":"https:\/\/stacatarina.mx\/consejos\/wp-json\/wp\/v2\/media\/3328"}],"wp:attachment":[{"href":"https:\/\/stacatarina.mx\/consejos\/wp-json\/wp\/v2\/media?parent=3327"}],"wp:term":[{"taxonomy":"category","embeddable":true,"href":"https:\/\/stacatarina.mx\/consejos\/wp-json\/wp\/v2\/categories?post=3327"},{"taxonomy":"post_tag","embeddable":true,"href":"https:\/\/stacatarina.mx\/consejos\/wp-json\/wp\/v2\/tags?post=3327"}],"curies":[{"name":"wp","href":"https:\/\/api.w.org\/{rel}","templated":true}]}}