{"id":336,"date":"2024-09-13T02:27:25","date_gmt":"2024-09-13T08:27:25","guid":{"rendered":"https:\/\/stacatarina.mx\/consejos\/la-subdirectora-quedo-ciega-para-siempre-por-culpa-de-un-estudiante-su-declaracion-completa-a-la-prensa\/"},"modified":"2024-09-13T02:27:27","modified_gmt":"2024-09-13T08:27:27","slug":"la-subdirectora-quedo-ciega-para-siempre-por-culpa-de-un-estudiante-su-declaracion-completa-a-la-prensa","status":"publish","type":"post","link":"https:\/\/stacatarina.mx\/consejos\/la-subdirectora-quedo-ciega-para-siempre-por-culpa-de-un-estudiante-su-declaracion-completa-a-la-prensa\/","title":{"rendered":"La subdirectora qued\u00f3 ciega para siempre por culpa de un estudiante: su declaraci\u00f3n completa a la prensa"},"content":{"rendered":"<div>\n<p>Candra Rogers, subdirectora de la escuela secundaria Collins en Corsicana, Texas, se reuni\u00f3 con los medios por primera vez desde que un estudiante la hiri\u00f3 gravemente el 15 de agosto. Ley\u00f3 una declaraci\u00f3n dentro de la sala de juntas del CISD, pero no acept\u00f3 preguntas.  <\/p>\n<p>Mientras estaba sentada junto a su esposo, sus hijos y su nieto que estaba detr\u00e1s de ella, Rogers habl\u00f3 sobre su condici\u00f3n y proporcion\u00f3 detalles adicionales sobre el incidente del 15 de agosto.<\/p>\n<p>Rogers sufri\u00f3 heridas permanentes cuando un estudiante le arroj\u00f3 pupitres a un profesor, a otro subdirector y a ella misma. Luego le arroj\u00f3 una percha de madera que le dio en el ojo derecho y se lo sac\u00f3 de la \u00f3rbita. <\/p>\n<p>Rogers fue trasladada en helic\u00f3ptero al Parkland Memorial Hospital, donde los m\u00e9dicos le realizaron una cirug\u00eda de emergencia para reimplantarle el ojo. Aunque la cirug\u00eda fue exitosa, Rogers dijo que sus m\u00e9dicos creen que la ceguera es permanente.<\/p>\n<figure class=\"wp-block-image size-full\"><img fetchpriority=\"high\" decoding=\"async\" width=\"714\" height=\"399\" src=\"https:\/\/stacatarina.mx\/consejos\/wp-content\/uploads\/2024\/09\/La-subdirectora-quedo-ciega-para-siempre-por-culpa-de-un.png.webp\" alt=\"\" class=\"wp-image-26677 lazyload\"   data-pin-media=\"https:\/\/stacatarina.mx\/consejos\/wp-content\/uploads\/2024\/09\/La-subdirectora-quedo-ciega-para-siempre-por-culpa-de-un.png\" id=\"mv-trellis-img-2\" loading=\"lazy\" data-trellis-processed=\"1\"\/><\/figure>\n<p>Lo que sigue es una transcripci\u00f3n completa de su declaraci\u00f3n preparada.<\/p>\n<p><em>\u201cBuenos d\u00edas. Quiero agradecerles a todos por estar aqu\u00ed. Gracias a Corsicana ISD por permitirme utilizar este espacio para compartir con ustedes hoy. Las declaraciones que har\u00e9 hoy no pertenecen a Corsicana ISD; son m\u00edas.<\/em><\/p>\n<p><em>En primer lugar, gracias a todos desde lo m\u00e1s profundo de mi coraz\u00f3n por todas sus oraciones. Nos han dado fuerza a m\u00ed y a mi familia durante estos tiempos tan dif\u00edciles y dif\u00edciles. Gracias por las comidas, las tarjetas, las formas en que nos han ayudado econ\u00f3micamente y todo lo dem\u00e1s que han hecho. Estoy muy, muy agradecida. Leer\u00e9 una breve declaraci\u00f3n, pero no responder\u00e9 preguntas.<\/em><\/p>\n<p><em>El jueves 15 de agosto, durante el almuerzo, escuch\u00e9 a nuestro maestro de conducta llamar por radio a los administradores para pedir ayuda. Cuando llegu\u00e9, el maestro y los estudiantes estaban fuera del aula. Un estudiante se sujetaba la cabeza, ya que hab\u00eda sido agredido por el estudiante que permanec\u00eda en el aula. Entr\u00e9, donde el estudiante todav\u00eda estaba furioso, y encontr\u00e9 el aula revuelta con muebles volcados. Sab\u00eda que ten\u00eda que estar lo m\u00e1s calmado posible, y habl\u00e9 en voz baja y lentamente para no enfurecerlo m\u00e1s.<\/em><\/p>\n<p><em>Tom\u00f3 una silla y actu\u00f3 como si fuera a lanzarla. Finalmente me la arroj\u00f3, pero la atrap\u00e9 en el aire. Tom\u00f3 otra silla para arroj\u00e1rmela cuando otro subdirector entr\u00f3 en la sala. Us\u00e9 la primera silla para bloquear la segunda. Tom\u00f3 una tercera y se la arroj\u00f3 al otro subdirector. Us\u00e9 la primera silla para bloquear la que le arroj\u00f3 a ella.<\/em><\/p>\n<p><em>Despu\u00e9s de bloquear la silla que le hab\u00edan lanzado al otro subdirector, me arroj\u00f3 una percha de madera, pero no pude detenerla lo suficientemente r\u00e1pido. La percha me golpe\u00f3 en el ojo derecho y lo sac\u00f3 de su \u00f3rbita. Me agarr\u00e9 la cara mientras la sangre me sal\u00eda a borbotones de la cabeza y sal\u00ed tambale\u00e1ndome por la puerta del aula.<\/em><\/p>\n<p><em>Llamaron a la enfermera y al 911. Ped\u00ed mi tel\u00e9fono m\u00f3vil para llamar a mi marido para que viniera a buscarme, sin darme cuenta de la magnitud de los da\u00f1os. Cuando llegaron los param\u00e9dicos, determinaron que tendr\u00eda que ser trasladada en helic\u00f3ptero al Centro M\u00e9dico Parkland en Dallas.<\/em><\/p>\n<p><em>Me somet\u00ed a una cirug\u00eda lo antes posible y los m\u00e9dicos pudieron volver a insertarme el ojo; sin embargo, determinaron que me hab\u00edan dejado ciego y actualmente creen que el da\u00f1o es permanente.<\/em><\/p>\n<p><em>Esta tragedia no s\u00f3lo afect\u00f3 a mi marido, a mis hijos y a mi nieto, a mi familia y a mis amigos, sino que tambi\u00e9n afect\u00f3 negativamente a mi escuela, a mi distrito y a mi comunidad. Debido a los numerosos distritos en los que mi marido y yo hemos trabajado y a los miles de estudiantes a los que he ense\u00f1ado, el impacto de mi lesi\u00f3n es de gran alcance.<\/em><\/p>\n<p><em>El Cap\u00edtulo 37 de nuestro C\u00f3digo de Educaci\u00f3n de Texas, que se cre\u00f3 originalmente en 1995 para ayudar a proteger a nuestros estudiantes marginados, con respecto a c\u00f3mo se disciplina a los estudiantes, puede necesitar ser reevaluado para que ning\u00fan asistente de maestro, maestro o director, en pocas palabras, ning\u00fan educador se vea nunca en esta situaci\u00f3n. Entiendo perfectamente las leyes de educaci\u00f3n y la necesidad de que los estudiantes reciban educaci\u00f3n junto con sus compa\u00f1eros. El Cap\u00edtulo 37 puede tener que incorporar cambios para abordar el bienestar mental, social y emocional de estos estudiantes. Como educadores, nos preocupamos por nuestros estudiantes y su seguridad, pero tambi\u00e9n debemos preocuparnos por la seguridad de nuestro personal educativo; nuestra seguridad tambi\u00e9n es importante. Nunca deber\u00edamos tener miedo de estar en un aula con un estudiante agresivo. \u00a1La protecci\u00f3n de todos es primordial!<\/em><\/p>\n<p><em>Los estudiantes excesivamente agresivos necesitan servicios que satisfagan sus necesidades, pero no creo que la seguridad de los dem\u00e1s estudiantes ni del personal educativo deba verse afectada.<\/em><\/p>\n<p><em>Por \u00faltimo, el gobernador Greg Abbott tiene cierta responsabilidad en lo que respecta a la seguridad de nuestros estudiantes y nuestro personal. Durante a\u00f1os, nuestras escuelas han sufrido mandatos sin financiaci\u00f3n, que han incluido aumentos salariales. Nuestra asignaci\u00f3n b\u00e1sica que financia nuestros gastos diarios no se ha incrementado desde 2019, a pesar de que hemos tenido costos crecientes en absolutamente todo, incluidos nuevos mandatos sin financiaci\u00f3n. Estamos en 2024.<\/em><\/p>\n<p><em>estrella libre<\/em><\/p>\n<p><em>Me gustar\u00eda citar a un amigo que me dio permiso para usar sus palabras: &#8220;Si nuestros estudiantes no tienen lo que necesitan para tener \u00e9xito en Texas, esto no es simplemente problem\u00e1tico. Considero que es inmoral.<\/em><\/p>\n<p><em>Texas tiene la novena econom\u00eda m\u00e1s grande del mundo (no del pa\u00eds, sino del mundo). Texas tiene un super\u00e1vit presupuestario de m\u00e1s de 32 mil millones de d\u00f3lares, pero ocupa el octavo lugar en cuanto a gasto por estudiante en Estados Unidos. Independientemente de lo que creas que esto dice sobre nuestras prioridades como estado, se trata de una elecci\u00f3n, y las elecciones tienen consecuencias.<\/em><\/p>\n<p><em>El art\u00edculo 7, secci\u00f3n 1 de la Constituci\u00f3n de Texas establece: \u201cComo la difusi\u00f3n general del conocimiento es esencial para la preservaci\u00f3n de las libertades y los derechos del pueblo, la legislatura del estado tendr\u00e1 el deber de establecer y adoptar las medidas adecuadas para el apoyo y el mantenimiento de un sistema eficiente de escuelas p\u00fablicas gratuitas\u201d. Yo dir\u00eda que, cuando menos, no es conveniente que las escuelas p\u00fablicas de Texas reciban fondos en 2024 con los mismos niveles que en 2019. Por ello, creo que la legislatura estatal tiene cierto grado de culpabilidad cuando nuestras escuelas p\u00fablicas tienen dificultades debido a una financiaci\u00f3n inadecuada.<\/em><\/p>\n<p><em>El art\u00edculo 7, secci\u00f3n 3a de la Constituci\u00f3n de Texas establece: Una cuarta parte de los ingresos derivados de los impuestos estatales sobre la ocupaci\u00f3n se destinar\u00e1 anualmente al beneficio de las escuelas p\u00fablicas gratuitas. Sin ahondar demasiado en los detalles, perm\u00edtanme simplemente recordarles un punto anterior: el estado de Texas tiene un super\u00e1vit de 32 mil millones de d\u00f3lares. No soy matem\u00e1tico, tener ese nivel abismal de gasto en una econom\u00eda estatal en auge con un super\u00e1vit de 32 mil millones de d\u00f3lares simplemente no cuadra.<\/em><\/p>\n<p><em>En pocas palabras, Texas tiene una financiaci\u00f3n insuficiente. Seg\u00fan un estudio realizado por el Kinder Institute, el 73 % de los distritos escolares p\u00fablicos de Texas tienen financiaci\u00f3n insuficiente.<\/em><\/p>\n<p><em>Cuando las escuelas no cuentan con los fondos suficientes, todos los interesados \u200b\u200ben ellas sufren. Es importante se\u00f1alar que la decisi\u00f3n de seguir financiando las escuelas p\u00fablicas de Texas en los niveles de 2019 en 2024 es una elecci\u00f3n, y los da\u00f1os colaterales de las decisiones del gobernador Abbott incluyen, entre otros:<\/em><\/p>\n<p><em>\u2022 Luchas acad\u00e9micas<\/em><\/p>\n<p><em>\u2022 Luchas por la disciplina estudiantil<\/em><\/p>\n<p><em>\u2022 Desaf\u00edos de la retenci\u00f3n docente<\/em><\/p>\n<p><em>\u2022 Se frenaron los avances del programa<\/em><\/p>\n<p><em>\u2022 P\u00e9rdida de programas de enriquecimiento estudiantil<\/em><\/p>\n<p><em>\u2022 Disminuci\u00f3n de los apoyos necesarios para los estudiantes.<\/em><\/p>\n<p><em>\u2022 Erosi\u00f3n de la confianza de los padres y las partes interesadas externas<\/em><\/p>\n<p><em>\u2022 Disminuci\u00f3n de la participaci\u00f3n de los estudiantes<\/em><\/p>\n<p><em>Hasta la fecha, el gobernador Abbott no ha liberado estos fondos porque su prioridad pol\u00edtica es la &#8220;libertad de elegir escuelas&#8221; y parece que prefiere perpetuar un sistema de ricos y pobres. La gente no se da cuenta de que las escuelas p\u00fablicas est\u00e1n obligadas a aceptar a cualquier estudiante, independientemente de sus capacidades. Las escuelas privadas no lo est\u00e1n y no lo hacen. Las escuelas p\u00fablicas est\u00e1n obligadas a tener profesores certificados; las privadas no. Las escuelas p\u00fablicas est\u00e1n obligadas a someterse a pruebas obligatorias del estado, mientras que las escuelas privadas no.<\/em><\/p>\n<p><em>Estas son s\u00f3lo algunas de las desigualdades. Al reducir a\u00fan m\u00e1s los fondos de las escuelas p\u00fablicas, que ya est\u00e1n muy mal financiadas, como ya sabemos quienes nos dedicamos a la educaci\u00f3n, dar dinero a quienes ya pueden permitirse enviar a sus hijos a escuelas privadas es sencillamente incorrecto. Es incorrecto tener tantas obligaciones que dificultan la educaci\u00f3n de nuestros ni\u00f1os en las escuelas p\u00fablicas. Es incorrecto tomar dinero de escuelas que est\u00e1n muy mal financiadas.<\/em><\/p>\n<p><em>\u201cHe trabajado en el \u00e1mbito educativo durante 30 a\u00f1os. Soy un orgulloso producto de las escuelas p\u00fablicas. Creo en la educaci\u00f3n en las escuelas p\u00fablicas. Pero lo que me pas\u00f3 a m\u00ed nunca deber\u00eda pasarle a ning\u00fan otro educador. Sr. Abbott, libere los fondos porque usted tambi\u00e9n es culpable de lo que me pas\u00f3 a m\u00ed\u201d.<\/em><\/p>\n<p>Para leer m\u00e1s sobre c\u00f3mo est\u00e1 aumentando la violencia en las escuelas, consulte El comportamiento violento y destructivo est\u00e1 empeorando. <\/p>\n<\/p><\/div>\n","protected":false},"excerpt":{"rendered":"<p>Candra Rogers, subdirectora de la escuela secundaria Collins en Corsicana, Texas, se reuni\u00f3 con los medios por primera vez desde que un estudiante la hiri\u00f3<\/p>\n","protected":false},"author":1,"featured_media":337,"comment_status":"closed","ping_status":"","sticky":false,"template":"","format":"standard","meta":{"footnotes":""},"categories":[159],"tags":[231,236,233,235,234,29,112,237,230,232,229],"class_list":["post-336","post","type-post","status-publish","format-standard","has-post-thumbnail","hentry","category-entretenimiento","tag-ciega","tag-completa","tag-culpa","tag-declaracion","tag-estudiante","tag-para","tag-por","tag-prensa","tag-quedo","tag-siempre","tag-subdirectora","generate-columns","tablet-grid-50","mobile-grid-100","grid-parent","grid-50"],"yoast_head":"<!-- This site is optimized with the Yoast SEO plugin v23.4 - https:\/\/yoast.com\/wordpress\/plugins\/seo\/ -->\n<title>La subdirectora qued\u00f3 ciega para siempre por culpa de un estudiante: su declaraci\u00f3n completa a la prensa - Consejos - Santa Catarina<\/title>\n<meta name=\"robots\" content=\"index, follow, max-snippet:-1, max-image-preview:large, max-video-preview:-1\" \/>\n<link rel=\"canonical\" href=\"https:\/\/stacatarina.mx\/consejos\/la-subdirectora-quedo-ciega-para-siempre-por-culpa-de-un-estudiante-su-declaracion-completa-a-la-prensa\/\" \/>\n<meta property=\"og:locale\" content=\"es_MX\" \/>\n<meta property=\"og:type\" content=\"article\" \/>\n<meta property=\"og:title\" content=\"La subdirectora qued\u00f3 ciega para siempre por culpa de un estudiante: su declaraci\u00f3n completa a la prensa - Consejos - Santa Catarina\" \/>\n<meta property=\"og:description\" content=\"Candra Rogers, subdirectora de la escuela secundaria Collins en Corsicana, Texas, se reuni\u00f3 con los medios por primera vez desde que un estudiante la hiri\u00f3\" \/>\n<meta property=\"og:url\" content=\"https:\/\/stacatarina.mx\/consejos\/la-subdirectora-quedo-ciega-para-siempre-por-culpa-de-un-estudiante-su-declaracion-completa-a-la-prensa\/\" \/>\n<meta property=\"og:site_name\" content=\"Santa Catarina\" \/>\n<meta property=\"article:publisher\" content=\"https:\/\/www.facebook.com\/stacatarinagob\/\" \/>\n<meta property=\"article:published_time\" content=\"2024-09-13T08:27:25+00:00\" \/>\n<meta property=\"article:modified_time\" content=\"2024-09-13T08:27:27+00:00\" \/>\n<meta property=\"og:image\" content=\"https:\/\/stacatarina.mx\/consejos\/wp-content\/uploads\/2024\/09\/1726216045_La-subdirectora-quedo-ciega-para-siempre-por-culpa-de-un.png\" \/>\n\t<meta property=\"og:image:width\" content=\"2000\" \/>\n\t<meta property=\"og:image:height\" content=\"1268\" \/>\n\t<meta property=\"og:image:type\" content=\"image\/png\" \/>\n<meta name=\"author\" content=\"Pedro Mart\u00ednez\" \/>\n<meta name=\"twitter:card\" content=\"summary_large_image\" \/>\n<meta name=\"twitter:creator\" content=\"@stacatarinagob\" \/>\n<meta name=\"twitter:site\" content=\"@stacatarinagob\" \/>\n<meta name=\"twitter:label1\" content=\"Escrito por\" \/>\n\t<meta name=\"twitter:data1\" content=\"Pedro Mart\u00ednez\" \/>\n\t<meta name=\"twitter:label2\" content=\"Tiempo de lectura\" \/>\n\t<meta name=\"twitter:data2\" content=\"8 minutos\" \/>\n<script type=\"application\/ld+json\" class=\"yoast-schema-graph\">{\"@context\":\"https:\/\/schema.org\",\"@graph\":[{\"@type\":\"Article\",\"@id\":\"https:\/\/stacatarina.mx\/consejos\/la-subdirectora-quedo-ciega-para-siempre-por-culpa-de-un-estudiante-su-declaracion-completa-a-la-prensa\/#article\",\"isPartOf\":{\"@id\":\"https:\/\/stacatarina.mx\/consejos\/la-subdirectora-quedo-ciega-para-siempre-por-culpa-de-un-estudiante-su-declaracion-completa-a-la-prensa\/\"},\"author\":{\"name\":\"Pedro Mart\u00ednez\",\"@id\":\"https:\/\/stacatarina.mx\/consejos\/#\/schema\/person\/0be60adffa8e4c4d0828fdf021450e8a\"},\"headline\":\"La subdirectora qued\u00f3 ciega para siempre por culpa de un estudiante: su declaraci\u00f3n completa a la prensa\",\"datePublished\":\"2024-09-13T08:27:25+00:00\",\"dateModified\":\"2024-09-13T08:27:27+00:00\",\"mainEntityOfPage\":{\"@id\":\"https:\/\/stacatarina.mx\/consejos\/la-subdirectora-quedo-ciega-para-siempre-por-culpa-de-un-estudiante-su-declaracion-completa-a-la-prensa\/\"},\"wordCount\":1682,\"publisher\":{\"@id\":\"https:\/\/stacatarina.mx\/consejos\/#organization\"},\"image\":{\"@id\":\"https:\/\/stacatarina.mx\/consejos\/la-subdirectora-quedo-ciega-para-siempre-por-culpa-de-un-estudiante-su-declaracion-completa-a-la-prensa\/#primaryimage\"},\"thumbnailUrl\":\"https:\/\/stacatarina.mx\/consejos\/wp-content\/uploads\/2024\/09\/1726216045_La-subdirectora-quedo-ciega-para-siempre-por-culpa-de-un.png\",\"keywords\":[\"ciega\",\"completa\",\"culpa\",\"declaraci\u00f3n\",\"estudiante\",\"para\",\"por\",\"prensa\",\"qued\u00f3\",\"siempre\",\"subdirectora\"],\"articleSection\":[\"Entretenimiento\"],\"inLanguage\":\"es\"},{\"@type\":\"WebPage\",\"@id\":\"https:\/\/stacatarina.mx\/consejos\/la-subdirectora-quedo-ciega-para-siempre-por-culpa-de-un-estudiante-su-declaracion-completa-a-la-prensa\/\",\"url\":\"https:\/\/stacatarina.mx\/consejos\/la-subdirectora-quedo-ciega-para-siempre-por-culpa-de-un-estudiante-su-declaracion-completa-a-la-prensa\/\",\"name\":\"La subdirectora qued\u00f3 ciega para siempre por culpa de un estudiante: su declaraci\u00f3n completa a la prensa - Consejos - Santa Catarina\",\"isPartOf\":{\"@id\":\"https:\/\/stacatarina.mx\/consejos\/#website\"},\"primaryImageOfPage\":{\"@id\":\"https:\/\/stacatarina.mx\/consejos\/la-subdirectora-quedo-ciega-para-siempre-por-culpa-de-un-estudiante-su-declaracion-completa-a-la-prensa\/#primaryimage\"},\"image\":{\"@id\":\"https:\/\/stacatarina.mx\/consejos\/la-subdirectora-quedo-ciega-para-siempre-por-culpa-de-un-estudiante-su-declaracion-completa-a-la-prensa\/#primaryimage\"},\"thumbnailUrl\":\"https:\/\/stacatarina.mx\/consejos\/wp-content\/uploads\/2024\/09\/1726216045_La-subdirectora-quedo-ciega-para-siempre-por-culpa-de-un.png\",\"datePublished\":\"2024-09-13T08:27:25+00:00\",\"dateModified\":\"2024-09-13T08:27:27+00:00\",\"breadcrumb\":{\"@id\":\"https:\/\/stacatarina.mx\/consejos\/la-subdirectora-quedo-ciega-para-siempre-por-culpa-de-un-estudiante-su-declaracion-completa-a-la-prensa\/#breadcrumb\"},\"inLanguage\":\"es\",\"potentialAction\":[{\"@type\":\"ReadAction\",\"target\":[\"https:\/\/stacatarina.mx\/consejos\/la-subdirectora-quedo-ciega-para-siempre-por-culpa-de-un-estudiante-su-declaracion-completa-a-la-prensa\/\"]}]},{\"@type\":\"ImageObject\",\"inLanguage\":\"es\",\"@id\":\"https:\/\/stacatarina.mx\/consejos\/la-subdirectora-quedo-ciega-para-siempre-por-culpa-de-un-estudiante-su-declaracion-completa-a-la-prensa\/#primaryimage\",\"url\":\"https:\/\/stacatarina.mx\/consejos\/wp-content\/uploads\/2024\/09\/1726216045_La-subdirectora-quedo-ciega-para-siempre-por-culpa-de-un.png\",\"contentUrl\":\"https:\/\/stacatarina.mx\/consejos\/wp-content\/uploads\/2024\/09\/1726216045_La-subdirectora-quedo-ciega-para-siempre-por-culpa-de-un.png\",\"width\":2000,\"height\":1268,\"caption\":\"Vice Principal Permanently Blinded By Student: Her Full Statement to the Press\"},{\"@type\":\"BreadcrumbList\",\"@id\":\"https:\/\/stacatarina.mx\/consejos\/la-subdirectora-quedo-ciega-para-siempre-por-culpa-de-un-estudiante-su-declaracion-completa-a-la-prensa\/#breadcrumb\",\"itemListElement\":[{\"@type\":\"ListItem\",\"position\":1,\"name\":\"Inicio\",\"item\":\"https:\/\/stacatarina.mx\/consejos\/\"},{\"@type\":\"ListItem\",\"position\":2,\"name\":\"La subdirectora qued\u00f3 ciega para siempre por culpa de un estudiante: su declaraci\u00f3n completa a la prensa\"}]},{\"@type\":\"WebSite\",\"@id\":\"https:\/\/stacatarina.mx\/consejos\/#website\",\"url\":\"https:\/\/stacatarina.mx\/consejos\/\",\"name\":\"Santa Catarina\",\"description\":\"\",\"publisher\":{\"@id\":\"https:\/\/stacatarina.mx\/consejos\/#organization\"},\"potentialAction\":[{\"@type\":\"SearchAction\",\"target\":{\"@type\":\"EntryPoint\",\"urlTemplate\":\"https:\/\/stacatarina.mx\/consejos\/?s={search_term_string}\"},\"query-input\":{\"@type\":\"PropertyValueSpecification\",\"valueRequired\":true,\"valueName\":\"search_term_string\"}}],\"inLanguage\":\"es\"},{\"@type\":\"Organization\",\"@id\":\"https:\/\/stacatarina.mx\/consejos\/#organization\",\"name\":\"Santa Catarina\",\"url\":\"https:\/\/stacatarina.mx\/consejos\/\",\"logo\":{\"@type\":\"ImageObject\",\"inLanguage\":\"es\",\"@id\":\"https:\/\/stacatarina.mx\/consejos\/#\/schema\/logo\/image\/\",\"url\":\"https:\/\/stacatarina.mx\/consejos\/wp-content\/uploads\/2024\/09\/cropped-favicon-1-1.png\",\"contentUrl\":\"https:\/\/stacatarina.mx\/consejos\/wp-content\/uploads\/2024\/09\/cropped-favicon-1-1.png\",\"width\":512,\"height\":512,\"caption\":\"Santa Catarina\"},\"image\":{\"@id\":\"https:\/\/stacatarina.mx\/consejos\/#\/schema\/logo\/image\/\"},\"sameAs\":[\"https:\/\/www.facebook.com\/stacatarinagob\/\",\"https:\/\/x.com\/stacatarinagob\",\"https:\/\/www.instagram.com\/stacatarinagob\/\",\"https:\/\/www.youtube.com\/channel\/UCK-6cQJL_904665N1_nLTWw\"]},{\"@type\":\"Person\",\"@id\":\"https:\/\/stacatarina.mx\/consejos\/#\/schema\/person\/0be60adffa8e4c4d0828fdf021450e8a\",\"name\":\"Pedro Mart\u00ednez\",\"image\":{\"@type\":\"ImageObject\",\"inLanguage\":\"es\",\"@id\":\"https:\/\/stacatarina.mx\/consejos\/#\/schema\/person\/image\/\",\"url\":\"https:\/\/stacatarina.mx\/consejos\/wp-content\/uploads\/2024\/09\/stacatarina.jpg\",\"contentUrl\":\"https:\/\/stacatarina.mx\/consejos\/wp-content\/uploads\/2024\/09\/stacatarina.jpg\",\"caption\":\"Pedro Mart\u00ednez\"},\"description\":\"Hola, soy Pedro Mart\u00ednez, redactor jefe del sitio oficial del ayuntamiento de Santa Catarina, en M\u00e9xico. Con m\u00e1s de diez a\u00f1os de experiencia en el periodismo local, tengo una pasi\u00f3n por la investigaci\u00f3n y la difusi\u00f3n de informaci\u00f3n que valoriza nuestra hermosa comunidad. Mi compromiso es hacer de Santa Catarina una referencia en materia de transparencia y comunicaci\u00f3n municipal.\",\"sameAs\":[\"https:\/\/stacatarina.mx\/\"]}]}<\/script>\n<!-- \/ Yoast SEO plugin. -->","yoast_head_json":{"title":"La subdirectora qued\u00f3 ciega para siempre por culpa de un estudiante: su declaraci\u00f3n completa a la prensa - Consejos - Santa Catarina","robots":{"index":"index","follow":"follow","max-snippet":"max-snippet:-1","max-image-preview":"max-image-preview:large","max-video-preview":"max-video-preview:-1"},"canonical":"https:\/\/stacatarina.mx\/consejos\/la-subdirectora-quedo-ciega-para-siempre-por-culpa-de-un-estudiante-su-declaracion-completa-a-la-prensa\/","og_locale":"es_MX","og_type":"article","og_title":"La subdirectora qued\u00f3 ciega para siempre por culpa de un estudiante: su declaraci\u00f3n completa a la prensa - Consejos - Santa Catarina","og_description":"Candra Rogers, subdirectora de la escuela secundaria Collins en Corsicana, Texas, se reuni\u00f3 con los medios por primera vez desde que un estudiante la hiri\u00f3","og_url":"https:\/\/stacatarina.mx\/consejos\/la-subdirectora-quedo-ciega-para-siempre-por-culpa-de-un-estudiante-su-declaracion-completa-a-la-prensa\/","og_site_name":"Santa Catarina","article_publisher":"https:\/\/www.facebook.com\/stacatarinagob\/","article_published_time":"2024-09-13T08:27:25+00:00","article_modified_time":"2024-09-13T08:27:27+00:00","og_image":[{"width":2000,"height":1268,"url":"https:\/\/stacatarina.mx\/consejos\/wp-content\/uploads\/2024\/09\/1726216045_La-subdirectora-quedo-ciega-para-siempre-por-culpa-de-un.png","type":"image\/png"}],"author":"Pedro Mart\u00ednez","twitter_card":"summary_large_image","twitter_creator":"@stacatarinagob","twitter_site":"@stacatarinagob","twitter_misc":{"Escrito por":"Pedro Mart\u00ednez","Tiempo de lectura":"8 minutos"},"schema":{"@context":"https:\/\/schema.org","@graph":[{"@type":"Article","@id":"https:\/\/stacatarina.mx\/consejos\/la-subdirectora-quedo-ciega-para-siempre-por-culpa-de-un-estudiante-su-declaracion-completa-a-la-prensa\/#article","isPartOf":{"@id":"https:\/\/stacatarina.mx\/consejos\/la-subdirectora-quedo-ciega-para-siempre-por-culpa-de-un-estudiante-su-declaracion-completa-a-la-prensa\/"},"author":{"name":"Pedro Mart\u00ednez","@id":"https:\/\/stacatarina.mx\/consejos\/#\/schema\/person\/0be60adffa8e4c4d0828fdf021450e8a"},"headline":"La subdirectora qued\u00f3 ciega para siempre por culpa de un estudiante: su declaraci\u00f3n completa a la prensa","datePublished":"2024-09-13T08:27:25+00:00","dateModified":"2024-09-13T08:27:27+00:00","mainEntityOfPage":{"@id":"https:\/\/stacatarina.mx\/consejos\/la-subdirectora-quedo-ciega-para-siempre-por-culpa-de-un-estudiante-su-declaracion-completa-a-la-prensa\/"},"wordCount":1682,"publisher":{"@id":"https:\/\/stacatarina.mx\/consejos\/#organization"},"image":{"@id":"https:\/\/stacatarina.mx\/consejos\/la-subdirectora-quedo-ciega-para-siempre-por-culpa-de-un-estudiante-su-declaracion-completa-a-la-prensa\/#primaryimage"},"thumbnailUrl":"https:\/\/stacatarina.mx\/consejos\/wp-content\/uploads\/2024\/09\/1726216045_La-subdirectora-quedo-ciega-para-siempre-por-culpa-de-un.png","keywords":["ciega","completa","culpa","declaraci\u00f3n","estudiante","para","por","prensa","qued\u00f3","siempre","subdirectora"],"articleSection":["Entretenimiento"],"inLanguage":"es"},{"@type":"WebPage","@id":"https:\/\/stacatarina.mx\/consejos\/la-subdirectora-quedo-ciega-para-siempre-por-culpa-de-un-estudiante-su-declaracion-completa-a-la-prensa\/","url":"https:\/\/stacatarina.mx\/consejos\/la-subdirectora-quedo-ciega-para-siempre-por-culpa-de-un-estudiante-su-declaracion-completa-a-la-prensa\/","name":"La subdirectora qued\u00f3 ciega para siempre por culpa de un estudiante: su declaraci\u00f3n completa a la prensa - Consejos - Santa Catarina","isPartOf":{"@id":"https:\/\/stacatarina.mx\/consejos\/#website"},"primaryImageOfPage":{"@id":"https:\/\/stacatarina.mx\/consejos\/la-subdirectora-quedo-ciega-para-siempre-por-culpa-de-un-estudiante-su-declaracion-completa-a-la-prensa\/#primaryimage"},"image":{"@id":"https:\/\/stacatarina.mx\/consejos\/la-subdirectora-quedo-ciega-para-siempre-por-culpa-de-un-estudiante-su-declaracion-completa-a-la-prensa\/#primaryimage"},"thumbnailUrl":"https:\/\/stacatarina.mx\/consejos\/wp-content\/uploads\/2024\/09\/1726216045_La-subdirectora-quedo-ciega-para-siempre-por-culpa-de-un.png","datePublished":"2024-09-13T08:27:25+00:00","dateModified":"2024-09-13T08:27:27+00:00","breadcrumb":{"@id":"https:\/\/stacatarina.mx\/consejos\/la-subdirectora-quedo-ciega-para-siempre-por-culpa-de-un-estudiante-su-declaracion-completa-a-la-prensa\/#breadcrumb"},"inLanguage":"es","potentialAction":[{"@type":"ReadAction","target":["https:\/\/stacatarina.mx\/consejos\/la-subdirectora-quedo-ciega-para-siempre-por-culpa-de-un-estudiante-su-declaracion-completa-a-la-prensa\/"]}]},{"@type":"ImageObject","inLanguage":"es","@id":"https:\/\/stacatarina.mx\/consejos\/la-subdirectora-quedo-ciega-para-siempre-por-culpa-de-un-estudiante-su-declaracion-completa-a-la-prensa\/#primaryimage","url":"https:\/\/stacatarina.mx\/consejos\/wp-content\/uploads\/2024\/09\/1726216045_La-subdirectora-quedo-ciega-para-siempre-por-culpa-de-un.png","contentUrl":"https:\/\/stacatarina.mx\/consejos\/wp-content\/uploads\/2024\/09\/1726216045_La-subdirectora-quedo-ciega-para-siempre-por-culpa-de-un.png","width":2000,"height":1268,"caption":"Vice Principal Permanently Blinded By Student: Her Full Statement to the Press"},{"@type":"BreadcrumbList","@id":"https:\/\/stacatarina.mx\/consejos\/la-subdirectora-quedo-ciega-para-siempre-por-culpa-de-un-estudiante-su-declaracion-completa-a-la-prensa\/#breadcrumb","itemListElement":[{"@type":"ListItem","position":1,"name":"Inicio","item":"https:\/\/stacatarina.mx\/consejos\/"},{"@type":"ListItem","position":2,"name":"La subdirectora qued\u00f3 ciega para siempre por culpa de un estudiante: su declaraci\u00f3n completa a la prensa"}]},{"@type":"WebSite","@id":"https:\/\/stacatarina.mx\/consejos\/#website","url":"https:\/\/stacatarina.mx\/consejos\/","name":"Santa Catarina","description":"","publisher":{"@id":"https:\/\/stacatarina.mx\/consejos\/#organization"},"potentialAction":[{"@type":"SearchAction","target":{"@type":"EntryPoint","urlTemplate":"https:\/\/stacatarina.mx\/consejos\/?s={search_term_string}"},"query-input":{"@type":"PropertyValueSpecification","valueRequired":true,"valueName":"search_term_string"}}],"inLanguage":"es"},{"@type":"Organization","@id":"https:\/\/stacatarina.mx\/consejos\/#organization","name":"Santa Catarina","url":"https:\/\/stacatarina.mx\/consejos\/","logo":{"@type":"ImageObject","inLanguage":"es","@id":"https:\/\/stacatarina.mx\/consejos\/#\/schema\/logo\/image\/","url":"https:\/\/stacatarina.mx\/consejos\/wp-content\/uploads\/2024\/09\/cropped-favicon-1-1.png","contentUrl":"https:\/\/stacatarina.mx\/consejos\/wp-content\/uploads\/2024\/09\/cropped-favicon-1-1.png","width":512,"height":512,"caption":"Santa Catarina"},"image":{"@id":"https:\/\/stacatarina.mx\/consejos\/#\/schema\/logo\/image\/"},"sameAs":["https:\/\/www.facebook.com\/stacatarinagob\/","https:\/\/x.com\/stacatarinagob","https:\/\/www.instagram.com\/stacatarinagob\/","https:\/\/www.youtube.com\/channel\/UCK-6cQJL_904665N1_nLTWw"]},{"@type":"Person","@id":"https:\/\/stacatarina.mx\/consejos\/#\/schema\/person\/0be60adffa8e4c4d0828fdf021450e8a","name":"Pedro Mart\u00ednez","image":{"@type":"ImageObject","inLanguage":"es","@id":"https:\/\/stacatarina.mx\/consejos\/#\/schema\/person\/image\/","url":"https:\/\/stacatarina.mx\/consejos\/wp-content\/uploads\/2024\/09\/stacatarina.jpg","contentUrl":"https:\/\/stacatarina.mx\/consejos\/wp-content\/uploads\/2024\/09\/stacatarina.jpg","caption":"Pedro Mart\u00ednez"},"description":"Hola, soy Pedro Mart\u00ednez, redactor jefe del sitio oficial del ayuntamiento de Santa Catarina, en M\u00e9xico. Con m\u00e1s de diez a\u00f1os de experiencia en el periodismo local, tengo una pasi\u00f3n por la investigaci\u00f3n y la difusi\u00f3n de informaci\u00f3n que valoriza nuestra hermosa comunidad. Mi compromiso es hacer de Santa Catarina una referencia en materia de transparencia y comunicaci\u00f3n municipal.","sameAs":["https:\/\/stacatarina.mx\/"]}]}},"_links":{"self":[{"href":"https:\/\/stacatarina.mx\/consejos\/wp-json\/wp\/v2\/posts\/336"}],"collection":[{"href":"https:\/\/stacatarina.mx\/consejos\/wp-json\/wp\/v2\/posts"}],"about":[{"href":"https:\/\/stacatarina.mx\/consejos\/wp-json\/wp\/v2\/types\/post"}],"author":[{"embeddable":true,"href":"https:\/\/stacatarina.mx\/consejos\/wp-json\/wp\/v2\/users\/1"}],"replies":[{"embeddable":true,"href":"https:\/\/stacatarina.mx\/consejos\/wp-json\/wp\/v2\/comments?post=336"}],"version-history":[{"count":1,"href":"https:\/\/stacatarina.mx\/consejos\/wp-json\/wp\/v2\/posts\/336\/revisions"}],"predecessor-version":[{"id":338,"href":"https:\/\/stacatarina.mx\/consejos\/wp-json\/wp\/v2\/posts\/336\/revisions\/338"}],"wp:featuredmedia":[{"embeddable":true,"href":"https:\/\/stacatarina.mx\/consejos\/wp-json\/wp\/v2\/media\/337"}],"wp:attachment":[{"href":"https:\/\/stacatarina.mx\/consejos\/wp-json\/wp\/v2\/media?parent=336"}],"wp:term":[{"taxonomy":"category","embeddable":true,"href":"https:\/\/stacatarina.mx\/consejos\/wp-json\/wp\/v2\/categories?post=336"},{"taxonomy":"post_tag","embeddable":true,"href":"https:\/\/stacatarina.mx\/consejos\/wp-json\/wp\/v2\/tags?post=336"}],"curies":[{"name":"wp","href":"https:\/\/api.w.org\/{rel}","templated":true}]}}