{"id":3455,"date":"2025-04-09T09:26:14","date_gmt":"2025-04-09T15:26:14","guid":{"rendered":"https:\/\/stacatarina.mx\/consejos\/te-organico-earl-grey-recordado-8-lotes-en-riesgo-por-la-presencia-de-un-contaminante-mas-alla-de-los-limites-legales\/"},"modified":"2025-04-09T09:26:15","modified_gmt":"2025-04-09T15:26:15","slug":"te-organico-earl-grey-recordado-8-lotes-en-riesgo-por-la-presencia-de-un-contaminante-mas-alla-de-los-limites-legales","status":"publish","type":"post","link":"https:\/\/stacatarina.mx\/consejos\/te-organico-earl-grey-recordado-8-lotes-en-riesgo-por-la-presencia-de-un-contaminante-mas-alla-de-los-limites-legales\/","title":{"rendered":"T\u00e9 org\u00e1nico Earl Grey recordado: 8 lotes en riesgo por la presencia de un contaminante m\u00e1s all\u00e1 de los l\u00edmites legales"},"content":{"rendered":"<p class=\"single-abstract\">\n<p>\t\t\t\t\t\t\t\t\t\t\t\t\t\t\t\t\tEl Ministerio de Salud ha informado la llamada de varios lotes de la marca Biological Earl Grey of the Blue Hill T\u00e9s &#038; Infusions para la presencia de Antrachinona m\u00e1s all\u00e1 de los l\u00edmites limitados\t\t\t\t\t\t\t\t\t\t\t\t\t\t\t<\/p>\n<div class=\"daily-video\" style=\"display: none;\"><\/div>\n<div class=\"wrapper-player\" style=\"display: none; margin-bottom: 15px;\">\n<div id=\"daily-player\" style=\"position: relative; max-width: 100%;\" class=\"video-content\"><\/div>\n<\/p><\/div>\n<div class=\"image-wrapper featured-image no-lazy\" id=\"featured-image\"><\/div>\n<p>El Ministerio de Salud ha informado recientemente la llamada de varios lotes <strong>TEA E TEA E INFUSIONES AZULES T\u00e9 org\u00e1nico Earl Grey<\/strong>debido a la presencia de anthraquinona en cantidades m\u00e1s altas que los l\u00edmites permitidos. Este compuesto qu\u00edmico se detect\u00f3 durante los controles anal\u00edticos, lo que destac\u00f3 una mayor concentraci\u00f3n que la que permiti\u00f3 el t\u00e9, por lo tanto, un riesgo potencial para la salud del consumidor.<\/p>\n<h2>Los lotes informados<\/h2>\n<p>La compa\u00f1\u00eda de la Sociedad Social Cooperativa que produjo el T\u00e9 de Earl Gray recordante, emiti\u00f3 un aviso en el que especifica todos los lotes involucrados, que son los siguientes:<\/p>\n<p>Las personas que compraron t\u00e9 con los n\u00fameros de loter\u00eda y las fechas de vencimiento especificadas en el aviso pueden devolver el producto a la tienda para obtener un reembolso o un reemplazo.<\/p>\n<aside style=\"margin: 8px auto; text-align: center; display: block; clear: both;\">\n<div id=\"gpt-passback\">\n<\/div>\n<\/aside>\n<h2>\u00bfQu\u00e9 son los riesgos de antrachinona y para la salud?<\/h2>\n<p>La antrachinona es un compuesto qu\u00edmico derivado del antraceno, un hidrocarburo arom\u00e1tico que puede tener efectos laxantes. A veces se usa en la medicina herbal, pero es importante subrayar que su uso est\u00e1 regulado y monitoreado, ya que las dosis excesivas pueden causar efectos secundarios no deseados.<\/p>\n<p>En particular, la antraquinona puede irritar el intestino y causar trastornos gastrointestinales como diarrea, calambres y deshidrataci\u00f3n. La concentraci\u00f3n de antraquinona presente en el t\u00e9 retirado del mercado estaba m\u00e1s all\u00e1 del l\u00edmite m\u00e1ximo permitido por la legislaci\u00f3n europea, que proporciona un valor espec\u00edfico, precisamente para evitar riesgos potenciales para la salud de los consumidores.<\/p>\n<\/p>\n<aside style=\"margin: 8px auto; display: flex; justify-content: center; min-height: 251px;\">\n<div id=\"div-gpt-ad-MPU_Bottom_1\" style=\"min-width: 300px; min-height: 252px;\">\n<\/div>\n<\/aside>\n","protected":false},"excerpt":{"rendered":"<p>El Ministerio de Salud ha informado la llamada de varios lotes de la marca Biological Earl Grey of the Blue Hill T\u00e9s &#038; Infusions para<\/p>\n","protected":false},"author":1,"featured_media":3456,"comment_status":"closed","ping_status":"","sticky":false,"template":"","format":"standard","meta":{"footnotes":""},"categories":[762],"tags":[1936,2682,4379,4380,2387,1937,62,1030,137,4378,112,3166,2268,939,2930],"class_list":["post-3455","post","type-post","status-publish","format-standard","has-post-thumbnail","hentry","category-salud","tag-alla","tag-contaminante","tag-earl","tag-grey","tag-legales","tag-limites","tag-los","tag-lotes","tag-mas","tag-organico","tag-por","tag-presencia","tag-recordado","tag-riesgo","tag-te","generate-columns","tablet-grid-50","mobile-grid-100","grid-parent","grid-50"],"yoast_head":"<!-- This site is optimized with the Yoast SEO plugin v23.4 - https:\/\/yoast.com\/wordpress\/plugins\/seo\/ -->\n<title>T\u00e9 org\u00e1nico Earl Grey recordado: 8 lotes en riesgo por la presencia de un contaminante m\u00e1s all\u00e1 de los l\u00edmites legales - Consejos - Santa Catarina<\/title>\n<meta name=\"robots\" content=\"index, follow, max-snippet:-1, max-image-preview:large, max-video-preview:-1\" \/>\n<link rel=\"canonical\" href=\"https:\/\/stacatarina.mx\/consejos\/te-organico-earl-grey-recordado-8-lotes-en-riesgo-por-la-presencia-de-un-contaminante-mas-alla-de-los-limites-legales\/\" \/>\n<meta property=\"og:locale\" content=\"es_MX\" \/>\n<meta property=\"og:type\" content=\"article\" \/>\n<meta property=\"og:title\" content=\"T\u00e9 org\u00e1nico Earl Grey recordado: 8 lotes en riesgo por la presencia de un contaminante m\u00e1s all\u00e1 de los l\u00edmites legales - Consejos - Santa Catarina\" \/>\n<meta property=\"og:description\" content=\"El Ministerio de Salud ha informado la llamada de varios lotes de la marca Biological Earl Grey of the Blue Hill T\u00e9s &#038; Infusions para\" \/>\n<meta property=\"og:url\" content=\"https:\/\/stacatarina.mx\/consejos\/te-organico-earl-grey-recordado-8-lotes-en-riesgo-por-la-presencia-de-un-contaminante-mas-alla-de-los-limites-legales\/\" \/>\n<meta property=\"og:site_name\" content=\"Santa Catarina\" \/>\n<meta property=\"article:publisher\" content=\"https:\/\/www.facebook.com\/stacatarinagob\/\" \/>\n<meta property=\"article:published_time\" content=\"2025-04-09T15:26:14+00:00\" \/>\n<meta property=\"article:modified_time\" content=\"2025-04-09T15:26:15+00:00\" \/>\n<meta property=\"og:image\" content=\"https:\/\/stacatarina.mx\/consejos\/wp-content\/uploads\/2025\/04\/Te-organico-Earl-Grey-recordado-8-lotes-en-riesgo-por.jpg\" \/>\n\t<meta property=\"og:image:width\" content=\"1500\" \/>\n\t<meta property=\"og:image:height\" content=\"1000\" \/>\n\t<meta property=\"og:image:type\" content=\"image\/jpeg\" \/>\n<meta name=\"author\" content=\"Pedro Mart\u00ednez\" \/>\n<meta name=\"twitter:card\" content=\"summary_large_image\" \/>\n<meta name=\"twitter:creator\" content=\"@stacatarinagob\" \/>\n<meta name=\"twitter:site\" content=\"@stacatarinagob\" \/>\n<meta name=\"twitter:label1\" content=\"Escrito por\" \/>\n\t<meta name=\"twitter:data1\" content=\"Pedro Mart\u00ednez\" \/>\n\t<meta name=\"twitter:label2\" content=\"Tiempo de lectura\" \/>\n\t<meta name=\"twitter:data2\" content=\"2 minutos\" \/>\n<script type=\"application\/ld+json\" class=\"yoast-schema-graph\">{\"@context\":\"https:\/\/schema.org\",\"@graph\":[{\"@type\":\"Article\",\"@id\":\"https:\/\/stacatarina.mx\/consejos\/te-organico-earl-grey-recordado-8-lotes-en-riesgo-por-la-presencia-de-un-contaminante-mas-alla-de-los-limites-legales\/#article\",\"isPartOf\":{\"@id\":\"https:\/\/stacatarina.mx\/consejos\/te-organico-earl-grey-recordado-8-lotes-en-riesgo-por-la-presencia-de-un-contaminante-mas-alla-de-los-limites-legales\/\"},\"author\":{\"name\":\"Pedro Mart\u00ednez\",\"@id\":\"https:\/\/stacatarina.mx\/consejos\/#\/schema\/person\/0be60adffa8e4c4d0828fdf021450e8a\"},\"headline\":\"T\u00e9 org\u00e1nico Earl Grey recordado: 8 lotes en riesgo por la presencia de un contaminante m\u00e1s all\u00e1 de los l\u00edmites legales\",\"datePublished\":\"2025-04-09T15:26:14+00:00\",\"dateModified\":\"2025-04-09T15:26:15+00:00\",\"mainEntityOfPage\":{\"@id\":\"https:\/\/stacatarina.mx\/consejos\/te-organico-earl-grey-recordado-8-lotes-en-riesgo-por-la-presencia-de-un-contaminante-mas-alla-de-los-limites-legales\/\"},\"wordCount\":323,\"publisher\":{\"@id\":\"https:\/\/stacatarina.mx\/consejos\/#organization\"},\"image\":{\"@id\":\"https:\/\/stacatarina.mx\/consejos\/te-organico-earl-grey-recordado-8-lotes-en-riesgo-por-la-presencia-de-un-contaminante-mas-alla-de-los-limites-legales\/#primaryimage\"},\"thumbnailUrl\":\"https:\/\/stacatarina.mx\/consejos\/wp-content\/uploads\/2025\/04\/Te-organico-Earl-Grey-recordado-8-lotes-en-riesgo-por.jpg\",\"keywords\":[\"all\u00e1\",\"contaminante\",\"Earl\",\"Grey\",\"legales\",\"l\u00edmites\",\"los\",\"lotes\",\"m\u00e1s\",\"org\u00e1nico\",\"por\",\"presencia\",\"recordado\",\"riesgo\",\"t\u00e9\"],\"articleSection\":[\"Salud\"],\"inLanguage\":\"es\"},{\"@type\":\"WebPage\",\"@id\":\"https:\/\/stacatarina.mx\/consejos\/te-organico-earl-grey-recordado-8-lotes-en-riesgo-por-la-presencia-de-un-contaminante-mas-alla-de-los-limites-legales\/\",\"url\":\"https:\/\/stacatarina.mx\/consejos\/te-organico-earl-grey-recordado-8-lotes-en-riesgo-por-la-presencia-de-un-contaminante-mas-alla-de-los-limites-legales\/\",\"name\":\"T\u00e9 org\u00e1nico Earl Grey recordado: 8 lotes en riesgo por la presencia de un contaminante m\u00e1s all\u00e1 de los l\u00edmites legales - Consejos - Santa Catarina\",\"isPartOf\":{\"@id\":\"https:\/\/stacatarina.mx\/consejos\/#website\"},\"primaryImageOfPage\":{\"@id\":\"https:\/\/stacatarina.mx\/consejos\/te-organico-earl-grey-recordado-8-lotes-en-riesgo-por-la-presencia-de-un-contaminante-mas-alla-de-los-limites-legales\/#primaryimage\"},\"image\":{\"@id\":\"https:\/\/stacatarina.mx\/consejos\/te-organico-earl-grey-recordado-8-lotes-en-riesgo-por-la-presencia-de-un-contaminante-mas-alla-de-los-limites-legales\/#primaryimage\"},\"thumbnailUrl\":\"https:\/\/stacatarina.mx\/consejos\/wp-content\/uploads\/2025\/04\/Te-organico-Earl-Grey-recordado-8-lotes-en-riesgo-por.jpg\",\"datePublished\":\"2025-04-09T15:26:14+00:00\",\"dateModified\":\"2025-04-09T15:26:15+00:00\",\"breadcrumb\":{\"@id\":\"https:\/\/stacatarina.mx\/consejos\/te-organico-earl-grey-recordado-8-lotes-en-riesgo-por-la-presencia-de-un-contaminante-mas-alla-de-los-limites-legales\/#breadcrumb\"},\"inLanguage\":\"es\",\"potentialAction\":[{\"@type\":\"ReadAction\",\"target\":[\"https:\/\/stacatarina.mx\/consejos\/te-organico-earl-grey-recordado-8-lotes-en-riesgo-por-la-presencia-de-un-contaminante-mas-alla-de-los-limites-legales\/\"]}]},{\"@type\":\"ImageObject\",\"inLanguage\":\"es\",\"@id\":\"https:\/\/stacatarina.mx\/consejos\/te-organico-earl-grey-recordado-8-lotes-en-riesgo-por-la-presencia-de-un-contaminante-mas-alla-de-los-limites-legales\/#primaryimage\",\"url\":\"https:\/\/stacatarina.mx\/consejos\/wp-content\/uploads\/2025\/04\/Te-organico-Earl-Grey-recordado-8-lotes-en-riesgo-por.jpg\",\"contentUrl\":\"https:\/\/stacatarina.mx\/consejos\/wp-content\/uploads\/2025\/04\/Te-organico-Earl-Grey-recordado-8-lotes-en-riesgo-por.jpg\",\"width\":1500,\"height\":1000,\"caption\":\"allerta t\u00e8 bergamotto\"},{\"@type\":\"BreadcrumbList\",\"@id\":\"https:\/\/stacatarina.mx\/consejos\/te-organico-earl-grey-recordado-8-lotes-en-riesgo-por-la-presencia-de-un-contaminante-mas-alla-de-los-limites-legales\/#breadcrumb\",\"itemListElement\":[{\"@type\":\"ListItem\",\"position\":1,\"name\":\"Inicio\",\"item\":\"https:\/\/stacatarina.mx\/consejos\/\"},{\"@type\":\"ListItem\",\"position\":2,\"name\":\"T\u00e9 org\u00e1nico Earl Grey recordado: 8 lotes en riesgo por la presencia de un contaminante m\u00e1s all\u00e1 de los l\u00edmites legales\"}]},{\"@type\":\"WebSite\",\"@id\":\"https:\/\/stacatarina.mx\/consejos\/#website\",\"url\":\"https:\/\/stacatarina.mx\/consejos\/\",\"name\":\"Santa Catarina\",\"description\":\"\",\"publisher\":{\"@id\":\"https:\/\/stacatarina.mx\/consejos\/#organization\"},\"potentialAction\":[{\"@type\":\"SearchAction\",\"target\":{\"@type\":\"EntryPoint\",\"urlTemplate\":\"https:\/\/stacatarina.mx\/consejos\/?s={search_term_string}\"},\"query-input\":{\"@type\":\"PropertyValueSpecification\",\"valueRequired\":true,\"valueName\":\"search_term_string\"}}],\"inLanguage\":\"es\"},{\"@type\":\"Organization\",\"@id\":\"https:\/\/stacatarina.mx\/consejos\/#organization\",\"name\":\"Santa Catarina\",\"url\":\"https:\/\/stacatarina.mx\/consejos\/\",\"logo\":{\"@type\":\"ImageObject\",\"inLanguage\":\"es\",\"@id\":\"https:\/\/stacatarina.mx\/consejos\/#\/schema\/logo\/image\/\",\"url\":\"https:\/\/stacatarina.mx\/consejos\/wp-content\/uploads\/2024\/09\/cropped-favicon-1-1.png\",\"contentUrl\":\"https:\/\/stacatarina.mx\/consejos\/wp-content\/uploads\/2024\/09\/cropped-favicon-1-1.png\",\"width\":512,\"height\":512,\"caption\":\"Santa Catarina\"},\"image\":{\"@id\":\"https:\/\/stacatarina.mx\/consejos\/#\/schema\/logo\/image\/\"},\"sameAs\":[\"https:\/\/www.facebook.com\/stacatarinagob\/\",\"https:\/\/x.com\/stacatarinagob\",\"https:\/\/www.instagram.com\/stacatarinagob\/\",\"https:\/\/www.youtube.com\/channel\/UCK-6cQJL_904665N1_nLTWw\"]},{\"@type\":\"Person\",\"@id\":\"https:\/\/stacatarina.mx\/consejos\/#\/schema\/person\/0be60adffa8e4c4d0828fdf021450e8a\",\"name\":\"Pedro Mart\u00ednez\",\"image\":{\"@type\":\"ImageObject\",\"inLanguage\":\"es\",\"@id\":\"https:\/\/stacatarina.mx\/consejos\/#\/schema\/person\/image\/\",\"url\":\"https:\/\/stacatarina.mx\/consejos\/wp-content\/uploads\/2024\/09\/stacatarina.jpg\",\"contentUrl\":\"https:\/\/stacatarina.mx\/consejos\/wp-content\/uploads\/2024\/09\/stacatarina.jpg\",\"caption\":\"Pedro Mart\u00ednez\"},\"description\":\"Hola, soy Pedro Mart\u00ednez, redactor jefe del sitio oficial del ayuntamiento de Santa Catarina, en M\u00e9xico. Con m\u00e1s de diez a\u00f1os de experiencia en el periodismo local, tengo una pasi\u00f3n por la investigaci\u00f3n y la difusi\u00f3n de informaci\u00f3n que valoriza nuestra hermosa comunidad. Mi compromiso es hacer de Santa Catarina una referencia en materia de transparencia y comunicaci\u00f3n municipal.\",\"sameAs\":[\"https:\/\/stacatarina.mx\/\"]}]}<\/script>\n<!-- \/ Yoast SEO plugin. -->","yoast_head_json":{"title":"T\u00e9 org\u00e1nico Earl Grey recordado: 8 lotes en riesgo por la presencia de un contaminante m\u00e1s all\u00e1 de los l\u00edmites legales - Consejos - Santa Catarina","robots":{"index":"index","follow":"follow","max-snippet":"max-snippet:-1","max-image-preview":"max-image-preview:large","max-video-preview":"max-video-preview:-1"},"canonical":"https:\/\/stacatarina.mx\/consejos\/te-organico-earl-grey-recordado-8-lotes-en-riesgo-por-la-presencia-de-un-contaminante-mas-alla-de-los-limites-legales\/","og_locale":"es_MX","og_type":"article","og_title":"T\u00e9 org\u00e1nico Earl Grey recordado: 8 lotes en riesgo por la presencia de un contaminante m\u00e1s all\u00e1 de los l\u00edmites legales - Consejos - Santa Catarina","og_description":"El Ministerio de Salud ha informado la llamada de varios lotes de la marca Biological Earl Grey of the Blue Hill T\u00e9s &#038; Infusions para","og_url":"https:\/\/stacatarina.mx\/consejos\/te-organico-earl-grey-recordado-8-lotes-en-riesgo-por-la-presencia-de-un-contaminante-mas-alla-de-los-limites-legales\/","og_site_name":"Santa Catarina","article_publisher":"https:\/\/www.facebook.com\/stacatarinagob\/","article_published_time":"2025-04-09T15:26:14+00:00","article_modified_time":"2025-04-09T15:26:15+00:00","og_image":[{"width":1500,"height":1000,"url":"https:\/\/stacatarina.mx\/consejos\/wp-content\/uploads\/2025\/04\/Te-organico-Earl-Grey-recordado-8-lotes-en-riesgo-por.jpg","type":"image\/jpeg"}],"author":"Pedro Mart\u00ednez","twitter_card":"summary_large_image","twitter_creator":"@stacatarinagob","twitter_site":"@stacatarinagob","twitter_misc":{"Escrito por":"Pedro Mart\u00ednez","Tiempo de lectura":"2 minutos"},"schema":{"@context":"https:\/\/schema.org","@graph":[{"@type":"Article","@id":"https:\/\/stacatarina.mx\/consejos\/te-organico-earl-grey-recordado-8-lotes-en-riesgo-por-la-presencia-de-un-contaminante-mas-alla-de-los-limites-legales\/#article","isPartOf":{"@id":"https:\/\/stacatarina.mx\/consejos\/te-organico-earl-grey-recordado-8-lotes-en-riesgo-por-la-presencia-de-un-contaminante-mas-alla-de-los-limites-legales\/"},"author":{"name":"Pedro Mart\u00ednez","@id":"https:\/\/stacatarina.mx\/consejos\/#\/schema\/person\/0be60adffa8e4c4d0828fdf021450e8a"},"headline":"T\u00e9 org\u00e1nico Earl Grey recordado: 8 lotes en riesgo por la presencia de un contaminante m\u00e1s all\u00e1 de los l\u00edmites legales","datePublished":"2025-04-09T15:26:14+00:00","dateModified":"2025-04-09T15:26:15+00:00","mainEntityOfPage":{"@id":"https:\/\/stacatarina.mx\/consejos\/te-organico-earl-grey-recordado-8-lotes-en-riesgo-por-la-presencia-de-un-contaminante-mas-alla-de-los-limites-legales\/"},"wordCount":323,"publisher":{"@id":"https:\/\/stacatarina.mx\/consejos\/#organization"},"image":{"@id":"https:\/\/stacatarina.mx\/consejos\/te-organico-earl-grey-recordado-8-lotes-en-riesgo-por-la-presencia-de-un-contaminante-mas-alla-de-los-limites-legales\/#primaryimage"},"thumbnailUrl":"https:\/\/stacatarina.mx\/consejos\/wp-content\/uploads\/2025\/04\/Te-organico-Earl-Grey-recordado-8-lotes-en-riesgo-por.jpg","keywords":["all\u00e1","contaminante","Earl","Grey","legales","l\u00edmites","los","lotes","m\u00e1s","org\u00e1nico","por","presencia","recordado","riesgo","t\u00e9"],"articleSection":["Salud"],"inLanguage":"es"},{"@type":"WebPage","@id":"https:\/\/stacatarina.mx\/consejos\/te-organico-earl-grey-recordado-8-lotes-en-riesgo-por-la-presencia-de-un-contaminante-mas-alla-de-los-limites-legales\/","url":"https:\/\/stacatarina.mx\/consejos\/te-organico-earl-grey-recordado-8-lotes-en-riesgo-por-la-presencia-de-un-contaminante-mas-alla-de-los-limites-legales\/","name":"T\u00e9 org\u00e1nico Earl Grey recordado: 8 lotes en riesgo por la presencia de un contaminante m\u00e1s all\u00e1 de los l\u00edmites legales - Consejos - Santa Catarina","isPartOf":{"@id":"https:\/\/stacatarina.mx\/consejos\/#website"},"primaryImageOfPage":{"@id":"https:\/\/stacatarina.mx\/consejos\/te-organico-earl-grey-recordado-8-lotes-en-riesgo-por-la-presencia-de-un-contaminante-mas-alla-de-los-limites-legales\/#primaryimage"},"image":{"@id":"https:\/\/stacatarina.mx\/consejos\/te-organico-earl-grey-recordado-8-lotes-en-riesgo-por-la-presencia-de-un-contaminante-mas-alla-de-los-limites-legales\/#primaryimage"},"thumbnailUrl":"https:\/\/stacatarina.mx\/consejos\/wp-content\/uploads\/2025\/04\/Te-organico-Earl-Grey-recordado-8-lotes-en-riesgo-por.jpg","datePublished":"2025-04-09T15:26:14+00:00","dateModified":"2025-04-09T15:26:15+00:00","breadcrumb":{"@id":"https:\/\/stacatarina.mx\/consejos\/te-organico-earl-grey-recordado-8-lotes-en-riesgo-por-la-presencia-de-un-contaminante-mas-alla-de-los-limites-legales\/#breadcrumb"},"inLanguage":"es","potentialAction":[{"@type":"ReadAction","target":["https:\/\/stacatarina.mx\/consejos\/te-organico-earl-grey-recordado-8-lotes-en-riesgo-por-la-presencia-de-un-contaminante-mas-alla-de-los-limites-legales\/"]}]},{"@type":"ImageObject","inLanguage":"es","@id":"https:\/\/stacatarina.mx\/consejos\/te-organico-earl-grey-recordado-8-lotes-en-riesgo-por-la-presencia-de-un-contaminante-mas-alla-de-los-limites-legales\/#primaryimage","url":"https:\/\/stacatarina.mx\/consejos\/wp-content\/uploads\/2025\/04\/Te-organico-Earl-Grey-recordado-8-lotes-en-riesgo-por.jpg","contentUrl":"https:\/\/stacatarina.mx\/consejos\/wp-content\/uploads\/2025\/04\/Te-organico-Earl-Grey-recordado-8-lotes-en-riesgo-por.jpg","width":1500,"height":1000,"caption":"allerta t\u00e8 bergamotto"},{"@type":"BreadcrumbList","@id":"https:\/\/stacatarina.mx\/consejos\/te-organico-earl-grey-recordado-8-lotes-en-riesgo-por-la-presencia-de-un-contaminante-mas-alla-de-los-limites-legales\/#breadcrumb","itemListElement":[{"@type":"ListItem","position":1,"name":"Inicio","item":"https:\/\/stacatarina.mx\/consejos\/"},{"@type":"ListItem","position":2,"name":"T\u00e9 org\u00e1nico Earl Grey recordado: 8 lotes en riesgo por la presencia de un contaminante m\u00e1s all\u00e1 de los l\u00edmites legales"}]},{"@type":"WebSite","@id":"https:\/\/stacatarina.mx\/consejos\/#website","url":"https:\/\/stacatarina.mx\/consejos\/","name":"Santa Catarina","description":"","publisher":{"@id":"https:\/\/stacatarina.mx\/consejos\/#organization"},"potentialAction":[{"@type":"SearchAction","target":{"@type":"EntryPoint","urlTemplate":"https:\/\/stacatarina.mx\/consejos\/?s={search_term_string}"},"query-input":{"@type":"PropertyValueSpecification","valueRequired":true,"valueName":"search_term_string"}}],"inLanguage":"es"},{"@type":"Organization","@id":"https:\/\/stacatarina.mx\/consejos\/#organization","name":"Santa Catarina","url":"https:\/\/stacatarina.mx\/consejos\/","logo":{"@type":"ImageObject","inLanguage":"es","@id":"https:\/\/stacatarina.mx\/consejos\/#\/schema\/logo\/image\/","url":"https:\/\/stacatarina.mx\/consejos\/wp-content\/uploads\/2024\/09\/cropped-favicon-1-1.png","contentUrl":"https:\/\/stacatarina.mx\/consejos\/wp-content\/uploads\/2024\/09\/cropped-favicon-1-1.png","width":512,"height":512,"caption":"Santa Catarina"},"image":{"@id":"https:\/\/stacatarina.mx\/consejos\/#\/schema\/logo\/image\/"},"sameAs":["https:\/\/www.facebook.com\/stacatarinagob\/","https:\/\/x.com\/stacatarinagob","https:\/\/www.instagram.com\/stacatarinagob\/","https:\/\/www.youtube.com\/channel\/UCK-6cQJL_904665N1_nLTWw"]},{"@type":"Person","@id":"https:\/\/stacatarina.mx\/consejos\/#\/schema\/person\/0be60adffa8e4c4d0828fdf021450e8a","name":"Pedro Mart\u00ednez","image":{"@type":"ImageObject","inLanguage":"es","@id":"https:\/\/stacatarina.mx\/consejos\/#\/schema\/person\/image\/","url":"https:\/\/stacatarina.mx\/consejos\/wp-content\/uploads\/2024\/09\/stacatarina.jpg","contentUrl":"https:\/\/stacatarina.mx\/consejos\/wp-content\/uploads\/2024\/09\/stacatarina.jpg","caption":"Pedro Mart\u00ednez"},"description":"Hola, soy Pedro Mart\u00ednez, redactor jefe del sitio oficial del ayuntamiento de Santa Catarina, en M\u00e9xico. Con m\u00e1s de diez a\u00f1os de experiencia en el periodismo local, tengo una pasi\u00f3n por la investigaci\u00f3n y la difusi\u00f3n de informaci\u00f3n que valoriza nuestra hermosa comunidad. Mi compromiso es hacer de Santa Catarina una referencia en materia de transparencia y comunicaci\u00f3n municipal.","sameAs":["https:\/\/stacatarina.mx\/"]}]}},"_links":{"self":[{"href":"https:\/\/stacatarina.mx\/consejos\/wp-json\/wp\/v2\/posts\/3455"}],"collection":[{"href":"https:\/\/stacatarina.mx\/consejos\/wp-json\/wp\/v2\/posts"}],"about":[{"href":"https:\/\/stacatarina.mx\/consejos\/wp-json\/wp\/v2\/types\/post"}],"author":[{"embeddable":true,"href":"https:\/\/stacatarina.mx\/consejos\/wp-json\/wp\/v2\/users\/1"}],"replies":[{"embeddable":true,"href":"https:\/\/stacatarina.mx\/consejos\/wp-json\/wp\/v2\/comments?post=3455"}],"version-history":[{"count":1,"href":"https:\/\/stacatarina.mx\/consejos\/wp-json\/wp\/v2\/posts\/3455\/revisions"}],"predecessor-version":[{"id":3457,"href":"https:\/\/stacatarina.mx\/consejos\/wp-json\/wp\/v2\/posts\/3455\/revisions\/3457"}],"wp:featuredmedia":[{"embeddable":true,"href":"https:\/\/stacatarina.mx\/consejos\/wp-json\/wp\/v2\/media\/3456"}],"wp:attachment":[{"href":"https:\/\/stacatarina.mx\/consejos\/wp-json\/wp\/v2\/media?parent=3455"}],"wp:term":[{"taxonomy":"category","embeddable":true,"href":"https:\/\/stacatarina.mx\/consejos\/wp-json\/wp\/v2\/categories?post=3455"},{"taxonomy":"post_tag","embeddable":true,"href":"https:\/\/stacatarina.mx\/consejos\/wp-json\/wp\/v2\/tags?post=3455"}],"curies":[{"name":"wp","href":"https:\/\/api.w.org\/{rel}","templated":true}]}}