{"id":3470,"date":"2025-04-10T10:24:11","date_gmt":"2025-04-10T16:24:11","guid":{"rendered":"https:\/\/stacatarina.mx\/consejos\/tintes-artificiales-perjudiciales-para-los-cereales-de-kellogg-una-encuesta-de-texas-se-abrio\/"},"modified":"2025-04-10T10:24:12","modified_gmt":"2025-04-10T16:24:12","slug":"tintes-artificiales-perjudiciales-para-los-cereales-de-kellogg-una-encuesta-de-texas-se-abrio","status":"publish","type":"post","link":"https:\/\/stacatarina.mx\/consejos\/tintes-artificiales-perjudiciales-para-los-cereales-de-kellogg-una-encuesta-de-texas-se-abrio\/","title":{"rendered":"Tintes artificiales perjudiciales para los cereales de Kellogg: una encuesta de Texas se abri\u00f3"},"content":{"rendered":"<p class=\"single-abstract\">\n<p>\t\t\t\t\t\t\t\t\t\t\t\t\t\t\t\t\tEl fiscal general de Texas ha comenzado una investigaci\u00f3n sobre Kellogg&#8217;s para el uso de tintes artificiales peligrosos en sus cereales, acusando a la compa\u00f1\u00eda de enga\u00f1ar a los consumidores al afirmar que sus productos son saludables\t\t\t\t\t\t\t\t\t\t\t\t\t\t\t<\/p>\n<div class=\"daily-video\" style=\"display: none;\"><\/div>\n<div class=\"wrapper-player\" style=\"display: none; margin-bottom: 15px;\">\n<div id=\"daily-player\" style=\"position: relative; max-width: 100%;\" class=\"video-content\"><\/div>\n<\/p><\/div>\n<div class=\"image-wrapper featured-image no-lazy\" id=\"featured-image\"><\/div>\n<p>El fiscal general de Texas, Ken Paxton, comenz\u00f3 <strong>Una investigaci\u00f3n sobre Kellogg&#8217;s<\/strong>. La acusaci\u00f3n es continuar usando tintes artificiales, no exactamente inofensivos, en sus productos.<\/p>\n<p>La investigaci\u00f3n involucra algunos de los cereales m\u00e1s conocidos de Kellogg, incluidos bucles Froot, gatos de manzanas, copos de eslaz y Krispies de arroz, que contienen tintes artificiales derivados del aceite, considerados perjudiciales para la salud.<\/p>\n<h1>Las acusaciones contra Kellogg&#8217;s<\/h1>\n<p>En su anuncio, Paxton se muestra preocupado de que los productos de Kellogg contengan tintes que podr\u00edan contribuir a una serie de problemas de salud, como hiperactividad, obesidad, enfermedades autoinmunes, disfunciones endocrinas e incluso c\u00e1ncer. Seg\u00fan el fiscal, este tipo de ingredientes no debe usarse en los alimentos anunciados como saludables, en particular para los ni\u00f1os.<\/p>\n<aside style=\"margin: 8px auto; text-align: center; display: block; clear: both;\">\n<div id=\"gpt-passback\">\n<\/div>\n<\/aside>\n<p>Paxton dijo:<\/p>\n<blockquote>\n<p>Un aspecto fundamental de la lucha por el futuro de nuestros hijos es poner fin a las pr\u00e1cticas enga\u00f1osas de las empresas que intentan enga\u00f1ar a los padres y las familias sobre la salud de los productos alimenticios.<\/p>\n<\/blockquote>\n<p>La investigaci\u00f3n tiene como objetivo verificar si Kellogg ha violado las leyes estatales que protegen a los consumidores.<\/p>\n<h2><span class=\"ez-toc-section\" id=\"Gli_ingredienti_artificiali_nei_cereali_Kelloggs\"><\/span>Ingredientes artificiales en los cereales de Kellogg<span class=\"ez-toc-section-end\"><\/span><\/h2>\n<p>La cuesti\u00f3n de los tintes artificiales no es nueva. En 2015, Kellogg se hab\u00eda unido a un consorcio de compa\u00f1\u00edas de alimentos, incluidas General Mills, comprometi\u00e9ndose a eliminar todos los ingredientes artificiales de sus productos para 2018. Sin embargo, este cambio nunca se ha concreto por completo.<\/p>\n<p>En 2024, la actriz Eva Mendes dirigi\u00f3 una protesta contra la de Kellogg, pidi\u00e9ndole a la compa\u00f1\u00eda que respete su promesa y elimine estos ingredientes nocivos de sus cereales. El activista enfatiz\u00f3 que docenas de personas se reunieron frente a la sede de la compa\u00f1\u00eda en Michigan y m\u00e1s de 400,000 personas firmaron una petici\u00f3n pidiendo cambio. A pesar de todo esto, Kellogg&#8217;s a\u00fan no ha tomado medidas significativas para eliminar los tintes artificiales de sus productos.<\/p>\n<p>Algunos de los cereales de Kellogg m\u00e1s populares de hecho contienen tintes sint\u00e9ticos como:<\/p>\n<aside style=\"margin: 8px auto; display: flex; justify-content: center; min-height: 251px;\">\n<div id=\"div-gpt-ad-MPU_Bottom_1\" style=\"min-width: 300px; min-height: 252px;\">\n<\/div>\n<\/aside>\n<p>Los estudios han conectado el uso de tintes artificiales como Red 40 y Yellow 5 con los trastornos conductuales en ni\u00f1os, incluida la hiperactividad, y algunos estados, como California pero tambi\u00e9n Europa, han prohibido su uso. Aunque la Administraci\u00f3n de Alimentos y Medicamentos (FDA) afirma que la mayor\u00eda de los ni\u00f1os no sufren efectos negativos de estos aditivos, los expertos afirman que no hay beneficios nutricionales en estos ingredientes y que su funci\u00f3n es puramente est\u00e9tica.<\/p>\n<h2><span class=\"ez-toc-section\" id=\"La_posizione_di_Kelloggs\"><\/span>Posici\u00f3n de Kellogg<span class=\"ez-toc-section-end\"><\/span><\/h2>\n<p>En una declaraci\u00f3n emitida en EE. UU. Hoy en octubre de 2024, Kellogg reiter\u00f3 que sus productos cumplen con todas las leyes y regulaciones aplicables. La compa\u00f1\u00eda agreg\u00f3 que se compromete a etiquetar transparentemente sus ingredientes, lo que permite a los consumidores tomar decisiones informadas. Sin embargo, a\u00fan no ha proporcionado una respuesta oficial a las nuevas acusaciones formuladas por el Fiscal General de Texas.<\/p>\n<h2><span class=\"ez-toc-section\" id=\"E_in_Italia\"><\/span>\u00bfY en Italia?<span class=\"ez-toc-section-end\"><\/span><\/h2>\n<p>En Italia, al menos con respecto a <strong>estos tintes,<\/strong> No debemos preocuparnos: tampoco en otros productos, ya que han sido prohibidos en toda Europa. Sin embargo, es importante recordar que, a pesar de la ausencia de estas sustancias, los cereales de Kellogg siempre siguen siendo los alimentos ricos en az\u00facares y pobres en nutrientes y, por lo tanto, no pueden considerarse una opci\u00f3n saludable.<\/p><\/p>\n","protected":false},"excerpt":{"rendered":"<p>El fiscal general de Texas ha comenzado una investigaci\u00f3n sobre Kellogg&#8217;s para el uso de tintes artificiales peligrosos en sus cereales, acusando a la compa\u00f1\u00eda<\/p>\n","protected":false},"author":1,"featured_media":3471,"comment_status":"closed","ping_status":"","sticky":false,"template":"","format":"standard","meta":{"footnotes":""},"categories":[762],"tags":[4395,1684,4391,4393,4392,62,29,4390,4394,4280,37],"class_list":["post-3470","post","type-post","status-publish","format-standard","has-post-thumbnail","hentry","category-salud","tag-abrio","tag-artificiales","tag-cereales","tag-encuesta","tag-kellogg","tag-los","tag-para","tag-perjudiciales","tag-texas","tag-tintes","tag-una","generate-columns","tablet-grid-50","mobile-grid-100","grid-parent","grid-50"],"yoast_head":"<!-- This site is optimized with the Yoast SEO plugin v23.4 - https:\/\/yoast.com\/wordpress\/plugins\/seo\/ -->\n<title>Tintes artificiales perjudiciales para los cereales de Kellogg: una encuesta de Texas se abri\u00f3 - Consejos - Santa Catarina<\/title>\n<meta name=\"robots\" content=\"index, follow, max-snippet:-1, max-image-preview:large, max-video-preview:-1\" \/>\n<link rel=\"canonical\" href=\"https:\/\/stacatarina.mx\/consejos\/tintes-artificiales-perjudiciales-para-los-cereales-de-kellogg-una-encuesta-de-texas-se-abrio\/\" \/>\n<meta property=\"og:locale\" content=\"es_MX\" \/>\n<meta property=\"og:type\" content=\"article\" \/>\n<meta property=\"og:title\" content=\"Tintes artificiales perjudiciales para los cereales de Kellogg: una encuesta de Texas se abri\u00f3 - Consejos - Santa Catarina\" \/>\n<meta property=\"og:description\" content=\"El fiscal general de Texas ha comenzado una investigaci\u00f3n sobre Kellogg&#8217;s para el uso de tintes artificiales peligrosos en sus cereales, acusando a la compa\u00f1\u00eda\" \/>\n<meta property=\"og:url\" content=\"https:\/\/stacatarina.mx\/consejos\/tintes-artificiales-perjudiciales-para-los-cereales-de-kellogg-una-encuesta-de-texas-se-abrio\/\" \/>\n<meta property=\"og:site_name\" content=\"Santa Catarina\" \/>\n<meta property=\"article:publisher\" content=\"https:\/\/www.facebook.com\/stacatarinagob\/\" \/>\n<meta property=\"article:published_time\" content=\"2025-04-10T16:24:11+00:00\" \/>\n<meta property=\"article:modified_time\" content=\"2025-04-10T16:24:12+00:00\" \/>\n<meta property=\"og:image\" content=\"https:\/\/stacatarina.mx\/consejos\/wp-content\/uploads\/2025\/04\/Tintes-artificiales-perjudiciales-para-los-cereales-de-Kellogg-una-encuesta.jpg\" \/>\n\t<meta property=\"og:image:width\" content=\"1500\" \/>\n\t<meta property=\"og:image:height\" content=\"1000\" \/>\n\t<meta property=\"og:image:type\" content=\"image\/jpeg\" \/>\n<meta name=\"author\" content=\"Pedro Mart\u00ednez\" \/>\n<meta name=\"twitter:card\" content=\"summary_large_image\" \/>\n<meta name=\"twitter:creator\" content=\"@stacatarinagob\" \/>\n<meta name=\"twitter:site\" content=\"@stacatarinagob\" \/>\n<meta name=\"twitter:label1\" content=\"Escrito por\" \/>\n\t<meta name=\"twitter:data1\" content=\"Pedro Mart\u00ednez\" \/>\n\t<meta name=\"twitter:label2\" content=\"Tiempo de lectura\" \/>\n\t<meta name=\"twitter:data2\" content=\"3 minutos\" \/>\n<script type=\"application\/ld+json\" class=\"yoast-schema-graph\">{\"@context\":\"https:\/\/schema.org\",\"@graph\":[{\"@type\":\"Article\",\"@id\":\"https:\/\/stacatarina.mx\/consejos\/tintes-artificiales-perjudiciales-para-los-cereales-de-kellogg-una-encuesta-de-texas-se-abrio\/#article\",\"isPartOf\":{\"@id\":\"https:\/\/stacatarina.mx\/consejos\/tintes-artificiales-perjudiciales-para-los-cereales-de-kellogg-una-encuesta-de-texas-se-abrio\/\"},\"author\":{\"name\":\"Pedro Mart\u00ednez\",\"@id\":\"https:\/\/stacatarina.mx\/consejos\/#\/schema\/person\/0be60adffa8e4c4d0828fdf021450e8a\"},\"headline\":\"Tintes artificiales perjudiciales para los cereales de Kellogg: una encuesta de Texas se abri\u00f3\",\"datePublished\":\"2025-04-10T16:24:11+00:00\",\"dateModified\":\"2025-04-10T16:24:12+00:00\",\"mainEntityOfPage\":{\"@id\":\"https:\/\/stacatarina.mx\/consejos\/tintes-artificiales-perjudiciales-para-los-cereales-de-kellogg-una-encuesta-de-texas-se-abrio\/\"},\"wordCount\":623,\"publisher\":{\"@id\":\"https:\/\/stacatarina.mx\/consejos\/#organization\"},\"image\":{\"@id\":\"https:\/\/stacatarina.mx\/consejos\/tintes-artificiales-perjudiciales-para-los-cereales-de-kellogg-una-encuesta-de-texas-se-abrio\/#primaryimage\"},\"thumbnailUrl\":\"https:\/\/stacatarina.mx\/consejos\/wp-content\/uploads\/2025\/04\/Tintes-artificiales-perjudiciales-para-los-cereales-de-Kellogg-una-encuesta.jpg\",\"keywords\":[\"abri\u00f3\",\"artificiales\",\"cereales\",\"encuesta\",\"Kellogg\",\"los\",\"para\",\"perjudiciales\",\"Texas\",\"tintes\",\"una\"],\"articleSection\":[\"Salud\"],\"inLanguage\":\"es\"},{\"@type\":\"WebPage\",\"@id\":\"https:\/\/stacatarina.mx\/consejos\/tintes-artificiales-perjudiciales-para-los-cereales-de-kellogg-una-encuesta-de-texas-se-abrio\/\",\"url\":\"https:\/\/stacatarina.mx\/consejos\/tintes-artificiales-perjudiciales-para-los-cereales-de-kellogg-una-encuesta-de-texas-se-abrio\/\",\"name\":\"Tintes artificiales perjudiciales para los cereales de Kellogg: una encuesta de Texas se abri\u00f3 - Consejos - Santa Catarina\",\"isPartOf\":{\"@id\":\"https:\/\/stacatarina.mx\/consejos\/#website\"},\"primaryImageOfPage\":{\"@id\":\"https:\/\/stacatarina.mx\/consejos\/tintes-artificiales-perjudiciales-para-los-cereales-de-kellogg-una-encuesta-de-texas-se-abrio\/#primaryimage\"},\"image\":{\"@id\":\"https:\/\/stacatarina.mx\/consejos\/tintes-artificiales-perjudiciales-para-los-cereales-de-kellogg-una-encuesta-de-texas-se-abrio\/#primaryimage\"},\"thumbnailUrl\":\"https:\/\/stacatarina.mx\/consejos\/wp-content\/uploads\/2025\/04\/Tintes-artificiales-perjudiciales-para-los-cereales-de-Kellogg-una-encuesta.jpg\",\"datePublished\":\"2025-04-10T16:24:11+00:00\",\"dateModified\":\"2025-04-10T16:24:12+00:00\",\"breadcrumb\":{\"@id\":\"https:\/\/stacatarina.mx\/consejos\/tintes-artificiales-perjudiciales-para-los-cereales-de-kellogg-una-encuesta-de-texas-se-abrio\/#breadcrumb\"},\"inLanguage\":\"es\",\"potentialAction\":[{\"@type\":\"ReadAction\",\"target\":[\"https:\/\/stacatarina.mx\/consejos\/tintes-artificiales-perjudiciales-para-los-cereales-de-kellogg-una-encuesta-de-texas-se-abrio\/\"]}]},{\"@type\":\"ImageObject\",\"inLanguage\":\"es\",\"@id\":\"https:\/\/stacatarina.mx\/consejos\/tintes-artificiales-perjudiciales-para-los-cereales-de-kellogg-una-encuesta-de-texas-se-abrio\/#primaryimage\",\"url\":\"https:\/\/stacatarina.mx\/consejos\/wp-content\/uploads\/2025\/04\/Tintes-artificiales-perjudiciales-para-los-cereales-de-Kellogg-una-encuesta.jpg\",\"contentUrl\":\"https:\/\/stacatarina.mx\/consejos\/wp-content\/uploads\/2025\/04\/Tintes-artificiales-perjudiciales-para-los-cereales-de-Kellogg-una-encuesta.jpg\",\"width\":1500,\"height\":1000,\"caption\":\"cereali colazione kellogg\"},{\"@type\":\"BreadcrumbList\",\"@id\":\"https:\/\/stacatarina.mx\/consejos\/tintes-artificiales-perjudiciales-para-los-cereales-de-kellogg-una-encuesta-de-texas-se-abrio\/#breadcrumb\",\"itemListElement\":[{\"@type\":\"ListItem\",\"position\":1,\"name\":\"Inicio\",\"item\":\"https:\/\/stacatarina.mx\/consejos\/\"},{\"@type\":\"ListItem\",\"position\":2,\"name\":\"Tintes artificiales perjudiciales para los cereales de Kellogg: una encuesta de Texas se abri\u00f3\"}]},{\"@type\":\"WebSite\",\"@id\":\"https:\/\/stacatarina.mx\/consejos\/#website\",\"url\":\"https:\/\/stacatarina.mx\/consejos\/\",\"name\":\"Santa Catarina\",\"description\":\"\",\"publisher\":{\"@id\":\"https:\/\/stacatarina.mx\/consejos\/#organization\"},\"potentialAction\":[{\"@type\":\"SearchAction\",\"target\":{\"@type\":\"EntryPoint\",\"urlTemplate\":\"https:\/\/stacatarina.mx\/consejos\/?s={search_term_string}\"},\"query-input\":{\"@type\":\"PropertyValueSpecification\",\"valueRequired\":true,\"valueName\":\"search_term_string\"}}],\"inLanguage\":\"es\"},{\"@type\":\"Organization\",\"@id\":\"https:\/\/stacatarina.mx\/consejos\/#organization\",\"name\":\"Santa Catarina\",\"url\":\"https:\/\/stacatarina.mx\/consejos\/\",\"logo\":{\"@type\":\"ImageObject\",\"inLanguage\":\"es\",\"@id\":\"https:\/\/stacatarina.mx\/consejos\/#\/schema\/logo\/image\/\",\"url\":\"https:\/\/stacatarina.mx\/consejos\/wp-content\/uploads\/2024\/09\/cropped-favicon-1-1.png\",\"contentUrl\":\"https:\/\/stacatarina.mx\/consejos\/wp-content\/uploads\/2024\/09\/cropped-favicon-1-1.png\",\"width\":512,\"height\":512,\"caption\":\"Santa Catarina\"},\"image\":{\"@id\":\"https:\/\/stacatarina.mx\/consejos\/#\/schema\/logo\/image\/\"},\"sameAs\":[\"https:\/\/www.facebook.com\/stacatarinagob\/\",\"https:\/\/x.com\/stacatarinagob\",\"https:\/\/www.instagram.com\/stacatarinagob\/\",\"https:\/\/www.youtube.com\/channel\/UCK-6cQJL_904665N1_nLTWw\"]},{\"@type\":\"Person\",\"@id\":\"https:\/\/stacatarina.mx\/consejos\/#\/schema\/person\/0be60adffa8e4c4d0828fdf021450e8a\",\"name\":\"Pedro Mart\u00ednez\",\"image\":{\"@type\":\"ImageObject\",\"inLanguage\":\"es\",\"@id\":\"https:\/\/stacatarina.mx\/consejos\/#\/schema\/person\/image\/\",\"url\":\"https:\/\/stacatarina.mx\/consejos\/wp-content\/uploads\/2024\/09\/stacatarina.jpg\",\"contentUrl\":\"https:\/\/stacatarina.mx\/consejos\/wp-content\/uploads\/2024\/09\/stacatarina.jpg\",\"caption\":\"Pedro Mart\u00ednez\"},\"description\":\"Hola, soy Pedro Mart\u00ednez, redactor jefe del sitio oficial del ayuntamiento de Santa Catarina, en M\u00e9xico. Con m\u00e1s de diez a\u00f1os de experiencia en el periodismo local, tengo una pasi\u00f3n por la investigaci\u00f3n y la difusi\u00f3n de informaci\u00f3n que valoriza nuestra hermosa comunidad. Mi compromiso es hacer de Santa Catarina una referencia en materia de transparencia y comunicaci\u00f3n municipal.\",\"sameAs\":[\"https:\/\/stacatarina.mx\/\"]}]}<\/script>\n<!-- \/ Yoast SEO plugin. -->","yoast_head_json":{"title":"Tintes artificiales perjudiciales para los cereales de Kellogg: una encuesta de Texas se abri\u00f3 - Consejos - Santa Catarina","robots":{"index":"index","follow":"follow","max-snippet":"max-snippet:-1","max-image-preview":"max-image-preview:large","max-video-preview":"max-video-preview:-1"},"canonical":"https:\/\/stacatarina.mx\/consejos\/tintes-artificiales-perjudiciales-para-los-cereales-de-kellogg-una-encuesta-de-texas-se-abrio\/","og_locale":"es_MX","og_type":"article","og_title":"Tintes artificiales perjudiciales para los cereales de Kellogg: una encuesta de Texas se abri\u00f3 - Consejos - Santa Catarina","og_description":"El fiscal general de Texas ha comenzado una investigaci\u00f3n sobre Kellogg&#8217;s para el uso de tintes artificiales peligrosos en sus cereales, acusando a la compa\u00f1\u00eda","og_url":"https:\/\/stacatarina.mx\/consejos\/tintes-artificiales-perjudiciales-para-los-cereales-de-kellogg-una-encuesta-de-texas-se-abrio\/","og_site_name":"Santa Catarina","article_publisher":"https:\/\/www.facebook.com\/stacatarinagob\/","article_published_time":"2025-04-10T16:24:11+00:00","article_modified_time":"2025-04-10T16:24:12+00:00","og_image":[{"width":1500,"height":1000,"url":"https:\/\/stacatarina.mx\/consejos\/wp-content\/uploads\/2025\/04\/Tintes-artificiales-perjudiciales-para-los-cereales-de-Kellogg-una-encuesta.jpg","type":"image\/jpeg"}],"author":"Pedro Mart\u00ednez","twitter_card":"summary_large_image","twitter_creator":"@stacatarinagob","twitter_site":"@stacatarinagob","twitter_misc":{"Escrito por":"Pedro Mart\u00ednez","Tiempo de lectura":"3 minutos"},"schema":{"@context":"https:\/\/schema.org","@graph":[{"@type":"Article","@id":"https:\/\/stacatarina.mx\/consejos\/tintes-artificiales-perjudiciales-para-los-cereales-de-kellogg-una-encuesta-de-texas-se-abrio\/#article","isPartOf":{"@id":"https:\/\/stacatarina.mx\/consejos\/tintes-artificiales-perjudiciales-para-los-cereales-de-kellogg-una-encuesta-de-texas-se-abrio\/"},"author":{"name":"Pedro Mart\u00ednez","@id":"https:\/\/stacatarina.mx\/consejos\/#\/schema\/person\/0be60adffa8e4c4d0828fdf021450e8a"},"headline":"Tintes artificiales perjudiciales para los cereales de Kellogg: una encuesta de Texas se abri\u00f3","datePublished":"2025-04-10T16:24:11+00:00","dateModified":"2025-04-10T16:24:12+00:00","mainEntityOfPage":{"@id":"https:\/\/stacatarina.mx\/consejos\/tintes-artificiales-perjudiciales-para-los-cereales-de-kellogg-una-encuesta-de-texas-se-abrio\/"},"wordCount":623,"publisher":{"@id":"https:\/\/stacatarina.mx\/consejos\/#organization"},"image":{"@id":"https:\/\/stacatarina.mx\/consejos\/tintes-artificiales-perjudiciales-para-los-cereales-de-kellogg-una-encuesta-de-texas-se-abrio\/#primaryimage"},"thumbnailUrl":"https:\/\/stacatarina.mx\/consejos\/wp-content\/uploads\/2025\/04\/Tintes-artificiales-perjudiciales-para-los-cereales-de-Kellogg-una-encuesta.jpg","keywords":["abri\u00f3","artificiales","cereales","encuesta","Kellogg","los","para","perjudiciales","Texas","tintes","una"],"articleSection":["Salud"],"inLanguage":"es"},{"@type":"WebPage","@id":"https:\/\/stacatarina.mx\/consejos\/tintes-artificiales-perjudiciales-para-los-cereales-de-kellogg-una-encuesta-de-texas-se-abrio\/","url":"https:\/\/stacatarina.mx\/consejos\/tintes-artificiales-perjudiciales-para-los-cereales-de-kellogg-una-encuesta-de-texas-se-abrio\/","name":"Tintes artificiales perjudiciales para los cereales de Kellogg: una encuesta de Texas se abri\u00f3 - Consejos - Santa Catarina","isPartOf":{"@id":"https:\/\/stacatarina.mx\/consejos\/#website"},"primaryImageOfPage":{"@id":"https:\/\/stacatarina.mx\/consejos\/tintes-artificiales-perjudiciales-para-los-cereales-de-kellogg-una-encuesta-de-texas-se-abrio\/#primaryimage"},"image":{"@id":"https:\/\/stacatarina.mx\/consejos\/tintes-artificiales-perjudiciales-para-los-cereales-de-kellogg-una-encuesta-de-texas-se-abrio\/#primaryimage"},"thumbnailUrl":"https:\/\/stacatarina.mx\/consejos\/wp-content\/uploads\/2025\/04\/Tintes-artificiales-perjudiciales-para-los-cereales-de-Kellogg-una-encuesta.jpg","datePublished":"2025-04-10T16:24:11+00:00","dateModified":"2025-04-10T16:24:12+00:00","breadcrumb":{"@id":"https:\/\/stacatarina.mx\/consejos\/tintes-artificiales-perjudiciales-para-los-cereales-de-kellogg-una-encuesta-de-texas-se-abrio\/#breadcrumb"},"inLanguage":"es","potentialAction":[{"@type":"ReadAction","target":["https:\/\/stacatarina.mx\/consejos\/tintes-artificiales-perjudiciales-para-los-cereales-de-kellogg-una-encuesta-de-texas-se-abrio\/"]}]},{"@type":"ImageObject","inLanguage":"es","@id":"https:\/\/stacatarina.mx\/consejos\/tintes-artificiales-perjudiciales-para-los-cereales-de-kellogg-una-encuesta-de-texas-se-abrio\/#primaryimage","url":"https:\/\/stacatarina.mx\/consejos\/wp-content\/uploads\/2025\/04\/Tintes-artificiales-perjudiciales-para-los-cereales-de-Kellogg-una-encuesta.jpg","contentUrl":"https:\/\/stacatarina.mx\/consejos\/wp-content\/uploads\/2025\/04\/Tintes-artificiales-perjudiciales-para-los-cereales-de-Kellogg-una-encuesta.jpg","width":1500,"height":1000,"caption":"cereali colazione kellogg"},{"@type":"BreadcrumbList","@id":"https:\/\/stacatarina.mx\/consejos\/tintes-artificiales-perjudiciales-para-los-cereales-de-kellogg-una-encuesta-de-texas-se-abrio\/#breadcrumb","itemListElement":[{"@type":"ListItem","position":1,"name":"Inicio","item":"https:\/\/stacatarina.mx\/consejos\/"},{"@type":"ListItem","position":2,"name":"Tintes artificiales perjudiciales para los cereales de Kellogg: una encuesta de Texas se abri\u00f3"}]},{"@type":"WebSite","@id":"https:\/\/stacatarina.mx\/consejos\/#website","url":"https:\/\/stacatarina.mx\/consejos\/","name":"Santa Catarina","description":"","publisher":{"@id":"https:\/\/stacatarina.mx\/consejos\/#organization"},"potentialAction":[{"@type":"SearchAction","target":{"@type":"EntryPoint","urlTemplate":"https:\/\/stacatarina.mx\/consejos\/?s={search_term_string}"},"query-input":{"@type":"PropertyValueSpecification","valueRequired":true,"valueName":"search_term_string"}}],"inLanguage":"es"},{"@type":"Organization","@id":"https:\/\/stacatarina.mx\/consejos\/#organization","name":"Santa Catarina","url":"https:\/\/stacatarina.mx\/consejos\/","logo":{"@type":"ImageObject","inLanguage":"es","@id":"https:\/\/stacatarina.mx\/consejos\/#\/schema\/logo\/image\/","url":"https:\/\/stacatarina.mx\/consejos\/wp-content\/uploads\/2024\/09\/cropped-favicon-1-1.png","contentUrl":"https:\/\/stacatarina.mx\/consejos\/wp-content\/uploads\/2024\/09\/cropped-favicon-1-1.png","width":512,"height":512,"caption":"Santa Catarina"},"image":{"@id":"https:\/\/stacatarina.mx\/consejos\/#\/schema\/logo\/image\/"},"sameAs":["https:\/\/www.facebook.com\/stacatarinagob\/","https:\/\/x.com\/stacatarinagob","https:\/\/www.instagram.com\/stacatarinagob\/","https:\/\/www.youtube.com\/channel\/UCK-6cQJL_904665N1_nLTWw"]},{"@type":"Person","@id":"https:\/\/stacatarina.mx\/consejos\/#\/schema\/person\/0be60adffa8e4c4d0828fdf021450e8a","name":"Pedro Mart\u00ednez","image":{"@type":"ImageObject","inLanguage":"es","@id":"https:\/\/stacatarina.mx\/consejos\/#\/schema\/person\/image\/","url":"https:\/\/stacatarina.mx\/consejos\/wp-content\/uploads\/2024\/09\/stacatarina.jpg","contentUrl":"https:\/\/stacatarina.mx\/consejos\/wp-content\/uploads\/2024\/09\/stacatarina.jpg","caption":"Pedro Mart\u00ednez"},"description":"Hola, soy Pedro Mart\u00ednez, redactor jefe del sitio oficial del ayuntamiento de Santa Catarina, en M\u00e9xico. Con m\u00e1s de diez a\u00f1os de experiencia en el periodismo local, tengo una pasi\u00f3n por la investigaci\u00f3n y la difusi\u00f3n de informaci\u00f3n que valoriza nuestra hermosa comunidad. Mi compromiso es hacer de Santa Catarina una referencia en materia de transparencia y comunicaci\u00f3n municipal.","sameAs":["https:\/\/stacatarina.mx\/"]}]}},"_links":{"self":[{"href":"https:\/\/stacatarina.mx\/consejos\/wp-json\/wp\/v2\/posts\/3470"}],"collection":[{"href":"https:\/\/stacatarina.mx\/consejos\/wp-json\/wp\/v2\/posts"}],"about":[{"href":"https:\/\/stacatarina.mx\/consejos\/wp-json\/wp\/v2\/types\/post"}],"author":[{"embeddable":true,"href":"https:\/\/stacatarina.mx\/consejos\/wp-json\/wp\/v2\/users\/1"}],"replies":[{"embeddable":true,"href":"https:\/\/stacatarina.mx\/consejos\/wp-json\/wp\/v2\/comments?post=3470"}],"version-history":[{"count":1,"href":"https:\/\/stacatarina.mx\/consejos\/wp-json\/wp\/v2\/posts\/3470\/revisions"}],"predecessor-version":[{"id":3472,"href":"https:\/\/stacatarina.mx\/consejos\/wp-json\/wp\/v2\/posts\/3470\/revisions\/3472"}],"wp:featuredmedia":[{"embeddable":true,"href":"https:\/\/stacatarina.mx\/consejos\/wp-json\/wp\/v2\/media\/3471"}],"wp:attachment":[{"href":"https:\/\/stacatarina.mx\/consejos\/wp-json\/wp\/v2\/media?parent=3470"}],"wp:term":[{"taxonomy":"category","embeddable":true,"href":"https:\/\/stacatarina.mx\/consejos\/wp-json\/wp\/v2\/categories?post=3470"},{"taxonomy":"post_tag","embeddable":true,"href":"https:\/\/stacatarina.mx\/consejos\/wp-json\/wp\/v2\/tags?post=3470"}],"curies":[{"name":"wp","href":"https:\/\/api.w.org\/{rel}","templated":true}]}}