{"id":3497,"date":"2025-04-11T16:24:07","date_gmt":"2025-04-11T22:24:07","guid":{"rendered":"https:\/\/stacatarina.mx\/consejos\/no-coma-alimentos-empaquetados-en-plastico-causan-un-efecto-secundario-peligroso-esto-es-lo-que-necesita-saber\/"},"modified":"2025-04-11T16:24:08","modified_gmt":"2025-04-11T22:24:08","slug":"no-coma-alimentos-empaquetados-en-plastico-causan-un-efecto-secundario-peligroso-esto-es-lo-que-necesita-saber","status":"publish","type":"post","link":"https:\/\/stacatarina.mx\/consejos\/no-coma-alimentos-empaquetados-en-plastico-causan-un-efecto-secundario-peligroso-esto-es-lo-que-necesita-saber\/","title":{"rendered":"No coma alimentos empaquetados en pl\u00e1stico: causan un efecto secundario peligroso (esto es lo que necesita saber)"},"content":{"rendered":"<p class=\"single-abstract\">\n<p>\t\t\t\t\t\t\t\t\t\t\t\t\t\t\t\t\tUn estudio de Oxford ha descubierto c\u00f3mo los sobres de pl\u00e1stico pueden contribuir a la propagaci\u00f3n de superbatters resistentes a los antibi\u00f3ticos, favoreciendo su mutaci\u00f3n\t\t\t\t\t\t\t\t\t\t\t\t\t\t\t<\/p>\n<div class=\"daily-video\" style=\"display: none;\"><\/div>\n<div class=\"wrapper-player\" style=\"display: none; margin-bottom: 15px;\">\n<div id=\"daily-player\" style=\"position: relative; max-width: 100%;\" class=\"video-content\"><\/div>\n<\/p><\/div>\n<div class=\"image-wrapper featured-image no-lazy\" id=\"featured-image\"><\/div>\n<p>Un nuevo <strong>Estudio de la Universidad de Oxford<\/strong>dirigido por el profesor Timothy Walsh, encendi\u00f3 el centro de atenci\u00f3n en un posible <strong>Enlace entre los micropl\u00e1sticos y la difusi\u00f3n de superbatters resistentes a los antibi\u00f3ticos<\/strong>. La investigaci\u00f3n, que es parte de la creciente alarma ambiental y de salud vinculada al pl\u00e1stico, sugiere que los peque\u00f1os fragmentos que se derivan de objetos de uso com\u00fan, como <strong>bolsas de compras o envases de comida<\/strong> &#8211; no solo se acumulan en el medio ambiente, sino que tambi\u00e9n pueden <strong>Promover la mutaci\u00f3n de bacterias<\/strong>haci\u00e9ndolos m\u00e1s peligrosos para el hombre.<\/p>\n<p>Estos <strong>part\u00edculas microsc\u00f3picas<\/strong>a menudo m\u00e1s bajo que <strong>2.5 micr\u00f3metros<\/strong>tener \u00e9xito en <strong>penetrar el cuerpo humano<\/strong> A trav\u00e9s del aire, el agua potable y la cadena alimentaria. Una vez dentro del cuerpo, los micropl\u00e1sticos pueden <strong>absorber antibi\u00f3ticos en el medio ambiente<\/strong> y act\u00fae como un veh\u00edculo para su exposici\u00f3n a bajas dosis en bacterias. Este fen\u00f3meno puede inducir uno <strong>Resistencia progresiva a las drogas<\/strong>transformando bacterias comunes en posibles asesinos que son dif\u00edciles de tratar.<\/p>\n<h2>Aumenta hasta 200 veces el riesgo de difusi\u00f3n de superbacterias<\/h2>\n<p>El estudio tambi\u00e9n destaca c\u00f3mo algunos tipos de pl\u00e1stico muy populares, como <strong>Pe, pp, ps y mascota<\/strong>son capaces de alentar la formaci\u00f3n de <strong>bacteriano bacifilm<\/strong>comunidades reales de bacterias que viven adhiri\u00e9ndose a las superficies y que lo facilitan <strong>intercambio de genes de resistencia<\/strong> <strong>entre microorganismos<\/strong>.<\/p>\n<aside style=\"margin: 8px auto; text-align: center; display: block; clear: both;\">\n<div id=\"gpt-passback\">\n<\/div>\n<\/aside>\n<p>Este entorno protegido permite que las bacterias se adapten a <strong>sobrevivir a los antibi\u00f3ticos<\/strong>hasta multiplicar en formas m\u00e1s resistentes. Los cient\u00edficos incluso hablan de un mayor riesgo hasta <strong>200 veces en la difusi\u00f3n de Superbatteri<\/strong> Vinculado a la presencia de micropl\u00e1sticos.<\/p>\n<p>El estudio de Oxford, por lo tanto, invita a una reflexi\u00f3n seria sobre el<strong>Uso diario de pl\u00e1stico<\/strong>particularmente en el sector alimentario, y en la necesidad de <strong>acciones coordinadas<\/strong> a nivel mundial. Reducir el pl\u00e1stico desechable, fomentar materiales alternativos y promover un <strong>Uso consciente de antibi\u00f3ticos<\/strong> Son pasos fundamentales para contrarrestar esta alarma invisible que pone en riesgo la salud p\u00fablica.<\/p>\n<\/p>\n<aside style=\"margin: 8px auto; display: flex; justify-content: center; min-height: 251px;\">\n<div id=\"div-gpt-ad-MPU_Bottom_1\" style=\"min-width: 300px; min-height: 252px;\">\n<\/div>\n<\/aside>\n","protected":false},"excerpt":{"rendered":"<p>Un estudio de Oxford ha descubierto c\u00f3mo los sobres de pl\u00e1stico pueden contribuir a la propagaci\u00f3n de superbatters resistentes a los antibi\u00f3ticos, favoreciendo su mutaci\u00f3n<\/p>\n","protected":false},"author":1,"featured_media":3498,"comment_status":"closed","ping_status":"","sticky":false,"template":"","format":"standard","meta":{"footnotes":""},"categories":[762],"tags":[797,2789,3205,824,4425,848,3738,3674,836,1752,2589],"class_list":["post-3497","post","type-post","status-publish","format-standard","has-post-thumbnail","hentry","category-salud","tag-alimentos","tag-causan","tag-coma","tag-efecto","tag-empaquetados","tag-esto","tag-necesita","tag-peligroso","tag-plastico","tag-saber","tag-secundario","generate-columns","tablet-grid-50","mobile-grid-100","grid-parent","grid-50"],"yoast_head":"<!-- This site is optimized with the Yoast SEO plugin v23.4 - https:\/\/yoast.com\/wordpress\/plugins\/seo\/ -->\n<title>No coma alimentos empaquetados en pl\u00e1stico: causan un efecto secundario peligroso (esto es lo que necesita saber) - Consejos - Santa Catarina<\/title>\n<meta name=\"robots\" content=\"index, follow, max-snippet:-1, max-image-preview:large, max-video-preview:-1\" \/>\n<link rel=\"canonical\" href=\"https:\/\/stacatarina.mx\/consejos\/no-coma-alimentos-empaquetados-en-plastico-causan-un-efecto-secundario-peligroso-esto-es-lo-que-necesita-saber\/\" \/>\n<meta property=\"og:locale\" content=\"es_MX\" \/>\n<meta property=\"og:type\" content=\"article\" \/>\n<meta property=\"og:title\" content=\"No coma alimentos empaquetados en pl\u00e1stico: causan un efecto secundario peligroso (esto es lo que necesita saber) - Consejos - Santa Catarina\" \/>\n<meta property=\"og:description\" content=\"Un estudio de Oxford ha descubierto c\u00f3mo los sobres de pl\u00e1stico pueden contribuir a la propagaci\u00f3n de superbatters resistentes a los antibi\u00f3ticos, favoreciendo su mutaci\u00f3n\" \/>\n<meta property=\"og:url\" content=\"https:\/\/stacatarina.mx\/consejos\/no-coma-alimentos-empaquetados-en-plastico-causan-un-efecto-secundario-peligroso-esto-es-lo-que-necesita-saber\/\" \/>\n<meta property=\"og:site_name\" content=\"Santa Catarina\" \/>\n<meta property=\"article:publisher\" content=\"https:\/\/www.facebook.com\/stacatarinagob\/\" \/>\n<meta property=\"article:published_time\" content=\"2025-04-11T22:24:07+00:00\" \/>\n<meta property=\"article:modified_time\" content=\"2025-04-11T22:24:08+00:00\" \/>\n<meta property=\"og:image\" content=\"https:\/\/stacatarina.mx\/consejos\/wp-content\/uploads\/2025\/04\/No-coma-alimentos-empaquetados-en-plastico-causan-un-efecto-secundario.jpg\" \/>\n\t<meta property=\"og:image:width\" content=\"1500\" \/>\n\t<meta property=\"og:image:height\" content=\"1000\" \/>\n\t<meta property=\"og:image:type\" content=\"image\/jpeg\" \/>\n<meta name=\"author\" content=\"Pedro Mart\u00ednez\" \/>\n<meta name=\"twitter:card\" content=\"summary_large_image\" \/>\n<meta name=\"twitter:creator\" content=\"@stacatarinagob\" \/>\n<meta name=\"twitter:site\" content=\"@stacatarinagob\" \/>\n<meta name=\"twitter:label1\" content=\"Escrito por\" \/>\n\t<meta name=\"twitter:data1\" content=\"Pedro Mart\u00ednez\" \/>\n\t<meta name=\"twitter:label2\" content=\"Tiempo de lectura\" \/>\n\t<meta name=\"twitter:data2\" content=\"2 minutos\" \/>\n<script type=\"application\/ld+json\" class=\"yoast-schema-graph\">{\"@context\":\"https:\/\/schema.org\",\"@graph\":[{\"@type\":\"Article\",\"@id\":\"https:\/\/stacatarina.mx\/consejos\/no-coma-alimentos-empaquetados-en-plastico-causan-un-efecto-secundario-peligroso-esto-es-lo-que-necesita-saber\/#article\",\"isPartOf\":{\"@id\":\"https:\/\/stacatarina.mx\/consejos\/no-coma-alimentos-empaquetados-en-plastico-causan-un-efecto-secundario-peligroso-esto-es-lo-que-necesita-saber\/\"},\"author\":{\"name\":\"Pedro Mart\u00ednez\",\"@id\":\"https:\/\/stacatarina.mx\/consejos\/#\/schema\/person\/0be60adffa8e4c4d0828fdf021450e8a\"},\"headline\":\"No coma alimentos empaquetados en pl\u00e1stico: causan un efecto secundario peligroso (esto es lo que necesita saber)\",\"datePublished\":\"2025-04-11T22:24:07+00:00\",\"dateModified\":\"2025-04-11T22:24:08+00:00\",\"mainEntityOfPage\":{\"@id\":\"https:\/\/stacatarina.mx\/consejos\/no-coma-alimentos-empaquetados-en-plastico-causan-un-efecto-secundario-peligroso-esto-es-lo-que-necesita-saber\/\"},\"wordCount\":408,\"publisher\":{\"@id\":\"https:\/\/stacatarina.mx\/consejos\/#organization\"},\"image\":{\"@id\":\"https:\/\/stacatarina.mx\/consejos\/no-coma-alimentos-empaquetados-en-plastico-causan-un-efecto-secundario-peligroso-esto-es-lo-que-necesita-saber\/#primaryimage\"},\"thumbnailUrl\":\"https:\/\/stacatarina.mx\/consejos\/wp-content\/uploads\/2025\/04\/No-coma-alimentos-empaquetados-en-plastico-causan-un-efecto-secundario.jpg\",\"keywords\":[\"alimentos\",\"causan\",\"Coma\",\"efecto\",\"empaquetados\",\"esto\",\"necesita\",\"peligroso\",\"pl\u00e1stico\",\"saber\",\"secundario\"],\"articleSection\":[\"Salud\"],\"inLanguage\":\"es\"},{\"@type\":\"WebPage\",\"@id\":\"https:\/\/stacatarina.mx\/consejos\/no-coma-alimentos-empaquetados-en-plastico-causan-un-efecto-secundario-peligroso-esto-es-lo-que-necesita-saber\/\",\"url\":\"https:\/\/stacatarina.mx\/consejos\/no-coma-alimentos-empaquetados-en-plastico-causan-un-efecto-secundario-peligroso-esto-es-lo-que-necesita-saber\/\",\"name\":\"No coma alimentos empaquetados en pl\u00e1stico: causan un efecto secundario peligroso (esto es lo que necesita saber) - Consejos - Santa Catarina\",\"isPartOf\":{\"@id\":\"https:\/\/stacatarina.mx\/consejos\/#website\"},\"primaryImageOfPage\":{\"@id\":\"https:\/\/stacatarina.mx\/consejos\/no-coma-alimentos-empaquetados-en-plastico-causan-un-efecto-secundario-peligroso-esto-es-lo-que-necesita-saber\/#primaryimage\"},\"image\":{\"@id\":\"https:\/\/stacatarina.mx\/consejos\/no-coma-alimentos-empaquetados-en-plastico-causan-un-efecto-secundario-peligroso-esto-es-lo-que-necesita-saber\/#primaryimage\"},\"thumbnailUrl\":\"https:\/\/stacatarina.mx\/consejos\/wp-content\/uploads\/2025\/04\/No-coma-alimentos-empaquetados-en-plastico-causan-un-efecto-secundario.jpg\",\"datePublished\":\"2025-04-11T22:24:07+00:00\",\"dateModified\":\"2025-04-11T22:24:08+00:00\",\"breadcrumb\":{\"@id\":\"https:\/\/stacatarina.mx\/consejos\/no-coma-alimentos-empaquetados-en-plastico-causan-un-efecto-secundario-peligroso-esto-es-lo-que-necesita-saber\/#breadcrumb\"},\"inLanguage\":\"es\",\"potentialAction\":[{\"@type\":\"ReadAction\",\"target\":[\"https:\/\/stacatarina.mx\/consejos\/no-coma-alimentos-empaquetados-en-plastico-causan-un-efecto-secundario-peligroso-esto-es-lo-que-necesita-saber\/\"]}]},{\"@type\":\"ImageObject\",\"inLanguage\":\"es\",\"@id\":\"https:\/\/stacatarina.mx\/consejos\/no-coma-alimentos-empaquetados-en-plastico-causan-un-efecto-secundario-peligroso-esto-es-lo-que-necesita-saber\/#primaryimage\",\"url\":\"https:\/\/stacatarina.mx\/consejos\/wp-content\/uploads\/2025\/04\/No-coma-alimentos-empaquetados-en-plastico-causan-un-efecto-secundario.jpg\",\"contentUrl\":\"https:\/\/stacatarina.mx\/consejos\/wp-content\/uploads\/2025\/04\/No-coma-alimentos-empaquetados-en-plastico-causan-un-efecto-secundario.jpg\",\"width\":1500,\"height\":1000,\"caption\":\"Alimenti confezionati plastica\"},{\"@type\":\"BreadcrumbList\",\"@id\":\"https:\/\/stacatarina.mx\/consejos\/no-coma-alimentos-empaquetados-en-plastico-causan-un-efecto-secundario-peligroso-esto-es-lo-que-necesita-saber\/#breadcrumb\",\"itemListElement\":[{\"@type\":\"ListItem\",\"position\":1,\"name\":\"Inicio\",\"item\":\"https:\/\/stacatarina.mx\/consejos\/\"},{\"@type\":\"ListItem\",\"position\":2,\"name\":\"No coma alimentos empaquetados en pl\u00e1stico: causan un efecto secundario peligroso (esto es lo que necesita saber)\"}]},{\"@type\":\"WebSite\",\"@id\":\"https:\/\/stacatarina.mx\/consejos\/#website\",\"url\":\"https:\/\/stacatarina.mx\/consejos\/\",\"name\":\"Santa Catarina\",\"description\":\"\",\"publisher\":{\"@id\":\"https:\/\/stacatarina.mx\/consejos\/#organization\"},\"potentialAction\":[{\"@type\":\"SearchAction\",\"target\":{\"@type\":\"EntryPoint\",\"urlTemplate\":\"https:\/\/stacatarina.mx\/consejos\/?s={search_term_string}\"},\"query-input\":{\"@type\":\"PropertyValueSpecification\",\"valueRequired\":true,\"valueName\":\"search_term_string\"}}],\"inLanguage\":\"es\"},{\"@type\":\"Organization\",\"@id\":\"https:\/\/stacatarina.mx\/consejos\/#organization\",\"name\":\"Santa Catarina\",\"url\":\"https:\/\/stacatarina.mx\/consejos\/\",\"logo\":{\"@type\":\"ImageObject\",\"inLanguage\":\"es\",\"@id\":\"https:\/\/stacatarina.mx\/consejos\/#\/schema\/logo\/image\/\",\"url\":\"https:\/\/stacatarina.mx\/consejos\/wp-content\/uploads\/2024\/09\/cropped-favicon-1-1.png\",\"contentUrl\":\"https:\/\/stacatarina.mx\/consejos\/wp-content\/uploads\/2024\/09\/cropped-favicon-1-1.png\",\"width\":512,\"height\":512,\"caption\":\"Santa Catarina\"},\"image\":{\"@id\":\"https:\/\/stacatarina.mx\/consejos\/#\/schema\/logo\/image\/\"},\"sameAs\":[\"https:\/\/www.facebook.com\/stacatarinagob\/\",\"https:\/\/x.com\/stacatarinagob\",\"https:\/\/www.instagram.com\/stacatarinagob\/\",\"https:\/\/www.youtube.com\/channel\/UCK-6cQJL_904665N1_nLTWw\"]},{\"@type\":\"Person\",\"@id\":\"https:\/\/stacatarina.mx\/consejos\/#\/schema\/person\/0be60adffa8e4c4d0828fdf021450e8a\",\"name\":\"Pedro Mart\u00ednez\",\"image\":{\"@type\":\"ImageObject\",\"inLanguage\":\"es\",\"@id\":\"https:\/\/stacatarina.mx\/consejos\/#\/schema\/person\/image\/\",\"url\":\"https:\/\/stacatarina.mx\/consejos\/wp-content\/uploads\/2024\/09\/stacatarina.jpg\",\"contentUrl\":\"https:\/\/stacatarina.mx\/consejos\/wp-content\/uploads\/2024\/09\/stacatarina.jpg\",\"caption\":\"Pedro Mart\u00ednez\"},\"description\":\"Hola, soy Pedro Mart\u00ednez, redactor jefe del sitio oficial del ayuntamiento de Santa Catarina, en M\u00e9xico. Con m\u00e1s de diez a\u00f1os de experiencia en el periodismo local, tengo una pasi\u00f3n por la investigaci\u00f3n y la difusi\u00f3n de informaci\u00f3n que valoriza nuestra hermosa comunidad. Mi compromiso es hacer de Santa Catarina una referencia en materia de transparencia y comunicaci\u00f3n municipal.\",\"sameAs\":[\"https:\/\/stacatarina.mx\/\"]}]}<\/script>\n<!-- \/ Yoast SEO plugin. -->","yoast_head_json":{"title":"No coma alimentos empaquetados en pl\u00e1stico: causan un efecto secundario peligroso (esto es lo que necesita saber) - Consejos - Santa Catarina","robots":{"index":"index","follow":"follow","max-snippet":"max-snippet:-1","max-image-preview":"max-image-preview:large","max-video-preview":"max-video-preview:-1"},"canonical":"https:\/\/stacatarina.mx\/consejos\/no-coma-alimentos-empaquetados-en-plastico-causan-un-efecto-secundario-peligroso-esto-es-lo-que-necesita-saber\/","og_locale":"es_MX","og_type":"article","og_title":"No coma alimentos empaquetados en pl\u00e1stico: causan un efecto secundario peligroso (esto es lo que necesita saber) - Consejos - Santa Catarina","og_description":"Un estudio de Oxford ha descubierto c\u00f3mo los sobres de pl\u00e1stico pueden contribuir a la propagaci\u00f3n de superbatters resistentes a los antibi\u00f3ticos, favoreciendo su mutaci\u00f3n","og_url":"https:\/\/stacatarina.mx\/consejos\/no-coma-alimentos-empaquetados-en-plastico-causan-un-efecto-secundario-peligroso-esto-es-lo-que-necesita-saber\/","og_site_name":"Santa Catarina","article_publisher":"https:\/\/www.facebook.com\/stacatarinagob\/","article_published_time":"2025-04-11T22:24:07+00:00","article_modified_time":"2025-04-11T22:24:08+00:00","og_image":[{"width":1500,"height":1000,"url":"https:\/\/stacatarina.mx\/consejos\/wp-content\/uploads\/2025\/04\/No-coma-alimentos-empaquetados-en-plastico-causan-un-efecto-secundario.jpg","type":"image\/jpeg"}],"author":"Pedro Mart\u00ednez","twitter_card":"summary_large_image","twitter_creator":"@stacatarinagob","twitter_site":"@stacatarinagob","twitter_misc":{"Escrito por":"Pedro Mart\u00ednez","Tiempo de lectura":"2 minutos"},"schema":{"@context":"https:\/\/schema.org","@graph":[{"@type":"Article","@id":"https:\/\/stacatarina.mx\/consejos\/no-coma-alimentos-empaquetados-en-plastico-causan-un-efecto-secundario-peligroso-esto-es-lo-que-necesita-saber\/#article","isPartOf":{"@id":"https:\/\/stacatarina.mx\/consejos\/no-coma-alimentos-empaquetados-en-plastico-causan-un-efecto-secundario-peligroso-esto-es-lo-que-necesita-saber\/"},"author":{"name":"Pedro Mart\u00ednez","@id":"https:\/\/stacatarina.mx\/consejos\/#\/schema\/person\/0be60adffa8e4c4d0828fdf021450e8a"},"headline":"No coma alimentos empaquetados en pl\u00e1stico: causan un efecto secundario peligroso (esto es lo que necesita saber)","datePublished":"2025-04-11T22:24:07+00:00","dateModified":"2025-04-11T22:24:08+00:00","mainEntityOfPage":{"@id":"https:\/\/stacatarina.mx\/consejos\/no-coma-alimentos-empaquetados-en-plastico-causan-un-efecto-secundario-peligroso-esto-es-lo-que-necesita-saber\/"},"wordCount":408,"publisher":{"@id":"https:\/\/stacatarina.mx\/consejos\/#organization"},"image":{"@id":"https:\/\/stacatarina.mx\/consejos\/no-coma-alimentos-empaquetados-en-plastico-causan-un-efecto-secundario-peligroso-esto-es-lo-que-necesita-saber\/#primaryimage"},"thumbnailUrl":"https:\/\/stacatarina.mx\/consejos\/wp-content\/uploads\/2025\/04\/No-coma-alimentos-empaquetados-en-plastico-causan-un-efecto-secundario.jpg","keywords":["alimentos","causan","Coma","efecto","empaquetados","esto","necesita","peligroso","pl\u00e1stico","saber","secundario"],"articleSection":["Salud"],"inLanguage":"es"},{"@type":"WebPage","@id":"https:\/\/stacatarina.mx\/consejos\/no-coma-alimentos-empaquetados-en-plastico-causan-un-efecto-secundario-peligroso-esto-es-lo-que-necesita-saber\/","url":"https:\/\/stacatarina.mx\/consejos\/no-coma-alimentos-empaquetados-en-plastico-causan-un-efecto-secundario-peligroso-esto-es-lo-que-necesita-saber\/","name":"No coma alimentos empaquetados en pl\u00e1stico: causan un efecto secundario peligroso (esto es lo que necesita saber) - Consejos - Santa Catarina","isPartOf":{"@id":"https:\/\/stacatarina.mx\/consejos\/#website"},"primaryImageOfPage":{"@id":"https:\/\/stacatarina.mx\/consejos\/no-coma-alimentos-empaquetados-en-plastico-causan-un-efecto-secundario-peligroso-esto-es-lo-que-necesita-saber\/#primaryimage"},"image":{"@id":"https:\/\/stacatarina.mx\/consejos\/no-coma-alimentos-empaquetados-en-plastico-causan-un-efecto-secundario-peligroso-esto-es-lo-que-necesita-saber\/#primaryimage"},"thumbnailUrl":"https:\/\/stacatarina.mx\/consejos\/wp-content\/uploads\/2025\/04\/No-coma-alimentos-empaquetados-en-plastico-causan-un-efecto-secundario.jpg","datePublished":"2025-04-11T22:24:07+00:00","dateModified":"2025-04-11T22:24:08+00:00","breadcrumb":{"@id":"https:\/\/stacatarina.mx\/consejos\/no-coma-alimentos-empaquetados-en-plastico-causan-un-efecto-secundario-peligroso-esto-es-lo-que-necesita-saber\/#breadcrumb"},"inLanguage":"es","potentialAction":[{"@type":"ReadAction","target":["https:\/\/stacatarina.mx\/consejos\/no-coma-alimentos-empaquetados-en-plastico-causan-un-efecto-secundario-peligroso-esto-es-lo-que-necesita-saber\/"]}]},{"@type":"ImageObject","inLanguage":"es","@id":"https:\/\/stacatarina.mx\/consejos\/no-coma-alimentos-empaquetados-en-plastico-causan-un-efecto-secundario-peligroso-esto-es-lo-que-necesita-saber\/#primaryimage","url":"https:\/\/stacatarina.mx\/consejos\/wp-content\/uploads\/2025\/04\/No-coma-alimentos-empaquetados-en-plastico-causan-un-efecto-secundario.jpg","contentUrl":"https:\/\/stacatarina.mx\/consejos\/wp-content\/uploads\/2025\/04\/No-coma-alimentos-empaquetados-en-plastico-causan-un-efecto-secundario.jpg","width":1500,"height":1000,"caption":"Alimenti confezionati plastica"},{"@type":"BreadcrumbList","@id":"https:\/\/stacatarina.mx\/consejos\/no-coma-alimentos-empaquetados-en-plastico-causan-un-efecto-secundario-peligroso-esto-es-lo-que-necesita-saber\/#breadcrumb","itemListElement":[{"@type":"ListItem","position":1,"name":"Inicio","item":"https:\/\/stacatarina.mx\/consejos\/"},{"@type":"ListItem","position":2,"name":"No coma alimentos empaquetados en pl\u00e1stico: causan un efecto secundario peligroso (esto es lo que necesita saber)"}]},{"@type":"WebSite","@id":"https:\/\/stacatarina.mx\/consejos\/#website","url":"https:\/\/stacatarina.mx\/consejos\/","name":"Santa Catarina","description":"","publisher":{"@id":"https:\/\/stacatarina.mx\/consejos\/#organization"},"potentialAction":[{"@type":"SearchAction","target":{"@type":"EntryPoint","urlTemplate":"https:\/\/stacatarina.mx\/consejos\/?s={search_term_string}"},"query-input":{"@type":"PropertyValueSpecification","valueRequired":true,"valueName":"search_term_string"}}],"inLanguage":"es"},{"@type":"Organization","@id":"https:\/\/stacatarina.mx\/consejos\/#organization","name":"Santa Catarina","url":"https:\/\/stacatarina.mx\/consejos\/","logo":{"@type":"ImageObject","inLanguage":"es","@id":"https:\/\/stacatarina.mx\/consejos\/#\/schema\/logo\/image\/","url":"https:\/\/stacatarina.mx\/consejos\/wp-content\/uploads\/2024\/09\/cropped-favicon-1-1.png","contentUrl":"https:\/\/stacatarina.mx\/consejos\/wp-content\/uploads\/2024\/09\/cropped-favicon-1-1.png","width":512,"height":512,"caption":"Santa Catarina"},"image":{"@id":"https:\/\/stacatarina.mx\/consejos\/#\/schema\/logo\/image\/"},"sameAs":["https:\/\/www.facebook.com\/stacatarinagob\/","https:\/\/x.com\/stacatarinagob","https:\/\/www.instagram.com\/stacatarinagob\/","https:\/\/www.youtube.com\/channel\/UCK-6cQJL_904665N1_nLTWw"]},{"@type":"Person","@id":"https:\/\/stacatarina.mx\/consejos\/#\/schema\/person\/0be60adffa8e4c4d0828fdf021450e8a","name":"Pedro Mart\u00ednez","image":{"@type":"ImageObject","inLanguage":"es","@id":"https:\/\/stacatarina.mx\/consejos\/#\/schema\/person\/image\/","url":"https:\/\/stacatarina.mx\/consejos\/wp-content\/uploads\/2024\/09\/stacatarina.jpg","contentUrl":"https:\/\/stacatarina.mx\/consejos\/wp-content\/uploads\/2024\/09\/stacatarina.jpg","caption":"Pedro Mart\u00ednez"},"description":"Hola, soy Pedro Mart\u00ednez, redactor jefe del sitio oficial del ayuntamiento de Santa Catarina, en M\u00e9xico. Con m\u00e1s de diez a\u00f1os de experiencia en el periodismo local, tengo una pasi\u00f3n por la investigaci\u00f3n y la difusi\u00f3n de informaci\u00f3n que valoriza nuestra hermosa comunidad. Mi compromiso es hacer de Santa Catarina una referencia en materia de transparencia y comunicaci\u00f3n municipal.","sameAs":["https:\/\/stacatarina.mx\/"]}]}},"_links":{"self":[{"href":"https:\/\/stacatarina.mx\/consejos\/wp-json\/wp\/v2\/posts\/3497"}],"collection":[{"href":"https:\/\/stacatarina.mx\/consejos\/wp-json\/wp\/v2\/posts"}],"about":[{"href":"https:\/\/stacatarina.mx\/consejos\/wp-json\/wp\/v2\/types\/post"}],"author":[{"embeddable":true,"href":"https:\/\/stacatarina.mx\/consejos\/wp-json\/wp\/v2\/users\/1"}],"replies":[{"embeddable":true,"href":"https:\/\/stacatarina.mx\/consejos\/wp-json\/wp\/v2\/comments?post=3497"}],"version-history":[{"count":1,"href":"https:\/\/stacatarina.mx\/consejos\/wp-json\/wp\/v2\/posts\/3497\/revisions"}],"predecessor-version":[{"id":3499,"href":"https:\/\/stacatarina.mx\/consejos\/wp-json\/wp\/v2\/posts\/3497\/revisions\/3499"}],"wp:featuredmedia":[{"embeddable":true,"href":"https:\/\/stacatarina.mx\/consejos\/wp-json\/wp\/v2\/media\/3498"}],"wp:attachment":[{"href":"https:\/\/stacatarina.mx\/consejos\/wp-json\/wp\/v2\/media?parent=3497"}],"wp:term":[{"taxonomy":"category","embeddable":true,"href":"https:\/\/stacatarina.mx\/consejos\/wp-json\/wp\/v2\/categories?post=3497"},{"taxonomy":"post_tag","embeddable":true,"href":"https:\/\/stacatarina.mx\/consejos\/wp-json\/wp\/v2\/tags?post=3497"}],"curies":[{"name":"wp","href":"https:\/\/api.w.org\/{rel}","templated":true}]}}