{"id":3503,"date":"2025-04-12T07:24:39","date_gmt":"2025-04-12T13:24:39","guid":{"rendered":"https:\/\/stacatarina.mx\/consejos\/realizado-para-la-diabetes-juvenil-la-primera-infusion-en-italia-del-anticuerpo-que-ralentiza-su-debut\/"},"modified":"2025-04-12T07:24:40","modified_gmt":"2025-04-12T13:24:40","slug":"realizado-para-la-diabetes-juvenil-la-primera-infusion-en-italia-del-anticuerpo-que-ralentiza-su-debut","status":"publish","type":"post","link":"https:\/\/stacatarina.mx\/consejos\/realizado-para-la-diabetes-juvenil-la-primera-infusion-en-italia-del-anticuerpo-que-ralentiza-su-debut\/","title":{"rendered":"Realizado para la diabetes juvenil, la primera infusi\u00f3n en Italia del anticuerpo que ralentiza su debut"},"content":{"rendered":"<p class=\"single-abstract\">\n<p>\t\t\t\t\t\t\t\t\t\t\t\t\t\t\t\t\tPor primera vez en Italia, en el policl\u00ednico &#8216;Paolo Giaccone&#8217; en Palermo, un paciente joven de 23 a\u00f1os recibi\u00f3 la infusi\u00f3n de la teplizumab anti -Cupo, que ha demostrado ser efectiva para retrasar significativamente el debut concluido de la diabetes tipo 1, de as\u00ed como juventud. \u00bfPodr\u00eda ser realmente el punto de inflexi\u00f3n para esta patolog\u00eda?\t\t\t\t\t\t\t\t\t\t\t\t\t\t\t<\/p>\n<div class=\"daily-video\" style=\"display: none;\"><\/div>\n<div class=\"wrapper-player\" style=\"display: none; margin-bottom: 15px;\">\n<div id=\"daily-player\" style=\"position: relative; max-width: 100%;\" class=\"video-content\"><\/div>\n<\/p><\/div>\n<div class=\"image-wrapper featured-image no-lazy\" id=\"featured-image\"><\/div>\n<p><strong>Tipo 1 Mellitus Diabetes<\/strong>as\u00ed que la juventud que se les llama, podr\u00edamos estar cerca del punto de inflexi\u00f3n: un paciente joven de 23 a\u00f1os recibi\u00f3 la infusi\u00f3n de<strong>anticuerpo<\/strong> <strong><em>Teplizumab<\/em><\/strong>que ha demostrado ser efectivo para retrasar significativamente el debut en conclusi\u00f3n de la patolog\u00eda. Sucedi\u00f3, con \u00e9xito, en el <em>Policll\u00ednico &#8216;Paolo Giaccone&#8217;<\/em> de Palermo.<\/p>\n<h2><span class=\"ez-toc-section\" id=\"Il_diabete_di_tipo_1\"><\/span><strong>Diabetes tipo 1<\/strong><span class=\"ez-toc-section-end\"><\/span><\/h2>\n<p><strong>Seg\u00fan lo informado por nuestro Instituto Superior de Salud<\/strong>diabetes tipo 1 (DT1) es:<\/p>\n<blockquote>\n<p>a <strong>condici\u00f3n cr\u00f3nica<\/strong> que ocurre con un aumento en los niveles de glucosa en sangre (<strong>hiperglucemia<\/strong>) en comparaci\u00f3n con los valores normales debido a la falta de insulina por el p\u00e1ncreas<\/p>\n<\/blockquote>\n<p>La patolog\u00eda tambi\u00e9n se conoce como &#8216;<strong>diabetes juvenil<\/strong>&#8216;Para distinguirlo del tipo 2 (tambi\u00e9n llamado&#8217; del adulto &#8216;), ya que generalmente surge a una edad temprana.<\/p>\n<aside style=\"margin: 8px auto; text-align: center; display: block; clear: both;\">\n<div id=\"gpt-passback\">\n<\/div>\n<\/aside>\n<blockquote>\n<p>Los niveles de glucosa en sangre (az\u00facar en la sangre) despu\u00e9s de 8 horas de ayuno son normalmente inferiores a 100 mg\/dL, explica el diagn\u00f3stico de diabetes ISS <strong>Si el az\u00facar en la sangre en ayunas es mayor de 126 mg\/dL durante al menos dos veces<\/strong> o <strong>Si el az\u00facar en la sangre es mayor de 200 mg\/dL despu\u00e9s de la carga oral de 75 gramos de glucosa<\/strong><\/p>\n<\/blockquote>\n<p>DT1 representa <strong>Alrededor del 10% de los casos de diabetes<\/strong>y sus s\u00edntomas (la necesidad de beber con frecuencia y\/o orinar con m\u00e1s frecuencia de lo habitual, en particular por la noche, la sensaci\u00f3n de cansancio, p\u00e9rdida de peso y masa muscular) generalmente se desarrolla <strong>muy r\u00e1pidamente en los j\u00f3venes<\/strong>incluso en unos d\u00edas o semanas (mientras que en los adultos, sin embargo, la condici\u00f3n m\u00e1s rara, se manifiesta m\u00e1s lentamente, en un par de meses).<\/p>\n<p>La patolog\u00eda tambi\u00e9n se llama &#8216;diabetes o&#8217;<strong>dependiente de la insulina<\/strong>&#8216;, ya que el \u00fanico tratamiento en el momento posible es el de <strong>insulina<\/strong>.<\/p>\n<\/p>\n<h2><span class=\"ez-toc-section\" id=\"Il_nuovo_trattamento\"><\/span><strong>El nuevo tratamiento<\/strong><span class=\"ez-toc-section-end\"><\/span><\/h2>\n<p>El <strong><em>Teplizumab<\/em><\/strong>  es un <strong>Anticuerpo monoclonal &#8220;anti-CD3&#8221;<\/strong>utilizado para retrasar el inicio de la diabetes tipo 1, una patolog\u00eda que conduce a <strong>Destrucci\u00f3n de c\u00e9lulas \u03b2 pancre\u00e1ticas<\/strong> Mediado por las c\u00e9lulas T que a su vez causan p\u00e9rdida de la producci\u00f3n de insulina y, por lo tanto, al control del az\u00facar en la sangre en la sangre.<\/p>\n<aside style=\"margin: 8px auto; display: flex; justify-content: center; min-height: 251px;\">\n<div id=\"div-gpt-ad-MPU_Bottom_1\" style=\"min-width: 300px; min-height: 252px;\">\n<\/div>\n<\/aside>\n<p>La mol\u00e9cula ataca las c\u00e9lulas T, &#8220;unidas&#8221; al componente CD3, de ah\u00ed el nombre de la terapia anti-CD3, frenando as\u00ed el inicio de la enfermedad grave. En noviembre de 2022, la FDA aprob\u00f3 el teplizumab como el primer medicamento capaz de retrasar el inicio de la diabetes tipo 1.12<\/p>\n<p>La nueva terapia fue <strong>Aprobado por la Administraci\u00f3n de Alimentos y Medicamentos (FDA)<\/strong> que regula la comercializaci\u00f3n de medicamentos en los Estados Unidos, para el tratamiento de pacientes con al menos dos autoanti para diabetes y uno <strong>condici\u00f3n de asclemia<\/strong>o con un metabolismo gluc\u00eddico alterado, condici\u00f3n a menudo definida <strong>pre-diabetes<\/strong>con el objetivo <strong>Para retrasar el debut de la enfermedad completa<\/strong>.<\/p>\n<p><strong>Seg\u00fan lo informado por la Sociedad Italiana de Diabetolog\u00eda<\/strong>la droga ha estado disponible en Italia desde octubre de 2024 <strong>para uso compasivo<\/strong>es decir, en los casos en que para ciertos pacientes recomendamos usarlo antes del proceso burocr\u00e1tico de aprobaci\u00f3n por parte de los organismos reguladores (EMA a nivel europeo y AIFA a nivel nacional).<\/p>\n<div class=\"code-block code-block-10\" style=\"margin: 8px auto; display: flex; justify-content: center; min-height: 252px;\">\n<div id=\"div-gpt-ad-MPU_Bottom_2\" style=\"min-width: 300px; min-height: 253px;\">\n<\/div>\n<div id=\"taboola-widget_non_consent_300x250-4\"><\/div>\n<\/div>\n<h2><span class=\"ez-toc-section\" id=\"La_svolta_a_Palermo\"><\/span><strong>El punto de inflexi\u00f3n en Palermo<\/strong><span class=\"ez-toc-section-end\"><\/span><\/h2>\n<p>La nueva terapia fue <strong>utilizado con \u00e9xito en un paciente joven de 23 a\u00f1os<\/strong> Seg\u00fan el protocolo aprobado, o con la administraci\u00f3n intravenosa todos los d\u00edas (tiempo m\u00ednimo de 30 minutos) durante 14 d\u00edas consecutivos de una dosis proporcional a la superficie del cuerpo.<\/p>\n<blockquote>\n<p>Este \u00e9xito, por el cual agradezco a nuestro equipo m\u00e9dico y al equipo de enfermer\u00eda, dice que Giorgio Arnaldi, quien dirige el policl\u00ednico &#8216;Paolo Giaccone&#8217; de Palermo, es el resultado de un compromiso constante en la investigaci\u00f3n y la asistencia a los pacientes, y estoy orgulloso de guiar a un grupo de profesionales tan extraordinarios. Tambi\u00e9n agradezco la gesti\u00f3n del policl\u00ednico que con su apoyo constante ha hecho posible crear esta importante intervenci\u00f3n<\/p>\n<\/blockquote>\n<p>Y el \u00e9xito no es un caso &#8220;afortunado&#8221;.<\/p>\n<blockquote>\n<p>El teplizumab &#8211; De hecho, Valentina Guarnotta explica, quienes promovieron y siguieron el procedimiento necesario para obtener autorizaci\u00f3n para el uso compasivo del medicamento en el Hospital Universitario &#8211; <strong>Representa una terapia v\u00e1lida y concreta en todos aquellos pacientes con predisposici\u00f3n al inicio de la diabetes mellitus tipo 1<\/strong>gracias a su capacidad para retrasar significativamente su debut, marcando un punto de inflexi\u00f3n cient\u00edfico en el enfoque de la enfermedad. La ejecuci\u00f3n de campa\u00f1as de detecci\u00f3n ser\u00e1 esencial para la identificaci\u00f3n temprana de sujetos que podr\u00edan beneficiarse de este medicamento<\/p>\n<\/blockquote>\n<p><strong>Fuente: Policllinico &#8216;Paolo Giaccone&#8217;<\/strong><\/p><\/p>\n","protected":false},"excerpt":{"rendered":"<p>Por primera vez en Italia, en el policl\u00ednico &#8216;Paolo Giaccone&#8217; en Palermo, un paciente joven de 23 a\u00f1os recibi\u00f3 la infusi\u00f3n de la teplizumab anti<\/p>\n","protected":false},"author":1,"featured_media":3504,"comment_status":"closed","ping_status":"","sticky":false,"template":"","format":"standard","meta":{"footnotes":""},"categories":[762],"tags":[4431,4433,23,1126,4430,1062,2927,29,1113,4432,3516],"class_list":["post-3503","post","type-post","status-publish","format-standard","has-post-thumbnail","hentry","category-salud","tag-anticuerpo","tag-debut","tag-del","tag-diabetes","tag-infusion","tag-italia","tag-juvenil","tag-para","tag-primera","tag-ralentiza","tag-realizado","generate-columns","tablet-grid-50","mobile-grid-100","grid-parent","grid-50"],"yoast_head":"<!-- This site is optimized with the Yoast SEO plugin v23.4 - https:\/\/yoast.com\/wordpress\/plugins\/seo\/ -->\n<title>Realizado para la diabetes juvenil, la primera infusi\u00f3n en Italia del anticuerpo que ralentiza su debut - Consejos - Santa Catarina<\/title>\n<meta name=\"robots\" content=\"index, follow, max-snippet:-1, max-image-preview:large, max-video-preview:-1\" \/>\n<link rel=\"canonical\" href=\"https:\/\/stacatarina.mx\/consejos\/realizado-para-la-diabetes-juvenil-la-primera-infusion-en-italia-del-anticuerpo-que-ralentiza-su-debut\/\" \/>\n<meta property=\"og:locale\" content=\"es_MX\" \/>\n<meta property=\"og:type\" content=\"article\" \/>\n<meta property=\"og:title\" content=\"Realizado para la diabetes juvenil, la primera infusi\u00f3n en Italia del anticuerpo que ralentiza su debut - Consejos - Santa Catarina\" \/>\n<meta property=\"og:description\" content=\"Por primera vez en Italia, en el policl\u00ednico &#8216;Paolo Giaccone&#8217; en Palermo, un paciente joven de 23 a\u00f1os recibi\u00f3 la infusi\u00f3n de la teplizumab anti\" \/>\n<meta property=\"og:url\" content=\"https:\/\/stacatarina.mx\/consejos\/realizado-para-la-diabetes-juvenil-la-primera-infusion-en-italia-del-anticuerpo-que-ralentiza-su-debut\/\" \/>\n<meta property=\"og:site_name\" content=\"Santa Catarina\" \/>\n<meta property=\"article:publisher\" content=\"https:\/\/www.facebook.com\/stacatarinagob\/\" \/>\n<meta property=\"article:published_time\" content=\"2025-04-12T13:24:39+00:00\" \/>\n<meta property=\"article:modified_time\" content=\"2025-04-12T13:24:40+00:00\" \/>\n<meta property=\"og:image\" content=\"https:\/\/stacatarina.mx\/consejos\/wp-content\/uploads\/2025\/04\/Realizado-para-la-diabetes-juvenil-la-primera-infusion-en-Italia.jpg\" \/>\n\t<meta property=\"og:image:width\" content=\"1500\" \/>\n\t<meta property=\"og:image:height\" content=\"1000\" \/>\n\t<meta property=\"og:image:type\" content=\"image\/jpeg\" \/>\n<meta name=\"author\" content=\"Pedro Mart\u00ednez\" \/>\n<meta name=\"twitter:card\" content=\"summary_large_image\" \/>\n<meta name=\"twitter:creator\" content=\"@stacatarinagob\" \/>\n<meta name=\"twitter:site\" content=\"@stacatarinagob\" \/>\n<meta name=\"twitter:label1\" content=\"Escrito por\" \/>\n\t<meta name=\"twitter:data1\" content=\"Pedro Mart\u00ednez\" \/>\n\t<meta name=\"twitter:label2\" content=\"Tiempo de lectura\" \/>\n\t<meta name=\"twitter:data2\" content=\"4 minutos\" \/>\n<script type=\"application\/ld+json\" class=\"yoast-schema-graph\">{\"@context\":\"https:\/\/schema.org\",\"@graph\":[{\"@type\":\"Article\",\"@id\":\"https:\/\/stacatarina.mx\/consejos\/realizado-para-la-diabetes-juvenil-la-primera-infusion-en-italia-del-anticuerpo-que-ralentiza-su-debut\/#article\",\"isPartOf\":{\"@id\":\"https:\/\/stacatarina.mx\/consejos\/realizado-para-la-diabetes-juvenil-la-primera-infusion-en-italia-del-anticuerpo-que-ralentiza-su-debut\/\"},\"author\":{\"name\":\"Pedro Mart\u00ednez\",\"@id\":\"https:\/\/stacatarina.mx\/consejos\/#\/schema\/person\/0be60adffa8e4c4d0828fdf021450e8a\"},\"headline\":\"Realizado para la diabetes juvenil, la primera infusi\u00f3n en Italia del anticuerpo que ralentiza su debut\",\"datePublished\":\"2025-04-12T13:24:39+00:00\",\"dateModified\":\"2025-04-12T13:24:40+00:00\",\"mainEntityOfPage\":{\"@id\":\"https:\/\/stacatarina.mx\/consejos\/realizado-para-la-diabetes-juvenil-la-primera-infusion-en-italia-del-anticuerpo-que-ralentiza-su-debut\/\"},\"wordCount\":878,\"publisher\":{\"@id\":\"https:\/\/stacatarina.mx\/consejos\/#organization\"},\"image\":{\"@id\":\"https:\/\/stacatarina.mx\/consejos\/realizado-para-la-diabetes-juvenil-la-primera-infusion-en-italia-del-anticuerpo-que-ralentiza-su-debut\/#primaryimage\"},\"thumbnailUrl\":\"https:\/\/stacatarina.mx\/consejos\/wp-content\/uploads\/2025\/04\/Realizado-para-la-diabetes-juvenil-la-primera-infusion-en-Italia.jpg\",\"keywords\":[\"anticuerpo\",\"debut\",\"del\",\"diabetes\",\"infusi\u00f3n\",\"Italia\",\"juvenil\",\"para\",\"primera\",\"ralentiza\",\"Realizado\"],\"articleSection\":[\"Salud\"],\"inLanguage\":\"es\"},{\"@type\":\"WebPage\",\"@id\":\"https:\/\/stacatarina.mx\/consejos\/realizado-para-la-diabetes-juvenil-la-primera-infusion-en-italia-del-anticuerpo-que-ralentiza-su-debut\/\",\"url\":\"https:\/\/stacatarina.mx\/consejos\/realizado-para-la-diabetes-juvenil-la-primera-infusion-en-italia-del-anticuerpo-que-ralentiza-su-debut\/\",\"name\":\"Realizado para la diabetes juvenil, la primera infusi\u00f3n en Italia del anticuerpo que ralentiza su debut - Consejos - Santa Catarina\",\"isPartOf\":{\"@id\":\"https:\/\/stacatarina.mx\/consejos\/#website\"},\"primaryImageOfPage\":{\"@id\":\"https:\/\/stacatarina.mx\/consejos\/realizado-para-la-diabetes-juvenil-la-primera-infusion-en-italia-del-anticuerpo-que-ralentiza-su-debut\/#primaryimage\"},\"image\":{\"@id\":\"https:\/\/stacatarina.mx\/consejos\/realizado-para-la-diabetes-juvenil-la-primera-infusion-en-italia-del-anticuerpo-que-ralentiza-su-debut\/#primaryimage\"},\"thumbnailUrl\":\"https:\/\/stacatarina.mx\/consejos\/wp-content\/uploads\/2025\/04\/Realizado-para-la-diabetes-juvenil-la-primera-infusion-en-Italia.jpg\",\"datePublished\":\"2025-04-12T13:24:39+00:00\",\"dateModified\":\"2025-04-12T13:24:40+00:00\",\"breadcrumb\":{\"@id\":\"https:\/\/stacatarina.mx\/consejos\/realizado-para-la-diabetes-juvenil-la-primera-infusion-en-italia-del-anticuerpo-que-ralentiza-su-debut\/#breadcrumb\"},\"inLanguage\":\"es\",\"potentialAction\":[{\"@type\":\"ReadAction\",\"target\":[\"https:\/\/stacatarina.mx\/consejos\/realizado-para-la-diabetes-juvenil-la-primera-infusion-en-italia-del-anticuerpo-que-ralentiza-su-debut\/\"]}]},{\"@type\":\"ImageObject\",\"inLanguage\":\"es\",\"@id\":\"https:\/\/stacatarina.mx\/consejos\/realizado-para-la-diabetes-juvenil-la-primera-infusion-en-italia-del-anticuerpo-que-ralentiza-su-debut\/#primaryimage\",\"url\":\"https:\/\/stacatarina.mx\/consejos\/wp-content\/uploads\/2025\/04\/Realizado-para-la-diabetes-juvenil-la-primera-infusion-en-Italia.jpg\",\"contentUrl\":\"https:\/\/stacatarina.mx\/consejos\/wp-content\/uploads\/2025\/04\/Realizado-para-la-diabetes-juvenil-la-primera-infusion-en-Italia.jpg\",\"width\":1500,\"height\":1000,\"caption\":\"svolta trattamento diabete tipo 1\"},{\"@type\":\"BreadcrumbList\",\"@id\":\"https:\/\/stacatarina.mx\/consejos\/realizado-para-la-diabetes-juvenil-la-primera-infusion-en-italia-del-anticuerpo-que-ralentiza-su-debut\/#breadcrumb\",\"itemListElement\":[{\"@type\":\"ListItem\",\"position\":1,\"name\":\"Inicio\",\"item\":\"https:\/\/stacatarina.mx\/consejos\/\"},{\"@type\":\"ListItem\",\"position\":2,\"name\":\"Realizado para la diabetes juvenil, la primera infusi\u00f3n en Italia del anticuerpo que ralentiza su debut\"}]},{\"@type\":\"WebSite\",\"@id\":\"https:\/\/stacatarina.mx\/consejos\/#website\",\"url\":\"https:\/\/stacatarina.mx\/consejos\/\",\"name\":\"Santa Catarina\",\"description\":\"\",\"publisher\":{\"@id\":\"https:\/\/stacatarina.mx\/consejos\/#organization\"},\"potentialAction\":[{\"@type\":\"SearchAction\",\"target\":{\"@type\":\"EntryPoint\",\"urlTemplate\":\"https:\/\/stacatarina.mx\/consejos\/?s={search_term_string}\"},\"query-input\":{\"@type\":\"PropertyValueSpecification\",\"valueRequired\":true,\"valueName\":\"search_term_string\"}}],\"inLanguage\":\"es\"},{\"@type\":\"Organization\",\"@id\":\"https:\/\/stacatarina.mx\/consejos\/#organization\",\"name\":\"Santa Catarina\",\"url\":\"https:\/\/stacatarina.mx\/consejos\/\",\"logo\":{\"@type\":\"ImageObject\",\"inLanguage\":\"es\",\"@id\":\"https:\/\/stacatarina.mx\/consejos\/#\/schema\/logo\/image\/\",\"url\":\"https:\/\/stacatarina.mx\/consejos\/wp-content\/uploads\/2024\/09\/cropped-favicon-1-1.png\",\"contentUrl\":\"https:\/\/stacatarina.mx\/consejos\/wp-content\/uploads\/2024\/09\/cropped-favicon-1-1.png\",\"width\":512,\"height\":512,\"caption\":\"Santa Catarina\"},\"image\":{\"@id\":\"https:\/\/stacatarina.mx\/consejos\/#\/schema\/logo\/image\/\"},\"sameAs\":[\"https:\/\/www.facebook.com\/stacatarinagob\/\",\"https:\/\/x.com\/stacatarinagob\",\"https:\/\/www.instagram.com\/stacatarinagob\/\",\"https:\/\/www.youtube.com\/channel\/UCK-6cQJL_904665N1_nLTWw\"]},{\"@type\":\"Person\",\"@id\":\"https:\/\/stacatarina.mx\/consejos\/#\/schema\/person\/0be60adffa8e4c4d0828fdf021450e8a\",\"name\":\"Pedro Mart\u00ednez\",\"image\":{\"@type\":\"ImageObject\",\"inLanguage\":\"es\",\"@id\":\"https:\/\/stacatarina.mx\/consejos\/#\/schema\/person\/image\/\",\"url\":\"https:\/\/stacatarina.mx\/consejos\/wp-content\/uploads\/2024\/09\/stacatarina.jpg\",\"contentUrl\":\"https:\/\/stacatarina.mx\/consejos\/wp-content\/uploads\/2024\/09\/stacatarina.jpg\",\"caption\":\"Pedro Mart\u00ednez\"},\"description\":\"Hola, soy Pedro Mart\u00ednez, redactor jefe del sitio oficial del ayuntamiento de Santa Catarina, en M\u00e9xico. Con m\u00e1s de diez a\u00f1os de experiencia en el periodismo local, tengo una pasi\u00f3n por la investigaci\u00f3n y la difusi\u00f3n de informaci\u00f3n que valoriza nuestra hermosa comunidad. Mi compromiso es hacer de Santa Catarina una referencia en materia de transparencia y comunicaci\u00f3n municipal.\",\"sameAs\":[\"https:\/\/stacatarina.mx\/\"]}]}<\/script>\n<!-- \/ Yoast SEO plugin. -->","yoast_head_json":{"title":"Realizado para la diabetes juvenil, la primera infusi\u00f3n en Italia del anticuerpo que ralentiza su debut - Consejos - Santa Catarina","robots":{"index":"index","follow":"follow","max-snippet":"max-snippet:-1","max-image-preview":"max-image-preview:large","max-video-preview":"max-video-preview:-1"},"canonical":"https:\/\/stacatarina.mx\/consejos\/realizado-para-la-diabetes-juvenil-la-primera-infusion-en-italia-del-anticuerpo-que-ralentiza-su-debut\/","og_locale":"es_MX","og_type":"article","og_title":"Realizado para la diabetes juvenil, la primera infusi\u00f3n en Italia del anticuerpo que ralentiza su debut - Consejos - Santa Catarina","og_description":"Por primera vez en Italia, en el policl\u00ednico &#8216;Paolo Giaccone&#8217; en Palermo, un paciente joven de 23 a\u00f1os recibi\u00f3 la infusi\u00f3n de la teplizumab anti","og_url":"https:\/\/stacatarina.mx\/consejos\/realizado-para-la-diabetes-juvenil-la-primera-infusion-en-italia-del-anticuerpo-que-ralentiza-su-debut\/","og_site_name":"Santa Catarina","article_publisher":"https:\/\/www.facebook.com\/stacatarinagob\/","article_published_time":"2025-04-12T13:24:39+00:00","article_modified_time":"2025-04-12T13:24:40+00:00","og_image":[{"width":1500,"height":1000,"url":"https:\/\/stacatarina.mx\/consejos\/wp-content\/uploads\/2025\/04\/Realizado-para-la-diabetes-juvenil-la-primera-infusion-en-Italia.jpg","type":"image\/jpeg"}],"author":"Pedro Mart\u00ednez","twitter_card":"summary_large_image","twitter_creator":"@stacatarinagob","twitter_site":"@stacatarinagob","twitter_misc":{"Escrito por":"Pedro Mart\u00ednez","Tiempo de lectura":"4 minutos"},"schema":{"@context":"https:\/\/schema.org","@graph":[{"@type":"Article","@id":"https:\/\/stacatarina.mx\/consejos\/realizado-para-la-diabetes-juvenil-la-primera-infusion-en-italia-del-anticuerpo-que-ralentiza-su-debut\/#article","isPartOf":{"@id":"https:\/\/stacatarina.mx\/consejos\/realizado-para-la-diabetes-juvenil-la-primera-infusion-en-italia-del-anticuerpo-que-ralentiza-su-debut\/"},"author":{"name":"Pedro Mart\u00ednez","@id":"https:\/\/stacatarina.mx\/consejos\/#\/schema\/person\/0be60adffa8e4c4d0828fdf021450e8a"},"headline":"Realizado para la diabetes juvenil, la primera infusi\u00f3n en Italia del anticuerpo que ralentiza su debut","datePublished":"2025-04-12T13:24:39+00:00","dateModified":"2025-04-12T13:24:40+00:00","mainEntityOfPage":{"@id":"https:\/\/stacatarina.mx\/consejos\/realizado-para-la-diabetes-juvenil-la-primera-infusion-en-italia-del-anticuerpo-que-ralentiza-su-debut\/"},"wordCount":878,"publisher":{"@id":"https:\/\/stacatarina.mx\/consejos\/#organization"},"image":{"@id":"https:\/\/stacatarina.mx\/consejos\/realizado-para-la-diabetes-juvenil-la-primera-infusion-en-italia-del-anticuerpo-que-ralentiza-su-debut\/#primaryimage"},"thumbnailUrl":"https:\/\/stacatarina.mx\/consejos\/wp-content\/uploads\/2025\/04\/Realizado-para-la-diabetes-juvenil-la-primera-infusion-en-Italia.jpg","keywords":["anticuerpo","debut","del","diabetes","infusi\u00f3n","Italia","juvenil","para","primera","ralentiza","Realizado"],"articleSection":["Salud"],"inLanguage":"es"},{"@type":"WebPage","@id":"https:\/\/stacatarina.mx\/consejos\/realizado-para-la-diabetes-juvenil-la-primera-infusion-en-italia-del-anticuerpo-que-ralentiza-su-debut\/","url":"https:\/\/stacatarina.mx\/consejos\/realizado-para-la-diabetes-juvenil-la-primera-infusion-en-italia-del-anticuerpo-que-ralentiza-su-debut\/","name":"Realizado para la diabetes juvenil, la primera infusi\u00f3n en Italia del anticuerpo que ralentiza su debut - Consejos - Santa Catarina","isPartOf":{"@id":"https:\/\/stacatarina.mx\/consejos\/#website"},"primaryImageOfPage":{"@id":"https:\/\/stacatarina.mx\/consejos\/realizado-para-la-diabetes-juvenil-la-primera-infusion-en-italia-del-anticuerpo-que-ralentiza-su-debut\/#primaryimage"},"image":{"@id":"https:\/\/stacatarina.mx\/consejos\/realizado-para-la-diabetes-juvenil-la-primera-infusion-en-italia-del-anticuerpo-que-ralentiza-su-debut\/#primaryimage"},"thumbnailUrl":"https:\/\/stacatarina.mx\/consejos\/wp-content\/uploads\/2025\/04\/Realizado-para-la-diabetes-juvenil-la-primera-infusion-en-Italia.jpg","datePublished":"2025-04-12T13:24:39+00:00","dateModified":"2025-04-12T13:24:40+00:00","breadcrumb":{"@id":"https:\/\/stacatarina.mx\/consejos\/realizado-para-la-diabetes-juvenil-la-primera-infusion-en-italia-del-anticuerpo-que-ralentiza-su-debut\/#breadcrumb"},"inLanguage":"es","potentialAction":[{"@type":"ReadAction","target":["https:\/\/stacatarina.mx\/consejos\/realizado-para-la-diabetes-juvenil-la-primera-infusion-en-italia-del-anticuerpo-que-ralentiza-su-debut\/"]}]},{"@type":"ImageObject","inLanguage":"es","@id":"https:\/\/stacatarina.mx\/consejos\/realizado-para-la-diabetes-juvenil-la-primera-infusion-en-italia-del-anticuerpo-que-ralentiza-su-debut\/#primaryimage","url":"https:\/\/stacatarina.mx\/consejos\/wp-content\/uploads\/2025\/04\/Realizado-para-la-diabetes-juvenil-la-primera-infusion-en-Italia.jpg","contentUrl":"https:\/\/stacatarina.mx\/consejos\/wp-content\/uploads\/2025\/04\/Realizado-para-la-diabetes-juvenil-la-primera-infusion-en-Italia.jpg","width":1500,"height":1000,"caption":"svolta trattamento diabete tipo 1"},{"@type":"BreadcrumbList","@id":"https:\/\/stacatarina.mx\/consejos\/realizado-para-la-diabetes-juvenil-la-primera-infusion-en-italia-del-anticuerpo-que-ralentiza-su-debut\/#breadcrumb","itemListElement":[{"@type":"ListItem","position":1,"name":"Inicio","item":"https:\/\/stacatarina.mx\/consejos\/"},{"@type":"ListItem","position":2,"name":"Realizado para la diabetes juvenil, la primera infusi\u00f3n en Italia del anticuerpo que ralentiza su debut"}]},{"@type":"WebSite","@id":"https:\/\/stacatarina.mx\/consejos\/#website","url":"https:\/\/stacatarina.mx\/consejos\/","name":"Santa Catarina","description":"","publisher":{"@id":"https:\/\/stacatarina.mx\/consejos\/#organization"},"potentialAction":[{"@type":"SearchAction","target":{"@type":"EntryPoint","urlTemplate":"https:\/\/stacatarina.mx\/consejos\/?s={search_term_string}"},"query-input":{"@type":"PropertyValueSpecification","valueRequired":true,"valueName":"search_term_string"}}],"inLanguage":"es"},{"@type":"Organization","@id":"https:\/\/stacatarina.mx\/consejos\/#organization","name":"Santa Catarina","url":"https:\/\/stacatarina.mx\/consejos\/","logo":{"@type":"ImageObject","inLanguage":"es","@id":"https:\/\/stacatarina.mx\/consejos\/#\/schema\/logo\/image\/","url":"https:\/\/stacatarina.mx\/consejos\/wp-content\/uploads\/2024\/09\/cropped-favicon-1-1.png","contentUrl":"https:\/\/stacatarina.mx\/consejos\/wp-content\/uploads\/2024\/09\/cropped-favicon-1-1.png","width":512,"height":512,"caption":"Santa Catarina"},"image":{"@id":"https:\/\/stacatarina.mx\/consejos\/#\/schema\/logo\/image\/"},"sameAs":["https:\/\/www.facebook.com\/stacatarinagob\/","https:\/\/x.com\/stacatarinagob","https:\/\/www.instagram.com\/stacatarinagob\/","https:\/\/www.youtube.com\/channel\/UCK-6cQJL_904665N1_nLTWw"]},{"@type":"Person","@id":"https:\/\/stacatarina.mx\/consejos\/#\/schema\/person\/0be60adffa8e4c4d0828fdf021450e8a","name":"Pedro Mart\u00ednez","image":{"@type":"ImageObject","inLanguage":"es","@id":"https:\/\/stacatarina.mx\/consejos\/#\/schema\/person\/image\/","url":"https:\/\/stacatarina.mx\/consejos\/wp-content\/uploads\/2024\/09\/stacatarina.jpg","contentUrl":"https:\/\/stacatarina.mx\/consejos\/wp-content\/uploads\/2024\/09\/stacatarina.jpg","caption":"Pedro Mart\u00ednez"},"description":"Hola, soy Pedro Mart\u00ednez, redactor jefe del sitio oficial del ayuntamiento de Santa Catarina, en M\u00e9xico. Con m\u00e1s de diez a\u00f1os de experiencia en el periodismo local, tengo una pasi\u00f3n por la investigaci\u00f3n y la difusi\u00f3n de informaci\u00f3n que valoriza nuestra hermosa comunidad. Mi compromiso es hacer de Santa Catarina una referencia en materia de transparencia y comunicaci\u00f3n municipal.","sameAs":["https:\/\/stacatarina.mx\/"]}]}},"_links":{"self":[{"href":"https:\/\/stacatarina.mx\/consejos\/wp-json\/wp\/v2\/posts\/3503"}],"collection":[{"href":"https:\/\/stacatarina.mx\/consejos\/wp-json\/wp\/v2\/posts"}],"about":[{"href":"https:\/\/stacatarina.mx\/consejos\/wp-json\/wp\/v2\/types\/post"}],"author":[{"embeddable":true,"href":"https:\/\/stacatarina.mx\/consejos\/wp-json\/wp\/v2\/users\/1"}],"replies":[{"embeddable":true,"href":"https:\/\/stacatarina.mx\/consejos\/wp-json\/wp\/v2\/comments?post=3503"}],"version-history":[{"count":1,"href":"https:\/\/stacatarina.mx\/consejos\/wp-json\/wp\/v2\/posts\/3503\/revisions"}],"predecessor-version":[{"id":3505,"href":"https:\/\/stacatarina.mx\/consejos\/wp-json\/wp\/v2\/posts\/3503\/revisions\/3505"}],"wp:featuredmedia":[{"embeddable":true,"href":"https:\/\/stacatarina.mx\/consejos\/wp-json\/wp\/v2\/media\/3504"}],"wp:attachment":[{"href":"https:\/\/stacatarina.mx\/consejos\/wp-json\/wp\/v2\/media?parent=3503"}],"wp:term":[{"taxonomy":"category","embeddable":true,"href":"https:\/\/stacatarina.mx\/consejos\/wp-json\/wp\/v2\/categories?post=3503"},{"taxonomy":"post_tag","embeddable":true,"href":"https:\/\/stacatarina.mx\/consejos\/wp-json\/wp\/v2\/tags?post=3503"}],"curies":[{"name":"wp","href":"https:\/\/api.w.org\/{rel}","templated":true}]}}