{"id":3563,"date":"2025-04-16T11:23:52","date_gmt":"2025-04-16T17:23:52","guid":{"rendered":"https:\/\/stacatarina.mx\/consejos\/desayuno-vegano-de-pascua-7-recetas-dulces-y-saladas-para-todos-los-gustos-y-malditamente-buenos\/"},"modified":"2025-04-16T11:23:53","modified_gmt":"2025-04-16T17:23:53","slug":"desayuno-vegano-de-pascua-7-recetas-dulces-y-saladas-para-todos-los-gustos-y-malditamente-buenos","status":"publish","type":"post","link":"https:\/\/stacatarina.mx\/consejos\/desayuno-vegano-de-pascua-7-recetas-dulces-y-saladas-para-todos-los-gustos-y-malditamente-buenos\/","title":{"rendered":"Desayuno vegano de Pascua: 7 recetas dulces y saladas para todos los gustos (y malditamente buenos)"},"content":{"rendered":"<p class=\"single-abstract\">\n<p>\t\t\t\t\t\t\t\t\t\t\t\t\t\t\t\t\t\u00a1Celebre la Pascua con un desayuno delicioso, \u00e9tico y respetuoso de animales! Descubra las mejores recetas veganas y sin crueldad para una mesa llena de sabor y compasi\u00f3n. Desde postres tradicionales sin ingredientes animales hasta creaciones innovadoras, haga que su desayuno de Pascua sea memorable y sin culpa\t\t\t\t\t\t\t\t\t\t\t\t\t\t\t<\/p>\n<div class=\"daily-video\" style=\"display: none;\"><\/div>\n<div class=\"wrapper-player\" style=\"display: none; margin-bottom: 15px;\">\n<div id=\"daily-player\" style=\"position: relative; max-width: 100%;\" class=\"video-content\"><\/div>\n<\/p><\/div>\n<div class=\"image-wrapper featured-image no-lazy\" id=\"featured-image\"><\/div>\n<p>All\u00e1 <strong style=\"background-color: initial;\">Desayuno de Pascua<\/strong> Es una cita especial y l\u00fadica que caracteriza a todas las regiones italianas en particular las del centro de Italia, donde trae a la mesa dulce y salado. Desde pizza hasta queso hasta huevos de color, desde salami hasta cortes fr\u00edos. \u00bfY para aquellos que han decidido eliminar los productos animales de su dieta?<\/p>\n<p>Aqu\u00ed hay un desayuno y crueldad alternativos sin crueldad. Para comenzar bien el domingo por la ma\u00f1ana, vi <strong>Ofrecemos una dona de s\u00e9samo<\/strong>acompa\u00f1ado de un sabroso <strong>tofu salami <\/strong>y de un <strong>Jugo de fruta basado en la pulpa de manzana<\/strong> Y canela.<\/p>\n<h2><span class=\"ez-toc-section\" id=\"Pastiera_vegan\"><\/span>Pastilla vegana<span class=\"ez-toc-section-end\"><\/span><\/h2>\n<p><img loading=\"lazy\" decoding=\"async\" class=\"lazy lazy-hidden alignnone wp-image-1129261 size-full\" data-lazy-type=\"image\" src=\"https:\/\/stacatarina.mx\/consejos\/wp-content\/uploads\/2025\/04\/1744824232_874_Desayuno-vegano-de-Pascua-7-recetas-dulces-y-saladas-para.jpg\" alt=\"pastilla vegana\" width=\"1200\" height=\"800\"  ><\/p>\n<p><noscript><img loading=\"lazy\" decoding=\"async\" class=\"alignnone wp-image-1129261 size-full\" src=\"https:\/\/stacatarina.mx\/consejos\/wp-content\/uploads\/2025\/04\/1744824232_874_Desayuno-vegano-de-Pascua-7-recetas-dulces-y-saladas-para.jpg\" alt=\"pastilla vegana\" width=\"1200\" height=\"800\"  ><\/noscript><\/p>\n<aside style=\"margin: 8px auto; text-align: center; display: block; clear: both;\">\n<div id=\"gpt-passback\">\n<\/div>\n<\/aside>\n<p>La leyenda dice que la sirena napolitana ha creado esta delicadeza. Hablemos de la pastiala, el postre de Pascua por excelencia en N\u00e1poles. Hay varias interpretaciones de su receta: hay quienes optan por el grano ya cocinado en un frasco, mientras que otros prefieren prepararla desde cero; Quien lo prefiera sin fruta confitada y qui\u00e9n no.<\/p>\n<p>As\u00ed que aqu\u00ed est\u00e1 la receta de la pastilla vegana (sin fruta confitada), perfecta para una Pascua que celebra la vida en toda su forma. Luego prep\u00e1rate para ponerte en la estufa con entusiasmo y dedicaci\u00f3n: sin duda valdr\u00e1 la pena. \u00a1Prep\u00e1rate para experimentar y deleitar al paladar con un toque sin crueldad! Aqu\u00ed encontrar\u00e1s la receta.<\/p>\n<h2><span class=\"ez-toc-section\" id=\"Colomba_Vegan\"><\/span>Paloma vegana<span class=\"ez-toc-section-end\"><\/span><\/h2>\n<p>La paloma de Pascua es el postre tradicional de Pascua italiano. Puede prepararlo en una versi\u00f3n vegana reemplazando los huevos y la mantequilla con ingredientes a base de plantas. Use leche de almendra o soya y reemplace la mantequilla con margarina o aceite de coco. Agregue un poco de ralladura de naranja y almendras para el toque final. Aqu\u00ed una receta para inspirarse.<\/p>\n<h2><span class=\"ez-toc-section\" id=\"Pancake_vegan\"><\/span>Panqueque vegano<span class=\"ez-toc-section-end\"><\/span><\/h2>\n<p><img loading=\"lazy\" decoding=\"async\" class=\"lazy lazy-hidden alignnone wp-image-1217973 size-full\" data-lazy-type=\"image\" src=\"https:\/\/stacatarina.mx\/consejos\/wp-content\/uploads\/2025\/03\/Pancake-desde-la-receta-original-hasta-las-proteinas-10-variantes.jpg\" alt=\"Panqueque ligero\" width=\"1500\" height=\"1000\"  ><\/p>\n<p><noscript><img loading=\"lazy\" decoding=\"async\" class=\"alignnone wp-image-1217973 size-full\" src=\"https:\/\/stacatarina.mx\/consejos\/wp-content\/uploads\/2025\/03\/Pancake-desde-la-receta-original-hasta-las-proteinas-10-variantes.jpg\" alt=\"Panqueque ligero\" width=\"1500\" height=\"1000\"  ><\/noscript><\/p>\n<aside style=\"margin: 8px auto; display: flex; justify-content: center; min-height: 251px;\">\n<div id=\"div-gpt-ad-MPU_Bottom_1\" style=\"min-width: 300px; min-height: 252px;\">\n<\/div>\n<\/aside>\n<p>Prepare panqueques suaves y ligeros con leche vegetal, harina, az\u00facar morena y polvo de hornear. Puede agregar fruta fresca, como fresas, pl\u00e1tanos o ar\u00e1ndanos, y tal vez un poco de jarabe de arce para hacerlas a\u00fan m\u00e1s deliciosas.<\/p>\n<p><strong>Ingredientes:<\/strong><\/p>\n<p><strong>Preparaci\u00f3n:<\/strong><\/p>\n<p>En un taz\u00f3n, agregue la harina, el az\u00facar, el polvo de hornear, la vainilla (si la usa) y la sal. Mezcle bien los ingredientes secos. En otro taz\u00f3n, vierta la leche vegetal y el aceite, luego mezcle para mezclar. Agregue gradualmente los ingredientes l\u00edquidos a los secos, mezclando con un batidor hasta obtener una masa suave y luminosa. Si la masa es demasiado densa, agregue un poco m\u00e1s que la leche vegetal hasta que se obtenga la consistencia deseada.<\/p>\n<p>Calienta una sart\u00e9n no de palanca a fuego medio y cepille con un poco de aceite o margarina vegetal. Vierta un cuchar\u00f3n de masa en la sart\u00e9n caliente, formando peque\u00f1os c\u00edrculos. Cocine durante aproximadamente 2-3 minutos por lado, hasta que vea burbujas en la superficie del panqueque y los bordes se separar\u00e1n f\u00e1cilmente. Gire con una esp\u00e1tula y cocine el otro lado durante aproximadamente 1-2 minutos, hasta que est\u00e9n doradas.<\/p>\n<div class=\"code-block code-block-10\" style=\"margin: 8px auto; display: flex; justify-content: center; min-height: 252px;\">\n<div id=\"div-gpt-ad-MPU_Bottom_2\" style=\"min-width: 300px; min-height: 253px;\">\n<\/div>\n<div id=\"taboola-widget_non_consent_300x250-4\"><\/div>\n<\/div>\n<p>Sirva panqueques calientes, adornados con fruta fresca, jarabe de arce o mermelada al gusto. Son perfectos para un desayuno dulce y ligero, tambi\u00e9n ideales para el brunch de Pascua.<\/p>\n<h2><span class=\"ez-toc-section\" id=\"Frittata_vegana_con_verdure\"><\/span>Tortilla vegana con verduras<span class=\"ez-toc-section-end\"><\/span><\/h2>\n<p><img loading=\"lazy\" decoding=\"async\" class=\"lazy lazy-hidden alignnone wp-image-1226435 size-full\" data-lazy-type=\"image\" src=\"https:\/\/stacatarina.mx\/consejos\/wp-content\/uploads\/2025\/04\/1744824232_630_Desayuno-vegano-de-Pascua-7-recetas-dulces-y-saladas-para.jpg\" alt=\"\" width=\"1500\" height=\"1000\"  ><\/p>\n<p><noscript><img loading=\"lazy\" decoding=\"async\" class=\"alignnone wp-image-1226435 size-full\" src=\"https:\/\/stacatarina.mx\/consejos\/wp-content\/uploads\/2025\/04\/1744824232_630_Desayuno-vegano-de-Pascua-7-recetas-dulces-y-saladas-para.jpg\" alt=\"\" width=\"1500\" height=\"1000\"  ><\/noscript><\/p>\n<p>La tortilla vegana se puede preparar con tofu batido, harina de garbanzos y una mezcla de verduras como espinacas, calabacines y pimientos. El tofu, junto con la levadura de c\u00farcuma y comida, da una consistencia y un sabor similar al de los huevos.<\/p>\n<p><strong>Ingredientes:<\/strong><\/p>\n<p><strong>Preparaci\u00f3n:<\/strong><\/p>\n<p>Comience goteando bien el tofu para eliminar el exceso de agua, luego mezcle con harina de garbanzos, c\u00farcuma, levadura de comida, una pizca de sal y pimienta. Si la masa es demasiado densa, agregue una cucharada de agua para obtener una consistencia m\u00e1s cremosa. Mientras tanto, corta el calabac\u00edn, la pimienta y la cebolla en cubos y el marr\u00f3n en una sart\u00e9n con una cucharada de aceite de oliva durante unos minutos. Agregue las espinacas y cocine hasta que est\u00e9n secos, luego agregue las verduras a la mezcla de tofu y mezcle bien. Vierte todo en la sart\u00e9n no de palanca, nivelando la mezcla con una esp\u00e1tula. Cocine a fuego medio-bajo durante unos 10-15 minutos, cubriendo la sart\u00e9n con una tapa. Cuando la parte inferior de la tortilla es dorada, gira suavemente la tortilla, ayud\u00e1ndote con un plato y cocinando en el otro lado durante otros 5-10 minutos. Una vez listo, sirva temperatura caliente o ambiente, tal vez acompa\u00f1ada de salsa vegana.<\/p>\n<h2><span class=\"ez-toc-section\" id=\"Toast_con_avocado_e_tofu_strapazzato\"><\/span>Tostadas con aguacate y tofu revuelto<span class=\"ez-toc-section-end\"><\/span><\/h2>\n<p><img loading=\"lazy\" decoding=\"async\" class=\"lazy lazy-hidden alignnone wp-image-1226438 size-full\" data-lazy-type=\"image\" src=\"https:\/\/stacatarina.mx\/consejos\/wp-content\/uploads\/2025\/04\/1744824232_960_Desayuno-vegano-de-Pascua-7-recetas-dulces-y-saladas-para.jpg\" alt=\"Tostadas con aguacate y tofu revuelto\" width=\"1500\" height=\"1000\"  ><\/p>\n<p><noscript><img loading=\"lazy\" decoding=\"async\" class=\"alignnone wp-image-1226438 size-full\" src=\"https:\/\/stacatarina.mx\/consejos\/wp-content\/uploads\/2025\/04\/1744824232_960_Desayuno-vegano-de-Pascua-7-recetas-dulces-y-saladas-para.jpg\" alt=\"Tostadas con aguacate y tofu revuelto\" width=\"1500\" height=\"1000\"  ><\/noscript><\/p>\n<p>Para algo salado, prepare toast con crema de aguacate, tal vez acompa\u00f1ado de &#8220;huevos&#8221; veganos hechos con tofu. Puede saborear el tofu con c\u00farcuma para dar el color amarillo t\u00edpico de los huevos y un poco de pimienta negra para el sabor.<\/p>\n<p><strong>Ingredientes:<\/strong><\/p>\n<p><strong>Preparaci\u00f3n:<\/strong><\/p>\n<p>Comience preparando los &#8220;huevos&#8221; veganos. Crumo el tofu con las manos o con un tenedor hasta que obtenga una consistencia similar a la de los huevos revueltos. En una sart\u00e9n no de palo, caliente el aceite de oliva y agregue el tofu desmenuzado. Cocine a fuego medio durante 5-7 minutos, revolviendo ocasionalmente, hasta que comience a dorarse. Agregue la c\u00farcuma, la levadura de comida, la sal y la pimienta, mezclando bien para mezclar todos los sabores. Si quieres un sabor m\u00e1s &#8220;umami&#8221;, puedes agregar un poco de salsa de soja y, para un toque de picante, una pizca de chile o piment\u00f3n.<\/p>\n<p>Mientras tanto, prepara la tostada. Tost\u00f3 las rebanadas de pan hasta que est\u00e9n doradas y crujientes. Mientras el pan est\u00e1 asado, prepare la crema de aguacate. Pele el aguacate, retire el avellano y aplasta la pulpa en un taz\u00f3n con un tenedor. Agregue el jugo de lim\u00f3n, una pizca de sal y pimienta, y mezcle bien hasta obtener una crema suave. Si le gusta, tambi\u00e9n puede agregar un poco de ajo o chile para un sabor adicional.<\/p>\n<p>Cuando el pan est\u00e1 listo, la crema de aguacate en cada rebanada se extiende abundantemente. Agregue la &#8220;tortilla&#8221; de tofu y completa el plato con un toque de hierbas picadas frescas, como perejil o cilantro, para un aroma fresco. Sirva la tostada caliente, tal vez con una rebanada de tomate fresco o un toque de salsa picante, si lo desea. Este plato salado es perfecto para un frijol sabroso, nutritivo y completamente vegano brillante o brunch.<\/p>\n<h2 data-start=\"1590\" data-end=\"1637\"><span class=\"ez-toc-section\" id=\"Yogurt_vegetale_con_frutta_e_granola\"><\/span><strong data-start=\"1597\" data-end=\"1637\">Yogurt vegetal con fruta y granola<\/strong><span class=\"ez-toc-section-end\"><\/span><\/h2>\n<p><img loading=\"lazy\" decoding=\"async\" class=\"lazy lazy-hidden alignnone wp-image-1226436 size-full\" data-lazy-type=\"image\" src=\"https:\/\/stacatarina.mx\/consejos\/wp-content\/uploads\/2025\/04\/1744824232_468_Desayuno-vegano-de-Pascua-7-recetas-dulces-y-saladas-para.jpg\" alt=\"Yogurt vegetal con fruta y granola\" width=\"1500\" height=\"1000\"  ><\/p>\n<p><noscript><img loading=\"lazy\" decoding=\"async\" class=\"alignnone wp-image-1226436 size-full\" src=\"https:\/\/stacatarina.mx\/consejos\/wp-content\/uploads\/2025\/04\/1744824232_468_Desayuno-vegano-de-Pascua-7-recetas-dulces-y-saladas-para.jpg\" alt=\"Yogurt vegetal con fruta y granola\" width=\"1500\" height=\"1000\"  ><\/noscript><\/p>\n<p class=\"\" data-start=\"1641\" data-end=\"1896\">Un desayuno fresco y ligero, ideal para aquellos que prefieren algo simple. Use yogurt de soya, almendras o coco y acompa\u00f1e con fruta de temporada fresca (fresas, kiwis, pl\u00e1tanos) y un poco de arena casera o comprada sin az\u00facares agregados.<\/p>\n<h2><span class=\"ez-toc-section\" id=\"Smoothie_alle_mele_con_cannella\"><\/span>Manzana -con Smootie de canela<span class=\"ez-toc-section-end\"><\/span><\/h2>\n<p><img loading=\"lazy\" decoding=\"async\" class=\"lazy lazy-hidden alignnone wp-image-1226437 size-full\" data-lazy-type=\"image\" src=\"https:\/\/stacatarina.mx\/consejos\/wp-content\/uploads\/2025\/04\/1744824232_537_Desayuno-vegano-de-Pascua-7-recetas-dulces-y-saladas-para.jpg\" alt=\"Batidos de manzanas\" width=\"1500\" height=\"1000\"  ><\/p>\n<p><noscript><img loading=\"lazy\" decoding=\"async\" class=\"alignnone wp-image-1226437 size-full\" src=\"https:\/\/stacatarina.mx\/consejos\/wp-content\/uploads\/2025\/04\/1744824232_537_Desayuno-vegano-de-Pascua-7-recetas-dulces-y-saladas-para.jpg\" alt=\"Batidos de manzanas\" width=\"1500\" height=\"1000\"  ><\/noscript><\/p>\n<p>Seis manzanas ser\u00e1n suficientes, el jugo de un polvo de lim\u00f3n y canela. Lave, limpie y pele bien las manzanas, col\u00f3quelas en la licuadora con la adici\u00f3n del jugo de lim\u00f3n y un poco de canela de polvo. \u00a1Haga una papilla y vierta en las gafas!<\/p>\n<\/p>\n<p>Alternativamente, tambi\u00e9n puede probar suerte con estas recetas igualmente codiciosas y t\u00edpicas de Pascua:<\/p><\/p>\n","protected":false},"excerpt":{"rendered":"<p>\u00a1Celebre la Pascua con un desayuno delicioso, \u00e9tico y respetuoso de animales! Descubra las mejores recetas veganas y sin crueldad para una mesa llena de<\/p>\n","protected":false},"author":1,"featured_media":3564,"comment_status":"closed","ping_status":"","sticky":false,"template":"","format":"standard","meta":{"footnotes":""},"categories":[762],"tags":[913,4486,3998,909,62,4488,29,4188,908,4487,690,1728],"class_list":["post-3563","post","type-post","status-publish","format-standard","has-post-thumbnail","hentry","category-salud","tag-buenos","tag-desayuno","tag-dulces","tag-gustos","tag-los","tag-malditamente","tag-para","tag-pascua","tag-recetas","tag-saladas","tag-todos","tag-vegano","generate-columns","tablet-grid-50","mobile-grid-100","grid-parent","grid-50"],"yoast_head":"<!-- This site is optimized with the Yoast SEO plugin v23.4 - https:\/\/yoast.com\/wordpress\/plugins\/seo\/ -->\n<title>Desayuno vegano de Pascua: 7 recetas dulces y saladas para todos los gustos (y malditamente buenos) - Consejos - Santa Catarina<\/title>\n<meta name=\"robots\" content=\"index, follow, max-snippet:-1, max-image-preview:large, max-video-preview:-1\" \/>\n<link rel=\"canonical\" href=\"https:\/\/stacatarina.mx\/consejos\/desayuno-vegano-de-pascua-7-recetas-dulces-y-saladas-para-todos-los-gustos-y-malditamente-buenos\/\" \/>\n<meta property=\"og:locale\" content=\"es_MX\" \/>\n<meta property=\"og:type\" content=\"article\" \/>\n<meta property=\"og:title\" content=\"Desayuno vegano de Pascua: 7 recetas dulces y saladas para todos los gustos (y malditamente buenos) - Consejos - Santa Catarina\" \/>\n<meta property=\"og:description\" content=\"\u00a1Celebre la Pascua con un desayuno delicioso, \u00e9tico y respetuoso de animales! Descubra las mejores recetas veganas y sin crueldad para una mesa llena de\" \/>\n<meta property=\"og:url\" content=\"https:\/\/stacatarina.mx\/consejos\/desayuno-vegano-de-pascua-7-recetas-dulces-y-saladas-para-todos-los-gustos-y-malditamente-buenos\/\" \/>\n<meta property=\"og:site_name\" content=\"Santa Catarina\" \/>\n<meta property=\"article:publisher\" content=\"https:\/\/www.facebook.com\/stacatarinagob\/\" \/>\n<meta property=\"article:published_time\" content=\"2025-04-16T17:23:52+00:00\" \/>\n<meta property=\"article:modified_time\" content=\"2025-04-16T17:23:53+00:00\" \/>\n<meta property=\"og:image\" content=\"https:\/\/stacatarina.mx\/consejos\/wp-content\/uploads\/2025\/04\/Desayuno-vegano-de-Pascua-7-recetas-dulces-y-saladas-para.jpg\" \/>\n\t<meta property=\"og:image:width\" content=\"1500\" \/>\n\t<meta property=\"og:image:height\" content=\"1000\" \/>\n\t<meta property=\"og:image:type\" content=\"image\/jpeg\" \/>\n<meta name=\"author\" content=\"Pedro Mart\u00ednez\" \/>\n<meta name=\"twitter:card\" content=\"summary_large_image\" \/>\n<meta name=\"twitter:creator\" content=\"@stacatarinagob\" \/>\n<meta name=\"twitter:site\" content=\"@stacatarinagob\" \/>\n<meta name=\"twitter:label1\" content=\"Escrito por\" \/>\n\t<meta name=\"twitter:data1\" content=\"Pedro Mart\u00ednez\" \/>\n\t<meta name=\"twitter:label2\" content=\"Tiempo de lectura\" \/>\n\t<meta name=\"twitter:data2\" content=\"6 minutos\" \/>\n<script type=\"application\/ld+json\" class=\"yoast-schema-graph\">{\"@context\":\"https:\/\/schema.org\",\"@graph\":[{\"@type\":\"Article\",\"@id\":\"https:\/\/stacatarina.mx\/consejos\/desayuno-vegano-de-pascua-7-recetas-dulces-y-saladas-para-todos-los-gustos-y-malditamente-buenos\/#article\",\"isPartOf\":{\"@id\":\"https:\/\/stacatarina.mx\/consejos\/desayuno-vegano-de-pascua-7-recetas-dulces-y-saladas-para-todos-los-gustos-y-malditamente-buenos\/\"},\"author\":{\"name\":\"Pedro Mart\u00ednez\",\"@id\":\"https:\/\/stacatarina.mx\/consejos\/#\/schema\/person\/0be60adffa8e4c4d0828fdf021450e8a\"},\"headline\":\"Desayuno vegano de Pascua: 7 recetas dulces y saladas para todos los gustos (y malditamente buenos)\",\"datePublished\":\"2025-04-16T17:23:52+00:00\",\"dateModified\":\"2025-04-16T17:23:53+00:00\",\"mainEntityOfPage\":{\"@id\":\"https:\/\/stacatarina.mx\/consejos\/desayuno-vegano-de-pascua-7-recetas-dulces-y-saladas-para-todos-los-gustos-y-malditamente-buenos\/\"},\"wordCount\":1259,\"publisher\":{\"@id\":\"https:\/\/stacatarina.mx\/consejos\/#organization\"},\"image\":{\"@id\":\"https:\/\/stacatarina.mx\/consejos\/desayuno-vegano-de-pascua-7-recetas-dulces-y-saladas-para-todos-los-gustos-y-malditamente-buenos\/#primaryimage\"},\"thumbnailUrl\":\"https:\/\/stacatarina.mx\/consejos\/wp-content\/uploads\/2025\/04\/Desayuno-vegano-de-Pascua-7-recetas-dulces-y-saladas-para.jpg\",\"keywords\":[\"buenos\",\"Desayuno\",\"dulces\",\"gustos\",\"los\",\"malditamente\",\"para\",\"Pascua\",\"recetas\",\"saladas\",\"todos\",\"Vegano\"],\"articleSection\":[\"Salud\"],\"inLanguage\":\"es\"},{\"@type\":\"WebPage\",\"@id\":\"https:\/\/stacatarina.mx\/consejos\/desayuno-vegano-de-pascua-7-recetas-dulces-y-saladas-para-todos-los-gustos-y-malditamente-buenos\/\",\"url\":\"https:\/\/stacatarina.mx\/consejos\/desayuno-vegano-de-pascua-7-recetas-dulces-y-saladas-para-todos-los-gustos-y-malditamente-buenos\/\",\"name\":\"Desayuno vegano de Pascua: 7 recetas dulces y saladas para todos los gustos (y malditamente buenos) - Consejos - Santa Catarina\",\"isPartOf\":{\"@id\":\"https:\/\/stacatarina.mx\/consejos\/#website\"},\"primaryImageOfPage\":{\"@id\":\"https:\/\/stacatarina.mx\/consejos\/desayuno-vegano-de-pascua-7-recetas-dulces-y-saladas-para-todos-los-gustos-y-malditamente-buenos\/#primaryimage\"},\"image\":{\"@id\":\"https:\/\/stacatarina.mx\/consejos\/desayuno-vegano-de-pascua-7-recetas-dulces-y-saladas-para-todos-los-gustos-y-malditamente-buenos\/#primaryimage\"},\"thumbnailUrl\":\"https:\/\/stacatarina.mx\/consejos\/wp-content\/uploads\/2025\/04\/Desayuno-vegano-de-Pascua-7-recetas-dulces-y-saladas-para.jpg\",\"datePublished\":\"2025-04-16T17:23:52+00:00\",\"dateModified\":\"2025-04-16T17:23:53+00:00\",\"breadcrumb\":{\"@id\":\"https:\/\/stacatarina.mx\/consejos\/desayuno-vegano-de-pascua-7-recetas-dulces-y-saladas-para-todos-los-gustos-y-malditamente-buenos\/#breadcrumb\"},\"inLanguage\":\"es\",\"potentialAction\":[{\"@type\":\"ReadAction\",\"target\":[\"https:\/\/stacatarina.mx\/consejos\/desayuno-vegano-de-pascua-7-recetas-dulces-y-saladas-para-todos-los-gustos-y-malditamente-buenos\/\"]}]},{\"@type\":\"ImageObject\",\"inLanguage\":\"es\",\"@id\":\"https:\/\/stacatarina.mx\/consejos\/desayuno-vegano-de-pascua-7-recetas-dulces-y-saladas-para-todos-los-gustos-y-malditamente-buenos\/#primaryimage\",\"url\":\"https:\/\/stacatarina.mx\/consejos\/wp-content\/uploads\/2025\/04\/Desayuno-vegano-de-Pascua-7-recetas-dulces-y-saladas-para.jpg\",\"contentUrl\":\"https:\/\/stacatarina.mx\/consejos\/wp-content\/uploads\/2025\/04\/Desayuno-vegano-de-Pascua-7-recetas-dulces-y-saladas-para.jpg\",\"width\":1500,\"height\":1000,\"caption\":\"colazione di pasqua\"},{\"@type\":\"BreadcrumbList\",\"@id\":\"https:\/\/stacatarina.mx\/consejos\/desayuno-vegano-de-pascua-7-recetas-dulces-y-saladas-para-todos-los-gustos-y-malditamente-buenos\/#breadcrumb\",\"itemListElement\":[{\"@type\":\"ListItem\",\"position\":1,\"name\":\"Inicio\",\"item\":\"https:\/\/stacatarina.mx\/consejos\/\"},{\"@type\":\"ListItem\",\"position\":2,\"name\":\"Desayuno vegano de Pascua: 7 recetas dulces y saladas para todos los gustos (y malditamente buenos)\"}]},{\"@type\":\"WebSite\",\"@id\":\"https:\/\/stacatarina.mx\/consejos\/#website\",\"url\":\"https:\/\/stacatarina.mx\/consejos\/\",\"name\":\"Santa Catarina\",\"description\":\"\",\"publisher\":{\"@id\":\"https:\/\/stacatarina.mx\/consejos\/#organization\"},\"potentialAction\":[{\"@type\":\"SearchAction\",\"target\":{\"@type\":\"EntryPoint\",\"urlTemplate\":\"https:\/\/stacatarina.mx\/consejos\/?s={search_term_string}\"},\"query-input\":{\"@type\":\"PropertyValueSpecification\",\"valueRequired\":true,\"valueName\":\"search_term_string\"}}],\"inLanguage\":\"es\"},{\"@type\":\"Organization\",\"@id\":\"https:\/\/stacatarina.mx\/consejos\/#organization\",\"name\":\"Santa Catarina\",\"url\":\"https:\/\/stacatarina.mx\/consejos\/\",\"logo\":{\"@type\":\"ImageObject\",\"inLanguage\":\"es\",\"@id\":\"https:\/\/stacatarina.mx\/consejos\/#\/schema\/logo\/image\/\",\"url\":\"https:\/\/stacatarina.mx\/consejos\/wp-content\/uploads\/2024\/09\/cropped-favicon-1-1.png\",\"contentUrl\":\"https:\/\/stacatarina.mx\/consejos\/wp-content\/uploads\/2024\/09\/cropped-favicon-1-1.png\",\"width\":512,\"height\":512,\"caption\":\"Santa Catarina\"},\"image\":{\"@id\":\"https:\/\/stacatarina.mx\/consejos\/#\/schema\/logo\/image\/\"},\"sameAs\":[\"https:\/\/www.facebook.com\/stacatarinagob\/\",\"https:\/\/x.com\/stacatarinagob\",\"https:\/\/www.instagram.com\/stacatarinagob\/\",\"https:\/\/www.youtube.com\/channel\/UCK-6cQJL_904665N1_nLTWw\"]},{\"@type\":\"Person\",\"@id\":\"https:\/\/stacatarina.mx\/consejos\/#\/schema\/person\/0be60adffa8e4c4d0828fdf021450e8a\",\"name\":\"Pedro Mart\u00ednez\",\"image\":{\"@type\":\"ImageObject\",\"inLanguage\":\"es\",\"@id\":\"https:\/\/stacatarina.mx\/consejos\/#\/schema\/person\/image\/\",\"url\":\"https:\/\/stacatarina.mx\/consejos\/wp-content\/uploads\/2024\/09\/stacatarina.jpg\",\"contentUrl\":\"https:\/\/stacatarina.mx\/consejos\/wp-content\/uploads\/2024\/09\/stacatarina.jpg\",\"caption\":\"Pedro Mart\u00ednez\"},\"description\":\"Hola, soy Pedro Mart\u00ednez, redactor jefe del sitio oficial del ayuntamiento de Santa Catarina, en M\u00e9xico. Con m\u00e1s de diez a\u00f1os de experiencia en el periodismo local, tengo una pasi\u00f3n por la investigaci\u00f3n y la difusi\u00f3n de informaci\u00f3n que valoriza nuestra hermosa comunidad. Mi compromiso es hacer de Santa Catarina una referencia en materia de transparencia y comunicaci\u00f3n municipal.\",\"sameAs\":[\"https:\/\/stacatarina.mx\/\"]}]}<\/script>\n<!-- \/ Yoast SEO plugin. -->","yoast_head_json":{"title":"Desayuno vegano de Pascua: 7 recetas dulces y saladas para todos los gustos (y malditamente buenos) - Consejos - Santa Catarina","robots":{"index":"index","follow":"follow","max-snippet":"max-snippet:-1","max-image-preview":"max-image-preview:large","max-video-preview":"max-video-preview:-1"},"canonical":"https:\/\/stacatarina.mx\/consejos\/desayuno-vegano-de-pascua-7-recetas-dulces-y-saladas-para-todos-los-gustos-y-malditamente-buenos\/","og_locale":"es_MX","og_type":"article","og_title":"Desayuno vegano de Pascua: 7 recetas dulces y saladas para todos los gustos (y malditamente buenos) - Consejos - Santa Catarina","og_description":"\u00a1Celebre la Pascua con un desayuno delicioso, \u00e9tico y respetuoso de animales! Descubra las mejores recetas veganas y sin crueldad para una mesa llena de","og_url":"https:\/\/stacatarina.mx\/consejos\/desayuno-vegano-de-pascua-7-recetas-dulces-y-saladas-para-todos-los-gustos-y-malditamente-buenos\/","og_site_name":"Santa Catarina","article_publisher":"https:\/\/www.facebook.com\/stacatarinagob\/","article_published_time":"2025-04-16T17:23:52+00:00","article_modified_time":"2025-04-16T17:23:53+00:00","og_image":[{"width":1500,"height":1000,"url":"https:\/\/stacatarina.mx\/consejos\/wp-content\/uploads\/2025\/04\/Desayuno-vegano-de-Pascua-7-recetas-dulces-y-saladas-para.jpg","type":"image\/jpeg"}],"author":"Pedro Mart\u00ednez","twitter_card":"summary_large_image","twitter_creator":"@stacatarinagob","twitter_site":"@stacatarinagob","twitter_misc":{"Escrito por":"Pedro Mart\u00ednez","Tiempo de lectura":"6 minutos"},"schema":{"@context":"https:\/\/schema.org","@graph":[{"@type":"Article","@id":"https:\/\/stacatarina.mx\/consejos\/desayuno-vegano-de-pascua-7-recetas-dulces-y-saladas-para-todos-los-gustos-y-malditamente-buenos\/#article","isPartOf":{"@id":"https:\/\/stacatarina.mx\/consejos\/desayuno-vegano-de-pascua-7-recetas-dulces-y-saladas-para-todos-los-gustos-y-malditamente-buenos\/"},"author":{"name":"Pedro Mart\u00ednez","@id":"https:\/\/stacatarina.mx\/consejos\/#\/schema\/person\/0be60adffa8e4c4d0828fdf021450e8a"},"headline":"Desayuno vegano de Pascua: 7 recetas dulces y saladas para todos los gustos (y malditamente buenos)","datePublished":"2025-04-16T17:23:52+00:00","dateModified":"2025-04-16T17:23:53+00:00","mainEntityOfPage":{"@id":"https:\/\/stacatarina.mx\/consejos\/desayuno-vegano-de-pascua-7-recetas-dulces-y-saladas-para-todos-los-gustos-y-malditamente-buenos\/"},"wordCount":1259,"publisher":{"@id":"https:\/\/stacatarina.mx\/consejos\/#organization"},"image":{"@id":"https:\/\/stacatarina.mx\/consejos\/desayuno-vegano-de-pascua-7-recetas-dulces-y-saladas-para-todos-los-gustos-y-malditamente-buenos\/#primaryimage"},"thumbnailUrl":"https:\/\/stacatarina.mx\/consejos\/wp-content\/uploads\/2025\/04\/Desayuno-vegano-de-Pascua-7-recetas-dulces-y-saladas-para.jpg","keywords":["buenos","Desayuno","dulces","gustos","los","malditamente","para","Pascua","recetas","saladas","todos","Vegano"],"articleSection":["Salud"],"inLanguage":"es"},{"@type":"WebPage","@id":"https:\/\/stacatarina.mx\/consejos\/desayuno-vegano-de-pascua-7-recetas-dulces-y-saladas-para-todos-los-gustos-y-malditamente-buenos\/","url":"https:\/\/stacatarina.mx\/consejos\/desayuno-vegano-de-pascua-7-recetas-dulces-y-saladas-para-todos-los-gustos-y-malditamente-buenos\/","name":"Desayuno vegano de Pascua: 7 recetas dulces y saladas para todos los gustos (y malditamente buenos) - Consejos - Santa Catarina","isPartOf":{"@id":"https:\/\/stacatarina.mx\/consejos\/#website"},"primaryImageOfPage":{"@id":"https:\/\/stacatarina.mx\/consejos\/desayuno-vegano-de-pascua-7-recetas-dulces-y-saladas-para-todos-los-gustos-y-malditamente-buenos\/#primaryimage"},"image":{"@id":"https:\/\/stacatarina.mx\/consejos\/desayuno-vegano-de-pascua-7-recetas-dulces-y-saladas-para-todos-los-gustos-y-malditamente-buenos\/#primaryimage"},"thumbnailUrl":"https:\/\/stacatarina.mx\/consejos\/wp-content\/uploads\/2025\/04\/Desayuno-vegano-de-Pascua-7-recetas-dulces-y-saladas-para.jpg","datePublished":"2025-04-16T17:23:52+00:00","dateModified":"2025-04-16T17:23:53+00:00","breadcrumb":{"@id":"https:\/\/stacatarina.mx\/consejos\/desayuno-vegano-de-pascua-7-recetas-dulces-y-saladas-para-todos-los-gustos-y-malditamente-buenos\/#breadcrumb"},"inLanguage":"es","potentialAction":[{"@type":"ReadAction","target":["https:\/\/stacatarina.mx\/consejos\/desayuno-vegano-de-pascua-7-recetas-dulces-y-saladas-para-todos-los-gustos-y-malditamente-buenos\/"]}]},{"@type":"ImageObject","inLanguage":"es","@id":"https:\/\/stacatarina.mx\/consejos\/desayuno-vegano-de-pascua-7-recetas-dulces-y-saladas-para-todos-los-gustos-y-malditamente-buenos\/#primaryimage","url":"https:\/\/stacatarina.mx\/consejos\/wp-content\/uploads\/2025\/04\/Desayuno-vegano-de-Pascua-7-recetas-dulces-y-saladas-para.jpg","contentUrl":"https:\/\/stacatarina.mx\/consejos\/wp-content\/uploads\/2025\/04\/Desayuno-vegano-de-Pascua-7-recetas-dulces-y-saladas-para.jpg","width":1500,"height":1000,"caption":"colazione di pasqua"},{"@type":"BreadcrumbList","@id":"https:\/\/stacatarina.mx\/consejos\/desayuno-vegano-de-pascua-7-recetas-dulces-y-saladas-para-todos-los-gustos-y-malditamente-buenos\/#breadcrumb","itemListElement":[{"@type":"ListItem","position":1,"name":"Inicio","item":"https:\/\/stacatarina.mx\/consejos\/"},{"@type":"ListItem","position":2,"name":"Desayuno vegano de Pascua: 7 recetas dulces y saladas para todos los gustos (y malditamente buenos)"}]},{"@type":"WebSite","@id":"https:\/\/stacatarina.mx\/consejos\/#website","url":"https:\/\/stacatarina.mx\/consejos\/","name":"Santa Catarina","description":"","publisher":{"@id":"https:\/\/stacatarina.mx\/consejos\/#organization"},"potentialAction":[{"@type":"SearchAction","target":{"@type":"EntryPoint","urlTemplate":"https:\/\/stacatarina.mx\/consejos\/?s={search_term_string}"},"query-input":{"@type":"PropertyValueSpecification","valueRequired":true,"valueName":"search_term_string"}}],"inLanguage":"es"},{"@type":"Organization","@id":"https:\/\/stacatarina.mx\/consejos\/#organization","name":"Santa Catarina","url":"https:\/\/stacatarina.mx\/consejos\/","logo":{"@type":"ImageObject","inLanguage":"es","@id":"https:\/\/stacatarina.mx\/consejos\/#\/schema\/logo\/image\/","url":"https:\/\/stacatarina.mx\/consejos\/wp-content\/uploads\/2024\/09\/cropped-favicon-1-1.png","contentUrl":"https:\/\/stacatarina.mx\/consejos\/wp-content\/uploads\/2024\/09\/cropped-favicon-1-1.png","width":512,"height":512,"caption":"Santa Catarina"},"image":{"@id":"https:\/\/stacatarina.mx\/consejos\/#\/schema\/logo\/image\/"},"sameAs":["https:\/\/www.facebook.com\/stacatarinagob\/","https:\/\/x.com\/stacatarinagob","https:\/\/www.instagram.com\/stacatarinagob\/","https:\/\/www.youtube.com\/channel\/UCK-6cQJL_904665N1_nLTWw"]},{"@type":"Person","@id":"https:\/\/stacatarina.mx\/consejos\/#\/schema\/person\/0be60adffa8e4c4d0828fdf021450e8a","name":"Pedro Mart\u00ednez","image":{"@type":"ImageObject","inLanguage":"es","@id":"https:\/\/stacatarina.mx\/consejos\/#\/schema\/person\/image\/","url":"https:\/\/stacatarina.mx\/consejos\/wp-content\/uploads\/2024\/09\/stacatarina.jpg","contentUrl":"https:\/\/stacatarina.mx\/consejos\/wp-content\/uploads\/2024\/09\/stacatarina.jpg","caption":"Pedro Mart\u00ednez"},"description":"Hola, soy Pedro Mart\u00ednez, redactor jefe del sitio oficial del ayuntamiento de Santa Catarina, en M\u00e9xico. Con m\u00e1s de diez a\u00f1os de experiencia en el periodismo local, tengo una pasi\u00f3n por la investigaci\u00f3n y la difusi\u00f3n de informaci\u00f3n que valoriza nuestra hermosa comunidad. Mi compromiso es hacer de Santa Catarina una referencia en materia de transparencia y comunicaci\u00f3n municipal.","sameAs":["https:\/\/stacatarina.mx\/"]}]}},"_links":{"self":[{"href":"https:\/\/stacatarina.mx\/consejos\/wp-json\/wp\/v2\/posts\/3563"}],"collection":[{"href":"https:\/\/stacatarina.mx\/consejos\/wp-json\/wp\/v2\/posts"}],"about":[{"href":"https:\/\/stacatarina.mx\/consejos\/wp-json\/wp\/v2\/types\/post"}],"author":[{"embeddable":true,"href":"https:\/\/stacatarina.mx\/consejos\/wp-json\/wp\/v2\/users\/1"}],"replies":[{"embeddable":true,"href":"https:\/\/stacatarina.mx\/consejos\/wp-json\/wp\/v2\/comments?post=3563"}],"version-history":[{"count":1,"href":"https:\/\/stacatarina.mx\/consejos\/wp-json\/wp\/v2\/posts\/3563\/revisions"}],"predecessor-version":[{"id":3565,"href":"https:\/\/stacatarina.mx\/consejos\/wp-json\/wp\/v2\/posts\/3563\/revisions\/3565"}],"wp:featuredmedia":[{"embeddable":true,"href":"https:\/\/stacatarina.mx\/consejos\/wp-json\/wp\/v2\/media\/3564"}],"wp:attachment":[{"href":"https:\/\/stacatarina.mx\/consejos\/wp-json\/wp\/v2\/media?parent=3563"}],"wp:term":[{"taxonomy":"category","embeddable":true,"href":"https:\/\/stacatarina.mx\/consejos\/wp-json\/wp\/v2\/categories?post=3563"},{"taxonomy":"post_tag","embeddable":true,"href":"https:\/\/stacatarina.mx\/consejos\/wp-json\/wp\/v2\/tags?post=3563"}],"curies":[{"name":"wp","href":"https:\/\/api.w.org\/{rel}","templated":true}]}}