{"id":364,"date":"2024-09-13T12:35:57","date_gmt":"2024-09-13T18:35:57","guid":{"rendered":"https:\/\/stacatarina.mx\/consejos\/pelicula-aislante-para-ventanas-realmente-funciona-y-protege-del-frio\/"},"modified":"2024-09-13T12:35:58","modified_gmt":"2024-09-13T18:35:58","slug":"pelicula-aislante-para-ventanas-realmente-funciona-y-protege-del-frio","status":"publish","type":"post","link":"https:\/\/stacatarina.mx\/consejos\/pelicula-aislante-para-ventanas-realmente-funciona-y-protege-del-frio\/","title":{"rendered":"Pel\u00edcula aislante para ventanas: \u00bfrealmente funciona y protege del fr\u00edo?"},"content":{"rendered":"<div><!--(--><!----><!----><\/p>\n<div class=\"wordpress-image\">\n<figure class=\"wp-block-image size-full\"><\/figure>\n<\/div>\n<p><!----><\/p>\n<div class=\"wordpress-paragraph\" style=\"--59bd087b:left;\" data-v-8ccac7f0=\"\">\n<p>Las ventanas son absolutamente fundamentales para la est\u00e9tica de su propiedad y, por supuesto, para la salud mental y f\u00edsica de los ocupantes de la casa. Sin embargo, por muy esenciales que sean, generan algunos problemas para la retenci\u00f3n de calor de su hogar, ya que generan una gran cantidad de p\u00e9rdida de calor.<\/p>\n<\/div>\n<p><!----><\/p>\n<div class=\"wordpress-paragraph\" style=\"--59bd087b:left;\" data-v-8ccac7f0=\"\">\n<p>Ahora bien, las ventanas de doble acristalamiento poseen propiedades t\u00e9rmicas mucho mejores que las de un solo panel, pero incluso las ventanas de doble acristalamiento necesitan una mano amiga para el aislamiento, y ah\u00ed es donde las pel\u00edculas aislantes para ventanas dan un paso adelante. Las pel\u00edculas para ventanas existen desde hace alg\u00fan tiempo y, originalmente, se utilizaban en entornos comerciales, antes de perfeccionarse para las casas residenciales.<\/p>\n<\/div>\n<p><!----><\/p>\n<div class=\"wordpress-paragraph\" style=\"--59bd087b:left;\" data-v-8ccac7f0=\"\">\n<p>En esta gu\u00eda, exploraremos las preguntas clave en torno a las pel\u00edculas para ventanas y si algo tan peque\u00f1o como una pel\u00edcula para ventanas puede hacer una gran diferencia en el aislamiento de su propiedad.<\/p>\n<\/div>\n<p><!----><\/p>\n<h2 class=\"wp-block-heading\">\u00bfFunciona realmente la pel\u00edcula aislante para ventanas?<\/h2>\n<p><!----><\/p>\n<div class=\"wordpress-paragraph\" style=\"--59bd087b:left;\" data-v-8ccac7f0=\"\">\n<p>En resumen, s\u00ed, las l\u00e1minas para ventanas realmente funcionan. Aunque no son m\u00e1gicas y si sus ventanas tienen problemas de fugas de aire o el aislamiento de su casa no es de la calidad adecuada, las l\u00e1minas para ventanas no resolver\u00e1n sus problemas de retenci\u00f3n de calor.<\/p>\n<\/div>\n<p><!----><\/p>\n<div class=\"wordpress-paragraph\" style=\"--59bd087b:left;\" data-v-8ccac7f0=\"\">\n<p>Si el aislamiento de su casa es de buena calidad, y tambi\u00e9n de sus ventanas, entonces la pel\u00edcula para ventanas definitivamente proporcionar\u00e1 esa capa adicional de aislamiento t\u00e9rmico que marcar\u00e1 una gran diferencia en la comodidad de su hogar. Sin embargo, la pel\u00edcula para ventanas no solo beneficia la comodidad de su hogar, sino tambi\u00e9n los costos de energ\u00eda, ya que una mejor retenci\u00f3n del calor en su hogar conduce a un menor desperdicio de energ\u00eda y a una reducci\u00f3n de las facturas de energ\u00eda cada semana.<\/p>\n<\/div>\n<p><!----><\/p>\n<div class=\"wordpress-paragraph\" style=\"--59bd087b:left;\" data-v-8ccac7f0=\"\">\n<p>Adem\u00e1s, la mayor\u00eda de los tipos de pel\u00edculas para ventanas tambi\u00e9n brindan protecci\u00f3n contra los da\u00f1inos rayos ultravioleta en los meses de verano, lo que le brinda la tranquilidad de poder relajarse bajo el sol sin preocuparse por los rayos ultravioleta. (Limpiar las ventanas con regularidad es otra excelente manera de mantenerlas en buen estado y ayudarlas a funcionar de manera m\u00e1s eficiente).<\/p>\n<\/div>\n<p><!----><\/p>\n<div class=\"wordpress-paragraph\" style=\"--59bd087b:left;\" data-v-8ccac7f0=\"\">\n<p>La pel\u00edcula aislante realmente puede aumentar una gran cantidad de aspectos positivos de su vivienda, algo que analizaremos m\u00e1s a fondo en una secci\u00f3n posterior.<\/p>\n<\/div>\n<p><!----><\/p>\n<h2 class=\"wp-block-heading\">\u00bfLa pel\u00edcula para ventanas mantiene el fr\u00edo afuera?<\/h2>\n<p><!----><\/p>\n<div class=\"wordpress-paragraph\" style=\"--59bd087b:left;\" data-v-8ccac7f0=\"\">\n<p>La pel\u00edcula para ventanas tiene un doble prop\u00f3sito en diferentes \u00e9pocas del a\u00f1o. En primer lugar, la pel\u00edcula aislante para ventanas se instala para mantener el calor dentro de su hogar al reducir la cantidad de calor que se pierde a trav\u00e9s del panel de vidrio transparente de la ventana; sin embargo, en el verano tambi\u00e9n ayuda a mantener las habitaciones frescas al reducir el calor de la luz solar que ingresa a su hogar.<\/p>\n<\/div>\n<p><!----><\/p>\n<div class=\"wordpress-paragraph\" style=\"--59bd087b:left;\" data-v-8ccac7f0=\"\">\n<p>La transferencia de calor de los radiadores y las chimeneas contribuye a la calidez de su hogar, por lo que es un verdadero problema cuando gran parte de ese calor se pierde a trav\u00e9s de las ventanas de vidrio. El aislamiento de la pel\u00edcula para ventanas evita que ese calor se escape y forma otro sello en las ventanas, proyectando el flujo de calor nuevamente hacia la habitaci\u00f3n.<\/p>\n<\/div>\n<p><!----><\/p>\n<div class=\"wordpress-paragraph\" style=\"--59bd087b:left;\" data-v-8ccac7f0=\"\">\n<p>Esto es ideal tanto para ventanas de guillotina como para ventanas m\u00e1s modernas, ya que evita la p\u00e9rdida de calor a trav\u00e9s del panel de vidrio de las ventanas, independientemente de si son de vidrio simple o doble. Las pel\u00edculas para ventanas son una opci\u00f3n rentable y f\u00e1cil de instalar para aumentar el aislamiento y la retenci\u00f3n de calor en su hogar, y la mayor\u00eda se instalan con cinta adhesiva de doble cara de 3 m o simplemente peg\u00e1ndolas directamente a las ventanas con un adhesivo seguro que viene con la pel\u00edcula aislante para ventanas.<\/p>\n<\/div>\n<p><!----><\/p>\n<h2 class=\"wp-block-heading\">\u00bfCu\u00e1nto ayuda la pel\u00edcula para ventanas?<\/h2>\n<p><!----><\/p>\n<div class=\"wordpress-paragraph\" style=\"--59bd087b:left;\" data-v-8ccac7f0=\"\">\n<p>Hay un mont\u00f3n de beneficios que se pueden disfrutar al usar pel\u00edculas para ventanas, y los exploraremos un poco m\u00e1s en secciones separadas aqu\u00ed con informaci\u00f3n m\u00e1s detallada para que los considere:<\/p>\n<\/div>\n<p><!----><\/p>\n<h3 class=\"wp-block-heading\">Beneficios<\/h3>\n<p><!----><\/p>\n<h4 class=\"wp-block-heading\">Versatilidad est\u00e9tica<\/h4>\n<p><!----><\/p>\n<div class=\"wordpress-paragraph\" style=\"--59bd087b:left;\" data-v-8ccac7f0=\"\">\n<p>No hay absolutamente nada que temer de las pel\u00edculas aislantes para ventanas en cuanto a que puedan arruinar la est\u00e9tica de su hogar. En el pasado, las pel\u00edculas para ventanas eran generalmente materiales reflectantes similares a l\u00e1minas que reduc\u00edan la visibilidad y ten\u00edan un aspecto un poco extra\u00f1o; sin embargo, la tecnolog\u00eda que rodea a las pel\u00edculas aislantes para ventanas ha garantizado que existan muchas variaciones diferentes de pel\u00edculas para ventanas, desde opciones reflectantes hasta completamente transparentes. La apariencia es importante para su hogar y no deber\u00eda tener que comprometer la calidad o la apariencia del producto.<\/p>\n<\/div>\n<p><!----><\/p>\n<h4 class=\"wp-block-heading\">Protecci\u00f3n UV y reducci\u00f3n del deslumbramiento<\/h4>\n<p><!----><\/p>\n<div class=\"wordpress-paragraph\" style=\"--59bd087b:left;\" data-v-8ccac7f0=\"\">\n<p>Las pel\u00edculas aislantes para ventanas ofrecen una excelente protecci\u00f3n contra los rayos UV da\u00f1inos del sol. Puede que no parezca una gran ventaja, pero si tienes ni\u00f1os peque\u00f1os a los que les gusta jugar en el interior, querr\u00e1s saber que se han tomado todas las precauciones posibles para garantizar su seguridad. De manera similar, el aislamiento de las pel\u00edculas para ventanas reduce la cantidad de reflejos en las pantallas de televisi\u00f3n y computadora para resolver cualquier problema de uso de la tecnolog\u00eda que puedas tener. Estas son caracter\u00edsticas de las pel\u00edculas para ventanas que se pueden pegar sobre el vidrio sin afectar la apariencia de tus ventanas.<\/p>\n<\/div>\n<p><!----><\/p>\n<h4 class=\"wp-block-heading\">Ahorro de energ\u00eda y reducci\u00f3n de facturas<\/h4>\n<p><!----><\/p>\n<div class=\"wordpress-paragraph\" style=\"--59bd087b:left;\" data-v-8ccac7f0=\"\">\n<p>Una cosa en la que la pel\u00edcula aislante para ventanas puede ayudarle a ahorrar dinero es en las facturas de energ\u00eda y en los costos generales de energ\u00eda durante todo el a\u00f1o. Los ahorros de energ\u00eda se generan al reducir la cantidad de calor que se pierde a trav\u00e9s de la ventana de vidrio y al aumentar el aislamiento general de su hogar. Teniendo en cuenta que la pel\u00edcula aislante para ventanas es tan barata, se trata de una inversi\u00f3n que se amortizar\u00e1 muy r\u00e1pidamente.<\/p>\n<\/div>\n<p><!----><\/p>\n<div class=\"wordpress-image\">\n<figure class=\"wp-block-image size-full\"><img decoding=\"async\" src=\"https:\/\/stacatarina.mx\/consejos\/wp-content\/uploads\/2024\/09\/1726142556_807_Pelicula-aislante-para-ventanas-\u00bfrealmente-funciona-y-protege-del-frio.png\" alt=\"\" class=\"wp-image-74133\"><\/figure>\n<\/div>\n<p><!----><\/p>\n<h2 class=\"wp-block-heading\">Los mejores productos de pel\u00edculas aislantes para ventanas<\/h2>\n<p><!----><\/p>\n<div class=\"wordpress-paragraph\" style=\"--59bd087b:left;\" data-v-8ccac7f0=\"\">\n<p>Ahora vamos a explorar las mejores pel\u00edculas para ventanas del mercado, algo de informaci\u00f3n sobre ellas y la industria, y qu\u00e9 las convierte en la mejor opci\u00f3n para miles de personas en todo el mundo.<\/p>\n<\/div>\n<p><!----><\/p>\n<h3 class=\"wp-block-heading\">Pel\u00edcula aislante para ventanas de invernadero Stormguard<\/h3>\n<p><!----><\/p>\n<div class=\"wordpress-paragraph\" style=\"--59bd087b:left;\" data-v-8ccac7f0=\"\">\n<p>El primer producto que se muestra es la pel\u00edcula para ventanas de invernadero Stormguard. Stormguard es l\u00edder en la industria de pel\u00edculas aislantes para ventanas y pel\u00edculas para ventanas en general, como se refleja en las rese\u00f1as de este producto y muchos otros.<\/p>\n<\/div>\n<p><!----><\/p>\n<div class=\"wordpress-paragraph\" style=\"--59bd087b:left;\" data-v-8ccac7f0=\"\">\n<p>Ahora bien, este art\u00edculo, que es el kit completo para aislar el vidrio de su invernadero, es incre\u00edblemente f\u00e1cil de instalar y la apariencia del kit lo dejar\u00e1 m\u00e1s que satisfecho. Simplemente limpie las ventanas con aguarr\u00e1s, aplique la cinta adhesiva de doble cara 3M en los bordes y f\u00edjela a la ventana y luego use un secador de pelo para fijar la pel\u00edcula a la ventana, aunque sea de manera temporal.<\/p>\n<\/div>\n<p><!----><\/p>\n<div class=\"wordpress-paragraph\" style=\"--59bd087b:left;\" data-v-8ccac7f0=\"\">\n<p>Una de las mejores caracter\u00edsticas de este producto es que la pel\u00edcula para ventanas pasa desapercibida una vez colocada correctamente. Mantiene la transparencia total en el vidrio de su ventana y puede instalarla en su invernadero, sala de estar o cualquier habitaci\u00f3n de su casa con ventanas. Este producto ha obtenido una respetable calificaci\u00f3n de 3,9 sobre 5, lo que es una gran puntuaci\u00f3n considerando que ha tenido casi 2000 rese\u00f1as hasta la fecha.<\/p>\n<\/div>\n<p><!----><\/p>\n<div class=\"wordpress-paragraph\" style=\"--59bd087b:left;\" data-v-8ccac7f0=\"\">\n<p>Los clientes parecen estar respondiendo bien a las caracter\u00edsticas del sistema Stormguard, y muchos de ellos informan que las corrientes de aire fr\u00edo y los problemas de temperatura son cosa del pasado. Los sistemas Stormguard se pueden encontrar en abundancia en muchos sitios web del Reino Unido, y puede hacer clic en toda su gama de productos para explorarlos por completo y leer toda la informaci\u00f3n del producto.<\/p>\n<\/div>\n<p><!----><\/p>\n<h3 class=\"wp-block-heading\">Kit de aislamiento con pel\u00edcula retr\u00e1ctil para ventanas de interior de Duck<\/h3>\n<p><!----><\/p>\n<div class=\"wordpress-paragraph\" style=\"--59bd087b:left;\" data-v-8ccac7f0=\"\">\n<p>Al igual que el Stormguard, la pel\u00edcula retr\u00e1ctil para ventanas Duck se puede encontrar en muchos sitios y tambi\u00e9n ha recibido mucha atenci\u00f3n en l\u00ednea a trav\u00e9s de diferentes publicaciones y la cantidad de estas publicaciones es bastante clara. El sistema Duck funciona casi exactamente de la misma manera que el Stormguard, ya que el aire caliente queda atrapado en el interior, lo que garantiza que la temperatura no baje. Teniendo en cuenta que es uno de los elementos aislantes m\u00e1s econ\u00f3micos del mercado, su calidad se destaca en su apariencia y calidad, y da una excelente imagen de s\u00ed mismo a lo largo de meses y a\u00f1os de uso.<\/p>\n<\/div>\n<p><!----><\/p>\n<div class=\"wordpress-paragraph\" style=\"--59bd087b:left;\" data-v-8ccac7f0=\"\">\n<p>El kit de aislamiento con pel\u00edcula retr\u00e1ctil para ventanas de interior Duck recibi\u00f3 una excelente calificaci\u00f3n de 4,2 sobre 5, aunque no tiene tantas rese\u00f1as como su competidor, Stormguard. Sin embargo, la calidad de este modelo ha sido recibida positivamente en todo el Reino Unido y la sencilla aplicaci\u00f3n de la cinta deja a las personas con una experiencia positiva que se refleja en la lista de rese\u00f1as.<\/p>\n<\/div>\n<p><!----><\/p>\n<h3 class=\"wp-block-heading\">Pel\u00edcula aislante para ventanas Tesamoll Thermo Cover<\/h3>\n<p><!----><\/p>\n<div class=\"wordpress-paragraph\" style=\"--59bd087b:left;\" data-v-8ccac7f0=\"\">\n<p>El \u00faltimo elemento de nuestra p\u00e1gina de exploraci\u00f3n de productos es la pel\u00edcula aislante para ventanas Thermo Cover de Tesamoll. Nuevamente, se instala y se aplica de la misma manera que los productos Duck y Stormguard, con cinta adhesiva de doble cara de 3 m y un secador de pelo para sellar la ventana y hacerla herm\u00e9tica.<\/p>\n<\/div>\n<p><!----><\/p>\n<div class=\"wordpress-paragraph\" style=\"--59bd087b:left;\" data-v-8ccac7f0=\"\">\n<p>Este producto parece ser especialmente adecuado para mantener la luz dentro de las habitaciones despu\u00e9s de su uso, algo por lo que otros tipos han sido criticados, aunque ninguno de esos productos ha llegado a nuestra colecci\u00f3n. El costo del tesamoll es nuevamente una inversi\u00f3n muy peque\u00f1a con mucho que ganar.<\/p>\n<\/div>\n<p><!----><\/p>\n<div class=\"wordpress-paragraph\" style=\"--59bd087b:left;\" data-v-8ccac7f0=\"\">\n<p>La aplicaci\u00f3n no requiere herramientas especializadas ni tiempo y espacio para instalarla. Tesamoll recibi\u00f3 cr\u00edticas positivas, con 4 estrellas de 5, lo que es una puntuaci\u00f3n muy buena teniendo en cuenta que hay m\u00e1s de 1300 evaluadores, \u00a1y esto se refleja en todos los competidores de la industria!<\/p>\n<\/div>\n<p><!----><\/p>\n<h2 class=\"wp-block-heading\">Conclusi\u00f3n<\/h2>\n<p><!----><\/p>\n<div class=\"wordpress-paragraph\" style=\"--59bd087b:left;\" data-v-8ccac7f0=\"\">\n<p>Las l\u00e1minas para ventanas son una incorporaci\u00f3n muy econ\u00f3mica a su casa, que da servicio a muchas \u00e1reas de su propiedad. Los beneficios que estas instalaciones aportan a su propiedad cubren la brecha entre una casa completamente aislada y una que carece de algunas \u00e1reas clave.<\/p>\n<\/div>\n<p><!----><\/p>\n<div class=\"wordpress-paragraph\" style=\"--59bd087b:left;\" data-v-8ccac7f0=\"\">\n<p>Los diferentes elementos que exploramos en nuestras rese\u00f1as son solo un par de ejemplos que muestran lo f\u00e1cil y econ\u00f3mico que es reforzar la retenci\u00f3n de calor en su propiedad, sin comprometer el espacio, la luz, el costo y la apariencia.<\/p>\n<\/div>\n<p><!----><\/p>\n<div class=\"wordpress-paragraph\" style=\"--59bd087b:left;\" data-v-8ccac7f0=\"\">\n<p>La pel\u00edcula para ventanas es un elemento clave para mantener el calor en su casa durante el invierno, evitando que sus habitaciones alcancen temperaturas insoportables en el verano, adem\u00e1s de eliminar los problemas de deslumbramiento y los rayos ultravioleta da\u00f1inos durante todo el a\u00f1o. Es algo muy sencillo de instalar en su casa y que se puede hacer en un instante. Si tiene problemas con la p\u00e9rdida de calor en su propiedad, \u00a1pruebe la pel\u00edcula para ventanas hoy mismo!<\/p>\n<\/div>\n<p><!--)--><\/div>\n","protected":false},"excerpt":{"rendered":"<p>Las ventanas son absolutamente fundamentales para la est\u00e9tica de su propiedad y, por supuesto, para la salud mental y f\u00edsica de los ocupantes de la<\/p>\n","protected":false},"author":1,"featured_media":207,"comment_status":"closed","ping_status":"","sticky":false,"template":"","format":"standard","meta":{"footnotes":""},"categories":[4],"tags":[51,23,55,16,29,50,54,53,52],"class_list":["post-364","post","type-post","status-publish","format-standard","has-post-thumbnail","hentry","category-ambiente","tag-aislante","tag-del","tag-frio","tag-funciona","tag-para","tag-pelicula","tag-protege","tag-realmente","tag-ventanas","generate-columns","tablet-grid-50","mobile-grid-100","grid-parent","grid-50"],"yoast_head":"<!-- This site is optimized with the Yoast SEO plugin v23.4 - https:\/\/yoast.com\/wordpress\/plugins\/seo\/ -->\n<title>Pel\u00edcula aislante para ventanas: \u00bfrealmente funciona y protege del fr\u00edo? - Consejos - Santa Catarina<\/title>\n<meta name=\"robots\" content=\"index, follow, max-snippet:-1, max-image-preview:large, max-video-preview:-1\" \/>\n<link rel=\"canonical\" href=\"https:\/\/stacatarina.mx\/consejos\/pelicula-aislante-para-ventanas-realmente-funciona-y-protege-del-frio\/\" \/>\n<meta property=\"og:locale\" content=\"es_MX\" \/>\n<meta property=\"og:type\" content=\"article\" \/>\n<meta property=\"og:title\" content=\"Pel\u00edcula aislante para ventanas: \u00bfrealmente funciona y protege del fr\u00edo? - Consejos - Santa Catarina\" \/>\n<meta property=\"og:description\" content=\"Las ventanas son absolutamente fundamentales para la est\u00e9tica de su propiedad y, por supuesto, para la salud mental y f\u00edsica de los ocupantes de la\" \/>\n<meta property=\"og:url\" content=\"https:\/\/stacatarina.mx\/consejos\/pelicula-aislante-para-ventanas-realmente-funciona-y-protege-del-frio\/\" \/>\n<meta property=\"og:site_name\" content=\"Santa Catarina\" \/>\n<meta property=\"article:publisher\" content=\"https:\/\/www.facebook.com\/stacatarinagob\/\" \/>\n<meta property=\"article:published_time\" content=\"2024-09-13T18:35:57+00:00\" \/>\n<meta property=\"article:modified_time\" content=\"2024-09-13T18:35:58+00:00\" \/>\n<meta property=\"og:image\" content=\"https:\/\/stacatarina.mx\/consejos\/wp-content\/uploads\/2024\/09\/Pelicula-aislante-para-ventanas-\u00bfrealmente-funciona-y-protege-del-frio.png\" \/>\n\t<meta property=\"og:image:width\" content=\"750\" \/>\n\t<meta property=\"og:image:height\" content=\"400\" \/>\n\t<meta property=\"og:image:type\" content=\"image\/png\" \/>\n<meta name=\"author\" content=\"Pedro Mart\u00ednez\" \/>\n<meta name=\"twitter:card\" content=\"summary_large_image\" \/>\n<meta name=\"twitter:creator\" content=\"@stacatarinagob\" \/>\n<meta name=\"twitter:site\" content=\"@stacatarinagob\" \/>\n<meta name=\"twitter:label1\" content=\"Escrito por\" \/>\n\t<meta name=\"twitter:data1\" content=\"Pedro Mart\u00ednez\" \/>\n\t<meta name=\"twitter:label2\" content=\"Tiempo de lectura\" \/>\n\t<meta name=\"twitter:data2\" content=\"10 minutos\" \/>\n<script type=\"application\/ld+json\" class=\"yoast-schema-graph\">{\"@context\":\"https:\/\/schema.org\",\"@graph\":[{\"@type\":\"Article\",\"@id\":\"https:\/\/stacatarina.mx\/consejos\/pelicula-aislante-para-ventanas-realmente-funciona-y-protege-del-frio\/#article\",\"isPartOf\":{\"@id\":\"https:\/\/stacatarina.mx\/consejos\/pelicula-aislante-para-ventanas-realmente-funciona-y-protege-del-frio\/\"},\"author\":{\"name\":\"Pedro Mart\u00ednez\",\"@id\":\"https:\/\/stacatarina.mx\/consejos\/#\/schema\/person\/0be60adffa8e4c4d0828fdf021450e8a\"},\"headline\":\"Pel\u00edcula aislante para ventanas: \u00bfrealmente funciona y protege del fr\u00edo?\",\"datePublished\":\"2024-09-13T18:35:57+00:00\",\"dateModified\":\"2024-09-13T18:35:58+00:00\",\"mainEntityOfPage\":{\"@id\":\"https:\/\/stacatarina.mx\/consejos\/pelicula-aislante-para-ventanas-realmente-funciona-y-protege-del-frio\/\"},\"wordCount\":1976,\"publisher\":{\"@id\":\"https:\/\/stacatarina.mx\/consejos\/#organization\"},\"image\":{\"@id\":\"https:\/\/stacatarina.mx\/consejos\/pelicula-aislante-para-ventanas-realmente-funciona-y-protege-del-frio\/#primaryimage\"},\"thumbnailUrl\":\"https:\/\/stacatarina.mx\/consejos\/wp-content\/uploads\/2024\/09\/Pelicula-aislante-para-ventanas-\u00bfrealmente-funciona-y-protege-del-frio.png\",\"keywords\":[\"aislante\",\"del\",\"fr\u00edo\",\"funciona\",\"para\",\"Pel\u00edcula\",\"protege\",\"realmente\",\"ventanas\"],\"articleSection\":[\"Ambiente\"],\"inLanguage\":\"es\"},{\"@type\":\"WebPage\",\"@id\":\"https:\/\/stacatarina.mx\/consejos\/pelicula-aislante-para-ventanas-realmente-funciona-y-protege-del-frio\/\",\"url\":\"https:\/\/stacatarina.mx\/consejos\/pelicula-aislante-para-ventanas-realmente-funciona-y-protege-del-frio\/\",\"name\":\"Pel\u00edcula aislante para ventanas: \u00bfrealmente funciona y protege del fr\u00edo? - Consejos - Santa Catarina\",\"isPartOf\":{\"@id\":\"https:\/\/stacatarina.mx\/consejos\/#website\"},\"primaryImageOfPage\":{\"@id\":\"https:\/\/stacatarina.mx\/consejos\/pelicula-aislante-para-ventanas-realmente-funciona-y-protege-del-frio\/#primaryimage\"},\"image\":{\"@id\":\"https:\/\/stacatarina.mx\/consejos\/pelicula-aislante-para-ventanas-realmente-funciona-y-protege-del-frio\/#primaryimage\"},\"thumbnailUrl\":\"https:\/\/stacatarina.mx\/consejos\/wp-content\/uploads\/2024\/09\/Pelicula-aislante-para-ventanas-\u00bfrealmente-funciona-y-protege-del-frio.png\",\"datePublished\":\"2024-09-13T18:35:57+00:00\",\"dateModified\":\"2024-09-13T18:35:58+00:00\",\"breadcrumb\":{\"@id\":\"https:\/\/stacatarina.mx\/consejos\/pelicula-aislante-para-ventanas-realmente-funciona-y-protege-del-frio\/#breadcrumb\"},\"inLanguage\":\"es\",\"potentialAction\":[{\"@type\":\"ReadAction\",\"target\":[\"https:\/\/stacatarina.mx\/consejos\/pelicula-aislante-para-ventanas-realmente-funciona-y-protege-del-frio\/\"]}]},{\"@type\":\"ImageObject\",\"inLanguage\":\"es\",\"@id\":\"https:\/\/stacatarina.mx\/consejos\/pelicula-aislante-para-ventanas-realmente-funciona-y-protege-del-frio\/#primaryimage\",\"url\":\"https:\/\/stacatarina.mx\/consejos\/wp-content\/uploads\/2024\/09\/Pelicula-aislante-para-ventanas-\u00bfrealmente-funciona-y-protege-del-frio.png\",\"contentUrl\":\"https:\/\/stacatarina.mx\/consejos\/wp-content\/uploads\/2024\/09\/Pelicula-aislante-para-ventanas-\u00bfrealmente-funciona-y-protege-del-frio.png\",\"width\":750,\"height\":400,\"caption\":\"Insulation film.\"},{\"@type\":\"BreadcrumbList\",\"@id\":\"https:\/\/stacatarina.mx\/consejos\/pelicula-aislante-para-ventanas-realmente-funciona-y-protege-del-frio\/#breadcrumb\",\"itemListElement\":[{\"@type\":\"ListItem\",\"position\":1,\"name\":\"Inicio\",\"item\":\"https:\/\/stacatarina.mx\/consejos\/\"},{\"@type\":\"ListItem\",\"position\":2,\"name\":\"Pel\u00edcula aislante para ventanas: \u00bfrealmente funciona y protege del fr\u00edo?\"}]},{\"@type\":\"WebSite\",\"@id\":\"https:\/\/stacatarina.mx\/consejos\/#website\",\"url\":\"https:\/\/stacatarina.mx\/consejos\/\",\"name\":\"Santa Catarina\",\"description\":\"\",\"publisher\":{\"@id\":\"https:\/\/stacatarina.mx\/consejos\/#organization\"},\"potentialAction\":[{\"@type\":\"SearchAction\",\"target\":{\"@type\":\"EntryPoint\",\"urlTemplate\":\"https:\/\/stacatarina.mx\/consejos\/?s={search_term_string}\"},\"query-input\":{\"@type\":\"PropertyValueSpecification\",\"valueRequired\":true,\"valueName\":\"search_term_string\"}}],\"inLanguage\":\"es\"},{\"@type\":\"Organization\",\"@id\":\"https:\/\/stacatarina.mx\/consejos\/#organization\",\"name\":\"Santa Catarina\",\"url\":\"https:\/\/stacatarina.mx\/consejos\/\",\"logo\":{\"@type\":\"ImageObject\",\"inLanguage\":\"es\",\"@id\":\"https:\/\/stacatarina.mx\/consejos\/#\/schema\/logo\/image\/\",\"url\":\"https:\/\/stacatarina.mx\/consejos\/wp-content\/uploads\/2024\/09\/cropped-favicon-1-1.png\",\"contentUrl\":\"https:\/\/stacatarina.mx\/consejos\/wp-content\/uploads\/2024\/09\/cropped-favicon-1-1.png\",\"width\":512,\"height\":512,\"caption\":\"Santa Catarina\"},\"image\":{\"@id\":\"https:\/\/stacatarina.mx\/consejos\/#\/schema\/logo\/image\/\"},\"sameAs\":[\"https:\/\/www.facebook.com\/stacatarinagob\/\",\"https:\/\/x.com\/stacatarinagob\",\"https:\/\/www.instagram.com\/stacatarinagob\/\",\"https:\/\/www.youtube.com\/channel\/UCK-6cQJL_904665N1_nLTWw\"]},{\"@type\":\"Person\",\"@id\":\"https:\/\/stacatarina.mx\/consejos\/#\/schema\/person\/0be60adffa8e4c4d0828fdf021450e8a\",\"name\":\"Pedro Mart\u00ednez\",\"image\":{\"@type\":\"ImageObject\",\"inLanguage\":\"es\",\"@id\":\"https:\/\/stacatarina.mx\/consejos\/#\/schema\/person\/image\/\",\"url\":\"https:\/\/stacatarina.mx\/consejos\/wp-content\/uploads\/2024\/09\/stacatarina.jpg\",\"contentUrl\":\"https:\/\/stacatarina.mx\/consejos\/wp-content\/uploads\/2024\/09\/stacatarina.jpg\",\"caption\":\"Pedro Mart\u00ednez\"},\"description\":\"Hola, soy Pedro Mart\u00ednez, redactor jefe del sitio oficial del ayuntamiento de Santa Catarina, en M\u00e9xico. Con m\u00e1s de diez a\u00f1os de experiencia en el periodismo local, tengo una pasi\u00f3n por la investigaci\u00f3n y la difusi\u00f3n de informaci\u00f3n que valoriza nuestra hermosa comunidad. Mi compromiso es hacer de Santa Catarina una referencia en materia de transparencia y comunicaci\u00f3n municipal.\",\"sameAs\":[\"https:\/\/stacatarina.mx\/\"]}]}<\/script>\n<!-- \/ Yoast SEO plugin. -->","yoast_head_json":{"title":"Pel\u00edcula aislante para ventanas: \u00bfrealmente funciona y protege del fr\u00edo? - Consejos - Santa Catarina","robots":{"index":"index","follow":"follow","max-snippet":"max-snippet:-1","max-image-preview":"max-image-preview:large","max-video-preview":"max-video-preview:-1"},"canonical":"https:\/\/stacatarina.mx\/consejos\/pelicula-aislante-para-ventanas-realmente-funciona-y-protege-del-frio\/","og_locale":"es_MX","og_type":"article","og_title":"Pel\u00edcula aislante para ventanas: \u00bfrealmente funciona y protege del fr\u00edo? - Consejos - Santa Catarina","og_description":"Las ventanas son absolutamente fundamentales para la est\u00e9tica de su propiedad y, por supuesto, para la salud mental y f\u00edsica de los ocupantes de la","og_url":"https:\/\/stacatarina.mx\/consejos\/pelicula-aislante-para-ventanas-realmente-funciona-y-protege-del-frio\/","og_site_name":"Santa Catarina","article_publisher":"https:\/\/www.facebook.com\/stacatarinagob\/","article_published_time":"2024-09-13T18:35:57+00:00","article_modified_time":"2024-09-13T18:35:58+00:00","og_image":[{"width":750,"height":400,"url":"https:\/\/stacatarina.mx\/consejos\/wp-content\/uploads\/2024\/09\/Pelicula-aislante-para-ventanas-\u00bfrealmente-funciona-y-protege-del-frio.png","type":"image\/png"}],"author":"Pedro Mart\u00ednez","twitter_card":"summary_large_image","twitter_creator":"@stacatarinagob","twitter_site":"@stacatarinagob","twitter_misc":{"Escrito por":"Pedro Mart\u00ednez","Tiempo de lectura":"10 minutos"},"schema":{"@context":"https:\/\/schema.org","@graph":[{"@type":"Article","@id":"https:\/\/stacatarina.mx\/consejos\/pelicula-aislante-para-ventanas-realmente-funciona-y-protege-del-frio\/#article","isPartOf":{"@id":"https:\/\/stacatarina.mx\/consejos\/pelicula-aislante-para-ventanas-realmente-funciona-y-protege-del-frio\/"},"author":{"name":"Pedro Mart\u00ednez","@id":"https:\/\/stacatarina.mx\/consejos\/#\/schema\/person\/0be60adffa8e4c4d0828fdf021450e8a"},"headline":"Pel\u00edcula aislante para ventanas: \u00bfrealmente funciona y protege del fr\u00edo?","datePublished":"2024-09-13T18:35:57+00:00","dateModified":"2024-09-13T18:35:58+00:00","mainEntityOfPage":{"@id":"https:\/\/stacatarina.mx\/consejos\/pelicula-aislante-para-ventanas-realmente-funciona-y-protege-del-frio\/"},"wordCount":1976,"publisher":{"@id":"https:\/\/stacatarina.mx\/consejos\/#organization"},"image":{"@id":"https:\/\/stacatarina.mx\/consejos\/pelicula-aislante-para-ventanas-realmente-funciona-y-protege-del-frio\/#primaryimage"},"thumbnailUrl":"https:\/\/stacatarina.mx\/consejos\/wp-content\/uploads\/2024\/09\/Pelicula-aislante-para-ventanas-\u00bfrealmente-funciona-y-protege-del-frio.png","keywords":["aislante","del","fr\u00edo","funciona","para","Pel\u00edcula","protege","realmente","ventanas"],"articleSection":["Ambiente"],"inLanguage":"es"},{"@type":"WebPage","@id":"https:\/\/stacatarina.mx\/consejos\/pelicula-aislante-para-ventanas-realmente-funciona-y-protege-del-frio\/","url":"https:\/\/stacatarina.mx\/consejos\/pelicula-aislante-para-ventanas-realmente-funciona-y-protege-del-frio\/","name":"Pel\u00edcula aislante para ventanas: \u00bfrealmente funciona y protege del fr\u00edo? - Consejos - Santa Catarina","isPartOf":{"@id":"https:\/\/stacatarina.mx\/consejos\/#website"},"primaryImageOfPage":{"@id":"https:\/\/stacatarina.mx\/consejos\/pelicula-aislante-para-ventanas-realmente-funciona-y-protege-del-frio\/#primaryimage"},"image":{"@id":"https:\/\/stacatarina.mx\/consejos\/pelicula-aislante-para-ventanas-realmente-funciona-y-protege-del-frio\/#primaryimage"},"thumbnailUrl":"https:\/\/stacatarina.mx\/consejos\/wp-content\/uploads\/2024\/09\/Pelicula-aislante-para-ventanas-\u00bfrealmente-funciona-y-protege-del-frio.png","datePublished":"2024-09-13T18:35:57+00:00","dateModified":"2024-09-13T18:35:58+00:00","breadcrumb":{"@id":"https:\/\/stacatarina.mx\/consejos\/pelicula-aislante-para-ventanas-realmente-funciona-y-protege-del-frio\/#breadcrumb"},"inLanguage":"es","potentialAction":[{"@type":"ReadAction","target":["https:\/\/stacatarina.mx\/consejos\/pelicula-aislante-para-ventanas-realmente-funciona-y-protege-del-frio\/"]}]},{"@type":"ImageObject","inLanguage":"es","@id":"https:\/\/stacatarina.mx\/consejos\/pelicula-aislante-para-ventanas-realmente-funciona-y-protege-del-frio\/#primaryimage","url":"https:\/\/stacatarina.mx\/consejos\/wp-content\/uploads\/2024\/09\/Pelicula-aislante-para-ventanas-\u00bfrealmente-funciona-y-protege-del-frio.png","contentUrl":"https:\/\/stacatarina.mx\/consejos\/wp-content\/uploads\/2024\/09\/Pelicula-aislante-para-ventanas-\u00bfrealmente-funciona-y-protege-del-frio.png","width":750,"height":400,"caption":"Insulation film."},{"@type":"BreadcrumbList","@id":"https:\/\/stacatarina.mx\/consejos\/pelicula-aislante-para-ventanas-realmente-funciona-y-protege-del-frio\/#breadcrumb","itemListElement":[{"@type":"ListItem","position":1,"name":"Inicio","item":"https:\/\/stacatarina.mx\/consejos\/"},{"@type":"ListItem","position":2,"name":"Pel\u00edcula aislante para ventanas: \u00bfrealmente funciona y protege del fr\u00edo?"}]},{"@type":"WebSite","@id":"https:\/\/stacatarina.mx\/consejos\/#website","url":"https:\/\/stacatarina.mx\/consejos\/","name":"Santa Catarina","description":"","publisher":{"@id":"https:\/\/stacatarina.mx\/consejos\/#organization"},"potentialAction":[{"@type":"SearchAction","target":{"@type":"EntryPoint","urlTemplate":"https:\/\/stacatarina.mx\/consejos\/?s={search_term_string}"},"query-input":{"@type":"PropertyValueSpecification","valueRequired":true,"valueName":"search_term_string"}}],"inLanguage":"es"},{"@type":"Organization","@id":"https:\/\/stacatarina.mx\/consejos\/#organization","name":"Santa Catarina","url":"https:\/\/stacatarina.mx\/consejos\/","logo":{"@type":"ImageObject","inLanguage":"es","@id":"https:\/\/stacatarina.mx\/consejos\/#\/schema\/logo\/image\/","url":"https:\/\/stacatarina.mx\/consejos\/wp-content\/uploads\/2024\/09\/cropped-favicon-1-1.png","contentUrl":"https:\/\/stacatarina.mx\/consejos\/wp-content\/uploads\/2024\/09\/cropped-favicon-1-1.png","width":512,"height":512,"caption":"Santa Catarina"},"image":{"@id":"https:\/\/stacatarina.mx\/consejos\/#\/schema\/logo\/image\/"},"sameAs":["https:\/\/www.facebook.com\/stacatarinagob\/","https:\/\/x.com\/stacatarinagob","https:\/\/www.instagram.com\/stacatarinagob\/","https:\/\/www.youtube.com\/channel\/UCK-6cQJL_904665N1_nLTWw"]},{"@type":"Person","@id":"https:\/\/stacatarina.mx\/consejos\/#\/schema\/person\/0be60adffa8e4c4d0828fdf021450e8a","name":"Pedro Mart\u00ednez","image":{"@type":"ImageObject","inLanguage":"es","@id":"https:\/\/stacatarina.mx\/consejos\/#\/schema\/person\/image\/","url":"https:\/\/stacatarina.mx\/consejos\/wp-content\/uploads\/2024\/09\/stacatarina.jpg","contentUrl":"https:\/\/stacatarina.mx\/consejos\/wp-content\/uploads\/2024\/09\/stacatarina.jpg","caption":"Pedro Mart\u00ednez"},"description":"Hola, soy Pedro Mart\u00ednez, redactor jefe del sitio oficial del ayuntamiento de Santa Catarina, en M\u00e9xico. Con m\u00e1s de diez a\u00f1os de experiencia en el periodismo local, tengo una pasi\u00f3n por la investigaci\u00f3n y la difusi\u00f3n de informaci\u00f3n que valoriza nuestra hermosa comunidad. Mi compromiso es hacer de Santa Catarina una referencia en materia de transparencia y comunicaci\u00f3n municipal.","sameAs":["https:\/\/stacatarina.mx\/"]}]}},"_links":{"self":[{"href":"https:\/\/stacatarina.mx\/consejos\/wp-json\/wp\/v2\/posts\/364"}],"collection":[{"href":"https:\/\/stacatarina.mx\/consejos\/wp-json\/wp\/v2\/posts"}],"about":[{"href":"https:\/\/stacatarina.mx\/consejos\/wp-json\/wp\/v2\/types\/post"}],"author":[{"embeddable":true,"href":"https:\/\/stacatarina.mx\/consejos\/wp-json\/wp\/v2\/users\/1"}],"replies":[{"embeddable":true,"href":"https:\/\/stacatarina.mx\/consejos\/wp-json\/wp\/v2\/comments?post=364"}],"version-history":[{"count":1,"href":"https:\/\/stacatarina.mx\/consejos\/wp-json\/wp\/v2\/posts\/364\/revisions"}],"predecessor-version":[{"id":365,"href":"https:\/\/stacatarina.mx\/consejos\/wp-json\/wp\/v2\/posts\/364\/revisions\/365"}],"wp:featuredmedia":[{"embeddable":true,"href":"https:\/\/stacatarina.mx\/consejos\/wp-json\/wp\/v2\/media\/207"}],"wp:attachment":[{"href":"https:\/\/stacatarina.mx\/consejos\/wp-json\/wp\/v2\/media?parent=364"}],"wp:term":[{"taxonomy":"category","embeddable":true,"href":"https:\/\/stacatarina.mx\/consejos\/wp-json\/wp\/v2\/categories?post=364"},{"taxonomy":"post_tag","embeddable":true,"href":"https:\/\/stacatarina.mx\/consejos\/wp-json\/wp\/v2\/tags?post=364"}],"curies":[{"name":"wp","href":"https:\/\/api.w.org\/{rel}","templated":true}]}}