{"id":3652,"date":"2025-04-24T09:23:36","date_gmt":"2025-04-24T15:23:36","guid":{"rendered":"https:\/\/stacatarina.mx\/consejos\/olvidate-de-la-curcuma-o-el-jengibre-este-es-el-alimento-mas-antiinflamatorio-en-la-tierra\/"},"modified":"2025-04-24T09:23:37","modified_gmt":"2025-04-24T15:23:37","slug":"olvidate-de-la-curcuma-o-el-jengibre-este-es-el-alimento-mas-antiinflamatorio-en-la-tierra","status":"publish","type":"post","link":"https:\/\/stacatarina.mx\/consejos\/olvidate-de-la-curcuma-o-el-jengibre-este-es-el-alimento-mas-antiinflamatorio-en-la-tierra\/","title":{"rendered":"Olv\u00eddate de la c\u00farcuma o el jengibre, este es el alimento m\u00e1s antiinflamatorio en la Tierra"},"content":{"rendered":"<p class=\"single-abstract\">\n<p>\t\t\t\t\t\t\t\t\t\t\t\t\t\t\t\t\tUna nueva revisi\u00f3n cient\u00edfica ha identificado a Nigella sativa (semillas de comino negro) como uno de los agentes antiinflamatorios naturales m\u00e1s potentes jam\u00e1s descubiertos. Su principal compuesto activo, el Timochinone, ha sido ampliamente dise\u00f1ado para su capacidad para modular las rutas inflamatorias a nivel celular\t\t\t\t\t\t\t\t\t\t\t\t\t\t\t<\/p>\n<div class=\"daily-video\" style=\"display: none;\"><\/div>\n<div class=\"wrapper-player\" style=\"display: none; margin-bottom: 15px;\">\n<div id=\"daily-player\" style=\"position: relative; max-width: 100%;\" class=\"video-content\"><\/div>\n<\/p><\/div>\n<div class=\"image-wrapper featured-image no-lazy\" id=\"featured-image\"><\/div>\n<p>Utilizado durante miles de a\u00f1os en medicina tradicional, esas peque\u00f1as semillas negras podr\u00edan ser <strong>Uno de los mejores alimentos antiinflamatorios naturales del planeta<\/strong>. Incluso mucho m\u00e1s que la c\u00farcuma y el jengibre.<\/p>\n<p>Estamos hablando de las semillas de <strong>comino negro <\/strong>Y afirmar que es una nueva revisi\u00f3n cient\u00edfica completa centrada en la efectividad <strong>antioxidante<\/strong>antimicrobiano y terap\u00e9utico del <em>Nigella sativa<\/em> L., de su aceite y su componente bioactivo, el <em>timocinona<\/em> (Tq).<\/p>\n<aside style=\"margin: 8px auto; text-align: center; display: block; clear: both;\">\n<div id=\"gpt-passback\">\n<\/div>\n<\/aside>\n<p>Esta revisi\u00f3n revel\u00f3 una amplia gama de propiedades farmacol\u00f3gicas, incluidos los efectos anticancer\u00edgenos, inmunomoduladores, analg\u00e9sicos, antimicrobianos, anti -odobos y anti -inflamatorios, as\u00ed como actividades neuroprotectivas, espasm\u00edticas, broncodilatorias, h\u00edgado, renoprotectoras, gastrofrotectivas y antioxidantes.<\/p>\n<h2><span class=\"ez-toc-section\" id=\"Cosa_rende_il_cumino_nero_cosi_potente\"><\/span>\u00bfQu\u00e9 hace que el comino negro sea tan poderoso?<span class=\"ez-toc-section-end\"><\/span><\/h2>\n<p>El verdadero portente dentro de las semillas de comino negro es un compuesto llamado <strong>timocinona<\/strong>Sustancia natural que mostr\u00f3 en los estudios:<\/p>\n<h2><span class=\"ez-toc-section\" id=\"Il_cumino_nero_e_piu_efficace_di_curcuma_e_zenzero\"><\/span>\u00bfEl comino negro es m\u00e1s efectivo que la c\u00farcuma y el jengibre?<span class=\"ez-toc-section-end\"><\/span><\/h2>\n<p>La c\u00farcuma y el jengibre son extra\u00f1amente para sus poderes curativos, especialmente cuando hablamos de dolor en las articulaciones, digesti\u00f3n y s\u00edntomas de la gripe. Pero los estudios ahora muestran que el <strong>El comino negro puede ser a\u00fan mejor<\/strong>.<\/p>\n<p>Un estudio de 2021 ya hab\u00eda descubierto c\u00f3mo el extracto de comino reduce la inflamaci\u00f3n de manera m\u00e1s efectiva, actuando profundamente en el cuerpo y c\u00f3mo sus efectos duran con el tiempo.<\/p>\n<blockquote>\n<p>Esto, lee el estudio, no significa que el jengibre y la c\u00farcuma se abolieran, pero que la adici\u00f3n de comino negro a la mezcla podr\u00eda llevar los beneficios antiinflamatorios a un nivel superior.<\/p>\n<\/blockquote>\n<h2><span class=\"ez-toc-section\" id=\"Come_il_cumino_nero_aiuta_tutto_il_corpo\"><\/span>Como el comino negro ayuda a todo el cuerpo<span class=\"ez-toc-section-end\"><\/span><\/h2>\n<p>Las semillas de comino negro no solo son \u00fatiles para reducir el dolor y la hinchaz\u00f3n, sino que en realidad apoyan todo el cuerpo:<\/p>\n<aside style=\"margin: 8px auto; display: flex; justify-content: center; min-height: 251px;\">\n<div id=\"div-gpt-ad-MPU_Bottom_1\" style=\"min-width: 300px; min-height: 252px;\">\n<\/div>\n<\/aside>\n<h2><span class=\"ez-toc-section\" id=\"Come_usare_il_cumino_nero\"><\/span>C\u00f3mo usar el comino negro<span class=\"ez-toc-section-end\"><\/span><\/h2>\n<p>Las semillas de comino negra se pueden tomar en diferentes formas:<\/p>\n<h3><span class=\"ez-toc-section\" id=\"Le_controindicazioni_dei_semi_di_cumino_nero\"><\/span><span id=\"Controindicazioni_dei_semi_di_cumino_nero\" class=\"ez-toc-section\"><\/span>Las contraindicaciones de las semillas de comino negro<span class=\"ez-toc-section-end\"><\/span><\/h3>\n<p>En general, no se recomienda tomar, de ninguna forma, el comino negro en el embarazo. De hecho, existe la posibilidad de que los ingredientes activos presentes en esta planta conduzcan a la aparici\u00f3n de contracciones prematuras.<\/p><\/p>\n","protected":false},"excerpt":{"rendered":"<p>Una nueva revisi\u00f3n cient\u00edfica ha identificado a Nigella sativa (semillas de comino negro) como uno de los agentes antiinflamatorios naturales m\u00e1s potentes jam\u00e1s descubiertos. Su<\/p>\n","protected":false},"author":1,"featured_media":3653,"comment_status":"closed","ping_status":"","sticky":false,"template":"","format":"standard","meta":{"footnotes":""},"categories":[762],"tags":[4118,4566,3585,339,2693,137,4347,1498],"class_list":["post-3652","post","type-post","status-publish","format-standard","has-post-thumbnail","hentry","category-salud","tag-alimento","tag-antiinflamatorio","tag-curcuma","tag-este","tag-jengibre","tag-mas","tag-olvidate","tag-tierra","generate-columns","tablet-grid-50","mobile-grid-100","grid-parent","grid-50"],"yoast_head":"<!-- This site is optimized with the Yoast SEO plugin v23.4 - https:\/\/yoast.com\/wordpress\/plugins\/seo\/ -->\n<title>Olv\u00eddate de la c\u00farcuma o el jengibre, este es el alimento m\u00e1s antiinflamatorio en la Tierra - Consejos - Santa Catarina<\/title>\n<meta name=\"robots\" content=\"index, follow, max-snippet:-1, max-image-preview:large, max-video-preview:-1\" \/>\n<link rel=\"canonical\" href=\"https:\/\/stacatarina.mx\/consejos\/olvidate-de-la-curcuma-o-el-jengibre-este-es-el-alimento-mas-antiinflamatorio-en-la-tierra\/\" \/>\n<meta property=\"og:locale\" content=\"es_MX\" \/>\n<meta property=\"og:type\" content=\"article\" \/>\n<meta property=\"og:title\" content=\"Olv\u00eddate de la c\u00farcuma o el jengibre, este es el alimento m\u00e1s antiinflamatorio en la Tierra - Consejos - Santa Catarina\" \/>\n<meta property=\"og:description\" content=\"Una nueva revisi\u00f3n cient\u00edfica ha identificado a Nigella sativa (semillas de comino negro) como uno de los agentes antiinflamatorios naturales m\u00e1s potentes jam\u00e1s descubiertos. Su\" \/>\n<meta property=\"og:url\" content=\"https:\/\/stacatarina.mx\/consejos\/olvidate-de-la-curcuma-o-el-jengibre-este-es-el-alimento-mas-antiinflamatorio-en-la-tierra\/\" \/>\n<meta property=\"og:site_name\" content=\"Santa Catarina\" \/>\n<meta property=\"article:publisher\" content=\"https:\/\/www.facebook.com\/stacatarinagob\/\" \/>\n<meta property=\"article:published_time\" content=\"2025-04-24T15:23:36+00:00\" \/>\n<meta property=\"article:modified_time\" content=\"2025-04-24T15:23:37+00:00\" \/>\n<meta property=\"og:image\" content=\"https:\/\/stacatarina.mx\/consejos\/wp-content\/uploads\/2025\/04\/Olvidate-de-la-curcuma-o-el-jengibre-este-es-el.jpg\" \/>\n\t<meta property=\"og:image:width\" content=\"1500\" \/>\n\t<meta property=\"og:image:height\" content=\"1000\" \/>\n\t<meta property=\"og:image:type\" content=\"image\/jpeg\" \/>\n<meta name=\"author\" content=\"Pedro Mart\u00ednez\" \/>\n<meta name=\"twitter:card\" content=\"summary_large_image\" \/>\n<meta name=\"twitter:creator\" content=\"@stacatarinagob\" \/>\n<meta name=\"twitter:site\" content=\"@stacatarinagob\" \/>\n<meta name=\"twitter:label1\" content=\"Escrito por\" \/>\n\t<meta name=\"twitter:data1\" content=\"Pedro Mart\u00ednez\" \/>\n\t<meta name=\"twitter:label2\" content=\"Tiempo de lectura\" \/>\n\t<meta name=\"twitter:data2\" content=\"2 minutos\" \/>\n<script type=\"application\/ld+json\" class=\"yoast-schema-graph\">{\"@context\":\"https:\/\/schema.org\",\"@graph\":[{\"@type\":\"Article\",\"@id\":\"https:\/\/stacatarina.mx\/consejos\/olvidate-de-la-curcuma-o-el-jengibre-este-es-el-alimento-mas-antiinflamatorio-en-la-tierra\/#article\",\"isPartOf\":{\"@id\":\"https:\/\/stacatarina.mx\/consejos\/olvidate-de-la-curcuma-o-el-jengibre-este-es-el-alimento-mas-antiinflamatorio-en-la-tierra\/\"},\"author\":{\"name\":\"Pedro Mart\u00ednez\",\"@id\":\"https:\/\/stacatarina.mx\/consejos\/#\/schema\/person\/0be60adffa8e4c4d0828fdf021450e8a\"},\"headline\":\"Olv\u00eddate de la c\u00farcuma o el jengibre, este es el alimento m\u00e1s antiinflamatorio en la Tierra\",\"datePublished\":\"2025-04-24T15:23:36+00:00\",\"dateModified\":\"2025-04-24T15:23:37+00:00\",\"mainEntityOfPage\":{\"@id\":\"https:\/\/stacatarina.mx\/consejos\/olvidate-de-la-curcuma-o-el-jengibre-este-es-el-alimento-mas-antiinflamatorio-en-la-tierra\/\"},\"wordCount\":441,\"publisher\":{\"@id\":\"https:\/\/stacatarina.mx\/consejos\/#organization\"},\"image\":{\"@id\":\"https:\/\/stacatarina.mx\/consejos\/olvidate-de-la-curcuma-o-el-jengibre-este-es-el-alimento-mas-antiinflamatorio-en-la-tierra\/#primaryimage\"},\"thumbnailUrl\":\"https:\/\/stacatarina.mx\/consejos\/wp-content\/uploads\/2025\/04\/Olvidate-de-la-curcuma-o-el-jengibre-este-es-el.jpg\",\"keywords\":[\"alimento\",\"antiinflamatorio\",\"c\u00farcuma\",\"este\",\"jengibre\",\"m\u00e1s\",\"Olv\u00eddate\",\"Tierra\"],\"articleSection\":[\"Salud\"],\"inLanguage\":\"es\"},{\"@type\":\"WebPage\",\"@id\":\"https:\/\/stacatarina.mx\/consejos\/olvidate-de-la-curcuma-o-el-jengibre-este-es-el-alimento-mas-antiinflamatorio-en-la-tierra\/\",\"url\":\"https:\/\/stacatarina.mx\/consejos\/olvidate-de-la-curcuma-o-el-jengibre-este-es-el-alimento-mas-antiinflamatorio-en-la-tierra\/\",\"name\":\"Olv\u00eddate de la c\u00farcuma o el jengibre, este es el alimento m\u00e1s antiinflamatorio en la Tierra - Consejos - Santa Catarina\",\"isPartOf\":{\"@id\":\"https:\/\/stacatarina.mx\/consejos\/#website\"},\"primaryImageOfPage\":{\"@id\":\"https:\/\/stacatarina.mx\/consejos\/olvidate-de-la-curcuma-o-el-jengibre-este-es-el-alimento-mas-antiinflamatorio-en-la-tierra\/#primaryimage\"},\"image\":{\"@id\":\"https:\/\/stacatarina.mx\/consejos\/olvidate-de-la-curcuma-o-el-jengibre-este-es-el-alimento-mas-antiinflamatorio-en-la-tierra\/#primaryimage\"},\"thumbnailUrl\":\"https:\/\/stacatarina.mx\/consejos\/wp-content\/uploads\/2025\/04\/Olvidate-de-la-curcuma-o-el-jengibre-este-es-el.jpg\",\"datePublished\":\"2025-04-24T15:23:36+00:00\",\"dateModified\":\"2025-04-24T15:23:37+00:00\",\"breadcrumb\":{\"@id\":\"https:\/\/stacatarina.mx\/consejos\/olvidate-de-la-curcuma-o-el-jengibre-este-es-el-alimento-mas-antiinflamatorio-en-la-tierra\/#breadcrumb\"},\"inLanguage\":\"es\",\"potentialAction\":[{\"@type\":\"ReadAction\",\"target\":[\"https:\/\/stacatarina.mx\/consejos\/olvidate-de-la-curcuma-o-el-jengibre-este-es-el-alimento-mas-antiinflamatorio-en-la-tierra\/\"]}]},{\"@type\":\"ImageObject\",\"inLanguage\":\"es\",\"@id\":\"https:\/\/stacatarina.mx\/consejos\/olvidate-de-la-curcuma-o-el-jengibre-este-es-el-alimento-mas-antiinflamatorio-en-la-tierra\/#primaryimage\",\"url\":\"https:\/\/stacatarina.mx\/consejos\/wp-content\/uploads\/2025\/04\/Olvidate-de-la-curcuma-o-el-jengibre-este-es-el.jpg\",\"contentUrl\":\"https:\/\/stacatarina.mx\/consejos\/wp-content\/uploads\/2025\/04\/Olvidate-de-la-curcuma-o-el-jengibre-este-es-el.jpg\",\"width\":1500,\"height\":1000,\"caption\":\"cumino nero\"},{\"@type\":\"BreadcrumbList\",\"@id\":\"https:\/\/stacatarina.mx\/consejos\/olvidate-de-la-curcuma-o-el-jengibre-este-es-el-alimento-mas-antiinflamatorio-en-la-tierra\/#breadcrumb\",\"itemListElement\":[{\"@type\":\"ListItem\",\"position\":1,\"name\":\"Inicio\",\"item\":\"https:\/\/stacatarina.mx\/consejos\/\"},{\"@type\":\"ListItem\",\"position\":2,\"name\":\"Olv\u00eddate de la c\u00farcuma o el jengibre, este es el alimento m\u00e1s antiinflamatorio en la Tierra\"}]},{\"@type\":\"WebSite\",\"@id\":\"https:\/\/stacatarina.mx\/consejos\/#website\",\"url\":\"https:\/\/stacatarina.mx\/consejos\/\",\"name\":\"Santa Catarina\",\"description\":\"\",\"publisher\":{\"@id\":\"https:\/\/stacatarina.mx\/consejos\/#organization\"},\"potentialAction\":[{\"@type\":\"SearchAction\",\"target\":{\"@type\":\"EntryPoint\",\"urlTemplate\":\"https:\/\/stacatarina.mx\/consejos\/?s={search_term_string}\"},\"query-input\":{\"@type\":\"PropertyValueSpecification\",\"valueRequired\":true,\"valueName\":\"search_term_string\"}}],\"inLanguage\":\"es\"},{\"@type\":\"Organization\",\"@id\":\"https:\/\/stacatarina.mx\/consejos\/#organization\",\"name\":\"Santa Catarina\",\"url\":\"https:\/\/stacatarina.mx\/consejos\/\",\"logo\":{\"@type\":\"ImageObject\",\"inLanguage\":\"es\",\"@id\":\"https:\/\/stacatarina.mx\/consejos\/#\/schema\/logo\/image\/\",\"url\":\"https:\/\/stacatarina.mx\/consejos\/wp-content\/uploads\/2024\/09\/cropped-favicon-1-1.png\",\"contentUrl\":\"https:\/\/stacatarina.mx\/consejos\/wp-content\/uploads\/2024\/09\/cropped-favicon-1-1.png\",\"width\":512,\"height\":512,\"caption\":\"Santa Catarina\"},\"image\":{\"@id\":\"https:\/\/stacatarina.mx\/consejos\/#\/schema\/logo\/image\/\"},\"sameAs\":[\"https:\/\/www.facebook.com\/stacatarinagob\/\",\"https:\/\/x.com\/stacatarinagob\",\"https:\/\/www.instagram.com\/stacatarinagob\/\",\"https:\/\/www.youtube.com\/channel\/UCK-6cQJL_904665N1_nLTWw\"]},{\"@type\":\"Person\",\"@id\":\"https:\/\/stacatarina.mx\/consejos\/#\/schema\/person\/0be60adffa8e4c4d0828fdf021450e8a\",\"name\":\"Pedro Mart\u00ednez\",\"image\":{\"@type\":\"ImageObject\",\"inLanguage\":\"es\",\"@id\":\"https:\/\/stacatarina.mx\/consejos\/#\/schema\/person\/image\/\",\"url\":\"https:\/\/stacatarina.mx\/consejos\/wp-content\/uploads\/2024\/09\/stacatarina.jpg\",\"contentUrl\":\"https:\/\/stacatarina.mx\/consejos\/wp-content\/uploads\/2024\/09\/stacatarina.jpg\",\"caption\":\"Pedro Mart\u00ednez\"},\"description\":\"Hola, soy Pedro Mart\u00ednez, redactor jefe del sitio oficial del ayuntamiento de Santa Catarina, en M\u00e9xico. Con m\u00e1s de diez a\u00f1os de experiencia en el periodismo local, tengo una pasi\u00f3n por la investigaci\u00f3n y la difusi\u00f3n de informaci\u00f3n que valoriza nuestra hermosa comunidad. Mi compromiso es hacer de Santa Catarina una referencia en materia de transparencia y comunicaci\u00f3n municipal.\",\"sameAs\":[\"https:\/\/stacatarina.mx\/\"]}]}<\/script>\n<!-- \/ Yoast SEO plugin. -->","yoast_head_json":{"title":"Olv\u00eddate de la c\u00farcuma o el jengibre, este es el alimento m\u00e1s antiinflamatorio en la Tierra - Consejos - Santa Catarina","robots":{"index":"index","follow":"follow","max-snippet":"max-snippet:-1","max-image-preview":"max-image-preview:large","max-video-preview":"max-video-preview:-1"},"canonical":"https:\/\/stacatarina.mx\/consejos\/olvidate-de-la-curcuma-o-el-jengibre-este-es-el-alimento-mas-antiinflamatorio-en-la-tierra\/","og_locale":"es_MX","og_type":"article","og_title":"Olv\u00eddate de la c\u00farcuma o el jengibre, este es el alimento m\u00e1s antiinflamatorio en la Tierra - Consejos - Santa Catarina","og_description":"Una nueva revisi\u00f3n cient\u00edfica ha identificado a Nigella sativa (semillas de comino negro) como uno de los agentes antiinflamatorios naturales m\u00e1s potentes jam\u00e1s descubiertos. Su","og_url":"https:\/\/stacatarina.mx\/consejos\/olvidate-de-la-curcuma-o-el-jengibre-este-es-el-alimento-mas-antiinflamatorio-en-la-tierra\/","og_site_name":"Santa Catarina","article_publisher":"https:\/\/www.facebook.com\/stacatarinagob\/","article_published_time":"2025-04-24T15:23:36+00:00","article_modified_time":"2025-04-24T15:23:37+00:00","og_image":[{"width":1500,"height":1000,"url":"https:\/\/stacatarina.mx\/consejos\/wp-content\/uploads\/2025\/04\/Olvidate-de-la-curcuma-o-el-jengibre-este-es-el.jpg","type":"image\/jpeg"}],"author":"Pedro Mart\u00ednez","twitter_card":"summary_large_image","twitter_creator":"@stacatarinagob","twitter_site":"@stacatarinagob","twitter_misc":{"Escrito por":"Pedro Mart\u00ednez","Tiempo de lectura":"2 minutos"},"schema":{"@context":"https:\/\/schema.org","@graph":[{"@type":"Article","@id":"https:\/\/stacatarina.mx\/consejos\/olvidate-de-la-curcuma-o-el-jengibre-este-es-el-alimento-mas-antiinflamatorio-en-la-tierra\/#article","isPartOf":{"@id":"https:\/\/stacatarina.mx\/consejos\/olvidate-de-la-curcuma-o-el-jengibre-este-es-el-alimento-mas-antiinflamatorio-en-la-tierra\/"},"author":{"name":"Pedro Mart\u00ednez","@id":"https:\/\/stacatarina.mx\/consejos\/#\/schema\/person\/0be60adffa8e4c4d0828fdf021450e8a"},"headline":"Olv\u00eddate de la c\u00farcuma o el jengibre, este es el alimento m\u00e1s antiinflamatorio en la Tierra","datePublished":"2025-04-24T15:23:36+00:00","dateModified":"2025-04-24T15:23:37+00:00","mainEntityOfPage":{"@id":"https:\/\/stacatarina.mx\/consejos\/olvidate-de-la-curcuma-o-el-jengibre-este-es-el-alimento-mas-antiinflamatorio-en-la-tierra\/"},"wordCount":441,"publisher":{"@id":"https:\/\/stacatarina.mx\/consejos\/#organization"},"image":{"@id":"https:\/\/stacatarina.mx\/consejos\/olvidate-de-la-curcuma-o-el-jengibre-este-es-el-alimento-mas-antiinflamatorio-en-la-tierra\/#primaryimage"},"thumbnailUrl":"https:\/\/stacatarina.mx\/consejos\/wp-content\/uploads\/2025\/04\/Olvidate-de-la-curcuma-o-el-jengibre-este-es-el.jpg","keywords":["alimento","antiinflamatorio","c\u00farcuma","este","jengibre","m\u00e1s","Olv\u00eddate","Tierra"],"articleSection":["Salud"],"inLanguage":"es"},{"@type":"WebPage","@id":"https:\/\/stacatarina.mx\/consejos\/olvidate-de-la-curcuma-o-el-jengibre-este-es-el-alimento-mas-antiinflamatorio-en-la-tierra\/","url":"https:\/\/stacatarina.mx\/consejos\/olvidate-de-la-curcuma-o-el-jengibre-este-es-el-alimento-mas-antiinflamatorio-en-la-tierra\/","name":"Olv\u00eddate de la c\u00farcuma o el jengibre, este es el alimento m\u00e1s antiinflamatorio en la Tierra - Consejos - Santa Catarina","isPartOf":{"@id":"https:\/\/stacatarina.mx\/consejos\/#website"},"primaryImageOfPage":{"@id":"https:\/\/stacatarina.mx\/consejos\/olvidate-de-la-curcuma-o-el-jengibre-este-es-el-alimento-mas-antiinflamatorio-en-la-tierra\/#primaryimage"},"image":{"@id":"https:\/\/stacatarina.mx\/consejos\/olvidate-de-la-curcuma-o-el-jengibre-este-es-el-alimento-mas-antiinflamatorio-en-la-tierra\/#primaryimage"},"thumbnailUrl":"https:\/\/stacatarina.mx\/consejos\/wp-content\/uploads\/2025\/04\/Olvidate-de-la-curcuma-o-el-jengibre-este-es-el.jpg","datePublished":"2025-04-24T15:23:36+00:00","dateModified":"2025-04-24T15:23:37+00:00","breadcrumb":{"@id":"https:\/\/stacatarina.mx\/consejos\/olvidate-de-la-curcuma-o-el-jengibre-este-es-el-alimento-mas-antiinflamatorio-en-la-tierra\/#breadcrumb"},"inLanguage":"es","potentialAction":[{"@type":"ReadAction","target":["https:\/\/stacatarina.mx\/consejos\/olvidate-de-la-curcuma-o-el-jengibre-este-es-el-alimento-mas-antiinflamatorio-en-la-tierra\/"]}]},{"@type":"ImageObject","inLanguage":"es","@id":"https:\/\/stacatarina.mx\/consejos\/olvidate-de-la-curcuma-o-el-jengibre-este-es-el-alimento-mas-antiinflamatorio-en-la-tierra\/#primaryimage","url":"https:\/\/stacatarina.mx\/consejos\/wp-content\/uploads\/2025\/04\/Olvidate-de-la-curcuma-o-el-jengibre-este-es-el.jpg","contentUrl":"https:\/\/stacatarina.mx\/consejos\/wp-content\/uploads\/2025\/04\/Olvidate-de-la-curcuma-o-el-jengibre-este-es-el.jpg","width":1500,"height":1000,"caption":"cumino nero"},{"@type":"BreadcrumbList","@id":"https:\/\/stacatarina.mx\/consejos\/olvidate-de-la-curcuma-o-el-jengibre-este-es-el-alimento-mas-antiinflamatorio-en-la-tierra\/#breadcrumb","itemListElement":[{"@type":"ListItem","position":1,"name":"Inicio","item":"https:\/\/stacatarina.mx\/consejos\/"},{"@type":"ListItem","position":2,"name":"Olv\u00eddate de la c\u00farcuma o el jengibre, este es el alimento m\u00e1s antiinflamatorio en la Tierra"}]},{"@type":"WebSite","@id":"https:\/\/stacatarina.mx\/consejos\/#website","url":"https:\/\/stacatarina.mx\/consejos\/","name":"Santa Catarina","description":"","publisher":{"@id":"https:\/\/stacatarina.mx\/consejos\/#organization"},"potentialAction":[{"@type":"SearchAction","target":{"@type":"EntryPoint","urlTemplate":"https:\/\/stacatarina.mx\/consejos\/?s={search_term_string}"},"query-input":{"@type":"PropertyValueSpecification","valueRequired":true,"valueName":"search_term_string"}}],"inLanguage":"es"},{"@type":"Organization","@id":"https:\/\/stacatarina.mx\/consejos\/#organization","name":"Santa Catarina","url":"https:\/\/stacatarina.mx\/consejos\/","logo":{"@type":"ImageObject","inLanguage":"es","@id":"https:\/\/stacatarina.mx\/consejos\/#\/schema\/logo\/image\/","url":"https:\/\/stacatarina.mx\/consejos\/wp-content\/uploads\/2024\/09\/cropped-favicon-1-1.png","contentUrl":"https:\/\/stacatarina.mx\/consejos\/wp-content\/uploads\/2024\/09\/cropped-favicon-1-1.png","width":512,"height":512,"caption":"Santa Catarina"},"image":{"@id":"https:\/\/stacatarina.mx\/consejos\/#\/schema\/logo\/image\/"},"sameAs":["https:\/\/www.facebook.com\/stacatarinagob\/","https:\/\/x.com\/stacatarinagob","https:\/\/www.instagram.com\/stacatarinagob\/","https:\/\/www.youtube.com\/channel\/UCK-6cQJL_904665N1_nLTWw"]},{"@type":"Person","@id":"https:\/\/stacatarina.mx\/consejos\/#\/schema\/person\/0be60adffa8e4c4d0828fdf021450e8a","name":"Pedro Mart\u00ednez","image":{"@type":"ImageObject","inLanguage":"es","@id":"https:\/\/stacatarina.mx\/consejos\/#\/schema\/person\/image\/","url":"https:\/\/stacatarina.mx\/consejos\/wp-content\/uploads\/2024\/09\/stacatarina.jpg","contentUrl":"https:\/\/stacatarina.mx\/consejos\/wp-content\/uploads\/2024\/09\/stacatarina.jpg","caption":"Pedro Mart\u00ednez"},"description":"Hola, soy Pedro Mart\u00ednez, redactor jefe del sitio oficial del ayuntamiento de Santa Catarina, en M\u00e9xico. Con m\u00e1s de diez a\u00f1os de experiencia en el periodismo local, tengo una pasi\u00f3n por la investigaci\u00f3n y la difusi\u00f3n de informaci\u00f3n que valoriza nuestra hermosa comunidad. Mi compromiso es hacer de Santa Catarina una referencia en materia de transparencia y comunicaci\u00f3n municipal.","sameAs":["https:\/\/stacatarina.mx\/"]}]}},"_links":{"self":[{"href":"https:\/\/stacatarina.mx\/consejos\/wp-json\/wp\/v2\/posts\/3652"}],"collection":[{"href":"https:\/\/stacatarina.mx\/consejos\/wp-json\/wp\/v2\/posts"}],"about":[{"href":"https:\/\/stacatarina.mx\/consejos\/wp-json\/wp\/v2\/types\/post"}],"author":[{"embeddable":true,"href":"https:\/\/stacatarina.mx\/consejos\/wp-json\/wp\/v2\/users\/1"}],"replies":[{"embeddable":true,"href":"https:\/\/stacatarina.mx\/consejos\/wp-json\/wp\/v2\/comments?post=3652"}],"version-history":[{"count":1,"href":"https:\/\/stacatarina.mx\/consejos\/wp-json\/wp\/v2\/posts\/3652\/revisions"}],"predecessor-version":[{"id":3654,"href":"https:\/\/stacatarina.mx\/consejos\/wp-json\/wp\/v2\/posts\/3652\/revisions\/3654"}],"wp:featuredmedia":[{"embeddable":true,"href":"https:\/\/stacatarina.mx\/consejos\/wp-json\/wp\/v2\/media\/3653"}],"wp:attachment":[{"href":"https:\/\/stacatarina.mx\/consejos\/wp-json\/wp\/v2\/media?parent=3652"}],"wp:term":[{"taxonomy":"category","embeddable":true,"href":"https:\/\/stacatarina.mx\/consejos\/wp-json\/wp\/v2\/categories?post=3652"},{"taxonomy":"post_tag","embeddable":true,"href":"https:\/\/stacatarina.mx\/consejos\/wp-json\/wp\/v2\/tags?post=3652"}],"curies":[{"name":"wp","href":"https:\/\/api.w.org\/{rel}","templated":true}]}}