{"id":3658,"date":"2025-04-24T19:23:32","date_gmt":"2025-04-25T01:23:32","guid":{"rendered":"https:\/\/stacatarina.mx\/consejos\/requerido-con-leche-entera-puede-contener-cuerpos-extranos-las-marcas-y-los-lotes-preocupados\/"},"modified":"2025-04-24T19:23:33","modified_gmt":"2025-04-25T01:23:33","slug":"requerido-con-leche-entera-puede-contener-cuerpos-extranos-las-marcas-y-los-lotes-preocupados","status":"publish","type":"post","link":"https:\/\/stacatarina.mx\/consejos\/requerido-con-leche-entera-puede-contener-cuerpos-extranos-las-marcas-y-los-lotes-preocupados\/","title":{"rendered":"Requerido con leche entera, puede contener cuerpos extra\u00f1os: las marcas y los lotes preocupados"},"content":{"rendered":"<p class=\"single-abstract\">\n<p>\t\t\t\t\t\t\t\t\t\t\t\t\t\t\t\t\tPosible presencia de cuerpos extra\u00f1os en la leche, se desencadena la alerta de alimentos. Los supermercados de Bennet, Carrefour, Coop y Esselunga informaron la llamada de precauci\u00f3n de estos productos\t\t\t\t\t\t\t\t\t\t\t\t\t\t\t<\/p>\n<div class=\"daily-video\" style=\"display: none;\"><\/div>\n<div class=\"wrapper-player\" style=\"display: none; margin-bottom: 15px;\">\n<div id=\"daily-player\" style=\"position: relative; max-width: 100%;\" class=\"video-content\"><\/div>\n<\/p><\/div>\n<div class=\"image-wrapper featured-image no-lazy\" id=\"featured-image\"><\/div>\n<p>Los supermercados de Bennet, Carrefour, Coop y Esselunga han comunicado la llamada de precauci\u00f3n de algunos<strong> Lotes de leche pasteurizada de temperatura completa pasteurizada<\/strong>Vendido con marcas <strong>Polenghi Lombardo<\/strong>, <strong>Mukki<\/strong> Y <strong>Soresina Lattteria<\/strong>.<\/p>\n<p>La raz\u00f3n de la llamada, como se indica en el aviso, es la posible presencia de cuerpos extra\u00f1os.<\/p>\n<p>Los productos en cuesti\u00f3n est\u00e1n empaquetados en botellas de pl\u00e1stico de 1 litro y los n\u00fameros relativos de lotes son: 15\/05\/25b (para Polenghi, Mukki y Sesesina), 16\/05\/25B (para Polenghi y Soresina) y 17\/05\/25B (solo para Polenghi), que corresponden a las fechas de expiraci\u00f3n respectivas.<\/p>\n<aside style=\"margin: 8px auto; text-align: center; display: block; clear: both;\">\n<div id=\"gpt-passback\">\n<\/div>\n<\/aside>\n<p>La leche retirada fue producida por Central Milk Company of Italy Spa, con una planta en Vicenza, en Via A. Faedo 60.<\/p>\n<p>Por precauci\u00f3n, la compa\u00f1\u00eda aconseja no consumir leche con las fechas de vencimiento y los n\u00fameros de lote anteriores que se muestran arriba. Los consumidores que poseen el producto retirado pueden devolverlo a la tienda donde se compr\u00f3.<\/p><\/p>\n","protected":false},"excerpt":{"rendered":"<p>Posible presencia de cuerpos extra\u00f1os en la leche, se desencadena la alerta de alimentos. Los supermercados de Bennet, Carrefour, Coop y Esselunga informaron la llamada<\/p>\n","protected":false},"author":1,"featured_media":3659,"comment_status":"closed","ping_status":"","sticky":false,"template":"","format":"standard","meta":{"footnotes":""},"categories":[762],"tags":[42,1414,2677,4570,1631,34,1700,62,1030,978,4571,406,4569],"class_list":["post-3658","post","type-post","status-publish","format-standard","has-post-thumbnail","hentry","category-salud","tag-con","tag-contener","tag-cuerpos","tag-entera","tag-extranos","tag-las","tag-leche","tag-los","tag-lotes","tag-marcas","tag-preocupados","tag-puede","tag-requerido","generate-columns","tablet-grid-50","mobile-grid-100","grid-parent","grid-50"],"yoast_head":"<!-- This site is optimized with the Yoast SEO plugin v23.4 - https:\/\/yoast.com\/wordpress\/plugins\/seo\/ -->\n<title>Requerido con leche entera, puede contener cuerpos extra\u00f1os: las marcas y los lotes preocupados - Consejos - Santa Catarina<\/title>\n<meta name=\"robots\" content=\"index, follow, max-snippet:-1, max-image-preview:large, max-video-preview:-1\" \/>\n<link rel=\"canonical\" href=\"https:\/\/stacatarina.mx\/consejos\/requerido-con-leche-entera-puede-contener-cuerpos-extranos-las-marcas-y-los-lotes-preocupados\/\" \/>\n<meta property=\"og:locale\" content=\"es_MX\" \/>\n<meta property=\"og:type\" content=\"article\" \/>\n<meta property=\"og:title\" content=\"Requerido con leche entera, puede contener cuerpos extra\u00f1os: las marcas y los lotes preocupados - Consejos - Santa Catarina\" \/>\n<meta property=\"og:description\" content=\"Posible presencia de cuerpos extra\u00f1os en la leche, se desencadena la alerta de alimentos. Los supermercados de Bennet, Carrefour, Coop y Esselunga informaron la llamada\" \/>\n<meta property=\"og:url\" content=\"https:\/\/stacatarina.mx\/consejos\/requerido-con-leche-entera-puede-contener-cuerpos-extranos-las-marcas-y-los-lotes-preocupados\/\" \/>\n<meta property=\"og:site_name\" content=\"Santa Catarina\" \/>\n<meta property=\"article:publisher\" content=\"https:\/\/www.facebook.com\/stacatarinagob\/\" \/>\n<meta property=\"article:published_time\" content=\"2025-04-25T01:23:32+00:00\" \/>\n<meta property=\"article:modified_time\" content=\"2025-04-25T01:23:33+00:00\" \/>\n<meta property=\"og:image\" content=\"https:\/\/stacatarina.mx\/consejos\/wp-content\/uploads\/2025\/04\/Requerido-con-leche-entera-puede-contener-cuerpos-extranos-las-marcas.jpg\" \/>\n\t<meta property=\"og:image:width\" content=\"1500\" \/>\n\t<meta property=\"og:image:height\" content=\"1000\" \/>\n\t<meta property=\"og:image:type\" content=\"image\/jpeg\" \/>\n<meta name=\"author\" content=\"Pedro Mart\u00ednez\" \/>\n<meta name=\"twitter:card\" content=\"summary_large_image\" \/>\n<meta name=\"twitter:creator\" content=\"@stacatarinagob\" \/>\n<meta name=\"twitter:site\" content=\"@stacatarinagob\" \/>\n<meta name=\"twitter:label1\" content=\"Escrito por\" \/>\n\t<meta name=\"twitter:data1\" content=\"Pedro Mart\u00ednez\" \/>\n\t<meta name=\"twitter:label2\" content=\"Tiempo de lectura\" \/>\n\t<meta name=\"twitter:data2\" content=\"1 minuto\" \/>\n<script type=\"application\/ld+json\" class=\"yoast-schema-graph\">{\"@context\":\"https:\/\/schema.org\",\"@graph\":[{\"@type\":\"Article\",\"@id\":\"https:\/\/stacatarina.mx\/consejos\/requerido-con-leche-entera-puede-contener-cuerpos-extranos-las-marcas-y-los-lotes-preocupados\/#article\",\"isPartOf\":{\"@id\":\"https:\/\/stacatarina.mx\/consejos\/requerido-con-leche-entera-puede-contener-cuerpos-extranos-las-marcas-y-los-lotes-preocupados\/\"},\"author\":{\"name\":\"Pedro Mart\u00ednez\",\"@id\":\"https:\/\/stacatarina.mx\/consejos\/#\/schema\/person\/0be60adffa8e4c4d0828fdf021450e8a\"},\"headline\":\"Requerido con leche entera, puede contener cuerpos extra\u00f1os: las marcas y los lotes preocupados\",\"datePublished\":\"2025-04-25T01:23:32+00:00\",\"dateModified\":\"2025-04-25T01:23:33+00:00\",\"mainEntityOfPage\":{\"@id\":\"https:\/\/stacatarina.mx\/consejos\/requerido-con-leche-entera-puede-contener-cuerpos-extranos-las-marcas-y-los-lotes-preocupados\/\"},\"wordCount\":210,\"publisher\":{\"@id\":\"https:\/\/stacatarina.mx\/consejos\/#organization\"},\"image\":{\"@id\":\"https:\/\/stacatarina.mx\/consejos\/requerido-con-leche-entera-puede-contener-cuerpos-extranos-las-marcas-y-los-lotes-preocupados\/#primaryimage\"},\"thumbnailUrl\":\"https:\/\/stacatarina.mx\/consejos\/wp-content\/uploads\/2025\/04\/Requerido-con-leche-entera-puede-contener-cuerpos-extranos-las-marcas.jpg\",\"keywords\":[\"con\",\"contener\",\"cuerpos\",\"entera\",\"extra\u00f1os\",\"Las\",\"leche\",\"los\",\"lotes\",\"Marcas\",\"preocupados\",\"puede\",\"Requerido\"],\"articleSection\":[\"Salud\"],\"inLanguage\":\"es\"},{\"@type\":\"WebPage\",\"@id\":\"https:\/\/stacatarina.mx\/consejos\/requerido-con-leche-entera-puede-contener-cuerpos-extranos-las-marcas-y-los-lotes-preocupados\/\",\"url\":\"https:\/\/stacatarina.mx\/consejos\/requerido-con-leche-entera-puede-contener-cuerpos-extranos-las-marcas-y-los-lotes-preocupados\/\",\"name\":\"Requerido con leche entera, puede contener cuerpos extra\u00f1os: las marcas y los lotes preocupados - Consejos - Santa Catarina\",\"isPartOf\":{\"@id\":\"https:\/\/stacatarina.mx\/consejos\/#website\"},\"primaryImageOfPage\":{\"@id\":\"https:\/\/stacatarina.mx\/consejos\/requerido-con-leche-entera-puede-contener-cuerpos-extranos-las-marcas-y-los-lotes-preocupados\/#primaryimage\"},\"image\":{\"@id\":\"https:\/\/stacatarina.mx\/consejos\/requerido-con-leche-entera-puede-contener-cuerpos-extranos-las-marcas-y-los-lotes-preocupados\/#primaryimage\"},\"thumbnailUrl\":\"https:\/\/stacatarina.mx\/consejos\/wp-content\/uploads\/2025\/04\/Requerido-con-leche-entera-puede-contener-cuerpos-extranos-las-marcas.jpg\",\"datePublished\":\"2025-04-25T01:23:32+00:00\",\"dateModified\":\"2025-04-25T01:23:33+00:00\",\"breadcrumb\":{\"@id\":\"https:\/\/stacatarina.mx\/consejos\/requerido-con-leche-entera-puede-contener-cuerpos-extranos-las-marcas-y-los-lotes-preocupados\/#breadcrumb\"},\"inLanguage\":\"es\",\"potentialAction\":[{\"@type\":\"ReadAction\",\"target\":[\"https:\/\/stacatarina.mx\/consejos\/requerido-con-leche-entera-puede-contener-cuerpos-extranos-las-marcas-y-los-lotes-preocupados\/\"]}]},{\"@type\":\"ImageObject\",\"inLanguage\":\"es\",\"@id\":\"https:\/\/stacatarina.mx\/consejos\/requerido-con-leche-entera-puede-contener-cuerpos-extranos-las-marcas-y-los-lotes-preocupados\/#primaryimage\",\"url\":\"https:\/\/stacatarina.mx\/consejos\/wp-content\/uploads\/2025\/04\/Requerido-con-leche-entera-puede-contener-cuerpos-extranos-las-marcas.jpg\",\"contentUrl\":\"https:\/\/stacatarina.mx\/consejos\/wp-content\/uploads\/2025\/04\/Requerido-con-leche-entera-puede-contener-cuerpos-extranos-las-marcas.jpg\",\"width\":1500,\"height\":1000,\"caption\":\"latte richiamo\"},{\"@type\":\"BreadcrumbList\",\"@id\":\"https:\/\/stacatarina.mx\/consejos\/requerido-con-leche-entera-puede-contener-cuerpos-extranos-las-marcas-y-los-lotes-preocupados\/#breadcrumb\",\"itemListElement\":[{\"@type\":\"ListItem\",\"position\":1,\"name\":\"Inicio\",\"item\":\"https:\/\/stacatarina.mx\/consejos\/\"},{\"@type\":\"ListItem\",\"position\":2,\"name\":\"Requerido con leche entera, puede contener cuerpos extra\u00f1os: las marcas y los lotes preocupados\"}]},{\"@type\":\"WebSite\",\"@id\":\"https:\/\/stacatarina.mx\/consejos\/#website\",\"url\":\"https:\/\/stacatarina.mx\/consejos\/\",\"name\":\"Santa Catarina\",\"description\":\"\",\"publisher\":{\"@id\":\"https:\/\/stacatarina.mx\/consejos\/#organization\"},\"potentialAction\":[{\"@type\":\"SearchAction\",\"target\":{\"@type\":\"EntryPoint\",\"urlTemplate\":\"https:\/\/stacatarina.mx\/consejos\/?s={search_term_string}\"},\"query-input\":{\"@type\":\"PropertyValueSpecification\",\"valueRequired\":true,\"valueName\":\"search_term_string\"}}],\"inLanguage\":\"es\"},{\"@type\":\"Organization\",\"@id\":\"https:\/\/stacatarina.mx\/consejos\/#organization\",\"name\":\"Santa Catarina\",\"url\":\"https:\/\/stacatarina.mx\/consejos\/\",\"logo\":{\"@type\":\"ImageObject\",\"inLanguage\":\"es\",\"@id\":\"https:\/\/stacatarina.mx\/consejos\/#\/schema\/logo\/image\/\",\"url\":\"https:\/\/stacatarina.mx\/consejos\/wp-content\/uploads\/2024\/09\/cropped-favicon-1-1.png\",\"contentUrl\":\"https:\/\/stacatarina.mx\/consejos\/wp-content\/uploads\/2024\/09\/cropped-favicon-1-1.png\",\"width\":512,\"height\":512,\"caption\":\"Santa Catarina\"},\"image\":{\"@id\":\"https:\/\/stacatarina.mx\/consejos\/#\/schema\/logo\/image\/\"},\"sameAs\":[\"https:\/\/www.facebook.com\/stacatarinagob\/\",\"https:\/\/x.com\/stacatarinagob\",\"https:\/\/www.instagram.com\/stacatarinagob\/\",\"https:\/\/www.youtube.com\/channel\/UCK-6cQJL_904665N1_nLTWw\"]},{\"@type\":\"Person\",\"@id\":\"https:\/\/stacatarina.mx\/consejos\/#\/schema\/person\/0be60adffa8e4c4d0828fdf021450e8a\",\"name\":\"Pedro Mart\u00ednez\",\"image\":{\"@type\":\"ImageObject\",\"inLanguage\":\"es\",\"@id\":\"https:\/\/stacatarina.mx\/consejos\/#\/schema\/person\/image\/\",\"url\":\"https:\/\/stacatarina.mx\/consejos\/wp-content\/uploads\/2024\/09\/stacatarina.jpg\",\"contentUrl\":\"https:\/\/stacatarina.mx\/consejos\/wp-content\/uploads\/2024\/09\/stacatarina.jpg\",\"caption\":\"Pedro Mart\u00ednez\"},\"description\":\"Hola, soy Pedro Mart\u00ednez, redactor jefe del sitio oficial del ayuntamiento de Santa Catarina, en M\u00e9xico. Con m\u00e1s de diez a\u00f1os de experiencia en el periodismo local, tengo una pasi\u00f3n por la investigaci\u00f3n y la difusi\u00f3n de informaci\u00f3n que valoriza nuestra hermosa comunidad. Mi compromiso es hacer de Santa Catarina una referencia en materia de transparencia y comunicaci\u00f3n municipal.\",\"sameAs\":[\"https:\/\/stacatarina.mx\/\"]}]}<\/script>\n<!-- \/ Yoast SEO plugin. -->","yoast_head_json":{"title":"Requerido con leche entera, puede contener cuerpos extra\u00f1os: las marcas y los lotes preocupados - Consejos - Santa Catarina","robots":{"index":"index","follow":"follow","max-snippet":"max-snippet:-1","max-image-preview":"max-image-preview:large","max-video-preview":"max-video-preview:-1"},"canonical":"https:\/\/stacatarina.mx\/consejos\/requerido-con-leche-entera-puede-contener-cuerpos-extranos-las-marcas-y-los-lotes-preocupados\/","og_locale":"es_MX","og_type":"article","og_title":"Requerido con leche entera, puede contener cuerpos extra\u00f1os: las marcas y los lotes preocupados - Consejos - Santa Catarina","og_description":"Posible presencia de cuerpos extra\u00f1os en la leche, se desencadena la alerta de alimentos. Los supermercados de Bennet, Carrefour, Coop y Esselunga informaron la llamada","og_url":"https:\/\/stacatarina.mx\/consejos\/requerido-con-leche-entera-puede-contener-cuerpos-extranos-las-marcas-y-los-lotes-preocupados\/","og_site_name":"Santa Catarina","article_publisher":"https:\/\/www.facebook.com\/stacatarinagob\/","article_published_time":"2025-04-25T01:23:32+00:00","article_modified_time":"2025-04-25T01:23:33+00:00","og_image":[{"width":1500,"height":1000,"url":"https:\/\/stacatarina.mx\/consejos\/wp-content\/uploads\/2025\/04\/Requerido-con-leche-entera-puede-contener-cuerpos-extranos-las-marcas.jpg","type":"image\/jpeg"}],"author":"Pedro Mart\u00ednez","twitter_card":"summary_large_image","twitter_creator":"@stacatarinagob","twitter_site":"@stacatarinagob","twitter_misc":{"Escrito por":"Pedro Mart\u00ednez","Tiempo de lectura":"1 minuto"},"schema":{"@context":"https:\/\/schema.org","@graph":[{"@type":"Article","@id":"https:\/\/stacatarina.mx\/consejos\/requerido-con-leche-entera-puede-contener-cuerpos-extranos-las-marcas-y-los-lotes-preocupados\/#article","isPartOf":{"@id":"https:\/\/stacatarina.mx\/consejos\/requerido-con-leche-entera-puede-contener-cuerpos-extranos-las-marcas-y-los-lotes-preocupados\/"},"author":{"name":"Pedro Mart\u00ednez","@id":"https:\/\/stacatarina.mx\/consejos\/#\/schema\/person\/0be60adffa8e4c4d0828fdf021450e8a"},"headline":"Requerido con leche entera, puede contener cuerpos extra\u00f1os: las marcas y los lotes preocupados","datePublished":"2025-04-25T01:23:32+00:00","dateModified":"2025-04-25T01:23:33+00:00","mainEntityOfPage":{"@id":"https:\/\/stacatarina.mx\/consejos\/requerido-con-leche-entera-puede-contener-cuerpos-extranos-las-marcas-y-los-lotes-preocupados\/"},"wordCount":210,"publisher":{"@id":"https:\/\/stacatarina.mx\/consejos\/#organization"},"image":{"@id":"https:\/\/stacatarina.mx\/consejos\/requerido-con-leche-entera-puede-contener-cuerpos-extranos-las-marcas-y-los-lotes-preocupados\/#primaryimage"},"thumbnailUrl":"https:\/\/stacatarina.mx\/consejos\/wp-content\/uploads\/2025\/04\/Requerido-con-leche-entera-puede-contener-cuerpos-extranos-las-marcas.jpg","keywords":["con","contener","cuerpos","entera","extra\u00f1os","Las","leche","los","lotes","Marcas","preocupados","puede","Requerido"],"articleSection":["Salud"],"inLanguage":"es"},{"@type":"WebPage","@id":"https:\/\/stacatarina.mx\/consejos\/requerido-con-leche-entera-puede-contener-cuerpos-extranos-las-marcas-y-los-lotes-preocupados\/","url":"https:\/\/stacatarina.mx\/consejos\/requerido-con-leche-entera-puede-contener-cuerpos-extranos-las-marcas-y-los-lotes-preocupados\/","name":"Requerido con leche entera, puede contener cuerpos extra\u00f1os: las marcas y los lotes preocupados - Consejos - Santa Catarina","isPartOf":{"@id":"https:\/\/stacatarina.mx\/consejos\/#website"},"primaryImageOfPage":{"@id":"https:\/\/stacatarina.mx\/consejos\/requerido-con-leche-entera-puede-contener-cuerpos-extranos-las-marcas-y-los-lotes-preocupados\/#primaryimage"},"image":{"@id":"https:\/\/stacatarina.mx\/consejos\/requerido-con-leche-entera-puede-contener-cuerpos-extranos-las-marcas-y-los-lotes-preocupados\/#primaryimage"},"thumbnailUrl":"https:\/\/stacatarina.mx\/consejos\/wp-content\/uploads\/2025\/04\/Requerido-con-leche-entera-puede-contener-cuerpos-extranos-las-marcas.jpg","datePublished":"2025-04-25T01:23:32+00:00","dateModified":"2025-04-25T01:23:33+00:00","breadcrumb":{"@id":"https:\/\/stacatarina.mx\/consejos\/requerido-con-leche-entera-puede-contener-cuerpos-extranos-las-marcas-y-los-lotes-preocupados\/#breadcrumb"},"inLanguage":"es","potentialAction":[{"@type":"ReadAction","target":["https:\/\/stacatarina.mx\/consejos\/requerido-con-leche-entera-puede-contener-cuerpos-extranos-las-marcas-y-los-lotes-preocupados\/"]}]},{"@type":"ImageObject","inLanguage":"es","@id":"https:\/\/stacatarina.mx\/consejos\/requerido-con-leche-entera-puede-contener-cuerpos-extranos-las-marcas-y-los-lotes-preocupados\/#primaryimage","url":"https:\/\/stacatarina.mx\/consejos\/wp-content\/uploads\/2025\/04\/Requerido-con-leche-entera-puede-contener-cuerpos-extranos-las-marcas.jpg","contentUrl":"https:\/\/stacatarina.mx\/consejos\/wp-content\/uploads\/2025\/04\/Requerido-con-leche-entera-puede-contener-cuerpos-extranos-las-marcas.jpg","width":1500,"height":1000,"caption":"latte richiamo"},{"@type":"BreadcrumbList","@id":"https:\/\/stacatarina.mx\/consejos\/requerido-con-leche-entera-puede-contener-cuerpos-extranos-las-marcas-y-los-lotes-preocupados\/#breadcrumb","itemListElement":[{"@type":"ListItem","position":1,"name":"Inicio","item":"https:\/\/stacatarina.mx\/consejos\/"},{"@type":"ListItem","position":2,"name":"Requerido con leche entera, puede contener cuerpos extra\u00f1os: las marcas y los lotes preocupados"}]},{"@type":"WebSite","@id":"https:\/\/stacatarina.mx\/consejos\/#website","url":"https:\/\/stacatarina.mx\/consejos\/","name":"Santa Catarina","description":"","publisher":{"@id":"https:\/\/stacatarina.mx\/consejos\/#organization"},"potentialAction":[{"@type":"SearchAction","target":{"@type":"EntryPoint","urlTemplate":"https:\/\/stacatarina.mx\/consejos\/?s={search_term_string}"},"query-input":{"@type":"PropertyValueSpecification","valueRequired":true,"valueName":"search_term_string"}}],"inLanguage":"es"},{"@type":"Organization","@id":"https:\/\/stacatarina.mx\/consejos\/#organization","name":"Santa Catarina","url":"https:\/\/stacatarina.mx\/consejos\/","logo":{"@type":"ImageObject","inLanguage":"es","@id":"https:\/\/stacatarina.mx\/consejos\/#\/schema\/logo\/image\/","url":"https:\/\/stacatarina.mx\/consejos\/wp-content\/uploads\/2024\/09\/cropped-favicon-1-1.png","contentUrl":"https:\/\/stacatarina.mx\/consejos\/wp-content\/uploads\/2024\/09\/cropped-favicon-1-1.png","width":512,"height":512,"caption":"Santa Catarina"},"image":{"@id":"https:\/\/stacatarina.mx\/consejos\/#\/schema\/logo\/image\/"},"sameAs":["https:\/\/www.facebook.com\/stacatarinagob\/","https:\/\/x.com\/stacatarinagob","https:\/\/www.instagram.com\/stacatarinagob\/","https:\/\/www.youtube.com\/channel\/UCK-6cQJL_904665N1_nLTWw"]},{"@type":"Person","@id":"https:\/\/stacatarina.mx\/consejos\/#\/schema\/person\/0be60adffa8e4c4d0828fdf021450e8a","name":"Pedro Mart\u00ednez","image":{"@type":"ImageObject","inLanguage":"es","@id":"https:\/\/stacatarina.mx\/consejos\/#\/schema\/person\/image\/","url":"https:\/\/stacatarina.mx\/consejos\/wp-content\/uploads\/2024\/09\/stacatarina.jpg","contentUrl":"https:\/\/stacatarina.mx\/consejos\/wp-content\/uploads\/2024\/09\/stacatarina.jpg","caption":"Pedro Mart\u00ednez"},"description":"Hola, soy Pedro Mart\u00ednez, redactor jefe del sitio oficial del ayuntamiento de Santa Catarina, en M\u00e9xico. Con m\u00e1s de diez a\u00f1os de experiencia en el periodismo local, tengo una pasi\u00f3n por la investigaci\u00f3n y la difusi\u00f3n de informaci\u00f3n que valoriza nuestra hermosa comunidad. Mi compromiso es hacer de Santa Catarina una referencia en materia de transparencia y comunicaci\u00f3n municipal.","sameAs":["https:\/\/stacatarina.mx\/"]}]}},"_links":{"self":[{"href":"https:\/\/stacatarina.mx\/consejos\/wp-json\/wp\/v2\/posts\/3658"}],"collection":[{"href":"https:\/\/stacatarina.mx\/consejos\/wp-json\/wp\/v2\/posts"}],"about":[{"href":"https:\/\/stacatarina.mx\/consejos\/wp-json\/wp\/v2\/types\/post"}],"author":[{"embeddable":true,"href":"https:\/\/stacatarina.mx\/consejos\/wp-json\/wp\/v2\/users\/1"}],"replies":[{"embeddable":true,"href":"https:\/\/stacatarina.mx\/consejos\/wp-json\/wp\/v2\/comments?post=3658"}],"version-history":[{"count":1,"href":"https:\/\/stacatarina.mx\/consejos\/wp-json\/wp\/v2\/posts\/3658\/revisions"}],"predecessor-version":[{"id":3660,"href":"https:\/\/stacatarina.mx\/consejos\/wp-json\/wp\/v2\/posts\/3658\/revisions\/3660"}],"wp:featuredmedia":[{"embeddable":true,"href":"https:\/\/stacatarina.mx\/consejos\/wp-json\/wp\/v2\/media\/3659"}],"wp:attachment":[{"href":"https:\/\/stacatarina.mx\/consejos\/wp-json\/wp\/v2\/media?parent=3658"}],"wp:term":[{"taxonomy":"category","embeddable":true,"href":"https:\/\/stacatarina.mx\/consejos\/wp-json\/wp\/v2\/categories?post=3658"},{"taxonomy":"post_tag","embeddable":true,"href":"https:\/\/stacatarina.mx\/consejos\/wp-json\/wp\/v2\/tags?post=3658"}],"curies":[{"name":"wp","href":"https:\/\/api.w.org\/{rel}","templated":true}]}}