{"id":3783,"date":"2025-05-07T15:24:16","date_gmt":"2025-05-07T21:24:16","guid":{"rendered":"https:\/\/stacatarina.mx\/consejos\/protecciones-de-vida-silvestre-desechadas-a-medida-que-se-cierra-la-infraestructura-en\/"},"modified":"2025-05-07T15:24:17","modified_gmt":"2025-05-07T21:24:17","slug":"protecciones-de-vida-silvestre-desechadas-a-medida-que-se-cierra-la-infraestructura-en","status":"publish","type":"post","link":"https:\/\/stacatarina.mx\/consejos\/protecciones-de-vida-silvestre-desechadas-a-medida-que-se-cierra-la-infraestructura-en\/","title":{"rendered":"Protecciones de vida silvestre desechadas a medida que se cierra la infraestructura en"},"content":{"rendered":"<div class=\"entry-content\">\n<p><em>Natural England ha detenido sus planes para designar un h\u00e1bitat antiguo importante en Buckinghamshire como un sitio de especial inter\u00e9s cient\u00edfico debido a los recortes presupuestarios.<\/em><\/p>\n<p>Durante los \u00faltimos a\u00f1os, el Berkshire, Buckinghamshire y Oxfordshire Wildlife Trust (BBOWT) ha estado trabajando con Inglaterra natural para designar un \u00e1rea al sur de Claydons como un nuevo sitio de especial inter\u00e9s cient\u00edfico (SSSI), despu\u00e9s del descubrimiento del raro murci\u00e9lago en el \u00e1rea. Sin embargo, Inglaterra natural ha informado a la confianza que ha tenido que detener todo el trabajo sobre el Bernwood SSSI propuesto debido a los recortes presupuestarios.<\/p>\n<p>Las SSSI son una de las herramientas m\u00e1s importantes disponibles para proteger los h\u00e1bitats y especies m\u00e1s valiosos del Reino Unido. Estas designaciones brindan protecci\u00f3n legal a \u00e1reas de importancia ecol\u00f3gica o geol\u00f3gica excepcional, ayudando a salvaguardar la vida silvestre rara, prevenir desarrollos da\u00f1inos y guiar la gesti\u00f3n de la tierra de manera que mejoren la biodiversidad. Para especies vulnerables como el murci\u00e9lago de Bechstein, uno de los mam\u00edferos m\u00e1s raros de Gran Breta\u00f1a, la designaci\u00f3n SSSI asegura que sus h\u00e1bitats se conserven y manejen para la supervivencia a largo plazo. Sin este reconocimiento formal, incluso los sitios significativos a nivel nacional pueden dejarse expuestos al da\u00f1o irreversible por infraestructura y desarrollo mal ubicados.<\/p>\n<p>El a\u00f1o pasado, el fideicomiso recibi\u00f3 medio mill\u00f3n de libras para liderar un proyecto para reconectar las regiones fragmentadas de Bernwood, Otmoor y Ray, y el Bosque de Bernwood forma una parte clave de las ambiciones del proyecto. Mejorar y expandir el bosque antiguo, el desarrollo de nuevos mosaicos de h\u00e1bitat y aumentar la conectividad del h\u00e1bitat son vitales para proteger y restaurar uno de los paisajes ecol\u00f3gicamente m\u00e1s importantes que quedan en el sur de Inglaterra. El bosque de Bernwood fue una vez un bosque de caza real medieval, e incluye bosques antiguos que apoyan especies vulnerables como los murci\u00e9lagos de Bechstein. El nuevo Bernwood SSSI habr\u00eda sido un paso clave para reconectar los fragmentos de este antiguo bosque.<\/p>\n<p>En cambio, el \u00e1rea circundante estar\u00e1 sujeta a una aplicaci\u00f3n para una gran granja solar, lo que significa que la reserva natural de madera Finemere de Bbowt se dejar\u00e1 intercalada entre HS2 y una granja solar, que pone en peligro el futuro de las especies que viven dentro de ella.<\/p>\n<p><strong>Estelle Bailey, directora ejecutiva de Berkshire, Buckinghamshire y Oxfordshire Wildlife Trust, dijo<\/strong>:<\/p>\n<p><em>&#8220;Ser\u00eda dif\u00edcil encontrar un mejor ejemplo actual que este de la disparidad entre la prioridad dada a las protecciones ambientales y la prioridad dada a la infraestructura da\u00f1ina. Poner en \u00e9l.<\/em><\/p>\n<p>Este anuncio se produce en medio del debate en curso sobre el proyecto de ley de planificaci\u00f3n e infraestructura del gobierno. El proyecto de ley propuesto amenaza con revertir d\u00e9cadas de regulaciones ambientales, dejando a los desarrolladores libres de construir sin considerar el impacto en la vida silvestre local o las comunidades. La falta de fondos para nuevas designaciones y los recortes presupuestarios de Inglaterra natural que lo han llevado a desechar los planes para un SSSI de Bernwood confirman las sospechas de los ambientalistas de que este gobierno no tiene intenci\u00f3n de invertir en la naturaleza e ilustra por qu\u00e9 debemos tener cuidado con cualquier afirmaci\u00f3n de lo contrario. <\/p>\n<p>Bbowt est\u00e1 pidiendo al gobierno que garantice la financiaci\u00f3n de las protecciones ambientales y que reconsidere el impacto acumulativo de los proyectos de infraestructura en h\u00e1bitats naturales irremplazables. El fideicomiso sigue comprometido con trabajar con socios, comunidades locales y formuladores de pol\u00edticas para encontrar soluciones que respalden tanto la energ\u00eda renovable como la recuperaci\u00f3n de la naturaleza. Las crisis clim\u00e1ticas y de biodiversidad deben abordarse juntas, no en la competencia, y proteger lugares como los bosques que conformar\u00edan el Bernwood SSSI se sienta en el coraz\u00f3n de esto.<\/p>\n<hr class=\"wp-block-separator has-alpha-channel-opacity\"><\/div>\n","protected":false},"excerpt":{"rendered":"<p>Natural England ha detenido sus planes para designar un h\u00e1bitat antiguo importante en Buckinghamshire como un sitio de especial inter\u00e9s cient\u00edfico debido a los recortes<\/p>\n","protected":false},"author":1,"featured_media":3784,"comment_status":"closed","ping_status":"","sticky":false,"template":"","format":"standard","meta":{"footnotes":""},"categories":[68],"tags":[3960,4675,1419,929,4674,244,243],"class_list":["post-3783","post","type-post","status-publish","format-standard","has-post-thumbnail","hentry","category-fauna-y-flora","tag-cierra","tag-desechadas","tag-infraestructura","tag-medida","tag-protecciones","tag-silvestre","tag-vida","generate-columns","tablet-grid-50","mobile-grid-100","grid-parent","grid-50"],"yoast_head":"<!-- This site is optimized with the Yoast SEO plugin v23.4 - https:\/\/yoast.com\/wordpress\/plugins\/seo\/ -->\n<title>Protecciones de vida silvestre desechadas a medida que se cierra la infraestructura en - Consejos - Santa Catarina<\/title>\n<meta name=\"robots\" content=\"index, follow, max-snippet:-1, max-image-preview:large, max-video-preview:-1\" \/>\n<link rel=\"canonical\" href=\"https:\/\/stacatarina.mx\/consejos\/protecciones-de-vida-silvestre-desechadas-a-medida-que-se-cierra-la-infraestructura-en\/\" \/>\n<meta property=\"og:locale\" content=\"es_MX\" \/>\n<meta property=\"og:type\" content=\"article\" \/>\n<meta property=\"og:title\" content=\"Protecciones de vida silvestre desechadas a medida que se cierra la infraestructura en - Consejos - Santa Catarina\" \/>\n<meta property=\"og:description\" content=\"Natural England ha detenido sus planes para designar un h\u00e1bitat antiguo importante en Buckinghamshire como un sitio de especial inter\u00e9s cient\u00edfico debido a los recortes\" \/>\n<meta property=\"og:url\" content=\"https:\/\/stacatarina.mx\/consejos\/protecciones-de-vida-silvestre-desechadas-a-medida-que-se-cierra-la-infraestructura-en\/\" \/>\n<meta property=\"og:site_name\" content=\"Santa Catarina\" \/>\n<meta property=\"article:publisher\" content=\"https:\/\/www.facebook.com\/stacatarinagob\/\" \/>\n<meta property=\"article:published_time\" content=\"2025-05-07T21:24:16+00:00\" \/>\n<meta property=\"article:modified_time\" content=\"2025-05-07T21:24:17+00:00\" \/>\n<meta property=\"og:image\" content=\"https:\/\/stacatarina.mx\/consejos\/wp-content\/uploads\/2025\/05\/Protecciones-de-vida-silvestre-desechadas-a-medida-que-se-cierra.jpg\" \/>\n\t<meta property=\"og:image:width\" content=\"900\" \/>\n\t<meta property=\"og:image:height\" content=\"600\" \/>\n\t<meta property=\"og:image:type\" content=\"image\/jpeg\" \/>\n<meta name=\"author\" content=\"Pedro Mart\u00ednez\" \/>\n<meta name=\"twitter:card\" content=\"summary_large_image\" \/>\n<meta name=\"twitter:creator\" content=\"@stacatarinagob\" \/>\n<meta name=\"twitter:site\" content=\"@stacatarinagob\" \/>\n<meta name=\"twitter:label1\" content=\"Escrito por\" \/>\n\t<meta name=\"twitter:data1\" content=\"Pedro Mart\u00ednez\" \/>\n\t<meta name=\"twitter:label2\" content=\"Tiempo de lectura\" \/>\n\t<meta name=\"twitter:data2\" content=\"3 minutos\" \/>\n<script type=\"application\/ld+json\" class=\"yoast-schema-graph\">{\"@context\":\"https:\/\/schema.org\",\"@graph\":[{\"@type\":\"Article\",\"@id\":\"https:\/\/stacatarina.mx\/consejos\/protecciones-de-vida-silvestre-desechadas-a-medida-que-se-cierra-la-infraestructura-en\/#article\",\"isPartOf\":{\"@id\":\"https:\/\/stacatarina.mx\/consejos\/protecciones-de-vida-silvestre-desechadas-a-medida-que-se-cierra-la-infraestructura-en\/\"},\"author\":{\"name\":\"Pedro Mart\u00ednez\",\"@id\":\"https:\/\/stacatarina.mx\/consejos\/#\/schema\/person\/0be60adffa8e4c4d0828fdf021450e8a\"},\"headline\":\"Protecciones de vida silvestre desechadas a medida que se cierra la infraestructura en\",\"datePublished\":\"2025-05-07T21:24:16+00:00\",\"dateModified\":\"2025-05-07T21:24:17+00:00\",\"mainEntityOfPage\":{\"@id\":\"https:\/\/stacatarina.mx\/consejos\/protecciones-de-vida-silvestre-desechadas-a-medida-que-se-cierra-la-infraestructura-en\/\"},\"wordCount\":682,\"publisher\":{\"@id\":\"https:\/\/stacatarina.mx\/consejos\/#organization\"},\"image\":{\"@id\":\"https:\/\/stacatarina.mx\/consejos\/protecciones-de-vida-silvestre-desechadas-a-medida-que-se-cierra-la-infraestructura-en\/#primaryimage\"},\"thumbnailUrl\":\"https:\/\/stacatarina.mx\/consejos\/wp-content\/uploads\/2025\/05\/Protecciones-de-vida-silvestre-desechadas-a-medida-que-se-cierra.jpg\",\"keywords\":[\"cierra\",\"desechadas\",\"infraestructura\",\"medida\",\"Protecciones\",\"silvestre\",\"vida\"],\"articleSection\":[\"Fauna y Flora\"],\"inLanguage\":\"es\"},{\"@type\":\"WebPage\",\"@id\":\"https:\/\/stacatarina.mx\/consejos\/protecciones-de-vida-silvestre-desechadas-a-medida-que-se-cierra-la-infraestructura-en\/\",\"url\":\"https:\/\/stacatarina.mx\/consejos\/protecciones-de-vida-silvestre-desechadas-a-medida-que-se-cierra-la-infraestructura-en\/\",\"name\":\"Protecciones de vida silvestre desechadas a medida que se cierra la infraestructura en - Consejos - Santa Catarina\",\"isPartOf\":{\"@id\":\"https:\/\/stacatarina.mx\/consejos\/#website\"},\"primaryImageOfPage\":{\"@id\":\"https:\/\/stacatarina.mx\/consejos\/protecciones-de-vida-silvestre-desechadas-a-medida-que-se-cierra-la-infraestructura-en\/#primaryimage\"},\"image\":{\"@id\":\"https:\/\/stacatarina.mx\/consejos\/protecciones-de-vida-silvestre-desechadas-a-medida-que-se-cierra-la-infraestructura-en\/#primaryimage\"},\"thumbnailUrl\":\"https:\/\/stacatarina.mx\/consejos\/wp-content\/uploads\/2025\/05\/Protecciones-de-vida-silvestre-desechadas-a-medida-que-se-cierra.jpg\",\"datePublished\":\"2025-05-07T21:24:16+00:00\",\"dateModified\":\"2025-05-07T21:24:17+00:00\",\"breadcrumb\":{\"@id\":\"https:\/\/stacatarina.mx\/consejos\/protecciones-de-vida-silvestre-desechadas-a-medida-que-se-cierra-la-infraestructura-en\/#breadcrumb\"},\"inLanguage\":\"es\",\"potentialAction\":[{\"@type\":\"ReadAction\",\"target\":[\"https:\/\/stacatarina.mx\/consejos\/protecciones-de-vida-silvestre-desechadas-a-medida-que-se-cierra-la-infraestructura-en\/\"]}]},{\"@type\":\"ImageObject\",\"inLanguage\":\"es\",\"@id\":\"https:\/\/stacatarina.mx\/consejos\/protecciones-de-vida-silvestre-desechadas-a-medida-que-se-cierra-la-infraestructura-en\/#primaryimage\",\"url\":\"https:\/\/stacatarina.mx\/consejos\/wp-content\/uploads\/2025\/05\/Protecciones-de-vida-silvestre-desechadas-a-medida-que-se-cierra.jpg\",\"contentUrl\":\"https:\/\/stacatarina.mx\/consejos\/wp-content\/uploads\/2025\/05\/Protecciones-de-vida-silvestre-desechadas-a-medida-que-se-cierra.jpg\",\"width\":900,\"height\":600,\"caption\":\"Wildlife Protections Scrapped as Infrastructure Closes In\"},{\"@type\":\"BreadcrumbList\",\"@id\":\"https:\/\/stacatarina.mx\/consejos\/protecciones-de-vida-silvestre-desechadas-a-medida-que-se-cierra-la-infraestructura-en\/#breadcrumb\",\"itemListElement\":[{\"@type\":\"ListItem\",\"position\":1,\"name\":\"Inicio\",\"item\":\"https:\/\/stacatarina.mx\/consejos\/\"},{\"@type\":\"ListItem\",\"position\":2,\"name\":\"Protecciones de vida silvestre desechadas a medida que se cierra la infraestructura en\"}]},{\"@type\":\"WebSite\",\"@id\":\"https:\/\/stacatarina.mx\/consejos\/#website\",\"url\":\"https:\/\/stacatarina.mx\/consejos\/\",\"name\":\"Santa Catarina\",\"description\":\"\",\"publisher\":{\"@id\":\"https:\/\/stacatarina.mx\/consejos\/#organization\"},\"potentialAction\":[{\"@type\":\"SearchAction\",\"target\":{\"@type\":\"EntryPoint\",\"urlTemplate\":\"https:\/\/stacatarina.mx\/consejos\/?s={search_term_string}\"},\"query-input\":{\"@type\":\"PropertyValueSpecification\",\"valueRequired\":true,\"valueName\":\"search_term_string\"}}],\"inLanguage\":\"es\"},{\"@type\":\"Organization\",\"@id\":\"https:\/\/stacatarina.mx\/consejos\/#organization\",\"name\":\"Santa Catarina\",\"url\":\"https:\/\/stacatarina.mx\/consejos\/\",\"logo\":{\"@type\":\"ImageObject\",\"inLanguage\":\"es\",\"@id\":\"https:\/\/stacatarina.mx\/consejos\/#\/schema\/logo\/image\/\",\"url\":\"https:\/\/stacatarina.mx\/consejos\/wp-content\/uploads\/2024\/09\/cropped-favicon-1-1.png\",\"contentUrl\":\"https:\/\/stacatarina.mx\/consejos\/wp-content\/uploads\/2024\/09\/cropped-favicon-1-1.png\",\"width\":512,\"height\":512,\"caption\":\"Santa Catarina\"},\"image\":{\"@id\":\"https:\/\/stacatarina.mx\/consejos\/#\/schema\/logo\/image\/\"},\"sameAs\":[\"https:\/\/www.facebook.com\/stacatarinagob\/\",\"https:\/\/x.com\/stacatarinagob\",\"https:\/\/www.instagram.com\/stacatarinagob\/\",\"https:\/\/www.youtube.com\/channel\/UCK-6cQJL_904665N1_nLTWw\"]},{\"@type\":\"Person\",\"@id\":\"https:\/\/stacatarina.mx\/consejos\/#\/schema\/person\/0be60adffa8e4c4d0828fdf021450e8a\",\"name\":\"Pedro Mart\u00ednez\",\"image\":{\"@type\":\"ImageObject\",\"inLanguage\":\"es\",\"@id\":\"https:\/\/stacatarina.mx\/consejos\/#\/schema\/person\/image\/\",\"url\":\"https:\/\/stacatarina.mx\/consejos\/wp-content\/uploads\/2024\/09\/stacatarina.jpg\",\"contentUrl\":\"https:\/\/stacatarina.mx\/consejos\/wp-content\/uploads\/2024\/09\/stacatarina.jpg\",\"caption\":\"Pedro Mart\u00ednez\"},\"description\":\"Hola, soy Pedro Mart\u00ednez, redactor jefe del sitio oficial del ayuntamiento de Santa Catarina, en M\u00e9xico. Con m\u00e1s de diez a\u00f1os de experiencia en el periodismo local, tengo una pasi\u00f3n por la investigaci\u00f3n y la difusi\u00f3n de informaci\u00f3n que valoriza nuestra hermosa comunidad. Mi compromiso es hacer de Santa Catarina una referencia en materia de transparencia y comunicaci\u00f3n municipal.\",\"sameAs\":[\"https:\/\/stacatarina.mx\/\"]}]}<\/script>\n<!-- \/ Yoast SEO plugin. -->","yoast_head_json":{"title":"Protecciones de vida silvestre desechadas a medida que se cierra la infraestructura en - Consejos - Santa Catarina","robots":{"index":"index","follow":"follow","max-snippet":"max-snippet:-1","max-image-preview":"max-image-preview:large","max-video-preview":"max-video-preview:-1"},"canonical":"https:\/\/stacatarina.mx\/consejos\/protecciones-de-vida-silvestre-desechadas-a-medida-que-se-cierra-la-infraestructura-en\/","og_locale":"es_MX","og_type":"article","og_title":"Protecciones de vida silvestre desechadas a medida que se cierra la infraestructura en - Consejos - Santa Catarina","og_description":"Natural England ha detenido sus planes para designar un h\u00e1bitat antiguo importante en Buckinghamshire como un sitio de especial inter\u00e9s cient\u00edfico debido a los recortes","og_url":"https:\/\/stacatarina.mx\/consejos\/protecciones-de-vida-silvestre-desechadas-a-medida-que-se-cierra-la-infraestructura-en\/","og_site_name":"Santa Catarina","article_publisher":"https:\/\/www.facebook.com\/stacatarinagob\/","article_published_time":"2025-05-07T21:24:16+00:00","article_modified_time":"2025-05-07T21:24:17+00:00","og_image":[{"width":900,"height":600,"url":"https:\/\/stacatarina.mx\/consejos\/wp-content\/uploads\/2025\/05\/Protecciones-de-vida-silvestre-desechadas-a-medida-que-se-cierra.jpg","type":"image\/jpeg"}],"author":"Pedro Mart\u00ednez","twitter_card":"summary_large_image","twitter_creator":"@stacatarinagob","twitter_site":"@stacatarinagob","twitter_misc":{"Escrito por":"Pedro Mart\u00ednez","Tiempo de lectura":"3 minutos"},"schema":{"@context":"https:\/\/schema.org","@graph":[{"@type":"Article","@id":"https:\/\/stacatarina.mx\/consejos\/protecciones-de-vida-silvestre-desechadas-a-medida-que-se-cierra-la-infraestructura-en\/#article","isPartOf":{"@id":"https:\/\/stacatarina.mx\/consejos\/protecciones-de-vida-silvestre-desechadas-a-medida-que-se-cierra-la-infraestructura-en\/"},"author":{"name":"Pedro Mart\u00ednez","@id":"https:\/\/stacatarina.mx\/consejos\/#\/schema\/person\/0be60adffa8e4c4d0828fdf021450e8a"},"headline":"Protecciones de vida silvestre desechadas a medida que se cierra la infraestructura en","datePublished":"2025-05-07T21:24:16+00:00","dateModified":"2025-05-07T21:24:17+00:00","mainEntityOfPage":{"@id":"https:\/\/stacatarina.mx\/consejos\/protecciones-de-vida-silvestre-desechadas-a-medida-que-se-cierra-la-infraestructura-en\/"},"wordCount":682,"publisher":{"@id":"https:\/\/stacatarina.mx\/consejos\/#organization"},"image":{"@id":"https:\/\/stacatarina.mx\/consejos\/protecciones-de-vida-silvestre-desechadas-a-medida-que-se-cierra-la-infraestructura-en\/#primaryimage"},"thumbnailUrl":"https:\/\/stacatarina.mx\/consejos\/wp-content\/uploads\/2025\/05\/Protecciones-de-vida-silvestre-desechadas-a-medida-que-se-cierra.jpg","keywords":["cierra","desechadas","infraestructura","medida","Protecciones","silvestre","vida"],"articleSection":["Fauna y Flora"],"inLanguage":"es"},{"@type":"WebPage","@id":"https:\/\/stacatarina.mx\/consejos\/protecciones-de-vida-silvestre-desechadas-a-medida-que-se-cierra-la-infraestructura-en\/","url":"https:\/\/stacatarina.mx\/consejos\/protecciones-de-vida-silvestre-desechadas-a-medida-que-se-cierra-la-infraestructura-en\/","name":"Protecciones de vida silvestre desechadas a medida que se cierra la infraestructura en - Consejos - Santa Catarina","isPartOf":{"@id":"https:\/\/stacatarina.mx\/consejos\/#website"},"primaryImageOfPage":{"@id":"https:\/\/stacatarina.mx\/consejos\/protecciones-de-vida-silvestre-desechadas-a-medida-que-se-cierra-la-infraestructura-en\/#primaryimage"},"image":{"@id":"https:\/\/stacatarina.mx\/consejos\/protecciones-de-vida-silvestre-desechadas-a-medida-que-se-cierra-la-infraestructura-en\/#primaryimage"},"thumbnailUrl":"https:\/\/stacatarina.mx\/consejos\/wp-content\/uploads\/2025\/05\/Protecciones-de-vida-silvestre-desechadas-a-medida-que-se-cierra.jpg","datePublished":"2025-05-07T21:24:16+00:00","dateModified":"2025-05-07T21:24:17+00:00","breadcrumb":{"@id":"https:\/\/stacatarina.mx\/consejos\/protecciones-de-vida-silvestre-desechadas-a-medida-que-se-cierra-la-infraestructura-en\/#breadcrumb"},"inLanguage":"es","potentialAction":[{"@type":"ReadAction","target":["https:\/\/stacatarina.mx\/consejos\/protecciones-de-vida-silvestre-desechadas-a-medida-que-se-cierra-la-infraestructura-en\/"]}]},{"@type":"ImageObject","inLanguage":"es","@id":"https:\/\/stacatarina.mx\/consejos\/protecciones-de-vida-silvestre-desechadas-a-medida-que-se-cierra-la-infraestructura-en\/#primaryimage","url":"https:\/\/stacatarina.mx\/consejos\/wp-content\/uploads\/2025\/05\/Protecciones-de-vida-silvestre-desechadas-a-medida-que-se-cierra.jpg","contentUrl":"https:\/\/stacatarina.mx\/consejos\/wp-content\/uploads\/2025\/05\/Protecciones-de-vida-silvestre-desechadas-a-medida-que-se-cierra.jpg","width":900,"height":600,"caption":"Wildlife Protections Scrapped as Infrastructure Closes In"},{"@type":"BreadcrumbList","@id":"https:\/\/stacatarina.mx\/consejos\/protecciones-de-vida-silvestre-desechadas-a-medida-que-se-cierra-la-infraestructura-en\/#breadcrumb","itemListElement":[{"@type":"ListItem","position":1,"name":"Inicio","item":"https:\/\/stacatarina.mx\/consejos\/"},{"@type":"ListItem","position":2,"name":"Protecciones de vida silvestre desechadas a medida que se cierra la infraestructura en"}]},{"@type":"WebSite","@id":"https:\/\/stacatarina.mx\/consejos\/#website","url":"https:\/\/stacatarina.mx\/consejos\/","name":"Santa Catarina","description":"","publisher":{"@id":"https:\/\/stacatarina.mx\/consejos\/#organization"},"potentialAction":[{"@type":"SearchAction","target":{"@type":"EntryPoint","urlTemplate":"https:\/\/stacatarina.mx\/consejos\/?s={search_term_string}"},"query-input":{"@type":"PropertyValueSpecification","valueRequired":true,"valueName":"search_term_string"}}],"inLanguage":"es"},{"@type":"Organization","@id":"https:\/\/stacatarina.mx\/consejos\/#organization","name":"Santa Catarina","url":"https:\/\/stacatarina.mx\/consejos\/","logo":{"@type":"ImageObject","inLanguage":"es","@id":"https:\/\/stacatarina.mx\/consejos\/#\/schema\/logo\/image\/","url":"https:\/\/stacatarina.mx\/consejos\/wp-content\/uploads\/2024\/09\/cropped-favicon-1-1.png","contentUrl":"https:\/\/stacatarina.mx\/consejos\/wp-content\/uploads\/2024\/09\/cropped-favicon-1-1.png","width":512,"height":512,"caption":"Santa Catarina"},"image":{"@id":"https:\/\/stacatarina.mx\/consejos\/#\/schema\/logo\/image\/"},"sameAs":["https:\/\/www.facebook.com\/stacatarinagob\/","https:\/\/x.com\/stacatarinagob","https:\/\/www.instagram.com\/stacatarinagob\/","https:\/\/www.youtube.com\/channel\/UCK-6cQJL_904665N1_nLTWw"]},{"@type":"Person","@id":"https:\/\/stacatarina.mx\/consejos\/#\/schema\/person\/0be60adffa8e4c4d0828fdf021450e8a","name":"Pedro Mart\u00ednez","image":{"@type":"ImageObject","inLanguage":"es","@id":"https:\/\/stacatarina.mx\/consejos\/#\/schema\/person\/image\/","url":"https:\/\/stacatarina.mx\/consejos\/wp-content\/uploads\/2024\/09\/stacatarina.jpg","contentUrl":"https:\/\/stacatarina.mx\/consejos\/wp-content\/uploads\/2024\/09\/stacatarina.jpg","caption":"Pedro Mart\u00ednez"},"description":"Hola, soy Pedro Mart\u00ednez, redactor jefe del sitio oficial del ayuntamiento de Santa Catarina, en M\u00e9xico. Con m\u00e1s de diez a\u00f1os de experiencia en el periodismo local, tengo una pasi\u00f3n por la investigaci\u00f3n y la difusi\u00f3n de informaci\u00f3n que valoriza nuestra hermosa comunidad. Mi compromiso es hacer de Santa Catarina una referencia en materia de transparencia y comunicaci\u00f3n municipal.","sameAs":["https:\/\/stacatarina.mx\/"]}]}},"_links":{"self":[{"href":"https:\/\/stacatarina.mx\/consejos\/wp-json\/wp\/v2\/posts\/3783"}],"collection":[{"href":"https:\/\/stacatarina.mx\/consejos\/wp-json\/wp\/v2\/posts"}],"about":[{"href":"https:\/\/stacatarina.mx\/consejos\/wp-json\/wp\/v2\/types\/post"}],"author":[{"embeddable":true,"href":"https:\/\/stacatarina.mx\/consejos\/wp-json\/wp\/v2\/users\/1"}],"replies":[{"embeddable":true,"href":"https:\/\/stacatarina.mx\/consejos\/wp-json\/wp\/v2\/comments?post=3783"}],"version-history":[{"count":1,"href":"https:\/\/stacatarina.mx\/consejos\/wp-json\/wp\/v2\/posts\/3783\/revisions"}],"predecessor-version":[{"id":3785,"href":"https:\/\/stacatarina.mx\/consejos\/wp-json\/wp\/v2\/posts\/3783\/revisions\/3785"}],"wp:featuredmedia":[{"embeddable":true,"href":"https:\/\/stacatarina.mx\/consejos\/wp-json\/wp\/v2\/media\/3784"}],"wp:attachment":[{"href":"https:\/\/stacatarina.mx\/consejos\/wp-json\/wp\/v2\/media?parent=3783"}],"wp:term":[{"taxonomy":"category","embeddable":true,"href":"https:\/\/stacatarina.mx\/consejos\/wp-json\/wp\/v2\/categories?post=3783"},{"taxonomy":"post_tag","embeddable":true,"href":"https:\/\/stacatarina.mx\/consejos\/wp-json\/wp\/v2\/tags?post=3783"}],"curies":[{"name":"wp","href":"https:\/\/api.w.org\/{rel}","templated":true}]}}