{"id":380,"date":"2024-09-13T19:33:17","date_gmt":"2024-09-14T01:33:17","guid":{"rendered":"https:\/\/stacatarina.mx\/consejos\/un-coral-de-600-anos-nos-muestra-como-ha-cambiado-el-oceano-pacifico-desde-1370\/"},"modified":"2024-09-13T19:33:17","modified_gmt":"2024-09-14T01:33:17","slug":"un-coral-de-600-anos-nos-muestra-como-ha-cambiado-el-oceano-pacifico-desde-1370","status":"publish","type":"post","link":"https:\/\/stacatarina.mx\/consejos\/un-coral-de-600-anos-nos-muestra-como-ha-cambiado-el-oceano-pacifico-desde-1370\/","title":{"rendered":"Un coral de 600 a\u00f1os nos muestra c\u00f3mo ha cambiado el Oc\u00e9ano Pac\u00edfico desde 1370"},"content":{"rendered":"<div class=\"entry-content\">\n<figure class=\"wp-block-image\"><\/figure>\n<p>Un solo coral en Fiji, de m\u00e1s de 600 a\u00f1os de antig\u00fcedad, ha registrado c\u00f3mo han variado las temperaturas del Oc\u00e9ano Pac\u00edfico a lo largo de su larga vida.<\/p>\n<p>Los cient\u00edficos saben que el Pac\u00edfico se ha ido calentando a lo largo de los siglos, con olas de calor marinas y blanqueamiento generalizado de los corales en los \u00faltimos a\u00f1os debido al cambio clim\u00e1tico antropog\u00e9nico. Pero se cree que ha habido a\u00f1os m\u00e1s fr\u00edos y m\u00e1s c\u00e1lidos, e incluso d\u00e9cadas, a lo largo del tiempo. Por supuesto, es dif\u00edcil saber mucho sobre esta variabilidad, ya que hay muy pocos registros continuos que se remonten a cientos de a\u00f1os.<\/p>\n<p>Nuestra investigaci\u00f3n, publicada ahora en Science Advances, ayuda a llenar estos vac\u00edos. Usamos una muestra de un solo y enorme <em>Diploastrea heliopora<\/em> Coral, a veces llamado coral panal. Este ejemplar inusualmente antiguo fue descubierto en 1998 y los cient\u00edficos recogieron una muestra de \u00e9l perfor\u00e1ndolo. Ahora hemos analizado esta muestra utilizando t\u00e9cnicas cient\u00edficas modernas.<\/p>\n<p>Combinamos este extenso registro de corales con el de otros corales del archipi\u00e9lago de Fiji para construir una cronolog\u00eda maestra de la temperatura en las aguas de Fiji. Para el per\u00edodo desde la d\u00e9cada de 1990, contamos con abundante informaci\u00f3n de boyas meteorol\u00f3gicas, sat\u00e9lites y otros instrumentos para combinar con esta.<\/p>\n<p>Esto significa que el registro de coral t\u00e9cnicamente dura 627 a\u00f1os y puede decirnos cu\u00e1l fue la temperatura del mar alrededor de Fiji entre los a\u00f1os 1370 y 1997. Es el registro de temperatura continuo m\u00e1s largo de su tipo en cualquier lugar del oc\u00e9ano tropical.<\/p>\n<figure class=\"wp-block-image\"><img decoding=\"async\" src=\"https:\/\/stacatarina.mx\/consejos\/wp-content\/uploads\/2024\/09\/Un-coral-de-600-anos-nos-muestra-como-ha-cambiado.0&#038;q=45&#038;auto=format&#038;w=754&#038;fit=clip.jpeg\" alt=\"Un gran coral\"><\/figure>\n<h2 class=\"wp-block-heading\">El coral puede ser una ventana al pasado<\/h2>\n<p>Los corales gigantes pueden vivir muchos a\u00f1os formando continuamente un esqueleto de carbonato de calcio que se va acumulando en capas sobre el esqueleto anterior. La parte viva del coral solo ocupa los primeros mil\u00edmetros. A medida que se a\u00f1aden nuevas capas, el esqueleto anterior se va vaciando por el coral, dejando un registro de las condiciones pasadas.<\/p>\n<p>En particular, buscamos la proporci\u00f3n de dos elementos presentes en el esqueleto de los corales: el estroncio y el calcio, que act\u00faan como indicadores de la temperatura del agua de mar. Cuando hay menos estroncio en relaci\u00f3n con el calcio en los esqueletos de los corales, significa que el agua estaba caliente cuando el coral estaba vivo, y viceversa. Analizamos estos elementos utilizando aparatos de espectrometr\u00eda de masas que cuantifican la composici\u00f3n elemental de los materiales incluso en concentraciones muy bajas.<\/p>\n<p>Los datos de temperatura pasados \u200b\u200bdel coral muestran c\u00f3mo los patrones clim\u00e1ticos, como la oscilaci\u00f3n interdecadal del Pac\u00edfico, han evolucionado a lo largo de los siglos, y ofrecen un contexto crucial para comprender las tendencias presentes y futuras del clima.<\/p>\n<p>El oc\u00e9ano Pac\u00edfico es un factor importante de la variabilidad clim\u00e1tica en todo el mundo. El fen\u00f3meno m\u00e1s conocido es el que se produce cuando el Pac\u00edfico pasa de un estado de El Ni\u00f1o a un estado de La Ni\u00f1a cada pocos a\u00f1os, cuando los cambios de temperatura en el oc\u00e9ano provocan importantes cambios en las precipitaciones y el desarrollo de ciclones. Sin embargo, incluso este ciclo se mantiene bajo control gracias a la oscilaci\u00f3n interdecadal, que implica un cambio de temperaturas entre el Pac\u00edfico norte, el sur y el tropical cada 15 a 30 a\u00f1os.<\/p>\n<h2 class=\"wp-block-heading\">El calentamiento moderno en contexto<\/h2>\n<p>Los corales gigantes pueden albergar historias de siglos de antig\u00fcedad en su historia de crecimiento o en la composici\u00f3n qu\u00edmica de sus esqueletos. Por ejemplo, el coral indica que hubo un per\u00edodo c\u00e1lido notable entre 1370 y 1553, cuando el mar alrededor de Fiji era casi tan c\u00e1lido como lo es hoy. Esto pone de relieve c\u00f3mo el sistema clim\u00e1tico del Pac\u00edfico var\u00eda de forma natural.<\/p>\n<p>Sin embargo, podemos combinar nuestros corales con otros registros paleoceanogr\u00e1ficos del Pac\u00edfico para obtener una visi\u00f3n m\u00e1s amplia. Cuando lo hacemos, descubrimos que el calentamiento del Pac\u00edfico durante el \u00faltimo siglo, atribuido en gran medida al calentamiento global provocado por el hombre, marca una desviaci\u00f3n significativa de la variabilidad natural registrada en siglos anteriores.<\/p>\n<p>Si bien algunas partes del Pac\u00edfico fueron m\u00e1s c\u00e1lidas en el pasado, mientras que otras tuvieron una d\u00e9cada o dos m\u00e1s fr\u00edas, y viceversa, esa relaci\u00f3n se est\u00e1 rompiendo. El calentamiento se ha sincronizado cada vez m\u00e1s en todo el oc\u00e9ano Pac\u00edfico tropical y subtropical.<\/p>\n<figure class=\"wp-block-image\"><img decoding=\"async\" src=\"https:\/\/stacatarina.mx\/consejos\/wp-content\/uploads\/2024\/09\/1726277597_704_Un-coral-de-600-anos-nos-muestra-como-ha-cambiado.0&#038;q=45&#038;auto=format&#038;w=754&#038;fit=clip.jpeg\" alt=\"Oc\u00e9ano abierto.\"><\/figure>\n<p>Esto, a su vez, implica grandes cambios en los ciclos de precipitaciones y de sequ\u00edas e inundaciones, ya que la lluvia a menudo se genera por el vapor de agua que se evapora en mares m\u00e1s c\u00e1lidos.<\/p>\n<p>Pero este calentamiento, caracterizado por una diferencia relativamente peque\u00f1a en las temperaturas oce\u00e1nicas en el Pac\u00edfico, no es t\u00edpico de los \u00faltimos seis siglos, lo que sugiere que el calentamiento del Pac\u00edfico desde principios del siglo XX puede estar provocando cambios sin precedentes en la oscilaci\u00f3n interdecadal.<\/p>\n<h2 class=\"wp-block-heading\">Implicaciones para el clima futuro<\/h2>\n<p>Comprender el comportamiento a largo plazo de la oscilaci\u00f3n interdecadal del Pac\u00edfico es crucial para predecir los cambios clim\u00e1ticos futuros.<\/p>\n<p>Recientemente, otro estudio sobre los corales de la Gran Barrera de Coral de Australia y el Mar de Coral que la rodea mostr\u00f3 que las temperaturas de los arrecifes durante cinco recientes episodios de blanqueamiento de corales fueron las m\u00e1s altas de los \u00faltimos 407 a\u00f1os. El arrecife m\u00e1s grande del mundo est\u00e1 en grave peligro.<\/p>\n<p>Nuestro propio trabajo muestra que el oc\u00e9ano que rodea a Fiji est\u00e1 m\u00e1s caliente que nunca en al menos los \u00faltimos 653 a\u00f1os. Estos cambios podr\u00edan provocar fen\u00f3menos meteorol\u00f3gicos m\u00e1s extremos, como sequ\u00edas prolongadas o ciclones tropicales m\u00e1s intensos, con importantes consecuencias para los millones de personas que viven en la regi\u00f3n.<\/p>\n<p>Nuestro estudio demuestra por qu\u00e9 los corales gigantescos y longevos son tan importantes como archivos de los cambios clim\u00e1ticos pasados, pero su futuro est\u00e1 en peligro debido al calentamiento de los oc\u00e9anos. Preservar estos corales gigantes es vital.<\/p>\n<hr class=\"wp-block-separator has-alpha-channel-opacity\">\n<p>Juan Pablo D&#8217;Olivo, Investigador Senior, Instituto de Ciencias del Mar y Limnolog\u00eda, <em>Universidad Nacional Aut\u00f3noma de M\u00e9xico (UNAM)<\/em>; Ariaan Purich, profesor de variabilidad y cambio clim\u00e1tico, <em>Universidad de Monash<\/em>y Jens Zinke, profesor de Paleobiolog\u00eda, <em>Universidad de Leicester<\/em><\/p>\n<\/p><\/div>\n","protected":false},"excerpt":{"rendered":"<p>Un solo coral en Fiji, de m\u00e1s de 600 a\u00f1os de antig\u00fcedad, ha registrado c\u00f3mo han variado las temperaturas del Oc\u00e9ano Pac\u00edfico a lo largo<\/p>\n","protected":false},"author":1,"featured_media":381,"comment_status":"closed","ping_status":"","sticky":false,"template":"","format":"standard","meta":{"footnotes":""},"categories":[68],"tags":[209,299,15,296,59,298,297,300,301],"class_list":["post-380","post","type-post","status-publish","format-standard","has-post-thumbnail","hentry","category-fauna-y-flora","tag-anos","tag-cambiado","tag-como","tag-coral","tag-desde","tag-muestra","tag-nos","tag-oceano","tag-pacifico","generate-columns","tablet-grid-50","mobile-grid-100","grid-parent","grid-50"],"yoast_head":"<!-- This site is optimized with the Yoast SEO plugin v23.4 - https:\/\/yoast.com\/wordpress\/plugins\/seo\/ -->\n<title>Un coral de 600 a\u00f1os nos muestra c\u00f3mo ha cambiado el Oc\u00e9ano Pac\u00edfico desde 1370 - Consejos - Santa Catarina<\/title>\n<meta name=\"robots\" content=\"index, follow, max-snippet:-1, max-image-preview:large, max-video-preview:-1\" \/>\n<link rel=\"canonical\" href=\"https:\/\/stacatarina.mx\/consejos\/un-coral-de-600-anos-nos-muestra-como-ha-cambiado-el-oceano-pacifico-desde-1370\/\" \/>\n<meta property=\"og:locale\" content=\"es_MX\" \/>\n<meta property=\"og:type\" content=\"article\" \/>\n<meta property=\"og:title\" content=\"Un coral de 600 a\u00f1os nos muestra c\u00f3mo ha cambiado el Oc\u00e9ano Pac\u00edfico desde 1370 - Consejos - Santa Catarina\" \/>\n<meta property=\"og:description\" content=\"Un solo coral en Fiji, de m\u00e1s de 600 a\u00f1os de antig\u00fcedad, ha registrado c\u00f3mo han variado las temperaturas del Oc\u00e9ano Pac\u00edfico a lo largo\" \/>\n<meta property=\"og:url\" content=\"https:\/\/stacatarina.mx\/consejos\/un-coral-de-600-anos-nos-muestra-como-ha-cambiado-el-oceano-pacifico-desde-1370\/\" \/>\n<meta property=\"og:site_name\" content=\"Santa Catarina\" \/>\n<meta property=\"article:publisher\" content=\"https:\/\/www.facebook.com\/stacatarinagob\/\" \/>\n<meta property=\"article:published_time\" content=\"2024-09-14T01:33:17+00:00\" \/>\n<meta property=\"og:image\" content=\"https:\/\/stacatarina.mx\/consejos\/wp-content\/uploads\/2024\/09\/Un-coral-de-600-anos-nos-muestra-como-ha-cambiado.jpg\" \/>\n\t<meta property=\"og:image:width\" content=\"754\" \/>\n\t<meta property=\"og:image:height\" content=\"503\" \/>\n\t<meta property=\"og:image:type\" content=\"image\/jpeg\" \/>\n<meta name=\"author\" content=\"Pedro Mart\u00ednez\" \/>\n<meta name=\"twitter:card\" content=\"summary_large_image\" \/>\n<meta name=\"twitter:creator\" content=\"@stacatarinagob\" \/>\n<meta name=\"twitter:site\" content=\"@stacatarinagob\" \/>\n<meta name=\"twitter:label1\" content=\"Escrito por\" \/>\n\t<meta name=\"twitter:data1\" content=\"Pedro Mart\u00ednez\" \/>\n\t<meta name=\"twitter:label2\" content=\"Tiempo de lectura\" \/>\n\t<meta name=\"twitter:data2\" content=\"6 minutos\" \/>\n<script type=\"application\/ld+json\" class=\"yoast-schema-graph\">{\"@context\":\"https:\/\/schema.org\",\"@graph\":[{\"@type\":\"Article\",\"@id\":\"https:\/\/stacatarina.mx\/consejos\/un-coral-de-600-anos-nos-muestra-como-ha-cambiado-el-oceano-pacifico-desde-1370\/#article\",\"isPartOf\":{\"@id\":\"https:\/\/stacatarina.mx\/consejos\/un-coral-de-600-anos-nos-muestra-como-ha-cambiado-el-oceano-pacifico-desde-1370\/\"},\"author\":{\"name\":\"Pedro Mart\u00ednez\",\"@id\":\"https:\/\/stacatarina.mx\/consejos\/#\/schema\/person\/0be60adffa8e4c4d0828fdf021450e8a\"},\"headline\":\"Un coral de 600 a\u00f1os nos muestra c\u00f3mo ha cambiado el Oc\u00e9ano Pac\u00edfico desde 1370\",\"datePublished\":\"2024-09-14T01:33:17+00:00\",\"dateModified\":\"2024-09-14T01:33:17+00:00\",\"mainEntityOfPage\":{\"@id\":\"https:\/\/stacatarina.mx\/consejos\/un-coral-de-600-anos-nos-muestra-como-ha-cambiado-el-oceano-pacifico-desde-1370\/\"},\"wordCount\":1131,\"publisher\":{\"@id\":\"https:\/\/stacatarina.mx\/consejos\/#organization\"},\"image\":{\"@id\":\"https:\/\/stacatarina.mx\/consejos\/un-coral-de-600-anos-nos-muestra-como-ha-cambiado-el-oceano-pacifico-desde-1370\/#primaryimage\"},\"thumbnailUrl\":\"https:\/\/stacatarina.mx\/consejos\/wp-content\/uploads\/2024\/09\/Un-coral-de-600-anos-nos-muestra-como-ha-cambiado.jpg\",\"keywords\":[\"a\u00f1os\",\"cambiado\",\"c\u00f3mo\",\"coral\",\"desde\",\"muestra\",\"nos\",\"Oc\u00e9ano\",\"Pac\u00edfico\"],\"articleSection\":[\"Fauna y Flora\"],\"inLanguage\":\"es\"},{\"@type\":\"WebPage\",\"@id\":\"https:\/\/stacatarina.mx\/consejos\/un-coral-de-600-anos-nos-muestra-como-ha-cambiado-el-oceano-pacifico-desde-1370\/\",\"url\":\"https:\/\/stacatarina.mx\/consejos\/un-coral-de-600-anos-nos-muestra-como-ha-cambiado-el-oceano-pacifico-desde-1370\/\",\"name\":\"Un coral de 600 a\u00f1os nos muestra c\u00f3mo ha cambiado el Oc\u00e9ano Pac\u00edfico desde 1370 - Consejos - Santa Catarina\",\"isPartOf\":{\"@id\":\"https:\/\/stacatarina.mx\/consejos\/#website\"},\"primaryImageOfPage\":{\"@id\":\"https:\/\/stacatarina.mx\/consejos\/un-coral-de-600-anos-nos-muestra-como-ha-cambiado-el-oceano-pacifico-desde-1370\/#primaryimage\"},\"image\":{\"@id\":\"https:\/\/stacatarina.mx\/consejos\/un-coral-de-600-anos-nos-muestra-como-ha-cambiado-el-oceano-pacifico-desde-1370\/#primaryimage\"},\"thumbnailUrl\":\"https:\/\/stacatarina.mx\/consejos\/wp-content\/uploads\/2024\/09\/Un-coral-de-600-anos-nos-muestra-como-ha-cambiado.jpg\",\"datePublished\":\"2024-09-14T01:33:17+00:00\",\"dateModified\":\"2024-09-14T01:33:17+00:00\",\"breadcrumb\":{\"@id\":\"https:\/\/stacatarina.mx\/consejos\/un-coral-de-600-anos-nos-muestra-como-ha-cambiado-el-oceano-pacifico-desde-1370\/#breadcrumb\"},\"inLanguage\":\"es\",\"potentialAction\":[{\"@type\":\"ReadAction\",\"target\":[\"https:\/\/stacatarina.mx\/consejos\/un-coral-de-600-anos-nos-muestra-como-ha-cambiado-el-oceano-pacifico-desde-1370\/\"]}]},{\"@type\":\"ImageObject\",\"inLanguage\":\"es\",\"@id\":\"https:\/\/stacatarina.mx\/consejos\/un-coral-de-600-anos-nos-muestra-como-ha-cambiado-el-oceano-pacifico-desde-1370\/#primaryimage\",\"url\":\"https:\/\/stacatarina.mx\/consejos\/wp-content\/uploads\/2024\/09\/Un-coral-de-600-anos-nos-muestra-como-ha-cambiado.jpg\",\"contentUrl\":\"https:\/\/stacatarina.mx\/consejos\/wp-content\/uploads\/2024\/09\/Un-coral-de-600-anos-nos-muestra-como-ha-cambiado.jpg\",\"width\":754,\"height\":503,\"caption\":\"Un coral de 600 a\u00f1os nos muestra c\u00f3mo ha cambiado el Oc\u00e9ano Pac\u00edfico desde 1370\"},{\"@type\":\"BreadcrumbList\",\"@id\":\"https:\/\/stacatarina.mx\/consejos\/un-coral-de-600-anos-nos-muestra-como-ha-cambiado-el-oceano-pacifico-desde-1370\/#breadcrumb\",\"itemListElement\":[{\"@type\":\"ListItem\",\"position\":1,\"name\":\"Inicio\",\"item\":\"https:\/\/stacatarina.mx\/consejos\/\"},{\"@type\":\"ListItem\",\"position\":2,\"name\":\"Un coral de 600 a\u00f1os nos muestra c\u00f3mo ha cambiado el Oc\u00e9ano Pac\u00edfico desde 1370\"}]},{\"@type\":\"WebSite\",\"@id\":\"https:\/\/stacatarina.mx\/consejos\/#website\",\"url\":\"https:\/\/stacatarina.mx\/consejos\/\",\"name\":\"Santa Catarina\",\"description\":\"\",\"publisher\":{\"@id\":\"https:\/\/stacatarina.mx\/consejos\/#organization\"},\"potentialAction\":[{\"@type\":\"SearchAction\",\"target\":{\"@type\":\"EntryPoint\",\"urlTemplate\":\"https:\/\/stacatarina.mx\/consejos\/?s={search_term_string}\"},\"query-input\":{\"@type\":\"PropertyValueSpecification\",\"valueRequired\":true,\"valueName\":\"search_term_string\"}}],\"inLanguage\":\"es\"},{\"@type\":\"Organization\",\"@id\":\"https:\/\/stacatarina.mx\/consejos\/#organization\",\"name\":\"Santa Catarina\",\"url\":\"https:\/\/stacatarina.mx\/consejos\/\",\"logo\":{\"@type\":\"ImageObject\",\"inLanguage\":\"es\",\"@id\":\"https:\/\/stacatarina.mx\/consejos\/#\/schema\/logo\/image\/\",\"url\":\"https:\/\/stacatarina.mx\/consejos\/wp-content\/uploads\/2024\/09\/cropped-favicon-1-1.png\",\"contentUrl\":\"https:\/\/stacatarina.mx\/consejos\/wp-content\/uploads\/2024\/09\/cropped-favicon-1-1.png\",\"width\":512,\"height\":512,\"caption\":\"Santa Catarina\"},\"image\":{\"@id\":\"https:\/\/stacatarina.mx\/consejos\/#\/schema\/logo\/image\/\"},\"sameAs\":[\"https:\/\/www.facebook.com\/stacatarinagob\/\",\"https:\/\/x.com\/stacatarinagob\",\"https:\/\/www.instagram.com\/stacatarinagob\/\",\"https:\/\/www.youtube.com\/channel\/UCK-6cQJL_904665N1_nLTWw\"]},{\"@type\":\"Person\",\"@id\":\"https:\/\/stacatarina.mx\/consejos\/#\/schema\/person\/0be60adffa8e4c4d0828fdf021450e8a\",\"name\":\"Pedro Mart\u00ednez\",\"image\":{\"@type\":\"ImageObject\",\"inLanguage\":\"es\",\"@id\":\"https:\/\/stacatarina.mx\/consejos\/#\/schema\/person\/image\/\",\"url\":\"https:\/\/stacatarina.mx\/consejos\/wp-content\/uploads\/2024\/09\/stacatarina.jpg\",\"contentUrl\":\"https:\/\/stacatarina.mx\/consejos\/wp-content\/uploads\/2024\/09\/stacatarina.jpg\",\"caption\":\"Pedro Mart\u00ednez\"},\"description\":\"Hola, soy Pedro Mart\u00ednez, redactor jefe del sitio oficial del ayuntamiento de Santa Catarina, en M\u00e9xico. Con m\u00e1s de diez a\u00f1os de experiencia en el periodismo local, tengo una pasi\u00f3n por la investigaci\u00f3n y la difusi\u00f3n de informaci\u00f3n que valoriza nuestra hermosa comunidad. Mi compromiso es hacer de Santa Catarina una referencia en materia de transparencia y comunicaci\u00f3n municipal.\",\"sameAs\":[\"https:\/\/stacatarina.mx\/\"]}]}<\/script>\n<!-- \/ Yoast SEO plugin. -->","yoast_head_json":{"title":"Un coral de 600 a\u00f1os nos muestra c\u00f3mo ha cambiado el Oc\u00e9ano Pac\u00edfico desde 1370 - Consejos - Santa Catarina","robots":{"index":"index","follow":"follow","max-snippet":"max-snippet:-1","max-image-preview":"max-image-preview:large","max-video-preview":"max-video-preview:-1"},"canonical":"https:\/\/stacatarina.mx\/consejos\/un-coral-de-600-anos-nos-muestra-como-ha-cambiado-el-oceano-pacifico-desde-1370\/","og_locale":"es_MX","og_type":"article","og_title":"Un coral de 600 a\u00f1os nos muestra c\u00f3mo ha cambiado el Oc\u00e9ano Pac\u00edfico desde 1370 - Consejos - Santa Catarina","og_description":"Un solo coral en Fiji, de m\u00e1s de 600 a\u00f1os de antig\u00fcedad, ha registrado c\u00f3mo han variado las temperaturas del Oc\u00e9ano Pac\u00edfico a lo largo","og_url":"https:\/\/stacatarina.mx\/consejos\/un-coral-de-600-anos-nos-muestra-como-ha-cambiado-el-oceano-pacifico-desde-1370\/","og_site_name":"Santa Catarina","article_publisher":"https:\/\/www.facebook.com\/stacatarinagob\/","article_published_time":"2024-09-14T01:33:17+00:00","og_image":[{"width":754,"height":503,"url":"https:\/\/stacatarina.mx\/consejos\/wp-content\/uploads\/2024\/09\/Un-coral-de-600-anos-nos-muestra-como-ha-cambiado.jpg","type":"image\/jpeg"}],"author":"Pedro Mart\u00ednez","twitter_card":"summary_large_image","twitter_creator":"@stacatarinagob","twitter_site":"@stacatarinagob","twitter_misc":{"Escrito por":"Pedro Mart\u00ednez","Tiempo de lectura":"6 minutos"},"schema":{"@context":"https:\/\/schema.org","@graph":[{"@type":"Article","@id":"https:\/\/stacatarina.mx\/consejos\/un-coral-de-600-anos-nos-muestra-como-ha-cambiado-el-oceano-pacifico-desde-1370\/#article","isPartOf":{"@id":"https:\/\/stacatarina.mx\/consejos\/un-coral-de-600-anos-nos-muestra-como-ha-cambiado-el-oceano-pacifico-desde-1370\/"},"author":{"name":"Pedro Mart\u00ednez","@id":"https:\/\/stacatarina.mx\/consejos\/#\/schema\/person\/0be60adffa8e4c4d0828fdf021450e8a"},"headline":"Un coral de 600 a\u00f1os nos muestra c\u00f3mo ha cambiado el Oc\u00e9ano Pac\u00edfico desde 1370","datePublished":"2024-09-14T01:33:17+00:00","dateModified":"2024-09-14T01:33:17+00:00","mainEntityOfPage":{"@id":"https:\/\/stacatarina.mx\/consejos\/un-coral-de-600-anos-nos-muestra-como-ha-cambiado-el-oceano-pacifico-desde-1370\/"},"wordCount":1131,"publisher":{"@id":"https:\/\/stacatarina.mx\/consejos\/#organization"},"image":{"@id":"https:\/\/stacatarina.mx\/consejos\/un-coral-de-600-anos-nos-muestra-como-ha-cambiado-el-oceano-pacifico-desde-1370\/#primaryimage"},"thumbnailUrl":"https:\/\/stacatarina.mx\/consejos\/wp-content\/uploads\/2024\/09\/Un-coral-de-600-anos-nos-muestra-como-ha-cambiado.jpg","keywords":["a\u00f1os","cambiado","c\u00f3mo","coral","desde","muestra","nos","Oc\u00e9ano","Pac\u00edfico"],"articleSection":["Fauna y Flora"],"inLanguage":"es"},{"@type":"WebPage","@id":"https:\/\/stacatarina.mx\/consejos\/un-coral-de-600-anos-nos-muestra-como-ha-cambiado-el-oceano-pacifico-desde-1370\/","url":"https:\/\/stacatarina.mx\/consejos\/un-coral-de-600-anos-nos-muestra-como-ha-cambiado-el-oceano-pacifico-desde-1370\/","name":"Un coral de 600 a\u00f1os nos muestra c\u00f3mo ha cambiado el Oc\u00e9ano Pac\u00edfico desde 1370 - Consejos - Santa Catarina","isPartOf":{"@id":"https:\/\/stacatarina.mx\/consejos\/#website"},"primaryImageOfPage":{"@id":"https:\/\/stacatarina.mx\/consejos\/un-coral-de-600-anos-nos-muestra-como-ha-cambiado-el-oceano-pacifico-desde-1370\/#primaryimage"},"image":{"@id":"https:\/\/stacatarina.mx\/consejos\/un-coral-de-600-anos-nos-muestra-como-ha-cambiado-el-oceano-pacifico-desde-1370\/#primaryimage"},"thumbnailUrl":"https:\/\/stacatarina.mx\/consejos\/wp-content\/uploads\/2024\/09\/Un-coral-de-600-anos-nos-muestra-como-ha-cambiado.jpg","datePublished":"2024-09-14T01:33:17+00:00","dateModified":"2024-09-14T01:33:17+00:00","breadcrumb":{"@id":"https:\/\/stacatarina.mx\/consejos\/un-coral-de-600-anos-nos-muestra-como-ha-cambiado-el-oceano-pacifico-desde-1370\/#breadcrumb"},"inLanguage":"es","potentialAction":[{"@type":"ReadAction","target":["https:\/\/stacatarina.mx\/consejos\/un-coral-de-600-anos-nos-muestra-como-ha-cambiado-el-oceano-pacifico-desde-1370\/"]}]},{"@type":"ImageObject","inLanguage":"es","@id":"https:\/\/stacatarina.mx\/consejos\/un-coral-de-600-anos-nos-muestra-como-ha-cambiado-el-oceano-pacifico-desde-1370\/#primaryimage","url":"https:\/\/stacatarina.mx\/consejos\/wp-content\/uploads\/2024\/09\/Un-coral-de-600-anos-nos-muestra-como-ha-cambiado.jpg","contentUrl":"https:\/\/stacatarina.mx\/consejos\/wp-content\/uploads\/2024\/09\/Un-coral-de-600-anos-nos-muestra-como-ha-cambiado.jpg","width":754,"height":503,"caption":"Un coral de 600 a\u00f1os nos muestra c\u00f3mo ha cambiado el Oc\u00e9ano Pac\u00edfico desde 1370"},{"@type":"BreadcrumbList","@id":"https:\/\/stacatarina.mx\/consejos\/un-coral-de-600-anos-nos-muestra-como-ha-cambiado-el-oceano-pacifico-desde-1370\/#breadcrumb","itemListElement":[{"@type":"ListItem","position":1,"name":"Inicio","item":"https:\/\/stacatarina.mx\/consejos\/"},{"@type":"ListItem","position":2,"name":"Un coral de 600 a\u00f1os nos muestra c\u00f3mo ha cambiado el Oc\u00e9ano Pac\u00edfico desde 1370"}]},{"@type":"WebSite","@id":"https:\/\/stacatarina.mx\/consejos\/#website","url":"https:\/\/stacatarina.mx\/consejos\/","name":"Santa Catarina","description":"","publisher":{"@id":"https:\/\/stacatarina.mx\/consejos\/#organization"},"potentialAction":[{"@type":"SearchAction","target":{"@type":"EntryPoint","urlTemplate":"https:\/\/stacatarina.mx\/consejos\/?s={search_term_string}"},"query-input":{"@type":"PropertyValueSpecification","valueRequired":true,"valueName":"search_term_string"}}],"inLanguage":"es"},{"@type":"Organization","@id":"https:\/\/stacatarina.mx\/consejos\/#organization","name":"Santa Catarina","url":"https:\/\/stacatarina.mx\/consejos\/","logo":{"@type":"ImageObject","inLanguage":"es","@id":"https:\/\/stacatarina.mx\/consejos\/#\/schema\/logo\/image\/","url":"https:\/\/stacatarina.mx\/consejos\/wp-content\/uploads\/2024\/09\/cropped-favicon-1-1.png","contentUrl":"https:\/\/stacatarina.mx\/consejos\/wp-content\/uploads\/2024\/09\/cropped-favicon-1-1.png","width":512,"height":512,"caption":"Santa Catarina"},"image":{"@id":"https:\/\/stacatarina.mx\/consejos\/#\/schema\/logo\/image\/"},"sameAs":["https:\/\/www.facebook.com\/stacatarinagob\/","https:\/\/x.com\/stacatarinagob","https:\/\/www.instagram.com\/stacatarinagob\/","https:\/\/www.youtube.com\/channel\/UCK-6cQJL_904665N1_nLTWw"]},{"@type":"Person","@id":"https:\/\/stacatarina.mx\/consejos\/#\/schema\/person\/0be60adffa8e4c4d0828fdf021450e8a","name":"Pedro Mart\u00ednez","image":{"@type":"ImageObject","inLanguage":"es","@id":"https:\/\/stacatarina.mx\/consejos\/#\/schema\/person\/image\/","url":"https:\/\/stacatarina.mx\/consejos\/wp-content\/uploads\/2024\/09\/stacatarina.jpg","contentUrl":"https:\/\/stacatarina.mx\/consejos\/wp-content\/uploads\/2024\/09\/stacatarina.jpg","caption":"Pedro Mart\u00ednez"},"description":"Hola, soy Pedro Mart\u00ednez, redactor jefe del sitio oficial del ayuntamiento de Santa Catarina, en M\u00e9xico. Con m\u00e1s de diez a\u00f1os de experiencia en el periodismo local, tengo una pasi\u00f3n por la investigaci\u00f3n y la difusi\u00f3n de informaci\u00f3n que valoriza nuestra hermosa comunidad. Mi compromiso es hacer de Santa Catarina una referencia en materia de transparencia y comunicaci\u00f3n municipal.","sameAs":["https:\/\/stacatarina.mx\/"]}]}},"_links":{"self":[{"href":"https:\/\/stacatarina.mx\/consejos\/wp-json\/wp\/v2\/posts\/380"}],"collection":[{"href":"https:\/\/stacatarina.mx\/consejos\/wp-json\/wp\/v2\/posts"}],"about":[{"href":"https:\/\/stacatarina.mx\/consejos\/wp-json\/wp\/v2\/types\/post"}],"author":[{"embeddable":true,"href":"https:\/\/stacatarina.mx\/consejos\/wp-json\/wp\/v2\/users\/1"}],"replies":[{"embeddable":true,"href":"https:\/\/stacatarina.mx\/consejos\/wp-json\/wp\/v2\/comments?post=380"}],"version-history":[{"count":1,"href":"https:\/\/stacatarina.mx\/consejos\/wp-json\/wp\/v2\/posts\/380\/revisions"}],"predecessor-version":[{"id":382,"href":"https:\/\/stacatarina.mx\/consejos\/wp-json\/wp\/v2\/posts\/380\/revisions\/382"}],"wp:featuredmedia":[{"embeddable":true,"href":"https:\/\/stacatarina.mx\/consejos\/wp-json\/wp\/v2\/media\/381"}],"wp:attachment":[{"href":"https:\/\/stacatarina.mx\/consejos\/wp-json\/wp\/v2\/media?parent=380"}],"wp:term":[{"taxonomy":"category","embeddable":true,"href":"https:\/\/stacatarina.mx\/consejos\/wp-json\/wp\/v2\/categories?post=380"},{"taxonomy":"post_tag","embeddable":true,"href":"https:\/\/stacatarina.mx\/consejos\/wp-json\/wp\/v2\/tags?post=380"}],"curies":[{"name":"wp","href":"https:\/\/api.w.org\/{rel}","templated":true}]}}