{"id":388,"date":"2024-09-13T23:33:17","date_gmt":"2024-09-14T05:33:17","guid":{"rendered":"https:\/\/stacatarina.mx\/consejos\/el-numero-de-urogallos-negros-de-las-tierras-altas-aumenta-gracias-a-la-restauracion-del-habitat\/"},"modified":"2024-09-13T23:33:17","modified_gmt":"2024-09-14T05:33:17","slug":"el-numero-de-urogallos-negros-de-las-tierras-altas-aumenta-gracias-a-la-restauracion-del-habitat","status":"publish","type":"post","link":"https:\/\/stacatarina.mx\/consejos\/el-numero-de-urogallos-negros-de-las-tierras-altas-aumenta-gracias-a-la-restauracion-del-habitat\/","title":{"rendered":"El n\u00famero de urogallos negros de las Tierras Altas aumenta gracias a la restauraci\u00f3n del h\u00e1bitat"},"content":{"rendered":"<div class=\"entry-content\">\n<p>La restauraci\u00f3n del h\u00e1bitat est\u00e1 creando una tendencia ascendente en el n\u00famero de urogallos lira en las Tierras Altas, lo que ofrece esperanza para las aves en peligro de extinci\u00f3n y para una biodiversidad m\u00e1s amplia, seg\u00fan un estudio.<\/p>\n<p>El primer a\u00f1o de un nuevo estudio de ciencia ciudadana en el paisaje de recuperaci\u00f3n de las Tierras Altas de \u00c1frica, cerca de Inverness, ha descubierto que las poblaciones de urogallo negro se est\u00e1n recuperando bien en los sitios que llevan a cabo una recuperaci\u00f3n natural a gran escala, incluida la restauraci\u00f3n de bosques nativos, turberas y humedales.<\/p>\n<p>El urogallo negro es una especie indicadora importante de la salud del ecosistema y utiliza una amplia variedad de h\u00e1bitats para alimentarse, refugiarse, anidar, cazar y criar polluelos.<\/p>\n<p>Pero estas espectaculares aves han sufrido un declive a largo plazo en todo el Reino Unido debido a amenazas como la p\u00e9rdida de h\u00e1bitat y la gesti\u00f3n intensiva de las tierras. Ahora est\u00e1n extintas localmente en muchas regiones y las poblaciones supervivientes a menudo est\u00e1n muy fragmentadas. <\/p>\n<p>Este a\u00f1o, la iniciativa Affric Highlands y la RSPB Scotland han puesto en marcha un nuevo programa centrado en la comunidad de estudios sobre el urogallo negro, en colaboraci\u00f3n con Forestry and Land Scotland (FLS) y los propietarios de tierras locales. El proyecto se basa en estudios anteriores realizados por la RSPB Scotland en la zona desde 2007 e incluye por primera vez un equipo de voluntarios.<\/p>\n<p>\u201cNuestros hallazgos iniciales son motivo de optimismo. La restauraci\u00f3n de la salud de un mosaico de h\u00e1bitats parece ofrecer una esperanza muy necesaria para el n\u00famero de urogallos lira y, por lo tanto, para la naturaleza en general\u201d, afirm\u00f3 Nicola Williamson, oficial de campo de Affric Highlands.<\/p>\n<p>\u201cEl proyecto ha sido una fuente constante de inspiraci\u00f3n, incluida la participaci\u00f3n positiva de la comunidad local y los propietarios de tierras, las acciones de recuperaci\u00f3n de la naturaleza que se est\u00e1n llevando a cabo en varias fincas y el incre\u00edble equipo de voluntarios que han hecho posible el estudio\u201d.<\/p>\n<p>Las poblaciones de urogallo lira se miden contando el n\u00famero de machos que asisten a los sitios de exhibici\u00f3n de apareamiento llamados leks. Entre abril y mayo de 2024, se evaluaron 14 sitios en el \u00e1rea de Beauly, con voluntarios capacitados que estudiaron parcelas de cinco kil\u00f3metros cuadrados.<\/p>\n<p>El estudio registr\u00f3 405 machos en lekking, un ligero aumento desde el \u00faltimo estudio en 2021 y el mayor registrado en los \u00faltimos 17 a\u00f1os. En 2007, se contaron 250 machos en lekking.<\/p>\n<p>Dado que el n\u00famero de urogallos fluct\u00faa a lo largo del tiempo y faltan datos de algunos a\u00f1os anteriores, el proyecto pretende confirmar mediante estudios futuros si el aumento general es constante.<\/p>\n<p>El equipo tambi\u00e9n descubri\u00f3 que el n\u00famero de machos de urogallo negro en busca de alimento aument\u00f3 o disminuy\u00f3 (a veces significativamente) en diferentes sitios individuales debido a cambios en el h\u00e1bitat disponible. <\/p>\n<p>La restauraci\u00f3n de la naturaleza parece ser el factor clave en los lugares donde las cifras est\u00e1n en aumento. Excluir a los herb\u00edvoros como los ciervos para reducir el pastoreo excesivo y la sobreexplotaci\u00f3n, por ejemplo, est\u00e1 permitiendo que los h\u00e1bitats se recuperen mediante el crecimiento de capas de arbustos saludables y \u00e1rboles j\u00f3venes. <\/p>\n<p>Los sitios de estudio incluyeron la Reserva Natural Corrimony de RSPB, varios sitios de FLS, incluido uno en Glen Affric, y la finca Dundreggan de Trees for Life en Glenmoriston, junto con granjas y fincas privadas como Corrimony Farm y Guisachan.<\/p>\n<p>&#8220;Los datos alentadores de la encuesta son un reconocimiento al esfuerzo de la gente y muestran lo que se puede lograr en un tiempo relativamente corto. Tambi\u00e9n nos resulta \u00fatil poder ver un panorama m\u00e1s amplio en el contexto de las tierras vecinas&#8221;, dijo Alex Grigg de Guisachan, que lleva varios a\u00f1os tomando medidas en favor del urogallo negro y es un socio activo en Affric Highlands.<\/p>\n<p>Los resultados ya est\u00e1n llevando a algunos propietarios de tierras a adoptar enfoques de gesti\u00f3n m\u00e1s favorables para la naturaleza. En varios lugares donde las poblaciones de urogallos lira han disminuido, los propietarios de tierras est\u00e1n buscando activamente asesoramiento y apoyo para aumentar el n\u00famero de urogallos.<\/p>\n<p>Simon McLaughlin, director del sitio de la RSPB, afirm\u00f3: \u201cEl apoyo de los voluntarios locales, las fincas y otras organizaciones este a\u00f1o ha inspirado optimismo de que estas aves estar\u00e1n bien cuidadas en el futuro. Esperamos ver a\u00fan m\u00e1s participaci\u00f3n de esta comunidad en el futuro y seguir trabajando juntos para implementar medidas para salvaguardar a esta incre\u00edble especie\u201d.<\/p>\n<p>El urogallo lira es una de las especies de aves que m\u00e1s r\u00e1pidamente est\u00e1 desapareciendo en el Reino Unido y se encuentra en la lista &#8220;Roja&#8221; de especies en peligro de conservaci\u00f3n. Necesita un mosaico de h\u00e1bitats que incluya bosques y p\u00e1ramos.<\/p>\n<p>Hace tiempo que deber\u00eda haberse realizado un nuevo estudio sobre el urogallo negro en todo el Reino Unido. El \u00faltimo, en 2005, estim\u00f3 que la poblaci\u00f3n del Reino Unido era de 5.100 machos (3.400 en Escocia, 1.500 en Inglaterra y 200 en Gales).<\/p>\n<p>Affric Highlands es el paisaje de recuperaci\u00f3n de la naturaleza m\u00e1s grande del Reino Unido, liderado por Trees for Life y Rewilding Europe. La iniciativa comunitaria de 30 a\u00f1os de duraci\u00f3n tiene como objetivo restaurar h\u00e1bitats en m\u00e1s de medio mill\u00f3n de acres desde el lago Ness hasta la costa oeste, abordando las emergencias naturales y clim\u00e1ticas y apoyando la repoblaci\u00f3n y las oportunidades econ\u00f3micas basadas en la naturaleza.<\/p>\n<p>La formaci\u00f3n comienza este oto\u00f1o para la temporada de estudios del urogallo negro del a\u00f1o pr\u00f3ximo. El equipo del proyecto est\u00e1 deseando conocer a posibles voluntarios y a m\u00e1s propietarios de tierras interesados \u200b\u200ben participar. Env\u00ede un correo electr\u00f3nico a info@affrichighlands.com o visite treesforlife.org.uk\/about-us\/affric-highlands.<\/p>\n<\/p><\/div>\n","protected":false},"excerpt":{"rendered":"<p>La restauraci\u00f3n del h\u00e1bitat est\u00e1 creando una tendencia ascendente en el n\u00famero de urogallos lira en las Tierras Altas, lo que ofrece esperanza para las<\/p>\n","protected":false},"author":1,"featured_media":389,"comment_status":"closed","ping_status":"","sticky":false,"template":"","format":"standard","meta":{"footnotes":""},"categories":[68],"tags":[310,311,23,312,314,34,308,306,313,309,307],"class_list":["post-388","post","type-post","status-publish","format-standard","has-post-thumbnail","hentry","category-fauna-y-flora","tag-altas","tag-aumenta","tag-del","tag-gracias","tag-habitat","tag-las","tag-negros","tag-numero","tag-restauracion","tag-tierras","tag-urogallos","generate-columns","tablet-grid-50","mobile-grid-100","grid-parent","grid-50"],"yoast_head":"<!-- This site is optimized with the Yoast SEO plugin v23.4 - https:\/\/yoast.com\/wordpress\/plugins\/seo\/ -->\n<title>El n\u00famero de urogallos negros de las Tierras Altas aumenta gracias a la restauraci\u00f3n del h\u00e1bitat - Consejos - Santa Catarina<\/title>\n<meta name=\"robots\" content=\"index, follow, max-snippet:-1, max-image-preview:large, max-video-preview:-1\" \/>\n<link rel=\"canonical\" href=\"https:\/\/stacatarina.mx\/consejos\/el-numero-de-urogallos-negros-de-las-tierras-altas-aumenta-gracias-a-la-restauracion-del-habitat\/\" \/>\n<meta property=\"og:locale\" content=\"es_MX\" \/>\n<meta property=\"og:type\" content=\"article\" \/>\n<meta property=\"og:title\" content=\"El n\u00famero de urogallos negros de las Tierras Altas aumenta gracias a la restauraci\u00f3n del h\u00e1bitat - Consejos - Santa Catarina\" \/>\n<meta property=\"og:description\" content=\"La restauraci\u00f3n del h\u00e1bitat est\u00e1 creando una tendencia ascendente en el n\u00famero de urogallos lira en las Tierras Altas, lo que ofrece esperanza para las\" \/>\n<meta property=\"og:url\" content=\"https:\/\/stacatarina.mx\/consejos\/el-numero-de-urogallos-negros-de-las-tierras-altas-aumenta-gracias-a-la-restauracion-del-habitat\/\" \/>\n<meta property=\"og:site_name\" content=\"Santa Catarina\" \/>\n<meta property=\"article:publisher\" content=\"https:\/\/www.facebook.com\/stacatarinagob\/\" \/>\n<meta property=\"article:published_time\" content=\"2024-09-14T05:33:17+00:00\" \/>\n<meta property=\"og:image\" content=\"https:\/\/stacatarina.mx\/consejos\/wp-content\/uploads\/2024\/09\/El-numero-de-urogallos-negros-de-las-Tierras-Altas-aumenta.jpg\" \/>\n\t<meta property=\"og:image:width\" content=\"900\" \/>\n\t<meta property=\"og:image:height\" content=\"600\" \/>\n\t<meta property=\"og:image:type\" content=\"image\/jpeg\" \/>\n<meta name=\"author\" content=\"Pedro Mart\u00ednez\" \/>\n<meta name=\"twitter:card\" content=\"summary_large_image\" \/>\n<meta name=\"twitter:creator\" content=\"@stacatarinagob\" \/>\n<meta name=\"twitter:site\" content=\"@stacatarinagob\" \/>\n<meta name=\"twitter:label1\" content=\"Escrito por\" \/>\n\t<meta name=\"twitter:data1\" content=\"Pedro Mart\u00ednez\" \/>\n\t<meta name=\"twitter:label2\" content=\"Tiempo de lectura\" \/>\n\t<meta name=\"twitter:data2\" content=\"5 minutos\" \/>\n<script type=\"application\/ld+json\" class=\"yoast-schema-graph\">{\"@context\":\"https:\/\/schema.org\",\"@graph\":[{\"@type\":\"Article\",\"@id\":\"https:\/\/stacatarina.mx\/consejos\/el-numero-de-urogallos-negros-de-las-tierras-altas-aumenta-gracias-a-la-restauracion-del-habitat\/#article\",\"isPartOf\":{\"@id\":\"https:\/\/stacatarina.mx\/consejos\/el-numero-de-urogallos-negros-de-las-tierras-altas-aumenta-gracias-a-la-restauracion-del-habitat\/\"},\"author\":{\"name\":\"Pedro Mart\u00ednez\",\"@id\":\"https:\/\/stacatarina.mx\/consejos\/#\/schema\/person\/0be60adffa8e4c4d0828fdf021450e8a\"},\"headline\":\"El n\u00famero de urogallos negros de las Tierras Altas aumenta gracias a la restauraci\u00f3n del h\u00e1bitat\",\"datePublished\":\"2024-09-14T05:33:17+00:00\",\"dateModified\":\"2024-09-14T05:33:17+00:00\",\"mainEntityOfPage\":{\"@id\":\"https:\/\/stacatarina.mx\/consejos\/el-numero-de-urogallos-negros-de-las-tierras-altas-aumenta-gracias-a-la-restauracion-del-habitat\/\"},\"wordCount\":1040,\"publisher\":{\"@id\":\"https:\/\/stacatarina.mx\/consejos\/#organization\"},\"image\":{\"@id\":\"https:\/\/stacatarina.mx\/consejos\/el-numero-de-urogallos-negros-de-las-tierras-altas-aumenta-gracias-a-la-restauracion-del-habitat\/#primaryimage\"},\"thumbnailUrl\":\"https:\/\/stacatarina.mx\/consejos\/wp-content\/uploads\/2024\/09\/El-numero-de-urogallos-negros-de-las-Tierras-Altas-aumenta.jpg\",\"keywords\":[\"Altas\",\"aumenta\",\"del\",\"gracias\",\"h\u00e1bitat\",\"Las\",\"negros\",\"n\u00famero\",\"restauraci\u00f3n\",\"Tierras\",\"urogallos\"],\"articleSection\":[\"Fauna y Flora\"],\"inLanguage\":\"es\"},{\"@type\":\"WebPage\",\"@id\":\"https:\/\/stacatarina.mx\/consejos\/el-numero-de-urogallos-negros-de-las-tierras-altas-aumenta-gracias-a-la-restauracion-del-habitat\/\",\"url\":\"https:\/\/stacatarina.mx\/consejos\/el-numero-de-urogallos-negros-de-las-tierras-altas-aumenta-gracias-a-la-restauracion-del-habitat\/\",\"name\":\"El n\u00famero de urogallos negros de las Tierras Altas aumenta gracias a la restauraci\u00f3n del h\u00e1bitat - Consejos - Santa Catarina\",\"isPartOf\":{\"@id\":\"https:\/\/stacatarina.mx\/consejos\/#website\"},\"primaryImageOfPage\":{\"@id\":\"https:\/\/stacatarina.mx\/consejos\/el-numero-de-urogallos-negros-de-las-tierras-altas-aumenta-gracias-a-la-restauracion-del-habitat\/#primaryimage\"},\"image\":{\"@id\":\"https:\/\/stacatarina.mx\/consejos\/el-numero-de-urogallos-negros-de-las-tierras-altas-aumenta-gracias-a-la-restauracion-del-habitat\/#primaryimage\"},\"thumbnailUrl\":\"https:\/\/stacatarina.mx\/consejos\/wp-content\/uploads\/2024\/09\/El-numero-de-urogallos-negros-de-las-Tierras-Altas-aumenta.jpg\",\"datePublished\":\"2024-09-14T05:33:17+00:00\",\"dateModified\":\"2024-09-14T05:33:17+00:00\",\"breadcrumb\":{\"@id\":\"https:\/\/stacatarina.mx\/consejos\/el-numero-de-urogallos-negros-de-las-tierras-altas-aumenta-gracias-a-la-restauracion-del-habitat\/#breadcrumb\"},\"inLanguage\":\"es\",\"potentialAction\":[{\"@type\":\"ReadAction\",\"target\":[\"https:\/\/stacatarina.mx\/consejos\/el-numero-de-urogallos-negros-de-las-tierras-altas-aumenta-gracias-a-la-restauracion-del-habitat\/\"]}]},{\"@type\":\"ImageObject\",\"inLanguage\":\"es\",\"@id\":\"https:\/\/stacatarina.mx\/consejos\/el-numero-de-urogallos-negros-de-las-tierras-altas-aumenta-gracias-a-la-restauracion-del-habitat\/#primaryimage\",\"url\":\"https:\/\/stacatarina.mx\/consejos\/wp-content\/uploads\/2024\/09\/El-numero-de-urogallos-negros-de-las-Tierras-Altas-aumenta.jpg\",\"contentUrl\":\"https:\/\/stacatarina.mx\/consejos\/wp-content\/uploads\/2024\/09\/El-numero-de-urogallos-negros-de-las-Tierras-Altas-aumenta.jpg\",\"width\":900,\"height\":600,\"caption\":\"Highland black grouse numbers on rise thanks to habitat restoration\"},{\"@type\":\"BreadcrumbList\",\"@id\":\"https:\/\/stacatarina.mx\/consejos\/el-numero-de-urogallos-negros-de-las-tierras-altas-aumenta-gracias-a-la-restauracion-del-habitat\/#breadcrumb\",\"itemListElement\":[{\"@type\":\"ListItem\",\"position\":1,\"name\":\"Inicio\",\"item\":\"https:\/\/stacatarina.mx\/consejos\/\"},{\"@type\":\"ListItem\",\"position\":2,\"name\":\"El n\u00famero de urogallos negros de las Tierras Altas aumenta gracias a la restauraci\u00f3n del h\u00e1bitat\"}]},{\"@type\":\"WebSite\",\"@id\":\"https:\/\/stacatarina.mx\/consejos\/#website\",\"url\":\"https:\/\/stacatarina.mx\/consejos\/\",\"name\":\"Santa Catarina\",\"description\":\"\",\"publisher\":{\"@id\":\"https:\/\/stacatarina.mx\/consejos\/#organization\"},\"potentialAction\":[{\"@type\":\"SearchAction\",\"target\":{\"@type\":\"EntryPoint\",\"urlTemplate\":\"https:\/\/stacatarina.mx\/consejos\/?s={search_term_string}\"},\"query-input\":{\"@type\":\"PropertyValueSpecification\",\"valueRequired\":true,\"valueName\":\"search_term_string\"}}],\"inLanguage\":\"es\"},{\"@type\":\"Organization\",\"@id\":\"https:\/\/stacatarina.mx\/consejos\/#organization\",\"name\":\"Santa Catarina\",\"url\":\"https:\/\/stacatarina.mx\/consejos\/\",\"logo\":{\"@type\":\"ImageObject\",\"inLanguage\":\"es\",\"@id\":\"https:\/\/stacatarina.mx\/consejos\/#\/schema\/logo\/image\/\",\"url\":\"https:\/\/stacatarina.mx\/consejos\/wp-content\/uploads\/2024\/09\/cropped-favicon-1-1.png\",\"contentUrl\":\"https:\/\/stacatarina.mx\/consejos\/wp-content\/uploads\/2024\/09\/cropped-favicon-1-1.png\",\"width\":512,\"height\":512,\"caption\":\"Santa Catarina\"},\"image\":{\"@id\":\"https:\/\/stacatarina.mx\/consejos\/#\/schema\/logo\/image\/\"},\"sameAs\":[\"https:\/\/www.facebook.com\/stacatarinagob\/\",\"https:\/\/x.com\/stacatarinagob\",\"https:\/\/www.instagram.com\/stacatarinagob\/\",\"https:\/\/www.youtube.com\/channel\/UCK-6cQJL_904665N1_nLTWw\"]},{\"@type\":\"Person\",\"@id\":\"https:\/\/stacatarina.mx\/consejos\/#\/schema\/person\/0be60adffa8e4c4d0828fdf021450e8a\",\"name\":\"Pedro Mart\u00ednez\",\"image\":{\"@type\":\"ImageObject\",\"inLanguage\":\"es\",\"@id\":\"https:\/\/stacatarina.mx\/consejos\/#\/schema\/person\/image\/\",\"url\":\"https:\/\/stacatarina.mx\/consejos\/wp-content\/uploads\/2024\/09\/stacatarina.jpg\",\"contentUrl\":\"https:\/\/stacatarina.mx\/consejos\/wp-content\/uploads\/2024\/09\/stacatarina.jpg\",\"caption\":\"Pedro Mart\u00ednez\"},\"description\":\"Hola, soy Pedro Mart\u00ednez, redactor jefe del sitio oficial del ayuntamiento de Santa Catarina, en M\u00e9xico. Con m\u00e1s de diez a\u00f1os de experiencia en el periodismo local, tengo una pasi\u00f3n por la investigaci\u00f3n y la difusi\u00f3n de informaci\u00f3n que valoriza nuestra hermosa comunidad. Mi compromiso es hacer de Santa Catarina una referencia en materia de transparencia y comunicaci\u00f3n municipal.\",\"sameAs\":[\"https:\/\/stacatarina.mx\/\"]}]}<\/script>\n<!-- \/ Yoast SEO plugin. -->","yoast_head_json":{"title":"El n\u00famero de urogallos negros de las Tierras Altas aumenta gracias a la restauraci\u00f3n del h\u00e1bitat - Consejos - Santa Catarina","robots":{"index":"index","follow":"follow","max-snippet":"max-snippet:-1","max-image-preview":"max-image-preview:large","max-video-preview":"max-video-preview:-1"},"canonical":"https:\/\/stacatarina.mx\/consejos\/el-numero-de-urogallos-negros-de-las-tierras-altas-aumenta-gracias-a-la-restauracion-del-habitat\/","og_locale":"es_MX","og_type":"article","og_title":"El n\u00famero de urogallos negros de las Tierras Altas aumenta gracias a la restauraci\u00f3n del h\u00e1bitat - Consejos - Santa Catarina","og_description":"La restauraci\u00f3n del h\u00e1bitat est\u00e1 creando una tendencia ascendente en el n\u00famero de urogallos lira en las Tierras Altas, lo que ofrece esperanza para las","og_url":"https:\/\/stacatarina.mx\/consejos\/el-numero-de-urogallos-negros-de-las-tierras-altas-aumenta-gracias-a-la-restauracion-del-habitat\/","og_site_name":"Santa Catarina","article_publisher":"https:\/\/www.facebook.com\/stacatarinagob\/","article_published_time":"2024-09-14T05:33:17+00:00","og_image":[{"width":900,"height":600,"url":"https:\/\/stacatarina.mx\/consejos\/wp-content\/uploads\/2024\/09\/El-numero-de-urogallos-negros-de-las-Tierras-Altas-aumenta.jpg","type":"image\/jpeg"}],"author":"Pedro Mart\u00ednez","twitter_card":"summary_large_image","twitter_creator":"@stacatarinagob","twitter_site":"@stacatarinagob","twitter_misc":{"Escrito por":"Pedro Mart\u00ednez","Tiempo de lectura":"5 minutos"},"schema":{"@context":"https:\/\/schema.org","@graph":[{"@type":"Article","@id":"https:\/\/stacatarina.mx\/consejos\/el-numero-de-urogallos-negros-de-las-tierras-altas-aumenta-gracias-a-la-restauracion-del-habitat\/#article","isPartOf":{"@id":"https:\/\/stacatarina.mx\/consejos\/el-numero-de-urogallos-negros-de-las-tierras-altas-aumenta-gracias-a-la-restauracion-del-habitat\/"},"author":{"name":"Pedro Mart\u00ednez","@id":"https:\/\/stacatarina.mx\/consejos\/#\/schema\/person\/0be60adffa8e4c4d0828fdf021450e8a"},"headline":"El n\u00famero de urogallos negros de las Tierras Altas aumenta gracias a la restauraci\u00f3n del h\u00e1bitat","datePublished":"2024-09-14T05:33:17+00:00","dateModified":"2024-09-14T05:33:17+00:00","mainEntityOfPage":{"@id":"https:\/\/stacatarina.mx\/consejos\/el-numero-de-urogallos-negros-de-las-tierras-altas-aumenta-gracias-a-la-restauracion-del-habitat\/"},"wordCount":1040,"publisher":{"@id":"https:\/\/stacatarina.mx\/consejos\/#organization"},"image":{"@id":"https:\/\/stacatarina.mx\/consejos\/el-numero-de-urogallos-negros-de-las-tierras-altas-aumenta-gracias-a-la-restauracion-del-habitat\/#primaryimage"},"thumbnailUrl":"https:\/\/stacatarina.mx\/consejos\/wp-content\/uploads\/2024\/09\/El-numero-de-urogallos-negros-de-las-Tierras-Altas-aumenta.jpg","keywords":["Altas","aumenta","del","gracias","h\u00e1bitat","Las","negros","n\u00famero","restauraci\u00f3n","Tierras","urogallos"],"articleSection":["Fauna y Flora"],"inLanguage":"es"},{"@type":"WebPage","@id":"https:\/\/stacatarina.mx\/consejos\/el-numero-de-urogallos-negros-de-las-tierras-altas-aumenta-gracias-a-la-restauracion-del-habitat\/","url":"https:\/\/stacatarina.mx\/consejos\/el-numero-de-urogallos-negros-de-las-tierras-altas-aumenta-gracias-a-la-restauracion-del-habitat\/","name":"El n\u00famero de urogallos negros de las Tierras Altas aumenta gracias a la restauraci\u00f3n del h\u00e1bitat - Consejos - Santa Catarina","isPartOf":{"@id":"https:\/\/stacatarina.mx\/consejos\/#website"},"primaryImageOfPage":{"@id":"https:\/\/stacatarina.mx\/consejos\/el-numero-de-urogallos-negros-de-las-tierras-altas-aumenta-gracias-a-la-restauracion-del-habitat\/#primaryimage"},"image":{"@id":"https:\/\/stacatarina.mx\/consejos\/el-numero-de-urogallos-negros-de-las-tierras-altas-aumenta-gracias-a-la-restauracion-del-habitat\/#primaryimage"},"thumbnailUrl":"https:\/\/stacatarina.mx\/consejos\/wp-content\/uploads\/2024\/09\/El-numero-de-urogallos-negros-de-las-Tierras-Altas-aumenta.jpg","datePublished":"2024-09-14T05:33:17+00:00","dateModified":"2024-09-14T05:33:17+00:00","breadcrumb":{"@id":"https:\/\/stacatarina.mx\/consejos\/el-numero-de-urogallos-negros-de-las-tierras-altas-aumenta-gracias-a-la-restauracion-del-habitat\/#breadcrumb"},"inLanguage":"es","potentialAction":[{"@type":"ReadAction","target":["https:\/\/stacatarina.mx\/consejos\/el-numero-de-urogallos-negros-de-las-tierras-altas-aumenta-gracias-a-la-restauracion-del-habitat\/"]}]},{"@type":"ImageObject","inLanguage":"es","@id":"https:\/\/stacatarina.mx\/consejos\/el-numero-de-urogallos-negros-de-las-tierras-altas-aumenta-gracias-a-la-restauracion-del-habitat\/#primaryimage","url":"https:\/\/stacatarina.mx\/consejos\/wp-content\/uploads\/2024\/09\/El-numero-de-urogallos-negros-de-las-Tierras-Altas-aumenta.jpg","contentUrl":"https:\/\/stacatarina.mx\/consejos\/wp-content\/uploads\/2024\/09\/El-numero-de-urogallos-negros-de-las-Tierras-Altas-aumenta.jpg","width":900,"height":600,"caption":"Highland black grouse numbers on rise thanks to habitat restoration"},{"@type":"BreadcrumbList","@id":"https:\/\/stacatarina.mx\/consejos\/el-numero-de-urogallos-negros-de-las-tierras-altas-aumenta-gracias-a-la-restauracion-del-habitat\/#breadcrumb","itemListElement":[{"@type":"ListItem","position":1,"name":"Inicio","item":"https:\/\/stacatarina.mx\/consejos\/"},{"@type":"ListItem","position":2,"name":"El n\u00famero de urogallos negros de las Tierras Altas aumenta gracias a la restauraci\u00f3n del h\u00e1bitat"}]},{"@type":"WebSite","@id":"https:\/\/stacatarina.mx\/consejos\/#website","url":"https:\/\/stacatarina.mx\/consejos\/","name":"Santa Catarina","description":"","publisher":{"@id":"https:\/\/stacatarina.mx\/consejos\/#organization"},"potentialAction":[{"@type":"SearchAction","target":{"@type":"EntryPoint","urlTemplate":"https:\/\/stacatarina.mx\/consejos\/?s={search_term_string}"},"query-input":{"@type":"PropertyValueSpecification","valueRequired":true,"valueName":"search_term_string"}}],"inLanguage":"es"},{"@type":"Organization","@id":"https:\/\/stacatarina.mx\/consejos\/#organization","name":"Santa Catarina","url":"https:\/\/stacatarina.mx\/consejos\/","logo":{"@type":"ImageObject","inLanguage":"es","@id":"https:\/\/stacatarina.mx\/consejos\/#\/schema\/logo\/image\/","url":"https:\/\/stacatarina.mx\/consejos\/wp-content\/uploads\/2024\/09\/cropped-favicon-1-1.png","contentUrl":"https:\/\/stacatarina.mx\/consejos\/wp-content\/uploads\/2024\/09\/cropped-favicon-1-1.png","width":512,"height":512,"caption":"Santa Catarina"},"image":{"@id":"https:\/\/stacatarina.mx\/consejos\/#\/schema\/logo\/image\/"},"sameAs":["https:\/\/www.facebook.com\/stacatarinagob\/","https:\/\/x.com\/stacatarinagob","https:\/\/www.instagram.com\/stacatarinagob\/","https:\/\/www.youtube.com\/channel\/UCK-6cQJL_904665N1_nLTWw"]},{"@type":"Person","@id":"https:\/\/stacatarina.mx\/consejos\/#\/schema\/person\/0be60adffa8e4c4d0828fdf021450e8a","name":"Pedro Mart\u00ednez","image":{"@type":"ImageObject","inLanguage":"es","@id":"https:\/\/stacatarina.mx\/consejos\/#\/schema\/person\/image\/","url":"https:\/\/stacatarina.mx\/consejos\/wp-content\/uploads\/2024\/09\/stacatarina.jpg","contentUrl":"https:\/\/stacatarina.mx\/consejos\/wp-content\/uploads\/2024\/09\/stacatarina.jpg","caption":"Pedro Mart\u00ednez"},"description":"Hola, soy Pedro Mart\u00ednez, redactor jefe del sitio oficial del ayuntamiento de Santa Catarina, en M\u00e9xico. Con m\u00e1s de diez a\u00f1os de experiencia en el periodismo local, tengo una pasi\u00f3n por la investigaci\u00f3n y la difusi\u00f3n de informaci\u00f3n que valoriza nuestra hermosa comunidad. Mi compromiso es hacer de Santa Catarina una referencia en materia de transparencia y comunicaci\u00f3n municipal.","sameAs":["https:\/\/stacatarina.mx\/"]}]}},"_links":{"self":[{"href":"https:\/\/stacatarina.mx\/consejos\/wp-json\/wp\/v2\/posts\/388"}],"collection":[{"href":"https:\/\/stacatarina.mx\/consejos\/wp-json\/wp\/v2\/posts"}],"about":[{"href":"https:\/\/stacatarina.mx\/consejos\/wp-json\/wp\/v2\/types\/post"}],"author":[{"embeddable":true,"href":"https:\/\/stacatarina.mx\/consejos\/wp-json\/wp\/v2\/users\/1"}],"replies":[{"embeddable":true,"href":"https:\/\/stacatarina.mx\/consejos\/wp-json\/wp\/v2\/comments?post=388"}],"version-history":[{"count":1,"href":"https:\/\/stacatarina.mx\/consejos\/wp-json\/wp\/v2\/posts\/388\/revisions"}],"predecessor-version":[{"id":390,"href":"https:\/\/stacatarina.mx\/consejos\/wp-json\/wp\/v2\/posts\/388\/revisions\/390"}],"wp:featuredmedia":[{"embeddable":true,"href":"https:\/\/stacatarina.mx\/consejos\/wp-json\/wp\/v2\/media\/389"}],"wp:attachment":[{"href":"https:\/\/stacatarina.mx\/consejos\/wp-json\/wp\/v2\/media?parent=388"}],"wp:term":[{"taxonomy":"category","embeddable":true,"href":"https:\/\/stacatarina.mx\/consejos\/wp-json\/wp\/v2\/categories?post=388"},{"taxonomy":"post_tag","embeddable":true,"href":"https:\/\/stacatarina.mx\/consejos\/wp-json\/wp\/v2\/tags?post=388"}],"curies":[{"name":"wp","href":"https:\/\/api.w.org\/{rel}","templated":true}]}}