{"id":397,"date":"2024-09-14T03:27:04","date_gmt":"2024-09-14T09:27:04","guid":{"rendered":"https:\/\/stacatarina.mx\/consejos\/respuesta-inicial-a-la-declaracion-del-gobierno-sobre-el-plan-de-erradicacion-de-la-tuberculosis-bovina-de-badger-trust\/"},"modified":"2024-09-14T03:27:04","modified_gmt":"2024-09-14T09:27:04","slug":"respuesta-inicial-a-la-declaracion-del-gobierno-sobre-el-plan-de-erradicacion-de-la-tuberculosis-bovina-de-badger-trust","status":"publish","type":"post","link":"https:\/\/stacatarina.mx\/consejos\/respuesta-inicial-a-la-declaracion-del-gobierno-sobre-el-plan-de-erradicacion-de-la-tuberculosis-bovina-de-badger-trust\/","title":{"rendered":"Respuesta inicial a la declaraci\u00f3n del gobierno sobre el plan de erradicaci\u00f3n de la tuberculosis bovina de Badger Trust"},"content":{"rendered":"<div class=\"entry-content\">\n<p><strong>El gobierno ampl\u00eda la matanza de tejones<\/strong><\/p>\n<p><strong>El ministro Zeichner se centra demasiado en los tejones en su nueva estrategia cuando deber\u00eda centrarse en el ganado<\/strong><\/p>\n<p>La tuberculosis bovina se transmite principalmente de ganado vacuno a ganado vacuno (el 94% de los casos, seg\u00fan el Gobierno). Resulta dif\u00edcil reconocerlo a partir de la \u00faltima erradicaci\u00f3n de la tuberculosis bovina anunciada hoy por el Ministro Zeichner. Con el foco puesto en el inocente tej\u00f3n, la nueva estrategia se ha comprometido a:<\/p>\n<ul class=\"wp-block-list\">\n<li>Respetar las licencias de sacrificio de tejones existentes: esto significa que alrededor de 50.000 tejones ser\u00e1n sacrificados en 2024 con un sacrificio intensivo que comenzar\u00e1 este fin de semana. Esto podr\u00eda significar lo mismo nuevamente en la \u00faltima ronda de licencias de sacrificio existentes en 2025. Esto se suma a los 230.000 tejones ya sacrificados.<\/li>\n<\/ul>\n<ul class=\"wp-block-list\">\n<li>Poner fin a la matanza de tejones en este Parlamento, sin embargo, eso significa que los tejones podr\u00edan ser sacrificados hasta 2029 y ya se ha presentado una nueva solicitud de licencia para Cumbria. Esta es una noticia impactante para la mayor\u00eda de la poblaci\u00f3n que se opone a la matanza de tejones y pensaba que iba a detenerse.<\/li>\n<\/ul>\n<p>Peter Hambly, director ejecutivo de Badger Trust, dijo:<\/p>\n<p>\u201cEl nuevo anuncio sobre la tuberculosis bovina mantiene a los tejones en la mira. Se centra demasiado en los tejones en lugar de en el ganado, cuando es el ganado el principal transmisor de esta enfermedad del ganado. Admite que el gobierno no sabe cu\u00e1ntos tejones quedan ni cu\u00e1ntos tienen tuberculosis bovina. No los han contado ni les han hecho pruebas, pero siguen sacrific\u00e1ndolos.  <\/p>\n<p>\u201cEsta intensificaci\u00f3n planificada del sacrificio de tejones por parte del Gobierno, en contra de su promesa en el manifiesto, debe detenerse. Badger Trust y sus aliados protestar\u00e1n en Westminster el 3 de septiembre contra esta matanza de animales salvajes, contraria a la evidencia cient\u00edfica que apunta a la reducci\u00f3n de la transmisi\u00f3n de ganado vacuno a ganado vacuno como el camino a seguir. En la campa\u00f1a electoral, el Partido Laborista admiti\u00f3 que el sacrificio de tejones era ineficaz, pero ha optado por matar a decenas de miles de tejones\u201d.<\/p>\n<p>Rosie Wood, presidenta de Badger Trust, agreg\u00f3:<\/p>\n<p>\u201cEl Gobierno ha perdido el rumbo. Saben que matar tejones no funciona, pero dicen que continuar\u00e1n con el sacrificio de tejones para brindar \u201cclaridad\u201d a la comunidad agr\u00edcola y a las personas que matan tejones. Deber\u00edan mostrar claridad y honestidad a los agricultores y a todos nosotros centr\u00e1ndose en el ganado: las pruebas adecuadas, una mejor bioseguridad y la vacunaci\u00f3n del ganado son el camino a seguir. Este sacrificio de tejones es una mancha indeleble en este gobierno laborista: debe detenerse antes de que miles de tejones m\u00e1s y sus cachorros sean sacrificados sin ning\u00fan impacto en la tuberculosis bovina en el ganado. El sacrificio intensivo comienza este fin de semana: debe detenerse ahora mismo\u201d.<\/p>\n<\/p><\/div>\n","protected":false},"excerpt":{"rendered":"<p>El gobierno ampl\u00eda la matanza de tejones El ministro Zeichner se centra demasiado en los tejones en su nueva estrategia cuando deber\u00eda centrarse en el<\/p>\n","protected":false},"author":1,"featured_media":398,"comment_status":"closed","ping_status":"","sticky":false,"template":"","format":"standard","meta":{"footnotes":""},"categories":[68],"tags":[239,326,235,23,324,104,322,323,321,279,240,325],"class_list":["post-397","post","type-post","status-publish","format-standard","has-post-thumbnail","hentry","category-fauna-y-flora","tag-badger","tag-bovina","tag-declaracion","tag-del","tag-erradicacion","tag-gobierno","tag-inicial","tag-plan","tag-respuesta","tag-sobre","tag-trust","tag-tuberculosis","generate-columns","tablet-grid-50","mobile-grid-100","grid-parent","grid-50"],"yoast_head":"<!-- This site is optimized with the Yoast SEO plugin v23.4 - https:\/\/yoast.com\/wordpress\/plugins\/seo\/ -->\n<title>Respuesta inicial a la declaraci\u00f3n del gobierno sobre el plan de erradicaci\u00f3n de la tuberculosis bovina de Badger Trust - Consejos - Santa Catarina<\/title>\n<meta name=\"robots\" content=\"index, follow, max-snippet:-1, max-image-preview:large, max-video-preview:-1\" \/>\n<link rel=\"canonical\" href=\"https:\/\/stacatarina.mx\/consejos\/respuesta-inicial-a-la-declaracion-del-gobierno-sobre-el-plan-de-erradicacion-de-la-tuberculosis-bovina-de-badger-trust\/\" \/>\n<meta property=\"og:locale\" content=\"es_MX\" \/>\n<meta property=\"og:type\" content=\"article\" \/>\n<meta property=\"og:title\" content=\"Respuesta inicial a la declaraci\u00f3n del gobierno sobre el plan de erradicaci\u00f3n de la tuberculosis bovina de Badger Trust - Consejos - Santa Catarina\" \/>\n<meta property=\"og:description\" content=\"El gobierno ampl\u00eda la matanza de tejones El ministro Zeichner se centra demasiado en los tejones en su nueva estrategia cuando deber\u00eda centrarse en el\" \/>\n<meta property=\"og:url\" content=\"https:\/\/stacatarina.mx\/consejos\/respuesta-inicial-a-la-declaracion-del-gobierno-sobre-el-plan-de-erradicacion-de-la-tuberculosis-bovina-de-badger-trust\/\" \/>\n<meta property=\"og:site_name\" content=\"Santa Catarina\" \/>\n<meta property=\"article:publisher\" content=\"https:\/\/www.facebook.com\/stacatarinagob\/\" \/>\n<meta property=\"article:published_time\" content=\"2024-09-14T09:27:04+00:00\" \/>\n<meta property=\"og:image\" content=\"https:\/\/stacatarina.mx\/consejos\/wp-content\/uploads\/2024\/09\/Respuesta-inicial-a-la-declaracion-del-gobierno-sobre-el-plan.jpg\" \/>\n\t<meta property=\"og:image:width\" content=\"900\" \/>\n\t<meta property=\"og:image:height\" content=\"600\" \/>\n\t<meta property=\"og:image:type\" content=\"image\/jpeg\" \/>\n<meta name=\"author\" content=\"Pedro Mart\u00ednez\" \/>\n<meta name=\"twitter:card\" content=\"summary_large_image\" \/>\n<meta name=\"twitter:creator\" content=\"@stacatarinagob\" \/>\n<meta name=\"twitter:site\" content=\"@stacatarinagob\" \/>\n<meta name=\"twitter:label1\" content=\"Escrito por\" \/>\n\t<meta name=\"twitter:data1\" content=\"Pedro Mart\u00ednez\" \/>\n\t<meta name=\"twitter:label2\" content=\"Tiempo de lectura\" \/>\n\t<meta name=\"twitter:data2\" content=\"2 minutos\" \/>\n<script type=\"application\/ld+json\" class=\"yoast-schema-graph\">{\"@context\":\"https:\/\/schema.org\",\"@graph\":[{\"@type\":\"Article\",\"@id\":\"https:\/\/stacatarina.mx\/consejos\/respuesta-inicial-a-la-declaracion-del-gobierno-sobre-el-plan-de-erradicacion-de-la-tuberculosis-bovina-de-badger-trust\/#article\",\"isPartOf\":{\"@id\":\"https:\/\/stacatarina.mx\/consejos\/respuesta-inicial-a-la-declaracion-del-gobierno-sobre-el-plan-de-erradicacion-de-la-tuberculosis-bovina-de-badger-trust\/\"},\"author\":{\"name\":\"Pedro Mart\u00ednez\",\"@id\":\"https:\/\/stacatarina.mx\/consejos\/#\/schema\/person\/0be60adffa8e4c4d0828fdf021450e8a\"},\"headline\":\"Respuesta inicial a la declaraci\u00f3n del gobierno sobre el plan de erradicaci\u00f3n de la tuberculosis bovina de Badger Trust\",\"datePublished\":\"2024-09-14T09:27:04+00:00\",\"dateModified\":\"2024-09-14T09:27:04+00:00\",\"mainEntityOfPage\":{\"@id\":\"https:\/\/stacatarina.mx\/consejos\/respuesta-inicial-a-la-declaracion-del-gobierno-sobre-el-plan-de-erradicacion-de-la-tuberculosis-bovina-de-badger-trust\/\"},\"wordCount\":518,\"publisher\":{\"@id\":\"https:\/\/stacatarina.mx\/consejos\/#organization\"},\"image\":{\"@id\":\"https:\/\/stacatarina.mx\/consejos\/respuesta-inicial-a-la-declaracion-del-gobierno-sobre-el-plan-de-erradicacion-de-la-tuberculosis-bovina-de-badger-trust\/#primaryimage\"},\"thumbnailUrl\":\"https:\/\/stacatarina.mx\/consejos\/wp-content\/uploads\/2024\/09\/Respuesta-inicial-a-la-declaracion-del-gobierno-sobre-el-plan.jpg\",\"keywords\":[\"Badger\",\"bovina\",\"declaraci\u00f3n\",\"del\",\"erradicaci\u00f3n\",\"Gobierno\",\"inicial\",\"plan\",\"Respuesta\",\"sobre\",\"Trust\",\"tuberculosis\"],\"articleSection\":[\"Fauna y Flora\"],\"inLanguage\":\"es\"},{\"@type\":\"WebPage\",\"@id\":\"https:\/\/stacatarina.mx\/consejos\/respuesta-inicial-a-la-declaracion-del-gobierno-sobre-el-plan-de-erradicacion-de-la-tuberculosis-bovina-de-badger-trust\/\",\"url\":\"https:\/\/stacatarina.mx\/consejos\/respuesta-inicial-a-la-declaracion-del-gobierno-sobre-el-plan-de-erradicacion-de-la-tuberculosis-bovina-de-badger-trust\/\",\"name\":\"Respuesta inicial a la declaraci\u00f3n del gobierno sobre el plan de erradicaci\u00f3n de la tuberculosis bovina de Badger Trust - Consejos - Santa Catarina\",\"isPartOf\":{\"@id\":\"https:\/\/stacatarina.mx\/consejos\/#website\"},\"primaryImageOfPage\":{\"@id\":\"https:\/\/stacatarina.mx\/consejos\/respuesta-inicial-a-la-declaracion-del-gobierno-sobre-el-plan-de-erradicacion-de-la-tuberculosis-bovina-de-badger-trust\/#primaryimage\"},\"image\":{\"@id\":\"https:\/\/stacatarina.mx\/consejos\/respuesta-inicial-a-la-declaracion-del-gobierno-sobre-el-plan-de-erradicacion-de-la-tuberculosis-bovina-de-badger-trust\/#primaryimage\"},\"thumbnailUrl\":\"https:\/\/stacatarina.mx\/consejos\/wp-content\/uploads\/2024\/09\/Respuesta-inicial-a-la-declaracion-del-gobierno-sobre-el-plan.jpg\",\"datePublished\":\"2024-09-14T09:27:04+00:00\",\"dateModified\":\"2024-09-14T09:27:04+00:00\",\"breadcrumb\":{\"@id\":\"https:\/\/stacatarina.mx\/consejos\/respuesta-inicial-a-la-declaracion-del-gobierno-sobre-el-plan-de-erradicacion-de-la-tuberculosis-bovina-de-badger-trust\/#breadcrumb\"},\"inLanguage\":\"es\",\"potentialAction\":[{\"@type\":\"ReadAction\",\"target\":[\"https:\/\/stacatarina.mx\/consejos\/respuesta-inicial-a-la-declaracion-del-gobierno-sobre-el-plan-de-erradicacion-de-la-tuberculosis-bovina-de-badger-trust\/\"]}]},{\"@type\":\"ImageObject\",\"inLanguage\":\"es\",\"@id\":\"https:\/\/stacatarina.mx\/consejos\/respuesta-inicial-a-la-declaracion-del-gobierno-sobre-el-plan-de-erradicacion-de-la-tuberculosis-bovina-de-badger-trust\/#primaryimage\",\"url\":\"https:\/\/stacatarina.mx\/consejos\/wp-content\/uploads\/2024\/09\/Respuesta-inicial-a-la-declaracion-del-gobierno-sobre-el-plan.jpg\",\"contentUrl\":\"https:\/\/stacatarina.mx\/consejos\/wp-content\/uploads\/2024\/09\/Respuesta-inicial-a-la-declaracion-del-gobierno-sobre-el-plan.jpg\",\"width\":900,\"height\":600,\"caption\":\"Initial Response to Government Statement on bTB eradication plan from Badger Trust\"},{\"@type\":\"BreadcrumbList\",\"@id\":\"https:\/\/stacatarina.mx\/consejos\/respuesta-inicial-a-la-declaracion-del-gobierno-sobre-el-plan-de-erradicacion-de-la-tuberculosis-bovina-de-badger-trust\/#breadcrumb\",\"itemListElement\":[{\"@type\":\"ListItem\",\"position\":1,\"name\":\"Inicio\",\"item\":\"https:\/\/stacatarina.mx\/consejos\/\"},{\"@type\":\"ListItem\",\"position\":2,\"name\":\"Respuesta inicial a la declaraci\u00f3n del gobierno sobre el plan de erradicaci\u00f3n de la tuberculosis bovina de Badger Trust\"}]},{\"@type\":\"WebSite\",\"@id\":\"https:\/\/stacatarina.mx\/consejos\/#website\",\"url\":\"https:\/\/stacatarina.mx\/consejos\/\",\"name\":\"Santa Catarina\",\"description\":\"\",\"publisher\":{\"@id\":\"https:\/\/stacatarina.mx\/consejos\/#organization\"},\"potentialAction\":[{\"@type\":\"SearchAction\",\"target\":{\"@type\":\"EntryPoint\",\"urlTemplate\":\"https:\/\/stacatarina.mx\/consejos\/?s={search_term_string}\"},\"query-input\":{\"@type\":\"PropertyValueSpecification\",\"valueRequired\":true,\"valueName\":\"search_term_string\"}}],\"inLanguage\":\"es\"},{\"@type\":\"Organization\",\"@id\":\"https:\/\/stacatarina.mx\/consejos\/#organization\",\"name\":\"Santa Catarina\",\"url\":\"https:\/\/stacatarina.mx\/consejos\/\",\"logo\":{\"@type\":\"ImageObject\",\"inLanguage\":\"es\",\"@id\":\"https:\/\/stacatarina.mx\/consejos\/#\/schema\/logo\/image\/\",\"url\":\"https:\/\/stacatarina.mx\/consejos\/wp-content\/uploads\/2024\/09\/cropped-favicon-1-1.png\",\"contentUrl\":\"https:\/\/stacatarina.mx\/consejos\/wp-content\/uploads\/2024\/09\/cropped-favicon-1-1.png\",\"width\":512,\"height\":512,\"caption\":\"Santa Catarina\"},\"image\":{\"@id\":\"https:\/\/stacatarina.mx\/consejos\/#\/schema\/logo\/image\/\"},\"sameAs\":[\"https:\/\/www.facebook.com\/stacatarinagob\/\",\"https:\/\/x.com\/stacatarinagob\",\"https:\/\/www.instagram.com\/stacatarinagob\/\",\"https:\/\/www.youtube.com\/channel\/UCK-6cQJL_904665N1_nLTWw\"]},{\"@type\":\"Person\",\"@id\":\"https:\/\/stacatarina.mx\/consejos\/#\/schema\/person\/0be60adffa8e4c4d0828fdf021450e8a\",\"name\":\"Pedro Mart\u00ednez\",\"image\":{\"@type\":\"ImageObject\",\"inLanguage\":\"es\",\"@id\":\"https:\/\/stacatarina.mx\/consejos\/#\/schema\/person\/image\/\",\"url\":\"https:\/\/stacatarina.mx\/consejos\/wp-content\/uploads\/2024\/09\/stacatarina.jpg\",\"contentUrl\":\"https:\/\/stacatarina.mx\/consejos\/wp-content\/uploads\/2024\/09\/stacatarina.jpg\",\"caption\":\"Pedro Mart\u00ednez\"},\"description\":\"Hola, soy Pedro Mart\u00ednez, redactor jefe del sitio oficial del ayuntamiento de Santa Catarina, en M\u00e9xico. Con m\u00e1s de diez a\u00f1os de experiencia en el periodismo local, tengo una pasi\u00f3n por la investigaci\u00f3n y la difusi\u00f3n de informaci\u00f3n que valoriza nuestra hermosa comunidad. Mi compromiso es hacer de Santa Catarina una referencia en materia de transparencia y comunicaci\u00f3n municipal.\",\"sameAs\":[\"https:\/\/stacatarina.mx\/\"]}]}<\/script>\n<!-- \/ Yoast SEO plugin. -->","yoast_head_json":{"title":"Respuesta inicial a la declaraci\u00f3n del gobierno sobre el plan de erradicaci\u00f3n de la tuberculosis bovina de Badger Trust - Consejos - Santa Catarina","robots":{"index":"index","follow":"follow","max-snippet":"max-snippet:-1","max-image-preview":"max-image-preview:large","max-video-preview":"max-video-preview:-1"},"canonical":"https:\/\/stacatarina.mx\/consejos\/respuesta-inicial-a-la-declaracion-del-gobierno-sobre-el-plan-de-erradicacion-de-la-tuberculosis-bovina-de-badger-trust\/","og_locale":"es_MX","og_type":"article","og_title":"Respuesta inicial a la declaraci\u00f3n del gobierno sobre el plan de erradicaci\u00f3n de la tuberculosis bovina de Badger Trust - Consejos - Santa Catarina","og_description":"El gobierno ampl\u00eda la matanza de tejones El ministro Zeichner se centra demasiado en los tejones en su nueva estrategia cuando deber\u00eda centrarse en el","og_url":"https:\/\/stacatarina.mx\/consejos\/respuesta-inicial-a-la-declaracion-del-gobierno-sobre-el-plan-de-erradicacion-de-la-tuberculosis-bovina-de-badger-trust\/","og_site_name":"Santa Catarina","article_publisher":"https:\/\/www.facebook.com\/stacatarinagob\/","article_published_time":"2024-09-14T09:27:04+00:00","og_image":[{"width":900,"height":600,"url":"https:\/\/stacatarina.mx\/consejos\/wp-content\/uploads\/2024\/09\/Respuesta-inicial-a-la-declaracion-del-gobierno-sobre-el-plan.jpg","type":"image\/jpeg"}],"author":"Pedro Mart\u00ednez","twitter_card":"summary_large_image","twitter_creator":"@stacatarinagob","twitter_site":"@stacatarinagob","twitter_misc":{"Escrito por":"Pedro Mart\u00ednez","Tiempo de lectura":"2 minutos"},"schema":{"@context":"https:\/\/schema.org","@graph":[{"@type":"Article","@id":"https:\/\/stacatarina.mx\/consejos\/respuesta-inicial-a-la-declaracion-del-gobierno-sobre-el-plan-de-erradicacion-de-la-tuberculosis-bovina-de-badger-trust\/#article","isPartOf":{"@id":"https:\/\/stacatarina.mx\/consejos\/respuesta-inicial-a-la-declaracion-del-gobierno-sobre-el-plan-de-erradicacion-de-la-tuberculosis-bovina-de-badger-trust\/"},"author":{"name":"Pedro Mart\u00ednez","@id":"https:\/\/stacatarina.mx\/consejos\/#\/schema\/person\/0be60adffa8e4c4d0828fdf021450e8a"},"headline":"Respuesta inicial a la declaraci\u00f3n del gobierno sobre el plan de erradicaci\u00f3n de la tuberculosis bovina de Badger Trust","datePublished":"2024-09-14T09:27:04+00:00","dateModified":"2024-09-14T09:27:04+00:00","mainEntityOfPage":{"@id":"https:\/\/stacatarina.mx\/consejos\/respuesta-inicial-a-la-declaracion-del-gobierno-sobre-el-plan-de-erradicacion-de-la-tuberculosis-bovina-de-badger-trust\/"},"wordCount":518,"publisher":{"@id":"https:\/\/stacatarina.mx\/consejos\/#organization"},"image":{"@id":"https:\/\/stacatarina.mx\/consejos\/respuesta-inicial-a-la-declaracion-del-gobierno-sobre-el-plan-de-erradicacion-de-la-tuberculosis-bovina-de-badger-trust\/#primaryimage"},"thumbnailUrl":"https:\/\/stacatarina.mx\/consejos\/wp-content\/uploads\/2024\/09\/Respuesta-inicial-a-la-declaracion-del-gobierno-sobre-el-plan.jpg","keywords":["Badger","bovina","declaraci\u00f3n","del","erradicaci\u00f3n","Gobierno","inicial","plan","Respuesta","sobre","Trust","tuberculosis"],"articleSection":["Fauna y Flora"],"inLanguage":"es"},{"@type":"WebPage","@id":"https:\/\/stacatarina.mx\/consejos\/respuesta-inicial-a-la-declaracion-del-gobierno-sobre-el-plan-de-erradicacion-de-la-tuberculosis-bovina-de-badger-trust\/","url":"https:\/\/stacatarina.mx\/consejos\/respuesta-inicial-a-la-declaracion-del-gobierno-sobre-el-plan-de-erradicacion-de-la-tuberculosis-bovina-de-badger-trust\/","name":"Respuesta inicial a la declaraci\u00f3n del gobierno sobre el plan de erradicaci\u00f3n de la tuberculosis bovina de Badger Trust - Consejos - Santa Catarina","isPartOf":{"@id":"https:\/\/stacatarina.mx\/consejos\/#website"},"primaryImageOfPage":{"@id":"https:\/\/stacatarina.mx\/consejos\/respuesta-inicial-a-la-declaracion-del-gobierno-sobre-el-plan-de-erradicacion-de-la-tuberculosis-bovina-de-badger-trust\/#primaryimage"},"image":{"@id":"https:\/\/stacatarina.mx\/consejos\/respuesta-inicial-a-la-declaracion-del-gobierno-sobre-el-plan-de-erradicacion-de-la-tuberculosis-bovina-de-badger-trust\/#primaryimage"},"thumbnailUrl":"https:\/\/stacatarina.mx\/consejos\/wp-content\/uploads\/2024\/09\/Respuesta-inicial-a-la-declaracion-del-gobierno-sobre-el-plan.jpg","datePublished":"2024-09-14T09:27:04+00:00","dateModified":"2024-09-14T09:27:04+00:00","breadcrumb":{"@id":"https:\/\/stacatarina.mx\/consejos\/respuesta-inicial-a-la-declaracion-del-gobierno-sobre-el-plan-de-erradicacion-de-la-tuberculosis-bovina-de-badger-trust\/#breadcrumb"},"inLanguage":"es","potentialAction":[{"@type":"ReadAction","target":["https:\/\/stacatarina.mx\/consejos\/respuesta-inicial-a-la-declaracion-del-gobierno-sobre-el-plan-de-erradicacion-de-la-tuberculosis-bovina-de-badger-trust\/"]}]},{"@type":"ImageObject","inLanguage":"es","@id":"https:\/\/stacatarina.mx\/consejos\/respuesta-inicial-a-la-declaracion-del-gobierno-sobre-el-plan-de-erradicacion-de-la-tuberculosis-bovina-de-badger-trust\/#primaryimage","url":"https:\/\/stacatarina.mx\/consejos\/wp-content\/uploads\/2024\/09\/Respuesta-inicial-a-la-declaracion-del-gobierno-sobre-el-plan.jpg","contentUrl":"https:\/\/stacatarina.mx\/consejos\/wp-content\/uploads\/2024\/09\/Respuesta-inicial-a-la-declaracion-del-gobierno-sobre-el-plan.jpg","width":900,"height":600,"caption":"Initial Response to Government Statement on bTB eradication plan from Badger Trust"},{"@type":"BreadcrumbList","@id":"https:\/\/stacatarina.mx\/consejos\/respuesta-inicial-a-la-declaracion-del-gobierno-sobre-el-plan-de-erradicacion-de-la-tuberculosis-bovina-de-badger-trust\/#breadcrumb","itemListElement":[{"@type":"ListItem","position":1,"name":"Inicio","item":"https:\/\/stacatarina.mx\/consejos\/"},{"@type":"ListItem","position":2,"name":"Respuesta inicial a la declaraci\u00f3n del gobierno sobre el plan de erradicaci\u00f3n de la tuberculosis bovina de Badger Trust"}]},{"@type":"WebSite","@id":"https:\/\/stacatarina.mx\/consejos\/#website","url":"https:\/\/stacatarina.mx\/consejos\/","name":"Santa Catarina","description":"","publisher":{"@id":"https:\/\/stacatarina.mx\/consejos\/#organization"},"potentialAction":[{"@type":"SearchAction","target":{"@type":"EntryPoint","urlTemplate":"https:\/\/stacatarina.mx\/consejos\/?s={search_term_string}"},"query-input":{"@type":"PropertyValueSpecification","valueRequired":true,"valueName":"search_term_string"}}],"inLanguage":"es"},{"@type":"Organization","@id":"https:\/\/stacatarina.mx\/consejos\/#organization","name":"Santa Catarina","url":"https:\/\/stacatarina.mx\/consejos\/","logo":{"@type":"ImageObject","inLanguage":"es","@id":"https:\/\/stacatarina.mx\/consejos\/#\/schema\/logo\/image\/","url":"https:\/\/stacatarina.mx\/consejos\/wp-content\/uploads\/2024\/09\/cropped-favicon-1-1.png","contentUrl":"https:\/\/stacatarina.mx\/consejos\/wp-content\/uploads\/2024\/09\/cropped-favicon-1-1.png","width":512,"height":512,"caption":"Santa Catarina"},"image":{"@id":"https:\/\/stacatarina.mx\/consejos\/#\/schema\/logo\/image\/"},"sameAs":["https:\/\/www.facebook.com\/stacatarinagob\/","https:\/\/x.com\/stacatarinagob","https:\/\/www.instagram.com\/stacatarinagob\/","https:\/\/www.youtube.com\/channel\/UCK-6cQJL_904665N1_nLTWw"]},{"@type":"Person","@id":"https:\/\/stacatarina.mx\/consejos\/#\/schema\/person\/0be60adffa8e4c4d0828fdf021450e8a","name":"Pedro Mart\u00ednez","image":{"@type":"ImageObject","inLanguage":"es","@id":"https:\/\/stacatarina.mx\/consejos\/#\/schema\/person\/image\/","url":"https:\/\/stacatarina.mx\/consejos\/wp-content\/uploads\/2024\/09\/stacatarina.jpg","contentUrl":"https:\/\/stacatarina.mx\/consejos\/wp-content\/uploads\/2024\/09\/stacatarina.jpg","caption":"Pedro Mart\u00ednez"},"description":"Hola, soy Pedro Mart\u00ednez, redactor jefe del sitio oficial del ayuntamiento de Santa Catarina, en M\u00e9xico. Con m\u00e1s de diez a\u00f1os de experiencia en el periodismo local, tengo una pasi\u00f3n por la investigaci\u00f3n y la difusi\u00f3n de informaci\u00f3n que valoriza nuestra hermosa comunidad. Mi compromiso es hacer de Santa Catarina una referencia en materia de transparencia y comunicaci\u00f3n municipal.","sameAs":["https:\/\/stacatarina.mx\/"]}]}},"_links":{"self":[{"href":"https:\/\/stacatarina.mx\/consejos\/wp-json\/wp\/v2\/posts\/397"}],"collection":[{"href":"https:\/\/stacatarina.mx\/consejos\/wp-json\/wp\/v2\/posts"}],"about":[{"href":"https:\/\/stacatarina.mx\/consejos\/wp-json\/wp\/v2\/types\/post"}],"author":[{"embeddable":true,"href":"https:\/\/stacatarina.mx\/consejos\/wp-json\/wp\/v2\/users\/1"}],"replies":[{"embeddable":true,"href":"https:\/\/stacatarina.mx\/consejos\/wp-json\/wp\/v2\/comments?post=397"}],"version-history":[{"count":1,"href":"https:\/\/stacatarina.mx\/consejos\/wp-json\/wp\/v2\/posts\/397\/revisions"}],"predecessor-version":[{"id":399,"href":"https:\/\/stacatarina.mx\/consejos\/wp-json\/wp\/v2\/posts\/397\/revisions\/399"}],"wp:featuredmedia":[{"embeddable":true,"href":"https:\/\/stacatarina.mx\/consejos\/wp-json\/wp\/v2\/media\/398"}],"wp:attachment":[{"href":"https:\/\/stacatarina.mx\/consejos\/wp-json\/wp\/v2\/media?parent=397"}],"wp:term":[{"taxonomy":"category","embeddable":true,"href":"https:\/\/stacatarina.mx\/consejos\/wp-json\/wp\/v2\/categories?post=397"},{"taxonomy":"post_tag","embeddable":true,"href":"https:\/\/stacatarina.mx\/consejos\/wp-json\/wp\/v2\/tags?post=397"}],"curies":[{"name":"wp","href":"https:\/\/api.w.org\/{rel}","templated":true}]}}