{"id":409,"date":"2024-09-14T08:29:46","date_gmt":"2024-09-14T14:29:46","guid":{"rendered":"https:\/\/stacatarina.mx\/consejos\/capacitar-a-los-ninos-para-luchar-contra-el-cambio-climatico\/"},"modified":"2024-09-14T08:29:46","modified_gmt":"2024-09-14T14:29:46","slug":"capacitar-a-los-ninos-para-luchar-contra-el-cambio-climatico","status":"publish","type":"post","link":"https:\/\/stacatarina.mx\/consejos\/capacitar-a-los-ninos-para-luchar-contra-el-cambio-climatico\/","title":{"rendered":"Capacitar a los ni\u00f1os para luchar contra el cambio clim\u00e1tico"},"content":{"rendered":"<div style=\"\" data-v-74ea4584=\"\"><!--(--><\/p>\n<h2 class=\"wp-block-heading\">\u00bfQu\u00e9 pasa con el cambio clim\u00e1tico?<\/h2>\n<div class=\"wordpress-paragraph\" style=\"--59bd087b:left;\" data-v-8ccac7f0=\"\">\n<p>\u00bfAlguna vez te has preguntado por qu\u00e9 parece que la Tierra juega con nosotros? A veces hace much\u00edsimo calor y otras veces tenemos fr\u00edo. Acomp\u00e1\u00f1ame en una exploraci\u00f3n para desentra\u00f1ar los secretos del cambio clim\u00e1tico, un t\u00e9rmino que se utiliza para referirse a un problema importante.<\/p>\n<\/div>\n<div class=\"wordpress-paragraph\" style=\"--59bd087b:left;\" data-v-8ccac7f0=\"\">\n<p>La Tierra se puede comparar con un rompecabezas de tierra, agua y aire. Sin embargo, este rompecabezas tiene un aspecto: cambia constantemente. Es fundamental que entendamos las razones que se esconden detr\u00e1s de estos cambios.<\/p>\n<\/div>\n<div class=\"wordpress-paragraph\" style=\"--59bd087b:left;\" data-v-8ccac7f0=\"\">\n<p>Imaginemos nuestro planeta como una manta reconfortante que nos envuelve en calidez. <strong>La manta es esencialmente la &#8220;atm\u00f3sfera&#8221; como un escudo que rodea la Tierra.<\/strong>Su funci\u00f3n es atrapar una cantidad espec\u00edfica de calor solar para garantizar que nuestro nivel de confort se mantenga \u00f3ptimo, ni demasiado calor ni demasiado fr\u00edo.<\/p>\n<\/div>\n<div class=\"wordpress-paragraph\" style=\"--59bd087b:left;\" data-v-8ccac7f0=\"\">\n<p>El impacto del cambio clim\u00e1tico se extiende m\u00e1s all\u00e1 de las fluctuaciones de temperatura. Afecta a todos los aspectos de nuestro entorno. No se trata solo de experimentar temperaturas, sino de la diversidad <span style=\"margin: 0px;padding: 0px\"><strong>Animales, plantas y personas <\/strong>habitando<\/span> Este planeta. <\/p>\n<\/div>\n<div class=\"wordpress-paragraph\" style=\"--59bd087b:left;\" data-v-8ccac7f0=\"\">\n<p>Desde el comienzo de la Revoluci\u00f3n Industrial, nuestras acciones han contribuido significativamente a este aumento de la temperatura. En consecuencia, estamos siendo testigos de muchos efectos en nuestro medio ambiente, nuestra vida silvestre y nuestra vida cotidiana.<\/p>\n<\/div>\n<div class=\"wordpress-paragraph\" style=\"--59bd087b:left;\" data-v-8ccac7f0=\"\">\n<p>Aqu\u00ed hay algunas estad\u00edsticas clave que le ayudar\u00e1n a comprender la gravedad del cambio clim\u00e1tico.<\/p>\n<\/div>\n<div class=\"wordpress-list\" style=\"--0f4ed8a4:revert;\" data-v-88746f0a=\"\">\n<ul class=\"wordpress-list__wrapper\" data-v-88746f0a=\"\">\n<li>La temperatura media de la superficie de la Tierra ha aumentado <strong>un grado Celsius (a 1,8 grados Fahrenheit) durante los 150 a\u00f1os<\/strong>y m\u00e1s de la mitad de este aumento se produjo desde mediados de la d\u00e9cada de 1970.<\/li>\n<li>El <strong>\u00faltimos 20 a\u00f1os<\/strong> Se han registrado como los m\u00e1s c\u00e1lidos.<\/li>\n<li>Desde 1900, el nivel del mar ha aumentado <strong>unos 28,42 cent\u00edmetros.<\/strong><\/li>\n<li>Un total de <strong>29.568.781.522 toneladas de CO2 <\/strong>Se han liberado a la atm\u00f3sfera debido a la combusti\u00f3n de combustibles como carb\u00f3n, petr\u00f3leo y gas.<\/li>\n<li>La temperatura de la Tierra es 1,1 grados Celsius (2 \u00b0F) mayor que en el siglo XIX, y se prev\u00e9 que las temperaturas globales aumenten 2,7 grados Celsius (4,8 \u00b0F) para el a\u00f1o 2100.<\/li>\n<li><strong>80% del consumo energ\u00e9tico<\/strong> Se deriva de la quema de combustibles f\u00f3siles.<\/li>\n<li>Las actividades humanas como la quema de combustibles f\u00f3siles y la deforestaci\u00f3n generan la emisi\u00f3n de gases de efecto invernadero que contribuyen al cambio clim\u00e1tico.<\/li>\n<\/ul>\n<\/div>\n<div class=\"wordpress-image\">\n<figure class=\"wp-block-image size-full\"><\/figure>\n<\/div>\n<h2 class=\"wp-block-heading\">Causas del cambio clim\u00e1tico<\/h2>\n<div class=\"wordpress-paragraph\" style=\"--59bd087b:left;\" data-v-8ccac7f0=\"\">\n<p>La causa del cambio clim\u00e1tico es la alteraci\u00f3n a largo plazo de los patrones clim\u00e1ticos y de las temperaturas de la Tierra. Aunque a lo largo de la historia se han producido cambios naturales, nuestras acciones han acelerado este proceso, calentando el planeta.<\/p>\n<\/div>\n<div class=\"wordpress-paragraph\" style=\"--59bd087b:left;\" data-v-8ccac7f0=\"\">\n<p>Estas actividades est\u00e1n provocando un aumento de las temperaturas, lo que provoca condiciones meteorol\u00f3gicas extremas. A medida que aumentan las temperaturas, la adaptaci\u00f3n a estos cambios en el entorno se vuelve cada vez m\u00e1s dif\u00edcil para nosotros y el medio ambiente.<\/p>\n<\/div>\n<div class=\"wordpress-paragraph\" style=\"--59bd087b:left;\" data-v-8ccac7f0=\"\">\n<p>Comprender las causas de este problema ser\u00e1 un paso hacia la protecci\u00f3n de nuestro planeta. Profundicemos en algunos de los factores que contribuyen a este fen\u00f3meno.<\/p>\n<\/div>\n<h3 class=\"wp-block-heading\">Quema de combustibles f\u00f3siles<\/h3>\n<div class=\"wordpress-paragraph\" style=\"--59bd087b:left;\" data-v-8ccac7f0=\"\">\n<p><span style=\"margin: 0px;padding: 0px\"><span style=\"margin: 0px;padding: 0px\">Incendio <strong>combustibles f\u00f3siles<\/strong><strong> Al igual que el carb\u00f3n, el petr\u00f3leo y el gas contribuyen<\/strong><\/span><strong> <\/strong><\/span><strong>al cambio clim\u00e1tico, con m\u00e1s del 75% de las emisiones mundiales de gases de efecto invernadero.<\/strong> Cuando utilizamos estos combustibles para hacer funcionar nuestros autom\u00f3viles, generar electricidad o calentar nuestras casas, liberamos indirectamente gases de efecto invernadero a la atm\u00f3sfera. Estos gases atrapan el di\u00f3xido de carbono (CO2) y el calor del sol y provocan el calentamiento del planeta. <\/p>\n<\/div>\n<h3 class=\"wp-block-heading\">Deforestaci\u00f3n<\/h3>\n<div class=\"wordpress-paragraph\" style=\"--59bd087b:left;\" data-v-8ccac7f0=\"\">\n<p>La tala de bosques tambi\u00e9n contribuye de manera significativa al cambio clim\u00e1tico. Los bosques act\u00faan como sumideros naturales de carbono, absorbiendo el CO2 de la atm\u00f3sfera y almacen\u00e1ndolo en los \u00e1rboles y el suelo. Cuando talamos bosques para la agricultura, la madera o el desarrollo urbano, liberamos el di\u00f3xido de carbono (CO2) almacenado a la atm\u00f3sfera, lo que aumenta el efecto invernadero. La deforestaci\u00f3n tambi\u00e9n reduce la capacidad de la Tierra para absorber el CO2, lo que agrava a\u00fan m\u00e1s el problema.<\/p>\n<\/div>\n<h3 class=\"wp-block-heading\">Agricultura<\/h3>\n<div class=\"wordpress-paragraph\" style=\"--59bd087b:left;\" data-v-8ccac7f0=\"\">\n<p>La agricultura tambi\u00e9n desempe\u00f1a un papel importante en el cambio clim\u00e1tico. Las actividades agr\u00edcolas, como <strong>cr\u00eda de ganado y uso de fertilizantes,<\/strong> <strong>liberan metano (CH4) y \u00f3xido nitroso (N2O) a la atm\u00f3sfera.<\/strong> Estos gases de efecto invernadero son mucho m\u00e1s eficaces para atrapar el calor que el di\u00f3xido de carbono, lo que los convierte en potentes contribuyentes al calentamiento global. <\/p>\n<\/div>\n<h3 class=\"wp-block-heading\">Procesos industriales<\/h3>\n<div class=\"wordpress-paragraph\" style=\"--59bd087b:left;\" data-v-8ccac7f0=\"\">\n<p>Muchos procesos industriales, como la producci\u00f3n de cemento y la fabricaci\u00f3n de productos qu\u00edmicos, liberan gases de efecto invernadero a la atm\u00f3sfera. <strong>Los vertederos y las f\u00e1bricas liberan sustancias nocivas al aire.<\/strong>lo que hace que la atm\u00f3sfera sea menos limpia. Estas emisiones contribuyen al aumento general de las temperaturas globales y al cambio clim\u00e1tico. <\/p>\n<\/div>\n<h3 class=\"wp-block-heading\">Residuos y contaminaci\u00f3n<\/h3>\n<div class=\"wordpress-paragraph\" style=\"--59bd087b:left;\" data-v-8ccac7f0=\"\">\n<p>Los residuos s\u00f3lidos generan emisiones de gases de efecto invernadero, como metano y \u00f3xido nitroso, a trav\u00e9s de la descomposici\u00f3n anaer\u00f3bica de los residuos en los vertederos y la emisi\u00f3n de \u00f3xido nitroso de las instalaciones de combusti\u00f3n de residuos s\u00f3lidos. Adem\u00e1s, las emisiones de metano del sector de los residuos se derivan de la descomposici\u00f3n de los residuos org\u00e1nicos en condiciones anaer\u00f3bicas, incluidos los residuos de alimentos y de jard\u00edn, el papel, el cart\u00f3n y la madera. <\/p>\n<\/div>\n<div class=\"wordpress-paragraph\" style=\"--59bd087b:left;\" data-v-8ccac7f0=\"\">\n<p><strong>El metano es m\u00e1s de 80 veces m\u00e1s potente que el di\u00f3xido de carbono como contaminante clim\u00e1tico.<\/strong> A corto plazo, los pl\u00e1sticos tienen una importante huella de carbono: emiten el 3,4 % de las emisiones globales de gases de efecto invernadero a lo largo de su ciclo de vida. <\/p>\n<\/div>\n<h2 class=\"wp-block-heading\">Efectos del cambio clim\u00e1tico<\/h2>\n<div class=\"wordpress-paragraph\" style=\"--59bd087b:left;\" data-v-8ccac7f0=\"\">\n<p>El cambio clim\u00e1tico tiene numerosos efectos sobre el medio ambiente y la salud humana.<\/p>\n<\/div>\n<div class=\"wordpress-paragraph\" style=\"--59bd087b:left;\" data-v-8ccac7f0=\"\">\n<p>Los efectos m\u00e1s significativos del cambio clim\u00e1tico incluyen:<\/p>\n<\/div>\n<div class=\"wordpress-list\" style=\"--0f4ed8a4:revert;\" data-v-88746f0a=\"\">\n<ul class=\"wordpress-list__wrapper\" data-v-88746f0a=\"\">\n<li><strong>Temperaturas m\u00e1s altas:<\/strong> La temperatura media mundial de la superficie ha aumentado al menos 1,1 \u00b0C (1,9 \u00b0F), lo que ha provocado temperaturas extremas m\u00e1s frecuentes, como olas de calor.<\/li>\n<li><strong>Fen\u00f3menos meteorol\u00f3gicos extremos:<\/strong> El cambio clim\u00e1tico est\u00e1 provocando tormentas, inundaciones, sequ\u00edas e incendios forestales m\u00e1s frecuentes y graves.<\/li>\n<li><strong>Aumento del nivel del mar<\/strong>:El nivel medio global del mar ha aumentado entre 21 y 24 cent\u00edmetros (8 y 9 pulgadas) desde 1880, a un ritmo acelerado de 3,6 mil\u00edmetros (0,14 pulgadas) por a\u00f1o.<\/li>\n<li><strong>Derretimiento del hielo y de los glaciares:<\/strong> El cambio clim\u00e1tico est\u00e1 provocando la p\u00e9rdida de hielo marino, el derretimiento de los glaciares y las capas de hielo, lo que contribuye al aumento del nivel del mar y afecta a los ecosistemas.<\/li>\n<li><strong>Cambios en las \u00e1reas geogr\u00e1ficas de plantas y animales<\/strong>:A medida que aumentan las temperaturas y cambian los ecosistemas, las especies de plantas y animales cambian, lo que conduce a la p\u00e9rdida de biodiversidad y a alteraciones de los ecosistemas. <\/li>\n<li><strong>Impactos en la salud humana<\/strong>El cambio clim\u00e1tico ha empeorado la calidad del aire y del agua, ha aumentado la propagaci\u00f3n de ciertas enfermedades y ha causado muertes adicionales debido a la desnutrici\u00f3n, la malaria y otros problemas de salud.<\/li>\n<li><strong>Inseguridad alimentaria y h\u00eddrica:<\/strong> El cambio clim\u00e1tico ha provocado escasez de alimentos y agua, lo que da lugar a desnutrici\u00f3n y a un mayor riesgo de enfermedades infecciosas.<\/li>\n<\/ul>\n<\/div>\n<h2 class=\"wp-block-heading\">\u00bfQu\u00e9 puedes hacer?<\/h2>\n<div class=\"wordpress-paragraph\" style=\"--59bd087b:left;\" data-v-8ccac7f0=\"\">\n<p>Algunas soluciones pueden ayudar a mitigar sus efectos y contribuir a un futuro m\u00e1s sostenible. A continuaci\u00f3n se presentan algunas soluciones cr\u00edticas para el cambio clim\u00e1tico:<\/p>\n<\/div>\n<div class=\"wordpress-list\" style=\"--0f4ed8a4:revert;\" data-v-88746f0a=\"\">\n<ul class=\"wordpress-list__wrapper\" data-v-88746f0a=\"\">\n<li><strong>Ahorrar energ\u00eda: <\/strong>Una de las formas m\u00e1s sencillas de ayudar es ahorrar energ\u00eda a diario. Apaga las luces cuando no las uses, desenchufa los aparatos cuando no los uses y cierra puertas y ventanas para evitar que se escape el calor.<\/li>\n<li><strong>Planta \u00e1rboles y cultiva tus alimentos<\/strong>\u00bfSab\u00edas que las plantas y los \u00e1rboles pueden ayudar a eliminar los gases de efecto invernadero del aire? Plantar un \u00e1rbol o cultivar verduras y frutas ayuda a que nuestro planeta respire mejor. Adem\u00e1s, \u00a1la jardiner\u00eda es una actividad divertida y saludable para toda la familia!<\/li>\n<li><strong>Transporte verde:<\/strong> Fomentar el transporte p\u00fablico, la bicicleta, caminar y los veh\u00edculos el\u00e9ctricos puede ayudar a reducir las emisiones de gases de efecto invernadero del sector del transporte.<\/li>\n<li><strong>Reducir, reutilizar y reciclar: <\/strong>Todos podemos hacer nuestra parte para reducir los desechos reutilizando y reciclando art\u00edculos siempre que sea posible. Por ejemplo, en lugar de comprar cosas nuevas, intenta reparar las que est\u00e9n rotas o reutilizarlas para un uso diferente. Y recuerda reciclar papel, pl\u00e1stico, vidrio y otros materiales para ayudar a mantener nuestro planeta limpio y ecol\u00f3gico.<\/li>\n<li><strong>Aprende y comparte:<\/strong> \u00a1El conocimiento es poder! Aprende todo lo que puedas sobre el cambio clim\u00e1tico y comparte lo que has aprendido con tus amigos y familiares. Comprender, debatir y alentar a otros a adoptar h\u00e1bitos ecol\u00f3gicos puede inspirar a otros a tomar medidas y marcar una diferencia.<\/li>\n<li><strong>Apoyar iniciativas verdes:<\/strong> Incentive a su escuela, comunidad y empresas locales a adoptar pr\u00e1cticas respetuosas con el medio ambiente, como programas de reciclaje, iluminaci\u00f3n de bajo consumo o fuentes de energ\u00eda renovables, como paneles solares.<\/li>\n<li><strong>Sea un embajador del cambio clim\u00e1tico:<\/strong> Puedes ser un modelo positivo para los dem\u00e1s mostr\u00e1ndoles lo f\u00e1cil y divertido que es tomar decisiones ecol\u00f3gicas. Comparte tus conocimientos y experiencias con tus amigos, compa\u00f1eros de clase y familiares, y an\u00edmalos a sumarse a ti para tomar medidas contra el cambio clim\u00e1tico.<\/li>\n<li><strong>Involucrate en proyectos ambientales<\/strong>:\u00danase a clubes ambientales locales u organizaciones que se centren en soluciones al cambio clim\u00e1tico. Participe en actividades como plantaci\u00f3n de \u00e1rboles, eventos de limpieza o talleres educativos para ayudar a marcar una diferencia en su comunidad.<\/li>\n<\/ul>\n<\/div>\n<p><!--)--><\/div>\n","protected":false},"excerpt":{"rendered":"<p>\u00bfQu\u00e9 pasa con el cambio clim\u00e1tico? \u00bfAlguna vez te has preguntado por qu\u00e9 parece que la Tierra juega con nosotros? A veces hace much\u00edsimo calor<\/p>\n","protected":false},"author":1,"featured_media":410,"comment_status":"closed","ping_status":"","sticky":false,"template":"","format":"standard","meta":{"footnotes":""},"categories":[4],"tags":[349,346,350,246,62,348,347,29],"class_list":["post-409","post","type-post","status-publish","format-standard","has-post-thumbnail","hentry","category-ambiente","tag-cambio","tag-capacitar","tag-climatico","tag-contra","tag-los","tag-luchar","tag-ninos","tag-para","generate-columns","tablet-grid-50","mobile-grid-100","grid-parent","grid-50"],"yoast_head":"<!-- This site is optimized with the Yoast SEO plugin v23.4 - https:\/\/yoast.com\/wordpress\/plugins\/seo\/ -->\n<title>Capacitar a los ni\u00f1os para luchar contra el cambio clim\u00e1tico - Consejos - Santa Catarina<\/title>\n<meta name=\"robots\" content=\"index, follow, max-snippet:-1, max-image-preview:large, max-video-preview:-1\" \/>\n<link rel=\"canonical\" href=\"https:\/\/stacatarina.mx\/consejos\/capacitar-a-los-ninos-para-luchar-contra-el-cambio-climatico\/\" \/>\n<meta property=\"og:locale\" content=\"es_MX\" \/>\n<meta property=\"og:type\" content=\"article\" \/>\n<meta property=\"og:title\" content=\"Capacitar a los ni\u00f1os para luchar contra el cambio clim\u00e1tico - Consejos - Santa Catarina\" \/>\n<meta property=\"og:description\" content=\"\u00bfQu\u00e9 pasa con el cambio clim\u00e1tico? \u00bfAlguna vez te has preguntado por qu\u00e9 parece que la Tierra juega con nosotros? A veces hace much\u00edsimo calor\" \/>\n<meta property=\"og:url\" content=\"https:\/\/stacatarina.mx\/consejos\/capacitar-a-los-ninos-para-luchar-contra-el-cambio-climatico\/\" \/>\n<meta property=\"og:site_name\" content=\"Santa Catarina\" \/>\n<meta property=\"article:publisher\" content=\"https:\/\/www.facebook.com\/stacatarinagob\/\" \/>\n<meta property=\"article:published_time\" content=\"2024-09-14T14:29:46+00:00\" \/>\n<meta property=\"og:image\" content=\"https:\/\/stacatarina.mx\/consejos\/wp-content\/uploads\/2024\/09\/1726324186_Capacitar-a-los-ninos-para-luchar-contra-el-cambio-climatico.png\" \/>\n\t<meta property=\"og:image:width\" content=\"728\" \/>\n\t<meta property=\"og:image:height\" content=\"330\" \/>\n\t<meta property=\"og:image:type\" content=\"image\/png\" \/>\n<meta name=\"author\" content=\"Pedro Mart\u00ednez\" \/>\n<meta name=\"twitter:card\" content=\"summary_large_image\" \/>\n<meta name=\"twitter:creator\" content=\"@stacatarinagob\" \/>\n<meta name=\"twitter:site\" content=\"@stacatarinagob\" \/>\n<meta name=\"twitter:label1\" content=\"Escrito por\" \/>\n\t<meta name=\"twitter:data1\" content=\"Pedro Mart\u00ednez\" \/>\n\t<meta name=\"twitter:label2\" content=\"Tiempo de lectura\" \/>\n\t<meta name=\"twitter:data2\" content=\"8 minutos\" \/>\n<script type=\"application\/ld+json\" class=\"yoast-schema-graph\">{\"@context\":\"https:\/\/schema.org\",\"@graph\":[{\"@type\":\"Article\",\"@id\":\"https:\/\/stacatarina.mx\/consejos\/capacitar-a-los-ninos-para-luchar-contra-el-cambio-climatico\/#article\",\"isPartOf\":{\"@id\":\"https:\/\/stacatarina.mx\/consejos\/capacitar-a-los-ninos-para-luchar-contra-el-cambio-climatico\/\"},\"author\":{\"name\":\"Pedro Mart\u00ednez\",\"@id\":\"https:\/\/stacatarina.mx\/consejos\/#\/schema\/person\/0be60adffa8e4c4d0828fdf021450e8a\"},\"headline\":\"Capacitar a los ni\u00f1os para luchar contra el cambio clim\u00e1tico\",\"datePublished\":\"2024-09-14T14:29:46+00:00\",\"dateModified\":\"2024-09-14T14:29:46+00:00\",\"mainEntityOfPage\":{\"@id\":\"https:\/\/stacatarina.mx\/consejos\/capacitar-a-los-ninos-para-luchar-contra-el-cambio-climatico\/\"},\"wordCount\":1694,\"publisher\":{\"@id\":\"https:\/\/stacatarina.mx\/consejos\/#organization\"},\"image\":{\"@id\":\"https:\/\/stacatarina.mx\/consejos\/capacitar-a-los-ninos-para-luchar-contra-el-cambio-climatico\/#primaryimage\"},\"thumbnailUrl\":\"https:\/\/stacatarina.mx\/consejos\/wp-content\/uploads\/2024\/09\/1726324186_Capacitar-a-los-ninos-para-luchar-contra-el-cambio-climatico.png\",\"keywords\":[\"cambio\",\"Capacitar\",\"clim\u00e1tico\",\"contra\",\"los\",\"luchar\",\"ni\u00f1os\",\"para\"],\"articleSection\":[\"Ambiente\"],\"inLanguage\":\"es\"},{\"@type\":\"WebPage\",\"@id\":\"https:\/\/stacatarina.mx\/consejos\/capacitar-a-los-ninos-para-luchar-contra-el-cambio-climatico\/\",\"url\":\"https:\/\/stacatarina.mx\/consejos\/capacitar-a-los-ninos-para-luchar-contra-el-cambio-climatico\/\",\"name\":\"Capacitar a los ni\u00f1os para luchar contra el cambio clim\u00e1tico - Consejos - Santa Catarina\",\"isPartOf\":{\"@id\":\"https:\/\/stacatarina.mx\/consejos\/#website\"},\"primaryImageOfPage\":{\"@id\":\"https:\/\/stacatarina.mx\/consejos\/capacitar-a-los-ninos-para-luchar-contra-el-cambio-climatico\/#primaryimage\"},\"image\":{\"@id\":\"https:\/\/stacatarina.mx\/consejos\/capacitar-a-los-ninos-para-luchar-contra-el-cambio-climatico\/#primaryimage\"},\"thumbnailUrl\":\"https:\/\/stacatarina.mx\/consejos\/wp-content\/uploads\/2024\/09\/1726324186_Capacitar-a-los-ninos-para-luchar-contra-el-cambio-climatico.png\",\"datePublished\":\"2024-09-14T14:29:46+00:00\",\"dateModified\":\"2024-09-14T14:29:46+00:00\",\"breadcrumb\":{\"@id\":\"https:\/\/stacatarina.mx\/consejos\/capacitar-a-los-ninos-para-luchar-contra-el-cambio-climatico\/#breadcrumb\"},\"inLanguage\":\"es\",\"potentialAction\":[{\"@type\":\"ReadAction\",\"target\":[\"https:\/\/stacatarina.mx\/consejos\/capacitar-a-los-ninos-para-luchar-contra-el-cambio-climatico\/\"]}]},{\"@type\":\"ImageObject\",\"inLanguage\":\"es\",\"@id\":\"https:\/\/stacatarina.mx\/consejos\/capacitar-a-los-ninos-para-luchar-contra-el-cambio-climatico\/#primaryimage\",\"url\":\"https:\/\/stacatarina.mx\/consejos\/wp-content\/uploads\/2024\/09\/1726324186_Capacitar-a-los-ninos-para-luchar-contra-el-cambio-climatico.png\",\"contentUrl\":\"https:\/\/stacatarina.mx\/consejos\/wp-content\/uploads\/2024\/09\/1726324186_Capacitar-a-los-ninos-para-luchar-contra-el-cambio-climatico.png\",\"width\":728,\"height\":330,\"caption\":\"Capacitar a los ni\u00f1os para luchar contra el cambio clim\u00e1tico\"},{\"@type\":\"BreadcrumbList\",\"@id\":\"https:\/\/stacatarina.mx\/consejos\/capacitar-a-los-ninos-para-luchar-contra-el-cambio-climatico\/#breadcrumb\",\"itemListElement\":[{\"@type\":\"ListItem\",\"position\":1,\"name\":\"Inicio\",\"item\":\"https:\/\/stacatarina.mx\/consejos\/\"},{\"@type\":\"ListItem\",\"position\":2,\"name\":\"Capacitar a los ni\u00f1os para luchar contra el cambio clim\u00e1tico\"}]},{\"@type\":\"WebSite\",\"@id\":\"https:\/\/stacatarina.mx\/consejos\/#website\",\"url\":\"https:\/\/stacatarina.mx\/consejos\/\",\"name\":\"Santa Catarina\",\"description\":\"\",\"publisher\":{\"@id\":\"https:\/\/stacatarina.mx\/consejos\/#organization\"},\"potentialAction\":[{\"@type\":\"SearchAction\",\"target\":{\"@type\":\"EntryPoint\",\"urlTemplate\":\"https:\/\/stacatarina.mx\/consejos\/?s={search_term_string}\"},\"query-input\":{\"@type\":\"PropertyValueSpecification\",\"valueRequired\":true,\"valueName\":\"search_term_string\"}}],\"inLanguage\":\"es\"},{\"@type\":\"Organization\",\"@id\":\"https:\/\/stacatarina.mx\/consejos\/#organization\",\"name\":\"Santa Catarina\",\"url\":\"https:\/\/stacatarina.mx\/consejos\/\",\"logo\":{\"@type\":\"ImageObject\",\"inLanguage\":\"es\",\"@id\":\"https:\/\/stacatarina.mx\/consejos\/#\/schema\/logo\/image\/\",\"url\":\"https:\/\/stacatarina.mx\/consejos\/wp-content\/uploads\/2024\/09\/cropped-favicon-1-1.png\",\"contentUrl\":\"https:\/\/stacatarina.mx\/consejos\/wp-content\/uploads\/2024\/09\/cropped-favicon-1-1.png\",\"width\":512,\"height\":512,\"caption\":\"Santa Catarina\"},\"image\":{\"@id\":\"https:\/\/stacatarina.mx\/consejos\/#\/schema\/logo\/image\/\"},\"sameAs\":[\"https:\/\/www.facebook.com\/stacatarinagob\/\",\"https:\/\/x.com\/stacatarinagob\",\"https:\/\/www.instagram.com\/stacatarinagob\/\",\"https:\/\/www.youtube.com\/channel\/UCK-6cQJL_904665N1_nLTWw\"]},{\"@type\":\"Person\",\"@id\":\"https:\/\/stacatarina.mx\/consejos\/#\/schema\/person\/0be60adffa8e4c4d0828fdf021450e8a\",\"name\":\"Pedro Mart\u00ednez\",\"image\":{\"@type\":\"ImageObject\",\"inLanguage\":\"es\",\"@id\":\"https:\/\/stacatarina.mx\/consejos\/#\/schema\/person\/image\/\",\"url\":\"https:\/\/stacatarina.mx\/consejos\/wp-content\/uploads\/2024\/09\/stacatarina.jpg\",\"contentUrl\":\"https:\/\/stacatarina.mx\/consejos\/wp-content\/uploads\/2024\/09\/stacatarina.jpg\",\"caption\":\"Pedro Mart\u00ednez\"},\"description\":\"Hola, soy Pedro Mart\u00ednez, redactor jefe del sitio oficial del ayuntamiento de Santa Catarina, en M\u00e9xico. Con m\u00e1s de diez a\u00f1os de experiencia en el periodismo local, tengo una pasi\u00f3n por la investigaci\u00f3n y la difusi\u00f3n de informaci\u00f3n que valoriza nuestra hermosa comunidad. Mi compromiso es hacer de Santa Catarina una referencia en materia de transparencia y comunicaci\u00f3n municipal.\",\"sameAs\":[\"https:\/\/stacatarina.mx\/\"]}]}<\/script>\n<!-- \/ Yoast SEO plugin. -->","yoast_head_json":{"title":"Capacitar a los ni\u00f1os para luchar contra el cambio clim\u00e1tico - Consejos - Santa Catarina","robots":{"index":"index","follow":"follow","max-snippet":"max-snippet:-1","max-image-preview":"max-image-preview:large","max-video-preview":"max-video-preview:-1"},"canonical":"https:\/\/stacatarina.mx\/consejos\/capacitar-a-los-ninos-para-luchar-contra-el-cambio-climatico\/","og_locale":"es_MX","og_type":"article","og_title":"Capacitar a los ni\u00f1os para luchar contra el cambio clim\u00e1tico - Consejos - Santa Catarina","og_description":"\u00bfQu\u00e9 pasa con el cambio clim\u00e1tico? \u00bfAlguna vez te has preguntado por qu\u00e9 parece que la Tierra juega con nosotros? A veces hace much\u00edsimo calor","og_url":"https:\/\/stacatarina.mx\/consejos\/capacitar-a-los-ninos-para-luchar-contra-el-cambio-climatico\/","og_site_name":"Santa Catarina","article_publisher":"https:\/\/www.facebook.com\/stacatarinagob\/","article_published_time":"2024-09-14T14:29:46+00:00","og_image":[{"width":728,"height":330,"url":"https:\/\/stacatarina.mx\/consejos\/wp-content\/uploads\/2024\/09\/1726324186_Capacitar-a-los-ninos-para-luchar-contra-el-cambio-climatico.png","type":"image\/png"}],"author":"Pedro Mart\u00ednez","twitter_card":"summary_large_image","twitter_creator":"@stacatarinagob","twitter_site":"@stacatarinagob","twitter_misc":{"Escrito por":"Pedro Mart\u00ednez","Tiempo de lectura":"8 minutos"},"schema":{"@context":"https:\/\/schema.org","@graph":[{"@type":"Article","@id":"https:\/\/stacatarina.mx\/consejos\/capacitar-a-los-ninos-para-luchar-contra-el-cambio-climatico\/#article","isPartOf":{"@id":"https:\/\/stacatarina.mx\/consejos\/capacitar-a-los-ninos-para-luchar-contra-el-cambio-climatico\/"},"author":{"name":"Pedro Mart\u00ednez","@id":"https:\/\/stacatarina.mx\/consejos\/#\/schema\/person\/0be60adffa8e4c4d0828fdf021450e8a"},"headline":"Capacitar a los ni\u00f1os para luchar contra el cambio clim\u00e1tico","datePublished":"2024-09-14T14:29:46+00:00","dateModified":"2024-09-14T14:29:46+00:00","mainEntityOfPage":{"@id":"https:\/\/stacatarina.mx\/consejos\/capacitar-a-los-ninos-para-luchar-contra-el-cambio-climatico\/"},"wordCount":1694,"publisher":{"@id":"https:\/\/stacatarina.mx\/consejos\/#organization"},"image":{"@id":"https:\/\/stacatarina.mx\/consejos\/capacitar-a-los-ninos-para-luchar-contra-el-cambio-climatico\/#primaryimage"},"thumbnailUrl":"https:\/\/stacatarina.mx\/consejos\/wp-content\/uploads\/2024\/09\/1726324186_Capacitar-a-los-ninos-para-luchar-contra-el-cambio-climatico.png","keywords":["cambio","Capacitar","clim\u00e1tico","contra","los","luchar","ni\u00f1os","para"],"articleSection":["Ambiente"],"inLanguage":"es"},{"@type":"WebPage","@id":"https:\/\/stacatarina.mx\/consejos\/capacitar-a-los-ninos-para-luchar-contra-el-cambio-climatico\/","url":"https:\/\/stacatarina.mx\/consejos\/capacitar-a-los-ninos-para-luchar-contra-el-cambio-climatico\/","name":"Capacitar a los ni\u00f1os para luchar contra el cambio clim\u00e1tico - Consejos - Santa Catarina","isPartOf":{"@id":"https:\/\/stacatarina.mx\/consejos\/#website"},"primaryImageOfPage":{"@id":"https:\/\/stacatarina.mx\/consejos\/capacitar-a-los-ninos-para-luchar-contra-el-cambio-climatico\/#primaryimage"},"image":{"@id":"https:\/\/stacatarina.mx\/consejos\/capacitar-a-los-ninos-para-luchar-contra-el-cambio-climatico\/#primaryimage"},"thumbnailUrl":"https:\/\/stacatarina.mx\/consejos\/wp-content\/uploads\/2024\/09\/1726324186_Capacitar-a-los-ninos-para-luchar-contra-el-cambio-climatico.png","datePublished":"2024-09-14T14:29:46+00:00","dateModified":"2024-09-14T14:29:46+00:00","breadcrumb":{"@id":"https:\/\/stacatarina.mx\/consejos\/capacitar-a-los-ninos-para-luchar-contra-el-cambio-climatico\/#breadcrumb"},"inLanguage":"es","potentialAction":[{"@type":"ReadAction","target":["https:\/\/stacatarina.mx\/consejos\/capacitar-a-los-ninos-para-luchar-contra-el-cambio-climatico\/"]}]},{"@type":"ImageObject","inLanguage":"es","@id":"https:\/\/stacatarina.mx\/consejos\/capacitar-a-los-ninos-para-luchar-contra-el-cambio-climatico\/#primaryimage","url":"https:\/\/stacatarina.mx\/consejos\/wp-content\/uploads\/2024\/09\/1726324186_Capacitar-a-los-ninos-para-luchar-contra-el-cambio-climatico.png","contentUrl":"https:\/\/stacatarina.mx\/consejos\/wp-content\/uploads\/2024\/09\/1726324186_Capacitar-a-los-ninos-para-luchar-contra-el-cambio-climatico.png","width":728,"height":330,"caption":"Capacitar a los ni\u00f1os para luchar contra el cambio clim\u00e1tico"},{"@type":"BreadcrumbList","@id":"https:\/\/stacatarina.mx\/consejos\/capacitar-a-los-ninos-para-luchar-contra-el-cambio-climatico\/#breadcrumb","itemListElement":[{"@type":"ListItem","position":1,"name":"Inicio","item":"https:\/\/stacatarina.mx\/consejos\/"},{"@type":"ListItem","position":2,"name":"Capacitar a los ni\u00f1os para luchar contra el cambio clim\u00e1tico"}]},{"@type":"WebSite","@id":"https:\/\/stacatarina.mx\/consejos\/#website","url":"https:\/\/stacatarina.mx\/consejos\/","name":"Santa Catarina","description":"","publisher":{"@id":"https:\/\/stacatarina.mx\/consejos\/#organization"},"potentialAction":[{"@type":"SearchAction","target":{"@type":"EntryPoint","urlTemplate":"https:\/\/stacatarina.mx\/consejos\/?s={search_term_string}"},"query-input":{"@type":"PropertyValueSpecification","valueRequired":true,"valueName":"search_term_string"}}],"inLanguage":"es"},{"@type":"Organization","@id":"https:\/\/stacatarina.mx\/consejos\/#organization","name":"Santa Catarina","url":"https:\/\/stacatarina.mx\/consejos\/","logo":{"@type":"ImageObject","inLanguage":"es","@id":"https:\/\/stacatarina.mx\/consejos\/#\/schema\/logo\/image\/","url":"https:\/\/stacatarina.mx\/consejos\/wp-content\/uploads\/2024\/09\/cropped-favicon-1-1.png","contentUrl":"https:\/\/stacatarina.mx\/consejos\/wp-content\/uploads\/2024\/09\/cropped-favicon-1-1.png","width":512,"height":512,"caption":"Santa Catarina"},"image":{"@id":"https:\/\/stacatarina.mx\/consejos\/#\/schema\/logo\/image\/"},"sameAs":["https:\/\/www.facebook.com\/stacatarinagob\/","https:\/\/x.com\/stacatarinagob","https:\/\/www.instagram.com\/stacatarinagob\/","https:\/\/www.youtube.com\/channel\/UCK-6cQJL_904665N1_nLTWw"]},{"@type":"Person","@id":"https:\/\/stacatarina.mx\/consejos\/#\/schema\/person\/0be60adffa8e4c4d0828fdf021450e8a","name":"Pedro Mart\u00ednez","image":{"@type":"ImageObject","inLanguage":"es","@id":"https:\/\/stacatarina.mx\/consejos\/#\/schema\/person\/image\/","url":"https:\/\/stacatarina.mx\/consejos\/wp-content\/uploads\/2024\/09\/stacatarina.jpg","contentUrl":"https:\/\/stacatarina.mx\/consejos\/wp-content\/uploads\/2024\/09\/stacatarina.jpg","caption":"Pedro Mart\u00ednez"},"description":"Hola, soy Pedro Mart\u00ednez, redactor jefe del sitio oficial del ayuntamiento de Santa Catarina, en M\u00e9xico. Con m\u00e1s de diez a\u00f1os de experiencia en el periodismo local, tengo una pasi\u00f3n por la investigaci\u00f3n y la difusi\u00f3n de informaci\u00f3n que valoriza nuestra hermosa comunidad. Mi compromiso es hacer de Santa Catarina una referencia en materia de transparencia y comunicaci\u00f3n municipal.","sameAs":["https:\/\/stacatarina.mx\/"]}]}},"_links":{"self":[{"href":"https:\/\/stacatarina.mx\/consejos\/wp-json\/wp\/v2\/posts\/409"}],"collection":[{"href":"https:\/\/stacatarina.mx\/consejos\/wp-json\/wp\/v2\/posts"}],"about":[{"href":"https:\/\/stacatarina.mx\/consejos\/wp-json\/wp\/v2\/types\/post"}],"author":[{"embeddable":true,"href":"https:\/\/stacatarina.mx\/consejos\/wp-json\/wp\/v2\/users\/1"}],"replies":[{"embeddable":true,"href":"https:\/\/stacatarina.mx\/consejos\/wp-json\/wp\/v2\/comments?post=409"}],"version-history":[{"count":1,"href":"https:\/\/stacatarina.mx\/consejos\/wp-json\/wp\/v2\/posts\/409\/revisions"}],"predecessor-version":[{"id":411,"href":"https:\/\/stacatarina.mx\/consejos\/wp-json\/wp\/v2\/posts\/409\/revisions\/411"}],"wp:featuredmedia":[{"embeddable":true,"href":"https:\/\/stacatarina.mx\/consejos\/wp-json\/wp\/v2\/media\/410"}],"wp:attachment":[{"href":"https:\/\/stacatarina.mx\/consejos\/wp-json\/wp\/v2\/media?parent=409"}],"wp:term":[{"taxonomy":"category","embeddable":true,"href":"https:\/\/stacatarina.mx\/consejos\/wp-json\/wp\/v2\/categories?post=409"},{"taxonomy":"post_tag","embeddable":true,"href":"https:\/\/stacatarina.mx\/consejos\/wp-json\/wp\/v2\/tags?post=409"}],"curies":[{"name":"wp","href":"https:\/\/api.w.org\/{rel}","templated":true}]}}