{"id":415,"date":"2024-09-14T11:30:18","date_gmt":"2024-09-14T17:30:18","guid":{"rendered":"https:\/\/stacatarina.mx\/consejos\/informacion-sobre-la-manifestacion-para-poner-fin-a-la-matanza-de-tejones-el-martes-3-de-septiembre-de-2024-westminster\/"},"modified":"2024-09-14T11:30:18","modified_gmt":"2024-09-14T17:30:18","slug":"informacion-sobre-la-manifestacion-para-poner-fin-a-la-matanza-de-tejones-el-martes-3-de-septiembre-de-2024-westminster","status":"publish","type":"post","link":"https:\/\/stacatarina.mx\/consejos\/informacion-sobre-la-manifestacion-para-poner-fin-a-la-matanza-de-tejones-el-martes-3-de-septiembre-de-2024-westminster\/","title":{"rendered":"INFORMACI\u00d3N SOBRE LA MANIFESTACI\u00d3N PARA PONER FIN A LA MATANZA DE TEJONES EL MARTES 3 DE SEPTIEMBRE DE 2024, WESTMINSTER"},"content":{"rendered":"<div class=\"entry-content\">\n<p><strong>La prensa y los medios de difusi\u00f3n son bienvenidos a este evento: Chris Packham, Dale Vince y la Dra. Alice Brough se encuentran entre los oradores que abordar\u00e1n el desastre natural que supone la matanza de tejones.<\/strong><\/p>\n<p>Badger Trust y grupos aliados de naturaleza y vida silvestre organizar\u00e1n una manifestaci\u00f3n y un cabildeo masivo en el Parlamento el martes 3 de septiembre, de 11 a. m. a 2 p. m.<strong>. <\/strong>Somos<strong> <\/strong>uni\u00e9ndose en una poderosa muestra de unidad para pedir al nuevo gobierno que ponga fin al sacrificio masivo de tejones mientras comienza de nuevo.  <\/p>\n<p>El nuevo Secretario de Estado de Defra, Steve Reed, ha seguido los pasos de los Secretarios de Estado Owen Paterson y Liz Truss al firmar licencias para matar a decenas de miles de tejones protegidos m\u00e1s, adem\u00e1s de los 230.000 ya sacrificados.  <\/p>\n<p>Se estima que la matanza autorizada por el gobierno ha matado a la mitad de la poblaci\u00f3n de tejones desde 2012, a pesar de la evidencia cient\u00edfica de que no existe un v\u00ednculo causal entre los tejones y la tuberculosis bovina transmitida al ganado. Adem\u00e1s, las cifras del gobierno muestran que el 94% de la tuberculosis bovina se transmite de ganado vacuno a ganado vacuno, y que los tejones tienen 800 veces m\u00e1s probabilidades de contraer tuberculosis bovina del ganado vacuno que de infectar al ganado vacuno ellos mismos.<\/p>\n<p>Un reciente documental de la BBC, presentado por Brian May, demostr\u00f3 nuestra afirmaci\u00f3n de que la respuesta para controlar la propagaci\u00f3n de la tuberculosis bovina radica en medidas centradas en el ganado, pero el gobierno sigue teniendo como objetivo a los tejones. En su manifiesto electoral, el Partido Laborista describi\u00f3 el sacrificio de tejones como \u201cineficaz\u201d; entonces, \u00bfpor qu\u00e9 el sacrificio intensivo de tejones comenz\u00f3 de nuevo este fin de semana bajo su supervisi\u00f3n?<\/p>\n<p>A partir de las 11 am, Parliament Square Green <\/p>\n<p><strong>A partir de las 11 am,<\/strong> Un frente unido de personas de grupos de tejones, organizaciones de vida silvestre y naturaleza y simpatizantes de los tejones se reunir\u00e1n en el <strong>Extremo superior de la Plaza del Parlamento Verde<\/strong>frente al edificio del parlamento. Esta coalici\u00f3n comprometida se unir\u00e1 en una manifestaci\u00f3n pac\u00edfica y legal contra la matanza de tejones.  <\/p>\n<p>Escuche a los oradores a partir del mediod\u00eda, Parliament Square Green<\/p>\n<p><strong>A partir de las 12 del mediod\u00eda<\/strong> Durante aproximadamente una hora, activistas como Chris Packham, Dale Vince, la Dra. Alice Brough, Mark Jones y Rachel Bigsby dar\u00e1n discursos sobre el sacrificio de tejones y por qu\u00e9 est\u00e1n en contra. <\/p>\n<p><strong>Entre las 13.30 y las 14.00 horas<\/strong>Cualquiera que quiera unirse a nosotros en un cabildeo masivo de parlamentarios cruzar\u00e1 la calle junto con nosotros hacia la C\u00e1mara de los Comunes y har\u00e1 cola en la entrada de St Stephen.  <\/p>\n<p>Este a\u00f1o, la matanza intensiva de tejones acaba de comenzar, y se llevar\u00e1 a cabo junto con la matanza complementaria que comenz\u00f3 en junio. Eso significa que los cazadores autorizados por el gobierno estar\u00e1n matando a miles de tejones m\u00e1s en toda Inglaterra hasta enero, incluido el 3 de septiembre.<\/p>\n<p><strong>Para m\u00e1s informaci\u00f3n o concertar entrevistas contacte con:<\/strong><\/p>\n<p><strong>Peter Hambly 07764 948970<\/strong><\/p>\n<p><strong>Para concertar entrevistas con Chris Packham, comun\u00edquese con Emma Smart al 07594 827278<\/strong><\/p>\n<p><strong>Para concertar entrevistas con Dale Vince, comun\u00edquese con Ciaran Naidoo al 07768 931315<\/strong><\/p>\n<\/p><\/div>\n","protected":false},"excerpt":{"rendered":"<p>La prensa y los medios de difusi\u00f3n son bienvenidos a este evento: Chris Packham, Dale Vince y la Dra. Alice Brough se encuentran entre los<\/p>\n","protected":false},"author":1,"featured_media":416,"comment_status":"closed","ping_status":"","sticky":false,"template":"","format":"standard","meta":{"footnotes":""},"categories":[68],"tags":[357,354,355,359,358,29,356,33,279,115,360],"class_list":["post-415","post","type-post","status-publish","format-standard","has-post-thumbnail","hentry","category-fauna-y-flora","tag-fin","tag-informacion","tag-manifestacion","tag-martes","tag-matanza","tag-para","tag-poner","tag-septiembre","tag-sobre","tag-tejones","tag-westminster","generate-columns","tablet-grid-50","mobile-grid-100","grid-parent","grid-50"],"yoast_head":"<!-- This site is optimized with the Yoast SEO plugin v23.4 - https:\/\/yoast.com\/wordpress\/plugins\/seo\/ -->\n<title>INFORMACI\u00d3N SOBRE LA MANIFESTACI\u00d3N PARA PONER FIN A LA MATANZA DE TEJONES EL MARTES 3 DE SEPTIEMBRE DE 2024, WESTMINSTER - Consejos - Santa Catarina<\/title>\n<meta name=\"robots\" content=\"index, follow, max-snippet:-1, max-image-preview:large, max-video-preview:-1\" \/>\n<link rel=\"canonical\" href=\"https:\/\/stacatarina.mx\/consejos\/informacion-sobre-la-manifestacion-para-poner-fin-a-la-matanza-de-tejones-el-martes-3-de-septiembre-de-2024-westminster\/\" \/>\n<meta property=\"og:locale\" content=\"es_MX\" \/>\n<meta property=\"og:type\" content=\"article\" \/>\n<meta property=\"og:title\" content=\"INFORMACI\u00d3N SOBRE LA MANIFESTACI\u00d3N PARA PONER FIN A LA MATANZA DE TEJONES EL MARTES 3 DE SEPTIEMBRE DE 2024, WESTMINSTER - Consejos - Santa Catarina\" \/>\n<meta property=\"og:description\" content=\"La prensa y los medios de difusi\u00f3n son bienvenidos a este evento: Chris Packham, Dale Vince y la Dra. Alice Brough se encuentran entre los\" \/>\n<meta property=\"og:url\" content=\"https:\/\/stacatarina.mx\/consejos\/informacion-sobre-la-manifestacion-para-poner-fin-a-la-matanza-de-tejones-el-martes-3-de-septiembre-de-2024-westminster\/\" \/>\n<meta property=\"og:site_name\" content=\"Santa Catarina\" \/>\n<meta property=\"article:publisher\" content=\"https:\/\/www.facebook.com\/stacatarinagob\/\" \/>\n<meta property=\"article:published_time\" content=\"2024-09-14T17:30:18+00:00\" \/>\n<meta property=\"og:image\" content=\"https:\/\/stacatarina.mx\/consejos\/wp-content\/uploads\/2024\/09\/INFORMACION-SOBRE-LA-MANIFESTACION-PARA-PONER-FIN-A-LA-MATANZA.jpg\" \/>\n\t<meta property=\"og:image:width\" content=\"900\" \/>\n\t<meta property=\"og:image:height\" content=\"600\" \/>\n\t<meta property=\"og:image:type\" content=\"image\/jpeg\" \/>\n<meta name=\"author\" content=\"Pedro Mart\u00ednez\" \/>\n<meta name=\"twitter:card\" content=\"summary_large_image\" \/>\n<meta name=\"twitter:creator\" content=\"@stacatarinagob\" \/>\n<meta name=\"twitter:site\" content=\"@stacatarinagob\" \/>\n<meta name=\"twitter:label1\" content=\"Escrito por\" \/>\n\t<meta name=\"twitter:data1\" content=\"Pedro Mart\u00ednez\" \/>\n\t<meta name=\"twitter:label2\" content=\"Tiempo de lectura\" \/>\n\t<meta name=\"twitter:data2\" content=\"3 minutos\" \/>\n<script type=\"application\/ld+json\" class=\"yoast-schema-graph\">{\"@context\":\"https:\/\/schema.org\",\"@graph\":[{\"@type\":\"Article\",\"@id\":\"https:\/\/stacatarina.mx\/consejos\/informacion-sobre-la-manifestacion-para-poner-fin-a-la-matanza-de-tejones-el-martes-3-de-septiembre-de-2024-westminster\/#article\",\"isPartOf\":{\"@id\":\"https:\/\/stacatarina.mx\/consejos\/informacion-sobre-la-manifestacion-para-poner-fin-a-la-matanza-de-tejones-el-martes-3-de-septiembre-de-2024-westminster\/\"},\"author\":{\"name\":\"Pedro Mart\u00ednez\",\"@id\":\"https:\/\/stacatarina.mx\/consejos\/#\/schema\/person\/0be60adffa8e4c4d0828fdf021450e8a\"},\"headline\":\"INFORMACI\u00d3N SOBRE LA MANIFESTACI\u00d3N PARA PONER FIN A LA MATANZA DE TEJONES EL MARTES 3 DE SEPTIEMBRE DE 2024, WESTMINSTER\",\"datePublished\":\"2024-09-14T17:30:18+00:00\",\"dateModified\":\"2024-09-14T17:30:18+00:00\",\"mainEntityOfPage\":{\"@id\":\"https:\/\/stacatarina.mx\/consejos\/informacion-sobre-la-manifestacion-para-poner-fin-a-la-matanza-de-tejones-el-martes-3-de-septiembre-de-2024-westminster\/\"},\"wordCount\":576,\"publisher\":{\"@id\":\"https:\/\/stacatarina.mx\/consejos\/#organization\"},\"image\":{\"@id\":\"https:\/\/stacatarina.mx\/consejos\/informacion-sobre-la-manifestacion-para-poner-fin-a-la-matanza-de-tejones-el-martes-3-de-septiembre-de-2024-westminster\/#primaryimage\"},\"thumbnailUrl\":\"https:\/\/stacatarina.mx\/consejos\/wp-content\/uploads\/2024\/09\/INFORMACION-SOBRE-LA-MANIFESTACION-PARA-PONER-FIN-A-LA-MATANZA.jpg\",\"keywords\":[\"FIN\",\"INFORMACI\u00d3N\",\"MANIFESTACI\u00d3N\",\"MARTES\",\"MATANZA\",\"para\",\"PONER\",\"septiembre\",\"sobre\",\"tejones\",\"WESTMINSTER\"],\"articleSection\":[\"Fauna y Flora\"],\"inLanguage\":\"es\"},{\"@type\":\"WebPage\",\"@id\":\"https:\/\/stacatarina.mx\/consejos\/informacion-sobre-la-manifestacion-para-poner-fin-a-la-matanza-de-tejones-el-martes-3-de-septiembre-de-2024-westminster\/\",\"url\":\"https:\/\/stacatarina.mx\/consejos\/informacion-sobre-la-manifestacion-para-poner-fin-a-la-matanza-de-tejones-el-martes-3-de-septiembre-de-2024-westminster\/\",\"name\":\"INFORMACI\u00d3N SOBRE LA MANIFESTACI\u00d3N PARA PONER FIN A LA MATANZA DE TEJONES EL MARTES 3 DE SEPTIEMBRE DE 2024, WESTMINSTER - Consejos - Santa Catarina\",\"isPartOf\":{\"@id\":\"https:\/\/stacatarina.mx\/consejos\/#website\"},\"primaryImageOfPage\":{\"@id\":\"https:\/\/stacatarina.mx\/consejos\/informacion-sobre-la-manifestacion-para-poner-fin-a-la-matanza-de-tejones-el-martes-3-de-septiembre-de-2024-westminster\/#primaryimage\"},\"image\":{\"@id\":\"https:\/\/stacatarina.mx\/consejos\/informacion-sobre-la-manifestacion-para-poner-fin-a-la-matanza-de-tejones-el-martes-3-de-septiembre-de-2024-westminster\/#primaryimage\"},\"thumbnailUrl\":\"https:\/\/stacatarina.mx\/consejos\/wp-content\/uploads\/2024\/09\/INFORMACION-SOBRE-LA-MANIFESTACION-PARA-PONER-FIN-A-LA-MATANZA.jpg\",\"datePublished\":\"2024-09-14T17:30:18+00:00\",\"dateModified\":\"2024-09-14T17:30:18+00:00\",\"breadcrumb\":{\"@id\":\"https:\/\/stacatarina.mx\/consejos\/informacion-sobre-la-manifestacion-para-poner-fin-a-la-matanza-de-tejones-el-martes-3-de-septiembre-de-2024-westminster\/#breadcrumb\"},\"inLanguage\":\"es\",\"potentialAction\":[{\"@type\":\"ReadAction\",\"target\":[\"https:\/\/stacatarina.mx\/consejos\/informacion-sobre-la-manifestacion-para-poner-fin-a-la-matanza-de-tejones-el-martes-3-de-septiembre-de-2024-westminster\/\"]}]},{\"@type\":\"ImageObject\",\"inLanguage\":\"es\",\"@id\":\"https:\/\/stacatarina.mx\/consejos\/informacion-sobre-la-manifestacion-para-poner-fin-a-la-matanza-de-tejones-el-martes-3-de-septiembre-de-2024-westminster\/#primaryimage\",\"url\":\"https:\/\/stacatarina.mx\/consejos\/wp-content\/uploads\/2024\/09\/INFORMACION-SOBRE-LA-MANIFESTACION-PARA-PONER-FIN-A-LA-MATANZA.jpg\",\"contentUrl\":\"https:\/\/stacatarina.mx\/consejos\/wp-content\/uploads\/2024\/09\/INFORMACION-SOBRE-LA-MANIFESTACION-PARA-PONER-FIN-A-LA-MATANZA.jpg\",\"width\":900,\"height\":600,\"caption\":\"National Day of Action Against the Badger Cull called for Tuesday, 3 September 2024\"},{\"@type\":\"BreadcrumbList\",\"@id\":\"https:\/\/stacatarina.mx\/consejos\/informacion-sobre-la-manifestacion-para-poner-fin-a-la-matanza-de-tejones-el-martes-3-de-septiembre-de-2024-westminster\/#breadcrumb\",\"itemListElement\":[{\"@type\":\"ListItem\",\"position\":1,\"name\":\"Inicio\",\"item\":\"https:\/\/stacatarina.mx\/consejos\/\"},{\"@type\":\"ListItem\",\"position\":2,\"name\":\"INFORMACI\u00d3N SOBRE LA MANIFESTACI\u00d3N PARA PONER FIN A LA MATANZA DE TEJONES EL MARTES 3 DE SEPTIEMBRE DE 2024, WESTMINSTER\"}]},{\"@type\":\"WebSite\",\"@id\":\"https:\/\/stacatarina.mx\/consejos\/#website\",\"url\":\"https:\/\/stacatarina.mx\/consejos\/\",\"name\":\"Santa Catarina\",\"description\":\"\",\"publisher\":{\"@id\":\"https:\/\/stacatarina.mx\/consejos\/#organization\"},\"potentialAction\":[{\"@type\":\"SearchAction\",\"target\":{\"@type\":\"EntryPoint\",\"urlTemplate\":\"https:\/\/stacatarina.mx\/consejos\/?s={search_term_string}\"},\"query-input\":{\"@type\":\"PropertyValueSpecification\",\"valueRequired\":true,\"valueName\":\"search_term_string\"}}],\"inLanguage\":\"es\"},{\"@type\":\"Organization\",\"@id\":\"https:\/\/stacatarina.mx\/consejos\/#organization\",\"name\":\"Santa Catarina\",\"url\":\"https:\/\/stacatarina.mx\/consejos\/\",\"logo\":{\"@type\":\"ImageObject\",\"inLanguage\":\"es\",\"@id\":\"https:\/\/stacatarina.mx\/consejos\/#\/schema\/logo\/image\/\",\"url\":\"https:\/\/stacatarina.mx\/consejos\/wp-content\/uploads\/2024\/09\/cropped-favicon-1-1.png\",\"contentUrl\":\"https:\/\/stacatarina.mx\/consejos\/wp-content\/uploads\/2024\/09\/cropped-favicon-1-1.png\",\"width\":512,\"height\":512,\"caption\":\"Santa Catarina\"},\"image\":{\"@id\":\"https:\/\/stacatarina.mx\/consejos\/#\/schema\/logo\/image\/\"},\"sameAs\":[\"https:\/\/www.facebook.com\/stacatarinagob\/\",\"https:\/\/x.com\/stacatarinagob\",\"https:\/\/www.instagram.com\/stacatarinagob\/\",\"https:\/\/www.youtube.com\/channel\/UCK-6cQJL_904665N1_nLTWw\"]},{\"@type\":\"Person\",\"@id\":\"https:\/\/stacatarina.mx\/consejos\/#\/schema\/person\/0be60adffa8e4c4d0828fdf021450e8a\",\"name\":\"Pedro Mart\u00ednez\",\"image\":{\"@type\":\"ImageObject\",\"inLanguage\":\"es\",\"@id\":\"https:\/\/stacatarina.mx\/consejos\/#\/schema\/person\/image\/\",\"url\":\"https:\/\/stacatarina.mx\/consejos\/wp-content\/uploads\/2024\/09\/stacatarina.jpg\",\"contentUrl\":\"https:\/\/stacatarina.mx\/consejos\/wp-content\/uploads\/2024\/09\/stacatarina.jpg\",\"caption\":\"Pedro Mart\u00ednez\"},\"description\":\"Hola, soy Pedro Mart\u00ednez, redactor jefe del sitio oficial del ayuntamiento de Santa Catarina, en M\u00e9xico. Con m\u00e1s de diez a\u00f1os de experiencia en el periodismo local, tengo una pasi\u00f3n por la investigaci\u00f3n y la difusi\u00f3n de informaci\u00f3n que valoriza nuestra hermosa comunidad. Mi compromiso es hacer de Santa Catarina una referencia en materia de transparencia y comunicaci\u00f3n municipal.\",\"sameAs\":[\"https:\/\/stacatarina.mx\/\"]}]}<\/script>\n<!-- \/ Yoast SEO plugin. -->","yoast_head_json":{"title":"INFORMACI\u00d3N SOBRE LA MANIFESTACI\u00d3N PARA PONER FIN A LA MATANZA DE TEJONES EL MARTES 3 DE SEPTIEMBRE DE 2024, WESTMINSTER - Consejos - Santa Catarina","robots":{"index":"index","follow":"follow","max-snippet":"max-snippet:-1","max-image-preview":"max-image-preview:large","max-video-preview":"max-video-preview:-1"},"canonical":"https:\/\/stacatarina.mx\/consejos\/informacion-sobre-la-manifestacion-para-poner-fin-a-la-matanza-de-tejones-el-martes-3-de-septiembre-de-2024-westminster\/","og_locale":"es_MX","og_type":"article","og_title":"INFORMACI\u00d3N SOBRE LA MANIFESTACI\u00d3N PARA PONER FIN A LA MATANZA DE TEJONES EL MARTES 3 DE SEPTIEMBRE DE 2024, WESTMINSTER - Consejos - Santa Catarina","og_description":"La prensa y los medios de difusi\u00f3n son bienvenidos a este evento: Chris Packham, Dale Vince y la Dra. Alice Brough se encuentran entre los","og_url":"https:\/\/stacatarina.mx\/consejos\/informacion-sobre-la-manifestacion-para-poner-fin-a-la-matanza-de-tejones-el-martes-3-de-septiembre-de-2024-westminster\/","og_site_name":"Santa Catarina","article_publisher":"https:\/\/www.facebook.com\/stacatarinagob\/","article_published_time":"2024-09-14T17:30:18+00:00","og_image":[{"width":900,"height":600,"url":"https:\/\/stacatarina.mx\/consejos\/wp-content\/uploads\/2024\/09\/INFORMACION-SOBRE-LA-MANIFESTACION-PARA-PONER-FIN-A-LA-MATANZA.jpg","type":"image\/jpeg"}],"author":"Pedro Mart\u00ednez","twitter_card":"summary_large_image","twitter_creator":"@stacatarinagob","twitter_site":"@stacatarinagob","twitter_misc":{"Escrito por":"Pedro Mart\u00ednez","Tiempo de lectura":"3 minutos"},"schema":{"@context":"https:\/\/schema.org","@graph":[{"@type":"Article","@id":"https:\/\/stacatarina.mx\/consejos\/informacion-sobre-la-manifestacion-para-poner-fin-a-la-matanza-de-tejones-el-martes-3-de-septiembre-de-2024-westminster\/#article","isPartOf":{"@id":"https:\/\/stacatarina.mx\/consejos\/informacion-sobre-la-manifestacion-para-poner-fin-a-la-matanza-de-tejones-el-martes-3-de-septiembre-de-2024-westminster\/"},"author":{"name":"Pedro Mart\u00ednez","@id":"https:\/\/stacatarina.mx\/consejos\/#\/schema\/person\/0be60adffa8e4c4d0828fdf021450e8a"},"headline":"INFORMACI\u00d3N SOBRE LA MANIFESTACI\u00d3N PARA PONER FIN A LA MATANZA DE TEJONES EL MARTES 3 DE SEPTIEMBRE DE 2024, WESTMINSTER","datePublished":"2024-09-14T17:30:18+00:00","dateModified":"2024-09-14T17:30:18+00:00","mainEntityOfPage":{"@id":"https:\/\/stacatarina.mx\/consejos\/informacion-sobre-la-manifestacion-para-poner-fin-a-la-matanza-de-tejones-el-martes-3-de-septiembre-de-2024-westminster\/"},"wordCount":576,"publisher":{"@id":"https:\/\/stacatarina.mx\/consejos\/#organization"},"image":{"@id":"https:\/\/stacatarina.mx\/consejos\/informacion-sobre-la-manifestacion-para-poner-fin-a-la-matanza-de-tejones-el-martes-3-de-septiembre-de-2024-westminster\/#primaryimage"},"thumbnailUrl":"https:\/\/stacatarina.mx\/consejos\/wp-content\/uploads\/2024\/09\/INFORMACION-SOBRE-LA-MANIFESTACION-PARA-PONER-FIN-A-LA-MATANZA.jpg","keywords":["FIN","INFORMACI\u00d3N","MANIFESTACI\u00d3N","MARTES","MATANZA","para","PONER","septiembre","sobre","tejones","WESTMINSTER"],"articleSection":["Fauna y Flora"],"inLanguage":"es"},{"@type":"WebPage","@id":"https:\/\/stacatarina.mx\/consejos\/informacion-sobre-la-manifestacion-para-poner-fin-a-la-matanza-de-tejones-el-martes-3-de-septiembre-de-2024-westminster\/","url":"https:\/\/stacatarina.mx\/consejos\/informacion-sobre-la-manifestacion-para-poner-fin-a-la-matanza-de-tejones-el-martes-3-de-septiembre-de-2024-westminster\/","name":"INFORMACI\u00d3N SOBRE LA MANIFESTACI\u00d3N PARA PONER FIN A LA MATANZA DE TEJONES EL MARTES 3 DE SEPTIEMBRE DE 2024, WESTMINSTER - Consejos - Santa Catarina","isPartOf":{"@id":"https:\/\/stacatarina.mx\/consejos\/#website"},"primaryImageOfPage":{"@id":"https:\/\/stacatarina.mx\/consejos\/informacion-sobre-la-manifestacion-para-poner-fin-a-la-matanza-de-tejones-el-martes-3-de-septiembre-de-2024-westminster\/#primaryimage"},"image":{"@id":"https:\/\/stacatarina.mx\/consejos\/informacion-sobre-la-manifestacion-para-poner-fin-a-la-matanza-de-tejones-el-martes-3-de-septiembre-de-2024-westminster\/#primaryimage"},"thumbnailUrl":"https:\/\/stacatarina.mx\/consejos\/wp-content\/uploads\/2024\/09\/INFORMACION-SOBRE-LA-MANIFESTACION-PARA-PONER-FIN-A-LA-MATANZA.jpg","datePublished":"2024-09-14T17:30:18+00:00","dateModified":"2024-09-14T17:30:18+00:00","breadcrumb":{"@id":"https:\/\/stacatarina.mx\/consejos\/informacion-sobre-la-manifestacion-para-poner-fin-a-la-matanza-de-tejones-el-martes-3-de-septiembre-de-2024-westminster\/#breadcrumb"},"inLanguage":"es","potentialAction":[{"@type":"ReadAction","target":["https:\/\/stacatarina.mx\/consejos\/informacion-sobre-la-manifestacion-para-poner-fin-a-la-matanza-de-tejones-el-martes-3-de-septiembre-de-2024-westminster\/"]}]},{"@type":"ImageObject","inLanguage":"es","@id":"https:\/\/stacatarina.mx\/consejos\/informacion-sobre-la-manifestacion-para-poner-fin-a-la-matanza-de-tejones-el-martes-3-de-septiembre-de-2024-westminster\/#primaryimage","url":"https:\/\/stacatarina.mx\/consejos\/wp-content\/uploads\/2024\/09\/INFORMACION-SOBRE-LA-MANIFESTACION-PARA-PONER-FIN-A-LA-MATANZA.jpg","contentUrl":"https:\/\/stacatarina.mx\/consejos\/wp-content\/uploads\/2024\/09\/INFORMACION-SOBRE-LA-MANIFESTACION-PARA-PONER-FIN-A-LA-MATANZA.jpg","width":900,"height":600,"caption":"National Day of Action Against the Badger Cull called for Tuesday, 3 September 2024"},{"@type":"BreadcrumbList","@id":"https:\/\/stacatarina.mx\/consejos\/informacion-sobre-la-manifestacion-para-poner-fin-a-la-matanza-de-tejones-el-martes-3-de-septiembre-de-2024-westminster\/#breadcrumb","itemListElement":[{"@type":"ListItem","position":1,"name":"Inicio","item":"https:\/\/stacatarina.mx\/consejos\/"},{"@type":"ListItem","position":2,"name":"INFORMACI\u00d3N SOBRE LA MANIFESTACI\u00d3N PARA PONER FIN A LA MATANZA DE TEJONES EL MARTES 3 DE SEPTIEMBRE DE 2024, WESTMINSTER"}]},{"@type":"WebSite","@id":"https:\/\/stacatarina.mx\/consejos\/#website","url":"https:\/\/stacatarina.mx\/consejos\/","name":"Santa Catarina","description":"","publisher":{"@id":"https:\/\/stacatarina.mx\/consejos\/#organization"},"potentialAction":[{"@type":"SearchAction","target":{"@type":"EntryPoint","urlTemplate":"https:\/\/stacatarina.mx\/consejos\/?s={search_term_string}"},"query-input":{"@type":"PropertyValueSpecification","valueRequired":true,"valueName":"search_term_string"}}],"inLanguage":"es"},{"@type":"Organization","@id":"https:\/\/stacatarina.mx\/consejos\/#organization","name":"Santa Catarina","url":"https:\/\/stacatarina.mx\/consejos\/","logo":{"@type":"ImageObject","inLanguage":"es","@id":"https:\/\/stacatarina.mx\/consejos\/#\/schema\/logo\/image\/","url":"https:\/\/stacatarina.mx\/consejos\/wp-content\/uploads\/2024\/09\/cropped-favicon-1-1.png","contentUrl":"https:\/\/stacatarina.mx\/consejos\/wp-content\/uploads\/2024\/09\/cropped-favicon-1-1.png","width":512,"height":512,"caption":"Santa Catarina"},"image":{"@id":"https:\/\/stacatarina.mx\/consejos\/#\/schema\/logo\/image\/"},"sameAs":["https:\/\/www.facebook.com\/stacatarinagob\/","https:\/\/x.com\/stacatarinagob","https:\/\/www.instagram.com\/stacatarinagob\/","https:\/\/www.youtube.com\/channel\/UCK-6cQJL_904665N1_nLTWw"]},{"@type":"Person","@id":"https:\/\/stacatarina.mx\/consejos\/#\/schema\/person\/0be60adffa8e4c4d0828fdf021450e8a","name":"Pedro Mart\u00ednez","image":{"@type":"ImageObject","inLanguage":"es","@id":"https:\/\/stacatarina.mx\/consejos\/#\/schema\/person\/image\/","url":"https:\/\/stacatarina.mx\/consejos\/wp-content\/uploads\/2024\/09\/stacatarina.jpg","contentUrl":"https:\/\/stacatarina.mx\/consejos\/wp-content\/uploads\/2024\/09\/stacatarina.jpg","caption":"Pedro Mart\u00ednez"},"description":"Hola, soy Pedro Mart\u00ednez, redactor jefe del sitio oficial del ayuntamiento de Santa Catarina, en M\u00e9xico. Con m\u00e1s de diez a\u00f1os de experiencia en el periodismo local, tengo una pasi\u00f3n por la investigaci\u00f3n y la difusi\u00f3n de informaci\u00f3n que valoriza nuestra hermosa comunidad. Mi compromiso es hacer de Santa Catarina una referencia en materia de transparencia y comunicaci\u00f3n municipal.","sameAs":["https:\/\/stacatarina.mx\/"]}]}},"_links":{"self":[{"href":"https:\/\/stacatarina.mx\/consejos\/wp-json\/wp\/v2\/posts\/415"}],"collection":[{"href":"https:\/\/stacatarina.mx\/consejos\/wp-json\/wp\/v2\/posts"}],"about":[{"href":"https:\/\/stacatarina.mx\/consejos\/wp-json\/wp\/v2\/types\/post"}],"author":[{"embeddable":true,"href":"https:\/\/stacatarina.mx\/consejos\/wp-json\/wp\/v2\/users\/1"}],"replies":[{"embeddable":true,"href":"https:\/\/stacatarina.mx\/consejos\/wp-json\/wp\/v2\/comments?post=415"}],"version-history":[{"count":1,"href":"https:\/\/stacatarina.mx\/consejos\/wp-json\/wp\/v2\/posts\/415\/revisions"}],"predecessor-version":[{"id":417,"href":"https:\/\/stacatarina.mx\/consejos\/wp-json\/wp\/v2\/posts\/415\/revisions\/417"}],"wp:featuredmedia":[{"embeddable":true,"href":"https:\/\/stacatarina.mx\/consejos\/wp-json\/wp\/v2\/media\/416"}],"wp:attachment":[{"href":"https:\/\/stacatarina.mx\/consejos\/wp-json\/wp\/v2\/media?parent=415"}],"wp:term":[{"taxonomy":"category","embeddable":true,"href":"https:\/\/stacatarina.mx\/consejos\/wp-json\/wp\/v2\/categories?post=415"},{"taxonomy":"post_tag","embeddable":true,"href":"https:\/\/stacatarina.mx\/consejos\/wp-json\/wp\/v2\/tags?post=415"}],"curies":[{"name":"wp","href":"https:\/\/api.w.org\/{rel}","templated":true}]}}