{"id":4254,"date":"2025-06-18T10:14:56","date_gmt":"2025-06-18T16:14:56","guid":{"rendered":"https:\/\/stacatarina.mx\/consejos\/lost-for-words-un-documental-escrito-y-dirigido-byhannah-papacek-harper\/"},"modified":"2025-06-18T10:14:57","modified_gmt":"2025-06-18T16:14:57","slug":"lost-for-words-un-documental-escrito-y-dirigido-byhannah-papacek-harper","status":"publish","type":"post","link":"https:\/\/stacatarina.mx\/consejos\/lost-for-words-un-documental-escrito-y-dirigido-byhannah-papacek-harper\/","title":{"rendered":"Lost for Words &#8211; un documental escrito y dirigido Byhannah Papacek Harper"},"content":{"rendered":"<div class=\"entry-content\">\n<h5 class=\"wp-block-heading\"><em>Basado en las palabras perdidas, el libro de Robert Macfarlane y Jackie Morris<\/em><\/h5>\n<h5 class=\"wp-block-heading\">Estreno del Reino Unido el 21 de junio en Sheffield Docfest. <\/h5>\n<p><em>Inspirado en el libro ilustrado The Lost Words de Robert Macfarlane y Jackie Morris, <strong>Perdido por palabras<\/strong> es una odisea po\u00e9tica y cient\u00edfica en todo el Reino Unido. Celebra nuestra relaci\u00f3n con la naturaleza destacando diversas voces, desde cient\u00edficos y artistas hasta ni\u00f1os y personas que viven con Alzheimer. La pel\u00edcula explora la desaparici\u00f3n del vocabulario relacionado con la naturaleza entre las generaciones m\u00e1s j\u00f3venes, la memoria de los paisajes y la transmisi\u00f3n intergeneracional, al tiempo que cuestiona las conexiones entre el lenguaje, el medio ambiente y la cultura.<\/em><\/p>\n<h5 class=\"wp-block-heading\">INTRODUCCI\u00d3N<\/h5>\n<p>Las palabras perdidas se crearon como una respuesta a m\u00e1s de cuarenta nombres de naturaleza que desaparecen del Oxford Youth Dictionary en 2007. Estos nombres fueron: Otter, Fox, Badger, Bluebell, helecho, Magpie &#8230; y muchas m\u00e1s palabras para calificar la naturaleza con la que compartimos nuestras vidas diarias en el hemisferio del norte.<\/p>\n<p>El miedo era que los ni\u00f1os los perdieran para siempre y, \u00bfc\u00f3mo podemos preocuparnos si no podemos nombrar?<\/p>\n<p>Esto es cuando las palabras perdidas, tra\u00eddas a la vida de Robert Macfarlane y Jackie Morris, se convierten en un hermoso libro ilustrado que toc\u00f3 a los ni\u00f1os y adultos por igual.<\/p>\n<p>Desde la publicaci\u00f3n de las palabras perdidas en octubre de 2017, este libro ha tenido un efecto transformador en todos los que lo han encontrado. Descrito como un &#8220;fen\u00f3meno cultural&#8221; en The Guardian, se ha convertido en un gran \u00e9xito de ventas, se ha arraigado en miles de escuelas en Gran Breta\u00f1a, ha sido ampliamente aclamado como un cl\u00e1sico instant\u00e1neo, gan\u00f3 numerosos premios e inspir\u00f3 a muchos pensadores creativos, j\u00f3venes y viejos. Fue preseleccionado en 2017 como uno de los libros favoritos de Gran Breta\u00f1a de todos los tiempos en el mundo natural.<\/p>\n<p>Su enfoque emp\u00e1tico hab\u00eda capturado los corazones de muchos, distribuidos a trav\u00e9s de las escuelas en el Reino Unido y trabajando como un hermoso acto de subversi\u00f3n en este mundo donde con demasiada frecuencia elegimos olvidar.<\/p>\n<p>Lost for Words, un documental creativo, lleva esta est\u00e9tica a la pantalla para una inmersi\u00f3n profunda en el paisaje.<\/p>\n<p><em>Trailer: <\/em><em>https:\/\/vimeo.com\/1062750142\/fe20bbe849<\/em><\/p>\n<p><em>Sitio web de enlace: <\/em><em>https:\/\/www.lostforwords.fr\/<\/em><\/p>\n<p><em>Extracto : <\/em>https:\/\/vimeo.com\/1072120133\/e7be193165<\/p>\n<h5 class=\"wp-block-heading\">SINOPSIS<\/h5>\n<p>Lost for Words es una odisea po\u00e9tica y cient\u00edfica en todo el Reino Unido.<br \/>Celebra nuestra relaci\u00f3n con la naturaleza a trav\u00e9s de diversas voces al tiempo que remodela activamente nuestro punto de vista antropoc\u00e9ntrico con un enfoque po\u00e9tico y cient\u00edfico.<\/p>\n<p>Usando el libro m\u00e1s vendido de Robert Macfarlane y Jackie Morris, The Lost Words como inspiraci\u00f3n, Lost for Words comienzan con un viaje en todo el Reino Unido, retratando paisajes, comunidades y sus conexiones con la naturaleza. Nuestro proyecto se involucra con los problemas globales m\u00e1s destacados de nuestro tiempo, comenzando con la evoluci\u00f3n y la desaparici\u00f3n de los nombres de la naturaleza del lenguaje de las generaciones j\u00f3venes y futuras. A trav\u00e9s de esta lente, abordamos preocupaciones apremiantes como el cambio clim\u00e1tico, la destrucci\u00f3n del h\u00e1bitat, la extinci\u00f3n de especies de desplazamiento de la poblaci\u00f3n. Nuestro enfoque es emp\u00e1tico y no catastroso, evitando que las narrativas alarmistas fomenten la acci\u00f3n colectiva.<\/p>\n<p>Al sumergir a los espectadores en el personaje y la esencia de los paisajes naturales del Reino Unido, nuestra pel\u00edcula muestra diversas comunidades brit\u00e1nicas redescubriendo y renovando su entorno natural. En lugar de mostrar paisajes globales, nos centramos en un entorno local para atraer a las personas a una intimidad con la naturaleza al tiempo que plantea preguntas que est\u00e1n cada vez m\u00e1s presionando para todos en este planeta.<\/p>\n<p>Al examinar la relaci\u00f3n hist\u00f3rica de la humanidad con la naturaleza, exploramos temas de propiedad de la tierra, colonizaci\u00f3n e imperialismo ling\u00fc\u00edstico. Amplificamos voces que desaf\u00edan la din\u00e1mica de poder desigual en la historia de la conservaci\u00f3n, invitan a diversas perspectivas a reescribir esta narraci\u00f3n y considerando las voces que han sido silenciadas durante mucho tiempo.<\/p>\n<p>El centro de nuestra narraci\u00f3n es nuestra elecci\u00f3n de voces subrepresentadas como protagonistas: ni\u00f1os, pacientes de Alzheimer, investigadoras, trabajadoras sociales, artistas de diferentes or\u00edgenes. Este enfoque aborda la accesibilidad de la naturaleza, entre los grupos socioecon\u00f3micos marginados, al tiempo que inspira a los espectadores de todos los datos demogr\u00e1ficos a identificarse con los participantes en la pantalla.<\/p>\n<p>Nuestra pel\u00edcula es una invitaci\u00f3n para forjar una nueva relaci\u00f3n con la naturaleza y provocar di\u00e1logo sobre c\u00f3mo reconectarse con ella. Provoca preguntas tanto en el espectador como en el protagonista. Juntos nos preguntamos: \u00bfCu\u00e1l es nuestro futuro? \u00bfC\u00f3mo podemos darle forma? \u00bfC\u00f3mo consideramos las necesidades del mundo no humano?<\/p>\n<h5 class=\"wp-block-heading\">Protagonistas<\/h5>\n<p>Giles Sommerwill, ge\u00f3logo<br \/>Rachel Walcott, ge\u00f3loga<br \/>Seckou Keita, m\u00fasico<br \/>Matthew Bannister, locutor<br \/>Jenny Culbertson, ling\u00fcista<br \/>Simon Kirby, ling\u00fcista<br \/>Claudia Wedepohl, archivero<br \/>Neil Bell, Bryologist<br \/>Michelle Hart, cient\u00edfica David Bell, bi\u00f3loga<br \/>Nick Fraser, paleobi\u00f3logo<br \/>Ashleigh Whiffin, entom\u00f3logo<br \/>James Bulley, artista de sonido<br \/>Daniel Jones, Artista de sonido Ni\u00f1os de Rankinson<br \/>Lorna Sloan, educadora<br \/>Residentes de Osborne Care Home<br \/>Karen Papacek, artista<br \/>Robert Macfarlane, escritor<br \/>Miembros de Acci\u00f3n para la Conservaci\u00f3n, Caridad<br \/>Jackie Morris, artista<br \/>Ortajeros de los senderos de Arran<br \/>Alex Kent, cart\u00f3grafo<br \/>Amanda Thomson, artista<br \/>Merlin Sheldrake, bi\u00f3logo<br \/>Shenaz Khimji-Wallbank, el naturalista Chris Wallbank, artista<br \/>Bethany Porter, m\u00fasico<br \/>Rachel Newton, m\u00fasico<br \/>Leonie Paterson, archivero<br \/>Karine Polwart, m\u00fasico<br \/>Diane Nelson, ling\u00fcista<br \/>Joanne Laird, educadora<br \/>Clase de 2023 Edimburgo Montessori Arts School<br \/>Hijos de la escuela de sesi\u00f3n y sesi\u00f3n de fach<br \/>Stephanie Januchowski-Hartley, artista y cient\u00edfica<br \/>Coro de la comunidad de Heartwood<br \/>Chris Crawley, activista<br \/>Jan Marr, activista<br \/>Colin Belton, horticultor<br \/>Hannah Atkin, taxonomista<br \/>Barbero de sadie, horticultor<br \/>Paul Powlesland, abogado<br \/>Dora Zoi, artista<br \/>Seren de beb\u00e9<br \/>Hijos de Rutherglenn<\/p>\n<p>Lost for Words naci\u00f3 de un deseo de conectarse, comprender y sentir la naturaleza de una manera creativa. Quer\u00eda encontrar la maravilla de la infancia que pueda hacer que la acci\u00f3n comprometida sea hermosa nuevamente.<\/p>\n<p>Fue durante el bloqueo de 2020 que me top\u00e9 con el libro aclamado internacionalmente:<\/p>\n<p>Las palabras perdidas; En el momento en que todos est\u00e1bamos desacelerando y pensando en nuestro impacto.<br \/>Este libro celebr\u00f3 los nombres de la naturaleza comunes que hab\u00edan sido sacados del Diccionario Junior de Oxford, pero ahora se les dio una segunda vida.<\/p>\n<p>Por lo que vi, la cat\u00e1strofe fue escrita en la fibra de cada proyecto sobre nuestra crisis real. Fue la amabilidad y la esperanza dentro de las palabras perdidas lo que me pareci\u00f3 \u00fanico. Quer\u00eda inspirarme de este enfoque para cuestionar nuestra forma de habitar el mundo.<\/p>\n<p>Mi relaci\u00f3n con los autores dej\u00f3 en claro que quer\u00edan confiarme este proyecto porque fueron tocados por la sensibilidad de la propuesta. Esto me puso en una b\u00fasqueda humana de cient\u00edficos, investigadores, artistas y muchos m\u00e1s, ansiosos por compartir su relaci\u00f3n con la naturaleza conmigo.<\/p>\n<p>Part\u00ed con un equipo, deseando mostrar un paisaje dado y tomar prestadas las voces de quienes lo habitan, para ayudar al espectador a encontrar empat\u00eda por el mundo m\u00e1s que humano en un momento en que es tan urgente hacerlo.<\/p>\n<p class=\"has-text-align-right\">&#8211; Hannah Papacek Harper<\/p>\n<hr class=\"wp-block-separator has-alpha-channel-opacity\">\n<p>Estreno del Reino Unido el 21 de junio en Sheffield Docfest. <\/p>\n<p>Sitio web: https:\/\/www.lostforwords.fr\/<\/p>\n<p>Correo electr\u00f3nico: Lostforwordsfilm@gmail.com<\/p>\n<p>Instagram: https:\/\/www.instagram.com\/lost_for_words_film\/<\/p>\n<\/p><\/div>\n<p><script async src=\"\/\/www.instagram.com\/embed.js\"><\/script><\/p>\n","protected":false},"excerpt":{"rendered":"<p>Basado en las palabras perdidas, el libro de Robert Macfarlane y Jackie Morris Estreno del Reino Unido el 21 de junio en Sheffield Docfest. Inspirado<\/p>\n","protected":false},"author":1,"featured_media":4255,"comment_status":"closed","ping_status":"","sticky":false,"template":"","format":"standard","meta":{"footnotes":""},"categories":[68],"tags":[5135,5134,5132,5133,5137,5130,5136,5131],"class_list":["post-4254","post","type-post","status-publish","format-standard","has-post-thumbnail","hentry","category-fauna-y-flora","tag-byhannah","tag-dirigido","tag-documental","tag-escrito","tag-harper","tag-lost","tag-papacek","tag-words","generate-columns","tablet-grid-50","mobile-grid-100","grid-parent","grid-50"],"yoast_head":"<!-- This site is optimized with the Yoast SEO plugin v23.4 - https:\/\/yoast.com\/wordpress\/plugins\/seo\/ -->\n<title>Lost for Words - un documental escrito y dirigido Byhannah Papacek Harper - Consejos - Santa Catarina<\/title>\n<meta name=\"robots\" content=\"index, follow, max-snippet:-1, max-image-preview:large, max-video-preview:-1\" \/>\n<link rel=\"canonical\" href=\"https:\/\/stacatarina.mx\/consejos\/lost-for-words-un-documental-escrito-y-dirigido-byhannah-papacek-harper\/\" \/>\n<meta property=\"og:locale\" content=\"es_MX\" \/>\n<meta property=\"og:type\" content=\"article\" \/>\n<meta property=\"og:title\" content=\"Lost for Words - un documental escrito y dirigido Byhannah Papacek Harper - Consejos - Santa Catarina\" \/>\n<meta property=\"og:description\" content=\"Basado en las palabras perdidas, el libro de Robert Macfarlane y Jackie Morris Estreno del Reino Unido el 21 de junio en Sheffield Docfest. Inspirado\" \/>\n<meta property=\"og:url\" content=\"https:\/\/stacatarina.mx\/consejos\/lost-for-words-un-documental-escrito-y-dirigido-byhannah-papacek-harper\/\" \/>\n<meta property=\"og:site_name\" content=\"Santa Catarina\" \/>\n<meta property=\"article:publisher\" content=\"https:\/\/www.facebook.com\/stacatarinagob\/\" \/>\n<meta property=\"article:published_time\" content=\"2025-06-18T16:14:56+00:00\" \/>\n<meta property=\"article:modified_time\" content=\"2025-06-18T16:14:57+00:00\" \/>\n<meta property=\"og:image\" content=\"https:\/\/stacatarina.mx\/consejos\/wp-content\/uploads\/2025\/06\/Lost-for-Words-un-documental-escrito-y-dirigido-Byhannah.jpg\" \/>\n\t<meta property=\"og:image:width\" content=\"900\" \/>\n\t<meta property=\"og:image:height\" content=\"637\" \/>\n\t<meta property=\"og:image:type\" content=\"image\/jpeg\" \/>\n<meta name=\"author\" content=\"Pedro Mart\u00ednez\" \/>\n<meta name=\"twitter:card\" content=\"summary_large_image\" \/>\n<meta name=\"twitter:creator\" content=\"@stacatarinagob\" \/>\n<meta name=\"twitter:site\" content=\"@stacatarinagob\" \/>\n<meta name=\"twitter:label1\" content=\"Escrito por\" \/>\n\t<meta name=\"twitter:data1\" content=\"Pedro Mart\u00ednez\" \/>\n\t<meta name=\"twitter:label2\" content=\"Tiempo de lectura\" \/>\n\t<meta name=\"twitter:data2\" content=\"6 minutos\" \/>\n<script type=\"application\/ld+json\" class=\"yoast-schema-graph\">{\"@context\":\"https:\/\/schema.org\",\"@graph\":[{\"@type\":\"Article\",\"@id\":\"https:\/\/stacatarina.mx\/consejos\/lost-for-words-un-documental-escrito-y-dirigido-byhannah-papacek-harper\/#article\",\"isPartOf\":{\"@id\":\"https:\/\/stacatarina.mx\/consejos\/lost-for-words-un-documental-escrito-y-dirigido-byhannah-papacek-harper\/\"},\"author\":{\"name\":\"Pedro Mart\u00ednez\",\"@id\":\"https:\/\/stacatarina.mx\/consejos\/#\/schema\/person\/0be60adffa8e4c4d0828fdf021450e8a\"},\"headline\":\"Lost for Words &#8211; un documental escrito y dirigido Byhannah Papacek Harper\",\"datePublished\":\"2025-06-18T16:14:56+00:00\",\"dateModified\":\"2025-06-18T16:14:57+00:00\",\"mainEntityOfPage\":{\"@id\":\"https:\/\/stacatarina.mx\/consejos\/lost-for-words-un-documental-escrito-y-dirigido-byhannah-papacek-harper\/\"},\"wordCount\":1275,\"publisher\":{\"@id\":\"https:\/\/stacatarina.mx\/consejos\/#organization\"},\"image\":{\"@id\":\"https:\/\/stacatarina.mx\/consejos\/lost-for-words-un-documental-escrito-y-dirigido-byhannah-papacek-harper\/#primaryimage\"},\"thumbnailUrl\":\"https:\/\/stacatarina.mx\/consejos\/wp-content\/uploads\/2025\/06\/Lost-for-Words-un-documental-escrito-y-dirigido-Byhannah.jpg\",\"keywords\":[\"Byhannah\",\"dirigido\",\"documental\",\"escrito\",\"Harper\",\"Lost\",\"Papacek\",\"Words\"],\"articleSection\":[\"Fauna y Flora\"],\"inLanguage\":\"es\"},{\"@type\":\"WebPage\",\"@id\":\"https:\/\/stacatarina.mx\/consejos\/lost-for-words-un-documental-escrito-y-dirigido-byhannah-papacek-harper\/\",\"url\":\"https:\/\/stacatarina.mx\/consejos\/lost-for-words-un-documental-escrito-y-dirigido-byhannah-papacek-harper\/\",\"name\":\"Lost for Words - un documental escrito y dirigido Byhannah Papacek Harper - Consejos - Santa Catarina\",\"isPartOf\":{\"@id\":\"https:\/\/stacatarina.mx\/consejos\/#website\"},\"primaryImageOfPage\":{\"@id\":\"https:\/\/stacatarina.mx\/consejos\/lost-for-words-un-documental-escrito-y-dirigido-byhannah-papacek-harper\/#primaryimage\"},\"image\":{\"@id\":\"https:\/\/stacatarina.mx\/consejos\/lost-for-words-un-documental-escrito-y-dirigido-byhannah-papacek-harper\/#primaryimage\"},\"thumbnailUrl\":\"https:\/\/stacatarina.mx\/consejos\/wp-content\/uploads\/2025\/06\/Lost-for-Words-un-documental-escrito-y-dirigido-Byhannah.jpg\",\"datePublished\":\"2025-06-18T16:14:56+00:00\",\"dateModified\":\"2025-06-18T16:14:57+00:00\",\"breadcrumb\":{\"@id\":\"https:\/\/stacatarina.mx\/consejos\/lost-for-words-un-documental-escrito-y-dirigido-byhannah-papacek-harper\/#breadcrumb\"},\"inLanguage\":\"es\",\"potentialAction\":[{\"@type\":\"ReadAction\",\"target\":[\"https:\/\/stacatarina.mx\/consejos\/lost-for-words-un-documental-escrito-y-dirigido-byhannah-papacek-harper\/\"]}]},{\"@type\":\"ImageObject\",\"inLanguage\":\"es\",\"@id\":\"https:\/\/stacatarina.mx\/consejos\/lost-for-words-un-documental-escrito-y-dirigido-byhannah-papacek-harper\/#primaryimage\",\"url\":\"https:\/\/stacatarina.mx\/consejos\/wp-content\/uploads\/2025\/06\/Lost-for-Words-un-documental-escrito-y-dirigido-Byhannah.jpg\",\"contentUrl\":\"https:\/\/stacatarina.mx\/consejos\/wp-content\/uploads\/2025\/06\/Lost-for-Words-un-documental-escrito-y-dirigido-Byhannah.jpg\",\"width\":900,\"height\":637,\"caption\":\"LOST FOR WORDS \u2013 a feature documentary written and directed byHannah Papacek Harper\"},{\"@type\":\"BreadcrumbList\",\"@id\":\"https:\/\/stacatarina.mx\/consejos\/lost-for-words-un-documental-escrito-y-dirigido-byhannah-papacek-harper\/#breadcrumb\",\"itemListElement\":[{\"@type\":\"ListItem\",\"position\":1,\"name\":\"Inicio\",\"item\":\"https:\/\/stacatarina.mx\/consejos\/\"},{\"@type\":\"ListItem\",\"position\":2,\"name\":\"Lost for Words &#8211; un documental escrito y dirigido Byhannah Papacek Harper\"}]},{\"@type\":\"WebSite\",\"@id\":\"https:\/\/stacatarina.mx\/consejos\/#website\",\"url\":\"https:\/\/stacatarina.mx\/consejos\/\",\"name\":\"Santa Catarina\",\"description\":\"\",\"publisher\":{\"@id\":\"https:\/\/stacatarina.mx\/consejos\/#organization\"},\"potentialAction\":[{\"@type\":\"SearchAction\",\"target\":{\"@type\":\"EntryPoint\",\"urlTemplate\":\"https:\/\/stacatarina.mx\/consejos\/?s={search_term_string}\"},\"query-input\":{\"@type\":\"PropertyValueSpecification\",\"valueRequired\":true,\"valueName\":\"search_term_string\"}}],\"inLanguage\":\"es\"},{\"@type\":\"Organization\",\"@id\":\"https:\/\/stacatarina.mx\/consejos\/#organization\",\"name\":\"Santa Catarina\",\"url\":\"https:\/\/stacatarina.mx\/consejos\/\",\"logo\":{\"@type\":\"ImageObject\",\"inLanguage\":\"es\",\"@id\":\"https:\/\/stacatarina.mx\/consejos\/#\/schema\/logo\/image\/\",\"url\":\"https:\/\/stacatarina.mx\/consejos\/wp-content\/uploads\/2024\/09\/cropped-favicon-1-1.png\",\"contentUrl\":\"https:\/\/stacatarina.mx\/consejos\/wp-content\/uploads\/2024\/09\/cropped-favicon-1-1.png\",\"width\":512,\"height\":512,\"caption\":\"Santa Catarina\"},\"image\":{\"@id\":\"https:\/\/stacatarina.mx\/consejos\/#\/schema\/logo\/image\/\"},\"sameAs\":[\"https:\/\/www.facebook.com\/stacatarinagob\/\",\"https:\/\/x.com\/stacatarinagob\",\"https:\/\/www.instagram.com\/stacatarinagob\/\",\"https:\/\/www.youtube.com\/channel\/UCK-6cQJL_904665N1_nLTWw\"]},{\"@type\":\"Person\",\"@id\":\"https:\/\/stacatarina.mx\/consejos\/#\/schema\/person\/0be60adffa8e4c4d0828fdf021450e8a\",\"name\":\"Pedro Mart\u00ednez\",\"image\":{\"@type\":\"ImageObject\",\"inLanguage\":\"es\",\"@id\":\"https:\/\/stacatarina.mx\/consejos\/#\/schema\/person\/image\/\",\"url\":\"https:\/\/stacatarina.mx\/consejos\/wp-content\/uploads\/2024\/09\/stacatarina.jpg\",\"contentUrl\":\"https:\/\/stacatarina.mx\/consejos\/wp-content\/uploads\/2024\/09\/stacatarina.jpg\",\"caption\":\"Pedro Mart\u00ednez\"},\"description\":\"Hola, soy Pedro Mart\u00ednez, redactor jefe del sitio oficial del ayuntamiento de Santa Catarina, en M\u00e9xico. Con m\u00e1s de diez a\u00f1os de experiencia en el periodismo local, tengo una pasi\u00f3n por la investigaci\u00f3n y la difusi\u00f3n de informaci\u00f3n que valoriza nuestra hermosa comunidad. Mi compromiso es hacer de Santa Catarina una referencia en materia de transparencia y comunicaci\u00f3n municipal.\",\"sameAs\":[\"https:\/\/stacatarina.mx\/\"]}]}<\/script>\n<!-- \/ Yoast SEO plugin. -->","yoast_head_json":{"title":"Lost for Words - un documental escrito y dirigido Byhannah Papacek Harper - Consejos - Santa Catarina","robots":{"index":"index","follow":"follow","max-snippet":"max-snippet:-1","max-image-preview":"max-image-preview:large","max-video-preview":"max-video-preview:-1"},"canonical":"https:\/\/stacatarina.mx\/consejos\/lost-for-words-un-documental-escrito-y-dirigido-byhannah-papacek-harper\/","og_locale":"es_MX","og_type":"article","og_title":"Lost for Words - un documental escrito y dirigido Byhannah Papacek Harper - Consejos - Santa Catarina","og_description":"Basado en las palabras perdidas, el libro de Robert Macfarlane y Jackie Morris Estreno del Reino Unido el 21 de junio en Sheffield Docfest. Inspirado","og_url":"https:\/\/stacatarina.mx\/consejos\/lost-for-words-un-documental-escrito-y-dirigido-byhannah-papacek-harper\/","og_site_name":"Santa Catarina","article_publisher":"https:\/\/www.facebook.com\/stacatarinagob\/","article_published_time":"2025-06-18T16:14:56+00:00","article_modified_time":"2025-06-18T16:14:57+00:00","og_image":[{"width":900,"height":637,"url":"https:\/\/stacatarina.mx\/consejos\/wp-content\/uploads\/2025\/06\/Lost-for-Words-un-documental-escrito-y-dirigido-Byhannah.jpg","type":"image\/jpeg"}],"author":"Pedro Mart\u00ednez","twitter_card":"summary_large_image","twitter_creator":"@stacatarinagob","twitter_site":"@stacatarinagob","twitter_misc":{"Escrito por":"Pedro Mart\u00ednez","Tiempo de lectura":"6 minutos"},"schema":{"@context":"https:\/\/schema.org","@graph":[{"@type":"Article","@id":"https:\/\/stacatarina.mx\/consejos\/lost-for-words-un-documental-escrito-y-dirigido-byhannah-papacek-harper\/#article","isPartOf":{"@id":"https:\/\/stacatarina.mx\/consejos\/lost-for-words-un-documental-escrito-y-dirigido-byhannah-papacek-harper\/"},"author":{"name":"Pedro Mart\u00ednez","@id":"https:\/\/stacatarina.mx\/consejos\/#\/schema\/person\/0be60adffa8e4c4d0828fdf021450e8a"},"headline":"Lost for Words &#8211; un documental escrito y dirigido Byhannah Papacek Harper","datePublished":"2025-06-18T16:14:56+00:00","dateModified":"2025-06-18T16:14:57+00:00","mainEntityOfPage":{"@id":"https:\/\/stacatarina.mx\/consejos\/lost-for-words-un-documental-escrito-y-dirigido-byhannah-papacek-harper\/"},"wordCount":1275,"publisher":{"@id":"https:\/\/stacatarina.mx\/consejos\/#organization"},"image":{"@id":"https:\/\/stacatarina.mx\/consejos\/lost-for-words-un-documental-escrito-y-dirigido-byhannah-papacek-harper\/#primaryimage"},"thumbnailUrl":"https:\/\/stacatarina.mx\/consejos\/wp-content\/uploads\/2025\/06\/Lost-for-Words-un-documental-escrito-y-dirigido-Byhannah.jpg","keywords":["Byhannah","dirigido","documental","escrito","Harper","Lost","Papacek","Words"],"articleSection":["Fauna y Flora"],"inLanguage":"es"},{"@type":"WebPage","@id":"https:\/\/stacatarina.mx\/consejos\/lost-for-words-un-documental-escrito-y-dirigido-byhannah-papacek-harper\/","url":"https:\/\/stacatarina.mx\/consejos\/lost-for-words-un-documental-escrito-y-dirigido-byhannah-papacek-harper\/","name":"Lost for Words - un documental escrito y dirigido Byhannah Papacek Harper - Consejos - Santa Catarina","isPartOf":{"@id":"https:\/\/stacatarina.mx\/consejos\/#website"},"primaryImageOfPage":{"@id":"https:\/\/stacatarina.mx\/consejos\/lost-for-words-un-documental-escrito-y-dirigido-byhannah-papacek-harper\/#primaryimage"},"image":{"@id":"https:\/\/stacatarina.mx\/consejos\/lost-for-words-un-documental-escrito-y-dirigido-byhannah-papacek-harper\/#primaryimage"},"thumbnailUrl":"https:\/\/stacatarina.mx\/consejos\/wp-content\/uploads\/2025\/06\/Lost-for-Words-un-documental-escrito-y-dirigido-Byhannah.jpg","datePublished":"2025-06-18T16:14:56+00:00","dateModified":"2025-06-18T16:14:57+00:00","breadcrumb":{"@id":"https:\/\/stacatarina.mx\/consejos\/lost-for-words-un-documental-escrito-y-dirigido-byhannah-papacek-harper\/#breadcrumb"},"inLanguage":"es","potentialAction":[{"@type":"ReadAction","target":["https:\/\/stacatarina.mx\/consejos\/lost-for-words-un-documental-escrito-y-dirigido-byhannah-papacek-harper\/"]}]},{"@type":"ImageObject","inLanguage":"es","@id":"https:\/\/stacatarina.mx\/consejos\/lost-for-words-un-documental-escrito-y-dirigido-byhannah-papacek-harper\/#primaryimage","url":"https:\/\/stacatarina.mx\/consejos\/wp-content\/uploads\/2025\/06\/Lost-for-Words-un-documental-escrito-y-dirigido-Byhannah.jpg","contentUrl":"https:\/\/stacatarina.mx\/consejos\/wp-content\/uploads\/2025\/06\/Lost-for-Words-un-documental-escrito-y-dirigido-Byhannah.jpg","width":900,"height":637,"caption":"LOST FOR WORDS \u2013 a feature documentary written and directed byHannah Papacek Harper"},{"@type":"BreadcrumbList","@id":"https:\/\/stacatarina.mx\/consejos\/lost-for-words-un-documental-escrito-y-dirigido-byhannah-papacek-harper\/#breadcrumb","itemListElement":[{"@type":"ListItem","position":1,"name":"Inicio","item":"https:\/\/stacatarina.mx\/consejos\/"},{"@type":"ListItem","position":2,"name":"Lost for Words &#8211; un documental escrito y dirigido Byhannah Papacek Harper"}]},{"@type":"WebSite","@id":"https:\/\/stacatarina.mx\/consejos\/#website","url":"https:\/\/stacatarina.mx\/consejos\/","name":"Santa Catarina","description":"","publisher":{"@id":"https:\/\/stacatarina.mx\/consejos\/#organization"},"potentialAction":[{"@type":"SearchAction","target":{"@type":"EntryPoint","urlTemplate":"https:\/\/stacatarina.mx\/consejos\/?s={search_term_string}"},"query-input":{"@type":"PropertyValueSpecification","valueRequired":true,"valueName":"search_term_string"}}],"inLanguage":"es"},{"@type":"Organization","@id":"https:\/\/stacatarina.mx\/consejos\/#organization","name":"Santa Catarina","url":"https:\/\/stacatarina.mx\/consejos\/","logo":{"@type":"ImageObject","inLanguage":"es","@id":"https:\/\/stacatarina.mx\/consejos\/#\/schema\/logo\/image\/","url":"https:\/\/stacatarina.mx\/consejos\/wp-content\/uploads\/2024\/09\/cropped-favicon-1-1.png","contentUrl":"https:\/\/stacatarina.mx\/consejos\/wp-content\/uploads\/2024\/09\/cropped-favicon-1-1.png","width":512,"height":512,"caption":"Santa Catarina"},"image":{"@id":"https:\/\/stacatarina.mx\/consejos\/#\/schema\/logo\/image\/"},"sameAs":["https:\/\/www.facebook.com\/stacatarinagob\/","https:\/\/x.com\/stacatarinagob","https:\/\/www.instagram.com\/stacatarinagob\/","https:\/\/www.youtube.com\/channel\/UCK-6cQJL_904665N1_nLTWw"]},{"@type":"Person","@id":"https:\/\/stacatarina.mx\/consejos\/#\/schema\/person\/0be60adffa8e4c4d0828fdf021450e8a","name":"Pedro Mart\u00ednez","image":{"@type":"ImageObject","inLanguage":"es","@id":"https:\/\/stacatarina.mx\/consejos\/#\/schema\/person\/image\/","url":"https:\/\/stacatarina.mx\/consejos\/wp-content\/uploads\/2024\/09\/stacatarina.jpg","contentUrl":"https:\/\/stacatarina.mx\/consejos\/wp-content\/uploads\/2024\/09\/stacatarina.jpg","caption":"Pedro Mart\u00ednez"},"description":"Hola, soy Pedro Mart\u00ednez, redactor jefe del sitio oficial del ayuntamiento de Santa Catarina, en M\u00e9xico. Con m\u00e1s de diez a\u00f1os de experiencia en el periodismo local, tengo una pasi\u00f3n por la investigaci\u00f3n y la difusi\u00f3n de informaci\u00f3n que valoriza nuestra hermosa comunidad. Mi compromiso es hacer de Santa Catarina una referencia en materia de transparencia y comunicaci\u00f3n municipal.","sameAs":["https:\/\/stacatarina.mx\/"]}]}},"_links":{"self":[{"href":"https:\/\/stacatarina.mx\/consejos\/wp-json\/wp\/v2\/posts\/4254"}],"collection":[{"href":"https:\/\/stacatarina.mx\/consejos\/wp-json\/wp\/v2\/posts"}],"about":[{"href":"https:\/\/stacatarina.mx\/consejos\/wp-json\/wp\/v2\/types\/post"}],"author":[{"embeddable":true,"href":"https:\/\/stacatarina.mx\/consejos\/wp-json\/wp\/v2\/users\/1"}],"replies":[{"embeddable":true,"href":"https:\/\/stacatarina.mx\/consejos\/wp-json\/wp\/v2\/comments?post=4254"}],"version-history":[{"count":1,"href":"https:\/\/stacatarina.mx\/consejos\/wp-json\/wp\/v2\/posts\/4254\/revisions"}],"predecessor-version":[{"id":4256,"href":"https:\/\/stacatarina.mx\/consejos\/wp-json\/wp\/v2\/posts\/4254\/revisions\/4256"}],"wp:featuredmedia":[{"embeddable":true,"href":"https:\/\/stacatarina.mx\/consejos\/wp-json\/wp\/v2\/media\/4255"}],"wp:attachment":[{"href":"https:\/\/stacatarina.mx\/consejos\/wp-json\/wp\/v2\/media?parent=4254"}],"wp:term":[{"taxonomy":"category","embeddable":true,"href":"https:\/\/stacatarina.mx\/consejos\/wp-json\/wp\/v2\/categories?post=4254"},{"taxonomy":"post_tag","embeddable":true,"href":"https:\/\/stacatarina.mx\/consejos\/wp-json\/wp\/v2\/tags?post=4254"}],"curies":[{"name":"wp","href":"https:\/\/api.w.org\/{rel}","templated":true}]}}