{"id":4260,"date":"2025-06-19T08:19:05","date_gmt":"2025-06-19T14:19:05","guid":{"rendered":"https:\/\/stacatarina.mx\/consejos\/nueva-zelanda-aprueba-el-uso-medico-de-la-psilocibina-como-tratamiento-para-la-depresion\/"},"modified":"2025-06-19T08:19:06","modified_gmt":"2025-06-19T14:19:06","slug":"nueva-zelanda-aprueba-el-uso-medico-de-la-psilocibina-como-tratamiento-para-la-depresion","status":"publish","type":"post","link":"https:\/\/stacatarina.mx\/consejos\/nueva-zelanda-aprueba-el-uso-medico-de-la-psilocibina-como-tratamiento-para-la-depresion\/","title":{"rendered":"Nueva Zelanda aprueba el uso m\u00e9dico de la psilocibina como tratamiento para la depresi\u00f3n"},"content":{"rendered":"<p><\/p>\n<p>All\u00e1 <strong>Nueva Zelanda<\/strong> Dio un paso significativo en el campo de la psiquiatr\u00eda, <strong>aprobando el uso m\u00e9dico de los psilocubos<\/strong>ingrediente activo de los hongos alucin\u00f3genos que llaman as\u00ed. Es una decisi\u00f3n importante, pero <strong>Muy<\/strong> <strong>limitado<\/strong>: El tratamiento solo puede ser administrado por uno <strong>Psiquiatra altamente calificado<\/strong>Profesor <strong>Cameron Lacey<\/strong>y solo en casos de <strong>depresi\u00f3n resistente<\/strong> a otras drogas.<\/p>\n<p>Aunque uno queda <strong>sustancia ilegal<\/strong> Para la poblaci\u00f3n general, Psilocibina ha atra\u00eddo cada vez m\u00e1s el inter\u00e9s de la comunidad cient\u00edfica. Los estudios publicados en revistas autoritarias han demostrado c\u00f3mo este compuesto puede <strong>Promover la neuroplasticidad cerebral<\/strong>ayudando a desbloquear mecanismos psicol\u00f3gicos patol\u00f3gicos.<\/p>\n<p>El efecto psicod\u00e9lico, si <strong>controlado y dirigido por profesionales<\/strong>podr\u00eda ser una herramienta terap\u00e9utica poderosa, especialmente para pacientes con <strong>Trastorno de estr\u00e9s postraum\u00e1tico (TEPT)<\/strong> Y depresiones graves.<\/p>\n<h2>Australia en 2023 introdujo una legislaci\u00f3n<\/h2>\n<p>Viceprimer Ministro y Ministro de Salud, David Seymour, enfatiz\u00f3 que es un <strong>Enfoque experimental y altamente regulado<\/strong>. Lacey, que ya ha realizado estudios cl\u00ednicos sobre el uso terap\u00e9utico de los psicod\u00e9licos, ser\u00e1 el \u00fanico por ahora autorizado a la prescripci\u00f3n. La esperanza del gobierno es que otros profesionales tambi\u00e9n pueden estar en el futuro. <strong>obtener autorizaci\u00f3n<\/strong>siempre y cuando respeten est\u00e1ndares rigurosos.<\/p>\n<p>Nueva Zelanda sigue el ejemplo de otros pa\u00edses pioneros como <strong>Australia<\/strong>que en 2023 introdujo una legislaci\u00f3n, y algunas jurisdicciones de <strong>Canad\u00e1<\/strong> Y <strong>Estados Unidos<\/strong>. A nivel mundial, sin embargo, la situaci\u00f3n permanece fragmentada: en <strong>Europa<\/strong>por ejemplo, el debate todav\u00eda est\u00e1 fuertemente condicionado por la mentalidad del &#8220;<strong>Guerra contra las drogas<\/strong>&#8220;, Que lucha por aceptar la idea de un uso terap\u00e9utico de sustancias psicod\u00e9licas.<\/p>\n<p>En este contexto se inserta la iniciativa <strong>Psicodelicare<\/strong>una campa\u00f1a que tiene como objetivo recolectar <strong>un mill\u00f3n de firmas<\/strong> <strong>Para<\/strong> <strong>P\u00eddale a la Uni\u00f3n Europea que regule las terapias asistidas por Psychedelici<\/strong>. El objetivo es promover un enfoque m\u00e1s cient\u00edfico y pragm\u00e1tico, reconociendo el potencial terap\u00e9utico de las sustancias hasta ahora estigmatizadas.<\/p>\n<p>Por lo tanto, la apertura de Nueva Zelanda representa una elecci\u00f3n valiente y muy misteriosa, que podr\u00eda <strong>inspirar a otros pa\u00edses<\/strong> Abandonar viejos prejuicios y evaluar estas terapias basadas en datos, no tab\u00faes.<\/p><\/p>\n","protected":false},"excerpt":{"rendered":"<p>All\u00e1 Nueva Zelanda Dio un paso significativo en el campo de la psiquiatr\u00eda, aprobando el uso m\u00e9dico de los psilocubosingrediente activo de los hongos alucin\u00f3genos<\/p>\n","protected":false},"author":1,"featured_media":3111,"comment_status":"closed","ping_status":"","sticky":false,"template":"","format":"standard","meta":{"footnotes":""},"categories":[762],"tags":[2230,15,2579,971,272,29,4003,2527,375,5141],"class_list":["post-4260","post","type-post","status-publish","format-standard","has-post-thumbnail","hentry","category-salud","tag-aprueba","tag-como","tag-depresion","tag-medico","tag-nueva","tag-para","tag-psilocibina","tag-tratamiento","tag-uso","tag-zelanda","generate-columns","tablet-grid-50","mobile-grid-100","grid-parent","grid-50"],"yoast_head":"<!-- This site is optimized with the Yoast SEO plugin v23.4 - https:\/\/yoast.com\/wordpress\/plugins\/seo\/ -->\n<title>Nueva Zelanda aprueba el uso m\u00e9dico de la psilocibina como tratamiento para la depresi\u00f3n - Consejos - Santa Catarina<\/title>\n<meta name=\"robots\" content=\"index, follow, max-snippet:-1, max-image-preview:large, max-video-preview:-1\" \/>\n<link rel=\"canonical\" href=\"https:\/\/stacatarina.mx\/consejos\/nueva-zelanda-aprueba-el-uso-medico-de-la-psilocibina-como-tratamiento-para-la-depresion\/\" \/>\n<meta property=\"og:locale\" content=\"es_MX\" \/>\n<meta property=\"og:type\" content=\"article\" \/>\n<meta property=\"og:title\" content=\"Nueva Zelanda aprueba el uso m\u00e9dico de la psilocibina como tratamiento para la depresi\u00f3n - Consejos - Santa Catarina\" \/>\n<meta property=\"og:description\" content=\"All\u00e1 Nueva Zelanda Dio un paso significativo en el campo de la psiquiatr\u00eda, aprobando el uso m\u00e9dico de los psilocubosingrediente activo de los hongos alucin\u00f3genos\" \/>\n<meta property=\"og:url\" content=\"https:\/\/stacatarina.mx\/consejos\/nueva-zelanda-aprueba-el-uso-medico-de-la-psilocibina-como-tratamiento-para-la-depresion\/\" \/>\n<meta property=\"og:site_name\" content=\"Santa Catarina\" \/>\n<meta property=\"article:publisher\" content=\"https:\/\/www.facebook.com\/stacatarinagob\/\" \/>\n<meta property=\"article:published_time\" content=\"2025-06-19T14:19:05+00:00\" \/>\n<meta property=\"article:modified_time\" content=\"2025-06-19T14:19:06+00:00\" \/>\n<meta property=\"og:image\" content=\"https:\/\/stacatarina.mx\/consejos\/wp-content\/uploads\/2025\/03\/La-psilocibina-el-compuesto-psicodelico-presente-en-los-hongos-alucinogenos.jpg\" \/>\n\t<meta property=\"og:image:width\" content=\"1500\" \/>\n\t<meta property=\"og:image:height\" content=\"1000\" \/>\n\t<meta property=\"og:image:type\" content=\"image\/jpeg\" \/>\n<meta name=\"author\" content=\"Pedro Mart\u00ednez\" \/>\n<meta name=\"twitter:card\" content=\"summary_large_image\" \/>\n<meta name=\"twitter:creator\" content=\"@stacatarinagob\" \/>\n<meta name=\"twitter:site\" content=\"@stacatarinagob\" \/>\n<meta name=\"twitter:label1\" content=\"Escrito por\" \/>\n\t<meta name=\"twitter:data1\" content=\"Pedro Mart\u00ednez\" \/>\n\t<meta name=\"twitter:label2\" content=\"Tiempo de lectura\" \/>\n\t<meta name=\"twitter:data2\" content=\"2 minutos\" \/>\n<script type=\"application\/ld+json\" class=\"yoast-schema-graph\">{\"@context\":\"https:\/\/schema.org\",\"@graph\":[{\"@type\":\"Article\",\"@id\":\"https:\/\/stacatarina.mx\/consejos\/nueva-zelanda-aprueba-el-uso-medico-de-la-psilocibina-como-tratamiento-para-la-depresion\/#article\",\"isPartOf\":{\"@id\":\"https:\/\/stacatarina.mx\/consejos\/nueva-zelanda-aprueba-el-uso-medico-de-la-psilocibina-como-tratamiento-para-la-depresion\/\"},\"author\":{\"name\":\"Pedro Mart\u00ednez\",\"@id\":\"https:\/\/stacatarina.mx\/consejos\/#\/schema\/person\/0be60adffa8e4c4d0828fdf021450e8a\"},\"headline\":\"Nueva Zelanda aprueba el uso m\u00e9dico de la psilocibina como tratamiento para la depresi\u00f3n\",\"datePublished\":\"2025-06-19T14:19:05+00:00\",\"dateModified\":\"2025-06-19T14:19:06+00:00\",\"mainEntityOfPage\":{\"@id\":\"https:\/\/stacatarina.mx\/consejos\/nueva-zelanda-aprueba-el-uso-medico-de-la-psilocibina-como-tratamiento-para-la-depresion\/\"},\"wordCount\":397,\"publisher\":{\"@id\":\"https:\/\/stacatarina.mx\/consejos\/#organization\"},\"image\":{\"@id\":\"https:\/\/stacatarina.mx\/consejos\/nueva-zelanda-aprueba-el-uso-medico-de-la-psilocibina-como-tratamiento-para-la-depresion\/#primaryimage\"},\"thumbnailUrl\":\"https:\/\/stacatarina.mx\/consejos\/wp-content\/uploads\/2025\/03\/La-psilocibina-el-compuesto-psicodelico-presente-en-los-hongos-alucinogenos.jpg\",\"keywords\":[\"aprueba\",\"c\u00f3mo\",\"depresi\u00f3n\",\"m\u00e9dico\",\"nueva\",\"para\",\"psilocibina\",\"tratamiento\",\"uso\",\"Zelanda\"],\"articleSection\":[\"Salud\"],\"inLanguage\":\"es\"},{\"@type\":\"WebPage\",\"@id\":\"https:\/\/stacatarina.mx\/consejos\/nueva-zelanda-aprueba-el-uso-medico-de-la-psilocibina-como-tratamiento-para-la-depresion\/\",\"url\":\"https:\/\/stacatarina.mx\/consejos\/nueva-zelanda-aprueba-el-uso-medico-de-la-psilocibina-como-tratamiento-para-la-depresion\/\",\"name\":\"Nueva Zelanda aprueba el uso m\u00e9dico de la psilocibina como tratamiento para la depresi\u00f3n - Consejos - Santa Catarina\",\"isPartOf\":{\"@id\":\"https:\/\/stacatarina.mx\/consejos\/#website\"},\"primaryImageOfPage\":{\"@id\":\"https:\/\/stacatarina.mx\/consejos\/nueva-zelanda-aprueba-el-uso-medico-de-la-psilocibina-como-tratamiento-para-la-depresion\/#primaryimage\"},\"image\":{\"@id\":\"https:\/\/stacatarina.mx\/consejos\/nueva-zelanda-aprueba-el-uso-medico-de-la-psilocibina-como-tratamiento-para-la-depresion\/#primaryimage\"},\"thumbnailUrl\":\"https:\/\/stacatarina.mx\/consejos\/wp-content\/uploads\/2025\/03\/La-psilocibina-el-compuesto-psicodelico-presente-en-los-hongos-alucinogenos.jpg\",\"datePublished\":\"2025-06-19T14:19:05+00:00\",\"dateModified\":\"2025-06-19T14:19:06+00:00\",\"breadcrumb\":{\"@id\":\"https:\/\/stacatarina.mx\/consejos\/nueva-zelanda-aprueba-el-uso-medico-de-la-psilocibina-como-tratamiento-para-la-depresion\/#breadcrumb\"},\"inLanguage\":\"es\",\"potentialAction\":[{\"@type\":\"ReadAction\",\"target\":[\"https:\/\/stacatarina.mx\/consejos\/nueva-zelanda-aprueba-el-uso-medico-de-la-psilocibina-como-tratamiento-para-la-depresion\/\"]}]},{\"@type\":\"ImageObject\",\"inLanguage\":\"es\",\"@id\":\"https:\/\/stacatarina.mx\/consejos\/nueva-zelanda-aprueba-el-uso-medico-de-la-psilocibina-como-tratamiento-para-la-depresion\/#primaryimage\",\"url\":\"https:\/\/stacatarina.mx\/consejos\/wp-content\/uploads\/2025\/03\/La-psilocibina-el-compuesto-psicodelico-presente-en-los-hongos-alucinogenos.jpg\",\"contentUrl\":\"https:\/\/stacatarina.mx\/consejos\/wp-content\/uploads\/2025\/03\/La-psilocibina-el-compuesto-psicodelico-presente-en-los-hongos-alucinogenos.jpg\",\"width\":1500,\"height\":1000,\"caption\":\"Psilocibina\"},{\"@type\":\"BreadcrumbList\",\"@id\":\"https:\/\/stacatarina.mx\/consejos\/nueva-zelanda-aprueba-el-uso-medico-de-la-psilocibina-como-tratamiento-para-la-depresion\/#breadcrumb\",\"itemListElement\":[{\"@type\":\"ListItem\",\"position\":1,\"name\":\"Inicio\",\"item\":\"https:\/\/stacatarina.mx\/consejos\/\"},{\"@type\":\"ListItem\",\"position\":2,\"name\":\"Nueva Zelanda aprueba el uso m\u00e9dico de la psilocibina como tratamiento para la depresi\u00f3n\"}]},{\"@type\":\"WebSite\",\"@id\":\"https:\/\/stacatarina.mx\/consejos\/#website\",\"url\":\"https:\/\/stacatarina.mx\/consejos\/\",\"name\":\"Santa Catarina\",\"description\":\"\",\"publisher\":{\"@id\":\"https:\/\/stacatarina.mx\/consejos\/#organization\"},\"potentialAction\":[{\"@type\":\"SearchAction\",\"target\":{\"@type\":\"EntryPoint\",\"urlTemplate\":\"https:\/\/stacatarina.mx\/consejos\/?s={search_term_string}\"},\"query-input\":{\"@type\":\"PropertyValueSpecification\",\"valueRequired\":true,\"valueName\":\"search_term_string\"}}],\"inLanguage\":\"es\"},{\"@type\":\"Organization\",\"@id\":\"https:\/\/stacatarina.mx\/consejos\/#organization\",\"name\":\"Santa Catarina\",\"url\":\"https:\/\/stacatarina.mx\/consejos\/\",\"logo\":{\"@type\":\"ImageObject\",\"inLanguage\":\"es\",\"@id\":\"https:\/\/stacatarina.mx\/consejos\/#\/schema\/logo\/image\/\",\"url\":\"https:\/\/stacatarina.mx\/consejos\/wp-content\/uploads\/2024\/09\/cropped-favicon-1-1.png\",\"contentUrl\":\"https:\/\/stacatarina.mx\/consejos\/wp-content\/uploads\/2024\/09\/cropped-favicon-1-1.png\",\"width\":512,\"height\":512,\"caption\":\"Santa Catarina\"},\"image\":{\"@id\":\"https:\/\/stacatarina.mx\/consejos\/#\/schema\/logo\/image\/\"},\"sameAs\":[\"https:\/\/www.facebook.com\/stacatarinagob\/\",\"https:\/\/x.com\/stacatarinagob\",\"https:\/\/www.instagram.com\/stacatarinagob\/\",\"https:\/\/www.youtube.com\/channel\/UCK-6cQJL_904665N1_nLTWw\"]},{\"@type\":\"Person\",\"@id\":\"https:\/\/stacatarina.mx\/consejos\/#\/schema\/person\/0be60adffa8e4c4d0828fdf021450e8a\",\"name\":\"Pedro Mart\u00ednez\",\"image\":{\"@type\":\"ImageObject\",\"inLanguage\":\"es\",\"@id\":\"https:\/\/stacatarina.mx\/consejos\/#\/schema\/person\/image\/\",\"url\":\"https:\/\/stacatarina.mx\/consejos\/wp-content\/uploads\/2024\/09\/stacatarina.jpg\",\"contentUrl\":\"https:\/\/stacatarina.mx\/consejos\/wp-content\/uploads\/2024\/09\/stacatarina.jpg\",\"caption\":\"Pedro Mart\u00ednez\"},\"description\":\"Hola, soy Pedro Mart\u00ednez, redactor jefe del sitio oficial del ayuntamiento de Santa Catarina, en M\u00e9xico. Con m\u00e1s de diez a\u00f1os de experiencia en el periodismo local, tengo una pasi\u00f3n por la investigaci\u00f3n y la difusi\u00f3n de informaci\u00f3n que valoriza nuestra hermosa comunidad. Mi compromiso es hacer de Santa Catarina una referencia en materia de transparencia y comunicaci\u00f3n municipal.\",\"sameAs\":[\"https:\/\/stacatarina.mx\/\"]}]}<\/script>\n<!-- \/ Yoast SEO plugin. -->","yoast_head_json":{"title":"Nueva Zelanda aprueba el uso m\u00e9dico de la psilocibina como tratamiento para la depresi\u00f3n - Consejos - Santa Catarina","robots":{"index":"index","follow":"follow","max-snippet":"max-snippet:-1","max-image-preview":"max-image-preview:large","max-video-preview":"max-video-preview:-1"},"canonical":"https:\/\/stacatarina.mx\/consejos\/nueva-zelanda-aprueba-el-uso-medico-de-la-psilocibina-como-tratamiento-para-la-depresion\/","og_locale":"es_MX","og_type":"article","og_title":"Nueva Zelanda aprueba el uso m\u00e9dico de la psilocibina como tratamiento para la depresi\u00f3n - Consejos - Santa Catarina","og_description":"All\u00e1 Nueva Zelanda Dio un paso significativo en el campo de la psiquiatr\u00eda, aprobando el uso m\u00e9dico de los psilocubosingrediente activo de los hongos alucin\u00f3genos","og_url":"https:\/\/stacatarina.mx\/consejos\/nueva-zelanda-aprueba-el-uso-medico-de-la-psilocibina-como-tratamiento-para-la-depresion\/","og_site_name":"Santa Catarina","article_publisher":"https:\/\/www.facebook.com\/stacatarinagob\/","article_published_time":"2025-06-19T14:19:05+00:00","article_modified_time":"2025-06-19T14:19:06+00:00","og_image":[{"width":1500,"height":1000,"url":"https:\/\/stacatarina.mx\/consejos\/wp-content\/uploads\/2025\/03\/La-psilocibina-el-compuesto-psicodelico-presente-en-los-hongos-alucinogenos.jpg","type":"image\/jpeg"}],"author":"Pedro Mart\u00ednez","twitter_card":"summary_large_image","twitter_creator":"@stacatarinagob","twitter_site":"@stacatarinagob","twitter_misc":{"Escrito por":"Pedro Mart\u00ednez","Tiempo de lectura":"2 minutos"},"schema":{"@context":"https:\/\/schema.org","@graph":[{"@type":"Article","@id":"https:\/\/stacatarina.mx\/consejos\/nueva-zelanda-aprueba-el-uso-medico-de-la-psilocibina-como-tratamiento-para-la-depresion\/#article","isPartOf":{"@id":"https:\/\/stacatarina.mx\/consejos\/nueva-zelanda-aprueba-el-uso-medico-de-la-psilocibina-como-tratamiento-para-la-depresion\/"},"author":{"name":"Pedro Mart\u00ednez","@id":"https:\/\/stacatarina.mx\/consejos\/#\/schema\/person\/0be60adffa8e4c4d0828fdf021450e8a"},"headline":"Nueva Zelanda aprueba el uso m\u00e9dico de la psilocibina como tratamiento para la depresi\u00f3n","datePublished":"2025-06-19T14:19:05+00:00","dateModified":"2025-06-19T14:19:06+00:00","mainEntityOfPage":{"@id":"https:\/\/stacatarina.mx\/consejos\/nueva-zelanda-aprueba-el-uso-medico-de-la-psilocibina-como-tratamiento-para-la-depresion\/"},"wordCount":397,"publisher":{"@id":"https:\/\/stacatarina.mx\/consejos\/#organization"},"image":{"@id":"https:\/\/stacatarina.mx\/consejos\/nueva-zelanda-aprueba-el-uso-medico-de-la-psilocibina-como-tratamiento-para-la-depresion\/#primaryimage"},"thumbnailUrl":"https:\/\/stacatarina.mx\/consejos\/wp-content\/uploads\/2025\/03\/La-psilocibina-el-compuesto-psicodelico-presente-en-los-hongos-alucinogenos.jpg","keywords":["aprueba","c\u00f3mo","depresi\u00f3n","m\u00e9dico","nueva","para","psilocibina","tratamiento","uso","Zelanda"],"articleSection":["Salud"],"inLanguage":"es"},{"@type":"WebPage","@id":"https:\/\/stacatarina.mx\/consejos\/nueva-zelanda-aprueba-el-uso-medico-de-la-psilocibina-como-tratamiento-para-la-depresion\/","url":"https:\/\/stacatarina.mx\/consejos\/nueva-zelanda-aprueba-el-uso-medico-de-la-psilocibina-como-tratamiento-para-la-depresion\/","name":"Nueva Zelanda aprueba el uso m\u00e9dico de la psilocibina como tratamiento para la depresi\u00f3n - Consejos - Santa Catarina","isPartOf":{"@id":"https:\/\/stacatarina.mx\/consejos\/#website"},"primaryImageOfPage":{"@id":"https:\/\/stacatarina.mx\/consejos\/nueva-zelanda-aprueba-el-uso-medico-de-la-psilocibina-como-tratamiento-para-la-depresion\/#primaryimage"},"image":{"@id":"https:\/\/stacatarina.mx\/consejos\/nueva-zelanda-aprueba-el-uso-medico-de-la-psilocibina-como-tratamiento-para-la-depresion\/#primaryimage"},"thumbnailUrl":"https:\/\/stacatarina.mx\/consejos\/wp-content\/uploads\/2025\/03\/La-psilocibina-el-compuesto-psicodelico-presente-en-los-hongos-alucinogenos.jpg","datePublished":"2025-06-19T14:19:05+00:00","dateModified":"2025-06-19T14:19:06+00:00","breadcrumb":{"@id":"https:\/\/stacatarina.mx\/consejos\/nueva-zelanda-aprueba-el-uso-medico-de-la-psilocibina-como-tratamiento-para-la-depresion\/#breadcrumb"},"inLanguage":"es","potentialAction":[{"@type":"ReadAction","target":["https:\/\/stacatarina.mx\/consejos\/nueva-zelanda-aprueba-el-uso-medico-de-la-psilocibina-como-tratamiento-para-la-depresion\/"]}]},{"@type":"ImageObject","inLanguage":"es","@id":"https:\/\/stacatarina.mx\/consejos\/nueva-zelanda-aprueba-el-uso-medico-de-la-psilocibina-como-tratamiento-para-la-depresion\/#primaryimage","url":"https:\/\/stacatarina.mx\/consejos\/wp-content\/uploads\/2025\/03\/La-psilocibina-el-compuesto-psicodelico-presente-en-los-hongos-alucinogenos.jpg","contentUrl":"https:\/\/stacatarina.mx\/consejos\/wp-content\/uploads\/2025\/03\/La-psilocibina-el-compuesto-psicodelico-presente-en-los-hongos-alucinogenos.jpg","width":1500,"height":1000,"caption":"Psilocibina"},{"@type":"BreadcrumbList","@id":"https:\/\/stacatarina.mx\/consejos\/nueva-zelanda-aprueba-el-uso-medico-de-la-psilocibina-como-tratamiento-para-la-depresion\/#breadcrumb","itemListElement":[{"@type":"ListItem","position":1,"name":"Inicio","item":"https:\/\/stacatarina.mx\/consejos\/"},{"@type":"ListItem","position":2,"name":"Nueva Zelanda aprueba el uso m\u00e9dico de la psilocibina como tratamiento para la depresi\u00f3n"}]},{"@type":"WebSite","@id":"https:\/\/stacatarina.mx\/consejos\/#website","url":"https:\/\/stacatarina.mx\/consejos\/","name":"Santa Catarina","description":"","publisher":{"@id":"https:\/\/stacatarina.mx\/consejos\/#organization"},"potentialAction":[{"@type":"SearchAction","target":{"@type":"EntryPoint","urlTemplate":"https:\/\/stacatarina.mx\/consejos\/?s={search_term_string}"},"query-input":{"@type":"PropertyValueSpecification","valueRequired":true,"valueName":"search_term_string"}}],"inLanguage":"es"},{"@type":"Organization","@id":"https:\/\/stacatarina.mx\/consejos\/#organization","name":"Santa Catarina","url":"https:\/\/stacatarina.mx\/consejos\/","logo":{"@type":"ImageObject","inLanguage":"es","@id":"https:\/\/stacatarina.mx\/consejos\/#\/schema\/logo\/image\/","url":"https:\/\/stacatarina.mx\/consejos\/wp-content\/uploads\/2024\/09\/cropped-favicon-1-1.png","contentUrl":"https:\/\/stacatarina.mx\/consejos\/wp-content\/uploads\/2024\/09\/cropped-favicon-1-1.png","width":512,"height":512,"caption":"Santa Catarina"},"image":{"@id":"https:\/\/stacatarina.mx\/consejos\/#\/schema\/logo\/image\/"},"sameAs":["https:\/\/www.facebook.com\/stacatarinagob\/","https:\/\/x.com\/stacatarinagob","https:\/\/www.instagram.com\/stacatarinagob\/","https:\/\/www.youtube.com\/channel\/UCK-6cQJL_904665N1_nLTWw"]},{"@type":"Person","@id":"https:\/\/stacatarina.mx\/consejos\/#\/schema\/person\/0be60adffa8e4c4d0828fdf021450e8a","name":"Pedro Mart\u00ednez","image":{"@type":"ImageObject","inLanguage":"es","@id":"https:\/\/stacatarina.mx\/consejos\/#\/schema\/person\/image\/","url":"https:\/\/stacatarina.mx\/consejos\/wp-content\/uploads\/2024\/09\/stacatarina.jpg","contentUrl":"https:\/\/stacatarina.mx\/consejos\/wp-content\/uploads\/2024\/09\/stacatarina.jpg","caption":"Pedro Mart\u00ednez"},"description":"Hola, soy Pedro Mart\u00ednez, redactor jefe del sitio oficial del ayuntamiento de Santa Catarina, en M\u00e9xico. Con m\u00e1s de diez a\u00f1os de experiencia en el periodismo local, tengo una pasi\u00f3n por la investigaci\u00f3n y la difusi\u00f3n de informaci\u00f3n que valoriza nuestra hermosa comunidad. Mi compromiso es hacer de Santa Catarina una referencia en materia de transparencia y comunicaci\u00f3n municipal.","sameAs":["https:\/\/stacatarina.mx\/"]}]}},"_links":{"self":[{"href":"https:\/\/stacatarina.mx\/consejos\/wp-json\/wp\/v2\/posts\/4260"}],"collection":[{"href":"https:\/\/stacatarina.mx\/consejos\/wp-json\/wp\/v2\/posts"}],"about":[{"href":"https:\/\/stacatarina.mx\/consejos\/wp-json\/wp\/v2\/types\/post"}],"author":[{"embeddable":true,"href":"https:\/\/stacatarina.mx\/consejos\/wp-json\/wp\/v2\/users\/1"}],"replies":[{"embeddable":true,"href":"https:\/\/stacatarina.mx\/consejos\/wp-json\/wp\/v2\/comments?post=4260"}],"version-history":[{"count":1,"href":"https:\/\/stacatarina.mx\/consejos\/wp-json\/wp\/v2\/posts\/4260\/revisions"}],"predecessor-version":[{"id":4261,"href":"https:\/\/stacatarina.mx\/consejos\/wp-json\/wp\/v2\/posts\/4260\/revisions\/4261"}],"wp:featuredmedia":[{"embeddable":true,"href":"https:\/\/stacatarina.mx\/consejos\/wp-json\/wp\/v2\/media\/3111"}],"wp:attachment":[{"href":"https:\/\/stacatarina.mx\/consejos\/wp-json\/wp\/v2\/media?parent=4260"}],"wp:term":[{"taxonomy":"category","embeddable":true,"href":"https:\/\/stacatarina.mx\/consejos\/wp-json\/wp\/v2\/categories?post=4260"},{"taxonomy":"post_tag","embeddable":true,"href":"https:\/\/stacatarina.mx\/consejos\/wp-json\/wp\/v2\/tags?post=4260"}],"curies":[{"name":"wp","href":"https:\/\/api.w.org\/{rel}","templated":true}]}}