{"id":439,"date":"2024-09-14T22:48:43","date_gmt":"2024-09-15T04:48:43","guid":{"rendered":"https:\/\/stacatarina.mx\/consejos\/alta-tasa-de-suicidios-de-docentes-en-corea-del-sur\/"},"modified":"2024-09-14T22:48:44","modified_gmt":"2024-09-15T04:48:44","slug":"alta-tasa-de-suicidios-de-docentes-en-corea-del-sur","status":"publish","type":"post","link":"https:\/\/stacatarina.mx\/consejos\/alta-tasa-de-suicidios-de-docentes-en-corea-del-sur\/","title":{"rendered":"Alta tasa de suicidios de docentes en Corea del Sur"},"content":{"rendered":"<div>\n<p><strong><em>ADVERTENCIA: Este art\u00edculo contiene referencias a la salud mental y al suicidio.<\/em><\/strong><\/p>\n<p>En Corea se le conoce como \u201cfiebre de la educaci\u00f3n\u201d. Es la enorme presi\u00f3n que los padres ejercen sobre sus hijos para que tengan un buen rendimiento escolar. Les dicen que deben destacarse en la escuela para poder entrar en la mejor universidad y conseguir los mejores empleos. La presi\u00f3n sol\u00eda aplicarse sobre todo en la escuela secundaria, pero se ha infiltrado en la escuela media e incluso en la primaria. <\/p>\n<p>\u201cEl papel de los padres es probablemente el factor m\u00e1s importante\u201d, explic\u00f3 Insoo Oh, ex profesora y experta en educaci\u00f3n de la Universidad Femenina de Ewha. \u201cIncluso en el nivel primario, los estudiantes sienten presi\u00f3n para estudiar bien debido a las expectativas de los padres, que son muy altas. Esta presi\u00f3n solo aumenta a medida que se acercan a la escuela media y secundaria\u201d.<\/p>\n<p>Pero la presi\u00f3n no se ejerce s\u00f3lo sobre los ni\u00f1os, sino tambi\u00e9n sobre los profesores. \u201cSi las escuelas no cumplen sus expectativas, los padres responsabilizar\u00e1n a los profesores\u201d, afirma el profesor Oh. Seg\u00fan el Ministerio de Educaci\u00f3n de Corea del Sur, m\u00e1s de 100 profesores se han suicidado en un periodo de cinco a\u00f1os. Algo m\u00e1s de la mitad de ellos eran de ense\u00f1anza primaria.<\/p>\n<p>El profesor Oh afirma que se ha producido un gran cambio cultural en cuanto a la forma en que se ve a los profesores. Antes, los padres respetaban a los profesores y los ten\u00edan en alta estima; ahora los ven como sirvientes que ganan mucho menos dinero que ellos. <\/p>\n<p>\u201cCon la p\u00e9rdida de prestigio social de los profesores y la hipersensibilidad en torno a la educaci\u00f3n de sus hijos, los padres se muestran mucho m\u00e1s abiertos, a veces hasta el punto de la agresi\u00f3n, si perciben que los profesores no est\u00e1n satisfaciendo sus demandas\u201d, afirm\u00f3. \u201cEl cambio en los estudiantes y los padres con respecto a hace apenas una d\u00e9cada es sorprendente\u201d.<\/p>\n<h2 class=\"wp-block-heading\">\u201cSoy una buena persona.\u201d<\/h2>\n<p>Una maestra de primaria llamada \u201cOh\u201d hab\u00eda estado mostrando valent\u00eda mientras soportaba el acoso de los padres de sus j\u00f3venes alumnos. \u201cSoy una persona buena y fuerte\u201d, escribi\u00f3 en su diario varias veces el a\u00f1o pasado. Un mes despu\u00e9s, la maestra de 26 a\u00f1os se quit\u00f3 la vida.<\/p>\n<p>Muri\u00f3 un a\u00f1o despu\u00e9s de haber comenzado su primer trabajo como profesora a tiempo completo, convirti\u00e9ndose en otra terrible estad\u00edstica en el alto n\u00famero de suicidios de profesores que han asolado Corea del Sur recientemente. Su padre, Oh Jae Geun, culpa a su escuela, diciendo que no apoyaron a la joven profesora.<\/p>\n<p>\u201cRememorar estos momentos es extremadamente dif\u00edcil\u201d, dice mientras mira el diario de su hija. \u201cA los padres no les gustan los nuevos profesores, as\u00ed que el subdirector no les dijo nada\u201d, dijo Jae Geun. Pero cuando los padres descubrieron lo inexperta que era Oh, comenzaron a ejercer una enorme presi\u00f3n sobre ella. <\/p>\n<p>Oh recib\u00eda mensajes de sus padres a todas horas, incluso durante un descanso escolar. Cuando intent\u00f3 poner fin a una pelea entre dos estudiantes, los padres dijeron que manej\u00f3 mal la situaci\u00f3n. \u201cNo dejaban de llamar a nuestra hija y le dec\u00edan cosas como: \u2018Nunca podr\u00e1s volver a ense\u00f1ar\u2019\u201d, dijo su padre.<\/p>\n<p>Pero algunos padres fueron m\u00e1s all\u00e1 y dijeron: \u201cNos aseguraremos de que comas comida de prisi\u00f3n. Voy a ir a la comisar\u00eda a presentar una denuncia en tu contra ahora mismo. Nunca volver\u00e1s a ponerte delante de un aula\u201d. <\/p>\n<p>Los amigos de Oh le rogaron que abandonara la escuela, aunque los dem\u00e1s profesores dec\u00edan que lo que estaba viviendo era normal. Ella decidi\u00f3 continuar, sin ning\u00fan apoyo de la administraci\u00f3n. \u201cCuando mi hija intent\u00f3 conseguir ayuda, simplemente le dijeron: \u2018Resu\u00e9lvelo t\u00fa misma\u2019\u201d, dijo Jae Geun.<\/p>\n<p>Oh se suicid\u00f3 en enero del a\u00f1o pasado, apenas diez meses despu\u00e9s de aceptar su primer trabajo como profesora. El departamento de educaci\u00f3n concluy\u00f3 en diciembre del a\u00f1o pasado que el suicidio se debi\u00f3 a una depresi\u00f3n provocada por el acoso escolar de sus padres. Un an\u00e1lisis de sus mensajes de texto revel\u00f3 el alcance de ese acoso, incluidos 1.500 mensajes.<\/p>\n<figure class=\"wp-block-image size-full\"><img fetchpriority=\"high\" decoding=\"async\" width=\"707\" height=\"516\" src=\"https:\/\/stacatarina.mx\/consejos\/wp-content\/uploads\/2024\/09\/Alta-tasa-de-suicidios-de-docentes-en-Corea-del-Sur.png.webp\" alt=\"\" class=\"wp-image-26647 lazyload\"   data-pin-media=\"https:\/\/stacatarina.mx\/consejos\/wp-content\/uploads\/2024\/09\/Alta-tasa-de-suicidios-de-docentes-en-Corea-del-Sur.png\" id=\"mv-trellis-img-2\" loading=\"lazy\" data-trellis-processed=\"1\"\/><\/figure>\n<h2 class=\"wp-block-heading\"><strong>\u201cYa no puedo respirar.\u201d<\/strong><\/h2>\n<p>La maestra de primaria \u201cL.\u201d se suicid\u00f3 en el armario de \u00fatiles escolares de su clase el 18 de julio del a\u00f1o pasado. \u201cSiento una opresi\u00f3n en el pecho. Ya no puedo respirar\u201d, hab\u00eda escrito en su diario dos semanas antes. La joven de 24 a\u00f1os daba clases en Gangnam-Gu, un exclusivo barrio de la capital de Corea del Sur, Se\u00fal.<\/p>\n<p>Antes de esto, L. hab\u00eda sido objeto de un mont\u00f3n de quejas constantes de padres que sent\u00edan que sus hijos hab\u00edan sido tratados injustamente, desatendidos o abusados \u200b\u200bemocionalmente. Bombardeaban a la maestra con mensajes y llamadas telef\u00f3nicas, incluso por la noche y los fines de semana.<\/p>\n<p>\u201cCon la p\u00e9rdida de prestigio social de los docentes y la hipersensibilidad en torno a la educaci\u00f3n de sus hijos, los padres se muestran mucho m\u00e1s francos, a veces hasta el punto de la agresi\u00f3n, si perciben que los docentes no est\u00e1n satisfaciendo sus demandas. El cambio de actitud hacia los docentes desde hace apenas una d\u00e9cada es sorprendente\u201d. <\/p>\n<h2 class=\"wp-block-heading\">Quejas de los padres ante la polic\u00eda<\/h2>\n<p>Los padres suelen acudir a la polic\u00eda cuando no est\u00e1n satisfechos con un profesor. El profesor de primaria \u201cKim Min Jun\u201d ha sufrido este tipo de abuso por parte de sus padres. Tras descubrir que los alumnos hab\u00edan escrito mensajes abusivos sobre \u00e9l en un tabl\u00f3n de anuncios de la escuela, denunci\u00f3 el incidente ante el Comit\u00e9 de Protecci\u00f3n de los Derechos de los Profesores. Los padres de esos ni\u00f1os respondieron denunci\u00e1ndolo a la polic\u00eda por presunto abuso.<\/p>\n<p>Algunos padres lo acusaron de proporcionar \u00fanicamente agua (no bebidas deportivas) a los ni\u00f1os durante un evento deportivo. Otros se quejaron de que una estudiante no fue enviada inmediatamente a la enfermer\u00eda despu\u00e9s de rasparse la rodilla. Jun asumi\u00f3 que las acusaciones eran tan rid\u00edculas que la polic\u00eda las desestimar\u00eda de inmediato.<\/p>\n<p>\u201cPens\u00e9 que no pod\u00eda ser eso, que deb\u00eda ser otra cosa. No ten\u00eda sentido que denunciaran eso como abuso infantil. Pero m\u00e1s tarde, durante la investigaci\u00f3n policial, cuando me preguntaron al respecto, me enoj\u00e9 con la polic\u00eda. Dije: &#8216;\u00bfQu\u00e9 tonter\u00eda es esta? \u00bfC\u00f3mo es eso abuso infantil?&#8217;\u201d<\/p>\n<p>El caso finalmente fue desestimado, pero s\u00f3lo despu\u00e9s de que intervinieron los fiscales.<\/p>\n<p>Jun se ha cambiado de escuela, pero a\u00fan le afecta lo que sucedi\u00f3 en su escuela anterior. \u201cIntento hacer mi trabajo y mi funci\u00f3n con diligencia\u201d, dijo. \u201cPero ahora, para evitar hacer algo que pueda ser denunciado como abuso infantil, ya no castigo a los estudiantes\u201d.<\/p>\n<h2 class=\"wp-block-heading\">Intervenci\u00f3n gubernamental<\/h2>\n<p>En respuesta a los numerosos suicidios de profesores y las protestas posteriores, el gobierno ha tomado medidas para intentar aliviar algunas de las preocupaciones. Ha creado una l\u00ednea directa para profesores en apuros donde pueden recibir asesoramiento jur\u00eddico y psicol\u00f3gico. Tambi\u00e9n ha dispuesto que no se pueda despedir a un profesor tras una sola denuncia. Los padres tambi\u00e9n pueden ser multados con m\u00e1s de 3.000 d\u00f3lares si \u201cinterfieren\u201d en \u201cactividades educativas\u201d, lo que incluye presentar repetidamente denuncias rid\u00edculas o exigir a los profesores que hagan cosas que no forman parte de sus funciones oficiales.<\/p>\n<p><strong><em>Lea sobre profesores estadounidenses que han sido v\u00edctimas de acoso escolar severo aqu\u00ed. <\/em><\/strong><\/p>\n<h2 class=\"wp-block-heading\">\u00a1Obtenga ayuda! <\/h2>\n<h2 class=\"wp-block-heading\">988 L\u00ednea de ayuda para casos de suicidio y crisis<\/h2>\n<h2 class=\"wp-block-heading\">Idiomas: Ingl\u00e9s, Espa\u00f1ol<\/h2>\n<h2 class=\"wp-block-heading\">Disponible las 24 horas<\/h2>\n<\/p><\/div>\n","protected":false},"excerpt":{"rendered":"<p>ADVERTENCIA: Este art\u00edculo contiene referencias a la salud mental y al suicidio. En Corea se le conoce como \u201cfiebre de la educaci\u00f3n\u201d. Es la enorme<\/p>\n","protected":false},"author":1,"featured_media":440,"comment_status":"closed","ping_status":"","sticky":false,"template":"","format":"standard","meta":{"footnotes":""},"categories":[159],"tags":[391,394,23,286,393,395,392],"class_list":["post-439","post","type-post","status-publish","format-standard","has-post-thumbnail","hentry","category-entretenimiento","tag-alta","tag-corea","tag-del","tag-docentes","tag-suicidios","tag-sur","tag-tasa","generate-columns","tablet-grid-50","mobile-grid-100","grid-parent","grid-50"],"yoast_head":"<!-- This site is optimized with the Yoast SEO plugin v23.4 - https:\/\/yoast.com\/wordpress\/plugins\/seo\/ -->\n<title>Alta tasa de suicidios de docentes en Corea del Sur - Consejos - Santa Catarina<\/title>\n<meta name=\"robots\" content=\"index, follow, max-snippet:-1, max-image-preview:large, max-video-preview:-1\" \/>\n<link rel=\"canonical\" href=\"https:\/\/stacatarina.mx\/consejos\/alta-tasa-de-suicidios-de-docentes-en-corea-del-sur\/\" \/>\n<meta property=\"og:locale\" content=\"es_MX\" \/>\n<meta property=\"og:type\" content=\"article\" \/>\n<meta property=\"og:title\" content=\"Alta tasa de suicidios de docentes en Corea del Sur - Consejos - Santa Catarina\" \/>\n<meta property=\"og:description\" content=\"ADVERTENCIA: Este art\u00edculo contiene referencias a la salud mental y al suicidio. En Corea se le conoce como \u201cfiebre de la educaci\u00f3n\u201d. Es la enorme\" \/>\n<meta property=\"og:url\" content=\"https:\/\/stacatarina.mx\/consejos\/alta-tasa-de-suicidios-de-docentes-en-corea-del-sur\/\" \/>\n<meta property=\"og:site_name\" content=\"Santa Catarina\" \/>\n<meta property=\"article:publisher\" content=\"https:\/\/www.facebook.com\/stacatarinagob\/\" \/>\n<meta property=\"article:published_time\" content=\"2024-09-15T04:48:43+00:00\" \/>\n<meta property=\"article:modified_time\" content=\"2024-09-15T04:48:44+00:00\" \/>\n<meta property=\"og:image\" content=\"https:\/\/stacatarina.mx\/consejos\/wp-content\/uploads\/2024\/09\/Alta-tasa-de-suicidios-de-docentes-en-Corea-del-Sur.jpg\" \/>\n\t<meta property=\"og:image:width\" content=\"2000\" \/>\n\t<meta property=\"og:image:height\" content=\"1268\" \/>\n\t<meta property=\"og:image:type\" content=\"image\/jpeg\" \/>\n<meta name=\"author\" content=\"Pedro Mart\u00ednez\" \/>\n<meta name=\"twitter:card\" content=\"summary_large_image\" \/>\n<meta name=\"twitter:creator\" content=\"@stacatarinagob\" \/>\n<meta name=\"twitter:site\" content=\"@stacatarinagob\" \/>\n<meta name=\"twitter:label1\" content=\"Escrito por\" \/>\n\t<meta name=\"twitter:data1\" content=\"Pedro Mart\u00ednez\" \/>\n\t<meta name=\"twitter:label2\" content=\"Tiempo de lectura\" \/>\n\t<meta name=\"twitter:data2\" content=\"7 minutos\" \/>\n<script type=\"application\/ld+json\" class=\"yoast-schema-graph\">{\"@context\":\"https:\/\/schema.org\",\"@graph\":[{\"@type\":\"Article\",\"@id\":\"https:\/\/stacatarina.mx\/consejos\/alta-tasa-de-suicidios-de-docentes-en-corea-del-sur\/#article\",\"isPartOf\":{\"@id\":\"https:\/\/stacatarina.mx\/consejos\/alta-tasa-de-suicidios-de-docentes-en-corea-del-sur\/\"},\"author\":{\"name\":\"Pedro Mart\u00ednez\",\"@id\":\"https:\/\/stacatarina.mx\/consejos\/#\/schema\/person\/0be60adffa8e4c4d0828fdf021450e8a\"},\"headline\":\"Alta tasa de suicidios de docentes en Corea del Sur\",\"datePublished\":\"2024-09-15T04:48:43+00:00\",\"dateModified\":\"2024-09-15T04:48:44+00:00\",\"mainEntityOfPage\":{\"@id\":\"https:\/\/stacatarina.mx\/consejos\/alta-tasa-de-suicidios-de-docentes-en-corea-del-sur\/\"},\"wordCount\":1337,\"publisher\":{\"@id\":\"https:\/\/stacatarina.mx\/consejos\/#organization\"},\"image\":{\"@id\":\"https:\/\/stacatarina.mx\/consejos\/alta-tasa-de-suicidios-de-docentes-en-corea-del-sur\/#primaryimage\"},\"thumbnailUrl\":\"https:\/\/stacatarina.mx\/consejos\/wp-content\/uploads\/2024\/09\/Alta-tasa-de-suicidios-de-docentes-en-Corea-del-Sur.jpg\",\"keywords\":[\"Alta\",\"Corea\",\"del\",\"docentes\",\"suicidios\",\"Sur\",\"tasa\"],\"articleSection\":[\"Entretenimiento\"],\"inLanguage\":\"es\"},{\"@type\":\"WebPage\",\"@id\":\"https:\/\/stacatarina.mx\/consejos\/alta-tasa-de-suicidios-de-docentes-en-corea-del-sur\/\",\"url\":\"https:\/\/stacatarina.mx\/consejos\/alta-tasa-de-suicidios-de-docentes-en-corea-del-sur\/\",\"name\":\"Alta tasa de suicidios de docentes en Corea del Sur - Consejos - Santa Catarina\",\"isPartOf\":{\"@id\":\"https:\/\/stacatarina.mx\/consejos\/#website\"},\"primaryImageOfPage\":{\"@id\":\"https:\/\/stacatarina.mx\/consejos\/alta-tasa-de-suicidios-de-docentes-en-corea-del-sur\/#primaryimage\"},\"image\":{\"@id\":\"https:\/\/stacatarina.mx\/consejos\/alta-tasa-de-suicidios-de-docentes-en-corea-del-sur\/#primaryimage\"},\"thumbnailUrl\":\"https:\/\/stacatarina.mx\/consejos\/wp-content\/uploads\/2024\/09\/Alta-tasa-de-suicidios-de-docentes-en-Corea-del-Sur.jpg\",\"datePublished\":\"2024-09-15T04:48:43+00:00\",\"dateModified\":\"2024-09-15T04:48:44+00:00\",\"breadcrumb\":{\"@id\":\"https:\/\/stacatarina.mx\/consejos\/alta-tasa-de-suicidios-de-docentes-en-corea-del-sur\/#breadcrumb\"},\"inLanguage\":\"es\",\"potentialAction\":[{\"@type\":\"ReadAction\",\"target\":[\"https:\/\/stacatarina.mx\/consejos\/alta-tasa-de-suicidios-de-docentes-en-corea-del-sur\/\"]}]},{\"@type\":\"ImageObject\",\"inLanguage\":\"es\",\"@id\":\"https:\/\/stacatarina.mx\/consejos\/alta-tasa-de-suicidios-de-docentes-en-corea-del-sur\/#primaryimage\",\"url\":\"https:\/\/stacatarina.mx\/consejos\/wp-content\/uploads\/2024\/09\/Alta-tasa-de-suicidios-de-docentes-en-Corea-del-Sur.jpg\",\"contentUrl\":\"https:\/\/stacatarina.mx\/consejos\/wp-content\/uploads\/2024\/09\/Alta-tasa-de-suicidios-de-docentes-en-Corea-del-Sur.jpg\",\"width\":2000,\"height\":1268,\"caption\":\"High Teacher Suicide Rate in South Korea\"},{\"@type\":\"BreadcrumbList\",\"@id\":\"https:\/\/stacatarina.mx\/consejos\/alta-tasa-de-suicidios-de-docentes-en-corea-del-sur\/#breadcrumb\",\"itemListElement\":[{\"@type\":\"ListItem\",\"position\":1,\"name\":\"Inicio\",\"item\":\"https:\/\/stacatarina.mx\/consejos\/\"},{\"@type\":\"ListItem\",\"position\":2,\"name\":\"Alta tasa de suicidios de docentes en Corea del Sur\"}]},{\"@type\":\"WebSite\",\"@id\":\"https:\/\/stacatarina.mx\/consejos\/#website\",\"url\":\"https:\/\/stacatarina.mx\/consejos\/\",\"name\":\"Santa Catarina\",\"description\":\"\",\"publisher\":{\"@id\":\"https:\/\/stacatarina.mx\/consejos\/#organization\"},\"potentialAction\":[{\"@type\":\"SearchAction\",\"target\":{\"@type\":\"EntryPoint\",\"urlTemplate\":\"https:\/\/stacatarina.mx\/consejos\/?s={search_term_string}\"},\"query-input\":{\"@type\":\"PropertyValueSpecification\",\"valueRequired\":true,\"valueName\":\"search_term_string\"}}],\"inLanguage\":\"es\"},{\"@type\":\"Organization\",\"@id\":\"https:\/\/stacatarina.mx\/consejos\/#organization\",\"name\":\"Santa Catarina\",\"url\":\"https:\/\/stacatarina.mx\/consejos\/\",\"logo\":{\"@type\":\"ImageObject\",\"inLanguage\":\"es\",\"@id\":\"https:\/\/stacatarina.mx\/consejos\/#\/schema\/logo\/image\/\",\"url\":\"https:\/\/stacatarina.mx\/consejos\/wp-content\/uploads\/2024\/09\/cropped-favicon-1-1.png\",\"contentUrl\":\"https:\/\/stacatarina.mx\/consejos\/wp-content\/uploads\/2024\/09\/cropped-favicon-1-1.png\",\"width\":512,\"height\":512,\"caption\":\"Santa Catarina\"},\"image\":{\"@id\":\"https:\/\/stacatarina.mx\/consejos\/#\/schema\/logo\/image\/\"},\"sameAs\":[\"https:\/\/www.facebook.com\/stacatarinagob\/\",\"https:\/\/x.com\/stacatarinagob\",\"https:\/\/www.instagram.com\/stacatarinagob\/\",\"https:\/\/www.youtube.com\/channel\/UCK-6cQJL_904665N1_nLTWw\"]},{\"@type\":\"Person\",\"@id\":\"https:\/\/stacatarina.mx\/consejos\/#\/schema\/person\/0be60adffa8e4c4d0828fdf021450e8a\",\"name\":\"Pedro Mart\u00ednez\",\"image\":{\"@type\":\"ImageObject\",\"inLanguage\":\"es\",\"@id\":\"https:\/\/stacatarina.mx\/consejos\/#\/schema\/person\/image\/\",\"url\":\"https:\/\/stacatarina.mx\/consejos\/wp-content\/uploads\/2024\/09\/stacatarina.jpg\",\"contentUrl\":\"https:\/\/stacatarina.mx\/consejos\/wp-content\/uploads\/2024\/09\/stacatarina.jpg\",\"caption\":\"Pedro Mart\u00ednez\"},\"description\":\"Hola, soy Pedro Mart\u00ednez, redactor jefe del sitio oficial del ayuntamiento de Santa Catarina, en M\u00e9xico. Con m\u00e1s de diez a\u00f1os de experiencia en el periodismo local, tengo una pasi\u00f3n por la investigaci\u00f3n y la difusi\u00f3n de informaci\u00f3n que valoriza nuestra hermosa comunidad. Mi compromiso es hacer de Santa Catarina una referencia en materia de transparencia y comunicaci\u00f3n municipal.\",\"sameAs\":[\"https:\/\/stacatarina.mx\/\"]}]}<\/script>\n<!-- \/ Yoast SEO plugin. -->","yoast_head_json":{"title":"Alta tasa de suicidios de docentes en Corea del Sur - Consejos - Santa Catarina","robots":{"index":"index","follow":"follow","max-snippet":"max-snippet:-1","max-image-preview":"max-image-preview:large","max-video-preview":"max-video-preview:-1"},"canonical":"https:\/\/stacatarina.mx\/consejos\/alta-tasa-de-suicidios-de-docentes-en-corea-del-sur\/","og_locale":"es_MX","og_type":"article","og_title":"Alta tasa de suicidios de docentes en Corea del Sur - Consejos - Santa Catarina","og_description":"ADVERTENCIA: Este art\u00edculo contiene referencias a la salud mental y al suicidio. En Corea se le conoce como \u201cfiebre de la educaci\u00f3n\u201d. Es la enorme","og_url":"https:\/\/stacatarina.mx\/consejos\/alta-tasa-de-suicidios-de-docentes-en-corea-del-sur\/","og_site_name":"Santa Catarina","article_publisher":"https:\/\/www.facebook.com\/stacatarinagob\/","article_published_time":"2024-09-15T04:48:43+00:00","article_modified_time":"2024-09-15T04:48:44+00:00","og_image":[{"width":2000,"height":1268,"url":"https:\/\/stacatarina.mx\/consejos\/wp-content\/uploads\/2024\/09\/Alta-tasa-de-suicidios-de-docentes-en-Corea-del-Sur.jpg","type":"image\/jpeg"}],"author":"Pedro Mart\u00ednez","twitter_card":"summary_large_image","twitter_creator":"@stacatarinagob","twitter_site":"@stacatarinagob","twitter_misc":{"Escrito por":"Pedro Mart\u00ednez","Tiempo de lectura":"7 minutos"},"schema":{"@context":"https:\/\/schema.org","@graph":[{"@type":"Article","@id":"https:\/\/stacatarina.mx\/consejos\/alta-tasa-de-suicidios-de-docentes-en-corea-del-sur\/#article","isPartOf":{"@id":"https:\/\/stacatarina.mx\/consejos\/alta-tasa-de-suicidios-de-docentes-en-corea-del-sur\/"},"author":{"name":"Pedro Mart\u00ednez","@id":"https:\/\/stacatarina.mx\/consejos\/#\/schema\/person\/0be60adffa8e4c4d0828fdf021450e8a"},"headline":"Alta tasa de suicidios de docentes en Corea del Sur","datePublished":"2024-09-15T04:48:43+00:00","dateModified":"2024-09-15T04:48:44+00:00","mainEntityOfPage":{"@id":"https:\/\/stacatarina.mx\/consejos\/alta-tasa-de-suicidios-de-docentes-en-corea-del-sur\/"},"wordCount":1337,"publisher":{"@id":"https:\/\/stacatarina.mx\/consejos\/#organization"},"image":{"@id":"https:\/\/stacatarina.mx\/consejos\/alta-tasa-de-suicidios-de-docentes-en-corea-del-sur\/#primaryimage"},"thumbnailUrl":"https:\/\/stacatarina.mx\/consejos\/wp-content\/uploads\/2024\/09\/Alta-tasa-de-suicidios-de-docentes-en-Corea-del-Sur.jpg","keywords":["Alta","Corea","del","docentes","suicidios","Sur","tasa"],"articleSection":["Entretenimiento"],"inLanguage":"es"},{"@type":"WebPage","@id":"https:\/\/stacatarina.mx\/consejos\/alta-tasa-de-suicidios-de-docentes-en-corea-del-sur\/","url":"https:\/\/stacatarina.mx\/consejos\/alta-tasa-de-suicidios-de-docentes-en-corea-del-sur\/","name":"Alta tasa de suicidios de docentes en Corea del Sur - Consejos - Santa Catarina","isPartOf":{"@id":"https:\/\/stacatarina.mx\/consejos\/#website"},"primaryImageOfPage":{"@id":"https:\/\/stacatarina.mx\/consejos\/alta-tasa-de-suicidios-de-docentes-en-corea-del-sur\/#primaryimage"},"image":{"@id":"https:\/\/stacatarina.mx\/consejos\/alta-tasa-de-suicidios-de-docentes-en-corea-del-sur\/#primaryimage"},"thumbnailUrl":"https:\/\/stacatarina.mx\/consejos\/wp-content\/uploads\/2024\/09\/Alta-tasa-de-suicidios-de-docentes-en-Corea-del-Sur.jpg","datePublished":"2024-09-15T04:48:43+00:00","dateModified":"2024-09-15T04:48:44+00:00","breadcrumb":{"@id":"https:\/\/stacatarina.mx\/consejos\/alta-tasa-de-suicidios-de-docentes-en-corea-del-sur\/#breadcrumb"},"inLanguage":"es","potentialAction":[{"@type":"ReadAction","target":["https:\/\/stacatarina.mx\/consejos\/alta-tasa-de-suicidios-de-docentes-en-corea-del-sur\/"]}]},{"@type":"ImageObject","inLanguage":"es","@id":"https:\/\/stacatarina.mx\/consejos\/alta-tasa-de-suicidios-de-docentes-en-corea-del-sur\/#primaryimage","url":"https:\/\/stacatarina.mx\/consejos\/wp-content\/uploads\/2024\/09\/Alta-tasa-de-suicidios-de-docentes-en-Corea-del-Sur.jpg","contentUrl":"https:\/\/stacatarina.mx\/consejos\/wp-content\/uploads\/2024\/09\/Alta-tasa-de-suicidios-de-docentes-en-Corea-del-Sur.jpg","width":2000,"height":1268,"caption":"High Teacher Suicide Rate in South Korea"},{"@type":"BreadcrumbList","@id":"https:\/\/stacatarina.mx\/consejos\/alta-tasa-de-suicidios-de-docentes-en-corea-del-sur\/#breadcrumb","itemListElement":[{"@type":"ListItem","position":1,"name":"Inicio","item":"https:\/\/stacatarina.mx\/consejos\/"},{"@type":"ListItem","position":2,"name":"Alta tasa de suicidios de docentes en Corea del Sur"}]},{"@type":"WebSite","@id":"https:\/\/stacatarina.mx\/consejos\/#website","url":"https:\/\/stacatarina.mx\/consejos\/","name":"Santa Catarina","description":"","publisher":{"@id":"https:\/\/stacatarina.mx\/consejos\/#organization"},"potentialAction":[{"@type":"SearchAction","target":{"@type":"EntryPoint","urlTemplate":"https:\/\/stacatarina.mx\/consejos\/?s={search_term_string}"},"query-input":{"@type":"PropertyValueSpecification","valueRequired":true,"valueName":"search_term_string"}}],"inLanguage":"es"},{"@type":"Organization","@id":"https:\/\/stacatarina.mx\/consejos\/#organization","name":"Santa Catarina","url":"https:\/\/stacatarina.mx\/consejos\/","logo":{"@type":"ImageObject","inLanguage":"es","@id":"https:\/\/stacatarina.mx\/consejos\/#\/schema\/logo\/image\/","url":"https:\/\/stacatarina.mx\/consejos\/wp-content\/uploads\/2024\/09\/cropped-favicon-1-1.png","contentUrl":"https:\/\/stacatarina.mx\/consejos\/wp-content\/uploads\/2024\/09\/cropped-favicon-1-1.png","width":512,"height":512,"caption":"Santa Catarina"},"image":{"@id":"https:\/\/stacatarina.mx\/consejos\/#\/schema\/logo\/image\/"},"sameAs":["https:\/\/www.facebook.com\/stacatarinagob\/","https:\/\/x.com\/stacatarinagob","https:\/\/www.instagram.com\/stacatarinagob\/","https:\/\/www.youtube.com\/channel\/UCK-6cQJL_904665N1_nLTWw"]},{"@type":"Person","@id":"https:\/\/stacatarina.mx\/consejos\/#\/schema\/person\/0be60adffa8e4c4d0828fdf021450e8a","name":"Pedro Mart\u00ednez","image":{"@type":"ImageObject","inLanguage":"es","@id":"https:\/\/stacatarina.mx\/consejos\/#\/schema\/person\/image\/","url":"https:\/\/stacatarina.mx\/consejos\/wp-content\/uploads\/2024\/09\/stacatarina.jpg","contentUrl":"https:\/\/stacatarina.mx\/consejos\/wp-content\/uploads\/2024\/09\/stacatarina.jpg","caption":"Pedro Mart\u00ednez"},"description":"Hola, soy Pedro Mart\u00ednez, redactor jefe del sitio oficial del ayuntamiento de Santa Catarina, en M\u00e9xico. Con m\u00e1s de diez a\u00f1os de experiencia en el periodismo local, tengo una pasi\u00f3n por la investigaci\u00f3n y la difusi\u00f3n de informaci\u00f3n que valoriza nuestra hermosa comunidad. Mi compromiso es hacer de Santa Catarina una referencia en materia de transparencia y comunicaci\u00f3n municipal.","sameAs":["https:\/\/stacatarina.mx\/"]}]}},"_links":{"self":[{"href":"https:\/\/stacatarina.mx\/consejos\/wp-json\/wp\/v2\/posts\/439"}],"collection":[{"href":"https:\/\/stacatarina.mx\/consejos\/wp-json\/wp\/v2\/posts"}],"about":[{"href":"https:\/\/stacatarina.mx\/consejos\/wp-json\/wp\/v2\/types\/post"}],"author":[{"embeddable":true,"href":"https:\/\/stacatarina.mx\/consejos\/wp-json\/wp\/v2\/users\/1"}],"replies":[{"embeddable":true,"href":"https:\/\/stacatarina.mx\/consejos\/wp-json\/wp\/v2\/comments?post=439"}],"version-history":[{"count":1,"href":"https:\/\/stacatarina.mx\/consejos\/wp-json\/wp\/v2\/posts\/439\/revisions"}],"predecessor-version":[{"id":441,"href":"https:\/\/stacatarina.mx\/consejos\/wp-json\/wp\/v2\/posts\/439\/revisions\/441"}],"wp:featuredmedia":[{"embeddable":true,"href":"https:\/\/stacatarina.mx\/consejos\/wp-json\/wp\/v2\/media\/440"}],"wp:attachment":[{"href":"https:\/\/stacatarina.mx\/consejos\/wp-json\/wp\/v2\/media?parent=439"}],"wp:term":[{"taxonomy":"category","embeddable":true,"href":"https:\/\/stacatarina.mx\/consejos\/wp-json\/wp\/v2\/categories?post=439"},{"taxonomy":"post_tag","embeddable":true,"href":"https:\/\/stacatarina.mx\/consejos\/wp-json\/wp\/v2\/tags?post=439"}],"curies":[{"name":"wp","href":"https:\/\/api.w.org\/{rel}","templated":true}]}}