{"id":455,"date":"2024-09-15T06:28:51","date_gmt":"2024-09-15T12:28:51","guid":{"rendered":"https:\/\/stacatarina.mx\/consejos\/los-profesores-tambien-son-humanos-por-que-deje-la-docencia-despues-de-un-ano\/"},"modified":"2024-09-15T06:28:53","modified_gmt":"2024-09-15T12:28:53","slug":"los-profesores-tambien-son-humanos-por-que-deje-la-docencia-despues-de-un-ano","status":"publish","type":"post","link":"https:\/\/stacatarina.mx\/consejos\/los-profesores-tambien-son-humanos-por-que-deje-la-docencia-despues-de-un-ano\/","title":{"rendered":"Los profesores tambi\u00e9n son humanos: por qu\u00e9 dej\u00e9 la docencia despu\u00e9s de un a\u00f1o"},"content":{"rendered":"<div>\n<p>Extracto del libro Los profesores tambi\u00e9n son humanos de Jaclyn Kirby<\/p>\n<p>Creo que todos pasamos por un momento en la vida en el que nuestra intuici\u00f3n nos grita. No importa cu\u00e1nto hayas intentado apartar tus emociones y bloquear tus deseos m\u00e1s profundos, alg\u00fan d\u00eda tu verdadero yo se dar\u00e1 a conocer.<\/p>\n<p>En mi caso, sucedi\u00f3 en el momento en que entr\u00e9 en el aula despu\u00e9s de unas gloriosas vacaciones de verano. Me estaba preparando para comenzar mi segundo a\u00f1o de docencia. Cuando entr\u00e9 en el aula vac\u00eda por primera vez en dos meses, me qued\u00e9 paralizada al mirar a mi alrededor y ver la habitaci\u00f3n infestada de telara\u00f1as.<\/p>\n<p>D\u00e9jame explicarte un poco sobre m\u00ed. Crec\u00ed con un padre polic\u00eda y fui gimnasta de competici\u00f3n hasta los 16 a\u00f1os. Mis experiencias de la infancia me convirtieron en la reina de la supresi\u00f3n de todas mis emociones. La desagradable vocecita en mi cabeza se hac\u00eda eco de las creencias de mi padre y mis entrenadores: tus sentimientos no importan y a nadie le importa lo que piensas. Cuando me sent\u00eda triste en casa, me dec\u00edan: \u201cAgu\u00e1ntate. No se permite llorar\u201d. En gimnasia, cuando me romp\u00eda un hueso, me dec\u00edan: \u201cNo, no te lo rompiste. Sigue adelante\u201d. <\/p>\n<p>En resumen, nunca llor\u00e9. Guard\u00e9 todas mis emociones en un lugar donde no tuviera que lidiar con ellas. Beb\u00eda mucho los fines de semana y com\u00eda en exceso cada vez que llegaba a casa de la escuela para adormecer la ansiedad, el estr\u00e9s de la semana y las dudas sobre m\u00ed misma. Esta estrategia de afrontamiento me hac\u00eda sentir que ten\u00eda el control de al menos un aspecto de mi vida, de modo que pod\u00eda seguir aparentando \u00e9xito y que ten\u00eda todo bajo control durante el trabajo. No compart\u00eda mis problemas con nadie. Sufrir en silencio y sola era todo lo que conoc\u00eda.<\/p>\n<p>Ahora estaba all\u00ed, entrando en la habitaci\u00f3n 11 despu\u00e9s de dos meses de completa libertad y felicidad. Nunca en mi vida hab\u00eda tenido dos meses libres de todas mis responsabilidades, as\u00ed que finalmente me relaj\u00e9 e hice las cosas que realmente quer\u00eda hacer. No me preocup\u00e9 por encontrar un trabajo, inscribirme en clases o realizar pr\u00e1cticas de gimnasia extra largas y dolorosas; simplemente viv\u00ed. <\/p>\n<p>La energ\u00eda de mi aula conten\u00eda todos los recuerdos de los a\u00f1os anteriores. Me absorbi\u00f3 por completo y me arroj\u00f3 de nuevo a la realidad de lo que me esperaba. Una l\u00e1grima rod\u00f3 por mi mejilla. En cuanto se me escap\u00f3 una l\u00e1grima, las compuertas se abrieron de golpe. Estaba sollozando. Gem\u00eda. Trataba de tapar mis llantos con mi camiseta para que mis compa\u00f1eros de las aulas de al lado no me oyeran.<\/p>\n<p>Me desplom\u00e9 en la silla de mi escritorio, hist\u00e9rica. Mientras lloraba, trat\u00e9 de estrujarme el cerebro para entender por qu\u00e9 estaba teniendo esa reacci\u00f3n. Hab\u00eda conducido hasta la escuela esa ma\u00f1ana, no necesariamente feliz de volver al trabajo, pero definitivamente no triste. Hab\u00eda tenido un gran verano y me sent\u00eda lista para volver. Entonces, \u00bfpor qu\u00e9 me resultaba tan molesto volver a mi sal\u00f3n de clases despu\u00e9s de ocho semanas de ausencia?<\/p>\n<p>Segu\u00ed buscando la respuesta. Me dije a m\u00ed mismo\u2026 <\/p>\n<p><em>El a\u00f1o pasado fue genial.<\/em><\/p>\n<p><em>Terminaste con una nota muy alta.<\/em><\/p>\n<p><em>Usted tuvo un impacto positivo en sus estudiantes.<\/em><\/p>\n<p>Mientras mis l\u00e1grimas se calmaban, me di cuenta de que eres un gran maestro por naturaleza. Te sorprendiste a ti mismo por la facilidad con la que manejaste situaciones que nunca imaginaste que suceder\u00edan en un aula.<\/p>\n<p>Pero no est\u00e1s satisfecho. Durante el resto de tu vida, estar\u00e1s en esta rueda de h\u00e1mster, esperando solo los dos meses del a\u00f1o en los que puedas vivir la vida que te haga sentir fiel a ti mismo.<\/p>\n<p>Esta epifan\u00eda me sorprendi\u00f3. Nunca hab\u00eda pensado en otra carrera que no fuera la de profesora. Escuch\u00e9 lo que todos los adultos de mi vida me dec\u00edan y eleg\u00ed una carrera segura y respetable en la que podr\u00eda lograrlo todo a los 22 a\u00f1os y luego seguir adelante hasta la jubilaci\u00f3n. Lo que no tuve en cuenta fue que tal vez deseo mucho m\u00e1s. Tengo un deseo innato de lograr m\u00e1s. Quiero vivir la vida de mis sue\u00f1os en lugar de simplemente sobrevivir.<\/p>\n<p>Mi madre se qued\u00f3 en casa hasta que todos sus hijos crecieron y despu\u00e9s, cuando ten\u00eda 40 a\u00f1os, tuvo que buscar un trabajo que odiaba. Para ella, yo estaba viviendo mi sue\u00f1o de ser maestra. Parec\u00eda una locura que quisiera renunciar a un trabajo tan estable, con vacaciones libres, un fondo de jubilaci\u00f3n y todos esos beneficios gubernamentales que tanto les importan a las personas mayores. Lo entiendo. Yo lo ten\u00eda todo bajo control.<\/p>\n<p>Logr\u00e9 una carrera respetable a una edad muy temprana. Me encantaba la sensaci\u00f3n de ser la maestra m\u00e1s joven mientras miraba a mi alrededor a otras personas de mi edad que todav\u00eda estaban en su sexto a\u00f1o de universidad. Siempre he sido una persona que se esfuerza mucho y me importaba ese estatus. Pero en ese momento, despu\u00e9s de la crisis en mi aula, me di cuenta de que no hay nada genial en una maestra de tercer grado de 40 a\u00f1os que odia su vida, da un cuarto de s\u00ed misma a sus propios hijos, descuida por completo a su esposo y todav\u00eda est\u00e1 lejos de pagar sus pr\u00e9stamos estudiantiles.<\/p>\n<p>Reconozco que algunos de ustedes pueden estar en esta etapa de su camino y reconozco su dolor. Me vi yendo directo a ese punto y solo pensarlo me debilitaba. Las altas expectativas y el estereotipo desinteresado de los maestros se utilizan para hacer que parezca normal ponerse a uno mismo en \u00faltimo lugar. Veo con qu\u00e9 facilidad podr\u00eda haber ignorado este colapso y haber continuado como lo hab\u00eda planeado, yendo directo a esa infeliz vida de maestro veterano. <\/p>\n<p>Cada uno toma decisiones en funci\u00f3n de su situaci\u00f3n particular. Mi primer a\u00f1o como profesor fue la tormenta perfecta para despertarme y lanzarme a este viaje de b\u00fasqueda de algo m\u00e1s. Hasta ese momento, hab\u00eda tomado muchas decisiones con el \u00fanico prop\u00f3sito de parecer \u201cgenial\u201d o \u201cexitosa\u201d ante los dem\u00e1s, ignorando mis propias necesidades, deseos y definici\u00f3n personal de \u00e9xito. <\/p>\n<p>Hoy no es demasiado tarde para hacer un cambio que te permita vivir una vida plena y feliz. Mi crisis revel\u00f3 que esta no es la vida que quiero y voy a cambiarla ahora antes de llegar al punto de la miseria total. No soy un maestro experto. Soy un ser humano normal que se convirti\u00f3 en maestro, lo logr\u00f3 y luego se dio cuenta de que quer\u00eda m\u00e1s. <\/p>\n<p>Si te gust\u00f3 este art\u00edculo, tambi\u00e9n te gustar\u00e1 Sentimientos inesperados cuando dej\u00e9 de ense\u00f1ar. <\/p>\n<\/p><\/div>\n","protected":false},"excerpt":{"rendered":"<p>Extracto del libro Los profesores tambi\u00e9n son humanos de Jaclyn Kirby Creo que todos pasamos por un momento en la vida en el que nuestra<\/p>\n","protected":false},"author":1,"featured_media":456,"comment_status":"closed","ping_status":"","sticky":false,"template":"","format":"standard","meta":{"footnotes":""},"categories":[159],"tags":[421,418,420,419,417,62,112,251,247,369,416],"class_list":["post-455","post","type-post","status-publish","format-standard","has-post-thumbnail","hentry","category-entretenimiento","tag-ano","tag-deje","tag-despues","tag-docencia","tag-humanos","tag-los","tag-por","tag-profesores","tag-que","tag-son","tag-tambien","generate-columns","tablet-grid-50","mobile-grid-100","grid-parent","grid-50"],"yoast_head":"<!-- This site is optimized with the Yoast SEO plugin v23.4 - https:\/\/yoast.com\/wordpress\/plugins\/seo\/ -->\n<title>Los profesores tambi\u00e9n son humanos: por qu\u00e9 dej\u00e9 la docencia despu\u00e9s de un a\u00f1o - Consejos - Santa Catarina<\/title>\n<meta name=\"robots\" content=\"index, follow, max-snippet:-1, max-image-preview:large, max-video-preview:-1\" \/>\n<link rel=\"canonical\" href=\"https:\/\/stacatarina.mx\/consejos\/los-profesores-tambien-son-humanos-por-que-deje-la-docencia-despues-de-un-ano\/\" \/>\n<meta property=\"og:locale\" content=\"es_MX\" \/>\n<meta property=\"og:type\" content=\"article\" \/>\n<meta property=\"og:title\" content=\"Los profesores tambi\u00e9n son humanos: por qu\u00e9 dej\u00e9 la docencia despu\u00e9s de un a\u00f1o - Consejos - Santa Catarina\" \/>\n<meta property=\"og:description\" content=\"Extracto del libro Los profesores tambi\u00e9n son humanos de Jaclyn Kirby Creo que todos pasamos por un momento en la vida en el que nuestra\" \/>\n<meta property=\"og:url\" content=\"https:\/\/stacatarina.mx\/consejos\/los-profesores-tambien-son-humanos-por-que-deje-la-docencia-despues-de-un-ano\/\" \/>\n<meta property=\"og:site_name\" content=\"Santa Catarina\" \/>\n<meta property=\"article:publisher\" content=\"https:\/\/www.facebook.com\/stacatarinagob\/\" \/>\n<meta property=\"article:published_time\" content=\"2024-09-15T12:28:51+00:00\" \/>\n<meta property=\"article:modified_time\" content=\"2024-09-15T12:28:53+00:00\" \/>\n<meta property=\"og:image\" content=\"https:\/\/stacatarina.mx\/consejos\/wp-content\/uploads\/2024\/09\/Los-profesores-tambien-son-humanos-por-que-deje-la-docencia.jpg\" \/>\n\t<meta property=\"og:image:width\" content=\"1000\" \/>\n\t<meta property=\"og:image:height\" content=\"750\" \/>\n\t<meta property=\"og:image:type\" content=\"image\/jpeg\" \/>\n<meta name=\"author\" content=\"Pedro Mart\u00ednez\" \/>\n<meta name=\"twitter:card\" content=\"summary_large_image\" \/>\n<meta name=\"twitter:creator\" content=\"@stacatarinagob\" \/>\n<meta name=\"twitter:site\" content=\"@stacatarinagob\" \/>\n<meta name=\"twitter:label1\" content=\"Escrito por\" \/>\n\t<meta name=\"twitter:data1\" content=\"Pedro Mart\u00ednez\" \/>\n\t<meta name=\"twitter:label2\" content=\"Tiempo de lectura\" \/>\n\t<meta name=\"twitter:data2\" content=\"6 minutos\" \/>\n<script type=\"application\/ld+json\" class=\"yoast-schema-graph\">{\"@context\":\"https:\/\/schema.org\",\"@graph\":[{\"@type\":\"Article\",\"@id\":\"https:\/\/stacatarina.mx\/consejos\/los-profesores-tambien-son-humanos-por-que-deje-la-docencia-despues-de-un-ano\/#article\",\"isPartOf\":{\"@id\":\"https:\/\/stacatarina.mx\/consejos\/los-profesores-tambien-son-humanos-por-que-deje-la-docencia-despues-de-un-ano\/\"},\"author\":{\"name\":\"Pedro Mart\u00ednez\",\"@id\":\"https:\/\/stacatarina.mx\/consejos\/#\/schema\/person\/0be60adffa8e4c4d0828fdf021450e8a\"},\"headline\":\"Los profesores tambi\u00e9n son humanos: por qu\u00e9 dej\u00e9 la docencia despu\u00e9s de un a\u00f1o\",\"datePublished\":\"2024-09-15T12:28:51+00:00\",\"dateModified\":\"2024-09-15T12:28:53+00:00\",\"mainEntityOfPage\":{\"@id\":\"https:\/\/stacatarina.mx\/consejos\/los-profesores-tambien-son-humanos-por-que-deje-la-docencia-despues-de-un-ano\/\"},\"wordCount\":1218,\"publisher\":{\"@id\":\"https:\/\/stacatarina.mx\/consejos\/#organization\"},\"image\":{\"@id\":\"https:\/\/stacatarina.mx\/consejos\/los-profesores-tambien-son-humanos-por-que-deje-la-docencia-despues-de-un-ano\/#primaryimage\"},\"thumbnailUrl\":\"https:\/\/stacatarina.mx\/consejos\/wp-content\/uploads\/2024\/09\/Los-profesores-tambien-son-humanos-por-que-deje-la-docencia.jpg\",\"keywords\":[\"a\u00f1o\",\"dej\u00e9\",\"despu\u00e9s\",\"docencia\",\"humanos\",\"los\",\"por\",\"profesores\",\"qu\u00e9\",\"son\",\"tambi\u00e9n\"],\"articleSection\":[\"Entretenimiento\"],\"inLanguage\":\"es\"},{\"@type\":\"WebPage\",\"@id\":\"https:\/\/stacatarina.mx\/consejos\/los-profesores-tambien-son-humanos-por-que-deje-la-docencia-despues-de-un-ano\/\",\"url\":\"https:\/\/stacatarina.mx\/consejos\/los-profesores-tambien-son-humanos-por-que-deje-la-docencia-despues-de-un-ano\/\",\"name\":\"Los profesores tambi\u00e9n son humanos: por qu\u00e9 dej\u00e9 la docencia despu\u00e9s de un a\u00f1o - Consejos - Santa Catarina\",\"isPartOf\":{\"@id\":\"https:\/\/stacatarina.mx\/consejos\/#website\"},\"primaryImageOfPage\":{\"@id\":\"https:\/\/stacatarina.mx\/consejos\/los-profesores-tambien-son-humanos-por-que-deje-la-docencia-despues-de-un-ano\/#primaryimage\"},\"image\":{\"@id\":\"https:\/\/stacatarina.mx\/consejos\/los-profesores-tambien-son-humanos-por-que-deje-la-docencia-despues-de-un-ano\/#primaryimage\"},\"thumbnailUrl\":\"https:\/\/stacatarina.mx\/consejos\/wp-content\/uploads\/2024\/09\/Los-profesores-tambien-son-humanos-por-que-deje-la-docencia.jpg\",\"datePublished\":\"2024-09-15T12:28:51+00:00\",\"dateModified\":\"2024-09-15T12:28:53+00:00\",\"breadcrumb\":{\"@id\":\"https:\/\/stacatarina.mx\/consejos\/los-profesores-tambien-son-humanos-por-que-deje-la-docencia-despues-de-un-ano\/#breadcrumb\"},\"inLanguage\":\"es\",\"potentialAction\":[{\"@type\":\"ReadAction\",\"target\":[\"https:\/\/stacatarina.mx\/consejos\/los-profesores-tambien-son-humanos-por-que-deje-la-docencia-despues-de-un-ano\/\"]}]},{\"@type\":\"ImageObject\",\"inLanguage\":\"es\",\"@id\":\"https:\/\/stacatarina.mx\/consejos\/los-profesores-tambien-son-humanos-por-que-deje-la-docencia-despues-de-un-ano\/#primaryimage\",\"url\":\"https:\/\/stacatarina.mx\/consejos\/wp-content\/uploads\/2024\/09\/Los-profesores-tambien-son-humanos-por-que-deje-la-docencia.jpg\",\"contentUrl\":\"https:\/\/stacatarina.mx\/consejos\/wp-content\/uploads\/2024\/09\/Los-profesores-tambien-son-humanos-por-que-deje-la-docencia.jpg\",\"width\":1000,\"height\":750,\"caption\":\"Teachers Are Human Too: Why I Left Teaching After One Year\"},{\"@type\":\"BreadcrumbList\",\"@id\":\"https:\/\/stacatarina.mx\/consejos\/los-profesores-tambien-son-humanos-por-que-deje-la-docencia-despues-de-un-ano\/#breadcrumb\",\"itemListElement\":[{\"@type\":\"ListItem\",\"position\":1,\"name\":\"Inicio\",\"item\":\"https:\/\/stacatarina.mx\/consejos\/\"},{\"@type\":\"ListItem\",\"position\":2,\"name\":\"Los profesores tambi\u00e9n son humanos: por qu\u00e9 dej\u00e9 la docencia despu\u00e9s de un a\u00f1o\"}]},{\"@type\":\"WebSite\",\"@id\":\"https:\/\/stacatarina.mx\/consejos\/#website\",\"url\":\"https:\/\/stacatarina.mx\/consejos\/\",\"name\":\"Santa Catarina\",\"description\":\"\",\"publisher\":{\"@id\":\"https:\/\/stacatarina.mx\/consejos\/#organization\"},\"potentialAction\":[{\"@type\":\"SearchAction\",\"target\":{\"@type\":\"EntryPoint\",\"urlTemplate\":\"https:\/\/stacatarina.mx\/consejos\/?s={search_term_string}\"},\"query-input\":{\"@type\":\"PropertyValueSpecification\",\"valueRequired\":true,\"valueName\":\"search_term_string\"}}],\"inLanguage\":\"es\"},{\"@type\":\"Organization\",\"@id\":\"https:\/\/stacatarina.mx\/consejos\/#organization\",\"name\":\"Santa Catarina\",\"url\":\"https:\/\/stacatarina.mx\/consejos\/\",\"logo\":{\"@type\":\"ImageObject\",\"inLanguage\":\"es\",\"@id\":\"https:\/\/stacatarina.mx\/consejos\/#\/schema\/logo\/image\/\",\"url\":\"https:\/\/stacatarina.mx\/consejos\/wp-content\/uploads\/2024\/09\/cropped-favicon-1-1.png\",\"contentUrl\":\"https:\/\/stacatarina.mx\/consejos\/wp-content\/uploads\/2024\/09\/cropped-favicon-1-1.png\",\"width\":512,\"height\":512,\"caption\":\"Santa Catarina\"},\"image\":{\"@id\":\"https:\/\/stacatarina.mx\/consejos\/#\/schema\/logo\/image\/\"},\"sameAs\":[\"https:\/\/www.facebook.com\/stacatarinagob\/\",\"https:\/\/x.com\/stacatarinagob\",\"https:\/\/www.instagram.com\/stacatarinagob\/\",\"https:\/\/www.youtube.com\/channel\/UCK-6cQJL_904665N1_nLTWw\"]},{\"@type\":\"Person\",\"@id\":\"https:\/\/stacatarina.mx\/consejos\/#\/schema\/person\/0be60adffa8e4c4d0828fdf021450e8a\",\"name\":\"Pedro Mart\u00ednez\",\"image\":{\"@type\":\"ImageObject\",\"inLanguage\":\"es\",\"@id\":\"https:\/\/stacatarina.mx\/consejos\/#\/schema\/person\/image\/\",\"url\":\"https:\/\/stacatarina.mx\/consejos\/wp-content\/uploads\/2024\/09\/stacatarina.jpg\",\"contentUrl\":\"https:\/\/stacatarina.mx\/consejos\/wp-content\/uploads\/2024\/09\/stacatarina.jpg\",\"caption\":\"Pedro Mart\u00ednez\"},\"description\":\"Hola, soy Pedro Mart\u00ednez, redactor jefe del sitio oficial del ayuntamiento de Santa Catarina, en M\u00e9xico. Con m\u00e1s de diez a\u00f1os de experiencia en el periodismo local, tengo una pasi\u00f3n por la investigaci\u00f3n y la difusi\u00f3n de informaci\u00f3n que valoriza nuestra hermosa comunidad. Mi compromiso es hacer de Santa Catarina una referencia en materia de transparencia y comunicaci\u00f3n municipal.\",\"sameAs\":[\"https:\/\/stacatarina.mx\/\"]}]}<\/script>\n<!-- \/ Yoast SEO plugin. -->","yoast_head_json":{"title":"Los profesores tambi\u00e9n son humanos: por qu\u00e9 dej\u00e9 la docencia despu\u00e9s de un a\u00f1o - Consejos - Santa Catarina","robots":{"index":"index","follow":"follow","max-snippet":"max-snippet:-1","max-image-preview":"max-image-preview:large","max-video-preview":"max-video-preview:-1"},"canonical":"https:\/\/stacatarina.mx\/consejos\/los-profesores-tambien-son-humanos-por-que-deje-la-docencia-despues-de-un-ano\/","og_locale":"es_MX","og_type":"article","og_title":"Los profesores tambi\u00e9n son humanos: por qu\u00e9 dej\u00e9 la docencia despu\u00e9s de un a\u00f1o - Consejos - Santa Catarina","og_description":"Extracto del libro Los profesores tambi\u00e9n son humanos de Jaclyn Kirby Creo que todos pasamos por un momento en la vida en el que nuestra","og_url":"https:\/\/stacatarina.mx\/consejos\/los-profesores-tambien-son-humanos-por-que-deje-la-docencia-despues-de-un-ano\/","og_site_name":"Santa Catarina","article_publisher":"https:\/\/www.facebook.com\/stacatarinagob\/","article_published_time":"2024-09-15T12:28:51+00:00","article_modified_time":"2024-09-15T12:28:53+00:00","og_image":[{"width":1000,"height":750,"url":"https:\/\/stacatarina.mx\/consejos\/wp-content\/uploads\/2024\/09\/Los-profesores-tambien-son-humanos-por-que-deje-la-docencia.jpg","type":"image\/jpeg"}],"author":"Pedro Mart\u00ednez","twitter_card":"summary_large_image","twitter_creator":"@stacatarinagob","twitter_site":"@stacatarinagob","twitter_misc":{"Escrito por":"Pedro Mart\u00ednez","Tiempo de lectura":"6 minutos"},"schema":{"@context":"https:\/\/schema.org","@graph":[{"@type":"Article","@id":"https:\/\/stacatarina.mx\/consejos\/los-profesores-tambien-son-humanos-por-que-deje-la-docencia-despues-de-un-ano\/#article","isPartOf":{"@id":"https:\/\/stacatarina.mx\/consejos\/los-profesores-tambien-son-humanos-por-que-deje-la-docencia-despues-de-un-ano\/"},"author":{"name":"Pedro Mart\u00ednez","@id":"https:\/\/stacatarina.mx\/consejos\/#\/schema\/person\/0be60adffa8e4c4d0828fdf021450e8a"},"headline":"Los profesores tambi\u00e9n son humanos: por qu\u00e9 dej\u00e9 la docencia despu\u00e9s de un a\u00f1o","datePublished":"2024-09-15T12:28:51+00:00","dateModified":"2024-09-15T12:28:53+00:00","mainEntityOfPage":{"@id":"https:\/\/stacatarina.mx\/consejos\/los-profesores-tambien-son-humanos-por-que-deje-la-docencia-despues-de-un-ano\/"},"wordCount":1218,"publisher":{"@id":"https:\/\/stacatarina.mx\/consejos\/#organization"},"image":{"@id":"https:\/\/stacatarina.mx\/consejos\/los-profesores-tambien-son-humanos-por-que-deje-la-docencia-despues-de-un-ano\/#primaryimage"},"thumbnailUrl":"https:\/\/stacatarina.mx\/consejos\/wp-content\/uploads\/2024\/09\/Los-profesores-tambien-son-humanos-por-que-deje-la-docencia.jpg","keywords":["a\u00f1o","dej\u00e9","despu\u00e9s","docencia","humanos","los","por","profesores","qu\u00e9","son","tambi\u00e9n"],"articleSection":["Entretenimiento"],"inLanguage":"es"},{"@type":"WebPage","@id":"https:\/\/stacatarina.mx\/consejos\/los-profesores-tambien-son-humanos-por-que-deje-la-docencia-despues-de-un-ano\/","url":"https:\/\/stacatarina.mx\/consejos\/los-profesores-tambien-son-humanos-por-que-deje-la-docencia-despues-de-un-ano\/","name":"Los profesores tambi\u00e9n son humanos: por qu\u00e9 dej\u00e9 la docencia despu\u00e9s de un a\u00f1o - Consejos - Santa Catarina","isPartOf":{"@id":"https:\/\/stacatarina.mx\/consejos\/#website"},"primaryImageOfPage":{"@id":"https:\/\/stacatarina.mx\/consejos\/los-profesores-tambien-son-humanos-por-que-deje-la-docencia-despues-de-un-ano\/#primaryimage"},"image":{"@id":"https:\/\/stacatarina.mx\/consejos\/los-profesores-tambien-son-humanos-por-que-deje-la-docencia-despues-de-un-ano\/#primaryimage"},"thumbnailUrl":"https:\/\/stacatarina.mx\/consejos\/wp-content\/uploads\/2024\/09\/Los-profesores-tambien-son-humanos-por-que-deje-la-docencia.jpg","datePublished":"2024-09-15T12:28:51+00:00","dateModified":"2024-09-15T12:28:53+00:00","breadcrumb":{"@id":"https:\/\/stacatarina.mx\/consejos\/los-profesores-tambien-son-humanos-por-que-deje-la-docencia-despues-de-un-ano\/#breadcrumb"},"inLanguage":"es","potentialAction":[{"@type":"ReadAction","target":["https:\/\/stacatarina.mx\/consejos\/los-profesores-tambien-son-humanos-por-que-deje-la-docencia-despues-de-un-ano\/"]}]},{"@type":"ImageObject","inLanguage":"es","@id":"https:\/\/stacatarina.mx\/consejos\/los-profesores-tambien-son-humanos-por-que-deje-la-docencia-despues-de-un-ano\/#primaryimage","url":"https:\/\/stacatarina.mx\/consejos\/wp-content\/uploads\/2024\/09\/Los-profesores-tambien-son-humanos-por-que-deje-la-docencia.jpg","contentUrl":"https:\/\/stacatarina.mx\/consejos\/wp-content\/uploads\/2024\/09\/Los-profesores-tambien-son-humanos-por-que-deje-la-docencia.jpg","width":1000,"height":750,"caption":"Teachers Are Human Too: Why I Left Teaching After One Year"},{"@type":"BreadcrumbList","@id":"https:\/\/stacatarina.mx\/consejos\/los-profesores-tambien-son-humanos-por-que-deje-la-docencia-despues-de-un-ano\/#breadcrumb","itemListElement":[{"@type":"ListItem","position":1,"name":"Inicio","item":"https:\/\/stacatarina.mx\/consejos\/"},{"@type":"ListItem","position":2,"name":"Los profesores tambi\u00e9n son humanos: por qu\u00e9 dej\u00e9 la docencia despu\u00e9s de un a\u00f1o"}]},{"@type":"WebSite","@id":"https:\/\/stacatarina.mx\/consejos\/#website","url":"https:\/\/stacatarina.mx\/consejos\/","name":"Santa Catarina","description":"","publisher":{"@id":"https:\/\/stacatarina.mx\/consejos\/#organization"},"potentialAction":[{"@type":"SearchAction","target":{"@type":"EntryPoint","urlTemplate":"https:\/\/stacatarina.mx\/consejos\/?s={search_term_string}"},"query-input":{"@type":"PropertyValueSpecification","valueRequired":true,"valueName":"search_term_string"}}],"inLanguage":"es"},{"@type":"Organization","@id":"https:\/\/stacatarina.mx\/consejos\/#organization","name":"Santa Catarina","url":"https:\/\/stacatarina.mx\/consejos\/","logo":{"@type":"ImageObject","inLanguage":"es","@id":"https:\/\/stacatarina.mx\/consejos\/#\/schema\/logo\/image\/","url":"https:\/\/stacatarina.mx\/consejos\/wp-content\/uploads\/2024\/09\/cropped-favicon-1-1.png","contentUrl":"https:\/\/stacatarina.mx\/consejos\/wp-content\/uploads\/2024\/09\/cropped-favicon-1-1.png","width":512,"height":512,"caption":"Santa Catarina"},"image":{"@id":"https:\/\/stacatarina.mx\/consejos\/#\/schema\/logo\/image\/"},"sameAs":["https:\/\/www.facebook.com\/stacatarinagob\/","https:\/\/x.com\/stacatarinagob","https:\/\/www.instagram.com\/stacatarinagob\/","https:\/\/www.youtube.com\/channel\/UCK-6cQJL_904665N1_nLTWw"]},{"@type":"Person","@id":"https:\/\/stacatarina.mx\/consejos\/#\/schema\/person\/0be60adffa8e4c4d0828fdf021450e8a","name":"Pedro Mart\u00ednez","image":{"@type":"ImageObject","inLanguage":"es","@id":"https:\/\/stacatarina.mx\/consejos\/#\/schema\/person\/image\/","url":"https:\/\/stacatarina.mx\/consejos\/wp-content\/uploads\/2024\/09\/stacatarina.jpg","contentUrl":"https:\/\/stacatarina.mx\/consejos\/wp-content\/uploads\/2024\/09\/stacatarina.jpg","caption":"Pedro Mart\u00ednez"},"description":"Hola, soy Pedro Mart\u00ednez, redactor jefe del sitio oficial del ayuntamiento de Santa Catarina, en M\u00e9xico. Con m\u00e1s de diez a\u00f1os de experiencia en el periodismo local, tengo una pasi\u00f3n por la investigaci\u00f3n y la difusi\u00f3n de informaci\u00f3n que valoriza nuestra hermosa comunidad. Mi compromiso es hacer de Santa Catarina una referencia en materia de transparencia y comunicaci\u00f3n municipal.","sameAs":["https:\/\/stacatarina.mx\/"]}]}},"_links":{"self":[{"href":"https:\/\/stacatarina.mx\/consejos\/wp-json\/wp\/v2\/posts\/455"}],"collection":[{"href":"https:\/\/stacatarina.mx\/consejos\/wp-json\/wp\/v2\/posts"}],"about":[{"href":"https:\/\/stacatarina.mx\/consejos\/wp-json\/wp\/v2\/types\/post"}],"author":[{"embeddable":true,"href":"https:\/\/stacatarina.mx\/consejos\/wp-json\/wp\/v2\/users\/1"}],"replies":[{"embeddable":true,"href":"https:\/\/stacatarina.mx\/consejos\/wp-json\/wp\/v2\/comments?post=455"}],"version-history":[{"count":1,"href":"https:\/\/stacatarina.mx\/consejos\/wp-json\/wp\/v2\/posts\/455\/revisions"}],"predecessor-version":[{"id":457,"href":"https:\/\/stacatarina.mx\/consejos\/wp-json\/wp\/v2\/posts\/455\/revisions\/457"}],"wp:featuredmedia":[{"embeddable":true,"href":"https:\/\/stacatarina.mx\/consejos\/wp-json\/wp\/v2\/media\/456"}],"wp:attachment":[{"href":"https:\/\/stacatarina.mx\/consejos\/wp-json\/wp\/v2\/media?parent=455"}],"wp:term":[{"taxonomy":"category","embeddable":true,"href":"https:\/\/stacatarina.mx\/consejos\/wp-json\/wp\/v2\/categories?post=455"},{"taxonomy":"post_tag","embeddable":true,"href":"https:\/\/stacatarina.mx\/consejos\/wp-json\/wp\/v2\/tags?post=455"}],"curies":[{"name":"wp","href":"https:\/\/api.w.org\/{rel}","templated":true}]}}