{"id":4645,"date":"2025-07-17T03:02:15","date_gmt":"2025-07-17T09:02:15","guid":{"rendered":"https:\/\/stacatarina.mx\/consejos\/azul-de-espeluznante-italia-vuela-a-las-semifinales-en-el-campeonato-europeo-de-futbol-europeo-despues-de-28-anos\/"},"modified":"2025-07-17T03:02:18","modified_gmt":"2025-07-17T09:02:18","slug":"azul-de-espeluznante-italia-vuela-a-las-semifinales-en-el-campeonato-europeo-de-futbol-europeo-despues-de-28-anos","status":"publish","type":"post","link":"https:\/\/stacatarina.mx\/consejos\/azul-de-espeluznante-italia-vuela-a-las-semifinales-en-el-campeonato-europeo-de-futbol-europeo-despues-de-28-anos\/","title":{"rendered":"\u00a1Azul de espeluznante! Italia vuela a las semifinales en el Campeonato Europeo de F\u00fatbol Europeo despu\u00e9s de 28 a\u00f1os"},"content":{"rendered":"<p><\/p>\n<p>Despu\u00e9s <strong>Casi tres d\u00e9cadas<\/strong>, <strong>Italia femenina<\/strong> Volver para escribir la historia al <strong>europeo<\/strong>conquistando el <strong>semifinal<\/strong> con una victoria \u00e9pica contra el <strong>Noruega<\/strong> 2-1. Un objetivo que <strong>Hab\u00eda estado desaparecido desde 1997<\/strong> Y qui\u00e9n hoy tiene la cara emocionada de las familias, entrenadores y fan\u00e1ticos que han cre\u00eddo en este grupo desde el primer silbato.<\/p>\n<div class=\"responsive-container\">\n<blockquote class=\"instagram-media\" data-instgrm-captioned data-instgrm-permalink=\"https:\/\/www.instagram.com\/p\/DMLtYPfN7z4\/?utm_source=ig_embed&amp;utm_campaign=loading\" data-instgrm-version=\"14\" style=\"background:#FFF;border:0;border-radius:3px;margin: 1px;max-width:500px;min-width:326px;padding:0;width:99.375%;width:-webkit-calc(100% - 2px);width:calc(100% - 2px)\">\n<div style=\"padding:16px\">\n<div style=\"flex-direction: row;align-items: center\">\n<div style=\"background-color: #F4F4F4;border-radius: 50%;flex-grow: 0;height: 40px;margin-right: 14px;width: 40px\"><\/div>\n<div style=\"flex-direction: column;flex-grow: 1;justify-content: center\">\n<div style=\"background-color: #F4F4F4;border-radius: 4px;flex-grow: 0;height: 14px;margin-bottom: 6px;width: 100px\"><\/div>\n<div style=\"background-color: #F4F4F4;border-radius: 4px;flex-grow: 0;height: 14px;width: 60px\"><\/div>\n<\/div>\n<\/div>\n<div style=\"padding: 19% 0\"><\/div>\n<div style=\"height:50px;margin:0 auto 12px;width:50px\"><\/div>\n<div style=\"padding-top: 8px\">\n<div style=\"color:#3897f0;font-family:Arial,sans-serif;font-size:14px;font-style:normal;font-weight:550;line-height:18px\">Ver esta publicaci\u00f3n en Instagram<\/div>\n<\/div>\n<div style=\"padding: 12.5% 0\"><\/div>\n<div style=\"flex-direction: row;margin-bottom: 14px;align-items: center\">\n<div>\n<div style=\"background-color: #F4F4F4;border-radius: 50%;height: 12.5px;width: 12.5px\"><\/div>\n<div style=\"background-color: #F4F4F4;height: 12.5px;width: 12.5px;flex-grow: 0;margin-right: 14px;margin-left: 2px\"><\/div>\n<div style=\"background-color: #F4F4F4;border-radius: 50%;height: 12.5px;width: 12.5px\"><\/div>\n<\/div>\n<div style=\"margin-left: 8px\">\n<div style=\"background-color: #F4F4F4;border-radius: 50%;flex-grow: 0;height: 20px;width: 20px\"><\/div>\n<div style=\"width: 0;height: 0;border-top: 2px solid transparent;border-left: 6px solid #f4f4f4;border-bottom: 2px solid transparent\"><\/div>\n<\/div>\n<div style=\"margin-left: auto\">\n<div style=\"width: 0px;border-top: 8px solid #F4F4F4;border-right: 8px solid transparent\"><\/div>\n<div style=\"background-color: #F4F4F4;flex-grow: 0;height: 12px;width: 16px\"><\/div>\n<div style=\"width: 0;height: 0;border-top: 8px solid #F4F4F4;border-left: 8px solid transparent\"><\/div>\n<\/div>\n<\/div>\n<div style=\"flex-direction: column;flex-grow: 1;justify-content: center;margin-bottom: 24px\">\n<div style=\"background-color: #F4F4F4;border-radius: 4px;flex-grow: 0;height: 14px;margin-bottom: 6px;width: 224px\"><\/div>\n<div style=\"background-color: #F4F4F4;border-radius: 4px;flex-grow: 0;height: 14px;width: 144px\"><\/div>\n<\/div>\n<p style=\"color:#c9c8cd;font-family:Arial,sans-serif;font-size:14px;line-height:17px;margin-bottom:0;margin-top:8px;overflow:hidden;padding:8px 0 7px;text-align:center\">Una publicaci\u00f3n compartida por el f\u00fatbol nacional femenino (@AzzurRefigc)<\/p>\n<\/div>\n<\/blockquote>\n<\/div>\n<h2>Swivels decisivos, coraz\u00f3n azul m\u00e1s all\u00e1 de cualquier obst\u00e1culo<\/h2>\n<p>En una noche llena de tensi\u00f3n en el estadio de Ginebra, lleno de 25,000 espectadores, el azul mostr\u00f3 car\u00e1cter y t\u00e9cnica. El juego fue luchado e intenso, con Italia que encontr\u00f3 el <strong>ventaja en 50 &#8216;gracias a Cristiana Girelli<\/strong>con la asistencia perfecta de Sof\u00eda Cantore. Despu\u00e9s del empate moment\u00e1neo del campe\u00f3n <strong>Ada Hegerberg<\/strong>que hab\u00eda cometido un error poco antes, era <strong>todav\u00eda gana<\/strong>con un encabezado en los 90 &#8216;, para dar la mayor alegr\u00eda.<\/p>\n<p>Noruega hab\u00eda alcanzado los cuartos de final con un camino impecable, ganando todos los juegos del grupo. Pero Italia no fue intimidada por el <strong>fisicalidad<\/strong> y de la experiencia de los oponentes. Despu\u00e9s de una primera mitad brillante y agresiva, el azul <strong>resisti\u00f3 la presi\u00f3n noruega en la segunda mitad<\/strong>encontrar la fuerza para golpear justo cuando todo parec\u00eda destinado a un tiempo extra.<\/p>\n<div class=\"responsive-container\">\n<blockquote class=\"instagram-media\" data-instgrm-captioned data-instgrm-permalink=\"https:\/\/www.instagram.com\/p\/DMMvqRot1PL\/?utm_source=ig_embed&amp;utm_campaign=loading\" data-instgrm-version=\"14\" style=\"background:#FFF;border:0;border-radius:3px;margin: 1px;max-width:500px;min-width:326px;padding:0;width:99.375%;width:-webkit-calc(100% - 2px);width:calc(100% - 2px)\">\n<div style=\"padding:16px\">\n<div style=\"flex-direction: row;align-items: center\">\n<div style=\"background-color: #F4F4F4;border-radius: 50%;flex-grow: 0;height: 40px;margin-right: 14px;width: 40px\"><\/div>\n<div style=\"flex-direction: column;flex-grow: 1;justify-content: center\">\n<div style=\"background-color: #F4F4F4;border-radius: 4px;flex-grow: 0;height: 14px;margin-bottom: 6px;width: 100px\"><\/div>\n<div style=\"background-color: #F4F4F4;border-radius: 4px;flex-grow: 0;height: 14px;width: 60px\"><\/div>\n<\/div>\n<\/div>\n<div style=\"padding: 19% 0\"><\/div>\n<div style=\"height:50px;margin:0 auto 12px;width:50px\"><\/div>\n<div style=\"padding-top: 8px\">\n<div style=\"color:#3897f0;font-family:Arial,sans-serif;font-size:14px;font-style:normal;font-weight:550;line-height:18px\">Ver esta publicaci\u00f3n en Instagram<\/div>\n<\/div>\n<div style=\"padding: 12.5% 0\"><\/div>\n<div style=\"flex-direction: row;margin-bottom: 14px;align-items: center\">\n<div>\n<div style=\"background-color: #F4F4F4;border-radius: 50%;height: 12.5px;width: 12.5px\"><\/div>\n<div style=\"background-color: #F4F4F4;height: 12.5px;width: 12.5px;flex-grow: 0;margin-right: 14px;margin-left: 2px\"><\/div>\n<div style=\"background-color: #F4F4F4;border-radius: 50%;height: 12.5px;width: 12.5px\"><\/div>\n<\/div>\n<div style=\"margin-left: 8px\">\n<div style=\"background-color: #F4F4F4;border-radius: 50%;flex-grow: 0;height: 20px;width: 20px\"><\/div>\n<div style=\"width: 0;height: 0;border-top: 2px solid transparent;border-left: 6px solid #f4f4f4;border-bottom: 2px solid transparent\"><\/div>\n<\/div>\n<div style=\"margin-left: auto\">\n<div style=\"width: 0px;border-top: 8px solid #F4F4F4;border-right: 8px solid transparent\"><\/div>\n<div style=\"background-color: #F4F4F4;flex-grow: 0;height: 12px;width: 16px\"><\/div>\n<div style=\"width: 0;height: 0;border-top: 8px solid #F4F4F4;border-left: 8px solid transparent\"><\/div>\n<\/div>\n<\/div>\n<div style=\"flex-direction: column;flex-grow: 1;justify-content: center;margin-bottom: 24px\">\n<div style=\"background-color: #F4F4F4;border-radius: 4px;flex-grow: 0;height: 14px;margin-bottom: 6px;width: 224px\"><\/div>\n<div style=\"background-color: #F4F4F4;border-radius: 4px;flex-grow: 0;height: 14px;width: 144px\"><\/div>\n<\/div>\n<p style=\"color:#c9c8cd;font-family:Arial,sans-serif;font-size:14px;line-height:17px;margin-bottom:0;margin-top:8px;overflow:hidden;padding:8px 0 7px;text-align:center\">Una publicaci\u00f3n compartida por el f\u00fatbol nacional femenino (@AzzurRefigc)<\/p>\n<\/div>\n<\/blockquote>\n<\/div>\n<h2>Redenci\u00f3n despu\u00e9s de a\u00f1os dif\u00edciles<\/h2>\n<p>Esta semifinal tambi\u00e9n representa un <strong>redenci\u00f3n<\/strong> Para un equipo nacional que, despu\u00e9s de las buenas se\u00f1ales de la Copa Mundial de 2019, hab\u00eda pasado a una fase de resultados decepcionantes. La llegada al banco de <strong>Andrea Soncin<\/strong> En 2023 dio un nuevo impulso al equipo, mejorando el nivel t\u00e9cnico y mental del grupo. Despu\u00e9s de la eliminaci\u00f3n temprana del Campeonato Europeo de 2022 y la Copa Mundial 2023, Italia finalmente ha regresado al protagonista.<\/p>\n<h2>Hacia una semifinal emocionante<\/h2>\n<p>Ahora el azul <strong>espera al ganador del desaf\u00edo entre<\/strong> <strong>Inglaterra y Suecia<\/strong>dos gigantes del f\u00fatbol femenino. Pero, sin embargo, va, este camino ya ha dejado una marca indeleble. Italia no solo ha logrado un resultado extraordinario, sino que ha demostrado que con determinaci\u00f3n, unidad y talento es posible descomponer cualquier muro. Mientras tanto, el tricolor agite en el f\u00fatbol femenino, en un momento en que el hombre se est\u00e1 haciendo, por decir lo menos, el deseo.<\/p>\n<div class=\"responsive-container\">\n<blockquote class=\"instagram-media\" data-instgrm-captioned data-instgrm-permalink=\"https:\/\/www.instagram.com\/reel\/DML4h57NuED\/?utm_source=ig_embed&amp;utm_campaign=loading\" data-instgrm-version=\"14\" style=\"background:#FFF;border:0;border-radius:3px;margin: 1px;max-width:500px;min-width:326px;padding:0;width:99.375%;width:-webkit-calc(100% - 2px);width:calc(100% - 2px)\">\n<div style=\"padding:16px\">\n<div style=\"flex-direction: row;align-items: center\">\n<div style=\"background-color: #F4F4F4;border-radius: 50%;flex-grow: 0;height: 40px;margin-right: 14px;width: 40px\"><\/div>\n<div style=\"flex-direction: column;flex-grow: 1;justify-content: center\">\n<div style=\"background-color: #F4F4F4;border-radius: 4px;flex-grow: 0;height: 14px;margin-bottom: 6px;width: 100px\"><\/div>\n<div style=\"background-color: #F4F4F4;border-radius: 4px;flex-grow: 0;height: 14px;width: 60px\"><\/div>\n<\/div>\n<\/div>\n<div style=\"padding: 19% 0\"><\/div>\n<div style=\"height:50px;margin:0 auto 12px;width:50px\"><\/div>\n<div style=\"padding-top: 8px\">\n<div style=\"color:#3897f0;font-family:Arial,sans-serif;font-size:14px;font-style:normal;font-weight:550;line-height:18px\">Ver esta publicaci\u00f3n en Instagram<\/div>\n<\/div>\n<div style=\"padding: 12.5% 0\"><\/div>\n<div style=\"flex-direction: row;margin-bottom: 14px;align-items: center\">\n<div>\n<div style=\"background-color: #F4F4F4;border-radius: 50%;height: 12.5px;width: 12.5px\"><\/div>\n<div style=\"background-color: #F4F4F4;height: 12.5px;width: 12.5px;flex-grow: 0;margin-right: 14px;margin-left: 2px\"><\/div>\n<div style=\"background-color: #F4F4F4;border-radius: 50%;height: 12.5px;width: 12.5px\"><\/div>\n<\/div>\n<div style=\"margin-left: 8px\">\n<div style=\"background-color: #F4F4F4;border-radius: 50%;flex-grow: 0;height: 20px;width: 20px\"><\/div>\n<div style=\"width: 0;height: 0;border-top: 2px solid transparent;border-left: 6px solid #f4f4f4;border-bottom: 2px solid transparent\"><\/div>\n<\/div>\n<div style=\"margin-left: auto\">\n<div style=\"width: 0px;border-top: 8px solid #F4F4F4;border-right: 8px solid transparent\"><\/div>\n<div style=\"background-color: #F4F4F4;flex-grow: 0;height: 12px;width: 16px\"><\/div>\n<div style=\"width: 0;height: 0;border-top: 8px solid #F4F4F4;border-left: 8px solid transparent\"><\/div>\n<\/div>\n<\/div>\n<div style=\"flex-direction: column;flex-grow: 1;justify-content: center;margin-bottom: 24px\">\n<div style=\"background-color: #F4F4F4;border-radius: 4px;flex-grow: 0;height: 14px;margin-bottom: 6px;width: 224px\"><\/div>\n<div style=\"background-color: #F4F4F4;border-radius: 4px;flex-grow: 0;height: 14px;width: 144px\"><\/div>\n<\/div>\n<p style=\"color:#c9c8cd;font-family:Arial,sans-serif;font-size:14px;line-height:17px;margin-bottom:0;margin-top:8px;overflow:hidden;padding:8px 0 7px;text-align:center\">Una publicaci\u00f3n compartida por el f\u00fatbol nacional femenino (@AzzurRefigc)<\/p>\n<\/div>\n<\/blockquote>\n<\/div>\n<\/p>\n<p><script async src=\"\/\/www.instagram.com\/embed.js\"><\/script><\/p>\n","protected":false},"excerpt":{"rendered":"<p>Despu\u00e9s Casi tres d\u00e9cadas, Italia femenina Volver para escribir la historia al europeoconquistando el semifinal con una victoria \u00e9pica contra el Noruega 2-1. Un objetivo<\/p>\n","protected":false},"author":1,"featured_media":4646,"comment_status":"closed","ping_status":"","sticky":false,"template":"","format":"standard","meta":{"footnotes":""},"categories":[762],"tags":[209,2026,5457,420,1287,399,2618,1062,34,5456,5455],"class_list":["post-4645","post","type-post","status-publish","format-standard","has-post-thumbnail","hentry","category-salud","tag-anos","tag-azul","tag-campeonato","tag-despues","tag-espeluznante","tag-europeo","tag-futbol","tag-italia","tag-las","tag-semifinales","tag-vuela","generate-columns","tablet-grid-50","mobile-grid-100","grid-parent","grid-50"],"yoast_head":"<!-- This site is optimized with the Yoast SEO plugin v23.4 - https:\/\/yoast.com\/wordpress\/plugins\/seo\/ -->\n<title>\u00a1Azul de espeluznante! Italia vuela a las semifinales en el Campeonato Europeo de F\u00fatbol Europeo despu\u00e9s de 28 a\u00f1os - Consejos - Santa Catarina<\/title>\n<meta name=\"robots\" content=\"index, follow, max-snippet:-1, max-image-preview:large, max-video-preview:-1\" \/>\n<link rel=\"canonical\" href=\"https:\/\/stacatarina.mx\/consejos\/azul-de-espeluznante-italia-vuela-a-las-semifinales-en-el-campeonato-europeo-de-futbol-europeo-despues-de-28-anos\/\" \/>\n<meta property=\"og:locale\" content=\"es_MX\" \/>\n<meta property=\"og:type\" content=\"article\" \/>\n<meta property=\"og:title\" content=\"\u00a1Azul de espeluznante! Italia vuela a las semifinales en el Campeonato Europeo de F\u00fatbol Europeo despu\u00e9s de 28 a\u00f1os - Consejos - Santa Catarina\" \/>\n<meta property=\"og:description\" content=\"Despu\u00e9s Casi tres d\u00e9cadas, Italia femenina Volver para escribir la historia al europeoconquistando el semifinal con una victoria \u00e9pica contra el Noruega 2-1. Un objetivo\" \/>\n<meta property=\"og:url\" content=\"https:\/\/stacatarina.mx\/consejos\/azul-de-espeluznante-italia-vuela-a-las-semifinales-en-el-campeonato-europeo-de-futbol-europeo-despues-de-28-anos\/\" \/>\n<meta property=\"og:site_name\" content=\"Santa Catarina\" \/>\n<meta property=\"article:publisher\" content=\"https:\/\/www.facebook.com\/stacatarinagob\/\" \/>\n<meta property=\"article:published_time\" content=\"2025-07-17T09:02:15+00:00\" \/>\n<meta property=\"article:modified_time\" content=\"2025-07-17T09:02:18+00:00\" \/>\n<meta property=\"og:image\" content=\"https:\/\/stacatarina.mx\/consejos\/wp-content\/uploads\/2025\/07\/1752742936_\u00a1Azul-de-espeluznante-Italia-vuela-a-las-semifinales-en-el.jpg\" \/>\n\t<meta property=\"og:image:width\" content=\"1500\" \/>\n\t<meta property=\"og:image:height\" content=\"1000\" \/>\n\t<meta property=\"og:image:type\" content=\"image\/jpeg\" \/>\n<meta name=\"author\" content=\"Pedro Mart\u00ednez\" \/>\n<meta name=\"twitter:card\" content=\"summary_large_image\" \/>\n<meta name=\"twitter:creator\" content=\"@stacatarinagob\" \/>\n<meta name=\"twitter:site\" content=\"@stacatarinagob\" \/>\n<meta name=\"twitter:label1\" content=\"Escrito por\" \/>\n\t<meta name=\"twitter:data1\" content=\"Pedro Mart\u00ednez\" \/>\n\t<meta name=\"twitter:label2\" content=\"Tiempo de lectura\" \/>\n\t<meta name=\"twitter:data2\" content=\"2 minutos\" \/>\n<script type=\"application\/ld+json\" class=\"yoast-schema-graph\">{\"@context\":\"https:\/\/schema.org\",\"@graph\":[{\"@type\":\"Article\",\"@id\":\"https:\/\/stacatarina.mx\/consejos\/azul-de-espeluznante-italia-vuela-a-las-semifinales-en-el-campeonato-europeo-de-futbol-europeo-despues-de-28-anos\/#article\",\"isPartOf\":{\"@id\":\"https:\/\/stacatarina.mx\/consejos\/azul-de-espeluznante-italia-vuela-a-las-semifinales-en-el-campeonato-europeo-de-futbol-europeo-despues-de-28-anos\/\"},\"author\":{\"name\":\"Pedro Mart\u00ednez\",\"@id\":\"https:\/\/stacatarina.mx\/consejos\/#\/schema\/person\/0be60adffa8e4c4d0828fdf021450e8a\"},\"headline\":\"\u00a1Azul de espeluznante! Italia vuela a las semifinales en el Campeonato Europeo de F\u00fatbol Europeo despu\u00e9s de 28 a\u00f1os\",\"datePublished\":\"2025-07-17T09:02:15+00:00\",\"dateModified\":\"2025-07-17T09:02:18+00:00\",\"mainEntityOfPage\":{\"@id\":\"https:\/\/stacatarina.mx\/consejos\/azul-de-espeluznante-italia-vuela-a-las-semifinales-en-el-campeonato-europeo-de-futbol-europeo-despues-de-28-anos\/\"},\"wordCount\":460,\"publisher\":{\"@id\":\"https:\/\/stacatarina.mx\/consejos\/#organization\"},\"image\":{\"@id\":\"https:\/\/stacatarina.mx\/consejos\/azul-de-espeluznante-italia-vuela-a-las-semifinales-en-el-campeonato-europeo-de-futbol-europeo-despues-de-28-anos\/#primaryimage\"},\"thumbnailUrl\":\"https:\/\/stacatarina.mx\/consejos\/wp-content\/uploads\/2025\/07\/1752742936_\u00a1Azul-de-espeluznante-Italia-vuela-a-las-semifinales-en-el.jpg\",\"keywords\":[\"a\u00f1os\",\"azul\",\"Campeonato\",\"despu\u00e9s\",\"espeluznante\",\"europeo\",\"f\u00fatbol\",\"Italia\",\"Las\",\"semifinales\",\"vuela\"],\"articleSection\":[\"Salud\"],\"inLanguage\":\"es\"},{\"@type\":\"WebPage\",\"@id\":\"https:\/\/stacatarina.mx\/consejos\/azul-de-espeluznante-italia-vuela-a-las-semifinales-en-el-campeonato-europeo-de-futbol-europeo-despues-de-28-anos\/\",\"url\":\"https:\/\/stacatarina.mx\/consejos\/azul-de-espeluznante-italia-vuela-a-las-semifinales-en-el-campeonato-europeo-de-futbol-europeo-despues-de-28-anos\/\",\"name\":\"\u00a1Azul de espeluznante! Italia vuela a las semifinales en el Campeonato Europeo de F\u00fatbol Europeo despu\u00e9s de 28 a\u00f1os - Consejos - Santa Catarina\",\"isPartOf\":{\"@id\":\"https:\/\/stacatarina.mx\/consejos\/#website\"},\"primaryImageOfPage\":{\"@id\":\"https:\/\/stacatarina.mx\/consejos\/azul-de-espeluznante-italia-vuela-a-las-semifinales-en-el-campeonato-europeo-de-futbol-europeo-despues-de-28-anos\/#primaryimage\"},\"image\":{\"@id\":\"https:\/\/stacatarina.mx\/consejos\/azul-de-espeluznante-italia-vuela-a-las-semifinales-en-el-campeonato-europeo-de-futbol-europeo-despues-de-28-anos\/#primaryimage\"},\"thumbnailUrl\":\"https:\/\/stacatarina.mx\/consejos\/wp-content\/uploads\/2025\/07\/1752742936_\u00a1Azul-de-espeluznante-Italia-vuela-a-las-semifinales-en-el.jpg\",\"datePublished\":\"2025-07-17T09:02:15+00:00\",\"dateModified\":\"2025-07-17T09:02:18+00:00\",\"breadcrumb\":{\"@id\":\"https:\/\/stacatarina.mx\/consejos\/azul-de-espeluznante-italia-vuela-a-las-semifinales-en-el-campeonato-europeo-de-futbol-europeo-despues-de-28-anos\/#breadcrumb\"},\"inLanguage\":\"es\",\"potentialAction\":[{\"@type\":\"ReadAction\",\"target\":[\"https:\/\/stacatarina.mx\/consejos\/azul-de-espeluznante-italia-vuela-a-las-semifinales-en-el-campeonato-europeo-de-futbol-europeo-despues-de-28-anos\/\"]}]},{\"@type\":\"ImageObject\",\"inLanguage\":\"es\",\"@id\":\"https:\/\/stacatarina.mx\/consejos\/azul-de-espeluznante-italia-vuela-a-las-semifinales-en-el-campeonato-europeo-de-futbol-europeo-despues-de-28-anos\/#primaryimage\",\"url\":\"https:\/\/stacatarina.mx\/consejos\/wp-content\/uploads\/2025\/07\/1752742936_\u00a1Azul-de-espeluznante-Italia-vuela-a-las-semifinales-en-el.jpg\",\"contentUrl\":\"https:\/\/stacatarina.mx\/consejos\/wp-content\/uploads\/2025\/07\/1752742936_\u00a1Azul-de-espeluznante-Italia-vuela-a-las-semifinales-en-el.jpg\",\"width\":1500,\"height\":1000,\"caption\":\"Europei femminili semifinale\"},{\"@type\":\"BreadcrumbList\",\"@id\":\"https:\/\/stacatarina.mx\/consejos\/azul-de-espeluznante-italia-vuela-a-las-semifinales-en-el-campeonato-europeo-de-futbol-europeo-despues-de-28-anos\/#breadcrumb\",\"itemListElement\":[{\"@type\":\"ListItem\",\"position\":1,\"name\":\"Inicio\",\"item\":\"https:\/\/stacatarina.mx\/consejos\/\"},{\"@type\":\"ListItem\",\"position\":2,\"name\":\"\u00a1Azul de espeluznante! Italia vuela a las semifinales en el Campeonato Europeo de F\u00fatbol Europeo despu\u00e9s de 28 a\u00f1os\"}]},{\"@type\":\"WebSite\",\"@id\":\"https:\/\/stacatarina.mx\/consejos\/#website\",\"url\":\"https:\/\/stacatarina.mx\/consejos\/\",\"name\":\"Santa Catarina\",\"description\":\"\",\"publisher\":{\"@id\":\"https:\/\/stacatarina.mx\/consejos\/#organization\"},\"potentialAction\":[{\"@type\":\"SearchAction\",\"target\":{\"@type\":\"EntryPoint\",\"urlTemplate\":\"https:\/\/stacatarina.mx\/consejos\/?s={search_term_string}\"},\"query-input\":{\"@type\":\"PropertyValueSpecification\",\"valueRequired\":true,\"valueName\":\"search_term_string\"}}],\"inLanguage\":\"es\"},{\"@type\":\"Organization\",\"@id\":\"https:\/\/stacatarina.mx\/consejos\/#organization\",\"name\":\"Santa Catarina\",\"url\":\"https:\/\/stacatarina.mx\/consejos\/\",\"logo\":{\"@type\":\"ImageObject\",\"inLanguage\":\"es\",\"@id\":\"https:\/\/stacatarina.mx\/consejos\/#\/schema\/logo\/image\/\",\"url\":\"https:\/\/stacatarina.mx\/consejos\/wp-content\/uploads\/2024\/09\/cropped-favicon-1-1.png\",\"contentUrl\":\"https:\/\/stacatarina.mx\/consejos\/wp-content\/uploads\/2024\/09\/cropped-favicon-1-1.png\",\"width\":512,\"height\":512,\"caption\":\"Santa Catarina\"},\"image\":{\"@id\":\"https:\/\/stacatarina.mx\/consejos\/#\/schema\/logo\/image\/\"},\"sameAs\":[\"https:\/\/www.facebook.com\/stacatarinagob\/\",\"https:\/\/x.com\/stacatarinagob\",\"https:\/\/www.instagram.com\/stacatarinagob\/\",\"https:\/\/www.youtube.com\/channel\/UCK-6cQJL_904665N1_nLTWw\"]},{\"@type\":\"Person\",\"@id\":\"https:\/\/stacatarina.mx\/consejos\/#\/schema\/person\/0be60adffa8e4c4d0828fdf021450e8a\",\"name\":\"Pedro Mart\u00ednez\",\"image\":{\"@type\":\"ImageObject\",\"inLanguage\":\"es\",\"@id\":\"https:\/\/stacatarina.mx\/consejos\/#\/schema\/person\/image\/\",\"url\":\"https:\/\/stacatarina.mx\/consejos\/wp-content\/uploads\/2024\/09\/stacatarina.jpg\",\"contentUrl\":\"https:\/\/stacatarina.mx\/consejos\/wp-content\/uploads\/2024\/09\/stacatarina.jpg\",\"caption\":\"Pedro Mart\u00ednez\"},\"description\":\"Hola, soy Pedro Mart\u00ednez, redactor jefe del sitio oficial del ayuntamiento de Santa Catarina, en M\u00e9xico. Con m\u00e1s de diez a\u00f1os de experiencia en el periodismo local, tengo una pasi\u00f3n por la investigaci\u00f3n y la difusi\u00f3n de informaci\u00f3n que valoriza nuestra hermosa comunidad. Mi compromiso es hacer de Santa Catarina una referencia en materia de transparencia y comunicaci\u00f3n municipal.\",\"sameAs\":[\"https:\/\/stacatarina.mx\/\"]}]}<\/script>\n<!-- \/ Yoast SEO plugin. -->","yoast_head_json":{"title":"\u00a1Azul de espeluznante! Italia vuela a las semifinales en el Campeonato Europeo de F\u00fatbol Europeo despu\u00e9s de 28 a\u00f1os - Consejos - Santa Catarina","robots":{"index":"index","follow":"follow","max-snippet":"max-snippet:-1","max-image-preview":"max-image-preview:large","max-video-preview":"max-video-preview:-1"},"canonical":"https:\/\/stacatarina.mx\/consejos\/azul-de-espeluznante-italia-vuela-a-las-semifinales-en-el-campeonato-europeo-de-futbol-europeo-despues-de-28-anos\/","og_locale":"es_MX","og_type":"article","og_title":"\u00a1Azul de espeluznante! Italia vuela a las semifinales en el Campeonato Europeo de F\u00fatbol Europeo despu\u00e9s de 28 a\u00f1os - Consejos - Santa Catarina","og_description":"Despu\u00e9s Casi tres d\u00e9cadas, Italia femenina Volver para escribir la historia al europeoconquistando el semifinal con una victoria \u00e9pica contra el Noruega 2-1. Un objetivo","og_url":"https:\/\/stacatarina.mx\/consejos\/azul-de-espeluznante-italia-vuela-a-las-semifinales-en-el-campeonato-europeo-de-futbol-europeo-despues-de-28-anos\/","og_site_name":"Santa Catarina","article_publisher":"https:\/\/www.facebook.com\/stacatarinagob\/","article_published_time":"2025-07-17T09:02:15+00:00","article_modified_time":"2025-07-17T09:02:18+00:00","og_image":[{"width":1500,"height":1000,"url":"https:\/\/stacatarina.mx\/consejos\/wp-content\/uploads\/2025\/07\/1752742936_\u00a1Azul-de-espeluznante-Italia-vuela-a-las-semifinales-en-el.jpg","type":"image\/jpeg"}],"author":"Pedro Mart\u00ednez","twitter_card":"summary_large_image","twitter_creator":"@stacatarinagob","twitter_site":"@stacatarinagob","twitter_misc":{"Escrito por":"Pedro Mart\u00ednez","Tiempo de lectura":"2 minutos"},"schema":{"@context":"https:\/\/schema.org","@graph":[{"@type":"Article","@id":"https:\/\/stacatarina.mx\/consejos\/azul-de-espeluznante-italia-vuela-a-las-semifinales-en-el-campeonato-europeo-de-futbol-europeo-despues-de-28-anos\/#article","isPartOf":{"@id":"https:\/\/stacatarina.mx\/consejos\/azul-de-espeluznante-italia-vuela-a-las-semifinales-en-el-campeonato-europeo-de-futbol-europeo-despues-de-28-anos\/"},"author":{"name":"Pedro Mart\u00ednez","@id":"https:\/\/stacatarina.mx\/consejos\/#\/schema\/person\/0be60adffa8e4c4d0828fdf021450e8a"},"headline":"\u00a1Azul de espeluznante! Italia vuela a las semifinales en el Campeonato Europeo de F\u00fatbol Europeo despu\u00e9s de 28 a\u00f1os","datePublished":"2025-07-17T09:02:15+00:00","dateModified":"2025-07-17T09:02:18+00:00","mainEntityOfPage":{"@id":"https:\/\/stacatarina.mx\/consejos\/azul-de-espeluznante-italia-vuela-a-las-semifinales-en-el-campeonato-europeo-de-futbol-europeo-despues-de-28-anos\/"},"wordCount":460,"publisher":{"@id":"https:\/\/stacatarina.mx\/consejos\/#organization"},"image":{"@id":"https:\/\/stacatarina.mx\/consejos\/azul-de-espeluznante-italia-vuela-a-las-semifinales-en-el-campeonato-europeo-de-futbol-europeo-despues-de-28-anos\/#primaryimage"},"thumbnailUrl":"https:\/\/stacatarina.mx\/consejos\/wp-content\/uploads\/2025\/07\/1752742936_\u00a1Azul-de-espeluznante-Italia-vuela-a-las-semifinales-en-el.jpg","keywords":["a\u00f1os","azul","Campeonato","despu\u00e9s","espeluznante","europeo","f\u00fatbol","Italia","Las","semifinales","vuela"],"articleSection":["Salud"],"inLanguage":"es"},{"@type":"WebPage","@id":"https:\/\/stacatarina.mx\/consejos\/azul-de-espeluznante-italia-vuela-a-las-semifinales-en-el-campeonato-europeo-de-futbol-europeo-despues-de-28-anos\/","url":"https:\/\/stacatarina.mx\/consejos\/azul-de-espeluznante-italia-vuela-a-las-semifinales-en-el-campeonato-europeo-de-futbol-europeo-despues-de-28-anos\/","name":"\u00a1Azul de espeluznante! Italia vuela a las semifinales en el Campeonato Europeo de F\u00fatbol Europeo despu\u00e9s de 28 a\u00f1os - Consejos - Santa Catarina","isPartOf":{"@id":"https:\/\/stacatarina.mx\/consejos\/#website"},"primaryImageOfPage":{"@id":"https:\/\/stacatarina.mx\/consejos\/azul-de-espeluznante-italia-vuela-a-las-semifinales-en-el-campeonato-europeo-de-futbol-europeo-despues-de-28-anos\/#primaryimage"},"image":{"@id":"https:\/\/stacatarina.mx\/consejos\/azul-de-espeluznante-italia-vuela-a-las-semifinales-en-el-campeonato-europeo-de-futbol-europeo-despues-de-28-anos\/#primaryimage"},"thumbnailUrl":"https:\/\/stacatarina.mx\/consejos\/wp-content\/uploads\/2025\/07\/1752742936_\u00a1Azul-de-espeluznante-Italia-vuela-a-las-semifinales-en-el.jpg","datePublished":"2025-07-17T09:02:15+00:00","dateModified":"2025-07-17T09:02:18+00:00","breadcrumb":{"@id":"https:\/\/stacatarina.mx\/consejos\/azul-de-espeluznante-italia-vuela-a-las-semifinales-en-el-campeonato-europeo-de-futbol-europeo-despues-de-28-anos\/#breadcrumb"},"inLanguage":"es","potentialAction":[{"@type":"ReadAction","target":["https:\/\/stacatarina.mx\/consejos\/azul-de-espeluznante-italia-vuela-a-las-semifinales-en-el-campeonato-europeo-de-futbol-europeo-despues-de-28-anos\/"]}]},{"@type":"ImageObject","inLanguage":"es","@id":"https:\/\/stacatarina.mx\/consejos\/azul-de-espeluznante-italia-vuela-a-las-semifinales-en-el-campeonato-europeo-de-futbol-europeo-despues-de-28-anos\/#primaryimage","url":"https:\/\/stacatarina.mx\/consejos\/wp-content\/uploads\/2025\/07\/1752742936_\u00a1Azul-de-espeluznante-Italia-vuela-a-las-semifinales-en-el.jpg","contentUrl":"https:\/\/stacatarina.mx\/consejos\/wp-content\/uploads\/2025\/07\/1752742936_\u00a1Azul-de-espeluznante-Italia-vuela-a-las-semifinales-en-el.jpg","width":1500,"height":1000,"caption":"Europei femminili semifinale"},{"@type":"BreadcrumbList","@id":"https:\/\/stacatarina.mx\/consejos\/azul-de-espeluznante-italia-vuela-a-las-semifinales-en-el-campeonato-europeo-de-futbol-europeo-despues-de-28-anos\/#breadcrumb","itemListElement":[{"@type":"ListItem","position":1,"name":"Inicio","item":"https:\/\/stacatarina.mx\/consejos\/"},{"@type":"ListItem","position":2,"name":"\u00a1Azul de espeluznante! Italia vuela a las semifinales en el Campeonato Europeo de F\u00fatbol Europeo despu\u00e9s de 28 a\u00f1os"}]},{"@type":"WebSite","@id":"https:\/\/stacatarina.mx\/consejos\/#website","url":"https:\/\/stacatarina.mx\/consejos\/","name":"Santa Catarina","description":"","publisher":{"@id":"https:\/\/stacatarina.mx\/consejos\/#organization"},"potentialAction":[{"@type":"SearchAction","target":{"@type":"EntryPoint","urlTemplate":"https:\/\/stacatarina.mx\/consejos\/?s={search_term_string}"},"query-input":{"@type":"PropertyValueSpecification","valueRequired":true,"valueName":"search_term_string"}}],"inLanguage":"es"},{"@type":"Organization","@id":"https:\/\/stacatarina.mx\/consejos\/#organization","name":"Santa Catarina","url":"https:\/\/stacatarina.mx\/consejos\/","logo":{"@type":"ImageObject","inLanguage":"es","@id":"https:\/\/stacatarina.mx\/consejos\/#\/schema\/logo\/image\/","url":"https:\/\/stacatarina.mx\/consejos\/wp-content\/uploads\/2024\/09\/cropped-favicon-1-1.png","contentUrl":"https:\/\/stacatarina.mx\/consejos\/wp-content\/uploads\/2024\/09\/cropped-favicon-1-1.png","width":512,"height":512,"caption":"Santa Catarina"},"image":{"@id":"https:\/\/stacatarina.mx\/consejos\/#\/schema\/logo\/image\/"},"sameAs":["https:\/\/www.facebook.com\/stacatarinagob\/","https:\/\/x.com\/stacatarinagob","https:\/\/www.instagram.com\/stacatarinagob\/","https:\/\/www.youtube.com\/channel\/UCK-6cQJL_904665N1_nLTWw"]},{"@type":"Person","@id":"https:\/\/stacatarina.mx\/consejos\/#\/schema\/person\/0be60adffa8e4c4d0828fdf021450e8a","name":"Pedro Mart\u00ednez","image":{"@type":"ImageObject","inLanguage":"es","@id":"https:\/\/stacatarina.mx\/consejos\/#\/schema\/person\/image\/","url":"https:\/\/stacatarina.mx\/consejos\/wp-content\/uploads\/2024\/09\/stacatarina.jpg","contentUrl":"https:\/\/stacatarina.mx\/consejos\/wp-content\/uploads\/2024\/09\/stacatarina.jpg","caption":"Pedro Mart\u00ednez"},"description":"Hola, soy Pedro Mart\u00ednez, redactor jefe del sitio oficial del ayuntamiento de Santa Catarina, en M\u00e9xico. Con m\u00e1s de diez a\u00f1os de experiencia en el periodismo local, tengo una pasi\u00f3n por la investigaci\u00f3n y la difusi\u00f3n de informaci\u00f3n que valoriza nuestra hermosa comunidad. Mi compromiso es hacer de Santa Catarina una referencia en materia de transparencia y comunicaci\u00f3n municipal.","sameAs":["https:\/\/stacatarina.mx\/"]}]}},"_links":{"self":[{"href":"https:\/\/stacatarina.mx\/consejos\/wp-json\/wp\/v2\/posts\/4645"}],"collection":[{"href":"https:\/\/stacatarina.mx\/consejos\/wp-json\/wp\/v2\/posts"}],"about":[{"href":"https:\/\/stacatarina.mx\/consejos\/wp-json\/wp\/v2\/types\/post"}],"author":[{"embeddable":true,"href":"https:\/\/stacatarina.mx\/consejos\/wp-json\/wp\/v2\/users\/1"}],"replies":[{"embeddable":true,"href":"https:\/\/stacatarina.mx\/consejos\/wp-json\/wp\/v2\/comments?post=4645"}],"version-history":[{"count":1,"href":"https:\/\/stacatarina.mx\/consejos\/wp-json\/wp\/v2\/posts\/4645\/revisions"}],"predecessor-version":[{"id":4647,"href":"https:\/\/stacatarina.mx\/consejos\/wp-json\/wp\/v2\/posts\/4645\/revisions\/4647"}],"wp:featuredmedia":[{"embeddable":true,"href":"https:\/\/stacatarina.mx\/consejos\/wp-json\/wp\/v2\/media\/4646"}],"wp:attachment":[{"href":"https:\/\/stacatarina.mx\/consejos\/wp-json\/wp\/v2\/media?parent=4645"}],"wp:term":[{"taxonomy":"category","embeddable":true,"href":"https:\/\/stacatarina.mx\/consejos\/wp-json\/wp\/v2\/categories?post=4645"},{"taxonomy":"post_tag","embeddable":true,"href":"https:\/\/stacatarina.mx\/consejos\/wp-json\/wp\/v2\/tags?post=4645"}],"curies":[{"name":"wp","href":"https:\/\/api.w.org\/{rel}","templated":true}]}}