{"id":4883,"date":"2025-08-05T02:12:30","date_gmt":"2025-08-05T08:12:30","guid":{"rendered":"https:\/\/stacatarina.mx\/consejos\/la-nota-de-este-pure-de-tomate-se-ha-retirado-debido-a-la-presencia-de-un-cuerpo-extrano\/"},"modified":"2025-08-05T02:12:32","modified_gmt":"2025-08-05T08:12:32","slug":"la-nota-de-este-pure-de-tomate-se-ha-retirado-debido-a-la-presencia-de-un-cuerpo-extrano","status":"publish","type":"post","link":"https:\/\/stacatarina.mx\/consejos\/la-nota-de-este-pure-de-tomate-se-ha-retirado-debido-a-la-presencia-de-un-cuerpo-extrano\/","title":{"rendered":"La nota de este pur\u00e9 de tomate se ha retirado debido a la presencia de un cuerpo extra\u00f1o"},"content":{"rendered":"<p>Los supermercados de Dec\u00f2 han anunciado el retiro de uno de los productos m\u00e1s utilizados en las cocinas italianas: el pur\u00e9 de tomate. En particular, es un pur\u00e9 de tomates Datterini que se ha retirado del mercado por la posible presencia de un cuerpo extranjero. Una medida adoptada como precauci\u00f3n, para proteger la seguridad del consumidor.<\/p>\n<p>Averigamos todos los detalles \u00fatiles para reconocer el producto.<\/p>\n<h2>El pasado record\u00f3, todos los detalles<\/h2>\n<p>El paso de Datterino sujeto a la llamada se vende con la marca Granoro dedicada, en botellas de vidrio de 350 gramos. El lote en cuesti\u00f3n se identifica con el c\u00f3digo M214, con una fecha l\u00edmite m\u00ednima de almacenamiento (TMC) establecida al 31 de diciembre de 2026.<\/p>\n<p>El producto se realiz\u00f3 en la planta de Scafati, en la provincia de Salerno, de la Compa\u00f1\u00eda Formica SRL en nombre de la Pastificio A. Mastromouro Granoro SRL, que comercializa la l\u00ednea &#8220;dedicada&#8221;, que siempre se ha presentado como una expresi\u00f3n de la cadena de suministro del 100% apuliana.<\/p>\n<p>La llamada se organiz\u00f3 como precauci\u00f3n debido a la presencia de un cuerpo extra\u00f1o no especificado, lo que podr\u00eda comprometer la seguridad del producto.<\/p>\n<div id=\"attachment_1250536\" style=\"width: 629px\" class=\"wp-caption aligncenter\"><\/div>\n<p>Aunque la alerta fue lanzada por Dec\u00f2, el producto tambi\u00e9n estaba a la venta en otros supermercados, por lo que la llamada afecta a todos los consumidores que pueden haber comprado este pase, independientemente de la tienda.<\/p>\n<p>En cualquier caso, el consejo sigue siendo el mismo: verifique cuidadosamente el lote en el embalaje y, si corresponde al M214, no consuma el producto, pero devu\u00e9lvalo para que tenga un reembolso o un reemplazo.<\/p><\/p>\n","protected":false},"excerpt":{"rendered":"<p>Los supermercados de Dec\u00f2 han anunciado el retiro de uno de los productos m\u00e1s utilizados en las cocinas italianas: el pur\u00e9 de tomate. En particular,<\/p>\n","protected":false},"author":1,"featured_media":4884,"comment_status":"closed","ping_status":"","sticky":false,"template":"","format":"standard","meta":{"footnotes":""},"categories":[762],"tags":[405,903,339,5663,4595,3166,1510,1862,3343],"class_list":["post-4883","post","type-post","status-publish","format-standard","has-post-thumbnail","hentry","category-salud","tag-cuerpo","tag-debido","tag-este","tag-extrano","tag-nota","tag-presencia","tag-pure","tag-retirado","tag-tomate","generate-columns","tablet-grid-50","mobile-grid-100","grid-parent","grid-50"],"yoast_head":"<!-- This site is optimized with the Yoast SEO plugin v23.4 - https:\/\/yoast.com\/wordpress\/plugins\/seo\/ -->\n<title>La nota de este pur\u00e9 de tomate se ha retirado debido a la presencia de un cuerpo extra\u00f1o - Consejos - Santa Catarina<\/title>\n<meta name=\"robots\" content=\"index, follow, max-snippet:-1, max-image-preview:large, max-video-preview:-1\" \/>\n<link rel=\"canonical\" href=\"https:\/\/stacatarina.mx\/consejos\/la-nota-de-este-pure-de-tomate-se-ha-retirado-debido-a-la-presencia-de-un-cuerpo-extrano\/\" \/>\n<meta property=\"og:locale\" content=\"es_MX\" \/>\n<meta property=\"og:type\" content=\"article\" \/>\n<meta property=\"og:title\" content=\"La nota de este pur\u00e9 de tomate se ha retirado debido a la presencia de un cuerpo extra\u00f1o - Consejos - Santa Catarina\" \/>\n<meta property=\"og:description\" content=\"Los supermercados de Dec\u00f2 han anunciado el retiro de uno de los productos m\u00e1s utilizados en las cocinas italianas: el pur\u00e9 de tomate. En particular,\" \/>\n<meta property=\"og:url\" content=\"https:\/\/stacatarina.mx\/consejos\/la-nota-de-este-pure-de-tomate-se-ha-retirado-debido-a-la-presencia-de-un-cuerpo-extrano\/\" \/>\n<meta property=\"og:site_name\" content=\"Santa Catarina\" \/>\n<meta property=\"article:publisher\" content=\"https:\/\/www.facebook.com\/stacatarinagob\/\" \/>\n<meta property=\"article:published_time\" content=\"2025-08-05T08:12:30+00:00\" \/>\n<meta property=\"article:modified_time\" content=\"2025-08-05T08:12:32+00:00\" \/>\n<meta property=\"og:image\" content=\"https:\/\/stacatarina.mx\/consejos\/wp-content\/uploads\/2025\/08\/1754381551_La-nota-de-este-pure-de-tomate-se-ha-retirado.jpg\" \/>\n\t<meta property=\"og:image:width\" content=\"1500\" \/>\n\t<meta property=\"og:image:height\" content=\"1000\" \/>\n\t<meta property=\"og:image:type\" content=\"image\/jpeg\" \/>\n<meta name=\"author\" content=\"Pedro Mart\u00ednez\" \/>\n<meta name=\"twitter:card\" content=\"summary_large_image\" \/>\n<meta name=\"twitter:creator\" content=\"@stacatarinagob\" \/>\n<meta name=\"twitter:site\" content=\"@stacatarinagob\" \/>\n<meta name=\"twitter:label1\" content=\"Escrito por\" \/>\n\t<meta name=\"twitter:data1\" content=\"Pedro Mart\u00ednez\" \/>\n\t<meta name=\"twitter:label2\" content=\"Tiempo de lectura\" \/>\n\t<meta name=\"twitter:data2\" content=\"1 minuto\" \/>\n<script type=\"application\/ld+json\" class=\"yoast-schema-graph\">{\"@context\":\"https:\/\/schema.org\",\"@graph\":[{\"@type\":\"Article\",\"@id\":\"https:\/\/stacatarina.mx\/consejos\/la-nota-de-este-pure-de-tomate-se-ha-retirado-debido-a-la-presencia-de-un-cuerpo-extrano\/#article\",\"isPartOf\":{\"@id\":\"https:\/\/stacatarina.mx\/consejos\/la-nota-de-este-pure-de-tomate-se-ha-retirado-debido-a-la-presencia-de-un-cuerpo-extrano\/\"},\"author\":{\"name\":\"Pedro Mart\u00ednez\",\"@id\":\"https:\/\/stacatarina.mx\/consejos\/#\/schema\/person\/0be60adffa8e4c4d0828fdf021450e8a\"},\"headline\":\"La nota de este pur\u00e9 de tomate se ha retirado debido a la presencia de un cuerpo extra\u00f1o\",\"datePublished\":\"2025-08-05T08:12:30+00:00\",\"dateModified\":\"2025-08-05T08:12:32+00:00\",\"mainEntityOfPage\":{\"@id\":\"https:\/\/stacatarina.mx\/consejos\/la-nota-de-este-pure-de-tomate-se-ha-retirado-debido-a-la-presencia-de-un-cuerpo-extrano\/\"},\"wordCount\":292,\"publisher\":{\"@id\":\"https:\/\/stacatarina.mx\/consejos\/#organization\"},\"image\":{\"@id\":\"https:\/\/stacatarina.mx\/consejos\/la-nota-de-este-pure-de-tomate-se-ha-retirado-debido-a-la-presencia-de-un-cuerpo-extrano\/#primaryimage\"},\"thumbnailUrl\":\"https:\/\/stacatarina.mx\/consejos\/wp-content\/uploads\/2025\/08\/1754381551_La-nota-de-este-pure-de-tomate-se-ha-retirado.jpg\",\"keywords\":[\"cuerpo\",\"debido\",\"este\",\"extra\u00f1o\",\"nota\",\"presencia\",\"pur\u00e9\",\"retirado\",\"tomate\"],\"articleSection\":[\"Salud\"],\"inLanguage\":\"es\"},{\"@type\":\"WebPage\",\"@id\":\"https:\/\/stacatarina.mx\/consejos\/la-nota-de-este-pure-de-tomate-se-ha-retirado-debido-a-la-presencia-de-un-cuerpo-extrano\/\",\"url\":\"https:\/\/stacatarina.mx\/consejos\/la-nota-de-este-pure-de-tomate-se-ha-retirado-debido-a-la-presencia-de-un-cuerpo-extrano\/\",\"name\":\"La nota de este pur\u00e9 de tomate se ha retirado debido a la presencia de un cuerpo extra\u00f1o - Consejos - Santa Catarina\",\"isPartOf\":{\"@id\":\"https:\/\/stacatarina.mx\/consejos\/#website\"},\"primaryImageOfPage\":{\"@id\":\"https:\/\/stacatarina.mx\/consejos\/la-nota-de-este-pure-de-tomate-se-ha-retirado-debido-a-la-presencia-de-un-cuerpo-extrano\/#primaryimage\"},\"image\":{\"@id\":\"https:\/\/stacatarina.mx\/consejos\/la-nota-de-este-pure-de-tomate-se-ha-retirado-debido-a-la-presencia-de-un-cuerpo-extrano\/#primaryimage\"},\"thumbnailUrl\":\"https:\/\/stacatarina.mx\/consejos\/wp-content\/uploads\/2025\/08\/1754381551_La-nota-de-este-pure-de-tomate-se-ha-retirado.jpg\",\"datePublished\":\"2025-08-05T08:12:30+00:00\",\"dateModified\":\"2025-08-05T08:12:32+00:00\",\"breadcrumb\":{\"@id\":\"https:\/\/stacatarina.mx\/consejos\/la-nota-de-este-pure-de-tomate-se-ha-retirado-debido-a-la-presencia-de-un-cuerpo-extrano\/#breadcrumb\"},\"inLanguage\":\"es\",\"potentialAction\":[{\"@type\":\"ReadAction\",\"target\":[\"https:\/\/stacatarina.mx\/consejos\/la-nota-de-este-pure-de-tomate-se-ha-retirado-debido-a-la-presencia-de-un-cuerpo-extrano\/\"]}]},{\"@type\":\"ImageObject\",\"inLanguage\":\"es\",\"@id\":\"https:\/\/stacatarina.mx\/consejos\/la-nota-de-este-pure-de-tomate-se-ha-retirado-debido-a-la-presencia-de-un-cuerpo-extrano\/#primaryimage\",\"url\":\"https:\/\/stacatarina.mx\/consejos\/wp-content\/uploads\/2025\/08\/1754381551_La-nota-de-este-pure-de-tomate-se-ha-retirado.jpg\",\"contentUrl\":\"https:\/\/stacatarina.mx\/consejos\/wp-content\/uploads\/2025\/08\/1754381551_La-nota-de-este-pure-de-tomate-se-ha-retirado.jpg\",\"width\":1500,\"height\":1000,\"caption\":\"allerta passate di pomodori\"},{\"@type\":\"BreadcrumbList\",\"@id\":\"https:\/\/stacatarina.mx\/consejos\/la-nota-de-este-pure-de-tomate-se-ha-retirado-debido-a-la-presencia-de-un-cuerpo-extrano\/#breadcrumb\",\"itemListElement\":[{\"@type\":\"ListItem\",\"position\":1,\"name\":\"Inicio\",\"item\":\"https:\/\/stacatarina.mx\/consejos\/\"},{\"@type\":\"ListItem\",\"position\":2,\"name\":\"La nota de este pur\u00e9 de tomate se ha retirado debido a la presencia de un cuerpo extra\u00f1o\"}]},{\"@type\":\"WebSite\",\"@id\":\"https:\/\/stacatarina.mx\/consejos\/#website\",\"url\":\"https:\/\/stacatarina.mx\/consejos\/\",\"name\":\"Santa Catarina\",\"description\":\"\",\"publisher\":{\"@id\":\"https:\/\/stacatarina.mx\/consejos\/#organization\"},\"potentialAction\":[{\"@type\":\"SearchAction\",\"target\":{\"@type\":\"EntryPoint\",\"urlTemplate\":\"https:\/\/stacatarina.mx\/consejos\/?s={search_term_string}\"},\"query-input\":{\"@type\":\"PropertyValueSpecification\",\"valueRequired\":true,\"valueName\":\"search_term_string\"}}],\"inLanguage\":\"es\"},{\"@type\":\"Organization\",\"@id\":\"https:\/\/stacatarina.mx\/consejos\/#organization\",\"name\":\"Santa Catarina\",\"url\":\"https:\/\/stacatarina.mx\/consejos\/\",\"logo\":{\"@type\":\"ImageObject\",\"inLanguage\":\"es\",\"@id\":\"https:\/\/stacatarina.mx\/consejos\/#\/schema\/logo\/image\/\",\"url\":\"https:\/\/stacatarina.mx\/consejos\/wp-content\/uploads\/2024\/09\/cropped-favicon-1-1.png\",\"contentUrl\":\"https:\/\/stacatarina.mx\/consejos\/wp-content\/uploads\/2024\/09\/cropped-favicon-1-1.png\",\"width\":512,\"height\":512,\"caption\":\"Santa Catarina\"},\"image\":{\"@id\":\"https:\/\/stacatarina.mx\/consejos\/#\/schema\/logo\/image\/\"},\"sameAs\":[\"https:\/\/www.facebook.com\/stacatarinagob\/\",\"https:\/\/x.com\/stacatarinagob\",\"https:\/\/www.instagram.com\/stacatarinagob\/\",\"https:\/\/www.youtube.com\/channel\/UCK-6cQJL_904665N1_nLTWw\"]},{\"@type\":\"Person\",\"@id\":\"https:\/\/stacatarina.mx\/consejos\/#\/schema\/person\/0be60adffa8e4c4d0828fdf021450e8a\",\"name\":\"Pedro Mart\u00ednez\",\"image\":{\"@type\":\"ImageObject\",\"inLanguage\":\"es\",\"@id\":\"https:\/\/stacatarina.mx\/consejos\/#\/schema\/person\/image\/\",\"url\":\"https:\/\/stacatarina.mx\/consejos\/wp-content\/uploads\/2024\/09\/stacatarina.jpg\",\"contentUrl\":\"https:\/\/stacatarina.mx\/consejos\/wp-content\/uploads\/2024\/09\/stacatarina.jpg\",\"caption\":\"Pedro Mart\u00ednez\"},\"description\":\"Hola, soy Pedro Mart\u00ednez, redactor jefe del sitio oficial del ayuntamiento de Santa Catarina, en M\u00e9xico. Con m\u00e1s de diez a\u00f1os de experiencia en el periodismo local, tengo una pasi\u00f3n por la investigaci\u00f3n y la difusi\u00f3n de informaci\u00f3n que valoriza nuestra hermosa comunidad. Mi compromiso es hacer de Santa Catarina una referencia en materia de transparencia y comunicaci\u00f3n municipal.\",\"sameAs\":[\"https:\/\/stacatarina.mx\/\"]}]}<\/script>\n<!-- \/ Yoast SEO plugin. -->","yoast_head_json":{"title":"La nota de este pur\u00e9 de tomate se ha retirado debido a la presencia de un cuerpo extra\u00f1o - Consejos - Santa Catarina","robots":{"index":"index","follow":"follow","max-snippet":"max-snippet:-1","max-image-preview":"max-image-preview:large","max-video-preview":"max-video-preview:-1"},"canonical":"https:\/\/stacatarina.mx\/consejos\/la-nota-de-este-pure-de-tomate-se-ha-retirado-debido-a-la-presencia-de-un-cuerpo-extrano\/","og_locale":"es_MX","og_type":"article","og_title":"La nota de este pur\u00e9 de tomate se ha retirado debido a la presencia de un cuerpo extra\u00f1o - Consejos - Santa Catarina","og_description":"Los supermercados de Dec\u00f2 han anunciado el retiro de uno de los productos m\u00e1s utilizados en las cocinas italianas: el pur\u00e9 de tomate. En particular,","og_url":"https:\/\/stacatarina.mx\/consejos\/la-nota-de-este-pure-de-tomate-se-ha-retirado-debido-a-la-presencia-de-un-cuerpo-extrano\/","og_site_name":"Santa Catarina","article_publisher":"https:\/\/www.facebook.com\/stacatarinagob\/","article_published_time":"2025-08-05T08:12:30+00:00","article_modified_time":"2025-08-05T08:12:32+00:00","og_image":[{"width":1500,"height":1000,"url":"https:\/\/stacatarina.mx\/consejos\/wp-content\/uploads\/2025\/08\/1754381551_La-nota-de-este-pure-de-tomate-se-ha-retirado.jpg","type":"image\/jpeg"}],"author":"Pedro Mart\u00ednez","twitter_card":"summary_large_image","twitter_creator":"@stacatarinagob","twitter_site":"@stacatarinagob","twitter_misc":{"Escrito por":"Pedro Mart\u00ednez","Tiempo de lectura":"1 minuto"},"schema":{"@context":"https:\/\/schema.org","@graph":[{"@type":"Article","@id":"https:\/\/stacatarina.mx\/consejos\/la-nota-de-este-pure-de-tomate-se-ha-retirado-debido-a-la-presencia-de-un-cuerpo-extrano\/#article","isPartOf":{"@id":"https:\/\/stacatarina.mx\/consejos\/la-nota-de-este-pure-de-tomate-se-ha-retirado-debido-a-la-presencia-de-un-cuerpo-extrano\/"},"author":{"name":"Pedro Mart\u00ednez","@id":"https:\/\/stacatarina.mx\/consejos\/#\/schema\/person\/0be60adffa8e4c4d0828fdf021450e8a"},"headline":"La nota de este pur\u00e9 de tomate se ha retirado debido a la presencia de un cuerpo extra\u00f1o","datePublished":"2025-08-05T08:12:30+00:00","dateModified":"2025-08-05T08:12:32+00:00","mainEntityOfPage":{"@id":"https:\/\/stacatarina.mx\/consejos\/la-nota-de-este-pure-de-tomate-se-ha-retirado-debido-a-la-presencia-de-un-cuerpo-extrano\/"},"wordCount":292,"publisher":{"@id":"https:\/\/stacatarina.mx\/consejos\/#organization"},"image":{"@id":"https:\/\/stacatarina.mx\/consejos\/la-nota-de-este-pure-de-tomate-se-ha-retirado-debido-a-la-presencia-de-un-cuerpo-extrano\/#primaryimage"},"thumbnailUrl":"https:\/\/stacatarina.mx\/consejos\/wp-content\/uploads\/2025\/08\/1754381551_La-nota-de-este-pure-de-tomate-se-ha-retirado.jpg","keywords":["cuerpo","debido","este","extra\u00f1o","nota","presencia","pur\u00e9","retirado","tomate"],"articleSection":["Salud"],"inLanguage":"es"},{"@type":"WebPage","@id":"https:\/\/stacatarina.mx\/consejos\/la-nota-de-este-pure-de-tomate-se-ha-retirado-debido-a-la-presencia-de-un-cuerpo-extrano\/","url":"https:\/\/stacatarina.mx\/consejos\/la-nota-de-este-pure-de-tomate-se-ha-retirado-debido-a-la-presencia-de-un-cuerpo-extrano\/","name":"La nota de este pur\u00e9 de tomate se ha retirado debido a la presencia de un cuerpo extra\u00f1o - Consejos - Santa Catarina","isPartOf":{"@id":"https:\/\/stacatarina.mx\/consejos\/#website"},"primaryImageOfPage":{"@id":"https:\/\/stacatarina.mx\/consejos\/la-nota-de-este-pure-de-tomate-se-ha-retirado-debido-a-la-presencia-de-un-cuerpo-extrano\/#primaryimage"},"image":{"@id":"https:\/\/stacatarina.mx\/consejos\/la-nota-de-este-pure-de-tomate-se-ha-retirado-debido-a-la-presencia-de-un-cuerpo-extrano\/#primaryimage"},"thumbnailUrl":"https:\/\/stacatarina.mx\/consejos\/wp-content\/uploads\/2025\/08\/1754381551_La-nota-de-este-pure-de-tomate-se-ha-retirado.jpg","datePublished":"2025-08-05T08:12:30+00:00","dateModified":"2025-08-05T08:12:32+00:00","breadcrumb":{"@id":"https:\/\/stacatarina.mx\/consejos\/la-nota-de-este-pure-de-tomate-se-ha-retirado-debido-a-la-presencia-de-un-cuerpo-extrano\/#breadcrumb"},"inLanguage":"es","potentialAction":[{"@type":"ReadAction","target":["https:\/\/stacatarina.mx\/consejos\/la-nota-de-este-pure-de-tomate-se-ha-retirado-debido-a-la-presencia-de-un-cuerpo-extrano\/"]}]},{"@type":"ImageObject","inLanguage":"es","@id":"https:\/\/stacatarina.mx\/consejos\/la-nota-de-este-pure-de-tomate-se-ha-retirado-debido-a-la-presencia-de-un-cuerpo-extrano\/#primaryimage","url":"https:\/\/stacatarina.mx\/consejos\/wp-content\/uploads\/2025\/08\/1754381551_La-nota-de-este-pure-de-tomate-se-ha-retirado.jpg","contentUrl":"https:\/\/stacatarina.mx\/consejos\/wp-content\/uploads\/2025\/08\/1754381551_La-nota-de-este-pure-de-tomate-se-ha-retirado.jpg","width":1500,"height":1000,"caption":"allerta passate di pomodori"},{"@type":"BreadcrumbList","@id":"https:\/\/stacatarina.mx\/consejos\/la-nota-de-este-pure-de-tomate-se-ha-retirado-debido-a-la-presencia-de-un-cuerpo-extrano\/#breadcrumb","itemListElement":[{"@type":"ListItem","position":1,"name":"Inicio","item":"https:\/\/stacatarina.mx\/consejos\/"},{"@type":"ListItem","position":2,"name":"La nota de este pur\u00e9 de tomate se ha retirado debido a la presencia de un cuerpo extra\u00f1o"}]},{"@type":"WebSite","@id":"https:\/\/stacatarina.mx\/consejos\/#website","url":"https:\/\/stacatarina.mx\/consejos\/","name":"Santa Catarina","description":"","publisher":{"@id":"https:\/\/stacatarina.mx\/consejos\/#organization"},"potentialAction":[{"@type":"SearchAction","target":{"@type":"EntryPoint","urlTemplate":"https:\/\/stacatarina.mx\/consejos\/?s={search_term_string}"},"query-input":{"@type":"PropertyValueSpecification","valueRequired":true,"valueName":"search_term_string"}}],"inLanguage":"es"},{"@type":"Organization","@id":"https:\/\/stacatarina.mx\/consejos\/#organization","name":"Santa Catarina","url":"https:\/\/stacatarina.mx\/consejos\/","logo":{"@type":"ImageObject","inLanguage":"es","@id":"https:\/\/stacatarina.mx\/consejos\/#\/schema\/logo\/image\/","url":"https:\/\/stacatarina.mx\/consejos\/wp-content\/uploads\/2024\/09\/cropped-favicon-1-1.png","contentUrl":"https:\/\/stacatarina.mx\/consejos\/wp-content\/uploads\/2024\/09\/cropped-favicon-1-1.png","width":512,"height":512,"caption":"Santa Catarina"},"image":{"@id":"https:\/\/stacatarina.mx\/consejos\/#\/schema\/logo\/image\/"},"sameAs":["https:\/\/www.facebook.com\/stacatarinagob\/","https:\/\/x.com\/stacatarinagob","https:\/\/www.instagram.com\/stacatarinagob\/","https:\/\/www.youtube.com\/channel\/UCK-6cQJL_904665N1_nLTWw"]},{"@type":"Person","@id":"https:\/\/stacatarina.mx\/consejos\/#\/schema\/person\/0be60adffa8e4c4d0828fdf021450e8a","name":"Pedro Mart\u00ednez","image":{"@type":"ImageObject","inLanguage":"es","@id":"https:\/\/stacatarina.mx\/consejos\/#\/schema\/person\/image\/","url":"https:\/\/stacatarina.mx\/consejos\/wp-content\/uploads\/2024\/09\/stacatarina.jpg","contentUrl":"https:\/\/stacatarina.mx\/consejos\/wp-content\/uploads\/2024\/09\/stacatarina.jpg","caption":"Pedro Mart\u00ednez"},"description":"Hola, soy Pedro Mart\u00ednez, redactor jefe del sitio oficial del ayuntamiento de Santa Catarina, en M\u00e9xico. Con m\u00e1s de diez a\u00f1os de experiencia en el periodismo local, tengo una pasi\u00f3n por la investigaci\u00f3n y la difusi\u00f3n de informaci\u00f3n que valoriza nuestra hermosa comunidad. Mi compromiso es hacer de Santa Catarina una referencia en materia de transparencia y comunicaci\u00f3n municipal.","sameAs":["https:\/\/stacatarina.mx\/"]}]}},"_links":{"self":[{"href":"https:\/\/stacatarina.mx\/consejos\/wp-json\/wp\/v2\/posts\/4883"}],"collection":[{"href":"https:\/\/stacatarina.mx\/consejos\/wp-json\/wp\/v2\/posts"}],"about":[{"href":"https:\/\/stacatarina.mx\/consejos\/wp-json\/wp\/v2\/types\/post"}],"author":[{"embeddable":true,"href":"https:\/\/stacatarina.mx\/consejos\/wp-json\/wp\/v2\/users\/1"}],"replies":[{"embeddable":true,"href":"https:\/\/stacatarina.mx\/consejos\/wp-json\/wp\/v2\/comments?post=4883"}],"version-history":[{"count":1,"href":"https:\/\/stacatarina.mx\/consejos\/wp-json\/wp\/v2\/posts\/4883\/revisions"}],"predecessor-version":[{"id":4885,"href":"https:\/\/stacatarina.mx\/consejos\/wp-json\/wp\/v2\/posts\/4883\/revisions\/4885"}],"wp:featuredmedia":[{"embeddable":true,"href":"https:\/\/stacatarina.mx\/consejos\/wp-json\/wp\/v2\/media\/4884"}],"wp:attachment":[{"href":"https:\/\/stacatarina.mx\/consejos\/wp-json\/wp\/v2\/media?parent=4883"}],"wp:term":[{"taxonomy":"category","embeddable":true,"href":"https:\/\/stacatarina.mx\/consejos\/wp-json\/wp\/v2\/categories?post=4883"},{"taxonomy":"post_tag","embeddable":true,"href":"https:\/\/stacatarina.mx\/consejos\/wp-json\/wp\/v2\/tags?post=4883"}],"curies":[{"name":"wp","href":"https:\/\/api.w.org\/{rel}","templated":true}]}}