{"id":5192,"date":"2025-09-02T08:25:27","date_gmt":"2025-09-02T14:25:27","guid":{"rendered":"https:\/\/stacatarina.mx\/consejos\/estas-son-las-10-buenas-intenciones-de-septiembre-para-comenzar-el-ano-nuevo-de-la-mejor-manera-2\/"},"modified":"2025-09-02T08:25:32","modified_gmt":"2025-09-02T14:25:32","slug":"estas-son-las-10-buenas-intenciones-de-septiembre-para-comenzar-el-ano-nuevo-de-la-mejor-manera-2","status":"publish","type":"post","link":"https:\/\/stacatarina.mx\/consejos\/estas-son-las-10-buenas-intenciones-de-septiembre-para-comenzar-el-ano-nuevo-de-la-mejor-manera-2\/","title":{"rendered":"Estas son las 10 buenas intenciones de septiembre, para comenzar el a\u00f1o nuevo de la mejor manera"},"content":{"rendered":"<p><\/p>\n<p>\u00bfCu\u00e1ndo comienza el a\u00f1o nuevo en su opini\u00f3n? En enero o septiembre? Justo en septiembre, al regresar de las vacaciones, puede convertirse en un gran mes dar un impulso de energ\u00eda a su vida y comenzar sus actividades diarias nuevamente, agregando algunas noticias hermosas e interesantes.<\/p>\n<p>Por ejemplo, puede decidir pasar m\u00e1s tiempo con sus hijos y amigos, seguir un estilo de vida m\u00e1s saludable y inscribirse en un curso que lo haga sentir bien y que le permita divertirse. Todas las buenas intenciones de cultivar y llevar a cabo constantemente.<\/p>\n<p>En los \u00faltimos a\u00f1os, cada vez m\u00e1s personas han comenzado a considerar septiembre como el verdadero comienzo de a\u00f1o, tambi\u00e9n gracias a la creciente atenci\u00f3n a temas como el bienestar mental y el equilibrio entre el trabajo y la vida. No es sorprendente que muchas empresas ahora planifiquen nuevas estrategias y actividades en este mes, precisamente porque saben que es el per\u00edodo en el que la motivaci\u00f3n personal es mayor.<\/p>\n<p>Aqu\u00ed hay algunos consejos \u00fatiles para comenzar de nuevo este septiembre.<\/p>\n<h2>Quitar la casa<\/h2>\n<p>Una casa limpia y ordenada es un buen punto de partida para reorganizar la vida diaria. Es mejor ordenar con la ayuda de toda la familia para evitar hormiguear innecesariamente. Es hora de deshacerse de las cosas viejas y dejar espacio para las noticias que llegar\u00e1n pronto.<\/p>\n<p>No solo hay que ordenar la casa: incluso los tel\u00e9fonos inteligentes, las computadoras y los correos electr\u00f3nicos pueden convertirse en un caos. Septiembre es el mes ideal para ordenar archivos in\u00fatiles, inscripciones de bolet\u00edn que ya no leemos y carpetas llenas de documentos olvidados. Un espacio digital limpio ayuda a funcionar y vivir m\u00e1s a la ligera.<\/p>\n<p>  Decluttering: c\u00f3mo deshacerse de lo superfluo para vivir mejor<\/p>\n<h2>Hacer pan<\/h2>\n<p>\u00bfQuieres insertar un nuevo h\u00e1bito en tu vida diaria? Entonces podr\u00eda comenzar a preparar el pan en casa en lugar de comprarlo. Preparar el pan en casa lo traer\u00e1 de vuelta a conocer a Ancient y le permitir\u00e1 personalizar cada receta en funci\u00f3n de sus gustos.<\/p>\n<p>  Pan casero: recetas y trucos para hacerlo perfectamente<\/p>\n<h2>Empiece a escribir un diario<\/h2>\n<p>Escribir un diario es una forma de dejar el vapor y una buena idea para recordar algunos detalles de nuestros d\u00edas que de otro modo nos escapar\u00edan. Con su diario, puede decidir recordar los sue\u00f1os o tener en cuenta el d\u00eda tras d\u00eda de las oraciones de gratitud hacia los dem\u00e1s y hacia la vida.<\/p>\n<p>Adem\u00e1s del cl\u00e1sico diario de papel, hoy hay aplicaciones que ayudan a monitorear el estado de \u00e1nimo, los h\u00e1bitos o la productividad. Desde aplicaciones para la meditaci\u00f3n hasta aquellos para la gesti\u00f3n del tiempo, puede convertirse en una forma pr\u00e1ctica de permanecer constante y motivada.<\/p>\n<p>  Diario de gratitud: c\u00f3mo y por qu\u00e9 comenzar a escribir uno<\/p>\n<h2>Programa un viaje<\/h2>\n<p>\u00bfC\u00f3mo mejorar del &#8216;trauma&#8217; del regreso de las vacaciones? La soluci\u00f3n es realmente simple: programar otro viaje. Un fin de semana fuera de la ciudad es suficiente con una nueva ciudad para ser descubierto para saborear lo agradable que es organizar los itinerarios y el empaque.<\/p>\n<h2>Inscr\u00edbase en un curso creativo<\/h2>\n<p>Quiz\u00e1s en los \u00faltimos tiempos has descuidado tu creatividad. Luego, septiembre, con el comienzo de muchos cursos nuevos organizados en varias ciudades, es realmente el momento adecuado para recuperarse, entre cursos de pintura, cer\u00e1mica, dibujo, terapia de arte y autoproducci\u00f3n solo ser\u00e1 estropeado para elegir.<\/p>\n<p>  Terapia Mandala: c\u00f3mo encontrar el equilibrio al colorear<\/p>\n<h2>Empiece a practicar deportes<\/h2>\n<p>Septiembre tambi\u00e9n es el mes en que los cursos deportivos comienzan nuevamente y tambi\u00e9n en este caso puede elegir su actividad favorita. En general, todos necesitamos movernos m\u00e1s. Puedes elegir un deporte de equipo, un curso de nataci\u00f3n o un curso de baile, por ejemplo. O puede decidir comenzar a correr o en bicicleta regularmente, pero tendr\u00e1 que mantener el compromiso y olvidar la pereza.<\/p>\n<p>Septiembre tambi\u00e9n es el mes en que las ciudades y las ciudades comienzan de nuevo con festivales, festivales, revisiones culturales e iniciativas de vecindarios. Una oportunidad perfecta para salir de la casa, conocer gente nueva y encontrar el placer de la sociabilidad de que durante el verano tal vez has estado un poco disperso.<\/p>\n<h2>Relajarse<\/h2>\n<p>El estr\u00e9s excesivo siempre est\u00e1 a la vuelta de la esquina, por lo tanto, ya en septiembre, el consejo es planificar su estrategia de relajaci\u00f3n al recordar la importancia de hacer caminatas relajantes en las actividades de caridad verde y practicar como yoga, meditaci\u00f3n o tai-chi.<\/p>\n<h2>Sigue una dieta m\u00e1s saludable<\/h2>\n<p>No olvide asociarse con la actividad f\u00edsica, la elecci\u00f3n de una dieta adecuada que sea saludable al mismo tiempo y que le permita mantener su nivel de energ\u00eda en la vida cotidiana. Si desea perder peso o tiene dudas sobre la nutrici\u00f3n adecuada, le sugerimos que se comunique con un experto.<\/p>\n<h2>Aprende un nuevo idioma<\/h2>\n<p>Aprender un nuevo idioma mantiene el cerebro en la capacitaci\u00f3n, pero tambi\u00e9n es muy \u00fatil en varios frentes, por ejemplo, a nivel escolar, para sentirse c\u00f3modo durante un viaje al extranjero y tener un equipo adicional en el trabajo o en la b\u00fasqueda de una nueva ocupaci\u00f3n.<\/p>\n<p>  10 palabras de amor intraductables pero con un significado verdaderamente profundo<\/p>\n<h2>Establecer un objetivo importante<\/h2>\n<p>Si no tuvi\u00e9ramos un objetivo importante que llegar tal vez nuestros d\u00edas se deslizar\u00edan uno tras otro casi sin sentido. Aqu\u00ed entonces es realmente esencial arreglar un objetivo que est\u00e9 cerca de ti. Se puede vincular a la familia, el trabajo, las amistades o la salud y debe ser el impulso que cada d\u00eda durante el pr\u00f3ximo a\u00f1o lo ayudar\u00e1 a levantarse de la cama por la ma\u00f1ana con una sonrisa y con un poco m\u00e1s de energ\u00eda.<\/p>\n<p>\u00bfQu\u00e9 har\u00e1s para comenzar mejor el &#8216;A\u00f1o Nuevo&#8217;? \u00bfCu\u00e1l es su buen prop\u00f3sito para regresar de las vacaciones?<\/p>\n<p>La idea no es hacer revoluciones imposibles, sino que elija uno o dos objetivos concretos que nos hagan sentir mejor d\u00eda tras d\u00eda. Septiembre es el trampol\u00edn perfecto: solo un peque\u00f1o paso constante para cambiar realmente la direcci\u00f3n de su a\u00f1o.<\/p><\/p>\n","protected":false},"excerpt":{"rendered":"<p>\u00bfCu\u00e1ndo comienza el a\u00f1o nuevo en su opini\u00f3n? En enero o septiembre? Justo en septiembre, al regresar de las vacaciones, puede convertirse en un gran<\/p>\n","protected":false},"author":1,"featured_media":5193,"comment_status":"closed","ping_status":"","sticky":false,"template":"","format":"standard","meta":{"footnotes":""},"categories":[762],"tags":[421,5908,3800,220,5909,34,3313,27,218,29,33,369],"class_list":["post-5192","post","type-post","status-publish","format-standard","has-post-thumbnail","hentry","category-salud","tag-ano","tag-buenas","tag-comenzar","tag-estas","tag-intenciones","tag-las","tag-manera","tag-mejor","tag-nuevo","tag-para","tag-septiembre","tag-son","generate-columns","tablet-grid-50","mobile-grid-100","grid-parent","grid-50"],"yoast_head":"<!-- This site is optimized with the Yoast SEO plugin v23.4 - https:\/\/yoast.com\/wordpress\/plugins\/seo\/ -->\n<title>Estas son las 10 buenas intenciones de septiembre, para comenzar el a\u00f1o nuevo de la mejor manera - Consejos - Santa Catarina<\/title>\n<meta name=\"robots\" content=\"index, follow, max-snippet:-1, max-image-preview:large, max-video-preview:-1\" \/>\n<link rel=\"canonical\" href=\"https:\/\/stacatarina.mx\/consejos\/estas-son-las-10-buenas-intenciones-de-septiembre-para-comenzar-el-ano-nuevo-de-la-mejor-manera-2\/\" \/>\n<meta property=\"og:locale\" content=\"es_MX\" \/>\n<meta property=\"og:type\" content=\"article\" \/>\n<meta property=\"og:title\" content=\"Estas son las 10 buenas intenciones de septiembre, para comenzar el a\u00f1o nuevo de la mejor manera - Consejos - Santa Catarina\" \/>\n<meta property=\"og:description\" content=\"\u00bfCu\u00e1ndo comienza el a\u00f1o nuevo en su opini\u00f3n? En enero o septiembre? Justo en septiembre, al regresar de las vacaciones, puede convertirse en un gran\" \/>\n<meta property=\"og:url\" content=\"https:\/\/stacatarina.mx\/consejos\/estas-son-las-10-buenas-intenciones-de-septiembre-para-comenzar-el-ano-nuevo-de-la-mejor-manera-2\/\" \/>\n<meta property=\"og:site_name\" content=\"Santa Catarina\" \/>\n<meta property=\"article:publisher\" content=\"https:\/\/www.facebook.com\/stacatarinagob\/\" \/>\n<meta property=\"article:published_time\" content=\"2025-09-02T14:25:27+00:00\" \/>\n<meta property=\"article:modified_time\" content=\"2025-09-02T14:25:32+00:00\" \/>\n<meta property=\"og:image\" content=\"https:\/\/stacatarina.mx\/consejos\/wp-content\/uploads\/2025\/09\/1756823129_Estas-son-las-10-buenas-intenciones-de-septiembre-para-comenzar.jpg\" \/>\n\t<meta property=\"og:image:width\" content=\"1500\" \/>\n\t<meta property=\"og:image:height\" content=\"1000\" \/>\n\t<meta property=\"og:image:type\" content=\"image\/jpeg\" \/>\n<meta name=\"author\" content=\"Pedro Mart\u00ednez\" \/>\n<meta name=\"twitter:card\" content=\"summary_large_image\" \/>\n<meta name=\"twitter:creator\" content=\"@stacatarinagob\" \/>\n<meta name=\"twitter:site\" content=\"@stacatarinagob\" \/>\n<meta name=\"twitter:label1\" content=\"Escrito por\" \/>\n\t<meta name=\"twitter:data1\" content=\"Pedro Mart\u00ednez\" \/>\n\t<meta name=\"twitter:label2\" content=\"Tiempo de lectura\" \/>\n\t<meta name=\"twitter:data2\" content=\"5 minutos\" \/>\n<script type=\"application\/ld+json\" class=\"yoast-schema-graph\">{\"@context\":\"https:\/\/schema.org\",\"@graph\":[{\"@type\":\"Article\",\"@id\":\"https:\/\/stacatarina.mx\/consejos\/estas-son-las-10-buenas-intenciones-de-septiembre-para-comenzar-el-ano-nuevo-de-la-mejor-manera-2\/#article\",\"isPartOf\":{\"@id\":\"https:\/\/stacatarina.mx\/consejos\/estas-son-las-10-buenas-intenciones-de-septiembre-para-comenzar-el-ano-nuevo-de-la-mejor-manera-2\/\"},\"author\":{\"name\":\"Pedro Mart\u00ednez\",\"@id\":\"https:\/\/stacatarina.mx\/consejos\/#\/schema\/person\/0be60adffa8e4c4d0828fdf021450e8a\"},\"headline\":\"Estas son las 10 buenas intenciones de septiembre, para comenzar el a\u00f1o nuevo de la mejor manera\",\"datePublished\":\"2025-09-02T14:25:27+00:00\",\"dateModified\":\"2025-09-02T14:25:32+00:00\",\"mainEntityOfPage\":{\"@id\":\"https:\/\/stacatarina.mx\/consejos\/estas-son-las-10-buenas-intenciones-de-septiembre-para-comenzar-el-ano-nuevo-de-la-mejor-manera-2\/\"},\"wordCount\":1092,\"publisher\":{\"@id\":\"https:\/\/stacatarina.mx\/consejos\/#organization\"},\"image\":{\"@id\":\"https:\/\/stacatarina.mx\/consejos\/estas-son-las-10-buenas-intenciones-de-septiembre-para-comenzar-el-ano-nuevo-de-la-mejor-manera-2\/#primaryimage\"},\"thumbnailUrl\":\"https:\/\/stacatarina.mx\/consejos\/wp-content\/uploads\/2025\/09\/1756823129_Estas-son-las-10-buenas-intenciones-de-septiembre-para-comenzar.jpg\",\"keywords\":[\"a\u00f1o\",\"buenas\",\"comenzar\",\"Est\u00e1s\",\"intenciones\",\"Las\",\"manera\",\"mejor\",\"nuevo\",\"para\",\"septiembre\",\"son\"],\"articleSection\":[\"Salud\"],\"inLanguage\":\"es\"},{\"@type\":\"WebPage\",\"@id\":\"https:\/\/stacatarina.mx\/consejos\/estas-son-las-10-buenas-intenciones-de-septiembre-para-comenzar-el-ano-nuevo-de-la-mejor-manera-2\/\",\"url\":\"https:\/\/stacatarina.mx\/consejos\/estas-son-las-10-buenas-intenciones-de-septiembre-para-comenzar-el-ano-nuevo-de-la-mejor-manera-2\/\",\"name\":\"Estas son las 10 buenas intenciones de septiembre, para comenzar el a\u00f1o nuevo de la mejor manera - Consejos - Santa Catarina\",\"isPartOf\":{\"@id\":\"https:\/\/stacatarina.mx\/consejos\/#website\"},\"primaryImageOfPage\":{\"@id\":\"https:\/\/stacatarina.mx\/consejos\/estas-son-las-10-buenas-intenciones-de-septiembre-para-comenzar-el-ano-nuevo-de-la-mejor-manera-2\/#primaryimage\"},\"image\":{\"@id\":\"https:\/\/stacatarina.mx\/consejos\/estas-son-las-10-buenas-intenciones-de-septiembre-para-comenzar-el-ano-nuevo-de-la-mejor-manera-2\/#primaryimage\"},\"thumbnailUrl\":\"https:\/\/stacatarina.mx\/consejos\/wp-content\/uploads\/2025\/09\/1756823129_Estas-son-las-10-buenas-intenciones-de-septiembre-para-comenzar.jpg\",\"datePublished\":\"2025-09-02T14:25:27+00:00\",\"dateModified\":\"2025-09-02T14:25:32+00:00\",\"breadcrumb\":{\"@id\":\"https:\/\/stacatarina.mx\/consejos\/estas-son-las-10-buenas-intenciones-de-septiembre-para-comenzar-el-ano-nuevo-de-la-mejor-manera-2\/#breadcrumb\"},\"inLanguage\":\"es\",\"potentialAction\":[{\"@type\":\"ReadAction\",\"target\":[\"https:\/\/stacatarina.mx\/consejos\/estas-son-las-10-buenas-intenciones-de-septiembre-para-comenzar-el-ano-nuevo-de-la-mejor-manera-2\/\"]}]},{\"@type\":\"ImageObject\",\"inLanguage\":\"es\",\"@id\":\"https:\/\/stacatarina.mx\/consejos\/estas-son-las-10-buenas-intenciones-de-septiembre-para-comenzar-el-ano-nuevo-de-la-mejor-manera-2\/#primaryimage\",\"url\":\"https:\/\/stacatarina.mx\/consejos\/wp-content\/uploads\/2025\/09\/1756823129_Estas-son-las-10-buenas-intenciones-de-septiembre-para-comenzar.jpg\",\"contentUrl\":\"https:\/\/stacatarina.mx\/consejos\/wp-content\/uploads\/2025\/09\/1756823129_Estas-son-las-10-buenas-intenciones-de-septiembre-para-comenzar.jpg\",\"width\":1500,\"height\":1000,\"caption\":\"settembre\"},{\"@type\":\"BreadcrumbList\",\"@id\":\"https:\/\/stacatarina.mx\/consejos\/estas-son-las-10-buenas-intenciones-de-septiembre-para-comenzar-el-ano-nuevo-de-la-mejor-manera-2\/#breadcrumb\",\"itemListElement\":[{\"@type\":\"ListItem\",\"position\":1,\"name\":\"Inicio\",\"item\":\"https:\/\/stacatarina.mx\/consejos\/\"},{\"@type\":\"ListItem\",\"position\":2,\"name\":\"Estas son las 10 buenas intenciones de septiembre, para comenzar el a\u00f1o nuevo de la mejor manera\"}]},{\"@type\":\"WebSite\",\"@id\":\"https:\/\/stacatarina.mx\/consejos\/#website\",\"url\":\"https:\/\/stacatarina.mx\/consejos\/\",\"name\":\"Santa Catarina\",\"description\":\"\",\"publisher\":{\"@id\":\"https:\/\/stacatarina.mx\/consejos\/#organization\"},\"potentialAction\":[{\"@type\":\"SearchAction\",\"target\":{\"@type\":\"EntryPoint\",\"urlTemplate\":\"https:\/\/stacatarina.mx\/consejos\/?s={search_term_string}\"},\"query-input\":{\"@type\":\"PropertyValueSpecification\",\"valueRequired\":true,\"valueName\":\"search_term_string\"}}],\"inLanguage\":\"es\"},{\"@type\":\"Organization\",\"@id\":\"https:\/\/stacatarina.mx\/consejos\/#organization\",\"name\":\"Santa Catarina\",\"url\":\"https:\/\/stacatarina.mx\/consejos\/\",\"logo\":{\"@type\":\"ImageObject\",\"inLanguage\":\"es\",\"@id\":\"https:\/\/stacatarina.mx\/consejos\/#\/schema\/logo\/image\/\",\"url\":\"https:\/\/stacatarina.mx\/consejos\/wp-content\/uploads\/2024\/09\/cropped-favicon-1-1.png\",\"contentUrl\":\"https:\/\/stacatarina.mx\/consejos\/wp-content\/uploads\/2024\/09\/cropped-favicon-1-1.png\",\"width\":512,\"height\":512,\"caption\":\"Santa Catarina\"},\"image\":{\"@id\":\"https:\/\/stacatarina.mx\/consejos\/#\/schema\/logo\/image\/\"},\"sameAs\":[\"https:\/\/www.facebook.com\/stacatarinagob\/\",\"https:\/\/x.com\/stacatarinagob\",\"https:\/\/www.instagram.com\/stacatarinagob\/\",\"https:\/\/www.youtube.com\/channel\/UCK-6cQJL_904665N1_nLTWw\"]},{\"@type\":\"Person\",\"@id\":\"https:\/\/stacatarina.mx\/consejos\/#\/schema\/person\/0be60adffa8e4c4d0828fdf021450e8a\",\"name\":\"Pedro Mart\u00ednez\",\"image\":{\"@type\":\"ImageObject\",\"inLanguage\":\"es\",\"@id\":\"https:\/\/stacatarina.mx\/consejos\/#\/schema\/person\/image\/\",\"url\":\"https:\/\/stacatarina.mx\/consejos\/wp-content\/uploads\/2024\/09\/stacatarina.jpg\",\"contentUrl\":\"https:\/\/stacatarina.mx\/consejos\/wp-content\/uploads\/2024\/09\/stacatarina.jpg\",\"caption\":\"Pedro Mart\u00ednez\"},\"description\":\"Hola, soy Pedro Mart\u00ednez, redactor jefe del sitio oficial del ayuntamiento de Santa Catarina, en M\u00e9xico. Con m\u00e1s de diez a\u00f1os de experiencia en el periodismo local, tengo una pasi\u00f3n por la investigaci\u00f3n y la difusi\u00f3n de informaci\u00f3n que valoriza nuestra hermosa comunidad. Mi compromiso es hacer de Santa Catarina una referencia en materia de transparencia y comunicaci\u00f3n municipal.\",\"sameAs\":[\"https:\/\/stacatarina.mx\/\"]}]}<\/script>\n<!-- \/ Yoast SEO plugin. -->","yoast_head_json":{"title":"Estas son las 10 buenas intenciones de septiembre, para comenzar el a\u00f1o nuevo de la mejor manera - Consejos - Santa Catarina","robots":{"index":"index","follow":"follow","max-snippet":"max-snippet:-1","max-image-preview":"max-image-preview:large","max-video-preview":"max-video-preview:-1"},"canonical":"https:\/\/stacatarina.mx\/consejos\/estas-son-las-10-buenas-intenciones-de-septiembre-para-comenzar-el-ano-nuevo-de-la-mejor-manera-2\/","og_locale":"es_MX","og_type":"article","og_title":"Estas son las 10 buenas intenciones de septiembre, para comenzar el a\u00f1o nuevo de la mejor manera - Consejos - Santa Catarina","og_description":"\u00bfCu\u00e1ndo comienza el a\u00f1o nuevo en su opini\u00f3n? En enero o septiembre? Justo en septiembre, al regresar de las vacaciones, puede convertirse en un gran","og_url":"https:\/\/stacatarina.mx\/consejos\/estas-son-las-10-buenas-intenciones-de-septiembre-para-comenzar-el-ano-nuevo-de-la-mejor-manera-2\/","og_site_name":"Santa Catarina","article_publisher":"https:\/\/www.facebook.com\/stacatarinagob\/","article_published_time":"2025-09-02T14:25:27+00:00","article_modified_time":"2025-09-02T14:25:32+00:00","og_image":[{"width":1500,"height":1000,"url":"https:\/\/stacatarina.mx\/consejos\/wp-content\/uploads\/2025\/09\/1756823129_Estas-son-las-10-buenas-intenciones-de-septiembre-para-comenzar.jpg","type":"image\/jpeg"}],"author":"Pedro Mart\u00ednez","twitter_card":"summary_large_image","twitter_creator":"@stacatarinagob","twitter_site":"@stacatarinagob","twitter_misc":{"Escrito por":"Pedro Mart\u00ednez","Tiempo de lectura":"5 minutos"},"schema":{"@context":"https:\/\/schema.org","@graph":[{"@type":"Article","@id":"https:\/\/stacatarina.mx\/consejos\/estas-son-las-10-buenas-intenciones-de-septiembre-para-comenzar-el-ano-nuevo-de-la-mejor-manera-2\/#article","isPartOf":{"@id":"https:\/\/stacatarina.mx\/consejos\/estas-son-las-10-buenas-intenciones-de-septiembre-para-comenzar-el-ano-nuevo-de-la-mejor-manera-2\/"},"author":{"name":"Pedro Mart\u00ednez","@id":"https:\/\/stacatarina.mx\/consejos\/#\/schema\/person\/0be60adffa8e4c4d0828fdf021450e8a"},"headline":"Estas son las 10 buenas intenciones de septiembre, para comenzar el a\u00f1o nuevo de la mejor manera","datePublished":"2025-09-02T14:25:27+00:00","dateModified":"2025-09-02T14:25:32+00:00","mainEntityOfPage":{"@id":"https:\/\/stacatarina.mx\/consejos\/estas-son-las-10-buenas-intenciones-de-septiembre-para-comenzar-el-ano-nuevo-de-la-mejor-manera-2\/"},"wordCount":1092,"publisher":{"@id":"https:\/\/stacatarina.mx\/consejos\/#organization"},"image":{"@id":"https:\/\/stacatarina.mx\/consejos\/estas-son-las-10-buenas-intenciones-de-septiembre-para-comenzar-el-ano-nuevo-de-la-mejor-manera-2\/#primaryimage"},"thumbnailUrl":"https:\/\/stacatarina.mx\/consejos\/wp-content\/uploads\/2025\/09\/1756823129_Estas-son-las-10-buenas-intenciones-de-septiembre-para-comenzar.jpg","keywords":["a\u00f1o","buenas","comenzar","Est\u00e1s","intenciones","Las","manera","mejor","nuevo","para","septiembre","son"],"articleSection":["Salud"],"inLanguage":"es"},{"@type":"WebPage","@id":"https:\/\/stacatarina.mx\/consejos\/estas-son-las-10-buenas-intenciones-de-septiembre-para-comenzar-el-ano-nuevo-de-la-mejor-manera-2\/","url":"https:\/\/stacatarina.mx\/consejos\/estas-son-las-10-buenas-intenciones-de-septiembre-para-comenzar-el-ano-nuevo-de-la-mejor-manera-2\/","name":"Estas son las 10 buenas intenciones de septiembre, para comenzar el a\u00f1o nuevo de la mejor manera - Consejos - Santa Catarina","isPartOf":{"@id":"https:\/\/stacatarina.mx\/consejos\/#website"},"primaryImageOfPage":{"@id":"https:\/\/stacatarina.mx\/consejos\/estas-son-las-10-buenas-intenciones-de-septiembre-para-comenzar-el-ano-nuevo-de-la-mejor-manera-2\/#primaryimage"},"image":{"@id":"https:\/\/stacatarina.mx\/consejos\/estas-son-las-10-buenas-intenciones-de-septiembre-para-comenzar-el-ano-nuevo-de-la-mejor-manera-2\/#primaryimage"},"thumbnailUrl":"https:\/\/stacatarina.mx\/consejos\/wp-content\/uploads\/2025\/09\/1756823129_Estas-son-las-10-buenas-intenciones-de-septiembre-para-comenzar.jpg","datePublished":"2025-09-02T14:25:27+00:00","dateModified":"2025-09-02T14:25:32+00:00","breadcrumb":{"@id":"https:\/\/stacatarina.mx\/consejos\/estas-son-las-10-buenas-intenciones-de-septiembre-para-comenzar-el-ano-nuevo-de-la-mejor-manera-2\/#breadcrumb"},"inLanguage":"es","potentialAction":[{"@type":"ReadAction","target":["https:\/\/stacatarina.mx\/consejos\/estas-son-las-10-buenas-intenciones-de-septiembre-para-comenzar-el-ano-nuevo-de-la-mejor-manera-2\/"]}]},{"@type":"ImageObject","inLanguage":"es","@id":"https:\/\/stacatarina.mx\/consejos\/estas-son-las-10-buenas-intenciones-de-septiembre-para-comenzar-el-ano-nuevo-de-la-mejor-manera-2\/#primaryimage","url":"https:\/\/stacatarina.mx\/consejos\/wp-content\/uploads\/2025\/09\/1756823129_Estas-son-las-10-buenas-intenciones-de-septiembre-para-comenzar.jpg","contentUrl":"https:\/\/stacatarina.mx\/consejos\/wp-content\/uploads\/2025\/09\/1756823129_Estas-son-las-10-buenas-intenciones-de-septiembre-para-comenzar.jpg","width":1500,"height":1000,"caption":"settembre"},{"@type":"BreadcrumbList","@id":"https:\/\/stacatarina.mx\/consejos\/estas-son-las-10-buenas-intenciones-de-septiembre-para-comenzar-el-ano-nuevo-de-la-mejor-manera-2\/#breadcrumb","itemListElement":[{"@type":"ListItem","position":1,"name":"Inicio","item":"https:\/\/stacatarina.mx\/consejos\/"},{"@type":"ListItem","position":2,"name":"Estas son las 10 buenas intenciones de septiembre, para comenzar el a\u00f1o nuevo de la mejor manera"}]},{"@type":"WebSite","@id":"https:\/\/stacatarina.mx\/consejos\/#website","url":"https:\/\/stacatarina.mx\/consejos\/","name":"Santa Catarina","description":"","publisher":{"@id":"https:\/\/stacatarina.mx\/consejos\/#organization"},"potentialAction":[{"@type":"SearchAction","target":{"@type":"EntryPoint","urlTemplate":"https:\/\/stacatarina.mx\/consejos\/?s={search_term_string}"},"query-input":{"@type":"PropertyValueSpecification","valueRequired":true,"valueName":"search_term_string"}}],"inLanguage":"es"},{"@type":"Organization","@id":"https:\/\/stacatarina.mx\/consejos\/#organization","name":"Santa Catarina","url":"https:\/\/stacatarina.mx\/consejos\/","logo":{"@type":"ImageObject","inLanguage":"es","@id":"https:\/\/stacatarina.mx\/consejos\/#\/schema\/logo\/image\/","url":"https:\/\/stacatarina.mx\/consejos\/wp-content\/uploads\/2024\/09\/cropped-favicon-1-1.png","contentUrl":"https:\/\/stacatarina.mx\/consejos\/wp-content\/uploads\/2024\/09\/cropped-favicon-1-1.png","width":512,"height":512,"caption":"Santa Catarina"},"image":{"@id":"https:\/\/stacatarina.mx\/consejos\/#\/schema\/logo\/image\/"},"sameAs":["https:\/\/www.facebook.com\/stacatarinagob\/","https:\/\/x.com\/stacatarinagob","https:\/\/www.instagram.com\/stacatarinagob\/","https:\/\/www.youtube.com\/channel\/UCK-6cQJL_904665N1_nLTWw"]},{"@type":"Person","@id":"https:\/\/stacatarina.mx\/consejos\/#\/schema\/person\/0be60adffa8e4c4d0828fdf021450e8a","name":"Pedro Mart\u00ednez","image":{"@type":"ImageObject","inLanguage":"es","@id":"https:\/\/stacatarina.mx\/consejos\/#\/schema\/person\/image\/","url":"https:\/\/stacatarina.mx\/consejos\/wp-content\/uploads\/2024\/09\/stacatarina.jpg","contentUrl":"https:\/\/stacatarina.mx\/consejos\/wp-content\/uploads\/2024\/09\/stacatarina.jpg","caption":"Pedro Mart\u00ednez"},"description":"Hola, soy Pedro Mart\u00ednez, redactor jefe del sitio oficial del ayuntamiento de Santa Catarina, en M\u00e9xico. Con m\u00e1s de diez a\u00f1os de experiencia en el periodismo local, tengo una pasi\u00f3n por la investigaci\u00f3n y la difusi\u00f3n de informaci\u00f3n que valoriza nuestra hermosa comunidad. Mi compromiso es hacer de Santa Catarina una referencia en materia de transparencia y comunicaci\u00f3n municipal.","sameAs":["https:\/\/stacatarina.mx\/"]}]}},"_links":{"self":[{"href":"https:\/\/stacatarina.mx\/consejos\/wp-json\/wp\/v2\/posts\/5192"}],"collection":[{"href":"https:\/\/stacatarina.mx\/consejos\/wp-json\/wp\/v2\/posts"}],"about":[{"href":"https:\/\/stacatarina.mx\/consejos\/wp-json\/wp\/v2\/types\/post"}],"author":[{"embeddable":true,"href":"https:\/\/stacatarina.mx\/consejos\/wp-json\/wp\/v2\/users\/1"}],"replies":[{"embeddable":true,"href":"https:\/\/stacatarina.mx\/consejos\/wp-json\/wp\/v2\/comments?post=5192"}],"version-history":[{"count":1,"href":"https:\/\/stacatarina.mx\/consejos\/wp-json\/wp\/v2\/posts\/5192\/revisions"}],"predecessor-version":[{"id":5194,"href":"https:\/\/stacatarina.mx\/consejos\/wp-json\/wp\/v2\/posts\/5192\/revisions\/5194"}],"wp:featuredmedia":[{"embeddable":true,"href":"https:\/\/stacatarina.mx\/consejos\/wp-json\/wp\/v2\/media\/5193"}],"wp:attachment":[{"href":"https:\/\/stacatarina.mx\/consejos\/wp-json\/wp\/v2\/media?parent=5192"}],"wp:term":[{"taxonomy":"category","embeddable":true,"href":"https:\/\/stacatarina.mx\/consejos\/wp-json\/wp\/v2\/categories?post=5192"},{"taxonomy":"post_tag","embeddable":true,"href":"https:\/\/stacatarina.mx\/consejos\/wp-json\/wp\/v2\/tags?post=5192"}],"curies":[{"name":"wp","href":"https:\/\/api.w.org\/{rel}","templated":true}]}}