{"id":5195,"date":"2025-09-03T02:48:52","date_gmt":"2025-09-03T08:48:52","guid":{"rendered":"https:\/\/stacatarina.mx\/consejos\/huevos-ucranianos-con-residuos-de-antibioticos-prohibidos-en-europa-durante-15-anos-el-escandalo-estalla-en-francia\/"},"modified":"2025-09-03T02:48:57","modified_gmt":"2025-09-03T08:48:57","slug":"huevos-ucranianos-con-residuos-de-antibioticos-prohibidos-en-europa-durante-15-anos-el-escandalo-estalla-en-francia","status":"publish","type":"post","link":"https:\/\/stacatarina.mx\/consejos\/huevos-ucranianos-con-residuos-de-antibioticos-prohibidos-en-europa-durante-15-anos-el-escandalo-estalla-en-francia\/","title":{"rendered":"Huevos ucranianos con residuos de antibi\u00f3ticos prohibidos en Europa durante 15 a\u00f1os: el esc\u00e1ndalo estalla en Francia"},"content":{"rendered":"<p><\/p>\n<p>Estos son antibi\u00f3ticos prohibidos en Europa durante 15 a\u00f1os, pero en Francia, los huevos que contienen residuos peligrosos que no cumplen con los est\u00e1ndares de producci\u00f3n han provocado de Ucrain, con un riesgo significativo para la salud del consumidor.<\/p>\n<p>Un esc\u00e1ndalo real, confirmado por el gobierno franc\u00e9s, que implicar\u00eda <em>En primer lugar<\/em> Carrefour y E. Leclerc Chains. Seg\u00fan el Comit\u00e9 Nacional para la Promoci\u00f3n de Huevos (CNPO), de hecho, los huevos ucranianos que contienen residuos de antibi\u00f3ticos prohibidos en la Uni\u00f3n Europea se vendieron en supermercados en Francia.<\/p>\n<p>En agosto de 2025, tanto a nivel europeo como en franc\u00e9s, se informaron varias alertas sobre los huevos importados de Ucrania y que contienen residuos de antibi\u00f3ticos prohibidos en la Uni\u00f3n Europea durante m\u00e1s de 15 a\u00f1os &#8220;, informa el CNPO, que representa criadores, transformadores y distribuidores.<\/p>\n<blockquote>\n<p>Estas importaciones implican riesgos graves para la salud para los consumidores, mientras que los profesionales franceses han aplicado durante mucho tiempo entre las reglas m\u00e1s rigurosas del mundo, dicen en el CNPO, que invita a las autoridades p\u00fablicas a &#8220;fortalecer inmediatamente los controles de cumplimiento de la salud&#8221; en estos productos.<\/p>\n<\/blockquote>\n<p>Y no solo eso: el comit\u00e9 tambi\u00e9n denuncia una cuesti\u00f3n de competencia injusta, alegando que los huevos ucranianos &#8220;<em>No respete los mismos est\u00e1ndares de salud<\/em>&#8220;Y ni siquiera&#8221;<em>Pr\u00e1cticas de bienestar animal<\/em>&#8220;Aplicado en Francia.<\/p>\n<blockquote>\n<p>Algunas cadenas de distribuci\u00f3n, a pesar de haber hecho el compromiso de no comercializar m\u00e1s huevos de las gallinas enjauladas y han impuesto a los criadores franceses un ultim\u00e1tum para una transici\u00f3n muy r\u00e1pida a sistemas alternativos, estos mismos signos venden huevos ucranianos producidos en una jaula en Francia, no cumplen incluso con los est\u00e1ndares europeos m\u00ednimos. Una verdadera competencia injusta para los profesionales franceses.<\/p>\n<\/blockquote>\n<p>Adem\u00e1s, estos huevos ucranianos ni siquiera respetan el compromiso colectivo de comercializar solo los huevos de las granjas que practican ovosexaggio, para evitar la eliminaci\u00f3n de millones de pollitos masculinos.<\/p>\n<p>Mientras tanto, y finalmente, el gobierno tambi\u00e9n toma nota de ello y la ministra de la granja francesa Annie Ginevard solicit\u00f3 la creaci\u00f3n de un &#8220;<em>Agencia de control europeo<\/em>&#8220;Para fortalecer los controles y garantizar el cumplimiento, pidi\u00e9ndolo&#8221;<em>Para cualquier pr\u00e1ctica prohibida en Europa, el l\u00edmite m\u00e1ximo de los residuos se establece en cero en todos los productos importados<\/em>&#8220;.<\/p>\n<p>Mientras tanto, ambos Leclerc dijeron que ya hab\u00eda adoptado medidas correctivas, pidiendo retirar inmediatamente los lotes de la venta. Otros supermercados se han distanciado: Lidl ha especificado que en caso de deficiencias puede suministrar a s\u00ed mismo de otros pa\u00edses de la UE, &#8220;pero no de Ucrania&#8221;.<\/p>\n<p>Fuentes: CNPO \/ Le Figaro<\/p><\/p>\n","protected":false},"excerpt":{"rendered":"<p>Estos son antibi\u00f3ticos prohibidos en Europa durante 15 a\u00f1os, pero en Francia, los huevos que contienen residuos peligrosos que no cumplen con los est\u00e1ndares de<\/p>\n","protected":false},"author":1,"featured_media":5196,"comment_status":"closed","ping_status":"","sticky":false,"template":"","format":"standard","meta":{"footnotes":""},"categories":[762],"tags":[209,2260,42,2324,5911,5912,1015,3527,1248,3586,756,5910],"class_list":["post-5195","post","type-post","status-publish","format-standard","has-post-thumbnail","hentry","category-salud","tag-anos","tag-antibioticos","tag-con","tag-durante","tag-escandalo","tag-estalla","tag-europa","tag-francia","tag-huevos","tag-prohibidos","tag-residuos","tag-ucranianos","generate-columns","tablet-grid-50","mobile-grid-100","grid-parent","grid-50"],"yoast_head":"<!-- This site is optimized with the Yoast SEO plugin v23.4 - https:\/\/yoast.com\/wordpress\/plugins\/seo\/ -->\n<title>Huevos ucranianos con residuos de antibi\u00f3ticos prohibidos en Europa durante 15 a\u00f1os: el esc\u00e1ndalo estalla en Francia - Consejos - Santa Catarina<\/title>\n<meta name=\"robots\" content=\"index, follow, max-snippet:-1, max-image-preview:large, max-video-preview:-1\" \/>\n<link rel=\"canonical\" href=\"https:\/\/stacatarina.mx\/consejos\/huevos-ucranianos-con-residuos-de-antibioticos-prohibidos-en-europa-durante-15-anos-el-escandalo-estalla-en-francia\/\" \/>\n<meta property=\"og:locale\" content=\"es_MX\" \/>\n<meta property=\"og:type\" content=\"article\" \/>\n<meta property=\"og:title\" content=\"Huevos ucranianos con residuos de antibi\u00f3ticos prohibidos en Europa durante 15 a\u00f1os: el esc\u00e1ndalo estalla en Francia - Consejos - Santa Catarina\" \/>\n<meta property=\"og:description\" content=\"Estos son antibi\u00f3ticos prohibidos en Europa durante 15 a\u00f1os, pero en Francia, los huevos que contienen residuos peligrosos que no cumplen con los est\u00e1ndares de\" \/>\n<meta property=\"og:url\" content=\"https:\/\/stacatarina.mx\/consejos\/huevos-ucranianos-con-residuos-de-antibioticos-prohibidos-en-europa-durante-15-anos-el-escandalo-estalla-en-francia\/\" \/>\n<meta property=\"og:site_name\" content=\"Santa Catarina\" \/>\n<meta property=\"article:publisher\" content=\"https:\/\/www.facebook.com\/stacatarinagob\/\" \/>\n<meta property=\"article:published_time\" content=\"2025-09-03T08:48:52+00:00\" \/>\n<meta property=\"article:modified_time\" content=\"2025-09-03T08:48:57+00:00\" \/>\n<meta property=\"og:image\" content=\"https:\/\/stacatarina.mx\/consejos\/wp-content\/uploads\/2025\/09\/1756889335_Huevos-ucranianos-con-residuos-de-antibioticos-prohibidos-en-Europa-durante.jpg\" \/>\n\t<meta property=\"og:image:width\" content=\"1500\" \/>\n\t<meta property=\"og:image:height\" content=\"1000\" \/>\n\t<meta property=\"og:image:type\" content=\"image\/jpeg\" \/>\n<meta name=\"author\" content=\"Pedro Mart\u00ednez\" \/>\n<meta name=\"twitter:card\" content=\"summary_large_image\" \/>\n<meta name=\"twitter:creator\" content=\"@stacatarinagob\" \/>\n<meta name=\"twitter:site\" content=\"@stacatarinagob\" \/>\n<meta name=\"twitter:label1\" content=\"Escrito por\" \/>\n\t<meta name=\"twitter:data1\" content=\"Pedro Mart\u00ednez\" \/>\n\t<meta name=\"twitter:label2\" content=\"Tiempo de lectura\" \/>\n\t<meta name=\"twitter:data2\" content=\"2 minutos\" \/>\n<script type=\"application\/ld+json\" class=\"yoast-schema-graph\">{\"@context\":\"https:\/\/schema.org\",\"@graph\":[{\"@type\":\"Article\",\"@id\":\"https:\/\/stacatarina.mx\/consejos\/huevos-ucranianos-con-residuos-de-antibioticos-prohibidos-en-europa-durante-15-anos-el-escandalo-estalla-en-francia\/#article\",\"isPartOf\":{\"@id\":\"https:\/\/stacatarina.mx\/consejos\/huevos-ucranianos-con-residuos-de-antibioticos-prohibidos-en-europa-durante-15-anos-el-escandalo-estalla-en-francia\/\"},\"author\":{\"name\":\"Pedro Mart\u00ednez\",\"@id\":\"https:\/\/stacatarina.mx\/consejos\/#\/schema\/person\/0be60adffa8e4c4d0828fdf021450e8a\"},\"headline\":\"Huevos ucranianos con residuos de antibi\u00f3ticos prohibidos en Europa durante 15 a\u00f1os: el esc\u00e1ndalo estalla en Francia\",\"datePublished\":\"2025-09-03T08:48:52+00:00\",\"dateModified\":\"2025-09-03T08:48:57+00:00\",\"mainEntityOfPage\":{\"@id\":\"https:\/\/stacatarina.mx\/consejos\/huevos-ucranianos-con-residuos-de-antibioticos-prohibidos-en-europa-durante-15-anos-el-escandalo-estalla-en-francia\/\"},\"wordCount\":480,\"publisher\":{\"@id\":\"https:\/\/stacatarina.mx\/consejos\/#organization\"},\"image\":{\"@id\":\"https:\/\/stacatarina.mx\/consejos\/huevos-ucranianos-con-residuos-de-antibioticos-prohibidos-en-europa-durante-15-anos-el-escandalo-estalla-en-francia\/#primaryimage\"},\"thumbnailUrl\":\"https:\/\/stacatarina.mx\/consejos\/wp-content\/uploads\/2025\/09\/1756889335_Huevos-ucranianos-con-residuos-de-antibioticos-prohibidos-en-Europa-durante.jpg\",\"keywords\":[\"a\u00f1os\",\"antibi\u00f3ticos\",\"con\",\"Durante\",\"esc\u00e1ndalo\",\"estalla\",\"Europa\",\"Francia\",\"huevos\",\"prohibidos\",\"residuos\",\"ucranianos\"],\"articleSection\":[\"Salud\"],\"inLanguage\":\"es\"},{\"@type\":\"WebPage\",\"@id\":\"https:\/\/stacatarina.mx\/consejos\/huevos-ucranianos-con-residuos-de-antibioticos-prohibidos-en-europa-durante-15-anos-el-escandalo-estalla-en-francia\/\",\"url\":\"https:\/\/stacatarina.mx\/consejos\/huevos-ucranianos-con-residuos-de-antibioticos-prohibidos-en-europa-durante-15-anos-el-escandalo-estalla-en-francia\/\",\"name\":\"Huevos ucranianos con residuos de antibi\u00f3ticos prohibidos en Europa durante 15 a\u00f1os: el esc\u00e1ndalo estalla en Francia - Consejos - Santa Catarina\",\"isPartOf\":{\"@id\":\"https:\/\/stacatarina.mx\/consejos\/#website\"},\"primaryImageOfPage\":{\"@id\":\"https:\/\/stacatarina.mx\/consejos\/huevos-ucranianos-con-residuos-de-antibioticos-prohibidos-en-europa-durante-15-anos-el-escandalo-estalla-en-francia\/#primaryimage\"},\"image\":{\"@id\":\"https:\/\/stacatarina.mx\/consejos\/huevos-ucranianos-con-residuos-de-antibioticos-prohibidos-en-europa-durante-15-anos-el-escandalo-estalla-en-francia\/#primaryimage\"},\"thumbnailUrl\":\"https:\/\/stacatarina.mx\/consejos\/wp-content\/uploads\/2025\/09\/1756889335_Huevos-ucranianos-con-residuos-de-antibioticos-prohibidos-en-Europa-durante.jpg\",\"datePublished\":\"2025-09-03T08:48:52+00:00\",\"dateModified\":\"2025-09-03T08:48:57+00:00\",\"breadcrumb\":{\"@id\":\"https:\/\/stacatarina.mx\/consejos\/huevos-ucranianos-con-residuos-de-antibioticos-prohibidos-en-europa-durante-15-anos-el-escandalo-estalla-en-francia\/#breadcrumb\"},\"inLanguage\":\"es\",\"potentialAction\":[{\"@type\":\"ReadAction\",\"target\":[\"https:\/\/stacatarina.mx\/consejos\/huevos-ucranianos-con-residuos-de-antibioticos-prohibidos-en-europa-durante-15-anos-el-escandalo-estalla-en-francia\/\"]}]},{\"@type\":\"ImageObject\",\"inLanguage\":\"es\",\"@id\":\"https:\/\/stacatarina.mx\/consejos\/huevos-ucranianos-con-residuos-de-antibioticos-prohibidos-en-europa-durante-15-anos-el-escandalo-estalla-en-francia\/#primaryimage\",\"url\":\"https:\/\/stacatarina.mx\/consejos\/wp-content\/uploads\/2025\/09\/1756889335_Huevos-ucranianos-con-residuos-de-antibioticos-prohibidos-en-Europa-durante.jpg\",\"contentUrl\":\"https:\/\/stacatarina.mx\/consejos\/wp-content\/uploads\/2025\/09\/1756889335_Huevos-ucranianos-con-residuos-de-antibioticos-prohibidos-en-Europa-durante.jpg\",\"width\":1500,\"height\":1000,\"caption\":\"uova\"},{\"@type\":\"BreadcrumbList\",\"@id\":\"https:\/\/stacatarina.mx\/consejos\/huevos-ucranianos-con-residuos-de-antibioticos-prohibidos-en-europa-durante-15-anos-el-escandalo-estalla-en-francia\/#breadcrumb\",\"itemListElement\":[{\"@type\":\"ListItem\",\"position\":1,\"name\":\"Inicio\",\"item\":\"https:\/\/stacatarina.mx\/consejos\/\"},{\"@type\":\"ListItem\",\"position\":2,\"name\":\"Huevos ucranianos con residuos de antibi\u00f3ticos prohibidos en Europa durante 15 a\u00f1os: el esc\u00e1ndalo estalla en Francia\"}]},{\"@type\":\"WebSite\",\"@id\":\"https:\/\/stacatarina.mx\/consejos\/#website\",\"url\":\"https:\/\/stacatarina.mx\/consejos\/\",\"name\":\"Santa Catarina\",\"description\":\"\",\"publisher\":{\"@id\":\"https:\/\/stacatarina.mx\/consejos\/#organization\"},\"potentialAction\":[{\"@type\":\"SearchAction\",\"target\":{\"@type\":\"EntryPoint\",\"urlTemplate\":\"https:\/\/stacatarina.mx\/consejos\/?s={search_term_string}\"},\"query-input\":{\"@type\":\"PropertyValueSpecification\",\"valueRequired\":true,\"valueName\":\"search_term_string\"}}],\"inLanguage\":\"es\"},{\"@type\":\"Organization\",\"@id\":\"https:\/\/stacatarina.mx\/consejos\/#organization\",\"name\":\"Santa Catarina\",\"url\":\"https:\/\/stacatarina.mx\/consejos\/\",\"logo\":{\"@type\":\"ImageObject\",\"inLanguage\":\"es\",\"@id\":\"https:\/\/stacatarina.mx\/consejos\/#\/schema\/logo\/image\/\",\"url\":\"https:\/\/stacatarina.mx\/consejos\/wp-content\/uploads\/2024\/09\/cropped-favicon-1-1.png\",\"contentUrl\":\"https:\/\/stacatarina.mx\/consejos\/wp-content\/uploads\/2024\/09\/cropped-favicon-1-1.png\",\"width\":512,\"height\":512,\"caption\":\"Santa Catarina\"},\"image\":{\"@id\":\"https:\/\/stacatarina.mx\/consejos\/#\/schema\/logo\/image\/\"},\"sameAs\":[\"https:\/\/www.facebook.com\/stacatarinagob\/\",\"https:\/\/x.com\/stacatarinagob\",\"https:\/\/www.instagram.com\/stacatarinagob\/\",\"https:\/\/www.youtube.com\/channel\/UCK-6cQJL_904665N1_nLTWw\"]},{\"@type\":\"Person\",\"@id\":\"https:\/\/stacatarina.mx\/consejos\/#\/schema\/person\/0be60adffa8e4c4d0828fdf021450e8a\",\"name\":\"Pedro Mart\u00ednez\",\"image\":{\"@type\":\"ImageObject\",\"inLanguage\":\"es\",\"@id\":\"https:\/\/stacatarina.mx\/consejos\/#\/schema\/person\/image\/\",\"url\":\"https:\/\/stacatarina.mx\/consejos\/wp-content\/uploads\/2024\/09\/stacatarina.jpg\",\"contentUrl\":\"https:\/\/stacatarina.mx\/consejos\/wp-content\/uploads\/2024\/09\/stacatarina.jpg\",\"caption\":\"Pedro Mart\u00ednez\"},\"description\":\"Hola, soy Pedro Mart\u00ednez, redactor jefe del sitio oficial del ayuntamiento de Santa Catarina, en M\u00e9xico. Con m\u00e1s de diez a\u00f1os de experiencia en el periodismo local, tengo una pasi\u00f3n por la investigaci\u00f3n y la difusi\u00f3n de informaci\u00f3n que valoriza nuestra hermosa comunidad. Mi compromiso es hacer de Santa Catarina una referencia en materia de transparencia y comunicaci\u00f3n municipal.\",\"sameAs\":[\"https:\/\/stacatarina.mx\/\"]}]}<\/script>\n<!-- \/ Yoast SEO plugin. -->","yoast_head_json":{"title":"Huevos ucranianos con residuos de antibi\u00f3ticos prohibidos en Europa durante 15 a\u00f1os: el esc\u00e1ndalo estalla en Francia - Consejos - Santa Catarina","robots":{"index":"index","follow":"follow","max-snippet":"max-snippet:-1","max-image-preview":"max-image-preview:large","max-video-preview":"max-video-preview:-1"},"canonical":"https:\/\/stacatarina.mx\/consejos\/huevos-ucranianos-con-residuos-de-antibioticos-prohibidos-en-europa-durante-15-anos-el-escandalo-estalla-en-francia\/","og_locale":"es_MX","og_type":"article","og_title":"Huevos ucranianos con residuos de antibi\u00f3ticos prohibidos en Europa durante 15 a\u00f1os: el esc\u00e1ndalo estalla en Francia - Consejos - Santa Catarina","og_description":"Estos son antibi\u00f3ticos prohibidos en Europa durante 15 a\u00f1os, pero en Francia, los huevos que contienen residuos peligrosos que no cumplen con los est\u00e1ndares de","og_url":"https:\/\/stacatarina.mx\/consejos\/huevos-ucranianos-con-residuos-de-antibioticos-prohibidos-en-europa-durante-15-anos-el-escandalo-estalla-en-francia\/","og_site_name":"Santa Catarina","article_publisher":"https:\/\/www.facebook.com\/stacatarinagob\/","article_published_time":"2025-09-03T08:48:52+00:00","article_modified_time":"2025-09-03T08:48:57+00:00","og_image":[{"width":1500,"height":1000,"url":"https:\/\/stacatarina.mx\/consejos\/wp-content\/uploads\/2025\/09\/1756889335_Huevos-ucranianos-con-residuos-de-antibioticos-prohibidos-en-Europa-durante.jpg","type":"image\/jpeg"}],"author":"Pedro Mart\u00ednez","twitter_card":"summary_large_image","twitter_creator":"@stacatarinagob","twitter_site":"@stacatarinagob","twitter_misc":{"Escrito por":"Pedro Mart\u00ednez","Tiempo de lectura":"2 minutos"},"schema":{"@context":"https:\/\/schema.org","@graph":[{"@type":"Article","@id":"https:\/\/stacatarina.mx\/consejos\/huevos-ucranianos-con-residuos-de-antibioticos-prohibidos-en-europa-durante-15-anos-el-escandalo-estalla-en-francia\/#article","isPartOf":{"@id":"https:\/\/stacatarina.mx\/consejos\/huevos-ucranianos-con-residuos-de-antibioticos-prohibidos-en-europa-durante-15-anos-el-escandalo-estalla-en-francia\/"},"author":{"name":"Pedro Mart\u00ednez","@id":"https:\/\/stacatarina.mx\/consejos\/#\/schema\/person\/0be60adffa8e4c4d0828fdf021450e8a"},"headline":"Huevos ucranianos con residuos de antibi\u00f3ticos prohibidos en Europa durante 15 a\u00f1os: el esc\u00e1ndalo estalla en Francia","datePublished":"2025-09-03T08:48:52+00:00","dateModified":"2025-09-03T08:48:57+00:00","mainEntityOfPage":{"@id":"https:\/\/stacatarina.mx\/consejos\/huevos-ucranianos-con-residuos-de-antibioticos-prohibidos-en-europa-durante-15-anos-el-escandalo-estalla-en-francia\/"},"wordCount":480,"publisher":{"@id":"https:\/\/stacatarina.mx\/consejos\/#organization"},"image":{"@id":"https:\/\/stacatarina.mx\/consejos\/huevos-ucranianos-con-residuos-de-antibioticos-prohibidos-en-europa-durante-15-anos-el-escandalo-estalla-en-francia\/#primaryimage"},"thumbnailUrl":"https:\/\/stacatarina.mx\/consejos\/wp-content\/uploads\/2025\/09\/1756889335_Huevos-ucranianos-con-residuos-de-antibioticos-prohibidos-en-Europa-durante.jpg","keywords":["a\u00f1os","antibi\u00f3ticos","con","Durante","esc\u00e1ndalo","estalla","Europa","Francia","huevos","prohibidos","residuos","ucranianos"],"articleSection":["Salud"],"inLanguage":"es"},{"@type":"WebPage","@id":"https:\/\/stacatarina.mx\/consejos\/huevos-ucranianos-con-residuos-de-antibioticos-prohibidos-en-europa-durante-15-anos-el-escandalo-estalla-en-francia\/","url":"https:\/\/stacatarina.mx\/consejos\/huevos-ucranianos-con-residuos-de-antibioticos-prohibidos-en-europa-durante-15-anos-el-escandalo-estalla-en-francia\/","name":"Huevos ucranianos con residuos de antibi\u00f3ticos prohibidos en Europa durante 15 a\u00f1os: el esc\u00e1ndalo estalla en Francia - Consejos - Santa Catarina","isPartOf":{"@id":"https:\/\/stacatarina.mx\/consejos\/#website"},"primaryImageOfPage":{"@id":"https:\/\/stacatarina.mx\/consejos\/huevos-ucranianos-con-residuos-de-antibioticos-prohibidos-en-europa-durante-15-anos-el-escandalo-estalla-en-francia\/#primaryimage"},"image":{"@id":"https:\/\/stacatarina.mx\/consejos\/huevos-ucranianos-con-residuos-de-antibioticos-prohibidos-en-europa-durante-15-anos-el-escandalo-estalla-en-francia\/#primaryimage"},"thumbnailUrl":"https:\/\/stacatarina.mx\/consejos\/wp-content\/uploads\/2025\/09\/1756889335_Huevos-ucranianos-con-residuos-de-antibioticos-prohibidos-en-Europa-durante.jpg","datePublished":"2025-09-03T08:48:52+00:00","dateModified":"2025-09-03T08:48:57+00:00","breadcrumb":{"@id":"https:\/\/stacatarina.mx\/consejos\/huevos-ucranianos-con-residuos-de-antibioticos-prohibidos-en-europa-durante-15-anos-el-escandalo-estalla-en-francia\/#breadcrumb"},"inLanguage":"es","potentialAction":[{"@type":"ReadAction","target":["https:\/\/stacatarina.mx\/consejos\/huevos-ucranianos-con-residuos-de-antibioticos-prohibidos-en-europa-durante-15-anos-el-escandalo-estalla-en-francia\/"]}]},{"@type":"ImageObject","inLanguage":"es","@id":"https:\/\/stacatarina.mx\/consejos\/huevos-ucranianos-con-residuos-de-antibioticos-prohibidos-en-europa-durante-15-anos-el-escandalo-estalla-en-francia\/#primaryimage","url":"https:\/\/stacatarina.mx\/consejos\/wp-content\/uploads\/2025\/09\/1756889335_Huevos-ucranianos-con-residuos-de-antibioticos-prohibidos-en-Europa-durante.jpg","contentUrl":"https:\/\/stacatarina.mx\/consejos\/wp-content\/uploads\/2025\/09\/1756889335_Huevos-ucranianos-con-residuos-de-antibioticos-prohibidos-en-Europa-durante.jpg","width":1500,"height":1000,"caption":"uova"},{"@type":"BreadcrumbList","@id":"https:\/\/stacatarina.mx\/consejos\/huevos-ucranianos-con-residuos-de-antibioticos-prohibidos-en-europa-durante-15-anos-el-escandalo-estalla-en-francia\/#breadcrumb","itemListElement":[{"@type":"ListItem","position":1,"name":"Inicio","item":"https:\/\/stacatarina.mx\/consejos\/"},{"@type":"ListItem","position":2,"name":"Huevos ucranianos con residuos de antibi\u00f3ticos prohibidos en Europa durante 15 a\u00f1os: el esc\u00e1ndalo estalla en Francia"}]},{"@type":"WebSite","@id":"https:\/\/stacatarina.mx\/consejos\/#website","url":"https:\/\/stacatarina.mx\/consejos\/","name":"Santa Catarina","description":"","publisher":{"@id":"https:\/\/stacatarina.mx\/consejos\/#organization"},"potentialAction":[{"@type":"SearchAction","target":{"@type":"EntryPoint","urlTemplate":"https:\/\/stacatarina.mx\/consejos\/?s={search_term_string}"},"query-input":{"@type":"PropertyValueSpecification","valueRequired":true,"valueName":"search_term_string"}}],"inLanguage":"es"},{"@type":"Organization","@id":"https:\/\/stacatarina.mx\/consejos\/#organization","name":"Santa Catarina","url":"https:\/\/stacatarina.mx\/consejos\/","logo":{"@type":"ImageObject","inLanguage":"es","@id":"https:\/\/stacatarina.mx\/consejos\/#\/schema\/logo\/image\/","url":"https:\/\/stacatarina.mx\/consejos\/wp-content\/uploads\/2024\/09\/cropped-favicon-1-1.png","contentUrl":"https:\/\/stacatarina.mx\/consejos\/wp-content\/uploads\/2024\/09\/cropped-favicon-1-1.png","width":512,"height":512,"caption":"Santa Catarina"},"image":{"@id":"https:\/\/stacatarina.mx\/consejos\/#\/schema\/logo\/image\/"},"sameAs":["https:\/\/www.facebook.com\/stacatarinagob\/","https:\/\/x.com\/stacatarinagob","https:\/\/www.instagram.com\/stacatarinagob\/","https:\/\/www.youtube.com\/channel\/UCK-6cQJL_904665N1_nLTWw"]},{"@type":"Person","@id":"https:\/\/stacatarina.mx\/consejos\/#\/schema\/person\/0be60adffa8e4c4d0828fdf021450e8a","name":"Pedro Mart\u00ednez","image":{"@type":"ImageObject","inLanguage":"es","@id":"https:\/\/stacatarina.mx\/consejos\/#\/schema\/person\/image\/","url":"https:\/\/stacatarina.mx\/consejos\/wp-content\/uploads\/2024\/09\/stacatarina.jpg","contentUrl":"https:\/\/stacatarina.mx\/consejos\/wp-content\/uploads\/2024\/09\/stacatarina.jpg","caption":"Pedro Mart\u00ednez"},"description":"Hola, soy Pedro Mart\u00ednez, redactor jefe del sitio oficial del ayuntamiento de Santa Catarina, en M\u00e9xico. Con m\u00e1s de diez a\u00f1os de experiencia en el periodismo local, tengo una pasi\u00f3n por la investigaci\u00f3n y la difusi\u00f3n de informaci\u00f3n que valoriza nuestra hermosa comunidad. Mi compromiso es hacer de Santa Catarina una referencia en materia de transparencia y comunicaci\u00f3n municipal.","sameAs":["https:\/\/stacatarina.mx\/"]}]}},"_links":{"self":[{"href":"https:\/\/stacatarina.mx\/consejos\/wp-json\/wp\/v2\/posts\/5195"}],"collection":[{"href":"https:\/\/stacatarina.mx\/consejos\/wp-json\/wp\/v2\/posts"}],"about":[{"href":"https:\/\/stacatarina.mx\/consejos\/wp-json\/wp\/v2\/types\/post"}],"author":[{"embeddable":true,"href":"https:\/\/stacatarina.mx\/consejos\/wp-json\/wp\/v2\/users\/1"}],"replies":[{"embeddable":true,"href":"https:\/\/stacatarina.mx\/consejos\/wp-json\/wp\/v2\/comments?post=5195"}],"version-history":[{"count":1,"href":"https:\/\/stacatarina.mx\/consejos\/wp-json\/wp\/v2\/posts\/5195\/revisions"}],"predecessor-version":[{"id":5197,"href":"https:\/\/stacatarina.mx\/consejos\/wp-json\/wp\/v2\/posts\/5195\/revisions\/5197"}],"wp:featuredmedia":[{"embeddable":true,"href":"https:\/\/stacatarina.mx\/consejos\/wp-json\/wp\/v2\/media\/5196"}],"wp:attachment":[{"href":"https:\/\/stacatarina.mx\/consejos\/wp-json\/wp\/v2\/media?parent=5195"}],"wp:term":[{"taxonomy":"category","embeddable":true,"href":"https:\/\/stacatarina.mx\/consejos\/wp-json\/wp\/v2\/categories?post=5195"},{"taxonomy":"post_tag","embeddable":true,"href":"https:\/\/stacatarina.mx\/consejos\/wp-json\/wp\/v2\/tags?post=5195"}],"curies":[{"name":"wp","href":"https:\/\/api.w.org\/{rel}","templated":true}]}}