{"id":5198,"date":"2025-09-03T04:54:28","date_gmt":"2025-09-03T10:54:28","guid":{"rendered":"https:\/\/stacatarina.mx\/consejos\/pera-volpina-la-fruta-olvidada-que-no-encuentra-en-el-supermercado-para-ser-redescubierto-que-antes-de-que-desaparezca\/"},"modified":"2025-09-03T04:54:30","modified_gmt":"2025-09-03T10:54:30","slug":"pera-volpina-la-fruta-olvidada-que-no-encuentra-en-el-supermercado-para-ser-redescubierto-que-antes-de-que-desaparezca","status":"publish","type":"post","link":"https:\/\/stacatarina.mx\/consejos\/pera-volpina-la-fruta-olvidada-que-no-encuentra-en-el-supermercado-para-ser-redescubierto-que-antes-de-que-desaparezca\/","title":{"rendered":"Pera Volpina: La fruta olvidada que no encuentra en el supermercado, para ser redescubierto que antes de que desaparezca"},"content":{"rendered":"<p>Hoy queremos hablar con usted sobre el Pear Fox, una fruta que, al igual que los jujubes y el \u00e1rbol de fresas, es parte de las frutas olvidadas que la naturaleza nos pone a su disposici\u00f3n en el oto\u00f1o. Es el fruto del Pero Volpino, un \u00e1rbol r\u00fastico y de vida r\u00fastica con or\u00edgenes muy antiguos que en Romagna, una tierra de la cual este cultivar es original, se coloc\u00f3 en apoyo de las vides y a\u00fan se puede encontrar en los vi\u00f1edos.<\/p>\n<p>El zorro de pera es una fruta peque\u00f1a y redondeada, con una c\u00e1scara gruesa y \u00e1spera de color rojo marr\u00f3n o verde oscuro, a menudo cubierto por un cabello ligero. La pulpa es compacta y granulada, mucho m\u00e1s firme que las peras comunes. Debido a su dura consistencia y al sabor astringente, el zorro de pera no es adecuado para el consumo fresco; Para probarlo en el mejor de los casos, debe cocinarse, a menudo en el horno o hervido, tal vez acompa\u00f1ado de un poco de vino rojo o az\u00facar.<\/p>\n<h2>Historia y tradici\u00f3n de la Pera Volpina<\/h2>\n<\/p>\n<p>El cultivo del Pear Fox se remonta a siglos, cuando representaba un recurso importante para las poblaciones rurales. Es una planta extremadamente resistente, capaz de prosperar en suelos pobres y dif\u00edciles, y que requiere poco cuidado. Las peras volpinas a menudo se recogieron en oto\u00f1o y se mantuvieron para el invierno, cuando se usaron para preparar postres, compuestos o simplemente horneados en el horno como postre.<\/p>\n<p>En la tradici\u00f3n campesina, el Pear Volpine siempre ha representado un alimento precioso durante los per\u00edodos de escasez, gracias a su larga vida \u00fatil y su capacidad para mantener intactas las propiedades nutricionales incluso despu\u00e9s de meses de la colecci\u00f3n. Incluso hoy, en algunas \u00e1reas de los Apeninos, es posible encontrar \u00e1rboles de peras zorro espont\u00e1neas o cultivadas por pasi\u00f3n, testigos silenciosos de una tradici\u00f3n que corre el riesgo de perder.<\/p>\n<h2>Caracter\u00edsticas del zorro de pera<\/h2>\n<p>En el pasado, esta antigua fruta creci\u00f3 espont\u00e1neamente y durante mucho tiempo ha representado un medio de sustento de las poblaciones de monta\u00f1a, pero tambi\u00e9n clasificada por los zorros, de ah\u00ed el divertido nombre de Pear Fox. La apariencia de esta peque\u00f1a pera de tama\u00f1o peque\u00f1o (aproximadamente 80 g &#8211; 100 g) no es particularmente cautivadora: la forma es redondeada, un poco aplanada, la c\u00e1scara verde pero escarpada.<\/p>\n<p>La pulpa es blanca, crujiente, granulada y muy dura, tanto que incluso cuando alcanza la maduraci\u00f3n se prefiere comerla. El sabor se decide, duro y t\u00e1nico en comparaci\u00f3n con las otras variedades de esta fruta. A nivel nutricional, es pobre en az\u00facares y calor\u00edas, pero rico en vitaminas y sales minerales, pero sobre todo de fibra.<\/p>\n<p><img loading=\"lazy\" decoding=\"async\" class=\"size-full wp-image-587914 aligncenter\" style=\"vertical-align: middle\" title=\"Vino de pere-volpina\" src=\"https:\/\/stacatarina.mx\/consejos\/wp-content\/uploads\/2025\/09\/1756896868_757_Pera-Volpina-La-fruta-olvidada-que-no-encuentra-en-el.jpg\" alt=\"B2ap3_thumbnail_pe-volpinevino.jpg\" width=\"498\" height=\"299\" border=\"0\"><\/p>\n<p>Por sus caracter\u00edsticas, de hecho, como todas las frutas olvidadas, sabe c\u00f3mo ser apreciado en las conservas o cocinadas con vino tinto y con sabor a canela y clavo. Si desea probarlo, debe ir a festivales locales y eventos t\u00edpicos que mejoren las frutas olvidadas, ya que en grandes distribuciones, siendo frutas de mala relevancia para la gran porci\u00f3n del mercado, es imposible encontrarlo. Una vez comprado, puede mantenerlo a temperatura ambiente durante todo el per\u00edodo de invierno.<\/p>\n<h2>Recetas tradicionales con Pear Volpine<\/h2>\n<p>Una de las formas m\u00e1s simples y antiguas de saborear el zorro de pera, transmitido por las campesinas de las \u00e1reas de monta\u00f1a, es cocinarlo con casta\u00f1as. Las peras y las casta\u00f1as est\u00e1n hervidas en agua con sabor con hojas de laurel, creando un plato de sabor r\u00fastico pero rico, perfecto para los meses de oto\u00f1o e invierno.<\/p>\n<p>Otra preparaci\u00f3n cl\u00e1sica aprovecha la abundancia de vino tinto, como Sangiovese, t\u00edpico de Emilia-Romagna. En esta receta, las peras de zorro se cocinan en la olla o en el horno, sumergidas en una mezcla de vino tinto, un poco de agua, az\u00facar y especias como canela y clavo. La cocci\u00f3n lenta, aproximadamente una hora, permite que el l\u00edquido se reduzca, transform\u00e1ndose en un jarabe denso y arom\u00e1tico que rodea la fruta, haci\u00e9ndolo suave y fragante, ideal para ser servido como postre.<\/p>\n<h3>El zorro de la pera en la romana Sav\u00f2r<\/h3>\n<p>El Pear Fox tambi\u00e9n es uno de los principales ingredientes de Sav\u00f2r, una mermelada tradicional de romana, preparada con la necesidad cocida y la fruta local. Esta mezcla densa y fragante se combina, adem\u00e1s de los zorros de peras, membrillos, higos secos, nueces, almendras, c\u00e1scaras de naranja y piezas de mel\u00f3n. Sav\u00f2r generalmente ha servido en combinaci\u00f3n con el queso en boxes, otra especialidad t\u00edpica de Romagna, creando un equilibrio perfecto entre dulzura y sabor.<\/p>\n<p>Gracias a su versatilidad y su sabor \u00fanico, el Pear Fox es una fruta que, aunque olvidada, a\u00fan puede encontrar espacio en nuestras mesas, convirti\u00e9ndose en el protagonista de platos simples y genuinos, pero rico en historia y tradici\u00f3n.<\/p>\n<p>\u00bfNo quieres perder nuestras noticias?<\/p>\n","protected":false},"excerpt":{"rendered":"<p>Hoy queremos hablar con usted sobre el Pear Fox, una fruta que, al igual que los jujubes y el \u00e1rbol de fresas, es parte de<\/p>\n","protected":false},"author":1,"featured_media":5199,"comment_status":"closed","ping_status":"","sticky":false,"template":"","format":"standard","meta":{"footnotes":""},"categories":[762],"tags":[553,5916,1343,1283,3525,29,5913,5915,562,2269,5914],"class_list":["post-5198","post","type-post","status-publish","format-standard","has-post-thumbnail","hentry","category-salud","tag-antes","tag-desaparezca","tag-encuentra","tag-fruta","tag-olvidada","tag-para","tag-pera","tag-redescubierto","tag-ser","tag-supermercado","tag-volpina","generate-columns","tablet-grid-50","mobile-grid-100","grid-parent","grid-50"],"yoast_head":"<!-- This site is optimized with the Yoast SEO plugin v23.4 - https:\/\/yoast.com\/wordpress\/plugins\/seo\/ -->\n<title>Pera Volpina: La fruta olvidada que no encuentra en el supermercado, para ser redescubierto que antes de que desaparezca - Consejos - Santa Catarina<\/title>\n<meta name=\"robots\" content=\"index, follow, max-snippet:-1, max-image-preview:large, max-video-preview:-1\" \/>\n<link rel=\"canonical\" href=\"https:\/\/stacatarina.mx\/consejos\/pera-volpina-la-fruta-olvidada-que-no-encuentra-en-el-supermercado-para-ser-redescubierto-que-antes-de-que-desaparezca\/\" \/>\n<meta property=\"og:locale\" content=\"es_MX\" \/>\n<meta property=\"og:type\" content=\"article\" \/>\n<meta property=\"og:title\" content=\"Pera Volpina: La fruta olvidada que no encuentra en el supermercado, para ser redescubierto que antes de que desaparezca - Consejos - Santa Catarina\" \/>\n<meta property=\"og:description\" content=\"Hoy queremos hablar con usted sobre el Pear Fox, una fruta que, al igual que los jujubes y el \u00e1rbol de fresas, es parte de\" \/>\n<meta property=\"og:url\" content=\"https:\/\/stacatarina.mx\/consejos\/pera-volpina-la-fruta-olvidada-que-no-encuentra-en-el-supermercado-para-ser-redescubierto-que-antes-de-que-desaparezca\/\" \/>\n<meta property=\"og:site_name\" content=\"Santa Catarina\" \/>\n<meta property=\"article:publisher\" content=\"https:\/\/www.facebook.com\/stacatarinagob\/\" \/>\n<meta property=\"article:published_time\" content=\"2025-09-03T10:54:28+00:00\" \/>\n<meta property=\"article:modified_time\" content=\"2025-09-03T10:54:30+00:00\" \/>\n<meta property=\"og:image\" content=\"https:\/\/stacatarina.mx\/consejos\/wp-content\/uploads\/2025\/09\/1756896869_Pera-Volpina-La-fruta-olvidada-que-no-encuentra-en-el.jpg\" \/>\n\t<meta property=\"og:image:width\" content=\"1200\" \/>\n\t<meta property=\"og:image:height\" content=\"800\" \/>\n\t<meta property=\"og:image:type\" content=\"image\/jpeg\" \/>\n<meta name=\"author\" content=\"Pedro Mart\u00ednez\" \/>\n<meta name=\"twitter:card\" content=\"summary_large_image\" \/>\n<meta name=\"twitter:creator\" content=\"@stacatarinagob\" \/>\n<meta name=\"twitter:site\" content=\"@stacatarinagob\" \/>\n<meta name=\"twitter:label1\" content=\"Escrito por\" \/>\n\t<meta name=\"twitter:data1\" content=\"Pedro Mart\u00ednez\" \/>\n\t<meta name=\"twitter:label2\" content=\"Tiempo de lectura\" \/>\n\t<meta name=\"twitter:data2\" content=\"4 minutos\" \/>\n<script type=\"application\/ld+json\" class=\"yoast-schema-graph\">{\"@context\":\"https:\/\/schema.org\",\"@graph\":[{\"@type\":\"Article\",\"@id\":\"https:\/\/stacatarina.mx\/consejos\/pera-volpina-la-fruta-olvidada-que-no-encuentra-en-el-supermercado-para-ser-redescubierto-que-antes-de-que-desaparezca\/#article\",\"isPartOf\":{\"@id\":\"https:\/\/stacatarina.mx\/consejos\/pera-volpina-la-fruta-olvidada-que-no-encuentra-en-el-supermercado-para-ser-redescubierto-que-antes-de-que-desaparezca\/\"},\"author\":{\"name\":\"Pedro Mart\u00ednez\",\"@id\":\"https:\/\/stacatarina.mx\/consejos\/#\/schema\/person\/0be60adffa8e4c4d0828fdf021450e8a\"},\"headline\":\"Pera Volpina: La fruta olvidada que no encuentra en el supermercado, para ser redescubierto que antes de que desaparezca\",\"datePublished\":\"2025-09-03T10:54:28+00:00\",\"dateModified\":\"2025-09-03T10:54:30+00:00\",\"mainEntityOfPage\":{\"@id\":\"https:\/\/stacatarina.mx\/consejos\/pera-volpina-la-fruta-olvidada-que-no-encuentra-en-el-supermercado-para-ser-redescubierto-que-antes-de-que-desaparezca\/\"},\"wordCount\":883,\"publisher\":{\"@id\":\"https:\/\/stacatarina.mx\/consejos\/#organization\"},\"image\":{\"@id\":\"https:\/\/stacatarina.mx\/consejos\/pera-volpina-la-fruta-olvidada-que-no-encuentra-en-el-supermercado-para-ser-redescubierto-que-antes-de-que-desaparezca\/#primaryimage\"},\"thumbnailUrl\":\"https:\/\/stacatarina.mx\/consejos\/wp-content\/uploads\/2025\/09\/1756896869_Pera-Volpina-La-fruta-olvidada-que-no-encuentra-en-el.jpg\",\"keywords\":[\"antes\",\"desaparezca\",\"encuentra\",\"fruta\",\"olvidada\",\"para\",\"Pera\",\"redescubierto\",\"ser\",\"supermercado\",\"Volpina\"],\"articleSection\":[\"Salud\"],\"inLanguage\":\"es\"},{\"@type\":\"WebPage\",\"@id\":\"https:\/\/stacatarina.mx\/consejos\/pera-volpina-la-fruta-olvidada-que-no-encuentra-en-el-supermercado-para-ser-redescubierto-que-antes-de-que-desaparezca\/\",\"url\":\"https:\/\/stacatarina.mx\/consejos\/pera-volpina-la-fruta-olvidada-que-no-encuentra-en-el-supermercado-para-ser-redescubierto-que-antes-de-que-desaparezca\/\",\"name\":\"Pera Volpina: La fruta olvidada que no encuentra en el supermercado, para ser redescubierto que antes de que desaparezca - Consejos - Santa Catarina\",\"isPartOf\":{\"@id\":\"https:\/\/stacatarina.mx\/consejos\/#website\"},\"primaryImageOfPage\":{\"@id\":\"https:\/\/stacatarina.mx\/consejos\/pera-volpina-la-fruta-olvidada-que-no-encuentra-en-el-supermercado-para-ser-redescubierto-que-antes-de-que-desaparezca\/#primaryimage\"},\"image\":{\"@id\":\"https:\/\/stacatarina.mx\/consejos\/pera-volpina-la-fruta-olvidada-que-no-encuentra-en-el-supermercado-para-ser-redescubierto-que-antes-de-que-desaparezca\/#primaryimage\"},\"thumbnailUrl\":\"https:\/\/stacatarina.mx\/consejos\/wp-content\/uploads\/2025\/09\/1756896869_Pera-Volpina-La-fruta-olvidada-que-no-encuentra-en-el.jpg\",\"datePublished\":\"2025-09-03T10:54:28+00:00\",\"dateModified\":\"2025-09-03T10:54:30+00:00\",\"breadcrumb\":{\"@id\":\"https:\/\/stacatarina.mx\/consejos\/pera-volpina-la-fruta-olvidada-que-no-encuentra-en-el-supermercado-para-ser-redescubierto-que-antes-de-que-desaparezca\/#breadcrumb\"},\"inLanguage\":\"es\",\"potentialAction\":[{\"@type\":\"ReadAction\",\"target\":[\"https:\/\/stacatarina.mx\/consejos\/pera-volpina-la-fruta-olvidada-que-no-encuentra-en-el-supermercado-para-ser-redescubierto-que-antes-de-que-desaparezca\/\"]}]},{\"@type\":\"ImageObject\",\"inLanguage\":\"es\",\"@id\":\"https:\/\/stacatarina.mx\/consejos\/pera-volpina-la-fruta-olvidada-que-no-encuentra-en-el-supermercado-para-ser-redescubierto-que-antes-de-que-desaparezca\/#primaryimage\",\"url\":\"https:\/\/stacatarina.mx\/consejos\/wp-content\/uploads\/2025\/09\/1756896869_Pera-Volpina-La-fruta-olvidada-que-no-encuentra-en-el.jpg\",\"contentUrl\":\"https:\/\/stacatarina.mx\/consejos\/wp-content\/uploads\/2025\/09\/1756896869_Pera-Volpina-La-fruta-olvidada-que-no-encuentra-en-el.jpg\",\"width\":1200,\"height\":800,\"caption\":\"pera volpina\"},{\"@type\":\"BreadcrumbList\",\"@id\":\"https:\/\/stacatarina.mx\/consejos\/pera-volpina-la-fruta-olvidada-que-no-encuentra-en-el-supermercado-para-ser-redescubierto-que-antes-de-que-desaparezca\/#breadcrumb\",\"itemListElement\":[{\"@type\":\"ListItem\",\"position\":1,\"name\":\"Inicio\",\"item\":\"https:\/\/stacatarina.mx\/consejos\/\"},{\"@type\":\"ListItem\",\"position\":2,\"name\":\"Pera Volpina: La fruta olvidada que no encuentra en el supermercado, para ser redescubierto que antes de que desaparezca\"}]},{\"@type\":\"WebSite\",\"@id\":\"https:\/\/stacatarina.mx\/consejos\/#website\",\"url\":\"https:\/\/stacatarina.mx\/consejos\/\",\"name\":\"Santa Catarina\",\"description\":\"\",\"publisher\":{\"@id\":\"https:\/\/stacatarina.mx\/consejos\/#organization\"},\"potentialAction\":[{\"@type\":\"SearchAction\",\"target\":{\"@type\":\"EntryPoint\",\"urlTemplate\":\"https:\/\/stacatarina.mx\/consejos\/?s={search_term_string}\"},\"query-input\":{\"@type\":\"PropertyValueSpecification\",\"valueRequired\":true,\"valueName\":\"search_term_string\"}}],\"inLanguage\":\"es\"},{\"@type\":\"Organization\",\"@id\":\"https:\/\/stacatarina.mx\/consejos\/#organization\",\"name\":\"Santa Catarina\",\"url\":\"https:\/\/stacatarina.mx\/consejos\/\",\"logo\":{\"@type\":\"ImageObject\",\"inLanguage\":\"es\",\"@id\":\"https:\/\/stacatarina.mx\/consejos\/#\/schema\/logo\/image\/\",\"url\":\"https:\/\/stacatarina.mx\/consejos\/wp-content\/uploads\/2024\/09\/cropped-favicon-1-1.png\",\"contentUrl\":\"https:\/\/stacatarina.mx\/consejos\/wp-content\/uploads\/2024\/09\/cropped-favicon-1-1.png\",\"width\":512,\"height\":512,\"caption\":\"Santa Catarina\"},\"image\":{\"@id\":\"https:\/\/stacatarina.mx\/consejos\/#\/schema\/logo\/image\/\"},\"sameAs\":[\"https:\/\/www.facebook.com\/stacatarinagob\/\",\"https:\/\/x.com\/stacatarinagob\",\"https:\/\/www.instagram.com\/stacatarinagob\/\",\"https:\/\/www.youtube.com\/channel\/UCK-6cQJL_904665N1_nLTWw\"]},{\"@type\":\"Person\",\"@id\":\"https:\/\/stacatarina.mx\/consejos\/#\/schema\/person\/0be60adffa8e4c4d0828fdf021450e8a\",\"name\":\"Pedro Mart\u00ednez\",\"image\":{\"@type\":\"ImageObject\",\"inLanguage\":\"es\",\"@id\":\"https:\/\/stacatarina.mx\/consejos\/#\/schema\/person\/image\/\",\"url\":\"https:\/\/stacatarina.mx\/consejos\/wp-content\/uploads\/2024\/09\/stacatarina.jpg\",\"contentUrl\":\"https:\/\/stacatarina.mx\/consejos\/wp-content\/uploads\/2024\/09\/stacatarina.jpg\",\"caption\":\"Pedro Mart\u00ednez\"},\"description\":\"Hola, soy Pedro Mart\u00ednez, redactor jefe del sitio oficial del ayuntamiento de Santa Catarina, en M\u00e9xico. Con m\u00e1s de diez a\u00f1os de experiencia en el periodismo local, tengo una pasi\u00f3n por la investigaci\u00f3n y la difusi\u00f3n de informaci\u00f3n que valoriza nuestra hermosa comunidad. Mi compromiso es hacer de Santa Catarina una referencia en materia de transparencia y comunicaci\u00f3n municipal.\",\"sameAs\":[\"https:\/\/stacatarina.mx\/\"]}]}<\/script>\n<!-- \/ Yoast SEO plugin. -->","yoast_head_json":{"title":"Pera Volpina: La fruta olvidada que no encuentra en el supermercado, para ser redescubierto que antes de que desaparezca - Consejos - Santa Catarina","robots":{"index":"index","follow":"follow","max-snippet":"max-snippet:-1","max-image-preview":"max-image-preview:large","max-video-preview":"max-video-preview:-1"},"canonical":"https:\/\/stacatarina.mx\/consejos\/pera-volpina-la-fruta-olvidada-que-no-encuentra-en-el-supermercado-para-ser-redescubierto-que-antes-de-que-desaparezca\/","og_locale":"es_MX","og_type":"article","og_title":"Pera Volpina: La fruta olvidada que no encuentra en el supermercado, para ser redescubierto que antes de que desaparezca - Consejos - Santa Catarina","og_description":"Hoy queremos hablar con usted sobre el Pear Fox, una fruta que, al igual que los jujubes y el \u00e1rbol de fresas, es parte de","og_url":"https:\/\/stacatarina.mx\/consejos\/pera-volpina-la-fruta-olvidada-que-no-encuentra-en-el-supermercado-para-ser-redescubierto-que-antes-de-que-desaparezca\/","og_site_name":"Santa Catarina","article_publisher":"https:\/\/www.facebook.com\/stacatarinagob\/","article_published_time":"2025-09-03T10:54:28+00:00","article_modified_time":"2025-09-03T10:54:30+00:00","og_image":[{"width":1200,"height":800,"url":"https:\/\/stacatarina.mx\/consejos\/wp-content\/uploads\/2025\/09\/1756896869_Pera-Volpina-La-fruta-olvidada-que-no-encuentra-en-el.jpg","type":"image\/jpeg"}],"author":"Pedro Mart\u00ednez","twitter_card":"summary_large_image","twitter_creator":"@stacatarinagob","twitter_site":"@stacatarinagob","twitter_misc":{"Escrito por":"Pedro Mart\u00ednez","Tiempo de lectura":"4 minutos"},"schema":{"@context":"https:\/\/schema.org","@graph":[{"@type":"Article","@id":"https:\/\/stacatarina.mx\/consejos\/pera-volpina-la-fruta-olvidada-que-no-encuentra-en-el-supermercado-para-ser-redescubierto-que-antes-de-que-desaparezca\/#article","isPartOf":{"@id":"https:\/\/stacatarina.mx\/consejos\/pera-volpina-la-fruta-olvidada-que-no-encuentra-en-el-supermercado-para-ser-redescubierto-que-antes-de-que-desaparezca\/"},"author":{"name":"Pedro Mart\u00ednez","@id":"https:\/\/stacatarina.mx\/consejos\/#\/schema\/person\/0be60adffa8e4c4d0828fdf021450e8a"},"headline":"Pera Volpina: La fruta olvidada que no encuentra en el supermercado, para ser redescubierto que antes de que desaparezca","datePublished":"2025-09-03T10:54:28+00:00","dateModified":"2025-09-03T10:54:30+00:00","mainEntityOfPage":{"@id":"https:\/\/stacatarina.mx\/consejos\/pera-volpina-la-fruta-olvidada-que-no-encuentra-en-el-supermercado-para-ser-redescubierto-que-antes-de-que-desaparezca\/"},"wordCount":883,"publisher":{"@id":"https:\/\/stacatarina.mx\/consejos\/#organization"},"image":{"@id":"https:\/\/stacatarina.mx\/consejos\/pera-volpina-la-fruta-olvidada-que-no-encuentra-en-el-supermercado-para-ser-redescubierto-que-antes-de-que-desaparezca\/#primaryimage"},"thumbnailUrl":"https:\/\/stacatarina.mx\/consejos\/wp-content\/uploads\/2025\/09\/1756896869_Pera-Volpina-La-fruta-olvidada-que-no-encuentra-en-el.jpg","keywords":["antes","desaparezca","encuentra","fruta","olvidada","para","Pera","redescubierto","ser","supermercado","Volpina"],"articleSection":["Salud"],"inLanguage":"es"},{"@type":"WebPage","@id":"https:\/\/stacatarina.mx\/consejos\/pera-volpina-la-fruta-olvidada-que-no-encuentra-en-el-supermercado-para-ser-redescubierto-que-antes-de-que-desaparezca\/","url":"https:\/\/stacatarina.mx\/consejos\/pera-volpina-la-fruta-olvidada-que-no-encuentra-en-el-supermercado-para-ser-redescubierto-que-antes-de-que-desaparezca\/","name":"Pera Volpina: La fruta olvidada que no encuentra en el supermercado, para ser redescubierto que antes de que desaparezca - Consejos - Santa Catarina","isPartOf":{"@id":"https:\/\/stacatarina.mx\/consejos\/#website"},"primaryImageOfPage":{"@id":"https:\/\/stacatarina.mx\/consejos\/pera-volpina-la-fruta-olvidada-que-no-encuentra-en-el-supermercado-para-ser-redescubierto-que-antes-de-que-desaparezca\/#primaryimage"},"image":{"@id":"https:\/\/stacatarina.mx\/consejos\/pera-volpina-la-fruta-olvidada-que-no-encuentra-en-el-supermercado-para-ser-redescubierto-que-antes-de-que-desaparezca\/#primaryimage"},"thumbnailUrl":"https:\/\/stacatarina.mx\/consejos\/wp-content\/uploads\/2025\/09\/1756896869_Pera-Volpina-La-fruta-olvidada-que-no-encuentra-en-el.jpg","datePublished":"2025-09-03T10:54:28+00:00","dateModified":"2025-09-03T10:54:30+00:00","breadcrumb":{"@id":"https:\/\/stacatarina.mx\/consejos\/pera-volpina-la-fruta-olvidada-que-no-encuentra-en-el-supermercado-para-ser-redescubierto-que-antes-de-que-desaparezca\/#breadcrumb"},"inLanguage":"es","potentialAction":[{"@type":"ReadAction","target":["https:\/\/stacatarina.mx\/consejos\/pera-volpina-la-fruta-olvidada-que-no-encuentra-en-el-supermercado-para-ser-redescubierto-que-antes-de-que-desaparezca\/"]}]},{"@type":"ImageObject","inLanguage":"es","@id":"https:\/\/stacatarina.mx\/consejos\/pera-volpina-la-fruta-olvidada-que-no-encuentra-en-el-supermercado-para-ser-redescubierto-que-antes-de-que-desaparezca\/#primaryimage","url":"https:\/\/stacatarina.mx\/consejos\/wp-content\/uploads\/2025\/09\/1756896869_Pera-Volpina-La-fruta-olvidada-que-no-encuentra-en-el.jpg","contentUrl":"https:\/\/stacatarina.mx\/consejos\/wp-content\/uploads\/2025\/09\/1756896869_Pera-Volpina-La-fruta-olvidada-que-no-encuentra-en-el.jpg","width":1200,"height":800,"caption":"pera volpina"},{"@type":"BreadcrumbList","@id":"https:\/\/stacatarina.mx\/consejos\/pera-volpina-la-fruta-olvidada-que-no-encuentra-en-el-supermercado-para-ser-redescubierto-que-antes-de-que-desaparezca\/#breadcrumb","itemListElement":[{"@type":"ListItem","position":1,"name":"Inicio","item":"https:\/\/stacatarina.mx\/consejos\/"},{"@type":"ListItem","position":2,"name":"Pera Volpina: La fruta olvidada que no encuentra en el supermercado, para ser redescubierto que antes de que desaparezca"}]},{"@type":"WebSite","@id":"https:\/\/stacatarina.mx\/consejos\/#website","url":"https:\/\/stacatarina.mx\/consejos\/","name":"Santa Catarina","description":"","publisher":{"@id":"https:\/\/stacatarina.mx\/consejos\/#organization"},"potentialAction":[{"@type":"SearchAction","target":{"@type":"EntryPoint","urlTemplate":"https:\/\/stacatarina.mx\/consejos\/?s={search_term_string}"},"query-input":{"@type":"PropertyValueSpecification","valueRequired":true,"valueName":"search_term_string"}}],"inLanguage":"es"},{"@type":"Organization","@id":"https:\/\/stacatarina.mx\/consejos\/#organization","name":"Santa Catarina","url":"https:\/\/stacatarina.mx\/consejos\/","logo":{"@type":"ImageObject","inLanguage":"es","@id":"https:\/\/stacatarina.mx\/consejos\/#\/schema\/logo\/image\/","url":"https:\/\/stacatarina.mx\/consejos\/wp-content\/uploads\/2024\/09\/cropped-favicon-1-1.png","contentUrl":"https:\/\/stacatarina.mx\/consejos\/wp-content\/uploads\/2024\/09\/cropped-favicon-1-1.png","width":512,"height":512,"caption":"Santa Catarina"},"image":{"@id":"https:\/\/stacatarina.mx\/consejos\/#\/schema\/logo\/image\/"},"sameAs":["https:\/\/www.facebook.com\/stacatarinagob\/","https:\/\/x.com\/stacatarinagob","https:\/\/www.instagram.com\/stacatarinagob\/","https:\/\/www.youtube.com\/channel\/UCK-6cQJL_904665N1_nLTWw"]},{"@type":"Person","@id":"https:\/\/stacatarina.mx\/consejos\/#\/schema\/person\/0be60adffa8e4c4d0828fdf021450e8a","name":"Pedro Mart\u00ednez","image":{"@type":"ImageObject","inLanguage":"es","@id":"https:\/\/stacatarina.mx\/consejos\/#\/schema\/person\/image\/","url":"https:\/\/stacatarina.mx\/consejos\/wp-content\/uploads\/2024\/09\/stacatarina.jpg","contentUrl":"https:\/\/stacatarina.mx\/consejos\/wp-content\/uploads\/2024\/09\/stacatarina.jpg","caption":"Pedro Mart\u00ednez"},"description":"Hola, soy Pedro Mart\u00ednez, redactor jefe del sitio oficial del ayuntamiento de Santa Catarina, en M\u00e9xico. Con m\u00e1s de diez a\u00f1os de experiencia en el periodismo local, tengo una pasi\u00f3n por la investigaci\u00f3n y la difusi\u00f3n de informaci\u00f3n que valoriza nuestra hermosa comunidad. Mi compromiso es hacer de Santa Catarina una referencia en materia de transparencia y comunicaci\u00f3n municipal.","sameAs":["https:\/\/stacatarina.mx\/"]}]}},"_links":{"self":[{"href":"https:\/\/stacatarina.mx\/consejos\/wp-json\/wp\/v2\/posts\/5198"}],"collection":[{"href":"https:\/\/stacatarina.mx\/consejos\/wp-json\/wp\/v2\/posts"}],"about":[{"href":"https:\/\/stacatarina.mx\/consejos\/wp-json\/wp\/v2\/types\/post"}],"author":[{"embeddable":true,"href":"https:\/\/stacatarina.mx\/consejos\/wp-json\/wp\/v2\/users\/1"}],"replies":[{"embeddable":true,"href":"https:\/\/stacatarina.mx\/consejos\/wp-json\/wp\/v2\/comments?post=5198"}],"version-history":[{"count":1,"href":"https:\/\/stacatarina.mx\/consejos\/wp-json\/wp\/v2\/posts\/5198\/revisions"}],"predecessor-version":[{"id":5200,"href":"https:\/\/stacatarina.mx\/consejos\/wp-json\/wp\/v2\/posts\/5198\/revisions\/5200"}],"wp:featuredmedia":[{"embeddable":true,"href":"https:\/\/stacatarina.mx\/consejos\/wp-json\/wp\/v2\/media\/5199"}],"wp:attachment":[{"href":"https:\/\/stacatarina.mx\/consejos\/wp-json\/wp\/v2\/media?parent=5198"}],"wp:term":[{"taxonomy":"category","embeddable":true,"href":"https:\/\/stacatarina.mx\/consejos\/wp-json\/wp\/v2\/categories?post=5198"},{"taxonomy":"post_tag","embeddable":true,"href":"https:\/\/stacatarina.mx\/consejos\/wp-json\/wp\/v2\/tags?post=5198"}],"curies":[{"name":"wp","href":"https:\/\/api.w.org\/{rel}","templated":true}]}}