{"id":525,"date":"2024-09-17T04:25:11","date_gmt":"2024-09-17T10:25:11","guid":{"rendered":"https:\/\/stacatarina.mx\/consejos\/datos-y-estadisticas-sobre-la-contaminacion-plastica-a-nivel-mundial\/"},"modified":"2024-09-17T04:25:14","modified_gmt":"2024-09-17T10:25:14","slug":"datos-y-estadisticas-sobre-la-contaminacion-plastica-a-nivel-mundial","status":"publish","type":"post","link":"https:\/\/stacatarina.mx\/consejos\/datos-y-estadisticas-sobre-la-contaminacion-plastica-a-nivel-mundial\/","title":{"rendered":"Datos y estad\u00edsticas sobre la contaminaci\u00f3n pl\u00e1stica a nivel mundial"},"content":{"rendered":"<div style=\"\" data-v-74ea4584=\"\"><!--(--><\/p>\n<div class=\"wordpress-image\">\n<figure class=\"wp-block-image size-full\"><\/figure>\n<\/div>\n<div class=\"wordpress-paragraph\" style=\"--59bd087b:left;\" data-v-8ccac7f0=\"\">\n<p>La contaminaci\u00f3n por pl\u00e1stico se ha convertido en uno de los problemas ambientales m\u00e1s acuciantes. Desde vertederos desbordados hasta grandes \u00e1reas de basura en los oc\u00e9anos, el impacto de los desechos pl\u00e1sticos es devastador y de amplio alcance.<\/p>\n<\/div>\n<div class=\"wordpress-paragraph\" style=\"--59bd087b:left;\" data-v-8ccac7f0=\"\">\n<p>Este art\u00edculo explora estad\u00edsticas y datos clave sobre la contaminaci\u00f3n pl\u00e1stica global, sus fuentes y sus efectos en nuestro planeta.<\/p>\n<\/div>\n<h2 class=\"wp-block-heading\">Principales fuentes de contaminaci\u00f3n pl\u00e1stica<\/h2>\n<div class=\"wordpress-paragraph\" style=\"--59bd087b:left;\" data-v-8ccac7f0=\"\">\n<p>Si bien la contaminaci\u00f3n pl\u00e1stica proviene de muchas fuentes, algunas son contribuyentes importantes.<\/p>\n<\/div>\n<div class=\"wordpress-list\" style=\"--0f4ed8a4:revert;\" data-v-88746f0a=\"\">\n<ol class=\"wordpress-list__wrapper\" data-v-88746f0a=\"\">\n<li>El embalaje es el segmento de mercado de uso final m\u00e1s grande y representa poco m\u00e1s del 40% del uso total de pl\u00e1stico.<\/li>\n<li>Aproximadamente el 50% del pl\u00e1stico se utiliza para un solo uso: se utiliza solo durante unos momentos, pero permanece en el planeta durante al menos varios cientos de a\u00f1os.<\/li>\n<li>Cada minuto se compran m\u00e1s de un mill\u00f3n de botellas de pl\u00e1stico en todo el mundo.<\/li>\n<\/ol>\n<\/div>\n<h2 class=\"wp-block-heading\">La magnitud de la contaminaci\u00f3n pl\u00e1stica a nivel mundial<\/h2>\n<div class=\"wordpress-paragraph\" style=\"--59bd087b:left;\" data-v-8ccac7f0=\"\">\n<p>Cada a\u00f1o, producimos una cantidad asombrosa de pl\u00e1stico, y gran parte de \u00e9l termina en la contaminaci\u00f3n ambiental. Solo en 2019, se produjeron 368 millones de toneladas de pl\u00e1stico en todo el mundo. Lamentablemente, gran parte de este pl\u00e1stico se contamina y contamina nuestra tierra, nuestros cursos de agua y nuestros oc\u00e9anos.<\/p>\n<\/div>\n<div class=\"wordpress-paragraph\" style=\"--59bd087b:left;\" data-v-8ccac7f0=\"\">\n<p>2. Cada a\u00f1o, en todo el mundo, se producen alrededor de 300 millones de toneladas de residuos pl\u00e1sticos. Alrededor del 40% de todos los productos pl\u00e1sticos se desechan en el plazo de un mes. (Plastic Soup Foundation)<\/p>\n<\/div>\n<div class=\"wordpress-paragraph\" style=\"--59bd087b:left;\" data-v-8ccac7f0=\"\">\n<p>3. El pl\u00e1stico se utiliza principalmente para <strong>embalaje<\/strong>que en 2017 representaron 115 millones de toneladas m\u00e9tricas. La construcci\u00f3n y edificaci\u00f3n son los segundos sectores m\u00e1s utilizados, representando solo <strong>64 millones <\/strong>en el mismo a\u00f1o. <\/p>\n<\/div>\n<div class=\"wordpress-paragraph\" style=\"--59bd087b:left;\" data-v-8ccac7f0=\"\">\n<p>4. Un estudio publicado en Science Advances (2017) calcul\u00f3 que hab\u00edamos producido <strong>8.300 millones <\/strong>toneladas m\u00e9tricas de pl\u00e1stico hasta la fecha, 25.000 veces el peso del <strong>Edificio Empire State<\/strong>. <\/p>\n<\/div>\n<div class=\"wordpress-paragraph\" style=\"--59bd087b:left;\" data-v-8ccac7f0=\"\">\n<p>5. El uso y consumo de pl\u00e1stico ha impulsado la generaci\u00f3n mundial de aproximadamente 300 millones de toneladas de residuos pl\u00e1sticos cada a\u00f1o para satisfacer la demanda, el 60% de los cuales termina en nuestro entorno natural o en vertederos.<\/p>\n<\/div>\n<div class=\"wordpress-paragraph\" style=\"--59bd087b:left;\" data-v-8ccac7f0=\"\">\n<p>6. La producci\u00f3n mundial de pl\u00e1stico ha aumentado r\u00e1pidamente entre 1950 y 2019. El gr\u00e1fico siguiente muestra la producci\u00f3n mundial anual de pl\u00e1stico medida en toneladas m\u00e9tricas al a\u00f1o.<\/p>\n<\/div>\n<div class=\"wordpress-image\">\n<figure class=\"wp-block-image alignright size-large\"><img decoding=\"async\" src=\"https:\/\/stacatarina.mx\/consejos\/wp-content\/uploads\/2024\/09\/1726568711_667_Datos-y-estadisticas-sobre-la-contaminacion-plastica-a-nivel-mundial.png\" alt=\"\" class=\"wp-image-70199\"><\/figure>\n<\/div>\n<div class=\"wordpress-paragraph\" style=\"--59bd087b:left;\" data-v-8ccac7f0=\"\">\n<p>7. En 2021, hab\u00eda m\u00e1s pl\u00e1stico de un solo uso en todo el mundo que nunca: aproximadamente 139 millones de toneladas.<\/p>\n<\/div>\n<div class=\"wordpress-paragraph\" style=\"--59bd087b:left;\" data-v-8ccac7f0=\"\">\n<p>8. Las 20 principales empresas productoras de pol\u00edmeros para su uso en pl\u00e1sticos de un solo uso se han mantenido <strong>Sin cambios desde 2019<\/strong>Parece que estas empresas son inmunes a la creciente ansiedad clim\u00e1tica. <\/p>\n<\/div>\n<div class=\"wordpress-paragraph\" style=\"--59bd087b:left;\" data-v-8ccac7f0=\"\">\n<p>9. Las emisiones totales de gases de efecto invernadero de los pl\u00e1sticos de un solo uso en 2021 son iguales a las del Reino Unido, el equivalente a <strong>460 millones de toneladas de CO2<\/strong>. (Fundaci\u00f3n Minderoo)<\/p>\n<\/div>\n<div class=\"wordpress-paragraph\" style=\"--59bd087b:left;\" data-v-8ccac7f0=\"\">\n<p>10. Seg\u00fan la Fundaci\u00f3n Minderoo, las empresas que m\u00e1s contribuyeron a la generaci\u00f3n de pl\u00e1stico de un solo uso en 2021 fueron ExxonMobil, Sinopec, DOW e Indorama Ventures. Estas cuatro empresas abarcan Estados Unidos, China y Tailandia.<\/p>\n<\/div>\n<div class=\"wordpress-paragraph\" style=\"--59bd087b:left;\" data-v-8ccac7f0=\"\">\n<p>11. <strong>Porcelana<\/strong> es ampliamente considerado como el mayor productor de pl\u00e1stico del mundo, con una participaci\u00f3n del 32% de toda la producci\u00f3n. <\/p>\n<\/div>\n<div class=\"wordpress-paragraph\" style=\"--59bd087b:left;\" data-v-8ccac7f0=\"\">\n<p>12. Sin embargo, algunas empresas est\u00e1n intentando realizar cambios positivos mediante la producci\u00f3n de pol\u00edmeros reciclados a gran escala. Unas diez grandes empresas aspiran a garantizar que al menos el 20% de su producci\u00f3n se realice a partir de pol\u00edmeros reciclados. <strong>2030<\/strong>.<\/p>\n<\/div>\n<div class=\"wordpress-paragraph\" style=\"--59bd087b:left;\" data-v-8ccac7f0=\"\">\n<p>13. El sector de los pl\u00e1sticos a\u00fan considera insuficientes los esfuerzos de reciclaje. Los fabricantes producen pl\u00e1sticos de un solo uso a partir de materiales originales con una frecuencia 15 veces mayor que a partir de materiales reciclados.<\/p>\n<\/div>\n<h2 class=\"wp-block-heading\">Generaci\u00f3n de residuos pl\u00e1sticos<\/h2>\n<div class=\"wordpress-paragraph\" style=\"--59bd087b:left;\" data-v-8ccac7f0=\"\">\n<p>15. Los pa\u00edses m\u00e1s contaminantes del mundo con pl\u00e1stico incluyen los <strong>EE.UU<\/strong> (que produce <strong>42 millones de toneladas m\u00e9tricas de residuos pl\u00e1sticos anuales); India <\/strong>es segundo con <strong>26,3 millones, <\/strong>y <strong>Porcelana<\/strong> Sigue con <strong>21,6 millones.<\/strong><\/p>\n<p>Algunos estudios sugieren, sin embargo, que <strong>Porcelana<\/strong> es el mayor contaminante de pl\u00e1sticos en general, pero <strong>EE.UU<\/strong> es el <strong>peor per c\u00e1pita<\/strong>.<\/p>\n<\/div>\n<div class=\"wordpress-paragraph\" style=\"--59bd087b:left;\" data-v-8ccac7f0=\"\">\n<p>16. Seg\u00fan un informe del Congreso de EE. UU. de 2021, EE. UU. genera <strong>130 kilos<\/strong> de desechos pl\u00e1sticos (287 libras) por persona cada a\u00f1o. Los expertos estiman que <strong>1,13-2,24 millones de toneladas m\u00e9tricas<\/strong> de esos desechos se filtran a los oc\u00e9anos y al medio ambiente anualmente.<\/p>\n<\/div>\n<div class=\"wordpress-paragraph\" style=\"--59bd087b:left;\" data-v-8ccac7f0=\"\">\n<p>17. En todos los continentes, en <strong>2019, \u00c1frica <\/strong>tuvo la mayor cantidad de desechos pl\u00e1sticos per c\u00e1pita, <strong>10,47 kg por persona:<\/strong><\/p>\n<\/div>\n<div class=\"wordpress-paragraph\" style=\"--59bd087b:left;\" data-v-8ccac7f0=\"\">\n<p>18. Seg\u00fan la Agencia de Protecci\u00f3n Ambiental (EPA), la <strong>Estados Unidos<\/strong> generado <strong>130 kg de residuos pl\u00e1sticos por habitante <\/strong>de poblaci\u00f3n en 2018. Los vertederos recibieron aproximadamente <strong>146,1 millones de toneladas<\/strong> de residuos s\u00f3lidos urbanos ese a\u00f1o, de los cuales los pl\u00e1sticos representaron m\u00e1s del 18 por ciento del total. <\/p>\n<\/div>\n<div class=\"wordpress-paragraph\" style=\"--59bd087b:left;\" data-v-8ccac7f0=\"\">\n<p>19. <strong>Asia<\/strong> y <strong>Europa occidental<\/strong> En ambas regiones, el 12% de los residuos s\u00f3lidos urbanos (basura o basura) son los que m\u00e1s pl\u00e1sticos desechan. Los pl\u00e1sticos, que muchas veces terminan en vertederos o en los oc\u00e9anos, son los que m\u00e1s pl\u00e1sticos desechan. <\/p>\n<\/div>\n<h2 class=\"wp-block-heading\">Contaminaci\u00f3n pl\u00e1stica en oc\u00e9anos y v\u00edas fluviales<\/h2>\n<div class=\"wordpress-paragraph\" style=\"--59bd087b:left;\" data-v-8ccac7f0=\"\">\n<p>Nuestros oc\u00e9anos son los m\u00e1s afectados por la contaminaci\u00f3n pl\u00e1stica, que tiene consecuencias devastadoras para la vida marina y los ecosistemas. Los expertos estiman que 8 millones de piezas de contaminaci\u00f3n pl\u00e1stica ingresan a nuestros oc\u00e9anos diariamente. Esta contaminaci\u00f3n adopta diversas formas, desde grandes desechos pl\u00e1sticos hasta micropl\u00e1sticos, que los animales marinos pueden ingerir e introducir en la cadena alimentaria.<\/p>\n<\/div>\n<div class=\"wordpress-paragraph\" style=\"--59bd087b:left;\" data-v-8ccac7f0=\"\">\n<p><span style=\"margin: 0px;padding: 0px\">21. Un <strong>auditor\u00eda de marcas globales<\/strong> Un estudio realizado por Break Free From Plastic descubri\u00f3 que las empresas que m\u00e1s contaminan con pl\u00e1stico son<\/span>Coca-Cola, PepsiCo, Nestl\u00e9, Unilever y Mondelez International. Las principales empresas contaminantes de pl\u00e1stico han producido sistem\u00e1ticamente los residuos m\u00e1s comunes durante los \u00faltimos cinco a\u00f1os (2018-2022).<\/p>\n<\/div>\n<div class=\"wordpress-paragraph\" style=\"--59bd087b:left;\" data-v-8ccac7f0=\"\">\n<p>22. En <strong>2021<\/strong>la comunidad de Limpieza Costera Internacional (ICC) organiz\u00f3 <strong>Recolecci\u00f3n de basura en la costa <\/strong>en todo el mundo. El an\u00e1lisis de los desechos que recogieron revel\u00f3 los desechos m\u00e1s comunes que llegan a los oc\u00e9anos. Entre ellos se incluyen:<\/p>\n<\/div>\n<div class=\"wordpress-list\" style=\"--0f4ed8a4:revert;\" data-v-88746f0a=\"\">\n<ol class=\"wordpress-list__wrapper\" data-v-88746f0a=\"\">\n<li>Envoltorios de alimentos = <strong>1.341.463<\/strong><\/li>\n<li>Colillas de cigarrillos = <strong>1.134.292<\/strong><\/li>\n<li>Botellas de pl\u00e1stico para bebidas = <strong>849, 321<\/strong><\/li>\n<\/ol>\n<\/div>\n<div class=\"wordpress-paragraph\" style=\"--59bd087b:left;\" data-v-8ccac7f0=\"\">\n<p>La lista inclu\u00eda <strong>tapas de botellas<\/strong>bolsas de pl\u00e1stico, botellas de vidrio, latas, pajitas y vasos o platos de pl\u00e1stico.<\/p>\n<\/div>\n<div class=\"wordpress-image\">\n<figure class=\"wp-block-image alignright size-large\"><img decoding=\"async\" src=\"https:\/\/stacatarina.mx\/consejos\/wp-content\/uploads\/2024\/09\/1726568711_268_Datos-y-estadisticas-sobre-la-contaminacion-plastica-a-nivel-mundial.png\" alt=\"\" class=\"wp-image-70201\"><\/figure>\n<\/div>\n<div class=\"wordpress-paragraph\" style=\"--59bd087b:left;\" data-v-8ccac7f0=\"\">\n<p>24. Se cree que cerca del 40% de la superficie del oc\u00e9ano est\u00e1 cubierta de desechos y escombros pl\u00e1sticos. Los cient\u00edficos advierten que si los desechos pl\u00e1sticos aumentan, podr\u00eda haber <strong>En 2050 habr\u00e1 m\u00e1s pl\u00e1stico que peces en los oc\u00e9anos<\/strong>. <\/p>\n<\/div>\n<div class=\"wordpress-paragraph\" style=\"--59bd087b:left;\" data-v-8ccac7f0=\"\">\n<p>25. En el Oc\u00e9ano Pac\u00edfico Norte, hay un \u00e1rea conocida como la &#8216;Gran Isla de Basura del Pac\u00edfico&#8217;, que se cree que est\u00e1 formada por casi <strong>Dos billones de piezas de pl\u00e1stico <\/strong>residuos. Se estima que son <strong>cuatro veces el tama\u00f1o de Alemania<\/strong>. <\/p>\n<\/div>\n<div class=\"wordpress-paragraph\" style=\"--59bd087b:left;\" data-v-8ccac7f0=\"\">\n<p>Gran parte de los grandes escombros encontrados en esta zona est\u00e1n compuestos por redes de pesca y otros equipos abandonados o perdidos.<\/p>\n<\/div>\n<div class=\"wordpress-paragraph\" style=\"--59bd087b:left;\" data-v-8ccac7f0=\"\">\n<p>26. Los expertos estiman que <strong>1,3 billones de piezas<\/strong> del pl\u00e1stico contamina el Oc\u00e9ano \u00cdndico, <strong>930 mil millones<\/strong> <strong>contaminar <\/strong>el Atl\u00e1ntico Norte y otro <strong>491 mil millones de litros<\/strong> El Pac\u00edfico Sur. <br \/>(Foro Econ\u00f3mico Mundial) <\/p>\n<\/div>\n<div class=\"wordpress-image\">\n<figure class=\"wp-block-image size-large\"><img decoding=\"async\" src=\"https:\/\/stacatarina.mx\/consejos\/wp-content\/uploads\/2024\/09\/1726568711_592_Datos-y-estadisticas-sobre-la-contaminacion-plastica-a-nivel-mundial.png\" alt=\"\" class=\"wp-image-70202\"><\/figure>\n<\/div>\n<div class=\"wordpress-paragraph\" style=\"--59bd087b:left;\" data-v-8ccac7f0=\"\">\n<p><span style=\"margin: 0px;padding: 0px\">28. Desde <strong>2019<\/strong>, <\/span>Los fabricantes han aumentado la producci\u00f3n de mascarillas de un solo uso, botellas de pl\u00e1stico de desinfectante y otros equipos de protecci\u00f3n para combatir la COVID-19. Este aumento del pl\u00e1stico ha creado 8,4 millones de toneladas de residuos pl\u00e1sticos en 193 pa\u00edses. Las investigaciones sugieren que <strong>25.900 toneladas<\/strong> De esos residuos se han filtrado al oc\u00e9ano.<\/p>\n<\/div>\n<h2 class=\"wp-block-heading\">Impactos de la contaminaci\u00f3n pl\u00e1stica<\/h2>\n<div class=\"wordpress-paragraph\" style=\"--59bd087b:left;\" data-v-8ccac7f0=\"\">\n<p>30. Una investigaci\u00f3n de 2020 concluy\u00f3 que <strong>2030<\/strong>, <strong>53 millones de toneladas de pl\u00e1stico<\/strong> Podr\u00edan terminar en oc\u00e9anos, r\u00edos y lagos cada a\u00f1o, a menos que se incrementen dr\u00e1sticamente las medidas de mitigaci\u00f3n.<\/p>\n<\/div>\n<div class=\"wordpress-paragraph\" style=\"--59bd087b:left;\" data-v-8ccac7f0=\"\">\n<p>31. Estudios de Orb Media encontraron que<strong> fibras de plastico<\/strong> Estuvieron presentes en <strong>El 83% de las muestras de agua del grifo en todo el mundo<\/strong>. Tambi\u00e9n revel\u00f3 que los residentes en el <strong>EE.UU<\/strong> y <strong>L\u00edbano<\/strong> ten\u00edan m\u00e1s probabilidades de encontrar pl\u00e1stico en el agua del grifo, con <strong>94%<\/strong> de muestras que dieron positivo en esos pa\u00edses. Tambi\u00e9n se encontr\u00f3 que <strong>India <\/strong><span style=\"margin: 0px;padding: 0px\"><strong>ten\u00eda 82%<\/strong> contaminaci\u00f3n, y <strong>Europa ha<\/strong><\/span><strong>el 72%<\/strong>.<\/p>\n<\/div>\n<div class=\"wordpress-paragraph\" style=\"--59bd087b:left;\" data-v-8ccac7f0=\"\">\n<p>32. <strong>India<\/strong> Tiene la mejor tasa de reciclaje de pl\u00e1stico del mundo, reciclando hasta el 60% de sus residuos pl\u00e1sticos. En segundo lugar se encuentran Sud\u00e1frica, los Pa\u00edses Bajos, Corea del Sur, Noruega y Espa\u00f1a.<br \/>La tasa media mundial de reciclaje de pl\u00e1stico es de s\u00f3lo <strong>18%<\/strong>.<\/p>\n<\/div>\n<div class=\"wordpress-paragraph\" style=\"--59bd087b:left;\" data-v-8ccac7f0=\"\">\n<p>33. Los estadounidenses generaron <strong>35,7 millones de toneladas <\/strong>de pl\u00e1stico en los Estados Unidos en 2018. Algunos <strong>12,2% <\/strong>de eso constituye el total de residuos s\u00f3lidos municipales generados, seg\u00fan la Agencia de Protecci\u00f3n Ambiental (EPA).<\/p>\n<\/div>\n<div class=\"wordpress-paragraph\" style=\"--59bd087b:left;\" data-v-8ccac7f0=\"\">\n<p>34. En 2018, solo el 8,7 % de todos los residuos pl\u00e1sticos se reciclaron en Estados Unidos. Una de las causas podr\u00eda ser que muchos programas de reciclaje no aceptan todos los tipos de pl\u00e1stico. La gente suele suponer que las instalaciones de reciclaje procesan botellas de pl\u00e1stico con m\u00e1s frecuencia que cualquier otro tipo de envase.<\/p>\n<\/div>\n<div class=\"wordpress-paragraph\" style=\"--59bd087b:left;\" data-v-8ccac7f0=\"\">\n<p>35. Un informe publicado en 2020 predijo que la contaminaci\u00f3n por pl\u00e1stico podr\u00eda aumentar a 29 millones de toneladas m\u00e9tricas por a\u00f1o si no tomamos medidas. Sin embargo, con un aumento en la producci\u00f3n de pl\u00e1stico reciclado y en los sistemas de recolecci\u00f3n de desechos, los cient\u00edficos pueden<strong> <\/strong>reducir esa cifra en<strong> 80%.<\/strong><\/p>\n<\/div>\n<p><!--)--><\/div>\n","protected":false},"excerpt":{"rendered":"<p>La contaminaci\u00f3n por pl\u00e1stico se ha convertido en uno de los problemas ambientales m\u00e1s acuciantes. Desde vertederos desbordados hasta grandes \u00e1reas de basura en los<\/p>\n","protected":false},"author":1,"featured_media":526,"comment_status":"closed","ping_status":"","sticky":false,"template":"","format":"standard","meta":{"footnotes":""},"categories":[4],"tags":[546,544,545,548,398,547,279],"class_list":["post-525","post","type-post","status-publish","format-standard","has-post-thumbnail","hentry","category-ambiente","tag-contaminacion","tag-datos","tag-estadisticas","tag-mundial","tag-nivel","tag-plastica","tag-sobre","generate-columns","tablet-grid-50","mobile-grid-100","grid-parent","grid-50"],"yoast_head":"<!-- This site is optimized with the Yoast SEO plugin v23.4 - https:\/\/yoast.com\/wordpress\/plugins\/seo\/ -->\n<title>Datos y estad\u00edsticas sobre la contaminaci\u00f3n pl\u00e1stica a nivel mundial - Consejos - Santa Catarina<\/title>\n<meta name=\"robots\" content=\"index, follow, max-snippet:-1, max-image-preview:large, max-video-preview:-1\" \/>\n<link rel=\"canonical\" href=\"https:\/\/stacatarina.mx\/consejos\/datos-y-estadisticas-sobre-la-contaminacion-plastica-a-nivel-mundial\/\" \/>\n<meta property=\"og:locale\" content=\"es_MX\" \/>\n<meta property=\"og:type\" content=\"article\" \/>\n<meta property=\"og:title\" content=\"Datos y estad\u00edsticas sobre la contaminaci\u00f3n pl\u00e1stica a nivel mundial - Consejos - Santa Catarina\" \/>\n<meta property=\"og:description\" content=\"La contaminaci\u00f3n por pl\u00e1stico se ha convertido en uno de los problemas ambientales m\u00e1s acuciantes. Desde vertederos desbordados hasta grandes \u00e1reas de basura en los\" \/>\n<meta property=\"og:url\" content=\"https:\/\/stacatarina.mx\/consejos\/datos-y-estadisticas-sobre-la-contaminacion-plastica-a-nivel-mundial\/\" \/>\n<meta property=\"og:site_name\" content=\"Santa Catarina\" \/>\n<meta property=\"article:publisher\" content=\"https:\/\/www.facebook.com\/stacatarinagob\/\" \/>\n<meta property=\"article:published_time\" content=\"2024-09-17T10:25:11+00:00\" \/>\n<meta property=\"article:modified_time\" content=\"2024-09-17T10:25:14+00:00\" \/>\n<meta property=\"og:image\" content=\"https:\/\/stacatarina.mx\/consejos\/wp-content\/uploads\/2024\/09\/1726568712_Datos-y-estadisticas-sobre-la-contaminacion-plastica-a-nivel-mundial.png\" \/>\n\t<meta property=\"og:image:width\" content=\"3042\" \/>\n\t<meta property=\"og:image:height\" content=\"1884\" \/>\n\t<meta property=\"og:image:type\" content=\"image\/png\" \/>\n<meta name=\"author\" content=\"Pedro Mart\u00ednez\" \/>\n<meta name=\"twitter:card\" content=\"summary_large_image\" \/>\n<meta name=\"twitter:creator\" content=\"@stacatarinagob\" \/>\n<meta name=\"twitter:site\" content=\"@stacatarinagob\" \/>\n<meta name=\"twitter:label1\" content=\"Escrito por\" \/>\n\t<meta name=\"twitter:data1\" content=\"Pedro Mart\u00ednez\" \/>\n\t<meta name=\"twitter:label2\" content=\"Tiempo de lectura\" \/>\n\t<meta name=\"twitter:data2\" content=\"8 minutos\" \/>\n<script type=\"application\/ld+json\" class=\"yoast-schema-graph\">{\"@context\":\"https:\/\/schema.org\",\"@graph\":[{\"@type\":\"Article\",\"@id\":\"https:\/\/stacatarina.mx\/consejos\/datos-y-estadisticas-sobre-la-contaminacion-plastica-a-nivel-mundial\/#article\",\"isPartOf\":{\"@id\":\"https:\/\/stacatarina.mx\/consejos\/datos-y-estadisticas-sobre-la-contaminacion-plastica-a-nivel-mundial\/\"},\"author\":{\"name\":\"Pedro Mart\u00ednez\",\"@id\":\"https:\/\/stacatarina.mx\/consejos\/#\/schema\/person\/0be60adffa8e4c4d0828fdf021450e8a\"},\"headline\":\"Datos y estad\u00edsticas sobre la contaminaci\u00f3n pl\u00e1stica a nivel mundial\",\"datePublished\":\"2024-09-17T10:25:11+00:00\",\"dateModified\":\"2024-09-17T10:25:14+00:00\",\"mainEntityOfPage\":{\"@id\":\"https:\/\/stacatarina.mx\/consejos\/datos-y-estadisticas-sobre-la-contaminacion-plastica-a-nivel-mundial\/\"},\"wordCount\":1638,\"publisher\":{\"@id\":\"https:\/\/stacatarina.mx\/consejos\/#organization\"},\"image\":{\"@id\":\"https:\/\/stacatarina.mx\/consejos\/datos-y-estadisticas-sobre-la-contaminacion-plastica-a-nivel-mundial\/#primaryimage\"},\"thumbnailUrl\":\"https:\/\/stacatarina.mx\/consejos\/wp-content\/uploads\/2024\/09\/1726568712_Datos-y-estadisticas-sobre-la-contaminacion-plastica-a-nivel-mundial.png\",\"keywords\":[\"contaminaci\u00f3n\",\"Datos\",\"estad\u00edsticas\",\"mundial\",\"nivel\",\"pl\u00e1stica\",\"sobre\"],\"articleSection\":[\"Ambiente\"],\"inLanguage\":\"es\"},{\"@type\":\"WebPage\",\"@id\":\"https:\/\/stacatarina.mx\/consejos\/datos-y-estadisticas-sobre-la-contaminacion-plastica-a-nivel-mundial\/\",\"url\":\"https:\/\/stacatarina.mx\/consejos\/datos-y-estadisticas-sobre-la-contaminacion-plastica-a-nivel-mundial\/\",\"name\":\"Datos y estad\u00edsticas sobre la contaminaci\u00f3n pl\u00e1stica a nivel mundial - Consejos - Santa Catarina\",\"isPartOf\":{\"@id\":\"https:\/\/stacatarina.mx\/consejos\/#website\"},\"primaryImageOfPage\":{\"@id\":\"https:\/\/stacatarina.mx\/consejos\/datos-y-estadisticas-sobre-la-contaminacion-plastica-a-nivel-mundial\/#primaryimage\"},\"image\":{\"@id\":\"https:\/\/stacatarina.mx\/consejos\/datos-y-estadisticas-sobre-la-contaminacion-plastica-a-nivel-mundial\/#primaryimage\"},\"thumbnailUrl\":\"https:\/\/stacatarina.mx\/consejos\/wp-content\/uploads\/2024\/09\/1726568712_Datos-y-estadisticas-sobre-la-contaminacion-plastica-a-nivel-mundial.png\",\"datePublished\":\"2024-09-17T10:25:11+00:00\",\"dateModified\":\"2024-09-17T10:25:14+00:00\",\"breadcrumb\":{\"@id\":\"https:\/\/stacatarina.mx\/consejos\/datos-y-estadisticas-sobre-la-contaminacion-plastica-a-nivel-mundial\/#breadcrumb\"},\"inLanguage\":\"es\",\"potentialAction\":[{\"@type\":\"ReadAction\",\"target\":[\"https:\/\/stacatarina.mx\/consejos\/datos-y-estadisticas-sobre-la-contaminacion-plastica-a-nivel-mundial\/\"]}]},{\"@type\":\"ImageObject\",\"inLanguage\":\"es\",\"@id\":\"https:\/\/stacatarina.mx\/consejos\/datos-y-estadisticas-sobre-la-contaminacion-plastica-a-nivel-mundial\/#primaryimage\",\"url\":\"https:\/\/stacatarina.mx\/consejos\/wp-content\/uploads\/2024\/09\/1726568712_Datos-y-estadisticas-sobre-la-contaminacion-plastica-a-nivel-mundial.png\",\"contentUrl\":\"https:\/\/stacatarina.mx\/consejos\/wp-content\/uploads\/2024\/09\/1726568712_Datos-y-estadisticas-sobre-la-contaminacion-plastica-a-nivel-mundial.png\",\"width\":3042,\"height\":1884,\"caption\":\"Datos y estad\u00edsticas sobre la contaminaci\u00f3n pl\u00e1stica a nivel mundial\"},{\"@type\":\"BreadcrumbList\",\"@id\":\"https:\/\/stacatarina.mx\/consejos\/datos-y-estadisticas-sobre-la-contaminacion-plastica-a-nivel-mundial\/#breadcrumb\",\"itemListElement\":[{\"@type\":\"ListItem\",\"position\":1,\"name\":\"Inicio\",\"item\":\"https:\/\/stacatarina.mx\/consejos\/\"},{\"@type\":\"ListItem\",\"position\":2,\"name\":\"Datos y estad\u00edsticas sobre la contaminaci\u00f3n pl\u00e1stica a nivel mundial\"}]},{\"@type\":\"WebSite\",\"@id\":\"https:\/\/stacatarina.mx\/consejos\/#website\",\"url\":\"https:\/\/stacatarina.mx\/consejos\/\",\"name\":\"Santa Catarina\",\"description\":\"\",\"publisher\":{\"@id\":\"https:\/\/stacatarina.mx\/consejos\/#organization\"},\"potentialAction\":[{\"@type\":\"SearchAction\",\"target\":{\"@type\":\"EntryPoint\",\"urlTemplate\":\"https:\/\/stacatarina.mx\/consejos\/?s={search_term_string}\"},\"query-input\":{\"@type\":\"PropertyValueSpecification\",\"valueRequired\":true,\"valueName\":\"search_term_string\"}}],\"inLanguage\":\"es\"},{\"@type\":\"Organization\",\"@id\":\"https:\/\/stacatarina.mx\/consejos\/#organization\",\"name\":\"Santa Catarina\",\"url\":\"https:\/\/stacatarina.mx\/consejos\/\",\"logo\":{\"@type\":\"ImageObject\",\"inLanguage\":\"es\",\"@id\":\"https:\/\/stacatarina.mx\/consejos\/#\/schema\/logo\/image\/\",\"url\":\"https:\/\/stacatarina.mx\/consejos\/wp-content\/uploads\/2024\/09\/cropped-favicon-1-1.png\",\"contentUrl\":\"https:\/\/stacatarina.mx\/consejos\/wp-content\/uploads\/2024\/09\/cropped-favicon-1-1.png\",\"width\":512,\"height\":512,\"caption\":\"Santa Catarina\"},\"image\":{\"@id\":\"https:\/\/stacatarina.mx\/consejos\/#\/schema\/logo\/image\/\"},\"sameAs\":[\"https:\/\/www.facebook.com\/stacatarinagob\/\",\"https:\/\/x.com\/stacatarinagob\",\"https:\/\/www.instagram.com\/stacatarinagob\/\",\"https:\/\/www.youtube.com\/channel\/UCK-6cQJL_904665N1_nLTWw\"]},{\"@type\":\"Person\",\"@id\":\"https:\/\/stacatarina.mx\/consejos\/#\/schema\/person\/0be60adffa8e4c4d0828fdf021450e8a\",\"name\":\"Pedro Mart\u00ednez\",\"image\":{\"@type\":\"ImageObject\",\"inLanguage\":\"es\",\"@id\":\"https:\/\/stacatarina.mx\/consejos\/#\/schema\/person\/image\/\",\"url\":\"https:\/\/stacatarina.mx\/consejos\/wp-content\/uploads\/2024\/09\/stacatarina.jpg\",\"contentUrl\":\"https:\/\/stacatarina.mx\/consejos\/wp-content\/uploads\/2024\/09\/stacatarina.jpg\",\"caption\":\"Pedro Mart\u00ednez\"},\"description\":\"Hola, soy Pedro Mart\u00ednez, redactor jefe del sitio oficial del ayuntamiento de Santa Catarina, en M\u00e9xico. Con m\u00e1s de diez a\u00f1os de experiencia en el periodismo local, tengo una pasi\u00f3n por la investigaci\u00f3n y la difusi\u00f3n de informaci\u00f3n que valoriza nuestra hermosa comunidad. Mi compromiso es hacer de Santa Catarina una referencia en materia de transparencia y comunicaci\u00f3n municipal.\",\"sameAs\":[\"https:\/\/stacatarina.mx\/\"]}]}<\/script>\n<!-- \/ Yoast SEO plugin. -->","yoast_head_json":{"title":"Datos y estad\u00edsticas sobre la contaminaci\u00f3n pl\u00e1stica a nivel mundial - Consejos - Santa Catarina","robots":{"index":"index","follow":"follow","max-snippet":"max-snippet:-1","max-image-preview":"max-image-preview:large","max-video-preview":"max-video-preview:-1"},"canonical":"https:\/\/stacatarina.mx\/consejos\/datos-y-estadisticas-sobre-la-contaminacion-plastica-a-nivel-mundial\/","og_locale":"es_MX","og_type":"article","og_title":"Datos y estad\u00edsticas sobre la contaminaci\u00f3n pl\u00e1stica a nivel mundial - Consejos - Santa Catarina","og_description":"La contaminaci\u00f3n por pl\u00e1stico se ha convertido en uno de los problemas ambientales m\u00e1s acuciantes. Desde vertederos desbordados hasta grandes \u00e1reas de basura en los","og_url":"https:\/\/stacatarina.mx\/consejos\/datos-y-estadisticas-sobre-la-contaminacion-plastica-a-nivel-mundial\/","og_site_name":"Santa Catarina","article_publisher":"https:\/\/www.facebook.com\/stacatarinagob\/","article_published_time":"2024-09-17T10:25:11+00:00","article_modified_time":"2024-09-17T10:25:14+00:00","og_image":[{"width":3042,"height":1884,"url":"https:\/\/stacatarina.mx\/consejos\/wp-content\/uploads\/2024\/09\/1726568712_Datos-y-estadisticas-sobre-la-contaminacion-plastica-a-nivel-mundial.png","type":"image\/png"}],"author":"Pedro Mart\u00ednez","twitter_card":"summary_large_image","twitter_creator":"@stacatarinagob","twitter_site":"@stacatarinagob","twitter_misc":{"Escrito por":"Pedro Mart\u00ednez","Tiempo de lectura":"8 minutos"},"schema":{"@context":"https:\/\/schema.org","@graph":[{"@type":"Article","@id":"https:\/\/stacatarina.mx\/consejos\/datos-y-estadisticas-sobre-la-contaminacion-plastica-a-nivel-mundial\/#article","isPartOf":{"@id":"https:\/\/stacatarina.mx\/consejos\/datos-y-estadisticas-sobre-la-contaminacion-plastica-a-nivel-mundial\/"},"author":{"name":"Pedro Mart\u00ednez","@id":"https:\/\/stacatarina.mx\/consejos\/#\/schema\/person\/0be60adffa8e4c4d0828fdf021450e8a"},"headline":"Datos y estad\u00edsticas sobre la contaminaci\u00f3n pl\u00e1stica a nivel mundial","datePublished":"2024-09-17T10:25:11+00:00","dateModified":"2024-09-17T10:25:14+00:00","mainEntityOfPage":{"@id":"https:\/\/stacatarina.mx\/consejos\/datos-y-estadisticas-sobre-la-contaminacion-plastica-a-nivel-mundial\/"},"wordCount":1638,"publisher":{"@id":"https:\/\/stacatarina.mx\/consejos\/#organization"},"image":{"@id":"https:\/\/stacatarina.mx\/consejos\/datos-y-estadisticas-sobre-la-contaminacion-plastica-a-nivel-mundial\/#primaryimage"},"thumbnailUrl":"https:\/\/stacatarina.mx\/consejos\/wp-content\/uploads\/2024\/09\/1726568712_Datos-y-estadisticas-sobre-la-contaminacion-plastica-a-nivel-mundial.png","keywords":["contaminaci\u00f3n","Datos","estad\u00edsticas","mundial","nivel","pl\u00e1stica","sobre"],"articleSection":["Ambiente"],"inLanguage":"es"},{"@type":"WebPage","@id":"https:\/\/stacatarina.mx\/consejos\/datos-y-estadisticas-sobre-la-contaminacion-plastica-a-nivel-mundial\/","url":"https:\/\/stacatarina.mx\/consejos\/datos-y-estadisticas-sobre-la-contaminacion-plastica-a-nivel-mundial\/","name":"Datos y estad\u00edsticas sobre la contaminaci\u00f3n pl\u00e1stica a nivel mundial - Consejos - Santa Catarina","isPartOf":{"@id":"https:\/\/stacatarina.mx\/consejos\/#website"},"primaryImageOfPage":{"@id":"https:\/\/stacatarina.mx\/consejos\/datos-y-estadisticas-sobre-la-contaminacion-plastica-a-nivel-mundial\/#primaryimage"},"image":{"@id":"https:\/\/stacatarina.mx\/consejos\/datos-y-estadisticas-sobre-la-contaminacion-plastica-a-nivel-mundial\/#primaryimage"},"thumbnailUrl":"https:\/\/stacatarina.mx\/consejos\/wp-content\/uploads\/2024\/09\/1726568712_Datos-y-estadisticas-sobre-la-contaminacion-plastica-a-nivel-mundial.png","datePublished":"2024-09-17T10:25:11+00:00","dateModified":"2024-09-17T10:25:14+00:00","breadcrumb":{"@id":"https:\/\/stacatarina.mx\/consejos\/datos-y-estadisticas-sobre-la-contaminacion-plastica-a-nivel-mundial\/#breadcrumb"},"inLanguage":"es","potentialAction":[{"@type":"ReadAction","target":["https:\/\/stacatarina.mx\/consejos\/datos-y-estadisticas-sobre-la-contaminacion-plastica-a-nivel-mundial\/"]}]},{"@type":"ImageObject","inLanguage":"es","@id":"https:\/\/stacatarina.mx\/consejos\/datos-y-estadisticas-sobre-la-contaminacion-plastica-a-nivel-mundial\/#primaryimage","url":"https:\/\/stacatarina.mx\/consejos\/wp-content\/uploads\/2024\/09\/1726568712_Datos-y-estadisticas-sobre-la-contaminacion-plastica-a-nivel-mundial.png","contentUrl":"https:\/\/stacatarina.mx\/consejos\/wp-content\/uploads\/2024\/09\/1726568712_Datos-y-estadisticas-sobre-la-contaminacion-plastica-a-nivel-mundial.png","width":3042,"height":1884,"caption":"Datos y estad\u00edsticas sobre la contaminaci\u00f3n pl\u00e1stica a nivel mundial"},{"@type":"BreadcrumbList","@id":"https:\/\/stacatarina.mx\/consejos\/datos-y-estadisticas-sobre-la-contaminacion-plastica-a-nivel-mundial\/#breadcrumb","itemListElement":[{"@type":"ListItem","position":1,"name":"Inicio","item":"https:\/\/stacatarina.mx\/consejos\/"},{"@type":"ListItem","position":2,"name":"Datos y estad\u00edsticas sobre la contaminaci\u00f3n pl\u00e1stica a nivel mundial"}]},{"@type":"WebSite","@id":"https:\/\/stacatarina.mx\/consejos\/#website","url":"https:\/\/stacatarina.mx\/consejos\/","name":"Santa Catarina","description":"","publisher":{"@id":"https:\/\/stacatarina.mx\/consejos\/#organization"},"potentialAction":[{"@type":"SearchAction","target":{"@type":"EntryPoint","urlTemplate":"https:\/\/stacatarina.mx\/consejos\/?s={search_term_string}"},"query-input":{"@type":"PropertyValueSpecification","valueRequired":true,"valueName":"search_term_string"}}],"inLanguage":"es"},{"@type":"Organization","@id":"https:\/\/stacatarina.mx\/consejos\/#organization","name":"Santa Catarina","url":"https:\/\/stacatarina.mx\/consejos\/","logo":{"@type":"ImageObject","inLanguage":"es","@id":"https:\/\/stacatarina.mx\/consejos\/#\/schema\/logo\/image\/","url":"https:\/\/stacatarina.mx\/consejos\/wp-content\/uploads\/2024\/09\/cropped-favicon-1-1.png","contentUrl":"https:\/\/stacatarina.mx\/consejos\/wp-content\/uploads\/2024\/09\/cropped-favicon-1-1.png","width":512,"height":512,"caption":"Santa Catarina"},"image":{"@id":"https:\/\/stacatarina.mx\/consejos\/#\/schema\/logo\/image\/"},"sameAs":["https:\/\/www.facebook.com\/stacatarinagob\/","https:\/\/x.com\/stacatarinagob","https:\/\/www.instagram.com\/stacatarinagob\/","https:\/\/www.youtube.com\/channel\/UCK-6cQJL_904665N1_nLTWw"]},{"@type":"Person","@id":"https:\/\/stacatarina.mx\/consejos\/#\/schema\/person\/0be60adffa8e4c4d0828fdf021450e8a","name":"Pedro Mart\u00ednez","image":{"@type":"ImageObject","inLanguage":"es","@id":"https:\/\/stacatarina.mx\/consejos\/#\/schema\/person\/image\/","url":"https:\/\/stacatarina.mx\/consejos\/wp-content\/uploads\/2024\/09\/stacatarina.jpg","contentUrl":"https:\/\/stacatarina.mx\/consejos\/wp-content\/uploads\/2024\/09\/stacatarina.jpg","caption":"Pedro Mart\u00ednez"},"description":"Hola, soy Pedro Mart\u00ednez, redactor jefe del sitio oficial del ayuntamiento de Santa Catarina, en M\u00e9xico. Con m\u00e1s de diez a\u00f1os de experiencia en el periodismo local, tengo una pasi\u00f3n por la investigaci\u00f3n y la difusi\u00f3n de informaci\u00f3n que valoriza nuestra hermosa comunidad. Mi compromiso es hacer de Santa Catarina una referencia en materia de transparencia y comunicaci\u00f3n municipal.","sameAs":["https:\/\/stacatarina.mx\/"]}]}},"_links":{"self":[{"href":"https:\/\/stacatarina.mx\/consejos\/wp-json\/wp\/v2\/posts\/525"}],"collection":[{"href":"https:\/\/stacatarina.mx\/consejos\/wp-json\/wp\/v2\/posts"}],"about":[{"href":"https:\/\/stacatarina.mx\/consejos\/wp-json\/wp\/v2\/types\/post"}],"author":[{"embeddable":true,"href":"https:\/\/stacatarina.mx\/consejos\/wp-json\/wp\/v2\/users\/1"}],"replies":[{"embeddable":true,"href":"https:\/\/stacatarina.mx\/consejos\/wp-json\/wp\/v2\/comments?post=525"}],"version-history":[{"count":1,"href":"https:\/\/stacatarina.mx\/consejos\/wp-json\/wp\/v2\/posts\/525\/revisions"}],"predecessor-version":[{"id":527,"href":"https:\/\/stacatarina.mx\/consejos\/wp-json\/wp\/v2\/posts\/525\/revisions\/527"}],"wp:featuredmedia":[{"embeddable":true,"href":"https:\/\/stacatarina.mx\/consejos\/wp-json\/wp\/v2\/media\/526"}],"wp:attachment":[{"href":"https:\/\/stacatarina.mx\/consejos\/wp-json\/wp\/v2\/media?parent=525"}],"wp:term":[{"taxonomy":"category","embeddable":true,"href":"https:\/\/stacatarina.mx\/consejos\/wp-json\/wp\/v2\/categories?post=525"},{"taxonomy":"post_tag","embeddable":true,"href":"https:\/\/stacatarina.mx\/consejos\/wp-json\/wp\/v2\/tags?post=525"}],"curies":[{"name":"wp","href":"https:\/\/api.w.org\/{rel}","templated":true}]}}