{"id":5317,"date":"2025-09-12T05:24:26","date_gmt":"2025-09-12T11:24:26","guid":{"rendered":"https:\/\/stacatarina.mx\/consejos\/comunidades-invitadas-a-discutir-el-regreso-potencial-de-los-castores-al-area-de-loch-ness\/"},"modified":"2025-09-12T05:24:29","modified_gmt":"2025-09-12T11:24:29","slug":"comunidades-invitadas-a-discutir-el-regreso-potencial-de-los-castores-al-area-de-loch-ness","status":"publish","type":"post","link":"https:\/\/stacatarina.mx\/consejos\/comunidades-invitadas-a-discutir-el-regreso-potencial-de-los-castores-al-area-de-loch-ness\/","title":{"rendered":"Comunidades invitadas a discutir el regreso potencial de los castores al \u00e1rea de Loch Ness"},"content":{"rendered":"<div class=\"entry-content\">\n<p>Una discusi\u00f3n comunitaria que analiza el potencial de reintroducci\u00f3n de Beaver al \u00e1rea de Loch Ness est\u00e1 siendo administrada por \u00e1rboles de por vida en asociaci\u00f3n con Beaver Trust durante septiembre y octubre.<\/p>\n<p>El compromiso de la comunidad y las partes interesadas reunir\u00e1 puntos de vista sobre las oportunidades y preocupaciones que podr\u00edan venir con las especies nativas que regresan a algunos de los cuerpos de agua amigables para los casores cerca del lago entre Fort Augustus y Lochend.<\/p>\n<p>El r\u00edo Ness fue identificado por Naturescot en 2022 como una de las cuencas m\u00e1s adecuadas de Escocia para Beavers. Ofrece una extensa red de h\u00e1bitats amigables con los casores, que incluyen humedales, agua dulce y m\u00e1s de 3.000 hect\u00e1reas de bosques adecuados, con bajo riesgo de impactos negativos y un alto potencial para la restauraci\u00f3n de la naturaleza. La discusi\u00f3n comunitaria investigar\u00e1 esto m\u00e1s estrechamente con los aportes de personas que viven y trabajan localmente.<\/p>\n<p>Se les pedir\u00e1 a las comunidades locales y a las partes interesadas que ayuden a considerar c\u00f3mo la reintroducci\u00f3n oficial de los castores al \u00e1rea podr\u00eda funcionar en la pr\u00e1ctica. La participaci\u00f3n p\u00fablica detallada es un primer paso crucial antes de que se puedan propuestos sitios de reintroducci\u00f3n espec\u00edficos.<\/p>\n<p>Alan McDonnell, Jefe de Restauraci\u00f3n de la Naturaleza en Trees for Life, dijo: &#8220;Traer a los castores al \u00e1rea de Loch Ness puede ofrecer beneficios reales para las comunidades, empresas, paisajes y naturaleza, pero necesita una consideraci\u00f3n cuidadosa. Por lo tanto, queremos escuchar una gama completa de puntos de vista y voces comunitarias, incluidas las preocupaciones sobre los cambios que los castores podr\u00edan traer&#8221;.<\/p>\n<p>Los castores son altamente adaptables y viven junto con las personas en una variedad de entornos de agua dulce.  Pueden traer beneficios econ\u00f3micos a las comunidades a trav\u00e9s del ecoturismo y los servicios del ecosistema. Los humedales que crean benefician a otra vida silvestre, ayudan a la naturaleza y las personas a adaptarse al cambio clim\u00e1tico, purificar el agua y reducir las inundaciones. En algunas situaciones, los castores pueden causar problemas en las tierras de cultivo o para otros usos de la tierra, aunque a menudo se pueden manejar.<\/p>\n<p>El Dr. Roisin Campbell-Palmer, Jefe de Restauraci\u00f3n de Beaver Trust, dijo: &#8220;Esperamos discutir los beneficios y los impactos de los castores en el \u00e1rea con los que asisten a los eventos, incluido c\u00f3mo establecer poblaciones silvestres saludables, apoyar la coexistencia a largo plazo con la gente local y los usos de la tierra, y garantizar que la estrategia de los Beavers pueda prosperar.<\/p>\n<p>Una serie de eventos en persona y en l\u00ednea, as\u00ed como discusiones individuales, se involucrar\u00e1n con las opiniones de las personas sobre las oportunidades y las preocupaciones que podr\u00edan venir con los castores que regresan al \u00e1rea. Esto incluye pasos pr\u00e1cticos de mitigaci\u00f3n y monitoreo que se pueden requerir para maximizar los beneficios de la especie.<\/p>\n<p>Professor Jill Robbie, Chair of the Scottish Beaver Advisory Group and Deputy Chair of NatureScot, said: \u201cScotland&#8217;s Beaver Strategy aims to increase the current range of beavers in Scotland, restoring them to suitable parts of the country, with appropriate management and mitigation where necessary. We welcome the launch of this consultation which is aligned with the implementation of the Strategy and it is vital that local communities and stakeholders are engaged, and views considerado, para garantizar que cualquier translocaci\u00f3n sea un \u00e9xito &#8220;.<\/p>\n<p>Como parte de la discusi\u00f3n comunitaria, durante septiembre y octubre habr\u00e1 una serie de eventos acogedores con personal de Trees for Life and Beaver Trust en Drumnadrochit, Foyers, Invermoriston, Fort Augustus, Dores y en Trees for Life&#8217;s Dundreggan Rewilding Center en Glenmoriston. El personal de Naturescot tambi\u00e9n estar\u00e1 presente para responder preguntas.<\/p>\n<p>Habr\u00e1 un \u00e9nfasis en las opiniones y el compromiso locales. Se entregar\u00e1 un correo electr\u00f3nico a los hogares en el \u00e1rea de Loch Ness, acompa\u00f1ado por el alcance de las redes sociales localizadas.<\/p>\n<p>La discusi\u00f3n comunitaria est\u00e1 en l\u00ednea con la Estrategia de Beavers Scottish Scottish del gobierno escoc\u00e9s, que se public\u00f3 en 2022 con el compromiso de m\u00e1s de 50 principales interesados. La estrategia tiene como objetivo garantizar que las comunidades puedan maximizar los beneficios de los castores, con los impactos negativos minimizados y expandir activamente la poblaci\u00f3n de castores a las \u00e1reas apropiadas.<\/p>\n<p>Los castores no pueden ser capturados, transportados o liberados en Escocia sin una licencia de Naturescot. Tanto el C\u00f3digo Escoc\u00e9s para Translocaciones de Conservaci\u00f3n como la Estrategia de Beaver Scottish, un paso esencial para solicitar cualquier licencia de reintroducci\u00f3n es la participaci\u00f3n p\u00fablica para considerar cuidadosamente todos los beneficios y problemas que podr\u00edan venir con un proyecto espec\u00edfico. Los aspectos ecol\u00f3gicos tambi\u00e9n son un tema esencial, con evaluaciones detalladas del h\u00e1bitat una parte clave de esto. <\/p>\n<p>Los castores se conocen como una &#8220;especie clave&#8221; porque juegan un papel vital en el mantenimiento de los ecosistemas de vida saludable. Fueron reintroducidos oficialmente en Escocia en 2009 despu\u00e9s de ser cazados hasta la extinci\u00f3n en el pa\u00eds hace unos 400 a\u00f1os. <\/p>\n<p>El proyecto ha sido posible gracias a la financiaci\u00f3n de los \u00e1rboles de por vida de generosos partidarios, y de la Fundaci\u00f3n Fred, Forest Peace Foundation y el recambio de la innovaci\u00f3n de recambio de Gran Breta\u00f1a.<\/p>\n<p>Para m\u00e1s detalles, visite TreesforLife.org.uk\/ness-beaver-project.<\/p>\n<hr class=\"wp-block-separator has-alpha-channel-opacity\">\n<p><em>Cr\u00e9dito de la foto: Beaver haciendo una pausa mientras come \u00a9 Elliot McCandless<\/em><\/p>\n<\/p><\/div>\n","protected":false},"excerpt":{"rendered":"<p>Una discusi\u00f3n comunitaria que analiza el potencial de reintroducci\u00f3n de Beaver al \u00e1rea de Loch Ness est\u00e1 siendo administrada por \u00e1rboles de por vida en<\/p>\n","protected":false},"author":1,"featured_media":5318,"comment_status":"closed","ping_status":"","sticky":false,"template":"","format":"standard","meta":{"footnotes":""},"categories":[68],"tags":[5985,1474,2759,4579,5984,5986,62,660,4465,730],"class_list":["post-5317","post","type-post","status-publish","format-standard","has-post-thumbnail","hentry","category-fauna-y-flora","tag-area","tag-castores","tag-comunidades","tag-discutir","tag-invitadas","tag-loch","tag-los","tag-ness","tag-potencial","tag-regreso","generate-columns","tablet-grid-50","mobile-grid-100","grid-parent","grid-50"],"yoast_head":"<!-- This site is optimized with the Yoast SEO plugin v23.4 - https:\/\/yoast.com\/wordpress\/plugins\/seo\/ -->\n<title>Comunidades invitadas a discutir el regreso potencial de los castores al \u00e1rea de Loch Ness - Consejos - Santa Catarina<\/title>\n<meta name=\"robots\" content=\"index, follow, max-snippet:-1, max-image-preview:large, max-video-preview:-1\" \/>\n<link rel=\"canonical\" href=\"https:\/\/stacatarina.mx\/consejos\/comunidades-invitadas-a-discutir-el-regreso-potencial-de-los-castores-al-area-de-loch-ness\/\" \/>\n<meta property=\"og:locale\" content=\"es_MX\" \/>\n<meta property=\"og:type\" content=\"article\" \/>\n<meta property=\"og:title\" content=\"Comunidades invitadas a discutir el regreso potencial de los castores al \u00e1rea de Loch Ness - Consejos - Santa Catarina\" \/>\n<meta property=\"og:description\" content=\"Una discusi\u00f3n comunitaria que analiza el potencial de reintroducci\u00f3n de Beaver al \u00e1rea de Loch Ness est\u00e1 siendo administrada por \u00e1rboles de por vida en\" \/>\n<meta property=\"og:url\" content=\"https:\/\/stacatarina.mx\/consejos\/comunidades-invitadas-a-discutir-el-regreso-potencial-de-los-castores-al-area-de-loch-ness\/\" \/>\n<meta property=\"og:site_name\" content=\"Santa Catarina\" \/>\n<meta property=\"article:publisher\" content=\"https:\/\/www.facebook.com\/stacatarinagob\/\" \/>\n<meta property=\"article:published_time\" content=\"2025-09-12T11:24:26+00:00\" \/>\n<meta property=\"article:modified_time\" content=\"2025-09-12T11:24:29+00:00\" \/>\n<meta property=\"og:image\" content=\"https:\/\/stacatarina.mx\/consejos\/wp-content\/uploads\/2025\/09\/Comunidades-invitadas-a-discutir-el-regreso-potencial-de-los-castores.jpg\" \/>\n\t<meta property=\"og:image:width\" content=\"900\" \/>\n\t<meta property=\"og:image:height\" content=\"600\" \/>\n\t<meta property=\"og:image:type\" content=\"image\/jpeg\" \/>\n<meta name=\"author\" content=\"Pedro Mart\u00ednez\" \/>\n<meta name=\"twitter:card\" content=\"summary_large_image\" \/>\n<meta name=\"twitter:creator\" content=\"@stacatarinagob\" \/>\n<meta name=\"twitter:site\" content=\"@stacatarinagob\" \/>\n<meta name=\"twitter:label1\" content=\"Escrito por\" \/>\n\t<meta name=\"twitter:data1\" content=\"Pedro Mart\u00ednez\" \/>\n\t<meta name=\"twitter:label2\" content=\"Tiempo de lectura\" \/>\n\t<meta name=\"twitter:data2\" content=\"5 minutos\" \/>\n<script type=\"application\/ld+json\" class=\"yoast-schema-graph\">{\"@context\":\"https:\/\/schema.org\",\"@graph\":[{\"@type\":\"Article\",\"@id\":\"https:\/\/stacatarina.mx\/consejos\/comunidades-invitadas-a-discutir-el-regreso-potencial-de-los-castores-al-area-de-loch-ness\/#article\",\"isPartOf\":{\"@id\":\"https:\/\/stacatarina.mx\/consejos\/comunidades-invitadas-a-discutir-el-regreso-potencial-de-los-castores-al-area-de-loch-ness\/\"},\"author\":{\"name\":\"Pedro Mart\u00ednez\",\"@id\":\"https:\/\/stacatarina.mx\/consejos\/#\/schema\/person\/0be60adffa8e4c4d0828fdf021450e8a\"},\"headline\":\"Comunidades invitadas a discutir el regreso potencial de los castores al \u00e1rea de Loch Ness\",\"datePublished\":\"2025-09-12T11:24:26+00:00\",\"dateModified\":\"2025-09-12T11:24:29+00:00\",\"mainEntityOfPage\":{\"@id\":\"https:\/\/stacatarina.mx\/consejos\/comunidades-invitadas-a-discutir-el-regreso-potencial-de-los-castores-al-area-de-loch-ness\/\"},\"wordCount\":956,\"publisher\":{\"@id\":\"https:\/\/stacatarina.mx\/consejos\/#organization\"},\"image\":{\"@id\":\"https:\/\/stacatarina.mx\/consejos\/comunidades-invitadas-a-discutir-el-regreso-potencial-de-los-castores-al-area-de-loch-ness\/#primaryimage\"},\"thumbnailUrl\":\"https:\/\/stacatarina.mx\/consejos\/wp-content\/uploads\/2025\/09\/Comunidades-invitadas-a-discutir-el-regreso-potencial-de-los-castores.jpg\",\"keywords\":[\"\u00e1rea\",\"castores\",\"comunidades\",\"discutir\",\"invitadas\",\"Loch\",\"los\",\"Ness\",\"potencial\",\"regreso\"],\"articleSection\":[\"Fauna y Flora\"],\"inLanguage\":\"es\"},{\"@type\":\"WebPage\",\"@id\":\"https:\/\/stacatarina.mx\/consejos\/comunidades-invitadas-a-discutir-el-regreso-potencial-de-los-castores-al-area-de-loch-ness\/\",\"url\":\"https:\/\/stacatarina.mx\/consejos\/comunidades-invitadas-a-discutir-el-regreso-potencial-de-los-castores-al-area-de-loch-ness\/\",\"name\":\"Comunidades invitadas a discutir el regreso potencial de los castores al \u00e1rea de Loch Ness - Consejos - Santa Catarina\",\"isPartOf\":{\"@id\":\"https:\/\/stacatarina.mx\/consejos\/#website\"},\"primaryImageOfPage\":{\"@id\":\"https:\/\/stacatarina.mx\/consejos\/comunidades-invitadas-a-discutir-el-regreso-potencial-de-los-castores-al-area-de-loch-ness\/#primaryimage\"},\"image\":{\"@id\":\"https:\/\/stacatarina.mx\/consejos\/comunidades-invitadas-a-discutir-el-regreso-potencial-de-los-castores-al-area-de-loch-ness\/#primaryimage\"},\"thumbnailUrl\":\"https:\/\/stacatarina.mx\/consejos\/wp-content\/uploads\/2025\/09\/Comunidades-invitadas-a-discutir-el-regreso-potencial-de-los-castores.jpg\",\"datePublished\":\"2025-09-12T11:24:26+00:00\",\"dateModified\":\"2025-09-12T11:24:29+00:00\",\"breadcrumb\":{\"@id\":\"https:\/\/stacatarina.mx\/consejos\/comunidades-invitadas-a-discutir-el-regreso-potencial-de-los-castores-al-area-de-loch-ness\/#breadcrumb\"},\"inLanguage\":\"es\",\"potentialAction\":[{\"@type\":\"ReadAction\",\"target\":[\"https:\/\/stacatarina.mx\/consejos\/comunidades-invitadas-a-discutir-el-regreso-potencial-de-los-castores-al-area-de-loch-ness\/\"]}]},{\"@type\":\"ImageObject\",\"inLanguage\":\"es\",\"@id\":\"https:\/\/stacatarina.mx\/consejos\/comunidades-invitadas-a-discutir-el-regreso-potencial-de-los-castores-al-area-de-loch-ness\/#primaryimage\",\"url\":\"https:\/\/stacatarina.mx\/consejos\/wp-content\/uploads\/2025\/09\/Comunidades-invitadas-a-discutir-el-regreso-potencial-de-los-castores.jpg\",\"contentUrl\":\"https:\/\/stacatarina.mx\/consejos\/wp-content\/uploads\/2025\/09\/Comunidades-invitadas-a-discutir-el-regreso-potencial-de-los-castores.jpg\",\"width\":900,\"height\":600,\"caption\":\"Communities invited to discuss potential return of beavers to Loch Ness area\"},{\"@type\":\"BreadcrumbList\",\"@id\":\"https:\/\/stacatarina.mx\/consejos\/comunidades-invitadas-a-discutir-el-regreso-potencial-de-los-castores-al-area-de-loch-ness\/#breadcrumb\",\"itemListElement\":[{\"@type\":\"ListItem\",\"position\":1,\"name\":\"Inicio\",\"item\":\"https:\/\/stacatarina.mx\/consejos\/\"},{\"@type\":\"ListItem\",\"position\":2,\"name\":\"Comunidades invitadas a discutir el regreso potencial de los castores al \u00e1rea de Loch Ness\"}]},{\"@type\":\"WebSite\",\"@id\":\"https:\/\/stacatarina.mx\/consejos\/#website\",\"url\":\"https:\/\/stacatarina.mx\/consejos\/\",\"name\":\"Santa Catarina\",\"description\":\"\",\"publisher\":{\"@id\":\"https:\/\/stacatarina.mx\/consejos\/#organization\"},\"potentialAction\":[{\"@type\":\"SearchAction\",\"target\":{\"@type\":\"EntryPoint\",\"urlTemplate\":\"https:\/\/stacatarina.mx\/consejos\/?s={search_term_string}\"},\"query-input\":{\"@type\":\"PropertyValueSpecification\",\"valueRequired\":true,\"valueName\":\"search_term_string\"}}],\"inLanguage\":\"es\"},{\"@type\":\"Organization\",\"@id\":\"https:\/\/stacatarina.mx\/consejos\/#organization\",\"name\":\"Santa Catarina\",\"url\":\"https:\/\/stacatarina.mx\/consejos\/\",\"logo\":{\"@type\":\"ImageObject\",\"inLanguage\":\"es\",\"@id\":\"https:\/\/stacatarina.mx\/consejos\/#\/schema\/logo\/image\/\",\"url\":\"https:\/\/stacatarina.mx\/consejos\/wp-content\/uploads\/2024\/09\/cropped-favicon-1-1.png\",\"contentUrl\":\"https:\/\/stacatarina.mx\/consejos\/wp-content\/uploads\/2024\/09\/cropped-favicon-1-1.png\",\"width\":512,\"height\":512,\"caption\":\"Santa Catarina\"},\"image\":{\"@id\":\"https:\/\/stacatarina.mx\/consejos\/#\/schema\/logo\/image\/\"},\"sameAs\":[\"https:\/\/www.facebook.com\/stacatarinagob\/\",\"https:\/\/x.com\/stacatarinagob\",\"https:\/\/www.instagram.com\/stacatarinagob\/\",\"https:\/\/www.youtube.com\/channel\/UCK-6cQJL_904665N1_nLTWw\"]},{\"@type\":\"Person\",\"@id\":\"https:\/\/stacatarina.mx\/consejos\/#\/schema\/person\/0be60adffa8e4c4d0828fdf021450e8a\",\"name\":\"Pedro Mart\u00ednez\",\"image\":{\"@type\":\"ImageObject\",\"inLanguage\":\"es\",\"@id\":\"https:\/\/stacatarina.mx\/consejos\/#\/schema\/person\/image\/\",\"url\":\"https:\/\/stacatarina.mx\/consejos\/wp-content\/uploads\/2024\/09\/stacatarina.jpg\",\"contentUrl\":\"https:\/\/stacatarina.mx\/consejos\/wp-content\/uploads\/2024\/09\/stacatarina.jpg\",\"caption\":\"Pedro Mart\u00ednez\"},\"description\":\"Hola, soy Pedro Mart\u00ednez, redactor jefe del sitio oficial del ayuntamiento de Santa Catarina, en M\u00e9xico. Con m\u00e1s de diez a\u00f1os de experiencia en el periodismo local, tengo una pasi\u00f3n por la investigaci\u00f3n y la difusi\u00f3n de informaci\u00f3n que valoriza nuestra hermosa comunidad. Mi compromiso es hacer de Santa Catarina una referencia en materia de transparencia y comunicaci\u00f3n municipal.\",\"sameAs\":[\"https:\/\/stacatarina.mx\/\"]}]}<\/script>\n<!-- \/ Yoast SEO plugin. -->","yoast_head_json":{"title":"Comunidades invitadas a discutir el regreso potencial de los castores al \u00e1rea de Loch Ness - Consejos - Santa Catarina","robots":{"index":"index","follow":"follow","max-snippet":"max-snippet:-1","max-image-preview":"max-image-preview:large","max-video-preview":"max-video-preview:-1"},"canonical":"https:\/\/stacatarina.mx\/consejos\/comunidades-invitadas-a-discutir-el-regreso-potencial-de-los-castores-al-area-de-loch-ness\/","og_locale":"es_MX","og_type":"article","og_title":"Comunidades invitadas a discutir el regreso potencial de los castores al \u00e1rea de Loch Ness - Consejos - Santa Catarina","og_description":"Una discusi\u00f3n comunitaria que analiza el potencial de reintroducci\u00f3n de Beaver al \u00e1rea de Loch Ness est\u00e1 siendo administrada por \u00e1rboles de por vida en","og_url":"https:\/\/stacatarina.mx\/consejos\/comunidades-invitadas-a-discutir-el-regreso-potencial-de-los-castores-al-area-de-loch-ness\/","og_site_name":"Santa Catarina","article_publisher":"https:\/\/www.facebook.com\/stacatarinagob\/","article_published_time":"2025-09-12T11:24:26+00:00","article_modified_time":"2025-09-12T11:24:29+00:00","og_image":[{"width":900,"height":600,"url":"https:\/\/stacatarina.mx\/consejos\/wp-content\/uploads\/2025\/09\/Comunidades-invitadas-a-discutir-el-regreso-potencial-de-los-castores.jpg","type":"image\/jpeg"}],"author":"Pedro Mart\u00ednez","twitter_card":"summary_large_image","twitter_creator":"@stacatarinagob","twitter_site":"@stacatarinagob","twitter_misc":{"Escrito por":"Pedro Mart\u00ednez","Tiempo de lectura":"5 minutos"},"schema":{"@context":"https:\/\/schema.org","@graph":[{"@type":"Article","@id":"https:\/\/stacatarina.mx\/consejos\/comunidades-invitadas-a-discutir-el-regreso-potencial-de-los-castores-al-area-de-loch-ness\/#article","isPartOf":{"@id":"https:\/\/stacatarina.mx\/consejos\/comunidades-invitadas-a-discutir-el-regreso-potencial-de-los-castores-al-area-de-loch-ness\/"},"author":{"name":"Pedro Mart\u00ednez","@id":"https:\/\/stacatarina.mx\/consejos\/#\/schema\/person\/0be60adffa8e4c4d0828fdf021450e8a"},"headline":"Comunidades invitadas a discutir el regreso potencial de los castores al \u00e1rea de Loch Ness","datePublished":"2025-09-12T11:24:26+00:00","dateModified":"2025-09-12T11:24:29+00:00","mainEntityOfPage":{"@id":"https:\/\/stacatarina.mx\/consejos\/comunidades-invitadas-a-discutir-el-regreso-potencial-de-los-castores-al-area-de-loch-ness\/"},"wordCount":956,"publisher":{"@id":"https:\/\/stacatarina.mx\/consejos\/#organization"},"image":{"@id":"https:\/\/stacatarina.mx\/consejos\/comunidades-invitadas-a-discutir-el-regreso-potencial-de-los-castores-al-area-de-loch-ness\/#primaryimage"},"thumbnailUrl":"https:\/\/stacatarina.mx\/consejos\/wp-content\/uploads\/2025\/09\/Comunidades-invitadas-a-discutir-el-regreso-potencial-de-los-castores.jpg","keywords":["\u00e1rea","castores","comunidades","discutir","invitadas","Loch","los","Ness","potencial","regreso"],"articleSection":["Fauna y Flora"],"inLanguage":"es"},{"@type":"WebPage","@id":"https:\/\/stacatarina.mx\/consejos\/comunidades-invitadas-a-discutir-el-regreso-potencial-de-los-castores-al-area-de-loch-ness\/","url":"https:\/\/stacatarina.mx\/consejos\/comunidades-invitadas-a-discutir-el-regreso-potencial-de-los-castores-al-area-de-loch-ness\/","name":"Comunidades invitadas a discutir el regreso potencial de los castores al \u00e1rea de Loch Ness - Consejos - Santa Catarina","isPartOf":{"@id":"https:\/\/stacatarina.mx\/consejos\/#website"},"primaryImageOfPage":{"@id":"https:\/\/stacatarina.mx\/consejos\/comunidades-invitadas-a-discutir-el-regreso-potencial-de-los-castores-al-area-de-loch-ness\/#primaryimage"},"image":{"@id":"https:\/\/stacatarina.mx\/consejos\/comunidades-invitadas-a-discutir-el-regreso-potencial-de-los-castores-al-area-de-loch-ness\/#primaryimage"},"thumbnailUrl":"https:\/\/stacatarina.mx\/consejos\/wp-content\/uploads\/2025\/09\/Comunidades-invitadas-a-discutir-el-regreso-potencial-de-los-castores.jpg","datePublished":"2025-09-12T11:24:26+00:00","dateModified":"2025-09-12T11:24:29+00:00","breadcrumb":{"@id":"https:\/\/stacatarina.mx\/consejos\/comunidades-invitadas-a-discutir-el-regreso-potencial-de-los-castores-al-area-de-loch-ness\/#breadcrumb"},"inLanguage":"es","potentialAction":[{"@type":"ReadAction","target":["https:\/\/stacatarina.mx\/consejos\/comunidades-invitadas-a-discutir-el-regreso-potencial-de-los-castores-al-area-de-loch-ness\/"]}]},{"@type":"ImageObject","inLanguage":"es","@id":"https:\/\/stacatarina.mx\/consejos\/comunidades-invitadas-a-discutir-el-regreso-potencial-de-los-castores-al-area-de-loch-ness\/#primaryimage","url":"https:\/\/stacatarina.mx\/consejos\/wp-content\/uploads\/2025\/09\/Comunidades-invitadas-a-discutir-el-regreso-potencial-de-los-castores.jpg","contentUrl":"https:\/\/stacatarina.mx\/consejos\/wp-content\/uploads\/2025\/09\/Comunidades-invitadas-a-discutir-el-regreso-potencial-de-los-castores.jpg","width":900,"height":600,"caption":"Communities invited to discuss potential return of beavers to Loch Ness area"},{"@type":"BreadcrumbList","@id":"https:\/\/stacatarina.mx\/consejos\/comunidades-invitadas-a-discutir-el-regreso-potencial-de-los-castores-al-area-de-loch-ness\/#breadcrumb","itemListElement":[{"@type":"ListItem","position":1,"name":"Inicio","item":"https:\/\/stacatarina.mx\/consejos\/"},{"@type":"ListItem","position":2,"name":"Comunidades invitadas a discutir el regreso potencial de los castores al \u00e1rea de Loch Ness"}]},{"@type":"WebSite","@id":"https:\/\/stacatarina.mx\/consejos\/#website","url":"https:\/\/stacatarina.mx\/consejos\/","name":"Santa Catarina","description":"","publisher":{"@id":"https:\/\/stacatarina.mx\/consejos\/#organization"},"potentialAction":[{"@type":"SearchAction","target":{"@type":"EntryPoint","urlTemplate":"https:\/\/stacatarina.mx\/consejos\/?s={search_term_string}"},"query-input":{"@type":"PropertyValueSpecification","valueRequired":true,"valueName":"search_term_string"}}],"inLanguage":"es"},{"@type":"Organization","@id":"https:\/\/stacatarina.mx\/consejos\/#organization","name":"Santa Catarina","url":"https:\/\/stacatarina.mx\/consejos\/","logo":{"@type":"ImageObject","inLanguage":"es","@id":"https:\/\/stacatarina.mx\/consejos\/#\/schema\/logo\/image\/","url":"https:\/\/stacatarina.mx\/consejos\/wp-content\/uploads\/2024\/09\/cropped-favicon-1-1.png","contentUrl":"https:\/\/stacatarina.mx\/consejos\/wp-content\/uploads\/2024\/09\/cropped-favicon-1-1.png","width":512,"height":512,"caption":"Santa Catarina"},"image":{"@id":"https:\/\/stacatarina.mx\/consejos\/#\/schema\/logo\/image\/"},"sameAs":["https:\/\/www.facebook.com\/stacatarinagob\/","https:\/\/x.com\/stacatarinagob","https:\/\/www.instagram.com\/stacatarinagob\/","https:\/\/www.youtube.com\/channel\/UCK-6cQJL_904665N1_nLTWw"]},{"@type":"Person","@id":"https:\/\/stacatarina.mx\/consejos\/#\/schema\/person\/0be60adffa8e4c4d0828fdf021450e8a","name":"Pedro Mart\u00ednez","image":{"@type":"ImageObject","inLanguage":"es","@id":"https:\/\/stacatarina.mx\/consejos\/#\/schema\/person\/image\/","url":"https:\/\/stacatarina.mx\/consejos\/wp-content\/uploads\/2024\/09\/stacatarina.jpg","contentUrl":"https:\/\/stacatarina.mx\/consejos\/wp-content\/uploads\/2024\/09\/stacatarina.jpg","caption":"Pedro Mart\u00ednez"},"description":"Hola, soy Pedro Mart\u00ednez, redactor jefe del sitio oficial del ayuntamiento de Santa Catarina, en M\u00e9xico. Con m\u00e1s de diez a\u00f1os de experiencia en el periodismo local, tengo una pasi\u00f3n por la investigaci\u00f3n y la difusi\u00f3n de informaci\u00f3n que valoriza nuestra hermosa comunidad. Mi compromiso es hacer de Santa Catarina una referencia en materia de transparencia y comunicaci\u00f3n municipal.","sameAs":["https:\/\/stacatarina.mx\/"]}]}},"_links":{"self":[{"href":"https:\/\/stacatarina.mx\/consejos\/wp-json\/wp\/v2\/posts\/5317"}],"collection":[{"href":"https:\/\/stacatarina.mx\/consejos\/wp-json\/wp\/v2\/posts"}],"about":[{"href":"https:\/\/stacatarina.mx\/consejos\/wp-json\/wp\/v2\/types\/post"}],"author":[{"embeddable":true,"href":"https:\/\/stacatarina.mx\/consejos\/wp-json\/wp\/v2\/users\/1"}],"replies":[{"embeddable":true,"href":"https:\/\/stacatarina.mx\/consejos\/wp-json\/wp\/v2\/comments?post=5317"}],"version-history":[{"count":1,"href":"https:\/\/stacatarina.mx\/consejos\/wp-json\/wp\/v2\/posts\/5317\/revisions"}],"predecessor-version":[{"id":5319,"href":"https:\/\/stacatarina.mx\/consejos\/wp-json\/wp\/v2\/posts\/5317\/revisions\/5319"}],"wp:featuredmedia":[{"embeddable":true,"href":"https:\/\/stacatarina.mx\/consejos\/wp-json\/wp\/v2\/media\/5318"}],"wp:attachment":[{"href":"https:\/\/stacatarina.mx\/consejos\/wp-json\/wp\/v2\/media?parent=5317"}],"wp:term":[{"taxonomy":"category","embeddable":true,"href":"https:\/\/stacatarina.mx\/consejos\/wp-json\/wp\/v2\/categories?post=5317"},{"taxonomy":"post_tag","embeddable":true,"href":"https:\/\/stacatarina.mx\/consejos\/wp-json\/wp\/v2\/tags?post=5317"}],"curies":[{"name":"wp","href":"https:\/\/api.w.org\/{rel}","templated":true}]}}