{"id":5326,"date":"2025-09-12T11:40:31","date_gmt":"2025-09-12T17:40:31","guid":{"rendered":"https:\/\/stacatarina.mx\/consejos\/esta-nina-francesa-de-17-anos-logra-viajar-a-traves-del-tiempo-gracias-a-su-recuerdo-extraordinario\/"},"modified":"2025-09-12T11:40:35","modified_gmt":"2025-09-12T17:40:35","slug":"esta-nina-francesa-de-17-anos-logra-viajar-a-traves-del-tiempo-gracias-a-su-recuerdo-extraordinario","status":"publish","type":"post","link":"https:\/\/stacatarina.mx\/consejos\/esta-nina-francesa-de-17-anos-logra-viajar-a-traves-del-tiempo-gracias-a-su-recuerdo-extraordinario\/","title":{"rendered":"Esta ni\u00f1a francesa de 17 a\u00f1os logra &#8220;viajar a trav\u00e9s del tiempo&#8221; gracias a su recuerdo extraordinario"},"content":{"rendered":"<p><\/p>\n<p>Una ni\u00f1a francesa de 17 a\u00f1os, conocida como TL, atrajo la atenci\u00f3n de los cient\u00edficos para una habilidad verdaderamente fuera de com\u00fan: puede revivir cada momento de su vida pasada como si volviera a vivir, con un nivel de detalles impresionantes y lucidez. No se trata de ciencia ficci\u00f3n, ni una tecnolog\u00eda avanzada: todo est\u00e1 en su mente.<\/p>\n<p>El caso fue estudiado por el Institut du Cerveau en Par\u00eds en colaboraci\u00f3n con Laboratoire M\u00e9moire, Cerveau, etc., y cuestionan lo que siempre hemos pensado sobre la memoria. TL no solo recuerda, sino que organiza, controla y explora su pasado a trav\u00e9s de una estructura mental compleja y fascinante, que los investigadores definen un verdadero &#8220;viaje a lo largo de la \u00e9poca autobiogr\u00e1fica&#8221;.<\/p>\n<h2>Un recuerdo organizado en las habitaciones<\/h2>\n<p>TL se ve afectado por la hiperamn\u00e8sia autobiogr\u00e1fica, una condici\u00f3n muy rara que permite a quienes son golpeados por \u00e9l recordar eventos personales con una precisi\u00f3n extraordinaria, incluso despu\u00e9s de muchos a\u00f1os. La mayor\u00eda de nosotros conservamos recuerdos vagos o desva\u00eddos: en su caso, sin embargo, cada evento sigue siendo v\u00edvido, emocionante, como si hubiera sucedido ayer.<\/p>\n<p>Pero lo que hace que TL sea muy particular es c\u00f3mo aprendi\u00f3 a manejar esta habilidad. Imagine tener una casa llena de habitaciones en mente, cada una con una funci\u00f3n muy precisa:<\/p>\n<p>Cada espacio tiene un papel preciso. TL decide voluntariamente d\u00f3nde colocar sus recuerdos, si recordarlos o no, y c\u00f3mo enfrentarlos. Es una forma de conciencia emocional y cognitiva que tambi\u00e9n sorprendi\u00f3 a los investigadores.<\/p>\n<h2>Las pruebas cient\u00edficas revelan una habilidad rara<\/h2>\n<p>Los neurocient\u00edficos Valentina La Corte y Laurent Cohen han sometido a TL a pruebas cognitivas espec\u00edficas, como el tempuuu (prueba epis\u00f3dica de la memoria autobiogr\u00e1fica) y el Team (Autobiograma de T\u00e2che \u00e9pisodique, Temporelle Darling), para evaluar la profundidad y la precisi\u00f3n de su memoria.<\/p>\n<p>Los resultados fueron sorprendentes: TL logra revivir cada recuerdo con la misma intensidad emocional que el momento original, como si lo estuviera experimentando por primera vez. Puede observar la escena desde el interior, como el protagonista, o desde el exterior, como observador. No se limita al pasado: durante las pruebas ha proyectado su mente incluso en el futuro, describiendo escenas que ya est\u00e1n claras y estructuradas para ella, un fen\u00f3meno conocido como <em>Proyecci\u00f3n epis\u00f3dica futura<\/em>.<\/p>\n<p>Seg\u00fan los cient\u00edficos, esto muestra que nuestra mente usa mecanismos similares para recordar e imaginar, y que el pasado y el futuro est\u00e1n entrelazados en la estructura de la memoria. No podemos cambiar los eventos que han sucedido, por supuesto, pero podemos viajar mentalmente entre lo que ha sido y lo que ser\u00e1.<\/p>\n<h2>Un caso \u00fanico, pero \u00fatil para comprender mejor c\u00f3mo funciona nuestro cerebro<\/h2>\n<p>Es importante recordar que es un caso aislado, y los mismos cient\u00edficos lo subrayan: las conclusiones generales no pueden sacar de una sola experiencia. Sin embargo, estudiar personas como TL ofrece herramientas \u00fatiles para comprender mejor el funcionamiento del cerebro humano, especialmente en lo que respecta a la relaci\u00f3n entre la memoria, las emociones e identidades.<\/p>\n<p>Su historia no solo es fascinante, sino tambi\u00e9n \u00fatil para reflexionar sobre la cantidad de memoria no solo un archivo, sino tambi\u00e9n un lugar activo y vivo, donde construimos nuestra forma de ser y sentir. TL, con su mente incre\u00edblemente organizada, nos muestra que quiz\u00e1s el verdadero viaje a trav\u00e9s del tiempo no necesita m\u00e1quinas, sino solo de una mente que sepa c\u00f3mo navegar en su pasado.<\/p><\/p>\n","protected":false},"excerpt":{"rendered":"<p>Una ni\u00f1a francesa de 17 a\u00f1os, conocida como TL, atrajo la atenci\u00f3n de los cient\u00edficos para una habilidad verdaderamente fuera de com\u00fan: puede revivir cada<\/p>\n","protected":false},"author":1,"featured_media":5327,"comment_status":"closed","ping_status":"","sticky":false,"template":"","format":"standard","meta":{"footnotes":""},"categories":[762],"tags":[209,23,110,5991,5229,312,4585,2365,3929,1591,1067,180],"class_list":["post-5326","post","type-post","status-publish","format-standard","has-post-thumbnail","hentry","category-salud","tag-anos","tag-del","tag-esta","tag-extraordinario","tag-francesa","tag-gracias","tag-logra","tag-nina","tag-recuerdo","tag-tiempo","tag-traves","tag-viajar","generate-columns","tablet-grid-50","mobile-grid-100","grid-parent","grid-50"],"yoast_head":"<!-- This site is optimized with the Yoast SEO plugin v23.4 - https:\/\/yoast.com\/wordpress\/plugins\/seo\/ -->\n<title>Esta ni\u00f1a francesa de 17 a\u00f1os logra &quot;viajar a trav\u00e9s del tiempo&quot; gracias a su recuerdo extraordinario - Consejos - Santa Catarina<\/title>\n<meta name=\"robots\" content=\"index, follow, max-snippet:-1, max-image-preview:large, max-video-preview:-1\" \/>\n<link rel=\"canonical\" href=\"https:\/\/stacatarina.mx\/consejos\/esta-nina-francesa-de-17-anos-logra-viajar-a-traves-del-tiempo-gracias-a-su-recuerdo-extraordinario\/\" \/>\n<meta property=\"og:locale\" content=\"es_MX\" \/>\n<meta property=\"og:type\" content=\"article\" \/>\n<meta property=\"og:title\" content=\"Esta ni\u00f1a francesa de 17 a\u00f1os logra &quot;viajar a trav\u00e9s del tiempo&quot; gracias a su recuerdo extraordinario - Consejos - Santa Catarina\" \/>\n<meta property=\"og:description\" content=\"Una ni\u00f1a francesa de 17 a\u00f1os, conocida como TL, atrajo la atenci\u00f3n de los cient\u00edficos para una habilidad verdaderamente fuera de com\u00fan: puede revivir cada\" \/>\n<meta property=\"og:url\" content=\"https:\/\/stacatarina.mx\/consejos\/esta-nina-francesa-de-17-anos-logra-viajar-a-traves-del-tiempo-gracias-a-su-recuerdo-extraordinario\/\" \/>\n<meta property=\"og:site_name\" content=\"Santa Catarina\" \/>\n<meta property=\"article:publisher\" content=\"https:\/\/www.facebook.com\/stacatarinagob\/\" \/>\n<meta property=\"article:published_time\" content=\"2025-09-12T17:40:31+00:00\" \/>\n<meta property=\"article:modified_time\" content=\"2025-09-12T17:40:35+00:00\" \/>\n<meta property=\"og:image\" content=\"https:\/\/stacatarina.mx\/consejos\/wp-content\/uploads\/2025\/09\/1757698832_Esta-nina-francesa-de-17-anos-logra-viajar-a-traves.jpg\" \/>\n\t<meta property=\"og:image:width\" content=\"1500\" \/>\n\t<meta property=\"og:image:height\" content=\"1000\" \/>\n\t<meta property=\"og:image:type\" content=\"image\/jpeg\" \/>\n<meta name=\"author\" content=\"Pedro Mart\u00ednez\" \/>\n<meta name=\"twitter:card\" content=\"summary_large_image\" \/>\n<meta name=\"twitter:creator\" content=\"@stacatarinagob\" \/>\n<meta name=\"twitter:site\" content=\"@stacatarinagob\" \/>\n<meta name=\"twitter:label1\" content=\"Escrito por\" \/>\n\t<meta name=\"twitter:data1\" content=\"Pedro Mart\u00ednez\" \/>\n\t<meta name=\"twitter:label2\" content=\"Tiempo de lectura\" \/>\n\t<meta name=\"twitter:data2\" content=\"3 minutos\" \/>\n<script type=\"application\/ld+json\" class=\"yoast-schema-graph\">{\"@context\":\"https:\/\/schema.org\",\"@graph\":[{\"@type\":\"Article\",\"@id\":\"https:\/\/stacatarina.mx\/consejos\/esta-nina-francesa-de-17-anos-logra-viajar-a-traves-del-tiempo-gracias-a-su-recuerdo-extraordinario\/#article\",\"isPartOf\":{\"@id\":\"https:\/\/stacatarina.mx\/consejos\/esta-nina-francesa-de-17-anos-logra-viajar-a-traves-del-tiempo-gracias-a-su-recuerdo-extraordinario\/\"},\"author\":{\"name\":\"Pedro Mart\u00ednez\",\"@id\":\"https:\/\/stacatarina.mx\/consejos\/#\/schema\/person\/0be60adffa8e4c4d0828fdf021450e8a\"},\"headline\":\"Esta ni\u00f1a francesa de 17 a\u00f1os logra &#8220;viajar a trav\u00e9s del tiempo&#8221; gracias a su recuerdo extraordinario\",\"datePublished\":\"2025-09-12T17:40:31+00:00\",\"dateModified\":\"2025-09-12T17:40:35+00:00\",\"mainEntityOfPage\":{\"@id\":\"https:\/\/stacatarina.mx\/consejos\/esta-nina-francesa-de-17-anos-logra-viajar-a-traves-del-tiempo-gracias-a-su-recuerdo-extraordinario\/\"},\"wordCount\":632,\"publisher\":{\"@id\":\"https:\/\/stacatarina.mx\/consejos\/#organization\"},\"image\":{\"@id\":\"https:\/\/stacatarina.mx\/consejos\/esta-nina-francesa-de-17-anos-logra-viajar-a-traves-del-tiempo-gracias-a-su-recuerdo-extraordinario\/#primaryimage\"},\"thumbnailUrl\":\"https:\/\/stacatarina.mx\/consejos\/wp-content\/uploads\/2025\/09\/1757698832_Esta-nina-francesa-de-17-anos-logra-viajar-a-traves.jpg\",\"keywords\":[\"a\u00f1os\",\"del\",\"esta\",\"extraordinario\",\"francesa\",\"gracias\",\"logra\",\"ni\u00f1a\",\"Recuerdo\",\"tiempo\",\"trav\u00e9s\",\"viajar\"],\"articleSection\":[\"Salud\"],\"inLanguage\":\"es\"},{\"@type\":\"WebPage\",\"@id\":\"https:\/\/stacatarina.mx\/consejos\/esta-nina-francesa-de-17-anos-logra-viajar-a-traves-del-tiempo-gracias-a-su-recuerdo-extraordinario\/\",\"url\":\"https:\/\/stacatarina.mx\/consejos\/esta-nina-francesa-de-17-anos-logra-viajar-a-traves-del-tiempo-gracias-a-su-recuerdo-extraordinario\/\",\"name\":\"Esta ni\u00f1a francesa de 17 a\u00f1os logra \\\"viajar a trav\u00e9s del tiempo\\\" gracias a su recuerdo extraordinario - Consejos - Santa Catarina\",\"isPartOf\":{\"@id\":\"https:\/\/stacatarina.mx\/consejos\/#website\"},\"primaryImageOfPage\":{\"@id\":\"https:\/\/stacatarina.mx\/consejos\/esta-nina-francesa-de-17-anos-logra-viajar-a-traves-del-tiempo-gracias-a-su-recuerdo-extraordinario\/#primaryimage\"},\"image\":{\"@id\":\"https:\/\/stacatarina.mx\/consejos\/esta-nina-francesa-de-17-anos-logra-viajar-a-traves-del-tiempo-gracias-a-su-recuerdo-extraordinario\/#primaryimage\"},\"thumbnailUrl\":\"https:\/\/stacatarina.mx\/consejos\/wp-content\/uploads\/2025\/09\/1757698832_Esta-nina-francesa-de-17-anos-logra-viajar-a-traves.jpg\",\"datePublished\":\"2025-09-12T17:40:31+00:00\",\"dateModified\":\"2025-09-12T17:40:35+00:00\",\"breadcrumb\":{\"@id\":\"https:\/\/stacatarina.mx\/consejos\/esta-nina-francesa-de-17-anos-logra-viajar-a-traves-del-tiempo-gracias-a-su-recuerdo-extraordinario\/#breadcrumb\"},\"inLanguage\":\"es\",\"potentialAction\":[{\"@type\":\"ReadAction\",\"target\":[\"https:\/\/stacatarina.mx\/consejos\/esta-nina-francesa-de-17-anos-logra-viajar-a-traves-del-tiempo-gracias-a-su-recuerdo-extraordinario\/\"]}]},{\"@type\":\"ImageObject\",\"inLanguage\":\"es\",\"@id\":\"https:\/\/stacatarina.mx\/consejos\/esta-nina-francesa-de-17-anos-logra-viajar-a-traves-del-tiempo-gracias-a-su-recuerdo-extraordinario\/#primaryimage\",\"url\":\"https:\/\/stacatarina.mx\/consejos\/wp-content\/uploads\/2025\/09\/1757698832_Esta-nina-francesa-de-17-anos-logra-viajar-a-traves.jpg\",\"contentUrl\":\"https:\/\/stacatarina.mx\/consejos\/wp-content\/uploads\/2025\/09\/1757698832_Esta-nina-francesa-de-17-anos-logra-viajar-a-traves.jpg\",\"width\":1500,\"height\":1000,\"caption\":\"ragazza memoria iperamn\u00e8sia\"},{\"@type\":\"BreadcrumbList\",\"@id\":\"https:\/\/stacatarina.mx\/consejos\/esta-nina-francesa-de-17-anos-logra-viajar-a-traves-del-tiempo-gracias-a-su-recuerdo-extraordinario\/#breadcrumb\",\"itemListElement\":[{\"@type\":\"ListItem\",\"position\":1,\"name\":\"Inicio\",\"item\":\"https:\/\/stacatarina.mx\/consejos\/\"},{\"@type\":\"ListItem\",\"position\":2,\"name\":\"Esta ni\u00f1a francesa de 17 a\u00f1os logra &#8220;viajar a trav\u00e9s del tiempo&#8221; gracias a su recuerdo extraordinario\"}]},{\"@type\":\"WebSite\",\"@id\":\"https:\/\/stacatarina.mx\/consejos\/#website\",\"url\":\"https:\/\/stacatarina.mx\/consejos\/\",\"name\":\"Santa Catarina\",\"description\":\"\",\"publisher\":{\"@id\":\"https:\/\/stacatarina.mx\/consejos\/#organization\"},\"potentialAction\":[{\"@type\":\"SearchAction\",\"target\":{\"@type\":\"EntryPoint\",\"urlTemplate\":\"https:\/\/stacatarina.mx\/consejos\/?s={search_term_string}\"},\"query-input\":{\"@type\":\"PropertyValueSpecification\",\"valueRequired\":true,\"valueName\":\"search_term_string\"}}],\"inLanguage\":\"es\"},{\"@type\":\"Organization\",\"@id\":\"https:\/\/stacatarina.mx\/consejos\/#organization\",\"name\":\"Santa Catarina\",\"url\":\"https:\/\/stacatarina.mx\/consejos\/\",\"logo\":{\"@type\":\"ImageObject\",\"inLanguage\":\"es\",\"@id\":\"https:\/\/stacatarina.mx\/consejos\/#\/schema\/logo\/image\/\",\"url\":\"https:\/\/stacatarina.mx\/consejos\/wp-content\/uploads\/2024\/09\/cropped-favicon-1-1.png\",\"contentUrl\":\"https:\/\/stacatarina.mx\/consejos\/wp-content\/uploads\/2024\/09\/cropped-favicon-1-1.png\",\"width\":512,\"height\":512,\"caption\":\"Santa Catarina\"},\"image\":{\"@id\":\"https:\/\/stacatarina.mx\/consejos\/#\/schema\/logo\/image\/\"},\"sameAs\":[\"https:\/\/www.facebook.com\/stacatarinagob\/\",\"https:\/\/x.com\/stacatarinagob\",\"https:\/\/www.instagram.com\/stacatarinagob\/\",\"https:\/\/www.youtube.com\/channel\/UCK-6cQJL_904665N1_nLTWw\"]},{\"@type\":\"Person\",\"@id\":\"https:\/\/stacatarina.mx\/consejos\/#\/schema\/person\/0be60adffa8e4c4d0828fdf021450e8a\",\"name\":\"Pedro Mart\u00ednez\",\"image\":{\"@type\":\"ImageObject\",\"inLanguage\":\"es\",\"@id\":\"https:\/\/stacatarina.mx\/consejos\/#\/schema\/person\/image\/\",\"url\":\"https:\/\/stacatarina.mx\/consejos\/wp-content\/uploads\/2024\/09\/stacatarina.jpg\",\"contentUrl\":\"https:\/\/stacatarina.mx\/consejos\/wp-content\/uploads\/2024\/09\/stacatarina.jpg\",\"caption\":\"Pedro Mart\u00ednez\"},\"description\":\"Hola, soy Pedro Mart\u00ednez, redactor jefe del sitio oficial del ayuntamiento de Santa Catarina, en M\u00e9xico. Con m\u00e1s de diez a\u00f1os de experiencia en el periodismo local, tengo una pasi\u00f3n por la investigaci\u00f3n y la difusi\u00f3n de informaci\u00f3n que valoriza nuestra hermosa comunidad. Mi compromiso es hacer de Santa Catarina una referencia en materia de transparencia y comunicaci\u00f3n municipal.\",\"sameAs\":[\"https:\/\/stacatarina.mx\/\"]}]}<\/script>\n<!-- \/ Yoast SEO plugin. -->","yoast_head_json":{"title":"Esta ni\u00f1a francesa de 17 a\u00f1os logra \"viajar a trav\u00e9s del tiempo\" gracias a su recuerdo extraordinario - Consejos - Santa Catarina","robots":{"index":"index","follow":"follow","max-snippet":"max-snippet:-1","max-image-preview":"max-image-preview:large","max-video-preview":"max-video-preview:-1"},"canonical":"https:\/\/stacatarina.mx\/consejos\/esta-nina-francesa-de-17-anos-logra-viajar-a-traves-del-tiempo-gracias-a-su-recuerdo-extraordinario\/","og_locale":"es_MX","og_type":"article","og_title":"Esta ni\u00f1a francesa de 17 a\u00f1os logra \"viajar a trav\u00e9s del tiempo\" gracias a su recuerdo extraordinario - Consejos - Santa Catarina","og_description":"Una ni\u00f1a francesa de 17 a\u00f1os, conocida como TL, atrajo la atenci\u00f3n de los cient\u00edficos para una habilidad verdaderamente fuera de com\u00fan: puede revivir cada","og_url":"https:\/\/stacatarina.mx\/consejos\/esta-nina-francesa-de-17-anos-logra-viajar-a-traves-del-tiempo-gracias-a-su-recuerdo-extraordinario\/","og_site_name":"Santa Catarina","article_publisher":"https:\/\/www.facebook.com\/stacatarinagob\/","article_published_time":"2025-09-12T17:40:31+00:00","article_modified_time":"2025-09-12T17:40:35+00:00","og_image":[{"width":1500,"height":1000,"url":"https:\/\/stacatarina.mx\/consejos\/wp-content\/uploads\/2025\/09\/1757698832_Esta-nina-francesa-de-17-anos-logra-viajar-a-traves.jpg","type":"image\/jpeg"}],"author":"Pedro Mart\u00ednez","twitter_card":"summary_large_image","twitter_creator":"@stacatarinagob","twitter_site":"@stacatarinagob","twitter_misc":{"Escrito por":"Pedro Mart\u00ednez","Tiempo de lectura":"3 minutos"},"schema":{"@context":"https:\/\/schema.org","@graph":[{"@type":"Article","@id":"https:\/\/stacatarina.mx\/consejos\/esta-nina-francesa-de-17-anos-logra-viajar-a-traves-del-tiempo-gracias-a-su-recuerdo-extraordinario\/#article","isPartOf":{"@id":"https:\/\/stacatarina.mx\/consejos\/esta-nina-francesa-de-17-anos-logra-viajar-a-traves-del-tiempo-gracias-a-su-recuerdo-extraordinario\/"},"author":{"name":"Pedro Mart\u00ednez","@id":"https:\/\/stacatarina.mx\/consejos\/#\/schema\/person\/0be60adffa8e4c4d0828fdf021450e8a"},"headline":"Esta ni\u00f1a francesa de 17 a\u00f1os logra &#8220;viajar a trav\u00e9s del tiempo&#8221; gracias a su recuerdo extraordinario","datePublished":"2025-09-12T17:40:31+00:00","dateModified":"2025-09-12T17:40:35+00:00","mainEntityOfPage":{"@id":"https:\/\/stacatarina.mx\/consejos\/esta-nina-francesa-de-17-anos-logra-viajar-a-traves-del-tiempo-gracias-a-su-recuerdo-extraordinario\/"},"wordCount":632,"publisher":{"@id":"https:\/\/stacatarina.mx\/consejos\/#organization"},"image":{"@id":"https:\/\/stacatarina.mx\/consejos\/esta-nina-francesa-de-17-anos-logra-viajar-a-traves-del-tiempo-gracias-a-su-recuerdo-extraordinario\/#primaryimage"},"thumbnailUrl":"https:\/\/stacatarina.mx\/consejos\/wp-content\/uploads\/2025\/09\/1757698832_Esta-nina-francesa-de-17-anos-logra-viajar-a-traves.jpg","keywords":["a\u00f1os","del","esta","extraordinario","francesa","gracias","logra","ni\u00f1a","Recuerdo","tiempo","trav\u00e9s","viajar"],"articleSection":["Salud"],"inLanguage":"es"},{"@type":"WebPage","@id":"https:\/\/stacatarina.mx\/consejos\/esta-nina-francesa-de-17-anos-logra-viajar-a-traves-del-tiempo-gracias-a-su-recuerdo-extraordinario\/","url":"https:\/\/stacatarina.mx\/consejos\/esta-nina-francesa-de-17-anos-logra-viajar-a-traves-del-tiempo-gracias-a-su-recuerdo-extraordinario\/","name":"Esta ni\u00f1a francesa de 17 a\u00f1os logra \"viajar a trav\u00e9s del tiempo\" gracias a su recuerdo extraordinario - Consejos - Santa Catarina","isPartOf":{"@id":"https:\/\/stacatarina.mx\/consejos\/#website"},"primaryImageOfPage":{"@id":"https:\/\/stacatarina.mx\/consejos\/esta-nina-francesa-de-17-anos-logra-viajar-a-traves-del-tiempo-gracias-a-su-recuerdo-extraordinario\/#primaryimage"},"image":{"@id":"https:\/\/stacatarina.mx\/consejos\/esta-nina-francesa-de-17-anos-logra-viajar-a-traves-del-tiempo-gracias-a-su-recuerdo-extraordinario\/#primaryimage"},"thumbnailUrl":"https:\/\/stacatarina.mx\/consejos\/wp-content\/uploads\/2025\/09\/1757698832_Esta-nina-francesa-de-17-anos-logra-viajar-a-traves.jpg","datePublished":"2025-09-12T17:40:31+00:00","dateModified":"2025-09-12T17:40:35+00:00","breadcrumb":{"@id":"https:\/\/stacatarina.mx\/consejos\/esta-nina-francesa-de-17-anos-logra-viajar-a-traves-del-tiempo-gracias-a-su-recuerdo-extraordinario\/#breadcrumb"},"inLanguage":"es","potentialAction":[{"@type":"ReadAction","target":["https:\/\/stacatarina.mx\/consejos\/esta-nina-francesa-de-17-anos-logra-viajar-a-traves-del-tiempo-gracias-a-su-recuerdo-extraordinario\/"]}]},{"@type":"ImageObject","inLanguage":"es","@id":"https:\/\/stacatarina.mx\/consejos\/esta-nina-francesa-de-17-anos-logra-viajar-a-traves-del-tiempo-gracias-a-su-recuerdo-extraordinario\/#primaryimage","url":"https:\/\/stacatarina.mx\/consejos\/wp-content\/uploads\/2025\/09\/1757698832_Esta-nina-francesa-de-17-anos-logra-viajar-a-traves.jpg","contentUrl":"https:\/\/stacatarina.mx\/consejos\/wp-content\/uploads\/2025\/09\/1757698832_Esta-nina-francesa-de-17-anos-logra-viajar-a-traves.jpg","width":1500,"height":1000,"caption":"ragazza memoria iperamn\u00e8sia"},{"@type":"BreadcrumbList","@id":"https:\/\/stacatarina.mx\/consejos\/esta-nina-francesa-de-17-anos-logra-viajar-a-traves-del-tiempo-gracias-a-su-recuerdo-extraordinario\/#breadcrumb","itemListElement":[{"@type":"ListItem","position":1,"name":"Inicio","item":"https:\/\/stacatarina.mx\/consejos\/"},{"@type":"ListItem","position":2,"name":"Esta ni\u00f1a francesa de 17 a\u00f1os logra &#8220;viajar a trav\u00e9s del tiempo&#8221; gracias a su recuerdo extraordinario"}]},{"@type":"WebSite","@id":"https:\/\/stacatarina.mx\/consejos\/#website","url":"https:\/\/stacatarina.mx\/consejos\/","name":"Santa Catarina","description":"","publisher":{"@id":"https:\/\/stacatarina.mx\/consejos\/#organization"},"potentialAction":[{"@type":"SearchAction","target":{"@type":"EntryPoint","urlTemplate":"https:\/\/stacatarina.mx\/consejos\/?s={search_term_string}"},"query-input":{"@type":"PropertyValueSpecification","valueRequired":true,"valueName":"search_term_string"}}],"inLanguage":"es"},{"@type":"Organization","@id":"https:\/\/stacatarina.mx\/consejos\/#organization","name":"Santa Catarina","url":"https:\/\/stacatarina.mx\/consejos\/","logo":{"@type":"ImageObject","inLanguage":"es","@id":"https:\/\/stacatarina.mx\/consejos\/#\/schema\/logo\/image\/","url":"https:\/\/stacatarina.mx\/consejos\/wp-content\/uploads\/2024\/09\/cropped-favicon-1-1.png","contentUrl":"https:\/\/stacatarina.mx\/consejos\/wp-content\/uploads\/2024\/09\/cropped-favicon-1-1.png","width":512,"height":512,"caption":"Santa Catarina"},"image":{"@id":"https:\/\/stacatarina.mx\/consejos\/#\/schema\/logo\/image\/"},"sameAs":["https:\/\/www.facebook.com\/stacatarinagob\/","https:\/\/x.com\/stacatarinagob","https:\/\/www.instagram.com\/stacatarinagob\/","https:\/\/www.youtube.com\/channel\/UCK-6cQJL_904665N1_nLTWw"]},{"@type":"Person","@id":"https:\/\/stacatarina.mx\/consejos\/#\/schema\/person\/0be60adffa8e4c4d0828fdf021450e8a","name":"Pedro Mart\u00ednez","image":{"@type":"ImageObject","inLanguage":"es","@id":"https:\/\/stacatarina.mx\/consejos\/#\/schema\/person\/image\/","url":"https:\/\/stacatarina.mx\/consejos\/wp-content\/uploads\/2024\/09\/stacatarina.jpg","contentUrl":"https:\/\/stacatarina.mx\/consejos\/wp-content\/uploads\/2024\/09\/stacatarina.jpg","caption":"Pedro Mart\u00ednez"},"description":"Hola, soy Pedro Mart\u00ednez, redactor jefe del sitio oficial del ayuntamiento de Santa Catarina, en M\u00e9xico. Con m\u00e1s de diez a\u00f1os de experiencia en el periodismo local, tengo una pasi\u00f3n por la investigaci\u00f3n y la difusi\u00f3n de informaci\u00f3n que valoriza nuestra hermosa comunidad. Mi compromiso es hacer de Santa Catarina una referencia en materia de transparencia y comunicaci\u00f3n municipal.","sameAs":["https:\/\/stacatarina.mx\/"]}]}},"_links":{"self":[{"href":"https:\/\/stacatarina.mx\/consejos\/wp-json\/wp\/v2\/posts\/5326"}],"collection":[{"href":"https:\/\/stacatarina.mx\/consejos\/wp-json\/wp\/v2\/posts"}],"about":[{"href":"https:\/\/stacatarina.mx\/consejos\/wp-json\/wp\/v2\/types\/post"}],"author":[{"embeddable":true,"href":"https:\/\/stacatarina.mx\/consejos\/wp-json\/wp\/v2\/users\/1"}],"replies":[{"embeddable":true,"href":"https:\/\/stacatarina.mx\/consejos\/wp-json\/wp\/v2\/comments?post=5326"}],"version-history":[{"count":1,"href":"https:\/\/stacatarina.mx\/consejos\/wp-json\/wp\/v2\/posts\/5326\/revisions"}],"predecessor-version":[{"id":5328,"href":"https:\/\/stacatarina.mx\/consejos\/wp-json\/wp\/v2\/posts\/5326\/revisions\/5328"}],"wp:featuredmedia":[{"embeddable":true,"href":"https:\/\/stacatarina.mx\/consejos\/wp-json\/wp\/v2\/media\/5327"}],"wp:attachment":[{"href":"https:\/\/stacatarina.mx\/consejos\/wp-json\/wp\/v2\/media?parent=5326"}],"wp:term":[{"taxonomy":"category","embeddable":true,"href":"https:\/\/stacatarina.mx\/consejos\/wp-json\/wp\/v2\/categories?post=5326"},{"taxonomy":"post_tag","embeddable":true,"href":"https:\/\/stacatarina.mx\/consejos\/wp-json\/wp\/v2\/tags?post=5326"}],"curies":[{"name":"wp","href":"https:\/\/api.w.org\/{rel}","templated":true}]}}